{"id":537,"date":"2017-05-16T16:33:27","date_gmt":"2017-05-16T14:33:27","guid":{"rendered":"https:\/\/www.welovecycling.com\/sk\/?p=537"},"modified":"2023-04-19T10:52:54","modified_gmt":"2023-04-19T08:52:54","slug":"skoda-svatojursky-mtb-maraton-2017-pretekarska-sezona-zahajena","status":"publish","type":"post","link":"https:\/\/www.welovecycling.com\/sk\/2017\/05\/16\/skoda-svatojursky-mtb-maraton-2017-pretekarska-sezona-zahajena\/","title":{"rendered":"REPORT\u00c1\u017d: \u0160koda Sv\u00e4tojursk\u00fd MTB marat\u00f3n 2017 &#8211; pretek\u00e1rska sez\u00f3na zah\u00e1jen\u00e1"},"content":{"rendered":"<p><strong>Tento rok, tak ako aj ten minul\u00fd, za\u010dala \u0160koda BIKE OPEN TOUR vo Sv\u00e4tom Jure. Predch\u00e1dzaj\u00face dni nebolo zrovna najlep\u0161ie po\u010dasie a e\u0161te aj v piatok pred pretekmi pr\u0161alo. Ke\u010f\u017ee som vedel, \u017ee tu je dobr\u00fd povrch, neob\u00e1val som sa a pomyslel som si, \u017ee aspo\u0148 sa nebude pr\u00e1\u0161i\u0165.<\/strong><!--more--><\/p>\n<h2><strong>Pr\u00edjazd<\/strong><\/h2>\n<p>Akcie \u0160koda BIKE OPEN TOUR nie s\u00fa iba o nah\u00e1\u0148an\u00ed sa na bicykloch. V\u0161etko za\u010d\u00edna pr\u00edjazdom do samotn\u00e9ho are\u00e1lu, ktor\u00fd je funk\u010dne roz\u010dlenen\u00fd na viacer\u00e9 z\u00f3ny. Nech\u00fdbaj\u00fa ve\u013ek\u00e9 stany, kde nie je probl\u00e9m po registr\u00e1cii trochu \u201epokeca\u0165\u201c s kamar\u00e1tmi, ktor\u00fdch \u010dlovek od poslednej akcie nevidel. V\u00fdhodou je tie\u017e, \u017ee ak sem niekto pr\u00edde s rodinou a de\u0165mi, tak nie je probl\u00e9m ich tu \u201enecha\u0165\u201c, k\u00fdm bude preteka\u0165, preto\u017ee sa tu v podstate st\u00e1le nie\u010do deje. Sprievodn\u00fd program be\u017e\u00ed po\u010das cel\u00e9ho podujatia a nezab\u00fada sa ani na t\u00fdch najmen\u0161\u00edch.<\/p>\n<p><a href=\"https:\/\/d2p6e6u75xmxt8.cloudfront.net\/4\/2017\/05\/2017-05-16-reportaz-jur-01.jpg\"><img loading=\"lazy\" decoding=\"async\" class=\"alignnone size-large wp-image-545\" src=\"https:\/\/d2p6e6u75xmxt8.cloudfront.net\/4\/2017\/05\/2017-05-16-reportaz-jur-01-1024x640.jpg\" alt=\"\" width=\"1024\" height=\"640\" \/><\/a><\/p>\n<h2><strong>Pr\u00edprava na \u0161tart<\/strong><\/h2>\n<p>Najv\u00e4\u010d\u0161ia dilema nastala pri vyberan\u00ed oble\u010denia, nako\u013eko s\u00edce svietilo slnie\u010dko, ale teplota bola na hodnote 8\u00b0C. Ja som zvolil nakoniec kombin\u00e1ciu dlh\u00fd dres aj gate, \u010do sa nesk\u00f4r uk\u00e1zalo v st\u00fapaniach ako nie najlep\u0161ia vo\u013eba, ale inak to bolo fajn. Rozjazdenie sme mali krat\u0161ie, n\u00e1sledne sme sa u\u017e museli postavi\u0165 do \u0161tartovn\u00e9ho koridoru, nako\u013eko \u00fa\u010das\u0165 bola naozaj ve\u013ek\u00e1. Na \u0161tarte bola aj tzv. VIP z\u00f3na, kde sa dostali t\u00ed najlep\u0161\u00ed na z\u00e1klade v\u00fdsledkov v Slovenskom poh\u00e1ri XCM 2016 + MS v XCM a XCO. Osobne nie\u010do tak\u00e9to schva\u013eujem, ale bolo by fajn, keby pretek\u00e1ri v tejto z\u00f3ne aj zv\u00e1\u017eili svoju aktu\u00e1lnu v\u00fdkonnos\u0165.<\/p>\n<h2><strong>Priebeh pretekov<\/strong><\/h2>\n<p>Pred \u0161tartom sme si vypo\u010duli povinn\u00e9 pou\u010denie, n\u00e1sledne n\u00e1s odpo\u010d\u00edtali a v\u00fdstrelom od\u0161tartovali. Po \u0161tarte bolo potrebn\u00e9 obieha\u0165 mno\u017estvo pretek\u00e1rov a tak isto aj v prvom st\u00fapan\u00ed vinicami, nako\u013eko aj v spom\u00ednanej VIP z\u00f3ne neboli na tom v\u00fdkonnostne v\u0161etci tak dobre. Hne\u010f \u00favod teda za\u010dal triedi\u0165 postupne pretek\u00e1rov pod\u013ea v\u00fdkonnosti. Toto prv\u00e9 st\u00fapanie sa mi \u0161lo celkom dobre a sna\u017eil som si dr\u017ea\u0165 slu\u0161n\u00e9 tempo. Pomaly som dobehol dom\u00e1ceho jazdca, s ktor\u00fdm sa pozn\u00e1m z ostatn\u00fdch pretekov, a teda sna\u017eil som sa ho dr\u017ea\u0165, ke\u010f\u017ee to tu ur\u010dite pozn\u00e1. V prvom dlh\u0161om zjazde mi tro\u0161i\u010dku odsko\u010dil, ale n\u00e1sledne v st\u00fapan\u00ed som si ho docvakol a \u0161iel s n\u00edm. Pomaly sme prich\u00e1dzali k prvej ob\u010derstvova\u010dke, kde on spomalil a bral vodu, ja som pokra\u010doval.<\/p>\n<p>O chv\u00ed\u013eku bol ale zase pri mne, obehol ma a za\u010dal mi odch\u00e1dza\u0165. V tomto st\u00fapan\u00ed mi to u\u017e ne\u0161lo tak dobre, obehol ma \u010fal\u0161\u00ed pretek\u00e1r, ale povedal som si, \u017ee rad\u0161ej si p\u00f4jdem svoje tempo a d\u00f4jdem do cie\u013ea v pohode, ako sa zni\u010di\u0165 u\u017e teraz. Natla\u010dil som do seba g\u00e9l, zapil vodou, a teda pokra\u010doval \u010falej. Nasledoval zjazd, ktor\u00fd bol celkom fajn a r\u00fdchly, spomalilo n\u00e1s iba prudk\u00e9 odbo\u010denie v pravo a znovu sa pokra\u010dovalo v zjazde. V\u00e4\u010d\u0161ina trate bola vzh\u013eadom na po\u010dasie z predch\u00e1dzaj\u00facich dn\u00ed par\u00e1dna a len miestami to bolo k\u00fasok mokrej\u0161ie, ale ni\u010d hrozn\u00e9.<\/p>\n<p>Najmokrej\u0161ie boli v podstate pot\u00f4\u010diky a nejak\u00e9 tie ml\u00e1ky, do ktor\u00fdch ke\u010f ste nabehli naplno, tak ste mali mokr\u00e9 nohy. V\u0161imol som si, \u017ee sa mi kus hor\u0161ie \u0165ah\u00e1 a pri poh\u013eade na sedlovku som zistil pre\u010do \u2013 klesla ni\u017e\u0161ie \u2013 no ke\u010f\u017ee boli okolo m\u0148a s\u00faperi, nezastal som na jej n\u00e1pravu a pokra\u010doval som so s\u0165a\u017een\u00fdmi podmienkami.<\/p>\n<p><a href=\"https:\/\/d2p6e6u75xmxt8.cloudfront.net\/4\/2017\/05\/2017-05-16-reportaz-jur-02.jpg\"><img loading=\"lazy\" decoding=\"async\" class=\"alignnone size-large wp-image-547\" src=\"https:\/\/d2p6e6u75xmxt8.cloudfront.net\/4\/2017\/05\/2017-05-16-reportaz-jur-02-1024x640.jpg\" alt=\"\" width=\"1024\" height=\"640\" \/><\/a><\/p>\n<p>Nasledovala cesta na Biely kr\u00ed\u017e ku \u010fal\u0161ej ob\u010derstvova\u010dke, kde som si ob\u010das dupol aj v stojke, a tak mierne odch\u00e1dzal s\u00faperom. Nasledoval r\u00fdchly zjazd, na konci ktor\u00e9ho n\u00e1s odklonili do z\u00e1vere\u010dn\u00e9ho st\u00fapania. Tu som predbehol e\u0161te jedn\u00e9ho pretek\u00e1ra, a \u0161iel u\u017e hranu, ke\u010f\u017ee som vedel, \u017ee u\u017e ma ni\u010d ne\u010dak\u00e1 a bl\u00ed\u017ei sa cie\u013e. Regulov\u010d\u00edk, ktor\u00fd n\u00e1s odkl\u00e1\u0148al do posledn\u00e9ho zjazdu bol suprov\u00fd, povzbudzoval, a tak isto aj deck\u00e1 o k\u00fasok ni\u017e\u0161ie pod n\u00edm. Mysl\u00edm si, \u017ee tak\u00e9to povzbudenie v z\u00e1vere nejedn\u00e9mu pretek\u00e1rovi zlep\u0161ilo n\u00e1ladu. Posledn\u00fd zjazd bol op\u00e4\u0165 r\u00fdchly, a\u017e tak, \u017ee som neodhadol jednu z\u00e1krutu, vyletel som mimo tra\u0165 a pred chv\u00ed\u013ekou predbehnut\u00fd jazdec, ma obehol. Mal som ho st\u00e1le na doh\u013ead a na rovinke, ktor\u00e1 bola pred cie\u013eom, som ho kus stiahol, ale bol u\u017e nad moje sily.<\/p>\n<p><a href=\"https:\/\/d2p6e6u75xmxt8.cloudfront.net\/4\/2017\/05\/2017-05-16-reportaz-jur-04.jpg\"><img loading=\"lazy\" decoding=\"async\" class=\"alignnone size-large wp-image-549\" src=\"https:\/\/d2p6e6u75xmxt8.cloudfront.net\/4\/2017\/05\/2017-05-16-reportaz-jur-04-1024x640.jpg\" alt=\"\" width=\"1024\" height=\"640\" \/><\/a><\/p>\n<h2><strong>V cieli<\/strong><\/h2>\n<p>Po dojazde do cie\u013ea som zamieril rovno ku um\u00fdvaniu bicyklov, kde bolo s\u00edce dostato\u010dn\u00e9 mno\u017estvo had\u00edc, ale s tlakom vody to u\u017e nebolo \u00faplne ide\u00e1lne. Po\u010das \u010dakania dorazili do cie\u013ea kamar\u00e1ti a zn\u00e1mi, a tak sme prehodili p\u00e1r slov o trati, komu sa ako i\u0161lo a \u010di s\u00fa spokojn\u00ed so svojimi v\u00fdkonmi (<a href=\"https:\/\/sportsoft.cz\/sk\/zavod\/overview\/2192\" target=\"_blank\" rel=\"noopener noreferrer\">v\u00fdsledky<\/a>).<\/p>\n<p>Po umyt\u00ed bikov bola najlep\u0161ie ich odlo\u017ei\u0165 do \u00faschovne, ktor\u00e1 sa stala rovnako stabilnou s\u00fa\u010das\u0165ou marat\u00f3nov zaraden\u00fdch do \u0160BOT. Je to pomerne ve\u013ek\u00e1 v\u00fdhoda, ak sa chcete \u00eds\u0165 najes\u0165 a v pohode obriadi\u0165 bez strachu, \u017ee v\u00e1m bicykel zmizne. Predsa len v dne\u0161nej dobe ho \u010dlovek nem\u00f4\u017ee ani na chv\u00ed\u013eu spusti\u0165 z o\u010d\u00ed. Takto je hne\u010f v\u00e4\u010d\u0161ia pohoda, \u010do po pretekoch v\u017edy dobre padne. Potom sme zamierili k st\u00e1nku s jedlom, kde sme dostali v\u00fdborn\u00e9 cestoviny s kurac\u00edm m\u00e4som a nealko pivo. Okolo 15:00 za\u010dalo sl\u00e1vnostn\u00e9 vyhl\u00e1senie a po \u0148om tradi\u010dn\u00e1 tombola o hodnotn\u00e9 ceny. T\u00e1 d\u00e1va \u0161ancu nie\u010do vyhra\u0165 aj t\u00fdm, ktor\u00ed nie s\u00fa na tom v\u00fdkonnostne tak dobre. N\u00e1sledne u\u017e zost\u00e1va len v\u0161etko zbali\u0165 do auta a za\u010da\u0165 sa zase pripravova\u0165 na \u010fal\u0161ie kolo. To bude po novom v sobotu 3.6. 2017 v Doh\u0148anoch (<a href=\"http:\/\/www.ckdohnany.sk\/maraton\/sk\/propozicie\" target=\"_blank\" rel=\"noopener noreferrer\">linka<\/a>).<\/p>\n<h2><strong>Hodnotenie podujatia<\/strong><\/h2>\n<p>Podujatie vo Sv\u00e4tom Jure u\u017e patr\u00ed medzi tradi\u010dn\u00fd \u00favod sez\u00f3ny, \u010do podtrhuje aj svoj\u00edm profilom. R\u00fdchla a technicky nie ve\u013emi n\u00e1ro\u010dn\u00e1 tra\u0165 je ide\u00e1lna na za\u010diatok. V\u0161etko bolo v\u00fdborne zabezpe\u010den\u00e9, nech\u00fdbalo dobr\u00e9 zna\u010denie a bohat\u00fd v\u00fdber jedla na bufetoch. Rovnako \u0160koda op\u00e4\u0165 pripravila kvalitn\u00e9 z\u00e1zemie, kde nech\u00fdbali sprievodn\u00e9 akcie a v\u010faka \u00faschovni aj pohoda po pretekoch \u2013 najm\u00e4 ak ste si chceli poriadne vychutna\u0165 pon\u00fakan\u00e9 ob\u010derstvenie.<\/p>\n<p><a href=\"https:\/\/d2p6e6u75xmxt8.cloudfront.net\/4\/2017\/05\/2017-05-16-reportaz-jur-03.jpg\"><img loading=\"lazy\" decoding=\"async\" class=\"alignnone size-large wp-image-548\" src=\"https:\/\/d2p6e6u75xmxt8.cloudfront.net\/4\/2017\/05\/2017-05-16-reportaz-jur-03-1024x640.jpg\" alt=\"\" width=\"1024\" height=\"640\" \/><\/a><\/p>\n<p>&nbsp;<\/p>\n<p><strong>BONUS: Kr\u00e1tka tra\u0165 z poh\u013eadu prvej osoby od jazdca Sebastiana Popityho<\/strong><\/p>\n<lite-youtube videoid=w4kI8lLUKRg params=\"enablejsapi=1\" style=\"background-image: url('https:\/\/i.ytimg.com\/vi_webp\/w4kI8lLUKRg\/maxresdefault.webp');\"><\/lite-youtube>\n<p>Viac podobn\u00fdch vide\u00ed n\u00e1jdete na jeho <a href=\"https:\/\/www.youtube.com\/channel\/UCxrUPifEWLsgU5pz9sr4ihw\" target=\"_blank\" rel=\"noopener noreferrer\">YouTube kan\u00e1li<\/a>.<\/p>\n","protected":false},"excerpt":{"rendered":"<p>Tento rok, tak ako aj ten minul\u00fd, za\u010dala \u0160koda BIKE OPEN TOUR vo Sv\u00e4tom Jure. Predch\u00e1dzaj\u00face dni nebolo zrovna najlep\u0161ie [&hellip;]<\/p>\n","protected":false},"author":38,"featured_media":506,"comment_status":"open","ping_status":"open","sticky":false,"template":"","format":"standard","meta":{"footnotes":""},"categories":[3,34,38,33],"tags":[180,41,76,39,75,74,35,77,360,40],"global-categories":[],"class_list":["post-537","post","type-post","status-publish","format-standard","has-post-thumbnail","hentry","category-mtb","category-podujatia","category-reportaz","category-sbot","tag-horska-cyklistika","tag-kratka-trat","tag-martin-imrich","tag-reportaz","tag-robert-gombala","tag-sebastian-popity","tag-sbot","tag-skoda-dedina","tag-skoda-svatojursky-mtb-maraton","tag-svaty-jur"],"yoast_head":"<!-- This site is optimized with the Yoast SEO Premium plugin v25.3 (Yoast SEO v25.9) - https:\/\/yoast.com\/wordpress\/plugins\/seo\/ -->\n<title>REPORT\u00c1\u017d: \u0160koda Sv\u00e4tojursk\u00fd MTB marat\u00f3n 2017 - pretek\u00e1rska sez\u00f3na zah\u00e1jen\u00e1<\/title>\n<meta name=\"description\" content=\"Tak ako aj ten minul\u00fd rok, \u0160koda BIKE OPEN TOUR za\u010dala vo Sv\u00e4tom Jure. Pozrime sa ako to tam tento rok, po upr\u0161an\u00fdch d\u0148och, vyzeralo.\" \/>\n<meta name=\"robots\" content=\"index, follow, max-snippet:-1, max-image-preview:large, max-video-preview:-1\" \/>\n<link rel=\"canonical\" href=\"https:\/\/www.welovecycling.com\/sk\/2017\/05\/16\/skoda-svatojursky-mtb-maraton-2017-pretekarska-sezona-zahajena\/\" \/>\n<meta property=\"og:locale\" content=\"sk_SK\" \/>\n<meta property=\"og:type\" content=\"article\" \/>\n<meta property=\"og:title\" content=\"REPORT\u00c1\u017d: \u0160koda Sv\u00e4tojursk\u00fd MTB marat\u00f3n 2017 - pretek\u00e1rska sez\u00f3na zah\u00e1jen\u00e1\" \/>\n<meta property=\"og:description\" content=\"Tak ako aj ten minul\u00fd rok, \u0160koda BIKE OPEN TOUR za\u010dala vo Sv\u00e4tom Jure. Pozrime sa ako to tam tento rok, po upr\u0161an\u00fdch d\u0148och, vyzeralo.\" \/>\n<meta property=\"og:url\" content=\"https:\/\/www.welovecycling.com\/sk\/2017\/05\/16\/skoda-svatojursky-mtb-maraton-2017-pretekarska-sezona-zahajena\/\" \/>\n<meta property=\"og:site_name\" content=\"\u0160koda We Love Cycling Slovensko\" \/>\n<meta property=\"article:published_time\" content=\"2017-05-16T14:33:27+00:00\" \/>\n<meta property=\"article:modified_time\" content=\"2023-04-19T08:52:54+00:00\" \/>\n<meta property=\"og:image\" content=\"https:\/\/d2p6e6u75xmxt8.cloudfront.net\/4\/2017\/04\/sbot-wlc-banner-2.webp\" \/>\n\t<meta property=\"og:image:width\" content=\"1375\" \/>\n\t<meta property=\"og:image:height\" content=\"600\" \/>\n\t<meta property=\"og:image:type\" content=\"image\/webp\" \/>\n<meta name=\"author\" content=\"Ondrej Ga\u0161par\" \/>\n<meta name=\"twitter:card\" content=\"summary_large_image\" \/>\n<meta name=\"twitter:label1\" content=\"Written by\" \/>\n\t<meta name=\"twitter:data1\" content=\"R\u00f3bert Gombala a Martin Imrich\" \/>\n\t<meta name=\"twitter:label2\" content=\"Est. reading time\" \/>\n\t<meta name=\"twitter:data2\" content=\"6 minutes\" \/>\n<script type=\"application\/ld+json\" class=\"yoast-schema-graph\">{\"@context\":\"https:\/\/schema.org\",\"@graph\":[{\"@type\":\"WebPage\",\"@id\":\"https:\/\/www.welovecycling.com\/sk\/2017\/05\/16\/skoda-svatojursky-mtb-maraton-2017-pretekarska-sezona-zahajena\/\",\"url\":\"https:\/\/www.welovecycling.com\/sk\/2017\/05\/16\/skoda-svatojursky-mtb-maraton-2017-pretekarska-sezona-zahajena\/\",\"name\":\"REPORT\u00c1\u017d: \u0160koda Sv\u00e4tojursk\u00fd MTB marat\u00f3n 2017 - pretek\u00e1rska sez\u00f3na zah\u00e1jen\u00e1\",\"isPartOf\":{\"@id\":\"https:\/\/www.welovecycling.com\/sk\/#website\"},\"primaryImageOfPage\":{\"@id\":\"https:\/\/www.welovecycling.com\/sk\/2017\/05\/16\/skoda-svatojursky-mtb-maraton-2017-pretekarska-sezona-zahajena\/#primaryimage\"},\"image\":{\"@id\":\"https:\/\/www.welovecycling.com\/sk\/2017\/05\/16\/skoda-svatojursky-mtb-maraton-2017-pretekarska-sezona-zahajena\/#primaryimage\"},\"thumbnailUrl\":\"https:\/\/d2p6e6u75xmxt8.cloudfront.net\/4\/2017\/04\/sbot-wlc-banner-2.webp\",\"datePublished\":\"2017-05-16T14:33:27+00:00\",\"dateModified\":\"2023-04-19T08:52:54+00:00\",\"author\":{\"@id\":\"https:\/\/www.welovecycling.com\/sk\/#\/schema\/person\/8ee09ba39b7e25b1870160aa5b3a89bc\"},\"description\":\"Tak ako aj ten minul\u00fd rok, \u0160koda BIKE OPEN TOUR za\u010dala vo Sv\u00e4tom Jure. Pozrime sa ako to tam tento rok, po upr\u0161an\u00fdch d\u0148och, vyzeralo.\",\"breadcrumb\":{\"@id\":\"https:\/\/www.welovecycling.com\/sk\/2017\/05\/16\/skoda-svatojursky-mtb-maraton-2017-pretekarska-sezona-zahajena\/#breadcrumb\"},\"inLanguage\":\"sk-SK\",\"potentialAction\":[{\"@type\":\"ReadAction\",\"target\":[\"https:\/\/www.welovecycling.com\/sk\/2017\/05\/16\/skoda-svatojursky-mtb-maraton-2017-pretekarska-sezona-zahajena\/\"]}]},{\"@type\":\"ImageObject\",\"inLanguage\":\"sk-SK\",\"@id\":\"https:\/\/www.welovecycling.com\/sk\/2017\/05\/16\/skoda-svatojursky-mtb-maraton-2017-pretekarska-sezona-zahajena\/#primaryimage\",\"url\":\"https:\/\/d2p6e6u75xmxt8.cloudfront.net\/4\/2017\/04\/sbot-wlc-banner-2.webp\",\"contentUrl\":\"https:\/\/d2p6e6u75xmxt8.cloudfront.net\/4\/2017\/04\/sbot-wlc-banner-2.webp\",\"width\":1375,\"height\":600},{\"@type\":\"BreadcrumbList\",\"@id\":\"https:\/\/www.welovecycling.com\/sk\/2017\/05\/16\/skoda-svatojursky-mtb-maraton-2017-pretekarska-sezona-zahajena\/#breadcrumb\",\"itemListElement\":[{\"@type\":\"ListItem\",\"position\":1,\"name\":\"Home\",\"item\":\"https:\/\/www.welovecycling.com\/sk\/\"},{\"@type\":\"ListItem\",\"position\":2,\"name\":\"REPORT\u00c1\u017d: \u0160koda Sv\u00e4tojursk\u00fd MTB marat\u00f3n 2017 &#8211; pretek\u00e1rska sez\u00f3na zah\u00e1jen\u00e1\"}]},{\"@type\":\"WebSite\",\"@id\":\"https:\/\/www.welovecycling.com\/sk\/#website\",\"url\":\"https:\/\/www.welovecycling.com\/sk\/\",\"name\":\"\u0160koda We Love Cycling Slovensko\",\"description\":\"\u0160koda We Love Cycling Slovensko je v\u00e1\u0161 ka\u017edodenn\u00fd zdroj noviniek a in\u0161pir\u00e1cie z sveta cyklistiky\",\"potentialAction\":[{\"@type\":\"SearchAction\",\"target\":{\"@type\":\"EntryPoint\",\"urlTemplate\":\"https:\/\/www.welovecycling.com\/sk\/?s={search_term_string}\"},\"query-input\":{\"@type\":\"PropertyValueSpecification\",\"valueRequired\":true,\"valueName\":\"search_term_string\"}}],\"inLanguage\":\"sk-SK\"},{\"@type\":\"Person\",\"@id\":\"https:\/\/www.welovecycling.com\/sk\/#\/schema\/person\/8ee09ba39b7e25b1870160aa5b3a89bc\",\"name\":\"Ondrej Ga\u0161par\",\"image\":{\"@type\":\"ImageObject\",\"inLanguage\":\"sk-SK\",\"@id\":\"https:\/\/www.welovecycling.com\/sk\/#\/schema\/person\/image\/\",\"url\":\"https:\/\/secure.gravatar.com\/avatar\/6126c9afb87b70da5abbb083ddbb21933da15f18f8ca7cb822aba0fb096a48f6?s=96&d=mm&r=g\",\"contentUrl\":\"https:\/\/secure.gravatar.com\/avatar\/6126c9afb87b70da5abbb083ddbb21933da15f18f8ca7cb822aba0fb096a48f6?s=96&d=mm&r=g\",\"caption\":\"Ondrej Ga\u0161par\"},\"url\":\"https:\/\/www.welovecycling.com\/sk\/author\/ondrejgaspar\/\"}]}<\/script>\n<!-- \/ Yoast SEO Premium plugin. -->","yoast_head_json":{"title":"REPORT\u00c1\u017d: \u0160koda Sv\u00e4tojursk\u00fd MTB marat\u00f3n 2017 - pretek\u00e1rska sez\u00f3na zah\u00e1jen\u00e1","description":"Tak ako aj ten minul\u00fd rok, \u0160koda BIKE OPEN TOUR za\u010dala vo Sv\u00e4tom Jure. Pozrime sa ako to tam tento rok, po upr\u0161an\u00fdch d\u0148och, vyzeralo.","robots":{"index":"index","follow":"follow","max-snippet":"max-snippet:-1","max-image-preview":"max-image-preview:large","max-video-preview":"max-video-preview:-1"},"canonical":"https:\/\/www.welovecycling.com\/sk\/2017\/05\/16\/skoda-svatojursky-mtb-maraton-2017-pretekarska-sezona-zahajena\/","og_locale":"sk_SK","og_type":"article","og_title":"REPORT\u00c1\u017d: \u0160koda Sv\u00e4tojursk\u00fd MTB marat\u00f3n 2017 - pretek\u00e1rska sez\u00f3na zah\u00e1jen\u00e1","og_description":"Tak ako aj ten minul\u00fd rok, \u0160koda BIKE OPEN TOUR za\u010dala vo Sv\u00e4tom Jure. Pozrime sa ako to tam tento rok, po upr\u0161an\u00fdch d\u0148och, vyzeralo.","og_url":"https:\/\/www.welovecycling.com\/sk\/2017\/05\/16\/skoda-svatojursky-mtb-maraton-2017-pretekarska-sezona-zahajena\/","og_site_name":"\u0160koda We Love Cycling Slovensko","article_published_time":"2017-05-16T14:33:27+00:00","article_modified_time":"2023-04-19T08:52:54+00:00","og_image":[{"width":1375,"height":600,"url":"https:\/\/d2p6e6u75xmxt8.cloudfront.net\/4\/2017\/04\/sbot-wlc-banner-2.webp","type":"image\/webp"}],"author":"Ondrej Ga\u0161par","twitter_card":"summary_large_image","twitter_misc":{"Written by":"R\u00f3bert Gombala a Martin Imrich","Est. reading time":"6 minutes"},"schema":{"@context":"https:\/\/schema.org","@graph":[{"@type":"WebPage","@id":"https:\/\/www.welovecycling.com\/sk\/2017\/05\/16\/skoda-svatojursky-mtb-maraton-2017-pretekarska-sezona-zahajena\/","url":"https:\/\/www.welovecycling.com\/sk\/2017\/05\/16\/skoda-svatojursky-mtb-maraton-2017-pretekarska-sezona-zahajena\/","name":"REPORT\u00c1\u017d: \u0160koda Sv\u00e4tojursk\u00fd MTB marat\u00f3n 2017 - pretek\u00e1rska sez\u00f3na zah\u00e1jen\u00e1","isPartOf":{"@id":"https:\/\/www.welovecycling.com\/sk\/#website"},"primaryImageOfPage":{"@id":"https:\/\/www.welovecycling.com\/sk\/2017\/05\/16\/skoda-svatojursky-mtb-maraton-2017-pretekarska-sezona-zahajena\/#primaryimage"},"image":{"@id":"https:\/\/www.welovecycling.com\/sk\/2017\/05\/16\/skoda-svatojursky-mtb-maraton-2017-pretekarska-sezona-zahajena\/#primaryimage"},"thumbnailUrl":"https:\/\/d2p6e6u75xmxt8.cloudfront.net\/4\/2017\/04\/sbot-wlc-banner-2.webp","datePublished":"2017-05-16T14:33:27+00:00","dateModified":"2023-04-19T08:52:54+00:00","author":{"@id":"https:\/\/www.welovecycling.com\/sk\/#\/schema\/person\/8ee09ba39b7e25b1870160aa5b3a89bc"},"description":"Tak ako aj ten minul\u00fd rok, \u0160koda BIKE OPEN TOUR za\u010dala vo Sv\u00e4tom Jure. Pozrime sa ako to tam tento rok, po upr\u0161an\u00fdch d\u0148och, vyzeralo.","breadcrumb":{"@id":"https:\/\/www.welovecycling.com\/sk\/2017\/05\/16\/skoda-svatojursky-mtb-maraton-2017-pretekarska-sezona-zahajena\/#breadcrumb"},"inLanguage":"sk-SK","potentialAction":[{"@type":"ReadAction","target":["https:\/\/www.welovecycling.com\/sk\/2017\/05\/16\/skoda-svatojursky-mtb-maraton-2017-pretekarska-sezona-zahajena\/"]}]},{"@type":"ImageObject","inLanguage":"sk-SK","@id":"https:\/\/www.welovecycling.com\/sk\/2017\/05\/16\/skoda-svatojursky-mtb-maraton-2017-pretekarska-sezona-zahajena\/#primaryimage","url":"https:\/\/d2p6e6u75xmxt8.cloudfront.net\/4\/2017\/04\/sbot-wlc-banner-2.webp","contentUrl":"https:\/\/d2p6e6u75xmxt8.cloudfront.net\/4\/2017\/04\/sbot-wlc-banner-2.webp","width":1375,"height":600},{"@type":"BreadcrumbList","@id":"https:\/\/www.welovecycling.com\/sk\/2017\/05\/16\/skoda-svatojursky-mtb-maraton-2017-pretekarska-sezona-zahajena\/#breadcrumb","itemListElement":[{"@type":"ListItem","position":1,"name":"Home","item":"https:\/\/www.welovecycling.com\/sk\/"},{"@type":"ListItem","position":2,"name":"REPORT\u00c1\u017d: \u0160koda Sv\u00e4tojursk\u00fd MTB marat\u00f3n 2017 &#8211; pretek\u00e1rska sez\u00f3na zah\u00e1jen\u00e1"}]},{"@type":"WebSite","@id":"https:\/\/www.welovecycling.com\/sk\/#website","url":"https:\/\/www.welovecycling.com\/sk\/","name":"\u0160koda We Love Cycling Slovensko","description":"\u0160koda We Love Cycling Slovensko je v\u00e1\u0161 ka\u017edodenn\u00fd zdroj noviniek a in\u0161pir\u00e1cie z sveta cyklistiky","potentialAction":[{"@type":"SearchAction","target":{"@type":"EntryPoint","urlTemplate":"https:\/\/www.welovecycling.com\/sk\/?s={search_term_string}"},"query-input":{"@type":"PropertyValueSpecification","valueRequired":true,"valueName":"search_term_string"}}],"inLanguage":"sk-SK"},{"@type":"Person","@id":"https:\/\/www.welovecycling.com\/sk\/#\/schema\/person\/8ee09ba39b7e25b1870160aa5b3a89bc","name":"Ondrej Ga\u0161par","image":{"@type":"ImageObject","inLanguage":"sk-SK","@id":"https:\/\/www.welovecycling.com\/sk\/#\/schema\/person\/image\/","url":"https:\/\/secure.gravatar.com\/avatar\/6126c9afb87b70da5abbb083ddbb21933da15f18f8ca7cb822aba0fb096a48f6?s=96&d=mm&r=g","contentUrl":"https:\/\/secure.gravatar.com\/avatar\/6126c9afb87b70da5abbb083ddbb21933da15f18f8ca7cb822aba0fb096a48f6?s=96&d=mm&r=g","caption":"Ondrej Ga\u0161par"},"url":"https:\/\/www.welovecycling.com\/sk\/author\/ondrejgaspar\/"}]}},"_links":{"self":[{"href":"https:\/\/www.welovecycling.com\/sk\/wp-json\/wp\/v2\/posts\/537","targetHints":{"allow":["GET"]}}],"collection":[{"href":"https:\/\/www.welovecycling.com\/sk\/wp-json\/wp\/v2\/posts"}],"about":[{"href":"https:\/\/www.welovecycling.com\/sk\/wp-json\/wp\/v2\/types\/post"}],"author":[{"embeddable":true,"href":"https:\/\/www.welovecycling.com\/sk\/wp-json\/wp\/v2\/users\/38"}],"replies":[{"embeddable":true,"href":"https:\/\/www.welovecycling.com\/sk\/wp-json\/wp\/v2\/comments?post=537"}],"version-history":[{"count":2,"href":"https:\/\/www.welovecycling.com\/sk\/wp-json\/wp\/v2\/posts\/537\/revisions"}],"predecessor-version":[{"id":17177,"href":"https:\/\/www.welovecycling.com\/sk\/wp-json\/wp\/v2\/posts\/537\/revisions\/17177"}],"wp:featuredmedia":[{"embeddable":true,"href":"https:\/\/www.welovecycling.com\/sk\/wp-json\/wp\/v2\/media\/506"}],"wp:attachment":[{"href":"https:\/\/www.welovecycling.com\/sk\/wp-json\/wp\/v2\/media?parent=537"}],"wp:term":[{"taxonomy":"category","embeddable":true,"href":"https:\/\/www.welovecycling.com\/sk\/wp-json\/wp\/v2\/categories?post=537"},{"taxonomy":"post_tag","embeddable":true,"href":"https:\/\/www.welovecycling.com\/sk\/wp-json\/wp\/v2\/tags?post=537"},{"taxonomy":"global-categories","embeddable":true,"href":"https:\/\/www.welovecycling.com\/sk\/wp-json\/wp\/v2\/global-categories?post=537"}],"curies":[{"name":"wp","href":"https:\/\/api.w.org\/{rel}","templated":true}]}}