{"id":5352,"date":"2018-11-08T10:50:07","date_gmt":"2018-11-08T09:50:07","guid":{"rendered":"https:\/\/www.welovecycling.com\/sk\/?p=5352"},"modified":"2018-11-07T14:50:49","modified_gmt":"2018-11-07T13:50:49","slug":"ako-to-vyzera-so-slovnaft-bajkom-dnes","status":"publish","type":"post","link":"https:\/\/www.welovecycling.com\/sk\/2018\/11\/08\/ako-to-vyzera-so-slovnaft-bajkom-dnes\/","title":{"rendered":"Ako to vyzer\u00e1 so Slovnaft BAjkom dnes?"},"content":{"rendered":"<p><strong>Cel\u00fd priebeh projektu Slovnaft BAjk m\u00e1 jednu \u0161pecifick\u00fa \u010drtu &#8211; nie je a\u017e tak\u00fd hladk\u00fd, ako by sa mohlo zda\u0165. \u00davodn\u00e9 zdr\u017eanie spustenia, prelo\u017een\u00e9 zo za\u010diatku leta na jeho koniec, by nebolo ni\u010d\u00edm katastrof\u00e1lnym. Probl\u00e9my nastali a\u017e po samotnom spusten\u00ed.<\/strong><!--more--><\/p>\n<p>Vo\u013ene dostupn\u00e9 bicykle s\u00fa umiestnen\u00e9 na verejnosti, a teda ich lokaliz\u00e1cia bezprostredne umo\u017e\u0148uje pr\u00edstup tak u\u017e\u00edvate\u013eom, ako aj z\u00e1\u0161kodn\u00edkom. Aj napriek vysok\u00e9mu po\u010dtu bezprobl\u00e9mov\u00fdch v\u00fdpo\u017ei\u010diek, na\u0161li sa \u017eia\u013e aj tak\u00ed, ktor\u00ed si zrejme pom\u00fdlili ich adekv\u00e1tny sp\u00f4sob vyu\u017e\u00edvania.<\/p>\n<lite-youtube videoid=JDf9yOyaMjc params=\"enablejsapi=1\" style=\"background-image: url('https:\/\/i.ytimg.com\/vi_webp\/JDf9yOyaMjc\/maxresdefault.webp');\"><\/lite-youtube>\n<p>Fotografia, ktor\u00e1 v\u00a0poslednej dobe asi najviac upozornila na Slovnaft BAjk, zobrazuje \u017elt\u00fd bicykel \u201eutopen\u00fd\u201c mimo cesty, na ktorej by sa mal prirodzene nach\u00e1dza\u0165.<\/p>\n<p><a href=\"https:\/\/d2p6e6u75xmxt8.cloudfront.net\/4\/2018\/11\/02.jpg\"><img loading=\"lazy\" decoding=\"async\" class=\"alignnone size-full wp-image-5357\" src=\"https:\/\/d2p6e6u75xmxt8.cloudfront.net\/4\/2018\/11\/02.jpg\" alt=\"\" width=\"1200\" height=\"800\" \/><\/a><\/p>\n<p>Na soci\u00e1lnych sie\u0165ach nie je n\u00fadza o\u00a0hanliv\u00e9 koment\u00e1re smeruj\u00face na nezn\u00e1meho v\u00fdtr\u017en\u00edka, ale, \u010do je smutnej\u0161ie, aj o \u201ehumorn\u00e9\u201c pr\u00edspevky. \u00c1no, sloboda prejavu je dan\u00e1 ka\u017ed\u00e9mu, nie je v\u0161ak nutn\u00e9 <strong>znehodnocova\u0165 pr\u00e1cu \u013eud\u00ed a\u00a0organiz\u00e1ci\u00ed<\/strong>, ktor\u00e9 poskytuj\u00fa tieto slu\u017eby s\u00a0minim\u00e1lnymi poplatkami. \u017dia\u013e, aj tak\u00fdto obraz nasto\u013euje s\u00fa\u010dasn\u00fd stav spolo\u010dnosti.<\/p>\n<p>Okrem tak\u00fdchto \u201eextr\u00e9mnych\u201c k\u00faskov, n\u00e1jdu sa aj menej devasta\u010dn\u00e9, av\u0161ak st\u00e1le zabra\u0148uj\u00face vyu\u017e\u00edvaniu bicyklov.<\/p>\n<p>U\u017e v\u00a0\u00favodn\u00fdch d\u0148och spustenia bolo hl\u00e1sen\u00fdch nieko\u013eko obdobn\u00fdch po\u010dinov &#8211; <strong>zlomen\u00e9 sedadlo, prepichnut\u00e9 du\u0161e, vyzut\u00e9 pl\u00e1\u0161te \u010di po\u0161koden\u00e9 prehadzova\u010dky<\/strong>.<\/p>\n<p><a href=\"https:\/\/d2p6e6u75xmxt8.cloudfront.net\/4\/2018\/11\/03.jpg\"><img loading=\"lazy\" decoding=\"async\" class=\"alignnone size-full wp-image-5358\" src=\"https:\/\/d2p6e6u75xmxt8.cloudfront.net\/4\/2018\/11\/03.jpg\" alt=\"\" width=\"1200\" height=\"800\" \/><\/a><\/p>\n<p>Po\u0161kodzovanie je jedna vec. Nie\u010do in\u00e9 je zasa vyfotografovanie bicykla v\u00a0pivni\u010dn\u00fdch priestoroch a\u00a0n\u00e1sledn\u00e9 vytvorenie inzer\u00e1tu k\u00a0jeho predaju. S\u00a0ve\u013ekou pravdepodobnos\u0165ou ide \u201elen\u201c o\u00a0z\u00e1bavu, av\u0161ak ani tak\u00fdto pr\u00edstup neprin\u00e1\u0161a ni\u010d hodnotn\u00e9 do \u010fal\u0161ieho pokra\u010dovania tohto projektu.<\/p>\n<p>Pred p\u00e1r d\u0148ami uverejnil Slovnaft BAjk na svojej <a href=\"https:\/\/www.facebook.com\/SlovnaftBAjk\/photos\/a.2132454533461496\/2460882950618651\/?type=3&amp;theater\">facebookovej str\u00e1nke<\/a> pr\u00edspevok, \u017eiadaj\u00faci u\u017e\u00edvate\u013eov bike-sharingu, aby nelepili r\u00f4zne n\u00e1lepky na r\u00e1my a\u00a0in\u00e9 s\u00fa\u010dasti bicyklov.<\/p>\n<p>https:\/\/www.facebook.com\/SlovnaftBAjk\/photos\/a.2132454533461496\/2460882950618651\/?type=3&#038;theater<\/p>\n<p>Aby sme v\u0161ak neboli len negativistick\u00ed, neza\u0161kod\u00ed nazrie\u0165 do s\u00fa\u010dasn\u00fdch \u0161tatist\u00edk a\u00a0ohlasov jazdcov, ktor\u00fdm tento sp\u00f4sob vypo\u017ei\u010diavania sl\u00fa\u017ei k radosti.<\/p>\n<p>19. okt\u00f3bra, teda pred necel\u00fdmi troma t\u00fd\u017ed\u0148ami, zaznamenal Slovnaft BAjk svoju <strong>100\u00a0000. jazdu<\/strong>. Skuto\u010dne pozoruhodne vysok\u00e9 \u010d\u00edslo je nepopierate\u013ene pozit\u00edvnym \u00fadajom, hovoriacim o\u00a0akt\u00edvnom vyu\u017e\u00edvan\u00ed vypo\u017ei\u010diavania bicyklov.<\/p>\n<p><a href=\"https:\/\/d2p6e6u75xmxt8.cloudfront.net\/4\/2018\/11\/04.jpg\"><img loading=\"lazy\" decoding=\"async\" class=\"alignnone size-full wp-image-5359\" src=\"https:\/\/d2p6e6u75xmxt8.cloudfront.net\/4\/2018\/11\/04.jpg\" alt=\"\" width=\"1200\" height=\"800\" \/><\/a><\/p>\n<p>S\u00a0vyu\u017e\u00edvan\u00edm bicyklov s\u00favis\u00ed aj preprava vec\u00ed, ktor\u00e9 u\u017e\u00edvatelia pren\u00e1\u0161aj\u00fa so sebou. V\u00a0mestskom ruchu nie je preto \u0165a\u017ek\u00e9 pozabudn\u00fa\u0165 sa a\u00a0necha\u0165 napr\u00edklad d\u00e1\u017ednik \u010di in\u00fa drobnos\u0165 v\u00a0prednom ko\u0161\u00edku. Kv\u00f4li tomu zriadil Slovnaft BAjk nov\u00fa <a href=\"https:\/\/www.facebook.com\/groups\/689912514708594\/?__tn__=HH-R\">facebookov\u00fa str\u00e1nku<\/a>, na ktorej m\u00f4\u017eu n\u00e1lezcovia <strong>zdie\u013ea\u0165 objaven\u00e9 veci<\/strong>, respekt\u00edve, t\u00ed, ktor\u00ed ich stratili, m\u00f4\u017eu <strong>po\u017eiada\u0165 o\u00a0pomoc pri h\u013eadan\u00ed<\/strong>.<\/p>\n<p>Ak ide o\u00a0po\u010det prejden\u00fdch kilometrov, na konci septembra sa pl\u00e1\u0161te bicyklov te\u0161ili zo <strong>40\u00a0000 spolo\u010dne prejden\u00fdch kilometrov<\/strong>, \u010do je (skoro) obvod na\u0161ej zemegule (40\u00a0075 km). Je pravdepodobn\u00e9, \u017ee k\u00a0dne\u0161n\u00e9mu d\u0148u sa tento po\u010det <strong>u\u017e zdvojn\u00e1sobil<\/strong>.<\/p>\n<p>Jedno je v\u0161ak ist\u00e9, <strong>pozit\u00edva definit\u00edvne prevl\u00e1daj\u00fa nad negat\u00edvami<\/strong>. Ekologick\u00fd a\u00a0zdraviu prospe\u0161n\u00fd sp\u00f4sob prepravy v\u00a0meste, ktor\u00fd je \u010dasto \u00fa\u010dinnej\u0161\u00ed a\u00a0r\u00fdchlej\u0161\u00ed ne\u017e jazda v\u00a0aute, si z\u00edskal za p\u00e1r mesiacov nieko\u013eko tis\u00edc spokojn\u00fdch u\u017e\u00edvate\u013eov. Aj napriek nieko\u013ek\u00fdm vandalom sa t\u00fdmto bicyklom dar\u00ed. Preto d\u00fafame, \u017ee sa bicykel stane priate\u013eom \u010dloveka v\u00a0tomto zmysle aj v\u00a0in\u00fdch mest\u00e1ch!<\/p>\n<p>(Zdroje: facebook.com\/slovnaftBAjk, instagram.com)<\/p>\n","protected":false},"excerpt":{"rendered":"<p>Cel\u00fd priebeh projektu Slovnaft BAjk m\u00e1 jednu \u0161pecifick\u00fa \u010drtu &#8211; nie je a\u017e tak\u00fd hladk\u00fd, ako by sa mohlo zda\u0165. [&hellip;]<\/p>\n","protected":false},"author":38,"featured_media":5360,"comment_status":"open","ping_status":"open","sticky":false,"template":"","format":"standard","meta":{"footnotes":""},"categories":[604],"tags":[619,524,521,275,525,596,523,526,527,614],"global-categories":[],"class_list":["post-5352","post","type-post","status-publish","format-standard","has-post-thumbnail","hentry","category-urban-cyklistika","tag-bicyklovanie","tag-bikesharing","tag-bratislava","tag-cesta","tag-mesto","tag-mestsky-bicykel","tag-slovensko","tag-slovnaft","tag-slovnaft-bajk","tag-urban"],"yoast_head":"<!-- This site is optimized with the Yoast SEO Premium plugin v25.3 (Yoast SEO v25.9) - https:\/\/yoast.com\/wordpress\/plugins\/seo\/ -->\n<title>Ako to vyzer\u00e1 so Slovnaft BAjkom dnes? - \u0160koda We Love Cycling Slovensko<\/title>\n<meta name=\"robots\" content=\"index, follow, max-snippet:-1, max-image-preview:large, max-video-preview:-1\" \/>\n<link rel=\"canonical\" href=\"https:\/\/www.welovecycling.com\/sk\/2018\/11\/08\/ako-to-vyzera-so-slovnaft-bajkom-dnes\/\" \/>\n<meta property=\"og:locale\" content=\"sk_SK\" \/>\n<meta property=\"og:type\" content=\"article\" \/>\n<meta property=\"og:title\" content=\"Ako to vyzer\u00e1 so Slovnaft BAjkom dnes?\" \/>\n<meta property=\"og:description\" content=\"Cel\u00fd priebeh projektu Slovnaft BAjk m\u00e1 jednu \u0161pecifick\u00fa \u010drtu &#8211; nie je a\u017e tak\u00fd hladk\u00fd, ako by sa mohlo zda\u0165. [&hellip;]\" \/>\n<meta property=\"og:url\" content=\"https:\/\/www.welovecycling.com\/sk\/2018\/11\/08\/ako-to-vyzera-so-slovnaft-bajkom-dnes\/\" \/>\n<meta property=\"og:site_name\" content=\"\u0160koda We Love Cycling Slovensko\" \/>\n<meta property=\"article:published_time\" content=\"2018-11-08T09:50:07+00:00\" \/>\n<meta property=\"og:image\" content=\"https:\/\/d2p6e6u75xmxt8.cloudfront.net\/4\/2018\/11\/00.webp\" \/>\n\t<meta property=\"og:image:width\" content=\"1380\" \/>\n\t<meta property=\"og:image:height\" content=\"600\" \/>\n\t<meta property=\"og:image:type\" content=\"image\/webp\" \/>\n<meta name=\"author\" content=\"Ondrej Ga\u0161par\" \/>\n<meta name=\"twitter:card\" content=\"summary_large_image\" \/>\n<meta name=\"twitter:label1\" content=\"Written by\" \/>\n\t<meta name=\"twitter:data1\" content=\"We Love Cycling\" \/>\n\t<meta name=\"twitter:label2\" content=\"Est. reading time\" \/>\n\t<meta name=\"twitter:data2\" content=\"5\" \/>\n<script type=\"application\/ld+json\" class=\"yoast-schema-graph\">{\"@context\":\"https:\/\/schema.org\",\"@graph\":[{\"@type\":\"WebPage\",\"@id\":\"https:\/\/www.welovecycling.com\/sk\/2018\/11\/08\/ako-to-vyzera-so-slovnaft-bajkom-dnes\/\",\"url\":\"https:\/\/www.welovecycling.com\/sk\/2018\/11\/08\/ako-to-vyzera-so-slovnaft-bajkom-dnes\/\",\"name\":\"Ako to vyzer\u00e1 so Slovnaft BAjkom dnes? - \u0160koda We Love Cycling Slovensko\",\"isPartOf\":{\"@id\":\"https:\/\/www.welovecycling.com\/sk\/#website\"},\"primaryImageOfPage\":{\"@id\":\"https:\/\/www.welovecycling.com\/sk\/2018\/11\/08\/ako-to-vyzera-so-slovnaft-bajkom-dnes\/#primaryimage\"},\"image\":{\"@id\":\"https:\/\/www.welovecycling.com\/sk\/2018\/11\/08\/ako-to-vyzera-so-slovnaft-bajkom-dnes\/#primaryimage\"},\"thumbnailUrl\":\"https:\/\/d2p6e6u75xmxt8.cloudfront.net\/4\/2018\/11\/00.webp\",\"datePublished\":\"2018-11-08T09:50:07+00:00\",\"author\":{\"@id\":\"https:\/\/www.welovecycling.com\/sk\/#\/schema\/person\/8ee09ba39b7e25b1870160aa5b3a89bc\"},\"breadcrumb\":{\"@id\":\"https:\/\/www.welovecycling.com\/sk\/2018\/11\/08\/ako-to-vyzera-so-slovnaft-bajkom-dnes\/#breadcrumb\"},\"inLanguage\":\"sk-SK\",\"potentialAction\":[{\"@type\":\"ReadAction\",\"target\":[\"https:\/\/www.welovecycling.com\/sk\/2018\/11\/08\/ako-to-vyzera-so-slovnaft-bajkom-dnes\/\"]}]},{\"@type\":\"ImageObject\",\"inLanguage\":\"sk-SK\",\"@id\":\"https:\/\/www.welovecycling.com\/sk\/2018\/11\/08\/ako-to-vyzera-so-slovnaft-bajkom-dnes\/#primaryimage\",\"url\":\"https:\/\/d2p6e6u75xmxt8.cloudfront.net\/4\/2018\/11\/00.webp\",\"contentUrl\":\"https:\/\/d2p6e6u75xmxt8.cloudfront.net\/4\/2018\/11\/00.webp\",\"width\":1380,\"height\":600},{\"@type\":\"BreadcrumbList\",\"@id\":\"https:\/\/www.welovecycling.com\/sk\/2018\/11\/08\/ako-to-vyzera-so-slovnaft-bajkom-dnes\/#breadcrumb\",\"itemListElement\":[{\"@type\":\"ListItem\",\"position\":1,\"name\":\"Home\",\"item\":\"https:\/\/www.welovecycling.com\/sk\/\"},{\"@type\":\"ListItem\",\"position\":2,\"name\":\"Ako to vyzer\u00e1 so Slovnaft BAjkom dnes?\"}]},{\"@type\":\"WebSite\",\"@id\":\"https:\/\/www.welovecycling.com\/sk\/#website\",\"url\":\"https:\/\/www.welovecycling.com\/sk\/\",\"name\":\"\u0160koda We Love Cycling Slovensko\",\"description\":\"\u0160koda We Love Cycling Slovensko je v\u00e1\u0161 ka\u017edodenn\u00fd zdroj noviniek a in\u0161pir\u00e1cie z sveta cyklistiky\",\"potentialAction\":[{\"@type\":\"SearchAction\",\"target\":{\"@type\":\"EntryPoint\",\"urlTemplate\":\"https:\/\/www.welovecycling.com\/sk\/?s={search_term_string}\"},\"query-input\":{\"@type\":\"PropertyValueSpecification\",\"valueRequired\":true,\"valueName\":\"search_term_string\"}}],\"inLanguage\":\"sk-SK\"},{\"@type\":\"Person\",\"@id\":\"https:\/\/www.welovecycling.com\/sk\/#\/schema\/person\/8ee09ba39b7e25b1870160aa5b3a89bc\",\"name\":\"Ondrej Ga\u0161par\",\"image\":{\"@type\":\"ImageObject\",\"inLanguage\":\"sk-SK\",\"@id\":\"https:\/\/www.welovecycling.com\/sk\/#\/schema\/person\/image\/\",\"url\":\"https:\/\/secure.gravatar.com\/avatar\/6126c9afb87b70da5abbb083ddbb21933da15f18f8ca7cb822aba0fb096a48f6?s=96&d=mm&r=g\",\"contentUrl\":\"https:\/\/secure.gravatar.com\/avatar\/6126c9afb87b70da5abbb083ddbb21933da15f18f8ca7cb822aba0fb096a48f6?s=96&d=mm&r=g\",\"caption\":\"Ondrej Ga\u0161par\"},\"url\":\"https:\/\/www.welovecycling.com\/sk\/author\/ondrejgaspar\/\"}]}<\/script>\n<!-- \/ Yoast SEO Premium plugin. -->","yoast_head_json":{"title":"Ako to vyzer\u00e1 so Slovnaft BAjkom dnes? - \u0160koda We Love Cycling Slovensko","robots":{"index":"index","follow":"follow","max-snippet":"max-snippet:-1","max-image-preview":"max-image-preview:large","max-video-preview":"max-video-preview:-1"},"canonical":"https:\/\/www.welovecycling.com\/sk\/2018\/11\/08\/ako-to-vyzera-so-slovnaft-bajkom-dnes\/","og_locale":"sk_SK","og_type":"article","og_title":"Ako to vyzer\u00e1 so Slovnaft BAjkom dnes?","og_description":"Cel\u00fd priebeh projektu Slovnaft BAjk m\u00e1 jednu \u0161pecifick\u00fa \u010drtu &#8211; nie je a\u017e tak\u00fd hladk\u00fd, ako by sa mohlo zda\u0165. [&hellip;]","og_url":"https:\/\/www.welovecycling.com\/sk\/2018\/11\/08\/ako-to-vyzera-so-slovnaft-bajkom-dnes\/","og_site_name":"\u0160koda We Love Cycling Slovensko","article_published_time":"2018-11-08T09:50:07+00:00","og_image":[{"width":1380,"height":600,"url":"https:\/\/d2p6e6u75xmxt8.cloudfront.net\/4\/2018\/11\/00.webp","type":"image\/webp"}],"author":"Ondrej Ga\u0161par","twitter_card":"summary_large_image","twitter_misc":{"Written by":"We Love Cycling","Est. reading time":"5"},"schema":{"@context":"https:\/\/schema.org","@graph":[{"@type":"WebPage","@id":"https:\/\/www.welovecycling.com\/sk\/2018\/11\/08\/ako-to-vyzera-so-slovnaft-bajkom-dnes\/","url":"https:\/\/www.welovecycling.com\/sk\/2018\/11\/08\/ako-to-vyzera-so-slovnaft-bajkom-dnes\/","name":"Ako to vyzer\u00e1 so Slovnaft BAjkom dnes? - \u0160koda We Love Cycling Slovensko","isPartOf":{"@id":"https:\/\/www.welovecycling.com\/sk\/#website"},"primaryImageOfPage":{"@id":"https:\/\/www.welovecycling.com\/sk\/2018\/11\/08\/ako-to-vyzera-so-slovnaft-bajkom-dnes\/#primaryimage"},"image":{"@id":"https:\/\/www.welovecycling.com\/sk\/2018\/11\/08\/ako-to-vyzera-so-slovnaft-bajkom-dnes\/#primaryimage"},"thumbnailUrl":"https:\/\/d2p6e6u75xmxt8.cloudfront.net\/4\/2018\/11\/00.webp","datePublished":"2018-11-08T09:50:07+00:00","author":{"@id":"https:\/\/www.welovecycling.com\/sk\/#\/schema\/person\/8ee09ba39b7e25b1870160aa5b3a89bc"},"breadcrumb":{"@id":"https:\/\/www.welovecycling.com\/sk\/2018\/11\/08\/ako-to-vyzera-so-slovnaft-bajkom-dnes\/#breadcrumb"},"inLanguage":"sk-SK","potentialAction":[{"@type":"ReadAction","target":["https:\/\/www.welovecycling.com\/sk\/2018\/11\/08\/ako-to-vyzera-so-slovnaft-bajkom-dnes\/"]}]},{"@type":"ImageObject","inLanguage":"sk-SK","@id":"https:\/\/www.welovecycling.com\/sk\/2018\/11\/08\/ako-to-vyzera-so-slovnaft-bajkom-dnes\/#primaryimage","url":"https:\/\/d2p6e6u75xmxt8.cloudfront.net\/4\/2018\/11\/00.webp","contentUrl":"https:\/\/d2p6e6u75xmxt8.cloudfront.net\/4\/2018\/11\/00.webp","width":1380,"height":600},{"@type":"BreadcrumbList","@id":"https:\/\/www.welovecycling.com\/sk\/2018\/11\/08\/ako-to-vyzera-so-slovnaft-bajkom-dnes\/#breadcrumb","itemListElement":[{"@type":"ListItem","position":1,"name":"Home","item":"https:\/\/www.welovecycling.com\/sk\/"},{"@type":"ListItem","position":2,"name":"Ako to vyzer\u00e1 so Slovnaft BAjkom dnes?"}]},{"@type":"WebSite","@id":"https:\/\/www.welovecycling.com\/sk\/#website","url":"https:\/\/www.welovecycling.com\/sk\/","name":"\u0160koda We Love Cycling Slovensko","description":"\u0160koda We Love Cycling Slovensko je v\u00e1\u0161 ka\u017edodenn\u00fd zdroj noviniek a in\u0161pir\u00e1cie z sveta cyklistiky","potentialAction":[{"@type":"SearchAction","target":{"@type":"EntryPoint","urlTemplate":"https:\/\/www.welovecycling.com\/sk\/?s={search_term_string}"},"query-input":{"@type":"PropertyValueSpecification","valueRequired":true,"valueName":"search_term_string"}}],"inLanguage":"sk-SK"},{"@type":"Person","@id":"https:\/\/www.welovecycling.com\/sk\/#\/schema\/person\/8ee09ba39b7e25b1870160aa5b3a89bc","name":"Ondrej Ga\u0161par","image":{"@type":"ImageObject","inLanguage":"sk-SK","@id":"https:\/\/www.welovecycling.com\/sk\/#\/schema\/person\/image\/","url":"https:\/\/secure.gravatar.com\/avatar\/6126c9afb87b70da5abbb083ddbb21933da15f18f8ca7cb822aba0fb096a48f6?s=96&d=mm&r=g","contentUrl":"https:\/\/secure.gravatar.com\/avatar\/6126c9afb87b70da5abbb083ddbb21933da15f18f8ca7cb822aba0fb096a48f6?s=96&d=mm&r=g","caption":"Ondrej Ga\u0161par"},"url":"https:\/\/www.welovecycling.com\/sk\/author\/ondrejgaspar\/"}]}},"_links":{"self":[{"href":"https:\/\/www.welovecycling.com\/sk\/wp-json\/wp\/v2\/posts\/5352","targetHints":{"allow":["GET"]}}],"collection":[{"href":"https:\/\/www.welovecycling.com\/sk\/wp-json\/wp\/v2\/posts"}],"about":[{"href":"https:\/\/www.welovecycling.com\/sk\/wp-json\/wp\/v2\/types\/post"}],"author":[{"embeddable":true,"href":"https:\/\/www.welovecycling.com\/sk\/wp-json\/wp\/v2\/users\/38"}],"replies":[{"embeddable":true,"href":"https:\/\/www.welovecycling.com\/sk\/wp-json\/wp\/v2\/comments?post=5352"}],"version-history":[{"count":2,"href":"https:\/\/www.welovecycling.com\/sk\/wp-json\/wp\/v2\/posts\/5352\/revisions"}],"predecessor-version":[{"id":5377,"href":"https:\/\/www.welovecycling.com\/sk\/wp-json\/wp\/v2\/posts\/5352\/revisions\/5377"}],"wp:featuredmedia":[{"embeddable":true,"href":"https:\/\/www.welovecycling.com\/sk\/wp-json\/wp\/v2\/media\/5360"}],"wp:attachment":[{"href":"https:\/\/www.welovecycling.com\/sk\/wp-json\/wp\/v2\/media?parent=5352"}],"wp:term":[{"taxonomy":"category","embeddable":true,"href":"https:\/\/www.welovecycling.com\/sk\/wp-json\/wp\/v2\/categories?post=5352"},{"taxonomy":"post_tag","embeddable":true,"href":"https:\/\/www.welovecycling.com\/sk\/wp-json\/wp\/v2\/tags?post=5352"},{"taxonomy":"global-categories","embeddable":true,"href":"https:\/\/www.welovecycling.com\/sk\/wp-json\/wp\/v2\/global-categories?post=5352"}],"curies":[{"name":"wp","href":"https:\/\/api.w.org\/{rel}","templated":true}]}}