{"id":5340,"date":"2018-11-03T09:21:59","date_gmt":"2018-11-03T08:21:59","guid":{"rendered":"https:\/\/www.welovecycling.com\/sk\/?p=5340"},"modified":"2018-11-03T09:21:41","modified_gmt":"2018-11-03T08:21:41","slug":"zdrave-ranajky-ako-na-to","status":"publish","type":"post","link":"https:\/\/www.welovecycling.com\/sk\/2018\/11\/03\/zdrave-ranajky-ako-na-to\/","title":{"rendered":"Zdrav\u00e9 ra\u0148ajky &#8211; ako na to?"},"content":{"rendered":"<p><strong>Je ve\u013ea r\u00f4znych jed\u00e1l, ktor\u00e9 sa daj\u00fa pova\u017eova\u0165 za zdrav\u00fa formu ra\u0148ajok. Spr\u00e1vna vo\u013eba z\u00e1vis\u00ed od toho, ako vyzer\u00e1 zvy\u0161ok v\u00e1\u0161ho jed\u00e1lneho l\u00edstka, ak\u00fd ste akt\u00edvny a \u010di potrebujete schudn\u00fa\u0165. Existuje v\u0161ak nieko\u013eko pravidiel, ktor\u00e9 sa daj\u00fa aplikova\u0165 pri ka\u017ed\u00fdch ra\u0148ajk\u00e1ch. Po\u010fme sa na ne pozrie\u0165.<\/strong><br \/>\n<!--more--><\/p>\n<h2><strong>Iba sacharidy nie s\u00fa dobr\u00e9<\/strong><\/h2>\n<p>Ra\u0148ajky zlo\u017een\u00e9 hlavne z jed\u00e1l bohat\u00fdch na sacharidy v\u00e1m s\u00edce <strong>dodaj\u00fa r\u00fdchlu energiu<\/strong>, ale pocit hladu v\u00e1s zastihne v\u00fdrazne sk\u00f4r, ako je \u010das obeda. Jedl\u00e1 ako toast s d\u017eemom alebo cere\u00e1lie s mliekom spolu s n\u00e1pojom bohat\u00fdm na cukor s\u00fa dnes ve\u013emi be\u017en\u00e9, a bohu\u017eia\u013e, pova\u017eovan\u00e9 za zdrav\u00e9. Potom tam s\u00fa tie, o ktor\u00fdch vieme, \u017ee nie s\u00fa zdrav\u00e9, ale napriek tomu ich jed\u00e1vame \u010dasto ako croissanty, alebo donuty. Tak\u00e9to ra\u0148ajky s\u00fa zvy\u010dajne nev\u00fd\u017eivn\u00e9, iba vystrelia v\u00e1\u0161 krvn\u00fd cukor do neba a je pravdepodobnej\u0161ie, \u017ee budete ma\u0165 po\u010das d\u0148a ve\u013ek\u00e9 energetick\u00e9 v\u00fdkyvy.<\/p>\n<div class=\"shortcode-ys-post-pinup\"><article class=\"loop-simple post-5032 post type-post status-publish format-standard has-post-thumbnail hentry category-nakupny-poradca category-odporucame category-zdravie-trening tag-cyklo-jedlo tag-jedalnicek tag-trening tag-vyziva tag-zdravie\" data-postid=\"5032\" role=\"article\" data-post-id=\"5032\" data-word-count=\"368\" data-headline-length=\"62\" data-category=\"N\u00e1kupn\u00fd poradca\" data-author=\"Ji\u0159\u00ed Kalo\u010d\" data-published=\"2018-09-20T11:16:13+02:00\" data-published-day=\"Thursday\">\n    <div class=\"entry-thumbnail article-thumbnail\" content=\"https:\/\/d2p6e6u75xmxt8.cloudfront.net\/4\/2018\/09\/profimedia-0307530005-1-150x150.webp\"><a href=\"https:\/\/www.welovecycling.com\/sk\/2018\/09\/20\/5-skvelych-lacnych-potravin-ktore-by-ste-mali-vyskusat\/\" class=\"image-holder\" target=\"_self\"><img decoding=\"async\" loading=\"lazy\" class=\"\" src=\"https:\/\/d2p6e6u75xmxt8.cloudfront.net\/4\/2018\/09\/profimedia-0307530005-1-1024x450.webp\" srcset=\"https:\/\/d2p6e6u75xmxt8.cloudfront.net\/4\/2018\/09\/profimedia-0307530005-1.webp 1366w, https:\/\/d2p6e6u75xmxt8.cloudfront.net\/4\/2018\/09\/profimedia-0307530005-1-300x132.webp 300w, https:\/\/d2p6e6u75xmxt8.cloudfront.net\/4\/2018\/09\/profimedia-0307530005-1-1024x450.webp 1024w, https:\/\/d2p6e6u75xmxt8.cloudfront.net\/4\/2018\/09\/profimedia-0307530005-1-768x337.webp 768w\" width=\"1024\" height=\"450\" sizes=\"auto, (min-width: 1200px) 456px, (min-width: 768px) 38vw, 100vw\" alt=\"5-skvelych-lacnych-potravin-ktore-by-ste-mali-vyskusat\"\/><\/a><\/div>    <div class=\"entry-meta\">\n        <a class=\"label label-secondary post-category\" href=\"https:\/\/www.welovecycling.com\/sk\/category\/nakupny-poradca\/\" title=\"N\u00e1kupn\u00fd poradca\">N\u00e1kupn\u00fd poradca<\/a>\n    <\/div>\n    <div class=\"entry-details\">\n        <a href=\"https:\/\/www.welovecycling.com\/sk\/2018\/09\/20\/5-skvelych-lacnych-potravin-ktore-by-ste-mali-vyskusat\/\" class='entry-title-wrapper'>\n            <h3 class=\"entry-title\"><span>5 skvel\u00fdch lacn\u00fdch potrav\u00edn, ktor\u00e9 by ste mali vysk\u00fa\u0161a\u0165<\/span><\/h3>\n        <\/a>\n    <\/div>\n    <\/article>\n<\/div>\n<h2><strong>Pripravte si bohat\u00e9 ra\u0148ajky<\/strong><\/h2>\n<p>Sacharidy nie s\u00fa zl\u00e9, iba by <strong>nemali by\u0165 hlavnou zlo\u017ekou ra\u0148ajok<\/strong>. Zdrav\u00e9 telo by malo zvl\u00e1dnu\u0165 de\u0148 bez cukrovej bomby. Bohat\u00e9 ra\u0148ajky v\u00e1m nielen umo\u017enia vydr\u017ea\u0165 bez hladu a\u017e do obeda, ale aj redukuj\u00fa ma\u0161krtnos\u0165 a tendencie sa prejeda\u0165.<\/p>\n<h2><strong>Budujte na prote\u00ednoch<\/strong><\/h2>\n<p>Bolo dok\u00e1zan\u00e9, \u017ee prote\u00edny nielen pom\u00f4\u017eu zas\u00fdti\u0165, ale aj zni\u017eova\u0165 hmotnos\u0165 a zachova\u0165 stabiln\u00fa \u00farove\u0148 energie. Ni\u010d nepokaz\u00edte s <strong>vaj\u00ed\u010dkami<\/strong>, tie pon\u00fakaj\u00fa \u013eahko str\u00e1vite\u013en\u00e9 prote\u00edny a esenci\u00e1lne aminokyseliny v spr\u00e1vnom pomere. <strong>\u0160unka a tvaroh<\/strong> s\u00fa tie\u017e dobrou vo\u013ebou, ak potrebujete nie\u010do na cestu. Trochu \u0165a\u017e\u0161ie to je, ak chcete sladk\u00e9 ra\u0148ajky, av\u0161ak kombin\u00e1cia gr\u00e9ckeho jogurtu a orechov \u010di semia\u010dok, dod\u00e1 telu dostatok prote\u00ednov.<\/p>\n<p>https:\/\/www.instagram.com\/p\/BZMHLqglg6s\/<\/p>\n<h2><strong>Dotankujte sa po tr\u00e9ningu<\/strong><\/h2>\n<p>Ak r\u00e1no za\u010d\u00ednate cvi\u010den\u00edm alebo bicyklovan\u00edm, va\u0161e ra\u0148ajky by mali obsahova\u0165 nielen prote\u00edny, ale aj dobr\u00e9 zdroje energie ako <strong>pomal\u00e9 sacharidy \u010di zdrav\u00e9 tuky<\/strong>. Takto telo s \u013eahkos\u0165ou dopln\u00ed vy\u010derpan\u00e9 z\u00e1soby glykog\u00e9nu vo svaloch. Pridanie k\u00fasku ovocia, obiln\u00edn alebo kv\u00e1skov\u00e9ho chleba k omelete, pom\u00f4\u017ee.<\/p>\n<h2><strong>V\u017edy zahr\u0148te v\u0161etky 3 \u010dasti<\/strong><\/h2>\n<p>Zhr\u0148me to, zdrav\u00e9 ra\u0148ajky sa skladaj\u00fa z troch vec\u00ed: prvou je <strong>dobr\u00e1 porcia kvalitn\u00fdch bielkov\u00edn<\/strong>, \u010falej <strong>zelenina<\/strong> alebo <strong>ovocie<\/strong> a na koniec by mali ra\u0148ajky obsahova\u0165 <strong>zdroj energie<\/strong> ako napr\u00edklad avok\u00e1do, orechy alebo obilniny. Prajem dobr\u00fa chu\u0165!<\/p>\n","protected":false},"excerpt":{"rendered":"<p>Je ve\u013ea r\u00f4znych jed\u00e1l, ktor\u00e9 sa daj\u00fa pova\u017eova\u0165 za zdrav\u00fa formu ra\u0148ajok. Spr\u00e1vna vo\u013eba z\u00e1vis\u00ed od toho, ako vyzer\u00e1 zvy\u0161ok [&hellip;]<\/p>\n","protected":false},"author":38,"featured_media":5341,"comment_status":"open","ping_status":"open","sticky":false,"template":"","format":"standard","meta":{"footnotes":""},"categories":[2],"tags":[648,43,603,622,649,338,647,339,163,55,161,623,410],"global-categories":[],"class_list":["post-5340","post","type-post","status-publish","format-standard","has-post-thumbnail","hentry","category-zdravie-trening","tag-bielkoviny","tag-cyklo-jedlo","tag-jedalnicek","tag-jedlo","tag-ovocie","tag-proteiny","tag-ranajky","tag-sacharidy","tag-strava","tag-trening","tag-zdravie","tag-zdravy-zivotny-styl","tag-zelenina"],"yoast_head":"<!-- This site is optimized with the Yoast SEO Premium plugin v25.3 (Yoast SEO v25.9) - https:\/\/yoast.com\/wordpress\/plugins\/seo\/ -->\n<title>Zdrav\u00e9 ra\u0148ajky - ako na to? - \u0160koda We Love Cycling Slovensko<\/title>\n<meta name=\"robots\" content=\"index, follow, max-snippet:-1, max-image-preview:large, max-video-preview:-1\" \/>\n<link rel=\"canonical\" href=\"https:\/\/www.welovecycling.com\/sk\/2018\/11\/03\/zdrave-ranajky-ako-na-to\/\" \/>\n<meta property=\"og:locale\" content=\"sk_SK\" \/>\n<meta property=\"og:type\" content=\"article\" \/>\n<meta property=\"og:title\" content=\"Zdrav\u00e9 ra\u0148ajky - ako na to?\" \/>\n<meta property=\"og:description\" content=\"Je ve\u013ea r\u00f4znych jed\u00e1l, ktor\u00e9 sa daj\u00fa pova\u017eova\u0165 za zdrav\u00fa formu ra\u0148ajok. Spr\u00e1vna vo\u013eba z\u00e1vis\u00ed od toho, ako vyzer\u00e1 zvy\u0161ok [&hellip;]\" \/>\n<meta property=\"og:url\" content=\"https:\/\/www.welovecycling.com\/sk\/2018\/11\/03\/zdrave-ranajky-ako-na-to\/\" \/>\n<meta property=\"og:site_name\" content=\"\u0160koda We Love Cycling Slovensko\" \/>\n<meta property=\"article:published_time\" content=\"2018-11-03T08:21:59+00:00\" \/>\n<meta property=\"og:image\" content=\"https:\/\/d2p6e6u75xmxt8.cloudfront.net\/4\/2018\/10\/profimedia-0132338615-1.webp\" \/>\n\t<meta property=\"og:image:width\" content=\"1366\" \/>\n\t<meta property=\"og:image:height\" content=\"600\" \/>\n\t<meta property=\"og:image:type\" content=\"image\/webp\" \/>\n<meta name=\"author\" content=\"Ondrej Ga\u0161par\" \/>\n<meta name=\"twitter:card\" content=\"summary_large_image\" \/>\n<meta name=\"twitter:label1\" content=\"Written by\" \/>\n\t<meta name=\"twitter:data1\" content=\"Ji\u0159\u00ed Kalo\u010d\" \/>\n\t<meta name=\"twitter:label2\" content=\"Est. reading time\" \/>\n\t<meta name=\"twitter:data2\" content=\"3\" \/>\n<script type=\"application\/ld+json\" class=\"yoast-schema-graph\">{\"@context\":\"https:\/\/schema.org\",\"@graph\":[{\"@type\":\"WebPage\",\"@id\":\"https:\/\/www.welovecycling.com\/sk\/2018\/11\/03\/zdrave-ranajky-ako-na-to\/\",\"url\":\"https:\/\/www.welovecycling.com\/sk\/2018\/11\/03\/zdrave-ranajky-ako-na-to\/\",\"name\":\"Zdrav\u00e9 ra\u0148ajky - ako na to? - \u0160koda We Love Cycling Slovensko\",\"isPartOf\":{\"@id\":\"https:\/\/www.welovecycling.com\/sk\/#website\"},\"primaryImageOfPage\":{\"@id\":\"https:\/\/www.welovecycling.com\/sk\/2018\/11\/03\/zdrave-ranajky-ako-na-to\/#primaryimage\"},\"image\":{\"@id\":\"https:\/\/www.welovecycling.com\/sk\/2018\/11\/03\/zdrave-ranajky-ako-na-to\/#primaryimage\"},\"thumbnailUrl\":\"https:\/\/d2p6e6u75xmxt8.cloudfront.net\/4\/2018\/10\/profimedia-0132338615-1.webp\",\"datePublished\":\"2018-11-03T08:21:59+00:00\",\"author\":{\"@id\":\"https:\/\/www.welovecycling.com\/sk\/#\/schema\/person\/8ee09ba39b7e25b1870160aa5b3a89bc\"},\"breadcrumb\":{\"@id\":\"https:\/\/www.welovecycling.com\/sk\/2018\/11\/03\/zdrave-ranajky-ako-na-to\/#breadcrumb\"},\"inLanguage\":\"sk-SK\",\"potentialAction\":[{\"@type\":\"ReadAction\",\"target\":[\"https:\/\/www.welovecycling.com\/sk\/2018\/11\/03\/zdrave-ranajky-ako-na-to\/\"]}]},{\"@type\":\"ImageObject\",\"inLanguage\":\"sk-SK\",\"@id\":\"https:\/\/www.welovecycling.com\/sk\/2018\/11\/03\/zdrave-ranajky-ako-na-to\/#primaryimage\",\"url\":\"https:\/\/d2p6e6u75xmxt8.cloudfront.net\/4\/2018\/10\/profimedia-0132338615-1.webp\",\"contentUrl\":\"https:\/\/d2p6e6u75xmxt8.cloudfront.net\/4\/2018\/10\/profimedia-0132338615-1.webp\",\"width\":1366,\"height\":600},{\"@type\":\"BreadcrumbList\",\"@id\":\"https:\/\/www.welovecycling.com\/sk\/2018\/11\/03\/zdrave-ranajky-ako-na-to\/#breadcrumb\",\"itemListElement\":[{\"@type\":\"ListItem\",\"position\":1,\"name\":\"Home\",\"item\":\"https:\/\/www.welovecycling.com\/sk\/\"},{\"@type\":\"ListItem\",\"position\":2,\"name\":\"Zdrav\u00e9 ra\u0148ajky &#8211; ako na to?\"}]},{\"@type\":\"WebSite\",\"@id\":\"https:\/\/www.welovecycling.com\/sk\/#website\",\"url\":\"https:\/\/www.welovecycling.com\/sk\/\",\"name\":\"\u0160koda We Love Cycling Slovensko\",\"description\":\"\u0160koda We Love Cycling Slovensko je v\u00e1\u0161 ka\u017edodenn\u00fd zdroj noviniek a in\u0161pir\u00e1cie z sveta cyklistiky\",\"potentialAction\":[{\"@type\":\"SearchAction\",\"target\":{\"@type\":\"EntryPoint\",\"urlTemplate\":\"https:\/\/www.welovecycling.com\/sk\/?s={search_term_string}\"},\"query-input\":{\"@type\":\"PropertyValueSpecification\",\"valueRequired\":true,\"valueName\":\"search_term_string\"}}],\"inLanguage\":\"sk-SK\"},{\"@type\":\"Person\",\"@id\":\"https:\/\/www.welovecycling.com\/sk\/#\/schema\/person\/8ee09ba39b7e25b1870160aa5b3a89bc\",\"name\":\"Ondrej Ga\u0161par\",\"image\":{\"@type\":\"ImageObject\",\"inLanguage\":\"sk-SK\",\"@id\":\"https:\/\/www.welovecycling.com\/sk\/#\/schema\/person\/image\/\",\"url\":\"https:\/\/secure.gravatar.com\/avatar\/6126c9afb87b70da5abbb083ddbb21933da15f18f8ca7cb822aba0fb096a48f6?s=96&d=mm&r=g\",\"contentUrl\":\"https:\/\/secure.gravatar.com\/avatar\/6126c9afb87b70da5abbb083ddbb21933da15f18f8ca7cb822aba0fb096a48f6?s=96&d=mm&r=g\",\"caption\":\"Ondrej Ga\u0161par\"},\"url\":\"https:\/\/www.welovecycling.com\/sk\/author\/ondrejgaspar\/\"}]}<\/script>\n<!-- \/ Yoast SEO Premium plugin. -->","yoast_head_json":{"title":"Zdrav\u00e9 ra\u0148ajky - ako na to? - \u0160koda We Love Cycling Slovensko","robots":{"index":"index","follow":"follow","max-snippet":"max-snippet:-1","max-image-preview":"max-image-preview:large","max-video-preview":"max-video-preview:-1"},"canonical":"https:\/\/www.welovecycling.com\/sk\/2018\/11\/03\/zdrave-ranajky-ako-na-to\/","og_locale":"sk_SK","og_type":"article","og_title":"Zdrav\u00e9 ra\u0148ajky - ako na to?","og_description":"Je ve\u013ea r\u00f4znych jed\u00e1l, ktor\u00e9 sa daj\u00fa pova\u017eova\u0165 za zdrav\u00fa formu ra\u0148ajok. Spr\u00e1vna vo\u013eba z\u00e1vis\u00ed od toho, ako vyzer\u00e1 zvy\u0161ok [&hellip;]","og_url":"https:\/\/www.welovecycling.com\/sk\/2018\/11\/03\/zdrave-ranajky-ako-na-to\/","og_site_name":"\u0160koda We Love Cycling Slovensko","article_published_time":"2018-11-03T08:21:59+00:00","og_image":[{"width":1366,"height":600,"url":"https:\/\/d2p6e6u75xmxt8.cloudfront.net\/4\/2018\/10\/profimedia-0132338615-1.webp","type":"image\/webp"}],"author":"Ondrej Ga\u0161par","twitter_card":"summary_large_image","twitter_misc":{"Written by":"Ji\u0159\u00ed Kalo\u010d","Est. reading time":"3"},"schema":{"@context":"https:\/\/schema.org","@graph":[{"@type":"WebPage","@id":"https:\/\/www.welovecycling.com\/sk\/2018\/11\/03\/zdrave-ranajky-ako-na-to\/","url":"https:\/\/www.welovecycling.com\/sk\/2018\/11\/03\/zdrave-ranajky-ako-na-to\/","name":"Zdrav\u00e9 ra\u0148ajky - ako na to? - \u0160koda We Love Cycling Slovensko","isPartOf":{"@id":"https:\/\/www.welovecycling.com\/sk\/#website"},"primaryImageOfPage":{"@id":"https:\/\/www.welovecycling.com\/sk\/2018\/11\/03\/zdrave-ranajky-ako-na-to\/#primaryimage"},"image":{"@id":"https:\/\/www.welovecycling.com\/sk\/2018\/11\/03\/zdrave-ranajky-ako-na-to\/#primaryimage"},"thumbnailUrl":"https:\/\/d2p6e6u75xmxt8.cloudfront.net\/4\/2018\/10\/profimedia-0132338615-1.webp","datePublished":"2018-11-03T08:21:59+00:00","author":{"@id":"https:\/\/www.welovecycling.com\/sk\/#\/schema\/person\/8ee09ba39b7e25b1870160aa5b3a89bc"},"breadcrumb":{"@id":"https:\/\/www.welovecycling.com\/sk\/2018\/11\/03\/zdrave-ranajky-ako-na-to\/#breadcrumb"},"inLanguage":"sk-SK","potentialAction":[{"@type":"ReadAction","target":["https:\/\/www.welovecycling.com\/sk\/2018\/11\/03\/zdrave-ranajky-ako-na-to\/"]}]},{"@type":"ImageObject","inLanguage":"sk-SK","@id":"https:\/\/www.welovecycling.com\/sk\/2018\/11\/03\/zdrave-ranajky-ako-na-to\/#primaryimage","url":"https:\/\/d2p6e6u75xmxt8.cloudfront.net\/4\/2018\/10\/profimedia-0132338615-1.webp","contentUrl":"https:\/\/d2p6e6u75xmxt8.cloudfront.net\/4\/2018\/10\/profimedia-0132338615-1.webp","width":1366,"height":600},{"@type":"BreadcrumbList","@id":"https:\/\/www.welovecycling.com\/sk\/2018\/11\/03\/zdrave-ranajky-ako-na-to\/#breadcrumb","itemListElement":[{"@type":"ListItem","position":1,"name":"Home","item":"https:\/\/www.welovecycling.com\/sk\/"},{"@type":"ListItem","position":2,"name":"Zdrav\u00e9 ra\u0148ajky &#8211; ako na to?"}]},{"@type":"WebSite","@id":"https:\/\/www.welovecycling.com\/sk\/#website","url":"https:\/\/www.welovecycling.com\/sk\/","name":"\u0160koda We Love Cycling Slovensko","description":"\u0160koda We Love Cycling Slovensko je v\u00e1\u0161 ka\u017edodenn\u00fd zdroj noviniek a in\u0161pir\u00e1cie z sveta cyklistiky","potentialAction":[{"@type":"SearchAction","target":{"@type":"EntryPoint","urlTemplate":"https:\/\/www.welovecycling.com\/sk\/?s={search_term_string}"},"query-input":{"@type":"PropertyValueSpecification","valueRequired":true,"valueName":"search_term_string"}}],"inLanguage":"sk-SK"},{"@type":"Person","@id":"https:\/\/www.welovecycling.com\/sk\/#\/schema\/person\/8ee09ba39b7e25b1870160aa5b3a89bc","name":"Ondrej Ga\u0161par","image":{"@type":"ImageObject","inLanguage":"sk-SK","@id":"https:\/\/www.welovecycling.com\/sk\/#\/schema\/person\/image\/","url":"https:\/\/secure.gravatar.com\/avatar\/6126c9afb87b70da5abbb083ddbb21933da15f18f8ca7cb822aba0fb096a48f6?s=96&d=mm&r=g","contentUrl":"https:\/\/secure.gravatar.com\/avatar\/6126c9afb87b70da5abbb083ddbb21933da15f18f8ca7cb822aba0fb096a48f6?s=96&d=mm&r=g","caption":"Ondrej Ga\u0161par"},"url":"https:\/\/www.welovecycling.com\/sk\/author\/ondrejgaspar\/"}]}},"_links":{"self":[{"href":"https:\/\/www.welovecycling.com\/sk\/wp-json\/wp\/v2\/posts\/5340","targetHints":{"allow":["GET"]}}],"collection":[{"href":"https:\/\/www.welovecycling.com\/sk\/wp-json\/wp\/v2\/posts"}],"about":[{"href":"https:\/\/www.welovecycling.com\/sk\/wp-json\/wp\/v2\/types\/post"}],"author":[{"embeddable":true,"href":"https:\/\/www.welovecycling.com\/sk\/wp-json\/wp\/v2\/users\/38"}],"replies":[{"embeddable":true,"href":"https:\/\/www.welovecycling.com\/sk\/wp-json\/wp\/v2\/comments?post=5340"}],"version-history":[{"count":2,"href":"https:\/\/www.welovecycling.com\/sk\/wp-json\/wp\/v2\/posts\/5340\/revisions"}],"predecessor-version":[{"id":5344,"href":"https:\/\/www.welovecycling.com\/sk\/wp-json\/wp\/v2\/posts\/5340\/revisions\/5344"}],"wp:featuredmedia":[{"embeddable":true,"href":"https:\/\/www.welovecycling.com\/sk\/wp-json\/wp\/v2\/media\/5341"}],"wp:attachment":[{"href":"https:\/\/www.welovecycling.com\/sk\/wp-json\/wp\/v2\/media?parent=5340"}],"wp:term":[{"taxonomy":"category","embeddable":true,"href":"https:\/\/www.welovecycling.com\/sk\/wp-json\/wp\/v2\/categories?post=5340"},{"taxonomy":"post_tag","embeddable":true,"href":"https:\/\/www.welovecycling.com\/sk\/wp-json\/wp\/v2\/tags?post=5340"},{"taxonomy":"global-categories","embeddable":true,"href":"https:\/\/www.welovecycling.com\/sk\/wp-json\/wp\/v2\/global-categories?post=5340"}],"curies":[{"name":"wp","href":"https:\/\/api.w.org\/{rel}","templated":true}]}}