{"id":5306,"date":"2018-10-30T11:17:02","date_gmt":"2018-10-30T10:17:02","guid":{"rendered":"https:\/\/www.welovecycling.com\/sk\/?p=5306"},"modified":"2018-12-05T12:43:55","modified_gmt":"2018-12-05T11:43:55","slug":"mesacna-desiatka-co-sa-pocas-oktobra-udialo-v-cyklistickom-svete","status":"publish","type":"post","link":"https:\/\/www.welovecycling.com\/sk\/2018\/10\/30\/mesacna-desiatka-co-sa-pocas-oktobra-udialo-v-cyklistickom-svete\/","title":{"rendered":"Mesa\u010dn\u00e1 desiatka \u2013 \u010do sa po\u010das okt\u00f3bra udialo v cyklistickom svete?"},"content":{"rendered":"<p><strong>Ke\u010f\u017ee m\u00e1me radi jednoduch\u00e9, kompaktn\u00e9 a zauj\u00edmav\u00e9 \u010dl\u00e1nky, pripravili sme si pre v\u00e1s kr\u00e1tky sum\u00e1r z mesiaca okt\u00f3ber, z toho, \u010do sa udialo na cest\u00e1ch \u010di trailoch, ale aj mimo nich. Pozrime sa teda, ak\u00e9 novinky priniesol tento mesiac.<\/strong><!--more--><\/p>\n<h2><strong>Peter Sagan si zastrie\u013eal aj zabicykloval v Rak\u00fasku<\/strong><\/h2>\n<p>Sez\u00f3na sa skon\u010dila a s \u0148ou pre pretek\u00e1rov prich\u00e1dza p\u00e1r t\u00fd\u017ed\u0148ov oddychu, pred t\u00fdm, ako sa op\u00e4tovne vrhn\u00fa do pr\u00edprav na nasleduj\u00facu sez\u00f3nu. I ke\u010f Pe\u0165o Sagan zavesil na chv\u00ed\u013eu svoj bicykel \u201ena klinec\u201c, aj bez neho predv\u00e1dzal \u201esvetov\u00e9\u201c v\u00fdkony v biatlone, aj ke\u010f, popravde, trochu pozmenenom. Okrem horsk\u00e9ho bicykla a strelnej zbrane, pou\u017eil aj kladivo. Takto vyzeralo s\u00fastredenie t\u00edmu BORA-hansgrohe.<\/p>\n<div class=\"embed-controller-wrapper\">\n<blockquote class=\"twitter-tweet\" data-width=\"500\" data-dnt=\"true\">\n<p lang=\"en\" dir=\"ltr\">Trying my luck in a biathlon relay race, @tvb_osttirol style, in our first team camp! <a href=\"https:\/\/twitter.com\/GoPro?ref_src=twsrc%5Etfw\">@GoPro<\/a> <a href=\"https:\/\/twitter.com\/BORAhansgrohe?ref_src=twsrc%5Etfw\">@BORAhansgrohe<\/a> @BORAGmbH <a href=\"https:\/\/twitter.com\/Hansgrohe_PR?ref_src=twsrc%5Etfw\">@Hansgrohe_PR<\/a> <a href=\"https:\/\/twitter.com\/iamspecialized?ref_src=twsrc%5Etfw\">@iamspecialized<\/a> <a href=\"https:\/\/twitter.com\/sportful?ref_src=twsrc%5Etfw\">@sportful<\/a> <a href=\"https:\/\/twitter.com\/ride100percent?ref_src=twsrc%5Etfw\">@ride100percent<\/a> <a href=\"https:\/\/t.co\/Ivw4lHgxeg\">pic.twitter.com\/Ivw4lHgxeg<\/a><\/p>\n<p>&mdash; Peter Sagan (@petosagan) <a href=\"https:\/\/twitter.com\/petosagan\/status\/1055773452148322305?ref_src=twsrc%5Etfw\">October 26, 2018<\/a><\/p><\/blockquote>\n<p><script async data-src=\"https:\/\/platform.twitter.com\/widgets.js\" charset=\"utf-8\"><\/script><\/div>\n<h2><strong>Tour de France zverejnila tra\u0165 pre rok 2019<\/strong><\/h2>\n<p>Ve\u013ek\u00fd sviatok cyklistiky, v ktorom aj tento rok <a href=\"https:\/\/www.welovecycling.com\/sk\/2018\/10\/19\/saganova-sezona-2018\/\">Peter Sagan<\/a> z\u00edskal, u\u017e po \u0161iestykr\u00e1t, zelen\u00fd dres, predstavil v posledn\u00fdch d\u0148och tra\u0165 pre ro\u010dn\u00edk 2019. U\u017e 106. ro\u010dn\u00edk Tour prinesie <strong>nejedno zauj\u00edmav\u00e9 st\u00fapanie<\/strong>, napr\u00edklad povestn\u00fd Col du Tourmalet, Col du Galibier \u010di Val Thorens a in\u00e9. S\u00fa\u010das\u0165ou bude aj <strong>jedna t\u00edmov\u00e1 a jedna individu\u00e1lna \u010dasovka<\/strong>.<\/p>\n<lite-youtube videoid=hAOmdacylVY params=\"enablejsapi=1\" style=\"background-image: url('https:\/\/i.ytimg.com\/vi_webp\/hAOmdacylVY\/maxresdefault.webp');\"><\/lite-youtube>\n<h2><strong>Yates v\u00ed\u0165az sez\u00f3ny 2018 v rebr\u00ed\u010dku UCI World Tour<\/strong><\/h2>\n<p>Angli\u010dan <strong>Simon Yates<\/strong> aj v\u010faka zisku \u010derven\u00e9ho dresu \u010di v\u00ed\u0165aznej etape na La Vuelte a in\u00fdch podujatiach, nazbieral dostatok bodov, aby v celkovom hodnoten\u00ed <strong>predbehol Petra Sagana<\/strong>. Jeho v\u00fdsledn\u00e9 sk\u00f3re \u010din\u00ed 3 072 bodov, zatia\u013e \u010do Slov\u00e1k stratil len 80 bodov, \u010d\u00edm mu prin\u00e1le\u017e\u00ed 2. miesto. Na tretej poz\u00edcii skon\u010dil s\u00fa\u010dasn\u00fd majster sveta z Innsbrucku, \u0160paniel Valverde, s 2 609 bodmi.<\/p>\n<p><a href=\"https:\/\/d2p6e6u75xmxt8.cloudfront.net\/4\/2018\/10\/02-2.jpg\"><img loading=\"lazy\" decoding=\"async\" class=\"alignnone size-full wp-image-5310\" src=\"https:\/\/d2p6e6u75xmxt8.cloudfront.net\/4\/2018\/10\/02-2.jpg\" alt=\"\" width=\"1200\" height=\"800\" \/><\/a><\/p>\n<h2><strong>\u0160print\u00e9rske prestupy do \u010fal\u0161\u00edch sez\u00f3n<\/strong><\/h2>\n<p>Koniec sez\u00f3ny je u\u017e tradi\u010dne obdob\u00edm predl\u017eovania kontraktov alebo podpisovan\u00edm nov\u00fdch. Zatia\u013e \u010do <strong>Peter Sagan ost\u00e1va v BORA-hansgrohe e\u0161te minim\u00e1lne do roku 2021<\/strong>, Kolumbij\u010dan Gaviria odch\u00e1dza z Quick-Step Floors na \u201ebl\u00edzky V\u00fdchod\u201c, teda do t\u00edmu UAE Team Emirates, na cel\u00e9 3 roky. Aj Giacomo Nizzolo povedal \u201eposledn\u00e9 zbohom\u201c celku Trek-Segafredo a podp\u00edsal nov\u00fa, 2-ro\u010dn\u00fa zmluvu s t\u00edmom Dimension Data, v ktorom p\u00f4sob\u00ed aj Mark Cavendish.<\/p>\n<p><a href=\"https:\/\/d2p6e6u75xmxt8.cloudfront.net\/4\/2018\/10\/03-2.jpg\"><img loading=\"lazy\" decoding=\"async\" class=\"alignnone size-full wp-image-5311\" src=\"https:\/\/d2p6e6u75xmxt8.cloudfront.net\/4\/2018\/10\/03-2.jpg\" alt=\"\" width=\"1200\" height=\"800\" \/><\/a><\/p>\n<h2><strong>Tureck\u00e9 etapov\u00e9 preteky v hrsti Bennetta<\/strong><\/h2>\n<p>Aj ke\u010f Bennettovi (BORA-hansgrohe) uniklo v\u00ed\u0165azstvo v celkovom porad\u00ed, zaiste bol jednou z naj\u00faspe\u0161nej\u0161\u00edch osobnost\u00ed na 54. ro\u010dn\u00edku <strong>Presidential Cycling Tour of Turkey<\/strong>. 3 etapov\u00e9 v\u00ed\u0165azstva s\u00fa toho nepochybn\u00fdm d\u00f4kazom. Prv\u00e9 v rovinatej 2. etape, druh\u00e9 hne\u010f v tej nasleduj\u00facej, ktor\u00e1 svoj\u00edm profilom u\u017e zah\u0155\u0148ala aj st\u00fapania. Posledn\u00e9, teda tretie, vybojoval v 6. etape, kon\u010diacej v Istanbule, ke\u010f s\u00f3lov\u00fdm dojazdom zdolal Pradesa (Euskadi Murias). V celkovom porad\u00ed sa v\u0161ak umiestnil a\u017e na 91. mieste, so stratou necel\u00fdch 12 min\u00fat.<\/p>\n<p><a href=\"https:\/\/d2p6e6u75xmxt8.cloudfront.net\/4\/2018\/10\/04-2.jpg\"><img loading=\"lazy\" decoding=\"async\" class=\"alignnone size-full wp-image-5312\" src=\"https:\/\/d2p6e6u75xmxt8.cloudfront.net\/4\/2018\/10\/04-2.jpg\" alt=\"\" width=\"1200\" height=\"800\" \/><\/a><\/p>\n<h2><strong>B\u00fdval\u00fd mana\u017e\u00e9r Lanca Armstronga vyl\u00fa\u010den\u00fd z cyklistiky na do\u017eivotie<\/strong><\/h2>\n<p>Cyklistika nebola (a asi ani nebude) len o fair play zm\u00fd\u0161\u013eaj\u00facich jednotlivcoch. Kauza Lanca Armstronga u\u017e pomaly zapadla prachom, av\u0161ak jeho mana\u017e\u00e9r, <strong>Johan Bruyneel<\/strong>, ktor\u00fd mal 10-ro\u010dn\u00fd z\u00e1kaz p\u00f4sobi\u0165 v \u0161porte od roku 2012, sa do\u010dkal v posledn\u00fdch d\u0148och omnoho tvrd\u0161ieho postihu zo strany CAS (Court of Arbitration for Sport), a to z\u00e1kazu do konca \u017eivota.<\/p>\n<p><a href=\"https:\/\/d2p6e6u75xmxt8.cloudfront.net\/4\/2018\/10\/08-2.jpg\"><img loading=\"lazy\" decoding=\"async\" class=\"alignnone size-full wp-image-5313\" src=\"https:\/\/d2p6e6u75xmxt8.cloudfront.net\/4\/2018\/10\/08-2.jpg\" alt=\"\" width=\"1200\" height=\"800\" \/><\/a><\/p>\n<h2><strong>Dr\u00e1hov\u00e1 n\u00e1dej, Al\u017ebeta Ba\u010d\u00edkov\u00e1, bodovala v Par\u00ed\u017ei<\/strong><\/h2>\n<p>Slovensk\u00e1 reprezent\u00e1cia sa uk\u00e1zala v Par\u00ed\u017ei, kde sa uskuto\u010dnili dr\u00e1hov\u00e9 preteky. Al\u017ebeta Ba\u010d\u00edkov\u00e1 sa v omniu <strong>umiestnila na 19. mieste<\/strong>, za ktor\u00e9 z\u00edskala 100 bodov v kvalifik\u00e1cii na Olympijsk\u00e9 hry. Tohto podujatia sa z\u00fa\u010dastnili aj Andrej Strmiska \u010di \u0160tefan Michali\u010dka.<\/p>\n<p><a href=\"https:\/\/d2p6e6u75xmxt8.cloudfront.net\/4\/2018\/10\/05-1.jpg\"><img loading=\"lazy\" decoding=\"async\" class=\"alignnone size-full wp-image-5314\" src=\"https:\/\/d2p6e6u75xmxt8.cloudfront.net\/4\/2018\/10\/05-1.jpg\" alt=\"\" width=\"1200\" height=\"800\" \/><\/a><\/p>\n<h2><strong>Extr\u00e9mny Red Bull Rampage m\u00e1 svojho v\u00ed\u0165aza<\/strong><\/h2>\n<p>Horsk\u00e1 cyklistika m\u00e1 mnoho podobn\u00e9ho s cestnou, ale predsa len sa v nie\u010dom odli\u0161uje. Snaha predvies\u0165 najodv\u00e1\u017enej\u0161iu a z\u00e1rove\u0148 technicky n\u00e1ro\u010dn\u00fa jazdu, to je asi k\u013e\u00fa\u010dov\u00e1 \u010drta podujatia Red Bull Rampage. Tradi\u010dn\u00e9 miesto v Utahu (USA) hostilo u\u017e 13. ro\u010dn\u00edk t\u00fdchto prest\u00ed\u017enych pretekov. V\u00ed\u0165azn\u00fa kombin\u00e1ciu predviedol <strong>Brett Rheeder<\/strong>, ktor\u00fd z\u00edskal 89,66 bodu &#8211; len o 2,33 bodov viac, ne\u017e druh\u00fd Andreu Lacondeguy. Na\u0161\u0165astie, \u017eiadne v\u00e1\u017enej\u0161ie \u00farazy jazdcov nesprev\u00e1dzali.<\/p>\n<lite-youtube videoid=8A87ZSpMxSM params=\"enablejsapi=1\" style=\"background-image: url('https:\/\/i.ytimg.com\/vi_webp\/8A87ZSpMxSM\/maxresdefault.webp');\"><\/lite-youtube>\n<h2><strong>Jolanda Neff prestupuje do Trek Factory Racing<\/strong><\/h2>\n<p>\u0160vaj\u010diarska jednotka, nieko\u013ekon\u00e1sobn\u00e1 v\u00ed\u0165azka svetov\u00e9ho poh\u00e1ra v cross-country horsk\u00fdch bicyklov, \u010di majsterka sveta v rovnakej discipl\u00edne, men\u00ed pre rok 2019 t\u00edm. Z doteraj\u0161ieho Kross Racing Team, prest\u00fapila do medi\u00e1lnej\u0161ie zn\u00e1mej\u0161ieho <strong>Trek Factory Racing<\/strong>. V tomto t\u00edme bude preteka\u0165 po boku rovnako talentovanej Emily Batty.<\/p>\n<p><a href=\"https:\/\/d2p6e6u75xmxt8.cloudfront.net\/4\/2018\/10\/06-1.jpg\"><img loading=\"lazy\" decoding=\"async\" class=\"alignnone size-full wp-image-5315\" src=\"https:\/\/d2p6e6u75xmxt8.cloudfront.net\/4\/2018\/10\/06-1.jpg\" alt=\"\" width=\"1200\" height=\"800\" \/><\/a><\/p>\n<h2><strong>Slovensk\u00fd poh\u00e1r v cyklokrose (\u010diasto\u010dne) zaraden\u00fd do kateg\u00f3rie UCI C2<\/strong><\/h2>\n<p>20. okt\u00f3bra sa v Podbrezovej uskuto\u010dnilo u\u017e 4. kolo Slovensk\u00e9ho poh\u00e1ra v cyklokrose, v ktorom sa v\u00ed\u0165azne predstavil Belgi\u010dan <strong>Braam Merlier<\/strong>, ktor\u00e9mu sekundoval dom\u00e1ci jazdec Ondrej Glajza s minim\u00e1lnym odstupom. Zo Slov\u00e1kov sa ako <strong>2.<\/strong> (celkovo v\u0161ak na 4. mieste) umiestnil <strong>Martin Haring<\/strong>, \u0161es\u0165n\u00e1sobn\u00fd majster Slovenskej republiky v cyklokrose.<\/p>\n<p><a href=\"https:\/\/d2p6e6u75xmxt8.cloudfront.net\/4\/2018\/10\/07-1.jpg\"><img loading=\"lazy\" decoding=\"async\" class=\"alignnone size-full wp-image-5316\" src=\"https:\/\/d2p6e6u75xmxt8.cloudfront.net\/4\/2018\/10\/07-1.jpg\" alt=\"\" width=\"1200\" height=\"800\" \/><\/a><\/p>\n<p>S\u00fa\u010das\u0165ou cyklistiky s\u00fa vesel\u00e9 a niekedy aj smutn\u00e9 spr\u00e1vy. Neh\u013eadiac na to, st\u00e1le si m\u00f4\u017eeme poveda\u0165, \u017ee tie pozit\u00edvne prevl\u00e1daj\u00fa v ne\u00famerne v\u00e4\u010d\u0161ej miere. Sez\u00f3na sa u\u017e skon\u010dila, av\u0161ak t\u00fa <strong>cyklokrosov\u00fa e\u0161te len \u010dak\u00e1 jej vrchol<\/strong>. Ak sa aj vy vyd\u00e1te v dne\u0161n\u00fdch d\u0148och do lesa \u010di na cestu, nezabudnite nejak\u00fa t\u00fa pl\u00e1\u0161tenku, ke\u010f\u017ee zima u\u017e klope na dvere a bolo by nepr\u00edjemn\u00e9 pre\u010dka\u0165 toto obdobie medzi \u0161tyrmi stenami. O mesiac sme tu znova, s desiatkou zauj\u00edmavost\u00ed z mesiaca november.<\/p>\n<p>(Zdroje foto: twitter.com, cyklistikaszc.sk, facebook.com, instagram.com)<\/p>\n","protected":false},"excerpt":{"rendered":"<p>Ke\u010f\u017ee m\u00e1me radi jednoduch\u00e9, kompaktn\u00e9 a zauj\u00edmav\u00e9 \u010dl\u00e1nky, pripravili sme si pre v\u00e1s kr\u00e1tky sum\u00e1r z mesiaca okt\u00f3ber, z toho, [&hellip;]<\/p>\n","protected":false},"author":38,"featured_media":5318,"comment_status":"open","ping_status":"open","sticky":false,"template":"","format":"standard","meta":{"footnotes":""},"categories":[4,3,34],"tags":[160,115,331,180,286,640,412,46,179,598,302,304,152,20,642,641],"global-categories":[],"class_list":["post-5306","post","type-post","status-publish","format-standard","has-post-thumbnail","hentry","category-cestna-cyklisitika","category-mtb","category-podujatia","tag-bora-hansgrohe","tag-cestna-cyklistika","tag-etapove-preteky","tag-horska-cyklistika","tag-jesen","tag-martin-haring","tag-mtb","tag-peter-sagan","tag-preteky","tag-rakusko","tag-red-bull","tag-rampage","tag-simon-yates","tag-tour-de-france","tag-turecko","tag-xc"],"yoast_head":"<!-- This site is optimized with the Yoast SEO Premium plugin v25.3 (Yoast SEO v25.9) - https:\/\/yoast.com\/wordpress\/plugins\/seo\/ -->\n<title>Mesa\u010dn\u00e1 desiatka \u2013 \u010do sa po\u010das okt\u00f3bra udialo v cyklistickom svete? - \u0160koda We Love Cycling Slovensko<\/title>\n<meta name=\"robots\" content=\"index, follow, max-snippet:-1, max-image-preview:large, max-video-preview:-1\" \/>\n<link rel=\"canonical\" href=\"https:\/\/www.welovecycling.com\/sk\/2018\/10\/30\/mesacna-desiatka-co-sa-pocas-oktobra-udialo-v-cyklistickom-svete\/\" \/>\n<meta property=\"og:locale\" content=\"sk_SK\" \/>\n<meta property=\"og:type\" content=\"article\" \/>\n<meta property=\"og:title\" content=\"Mesa\u010dn\u00e1 desiatka \u2013 \u010do sa po\u010das okt\u00f3bra udialo v cyklistickom svete?\" \/>\n<meta property=\"og:description\" content=\"Ke\u010f\u017ee m\u00e1me radi jednoduch\u00e9, kompaktn\u00e9 a zauj\u00edmav\u00e9 \u010dl\u00e1nky, pripravili sme si pre v\u00e1s kr\u00e1tky sum\u00e1r z mesiaca okt\u00f3ber, z toho, [&hellip;]\" \/>\n<meta property=\"og:url\" content=\"https:\/\/www.welovecycling.com\/sk\/2018\/10\/30\/mesacna-desiatka-co-sa-pocas-oktobra-udialo-v-cyklistickom-svete\/\" \/>\n<meta property=\"og:site_name\" content=\"\u0160koda We Love Cycling Slovensko\" \/>\n<meta property=\"article:published_time\" content=\"2018-10-30T10:17:02+00:00\" \/>\n<meta property=\"article:modified_time\" content=\"2018-12-05T11:43:55+00:00\" \/>\n<meta property=\"og:image\" content=\"https:\/\/d2p6e6u75xmxt8.cloudfront.net\/4\/2018\/10\/sa.webp\" \/>\n\t<meta property=\"og:image:width\" content=\"1380\" \/>\n\t<meta property=\"og:image:height\" content=\"600\" \/>\n\t<meta property=\"og:image:type\" content=\"image\/webp\" \/>\n<meta name=\"author\" content=\"Ondrej Ga\u0161par\" \/>\n<meta name=\"twitter:card\" content=\"summary_large_image\" \/>\n<meta name=\"twitter:label1\" content=\"Written by\" \/>\n\t<meta name=\"twitter:data1\" content=\"We Love Cycling\" \/>\n\t<meta name=\"twitter:label2\" content=\"Est. reading time\" \/>\n\t<meta name=\"twitter:data2\" content=\"6\" \/>\n<script type=\"application\/ld+json\" class=\"yoast-schema-graph\">{\"@context\":\"https:\/\/schema.org\",\"@graph\":[{\"@type\":\"WebPage\",\"@id\":\"https:\/\/www.welovecycling.com\/sk\/2018\/10\/30\/mesacna-desiatka-co-sa-pocas-oktobra-udialo-v-cyklistickom-svete\/\",\"url\":\"https:\/\/www.welovecycling.com\/sk\/2018\/10\/30\/mesacna-desiatka-co-sa-pocas-oktobra-udialo-v-cyklistickom-svete\/\",\"name\":\"Mesa\u010dn\u00e1 desiatka \u2013 \u010do sa po\u010das okt\u00f3bra udialo v cyklistickom svete? - \u0160koda We Love Cycling Slovensko\",\"isPartOf\":{\"@id\":\"https:\/\/www.welovecycling.com\/sk\/#website\"},\"primaryImageOfPage\":{\"@id\":\"https:\/\/www.welovecycling.com\/sk\/2018\/10\/30\/mesacna-desiatka-co-sa-pocas-oktobra-udialo-v-cyklistickom-svete\/#primaryimage\"},\"image\":{\"@id\":\"https:\/\/www.welovecycling.com\/sk\/2018\/10\/30\/mesacna-desiatka-co-sa-pocas-oktobra-udialo-v-cyklistickom-svete\/#primaryimage\"},\"thumbnailUrl\":\"https:\/\/d2p6e6u75xmxt8.cloudfront.net\/4\/2018\/10\/sa.webp\",\"datePublished\":\"2018-10-30T10:17:02+00:00\",\"dateModified\":\"2018-12-05T11:43:55+00:00\",\"author\":{\"@id\":\"https:\/\/www.welovecycling.com\/sk\/#\/schema\/person\/8ee09ba39b7e25b1870160aa5b3a89bc\"},\"breadcrumb\":{\"@id\":\"https:\/\/www.welovecycling.com\/sk\/2018\/10\/30\/mesacna-desiatka-co-sa-pocas-oktobra-udialo-v-cyklistickom-svete\/#breadcrumb\"},\"inLanguage\":\"sk-SK\",\"potentialAction\":[{\"@type\":\"ReadAction\",\"target\":[\"https:\/\/www.welovecycling.com\/sk\/2018\/10\/30\/mesacna-desiatka-co-sa-pocas-oktobra-udialo-v-cyklistickom-svete\/\"]}]},{\"@type\":\"ImageObject\",\"inLanguage\":\"sk-SK\",\"@id\":\"https:\/\/www.welovecycling.com\/sk\/2018\/10\/30\/mesacna-desiatka-co-sa-pocas-oktobra-udialo-v-cyklistickom-svete\/#primaryimage\",\"url\":\"https:\/\/d2p6e6u75xmxt8.cloudfront.net\/4\/2018\/10\/sa.webp\",\"contentUrl\":\"https:\/\/d2p6e6u75xmxt8.cloudfront.net\/4\/2018\/10\/sa.webp\",\"width\":1380,\"height\":600},{\"@type\":\"BreadcrumbList\",\"@id\":\"https:\/\/www.welovecycling.com\/sk\/2018\/10\/30\/mesacna-desiatka-co-sa-pocas-oktobra-udialo-v-cyklistickom-svete\/#breadcrumb\",\"itemListElement\":[{\"@type\":\"ListItem\",\"position\":1,\"name\":\"Home\",\"item\":\"https:\/\/www.welovecycling.com\/sk\/\"},{\"@type\":\"ListItem\",\"position\":2,\"name\":\"Mesa\u010dn\u00e1 desiatka \u2013 \u010do sa po\u010das okt\u00f3bra udialo v cyklistickom svete?\"}]},{\"@type\":\"WebSite\",\"@id\":\"https:\/\/www.welovecycling.com\/sk\/#website\",\"url\":\"https:\/\/www.welovecycling.com\/sk\/\",\"name\":\"\u0160koda We Love Cycling Slovensko\",\"description\":\"\u0160koda We Love Cycling Slovensko je v\u00e1\u0161 ka\u017edodenn\u00fd zdroj noviniek a in\u0161pir\u00e1cie z sveta cyklistiky\",\"potentialAction\":[{\"@type\":\"SearchAction\",\"target\":{\"@type\":\"EntryPoint\",\"urlTemplate\":\"https:\/\/www.welovecycling.com\/sk\/?s={search_term_string}\"},\"query-input\":{\"@type\":\"PropertyValueSpecification\",\"valueRequired\":true,\"valueName\":\"search_term_string\"}}],\"inLanguage\":\"sk-SK\"},{\"@type\":\"Person\",\"@id\":\"https:\/\/www.welovecycling.com\/sk\/#\/schema\/person\/8ee09ba39b7e25b1870160aa5b3a89bc\",\"name\":\"Ondrej Ga\u0161par\",\"image\":{\"@type\":\"ImageObject\",\"inLanguage\":\"sk-SK\",\"@id\":\"https:\/\/www.welovecycling.com\/sk\/#\/schema\/person\/image\/\",\"url\":\"https:\/\/secure.gravatar.com\/avatar\/6126c9afb87b70da5abbb083ddbb21933da15f18f8ca7cb822aba0fb096a48f6?s=96&d=mm&r=g\",\"contentUrl\":\"https:\/\/secure.gravatar.com\/avatar\/6126c9afb87b70da5abbb083ddbb21933da15f18f8ca7cb822aba0fb096a48f6?s=96&d=mm&r=g\",\"caption\":\"Ondrej Ga\u0161par\"},\"url\":\"https:\/\/www.welovecycling.com\/sk\/author\/ondrejgaspar\/\"}]}<\/script>\n<!-- \/ Yoast SEO Premium plugin. -->","yoast_head_json":{"title":"Mesa\u010dn\u00e1 desiatka \u2013 \u010do sa po\u010das okt\u00f3bra udialo v cyklistickom svete? - \u0160koda We Love Cycling Slovensko","robots":{"index":"index","follow":"follow","max-snippet":"max-snippet:-1","max-image-preview":"max-image-preview:large","max-video-preview":"max-video-preview:-1"},"canonical":"https:\/\/www.welovecycling.com\/sk\/2018\/10\/30\/mesacna-desiatka-co-sa-pocas-oktobra-udialo-v-cyklistickom-svete\/","og_locale":"sk_SK","og_type":"article","og_title":"Mesa\u010dn\u00e1 desiatka \u2013 \u010do sa po\u010das okt\u00f3bra udialo v cyklistickom svete?","og_description":"Ke\u010f\u017ee m\u00e1me radi jednoduch\u00e9, kompaktn\u00e9 a zauj\u00edmav\u00e9 \u010dl\u00e1nky, pripravili sme si pre v\u00e1s kr\u00e1tky sum\u00e1r z mesiaca okt\u00f3ber, z toho, [&hellip;]","og_url":"https:\/\/www.welovecycling.com\/sk\/2018\/10\/30\/mesacna-desiatka-co-sa-pocas-oktobra-udialo-v-cyklistickom-svete\/","og_site_name":"\u0160koda We Love Cycling Slovensko","article_published_time":"2018-10-30T10:17:02+00:00","article_modified_time":"2018-12-05T11:43:55+00:00","og_image":[{"width":1380,"height":600,"url":"https:\/\/d2p6e6u75xmxt8.cloudfront.net\/4\/2018\/10\/sa.webp","type":"image\/webp"}],"author":"Ondrej Ga\u0161par","twitter_card":"summary_large_image","twitter_misc":{"Written by":"We Love Cycling","Est. reading time":"6"},"schema":{"@context":"https:\/\/schema.org","@graph":[{"@type":"WebPage","@id":"https:\/\/www.welovecycling.com\/sk\/2018\/10\/30\/mesacna-desiatka-co-sa-pocas-oktobra-udialo-v-cyklistickom-svete\/","url":"https:\/\/www.welovecycling.com\/sk\/2018\/10\/30\/mesacna-desiatka-co-sa-pocas-oktobra-udialo-v-cyklistickom-svete\/","name":"Mesa\u010dn\u00e1 desiatka \u2013 \u010do sa po\u010das okt\u00f3bra udialo v cyklistickom svete? - \u0160koda We Love Cycling Slovensko","isPartOf":{"@id":"https:\/\/www.welovecycling.com\/sk\/#website"},"primaryImageOfPage":{"@id":"https:\/\/www.welovecycling.com\/sk\/2018\/10\/30\/mesacna-desiatka-co-sa-pocas-oktobra-udialo-v-cyklistickom-svete\/#primaryimage"},"image":{"@id":"https:\/\/www.welovecycling.com\/sk\/2018\/10\/30\/mesacna-desiatka-co-sa-pocas-oktobra-udialo-v-cyklistickom-svete\/#primaryimage"},"thumbnailUrl":"https:\/\/d2p6e6u75xmxt8.cloudfront.net\/4\/2018\/10\/sa.webp","datePublished":"2018-10-30T10:17:02+00:00","dateModified":"2018-12-05T11:43:55+00:00","author":{"@id":"https:\/\/www.welovecycling.com\/sk\/#\/schema\/person\/8ee09ba39b7e25b1870160aa5b3a89bc"},"breadcrumb":{"@id":"https:\/\/www.welovecycling.com\/sk\/2018\/10\/30\/mesacna-desiatka-co-sa-pocas-oktobra-udialo-v-cyklistickom-svete\/#breadcrumb"},"inLanguage":"sk-SK","potentialAction":[{"@type":"ReadAction","target":["https:\/\/www.welovecycling.com\/sk\/2018\/10\/30\/mesacna-desiatka-co-sa-pocas-oktobra-udialo-v-cyklistickom-svete\/"]}]},{"@type":"ImageObject","inLanguage":"sk-SK","@id":"https:\/\/www.welovecycling.com\/sk\/2018\/10\/30\/mesacna-desiatka-co-sa-pocas-oktobra-udialo-v-cyklistickom-svete\/#primaryimage","url":"https:\/\/d2p6e6u75xmxt8.cloudfront.net\/4\/2018\/10\/sa.webp","contentUrl":"https:\/\/d2p6e6u75xmxt8.cloudfront.net\/4\/2018\/10\/sa.webp","width":1380,"height":600},{"@type":"BreadcrumbList","@id":"https:\/\/www.welovecycling.com\/sk\/2018\/10\/30\/mesacna-desiatka-co-sa-pocas-oktobra-udialo-v-cyklistickom-svete\/#breadcrumb","itemListElement":[{"@type":"ListItem","position":1,"name":"Home","item":"https:\/\/www.welovecycling.com\/sk\/"},{"@type":"ListItem","position":2,"name":"Mesa\u010dn\u00e1 desiatka \u2013 \u010do sa po\u010das okt\u00f3bra udialo v cyklistickom svete?"}]},{"@type":"WebSite","@id":"https:\/\/www.welovecycling.com\/sk\/#website","url":"https:\/\/www.welovecycling.com\/sk\/","name":"\u0160koda We Love Cycling Slovensko","description":"\u0160koda We Love Cycling Slovensko je v\u00e1\u0161 ka\u017edodenn\u00fd zdroj noviniek a in\u0161pir\u00e1cie z sveta cyklistiky","potentialAction":[{"@type":"SearchAction","target":{"@type":"EntryPoint","urlTemplate":"https:\/\/www.welovecycling.com\/sk\/?s={search_term_string}"},"query-input":{"@type":"PropertyValueSpecification","valueRequired":true,"valueName":"search_term_string"}}],"inLanguage":"sk-SK"},{"@type":"Person","@id":"https:\/\/www.welovecycling.com\/sk\/#\/schema\/person\/8ee09ba39b7e25b1870160aa5b3a89bc","name":"Ondrej Ga\u0161par","image":{"@type":"ImageObject","inLanguage":"sk-SK","@id":"https:\/\/www.welovecycling.com\/sk\/#\/schema\/person\/image\/","url":"https:\/\/secure.gravatar.com\/avatar\/6126c9afb87b70da5abbb083ddbb21933da15f18f8ca7cb822aba0fb096a48f6?s=96&d=mm&r=g","contentUrl":"https:\/\/secure.gravatar.com\/avatar\/6126c9afb87b70da5abbb083ddbb21933da15f18f8ca7cb822aba0fb096a48f6?s=96&d=mm&r=g","caption":"Ondrej Ga\u0161par"},"url":"https:\/\/www.welovecycling.com\/sk\/author\/ondrejgaspar\/"}]}},"_links":{"self":[{"href":"https:\/\/www.welovecycling.com\/sk\/wp-json\/wp\/v2\/posts\/5306","targetHints":{"allow":["GET"]}}],"collection":[{"href":"https:\/\/www.welovecycling.com\/sk\/wp-json\/wp\/v2\/posts"}],"about":[{"href":"https:\/\/www.welovecycling.com\/sk\/wp-json\/wp\/v2\/types\/post"}],"author":[{"embeddable":true,"href":"https:\/\/www.welovecycling.com\/sk\/wp-json\/wp\/v2\/users\/38"}],"replies":[{"embeddable":true,"href":"https:\/\/www.welovecycling.com\/sk\/wp-json\/wp\/v2\/comments?post=5306"}],"version-history":[{"count":2,"href":"https:\/\/www.welovecycling.com\/sk\/wp-json\/wp\/v2\/posts\/5306\/revisions"}],"predecessor-version":[{"id":5648,"href":"https:\/\/www.welovecycling.com\/sk\/wp-json\/wp\/v2\/posts\/5306\/revisions\/5648"}],"wp:featuredmedia":[{"embeddable":true,"href":"https:\/\/www.welovecycling.com\/sk\/wp-json\/wp\/v2\/media\/5318"}],"wp:attachment":[{"href":"https:\/\/www.welovecycling.com\/sk\/wp-json\/wp\/v2\/media?parent=5306"}],"wp:term":[{"taxonomy":"category","embeddable":true,"href":"https:\/\/www.welovecycling.com\/sk\/wp-json\/wp\/v2\/categories?post=5306"},{"taxonomy":"post_tag","embeddable":true,"href":"https:\/\/www.welovecycling.com\/sk\/wp-json\/wp\/v2\/tags?post=5306"},{"taxonomy":"global-categories","embeddable":true,"href":"https:\/\/www.welovecycling.com\/sk\/wp-json\/wp\/v2\/global-categories?post=5306"}],"curies":[{"name":"wp","href":"https:\/\/api.w.org\/{rel}","templated":true}]}}