{"id":5287,"date":"2018-10-25T12:46:30","date_gmt":"2018-10-25T10:46:30","guid":{"rendered":"https:\/\/www.welovecycling.com\/sk\/?p=5287"},"modified":"2018-10-25T12:46:30","modified_gmt":"2018-10-25T10:46:30","slug":"skoda-bike-open-tour-aky-bol-rocnik-2018","status":"publish","type":"post","link":"https:\/\/www.welovecycling.com\/sk\/2018\/10\/25\/skoda-bike-open-tour-aky-bol-rocnik-2018\/","title":{"rendered":"\u0160koda BIKE OPEN TOUR &#8211; ak\u00fd bol ro\u010dn\u00edk 2018?"},"content":{"rendered":"<p><strong>Ani sme sa nenazdali a\u00a0op\u00e4\u0165 raz sa n\u00e1m ch\u00fdli rok ku koncu. Cyklistick\u00e1 sez\u00f3na pre niektor\u00fdch v\u00f4bec nekon\u010d\u00ed, av\u0161ak s\u00e9ria \u0160koda BIKE OPEN TOUR u\u017e to m\u00e1, pre tento rok, za sebou. Na v\u00e1\u0161niv\u00fdch cyklistov \u010dakalo celkovo 6 podujat\u00ed, na ktor\u00fdch si mohli pomera\u0165 sily nielen sami so sebou, ale aj s\u00a0\u010fal\u0161\u00edmi bikermi, zdie\u013eaj\u00facimi rovnak\u00fa \u201ekrvn\u00fa skupinu\u201c. Po\u010fme sa teba pozrie\u0165, ako to cel\u00e9 vyzeralo.<\/strong><!--more--><\/p>\n<h2><strong>\u0160koda Sv\u00e4tojursk\u00fd MTB marat\u00f3n \u2013 28.4.2018<\/strong><\/h2>\n<p>Prv\u00fdm marat\u00f3nom v\u00a0tomto ro\u010dn\u00edku bol <a href=\"https:\/\/www.welovecycling.com\/sk\/2018\/04\/30\/reportaz-skoda-svatojursky-mtb-maraton-uvod-sezony-na-jednotku\/\">\u0160koda Sv\u00e4tojursk\u00fd MTB marat\u00f3n<\/a><\/strong>, ktor\u00fd sa kon\u00e1 na z\u00e1padnom konci na\u0161ej republiky. Koncom apr\u00edla u\u017e bolo mo\u017en\u00e9 o\u010dak\u00e1va\u0165 pr\u00edjemn\u00e9 teploty, motivuj\u00face jazdcov k\u00a0lep\u0161\u00edm v\u00fdkonom. \u00davodn\u00e9 preteky boli taktie\u017e zrkadlom toho, ako sa ten-ktor\u00fd pretek\u00e1r pripravoval po\u010das zimn\u00fdch mesiacov. Aj v\u010faka r\u00fdchlej\u0161iemu profilu trate, spojenom s\u00a0ide\u00e1lnymi podmienkami povrchu, bol tento ro\u010dn\u00edk uk\u00e1\u017ekov\u00fd. \u00da\u010dastn\u00edci mali na v\u00fdber z\u00a03 trat\u00ed: 70 km s\u00a02 000 m prev\u00fd\u0161en\u00edm, 42 km s\u00a01 200 m prev\u00fd\u0161en\u00edm a\u00a021 km s\u00a0550 v\u00fd\u0161kov\u00fdmi metrami. <strong>V\u00ed\u0165azne odch\u00e1dzal Tom\u00e1\u0161 Vi\u0161\u0148ovsk\u00fd<\/strong> s\u00a0\u010dasom 2:39 h. Medzi \u017eenami vyhrala dlhoro\u010dn\u00e1 pretek\u00e1rka, <strong>Janka Keseg \u0160tevkov\u00e1<\/strong> za 3:18 h. Zatia\u013e, \u010do jazdci bojovali na trati, ich rodinn\u00ed pr\u00edslu\u0161n\u00edci sa mohli te\u0161i\u0165 z\u00a0bohat\u00e9ho sprievodn\u00e9ho programu \u2013 detsk\u00fdch pretekov a\u00a0in\u00fdch atrakci\u00ed.<\/p>\n<lite-youtube videoid=m235-Jiffjk params=\"enablejsapi=1\" style=\"background-image: url('https:\/\/i.ytimg.com\/vi_webp\/m235-Jiffjk\/maxresdefault.webp');\"><\/lite-youtube>\n<h2><strong>\u0160koda Doh\u0148any \u2013 P\u00fachov Trophy \u2013 19.5.2018<\/strong><\/h2>\n<p>Aj ke\u010f po\u010das prv\u00e9ho kola \u0160BOT panovalo pr\u00edjemn\u00e9 po\u010dasie, organiz\u00e1tori toho druh\u00e9ho, <a href=\"https:\/\/www.welovecycling.com\/sk\/2018\/05\/22\/reportaz-skoda-dohnany-puchov-trophy-ked-sa-pocasie-postara-o-poriadnu-zabavu\/\">\u0160koda Doh\u0148any \u2013 P\u00fachov Trophy<\/a>, nemali to\u013eko \u0161\u0165astia. V\u00fddatn\u00e9 preh\u00e1nky pozmenili charakter trate a\u00a0postarali sa o\u00a0bonusov\u00e9 spestrenie. Na\u0161\u0165astie, ani tieto progn\u00f3zy neodradili mno\u017estvo pretek\u00e1rov, ktor\u00ed si mohli vybra\u0165 z\u00a03 rozli\u010dn\u00fdch d\u013a\u017eok trate. Menovite najdlh\u0161ia 59 km tra\u0165 s\u00a01 700 m prev\u00fd\u0161en\u00edm bola nasledovan\u00e1 40 km tra\u0165ou s\u00a01 300 nast\u00fapan\u00fdmi metrami a\u00a0najkrat\u0161ou bola 16 km tra\u0165, na ktorej jazdci zdolali 400 v\u00fd\u0161kov\u00fdch metrov. <strong>V\u00ed\u0165azom sa stal Karel Hartl<\/strong> v\u00a0\u010dase 2:43 h a medzi \u017eenami <strong>Zuzana Pal\u00fachov\u00e1<\/strong> za 4:03 h. Po\u010das pretekov mohli rodiny aj s najmen\u0161\u00ed \u00fa\u010dastn\u00edkmi vyu\u017e\u00edva\u0165 z\u00e1zemie pripraven\u00e9 organiz\u00e1tormi.<\/p>\n<lite-youtube videoid=BMV-SkZ9D6U params=\"enablejsapi=1\" style=\"background-image: url('https:\/\/i.ytimg.com\/vi_webp\/BMV-SkZ9D6U\/maxresdefault.webp');\"><\/lite-youtube>\n<h2><strong>AUTHOR \u0160koda Bikemarat\u00f3n S\u00fa\u013eovsk\u00e9 skaly \u2013 23.6.2018<\/strong><\/h2>\n<p>U\u017e tradi\u010dne sa jazdci mohli te\u0161i\u0165 na 20. ro\u010dn\u00edk marat\u00f3nu v\u00a0unik\u00e1tnom prostred\u00ed <a href=\"https:\/\/www.welovecycling.com\/sk\/2018\/07\/03\/reportaz-author-skoda-bikemaraton-sulovske-skaly-trosku-blata-zabavu-nepokazi\/\">S\u00fa\u013eovsk\u00fdch sk\u00e1l<\/a>. \u010co sa t\u00fdka po\u010dasia, aj napriek prv\u00fdm letn\u00fdm d\u0148om sa teploty pribli\u017eovali sk\u00f4r t\u00fdm jarn\u00fdm. Dodato\u010dn\u00e9 preh\u00e1nky u\u0161tedrili pretek\u00e1rom lepiaci sa prach na ich re\u0165aziach. Poves\u0165 marat\u00f3nu demon\u0161troval aj po\u010det \u00fa\u010dastn\u00edkov. Vy\u0161e 1 400 z\u00fa\u010dastnen\u00fdch dodalo akcii v\u00fdborn\u00fa atmosf\u00e9ru. Tra\u0165 sa niesla v\u00a0jazdite\u013enom \u201em\u00f3de\u201c, aj ke\u010f l\u00fa\u010dne prejazdy nevy\u010darovali \u00fasmev na tv\u00e1rach pretek\u00e1rov. Prv\u00fdm v\u00a0cieli bol, tak ako minule, <strong>Karel Hartl<\/strong> v\u00a0\u010dase 4:25 h, medzi \u017eenami to bola <strong>Adela Orev\u0159elov\u00e1<\/strong>. Mno\u017estvu s\u00fa\u0165a\u017eiacich zodpovedalo aj mno\u017estvo sprievodn\u00fdch akcii. Medzi ne patrila uk\u00e1\u017eka zru\u010dnost\u00ed trialov\u00fdch cyklistov, \u010di atrakcie pre deti.<\/p>\n<lite-youtube videoid=ytIWTZWu1eg params=\"enablejsapi=1\" style=\"background-image: url('https:\/\/i.ytimg.com\/vi_webp\/ytIWTZWu1eg\/maxresdefault.webp');\"><\/lite-youtube>\n<h2><strong>\u0160koda Stupava Trophy \u2013 27.7.2018<\/strong><\/h2>\n<p>To, \u010do ch\u00fdbalo na predch\u00e1dzaj\u00facich marat\u00f3noch, teda vy\u0161\u0161ie teploty, sa prejavilo koncom j\u00fala na Z\u00e1hor\u00ed, po\u010das <a href=\"https:\/\/www.welovecycling.com\/sk\/2018\/08\/02\/reportaz-skoda-stupava-trophy-pekelne-horuci-vikend\/\">\u0160koda Stupava Trophy<\/a>. U\u017e od r\u00e1na v\u00edtalo jazdcov slne\u010dn\u00e9 po\u010dasie, bez n\u00e1znaku mo\u017en\u00fdch preh\u00e1nok. Mo\u017eno aj v\u010faka tomu sa organiz\u00e1tori te\u0161ili z\u00a0hojnej \u00fa\u010dasti, vy\u0161e 1 200 \u00fa\u010dastn\u00edkov. Tento marat\u00f3n pon\u00fakal a\u017e 4 r\u00f4zne varianty trat\u00ed, medzi ktor\u00fdmi dominovala t\u00e1 najdlh\u0161ia, meraj\u00faca 105 km. Na nej zv\u00ed\u0165azil<strong> Martin Kostelni\u010d\u00e1k<\/strong> v\u00a0\u010dase 4:20 h. V\u00a0\u017eenskej kateg\u00f3rii sa tento \u00faspech podaril <strong>Andrei Juh\u00e1sovej<\/strong> s\u00a0\u010dasom 5:38 h. Ani tu nech\u00fdbalo mno\u017estvo atrakci\u00ed, na ktor\u00fdch sa mohli t\u00ed najmen\u0161\u00ed, \u010dakaj\u00faci na svojich pretekaj\u00facich rodi\u010dov \u010di s\u00farodencov, vybl\u00e1zni\u0165.<\/p>\n<lite-youtube videoid=KYXKhtkJpe4 params=\"enablejsapi=1\" style=\"background-image: url('https:\/\/i.ytimg.com\/vi_webp\/KYXKhtkJpe4\/maxresdefault.webp');\"><\/lite-youtube>\n<h2><strong>\u0160koda Horal MTB marat\u00f3n &#8211; 11.8.2018<\/strong><\/h2>\n<p>Predstavova\u0165 tento ikonick\u00fd <a href=\"https:\/\/www.welovecycling.com\/sk\/2018\/08\/14\/reportaz-skoda-horal-mtb-maraton-ked-pocasie-uraduje\/\">marat\u00f3n spod Tatier<\/a>, u\u017e h\u00e1dam ani nie je potrebn\u00e9. Prejazd Kr\u00e1\u013eovou ho\u013eou pril\u00e1kal aj tento rok nejedn\u00e9ho \u00fa\u010dastn\u00edka. Okrem 134 km trate s\u00a0pr\u00edzna\u010dn\u00fdm n\u00e1zvom Krejzi, ktor\u00e1 tento \u201ebonb\u00f3nik\u201c zah\u0155\u0148ala, boli pripraven\u00e9 aj \u010fal\u0161ie 4 \u2013 78, 43, 28 a\u00a017 km trate. \u017dia\u013e, o\u010di pretek\u00e1rov boli pln\u00e9 s\u013az e\u0161te pred samotn\u00fdmi pretekmi. O\u010dak\u00e1van\u00e9 nemal\u00e9 zr\u00e1\u017eky \u010diasto\u010dne znepr\u00edjemnili pocit z\u00a0jazdy, av\u0161ak neboli a\u017e nato\u013eko tragick\u00e9, aby musel by\u0165 marat\u00f3n pred\u010dasne ukon\u010den\u00fd. Jednou z \u201eobet\u00ed\u201c vy\u010d\u00ed\u0148ania b\u00farky bolo pr\u00e1ve st\u00fapanie na Kr\u00e1\u013eov\u00fa ho\u013eu, ktor\u00e9 bolo nakoniec skr\u00e1ten\u00e9. V\u00ed\u0165azom tohto ne\u013eahk\u00e9ho ro\u010dn\u00edka sa stal <strong>Martin Kostelni\u010d\u00e1k<\/strong> v\u00a0\u010dase 6:07 h a\u00a0medzi \u017eenami <strong>Zuzana Pal\u00fachov\u00e1<\/strong> za 9:14 h. Aj napriek da\u017e\u010fu sa mohli najmen\u0161\u00ed op\u00e4tovne te\u0161i\u0165 zo z\u00e1bavn\u00fdch atrakci\u00ed.<\/p>\n<lite-youtube videoid=0vdulJiYpK4 params=\"enablejsapi=1\" style=\"background-image: url('https:\/\/i.ytimg.com\/vi_webp\/0vdulJiYpK4\/maxresdefault.webp');\"><\/lite-youtube>\n<h2><strong>\u0160koda Slovensk\u00fd raj \u2013 8.9.2018<\/strong><\/h2>\n<p>Z\u00e1vere\u010dn\u00fdm podujat\u00edm s\u00e9rie sa stal marat\u00f3n <a href=\"https:\/\/www.welovecycling.com\/sk\/2018\/09\/11\/reportaz-skoda-slovensky-raj-2018-velke-finale-v-narodnom-parku\/\">\u0160koda Slovensk\u00fd raj<\/a>. Charakteristikou t\u00fdchto pretekov je ich situovanie v\u00a0prostred\u00ed n\u00e1rodn\u00e9ho parku, kde je mo\u017en\u00e9 doslovne c\u00edti\u0165 p\u00f4vabnos\u0165 lesov. Jazdci sa mohli prihl\u00e1si\u0165 na 3 r\u00f4zne trate: dvojokruhov\u00fd variant s\u00a0d\u013a\u017ekou 106 km, jednookruhov\u00fd s\u00a053 km, a\u00a0pre rekrea\u010dn\u00fdch cyklistov bola pripraven\u00e1 15 km tra\u0165. Po\u010dasie tentoraz nekomplikovalo pretek\u00e1rom podmienky a\u00a0aj v\u010faka tomu mohli zdola\u0165 tra\u0165, ved\u00facu najm\u00e4 po lesn\u00fdch zv\u00e1\u017eniciach \u010di po\u013en\u00fdch cest\u00e1ch, a to bez v\u00fdraznej\u0161\u00edch probl\u00e9mov. V\u00ed\u0165azom dlhej trate bol <strong>J\u00e1n Hal\u00edk<\/strong> v\u00a0\u010dase 4:12 h, medzi \u017eenami triumfovala <strong>Zuzana Pal\u00fachov\u00e1<\/strong> v\u00a0\u010dase 5:57 h. St\u00e1nky \u0160koda pon\u00fakali spestrenie po\u010das, aj po dojazde pretek\u00e1rov, \u010d\u00edm prispeli k\u00a0v\u00fdbornej atmosf\u00e9re posledn\u00e9ho podujatia sez\u00f3ny. \u0160tafetu kr\u00e1\u013ea s\u00e9rie prevzal po nieko\u013ek\u00fdch rokoch kra\u013eovania Karla Hartla, Martin Kostelni\u010d\u00e1k. Kompletn\u00e9 v\u00fdsledky s\u00e9rie n\u00e1jdete na <a href=\"https:\/\/sportsoft.cz\/seriespdf\/20180908_sbot6.pdf\">tomto odkaze<\/a>.<\/p>\n<lite-youtube videoid=8v2PoZTfKrA params=\"enablejsapi=1\" style=\"background-image: url('https:\/\/i.ytimg.com\/vi_webp\/8v2PoZTfKrA\/maxresdefault.webp');\"><\/lite-youtube>\n<p>Tak teda, toto je sum\u00e1r tohtoro\u010dnej s\u00e9rie \u0160BOT 2018. V\u00a0bud\u00facom roku sa v\u0161ak mus\u00edme pripravi\u0165 na zmeny, ktor\u00e9 vypl\u00fdvaj\u00fa <strong>z\u00a0nekonania sa marat\u00f3nu v\u00a0S\u00fa\u013eove<\/strong>, z\u00a0nepr\u00edjemn\u00fdch organiza\u010dn\u00fdch d\u00f4vodov. T\u00fdm p\u00e1dom <strong>sa presunie j\u00falov\u00fd d\u00e1tum \u0160koda Stupava Trophy na j\u00fanov\u00fd<\/strong>. Tak \u010di onak, d\u00fafajme, \u017ee pr\u00edjemn\u00e1 atmosf\u00e9ra, ktor\u00e1 je cite\u013en\u00e1 na pretekoch tejto s\u00e9rie, zostane na\u010falej jedn\u00fdm z\u00a0d\u00f4vodov, pre ktor\u00e9 sa oplat\u00ed z\u00fa\u010dastni\u0165 sa.<\/p>\n","protected":false},"excerpt":{"rendered":"<p>Ani sme sa nenazdali a\u00a0op\u00e4\u0165 raz sa n\u00e1m ch\u00fdli rok ku koncu. Cyklistick\u00e1 sez\u00f3na pre niektor\u00fdch v\u00f4bec nekon\u010d\u00ed, av\u0161ak s\u00e9ria [&hellip;]<\/p>\n","protected":false},"author":38,"featured_media":5291,"comment_status":"open","ping_status":"open","sticky":false,"template":"","format":"standard","meta":{"footnotes":""},"categories":[33],"tags":[403,542,562,35,77,404,214,468,555,271,182,360,92],"global-categories":[],"class_list":["post-5287","post","type-post","status-publish","format-standard","has-post-thumbnail","hentry","category-sbot","tag-author-skoda-bikemaraton-sulovske-skaly","tag-skoda","tag-skoda-bicykel","tag-sbot","tag-skoda-dedina","tag-skoda-dohnany-puchov-trophy","tag-skoda-horal-mtb-maraton","tag-skoda-karoq","tag-skoda-kodiaq","tag-skoda-slovensky-raj","tag-skoda-stupava-trophy","tag-skoda-svatojursky-mtb-maraton","tag-skoda-tim"],"yoast_head":"<!-- This site is optimized with the Yoast SEO Premium plugin v25.3 (Yoast SEO v25.9) - https:\/\/yoast.com\/wordpress\/plugins\/seo\/ -->\n<title>\u0160koda BIKE OPEN TOUR - ak\u00fd bol ro\u010dn\u00edk 2018? - \u0160koda We Love Cycling Slovensko<\/title>\n<meta name=\"robots\" content=\"index, follow, max-snippet:-1, max-image-preview:large, max-video-preview:-1\" \/>\n<link rel=\"canonical\" href=\"https:\/\/www.welovecycling.com\/sk\/2018\/10\/25\/skoda-bike-open-tour-aky-bol-rocnik-2018\/\" \/>\n<meta property=\"og:locale\" content=\"sk_SK\" \/>\n<meta property=\"og:type\" content=\"article\" \/>\n<meta property=\"og:title\" content=\"\u0160koda BIKE OPEN TOUR - ak\u00fd bol ro\u010dn\u00edk 2018?\" \/>\n<meta property=\"og:description\" content=\"Ani sme sa nenazdali a\u00a0op\u00e4\u0165 raz sa n\u00e1m ch\u00fdli rok ku koncu. Cyklistick\u00e1 sez\u00f3na pre niektor\u00fdch v\u00f4bec nekon\u010d\u00ed, av\u0161ak s\u00e9ria [&hellip;]\" \/>\n<meta property=\"og:url\" content=\"https:\/\/www.welovecycling.com\/sk\/2018\/10\/25\/skoda-bike-open-tour-aky-bol-rocnik-2018\/\" \/>\n<meta property=\"og:site_name\" content=\"\u0160koda We Love Cycling Slovensko\" \/>\n<meta property=\"article:published_time\" content=\"2018-10-25T10:46:30+00:00\" \/>\n<meta property=\"og:image\" content=\"https:\/\/d2p6e6u75xmxt8.cloudfront.net\/4\/2018\/10\/09-1.webp\" \/>\n\t<meta property=\"og:image:width\" content=\"1380\" \/>\n\t<meta property=\"og:image:height\" content=\"600\" \/>\n\t<meta property=\"og:image:type\" content=\"image\/webp\" \/>\n<meta name=\"author\" content=\"Ondrej Ga\u0161par\" \/>\n<meta name=\"twitter:card\" content=\"summary_large_image\" \/>\n<meta name=\"twitter:label1\" content=\"Written by\" \/>\n\t<meta name=\"twitter:data1\" content=\"We Love Cycling\" \/>\n\t<meta name=\"twitter:label2\" content=\"Est. reading time\" \/>\n\t<meta name=\"twitter:data2\" content=\"7\" \/>\n<script type=\"application\/ld+json\" class=\"yoast-schema-graph\">{\"@context\":\"https:\/\/schema.org\",\"@graph\":[{\"@type\":\"WebPage\",\"@id\":\"https:\/\/www.welovecycling.com\/sk\/2018\/10\/25\/skoda-bike-open-tour-aky-bol-rocnik-2018\/\",\"url\":\"https:\/\/www.welovecycling.com\/sk\/2018\/10\/25\/skoda-bike-open-tour-aky-bol-rocnik-2018\/\",\"name\":\"\u0160koda BIKE OPEN TOUR - ak\u00fd bol ro\u010dn\u00edk 2018? - \u0160koda We Love Cycling Slovensko\",\"isPartOf\":{\"@id\":\"https:\/\/www.welovecycling.com\/sk\/#website\"},\"primaryImageOfPage\":{\"@id\":\"https:\/\/www.welovecycling.com\/sk\/2018\/10\/25\/skoda-bike-open-tour-aky-bol-rocnik-2018\/#primaryimage\"},\"image\":{\"@id\":\"https:\/\/www.welovecycling.com\/sk\/2018\/10\/25\/skoda-bike-open-tour-aky-bol-rocnik-2018\/#primaryimage\"},\"thumbnailUrl\":\"https:\/\/d2p6e6u75xmxt8.cloudfront.net\/4\/2018\/10\/09-1.webp\",\"datePublished\":\"2018-10-25T10:46:30+00:00\",\"author\":{\"@id\":\"https:\/\/www.welovecycling.com\/sk\/#\/schema\/person\/8ee09ba39b7e25b1870160aa5b3a89bc\"},\"breadcrumb\":{\"@id\":\"https:\/\/www.welovecycling.com\/sk\/2018\/10\/25\/skoda-bike-open-tour-aky-bol-rocnik-2018\/#breadcrumb\"},\"inLanguage\":\"sk-SK\",\"potentialAction\":[{\"@type\":\"ReadAction\",\"target\":[\"https:\/\/www.welovecycling.com\/sk\/2018\/10\/25\/skoda-bike-open-tour-aky-bol-rocnik-2018\/\"]}]},{\"@type\":\"ImageObject\",\"inLanguage\":\"sk-SK\",\"@id\":\"https:\/\/www.welovecycling.com\/sk\/2018\/10\/25\/skoda-bike-open-tour-aky-bol-rocnik-2018\/#primaryimage\",\"url\":\"https:\/\/d2p6e6u75xmxt8.cloudfront.net\/4\/2018\/10\/09-1.webp\",\"contentUrl\":\"https:\/\/d2p6e6u75xmxt8.cloudfront.net\/4\/2018\/10\/09-1.webp\",\"width\":1380,\"height\":600},{\"@type\":\"BreadcrumbList\",\"@id\":\"https:\/\/www.welovecycling.com\/sk\/2018\/10\/25\/skoda-bike-open-tour-aky-bol-rocnik-2018\/#breadcrumb\",\"itemListElement\":[{\"@type\":\"ListItem\",\"position\":1,\"name\":\"Home\",\"item\":\"https:\/\/www.welovecycling.com\/sk\/\"},{\"@type\":\"ListItem\",\"position\":2,\"name\":\"\u0160koda BIKE OPEN TOUR &#8211; ak\u00fd bol ro\u010dn\u00edk 2018?\"}]},{\"@type\":\"WebSite\",\"@id\":\"https:\/\/www.welovecycling.com\/sk\/#website\",\"url\":\"https:\/\/www.welovecycling.com\/sk\/\",\"name\":\"\u0160koda We Love Cycling Slovensko\",\"description\":\"\u0160koda We Love Cycling Slovensko je v\u00e1\u0161 ka\u017edodenn\u00fd zdroj noviniek a in\u0161pir\u00e1cie z sveta cyklistiky\",\"potentialAction\":[{\"@type\":\"SearchAction\",\"target\":{\"@type\":\"EntryPoint\",\"urlTemplate\":\"https:\/\/www.welovecycling.com\/sk\/?s={search_term_string}\"},\"query-input\":{\"@type\":\"PropertyValueSpecification\",\"valueRequired\":true,\"valueName\":\"search_term_string\"}}],\"inLanguage\":\"sk-SK\"},{\"@type\":\"Person\",\"@id\":\"https:\/\/www.welovecycling.com\/sk\/#\/schema\/person\/8ee09ba39b7e25b1870160aa5b3a89bc\",\"name\":\"Ondrej Ga\u0161par\",\"image\":{\"@type\":\"ImageObject\",\"inLanguage\":\"sk-SK\",\"@id\":\"https:\/\/www.welovecycling.com\/sk\/#\/schema\/person\/image\/\",\"url\":\"https:\/\/secure.gravatar.com\/avatar\/6126c9afb87b70da5abbb083ddbb21933da15f18f8ca7cb822aba0fb096a48f6?s=96&d=mm&r=g\",\"contentUrl\":\"https:\/\/secure.gravatar.com\/avatar\/6126c9afb87b70da5abbb083ddbb21933da15f18f8ca7cb822aba0fb096a48f6?s=96&d=mm&r=g\",\"caption\":\"Ondrej Ga\u0161par\"},\"url\":\"https:\/\/www.welovecycling.com\/sk\/author\/ondrejgaspar\/\"}]}<\/script>\n<!-- \/ Yoast SEO Premium plugin. -->","yoast_head_json":{"title":"\u0160koda BIKE OPEN TOUR - ak\u00fd bol ro\u010dn\u00edk 2018? - \u0160koda We Love Cycling Slovensko","robots":{"index":"index","follow":"follow","max-snippet":"max-snippet:-1","max-image-preview":"max-image-preview:large","max-video-preview":"max-video-preview:-1"},"canonical":"https:\/\/www.welovecycling.com\/sk\/2018\/10\/25\/skoda-bike-open-tour-aky-bol-rocnik-2018\/","og_locale":"sk_SK","og_type":"article","og_title":"\u0160koda BIKE OPEN TOUR - ak\u00fd bol ro\u010dn\u00edk 2018?","og_description":"Ani sme sa nenazdali a\u00a0op\u00e4\u0165 raz sa n\u00e1m ch\u00fdli rok ku koncu. Cyklistick\u00e1 sez\u00f3na pre niektor\u00fdch v\u00f4bec nekon\u010d\u00ed, av\u0161ak s\u00e9ria [&hellip;]","og_url":"https:\/\/www.welovecycling.com\/sk\/2018\/10\/25\/skoda-bike-open-tour-aky-bol-rocnik-2018\/","og_site_name":"\u0160koda We Love Cycling Slovensko","article_published_time":"2018-10-25T10:46:30+00:00","og_image":[{"width":1380,"height":600,"url":"https:\/\/d2p6e6u75xmxt8.cloudfront.net\/4\/2018\/10\/09-1.webp","type":"image\/webp"}],"author":"Ondrej Ga\u0161par","twitter_card":"summary_large_image","twitter_misc":{"Written by":"We Love Cycling","Est. reading time":"7"},"schema":{"@context":"https:\/\/schema.org","@graph":[{"@type":"WebPage","@id":"https:\/\/www.welovecycling.com\/sk\/2018\/10\/25\/skoda-bike-open-tour-aky-bol-rocnik-2018\/","url":"https:\/\/www.welovecycling.com\/sk\/2018\/10\/25\/skoda-bike-open-tour-aky-bol-rocnik-2018\/","name":"\u0160koda BIKE OPEN TOUR - ak\u00fd bol ro\u010dn\u00edk 2018? - \u0160koda We Love Cycling Slovensko","isPartOf":{"@id":"https:\/\/www.welovecycling.com\/sk\/#website"},"primaryImageOfPage":{"@id":"https:\/\/www.welovecycling.com\/sk\/2018\/10\/25\/skoda-bike-open-tour-aky-bol-rocnik-2018\/#primaryimage"},"image":{"@id":"https:\/\/www.welovecycling.com\/sk\/2018\/10\/25\/skoda-bike-open-tour-aky-bol-rocnik-2018\/#primaryimage"},"thumbnailUrl":"https:\/\/d2p6e6u75xmxt8.cloudfront.net\/4\/2018\/10\/09-1.webp","datePublished":"2018-10-25T10:46:30+00:00","author":{"@id":"https:\/\/www.welovecycling.com\/sk\/#\/schema\/person\/8ee09ba39b7e25b1870160aa5b3a89bc"},"breadcrumb":{"@id":"https:\/\/www.welovecycling.com\/sk\/2018\/10\/25\/skoda-bike-open-tour-aky-bol-rocnik-2018\/#breadcrumb"},"inLanguage":"sk-SK","potentialAction":[{"@type":"ReadAction","target":["https:\/\/www.welovecycling.com\/sk\/2018\/10\/25\/skoda-bike-open-tour-aky-bol-rocnik-2018\/"]}]},{"@type":"ImageObject","inLanguage":"sk-SK","@id":"https:\/\/www.welovecycling.com\/sk\/2018\/10\/25\/skoda-bike-open-tour-aky-bol-rocnik-2018\/#primaryimage","url":"https:\/\/d2p6e6u75xmxt8.cloudfront.net\/4\/2018\/10\/09-1.webp","contentUrl":"https:\/\/d2p6e6u75xmxt8.cloudfront.net\/4\/2018\/10\/09-1.webp","width":1380,"height":600},{"@type":"BreadcrumbList","@id":"https:\/\/www.welovecycling.com\/sk\/2018\/10\/25\/skoda-bike-open-tour-aky-bol-rocnik-2018\/#breadcrumb","itemListElement":[{"@type":"ListItem","position":1,"name":"Home","item":"https:\/\/www.welovecycling.com\/sk\/"},{"@type":"ListItem","position":2,"name":"\u0160koda BIKE OPEN TOUR &#8211; ak\u00fd bol ro\u010dn\u00edk 2018?"}]},{"@type":"WebSite","@id":"https:\/\/www.welovecycling.com\/sk\/#website","url":"https:\/\/www.welovecycling.com\/sk\/","name":"\u0160koda We Love Cycling Slovensko","description":"\u0160koda We Love Cycling Slovensko je v\u00e1\u0161 ka\u017edodenn\u00fd zdroj noviniek a in\u0161pir\u00e1cie z sveta cyklistiky","potentialAction":[{"@type":"SearchAction","target":{"@type":"EntryPoint","urlTemplate":"https:\/\/www.welovecycling.com\/sk\/?s={search_term_string}"},"query-input":{"@type":"PropertyValueSpecification","valueRequired":true,"valueName":"search_term_string"}}],"inLanguage":"sk-SK"},{"@type":"Person","@id":"https:\/\/www.welovecycling.com\/sk\/#\/schema\/person\/8ee09ba39b7e25b1870160aa5b3a89bc","name":"Ondrej Ga\u0161par","image":{"@type":"ImageObject","inLanguage":"sk-SK","@id":"https:\/\/www.welovecycling.com\/sk\/#\/schema\/person\/image\/","url":"https:\/\/secure.gravatar.com\/avatar\/6126c9afb87b70da5abbb083ddbb21933da15f18f8ca7cb822aba0fb096a48f6?s=96&d=mm&r=g","contentUrl":"https:\/\/secure.gravatar.com\/avatar\/6126c9afb87b70da5abbb083ddbb21933da15f18f8ca7cb822aba0fb096a48f6?s=96&d=mm&r=g","caption":"Ondrej Ga\u0161par"},"url":"https:\/\/www.welovecycling.com\/sk\/author\/ondrejgaspar\/"}]}},"_links":{"self":[{"href":"https:\/\/www.welovecycling.com\/sk\/wp-json\/wp\/v2\/posts\/5287","targetHints":{"allow":["GET"]}}],"collection":[{"href":"https:\/\/www.welovecycling.com\/sk\/wp-json\/wp\/v2\/posts"}],"about":[{"href":"https:\/\/www.welovecycling.com\/sk\/wp-json\/wp\/v2\/types\/post"}],"author":[{"embeddable":true,"href":"https:\/\/www.welovecycling.com\/sk\/wp-json\/wp\/v2\/users\/38"}],"replies":[{"embeddable":true,"href":"https:\/\/www.welovecycling.com\/sk\/wp-json\/wp\/v2\/comments?post=5287"}],"version-history":[{"count":2,"href":"https:\/\/www.welovecycling.com\/sk\/wp-json\/wp\/v2\/posts\/5287\/revisions"}],"predecessor-version":[{"id":5296,"href":"https:\/\/www.welovecycling.com\/sk\/wp-json\/wp\/v2\/posts\/5287\/revisions\/5296"}],"wp:featuredmedia":[{"embeddable":true,"href":"https:\/\/www.welovecycling.com\/sk\/wp-json\/wp\/v2\/media\/5291"}],"wp:attachment":[{"href":"https:\/\/www.welovecycling.com\/sk\/wp-json\/wp\/v2\/media?parent=5287"}],"wp:term":[{"taxonomy":"category","embeddable":true,"href":"https:\/\/www.welovecycling.com\/sk\/wp-json\/wp\/v2\/categories?post=5287"},{"taxonomy":"post_tag","embeddable":true,"href":"https:\/\/www.welovecycling.com\/sk\/wp-json\/wp\/v2\/tags?post=5287"},{"taxonomy":"global-categories","embeddable":true,"href":"https:\/\/www.welovecycling.com\/sk\/wp-json\/wp\/v2\/global-categories?post=5287"}],"curies":[{"name":"wp","href":"https:\/\/api.w.org\/{rel}","templated":true}]}}