{"id":5273,"date":"2018-10-24T10:20:29","date_gmt":"2018-10-24T08:20:29","guid":{"rendered":"https:\/\/www.welovecycling.com\/sk\/?p=5273"},"modified":"2018-10-22T10:48:13","modified_gmt":"2018-10-22T08:48:13","slug":"co-jest-ak-ste-si-pri-uraze-zlomili-ruku","status":"publish","type":"post","link":"https:\/\/www.welovecycling.com\/sk\/2018\/10\/24\/co-jest-ak-ste-si-pri-uraze-zlomili-ruku\/","title":{"rendered":"\u010co jes\u0165, ak ste si pri \u00faraze zlomili ruku?"},"content":{"rendered":"<p><strong>Nie je ni\u010d hor\u0161ie, ne\u017e zlomi\u0165 si ruku pri p\u00e1de na bicykli, preto\u017ee d\u00f4sledok toho je fakt, \u017ee si tak skoro na\u0148 nesadnete. Ale namiesto toho, aby ste si z\u00fafali v tejto situ\u00e1cii a ute\u0161ovali \u017eia\u013e pojedan\u00edm pizze pred telev\u00edziou, v teple domova, m\u00f4\u017eete urobi\u0165 nie\u010do pre r\u00fdchlej\u0161ie zotavenie. Jednou z vec\u00ed, ktor\u00e9 v\u00e1m pom\u00f4\u017eu, je konzum\u00e1cia spr\u00e1vneho jedla, ktor\u00e9 prispieva k optim\u00e1lnemu stavu kost\u00ed. Pozrime sa na tie najlep\u0161ie potraviny.<\/strong><br \/>\n<!--more--><\/p>\n<p>V prvom rade potrebujete mno\u017estvo <strong>prote\u00ednov<\/strong>, ktor\u00e9 s\u00fa hlavn\u00fdm stavebn\u00fdm prvkom tkan\u00edv, ale aj <strong>v\u00e1pnik<\/strong>, najd\u00f4le\u017eitej\u0161\u00ed miner\u00e1l v kostiach. Taktie\u017e \u00fa\u010dinn\u00fdm je <strong>vitam\u00edn D a K<\/strong>, prispievaj\u00faci k spr\u00e1vnemu spracov\u00e1vaniu v\u00e1pnika v tele v prospech kost\u00ed. Dostatok drasl\u00edka rovnako napom\u00e1ha z\u00edskava\u0165 v\u00e1pnik z jedla vo v\u00e4\u010d\u0161om mno\u017estve. A na koniec, <strong>vitam\u00edn C<\/strong> a \u017eelezo pom\u00f4\u017eu tvori\u0165 kolag\u00e9n, ktor\u00fd je \u00fastredn\u00fdm druhom prote\u00ednu pri lie\u010den\u00ed kost\u00ed. Teraz sa pozrime na potraviny, ktor\u00e9 obsahuj\u00fa tieto prvky.<\/p>\n<h2><strong>Jedzte mno\u017estvo vajec<\/strong><\/h2>\n<p>Vajcia s\u00fa <strong>bohat\u00fdm zdrojom kvalitn\u00e9ho prote\u00ednu<\/strong> a s\u00fa jedn\u00fdm z m\u00e1la potravinov\u00fdch zdrojov vitam\u00ednu D. Preto by nemali ch\u00fdba\u0165 vo va\u0161om zotavovacom pl\u00e1ne. Odhliadnuc od toho, s\u00fa\u010dasne obsahuj\u00fa \u0161irok\u00fa \u0161k\u00e1lu vitam\u00ednov a miner\u00e1lov ako \u017eelezo, v\u00e1pnik, zinok, drasl\u00edk a hor\u010d\u00edk. To je d\u00f4vod, pre\u010do by mali by\u0165 s\u00fa\u010das\u0165ou prirodzenej multivitam\u00ednovej bomby.<\/p>\n<p>https:\/\/www.instagram.com\/p\/BZMHLqglg6s\/<\/p>\n<h2><strong>Zahr\u0148te do jed\u00e1lni\u010dka aj ryby \u010di plody mora<\/strong><\/h2>\n<p>Ryby a morsk\u00e9 \u017eivo\u010d\u00edchy s\u00fa vo v\u0161eobecnosti <strong>enormn\u00fdm zdrojom v\u00e1pnika, kvalitn\u00e9ho prote\u00ednu a vitam\u00ednu D<\/strong>. \u0160peci\u00e1lne sardinky, ktor\u00e9 sa m\u00f4\u017eu jes\u0165 s kos\u0165ami, s\u00fa najlep\u0161\u00edm zdrojom v\u00e1pnika. In\u00e1 mo\u017enos\u0165 spo\u010d\u00edva v zahrnut\u00ed <strong>\u010derven\u00e9ho m\u00e4sa<\/strong>, ktor\u00e9 bude dobr\u00fdm sp\u00f4sobom, ako do seba dosta\u0165 \u017eelezo, rovnako ako aj prote\u00edn. Alebo m\u00f4\u017eete, ak preferujete hydinu, <strong>okusova\u0165 zakon\u010denia kurac\u00edch kost\u00ed<\/strong>, na ktor\u00fdch sa nach\u00e1dza mno\u017estvo v\u00e1pnika.<\/p>\n<div class=\"shortcode-ys-post-pinup\"><article class=\"loop-simple post-5208 post type-post status-publish format-standard has-post-thumbnail hentry category-zdravie-trening tag-ako-sa-stravuju-profesionali tag-cestna-cyklistika tag-cvicenie tag-cyklo-jedlo tag-energia tag-horska-cyklistika tag-jedlo tag-strava tag-zdravie tag-zdravy-zivotny-styl\" data-postid=\"5208\" role=\"article\" data-post-id=\"5208\" data-word-count=\"315\" data-headline-length=\"92\" data-category=\"Zdravie a tr\u00e9ning\" data-author=\"Ji\u0159\u00ed Kaloc\" data-published=\"2018-10-13T12:51:46+02:00\" data-published-day=\"Saturday\">\n    <div class=\"entry-thumbnail article-thumbnail\" content=\"https:\/\/d2p6e6u75xmxt8.cloudfront.net\/4\/2018\/10\/profimedia-0375273804-1-150x150.webp\"><a href=\"https:\/\/www.welovecycling.com\/sk\/2018\/10\/13\/4-sposoby-ako-vtesnat-cvicenie-a-zdravu-stravu-do-vasho-rychleho-zivotneho-stylu\/\" class=\"image-holder\" target=\"_self\"><img decoding=\"async\" loading=\"lazy\" class=\"\" src=\"https:\/\/d2p6e6u75xmxt8.cloudfront.net\/4\/2018\/10\/profimedia-0375273804-1-1024x450.webp\" srcset=\"https:\/\/d2p6e6u75xmxt8.cloudfront.net\/4\/2018\/10\/profimedia-0375273804-1.webp 1366w, https:\/\/d2p6e6u75xmxt8.cloudfront.net\/4\/2018\/10\/profimedia-0375273804-1-300x132.webp 300w, https:\/\/d2p6e6u75xmxt8.cloudfront.net\/4\/2018\/10\/profimedia-0375273804-1-1024x450.webp 1024w, https:\/\/d2p6e6u75xmxt8.cloudfront.net\/4\/2018\/10\/profimedia-0375273804-1-768x337.webp 768w\" width=\"1024\" height=\"450\" sizes=\"auto, (min-width: 1200px) 456px, (min-width: 768px) 38vw, 100vw\" alt=\"4-sposoby-ako-vtesnat-cvicenie-a-zdravu-stravu-do-vasho-rychleho-zivotneho-stylu\"\/><\/a><\/div>    <div class=\"entry-meta\">\n        <a class=\"label label-secondary post-category\" href=\"https:\/\/www.welovecycling.com\/sk\/category\/zdravie-trening\/\" title=\"Zdravie a tr\u00e9ning\">Zdravie a tr\u00e9ning<\/a>\n    <\/div>\n    <div class=\"entry-details\">\n        <a href=\"https:\/\/www.welovecycling.com\/sk\/2018\/10\/13\/4-sposoby-ako-vtesnat-cvicenie-a-zdravu-stravu-do-vasho-rychleho-zivotneho-stylu\/\" class='entry-title-wrapper'>\n            <h3 class=\"entry-title\"><span>4 sp\u00f4soby, ako vtesna\u0165 cvi\u010denie a zdrav\u00fa stravu do v\u00e1\u0161ho r\u00fdchleho \u017eivotn\u00e9ho \u0161t\u00fdlu<\/span><\/h3>\n        <\/a>\n    <\/div>\n    <\/article>\n<\/div>\n<h2><strong>Nezab\u00fadajte na mlie\u010dne v\u00fdrobky<\/strong><\/h2>\n<p>V\u00fdrobky z mlieka s\u00fa pri raste kost\u00ed v\u00fdborn\u00fdm v\u0161estrann\u00fdm prvkom stravy. <strong>Obsahuj\u00fa mno\u017estvo v\u00e1pnika, vitam\u00ednu K a prote\u00ednu<\/strong>. Jogurt s kult\u00farou, alebo syry s vysok\u00fdm obsahom bielkov\u00edn ako napr\u00edklad cottage, s\u00fa vhodn\u00fdmi adeptmi. Av\u0161ak skoro ka\u017ed\u00fd mlie\u010dny v\u00fdrobok bude hodnotn\u00fdm pr\u00edspevkom vo va\u0161ej strave.<\/p>\n<h2><strong>Aj zelen\u00e1 listov\u00e1 zelenina dok\u00e1\u017ee pom\u00f4c\u0165<\/strong><\/h2>\n<p><strong>Kel, \u0161pen\u00e1t, r\u00edmsky \u0161al\u00e1t \u010di rukola<\/strong> s\u00fa z\u00e1sahom do \u010dierneho. S\u00fa bohat\u00fdm zdrojom vitam\u00ednu K, ale s\u00fa\u010dasne poskytuj\u00fa nemal\u00e9 mno\u017estvo vitam\u00ednu C, v\u00e1pnika, drasl\u00edka, \u017eeleza, hor\u010d\u00edka a zinku. In\u00e1, farebn\u00e1 zelenina a ovocie, dok\u00e1\u017eu rovnako z\u00e1sobi\u0165 telo vhodn\u00fdmi vitam\u00ednmi a miner\u00e1lmi, ale listov\u00e1 zelenina by mala by\u0165 prim\u00e1rnou s\u00fa\u010das\u0165ou denn\u00e9ho jed\u00e1lni\u010dka, najm\u00e4 kv\u00f4li obsahu vitam\u00ednu K.<\/p>\n<figure id=\"attachment_5275\" aria-describedby=\"caption-attachment-5275\" style=\"width: 1250px\" class=\"wp-caption alignnone\"><a href=\"https:\/\/d2p6e6u75xmxt8.cloudfront.net\/4\/2018\/10\/profimedia-0169932981.jpg\"><img loading=\"lazy\" decoding=\"async\" class=\"size-full wp-image-5275\" src=\"https:\/\/d2p6e6u75xmxt8.cloudfront.net\/4\/2018\/10\/profimedia-0169932981.jpg\" alt=\"\" width=\"1250\" height=\"833\" \/><\/a><figcaption id=\"caption-attachment-5275\" class=\"wp-caption-text\">\u00a9 Profimedia, Panthermedia<\/figcaption><\/figure>\n<h2><strong>Lie\u010div\u00e9 slne\u010dn\u00e9 l\u00fa\u010de dopadaj\u00face na va\u0161u poko\u017eku<\/strong><\/h2>\n<p>Aj ke\u010f z\u00edskate ur\u010dit\u00e9 mno\u017estvo vitam\u00ednu D z tu\u010dnej\u0161\u00edch r\u00fdb a vaje\u010dn\u00fdch \u017e\u013atkov, najlep\u0161\u00edm zdrojom st\u00e1le ost\u00e1va slne\u010dn\u00e9 svetlo, ktor\u00e9 sa dost\u00e1va do kontaktu s va\u0161\u00edm telom. Pok\u00faste sa str\u00e1vi\u0165 na slnku <strong>aspo\u0148 30 min\u00fat po\u010das d\u0148a<\/strong>, v z\u00e1vislosti od t\u00f3nu pleti, geografickej polohy a ro\u010dn\u00e9ho obdobia.<\/p>\n<h2><strong>Vyhnite sa alkoholu, cukru a kofe\u00ednu<\/strong><\/h2>\n<p>Ak docielite splnenie u\u017e spom\u00ednan\u00fdch krokov oh\u013eadne vybran\u00fdch jed\u00e1l, podstatne nabud\u00edte schopnos\u0165 va\u0161ich kost\u00ed zotavova\u0165 sa. Nebojte sa, ak tieto prvky nebud\u00fa v ka\u017edom jedle, ktor\u00e9 si d\u00e1te. S\u00fa\u010dasne sa ubezpe\u010dte, \u017ee v\u00e1\u0161 jed\u00e1lni\u010dek neobsahuje alkohol, jedl\u00e1 bohat\u00e9 na pridan\u00fd cukor a mno\u017estvo kofe\u00ednu. Tak\u00e9to potraviny v\u00e1s <strong>oberaj\u00fa o z\u00edskan\u00fd v\u00e1pnik a spoma\u013euj\u00fa rast kost\u00ed<\/strong>.<\/p>\n","protected":false},"excerpt":{"rendered":"<p>Nie je ni\u010d hor\u0161ie, ne\u017e zlomi\u0165 si ruku pri p\u00e1de na bicykli, preto\u017ee d\u00f4sledok toho je fakt, \u017ee si tak [&hellip;]<\/p>\n","protected":false},"author":38,"featured_media":5277,"comment_status":"open","ping_status":"open","sticky":false,"template":"","format":"standard","meta":{"footnotes":""},"categories":[2],"tags":[115,43,180,603,622,338,163,634,161,623,635],"global-categories":[],"class_list":["post-5273","post","type-post","status-publish","format-standard","has-post-thumbnail","hentry","category-zdravie-trening","tag-cestna-cyklistika","tag-cyklo-jedlo","tag-horska-cyklistika","tag-jedalnicek","tag-jedlo","tag-proteiny","tag-strava","tag-vapnik","tag-zdravie","tag-zdravy-zivotny-styl","tag-zotavenie"],"yoast_head":"<!-- This site is optimized with the Yoast SEO Premium plugin v25.3 (Yoast SEO v25.9) - https:\/\/yoast.com\/wordpress\/plugins\/seo\/ -->\n<title>\u010co jes\u0165, ak ste si pri \u00faraze zlomili ruku? - \u0160koda We Love Cycling Slovensko<\/title>\n<meta name=\"robots\" content=\"index, follow, max-snippet:-1, max-image-preview:large, max-video-preview:-1\" \/>\n<link rel=\"canonical\" href=\"https:\/\/www.welovecycling.com\/sk\/2018\/10\/24\/co-jest-ak-ste-si-pri-uraze-zlomili-ruku\/\" \/>\n<meta property=\"og:locale\" content=\"sk_SK\" \/>\n<meta property=\"og:type\" content=\"article\" \/>\n<meta property=\"og:title\" content=\"\u010co jes\u0165, ak ste si pri \u00faraze zlomili ruku?\" \/>\n<meta property=\"og:description\" content=\"Nie je ni\u010d hor\u0161ie, ne\u017e zlomi\u0165 si ruku pri p\u00e1de na bicykli, preto\u017ee d\u00f4sledok toho je fakt, \u017ee si tak [&hellip;]\" \/>\n<meta property=\"og:url\" content=\"https:\/\/www.welovecycling.com\/sk\/2018\/10\/24\/co-jest-ak-ste-si-pri-uraze-zlomili-ruku\/\" \/>\n<meta property=\"og:site_name\" content=\"\u0160koda We Love Cycling Slovensko\" \/>\n<meta property=\"article:published_time\" content=\"2018-10-24T08:20:29+00:00\" \/>\n<meta property=\"og:image\" content=\"https:\/\/d2p6e6u75xmxt8.cloudfront.net\/4\/2018\/10\/profimedia-0386457705-1.webp\" \/>\n\t<meta property=\"og:image:width\" content=\"1366\" \/>\n\t<meta property=\"og:image:height\" content=\"600\" \/>\n\t<meta property=\"og:image:type\" content=\"image\/webp\" \/>\n<meta name=\"author\" content=\"Ondrej Ga\u0161par\" \/>\n<meta name=\"twitter:card\" content=\"summary_large_image\" \/>\n<meta name=\"twitter:label1\" content=\"Written by\" \/>\n\t<meta name=\"twitter:data1\" content=\"Ji\u0159\u00ed Kaloc\" \/>\n\t<meta name=\"twitter:label2\" content=\"Est. reading time\" \/>\n\t<meta name=\"twitter:data2\" content=\"4\" \/>\n<script type=\"application\/ld+json\" class=\"yoast-schema-graph\">{\"@context\":\"https:\/\/schema.org\",\"@graph\":[{\"@type\":\"WebPage\",\"@id\":\"https:\/\/www.welovecycling.com\/sk\/2018\/10\/24\/co-jest-ak-ste-si-pri-uraze-zlomili-ruku\/\",\"url\":\"https:\/\/www.welovecycling.com\/sk\/2018\/10\/24\/co-jest-ak-ste-si-pri-uraze-zlomili-ruku\/\",\"name\":\"\u010co jes\u0165, ak ste si pri \u00faraze zlomili ruku? - \u0160koda We Love Cycling Slovensko\",\"isPartOf\":{\"@id\":\"https:\/\/www.welovecycling.com\/sk\/#website\"},\"primaryImageOfPage\":{\"@id\":\"https:\/\/www.welovecycling.com\/sk\/2018\/10\/24\/co-jest-ak-ste-si-pri-uraze-zlomili-ruku\/#primaryimage\"},\"image\":{\"@id\":\"https:\/\/www.welovecycling.com\/sk\/2018\/10\/24\/co-jest-ak-ste-si-pri-uraze-zlomili-ruku\/#primaryimage\"},\"thumbnailUrl\":\"https:\/\/d2p6e6u75xmxt8.cloudfront.net\/4\/2018\/10\/profimedia-0386457705-1.webp\",\"datePublished\":\"2018-10-24T08:20:29+00:00\",\"author\":{\"@id\":\"https:\/\/www.welovecycling.com\/sk\/#\/schema\/person\/8ee09ba39b7e25b1870160aa5b3a89bc\"},\"breadcrumb\":{\"@id\":\"https:\/\/www.welovecycling.com\/sk\/2018\/10\/24\/co-jest-ak-ste-si-pri-uraze-zlomili-ruku\/#breadcrumb\"},\"inLanguage\":\"sk-SK\",\"potentialAction\":[{\"@type\":\"ReadAction\",\"target\":[\"https:\/\/www.welovecycling.com\/sk\/2018\/10\/24\/co-jest-ak-ste-si-pri-uraze-zlomili-ruku\/\"]}]},{\"@type\":\"ImageObject\",\"inLanguage\":\"sk-SK\",\"@id\":\"https:\/\/www.welovecycling.com\/sk\/2018\/10\/24\/co-jest-ak-ste-si-pri-uraze-zlomili-ruku\/#primaryimage\",\"url\":\"https:\/\/d2p6e6u75xmxt8.cloudfront.net\/4\/2018\/10\/profimedia-0386457705-1.webp\",\"contentUrl\":\"https:\/\/d2p6e6u75xmxt8.cloudfront.net\/4\/2018\/10\/profimedia-0386457705-1.webp\",\"width\":1366,\"height\":600},{\"@type\":\"BreadcrumbList\",\"@id\":\"https:\/\/www.welovecycling.com\/sk\/2018\/10\/24\/co-jest-ak-ste-si-pri-uraze-zlomili-ruku\/#breadcrumb\",\"itemListElement\":[{\"@type\":\"ListItem\",\"position\":1,\"name\":\"Home\",\"item\":\"https:\/\/www.welovecycling.com\/sk\/\"},{\"@type\":\"ListItem\",\"position\":2,\"name\":\"\u010co jes\u0165, ak ste si pri \u00faraze zlomili ruku?\"}]},{\"@type\":\"WebSite\",\"@id\":\"https:\/\/www.welovecycling.com\/sk\/#website\",\"url\":\"https:\/\/www.welovecycling.com\/sk\/\",\"name\":\"\u0160koda We Love Cycling Slovensko\",\"description\":\"\u0160koda We Love Cycling Slovensko je v\u00e1\u0161 ka\u017edodenn\u00fd zdroj noviniek a in\u0161pir\u00e1cie z sveta cyklistiky\",\"potentialAction\":[{\"@type\":\"SearchAction\",\"target\":{\"@type\":\"EntryPoint\",\"urlTemplate\":\"https:\/\/www.welovecycling.com\/sk\/?s={search_term_string}\"},\"query-input\":{\"@type\":\"PropertyValueSpecification\",\"valueRequired\":true,\"valueName\":\"search_term_string\"}}],\"inLanguage\":\"sk-SK\"},{\"@type\":\"Person\",\"@id\":\"https:\/\/www.welovecycling.com\/sk\/#\/schema\/person\/8ee09ba39b7e25b1870160aa5b3a89bc\",\"name\":\"Ondrej Ga\u0161par\",\"image\":{\"@type\":\"ImageObject\",\"inLanguage\":\"sk-SK\",\"@id\":\"https:\/\/www.welovecycling.com\/sk\/#\/schema\/person\/image\/\",\"url\":\"https:\/\/secure.gravatar.com\/avatar\/6126c9afb87b70da5abbb083ddbb21933da15f18f8ca7cb822aba0fb096a48f6?s=96&d=mm&r=g\",\"contentUrl\":\"https:\/\/secure.gravatar.com\/avatar\/6126c9afb87b70da5abbb083ddbb21933da15f18f8ca7cb822aba0fb096a48f6?s=96&d=mm&r=g\",\"caption\":\"Ondrej Ga\u0161par\"},\"url\":\"https:\/\/www.welovecycling.com\/sk\/author\/ondrejgaspar\/\"}]}<\/script>\n<!-- \/ Yoast SEO Premium plugin. -->","yoast_head_json":{"title":"\u010co jes\u0165, ak ste si pri \u00faraze zlomili ruku? - \u0160koda We Love Cycling Slovensko","robots":{"index":"index","follow":"follow","max-snippet":"max-snippet:-1","max-image-preview":"max-image-preview:large","max-video-preview":"max-video-preview:-1"},"canonical":"https:\/\/www.welovecycling.com\/sk\/2018\/10\/24\/co-jest-ak-ste-si-pri-uraze-zlomili-ruku\/","og_locale":"sk_SK","og_type":"article","og_title":"\u010co jes\u0165, ak ste si pri \u00faraze zlomili ruku?","og_description":"Nie je ni\u010d hor\u0161ie, ne\u017e zlomi\u0165 si ruku pri p\u00e1de na bicykli, preto\u017ee d\u00f4sledok toho je fakt, \u017ee si tak [&hellip;]","og_url":"https:\/\/www.welovecycling.com\/sk\/2018\/10\/24\/co-jest-ak-ste-si-pri-uraze-zlomili-ruku\/","og_site_name":"\u0160koda We Love Cycling Slovensko","article_published_time":"2018-10-24T08:20:29+00:00","og_image":[{"width":1366,"height":600,"url":"https:\/\/d2p6e6u75xmxt8.cloudfront.net\/4\/2018\/10\/profimedia-0386457705-1.webp","type":"image\/webp"}],"author":"Ondrej Ga\u0161par","twitter_card":"summary_large_image","twitter_misc":{"Written by":"Ji\u0159\u00ed Kaloc","Est. reading time":"4"},"schema":{"@context":"https:\/\/schema.org","@graph":[{"@type":"WebPage","@id":"https:\/\/www.welovecycling.com\/sk\/2018\/10\/24\/co-jest-ak-ste-si-pri-uraze-zlomili-ruku\/","url":"https:\/\/www.welovecycling.com\/sk\/2018\/10\/24\/co-jest-ak-ste-si-pri-uraze-zlomili-ruku\/","name":"\u010co jes\u0165, ak ste si pri \u00faraze zlomili ruku? - \u0160koda We Love Cycling Slovensko","isPartOf":{"@id":"https:\/\/www.welovecycling.com\/sk\/#website"},"primaryImageOfPage":{"@id":"https:\/\/www.welovecycling.com\/sk\/2018\/10\/24\/co-jest-ak-ste-si-pri-uraze-zlomili-ruku\/#primaryimage"},"image":{"@id":"https:\/\/www.welovecycling.com\/sk\/2018\/10\/24\/co-jest-ak-ste-si-pri-uraze-zlomili-ruku\/#primaryimage"},"thumbnailUrl":"https:\/\/d2p6e6u75xmxt8.cloudfront.net\/4\/2018\/10\/profimedia-0386457705-1.webp","datePublished":"2018-10-24T08:20:29+00:00","author":{"@id":"https:\/\/www.welovecycling.com\/sk\/#\/schema\/person\/8ee09ba39b7e25b1870160aa5b3a89bc"},"breadcrumb":{"@id":"https:\/\/www.welovecycling.com\/sk\/2018\/10\/24\/co-jest-ak-ste-si-pri-uraze-zlomili-ruku\/#breadcrumb"},"inLanguage":"sk-SK","potentialAction":[{"@type":"ReadAction","target":["https:\/\/www.welovecycling.com\/sk\/2018\/10\/24\/co-jest-ak-ste-si-pri-uraze-zlomili-ruku\/"]}]},{"@type":"ImageObject","inLanguage":"sk-SK","@id":"https:\/\/www.welovecycling.com\/sk\/2018\/10\/24\/co-jest-ak-ste-si-pri-uraze-zlomili-ruku\/#primaryimage","url":"https:\/\/d2p6e6u75xmxt8.cloudfront.net\/4\/2018\/10\/profimedia-0386457705-1.webp","contentUrl":"https:\/\/d2p6e6u75xmxt8.cloudfront.net\/4\/2018\/10\/profimedia-0386457705-1.webp","width":1366,"height":600},{"@type":"BreadcrumbList","@id":"https:\/\/www.welovecycling.com\/sk\/2018\/10\/24\/co-jest-ak-ste-si-pri-uraze-zlomili-ruku\/#breadcrumb","itemListElement":[{"@type":"ListItem","position":1,"name":"Home","item":"https:\/\/www.welovecycling.com\/sk\/"},{"@type":"ListItem","position":2,"name":"\u010co jes\u0165, ak ste si pri \u00faraze zlomili ruku?"}]},{"@type":"WebSite","@id":"https:\/\/www.welovecycling.com\/sk\/#website","url":"https:\/\/www.welovecycling.com\/sk\/","name":"\u0160koda We Love Cycling Slovensko","description":"\u0160koda We Love Cycling Slovensko je v\u00e1\u0161 ka\u017edodenn\u00fd zdroj noviniek a in\u0161pir\u00e1cie z sveta cyklistiky","potentialAction":[{"@type":"SearchAction","target":{"@type":"EntryPoint","urlTemplate":"https:\/\/www.welovecycling.com\/sk\/?s={search_term_string}"},"query-input":{"@type":"PropertyValueSpecification","valueRequired":true,"valueName":"search_term_string"}}],"inLanguage":"sk-SK"},{"@type":"Person","@id":"https:\/\/www.welovecycling.com\/sk\/#\/schema\/person\/8ee09ba39b7e25b1870160aa5b3a89bc","name":"Ondrej Ga\u0161par","image":{"@type":"ImageObject","inLanguage":"sk-SK","@id":"https:\/\/www.welovecycling.com\/sk\/#\/schema\/person\/image\/","url":"https:\/\/secure.gravatar.com\/avatar\/6126c9afb87b70da5abbb083ddbb21933da15f18f8ca7cb822aba0fb096a48f6?s=96&d=mm&r=g","contentUrl":"https:\/\/secure.gravatar.com\/avatar\/6126c9afb87b70da5abbb083ddbb21933da15f18f8ca7cb822aba0fb096a48f6?s=96&d=mm&r=g","caption":"Ondrej Ga\u0161par"},"url":"https:\/\/www.welovecycling.com\/sk\/author\/ondrejgaspar\/"}]}},"_links":{"self":[{"href":"https:\/\/www.welovecycling.com\/sk\/wp-json\/wp\/v2\/posts\/5273","targetHints":{"allow":["GET"]}}],"collection":[{"href":"https:\/\/www.welovecycling.com\/sk\/wp-json\/wp\/v2\/posts"}],"about":[{"href":"https:\/\/www.welovecycling.com\/sk\/wp-json\/wp\/v2\/types\/post"}],"author":[{"embeddable":true,"href":"https:\/\/www.welovecycling.com\/sk\/wp-json\/wp\/v2\/users\/38"}],"replies":[{"embeddable":true,"href":"https:\/\/www.welovecycling.com\/sk\/wp-json\/wp\/v2\/comments?post=5273"}],"version-history":[{"count":2,"href":"https:\/\/www.welovecycling.com\/sk\/wp-json\/wp\/v2\/posts\/5273\/revisions"}],"predecessor-version":[{"id":5282,"href":"https:\/\/www.welovecycling.com\/sk\/wp-json\/wp\/v2\/posts\/5273\/revisions\/5282"}],"wp:featuredmedia":[{"embeddable":true,"href":"https:\/\/www.welovecycling.com\/sk\/wp-json\/wp\/v2\/media\/5277"}],"wp:attachment":[{"href":"https:\/\/www.welovecycling.com\/sk\/wp-json\/wp\/v2\/media?parent=5273"}],"wp:term":[{"taxonomy":"category","embeddable":true,"href":"https:\/\/www.welovecycling.com\/sk\/wp-json\/wp\/v2\/categories?post=5273"},{"taxonomy":"post_tag","embeddable":true,"href":"https:\/\/www.welovecycling.com\/sk\/wp-json\/wp\/v2\/tags?post=5273"},{"taxonomy":"global-categories","embeddable":true,"href":"https:\/\/www.welovecycling.com\/sk\/wp-json\/wp\/v2\/global-categories?post=5273"}],"curies":[{"name":"wp","href":"https:\/\/api.w.org\/{rel}","templated":true}]}}