{"id":5266,"date":"2018-10-22T10:19:02","date_gmt":"2018-10-22T08:19:02","guid":{"rendered":"https:\/\/www.welovecycling.com\/sk\/?p=5266"},"modified":"2018-10-22T10:32:59","modified_gmt":"2018-10-22T08:32:59","slug":"aka-je-skutocna-zivotnost-vasho-noveho-bicykla","status":"publish","type":"post","link":"https:\/\/www.welovecycling.com\/sk\/2018\/10\/22\/aka-je-skutocna-zivotnost-vasho-noveho-bicykla\/","title":{"rendered":"Ak\u00e1 je skuto\u010dn\u00e1 \u017eivotnos\u0165 v\u00e1\u0161ho nov\u00e9ho bicykla?"},"content":{"rendered":"<p><strong>Nezauj\u00edma ma, ak\u00e1 je cena bicykla \u2013 len mi povedzte, ako dlho vydr\u017e\u00ed.<\/strong><!--more--><\/p>\n<h2><strong>Najazden\u00e9 kilometre<\/strong><\/h2>\n<p>Neprem\u00fd\u0161\u013eajte nad t\u00fdm z h\u013eadiska rokov. Rovnako ako na aute, aj na bicykli sa opotrebov\u00e1vaj\u00fa pohybliv\u00e9 \u010dasti. Spr\u00e1vne uskladnen\u00fd bicykel vydr\u017e\u00ed viac-menej nieko\u013eko desiatok rokov. Ale ke\u010f si na \u0148om vyjdete von zajazdi\u0165, logicky budete opotrebov\u00e1va\u0165 pohybliv\u00e9 \u010dasti:<\/p>\n<lite-youtube videoid=g5uqTNmikro params=\"enablejsapi=1\" style=\"background-image: url('https:\/\/i.ytimg.com\/vi_webp\/g5uqTNmikro\/maxresdefault.webp');\"><\/lite-youtube>\n<p>Auto m\u00f4\u017ee najazdi\u0165 viac ako 150 000 km v dobrom stave, a to ist\u00e9 by mohol dosiahnu\u0165 aj v\u00e1\u0161 bicykel. Ale rovnako ako pri aute, m\u00f4\u017eete o\u010dak\u00e1va\u0165, \u017ee ve\u013ea komponentov bude nahraden\u00fdch, modernizovan\u00fdch a opraven\u00fdch po\u010das jeho \u017eivotnosti.<\/p>\n<h2><strong>Kor\u00f3zia komponentov<\/strong><\/h2>\n<p>Povedzme, \u017ee ak budete jazdi\u0165 160 km t\u00fd\u017edenne, m\u00f4\u017eete o\u010dak\u00e1va\u0165, \u017ee bude <strong>potrebn\u00e9 meni\u0165 brzdov\u00e9 platni\u010dky ka\u017ed\u00fdch p\u00e1r mesiacov<\/strong>. Ak \u017eijete v horskej oblasti, m\u00f4\u017ee to by\u0165 ove\u013ea \u010dastej\u0161ie. Ak m\u00e1te ni\u017e\u0161iu hmotnos\u0165, nebudete ich meni\u0165 tak \u010dasto, ako niekto s nadv\u00e1hou.<\/p>\n<p>Aj <strong>re\u0165az je potrebn\u00e9 meni\u0165 raz za nieko\u013eko mesiacov<\/strong> v z\u00e1vislosti, \u010di jazd\u00edte na solen\u00fdch cest\u00e1ch alebo na pieskov\u00fdch a pra\u0161n\u00fdch tratiach \u2013 v oboch pr\u00edpadoch sa bude va\u0161a re\u0165az, kazeta a predn\u00fd prevodn\u00edk opotrebov\u00e1va\u0165 ove\u013ea viac. Vo videu v\u00e1m uk\u00e1\u017eeme, \u010do skontrolova\u0165, ke\u010f jazd\u00edte na bicykli v \u0165a\u017ek\u00fdch podmienkach:<\/p>\n<lite-youtube videoid=0c63GKNMaE8 params=\"enablejsapi=1\" style=\"background-image: url('https:\/\/i.ytimg.com\/vi_webp\/0c63GKNMaE8\/maxresdefault.webp');\"><\/lite-youtube>\n<h2><strong>Majte viac ako jeden bicykel<\/strong><\/h2>\n<p>Ak jazd\u00edte ka\u017ed\u00fd de\u0148, d\u00f4kladn\u00e1 o\u010dista po ka\u017edej jazde je jednoducho nepraktick\u00e1. Rie\u0161en\u00edm je ma\u0165 <em>\u201ebicykel do da\u017e\u010fa\u201c<\/em>. Ak je slne\u010dn\u00fd jarn\u00fd alebo letn\u00fd de\u0148 a na oblohe nie je ani mrak, cho\u010fte do toho a vezmite si svoj celokarb\u00f3nov\u00fd pretek\u00e1rsky bicykel, aby ste si u\u017eili cestu do kancel\u00e1rie.<\/p>\n<p>Ni\u010d nebude predl\u017eova\u0165 \u017eivotnos\u0165 v\u00e1\u0161ho nov\u00e9ho bicykla ako napr\u00edklad pou\u017e\u00edvanie toho star\u00e9ho po\u010das zimy alebo ke\u010f pr\u0161\u00ed. Po\u010das da\u017e\u010fa bude va\u0161ou vo\u013ebou lacnej\u0161\u00ed bicykel, ktor\u00fd m\u00f4\u017ee osta\u0165 neo\u010disten\u00fd. Nezabudnite \u2013 <strong>re\u0165az za 10 \u20ac bude menen\u00e1 trikr\u00e1t \u010dastej\u0161ie ako t\u00e1 za 30 \u20ac!<\/strong><\/p>\n<h2><strong>Jazdenie a risk<\/strong><\/h2>\n<p>V\u00e1\u0161 bicykel vydr\u017e\u00ed dlh\u0161ie, ak nebudete riskova\u0165. Jazdenie va\u0161im karb\u00f3nov\u00fdm bicyklom na verejn\u00fdch cest\u00e1ch zvy\u0161uje riziko kol\u00edzie s in\u00fdmi vozidlami.<\/p>\n<lite-youtube videoid=vu9IN8X0JOU params=\"enablejsapi=1\" style=\"background-image: url('https:\/\/i.ytimg.com\/vi_webp\/vu9IN8X0JOU\/maxresdefault.webp');\"><\/lite-youtube>\n<p>Ak nechcete riskova\u0165 zlomenie v\u00e1\u0161ho plne odpru\u017een\u00e9ho MTB r\u00e1mu, nikdy ho neberte na ve\u013emi \u0165a\u017ek\u00e9 zjazdy. A to je zmysel \u2013 <strong>\u017eivotnos\u0165 v\u00e1\u0161ho bicykla, je vo ve\u013ekej miere z\u00e1visl\u00e1 od riz\u00edk, ktor\u00e9 na seba beriete pri jeho v\u00fdbere.<\/strong><\/p>\n<h2><strong>Vydr\u017e\u00ed oce\u013e dlh\u0161ie ako karb\u00f3n?<\/strong><\/h2>\n<p>Na z\u00e1klade dostupn\u00fdch d\u00f4kazov &#8211; <strong>\u00e1no<\/strong>. Vieme to preto, lebo nen\u00e1jdete \u017eiadne karb\u00f3nov\u00e9 r\u00e1my zo sedemdesiatych rokov, ale st\u00e1le vid\u00edme na predaj mno\u017estvo oce\u013eov\u00fdch vintage r\u00e1mov. Samozrejme vtipkujem \u2013 ale je \u013eahk\u00e9 pochopi\u0165, pre\u010do sa \u013eudia p\u00fdtaj\u00fa, ke\u010f v\u00fdrobcovia odpor\u00fa\u010daj\u00fa zv\u00fd\u0161en\u00fa starostlivos\u0165 o karb\u00f3n.<\/p>\n<p>Pravdou je, \u017ee ak\u00fdko\u013evek r\u00e1m, za predpokladu, \u017ee sa o\u0148 budete stara\u0165, v\u00e1m vydr\u017e\u00ed po cel\u00fd \u017eivot. V skuto\u010dnosti va\u0161a t\u00fa\u017eba po novom vysn\u00edvanom bicykli najlep\u0161ie zv\u00fd\u0161i jeho \u017eivotnos\u0165 a\u017e do chv\u00edle, ke\u010f u\u017e na \u0148om \u00faplne prestanete jazdi\u0165.<\/p>\n","protected":false},"excerpt":{"rendered":"<p>Nezauj\u00edma ma, ak\u00e1 je cena bicykla \u2013 len mi povedzte, ako dlho vydr\u017e\u00ed.<\/p>\n","protected":false},"author":38,"featured_media":5270,"comment_status":"open","ping_status":"open","sticky":false,"template":"","format":"standard","meta":{"footnotes":""},"categories":[4,3],"tags":[115,289,180,532,632,222,412,633,621,631,564,290],"global-categories":[],"class_list":["post-5266","post","type-post","status-publish","format-standard","has-post-thumbnail","hentry","category-cestna-cyklisitika","category-mtb","tag-cestna-cyklistika","tag-cistenie","tag-horska-cyklistika","tag-jazdenie","tag-karbon","tag-komponenty","tag-mtb","tag-ocel","tag-ochrana","tag-retaz","tag-starostlivost","tag-udrzba"],"yoast_head":"<!-- This site is optimized with the Yoast SEO Premium plugin v25.3 (Yoast SEO v25.9) - https:\/\/yoast.com\/wordpress\/plugins\/seo\/ -->\n<title>Ak\u00e1 je skuto\u010dn\u00e1 \u017eivotnos\u0165 v\u00e1\u0161ho nov\u00e9ho bicykla? - \u0160koda We Love Cycling Slovensko<\/title>\n<meta name=\"robots\" content=\"index, follow, max-snippet:-1, max-image-preview:large, max-video-preview:-1\" \/>\n<link rel=\"canonical\" href=\"https:\/\/www.welovecycling.com\/sk\/2018\/10\/22\/aka-je-skutocna-zivotnost-vasho-noveho-bicykla\/\" \/>\n<meta property=\"og:locale\" content=\"sk_SK\" \/>\n<meta property=\"og:type\" content=\"article\" \/>\n<meta property=\"og:title\" content=\"Ak\u00e1 je skuto\u010dn\u00e1 \u017eivotnos\u0165 v\u00e1\u0161ho nov\u00e9ho bicykla?\" \/>\n<meta property=\"og:description\" content=\"Nezauj\u00edma ma, ak\u00e1 je cena bicykla \u2013 len mi povedzte, ako dlho vydr\u017e\u00ed.\" \/>\n<meta property=\"og:url\" content=\"https:\/\/www.welovecycling.com\/sk\/2018\/10\/22\/aka-je-skutocna-zivotnost-vasho-noveho-bicykla\/\" \/>\n<meta property=\"og:site_name\" content=\"\u0160koda We Love Cycling Slovensko\" \/>\n<meta property=\"article:published_time\" content=\"2018-10-22T08:19:02+00:00\" \/>\n<meta property=\"article:modified_time\" content=\"2018-10-22T08:32:59+00:00\" \/>\n<meta property=\"og:image\" content=\"https:\/\/d2p6e6u75xmxt8.cloudfront.net\/4\/2018\/10\/lolacvr.webp\" \/>\n\t<meta property=\"og:image:width\" content=\"1366\" \/>\n\t<meta property=\"og:image:height\" content=\"600\" \/>\n\t<meta property=\"og:image:type\" content=\"image\/webp\" \/>\n<meta name=\"author\" content=\"Ondrej Ga\u0161par\" \/>\n<meta name=\"twitter:card\" content=\"summary_large_image\" \/>\n<meta name=\"twitter:label1\" content=\"Written by\" \/>\n\t<meta name=\"twitter:data1\" content=\"Christopher Ashley\" \/>\n\t<meta name=\"twitter:label2\" content=\"Est. reading time\" \/>\n\t<meta name=\"twitter:data2\" content=\"6\" \/>\n<script type=\"application\/ld+json\" class=\"yoast-schema-graph\">{\"@context\":\"https:\/\/schema.org\",\"@graph\":[{\"@type\":\"WebPage\",\"@id\":\"https:\/\/www.welovecycling.com\/sk\/2018\/10\/22\/aka-je-skutocna-zivotnost-vasho-noveho-bicykla\/\",\"url\":\"https:\/\/www.welovecycling.com\/sk\/2018\/10\/22\/aka-je-skutocna-zivotnost-vasho-noveho-bicykla\/\",\"name\":\"Ak\u00e1 je skuto\u010dn\u00e1 \u017eivotnos\u0165 v\u00e1\u0161ho nov\u00e9ho bicykla? - \u0160koda We Love Cycling Slovensko\",\"isPartOf\":{\"@id\":\"https:\/\/www.welovecycling.com\/sk\/#website\"},\"primaryImageOfPage\":{\"@id\":\"https:\/\/www.welovecycling.com\/sk\/2018\/10\/22\/aka-je-skutocna-zivotnost-vasho-noveho-bicykla\/#primaryimage\"},\"image\":{\"@id\":\"https:\/\/www.welovecycling.com\/sk\/2018\/10\/22\/aka-je-skutocna-zivotnost-vasho-noveho-bicykla\/#primaryimage\"},\"thumbnailUrl\":\"https:\/\/d2p6e6u75xmxt8.cloudfront.net\/4\/2018\/10\/lolacvr.webp\",\"datePublished\":\"2018-10-22T08:19:02+00:00\",\"dateModified\":\"2018-10-22T08:32:59+00:00\",\"author\":{\"@id\":\"https:\/\/www.welovecycling.com\/sk\/#\/schema\/person\/8ee09ba39b7e25b1870160aa5b3a89bc\"},\"breadcrumb\":{\"@id\":\"https:\/\/www.welovecycling.com\/sk\/2018\/10\/22\/aka-je-skutocna-zivotnost-vasho-noveho-bicykla\/#breadcrumb\"},\"inLanguage\":\"sk-SK\",\"potentialAction\":[{\"@type\":\"ReadAction\",\"target\":[\"https:\/\/www.welovecycling.com\/sk\/2018\/10\/22\/aka-je-skutocna-zivotnost-vasho-noveho-bicykla\/\"]}]},{\"@type\":\"ImageObject\",\"inLanguage\":\"sk-SK\",\"@id\":\"https:\/\/www.welovecycling.com\/sk\/2018\/10\/22\/aka-je-skutocna-zivotnost-vasho-noveho-bicykla\/#primaryimage\",\"url\":\"https:\/\/d2p6e6u75xmxt8.cloudfront.net\/4\/2018\/10\/lolacvr.webp\",\"contentUrl\":\"https:\/\/d2p6e6u75xmxt8.cloudfront.net\/4\/2018\/10\/lolacvr.webp\",\"width\":1366,\"height\":600},{\"@type\":\"BreadcrumbList\",\"@id\":\"https:\/\/www.welovecycling.com\/sk\/2018\/10\/22\/aka-je-skutocna-zivotnost-vasho-noveho-bicykla\/#breadcrumb\",\"itemListElement\":[{\"@type\":\"ListItem\",\"position\":1,\"name\":\"Home\",\"item\":\"https:\/\/www.welovecycling.com\/sk\/\"},{\"@type\":\"ListItem\",\"position\":2,\"name\":\"Ak\u00e1 je skuto\u010dn\u00e1 \u017eivotnos\u0165 v\u00e1\u0161ho nov\u00e9ho bicykla?\"}]},{\"@type\":\"WebSite\",\"@id\":\"https:\/\/www.welovecycling.com\/sk\/#website\",\"url\":\"https:\/\/www.welovecycling.com\/sk\/\",\"name\":\"\u0160koda We Love Cycling Slovensko\",\"description\":\"\u0160koda We Love Cycling Slovensko je v\u00e1\u0161 ka\u017edodenn\u00fd zdroj noviniek a in\u0161pir\u00e1cie z sveta cyklistiky\",\"potentialAction\":[{\"@type\":\"SearchAction\",\"target\":{\"@type\":\"EntryPoint\",\"urlTemplate\":\"https:\/\/www.welovecycling.com\/sk\/?s={search_term_string}\"},\"query-input\":{\"@type\":\"PropertyValueSpecification\",\"valueRequired\":true,\"valueName\":\"search_term_string\"}}],\"inLanguage\":\"sk-SK\"},{\"@type\":\"Person\",\"@id\":\"https:\/\/www.welovecycling.com\/sk\/#\/schema\/person\/8ee09ba39b7e25b1870160aa5b3a89bc\",\"name\":\"Ondrej Ga\u0161par\",\"image\":{\"@type\":\"ImageObject\",\"inLanguage\":\"sk-SK\",\"@id\":\"https:\/\/www.welovecycling.com\/sk\/#\/schema\/person\/image\/\",\"url\":\"https:\/\/secure.gravatar.com\/avatar\/6126c9afb87b70da5abbb083ddbb21933da15f18f8ca7cb822aba0fb096a48f6?s=96&d=mm&r=g\",\"contentUrl\":\"https:\/\/secure.gravatar.com\/avatar\/6126c9afb87b70da5abbb083ddbb21933da15f18f8ca7cb822aba0fb096a48f6?s=96&d=mm&r=g\",\"caption\":\"Ondrej Ga\u0161par\"},\"url\":\"https:\/\/www.welovecycling.com\/sk\/author\/ondrejgaspar\/\"}]}<\/script>\n<!-- \/ Yoast SEO Premium plugin. -->","yoast_head_json":{"title":"Ak\u00e1 je skuto\u010dn\u00e1 \u017eivotnos\u0165 v\u00e1\u0161ho nov\u00e9ho bicykla? - \u0160koda We Love Cycling Slovensko","robots":{"index":"index","follow":"follow","max-snippet":"max-snippet:-1","max-image-preview":"max-image-preview:large","max-video-preview":"max-video-preview:-1"},"canonical":"https:\/\/www.welovecycling.com\/sk\/2018\/10\/22\/aka-je-skutocna-zivotnost-vasho-noveho-bicykla\/","og_locale":"sk_SK","og_type":"article","og_title":"Ak\u00e1 je skuto\u010dn\u00e1 \u017eivotnos\u0165 v\u00e1\u0161ho nov\u00e9ho bicykla?","og_description":"Nezauj\u00edma ma, ak\u00e1 je cena bicykla \u2013 len mi povedzte, ako dlho vydr\u017e\u00ed.","og_url":"https:\/\/www.welovecycling.com\/sk\/2018\/10\/22\/aka-je-skutocna-zivotnost-vasho-noveho-bicykla\/","og_site_name":"\u0160koda We Love Cycling Slovensko","article_published_time":"2018-10-22T08:19:02+00:00","article_modified_time":"2018-10-22T08:32:59+00:00","og_image":[{"width":1366,"height":600,"url":"https:\/\/d2p6e6u75xmxt8.cloudfront.net\/4\/2018\/10\/lolacvr.webp","type":"image\/webp"}],"author":"Ondrej Ga\u0161par","twitter_card":"summary_large_image","twitter_misc":{"Written by":"Christopher Ashley","Est. reading time":"6"},"schema":{"@context":"https:\/\/schema.org","@graph":[{"@type":"WebPage","@id":"https:\/\/www.welovecycling.com\/sk\/2018\/10\/22\/aka-je-skutocna-zivotnost-vasho-noveho-bicykla\/","url":"https:\/\/www.welovecycling.com\/sk\/2018\/10\/22\/aka-je-skutocna-zivotnost-vasho-noveho-bicykla\/","name":"Ak\u00e1 je skuto\u010dn\u00e1 \u017eivotnos\u0165 v\u00e1\u0161ho nov\u00e9ho bicykla? - \u0160koda We Love Cycling Slovensko","isPartOf":{"@id":"https:\/\/www.welovecycling.com\/sk\/#website"},"primaryImageOfPage":{"@id":"https:\/\/www.welovecycling.com\/sk\/2018\/10\/22\/aka-je-skutocna-zivotnost-vasho-noveho-bicykla\/#primaryimage"},"image":{"@id":"https:\/\/www.welovecycling.com\/sk\/2018\/10\/22\/aka-je-skutocna-zivotnost-vasho-noveho-bicykla\/#primaryimage"},"thumbnailUrl":"https:\/\/d2p6e6u75xmxt8.cloudfront.net\/4\/2018\/10\/lolacvr.webp","datePublished":"2018-10-22T08:19:02+00:00","dateModified":"2018-10-22T08:32:59+00:00","author":{"@id":"https:\/\/www.welovecycling.com\/sk\/#\/schema\/person\/8ee09ba39b7e25b1870160aa5b3a89bc"},"breadcrumb":{"@id":"https:\/\/www.welovecycling.com\/sk\/2018\/10\/22\/aka-je-skutocna-zivotnost-vasho-noveho-bicykla\/#breadcrumb"},"inLanguage":"sk-SK","potentialAction":[{"@type":"ReadAction","target":["https:\/\/www.welovecycling.com\/sk\/2018\/10\/22\/aka-je-skutocna-zivotnost-vasho-noveho-bicykla\/"]}]},{"@type":"ImageObject","inLanguage":"sk-SK","@id":"https:\/\/www.welovecycling.com\/sk\/2018\/10\/22\/aka-je-skutocna-zivotnost-vasho-noveho-bicykla\/#primaryimage","url":"https:\/\/d2p6e6u75xmxt8.cloudfront.net\/4\/2018\/10\/lolacvr.webp","contentUrl":"https:\/\/d2p6e6u75xmxt8.cloudfront.net\/4\/2018\/10\/lolacvr.webp","width":1366,"height":600},{"@type":"BreadcrumbList","@id":"https:\/\/www.welovecycling.com\/sk\/2018\/10\/22\/aka-je-skutocna-zivotnost-vasho-noveho-bicykla\/#breadcrumb","itemListElement":[{"@type":"ListItem","position":1,"name":"Home","item":"https:\/\/www.welovecycling.com\/sk\/"},{"@type":"ListItem","position":2,"name":"Ak\u00e1 je skuto\u010dn\u00e1 \u017eivotnos\u0165 v\u00e1\u0161ho nov\u00e9ho bicykla?"}]},{"@type":"WebSite","@id":"https:\/\/www.welovecycling.com\/sk\/#website","url":"https:\/\/www.welovecycling.com\/sk\/","name":"\u0160koda We Love Cycling Slovensko","description":"\u0160koda We Love Cycling Slovensko je v\u00e1\u0161 ka\u017edodenn\u00fd zdroj noviniek a in\u0161pir\u00e1cie z sveta cyklistiky","potentialAction":[{"@type":"SearchAction","target":{"@type":"EntryPoint","urlTemplate":"https:\/\/www.welovecycling.com\/sk\/?s={search_term_string}"},"query-input":{"@type":"PropertyValueSpecification","valueRequired":true,"valueName":"search_term_string"}}],"inLanguage":"sk-SK"},{"@type":"Person","@id":"https:\/\/www.welovecycling.com\/sk\/#\/schema\/person\/8ee09ba39b7e25b1870160aa5b3a89bc","name":"Ondrej Ga\u0161par","image":{"@type":"ImageObject","inLanguage":"sk-SK","@id":"https:\/\/www.welovecycling.com\/sk\/#\/schema\/person\/image\/","url":"https:\/\/secure.gravatar.com\/avatar\/6126c9afb87b70da5abbb083ddbb21933da15f18f8ca7cb822aba0fb096a48f6?s=96&d=mm&r=g","contentUrl":"https:\/\/secure.gravatar.com\/avatar\/6126c9afb87b70da5abbb083ddbb21933da15f18f8ca7cb822aba0fb096a48f6?s=96&d=mm&r=g","caption":"Ondrej Ga\u0161par"},"url":"https:\/\/www.welovecycling.com\/sk\/author\/ondrejgaspar\/"}]}},"_links":{"self":[{"href":"https:\/\/www.welovecycling.com\/sk\/wp-json\/wp\/v2\/posts\/5266","targetHints":{"allow":["GET"]}}],"collection":[{"href":"https:\/\/www.welovecycling.com\/sk\/wp-json\/wp\/v2\/posts"}],"about":[{"href":"https:\/\/www.welovecycling.com\/sk\/wp-json\/wp\/v2\/types\/post"}],"author":[{"embeddable":true,"href":"https:\/\/www.welovecycling.com\/sk\/wp-json\/wp\/v2\/users\/38"}],"replies":[{"embeddable":true,"href":"https:\/\/www.welovecycling.com\/sk\/wp-json\/wp\/v2\/comments?post=5266"}],"version-history":[{"count":2,"href":"https:\/\/www.welovecycling.com\/sk\/wp-json\/wp\/v2\/posts\/5266\/revisions"}],"predecessor-version":[{"id":5279,"href":"https:\/\/www.welovecycling.com\/sk\/wp-json\/wp\/v2\/posts\/5266\/revisions\/5279"}],"wp:featuredmedia":[{"embeddable":true,"href":"https:\/\/www.welovecycling.com\/sk\/wp-json\/wp\/v2\/media\/5270"}],"wp:attachment":[{"href":"https:\/\/www.welovecycling.com\/sk\/wp-json\/wp\/v2\/media?parent=5266"}],"wp:term":[{"taxonomy":"category","embeddable":true,"href":"https:\/\/www.welovecycling.com\/sk\/wp-json\/wp\/v2\/categories?post=5266"},{"taxonomy":"post_tag","embeddable":true,"href":"https:\/\/www.welovecycling.com\/sk\/wp-json\/wp\/v2\/tags?post=5266"},{"taxonomy":"global-categories","embeddable":true,"href":"https:\/\/www.welovecycling.com\/sk\/wp-json\/wp\/v2\/global-categories?post=5266"}],"curies":[{"name":"wp","href":"https:\/\/api.w.org\/{rel}","templated":true}]}}