{"id":5242,"date":"2018-10-19T12:05:50","date_gmt":"2018-10-19T10:05:50","guid":{"rendered":"https:\/\/www.welovecycling.com\/sk\/?p=5242"},"modified":"2018-10-18T18:42:36","modified_gmt":"2018-10-18T16:42:36","slug":"saganova-sezona-2018","status":"publish","type":"post","link":"https:\/\/www.welovecycling.com\/sk\/2018\/10\/19\/saganova-sezona-2018\/","title":{"rendered":"Saganova sez\u00f3na 2018"},"content":{"rendered":"<p><strong>28-ro\u010dn\u00fd slovensk\u00fd r\u00fdchlik, Peter Sagan, sa u\u017e deviatu sez\u00f3nu pohybuje medzi najlep\u0161\u00edmi. Od\u00a0roku 2010, po z\u00edskan\u00ed anga\u017em\u00e1 v\u00a0talianskom t\u00edme Liquigas-Doimo, nebolo mo\u017en\u00e9 prehliadnu\u0165 jeho skvel\u00e9 v\u00fdkony. 6-n\u00e1sobn\u00fd v\u00ed\u0165az zelen\u00e9ho dresu a\u00a03-n\u00e1sobn\u00fd majster sveta nebol ni\u010d dl\u017en\u00fd svojej povesti ani v\u00a0roku 2018, ke\u010f z\u00edskal 8 profesion\u00e1lnych v\u00ed\u0165azstiev. Pozrime sa teda, ako sa mu darilo.<\/strong><!--more--><\/p>\n<h2><strong>Tour Down Under (Austr\u00e1lia, 16. &#8211; 21.1.)<\/strong><\/h2>\n<p>Ako je tomu u\u017e zvykom, Sagan svoju sez\u00f3nu zapo\u010dal na druhej strane zemegule, v\u00a0hor\u00facej Austr\u00e1lii. 6-d\u0148ov\u00e9 etapov\u00e9 preteky zvl\u00e1dol v\u00fdborne, ke\u010f\u017ee z\u00edskal <strong>zelen\u00fd dres v\u00a0bodovacej klasifik\u00e1cii<\/strong>. K\u00a0tomu pridal v\u00a04. etape aj v\u00ed\u0165azstvo v\u00a0cie\u013eovom meste Uraidla. Celkov\u00e9 poradie mu uniklo v\u010faka kopcovitej 5. etape, v\u00a0ktorej sa prepadol z\u00a0dovtedaj\u0161ieho 1. miesta na 33.<\/p>\n<p><a href=\"https:\/\/d2p6e6u75xmxt8.cloudfront.net\/4\/2018\/10\/01-1.jpg\"><img loading=\"lazy\" decoding=\"async\" class=\"alignnone size-full wp-image-5246\" src=\"https:\/\/d2p6e6u75xmxt8.cloudfront.net\/4\/2018\/10\/01-1.jpg\" alt=\"\" width=\"1200\" height=\"800\" \/><\/a><\/p>\n<h2><strong>Strade Bianche (Taliansko, 3.3.)<\/strong><\/h2>\n<p>Po pretekoch v\u00a0Austr\u00e1lii nasledovala vy\u0161e mesa\u010dn\u00e1 pauza, ktor\u00e1 ur\u010dite prospela\u00a0aspo\u0148 \u010diasto\u010dnej regener\u00e1cii pred n\u00e1ro\u010dn\u00fdm jarn\u00fdm celkom. U\u017e 3. marca sa postavil v\u00a0chladnom a upr\u0161anom Taliansku na \u0161tart jedn\u00e9ho z\u00a0\u00favodn\u00fdch podujat\u00ed sez\u00f3ny \u2013 Strade Bianche. Zvlnen\u00e9 jednor\u00e1zov\u00e9 preteky s\u00a0d\u013a\u017ekou 184 km ovl\u00e1dol T. Benoot (Lotto Soudal). <strong>Sagan skon\u010dil \u201ea\u017e\u201c \u00f4smy, so stratou 2:08<\/strong>.<\/p>\n<p><a href=\"https:\/\/d2p6e6u75xmxt8.cloudfront.net\/4\/2018\/10\/02-1.jpg\"><img loading=\"lazy\" decoding=\"async\" class=\"alignnone size-full wp-image-5247\" src=\"https:\/\/d2p6e6u75xmxt8.cloudfront.net\/4\/2018\/10\/02-1.jpg\" alt=\"\" width=\"1200\" height=\"800\" \/><\/a><\/p>\n<h2><strong>Tirreno-Adriatico (Taliansko, 7.3. &#8211; 13.3.)<\/strong><\/h2>\n<p>Prv\u00e9 etapov\u00e9 preteky na severnej pologuli ho \u010dakali u\u017e nieko\u013eko dn\u00ed po Strade Bianche. Ke\u010f\u017ee na tomto podujat\u00ed mo\u017eno n\u00e1js\u0165 cel\u00fa \u0161pi\u010dku profi-pelot\u00f3nu, <strong>situ\u00e1cia pre Sagana nebola \u013eahk\u00e1<\/strong>. Po\u010das 7 et\u00e1p z\u00edskal tri druh\u00e9 miesta, v\u00a02. a\u00a06. etape zaostal len za Kittelom (KATUSHA ALPECIN). V\u00a05. etape, ktor\u00e1 mala dojazd na krat\u0161om st\u00fapan\u00ed, sa udr\u017eal s\u00a0najlep\u0161\u00edmi z\u00a0celkovej klasifik\u00e1cie. Nesta\u010dil u\u017e len na A. Yatesa (Mitchelton-SCOT). Rovnako sa umiestnil aj v\u00a0bodovacej klasifik\u00e1cii so stratou 3 bodov na prv\u00e9ho Mosca (Wilier Triestina &#8211; Selle Italia).<\/p>\n<p><a href=\"https:\/\/d2p6e6u75xmxt8.cloudfront.net\/4\/2018\/10\/03-1.jpg\"><img loading=\"lazy\" decoding=\"async\" class=\"alignnone size-full wp-image-5248\" src=\"https:\/\/d2p6e6u75xmxt8.cloudfront.net\/4\/2018\/10\/03-1.jpg\" alt=\"\" width=\"1200\" height=\"800\" \/><\/a><\/p>\n<h2><strong>Jarn\u00e9 klasiky<\/strong><\/h2>\n<p>V\u00a0tomto roku Sagan participoval na celkovo 6 jarn\u00fdch klasik\u00e1ch. Medzi ne patrili aj tri, ozna\u010dovan\u00e9 ako monumenty. D\u00f4vodom toho je ich presl\u00e1venos\u0165 a\u00a0n\u00e1ro\u010dnos\u0165.<\/p>\n<div class=\"shortcode-ys-post-pinup\"><article class=\"loop-simple post-3328 post type-post status-publish format-standard has-post-thumbnail hentry category-cestna-cyklisitika category-legendy category-grand-tour tag-amstel-gold-race tag-belgicko tag-cestna-cyklistika tag-e3-harelbeke tag-francuzsko tag-gent-wevelgem tag-jar tag-jarne-klasiky tag-kocky tag-liege-bastogne-liege tag-milano-san-remo tag-okolo-flamska tag-pariz-roubaix tag-pave tag-peter-sagan tag-preteky tag-strade-bianche tag-taliansko tag-tirreno-adriatico\" data-postid=\"3328\" role=\"article\" data-post-id=\"3328\" data-word-count=\"758\" data-headline-length=\"94\" data-category=\"Cestn\u00e1 cyklistika\" data-author=\"We Love Cycling\" data-published=\"2018-04-18T21:33:27+02:00\" data-published-day=\"Wednesday\">\n    <div class=\"entry-thumbnail article-thumbnail\" content=\"https:\/\/d2p6e6u75xmxt8.cloudfront.net\/4\/2018\/04\/02-1-150x150.webp\"><a href=\"https:\/\/www.welovecycling.com\/sk\/2018\/04\/18\/klasikarska-jar-petra-sagana\/\" class=\"image-holder\" target=\"_self\"><img decoding=\"async\" loading=\"lazy\" class=\"\" src=\"https:\/\/d2p6e6u75xmxt8.cloudfront.net\/4\/2018\/04\/02-1-1024x447.webp\" srcset=\"https:\/\/d2p6e6u75xmxt8.cloudfront.net\/4\/2018\/04\/02-1.webp 1375w, https:\/\/d2p6e6u75xmxt8.cloudfront.net\/4\/2018\/04\/02-1-300x131.webp 300w, https:\/\/d2p6e6u75xmxt8.cloudfront.net\/4\/2018\/04\/02-1-1024x447.webp 1024w, https:\/\/d2p6e6u75xmxt8.cloudfront.net\/4\/2018\/04\/02-1-768x335.webp 768w\" width=\"1024\" height=\"447\" sizes=\"auto, (min-width: 1200px) 458px, (min-width: 768px) 38vw, 100vw\" alt=\"klasikarska-jar-petra-sagana\"\/><\/a><\/div>    <div class=\"entry-meta\">\n        <a class=\"label label-secondary post-category\" href=\"https:\/\/www.welovecycling.com\/sk\/category\/cestna-cyklisitika\/\" title=\"Cestn\u00e1 cyklistika\">Cestn\u00e1 cyklistika<\/a>\n    <\/div>\n    <div class=\"entry-details\">\n        <a href=\"https:\/\/www.welovecycling.com\/sk\/2018\/04\/18\/klasikarska-jar-petra-sagana\/\" class='entry-title-wrapper'>\n            <h3 class=\"entry-title\"><span>\u201eKlasik\u00e1rska\u201c jar Petra Sagana \u2013 \u0161otolina, kocky, s\u00faboje a druh\u00fd v\u00ed\u0165azn\u00fd monument<\/span><\/h3>\n        <\/a>\n    <\/div>\n    <\/article>\n<\/div>\n<h2><strong>Mil\u00e1no \u2013 San Remo (Taliansko, 17.3.)<\/strong><\/h2>\n<p>Ako prv\u00fd bol na rade taliansky monument, Mil\u00e1no \u2013 San Remo. 294 km dlh\u00e1 klasika prever\u00ed pripravenos\u0165 u\u017e v\u00a0\u00favode sez\u00f3ny. Obtia\u017enos\u0165 s\u0165a\u017euje aj nevyspytate\u013en\u00e9 marcov\u00e9 po\u010dasie. Pred p\u00e1r rokmi sme boli svedkami pozastavenia pretekov z\u00a0d\u00f4vodu siln\u00e9ho sne\u017eenia. Tento rok sa jazdci \u0161\u0165astlivo dostali a\u017e do cie\u013ea. Po vy\u0161e 7 hodin\u00e1ch do posledn\u00e9ho kilometra vch\u00e1dzala po\u010detn\u00e1 skupina vy\u0161e dvoch desiatok jazdcov. Najlep\u0161ie z\u00a0nich sa presadil \u017eralok z\u00a0Mes\u00edny, Nibali (Bahrain-Merida). Sagan s\u00a0rovnak\u00fdm \u010dasom <strong>fini\u0161oval na 6. mieste<\/strong>.<\/p>\n<p><a href=\"https:\/\/d2p6e6u75xmxt8.cloudfront.net\/4\/2018\/10\/04-1.jpg\"><img loading=\"lazy\" decoding=\"async\" class=\"alignnone size-full wp-image-5249\" src=\"https:\/\/d2p6e6u75xmxt8.cloudfront.net\/4\/2018\/10\/04-1.jpg\" alt=\"\" width=\"1200\" height=\"800\" \/><\/a><\/p>\n<h2><strong>Record Bank E3 Harelbeke (Belgicko, 23.3.)<\/strong><\/h2>\n<p>Druh\u00e1 Saganova klasika mu nevy\u0161la pr\u00e1ve pod\u013ea predst\u00e1v. Po minulot\u00fd\u017ed\u0148ovom Mil\u00e1ne s\u00edce tra\u0165 merala o\u00a0necel\u00fdch 100 km menej, av\u0161ak nebol to de\u0148 pre Petra. Po probl\u00e9moch skon\u010dil <strong>na 26. mieste<\/strong> so stratou 3:23 na v\u00ed\u0165azn\u00e9ho Terpstru (Quick-Step Floors).<\/p>\n<h2><strong>Gent-Wevelgem (Belgicko, 25.3.)<\/strong><\/h2>\n<p>Chu\u0165 si Sagan napravil u\u017e o\u00a02 dni na pretekoch Gent-Wevelgem. Na rovinatej klasike s\u00a0d\u013a\u017ekou 251 km do\u0161iel do cie\u013ea <strong>na prvej poz\u00edcii<\/strong> pred Vivianim (Quick-Step Floors).<\/p>\n<p><a href=\"https:\/\/d2p6e6u75xmxt8.cloudfront.net\/4\/2018\/10\/07.jpg\"><img loading=\"lazy\" decoding=\"async\" class=\"alignnone size-full wp-image-5250\" src=\"https:\/\/d2p6e6u75xmxt8.cloudfront.net\/4\/2018\/10\/07.jpg\" alt=\"\" width=\"1200\" height=\"800\" \/><\/a><\/p>\n<h2><strong>Ronde van Vlaanderen \u2013 Okolo Fl\u00e1mska (Belgicko, 1.4.)<\/strong><\/h2>\n<p>Tak ako si pred 2 rokmi (2016) Sagan vybojoval prv\u00e9 miesto po s\u00f3lovej jazde od posledn\u00e9ho prudk\u00e9ho st\u00fapania Paterberg pred druh\u00fdm Cancellarom, zv\u00ed\u0165azil v\u00a0roku 2018 Terpstra (Quick-Step Floors). Sagan s\u00a0odstupom 25 sek\u00fand pri\u0161iel do cie\u013ea v\u00a09-\u010dlennej skupine.<\/p>\n<p><a href=\"https:\/\/d2p6e6u75xmxt8.cloudfront.net\/4\/2018\/10\/08-1.jpg\"><img loading=\"lazy\" decoding=\"async\" class=\"alignnone size-full wp-image-5251\" src=\"https:\/\/d2p6e6u75xmxt8.cloudfront.net\/4\/2018\/10\/08-1.jpg\" alt=\"\" width=\"1200\" height=\"800\" \/><\/a><\/p>\n<h2><strong>Par\u00ed\u017e-Roubaix (Franc\u00fazsko, 8.4.)<\/strong><\/h2>\n<p>Asi najzn\u00e1mej\u0161ia klasika s\u00a0viac ne\u017e desiatkou \u00fasekov po pav\u00e9 pril\u00e1ka k\u00a0obrazovk\u00e1m aj k\u00a0trati desa\u0165tis\u00edce div\u00e1kov. Skuto\u010dne, tento rok si najm\u00e4 slovensk\u00fd div\u00e1k pri\u0161iel na svoje. Saganov n\u00e1stup z\u00a0druhej skupiny 70 km pred koncom a\u00a0n\u00e1sledn\u00e1 st\u00edhacia jazda \u010deln\u00e9ho \u00faniku, boli ohromuj\u00face.<\/p>\n<p><a href=\"https:\/\/d2p6e6u75xmxt8.cloudfront.net\/4\/2018\/10\/09.jpg\"><img loading=\"lazy\" decoding=\"async\" class=\"alignnone size-full wp-image-5252\" src=\"https:\/\/d2p6e6u75xmxt8.cloudfront.net\/4\/2018\/10\/09.jpg\" alt=\"\" width=\"1200\" height=\"800\" \/><\/a><\/p>\n<p>O\u00a0to v\u00e4\u010d\u0161mi vynikol jeho v\u00fdkon pri udr\u017eovan\u00ed n\u00e1skoku v\u00a0\u00faniku s\u00a02, a\u00a0n\u00e1sledne len 1 spolupracuj\u00facim pretek\u00e1rom (Dillier (AG2R)). Na velodr\u00f3me v\u00a0Roubaix, po cie\u013eovom \u0161printe, si mohol slovensk\u00fd rod\u00e1k zap\u00edsa\u0165 op\u00e4\u0165\u00a0jednu <strong>v\u00ed\u0165azn\u00fa klasiku<\/strong> (a s\u00fa\u010dasne monument) na svoj \u00fa\u010det.<\/p>\n<p><iframe loading=\"lazy\" src=\"https:\/\/www.youtube-nocookie.com\/embed\/8ygpaL0xfbA\" width=\"560\" height=\"315\" frameborder=\"0\" allowfullscreen=\"allowfullscreen\"><\/iframe><\/p>\n<h2><strong>Amstel Gold Race (Holandsko, 15.4.)<\/strong><\/h2>\n<p>Poslednou klasikou boli \u201ezlat\u00e9\u201c preteky Amstel Gold Race. V\u00a0nich Sagan <strong>nesta\u010dil len na trojicu pred n\u00edm<\/strong>. Za v\u00ed\u0165azn\u00fdm Valgrenom (Astana) zaostal o\u00a019 sek\u00fand, ako prv\u00fd z\u00a0p\u00e4\u0165\u010dlennej skupiny prenasledovate\u013eov.<\/p>\n<p><a href=\"https:\/\/d2p6e6u75xmxt8.cloudfront.net\/4\/2018\/10\/10.jpg\"><img loading=\"lazy\" decoding=\"async\" class=\"alignnone size-full wp-image-5253\" src=\"https:\/\/d2p6e6u75xmxt8.cloudfront.net\/4\/2018\/10\/10.jpg\" alt=\"\" width=\"1200\" height=\"800\" \/><\/a><\/p>\n<h2><strong>Amgen Tour of California (USA, 13. &#8211; 19.5.)<\/strong><\/h2>\n<p>U\u017e 8-kr\u00e1t sa predstavil Sagan na americk\u00fdch etapov\u00fdch pretekoch, ktor\u00fdch je on s\u00e1m, v\u00a0istom zmysle, patr\u00f3nom. <strong>16 etapov\u00fdch v\u00ed\u0165azstiev a\u00a011 druh\u00fdch miest<\/strong> hovoria za v\u0161etko. Tento rok mu v\u0161ak \u0161\u0165astena nepriala. Najlep\u0161ie, 3. miesto, z\u00edskal v\u00a01. a\u00a05. etape. V\u00a0bodovacej klasifik\u00e1cii skon\u010dil na 4. mieste.<\/p>\n<p><a href=\"https:\/\/d2p6e6u75xmxt8.cloudfront.net\/4\/2018\/10\/11.jpg\"><img loading=\"lazy\" decoding=\"async\" class=\"alignnone size-full wp-image-5254\" src=\"https:\/\/d2p6e6u75xmxt8.cloudfront.net\/4\/2018\/10\/11.jpg\" alt=\"\" width=\"1200\" height=\"800\" \/><\/a><\/p>\n<h2><strong>Tour de Suisse (\u0160vaj\u010diarsko, 9. &#8211; 17.6.)<\/strong><\/h2>\n<p>Do povedomia sa u\u017e nieko\u013eko rokov dost\u00e1vaj\u00fa etapov\u00e9 preteky Okolo \u0160vaj\u010diarska. \u00daspe\u0161nou etapou pre slovensk\u00e9 farby bola 2. etapa, v\u00a0ktorej dominoval pr\u00e1ve Sagan. Taktie\u017e sa mu podarilo z\u00edska\u0165 <strong>v\u00ed\u0165azstvo v\u00a0bodovacej klasifik\u00e1cii<\/strong>.<\/p>\n<p><a href=\"https:\/\/d2p6e6u75xmxt8.cloudfront.net\/4\/2018\/10\/12.jpg\"><img loading=\"lazy\" decoding=\"async\" class=\"alignnone size-full wp-image-5255\" src=\"https:\/\/d2p6e6u75xmxt8.cloudfront.net\/4\/2018\/10\/12.jpg\" alt=\"\" width=\"1200\" height=\"800\" \/><\/a><\/p>\n<h2><strong>Tour de France (Franc\u00fazsko, 7. &#8211; 29.7.)<\/strong><\/h2>\n<p>Vrchol sez\u00f3ny, Tour de France, mal pre Petra sladk\u00fa aj trpk\u00fa pr\u00edchu\u0165. <a href=\"https:\/\/www.welovecycling.com\/sk\/2018\/07\/09\/sagan-po-prvych-dvoch-etapach-v-zltom-drese\/\">3 v\u00ed\u0165azn\u00e9 etapy<\/a> \u2013 2., 5. a\u00a013., s\u00fa skvel\u00fdm v\u00fdkonom, na ktor\u00fd sme si za posledn\u00e9 roky u\u017e zvykli.<\/p>\n<p><a href=\"https:\/\/d2p6e6u75xmxt8.cloudfront.net\/4\/2018\/10\/13.jpg\"><img loading=\"lazy\" decoding=\"async\" class=\"alignnone size-full wp-image-5256\" src=\"https:\/\/d2p6e6u75xmxt8.cloudfront.net\/4\/2018\/10\/13.jpg\" alt=\"\" width=\"1200\" height=\"800\" \/><\/a><\/p>\n<p>Okrem nich sa Slov\u00e1kovi podarilo obsadi\u0165 aj <strong>3 druh\u00e9 miesta<\/strong>. Nepr\u00edjemnos\u0165 mu sp\u00f4sobila 17. etapa, ke\u010f v\u00a0klesan\u00ed spadol a\u00a0odrel si prav\u00fa \u010das\u0165 tela. Tieto komplik\u00e1cie ho sprev\u00e1dzali do konca Tour, aj v nasleduj\u00facich pretekoch.<\/p>\n<p><iframe loading=\"lazy\" src=\"https:\/\/www.youtube-nocookie.com\/embed\/H1Qz5Ab_fOE\" width=\"560\" height=\"315\" frameborder=\"0\" allowfullscreen=\"allowfullscreen\"><\/iframe><\/p>\n<h2><strong>La Vuelta a\u00a0Espa\u00f1a (\u0160panielsko, 25.8. &#8211; 16.9.)<\/strong><\/h2>\n<p>Posledn\u00e9 trojt\u00fd\u017ed\u0148ov\u00e9 preteky boli s\u00fa\u010dasne aj pr\u00edpravou na majstrovstv\u00e1 sveta. \u017dia\u013e, po spom\u00ednanom p\u00e1de nebol Peter schopn\u00fd pod\u00e1va\u0165 v\u00a0\u00favodn\u00fdch etap\u00e1ch potrebn\u00fd v\u00fdkon. Aj napriek tomu obsadil <strong>4 druh\u00e9 miesta<\/strong> (7.,8.,10., a\u00a0v\u00a0poslednej 21. etape). Druh\u00e9 miesto sa mu u\u0161lo aj v\u00a0bodovacej klasifik\u00e1cii, v\u00a0ktorej zaostal za \u0161panielskym matadorom Valverdem (Movistar). K\u00a0svojim doteraj\u0161\u00edm 4 etapov\u00fdm v\u00ed\u0165azstv\u00e1m na <a href=\"https:\/\/www.welovecycling.com\/sk\/2018\/09\/10\/vuelta-versus-tour-de-france\/\">Vuelte<\/a>, tento rok nepridal \u017eiadne nov\u00e9.<\/p>\n<p><a href=\"https:\/\/d2p6e6u75xmxt8.cloudfront.net\/4\/2018\/10\/14.jpg\"><img loading=\"lazy\" decoding=\"async\" class=\"alignnone size-full wp-image-5257\" src=\"https:\/\/d2p6e6u75xmxt8.cloudfront.net\/4\/2018\/10\/14.jpg\" alt=\"\" width=\"1200\" height=\"800\" \/><\/a><\/p>\n<h2><strong>Majstrovstv\u00e1 sveta \u2013 cestn\u00e9 preteky (Rak\u00fasko, 30.9.)<\/strong><\/h2>\n<p>Po\u010das posledn\u00fdch 3 rokov sme nepo\u010duli in\u00e9 meno v\u00ed\u0165aza majstrovstiev sveta, ne\u017e Peter Sagan. Tohtoro\u010dn\u00fd profil ale nenasved\u010doval aj \u0161tvrt\u00e9mu obdobn\u00e9mu z\u00e1rezu v\u00a0dejin\u00e1ch. Extr\u00e9mne kopcovit\u00e1 tra\u0165 potr\u00e1pila aj sk\u00fasen\u00fdch vrch\u00e1rov. Po v\u00ed\u0165azstvo si pri\u0161iel \u0160paniel Valverde. Sagan <strong>ukon\u010dil svoju \u00fa\u010das\u0165 viac ne\u017e 70 km pred koncom<\/strong>, ke\u010f po \u0161tvrtom prejazde st\u00fapan\u00edm Igls odpadol z\u00a0pelot\u00f3nu.<\/p>\n<p><a href=\"https:\/\/d2p6e6u75xmxt8.cloudfront.net\/4\/2018\/10\/15.jpg\"><img loading=\"lazy\" decoding=\"async\" class=\"alignnone size-full wp-image-5258\" src=\"https:\/\/d2p6e6u75xmxt8.cloudfront.net\/4\/2018\/10\/15.jpg\" alt=\"\" width=\"1200\" height=\"800\" \/><\/a><\/p>\n<p>Sagan neprest\u00e1va udivova\u0165 ani po 9 rokoch v\u00a0profipelot\u00f3ne. V\u00a0nasleduj\u00facej sez\u00f3ne, a\u00a0pod\u013ea doteraj\u0161\u00edch spr\u00e1v aj v\u00a0dvoch \u010fal\u0161\u00edch, bude <strong>oblieka\u0165 dres t\u00edmu BORA-hansgrohe<\/strong>. V\u00a0roku 2019 to v\u0161ak u\u017e nebude dres majstra sveta. Netreba ale z\u00fafa\u0165. 28-ro\u010dn\u00fd Slov\u00e1k m\u00e1 e\u0161te pred sebou s\u013eubn\u00fa, a\u00a0d\u00fafajme, aj v\u00ed\u0165azstvami naplnen\u00fa kari\u00e9ru.<\/p>\n","protected":false},"excerpt":{"rendered":"<p>28-ro\u010dn\u00fd slovensk\u00fd r\u00fdchlik, Peter Sagan, sa u\u017e deviatu sez\u00f3nu pohybuje medzi najlep\u0161\u00edmi. Od\u00a0roku 2010, po z\u00edskan\u00ed anga\u017em\u00e1 v\u00a0talianskom t\u00edme Liquigas-Doimo, [&hellip;]<\/p>\n","protected":false},"author":38,"featured_media":5259,"comment_status":"open","ping_status":"open","sticky":false,"template":"","format":"standard","meta":{"footnotes":""},"categories":[4,127,63,117,217],"tags":[255,160,418,482,481,281,46,20,308,269,219,156,174],"global-categories":[],"class_list":["post-5242","post","type-post","status-publish","format-standard","has-post-thumbnail","hentry","category-cestna-cyklisitika","category-legendy","category-grand-tour","category-tour-de-france","category-vuelta-a-espana","tag-255","tag-bora-hansgrohe","tag-jarne-klasiky","tag-majstrovsky-dres","tag-majstrovstva","tag-majstrovstva-sveta","tag-peter-sagan","tag-tour-de-france","tag-tour-de-france-2018","tag-vitaz","tag-vuelta-a-espana","tag-zeleny-dres","tag-zlty-dres"],"yoast_head":"<!-- This site is optimized with the Yoast SEO Premium plugin v25.3 (Yoast SEO v25.9) - https:\/\/yoast.com\/wordpress\/plugins\/seo\/ -->\n<title>Saganova sez\u00f3na 2018 - \u0160koda We Love Cycling Slovensko<\/title>\n<meta name=\"robots\" content=\"index, follow, max-snippet:-1, max-image-preview:large, max-video-preview:-1\" \/>\n<link rel=\"canonical\" href=\"https:\/\/www.welovecycling.com\/sk\/2018\/10\/19\/saganova-sezona-2018\/\" \/>\n<meta property=\"og:locale\" content=\"sk_SK\" \/>\n<meta property=\"og:type\" content=\"article\" \/>\n<meta property=\"og:title\" content=\"Saganova sez\u00f3na 2018\" \/>\n<meta property=\"og:description\" content=\"28-ro\u010dn\u00fd slovensk\u00fd r\u00fdchlik, Peter Sagan, sa u\u017e deviatu sez\u00f3nu pohybuje medzi najlep\u0161\u00edmi. Od\u00a0roku 2010, po z\u00edskan\u00ed anga\u017em\u00e1 v\u00a0talianskom t\u00edme Liquigas-Doimo, [&hellip;]\" \/>\n<meta property=\"og:url\" content=\"https:\/\/www.welovecycling.com\/sk\/2018\/10\/19\/saganova-sezona-2018\/\" \/>\n<meta property=\"og:site_name\" content=\"\u0160koda We Love Cycling Slovensko\" \/>\n<meta property=\"article:published_time\" content=\"2018-10-19T10:05:50+00:00\" \/>\n<meta property=\"og:image\" content=\"https:\/\/d2p6e6u75xmxt8.cloudfront.net\/4\/2018\/10\/00-2.webp\" \/>\n\t<meta property=\"og:image:width\" content=\"1380\" \/>\n\t<meta property=\"og:image:height\" content=\"600\" \/>\n\t<meta property=\"og:image:type\" content=\"image\/webp\" \/>\n<meta name=\"author\" content=\"Ondrej Ga\u0161par\" \/>\n<meta name=\"twitter:card\" content=\"summary_large_image\" \/>\n<meta name=\"twitter:label1\" content=\"Written by\" \/>\n\t<meta name=\"twitter:data1\" content=\"We Love Cycling\" \/>\n\t<meta name=\"twitter:label2\" content=\"Est. reading time\" \/>\n\t<meta name=\"twitter:data2\" content=\"6 minutes\" \/>\n<script type=\"application\/ld+json\" class=\"yoast-schema-graph\">{\"@context\":\"https:\/\/schema.org\",\"@graph\":[{\"@type\":\"WebPage\",\"@id\":\"https:\/\/www.welovecycling.com\/sk\/2018\/10\/19\/saganova-sezona-2018\/\",\"url\":\"https:\/\/www.welovecycling.com\/sk\/2018\/10\/19\/saganova-sezona-2018\/\",\"name\":\"Saganova sez\u00f3na 2018 - \u0160koda We Love Cycling Slovensko\",\"isPartOf\":{\"@id\":\"https:\/\/www.welovecycling.com\/sk\/#website\"},\"primaryImageOfPage\":{\"@id\":\"https:\/\/www.welovecycling.com\/sk\/2018\/10\/19\/saganova-sezona-2018\/#primaryimage\"},\"image\":{\"@id\":\"https:\/\/www.welovecycling.com\/sk\/2018\/10\/19\/saganova-sezona-2018\/#primaryimage\"},\"thumbnailUrl\":\"https:\/\/d2p6e6u75xmxt8.cloudfront.net\/4\/2018\/10\/00-2.webp\",\"datePublished\":\"2018-10-19T10:05:50+00:00\",\"author\":{\"@id\":\"https:\/\/www.welovecycling.com\/sk\/#\/schema\/person\/8ee09ba39b7e25b1870160aa5b3a89bc\"},\"breadcrumb\":{\"@id\":\"https:\/\/www.welovecycling.com\/sk\/2018\/10\/19\/saganova-sezona-2018\/#breadcrumb\"},\"inLanguage\":\"sk-SK\",\"potentialAction\":[{\"@type\":\"ReadAction\",\"target\":[\"https:\/\/www.welovecycling.com\/sk\/2018\/10\/19\/saganova-sezona-2018\/\"]}]},{\"@type\":\"ImageObject\",\"inLanguage\":\"sk-SK\",\"@id\":\"https:\/\/www.welovecycling.com\/sk\/2018\/10\/19\/saganova-sezona-2018\/#primaryimage\",\"url\":\"https:\/\/d2p6e6u75xmxt8.cloudfront.net\/4\/2018\/10\/00-2.webp\",\"contentUrl\":\"https:\/\/d2p6e6u75xmxt8.cloudfront.net\/4\/2018\/10\/00-2.webp\",\"width\":1380,\"height\":600},{\"@type\":\"BreadcrumbList\",\"@id\":\"https:\/\/www.welovecycling.com\/sk\/2018\/10\/19\/saganova-sezona-2018\/#breadcrumb\",\"itemListElement\":[{\"@type\":\"ListItem\",\"position\":1,\"name\":\"Home\",\"item\":\"https:\/\/www.welovecycling.com\/sk\/\"},{\"@type\":\"ListItem\",\"position\":2,\"name\":\"Saganova sez\u00f3na 2018\"}]},{\"@type\":\"WebSite\",\"@id\":\"https:\/\/www.welovecycling.com\/sk\/#website\",\"url\":\"https:\/\/www.welovecycling.com\/sk\/\",\"name\":\"\u0160koda We Love Cycling Slovensko\",\"description\":\"\u0160koda We Love Cycling Slovensko je v\u00e1\u0161 ka\u017edodenn\u00fd zdroj noviniek a in\u0161pir\u00e1cie z sveta cyklistiky\",\"potentialAction\":[{\"@type\":\"SearchAction\",\"target\":{\"@type\":\"EntryPoint\",\"urlTemplate\":\"https:\/\/www.welovecycling.com\/sk\/?s={search_term_string}\"},\"query-input\":{\"@type\":\"PropertyValueSpecification\",\"valueRequired\":true,\"valueName\":\"search_term_string\"}}],\"inLanguage\":\"sk-SK\"},{\"@type\":\"Person\",\"@id\":\"https:\/\/www.welovecycling.com\/sk\/#\/schema\/person\/8ee09ba39b7e25b1870160aa5b3a89bc\",\"name\":\"Ondrej Ga\u0161par\",\"image\":{\"@type\":\"ImageObject\",\"inLanguage\":\"sk-SK\",\"@id\":\"https:\/\/www.welovecycling.com\/sk\/#\/schema\/person\/image\/\",\"url\":\"https:\/\/secure.gravatar.com\/avatar\/6126c9afb87b70da5abbb083ddbb21933da15f18f8ca7cb822aba0fb096a48f6?s=96&d=mm&r=g\",\"contentUrl\":\"https:\/\/secure.gravatar.com\/avatar\/6126c9afb87b70da5abbb083ddbb21933da15f18f8ca7cb822aba0fb096a48f6?s=96&d=mm&r=g\",\"caption\":\"Ondrej Ga\u0161par\"},\"url\":\"https:\/\/www.welovecycling.com\/sk\/author\/ondrejgaspar\/\"}]}<\/script>\n<!-- \/ Yoast SEO Premium plugin. -->","yoast_head_json":{"title":"Saganova sez\u00f3na 2018 - \u0160koda We Love Cycling Slovensko","robots":{"index":"index","follow":"follow","max-snippet":"max-snippet:-1","max-image-preview":"max-image-preview:large","max-video-preview":"max-video-preview:-1"},"canonical":"https:\/\/www.welovecycling.com\/sk\/2018\/10\/19\/saganova-sezona-2018\/","og_locale":"sk_SK","og_type":"article","og_title":"Saganova sez\u00f3na 2018","og_description":"28-ro\u010dn\u00fd slovensk\u00fd r\u00fdchlik, Peter Sagan, sa u\u017e deviatu sez\u00f3nu pohybuje medzi najlep\u0161\u00edmi. Od\u00a0roku 2010, po z\u00edskan\u00ed anga\u017em\u00e1 v\u00a0talianskom t\u00edme Liquigas-Doimo, [&hellip;]","og_url":"https:\/\/www.welovecycling.com\/sk\/2018\/10\/19\/saganova-sezona-2018\/","og_site_name":"\u0160koda We Love Cycling Slovensko","article_published_time":"2018-10-19T10:05:50+00:00","og_image":[{"width":1380,"height":600,"url":"https:\/\/d2p6e6u75xmxt8.cloudfront.net\/4\/2018\/10\/00-2.webp","type":"image\/webp"}],"author":"Ondrej Ga\u0161par","twitter_card":"summary_large_image","twitter_misc":{"Written by":"We Love Cycling","Est. reading time":"6 minutes"},"schema":{"@context":"https:\/\/schema.org","@graph":[{"@type":"WebPage","@id":"https:\/\/www.welovecycling.com\/sk\/2018\/10\/19\/saganova-sezona-2018\/","url":"https:\/\/www.welovecycling.com\/sk\/2018\/10\/19\/saganova-sezona-2018\/","name":"Saganova sez\u00f3na 2018 - \u0160koda We Love Cycling Slovensko","isPartOf":{"@id":"https:\/\/www.welovecycling.com\/sk\/#website"},"primaryImageOfPage":{"@id":"https:\/\/www.welovecycling.com\/sk\/2018\/10\/19\/saganova-sezona-2018\/#primaryimage"},"image":{"@id":"https:\/\/www.welovecycling.com\/sk\/2018\/10\/19\/saganova-sezona-2018\/#primaryimage"},"thumbnailUrl":"https:\/\/d2p6e6u75xmxt8.cloudfront.net\/4\/2018\/10\/00-2.webp","datePublished":"2018-10-19T10:05:50+00:00","author":{"@id":"https:\/\/www.welovecycling.com\/sk\/#\/schema\/person\/8ee09ba39b7e25b1870160aa5b3a89bc"},"breadcrumb":{"@id":"https:\/\/www.welovecycling.com\/sk\/2018\/10\/19\/saganova-sezona-2018\/#breadcrumb"},"inLanguage":"sk-SK","potentialAction":[{"@type":"ReadAction","target":["https:\/\/www.welovecycling.com\/sk\/2018\/10\/19\/saganova-sezona-2018\/"]}]},{"@type":"ImageObject","inLanguage":"sk-SK","@id":"https:\/\/www.welovecycling.com\/sk\/2018\/10\/19\/saganova-sezona-2018\/#primaryimage","url":"https:\/\/d2p6e6u75xmxt8.cloudfront.net\/4\/2018\/10\/00-2.webp","contentUrl":"https:\/\/d2p6e6u75xmxt8.cloudfront.net\/4\/2018\/10\/00-2.webp","width":1380,"height":600},{"@type":"BreadcrumbList","@id":"https:\/\/www.welovecycling.com\/sk\/2018\/10\/19\/saganova-sezona-2018\/#breadcrumb","itemListElement":[{"@type":"ListItem","position":1,"name":"Home","item":"https:\/\/www.welovecycling.com\/sk\/"},{"@type":"ListItem","position":2,"name":"Saganova sez\u00f3na 2018"}]},{"@type":"WebSite","@id":"https:\/\/www.welovecycling.com\/sk\/#website","url":"https:\/\/www.welovecycling.com\/sk\/","name":"\u0160koda We Love Cycling Slovensko","description":"\u0160koda We Love Cycling Slovensko je v\u00e1\u0161 ka\u017edodenn\u00fd zdroj noviniek a in\u0161pir\u00e1cie z sveta cyklistiky","potentialAction":[{"@type":"SearchAction","target":{"@type":"EntryPoint","urlTemplate":"https:\/\/www.welovecycling.com\/sk\/?s={search_term_string}"},"query-input":{"@type":"PropertyValueSpecification","valueRequired":true,"valueName":"search_term_string"}}],"inLanguage":"sk-SK"},{"@type":"Person","@id":"https:\/\/www.welovecycling.com\/sk\/#\/schema\/person\/8ee09ba39b7e25b1870160aa5b3a89bc","name":"Ondrej Ga\u0161par","image":{"@type":"ImageObject","inLanguage":"sk-SK","@id":"https:\/\/www.welovecycling.com\/sk\/#\/schema\/person\/image\/","url":"https:\/\/secure.gravatar.com\/avatar\/6126c9afb87b70da5abbb083ddbb21933da15f18f8ca7cb822aba0fb096a48f6?s=96&d=mm&r=g","contentUrl":"https:\/\/secure.gravatar.com\/avatar\/6126c9afb87b70da5abbb083ddbb21933da15f18f8ca7cb822aba0fb096a48f6?s=96&d=mm&r=g","caption":"Ondrej Ga\u0161par"},"url":"https:\/\/www.welovecycling.com\/sk\/author\/ondrejgaspar\/"}]}},"_links":{"self":[{"href":"https:\/\/www.welovecycling.com\/sk\/wp-json\/wp\/v2\/posts\/5242","targetHints":{"allow":["GET"]}}],"collection":[{"href":"https:\/\/www.welovecycling.com\/sk\/wp-json\/wp\/v2\/posts"}],"about":[{"href":"https:\/\/www.welovecycling.com\/sk\/wp-json\/wp\/v2\/types\/post"}],"author":[{"embeddable":true,"href":"https:\/\/www.welovecycling.com\/sk\/wp-json\/wp\/v2\/users\/38"}],"replies":[{"embeddable":true,"href":"https:\/\/www.welovecycling.com\/sk\/wp-json\/wp\/v2\/comments?post=5242"}],"version-history":[{"count":2,"href":"https:\/\/www.welovecycling.com\/sk\/wp-json\/wp\/v2\/posts\/5242\/revisions"}],"predecessor-version":[{"id":5265,"href":"https:\/\/www.welovecycling.com\/sk\/wp-json\/wp\/v2\/posts\/5242\/revisions\/5265"}],"wp:featuredmedia":[{"embeddable":true,"href":"https:\/\/www.welovecycling.com\/sk\/wp-json\/wp\/v2\/media\/5259"}],"wp:attachment":[{"href":"https:\/\/www.welovecycling.com\/sk\/wp-json\/wp\/v2\/media?parent=5242"}],"wp:term":[{"taxonomy":"category","embeddable":true,"href":"https:\/\/www.welovecycling.com\/sk\/wp-json\/wp\/v2\/categories?post=5242"},{"taxonomy":"post_tag","embeddable":true,"href":"https:\/\/www.welovecycling.com\/sk\/wp-json\/wp\/v2\/tags?post=5242"},{"taxonomy":"global-categories","embeddable":true,"href":"https:\/\/www.welovecycling.com\/sk\/wp-json\/wp\/v2\/global-categories?post=5242"}],"curies":[{"name":"wp","href":"https:\/\/api.w.org\/{rel}","templated":true}]}}