{"id":5222,"date":"2018-10-16T17:19:41","date_gmt":"2018-10-16T15:19:41","guid":{"rendered":"https:\/\/www.welovecycling.com\/sk\/?p=5222"},"modified":"2018-10-16T17:19:41","modified_gmt":"2018-10-16T15:19:41","slug":"jazdenie-na-jesen-a-v-zime-radsej-nespravte-chybu","status":"publish","type":"post","link":"https:\/\/www.welovecycling.com\/sk\/2018\/10\/16\/jazdenie-na-jesen-a-v-zime-radsej-nespravte-chybu\/","title":{"rendered":"Jazdenie na jese\u0148 a v zime \u2013 rad\u0161ej nespravte chybu"},"content":{"rendered":"<p><strong>\u010co je tou vecou, ktor\u00e1 sp\u00e1ja \u017eiletk\u00e1rov, horsk\u00fdch cyklistov a jazdcov na BMX? Jazda na bicykli v zime z v\u00e1s urob\u00ed tvr\u010f\u00e1ka. Preto v\u00e1m pon\u00fakame cestu, ako spravi\u0165 spr\u00e1vne rozhodnutia v pr\u00edpade bicyklov, na ktor\u00fdch budete jazdi\u0165.<\/strong><!--more--><\/p>\n<h2><strong>Ni\u010dite\u013e prevodn\u00edkov<\/strong><\/h2>\n<p>Nez\u00e1le\u017e\u00ed na tom, \u010di jazd\u00edte v ter\u00e9ne alebo na hladkom asfalte. Na akomko\u013evek mokrom povrchu bud\u00fa va\u0161e pl\u00e1\u0161te strieka\u0165 koroz\u00edvny materi\u00e1l po celom bicykli \u2013 r\u00e1m, r\u00e1fiky \u010di pohon. Pozrite si preto rad\u0161ej toto video, v ktorom sa dozviete, <a href=\"https:\/\/www.welovecycling.com\/sk\/2017\/12\/09\/pripravte-svoj-bicykel-nastrahy-zimy\/\">ako pripravi\u0165 horsk\u00fd bicykel na tie najhor\u0161ie zimn\u00e9 podmienky<\/a>.<\/p>\n<lite-youtube videoid=RPPEYV2Zkhg params=\"enablejsapi=1\" style=\"background-image: url('https:\/\/i.ytimg.com\/vi_webp\/RPPEYV2Zkhg\/maxresdefault.webp');\"><\/lite-youtube>\n<p>Ak jazd\u00edte v\u00fdlu\u010dne na cestnom bicykli, aj vo va\u0161om pr\u00edpade platila rovnak\u00e9 princ\u00edpy. Akon\u00e1hle sa na asfalte vyskytne posypov\u00e1 so\u013e, jazda po \u0148om je rovnako nepriazniv\u00e1 pre bicykel, ako keby ste s n\u00edm sk\u00fa\u0161ali cyklokros v blatist\u00fdch podmienkach. Je zima a vlhko. Preuk\u00e1\u017ete predsa trochu solidarity. <strong>Nezabudnite preto na \u010dastej\u0161ie o\u0161etrovacie cykly<\/strong> \u2013 um\u00fdvanie je z\u00e1klad, ochrann\u00e9 prostriedky neza\u0161kodia. Najm\u00e4 dosta\u0148te ne\u017eiaduci materi\u00e1l z prevodn\u00edkov, kazety a re\u0165aze.<\/p>\n<h2><strong>Pri\u013enavos\u0165<\/strong><\/h2>\n<p>\u010cast\u00fdm omylom je domnievanie sa, \u017ee pl\u00e1\u0161te s v\u00e4\u010d\u0161\u00edmi \u0161tup\u013eami zabezpe\u010dia lep\u0161\u00ed grip. Pravda je v\u0161ak inde. Skuto\u010dnos\u0165ou je, \u017ee \u0161tuple nemaj\u00fa a\u017e tak\u00fa pri\u013enavos\u0165 na asfalte, akoby sa mohlo zda\u0165. <strong>Ich funkcia sa najlep\u0161ie preukazuje najm\u00e4 v blate alebo \u010dlenitom povrchu<\/strong>, nie v\u0161ak na tvrdom a jednoliatom materi\u00e1li. Hladk\u00fd a vlhk\u00fd povrch je synonymom pre \u0161m\u00fdkanie sa. Zamyslite sa nad tvarom va\u0161ich pl\u00e1\u0161\u0165ov.<\/p>\n<lite-youtube videoid=RwDETrTUI4c params=\"enablejsapi=1\" style=\"background-image: url('https:\/\/i.ytimg.com\/vi_webp\/RwDETrTUI4c\/maxresdefault.webp');\"><\/lite-youtube>\n<p>Dokonca aj <strong>na \u013eade<\/strong> s\u00fa <strong>hlad\u0161ie pl\u00e1\u0161te<\/strong> t\u00fdmi, ktor\u00e9 <strong>pon\u00fakaj\u00fa v\u00e4\u010d\u0161iu sty\u010dn\u00fa plochu<\/strong>. \u010c\u00edm je v\u00e4\u010d\u0161ia, t\u00fdm lep\u0161ie. Aj \u013eadov\u00ed kor\u010duliari vedia, pre\u010do ich kor\u010dule nemaj\u00fa \u0161tuple. Av\u0161ak jesenn\u00e9 po\u010dasie v\u00e1s neraz privedie na nerovn\u00e9 a nepredv\u00eddate\u013ene sa meniace povrchy. Preto je lep\u0161ie pozrie\u0165 si toto video a nau\u010di\u0165 sa aspo\u0148 nie\u010do o spr\u00e1vnych pl\u00e1\u0161\u0165och na menej priazniv\u00fdch cest\u00e1ch.<\/p>\n<h2><strong>Hroty znamenaj\u00fa bezpe\u010die<\/strong><\/h2>\n<p>Ak sa pozriete na pneumatiky \u00e1ut, ich tvar pripom\u00edna \u0161tvorec. Je to t\u00fdm, \u017ee aut\u00e1 maj\u00fa celkovo 4 koles\u00e1 a v zat\u00e1\u010dkach sa nepotrebuj\u00fa nakl\u00e1\u0148a\u0165. Z\u00e1rove\u0148 je ich tlak p\u00f4sobiaci na \u0161tvorcov\u00fd centimeter men\u0161\u00ed, ne\u017e je to napr\u00edklad pri cestnom bicykli. Preto s\u00fa pl\u00e1\u0161te s hrotmi zn\u00e1mkou bezpe\u010dnosti \u2013 <strong>ale len v spr\u00e1vnych podmienkach<\/strong>. To znamen\u00e1, <strong>len ak s\u00fa cesty zasypan\u00e9 poriadnou vrstvou snehu, ktor\u00fd je pevn\u00fd<\/strong>. Netreba zabudn\u00fa\u0165, \u017ee ani v takomto pr\u00edpade nie je v\u0161etko vyhran\u00e9.<\/p>\n<lite-youtube videoid=bGU5Be-V5ek params=\"enablejsapi=1\" style=\"background-image: url('https:\/\/i.ytimg.com\/vi_webp\/bGU5Be-V5ek\/maxresdefault.webp');\"><\/lite-youtube>\n<p><strong>Obl\u00e9 pl\u00e1\u0161te poskytuj\u00fa viac gripu ne\u017e ploch\u00e9<\/strong> v pr\u00edpade dvoj-kolesov\u00fdch vozidiel. Preto je vhodn\u00e9, ak v chladnej\u0161\u00edch podmienkach zvol\u00edte men\u0161ie pl\u00e1\u0161te, alebo pri fatbikoch ich naf\u00fakate na vy\u0161\u0161\u00ed tlak, \u010d\u00edm sa zmen\u00ed tvar. Takto umo\u017en\u00edte hrotom prediera\u0165 sa snehom aj vo vy\u0161\u0161\u00edch r\u00fdchlostiach, bez pr\u00edli\u0161n\u00e9ho riskovania.<\/p>\n<h2><strong>Meniace sa podmienky<\/strong><\/h2>\n<p>Pri zmene z jesenn\u00e9ho sychrav\u00e9ho po\u010dasia, na zimn\u00fd z\u013eadovatel\u00fd povrch, sa podmienky st\u00e1vaj\u00fa \u010doraz komplikovanej\u0161ie, a teda aj nebezpe\u010dnej\u0161ie. Niekedy je preto lep\u0161ie si overi\u0165 predpove\u010f po\u010dasia e\u0161te pred jazdou. Bude na cest\u00e1ch \u013ead? Alebo to bude novembrov\u00e9 slne\u010dn\u00e9 r\u00e1no s vlhk\u00fdm asfaltom a teplotami okolo nuly? V tomto pr\u00edpade existuje rie\u0161enie.<\/p>\n<lite-youtube videoid=3Bh4_rniAms params=\"enablejsapi=1\" style=\"background-image: url('https:\/\/i.ytimg.com\/vi_webp\/3Bh4_rniAms\/maxresdefault.webp');\"><\/lite-youtube>\n<p>Zvy\u010dajne nie som fan\u00fa\u0161ikom projektov na Kickstarteri (str\u00e1nka pre z\u00edskanie prostriedkov na realiz\u00e1ciu nov\u00fdch projektov, pozn. red.), ale v tomto pr\u00edpade som skuto\u010dne r\u00e1d, \u017ee sa v\u00f4bec n\u00e1jdu jedinci, odhodlan\u00ed rie\u0161i\u0165 najv\u00e4\u010d\u0161ie probl\u00e9my cyklistiky. Pozn\u00e1me to takmer v\u0161etci, ten pocit po\u010das jazdy, kedy by sme najrad\u0161ej vymenili bicykel za in\u00fd. Ur\u010dite to nebolo len v zimn\u00fdch podmienkach, v\u0161ak?<\/p>\n","protected":false},"excerpt":{"rendered":"<p>\u010co je tou vecou, ktor\u00e1 sp\u00e1ja \u017eiletk\u00e1rov, horsk\u00fdch cyklistov a jazdcov na BMX? Jazda na bicykli v zime z v\u00e1s [&hellip;]<\/p>\n","protected":false},"author":38,"featured_media":5227,"comment_status":"open","ping_status":"open","sticky":false,"template":"","format":"standard","meta":{"footnotes":""},"categories":[57],"tags":[62,559,626,115,180,532,286,625,190,290,317],"global-categories":[],"class_list":["post-5222","post","type-post","status-publish","format-standard","has-post-thumbnail","hentry","category-bezpecnost","tag-bezpecnost","tag-bicykel","tag-bmx","tag-cestna-cyklistika","tag-horska-cyklistika","tag-jazdenie","tag-jesen","tag-plast","tag-priprava","tag-udrzba","tag-zima"],"yoast_head":"<!-- This site is optimized with the Yoast SEO Premium plugin v25.3 (Yoast SEO v25.9) - https:\/\/yoast.com\/wordpress\/plugins\/seo\/ -->\n<title>Jazdenie na jese\u0148 a v zime \u2013 rad\u0161ej nespravte chybu - \u0160koda We Love Cycling Slovensko<\/title>\n<meta name=\"robots\" content=\"index, follow, max-snippet:-1, max-image-preview:large, max-video-preview:-1\" \/>\n<link rel=\"canonical\" href=\"https:\/\/www.welovecycling.com\/sk\/2018\/10\/16\/jazdenie-na-jesen-a-v-zime-radsej-nespravte-chybu\/\" \/>\n<meta property=\"og:locale\" content=\"sk_SK\" \/>\n<meta property=\"og:type\" content=\"article\" \/>\n<meta property=\"og:title\" content=\"Jazdenie na jese\u0148 a v zime \u2013 rad\u0161ej nespravte chybu\" \/>\n<meta property=\"og:description\" content=\"\u010co je tou vecou, ktor\u00e1 sp\u00e1ja \u017eiletk\u00e1rov, horsk\u00fdch cyklistov a jazdcov na BMX? Jazda na bicykli v zime z v\u00e1s [&hellip;]\" \/>\n<meta property=\"og:url\" content=\"https:\/\/www.welovecycling.com\/sk\/2018\/10\/16\/jazdenie-na-jesen-a-v-zime-radsej-nespravte-chybu\/\" \/>\n<meta property=\"og:site_name\" content=\"\u0160koda We Love Cycling Slovensko\" \/>\n<meta property=\"article:published_time\" content=\"2018-10-16T15:19:41+00:00\" \/>\n<meta property=\"og:image\" content=\"https:\/\/d2p6e6u75xmxt8.cloudfront.net\/4\/2018\/10\/ccc.webp\" \/>\n\t<meta property=\"og:image:width\" content=\"1366\" \/>\n\t<meta property=\"og:image:height\" content=\"600\" \/>\n\t<meta property=\"og:image:type\" content=\"image\/webp\" \/>\n<meta name=\"author\" content=\"Ondrej Ga\u0161par\" \/>\n<meta name=\"twitter:card\" content=\"summary_large_image\" \/>\n<meta name=\"twitter:label1\" content=\"Written by\" \/>\n\t<meta name=\"twitter:data1\" content=\"Christopher Ashley\" \/>\n\t<meta name=\"twitter:label2\" content=\"Est. reading time\" \/>\n\t<meta name=\"twitter:data2\" content=\"8\" \/>\n<script type=\"application\/ld+json\" class=\"yoast-schema-graph\">{\"@context\":\"https:\/\/schema.org\",\"@graph\":[{\"@type\":\"WebPage\",\"@id\":\"https:\/\/www.welovecycling.com\/sk\/2018\/10\/16\/jazdenie-na-jesen-a-v-zime-radsej-nespravte-chybu\/\",\"url\":\"https:\/\/www.welovecycling.com\/sk\/2018\/10\/16\/jazdenie-na-jesen-a-v-zime-radsej-nespravte-chybu\/\",\"name\":\"Jazdenie na jese\u0148 a v zime \u2013 rad\u0161ej nespravte chybu - \u0160koda We Love Cycling Slovensko\",\"isPartOf\":{\"@id\":\"https:\/\/www.welovecycling.com\/sk\/#website\"},\"primaryImageOfPage\":{\"@id\":\"https:\/\/www.welovecycling.com\/sk\/2018\/10\/16\/jazdenie-na-jesen-a-v-zime-radsej-nespravte-chybu\/#primaryimage\"},\"image\":{\"@id\":\"https:\/\/www.welovecycling.com\/sk\/2018\/10\/16\/jazdenie-na-jesen-a-v-zime-radsej-nespravte-chybu\/#primaryimage\"},\"thumbnailUrl\":\"https:\/\/d2p6e6u75xmxt8.cloudfront.net\/4\/2018\/10\/ccc.webp\",\"datePublished\":\"2018-10-16T15:19:41+00:00\",\"author\":{\"@id\":\"https:\/\/www.welovecycling.com\/sk\/#\/schema\/person\/8ee09ba39b7e25b1870160aa5b3a89bc\"},\"breadcrumb\":{\"@id\":\"https:\/\/www.welovecycling.com\/sk\/2018\/10\/16\/jazdenie-na-jesen-a-v-zime-radsej-nespravte-chybu\/#breadcrumb\"},\"inLanguage\":\"sk-SK\",\"potentialAction\":[{\"@type\":\"ReadAction\",\"target\":[\"https:\/\/www.welovecycling.com\/sk\/2018\/10\/16\/jazdenie-na-jesen-a-v-zime-radsej-nespravte-chybu\/\"]}]},{\"@type\":\"ImageObject\",\"inLanguage\":\"sk-SK\",\"@id\":\"https:\/\/www.welovecycling.com\/sk\/2018\/10\/16\/jazdenie-na-jesen-a-v-zime-radsej-nespravte-chybu\/#primaryimage\",\"url\":\"https:\/\/d2p6e6u75xmxt8.cloudfront.net\/4\/2018\/10\/ccc.webp\",\"contentUrl\":\"https:\/\/d2p6e6u75xmxt8.cloudfront.net\/4\/2018\/10\/ccc.webp\",\"width\":1366,\"height\":600},{\"@type\":\"BreadcrumbList\",\"@id\":\"https:\/\/www.welovecycling.com\/sk\/2018\/10\/16\/jazdenie-na-jesen-a-v-zime-radsej-nespravte-chybu\/#breadcrumb\",\"itemListElement\":[{\"@type\":\"ListItem\",\"position\":1,\"name\":\"Home\",\"item\":\"https:\/\/www.welovecycling.com\/sk\/\"},{\"@type\":\"ListItem\",\"position\":2,\"name\":\"Jazdenie na jese\u0148 a v zime \u2013 rad\u0161ej nespravte chybu\"}]},{\"@type\":\"WebSite\",\"@id\":\"https:\/\/www.welovecycling.com\/sk\/#website\",\"url\":\"https:\/\/www.welovecycling.com\/sk\/\",\"name\":\"\u0160koda We Love Cycling Slovensko\",\"description\":\"\u0160koda We Love Cycling Slovensko je v\u00e1\u0161 ka\u017edodenn\u00fd zdroj noviniek a in\u0161pir\u00e1cie z sveta cyklistiky\",\"potentialAction\":[{\"@type\":\"SearchAction\",\"target\":{\"@type\":\"EntryPoint\",\"urlTemplate\":\"https:\/\/www.welovecycling.com\/sk\/?s={search_term_string}\"},\"query-input\":{\"@type\":\"PropertyValueSpecification\",\"valueRequired\":true,\"valueName\":\"search_term_string\"}}],\"inLanguage\":\"sk-SK\"},{\"@type\":\"Person\",\"@id\":\"https:\/\/www.welovecycling.com\/sk\/#\/schema\/person\/8ee09ba39b7e25b1870160aa5b3a89bc\",\"name\":\"Ondrej Ga\u0161par\",\"image\":{\"@type\":\"ImageObject\",\"inLanguage\":\"sk-SK\",\"@id\":\"https:\/\/www.welovecycling.com\/sk\/#\/schema\/person\/image\/\",\"url\":\"https:\/\/secure.gravatar.com\/avatar\/6126c9afb87b70da5abbb083ddbb21933da15f18f8ca7cb822aba0fb096a48f6?s=96&d=mm&r=g\",\"contentUrl\":\"https:\/\/secure.gravatar.com\/avatar\/6126c9afb87b70da5abbb083ddbb21933da15f18f8ca7cb822aba0fb096a48f6?s=96&d=mm&r=g\",\"caption\":\"Ondrej Ga\u0161par\"},\"url\":\"https:\/\/www.welovecycling.com\/sk\/author\/ondrejgaspar\/\"}]}<\/script>\n<!-- \/ Yoast SEO Premium plugin. -->","yoast_head_json":{"title":"Jazdenie na jese\u0148 a v zime \u2013 rad\u0161ej nespravte chybu - \u0160koda We Love Cycling Slovensko","robots":{"index":"index","follow":"follow","max-snippet":"max-snippet:-1","max-image-preview":"max-image-preview:large","max-video-preview":"max-video-preview:-1"},"canonical":"https:\/\/www.welovecycling.com\/sk\/2018\/10\/16\/jazdenie-na-jesen-a-v-zime-radsej-nespravte-chybu\/","og_locale":"sk_SK","og_type":"article","og_title":"Jazdenie na jese\u0148 a v zime \u2013 rad\u0161ej nespravte chybu","og_description":"\u010co je tou vecou, ktor\u00e1 sp\u00e1ja \u017eiletk\u00e1rov, horsk\u00fdch cyklistov a jazdcov na BMX? Jazda na bicykli v zime z v\u00e1s [&hellip;]","og_url":"https:\/\/www.welovecycling.com\/sk\/2018\/10\/16\/jazdenie-na-jesen-a-v-zime-radsej-nespravte-chybu\/","og_site_name":"\u0160koda We Love Cycling Slovensko","article_published_time":"2018-10-16T15:19:41+00:00","og_image":[{"width":1366,"height":600,"url":"https:\/\/d2p6e6u75xmxt8.cloudfront.net\/4\/2018\/10\/ccc.webp","type":"image\/webp"}],"author":"Ondrej Ga\u0161par","twitter_card":"summary_large_image","twitter_misc":{"Written by":"Christopher Ashley","Est. reading time":"8"},"schema":{"@context":"https:\/\/schema.org","@graph":[{"@type":"WebPage","@id":"https:\/\/www.welovecycling.com\/sk\/2018\/10\/16\/jazdenie-na-jesen-a-v-zime-radsej-nespravte-chybu\/","url":"https:\/\/www.welovecycling.com\/sk\/2018\/10\/16\/jazdenie-na-jesen-a-v-zime-radsej-nespravte-chybu\/","name":"Jazdenie na jese\u0148 a v zime \u2013 rad\u0161ej nespravte chybu - \u0160koda We Love Cycling Slovensko","isPartOf":{"@id":"https:\/\/www.welovecycling.com\/sk\/#website"},"primaryImageOfPage":{"@id":"https:\/\/www.welovecycling.com\/sk\/2018\/10\/16\/jazdenie-na-jesen-a-v-zime-radsej-nespravte-chybu\/#primaryimage"},"image":{"@id":"https:\/\/www.welovecycling.com\/sk\/2018\/10\/16\/jazdenie-na-jesen-a-v-zime-radsej-nespravte-chybu\/#primaryimage"},"thumbnailUrl":"https:\/\/d2p6e6u75xmxt8.cloudfront.net\/4\/2018\/10\/ccc.webp","datePublished":"2018-10-16T15:19:41+00:00","author":{"@id":"https:\/\/www.welovecycling.com\/sk\/#\/schema\/person\/8ee09ba39b7e25b1870160aa5b3a89bc"},"breadcrumb":{"@id":"https:\/\/www.welovecycling.com\/sk\/2018\/10\/16\/jazdenie-na-jesen-a-v-zime-radsej-nespravte-chybu\/#breadcrumb"},"inLanguage":"sk-SK","potentialAction":[{"@type":"ReadAction","target":["https:\/\/www.welovecycling.com\/sk\/2018\/10\/16\/jazdenie-na-jesen-a-v-zime-radsej-nespravte-chybu\/"]}]},{"@type":"ImageObject","inLanguage":"sk-SK","@id":"https:\/\/www.welovecycling.com\/sk\/2018\/10\/16\/jazdenie-na-jesen-a-v-zime-radsej-nespravte-chybu\/#primaryimage","url":"https:\/\/d2p6e6u75xmxt8.cloudfront.net\/4\/2018\/10\/ccc.webp","contentUrl":"https:\/\/d2p6e6u75xmxt8.cloudfront.net\/4\/2018\/10\/ccc.webp","width":1366,"height":600},{"@type":"BreadcrumbList","@id":"https:\/\/www.welovecycling.com\/sk\/2018\/10\/16\/jazdenie-na-jesen-a-v-zime-radsej-nespravte-chybu\/#breadcrumb","itemListElement":[{"@type":"ListItem","position":1,"name":"Home","item":"https:\/\/www.welovecycling.com\/sk\/"},{"@type":"ListItem","position":2,"name":"Jazdenie na jese\u0148 a v zime \u2013 rad\u0161ej nespravte chybu"}]},{"@type":"WebSite","@id":"https:\/\/www.welovecycling.com\/sk\/#website","url":"https:\/\/www.welovecycling.com\/sk\/","name":"\u0160koda We Love Cycling Slovensko","description":"\u0160koda We Love Cycling Slovensko je v\u00e1\u0161 ka\u017edodenn\u00fd zdroj noviniek a in\u0161pir\u00e1cie z sveta cyklistiky","potentialAction":[{"@type":"SearchAction","target":{"@type":"EntryPoint","urlTemplate":"https:\/\/www.welovecycling.com\/sk\/?s={search_term_string}"},"query-input":{"@type":"PropertyValueSpecification","valueRequired":true,"valueName":"search_term_string"}}],"inLanguage":"sk-SK"},{"@type":"Person","@id":"https:\/\/www.welovecycling.com\/sk\/#\/schema\/person\/8ee09ba39b7e25b1870160aa5b3a89bc","name":"Ondrej Ga\u0161par","image":{"@type":"ImageObject","inLanguage":"sk-SK","@id":"https:\/\/www.welovecycling.com\/sk\/#\/schema\/person\/image\/","url":"https:\/\/secure.gravatar.com\/avatar\/6126c9afb87b70da5abbb083ddbb21933da15f18f8ca7cb822aba0fb096a48f6?s=96&d=mm&r=g","contentUrl":"https:\/\/secure.gravatar.com\/avatar\/6126c9afb87b70da5abbb083ddbb21933da15f18f8ca7cb822aba0fb096a48f6?s=96&d=mm&r=g","caption":"Ondrej Ga\u0161par"},"url":"https:\/\/www.welovecycling.com\/sk\/author\/ondrejgaspar\/"}]}},"_links":{"self":[{"href":"https:\/\/www.welovecycling.com\/sk\/wp-json\/wp\/v2\/posts\/5222","targetHints":{"allow":["GET"]}}],"collection":[{"href":"https:\/\/www.welovecycling.com\/sk\/wp-json\/wp\/v2\/posts"}],"about":[{"href":"https:\/\/www.welovecycling.com\/sk\/wp-json\/wp\/v2\/types\/post"}],"author":[{"embeddable":true,"href":"https:\/\/www.welovecycling.com\/sk\/wp-json\/wp\/v2\/users\/38"}],"replies":[{"embeddable":true,"href":"https:\/\/www.welovecycling.com\/sk\/wp-json\/wp\/v2\/comments?post=5222"}],"version-history":[{"count":2,"href":"https:\/\/www.welovecycling.com\/sk\/wp-json\/wp\/v2\/posts\/5222\/revisions"}],"predecessor-version":[{"id":5229,"href":"https:\/\/www.welovecycling.com\/sk\/wp-json\/wp\/v2\/posts\/5222\/revisions\/5229"}],"wp:featuredmedia":[{"embeddable":true,"href":"https:\/\/www.welovecycling.com\/sk\/wp-json\/wp\/v2\/media\/5227"}],"wp:attachment":[{"href":"https:\/\/www.welovecycling.com\/sk\/wp-json\/wp\/v2\/media?parent=5222"}],"wp:term":[{"taxonomy":"category","embeddable":true,"href":"https:\/\/www.welovecycling.com\/sk\/wp-json\/wp\/v2\/categories?post=5222"},{"taxonomy":"post_tag","embeddable":true,"href":"https:\/\/www.welovecycling.com\/sk\/wp-json\/wp\/v2\/tags?post=5222"},{"taxonomy":"global-categories","embeddable":true,"href":"https:\/\/www.welovecycling.com\/sk\/wp-json\/wp\/v2\/global-categories?post=5222"}],"curies":[{"name":"wp","href":"https:\/\/api.w.org\/{rel}","templated":true}]}}