{"id":5175,"date":"2018-10-04T09:06:08","date_gmt":"2018-10-04T07:06:08","guid":{"rendered":"https:\/\/www.welovecycling.com\/sk\/?p=5175"},"modified":"2019-02-13T15:12:48","modified_gmt":"2019-02-13T14:12:48","slug":"rozhovor-mario-stiehl-zivot-profesionalneho-fotografa-sledujuceho-peloton","status":"publish","type":"post","link":"https:\/\/www.welovecycling.com\/sk\/2018\/10\/04\/rozhovor-mario-stiehl-zivot-profesionalneho-fotografa-sledujuceho-peloton\/","title":{"rendered":"Rozhovor: Mario Stiehl &#8211; \u017eivot profesion\u00e1lneho fotografa pelot\u00f3nu"},"content":{"rendered":"<p class=\"western\" lang=\"en-GB\"><strong><span style=\"color: #000000;\">Prem\u00fd\u0161\u013eali ste niekedy, ak\u00e9 je to by\u0165 s\u00fa\u010das\u0165ou cyklistick\u00fdch pretekov ako s\u00fa Tour de France, Giro d\u00b4Italia, Vuelta a Espa\u00f1a, Paris-Roubaix? V podstate v\u0161etk\u00fdch sl\u00e1vnych pretekov, ktor\u00e9 existuj\u00fa? Tak toto je \u017eivot, ktor\u00fd \u017eije Mario Stiehl. Cel\u00fd de\u0148 sed\u00ed vzadu na motorke, aby sme my, fan\u00fa\u0161ikovia cyklistiky, dostali svoju denn\u00fa d\u00e1vku \u00fa\u017easn\u00fdch obr\u00e1zkov. Dali sme si stretnutie s jedn\u00fdm z najviac publikovan\u00fdch fotografov vo svete profesion\u00e1lnej cyklistiky a rozpr\u00e1vali sme sa o jeho vzru\u0161uj\u00facej pr\u00e1ci.<\/span><\/strong><!--more--><\/p>\n<p class=\"western\" lang=\"en-GB\"><span style=\"color: #000000;\"><i><b>Ak\u00e9 boli va\u0161e za\u010diatky vo svete profesion\u00e1lnej cyklistiky?<\/b><\/i><\/span><\/p>\n<p class=\"western\" lang=\"en-GB\"><span style=\"color: #000000;\">Za\u010d\u00ednal som v roku 1994. Poch\u00e1dzam z v\u00fdchodn\u00e9ho Nemecka a ke\u010f som bol die\u0165a, tak jedin\u00e9 preteky, \u010do sme mali, bol The Course de la Paix\/Preteky mieru. Pam\u00e4t\u00e1m si, \u017ee sme vy\u0161li zo \u0161koly a postavili sa ved\u013ea ciest, aby sme mohli povzbudzova\u0165 jazdcov. To bolo moje prv\u00e9 stretnutie s cyklistikou. Potom som za\u010dal sledova\u0165 Tour de France a jarn\u00e9 klasiky, kedyko\u013evek bol prenos v telev\u00edzii.<\/span><\/p>\n<p class=\"western\" lang=\"en-GB\"><span style=\"color: #000000;\"><i><b>Tak\u017ee fotografovanie nebolo va\u0161ou prvou l\u00e1skou, bola to cyklistika?<\/b><\/i><\/span><\/p>\n<p class=\"western\" lang=\"en-GB\"><span style=\"color: #000000;\">Rozhodne \u00e1no. Viete, v roku 1991 som sa zauj\u00edmal o \u0161port a \u0161portov\u00e9 \u0161tatistiky. Jedn\u00fdm z mojich prv\u00fdch cie\u013eov bolo nap\u00edsa\u0165 \u0161tatistick\u00fa knihu o cyklistike, preto\u017ee vo v\u00fdchodnom Nemecku ni\u010d tak\u00e9 nebolo k dispoz\u00edcii. <\/span><\/p>\n<p class=\"western\" lang=\"en-GB\"><span style=\"color: #000000;\">Mal som \u00eds\u0165 do \u0160trasburgu vo Franc\u00fazsku, aby som h\u013eadal nejak\u00e9 materi\u00e1ly. Cie\u013eom bolo vytvori\u0165 vlastn\u00fa knihu v nemeckom jazyku so \u0161portov\u00fdmi \u0161tatistikami. Ke\u010f som sa do projektu ponoril, uvedomil som si, \u017ee to \u010do som najviac potreboval boli&#8230; fotky.<\/span><\/p>\n<figure id=\"attachment_5176\" aria-describedby=\"caption-attachment-5176\" style=\"width: 1224px\" class=\"wp-caption alignnone\"><a href=\"https:\/\/d2p6e6u75xmxt8.cloudfront.net\/4\/2018\/10\/mario1.jpg\"><img loading=\"lazy\" decoding=\"async\" class=\"size-full wp-image-5176\" src=\"https:\/\/d2p6e6u75xmxt8.cloudfront.net\/4\/2018\/10\/mario1.jpg\" alt=\"\" width=\"1224\" height=\"918\" \/><\/a><figcaption id=\"caption-attachment-5176\" class=\"wp-caption-text\">Mario v strede a jeho kolegovia Scott Mitchell (GBR) a James Starts (USA)<\/figcaption><\/figure>\n<p class=\"western\" lang=\"en-GB\"><span style=\"color: #000000;\">Tak\u017ee som v tej dobe kontaktoval niektor\u00fdch z najlep\u0161\u00edch cyklistick\u00fdch fotografov v Nemecku. Ke\u010f som sa ich p\u00fdtal na cenu fotografi\u00ed, nemohol som uveri\u0165, ak\u00e9 drah\u00e9 to bolo! Tak som sa rozhodol robi\u0165 cyklistick\u00fa fotografiu. Dovtedy to nebola moja v\u00e1\u0161e\u0148. Mimochodom nikdy som t\u00fa knihu nedokon\u010dil, preto\u017ee som sa zamiloval do fotografie.<\/span><\/p>\n<p class=\"western\" lang=\"en-GB\"><span style=\"color: #000000;\">Spom\u00ednate si na meno Graham Watson? Bol to star\u00fd otec cyklistickej fotografie. Opustil n\u00e1s pred dvoma rokmi. Ke\u010f som za\u010d\u00ednal, venoval som sa jeho knih\u00e1m, preto\u017ee sa mi p\u00e1\u010dil jeho \u0161t\u00fdl a odvtedy ho poklad\u00e1m sa svoj vzor a som n\u00edm ovplyvnen\u00fd. Pred piatimi rokmi som s n\u00edm str\u00e1vil jednu sez\u00f3nu a bolo to pre m\u0148a ako zjavenie.<\/span><\/p>\n<p class=\"western\" lang=\"en-GB\"><span style=\"color: #000000;\"><i><b>M\u00f4\u017eete n\u00e1m poveda\u0165, ako vyzer\u00e1 v\u00e1\u0161 de\u0148 po\u010das pretekov?<\/b><\/i><\/span><\/p>\n<p class=\"western\" lang=\"en-GB\"><span style=\"color: #000000;\">V prvom rade v\u0161etko z\u00e1vis\u00ed od druhu etapy a ako dlho sa p\u00f4jde. V niektor\u00fdch Grand Tours to m\u00f4\u017ee by\u0165 naozaj ve\u013emi dlh\u00e9. Zvy\u010dajne vst\u00e1vam medzi \u0161iestou a siedmou hodinou r\u00e1no. Nasleduje sprcha a ra\u0148ajky. Potom mus\u00edm by\u0165 na mieste dve a\u017e tri hodiny pred \u0161tartom, aby som si pripravil v\u0161etky podklady pre etapu toho d\u0148a.<\/span><\/p>\n<p class=\"western\" lang=\"en-GB\"><span style=\"color: #000000;\">Hodinu pred \u0161tartom po\u010das podpisovania jazdcov, mus\u00edm by\u0165 na mieste a foti\u0165 \u0161portov\u00fdch riadite\u013eov, jazdcov a v\u0161etk\u00fdch \u013eud\u00ed okolo pretekov. Potom s\u00fa samotn\u00e9 preteky, po\u010das ktor\u00fdch str\u00e1vim \u0161tyri a\u017e \u0161es\u0165 hod\u00edn na motorke, \u010do je pribli\u017ene 80% \u010dasu.<\/span><\/p>\n<figure id=\"attachment_5177\" aria-describedby=\"caption-attachment-5177\" style=\"width: 1380px\" class=\"wp-caption alignnone\"><a href=\"https:\/\/d2p6e6u75xmxt8.cloudfront.net\/4\/2018\/10\/mario1-3.jpg\"><img loading=\"lazy\" decoding=\"async\" class=\"wp-image-5177 size-full\" src=\"https:\/\/d2p6e6u75xmxt8.cloudfront.net\/4\/2018\/10\/mario1-3.jpg\" alt=\"\" width=\"1380\" height=\"918\" \/><\/a><figcaption id=\"caption-attachment-5177\" class=\"wp-caption-text\">\u00a9 Mario Stiehl<\/figcaption><\/figure>\n<p class=\"western\" lang=\"en-GB\"><span style=\"color: #000000;\">Nasleduje sl\u00e1vnostn\u00e9 odovzd\u00e1vanie cien a v\u0161etky ostatn\u00e9 veci, ktor\u00e9 trvaj\u00fa pribli\u017ene pol hodiny po skon\u010den\u00ed. Po sl\u00e1vnostnom p\u00f3diu chod\u00edm do tla\u010dov\u00e9ho centra na dve a\u017e tri hodiny, aby som odoslal fotografie mojim klientom. Mimochodom, nie som posledn\u00fd, ktor\u00fd zost\u00e1va po skon\u010den\u00ed. V\u017edy je to Tim De Waele, \u010fal\u0161\u00ed z profesion\u00e1lnych fotografov ako ja (z Belgicka), ktor\u00fd zost\u00e1va najdlh\u0161ie!<\/span><\/p>\n<p class=\"western\" lang=\"en-GB\"><span style=\"color: #000000;\">Vr\u00e1tim sa do hotela, kde mus\u00edm odosla\u0165 fotografie, preto\u017ee klienti s\u00fa najd\u00f4le\u017eitej\u0161\u00ed. Platia ma po\u010das celej sez\u00f3ny a chc\u00fa ma\u0165 materi\u00e1l \u010do najsk\u00f4r. Nakoniec sa porozpr\u00e1vam so svojim vodi\u010dom, aby sme si usporiadali nasleduj\u00faci de\u0148.<\/span><\/p>\n<div id='gallery-1' class='gallery galleryid-5175 gallery-columns-2 gallery-size-large'><figure class='gallery-item'>\n\t\t\t<div class='gallery-icon landscape'>\n\t\t\t\t<a href='https:\/\/d2p6e6u75xmxt8.cloudfront.net\/4\/2018\/10\/20180419_MS_TOC_012-scaled.webp'><img loading=\"lazy\" decoding=\"async\" width=\"1024\" height=\"681\" src=\"https:\/\/d2p6e6u75xmxt8.cloudfront.net\/4\/2018\/10\/20180419_MS_TOC_012-1024x681.webp\" class=\"attachment-large size-large\" alt=\"\" aria-describedby=\"gallery-1-5169\" srcset=\"https:\/\/d2p6e6u75xmxt8.cloudfront.net\/4\/2018\/10\/20180419_MS_TOC_012-1024x681.webp 1024w, https:\/\/d2p6e6u75xmxt8.cloudfront.net\/4\/2018\/10\/20180419_MS_TOC_012-300x200.webp 300w, https:\/\/d2p6e6u75xmxt8.cloudfront.net\/4\/2018\/10\/20180419_MS_TOC_012-768x511.webp 768w, https:\/\/d2p6e6u75xmxt8.cloudfront.net\/4\/2018\/10\/20180419_MS_TOC_012-1536x1022.webp 1536w, https:\/\/d2p6e6u75xmxt8.cloudfront.net\/4\/2018\/10\/20180419_MS_TOC_012-2048x1363.webp 2048w, https:\/\/d2p6e6u75xmxt8.cloudfront.net\/4\/2018\/10\/20180419_MS_TOC_012-1920x1278.webp 1920w, https:\/\/d2p6e6u75xmxt8.cloudfront.net\/4\/2018\/10\/20180419_MS_TOC_012-272x182.webp 272w, https:\/\/d2p6e6u75xmxt8.cloudfront.net\/4\/2018\/10\/20180419_MS_TOC_012-1920x1278.webp 1920w\" sizes=\"auto, (max-width: 1024px) 100vw, 1024px\" \/><\/a>\n\t\t\t<\/div>\n\t\t\t\t<figcaption class='wp-caption-text gallery-caption' id='gallery-1-5169'>\n\t\t\t\t\u00a9 Mario Stiehl\n\t\t\t\t<\/figcaption><\/figure><figure class='gallery-item'>\n\t\t\t<div class='gallery-icon landscape'>\n\t\t\t\t<a href='https:\/\/d2p6e6u75xmxt8.cloudfront.net\/4\/2018\/10\/mario1-4.webp'><img loading=\"lazy\" decoding=\"async\" width=\"1024\" height=\"681\" src=\"https:\/\/d2p6e6u75xmxt8.cloudfront.net\/4\/2018\/10\/mario1-4-1024x681.webp\" class=\"attachment-large size-large\" alt=\"\" aria-describedby=\"gallery-1-5170\" srcset=\"https:\/\/d2p6e6u75xmxt8.cloudfront.net\/4\/2018\/10\/mario1-4-1024x681.webp 1024w, https:\/\/d2p6e6u75xmxt8.cloudfront.net\/4\/2018\/10\/mario1-4-300x200.webp 300w, https:\/\/d2p6e6u75xmxt8.cloudfront.net\/4\/2018\/10\/mario1-4-768x511.webp 768w, https:\/\/d2p6e6u75xmxt8.cloudfront.net\/4\/2018\/10\/mario1-4-272x182.webp 272w, https:\/\/d2p6e6u75xmxt8.cloudfront.net\/4\/2018\/10\/mario1-4.webp 1380w\" sizes=\"auto, (max-width: 1024px) 100vw, 1024px\" \/><\/a>\n\t\t\t<\/div>\n\t\t\t\t<figcaption class='wp-caption-text gallery-caption' id='gallery-1-5170'>\n\t\t\t\t\u00a9 Mario Stiehl\n\t\t\t\t<\/figcaption><\/figure>\n\t\t<\/div>\n\n<p class=\"western\" lang=\"en-GB\"><span style=\"color: #000000;\">Kon\u010d\u00edm o polnoci, niekedy dokonca o druhej nadr\u00e1nom. Ako som povedal, niekedy m\u00e1me naozaj dlh\u00e9 presuny, najm\u00e4 v \u00favodn\u00fdch, alebo z\u00e1vere\u010dn\u00fdch \u010dastiach sez\u00f3ny, ke\u010f cestujeme v tme, preto\u017ee je bu\u010f e\u0161te tak skoro, alebo u\u017e tak neskoro.<\/span><\/p>\n<p class=\"western\" lang=\"en-GB\"><span style=\"color: #000000;\">Nie je to jednoduch\u00e1 pr\u00e1ca&#8230;<\/span><\/p>\n<p class=\"western\" lang=\"en-GB\"><span style=\"color: #000000;\"><i><b>Ako vyzer\u00e1 v\u00e1\u0161 typick\u00fd rok?<\/b><\/i><\/span><\/p>\n<p class=\"western\" lang=\"en-GB\"><span style=\"color: #000000;\">To je komplikovan\u00e1 ot\u00e1zka&#8230; Ide o to, \u017ee moja firma rastie a st\u00e1va sa st\u00e1le v\u00e4\u010d\u0161ou a v\u00e4\u010d\u0161ou, tak\u017ee teraz spolupracujem s partnermi. Ale ke\u010f to spo\u010d\u00edtam, celkovo som z domu pre\u010d 260 dn\u00ed v roku. Za\u010d\u00ednam v polovici janu\u00e1ra a pracujem do okt\u00f3bra.<\/span><\/p>\n<figure id=\"attachment_5178\" aria-describedby=\"caption-attachment-5178\" style=\"width: 1380px\" class=\"wp-caption alignnone\"><a href=\"https:\/\/d2p6e6u75xmxt8.cloudfront.net\/4\/2018\/10\/mario1-5.jpg\"><img loading=\"lazy\" decoding=\"async\" class=\"size-full wp-image-5178\" src=\"https:\/\/d2p6e6u75xmxt8.cloudfront.net\/4\/2018\/10\/mario1-5.jpg\" alt=\"\" width=\"1380\" height=\"918\" \/><\/a><figcaption id=\"caption-attachment-5178\" class=\"wp-caption-text\">\u00a9 Mario Stiehl<\/figcaption><\/figure>\n<p class=\"western\" lang=\"en-GB\"><span style=\"color: #000000;\">Mimo sez\u00f3ny som doma. Zap\u00ednam v telev\u00edzii \u013eadov\u00fd hokej a basketbal, preto\u017ee skuto\u010dne potrebujem prest\u00e1vku od cyklistiky. Samozrejme mohol by som \u00eds\u0165 foti\u0165 jesenn\u00fa cyklokrosov\u00fa sez\u00f3nu&#8230;, ale faktom je, \u017ee v tom \u010dase som u\u017e skuto\u010dne unaven\u00fd z cyklistiky.<\/span><\/p>\n<p class=\"western\" lang=\"en-GB\"><span style=\"color: #000000;\"><i><b>The Grand Tours. Ktor\u00e1 z nich sa v\u00e1m najviac p\u00e1\u010di?<\/b><\/i><\/span><\/p>\n<p class=\"western\" lang=\"en-GB\"><span style=\"color: #000000;\">D\u00e1vam prednos\u0165 Giro. Je najkraj\u0161ia a mnoho \u013eud\u00ed v\u00e1m povie to ist\u00e9. Krajina a kult\u00fara s\u00fa \u00fa\u017easn\u00e9. Nie je \u0165a\u017ek\u00e9 ju zvl\u00e1dnu\u0165. Niekedy s\u00fa etapy \u0165a\u017ek\u00e9, ale je ove\u013ea uvo\u013enenej\u0161ia ako Tour de France.<\/span><\/p>\n<p class=\"western\" lang=\"en-GB\"><span style=\"color: #000000;\">Tour de France je naj\u0165a\u017e\u0161ia. V\u0161etci vedia, \u017ee je to najv\u00e4\u010d\u0161ia cyklistick\u00e1 s\u00fa\u0165a\u017e. Ale pre m\u0148a je to cirkus&#8230; Pr\u00edli\u0161 ve\u013ea \u013eud\u00ed, pr\u00edli\u0161 ve\u013ea novin\u00e1rov. Ako som povedal, ak je to va\u0161a v\u00e1\u0161e\u0148, nie je \u0165a\u017ek\u00e9 foti\u0165 preteky, ale ak nie, tak v\u00e1m t\u00e1 pr\u00e1ca neposkytuje ve\u013ea z\u00e1bavy.<\/span><\/p>\n<figure id=\"attachment_5179\" aria-describedby=\"caption-attachment-5179\" style=\"width: 1380px\" class=\"wp-caption alignnone\"><a href=\"https:\/\/d2p6e6u75xmxt8.cloudfront.net\/4\/2018\/10\/mario1-6.jpg\"><img loading=\"lazy\" decoding=\"async\" class=\"wp-image-5179 size-full\" src=\"https:\/\/d2p6e6u75xmxt8.cloudfront.net\/4\/2018\/10\/mario1-6.jpg\" alt=\"\" width=\"1380\" height=\"918\" \/><\/a><figcaption id=\"caption-attachment-5179\" class=\"wp-caption-text\">\u00a9 Mario Stiehl<\/figcaption><\/figure>\n<p class=\"western\" lang=\"en-GB\"><span style=\"color: #000000;\">Navy\u0161e po teroristick\u00fdch \u00fatokoch vo Franc\u00fazsku to nebolo za posledn\u00e9 tri roky ve\u013emi pr\u00edjemn\u00e9. Bezpe\u010dnostn\u00e9 opatrenia s\u00fa v\u0161ade a s\u00fa stresuj\u00face. Unav\u00ed v\u00e1s to. Mus\u00edte absolvova\u0165 dlh\u00e9 presuny pred a po etap\u00e1ch. Len ve\u013ea stresu.<\/span><\/p>\n<p class=\"western\" lang=\"en-GB\"><span style=\"color: #000000;\"><i><b>Ak\u00e9 s\u00fa va\u0161e ob\u013e\u00faben\u00e9 preteky mimo Grand Tours?<\/b><\/i><\/span><\/p>\n<p class=\"western\" lang=\"en-GB\"><span style=\"color: #000000;\">Pred mnoh\u00fdmi rokmi by som povedal, \u017ee Crit\u00e9rium du Dauphin\u00e9 a Tour of Switzerland. Tieto preteky s\u00fa naozaj pekn\u00e9 a nie tak stresuj\u00face ako Grand Tours. M\u00f4\u017eete sa stretn\u00fa\u0165 s hviezdami pred a po pretekoch, podobne ako je to na Grand Tours ako s\u00fa Le Tour de France alebo Giro d\u00b4Italia.<\/span><\/p>\n<p class=\"western\" lang=\"en-GB\"><span style=\"color: #000000;\">Ale v posledn\u00fdch \u0161iestich rokoch by som pridal aj n\u00f3rske preteky, ako napr\u00edklad Tour des Fjords a v\u00fdchodoeur\u00f3pske preteky. N\u00f3rsko je \u00fa\u017easn\u00e9 kv\u00f4li fotografi\u00e1m, ktor\u00e9 m\u00e1m mo\u017enos\u0165 nafoti\u0165, ke\u010f pelot\u00f3n prech\u00e1dza n\u00e1dhernou krajinou. Je to dokonal\u00fd z\u00e1\u017eitok.<\/span><\/p>\n<figure id=\"attachment_5180\" aria-describedby=\"caption-attachment-5180\" style=\"width: 1380px\" class=\"wp-caption alignnone\"><a href=\"https:\/\/d2p6e6u75xmxt8.cloudfront.net\/4\/2018\/10\/mario1-7.jpg\"><img loading=\"lazy\" decoding=\"async\" class=\"wp-image-5180 size-full\" src=\"https:\/\/d2p6e6u75xmxt8.cloudfront.net\/4\/2018\/10\/mario1-7.jpg\" alt=\"\" width=\"1380\" height=\"918\" \/><\/a><figcaption id=\"caption-attachment-5180\" class=\"wp-caption-text\">\u00a9 Mario Stiehl<\/figcaption><\/figure>\n<p class=\"western\" lang=\"en-GB\"><span style=\"color: #000000;\">A teraz m\u00e1m aj nov\u00e9 ob\u013e\u00faben\u00e9 preteky vo v\u00fdchodnej Eur\u00f3pe! Tour of Slovenia a Tour of Croatia sa mi naozaj p\u00e1\u010dia. \u013dudia s\u00fa ve\u013emi mil\u00ed. Viac v\u0161ak preferujem Tour of Slovenia. Mus\u00edm poveda\u0165, \u017ee \u00farove\u0148 v\u00fdchodoeur\u00f3pskych pretekov sa st\u00e1le zlep\u0161uje.<\/span><\/p>\n<p class=\"western\" lang=\"en-GB\"><span style=\"color: #000000;\">Pokia\u013e ide o jednod\u0148ov\u00e9 preteky nem\u00e1m \u017eiadneho favorita. Samozrejme s\u00fa tu Paris-Roubaix, Flanders, Milan-San Remo at\u010f. Ale ned\u00e1 sa v\u0161etky zvl\u00e1dnu\u0165.<\/span><\/p>\n<p class=\"western\" lang=\"en-GB\"><span style=\"color: #000000;\">Tak\u017ee ke\u010f pl\u00e1nujem sez\u00f3nu, mus\u00edm zv\u00e1\u017ei\u0165, \u010do m\u00f4\u017eem urobi\u0165 s\u00e1m, preto\u017ee ob\u010das sa konaj\u00fa podobn\u00e9 preteky s\u00fa\u010dasne ako napr\u00edklad Paris-Nice a Tirreno-Adriatico. Tak\u017ee mus\u00edm o tom hovori\u0165 so svojimi partnermi, aby som vedel, ako to bude.<\/span><\/p>\n<div id='gallery-2' class='gallery galleryid-5175 gallery-columns-2 gallery-size-large'><figure class='gallery-item'>\n\t\t\t<div class='gallery-icon landscape'>\n\t\t\t\t<a href='https:\/\/d2p6e6u75xmxt8.cloudfront.net\/4\/2018\/10\/mario1-11.webp'><img loading=\"lazy\" decoding=\"async\" width=\"1024\" height=\"681\" src=\"https:\/\/d2p6e6u75xmxt8.cloudfront.net\/4\/2018\/10\/mario1-11-1024x681.webp\" class=\"attachment-large size-large\" alt=\"\" srcset=\"https:\/\/d2p6e6u75xmxt8.cloudfront.net\/4\/2018\/10\/mario1-11-1024x681.webp 1024w, https:\/\/d2p6e6u75xmxt8.cloudfront.net\/4\/2018\/10\/mario1-11-300x200.webp 300w, https:\/\/d2p6e6u75xmxt8.cloudfront.net\/4\/2018\/10\/mario1-11-768x511.webp 768w, https:\/\/d2p6e6u75xmxt8.cloudfront.net\/4\/2018\/10\/mario1-11-272x182.webp 272w, https:\/\/d2p6e6u75xmxt8.cloudfront.net\/4\/2018\/10\/mario1-11.webp 1380w\" sizes=\"auto, (max-width: 1024px) 100vw, 1024px\" \/><\/a>\n\t\t\t<\/div><\/figure><figure class='gallery-item'>\n\t\t\t<div class='gallery-icon landscape'>\n\t\t\t\t<a href='https:\/\/d2p6e6u75xmxt8.cloudfront.net\/4\/2018\/10\/mario1-8.webp'><img loading=\"lazy\" decoding=\"async\" width=\"1024\" height=\"681\" src=\"https:\/\/d2p6e6u75xmxt8.cloudfront.net\/4\/2018\/10\/mario1-8-1024x681.webp\" class=\"attachment-large size-large\" alt=\"\" srcset=\"https:\/\/d2p6e6u75xmxt8.cloudfront.net\/4\/2018\/10\/mario1-8-1024x681.webp 1024w, https:\/\/d2p6e6u75xmxt8.cloudfront.net\/4\/2018\/10\/mario1-8-300x200.webp 300w, https:\/\/d2p6e6u75xmxt8.cloudfront.net\/4\/2018\/10\/mario1-8-768x511.webp 768w, https:\/\/d2p6e6u75xmxt8.cloudfront.net\/4\/2018\/10\/mario1-8-272x182.webp 272w, https:\/\/d2p6e6u75xmxt8.cloudfront.net\/4\/2018\/10\/mario1-8.webp 1380w\" sizes=\"auto, (max-width: 1024px) 100vw, 1024px\" \/><\/a>\n\t\t\t<\/div><\/figure>\n\t\t<\/div>\n\n<p class=\"western\" lang=\"en-GB\"><span style=\"color: #000000;\">Viete v mojej pr\u00e1ci nem\u00f4\u017eete ma\u0165 len \u201ejednu ve\u013ek\u00fa zmluvu\u201c s ve\u013ek\u00fdm t\u00edmom. Ako profesion\u00e1lny fotograf potrebujem nieko\u013eko zauj\u00edmav\u00fdch zml\u00fav s ve\u013ek\u00fdmi t\u00edmami. Je to komplikovan\u00e9, ale v\u00e4\u010d\u0161ina mojich klientov vy\u017eaduje, aby som im poskytol fotografie z 90% v\u0161etk\u00fdch ve\u013ek\u00fdch pretekov na svete.<\/span><\/p>\n<p class=\"western\" lang=\"en-GB\"><span style=\"color: #000000;\"><i><b>Mohli by ste n\u00e1m poveda\u0165, ktor\u00fa pova\u017eujete za va\u0161u najlep\u0161iu fotografiu, jednu, o ktorej m\u00e1te pocit, \u017ee ste boli na spr\u00e1vnom mieste v spr\u00e1vny \u010das?<\/b><\/i><\/span><\/p>\n<p class=\"western\" lang=\"en-GB\"><span style=\"color: #000000;\">\u00c1no, samozrejme. Bolo to pred dvomi rokmi a odfotil som ju na Tour des Fjords. Jazdci prech\u00e1dzali ved\u013ea vodop\u00e1du a potom v jednej chv\u00edli pri\u0161iel poryv vetra, ktor\u00fd rozpr\u00e1\u0161il kvapky vody po celom pelot\u00f3ne. V tom momente sa objavila d\u00faha. Nikdy na to nezabudnem!<\/span><\/p>\n<figure id=\"attachment_5181\" aria-describedby=\"caption-attachment-5181\" style=\"width: 1380px\" class=\"wp-caption alignnone\"><a href=\"https:\/\/d2p6e6u75xmxt8.cloudfront.net\/4\/2018\/10\/mario1-2.jpg\"><img loading=\"lazy\" decoding=\"async\" class=\"wp-image-5181 size-full\" src=\"https:\/\/d2p6e6u75xmxt8.cloudfront.net\/4\/2018\/10\/mario1-2.jpg\" alt=\"\" width=\"1380\" height=\"918\" \/><\/a><figcaption id=\"caption-attachment-5181\" class=\"wp-caption-text\">\u00a9 Mario Stiehl<\/figcaption><\/figure>\n<p class=\"western\" lang=\"en-GB\"><span style=\"color: #000000;\"><i><b>Ak\u00e1 je va\u0161a najlep\u0161ia spomienka mimo fotenia? Na ak\u00e9 preteky nikdy nezabudnete?<\/b><\/i><\/span><\/p>\n<p class=\"western\" lang=\"en-GB\"><span style=\"color: #000000;\">Tak to v\u00e1m m\u00f4\u017eem poveda\u0165 presne! Bolo to prv\u00e9 v\u00ed\u0165azstvo Erika Zabela v Milano \u2013 San Remo v roku 1997. Poch\u00e1dza z Berl\u00edna, m\u00f4jho domova. Ke\u010f vyhral tie preteky, obaja sme za\u010dali plaka\u0165 s\u00fa\u010dasne, ja pred TV a on v cieli. Erik je dobr\u00fd \u010dlovek.<\/span><\/p>\n<p class=\"western\" lang=\"en-GB\"><span style=\"color: #000000;\"><i><b>V poslednej \u010dasti rozhovoru m\u00e1me pre v\u00e1s nieko\u013eko r\u00fdchlych ot\u00e1zok, Mario. Vol\u00e1me to \u00b4shots\u00b4. D\u00e1me v\u00e1m nieko\u013eko mo\u017enost\u00ed, z ktor\u00fdch vyberiete t\u00fa, o ktorej si mysl\u00edte, \u017ee je najlep\u0161ou odpove\u010fou.<\/b><\/i><\/span><\/p>\n<p class=\"western\" lang=\"en-GB\"><span style=\"color: #000000;\"><i><b>Stiehl Shot #<\/b><\/i><i><b>1<\/b><\/i><i><b>:<\/b><\/i> <i><b>\u010co rob\u00edte vo svojom vo\u013enom \u010dase? 1) Jazda na bicykli. 2) Sed\u00edte na leh\u00e1tku na dvore. 3) Venujete sa zoznamu \u00faloh, ktor\u00fd v\u00e1m dala va\u0161a priate\u013eka.<\/b><\/i><\/span><\/p>\n<p class=\"western\" lang=\"en-GB\"><span style=\"color: #000000;\">Ur\u010dite zoznam \u00faloh! A je to tie\u017e o tr\u00e1ven\u00ed \u010dasu s mojou milou a dc\u00e9rou.<\/span><\/p>\n<div id='gallery-3' class='gallery galleryid-5175 gallery-columns-2 gallery-size-large'><figure class='gallery-item'>\n\t\t\t<div class='gallery-icon landscape'>\n\t\t\t\t<a href='https:\/\/d2p6e6u75xmxt8.cloudfront.net\/4\/2018\/10\/mario1-10.webp'><img loading=\"lazy\" decoding=\"async\" width=\"1024\" height=\"681\" src=\"https:\/\/d2p6e6u75xmxt8.cloudfront.net\/4\/2018\/10\/mario1-10-1024x681.webp\" class=\"attachment-large size-large\" alt=\"\" srcset=\"https:\/\/d2p6e6u75xmxt8.cloudfront.net\/4\/2018\/10\/mario1-10-1024x681.webp 1024w, https:\/\/d2p6e6u75xmxt8.cloudfront.net\/4\/2018\/10\/mario1-10-300x200.webp 300w, https:\/\/d2p6e6u75xmxt8.cloudfront.net\/4\/2018\/10\/mario1-10-768x511.webp 768w, https:\/\/d2p6e6u75xmxt8.cloudfront.net\/4\/2018\/10\/mario1-10-272x182.webp 272w, https:\/\/d2p6e6u75xmxt8.cloudfront.net\/4\/2018\/10\/mario1-10.webp 1380w\" sizes=\"auto, (max-width: 1024px) 100vw, 1024px\" \/><\/a>\n\t\t\t<\/div><\/figure><figure class='gallery-item'>\n\t\t\t<div class='gallery-icon landscape'>\n\t\t\t\t<a href='https:\/\/d2p6e6u75xmxt8.cloudfront.net\/4\/2018\/10\/mario1-9.webp'><img loading=\"lazy\" decoding=\"async\" width=\"1024\" height=\"681\" src=\"https:\/\/d2p6e6u75xmxt8.cloudfront.net\/4\/2018\/10\/mario1-9-1024x681.webp\" class=\"attachment-large size-large\" alt=\"\" srcset=\"https:\/\/d2p6e6u75xmxt8.cloudfront.net\/4\/2018\/10\/mario1-9-1024x681.webp 1024w, https:\/\/d2p6e6u75xmxt8.cloudfront.net\/4\/2018\/10\/mario1-9-300x200.webp 300w, https:\/\/d2p6e6u75xmxt8.cloudfront.net\/4\/2018\/10\/mario1-9-768x511.webp 768w, https:\/\/d2p6e6u75xmxt8.cloudfront.net\/4\/2018\/10\/mario1-9-272x182.webp 272w, https:\/\/d2p6e6u75xmxt8.cloudfront.net\/4\/2018\/10\/mario1-9.webp 1380w\" sizes=\"auto, (max-width: 1024px) 100vw, 1024px\" \/><\/a>\n\t\t\t<\/div><\/figure>\n\t\t<\/div>\n\n<p class=\"western\" lang=\"en-GB\"><span style=\"color: #000000;\"><i><b>Stiehl Shot #2: \u010co preferujete po pretekoch? 1) Pivo. 2) V\u00edno. 3) Smoothie. 4) Voda.<\/b><\/i><\/span><\/p>\n<p class=\"western\" lang=\"en-GB\"><span style=\"color: #000000;\">Belgick\u00e9 pivo!<\/span><\/p>\n<p class=\"western\" lang=\"en-GB\"><span style=\"color: #000000;\"><i><b>Stiehl Shot #3: Ktor\u00e1 mo\u017enos\u0165 je nepr\u00edjemnej\u0161ia? 1) Da\u017ediv\u00fd a chladn\u00fd de\u0148 pretekov v N\u00f3rsku. 2) Hor\u00faci a such\u00fd de\u0148 na Vuelte.<\/b><\/i><\/span><\/p>\n<p class=\"western\" lang=\"en-GB\"><span style=\"color: #000000;\">Arktick\u00e9 preteky. Teplo je v poriadku, ale chlad nie je dobr\u00fd pre telo, nie je dobr\u00fd pre kamery, ani pre v\u00e1\u0161 t\u00edm. Ale toto s\u00fa tie\u017e momenty, ke\u010f si uvedom\u00edte, \u017ee fotenie je va\u0161a v\u00e1\u0161e\u0148, preto\u017ee to rob\u00edte aj napriek tomu, \u017ee c\u00edtite boles\u0165.<\/span><\/p>\n<figure id=\"attachment_5182\" aria-describedby=\"caption-attachment-5182\" style=\"width: 1380px\" class=\"wp-caption alignnone\"><a href=\"https:\/\/d2p6e6u75xmxt8.cloudfront.net\/4\/2018\/10\/mario1-12.jpg\"><img loading=\"lazy\" decoding=\"async\" class=\"wp-image-5182 size-full\" src=\"https:\/\/d2p6e6u75xmxt8.cloudfront.net\/4\/2018\/10\/mario1-12.jpg\" alt=\"\" width=\"1380\" height=\"918\" \/><\/a><figcaption id=\"caption-attachment-5182\" class=\"wp-caption-text\">\u00a9 Mario Stiehl<\/figcaption><\/figure>\n<p class=\"western\" lang=\"en-GB\"><span style=\"color: #000000;\"><i><b>Stiehl Shot #4: Kedy a kde sa zvy\u010dajne daj\u00fa zachyti\u0165 najlep\u0161ie fotky? 1) Z\u00e1vere\u010dn\u00fd \u0161purt. 2) Horsk\u00e1 pr\u00e9mia. 3) \u010casovka.<\/b><\/i><\/span><\/p>\n<p class=\"western\" lang=\"en-GB\"><span style=\"color: #000000;\">Z\u00e1vere\u010dn\u00fd \u0161purt! Vid\u00edte ve\u013ea jazdcov a id\u00fa na hranici svojich mo\u017enost\u00ed. M\u00f4\u017eete vidie\u0165 ich tv\u00e1re. Naozaj vid\u00edte ich limity.<\/span><\/p>\n<p class=\"western\" lang=\"en-GB\"><span style=\"color: #000000;\"><i><b>Pr<\/b><\/i><i><b>oCyklistika je r\u00fdchly \u0161port a m\u00e1me tendenciu sa dr\u017ea\u0165 hlavn\u00fdch jazdcov a hlavn\u00fdch t\u00e9m d\u0148a. Kto vyhral, kto padol, kto preteky opustil. Existuj\u00fa v\u0161ak aj \u00fa\u017easn\u00e9 pr\u00edbehy, ktor\u00e9 sa st\u00e1vaj\u00fa za kamerami. \u017dia\u013e tieto pr\u00edbehy si \u010dasto nev\u0161\u00edmame. Ale Mario a jeho nad\u0161enie je \u017eiv\u00fdm pr\u00edkladom toho, pre\u010do by sme mali. <\/b><\/i><\/span><\/p>\n","protected":false},"excerpt":{"rendered":"<p>Prem\u00fd\u0161\u013eali ste niekedy, ak\u00e9 je to by\u0165 s\u00fa\u010das\u0165ou cyklistick\u00fdch pretekov ako s\u00fa Tour de France, Giro d\u00b4Italia, Vuelta a Espa\u00f1a, [&hellip;]<\/p>\n","protected":false},"author":38,"featured_media":5184,"comment_status":"open","ping_status":"open","sticky":false,"template":"","format":"standard","meta":{"footnotes":""},"categories":[4,64,63,117,217],"tags":[331,620,65,268,423,429,179,501,20],"global-categories":[],"class_list":["post-5175","post","type-post","status-publish","format-standard","has-post-thumbnail","hentry","category-cestna-cyklisitika","category-giro-ditalia","category-grand-tour","category-tour-de-france","category-vuelta-a-espana","tag-etapove-preteky","tag-fotograf","tag-giro-d-italia","tag-grand-tour","tag-milano-san-remo","tag-okolo-flamska","tag-preteky","tag-rozhovor","tag-tour-de-france"],"yoast_head":"<!-- This site is optimized with the Yoast SEO Premium plugin v25.3 (Yoast SEO v25.9) - https:\/\/yoast.com\/wordpress\/plugins\/seo\/ -->\n<title>Rozhovor: Mario Stiehl - \u017eivot profesion\u00e1lneho fotografa pelot\u00f3nu - \u0160koda We Love Cycling Slovensko<\/title>\n<meta name=\"robots\" content=\"index, follow, max-snippet:-1, max-image-preview:large, max-video-preview:-1\" \/>\n<link rel=\"canonical\" href=\"https:\/\/www.welovecycling.com\/sk\/2018\/10\/04\/rozhovor-mario-stiehl-zivot-profesionalneho-fotografa-sledujuceho-peloton\/\" \/>\n<meta property=\"og:locale\" content=\"sk_SK\" \/>\n<meta property=\"og:type\" content=\"article\" \/>\n<meta property=\"og:title\" content=\"Rozhovor: Mario Stiehl - \u017eivot profesion\u00e1lneho fotografa pelot\u00f3nu\" \/>\n<meta property=\"og:description\" content=\"Prem\u00fd\u0161\u013eali ste niekedy, ak\u00e9 je to by\u0165 s\u00fa\u010das\u0165ou cyklistick\u00fdch pretekov ako s\u00fa Tour de France, Giro d\u00b4Italia, Vuelta a Espa\u00f1a, [&hellip;]\" \/>\n<meta property=\"og:url\" content=\"https:\/\/www.welovecycling.com\/sk\/2018\/10\/04\/rozhovor-mario-stiehl-zivot-profesionalneho-fotografa-sledujuceho-peloton\/\" \/>\n<meta property=\"og:site_name\" content=\"\u0160koda We Love Cycling Slovensko\" \/>\n<meta property=\"article:published_time\" content=\"2018-10-04T07:06:08+00:00\" \/>\n<meta property=\"article:modified_time\" content=\"2019-02-13T14:12:48+00:00\" \/>\n<meta property=\"og:image\" content=\"https:\/\/d2p6e6u75xmxt8.cloudfront.net\/4\/2018\/10\/marioCVR.webp\" \/>\n\t<meta property=\"og:image:width\" content=\"1366\" \/>\n\t<meta property=\"og:image:height\" content=\"600\" \/>\n\t<meta property=\"og:image:type\" content=\"image\/webp\" \/>\n<meta name=\"author\" content=\"Ondrej Ga\u0161par\" \/>\n<meta name=\"twitter:card\" content=\"summary_large_image\" \/>\n<meta name=\"twitter:label1\" content=\"Written by\" \/>\n\t<meta name=\"twitter:data1\" content=\"Jonathan Bouchard (Polska \u00e0 v\u00e9lo)\" \/>\n\t<meta name=\"twitter:label2\" content=\"Est. reading time\" \/>\n\t<meta name=\"twitter:data2\" content=\"9\" \/>\n<script type=\"application\/ld+json\" class=\"yoast-schema-graph\">{\"@context\":\"https:\/\/schema.org\",\"@graph\":[{\"@type\":\"WebPage\",\"@id\":\"https:\/\/www.welovecycling.com\/sk\/2018\/10\/04\/rozhovor-mario-stiehl-zivot-profesionalneho-fotografa-sledujuceho-peloton\/\",\"url\":\"https:\/\/www.welovecycling.com\/sk\/2018\/10\/04\/rozhovor-mario-stiehl-zivot-profesionalneho-fotografa-sledujuceho-peloton\/\",\"name\":\"Rozhovor: Mario Stiehl - \u017eivot profesion\u00e1lneho fotografa pelot\u00f3nu - \u0160koda We Love Cycling Slovensko\",\"isPartOf\":{\"@id\":\"https:\/\/www.welovecycling.com\/sk\/#website\"},\"primaryImageOfPage\":{\"@id\":\"https:\/\/www.welovecycling.com\/sk\/2018\/10\/04\/rozhovor-mario-stiehl-zivot-profesionalneho-fotografa-sledujuceho-peloton\/#primaryimage\"},\"image\":{\"@id\":\"https:\/\/www.welovecycling.com\/sk\/2018\/10\/04\/rozhovor-mario-stiehl-zivot-profesionalneho-fotografa-sledujuceho-peloton\/#primaryimage\"},\"thumbnailUrl\":\"https:\/\/d2p6e6u75xmxt8.cloudfront.net\/4\/2018\/10\/marioCVR.webp\",\"datePublished\":\"2018-10-04T07:06:08+00:00\",\"dateModified\":\"2019-02-13T14:12:48+00:00\",\"author\":{\"@id\":\"https:\/\/www.welovecycling.com\/sk\/#\/schema\/person\/8ee09ba39b7e25b1870160aa5b3a89bc\"},\"breadcrumb\":{\"@id\":\"https:\/\/www.welovecycling.com\/sk\/2018\/10\/04\/rozhovor-mario-stiehl-zivot-profesionalneho-fotografa-sledujuceho-peloton\/#breadcrumb\"},\"inLanguage\":\"sk-SK\",\"potentialAction\":[{\"@type\":\"ReadAction\",\"target\":[\"https:\/\/www.welovecycling.com\/sk\/2018\/10\/04\/rozhovor-mario-stiehl-zivot-profesionalneho-fotografa-sledujuceho-peloton\/\"]}]},{\"@type\":\"ImageObject\",\"inLanguage\":\"sk-SK\",\"@id\":\"https:\/\/www.welovecycling.com\/sk\/2018\/10\/04\/rozhovor-mario-stiehl-zivot-profesionalneho-fotografa-sledujuceho-peloton\/#primaryimage\",\"url\":\"https:\/\/d2p6e6u75xmxt8.cloudfront.net\/4\/2018\/10\/marioCVR.webp\",\"contentUrl\":\"https:\/\/d2p6e6u75xmxt8.cloudfront.net\/4\/2018\/10\/marioCVR.webp\",\"width\":1366,\"height\":600},{\"@type\":\"BreadcrumbList\",\"@id\":\"https:\/\/www.welovecycling.com\/sk\/2018\/10\/04\/rozhovor-mario-stiehl-zivot-profesionalneho-fotografa-sledujuceho-peloton\/#breadcrumb\",\"itemListElement\":[{\"@type\":\"ListItem\",\"position\":1,\"name\":\"Home\",\"item\":\"https:\/\/www.welovecycling.com\/sk\/\"},{\"@type\":\"ListItem\",\"position\":2,\"name\":\"Rozhovor: Mario Stiehl &#8211; \u017eivot profesion\u00e1lneho fotografa pelot\u00f3nu\"}]},{\"@type\":\"WebSite\",\"@id\":\"https:\/\/www.welovecycling.com\/sk\/#website\",\"url\":\"https:\/\/www.welovecycling.com\/sk\/\",\"name\":\"\u0160koda We Love Cycling Slovensko\",\"description\":\"\u0160koda We Love Cycling Slovensko je v\u00e1\u0161 ka\u017edodenn\u00fd zdroj noviniek a in\u0161pir\u00e1cie z sveta cyklistiky\",\"potentialAction\":[{\"@type\":\"SearchAction\",\"target\":{\"@type\":\"EntryPoint\",\"urlTemplate\":\"https:\/\/www.welovecycling.com\/sk\/?s={search_term_string}\"},\"query-input\":{\"@type\":\"PropertyValueSpecification\",\"valueRequired\":true,\"valueName\":\"search_term_string\"}}],\"inLanguage\":\"sk-SK\"},{\"@type\":\"Person\",\"@id\":\"https:\/\/www.welovecycling.com\/sk\/#\/schema\/person\/8ee09ba39b7e25b1870160aa5b3a89bc\",\"name\":\"Ondrej Ga\u0161par\",\"image\":{\"@type\":\"ImageObject\",\"inLanguage\":\"sk-SK\",\"@id\":\"https:\/\/www.welovecycling.com\/sk\/#\/schema\/person\/image\/\",\"url\":\"https:\/\/secure.gravatar.com\/avatar\/6126c9afb87b70da5abbb083ddbb21933da15f18f8ca7cb822aba0fb096a48f6?s=96&d=mm&r=g\",\"contentUrl\":\"https:\/\/secure.gravatar.com\/avatar\/6126c9afb87b70da5abbb083ddbb21933da15f18f8ca7cb822aba0fb096a48f6?s=96&d=mm&r=g\",\"caption\":\"Ondrej Ga\u0161par\"},\"url\":\"https:\/\/www.welovecycling.com\/sk\/author\/ondrejgaspar\/\"}]}<\/script>\n<!-- \/ Yoast SEO Premium plugin. -->","yoast_head_json":{"title":"Rozhovor: Mario Stiehl - \u017eivot profesion\u00e1lneho fotografa pelot\u00f3nu - \u0160koda We Love Cycling Slovensko","robots":{"index":"index","follow":"follow","max-snippet":"max-snippet:-1","max-image-preview":"max-image-preview:large","max-video-preview":"max-video-preview:-1"},"canonical":"https:\/\/www.welovecycling.com\/sk\/2018\/10\/04\/rozhovor-mario-stiehl-zivot-profesionalneho-fotografa-sledujuceho-peloton\/","og_locale":"sk_SK","og_type":"article","og_title":"Rozhovor: Mario Stiehl - \u017eivot profesion\u00e1lneho fotografa pelot\u00f3nu","og_description":"Prem\u00fd\u0161\u013eali ste niekedy, ak\u00e9 je to by\u0165 s\u00fa\u010das\u0165ou cyklistick\u00fdch pretekov ako s\u00fa Tour de France, Giro d\u00b4Italia, Vuelta a Espa\u00f1a, [&hellip;]","og_url":"https:\/\/www.welovecycling.com\/sk\/2018\/10\/04\/rozhovor-mario-stiehl-zivot-profesionalneho-fotografa-sledujuceho-peloton\/","og_site_name":"\u0160koda We Love Cycling Slovensko","article_published_time":"2018-10-04T07:06:08+00:00","article_modified_time":"2019-02-13T14:12:48+00:00","og_image":[{"width":1366,"height":600,"url":"https:\/\/d2p6e6u75xmxt8.cloudfront.net\/4\/2018\/10\/marioCVR.webp","type":"image\/webp"}],"author":"Ondrej Ga\u0161par","twitter_card":"summary_large_image","twitter_misc":{"Written by":"Jonathan Bouchard (Polska \u00e0 v\u00e9lo)","Est. reading time":"9"},"schema":{"@context":"https:\/\/schema.org","@graph":[{"@type":"WebPage","@id":"https:\/\/www.welovecycling.com\/sk\/2018\/10\/04\/rozhovor-mario-stiehl-zivot-profesionalneho-fotografa-sledujuceho-peloton\/","url":"https:\/\/www.welovecycling.com\/sk\/2018\/10\/04\/rozhovor-mario-stiehl-zivot-profesionalneho-fotografa-sledujuceho-peloton\/","name":"Rozhovor: Mario Stiehl - \u017eivot profesion\u00e1lneho fotografa pelot\u00f3nu - \u0160koda We Love Cycling Slovensko","isPartOf":{"@id":"https:\/\/www.welovecycling.com\/sk\/#website"},"primaryImageOfPage":{"@id":"https:\/\/www.welovecycling.com\/sk\/2018\/10\/04\/rozhovor-mario-stiehl-zivot-profesionalneho-fotografa-sledujuceho-peloton\/#primaryimage"},"image":{"@id":"https:\/\/www.welovecycling.com\/sk\/2018\/10\/04\/rozhovor-mario-stiehl-zivot-profesionalneho-fotografa-sledujuceho-peloton\/#primaryimage"},"thumbnailUrl":"https:\/\/d2p6e6u75xmxt8.cloudfront.net\/4\/2018\/10\/marioCVR.webp","datePublished":"2018-10-04T07:06:08+00:00","dateModified":"2019-02-13T14:12:48+00:00","author":{"@id":"https:\/\/www.welovecycling.com\/sk\/#\/schema\/person\/8ee09ba39b7e25b1870160aa5b3a89bc"},"breadcrumb":{"@id":"https:\/\/www.welovecycling.com\/sk\/2018\/10\/04\/rozhovor-mario-stiehl-zivot-profesionalneho-fotografa-sledujuceho-peloton\/#breadcrumb"},"inLanguage":"sk-SK","potentialAction":[{"@type":"ReadAction","target":["https:\/\/www.welovecycling.com\/sk\/2018\/10\/04\/rozhovor-mario-stiehl-zivot-profesionalneho-fotografa-sledujuceho-peloton\/"]}]},{"@type":"ImageObject","inLanguage":"sk-SK","@id":"https:\/\/www.welovecycling.com\/sk\/2018\/10\/04\/rozhovor-mario-stiehl-zivot-profesionalneho-fotografa-sledujuceho-peloton\/#primaryimage","url":"https:\/\/d2p6e6u75xmxt8.cloudfront.net\/4\/2018\/10\/marioCVR.webp","contentUrl":"https:\/\/d2p6e6u75xmxt8.cloudfront.net\/4\/2018\/10\/marioCVR.webp","width":1366,"height":600},{"@type":"BreadcrumbList","@id":"https:\/\/www.welovecycling.com\/sk\/2018\/10\/04\/rozhovor-mario-stiehl-zivot-profesionalneho-fotografa-sledujuceho-peloton\/#breadcrumb","itemListElement":[{"@type":"ListItem","position":1,"name":"Home","item":"https:\/\/www.welovecycling.com\/sk\/"},{"@type":"ListItem","position":2,"name":"Rozhovor: Mario Stiehl &#8211; \u017eivot profesion\u00e1lneho fotografa pelot\u00f3nu"}]},{"@type":"WebSite","@id":"https:\/\/www.welovecycling.com\/sk\/#website","url":"https:\/\/www.welovecycling.com\/sk\/","name":"\u0160koda We Love Cycling Slovensko","description":"\u0160koda We Love Cycling Slovensko je v\u00e1\u0161 ka\u017edodenn\u00fd zdroj noviniek a in\u0161pir\u00e1cie z sveta cyklistiky","potentialAction":[{"@type":"SearchAction","target":{"@type":"EntryPoint","urlTemplate":"https:\/\/www.welovecycling.com\/sk\/?s={search_term_string}"},"query-input":{"@type":"PropertyValueSpecification","valueRequired":true,"valueName":"search_term_string"}}],"inLanguage":"sk-SK"},{"@type":"Person","@id":"https:\/\/www.welovecycling.com\/sk\/#\/schema\/person\/8ee09ba39b7e25b1870160aa5b3a89bc","name":"Ondrej Ga\u0161par","image":{"@type":"ImageObject","inLanguage":"sk-SK","@id":"https:\/\/www.welovecycling.com\/sk\/#\/schema\/person\/image\/","url":"https:\/\/secure.gravatar.com\/avatar\/6126c9afb87b70da5abbb083ddbb21933da15f18f8ca7cb822aba0fb096a48f6?s=96&d=mm&r=g","contentUrl":"https:\/\/secure.gravatar.com\/avatar\/6126c9afb87b70da5abbb083ddbb21933da15f18f8ca7cb822aba0fb096a48f6?s=96&d=mm&r=g","caption":"Ondrej Ga\u0161par"},"url":"https:\/\/www.welovecycling.com\/sk\/author\/ondrejgaspar\/"}]}},"_links":{"self":[{"href":"https:\/\/www.welovecycling.com\/sk\/wp-json\/wp\/v2\/posts\/5175","targetHints":{"allow":["GET"]}}],"collection":[{"href":"https:\/\/www.welovecycling.com\/sk\/wp-json\/wp\/v2\/posts"}],"about":[{"href":"https:\/\/www.welovecycling.com\/sk\/wp-json\/wp\/v2\/types\/post"}],"author":[{"embeddable":true,"href":"https:\/\/www.welovecycling.com\/sk\/wp-json\/wp\/v2\/users\/38"}],"replies":[{"embeddable":true,"href":"https:\/\/www.welovecycling.com\/sk\/wp-json\/wp\/v2\/comments?post=5175"}],"version-history":[{"count":2,"href":"https:\/\/www.welovecycling.com\/sk\/wp-json\/wp\/v2\/posts\/5175\/revisions"}],"predecessor-version":[{"id":5193,"href":"https:\/\/www.welovecycling.com\/sk\/wp-json\/wp\/v2\/posts\/5175\/revisions\/5193"}],"wp:featuredmedia":[{"embeddable":true,"href":"https:\/\/www.welovecycling.com\/sk\/wp-json\/wp\/v2\/media\/5184"}],"wp:attachment":[{"href":"https:\/\/www.welovecycling.com\/sk\/wp-json\/wp\/v2\/media?parent=5175"}],"wp:term":[{"taxonomy":"category","embeddable":true,"href":"https:\/\/www.welovecycling.com\/sk\/wp-json\/wp\/v2\/categories?post=5175"},{"taxonomy":"post_tag","embeddable":true,"href":"https:\/\/www.welovecycling.com\/sk\/wp-json\/wp\/v2\/tags?post=5175"},{"taxonomy":"global-categories","embeddable":true,"href":"https:\/\/www.welovecycling.com\/sk\/wp-json\/wp\/v2\/global-categories?post=5175"}],"curies":[{"name":"wp","href":"https:\/\/api.w.org\/{rel}","templated":true}]}}