{"id":5131,"date":"2018-10-01T16:04:09","date_gmt":"2018-10-01T14:04:09","guid":{"rendered":"https:\/\/www.welovecycling.com\/sk\/?p=5131"},"modified":"2018-10-09T09:38:16","modified_gmt":"2018-10-09T07:38:16","slug":"stare-zelezo-nehrdzavie-ms-v-cestnej-cyklistike-2018-innsbruck","status":"publish","type":"post","link":"https:\/\/www.welovecycling.com\/sk\/2018\/10\/01\/stare-zelezo-nehrdzavie-ms-v-cestnej-cyklistike-2018-innsbruck\/","title":{"rendered":"Star\u00e9 \u017eelezo nehrdzavie \u2013 MS v cestnej cyklistike 2018 Innsbruck"},"content":{"rendered":"<p><strong>Cyklistick\u00e1 sez\u00f3na, najm\u00e4 t\u00e1 cestn\u00e1, s istotou kon\u010d\u00ed, \u010doho d\u00f4kazom bolo jej vyvrcholenie v podobe majstrovstiev sveta v rak\u00faskom Innsbrucku. 9 dn\u00ed pretekov s grandi\u00f3znymi s\u00fabojmi a zasl\u00fa\u017een\u00fdmi v\u00ed\u0165azstvami. Po\u010fme si zrekapitulova\u0165 to najhlavnej\u0161ie.<\/strong><!--more--><\/p>\n<h2><strong>Preteky mu\u017eov \u2013 prekvapenie sa nekonalo<\/strong><\/h2>\n<p><a href=\"https:\/\/d2p6e6u75xmxt8.cloudfront.net\/4\/2018\/10\/01-2.png\"><img loading=\"lazy\" decoding=\"async\" class=\"alignnone size-full wp-image-5141\" src=\"https:\/\/d2p6e6u75xmxt8.cloudfront.net\/4\/2018\/10\/01-2.png\" alt=\"\" width=\"1200\" height=\"800\" \/><\/a><\/p>\n<p>Na jazdcov \u010dakala <strong>252,9 km<\/strong> dlh\u00e1 tra\u0165 s vy\u0161e <strong>5 km<\/strong> vertik\u00e1lneho prev\u00fd\u0161enia. U\u017e tieto parametre poukazovali na favorizovanie vrch\u00e1rov pred klasik\u00e1rmi \u010di dokonca \u0161print\u00e9rmi. Predpovede hl\u00e1sili pr\u00edjemn\u00e9 teploty a bezobla\u010dn\u00fa oblohu po\u010das cel\u00e9ho d\u0148a. \u0160tartov\u00e9 pole, tvoren\u00e9 <strong>180 pretek\u00e1rmi<\/strong>, od\u0161tartovalo o 9:40 z Kufsteinu smerom do Innsbrucku. \u0160irok\u00e1 \u0161k\u00e1la jazdcov, nie len z World tour, napovedala v\u00fdvoj pretekov. U\u017e od \u00favodn\u00fdch kilometrov nebola n\u00fadza o mnohopo\u010detn\u00e9 n\u00e1stupy. Najzrete\u013enej\u0161ou uk\u00e1\u017ekou rozdielnosti v\u00fdkonnosti bol najm\u00e4 po\u010det odstupuj\u00facich pretek\u00e1rov. Medzi nimi bol aj <strong>Peter Sagan<\/strong>, odstupuj\u00faci u\u017e <strong>90 kilometrov<\/strong> pred koncom.<\/p>\n<p>Do posledn\u00e9ho okruhu, ktor\u00fd mal ozna\u010denia \u201eve\u013ek\u00fd\u201c, vstupoval pelot\u00f3n u\u017e v skromnej\u0161om po\u010dte, bez adeptov na v\u00ed\u0165azstvo ako Kwiatkowski \u010di S. Yates. Pri vstupe pelot\u00f3nu do posledn\u00e9ho st\u00fapania Gramartboden, pred n\u00edm osamotene bojoval Valgren, udr\u017euj\u00fac si \u0161ance na v\u00ed\u0165azstvo s n\u00e1skokom pod 1 min\u00fatu. Za n\u00edm sa vydala st\u00edhacia skupina 6 jazdcov, medzi ktor\u00fdmi bol Bardet, Valverde, Woods, Moscon, Alaphilippe \u010di Pinot. Ich snahy boli \u00faspe\u0161n\u00e9, <strong>ke\u010f 1 kilometer pred koncom fin\u00e1lneho st\u00fapania<\/strong>, dostihli a predbehli Valgrena. V\u010faka ich tempu sa na \u010dele udr\u017eali len prv\u00ed 4 menovan\u00ed.<\/p>\n<p>Dumoulin, v tom \u010dase s minim\u00e1lnym odstupom, sa pomaly pribli\u017eoval k \u010delu pr\u00e1ve v najprud\u0161\u00edch \u00fasekoch s <strong>28% sklonom.<\/strong> \u017dia\u013e, Woodsov n\u00e1stup znamenal kone\u010dn\u00fa pre Moscona, d\u00e1vaj\u00faceho svoje maximum. Na vrchole Gramartbodenu ost\u00e1valo jazdcom 5 kilometrov klesania, nasledovan\u00fdch necel\u00fdmi 3 kilometrami rovinat\u00e9ho \u00faseku. Dumoulin, so svojimi \u010dasovk\u00e1rskymi kvalitami stiahol 15 sekundov\u00e9 manko na \u010deln\u00e9 trio pred vstupom do posledn\u00e9ho kilometra. Valverde udr\u017euj\u00fac sa na prvej poz\u00edcii, za\u00fato\u010dil v posledn\u00fdch <strong>300 metroch<\/strong>, nasledovan\u00fd zbytkom skupiny. Jeho n\u00e1stupu u\u017e nedok\u00e1zali ostatn\u00ed jazdci dostato\u010dne odpoveda\u0165. Ako druh\u00fd pre\u0165al cie\u013eov\u00fa p\u00e1sku Bardet pred Woodsom a Dumoulinom.<\/p>\n<p><a href=\"https:\/\/d2p6e6u75xmxt8.cloudfront.net\/4\/2018\/10\/02.jpg\"><img loading=\"lazy\" decoding=\"async\" class=\"alignnone size-full wp-image-5143\" src=\"https:\/\/d2p6e6u75xmxt8.cloudfront.net\/4\/2018\/10\/02.jpg\" alt=\"\" width=\"1200\" height=\"554\" \/><\/a><\/p>\n<p>Valverde neskr\u00fdval <strong>dojatie a siln\u00e9 em\u00f3cie<\/strong>. Niet sa \u010domu \u010dudova\u0165, ke\u010f\u017ee na majstrovstv\u00e1ch sveta sa prezentoval u\u017e od roku 2003, po\u010das \u010doho z\u00edskal 4 bronzov\u00e9 a 2 strieborn\u00e9 medaily. Svoje pocity op\u00edsal jednozna\u010dne:<br \/>\n<em>\u201eJe to neuverite\u013en\u00e9, pre toto som bojoval ve\u013emi dlho. Chcel by som po\u010fakova\u0165 t\u00edmu za ich pr\u00e1cu v m\u00f4j prospech, za \u010do im d\u00e1vam 10 bodov z 10. \u0160print bol skuto\u010dne dlh\u00fd a n\u00e1ro\u010dn\u00fd, ke\u010f\u017ee moji s\u00faperi sa postarali o to, aby som v z\u00e1vere odviedol ve\u013ek\u00e9 mno\u017estvo \u00fasilia. 300 metrov pred koncom som za\u010dal \u0161printova\u0165. Je to hodnota, v ktorej m\u00e1m najlep\u0161\u00ed \u0161print. Nem\u00e1m slov. <strong>Sen sa stal skuto\u010dnos\u0165ou<\/strong>, kone\u010dne som z\u00edskal <strong>zlato<\/strong>.\u201c<\/em><\/p>\n<lite-youtube videoid=toDqX2_KFDc params=\"enablejsapi=1\" style=\"background-image: url('https:\/\/i.ytimg.com\/vi_webp\/toDqX2_KFDc\/maxresdefault.webp');\"><\/lite-youtube>\n<h2><strong>Slov\u00e1ci na MS<\/strong><\/h2>\n<p><a href=\"https:\/\/d2p6e6u75xmxt8.cloudfront.net\/4\/2018\/10\/03.jpg\"><img loading=\"lazy\" decoding=\"async\" class=\"alignnone size-full wp-image-5144\" src=\"https:\/\/d2p6e6u75xmxt8.cloudfront.net\/4\/2018\/10\/03.jpg\" alt=\"\" width=\"1200\" height=\"800\" \/><\/a><\/p>\n<p>Tohtoro\u010dn\u00fd v\u00fdsledok na\u0161ej reprezent\u00e1cie nie je t\u00fdm najlep\u0161\u00edm. Niet sa v\u0161ak \u010domu divi\u0165, ke\u010f\u017ee takto n\u00e1ro\u010dn\u00e1 tra\u0165 dala zabra\u0165 aj najlep\u0161\u00edm jazdcom z kateg\u00f3rie<strong> World Tour<\/strong>. Po\u010das pretekov postupne odstupovali \u010caneck\u00fd, Mah\u010far, Ba\u0161ka, J. Sagan, P. Sagan a nakoniec Haring.<br \/>\nV \u010dasovke mu\u017eov bojoval jedin\u00fd Slov\u00e1k, Marek \u010caneck\u00fd, ktor\u00fd napokon za v\u00ed\u0165azn\u00fdm Dennisom zaostal o 10:50, \u010d\u00edm sa klasifikoval na 52. mieste.<br \/>\nMu\u017ei absolvovali aj \u010dasovku dru\u017estiev. V\u010faka losu z\u00edskal mo\u017enos\u0165 \u0161tartova\u0165 aj t\u00edm Dukla-Bansk\u00e1 Bystrica. O\u010dak\u00e1vania, prirodzene, neboli vysok\u00e9, ke\u010f\u017ee \u010delili zoskupeniam najm\u00e4 z profi-pelot\u00f3nu. Klasifikovan\u00ed boli nakoniec na 21. mieste (+8:10).<\/p>\n<p><strong>Preteky \u017eien<\/strong> boli obdobou mu\u017esk\u00fdch, hlavne \u010do sa t\u00fdka v\u00fdsledku pre slovensk\u00fdch jazdcov. Obe pretek\u00e1rky, Jasekov\u00e1 aj Medve\u010fov\u00e1 ukon\u010dili svoju \u00fa\u010das\u0165 pred\u010dasne po odst\u00fapen\u00ed. V\u00ed\u0165azkou sa stala Van Der Breggenova so skuto\u010dne enormn\u00fdm n\u00e1skokom 3:42 pred Sprattovou.<\/p>\n<p><a href=\"https:\/\/d2p6e6u75xmxt8.cloudfront.net\/4\/2018\/10\/04.jpg\"><img loading=\"lazy\" decoding=\"async\" class=\"alignnone size-full wp-image-5145\" src=\"https:\/\/d2p6e6u75xmxt8.cloudfront.net\/4\/2018\/10\/04.jpg\" alt=\"\" width=\"1200\" height=\"800\" \/><\/a><\/p>\n<p>Aj v individu\u00e1lnej \u010dasovke \u017eien sme mali zast\u00fapenie. Spom\u00ednan\u00e1 Jasekov\u00e1 nesta\u010dila na Van Vleutenovu. Jej strata \u010dinila 6:50, \u010do ju posunulo na 48. miesto.<\/p>\n<p>Hromadn\u00fdch pretekov mu\u017eov do 23 rokov sa z\u00fa\u010dastnil len \u0160to\u010dek, ktor\u00fd taktie\u017e odst\u00fapil medzi prv\u00fdmi pretek\u00e1rmi. V\u00ed\u0165azstvo si odniesol <strong>\u0160vaj\u010diar Hirschi.<\/strong><\/p>\n<p><a href=\"https:\/\/d2p6e6u75xmxt8.cloudfront.net\/4\/2018\/10\/05.jpg\"><img loading=\"lazy\" decoding=\"async\" class=\"alignnone size-full wp-image-5146\" src=\"https:\/\/d2p6e6u75xmxt8.cloudfront.net\/4\/2018\/10\/05.jpg\" alt=\"\" width=\"1200\" height=\"800\" \/><\/a><\/p>\n<p>\u010casovka dopadlo o \u010dosi lep\u0161ie, ke\u010f sa hne\u010f 2 pretek\u00e1ri, \u0160to\u010dek a Babi\u010d, klasifikovali na 53. a 59. mieste so stratou 3:21, respekt\u00edve 3:42.<\/p>\n<p>Mlad\u00e9 n\u00e1deje v rad\u00e1ch juniorov z\u00edskali najlep\u0161ie v\u00fdsledky na tohtoro\u010dn\u00fdch majstrovstv\u00e1ch sveta. V cestn\u00fdch pretekoch obsadil Gajdula 28. miesto s 11:07 min\u00fatami straty a Bug\u00e1r 47. miesto so stratou 16:22.<\/p>\n<p><a href=\"https:\/\/d2p6e6u75xmxt8.cloudfront.net\/4\/2018\/10\/06.jpg\"><img loading=\"lazy\" decoding=\"async\" class=\"alignnone size-full wp-image-5147\" src=\"https:\/\/d2p6e6u75xmxt8.cloudfront.net\/4\/2018\/10\/06.jpg\" alt=\"\" width=\"1200\" height=\"800\" \/><\/a><\/p>\n<p>\u010casovky jednotlivcov sa z\u00fa\u010dastnili obdobne 2 juniori, Folt\u00e1n a Kubi\u0161. T\u00ed sa umiestnili na 56. a 63. mieste. Ich manko na v\u00ed\u0165azn\u00e9ho Evenpoela (ktor\u00fd si odniesol zlat\u00fa medailu tak v \u010dasovke ako aj v cestn\u00fdch pretekoch) bolo 5:47 a 6:59.<\/p>\n<p>Tri juniorky boli \u00fa\u010dastn\u00e9 pretekov s hromadn\u00fdm \u0161tartom, Machalkov\u00e1, Paulechov\u00e1 a Hrtankov\u00e1. Na prv\u00fa, dom\u00e1cu Stiggerov\u00fa, stratili vy\u0161e 6 min\u00fat. Umiestnili sa na 59., 71. a 75. mieste.<\/p>\n<p><a href=\"https:\/\/d2p6e6u75xmxt8.cloudfront.net\/4\/2018\/10\/07.JPG.jpg\"><img loading=\"lazy\" decoding=\"async\" class=\"alignnone size-full wp-image-5149\" src=\"https:\/\/d2p6e6u75xmxt8.cloudfront.net\/4\/2018\/10\/07.JPG.jpg\" alt=\"\" width=\"1200\" height=\"800\" \/><\/a><\/p>\n<p>Rovnak\u00e1 zostava sa postavila aj na \u0161tart individu\u00e1lnej \u010dasovky, na ktorej skon\u010dili na 42. (+2:56) a 44. mieste (+3:05).<\/p>\n<p>\u0160tatisticky boli tieto majstrovstv\u00e1 skuto\u010dnou sk\u00fa\u0161kou fyzick\u00fdch schopnost\u00ed jazdcov. Do cie\u013ea do\u0161lo len 76 jazdcov zo 180 \u0161tartuj\u00facich. Bud\u00facoro\u010dn\u00e9 miesto, Harrogate vo Ve\u013ekej Brit\u00e1nii, by nemalo preriedi\u0165 pole jazdcov do takej miery. Jeho profil bude op\u00e4\u0165 mo\u017enos\u0165ou pre silovej\u0161ie zalo\u017een\u00fdch jazdcov. <strong>Mo\u017eno sa do\u010dk\u00e1me op\u00e4tovn\u00e9ho v\u00ed\u0165azstva pre Slovensko? Uvid\u00edme.<\/strong><\/p>\n<p><a href=\"https:\/\/d2p6e6u75xmxt8.cloudfront.net\/4\/2018\/10\/08.jpg\"><img loading=\"lazy\" decoding=\"async\" class=\"alignnone size-full wp-image-5148\" src=\"https:\/\/d2p6e6u75xmxt8.cloudfront.net\/4\/2018\/10\/08.jpg\" alt=\"\" width=\"1200\" height=\"800\" \/><\/a><\/p>\n<p>(zdroj fotiek: uci.org, procyclingstats.com, innsbruck-tirol2018.com)<\/p>\n","protected":false},"excerpt":{"rendered":"<p>Cyklistick\u00e1 sez\u00f3na, najm\u00e4 t\u00e1 cestn\u00e1, s istotou kon\u010d\u00ed, \u010doho d\u00f4kazom bolo jej vyvrcholenie v podobe majstrovstiev sveta v rak\u00faskom Innsbrucku. [&hellip;]<\/p>\n","protected":false},"author":81,"featured_media":5135,"comment_status":"open","ping_status":"open","sticky":false,"template":"","format":"standard","meta":{"footnotes":""},"categories":[4,34,63],"tags":[255,491,275,115,599,272,281,600,46,37,598,617,355,475],"global-categories":[],"class_list":["post-5131","post","type-post","status-publish","format-standard","has-post-thumbnail","hentry","category-cestna-cyklisitika","category-podujatia","category-grand-tour","tag-255","tag-alejandro-valverde","tag-cesta","tag-cestna-cyklistika","tag-innsbruck","tag-majster-sveta","tag-majstrovstva-sveta","tag-muzi","tag-peter-sagan","tag-podujatia","tag-rakusko","tag-reprezentacia","tag-uci","tag-zeny"],"yoast_head":"<!-- This site is optimized with the Yoast SEO Premium plugin v25.3 (Yoast SEO v25.9) - https:\/\/yoast.com\/wordpress\/plugins\/seo\/ -->\n<title>Star\u00e9 \u017eelezo nehrdzavie \u2013 MS v cestnej cyklistike 2018 Innsbruck - \u0160koda We Love Cycling Slovensko<\/title>\n<meta name=\"robots\" content=\"index, follow, max-snippet:-1, max-image-preview:large, max-video-preview:-1\" \/>\n<link rel=\"canonical\" href=\"https:\/\/www.welovecycling.com\/sk\/2018\/10\/01\/stare-zelezo-nehrdzavie-ms-v-cestnej-cyklistike-2018-innsbruck\/\" \/>\n<meta property=\"og:locale\" content=\"sk_SK\" \/>\n<meta property=\"og:type\" content=\"article\" \/>\n<meta property=\"og:title\" content=\"Star\u00e9 \u017eelezo nehrdzavie \u2013 MS v cestnej cyklistike 2018 Innsbruck\" \/>\n<meta property=\"og:description\" content=\"Cyklistick\u00e1 sez\u00f3na, najm\u00e4 t\u00e1 cestn\u00e1, s istotou kon\u010d\u00ed, \u010doho d\u00f4kazom bolo jej vyvrcholenie v podobe majstrovstiev sveta v rak\u00faskom Innsbrucku. [&hellip;]\" \/>\n<meta property=\"og:url\" content=\"https:\/\/www.welovecycling.com\/sk\/2018\/10\/01\/stare-zelezo-nehrdzavie-ms-v-cestnej-cyklistike-2018-innsbruck\/\" \/>\n<meta property=\"og:site_name\" content=\"\u0160koda We Love Cycling Slovensko\" \/>\n<meta property=\"article:published_time\" content=\"2018-10-01T14:04:09+00:00\" \/>\n<meta property=\"article:modified_time\" content=\"2018-10-09T07:38:16+00:00\" \/>\n<meta property=\"og:image\" content=\"https:\/\/d2p6e6u75xmxt8.cloudfront.net\/4\/2018\/10\/00-1.webp\" \/>\n\t<meta property=\"og:image:width\" content=\"1380\" \/>\n\t<meta property=\"og:image:height\" content=\"600\" \/>\n\t<meta property=\"og:image:type\" content=\"image\/webp\" \/>\n<meta name=\"twitter:card\" content=\"summary_large_image\" \/>\n<meta name=\"twitter:label1\" content=\"Written by\" \/>\n\t<meta name=\"twitter:data1\" content=\"We Love Cycling\" \/>\n\t<meta name=\"twitter:label2\" content=\"Est. reading time\" \/>\n\t<meta name=\"twitter:data2\" content=\"4\" \/>\n<script type=\"application\/ld+json\" class=\"yoast-schema-graph\">{\"@context\":\"https:\/\/schema.org\",\"@graph\":[{\"@type\":\"WebPage\",\"@id\":\"https:\/\/www.welovecycling.com\/sk\/2018\/10\/01\/stare-zelezo-nehrdzavie-ms-v-cestnej-cyklistike-2018-innsbruck\/\",\"url\":\"https:\/\/www.welovecycling.com\/sk\/2018\/10\/01\/stare-zelezo-nehrdzavie-ms-v-cestnej-cyklistike-2018-innsbruck\/\",\"name\":\"Star\u00e9 \u017eelezo nehrdzavie \u2013 MS v cestnej cyklistike 2018 Innsbruck - \u0160koda We Love Cycling Slovensko\",\"isPartOf\":{\"@id\":\"https:\/\/www.welovecycling.com\/sk\/#website\"},\"primaryImageOfPage\":{\"@id\":\"https:\/\/www.welovecycling.com\/sk\/2018\/10\/01\/stare-zelezo-nehrdzavie-ms-v-cestnej-cyklistike-2018-innsbruck\/#primaryimage\"},\"image\":{\"@id\":\"https:\/\/www.welovecycling.com\/sk\/2018\/10\/01\/stare-zelezo-nehrdzavie-ms-v-cestnej-cyklistike-2018-innsbruck\/#primaryimage\"},\"thumbnailUrl\":\"https:\/\/d2p6e6u75xmxt8.cloudfront.net\/4\/2018\/10\/00-1.webp\",\"datePublished\":\"2018-10-01T14:04:09+00:00\",\"dateModified\":\"2018-10-09T07:38:16+00:00\",\"author\":{\"@id\":\"\"},\"breadcrumb\":{\"@id\":\"https:\/\/www.welovecycling.com\/sk\/2018\/10\/01\/stare-zelezo-nehrdzavie-ms-v-cestnej-cyklistike-2018-innsbruck\/#breadcrumb\"},\"inLanguage\":\"sk-SK\",\"potentialAction\":[{\"@type\":\"ReadAction\",\"target\":[\"https:\/\/www.welovecycling.com\/sk\/2018\/10\/01\/stare-zelezo-nehrdzavie-ms-v-cestnej-cyklistike-2018-innsbruck\/\"]}]},{\"@type\":\"ImageObject\",\"inLanguage\":\"sk-SK\",\"@id\":\"https:\/\/www.welovecycling.com\/sk\/2018\/10\/01\/stare-zelezo-nehrdzavie-ms-v-cestnej-cyklistike-2018-innsbruck\/#primaryimage\",\"url\":\"https:\/\/d2p6e6u75xmxt8.cloudfront.net\/4\/2018\/10\/00-1.webp\",\"contentUrl\":\"https:\/\/d2p6e6u75xmxt8.cloudfront.net\/4\/2018\/10\/00-1.webp\",\"width\":1380,\"height\":600},{\"@type\":\"BreadcrumbList\",\"@id\":\"https:\/\/www.welovecycling.com\/sk\/2018\/10\/01\/stare-zelezo-nehrdzavie-ms-v-cestnej-cyklistike-2018-innsbruck\/#breadcrumb\",\"itemListElement\":[{\"@type\":\"ListItem\",\"position\":1,\"name\":\"Home\",\"item\":\"https:\/\/www.welovecycling.com\/sk\/\"},{\"@type\":\"ListItem\",\"position\":2,\"name\":\"Star\u00e9 \u017eelezo nehrdzavie \u2013 MS v cestnej cyklistike 2018 Innsbruck\"}]},{\"@type\":\"WebSite\",\"@id\":\"https:\/\/www.welovecycling.com\/sk\/#website\",\"url\":\"https:\/\/www.welovecycling.com\/sk\/\",\"name\":\"\u0160koda We Love Cycling Slovensko\",\"description\":\"\u0160koda We Love Cycling Slovensko je v\u00e1\u0161 ka\u017edodenn\u00fd zdroj noviniek a in\u0161pir\u00e1cie z sveta cyklistiky\",\"potentialAction\":[{\"@type\":\"SearchAction\",\"target\":{\"@type\":\"EntryPoint\",\"urlTemplate\":\"https:\/\/www.welovecycling.com\/sk\/?s={search_term_string}\"},\"query-input\":{\"@type\":\"PropertyValueSpecification\",\"valueRequired\":true,\"valueName\":\"search_term_string\"}}],\"inLanguage\":\"sk-SK\"},{\"@type\":\"Person\",\"@id\":\"\",\"url\":\"https:\/\/www.welovecycling.com\/sk\/author\/\"}]}<\/script>\n<!-- \/ Yoast SEO Premium plugin. -->","yoast_head_json":{"title":"Star\u00e9 \u017eelezo nehrdzavie \u2013 MS v cestnej cyklistike 2018 Innsbruck - \u0160koda We Love Cycling Slovensko","robots":{"index":"index","follow":"follow","max-snippet":"max-snippet:-1","max-image-preview":"max-image-preview:large","max-video-preview":"max-video-preview:-1"},"canonical":"https:\/\/www.welovecycling.com\/sk\/2018\/10\/01\/stare-zelezo-nehrdzavie-ms-v-cestnej-cyklistike-2018-innsbruck\/","og_locale":"sk_SK","og_type":"article","og_title":"Star\u00e9 \u017eelezo nehrdzavie \u2013 MS v cestnej cyklistike 2018 Innsbruck","og_description":"Cyklistick\u00e1 sez\u00f3na, najm\u00e4 t\u00e1 cestn\u00e1, s istotou kon\u010d\u00ed, \u010doho d\u00f4kazom bolo jej vyvrcholenie v podobe majstrovstiev sveta v rak\u00faskom Innsbrucku. [&hellip;]","og_url":"https:\/\/www.welovecycling.com\/sk\/2018\/10\/01\/stare-zelezo-nehrdzavie-ms-v-cestnej-cyklistike-2018-innsbruck\/","og_site_name":"\u0160koda We Love Cycling Slovensko","article_published_time":"2018-10-01T14:04:09+00:00","article_modified_time":"2018-10-09T07:38:16+00:00","og_image":[{"width":1380,"height":600,"url":"https:\/\/d2p6e6u75xmxt8.cloudfront.net\/4\/2018\/10\/00-1.webp","type":"image\/webp"}],"twitter_card":"summary_large_image","twitter_misc":{"Written by":"We Love Cycling","Est. reading time":"4"},"schema":{"@context":"https:\/\/schema.org","@graph":[{"@type":"WebPage","@id":"https:\/\/www.welovecycling.com\/sk\/2018\/10\/01\/stare-zelezo-nehrdzavie-ms-v-cestnej-cyklistike-2018-innsbruck\/","url":"https:\/\/www.welovecycling.com\/sk\/2018\/10\/01\/stare-zelezo-nehrdzavie-ms-v-cestnej-cyklistike-2018-innsbruck\/","name":"Star\u00e9 \u017eelezo nehrdzavie \u2013 MS v cestnej cyklistike 2018 Innsbruck - \u0160koda We Love Cycling Slovensko","isPartOf":{"@id":"https:\/\/www.welovecycling.com\/sk\/#website"},"primaryImageOfPage":{"@id":"https:\/\/www.welovecycling.com\/sk\/2018\/10\/01\/stare-zelezo-nehrdzavie-ms-v-cestnej-cyklistike-2018-innsbruck\/#primaryimage"},"image":{"@id":"https:\/\/www.welovecycling.com\/sk\/2018\/10\/01\/stare-zelezo-nehrdzavie-ms-v-cestnej-cyklistike-2018-innsbruck\/#primaryimage"},"thumbnailUrl":"https:\/\/d2p6e6u75xmxt8.cloudfront.net\/4\/2018\/10\/00-1.webp","datePublished":"2018-10-01T14:04:09+00:00","dateModified":"2018-10-09T07:38:16+00:00","author":{"@id":""},"breadcrumb":{"@id":"https:\/\/www.welovecycling.com\/sk\/2018\/10\/01\/stare-zelezo-nehrdzavie-ms-v-cestnej-cyklistike-2018-innsbruck\/#breadcrumb"},"inLanguage":"sk-SK","potentialAction":[{"@type":"ReadAction","target":["https:\/\/www.welovecycling.com\/sk\/2018\/10\/01\/stare-zelezo-nehrdzavie-ms-v-cestnej-cyklistike-2018-innsbruck\/"]}]},{"@type":"ImageObject","inLanguage":"sk-SK","@id":"https:\/\/www.welovecycling.com\/sk\/2018\/10\/01\/stare-zelezo-nehrdzavie-ms-v-cestnej-cyklistike-2018-innsbruck\/#primaryimage","url":"https:\/\/d2p6e6u75xmxt8.cloudfront.net\/4\/2018\/10\/00-1.webp","contentUrl":"https:\/\/d2p6e6u75xmxt8.cloudfront.net\/4\/2018\/10\/00-1.webp","width":1380,"height":600},{"@type":"BreadcrumbList","@id":"https:\/\/www.welovecycling.com\/sk\/2018\/10\/01\/stare-zelezo-nehrdzavie-ms-v-cestnej-cyklistike-2018-innsbruck\/#breadcrumb","itemListElement":[{"@type":"ListItem","position":1,"name":"Home","item":"https:\/\/www.welovecycling.com\/sk\/"},{"@type":"ListItem","position":2,"name":"Star\u00e9 \u017eelezo nehrdzavie \u2013 MS v cestnej cyklistike 2018 Innsbruck"}]},{"@type":"WebSite","@id":"https:\/\/www.welovecycling.com\/sk\/#website","url":"https:\/\/www.welovecycling.com\/sk\/","name":"\u0160koda We Love Cycling Slovensko","description":"\u0160koda We Love Cycling Slovensko je v\u00e1\u0161 ka\u017edodenn\u00fd zdroj noviniek a in\u0161pir\u00e1cie z sveta cyklistiky","potentialAction":[{"@type":"SearchAction","target":{"@type":"EntryPoint","urlTemplate":"https:\/\/www.welovecycling.com\/sk\/?s={search_term_string}"},"query-input":{"@type":"PropertyValueSpecification","valueRequired":true,"valueName":"search_term_string"}}],"inLanguage":"sk-SK"},{"@type":"Person","@id":"","url":"https:\/\/www.welovecycling.com\/sk\/author\/"}]}},"_links":{"self":[{"href":"https:\/\/www.welovecycling.com\/sk\/wp-json\/wp\/v2\/posts\/5131","targetHints":{"allow":["GET"]}}],"collection":[{"href":"https:\/\/www.welovecycling.com\/sk\/wp-json\/wp\/v2\/posts"}],"about":[{"href":"https:\/\/www.welovecycling.com\/sk\/wp-json\/wp\/v2\/types\/post"}],"author":[{"embeddable":true,"href":"https:\/\/www.welovecycling.com\/sk\/wp-json\/wp\/v2\/users\/81"}],"replies":[{"embeddable":true,"href":"https:\/\/www.welovecycling.com\/sk\/wp-json\/wp\/v2\/comments?post=5131"}],"version-history":[{"count":2,"href":"https:\/\/www.welovecycling.com\/sk\/wp-json\/wp\/v2\/posts\/5131\/revisions"}],"predecessor-version":[{"id":5195,"href":"https:\/\/www.welovecycling.com\/sk\/wp-json\/wp\/v2\/posts\/5131\/revisions\/5195"}],"wp:featuredmedia":[{"embeddable":true,"href":"https:\/\/www.welovecycling.com\/sk\/wp-json\/wp\/v2\/media\/5135"}],"wp:attachment":[{"href":"https:\/\/www.welovecycling.com\/sk\/wp-json\/wp\/v2\/media?parent=5131"}],"wp:term":[{"taxonomy":"category","embeddable":true,"href":"https:\/\/www.welovecycling.com\/sk\/wp-json\/wp\/v2\/categories?post=5131"},{"taxonomy":"post_tag","embeddable":true,"href":"https:\/\/www.welovecycling.com\/sk\/wp-json\/wp\/v2\/tags?post=5131"},{"taxonomy":"global-categories","embeddable":true,"href":"https:\/\/www.welovecycling.com\/sk\/wp-json\/wp\/v2\/global-categories?post=5131"}],"curies":[{"name":"wp","href":"https:\/\/api.w.org\/{rel}","templated":true}]}}