{"id":5081,"date":"2018-09-18T10:03:57","date_gmt":"2018-09-18T08:03:57","guid":{"rendered":"https:\/\/www.welovecycling.com\/sk\/?p=5081"},"modified":"2019-01-09T14:44:18","modified_gmt":"2019-01-09T13:44:18","slug":"burlivy-zaver-la-vuelty","status":"publish","type":"post","link":"https:\/\/www.welovecycling.com\/sk\/2018\/09\/18\/burlivy-zaver-la-vuelty\/","title":{"rendered":"B\u00farliv\u00fd z\u00e1ver La Vuelty"},"content":{"rendered":"<p><strong>S\u00a0koncom Vuelty prich\u00e1dza aj neofici\u00e1lny koniec sez\u00f3ny. Samozrejme, pred sebou m\u00e1me e\u0161te majstrovstv\u00e1 sveta, ale to najpodstatnej\u0161ie zo sez\u00f3ny sa u\u017e udialo. Pr\u00e1ve Vuelta dok\u00e1zala vo svojom z\u00e1vere prinies\u0165 nezabudnute\u013en\u00e9 momenty &#8211; \u010di u\u017e spojen\u00e9 s\u00a0grandi\u00f3znymi v\u00fdkonmi alebo, pre n\u00e1s smrte\u013en\u00edkov, s nepredstavite\u013en\u00fdmi profilmi et\u00e1p. V\u00ed\u0165az je napokon v\u017edy len jeden.<\/strong><!--more--><\/p>\n<h2><strong>16. etapa Santillana del Mar &gt; Torrelavega (32 km, individu\u00e1lna \u010dasovka)<\/strong><\/h2>\n<p>Druh\u00e1 individu\u00e1lna \u010dasovka v\u00a0porad\u00ed, \u010dakala v\u00a0\u00favode tretieho celku u\u017e \u201erozbehnut\u00fdch\u201c jazdcov. Najv\u00e4\u010d\u0161\u00ed favorit, <strong>Dennis (BMC)<\/strong>, \u0161tartuj\u00faci o\u00a0hodn\u00fd kus sk\u00f4r ne\u017e l\u00eddri celkovej klasifik\u00e1cie, stanovil najr\u00fdchlej\u0161\u00ed \u010das na hodnotu 37:57. Ani Poliak Kwiatkowski (Sky) nedok\u00e1zal po 2 t\u00fd\u017ed\u0148och pretekania udr\u017ea\u0165 krok s\u00a0Austr\u00e1l\u010danom. Jeho \u010das, rovnako ako \u010das ostatn\u00fdch jazdcov, zaost\u00e1val o\u00a0minim\u00e1lne 50 sek\u00fand. S. Yates (Mitchelton-SCOTT) stratil vy\u0161e 1:20, \u010do ale nemalo ve\u013ek\u00fd vplyv na celkov\u00fa klasifik\u00e1ciu.<\/p>\n<p><iframe loading=\"lazy\" src=\"https:\/\/www.youtube-nocookie.com\/embed\/lJn_Ak1LGD0\" width=\"560\" height=\"315\" frameborder=\"0\" allowfullscreen=\"allowfullscreen\"><\/iframe><\/p>\n<h2><strong>17. etapa Getxo &gt; Balc\u00f3n de Bizkaia (157 km, kopcovit\u00e1)<\/strong><\/h2>\n<p>Men\u0161ou predzves\u0165ou pred horsk\u00fdm fin\u00e1le mala by\u0165 17. etapa, obsahuj\u00faca nieko\u013eko st\u00fapan\u00ed ni\u017e\u0161\u00edch kateg\u00f3rii, ale s\u00a0cie\u013eov\u00fdm, <strong>1. kateg\u00f3riou hodnoten\u00fdm kopcom<\/strong>. Po\u010detn\u00e1 skupina sa po \u0161tarte odp\u00fatala od pelot\u00f3nu s\u00a0re\u00e1lnou mo\u017enos\u0165ou dosta\u0165 sa do cie\u013ea ako prv\u00e1. De Gendt (Lotto Soudal) svoj\u00edm \u00fasil\u00edm z\u00edskal dostatok bodov, aby posko\u010dil vo vrch\u00e1rskej klasifik\u00e1cii na ved\u00facu prie\u010dku. V\u00a0poslednom st\u00fapan\u00ed e\u0161te st\u00e1le viedla skupina uniknuv\u0161\u00edch jazdcov. Bol to <strong>Woods<\/strong> (EF Education First\u2013Drapac p\/b Cannondale), ktor\u00fd priviedol celodenn\u00e9 \u00fasilie do \u00faspe\u0161n\u00e9ho konca. Valverde (Movistar) sa s\u00edce pok\u00fa\u0161al o\u00a0zn\u00ed\u017eenie manka na S. Yatesa (Mitchelton-SCOTT), ale neuspel.<\/p>\n<p><iframe loading=\"lazy\" src=\"https:\/\/www.youtube-nocookie.com\/embed\/R7DENJFVDVA\" width=\"560\" height=\"315\" frameborder=\"0\" allowfullscreen=\"allowfullscreen\"><\/iframe><\/p>\n<h2><strong>18. etapa Ejea de los Caballeros &gt; Lleida (186,1 km, rovinat\u00e1)<\/strong><\/h2>\n<p>Posledn\u00e1 rovinat\u00e1 etapa (s v\u00fdnimkou 21.) bola napl\u00e1novan\u00e1 ako 18. v\u00a0porad\u00ed. Pr\u00edjemn\u00e9 po\u010dasie na severe \u0160panielska prialo pretek\u00e1rom po\u010das cel\u00e9ho d\u0148a. 3-\u010dlenn\u00fd \u00fanik nep\u00f4sobil ohrozuj\u00faco na l\u00eddrov klasifik\u00e1cie, a\u00a0tak sa na \u010dele pelot\u00f3nu striedali jazdci \u0161print\u00e9rskych t\u00edmov. N\u00e1skok skupinky ost\u00e1val na hodnote 2 min\u00fat, \u010do bolo ide\u00e1lne pre st\u00edhaj\u00faci pelot\u00f3n. S\u00a0ub\u00fadaj\u00facimi kilometrami sa v\u0161ak jeho hodnota pr\u00edli\u0161 nezmen\u0161ovala. Ani maxim\u00e1lne \u00fasilie u\u017e nezastavilo <strong>Wallaysa (Lotto Soudal) pred jeho \u017eivotn\u00fdm \u00faspechom<\/strong>. Sagan (BORA-hansgrohe), sna\u017eiaci sa v\u00a0\u0161printe u\u017e z\u00a0m\u00e9ty 300 metrov dobehn\u00fa\u0165 dvojicu z\u00a0\u00faniku, neuspel.<\/p>\n<p><a href=\"https:\/\/d2p6e6u75xmxt8.cloudfront.net\/4\/2018\/09\/01-4.jpg\"><img loading=\"lazy\" decoding=\"async\" class=\"alignnone size-full wp-image-5085\" src=\"https:\/\/d2p6e6u75xmxt8.cloudfront.net\/4\/2018\/09\/01-4.jpg\" alt=\"\" width=\"1200\" height=\"800\" \/><\/a><\/p>\n<h2><strong>19. etapa Lleida &gt; Andorra, Naturlandia (154,4 km, rovinat\u00e1)<\/strong><\/h2>\n<p>Organiz\u00e1tori ozna\u010dili t\u00fato etapu ako rovinat\u00fa (minim\u00e1lne na svojich ofici\u00e1lnych str\u00e1nkach), \u010do ani z\u010faleka nepripom\u00ednala. Jemne st\u00fapaj\u00faci profil sa 20 kilometrov zdvihol a\u017e na \u00farove\u0148 14 %, v\u00a0priemere okolo 7 %. Po\u010das \u00favodnej polovice trate prial jazdcom vietor van\u00faci do ich chrbtov, v\u010faka \u010domu sa priemern\u00e1 r\u00fdchlos\u0165 pribli\u017eovala 46 km\/h. Aj napriek nie v\u00fdslovne prajn\u00e9mu miestu, sa 35 kilometrov pred koncom, pok\u00fasil Movistar roztrha\u0165 pelot\u00f3n na men\u0161ie \u010dasti. Jeho pokus bol v\u0161ak ne\u00faspe\u0161n\u00fd. Taktick\u00fd boj prebiehal u\u017e v\u00a0\u00favode fin\u00e1lneho st\u00fapania, kedy sa od l\u00eddrov odp\u00fatal Quintana (Movistar) s\u00a0Kruijswijkom a\u00a0Bennetom (Lotto Soudal). Ich snahy nevy\u0161li, ke\u010f mu\u017e v\u00a0\u010dervenom, S. Yates (Mitchelton-SCOTT), uk\u00e1zal svoje kvality a\u00a0spolu s\u00a0<strong>Pinotom (FDJ)<\/strong> u\u0161li svojim prenasledovate\u013eom. Druh\u00fd z\u00a0menovan\u00fdch si u\u017e nenechal ujs\u0165 <strong>2. v\u00ed\u0165azstvo na Vuelte<\/strong>.<\/p>\n<p><a href=\"https:\/\/d2p6e6u75xmxt8.cloudfront.net\/4\/2018\/09\/02-5.jpg\"><img loading=\"lazy\" decoding=\"async\" class=\"alignnone size-full wp-image-5086\" src=\"https:\/\/d2p6e6u75xmxt8.cloudfront.net\/4\/2018\/09\/02-5.jpg\" alt=\"\" width=\"1200\" height=\"800\" \/><\/a><\/p>\n<h2><strong>20. etapa Andorra, Escaldes-Engordany &gt; Col de la Gallina. Santuario de Canolich (97,3 km, horsk\u00e1)<\/strong><\/h2>\n<p>Necel\u00fdch 100 kilometrov d\u013a\u017eky mo\u017eno p\u00f4sobilo a\u017e f\u00e1dne, ale vy\u0161e <strong>5 000 nast\u00fapan\u00fdch metrov<\/strong> z\u00a0nich urobilo hotov\u00e9 peklo. Jazdcom to zrejme neprek\u00e1\u017ealo, ke\u010f\u017ee v\u00fdvoj etapy pozost\u00e1val z\u00a0ve\u013ek\u00e9ho po\u010dtu n\u00e1stupov pretek\u00e1rov v\u00a0celkovom porad\u00ed. Lopeza (Astana) nasledoval Quintana (Movistar), nesk\u00f4r aj samotn\u00fd S. Yates (Mitchelton-SCOTT), s\u00a0ktor\u00fdm sa zviezol aj Mas (Quick-Step Floors). Pred posledn\u00fdm st\u00fapan\u00edm ch\u00fdbal na \u010dele v\u00a0tej dobe 2. v\u00a0celkovom porad\u00ed, Valverde (Movistar). O\u00a0v\u00ed\u0165azstve v\u00a0etape sa rozhodovalo a\u017e v\u00a0posledn\u00fdch metroch. Dom\u00e1ci <strong>Mas (Quick-Step Floors) pre\u0161printoval Lopeza (Astana)<\/strong>. Valverde (Movistar) sa prepadol a\u017e na 5. miesto.<\/p>\n<p><iframe loading=\"lazy\" src=\"https:\/\/www.youtube-nocookie.com\/embed\/jdxS104evYw\" width=\"560\" height=\"315\" frameborder=\"0\" allowfullscreen=\"allowfullscreen\"><\/iframe><\/p>\n<h2><strong>21. etapa Alcorc\u00f3n &gt; Madrid (112,3 km, rovinat\u00e1)<\/strong><\/h2>\n<p>Ako u\u017e tradi\u010dne, posledn\u00e1 etapa ka\u017edej Grand Tour je sk\u00f4r promen\u00e1dou, ne\u017e bojiskom. V\u00a0\u00favodn\u00fdch kilometroch sa na \u010dele prezentovali jazdci nosiaci cenn\u00e9 dresy. Pri n\u00e1jazde do 10 k\u00f4l v\u00a0Madride sa l\u00fa\u010dil s\u00a0kari\u00e9rou veter\u00e1n, Igor Anton (Dimension Data). O\u00a0vavr\u00edn z\u00a0poslednej etapy zabojovali 3 jazdci v\u00a0\u00faniku, 30 kilometrov pred koncom. Ich snaha padla navnivo\u010d, ke\u010f \u0161print\u00e9rske t\u00edmy stiahli ich nepatrn\u00fd n\u00e1skok v\u00a0posledn\u00fdch kol\u00e1ch. Vo f\u00e9rovom z\u00e1vere mal najviac s\u00edl <strong>Viviani (Quick-Step Floors)<\/strong>, fini\u0161uj\u00faci pred Saganom (BORA-hansgrohe) a\u00a0Nizzolom (Trek-Segafredo).<\/p>\n<p><a href=\"https:\/\/d2p6e6u75xmxt8.cloudfront.net\/4\/2018\/09\/03-3.jpg\"><img loading=\"lazy\" decoding=\"async\" class=\"alignnone size-full wp-image-5087\" src=\"https:\/\/d2p6e6u75xmxt8.cloudfront.net\/4\/2018\/09\/03-3.jpg\" alt=\"\" width=\"1200\" height=\"800\" \/><\/a><\/p>\n<h2><strong>Sum\u00e1r Vuelty 2018<\/strong><\/h2>\n<h3><strong>\u010cerven\u00fd dres<\/strong><\/h3>\n<p>Boj o\u00a0\u010derven\u00fd dres bol naozaj pestr\u00fd. V\u00a0\u0148om sa vystriedalo nieko\u013eko jazdcov. Ako prv\u00fd mal t\u00fa \u010des\u0165 \u010dasovk\u00e1r <strong>Dennis (BMC)<\/strong>, a to v\u010faka v\u00ed\u0165azstvu v\u00a0prol\u00f3gu. Hne\u010f v\u00a0nasleduj\u00facej etape prebral \u201e\u0161tafetu\u201c <strong>Kwiatkowski (Sky)<\/strong>, ktor\u00fd skon\u010dil v\u00a0prol\u00f3gu len p\u00e1r sek\u00fand za Dennisom. Prekvapen\u00edm bol tret\u00ed dr\u017eite\u013e, <strong>Molard (FDJ)<\/strong>, ktor\u00e9mu sa ho podarilo ukoristi\u0165 z\u00a0\u00faniku v\u00a05. etape. Jeho panovanie preru\u0161il v\u00a0kopcovitej etape celkov\u00fd v\u00ed\u0165az, <strong>S. Yates (Mitchelton-SCOTT)<\/strong>. 12. etapa bola obdobou 5. \u00daspe\u0161n\u00fd \u00fanik si priniesol n\u00e1skok vy\u0161e 11 min\u00fat na hlavn\u00fdch adeptov na zisk \u010derven\u00e9ho dresu. Bol to <strong>Herrada (Cofidis)<\/strong>, ktor\u00fd z\u00edskal dres a\u00a0vy\u0161e tri min\u00faty k\u00a0dobru pred S. Yatesom. Na konci druh\u00e9ho celku, po\u010das horsk\u00fdch et\u00e1p, sa u\u017e \u0160panielovi nepodarilo udr\u017ea\u0165 pred doliehaj\u00facimi l\u00eddrami a\u00a0v\u00a014. etape padol za obe\u0165 pr\u00e1ve Angli\u010danovi, ktor\u00fd si ho priviezol a\u017e do Madridu.<\/p>\n<p><a href=\"https:\/\/d2p6e6u75xmxt8.cloudfront.net\/4\/2018\/09\/04-3.jpg\"><img loading=\"lazy\" decoding=\"async\" class=\"alignnone size-full wp-image-5088\" src=\"https:\/\/d2p6e6u75xmxt8.cloudfront.net\/4\/2018\/09\/04-3.jpg\" alt=\"\" width=\"1200\" height=\"800\" \/><\/a><\/p>\n<h3><strong>Sagan<\/strong><\/h3>\n<p>Po \u0165a\u017ekom p\u00e1de na Tour de France, pri\u0161iel Sagan na Vueltu <strong>v\u00a0e\u0161te nedolie\u010denom stave<\/strong>. Ako s\u00e1m uv\u00e1dzal po\u010das pretekov, jeho stav sa s\u00edce zlep\u0161oval ka\u017ed\u00fdm d\u0148om, no nec\u00edtil sa vo svojom tele. <strong>3. miesto v\u00a03. etape<\/strong> bolo toho d\u00f4kazom. \u0160n\u00faru <strong>druh\u00fdch miest sa mu podarilo z\u00edska\u0165 v\u00a07., 8. a\u00a010. etape<\/strong>. V\u00a0prvej fini\u0161ovala skupinka, v\u00a0ktorej sa nach\u00e1dzal za osamoten\u00fdm Gallopinom (AG2R). N\u00e1sledne v\u00a0dojazde v\u00a0kr\u00e1tkom st\u00fapan\u00ed nesta\u010dil na dom\u00e1ceho Valverdeho (Movistar), ktor\u00e9ho kvality s\u00fa zn\u00e1me zo z\u00e1verov klasiky Val\u00f3nsky \u0161\u00edp, na kopci Mur de Huy. 18. etapa znamenala op\u00e4tovn\u00e9 3. miesto pre Slov\u00e1ka, ktor\u00e9mu ch\u00fdbalo k\u00a0v\u00ed\u0165azstvu naozaj m\u00e1lo. Za dvojicou z\u00a0\u00faniku zaostal o\u00a0desatiny sekundy. Napokon sa v\u00a0uliciach Madridu, po\u010das 21. etapy vo v\u00fdslovne \u0161print\u00e9rskom s\u00faboji, nepresadil jedine cez Vivianiho (Quick-Step Floors). V\u00a0hodnoten\u00ed o\u00a0zelen\u00fd dres nesta\u010dil len na Valverdeho (Movistar), ktor\u00fd nazbieral o\u00a012 bodov viac, teda 131.<\/p>\n<p><a href=\"https:\/\/d2p6e6u75xmxt8.cloudfront.net\/4\/2018\/09\/05-2.jpg\"><img loading=\"lazy\" decoding=\"async\" class=\"alignnone size-full wp-image-5089\" src=\"https:\/\/d2p6e6u75xmxt8.cloudfront.net\/4\/2018\/09\/05-2.jpg\" alt=\"\" width=\"1200\" height=\"800\" \/><\/a><\/p>\n<p>T\u00fdmto sme ukon\u010dili u\u017e 73. ro\u010dn\u00edk La Vuelty a\u00a0s\u00fa\u010dasne aj kalend\u00e1r Grand Tours pre tento rok. Zima s\u00edce bude dlh\u00e1, ale aj div\u00e1ci potrebuj\u00fa zregenerova\u0165 po celom roku sledovania s\u00fa\u0165a\u017e\u00ed. U\u017e v\u00a0marci sa m\u00f4\u017eeme te\u0161i\u0165 na prv\u00e9, s\u00edce jarn\u00e9, ale st\u00e1le chladn\u00e9 klasiky. Nech n\u00e1s e\u0161te do t\u00fdch dn\u00ed hrej\u00fa spomienky na, i\u00a0ke\u010f divok\u00fa, ale s\u00fa\u010dasne podmaniv\u00fa La Vueltu.<\/p>\n<p>(zdroje fotiek: Twitter\/LottoJumbo, lavuetla.es, Twitter\/BORA-hansgrohe, Twitter.com\/MitcheltonSCOTT)<\/p>\n","protected":false},"excerpt":{"rendered":"<p>S\u00a0koncom Vuelty prich\u00e1dza aj neofici\u00e1lny koniec sez\u00f3ny. Samozrejme, pred sebou m\u00e1me e\u0161te majstrovstv\u00e1 sveta, ale to najpodstatnej\u0161ie zo sez\u00f3ny sa [&hellip;]<\/p>\n","protected":false},"author":38,"featured_media":5090,"comment_status":"open","ping_status":"open","sticky":false,"template":"","format":"standard","meta":{"footnotes":""},"categories":[4,217],"tags":[491,160,275,115,487,616,116,46,179,152,251,270,219],"global-categories":[],"class_list":["post-5081","post","type-post","status-publish","format-standard","has-post-thumbnail","hentry","category-cestna-cyklisitika","category-vuelta-a-espana","tag-alejandro-valverde","tag-bora-hansgrohe","tag-cesta","tag-cestna-cyklistika","tag-cestny-bicykel","tag-kwiatkowski","tag-nairo-quintana","tag-peter-sagan","tag-preteky","tag-simon-yates","tag-spanielsko","tag-team-sky","tag-vuelta-a-espana"],"yoast_head":"<!-- This site is optimized with the Yoast SEO Premium plugin v25.3 (Yoast SEO v25.9) - https:\/\/yoast.com\/wordpress\/plugins\/seo\/ -->\n<title>B\u00farliv\u00fd z\u00e1ver La Vuelty - \u0160koda We Love Cycling Slovensko<\/title>\n<meta name=\"robots\" content=\"index, follow, max-snippet:-1, max-image-preview:large, max-video-preview:-1\" \/>\n<link rel=\"canonical\" href=\"https:\/\/www.welovecycling.com\/sk\/2018\/09\/18\/burlivy-zaver-la-vuelty\/\" \/>\n<meta property=\"og:locale\" content=\"sk_SK\" \/>\n<meta property=\"og:type\" content=\"article\" \/>\n<meta property=\"og:title\" content=\"B\u00farliv\u00fd z\u00e1ver La Vuelty\" \/>\n<meta property=\"og:description\" content=\"S\u00a0koncom Vuelty prich\u00e1dza aj neofici\u00e1lny koniec sez\u00f3ny. Samozrejme, pred sebou m\u00e1me e\u0161te majstrovstv\u00e1 sveta, ale to najpodstatnej\u0161ie zo sez\u00f3ny sa [&hellip;]\" \/>\n<meta property=\"og:url\" content=\"https:\/\/www.welovecycling.com\/sk\/2018\/09\/18\/burlivy-zaver-la-vuelty\/\" \/>\n<meta property=\"og:site_name\" content=\"\u0160koda We Love Cycling Slovensko\" \/>\n<meta property=\"article:published_time\" content=\"2018-09-18T08:03:57+00:00\" \/>\n<meta property=\"article:modified_time\" content=\"2019-01-09T13:44:18+00:00\" \/>\n<meta property=\"og:image\" content=\"https:\/\/d2p6e6u75xmxt8.cloudfront.net\/4\/2018\/09\/00-4.webp\" \/>\n\t<meta property=\"og:image:width\" content=\"1380\" \/>\n\t<meta property=\"og:image:height\" content=\"600\" \/>\n\t<meta property=\"og:image:type\" content=\"image\/webp\" \/>\n<meta name=\"author\" content=\"Ondrej Ga\u0161par\" \/>\n<meta name=\"twitter:card\" content=\"summary_large_image\" \/>\n<meta name=\"twitter:label1\" content=\"Written by\" \/>\n\t<meta name=\"twitter:data1\" content=\"We Love Cycling\" \/>\n\t<meta name=\"twitter:label2\" content=\"Est. reading time\" \/>\n\t<meta name=\"twitter:data2\" content=\"5\" \/>\n<script type=\"application\/ld+json\" class=\"yoast-schema-graph\">{\"@context\":\"https:\/\/schema.org\",\"@graph\":[{\"@type\":\"WebPage\",\"@id\":\"https:\/\/www.welovecycling.com\/sk\/2018\/09\/18\/burlivy-zaver-la-vuelty\/\",\"url\":\"https:\/\/www.welovecycling.com\/sk\/2018\/09\/18\/burlivy-zaver-la-vuelty\/\",\"name\":\"B\u00farliv\u00fd z\u00e1ver La Vuelty - \u0160koda We Love Cycling Slovensko\",\"isPartOf\":{\"@id\":\"https:\/\/www.welovecycling.com\/sk\/#website\"},\"primaryImageOfPage\":{\"@id\":\"https:\/\/www.welovecycling.com\/sk\/2018\/09\/18\/burlivy-zaver-la-vuelty\/#primaryimage\"},\"image\":{\"@id\":\"https:\/\/www.welovecycling.com\/sk\/2018\/09\/18\/burlivy-zaver-la-vuelty\/#primaryimage\"},\"thumbnailUrl\":\"https:\/\/d2p6e6u75xmxt8.cloudfront.net\/4\/2018\/09\/00-4.webp\",\"datePublished\":\"2018-09-18T08:03:57+00:00\",\"dateModified\":\"2019-01-09T13:44:18+00:00\",\"author\":{\"@id\":\"https:\/\/www.welovecycling.com\/sk\/#\/schema\/person\/8ee09ba39b7e25b1870160aa5b3a89bc\"},\"breadcrumb\":{\"@id\":\"https:\/\/www.welovecycling.com\/sk\/2018\/09\/18\/burlivy-zaver-la-vuelty\/#breadcrumb\"},\"inLanguage\":\"sk-SK\",\"potentialAction\":[{\"@type\":\"ReadAction\",\"target\":[\"https:\/\/www.welovecycling.com\/sk\/2018\/09\/18\/burlivy-zaver-la-vuelty\/\"]}]},{\"@type\":\"ImageObject\",\"inLanguage\":\"sk-SK\",\"@id\":\"https:\/\/www.welovecycling.com\/sk\/2018\/09\/18\/burlivy-zaver-la-vuelty\/#primaryimage\",\"url\":\"https:\/\/d2p6e6u75xmxt8.cloudfront.net\/4\/2018\/09\/00-4.webp\",\"contentUrl\":\"https:\/\/d2p6e6u75xmxt8.cloudfront.net\/4\/2018\/09\/00-4.webp\",\"width\":1380,\"height\":600},{\"@type\":\"BreadcrumbList\",\"@id\":\"https:\/\/www.welovecycling.com\/sk\/2018\/09\/18\/burlivy-zaver-la-vuelty\/#breadcrumb\",\"itemListElement\":[{\"@type\":\"ListItem\",\"position\":1,\"name\":\"Home\",\"item\":\"https:\/\/www.welovecycling.com\/sk\/\"},{\"@type\":\"ListItem\",\"position\":2,\"name\":\"B\u00farliv\u00fd z\u00e1ver La Vuelty\"}]},{\"@type\":\"WebSite\",\"@id\":\"https:\/\/www.welovecycling.com\/sk\/#website\",\"url\":\"https:\/\/www.welovecycling.com\/sk\/\",\"name\":\"\u0160koda We Love Cycling Slovensko\",\"description\":\"\u0160koda We Love Cycling Slovensko je v\u00e1\u0161 ka\u017edodenn\u00fd zdroj noviniek a in\u0161pir\u00e1cie z sveta cyklistiky\",\"potentialAction\":[{\"@type\":\"SearchAction\",\"target\":{\"@type\":\"EntryPoint\",\"urlTemplate\":\"https:\/\/www.welovecycling.com\/sk\/?s={search_term_string}\"},\"query-input\":{\"@type\":\"PropertyValueSpecification\",\"valueRequired\":true,\"valueName\":\"search_term_string\"}}],\"inLanguage\":\"sk-SK\"},{\"@type\":\"Person\",\"@id\":\"https:\/\/www.welovecycling.com\/sk\/#\/schema\/person\/8ee09ba39b7e25b1870160aa5b3a89bc\",\"name\":\"Ondrej Ga\u0161par\",\"image\":{\"@type\":\"ImageObject\",\"inLanguage\":\"sk-SK\",\"@id\":\"https:\/\/www.welovecycling.com\/sk\/#\/schema\/person\/image\/\",\"url\":\"https:\/\/secure.gravatar.com\/avatar\/6126c9afb87b70da5abbb083ddbb21933da15f18f8ca7cb822aba0fb096a48f6?s=96&d=mm&r=g\",\"contentUrl\":\"https:\/\/secure.gravatar.com\/avatar\/6126c9afb87b70da5abbb083ddbb21933da15f18f8ca7cb822aba0fb096a48f6?s=96&d=mm&r=g\",\"caption\":\"Ondrej Ga\u0161par\"},\"url\":\"https:\/\/www.welovecycling.com\/sk\/author\/ondrejgaspar\/\"}]}<\/script>\n<!-- \/ Yoast SEO Premium plugin. -->","yoast_head_json":{"title":"B\u00farliv\u00fd z\u00e1ver La Vuelty - \u0160koda We Love Cycling Slovensko","robots":{"index":"index","follow":"follow","max-snippet":"max-snippet:-1","max-image-preview":"max-image-preview:large","max-video-preview":"max-video-preview:-1"},"canonical":"https:\/\/www.welovecycling.com\/sk\/2018\/09\/18\/burlivy-zaver-la-vuelty\/","og_locale":"sk_SK","og_type":"article","og_title":"B\u00farliv\u00fd z\u00e1ver La Vuelty","og_description":"S\u00a0koncom Vuelty prich\u00e1dza aj neofici\u00e1lny koniec sez\u00f3ny. Samozrejme, pred sebou m\u00e1me e\u0161te majstrovstv\u00e1 sveta, ale to najpodstatnej\u0161ie zo sez\u00f3ny sa [&hellip;]","og_url":"https:\/\/www.welovecycling.com\/sk\/2018\/09\/18\/burlivy-zaver-la-vuelty\/","og_site_name":"\u0160koda We Love Cycling Slovensko","article_published_time":"2018-09-18T08:03:57+00:00","article_modified_time":"2019-01-09T13:44:18+00:00","og_image":[{"width":1380,"height":600,"url":"https:\/\/d2p6e6u75xmxt8.cloudfront.net\/4\/2018\/09\/00-4.webp","type":"image\/webp"}],"author":"Ondrej Ga\u0161par","twitter_card":"summary_large_image","twitter_misc":{"Written by":"We Love Cycling","Est. reading time":"5"},"schema":{"@context":"https:\/\/schema.org","@graph":[{"@type":"WebPage","@id":"https:\/\/www.welovecycling.com\/sk\/2018\/09\/18\/burlivy-zaver-la-vuelty\/","url":"https:\/\/www.welovecycling.com\/sk\/2018\/09\/18\/burlivy-zaver-la-vuelty\/","name":"B\u00farliv\u00fd z\u00e1ver La Vuelty - \u0160koda We Love Cycling Slovensko","isPartOf":{"@id":"https:\/\/www.welovecycling.com\/sk\/#website"},"primaryImageOfPage":{"@id":"https:\/\/www.welovecycling.com\/sk\/2018\/09\/18\/burlivy-zaver-la-vuelty\/#primaryimage"},"image":{"@id":"https:\/\/www.welovecycling.com\/sk\/2018\/09\/18\/burlivy-zaver-la-vuelty\/#primaryimage"},"thumbnailUrl":"https:\/\/d2p6e6u75xmxt8.cloudfront.net\/4\/2018\/09\/00-4.webp","datePublished":"2018-09-18T08:03:57+00:00","dateModified":"2019-01-09T13:44:18+00:00","author":{"@id":"https:\/\/www.welovecycling.com\/sk\/#\/schema\/person\/8ee09ba39b7e25b1870160aa5b3a89bc"},"breadcrumb":{"@id":"https:\/\/www.welovecycling.com\/sk\/2018\/09\/18\/burlivy-zaver-la-vuelty\/#breadcrumb"},"inLanguage":"sk-SK","potentialAction":[{"@type":"ReadAction","target":["https:\/\/www.welovecycling.com\/sk\/2018\/09\/18\/burlivy-zaver-la-vuelty\/"]}]},{"@type":"ImageObject","inLanguage":"sk-SK","@id":"https:\/\/www.welovecycling.com\/sk\/2018\/09\/18\/burlivy-zaver-la-vuelty\/#primaryimage","url":"https:\/\/d2p6e6u75xmxt8.cloudfront.net\/4\/2018\/09\/00-4.webp","contentUrl":"https:\/\/d2p6e6u75xmxt8.cloudfront.net\/4\/2018\/09\/00-4.webp","width":1380,"height":600},{"@type":"BreadcrumbList","@id":"https:\/\/www.welovecycling.com\/sk\/2018\/09\/18\/burlivy-zaver-la-vuelty\/#breadcrumb","itemListElement":[{"@type":"ListItem","position":1,"name":"Home","item":"https:\/\/www.welovecycling.com\/sk\/"},{"@type":"ListItem","position":2,"name":"B\u00farliv\u00fd z\u00e1ver La Vuelty"}]},{"@type":"WebSite","@id":"https:\/\/www.welovecycling.com\/sk\/#website","url":"https:\/\/www.welovecycling.com\/sk\/","name":"\u0160koda We Love Cycling Slovensko","description":"\u0160koda We Love Cycling Slovensko je v\u00e1\u0161 ka\u017edodenn\u00fd zdroj noviniek a in\u0161pir\u00e1cie z sveta cyklistiky","potentialAction":[{"@type":"SearchAction","target":{"@type":"EntryPoint","urlTemplate":"https:\/\/www.welovecycling.com\/sk\/?s={search_term_string}"},"query-input":{"@type":"PropertyValueSpecification","valueRequired":true,"valueName":"search_term_string"}}],"inLanguage":"sk-SK"},{"@type":"Person","@id":"https:\/\/www.welovecycling.com\/sk\/#\/schema\/person\/8ee09ba39b7e25b1870160aa5b3a89bc","name":"Ondrej Ga\u0161par","image":{"@type":"ImageObject","inLanguage":"sk-SK","@id":"https:\/\/www.welovecycling.com\/sk\/#\/schema\/person\/image\/","url":"https:\/\/secure.gravatar.com\/avatar\/6126c9afb87b70da5abbb083ddbb21933da15f18f8ca7cb822aba0fb096a48f6?s=96&d=mm&r=g","contentUrl":"https:\/\/secure.gravatar.com\/avatar\/6126c9afb87b70da5abbb083ddbb21933da15f18f8ca7cb822aba0fb096a48f6?s=96&d=mm&r=g","caption":"Ondrej Ga\u0161par"},"url":"https:\/\/www.welovecycling.com\/sk\/author\/ondrejgaspar\/"}]}},"_links":{"self":[{"href":"https:\/\/www.welovecycling.com\/sk\/wp-json\/wp\/v2\/posts\/5081","targetHints":{"allow":["GET"]}}],"collection":[{"href":"https:\/\/www.welovecycling.com\/sk\/wp-json\/wp\/v2\/posts"}],"about":[{"href":"https:\/\/www.welovecycling.com\/sk\/wp-json\/wp\/v2\/types\/post"}],"author":[{"embeddable":true,"href":"https:\/\/www.welovecycling.com\/sk\/wp-json\/wp\/v2\/users\/38"}],"replies":[{"embeddable":true,"href":"https:\/\/www.welovecycling.com\/sk\/wp-json\/wp\/v2\/comments?post=5081"}],"version-history":[{"count":2,"href":"https:\/\/www.welovecycling.com\/sk\/wp-json\/wp\/v2\/posts\/5081\/revisions"}],"predecessor-version":[{"id":6025,"href":"https:\/\/www.welovecycling.com\/sk\/wp-json\/wp\/v2\/posts\/5081\/revisions\/6025"}],"wp:featuredmedia":[{"embeddable":true,"href":"https:\/\/www.welovecycling.com\/sk\/wp-json\/wp\/v2\/media\/5090"}],"wp:attachment":[{"href":"https:\/\/www.welovecycling.com\/sk\/wp-json\/wp\/v2\/media?parent=5081"}],"wp:term":[{"taxonomy":"category","embeddable":true,"href":"https:\/\/www.welovecycling.com\/sk\/wp-json\/wp\/v2\/categories?post=5081"},{"taxonomy":"post_tag","embeddable":true,"href":"https:\/\/www.welovecycling.com\/sk\/wp-json\/wp\/v2\/tags?post=5081"},{"taxonomy":"global-categories","embeddable":true,"href":"https:\/\/www.welovecycling.com\/sk\/wp-json\/wp\/v2\/global-categories?post=5081"}],"curies":[{"name":"wp","href":"https:\/\/api.w.org\/{rel}","templated":true}]}}