{"id":5071,"date":"2018-09-24T11:00:34","date_gmt":"2018-09-24T09:00:34","guid":{"rendered":"https:\/\/www.welovecycling.com\/sk\/?p=5071"},"modified":"2018-09-23T22:06:44","modified_gmt":"2018-09-23T20:06:44","slug":"najextremnejsi-rozmer-kolies-aky-mozete-mat","status":"publish","type":"post","link":"https:\/\/www.welovecycling.com\/sk\/2018\/09\/24\/najextremnejsi-rozmer-kolies-aky-mozete-mat\/","title":{"rendered":"Najextr\u00e9mnej\u0161\u00ed rozmer kolies, ak\u00fd m\u00f4\u017eete ma\u0165"},"content":{"rendered":"<p><strong>Nudia v\u00e1s 700c koles\u00e1? Ste unaven\u00fd z h\u00e1dok o z\u00e1sluh\u00e1ch 26\u201d, \u010di 650B kolies? Tak sa po\u010fme spolu pozrie\u0165 na niektor\u00e9 z najextr\u00e9mnej\u0161\u00edch ve\u013ekost\u00ed kolies.<\/strong><!--more--><\/p>\n<h2><strong>Velociped, 53\u201d<\/strong><\/h2>\n<p>Nie je ni\u010d extr\u00e9mnej\u0161ie, ako origin\u00e1lny britsk\u00fd bicykel. Z tohto ikonick\u00e9ho vozidla <strong>vid\u00ed jazdec svet ako na dlani<\/strong>, nehovoriac o vzru\u0161en\u00ed z mno\u017estva ne\u0161\u0165ast\u00ed, ktor\u00e9 sa m\u00f4\u017eu jazdcovi prihodi\u0165.<\/p>\n<lite-youtube videoid=UImiYy44rRE params=\"enablejsapi=1\" style=\"background-image: url('https:\/\/i.ytimg.com\/vi_webp\/UImiYy44rRE\/maxresdefault.webp');\"><\/lite-youtube>\n<p><strong>\u010c\u00edm vy\u0161\u0161ie koleso, t\u00fdm tvrd\u0161\u00ed je dopad<\/strong>, a teda z h\u013eadiska bezpe\u010dnosti Velociped r\u00fdchlo opustila na\u0161a priaze\u0148. Nie je prekvapen\u00edm,  \u017ee britsk\u00fd duch v\u00fdstrednosti o\u017eivil pretekanie na Velocipedoch a podujatie London Nocturne o\u010daruje s\u00fa\u0165a\u017eiacich z cel\u00e9ho sveta.<\/p>\n<lite-youtube videoid=-dYTrepJYoM params=\"enablejsapi=1\" style=\"background-image: url('https:\/\/i.ytimg.com\/vi_webp\/-dYTrepJYoM\/maxresdefault.webp');\"><\/lite-youtube>\n<h2><strong>Bicykle Moulton, 17\u201d<\/strong><\/h2>\n<p>Asi najd\u00f4le\u017eitej\u0161\u00ed cyklistick\u00fd v\u00fdrobca, o ktorom ste zrejme nikdy nepo\u010duli. Moulton predstavil \u0161tandardy, ktor\u00e9 neboli samozrejmos\u0165ou ani o nieko\u013eko desa\u0165ro\u010d\u00ed nesk\u00f4r. Dizajn\u00e9r automobilov\u00e9ho odpru\u017eenia, Alex Moulton, rozumel dvom veciam ve\u013emi dobre \u2013 pohodliu a rotuj\u00facej hmote.<\/p>\n<lite-youtube videoid=Pb5e46nDg5Y params=\"enablejsapi=1\" style=\"background-image: url('https:\/\/i.ytimg.com\/vi_webp\/Pb5e46nDg5Y\/maxresdefault.webp');\"><\/lite-youtube>\n<p><strong>Men\u0161ie koles\u00e1 znamenali \u013eah\u0161ie koles\u00e1<\/strong>, a zatia\u013e, \u010do rotuj\u00faca hmota nerob\u00ed ve\u013ek\u00fd rozdiel pri kon\u0161tantnej r\u00fdchlosti, ak chcete r\u00fdchlo vy\u0161tartova\u0165 a r\u00fdchlo brzdi\u0165, tak \u013eahk\u00e9 koles\u00e1 s\u00fa v\u00fdhodou. V\u00fdsledok bol svi\u017en\u00fd mestsk\u00fd bicykel, ktor\u00fd m\u00e1 dodnes ve\u013ea oddan\u00fdch fan\u00fa\u0161ikov.<\/p>\n<p>Jeden v\u00fdrobca, ktor\u00fd to pochopil, bol Brompton a o menej ne\u017e 20 rokov nesk\u00f4r, ikonick\u00fd <strong>skladac\u00ed bicykel<\/strong> s podobne mal\u00fdmi kolesami, zatienil Moultona. Napriek tomu trvalo e\u0161te nieko\u013eko desa\u0165ro\u010d\u00ed, k\u00fdm cyklistick\u00fd svet prijal \u010fal\u0161\u00ed Moultonov skvel\u00fd vyn\u00e1lez \u2013 predn\u00e9 a zadn\u00e9 odpru\u017eenie.<\/p>\n<h2><strong>Strida, 16\u201d<\/strong><\/h2>\n<p>Podobne ako Brompton, Strida r\u00fdchlo pochopila potenci\u00e1l mal\u00fdch kolies, ke\u010f sa jedn\u00e1 o dizajn skladac\u00edch bicyklov. Elegantn\u00fd, jednoduch\u00fd <strong>A-r\u00e1m<\/strong> Stridy zd\u00f4raz\u0148uje miniat\u00faru kolies, ktor\u00e9 charakterizuj\u00fa tento dizajn, podobne ako Moulton. Existuje ve\u013emi oddan\u00fd Strida fanklub, pochopite\u013ene pr\u00e1ve v mest\u00e1ch, kde je priestor luxusom.<\/p>\n<lite-youtube videoid=DReGjUkEBo8 params=\"enablejsapi=1\" style=\"background-image: url('https:\/\/i.ytimg.com\/vi_webp\/DReGjUkEBo8\/maxresdefault.webp');\"><\/lite-youtube>\n<h2><strong>Monocykle a dicykle, 70\u201d+<\/strong><\/h2>\n<p>Monocykle a dicykle nikdy nezaznamenali produk\u010dn\u00fa v\u00fdrobu, najm\u00e4 kv\u00f4li prirodzen\u00e9mu nebezpe\u010denstvu oto\u010denia sediaceho jazdca o 360 stup\u0148ov. Ni\u010d dobr\u00e9ho pre bezpe\u010dnos\u0165 na cest\u00e1ch. Napriek tomu, ako novinka na uzavret\u00fdch cest\u00e1ch, alebo pretek\u00e1rskych tratiach, vyzeraj\u00fa ako skvel\u00e1 z\u00e1bava.<\/p>\n<lite-youtube videoid=wJicfjgsbsw params=\"enablejsapi=1\" style=\"background-image: url('https:\/\/i.ytimg.com\/vi_webp\/wJicfjgsbsw\/maxresdefault.webp');\"><\/lite-youtube>\n<p>Dicykel je podobne \u010dudn\u00e9 vozidlo. Na rozdiel od bicykla, koles\u00e1 s\u00fa po stran\u00e1ch a umo\u017e\u0148uj\u00fa pou\u017ei\u0165 omnoho v\u00e4\u010d\u0161\u00ed rozmer kolies. Pozrite na tento <strong>Mutant Big Wheel<\/strong>. Ak by sa im podarilo obmedzi\u0165 prevracanie sa sedadiel, mohlo by to zlep\u0161i\u0165 tandemov\u00e9 z\u00e1\u017eitky u\u013eah\u010den\u00edm konverz\u00e1cie na dlh\u00fdch tras\u00e1ch.<\/p>\n<lite-youtube videoid=PK97jyfk1l4 params=\"enablejsapi=1\" style=\"background-image: url('https:\/\/i.ytimg.com\/vi_webp\/PK97jyfk1l4\/maxresdefault.webp');\"><\/lite-youtube>\n","protected":false},"excerpt":{"rendered":"<p>Nudia v\u00e1s 700c koles\u00e1? Ste unaven\u00fd z h\u00e1dok o z\u00e1sluh\u00e1ch 26\u201d, \u010di 650B kolies? Tak sa po\u010fme spolu pozrie\u0165 na [&hellip;]<\/p>\n","protected":false},"author":38,"featured_media":5078,"comment_status":"open","ping_status":"open","sticky":false,"template":"","format":"standard","meta":{"footnotes":""},"categories":[47,57,118],"tags":[319,62,115,612,615,613,596,611,584,614],"global-categories":[],"class_list":["post-5071","post","type-post","status-publish","format-standard","has-post-thumbnail","hentry","category-adrenalin","category-bezpecnost","category-zabava","tag-adrenalin","tag-bezpecnost","tag-cestna-cyklistika","tag-dicykel","tag-extrem","tag-kolesa","tag-mestsky-bicykel","tag-monocykel","tag-rekord","tag-urban"],"yoast_head":"<!-- This site is optimized with the Yoast SEO Premium plugin v25.3 (Yoast SEO v25.9) - https:\/\/yoast.com\/wordpress\/plugins\/seo\/ -->\n<title>Najextr\u00e9mnej\u0161\u00ed rozmer kolies, ak\u00fd m\u00f4\u017eete ma\u0165 - \u0160koda We Love Cycling Slovensko<\/title>\n<meta name=\"robots\" content=\"index, follow, max-snippet:-1, max-image-preview:large, max-video-preview:-1\" \/>\n<link rel=\"canonical\" href=\"https:\/\/www.welovecycling.com\/sk\/2018\/09\/24\/najextremnejsi-rozmer-kolies-aky-mozete-mat\/\" \/>\n<meta property=\"og:locale\" content=\"sk_SK\" \/>\n<meta property=\"og:type\" content=\"article\" \/>\n<meta property=\"og:title\" content=\"Najextr\u00e9mnej\u0161\u00ed rozmer kolies, ak\u00fd m\u00f4\u017eete ma\u0165\" \/>\n<meta property=\"og:description\" content=\"Nudia v\u00e1s 700c koles\u00e1? Ste unaven\u00fd z h\u00e1dok o z\u00e1sluh\u00e1ch 26\u201d, \u010di 650B kolies? Tak sa po\u010fme spolu pozrie\u0165 na [&hellip;]\" \/>\n<meta property=\"og:url\" content=\"https:\/\/www.welovecycling.com\/sk\/2018\/09\/24\/najextremnejsi-rozmer-kolies-aky-mozete-mat\/\" \/>\n<meta property=\"og:site_name\" content=\"\u0160koda We Love Cycling Slovensko\" \/>\n<meta property=\"article:published_time\" content=\"2018-09-24T09:00:34+00:00\" \/>\n<meta property=\"og:image\" content=\"https:\/\/d2p6e6u75xmxt8.cloudfront.net\/4\/2018\/09\/extrCVR.webp\" \/>\n\t<meta property=\"og:image:width\" content=\"1366\" \/>\n\t<meta property=\"og:image:height\" content=\"600\" \/>\n\t<meta property=\"og:image:type\" content=\"image\/webp\" \/>\n<meta name=\"author\" content=\"Ondrej Ga\u0161par\" \/>\n<meta name=\"twitter:card\" content=\"summary_large_image\" \/>\n<meta name=\"twitter:label1\" content=\"Written by\" \/>\n\t<meta name=\"twitter:data1\" content=\"Christopher Ashley\" \/>\n\t<meta name=\"twitter:label2\" content=\"Est. reading time\" \/>\n\t<meta name=\"twitter:data2\" content=\"2\" \/>\n<script type=\"application\/ld+json\" class=\"yoast-schema-graph\">{\"@context\":\"https:\/\/schema.org\",\"@graph\":[{\"@type\":\"WebPage\",\"@id\":\"https:\/\/www.welovecycling.com\/sk\/2018\/09\/24\/najextremnejsi-rozmer-kolies-aky-mozete-mat\/\",\"url\":\"https:\/\/www.welovecycling.com\/sk\/2018\/09\/24\/najextremnejsi-rozmer-kolies-aky-mozete-mat\/\",\"name\":\"Najextr\u00e9mnej\u0161\u00ed rozmer kolies, ak\u00fd m\u00f4\u017eete ma\u0165 - \u0160koda We Love Cycling Slovensko\",\"isPartOf\":{\"@id\":\"https:\/\/www.welovecycling.com\/sk\/#website\"},\"primaryImageOfPage\":{\"@id\":\"https:\/\/www.welovecycling.com\/sk\/2018\/09\/24\/najextremnejsi-rozmer-kolies-aky-mozete-mat\/#primaryimage\"},\"image\":{\"@id\":\"https:\/\/www.welovecycling.com\/sk\/2018\/09\/24\/najextremnejsi-rozmer-kolies-aky-mozete-mat\/#primaryimage\"},\"thumbnailUrl\":\"https:\/\/d2p6e6u75xmxt8.cloudfront.net\/4\/2018\/09\/extrCVR.webp\",\"datePublished\":\"2018-09-24T09:00:34+00:00\",\"author\":{\"@id\":\"https:\/\/www.welovecycling.com\/sk\/#\/schema\/person\/8ee09ba39b7e25b1870160aa5b3a89bc\"},\"breadcrumb\":{\"@id\":\"https:\/\/www.welovecycling.com\/sk\/2018\/09\/24\/najextremnejsi-rozmer-kolies-aky-mozete-mat\/#breadcrumb\"},\"inLanguage\":\"sk-SK\",\"potentialAction\":[{\"@type\":\"ReadAction\",\"target\":[\"https:\/\/www.welovecycling.com\/sk\/2018\/09\/24\/najextremnejsi-rozmer-kolies-aky-mozete-mat\/\"]}]},{\"@type\":\"ImageObject\",\"inLanguage\":\"sk-SK\",\"@id\":\"https:\/\/www.welovecycling.com\/sk\/2018\/09\/24\/najextremnejsi-rozmer-kolies-aky-mozete-mat\/#primaryimage\",\"url\":\"https:\/\/d2p6e6u75xmxt8.cloudfront.net\/4\/2018\/09\/extrCVR.webp\",\"contentUrl\":\"https:\/\/d2p6e6u75xmxt8.cloudfront.net\/4\/2018\/09\/extrCVR.webp\",\"width\":1366,\"height\":600},{\"@type\":\"BreadcrumbList\",\"@id\":\"https:\/\/www.welovecycling.com\/sk\/2018\/09\/24\/najextremnejsi-rozmer-kolies-aky-mozete-mat\/#breadcrumb\",\"itemListElement\":[{\"@type\":\"ListItem\",\"position\":1,\"name\":\"Home\",\"item\":\"https:\/\/www.welovecycling.com\/sk\/\"},{\"@type\":\"ListItem\",\"position\":2,\"name\":\"Najextr\u00e9mnej\u0161\u00ed rozmer kolies, ak\u00fd m\u00f4\u017eete ma\u0165\"}]},{\"@type\":\"WebSite\",\"@id\":\"https:\/\/www.welovecycling.com\/sk\/#website\",\"url\":\"https:\/\/www.welovecycling.com\/sk\/\",\"name\":\"\u0160koda We Love Cycling Slovensko\",\"description\":\"\u0160koda We Love Cycling Slovensko je v\u00e1\u0161 ka\u017edodenn\u00fd zdroj noviniek a in\u0161pir\u00e1cie z sveta cyklistiky\",\"potentialAction\":[{\"@type\":\"SearchAction\",\"target\":{\"@type\":\"EntryPoint\",\"urlTemplate\":\"https:\/\/www.welovecycling.com\/sk\/?s={search_term_string}\"},\"query-input\":{\"@type\":\"PropertyValueSpecification\",\"valueRequired\":true,\"valueName\":\"search_term_string\"}}],\"inLanguage\":\"sk-SK\"},{\"@type\":\"Person\",\"@id\":\"https:\/\/www.welovecycling.com\/sk\/#\/schema\/person\/8ee09ba39b7e25b1870160aa5b3a89bc\",\"name\":\"Ondrej Ga\u0161par\",\"image\":{\"@type\":\"ImageObject\",\"inLanguage\":\"sk-SK\",\"@id\":\"https:\/\/www.welovecycling.com\/sk\/#\/schema\/person\/image\/\",\"url\":\"https:\/\/secure.gravatar.com\/avatar\/6126c9afb87b70da5abbb083ddbb21933da15f18f8ca7cb822aba0fb096a48f6?s=96&d=mm&r=g\",\"contentUrl\":\"https:\/\/secure.gravatar.com\/avatar\/6126c9afb87b70da5abbb083ddbb21933da15f18f8ca7cb822aba0fb096a48f6?s=96&d=mm&r=g\",\"caption\":\"Ondrej Ga\u0161par\"},\"url\":\"https:\/\/www.welovecycling.com\/sk\/author\/ondrejgaspar\/\"}]}<\/script>\n<!-- \/ Yoast SEO Premium plugin. -->","yoast_head_json":{"title":"Najextr\u00e9mnej\u0161\u00ed rozmer kolies, ak\u00fd m\u00f4\u017eete ma\u0165 - \u0160koda We Love Cycling Slovensko","robots":{"index":"index","follow":"follow","max-snippet":"max-snippet:-1","max-image-preview":"max-image-preview:large","max-video-preview":"max-video-preview:-1"},"canonical":"https:\/\/www.welovecycling.com\/sk\/2018\/09\/24\/najextremnejsi-rozmer-kolies-aky-mozete-mat\/","og_locale":"sk_SK","og_type":"article","og_title":"Najextr\u00e9mnej\u0161\u00ed rozmer kolies, ak\u00fd m\u00f4\u017eete ma\u0165","og_description":"Nudia v\u00e1s 700c koles\u00e1? Ste unaven\u00fd z h\u00e1dok o z\u00e1sluh\u00e1ch 26\u201d, \u010di 650B kolies? Tak sa po\u010fme spolu pozrie\u0165 na [&hellip;]","og_url":"https:\/\/www.welovecycling.com\/sk\/2018\/09\/24\/najextremnejsi-rozmer-kolies-aky-mozete-mat\/","og_site_name":"\u0160koda We Love Cycling Slovensko","article_published_time":"2018-09-24T09:00:34+00:00","og_image":[{"width":1366,"height":600,"url":"https:\/\/d2p6e6u75xmxt8.cloudfront.net\/4\/2018\/09\/extrCVR.webp","type":"image\/webp"}],"author":"Ondrej Ga\u0161par","twitter_card":"summary_large_image","twitter_misc":{"Written by":"Christopher Ashley","Est. reading time":"2"},"schema":{"@context":"https:\/\/schema.org","@graph":[{"@type":"WebPage","@id":"https:\/\/www.welovecycling.com\/sk\/2018\/09\/24\/najextremnejsi-rozmer-kolies-aky-mozete-mat\/","url":"https:\/\/www.welovecycling.com\/sk\/2018\/09\/24\/najextremnejsi-rozmer-kolies-aky-mozete-mat\/","name":"Najextr\u00e9mnej\u0161\u00ed rozmer kolies, ak\u00fd m\u00f4\u017eete ma\u0165 - \u0160koda We Love Cycling Slovensko","isPartOf":{"@id":"https:\/\/www.welovecycling.com\/sk\/#website"},"primaryImageOfPage":{"@id":"https:\/\/www.welovecycling.com\/sk\/2018\/09\/24\/najextremnejsi-rozmer-kolies-aky-mozete-mat\/#primaryimage"},"image":{"@id":"https:\/\/www.welovecycling.com\/sk\/2018\/09\/24\/najextremnejsi-rozmer-kolies-aky-mozete-mat\/#primaryimage"},"thumbnailUrl":"https:\/\/d2p6e6u75xmxt8.cloudfront.net\/4\/2018\/09\/extrCVR.webp","datePublished":"2018-09-24T09:00:34+00:00","author":{"@id":"https:\/\/www.welovecycling.com\/sk\/#\/schema\/person\/8ee09ba39b7e25b1870160aa5b3a89bc"},"breadcrumb":{"@id":"https:\/\/www.welovecycling.com\/sk\/2018\/09\/24\/najextremnejsi-rozmer-kolies-aky-mozete-mat\/#breadcrumb"},"inLanguage":"sk-SK","potentialAction":[{"@type":"ReadAction","target":["https:\/\/www.welovecycling.com\/sk\/2018\/09\/24\/najextremnejsi-rozmer-kolies-aky-mozete-mat\/"]}]},{"@type":"ImageObject","inLanguage":"sk-SK","@id":"https:\/\/www.welovecycling.com\/sk\/2018\/09\/24\/najextremnejsi-rozmer-kolies-aky-mozete-mat\/#primaryimage","url":"https:\/\/d2p6e6u75xmxt8.cloudfront.net\/4\/2018\/09\/extrCVR.webp","contentUrl":"https:\/\/d2p6e6u75xmxt8.cloudfront.net\/4\/2018\/09\/extrCVR.webp","width":1366,"height":600},{"@type":"BreadcrumbList","@id":"https:\/\/www.welovecycling.com\/sk\/2018\/09\/24\/najextremnejsi-rozmer-kolies-aky-mozete-mat\/#breadcrumb","itemListElement":[{"@type":"ListItem","position":1,"name":"Home","item":"https:\/\/www.welovecycling.com\/sk\/"},{"@type":"ListItem","position":2,"name":"Najextr\u00e9mnej\u0161\u00ed rozmer kolies, ak\u00fd m\u00f4\u017eete ma\u0165"}]},{"@type":"WebSite","@id":"https:\/\/www.welovecycling.com\/sk\/#website","url":"https:\/\/www.welovecycling.com\/sk\/","name":"\u0160koda We Love Cycling Slovensko","description":"\u0160koda We Love Cycling Slovensko je v\u00e1\u0161 ka\u017edodenn\u00fd zdroj noviniek a in\u0161pir\u00e1cie z sveta cyklistiky","potentialAction":[{"@type":"SearchAction","target":{"@type":"EntryPoint","urlTemplate":"https:\/\/www.welovecycling.com\/sk\/?s={search_term_string}"},"query-input":{"@type":"PropertyValueSpecification","valueRequired":true,"valueName":"search_term_string"}}],"inLanguage":"sk-SK"},{"@type":"Person","@id":"https:\/\/www.welovecycling.com\/sk\/#\/schema\/person\/8ee09ba39b7e25b1870160aa5b3a89bc","name":"Ondrej Ga\u0161par","image":{"@type":"ImageObject","inLanguage":"sk-SK","@id":"https:\/\/www.welovecycling.com\/sk\/#\/schema\/person\/image\/","url":"https:\/\/secure.gravatar.com\/avatar\/6126c9afb87b70da5abbb083ddbb21933da15f18f8ca7cb822aba0fb096a48f6?s=96&d=mm&r=g","contentUrl":"https:\/\/secure.gravatar.com\/avatar\/6126c9afb87b70da5abbb083ddbb21933da15f18f8ca7cb822aba0fb096a48f6?s=96&d=mm&r=g","caption":"Ondrej Ga\u0161par"},"url":"https:\/\/www.welovecycling.com\/sk\/author\/ondrejgaspar\/"}]}},"_links":{"self":[{"href":"https:\/\/www.welovecycling.com\/sk\/wp-json\/wp\/v2\/posts\/5071","targetHints":{"allow":["GET"]}}],"collection":[{"href":"https:\/\/www.welovecycling.com\/sk\/wp-json\/wp\/v2\/posts"}],"about":[{"href":"https:\/\/www.welovecycling.com\/sk\/wp-json\/wp\/v2\/types\/post"}],"author":[{"embeddable":true,"href":"https:\/\/www.welovecycling.com\/sk\/wp-json\/wp\/v2\/users\/38"}],"replies":[{"embeddable":true,"href":"https:\/\/www.welovecycling.com\/sk\/wp-json\/wp\/v2\/comments?post=5071"}],"version-history":[{"count":2,"href":"https:\/\/www.welovecycling.com\/sk\/wp-json\/wp\/v2\/posts\/5071\/revisions"}],"predecessor-version":[{"id":5116,"href":"https:\/\/www.welovecycling.com\/sk\/wp-json\/wp\/v2\/posts\/5071\/revisions\/5116"}],"wp:featuredmedia":[{"embeddable":true,"href":"https:\/\/www.welovecycling.com\/sk\/wp-json\/wp\/v2\/media\/5078"}],"wp:attachment":[{"href":"https:\/\/www.welovecycling.com\/sk\/wp-json\/wp\/v2\/media?parent=5071"}],"wp:term":[{"taxonomy":"category","embeddable":true,"href":"https:\/\/www.welovecycling.com\/sk\/wp-json\/wp\/v2\/categories?post=5071"},{"taxonomy":"post_tag","embeddable":true,"href":"https:\/\/www.welovecycling.com\/sk\/wp-json\/wp\/v2\/tags?post=5071"},{"taxonomy":"global-categories","embeddable":true,"href":"https:\/\/www.welovecycling.com\/sk\/wp-json\/wp\/v2\/global-categories?post=5071"}],"curies":[{"name":"wp","href":"https:\/\/api.w.org\/{rel}","templated":true}]}}