{"id":5063,"date":"2018-09-26T11:30:00","date_gmt":"2018-09-26T09:30:00","guid":{"rendered":"https:\/\/www.welovecycling.com\/sk\/?p=5063"},"modified":"2018-09-26T11:30:00","modified_gmt":"2018-09-26T09:30:00","slug":"buducnost-patri-inteligentnym-bicyklom","status":"publish","type":"post","link":"https:\/\/www.welovecycling.com\/sk\/2018\/09\/26\/buducnost-patri-inteligentnym-bicyklom\/","title":{"rendered":"Bud\u00facnos\u0165 patr\u00ed inteligentn\u00fdm bicyklom"},"content":{"rendered":"<p><strong>Internet of Thing (IoT) je presne t\u00fdm, \u010do sa skr\u00fdva v\u00a0jeho n\u00e1zve \u2013 sie\u0165, ktor\u00e1 sp\u00e1ja zariadenia, veci, stroje, dopravu, dom\u00e1ce zariadenia a\u00a0in\u00e9 veci, ktor\u00e9 vlastn\u00edme alebo vyu\u017e\u00edvame. IoT n\u00e1sledne zbiera a\u00a0analyzuje d\u00e1ta, ktor\u00e9 n\u00e1s informuj\u00fa o\u00a0ich vyu\u017e\u00edvan\u00ed. Napr\u00edklad, v\u00a0bl\u00edzkej bud\u00facnosti budete m\u00f4c\u0165 zapn\u00fa\u0165 um\u00fdva\u010dku riadu alebo k\u00e1vovar vo chv\u00edli, ke\u010f e\u0161te len budete sedie\u0165 v\u00a0tax\u00edku na ceste domov.<\/strong><!--more--><\/p>\n<p>Jedna z\u00a0vec\u00ed, ktor\u00e1 sa v\u010faka technol\u00f3gi\u00e1m st\u00e1va s\u00fa\u010das\u0165ou IoT, je bicykel. Viac a\u00a0viac v\u00fdrobcov bicyklov, ktor\u00ed s\u00fa \u010dastokr\u00e1t v\u00a0kateg\u00f3rii \u201estartup\u201c, vklad\u00e1 do svojich produktov elektroniku, softv\u00e9r, senzory. Jedn\u00fdm slovom, <strong>prepojenos\u0165<\/strong>. Tento pokrok postupne pos\u00fava na\u0161ich ob\u013e\u00faben\u00fdch dvojkolesov\u00fdch priate\u013eov do bud\u00facnosti. S\u00fa\u010dasne sa t\u00fdmto krokom st\u00e1vaj\u00fa bicykle lep\u0161\u00edmi. Inteligentn\u00fd bicykel a\u00a0d\u00e1ta, ktor\u00e9 poskytuje, dok\u00e1\u017eu pom\u00f4c\u0165 cyklistom zlep\u0161ova\u0165 sa, zvy\u0161uj\u00fa bezpe\u010dnos\u0165, predch\u00e1dzaj\u00fa zraneniam a\u00a0nehod\u00e1m a\u00a0v\u00a0neposlednom rade, pre niekoho zn\u00e1sobuj\u00fa rados\u0165 z\u00a0jazdy.<\/p>\n<figure id=\"attachment_5065\" aria-describedby=\"caption-attachment-5065\" style=\"width: 1152px\" class=\"wp-caption alignnone\"><a href=\"https:\/\/d2p6e6u75xmxt8.cloudfront.net\/4\/2018\/09\/445455447.JPG.jpg\"><img loading=\"lazy\" decoding=\"async\" class=\"wp-image-5065 size-full\" src=\"https:\/\/d2p6e6u75xmxt8.cloudfront.net\/4\/2018\/09\/445455447.JPG.jpg\" alt=\"\" width=\"1152\" height=\"607\" \/><\/a><figcaption id=\"caption-attachment-5065\" class=\"wp-caption-text\">Garmin Edge 1000<\/figcaption><\/figure>\n<p>Jedna z\u00a0funkci\u00ed, zalo\u017een\u00e1 na prepojenosti, ktor\u00e1 sa hojne vyu\u017e\u00edva, je <strong>tr\u00e9ning na z\u00e1klade d\u00e1t<\/strong>. Cyklopo\u010d\u00edta\u010d Garmin Edge 1000, prep\u00e1ja d\u00e1ta s\u00a0bicyklom vybaven\u00fdm senzormi, ak\u00fdmi s\u00fa Vector wattmeter ulo\u017een\u00fd v\u00a0ped\u00e1loch, Shimano Di2, elektronick\u00fd radiaci syst\u00e9m a Virb, \u0161portov\u00e1 kamera, s\u00fahrne so smratf\u00f3nom vybaven\u00fdm Bluetooth prij\u00edma\u010dom. V\u00fdsledkom je <strong>okam\u017eit\u00e1 anal\u00fdza d\u00e1t<\/strong>, poskytuj\u00faca jazdcovi inform\u00e1cie k\u00a0jeho vlastn\u00e9mu vyhodnoteniu v\u00fdkonu, ktor\u00fd pod\u00e1va na bicykli. Aj v\u010faka tomu je \u013eah\u0161ie vytv\u00e1ra\u0165 si tr\u00e9ningov\u00e9 programy a\u00a0sledova\u0165 jednotliv\u00e9 v\u00fdjazdy.<\/p>\n<p>Nie je n\u00e1ro\u010dn\u00e9 uvedomi\u0165 si, \u017ee ka\u017ed\u00fd z\u00a0pretekaj\u00facich jazdcov, najm\u00e4 v\u00a0Grand Tour ako s\u00fa Vuelta \u010di Giro d\u00b4Italia, je prepojen\u00fd s\u00a0po\u010d\u00edta\u010dom, ktor\u00fd z\u00edskava, uklad\u00e1 a\u00a0vyhodnocuje \u00fadaje z\u00a0jednotliv\u00fdch pretekov. N\u00e1sledne je umo\u017enen\u00e9 t\u00edmov\u00e9mu mana\u017e\u00e9rovi vytv\u00e1ra\u0165 rozhodnutia s\u00a0v\u00e4\u010d\u0161ou presnos\u0165ou.<\/p>\n<lite-youtube videoid=vkV8e4Ff4Tg params=\"enablejsapi=1\" style=\"background-image: url('https:\/\/i.ytimg.com\/vi_webp\/vkV8e4Ff4Tg\/maxresdefault.webp');\"><\/lite-youtube>\n<p>Prepojenos\u0165 s\u00fa\u010dasne zlep\u0161uje aj na\u0161u ka\u017edodenn\u00fa sk\u00fasenos\u0165 s\u00a0bicyklom. Napr\u00edklad, <strong>smrtGrips<\/strong>, prv\u00e9 multifunk\u010dn\u00e9 gripy na svete, pom\u00e1haj\u00fa jazdcovi pohybova\u0165 sa v\u00a0meste prostredn\u00edctvom spr\u00e1vneho navigovania, vyberania bezpe\u010dn\u00fdch alebo ob\u013e\u00faben\u00fdch ciest, \u010di lokalizovan\u00edm vlastn\u00e9ho bicykla. Jednoduchos\u0165 spo\u010d\u00edva v\u00a0ovl\u00e1dan\u00ed, ke\u010f jedin\u00e9, \u010do sa od jazdca vy\u017eaduje, je, aby <strong>do svojho smartf\u00f3nu vlo\u017eil adresu svojej cesty<\/strong>. Vibr\u00e1cie v\u00a0gripoch mu n\u00e1sledne bud\u00fa ur\u010dova\u0165 spr\u00e1vne odbo\u010denie na kri\u017eovatk\u00e1ch.<\/p>\n<p><strong>Vanhawks Valour Bike<\/strong> je bicykel <strong>vybaven\u00fd gyroskopom a\u00a0magnometrom<\/strong>, ktor\u00e9 zbieraj\u00fa inform\u00e1cie a analyzuj\u00fa okolit\u00e9 prostredie za \u00fa\u010delom ur\u010denia miesta, kde sa nach\u00e1dzaj\u00fa kan\u00e1ly, v\u00fdtlky a\u00a0in\u00e9 nebezpe\u010dn\u00e9 \u00faseky ciest. Ich rozl\u00ed\u0161enie funguje na princ\u00edpe vertik\u00e1lneho umiestnenia jednotliv\u00fdch predmetov. Ak sa objav\u00ed automobil za va\u0161\u00edm chrbtom, v\u00a0tzv. slepom uhle, riad\u00edtka zavibruj\u00fa. Pomocn\u00e9 svetl\u00e1 signalizuj\u00fa odbo\u010dovanie na r\u00e1zcestiach pod\u013ea trasy zadanej vo va\u0161om mobile. Aby toho nebolo m\u00e1lo, aplik\u00e1cia si vyber\u00e1 z\u00a0r\u00f4znych ciest pr\u00e1ve tie, ktor\u00e9 s\u00fa jednoduch\u0161ie alebo bezpe\u010dnej\u0161ie.<\/p>\n<figure id=\"attachment_5066\" aria-describedby=\"caption-attachment-5066\" style=\"width: 2000px\" class=\"wp-caption alignnone\"><a href=\"https:\/\/d2p6e6u75xmxt8.cloudfront.net\/4\/2018\/09\/5abad8a160e600ba6ad0d03e_5_exported-p-2000.jpeg\"><img loading=\"lazy\" decoding=\"async\" class=\"size-full wp-image-5066\" src=\"https:\/\/d2p6e6u75xmxt8.cloudfront.net\/4\/2018\/09\/5abad8a160e600ba6ad0d03e_5_exported-p-2000.jpeg\" alt=\"\" width=\"2000\" height=\"1240\" \/><\/a><figcaption id=\"caption-attachment-5066\" class=\"wp-caption-text\">Vanhawks Valour Bike<\/figcaption><\/figure>\n<p>Naviac, <strong>Connected Cycle Smart Pedal<\/strong> vyu\u017e\u00edva GPS na to, aby sa <strong>predi\u0161lo strate ukradnut\u00e9ho bicykla<\/strong>. Pohyby jazdca s\u00fa zaznamenan\u00e9 a\u00a0odosielan\u00e9 majite\u013eovi, ktor\u00fd dok\u00e1\u017ee doh\u013eada\u0165 s\u00fa\u010dasn\u00e9 miesto bicykla. Ak v\u00e1m odcudzia bicykel, aplik\u00e1cia odo\u0161le spr\u00e1vu, aby obozn\u00e1mila jazdca o\u00a0pohybe bicykla. T\u00e1to aplik\u00e1cia sl\u00fa\u017ei aj v\u00a0pr\u00edpade, ke\u010f v\u00e1m nikto neukradol bicykel. Umo\u017e\u0148uje mera\u0165 si r\u00fdchlos\u0165, trasu, sklon vozovky \u010di spotrebovan\u00e9 kal\u00f3rie. N\u00e1sledne uklad\u00e1 d\u00e1ta, ktor\u00e9 je mo\u017en\u00e9 sp\u00e4tne analyzova\u0165.<\/p>\n<p><strong>BULLS Connected Bike<\/strong>, senzormi pre\u0161pikovan\u00fd bicykel, <strong>m\u00f4\u017ee zachr\u00e1ni\u0165 jazdcovi \u017eivot<\/strong>. Senzory citliv\u00e9 na r\u00fdchlos\u0165 a\u00a0samotn\u00e9 zr\u00fdchlenie vyhodnocuj\u00fa situ\u00e1ciu, kedy bicykel n\u00e1hle zastavil a\u00a0le\u017e\u00ed na boku nehybne ur\u010dit\u00fa dobu, ako v pr\u00edpade p\u00e1du. N\u00e1sledn\u00e9 privolanie pomoci prostredn\u00edctvom v\u00e1\u0161ho mobilu s\u00fa jednou z\u00a0mo\u017enost\u00ed rie\u0161enia. E\u0161te pred t\u00fdm v\u0161ak obozn\u00e1mi jazdca o\u00a0potrebe kontaktovania ties\u0148ovej linky. Ak \u010dlovek nepotvrd\u00ed svoj dobr\u00fd zdravotn\u00fd stav, aplik\u00e1cia automaticky vykon\u00e1 potrebn\u00e9 \u00fakony. Okrem indik\u00e1cie nehody odo\u0161le aj polohu bicykla, a\u00a0teda aj jazdca.<\/p>\n<lite-youtube videoid=UeiiCSLQSxw params=\"enablejsapi=1\" style=\"background-image: url('https:\/\/i.ytimg.com\/vi_webp\/UeiiCSLQSxw\/maxresdefault.webp');\"><\/lite-youtube>\n<p>Tieto uk\u00e1\u017eky s\u00fa len <strong>prv\u00fdmi krokmi vo v\u00fdvoji inteligentn\u00fdch bicyklov<\/strong>. Napredovanie technol\u00f3gi\u00ed ide ruka v\u00a0ruke s\u00a0ich aplik\u00e1ciami v\u00a0praktickom \u017eivote. Nov\u00e9 pr\u00edstupy prostredn\u00edctvom soci\u00e1lnych siet\u00ed, zapo\u017ei\u010diavanie bicyklov \u010di inform\u00e1cie o\u00a0po\u010das\u00ed od viacer\u00fdch \u013eud\u00ed, ktor\u00ed s\u00fa re\u00e1lne pr\u00edtomn\u00ed na danom mieste, pom\u00f4\u017eu nejedn\u00e9mu cyklistovi. Mo\u017eno\u017ee jedn\u00e9ho d\u0148a n\u00e1m dok\u00e1\u017ee inteligentn\u00fd bicykel s\u00a0na\u0161ou dom\u00e1cnos\u0165ou pripravi\u0165 hor\u00faci k\u00fape\u013e, v\u00a0\u010dase, ke\u010f sa e\u0161te len budeme bl\u00ed\u017ei\u0165 k\u00a0domovu.<\/p>\n","protected":false},"excerpt":{"rendered":"<p>Internet of Thing (IoT) je presne t\u00fdm, \u010do sa skr\u00fdva v\u00a0jeho n\u00e1zve \u2013 sie\u0165, ktor\u00e1 sp\u00e1ja zariadenia, veci, stroje, dopravu, [&hellip;]<\/p>\n","protected":false},"author":38,"featured_media":5068,"comment_status":"open","ping_status":"open","sticky":false,"template":"","format":"standard","meta":{"footnotes":""},"categories":[57,118,2],"tags":[319,62,275,115,487,610,608,609,55,161],"global-categories":[],"class_list":["post-5063","post","type-post","status-publish","format-standard","has-post-thumbnail","hentry","category-bezpecnost","category-zabava","category-zdravie-trening","tag-adrenalin","tag-bezpecnost","tag-cesta","tag-cestna-cyklistika","tag-cestny-bicykel","tag-gps","tag-technika","tag-technologie","tag-trening","tag-zdravie"],"yoast_head":"<!-- This site is optimized with the Yoast SEO Premium plugin v25.3 (Yoast SEO v25.9) - https:\/\/yoast.com\/wordpress\/plugins\/seo\/ -->\n<title>Bud\u00facnos\u0165 patr\u00ed inteligentn\u00fdm bicyklom - \u0160koda We Love Cycling Slovensko<\/title>\n<meta name=\"robots\" content=\"index, follow, max-snippet:-1, max-image-preview:large, max-video-preview:-1\" \/>\n<link rel=\"canonical\" href=\"https:\/\/www.welovecycling.com\/sk\/2018\/09\/26\/buducnost-patri-inteligentnym-bicyklom\/\" \/>\n<meta property=\"og:locale\" content=\"sk_SK\" \/>\n<meta property=\"og:type\" content=\"article\" \/>\n<meta property=\"og:title\" content=\"Bud\u00facnos\u0165 patr\u00ed inteligentn\u00fdm bicyklom\" \/>\n<meta property=\"og:description\" content=\"Internet of Thing (IoT) je presne t\u00fdm, \u010do sa skr\u00fdva v\u00a0jeho n\u00e1zve \u2013 sie\u0165, ktor\u00e1 sp\u00e1ja zariadenia, veci, stroje, dopravu, [&hellip;]\" \/>\n<meta property=\"og:url\" content=\"https:\/\/www.welovecycling.com\/sk\/2018\/09\/26\/buducnost-patri-inteligentnym-bicyklom\/\" \/>\n<meta property=\"og:site_name\" content=\"\u0160koda We Love Cycling Slovensko\" \/>\n<meta property=\"article:published_time\" content=\"2018-09-26T09:30:00+00:00\" \/>\n<meta property=\"og:image\" content=\"https:\/\/d2p6e6u75xmxt8.cloudfront.net\/4\/2018\/09\/vanHAWKS.webp\" \/>\n\t<meta property=\"og:image:width\" content=\"1366\" \/>\n\t<meta property=\"og:image:height\" content=\"600\" \/>\n\t<meta property=\"og:image:type\" content=\"image\/webp\" \/>\n<meta name=\"author\" content=\"Ondrej Ga\u0161par\" \/>\n<meta name=\"twitter:card\" content=\"summary_large_image\" \/>\n<meta name=\"twitter:label1\" content=\"Written by\" \/>\n\t<meta name=\"twitter:data1\" content=\"Siegfried Mortkowitz\" \/>\n\t<meta name=\"twitter:label2\" content=\"Est. reading time\" \/>\n\t<meta name=\"twitter:data2\" content=\"4\" \/>\n<script type=\"application\/ld+json\" class=\"yoast-schema-graph\">{\"@context\":\"https:\/\/schema.org\",\"@graph\":[{\"@type\":\"WebPage\",\"@id\":\"https:\/\/www.welovecycling.com\/sk\/2018\/09\/26\/buducnost-patri-inteligentnym-bicyklom\/\",\"url\":\"https:\/\/www.welovecycling.com\/sk\/2018\/09\/26\/buducnost-patri-inteligentnym-bicyklom\/\",\"name\":\"Bud\u00facnos\u0165 patr\u00ed inteligentn\u00fdm bicyklom - \u0160koda We Love Cycling Slovensko\",\"isPartOf\":{\"@id\":\"https:\/\/www.welovecycling.com\/sk\/#website\"},\"primaryImageOfPage\":{\"@id\":\"https:\/\/www.welovecycling.com\/sk\/2018\/09\/26\/buducnost-patri-inteligentnym-bicyklom\/#primaryimage\"},\"image\":{\"@id\":\"https:\/\/www.welovecycling.com\/sk\/2018\/09\/26\/buducnost-patri-inteligentnym-bicyklom\/#primaryimage\"},\"thumbnailUrl\":\"https:\/\/d2p6e6u75xmxt8.cloudfront.net\/4\/2018\/09\/vanHAWKS.webp\",\"datePublished\":\"2018-09-26T09:30:00+00:00\",\"author\":{\"@id\":\"https:\/\/www.welovecycling.com\/sk\/#\/schema\/person\/8ee09ba39b7e25b1870160aa5b3a89bc\"},\"breadcrumb\":{\"@id\":\"https:\/\/www.welovecycling.com\/sk\/2018\/09\/26\/buducnost-patri-inteligentnym-bicyklom\/#breadcrumb\"},\"inLanguage\":\"sk-SK\",\"potentialAction\":[{\"@type\":\"ReadAction\",\"target\":[\"https:\/\/www.welovecycling.com\/sk\/2018\/09\/26\/buducnost-patri-inteligentnym-bicyklom\/\"]}]},{\"@type\":\"ImageObject\",\"inLanguage\":\"sk-SK\",\"@id\":\"https:\/\/www.welovecycling.com\/sk\/2018\/09\/26\/buducnost-patri-inteligentnym-bicyklom\/#primaryimage\",\"url\":\"https:\/\/d2p6e6u75xmxt8.cloudfront.net\/4\/2018\/09\/vanHAWKS.webp\",\"contentUrl\":\"https:\/\/d2p6e6u75xmxt8.cloudfront.net\/4\/2018\/09\/vanHAWKS.webp\",\"width\":1366,\"height\":600},{\"@type\":\"BreadcrumbList\",\"@id\":\"https:\/\/www.welovecycling.com\/sk\/2018\/09\/26\/buducnost-patri-inteligentnym-bicyklom\/#breadcrumb\",\"itemListElement\":[{\"@type\":\"ListItem\",\"position\":1,\"name\":\"Home\",\"item\":\"https:\/\/www.welovecycling.com\/sk\/\"},{\"@type\":\"ListItem\",\"position\":2,\"name\":\"Bud\u00facnos\u0165 patr\u00ed inteligentn\u00fdm bicyklom\"}]},{\"@type\":\"WebSite\",\"@id\":\"https:\/\/www.welovecycling.com\/sk\/#website\",\"url\":\"https:\/\/www.welovecycling.com\/sk\/\",\"name\":\"\u0160koda We Love Cycling Slovensko\",\"description\":\"\u0160koda We Love Cycling Slovensko je v\u00e1\u0161 ka\u017edodenn\u00fd zdroj noviniek a in\u0161pir\u00e1cie z sveta cyklistiky\",\"potentialAction\":[{\"@type\":\"SearchAction\",\"target\":{\"@type\":\"EntryPoint\",\"urlTemplate\":\"https:\/\/www.welovecycling.com\/sk\/?s={search_term_string}\"},\"query-input\":{\"@type\":\"PropertyValueSpecification\",\"valueRequired\":true,\"valueName\":\"search_term_string\"}}],\"inLanguage\":\"sk-SK\"},{\"@type\":\"Person\",\"@id\":\"https:\/\/www.welovecycling.com\/sk\/#\/schema\/person\/8ee09ba39b7e25b1870160aa5b3a89bc\",\"name\":\"Ondrej Ga\u0161par\",\"image\":{\"@type\":\"ImageObject\",\"inLanguage\":\"sk-SK\",\"@id\":\"https:\/\/www.welovecycling.com\/sk\/#\/schema\/person\/image\/\",\"url\":\"https:\/\/secure.gravatar.com\/avatar\/6126c9afb87b70da5abbb083ddbb21933da15f18f8ca7cb822aba0fb096a48f6?s=96&d=mm&r=g\",\"contentUrl\":\"https:\/\/secure.gravatar.com\/avatar\/6126c9afb87b70da5abbb083ddbb21933da15f18f8ca7cb822aba0fb096a48f6?s=96&d=mm&r=g\",\"caption\":\"Ondrej Ga\u0161par\"},\"url\":\"https:\/\/www.welovecycling.com\/sk\/author\/ondrejgaspar\/\"}]}<\/script>\n<!-- \/ Yoast SEO Premium plugin. -->","yoast_head_json":{"title":"Bud\u00facnos\u0165 patr\u00ed inteligentn\u00fdm bicyklom - \u0160koda We Love Cycling Slovensko","robots":{"index":"index","follow":"follow","max-snippet":"max-snippet:-1","max-image-preview":"max-image-preview:large","max-video-preview":"max-video-preview:-1"},"canonical":"https:\/\/www.welovecycling.com\/sk\/2018\/09\/26\/buducnost-patri-inteligentnym-bicyklom\/","og_locale":"sk_SK","og_type":"article","og_title":"Bud\u00facnos\u0165 patr\u00ed inteligentn\u00fdm bicyklom","og_description":"Internet of Thing (IoT) je presne t\u00fdm, \u010do sa skr\u00fdva v\u00a0jeho n\u00e1zve \u2013 sie\u0165, ktor\u00e1 sp\u00e1ja zariadenia, veci, stroje, dopravu, [&hellip;]","og_url":"https:\/\/www.welovecycling.com\/sk\/2018\/09\/26\/buducnost-patri-inteligentnym-bicyklom\/","og_site_name":"\u0160koda We Love Cycling Slovensko","article_published_time":"2018-09-26T09:30:00+00:00","og_image":[{"width":1366,"height":600,"url":"https:\/\/d2p6e6u75xmxt8.cloudfront.net\/4\/2018\/09\/vanHAWKS.webp","type":"image\/webp"}],"author":"Ondrej Ga\u0161par","twitter_card":"summary_large_image","twitter_misc":{"Written by":"Siegfried Mortkowitz","Est. reading time":"4"},"schema":{"@context":"https:\/\/schema.org","@graph":[{"@type":"WebPage","@id":"https:\/\/www.welovecycling.com\/sk\/2018\/09\/26\/buducnost-patri-inteligentnym-bicyklom\/","url":"https:\/\/www.welovecycling.com\/sk\/2018\/09\/26\/buducnost-patri-inteligentnym-bicyklom\/","name":"Bud\u00facnos\u0165 patr\u00ed inteligentn\u00fdm bicyklom - \u0160koda We Love Cycling Slovensko","isPartOf":{"@id":"https:\/\/www.welovecycling.com\/sk\/#website"},"primaryImageOfPage":{"@id":"https:\/\/www.welovecycling.com\/sk\/2018\/09\/26\/buducnost-patri-inteligentnym-bicyklom\/#primaryimage"},"image":{"@id":"https:\/\/www.welovecycling.com\/sk\/2018\/09\/26\/buducnost-patri-inteligentnym-bicyklom\/#primaryimage"},"thumbnailUrl":"https:\/\/d2p6e6u75xmxt8.cloudfront.net\/4\/2018\/09\/vanHAWKS.webp","datePublished":"2018-09-26T09:30:00+00:00","author":{"@id":"https:\/\/www.welovecycling.com\/sk\/#\/schema\/person\/8ee09ba39b7e25b1870160aa5b3a89bc"},"breadcrumb":{"@id":"https:\/\/www.welovecycling.com\/sk\/2018\/09\/26\/buducnost-patri-inteligentnym-bicyklom\/#breadcrumb"},"inLanguage":"sk-SK","potentialAction":[{"@type":"ReadAction","target":["https:\/\/www.welovecycling.com\/sk\/2018\/09\/26\/buducnost-patri-inteligentnym-bicyklom\/"]}]},{"@type":"ImageObject","inLanguage":"sk-SK","@id":"https:\/\/www.welovecycling.com\/sk\/2018\/09\/26\/buducnost-patri-inteligentnym-bicyklom\/#primaryimage","url":"https:\/\/d2p6e6u75xmxt8.cloudfront.net\/4\/2018\/09\/vanHAWKS.webp","contentUrl":"https:\/\/d2p6e6u75xmxt8.cloudfront.net\/4\/2018\/09\/vanHAWKS.webp","width":1366,"height":600},{"@type":"BreadcrumbList","@id":"https:\/\/www.welovecycling.com\/sk\/2018\/09\/26\/buducnost-patri-inteligentnym-bicyklom\/#breadcrumb","itemListElement":[{"@type":"ListItem","position":1,"name":"Home","item":"https:\/\/www.welovecycling.com\/sk\/"},{"@type":"ListItem","position":2,"name":"Bud\u00facnos\u0165 patr\u00ed inteligentn\u00fdm bicyklom"}]},{"@type":"WebSite","@id":"https:\/\/www.welovecycling.com\/sk\/#website","url":"https:\/\/www.welovecycling.com\/sk\/","name":"\u0160koda We Love Cycling Slovensko","description":"\u0160koda We Love Cycling Slovensko je v\u00e1\u0161 ka\u017edodenn\u00fd zdroj noviniek a in\u0161pir\u00e1cie z sveta cyklistiky","potentialAction":[{"@type":"SearchAction","target":{"@type":"EntryPoint","urlTemplate":"https:\/\/www.welovecycling.com\/sk\/?s={search_term_string}"},"query-input":{"@type":"PropertyValueSpecification","valueRequired":true,"valueName":"search_term_string"}}],"inLanguage":"sk-SK"},{"@type":"Person","@id":"https:\/\/www.welovecycling.com\/sk\/#\/schema\/person\/8ee09ba39b7e25b1870160aa5b3a89bc","name":"Ondrej Ga\u0161par","image":{"@type":"ImageObject","inLanguage":"sk-SK","@id":"https:\/\/www.welovecycling.com\/sk\/#\/schema\/person\/image\/","url":"https:\/\/secure.gravatar.com\/avatar\/6126c9afb87b70da5abbb083ddbb21933da15f18f8ca7cb822aba0fb096a48f6?s=96&d=mm&r=g","contentUrl":"https:\/\/secure.gravatar.com\/avatar\/6126c9afb87b70da5abbb083ddbb21933da15f18f8ca7cb822aba0fb096a48f6?s=96&d=mm&r=g","caption":"Ondrej Ga\u0161par"},"url":"https:\/\/www.welovecycling.com\/sk\/author\/ondrejgaspar\/"}]}},"_links":{"self":[{"href":"https:\/\/www.welovecycling.com\/sk\/wp-json\/wp\/v2\/posts\/5063","targetHints":{"allow":["GET"]}}],"collection":[{"href":"https:\/\/www.welovecycling.com\/sk\/wp-json\/wp\/v2\/posts"}],"about":[{"href":"https:\/\/www.welovecycling.com\/sk\/wp-json\/wp\/v2\/types\/post"}],"author":[{"embeddable":true,"href":"https:\/\/www.welovecycling.com\/sk\/wp-json\/wp\/v2\/users\/38"}],"replies":[{"embeddable":true,"href":"https:\/\/www.welovecycling.com\/sk\/wp-json\/wp\/v2\/comments?post=5063"}],"version-history":[{"count":2,"href":"https:\/\/www.welovecycling.com\/sk\/wp-json\/wp\/v2\/posts\/5063\/revisions"}],"predecessor-version":[{"id":5118,"href":"https:\/\/www.welovecycling.com\/sk\/wp-json\/wp\/v2\/posts\/5063\/revisions\/5118"}],"wp:featuredmedia":[{"embeddable":true,"href":"https:\/\/www.welovecycling.com\/sk\/wp-json\/wp\/v2\/media\/5068"}],"wp:attachment":[{"href":"https:\/\/www.welovecycling.com\/sk\/wp-json\/wp\/v2\/media?parent=5063"}],"wp:term":[{"taxonomy":"category","embeddable":true,"href":"https:\/\/www.welovecycling.com\/sk\/wp-json\/wp\/v2\/categories?post=5063"},{"taxonomy":"post_tag","embeddable":true,"href":"https:\/\/www.welovecycling.com\/sk\/wp-json\/wp\/v2\/tags?post=5063"},{"taxonomy":"global-categories","embeddable":true,"href":"https:\/\/www.welovecycling.com\/sk\/wp-json\/wp\/v2\/global-categories?post=5063"}],"curies":[{"name":"wp","href":"https:\/\/api.w.org\/{rel}","templated":true}]}}