{"id":505,"date":"2017-04-28T20:25:53","date_gmt":"2017-04-28T18:25:53","guid":{"rendered":"https:\/\/www.welovecycling.com\/sk\/?p=505"},"modified":"2017-12-18T13:07:25","modified_gmt":"2017-12-18T12:07:25","slug":"stvrty-rocnik-skoda-bike-open-tour-startuje-uz-tradicne-vo-svatom-jure","status":"publish","type":"post","link":"https:\/\/www.welovecycling.com\/sk\/2017\/04\/28\/stvrty-rocnik-skoda-bike-open-tour-startuje-uz-tradicne-vo-svatom-jure\/","title":{"rendered":"\u0160tvrt\u00fd ro\u010dn\u00edk \u0160koda BIKE OPEN TOUR \u0161tartuje u\u017e tradi\u010dne vo Sv\u00e4tom Jure"},"content":{"rendered":"<p><strong>S\u00e9ria MTB marat\u00f3nov s podporou gener\u00e1lneho partnera \u0160koda AUTO Slovensko sa sklad\u00e1 zo \u0161iestich pretekov na \u00fazem\u00ed Slovenskej republiky v r\u00f4znych vekov\u00fdch a v\u00fdkonnostn\u00fdch kateg\u00f3ri\u00e1ch, ktor\u00e9 sa konaj\u00fa od apr\u00edla do septembra. Na ka\u017ed\u00fd pretek sa m\u00f4\u017eu prihl\u00e1si\u0165 v\u0161etci fan\u00fa\u0161ikovia horskej cyklistiky \u2013 od registrovan\u00fdch cyklistov, cez MTB nad\u0161encov z radov amat\u00e9rov a\u017e po deti. Pretek\u00e1ri s\u00fa\u0165a\u017eia v 11 kateg\u00f3ri\u00e1ch. Na ka\u017ed\u00fdch pretekoch s\u00e9rie \u0160koda BIKE OPEN TOUR organiz\u00e1tori pripravia mno\u017estvo sprievodn\u00fdch akci\u00ed, s\u00fa\u0165a\u017e\u00ed a bohat\u00fd program pre cel\u00fa rodinu.<\/strong><\/p>\n<p>Uplynul\u00fd ro\u010dn\u00edk pril\u00e1kal do pr\u00edrody vy\u0161e 17 000 fan\u00fa\u0161ikov horskej cyklistiky a z\u00e1stupca gener\u00e1lneho partnera poz\u00fdva toto \u010d\u00edslo prekona\u0165: \u201eMilujeme pohyb na koles\u00e1ch a pritom nehovor\u00edme len o aut\u00e1ch. Zna\u010dka \u0160koda je od svojho za\u010diatku spojen\u00e1 s cyklistikou, a preto ju dlhoro\u010dne podporujeme. Poz\u00fdvame v\u0161etk\u00fdch \u013eud\u00ed, ktor\u00ed maj\u00fa radi bicykle a pr\u00edrodu, na jedine\u010dn\u00fa horsk\u00fa bike tour po Slovensku. Nako\u013eko s\u00fa preteky ur\u010den\u00e9 pre v\u0161etk\u00fdch, m\u00f4\u017eu si ich v \u00falohe s\u00fa\u0165a\u017eiacich vychutn\u00e1va\u0165 cel\u00e9 rodiny, alebo ako div\u00e1ci sa m\u00f4\u017eu necha\u0165 pohlti\u0165 ich jedine\u010dnou atmosf\u00e9rou s mno\u017estvom s\u00fa\u0165a\u017e\u00ed a atrakci\u00ed,\u201c uviedol Marek R\u016f\u017ei\u010dka, konate\u013e \u0160koda AUTO Slovensko.<\/p>\n<p>&nbsp;<\/p>\n<h2><strong>Ceny pre v\u00ed\u0165azov a tombola aj pre hobby bikerov<\/strong><\/h2>\n<p>V\u00ed\u0165azi ka\u017edej kateg\u00f3rie jednotliv\u00fdch marat\u00f3nov v s\u00e9rii \u0160koda BIKE OPENTOUR z\u00edskaj\u00fa \u0161portov\u00e9 ceny zna\u010dky \u0160koda. Z\u00e1rove\u0148 v\u0161etci \u00fa\u010dastn\u00edci, ktor\u00ed \u00faspe\u0161ne absolvuj\u00fa jednotliv\u00e9 marat\u00f3ny v s\u00e9rii \u0160koda BIKE OPEN TOUR, bud\u00fa zaraden\u00ed do tomboly, v ktorej m\u00f4\u017eu vyhra\u0165 jeden z deviatich \u0160koda bajkov.<\/p>\n<p>Vo fin\u00e1lnej tombole sa hr\u00e1 o \u010fal\u0161\u00edch \u0161es\u0165 \u0160koda bajkov. Podmienkou zaradenia do tejto tomboly je \u00faspe\u0161n\u00e9 absolvovanie minim\u00e1lne \u0161tyroch pretekov z celej s\u00e9rie \u0160koda BIKE OPEN TOUR. Na v\u00fdhru horsk\u00fdch bicyklov \u0160koda v tombole m\u00e1 \u0161ancu ka\u017ed\u00fd hobby bajker. Syst\u00e9m \u017erebovania toti\u017e zastre\u0161uj\u00fa sk\u00fasen\u00ed \u010dasomera\u010di, ktor\u00ed na ur\u010denie v\u00fdhercov v tombol\u00e1ch pou\u017eij\u00fa \u0161peci\u00e1lny \u017erebovac\u00ed softv\u00e9r.<\/p>\n<p>Do celkov\u00e9ho bodovania sa ka\u017ed\u00e9mu \u00fa\u010dastn\u00edkovi zapo\u010d\u00edtavaj\u00fa \u0161tyri najlep\u0161ie v\u00fdsledky z absolvovan\u00fdch pretekov z celej \u0160koda BIKE OPEN TOUR s\u00e9rie. V\u00fdsledn\u00e9 bodovanie s\u00e9rie ur\u010d\u00ed celkovo 33 v\u00ed\u0165azov v 11 kateg\u00f3ri\u00e1ch na prv\u00fdch, druh\u00fdch a tret\u00edch miestach.<\/p>\n<p>&nbsp;<\/p>\n<h2><strong>Kalend\u00e1r podujat\u00ed \u0160koda BIKE OPEN TOUR 2017<\/strong><\/h2>\n<table>\n<tbody>\n<tr style=\"height: 50px;\">\n<td width=\"100\">29. 4. 2017<\/td>\n<td width=\"400\"><strong>\u0160koda Sv\u00e4tojursk\u00fd MTB marat\u00f3n <\/strong><\/td>\n<\/tr>\n<tr style=\"height: 50px;\">\n<td width=\"100\">3. 6. 2017<\/td>\n<td width=\"400\">\u0160koda Doh\u0148any \u2013 P\u00fachov Trophy<\/td>\n<\/tr>\n<tr style=\"height: 50px;\">\n<td width=\"100\">24. 6. 2017<\/td>\n<td width=\"400\">AUTHOR \u0160koda Bikemarat\u00f3n S\u00fa\u013eovsk\u00e9 skaly<\/td>\n<\/tr>\n<tr style=\"height: 50px;\">\n<td width=\"100\">29. 7. 2017<\/td>\n<td width=\"400\">\u0160koda STUPAVA TROPHY<\/td>\n<\/tr>\n<tr style=\"height: 50px;\">\n<td width=\"100\">12. 8. 2017<\/td>\n<td width=\"400\">\u0160koda Horal MTB marat\u00f3n<\/td>\n<\/tr>\n<tr style=\"height: 50px;\">\n<td width=\"100\">2. 9 .2017<\/td>\n<td width=\"400\">\u0160koda Slovensk\u00fd raj<\/td>\n<\/tr>\n<\/tbody>\n<\/table>\n","protected":false},"excerpt":{"rendered":"<p>S\u00e9ria MTB marat\u00f3nov s podporou gener\u00e1lneho partnera \u0160koda AUTO Slovensko sa sklad\u00e1 zo \u0161iestich pretekov na \u00fazem\u00ed Slovenskej republiky v [&hellip;]<\/p>\n","protected":false},"author":38,"featured_media":507,"comment_status":"open","ping_status":"open","sticky":false,"template":"","format":"standard","meta":{"footnotes":""},"categories":[3,34,33],"tags":[180,178,37,91,179,35,77,360,92,40],"global-categories":[],"class_list":["post-505","post","type-post","status-publish","format-standard","has-post-thumbnail","hentry","category-mtb","category-podujatia","category-sbot","tag-horska-cyklistika","tag-maraton","tag-podujatia","tag-pozvanka","tag-preteky","tag-sbot","tag-skoda-dedina","tag-skoda-svatojursky-mtb-maraton","tag-skoda-tim","tag-svaty-jur"],"yoast_head":"<!-- This site is optimized with the Yoast SEO Premium plugin v25.3 (Yoast SEO v25.9) - https:\/\/yoast.com\/wordpress\/plugins\/seo\/ -->\n<title>\u0160tvrt\u00fd ro\u010dn\u00edk \u0160koda BIKE OPEN TOUR \u0161tartuje u\u017e tradi\u010dne vo Sv\u00e4tom Jure - \u0160koda We Love Cycling Slovensko<\/title>\n<meta name=\"robots\" content=\"index, follow, max-snippet:-1, max-image-preview:large, max-video-preview:-1\" \/>\n<link rel=\"canonical\" href=\"https:\/\/www.welovecycling.com\/sk\/2017\/04\/28\/stvrty-rocnik-skoda-bike-open-tour-startuje-uz-tradicne-vo-svatom-jure\/\" \/>\n<meta property=\"og:locale\" content=\"sk_SK\" \/>\n<meta property=\"og:type\" content=\"article\" \/>\n<meta property=\"og:title\" content=\"\u0160tvrt\u00fd ro\u010dn\u00edk \u0160koda BIKE OPEN TOUR \u0161tartuje u\u017e tradi\u010dne vo Sv\u00e4tom Jure\" \/>\n<meta property=\"og:description\" content=\"S\u00e9ria MTB marat\u00f3nov s podporou gener\u00e1lneho partnera \u0160koda AUTO Slovensko sa sklad\u00e1 zo \u0161iestich pretekov na \u00fazem\u00ed Slovenskej republiky v [&hellip;]\" \/>\n<meta property=\"og:url\" content=\"https:\/\/www.welovecycling.com\/sk\/2017\/04\/28\/stvrty-rocnik-skoda-bike-open-tour-startuje-uz-tradicne-vo-svatom-jure\/\" \/>\n<meta property=\"og:site_name\" content=\"\u0160koda We Love Cycling Slovensko\" \/>\n<meta property=\"article:published_time\" content=\"2017-04-28T18:25:53+00:00\" \/>\n<meta property=\"article:modified_time\" content=\"2017-12-18T12:07:25+00:00\" \/>\n<meta property=\"og:image\" content=\"https:\/\/d2p6e6u75xmxt8.cloudfront.net\/4\/2017\/04\/sbot-wlc-banner.webp\" \/>\n\t<meta property=\"og:image:width\" content=\"1375\" \/>\n\t<meta property=\"og:image:height\" content=\"600\" \/>\n\t<meta property=\"og:image:type\" content=\"image\/webp\" \/>\n<meta name=\"author\" content=\"Ondrej Ga\u0161par\" \/>\n<meta name=\"twitter:card\" content=\"summary_large_image\" \/>\n<meta name=\"twitter:label1\" content=\"Written by\" \/>\n\t<meta name=\"twitter:data1\" content=\"We Love Cycling\" \/>\n\t<meta name=\"twitter:label2\" content=\"Est. reading time\" \/>\n\t<meta name=\"twitter:data2\" content=\"2 minutes\" \/>\n<script type=\"application\/ld+json\" class=\"yoast-schema-graph\">{\"@context\":\"https:\/\/schema.org\",\"@graph\":[{\"@type\":\"WebPage\",\"@id\":\"https:\/\/www.welovecycling.com\/sk\/2017\/04\/28\/stvrty-rocnik-skoda-bike-open-tour-startuje-uz-tradicne-vo-svatom-jure\/\",\"url\":\"https:\/\/www.welovecycling.com\/sk\/2017\/04\/28\/stvrty-rocnik-skoda-bike-open-tour-startuje-uz-tradicne-vo-svatom-jure\/\",\"name\":\"\u0160tvrt\u00fd ro\u010dn\u00edk \u0160koda BIKE OPEN TOUR \u0161tartuje u\u017e tradi\u010dne vo Sv\u00e4tom Jure - \u0160koda We Love Cycling Slovensko\",\"isPartOf\":{\"@id\":\"https:\/\/www.welovecycling.com\/sk\/#website\"},\"primaryImageOfPage\":{\"@id\":\"https:\/\/www.welovecycling.com\/sk\/2017\/04\/28\/stvrty-rocnik-skoda-bike-open-tour-startuje-uz-tradicne-vo-svatom-jure\/#primaryimage\"},\"image\":{\"@id\":\"https:\/\/www.welovecycling.com\/sk\/2017\/04\/28\/stvrty-rocnik-skoda-bike-open-tour-startuje-uz-tradicne-vo-svatom-jure\/#primaryimage\"},\"thumbnailUrl\":\"https:\/\/d2p6e6u75xmxt8.cloudfront.net\/4\/2017\/04\/sbot-wlc-banner.webp\",\"datePublished\":\"2017-04-28T18:25:53+00:00\",\"dateModified\":\"2017-12-18T12:07:25+00:00\",\"author\":{\"@id\":\"https:\/\/www.welovecycling.com\/sk\/#\/schema\/person\/8ee09ba39b7e25b1870160aa5b3a89bc\"},\"breadcrumb\":{\"@id\":\"https:\/\/www.welovecycling.com\/sk\/2017\/04\/28\/stvrty-rocnik-skoda-bike-open-tour-startuje-uz-tradicne-vo-svatom-jure\/#breadcrumb\"},\"inLanguage\":\"sk-SK\",\"potentialAction\":[{\"@type\":\"ReadAction\",\"target\":[\"https:\/\/www.welovecycling.com\/sk\/2017\/04\/28\/stvrty-rocnik-skoda-bike-open-tour-startuje-uz-tradicne-vo-svatom-jure\/\"]}]},{\"@type\":\"ImageObject\",\"inLanguage\":\"sk-SK\",\"@id\":\"https:\/\/www.welovecycling.com\/sk\/2017\/04\/28\/stvrty-rocnik-skoda-bike-open-tour-startuje-uz-tradicne-vo-svatom-jure\/#primaryimage\",\"url\":\"https:\/\/d2p6e6u75xmxt8.cloudfront.net\/4\/2017\/04\/sbot-wlc-banner.webp\",\"contentUrl\":\"https:\/\/d2p6e6u75xmxt8.cloudfront.net\/4\/2017\/04\/sbot-wlc-banner.webp\",\"width\":1375,\"height\":600},{\"@type\":\"BreadcrumbList\",\"@id\":\"https:\/\/www.welovecycling.com\/sk\/2017\/04\/28\/stvrty-rocnik-skoda-bike-open-tour-startuje-uz-tradicne-vo-svatom-jure\/#breadcrumb\",\"itemListElement\":[{\"@type\":\"ListItem\",\"position\":1,\"name\":\"Home\",\"item\":\"https:\/\/www.welovecycling.com\/sk\/\"},{\"@type\":\"ListItem\",\"position\":2,\"name\":\"\u0160tvrt\u00fd ro\u010dn\u00edk \u0160koda BIKE OPEN TOUR \u0161tartuje u\u017e tradi\u010dne vo Sv\u00e4tom Jure\"}]},{\"@type\":\"WebSite\",\"@id\":\"https:\/\/www.welovecycling.com\/sk\/#website\",\"url\":\"https:\/\/www.welovecycling.com\/sk\/\",\"name\":\"\u0160koda We Love Cycling Slovensko\",\"description\":\"\u0160koda We Love Cycling Slovensko je v\u00e1\u0161 ka\u017edodenn\u00fd zdroj noviniek a in\u0161pir\u00e1cie z sveta cyklistiky\",\"potentialAction\":[{\"@type\":\"SearchAction\",\"target\":{\"@type\":\"EntryPoint\",\"urlTemplate\":\"https:\/\/www.welovecycling.com\/sk\/?s={search_term_string}\"},\"query-input\":{\"@type\":\"PropertyValueSpecification\",\"valueRequired\":true,\"valueName\":\"search_term_string\"}}],\"inLanguage\":\"sk-SK\"},{\"@type\":\"Person\",\"@id\":\"https:\/\/www.welovecycling.com\/sk\/#\/schema\/person\/8ee09ba39b7e25b1870160aa5b3a89bc\",\"name\":\"Ondrej Ga\u0161par\",\"image\":{\"@type\":\"ImageObject\",\"inLanguage\":\"sk-SK\",\"@id\":\"https:\/\/www.welovecycling.com\/sk\/#\/schema\/person\/image\/\",\"url\":\"https:\/\/secure.gravatar.com\/avatar\/6126c9afb87b70da5abbb083ddbb21933da15f18f8ca7cb822aba0fb096a48f6?s=96&d=mm&r=g\",\"contentUrl\":\"https:\/\/secure.gravatar.com\/avatar\/6126c9afb87b70da5abbb083ddbb21933da15f18f8ca7cb822aba0fb096a48f6?s=96&d=mm&r=g\",\"caption\":\"Ondrej Ga\u0161par\"},\"url\":\"https:\/\/www.welovecycling.com\/sk\/author\/ondrejgaspar\/\"}]}<\/script>\n<!-- \/ Yoast SEO Premium plugin. -->","yoast_head_json":{"title":"\u0160tvrt\u00fd ro\u010dn\u00edk \u0160koda BIKE OPEN TOUR \u0161tartuje u\u017e tradi\u010dne vo Sv\u00e4tom Jure - \u0160koda We Love Cycling Slovensko","robots":{"index":"index","follow":"follow","max-snippet":"max-snippet:-1","max-image-preview":"max-image-preview:large","max-video-preview":"max-video-preview:-1"},"canonical":"https:\/\/www.welovecycling.com\/sk\/2017\/04\/28\/stvrty-rocnik-skoda-bike-open-tour-startuje-uz-tradicne-vo-svatom-jure\/","og_locale":"sk_SK","og_type":"article","og_title":"\u0160tvrt\u00fd ro\u010dn\u00edk \u0160koda BIKE OPEN TOUR \u0161tartuje u\u017e tradi\u010dne vo Sv\u00e4tom Jure","og_description":"S\u00e9ria MTB marat\u00f3nov s podporou gener\u00e1lneho partnera \u0160koda AUTO Slovensko sa sklad\u00e1 zo \u0161iestich pretekov na \u00fazem\u00ed Slovenskej republiky v [&hellip;]","og_url":"https:\/\/www.welovecycling.com\/sk\/2017\/04\/28\/stvrty-rocnik-skoda-bike-open-tour-startuje-uz-tradicne-vo-svatom-jure\/","og_site_name":"\u0160koda We Love Cycling Slovensko","article_published_time":"2017-04-28T18:25:53+00:00","article_modified_time":"2017-12-18T12:07:25+00:00","og_image":[{"width":1375,"height":600,"url":"https:\/\/d2p6e6u75xmxt8.cloudfront.net\/4\/2017\/04\/sbot-wlc-banner.webp","type":"image\/webp"}],"author":"Ondrej Ga\u0161par","twitter_card":"summary_large_image","twitter_misc":{"Written by":"We Love Cycling","Est. reading time":"2 minutes"},"schema":{"@context":"https:\/\/schema.org","@graph":[{"@type":"WebPage","@id":"https:\/\/www.welovecycling.com\/sk\/2017\/04\/28\/stvrty-rocnik-skoda-bike-open-tour-startuje-uz-tradicne-vo-svatom-jure\/","url":"https:\/\/www.welovecycling.com\/sk\/2017\/04\/28\/stvrty-rocnik-skoda-bike-open-tour-startuje-uz-tradicne-vo-svatom-jure\/","name":"\u0160tvrt\u00fd ro\u010dn\u00edk \u0160koda BIKE OPEN TOUR \u0161tartuje u\u017e tradi\u010dne vo Sv\u00e4tom Jure - \u0160koda We Love Cycling Slovensko","isPartOf":{"@id":"https:\/\/www.welovecycling.com\/sk\/#website"},"primaryImageOfPage":{"@id":"https:\/\/www.welovecycling.com\/sk\/2017\/04\/28\/stvrty-rocnik-skoda-bike-open-tour-startuje-uz-tradicne-vo-svatom-jure\/#primaryimage"},"image":{"@id":"https:\/\/www.welovecycling.com\/sk\/2017\/04\/28\/stvrty-rocnik-skoda-bike-open-tour-startuje-uz-tradicne-vo-svatom-jure\/#primaryimage"},"thumbnailUrl":"https:\/\/d2p6e6u75xmxt8.cloudfront.net\/4\/2017\/04\/sbot-wlc-banner.webp","datePublished":"2017-04-28T18:25:53+00:00","dateModified":"2017-12-18T12:07:25+00:00","author":{"@id":"https:\/\/www.welovecycling.com\/sk\/#\/schema\/person\/8ee09ba39b7e25b1870160aa5b3a89bc"},"breadcrumb":{"@id":"https:\/\/www.welovecycling.com\/sk\/2017\/04\/28\/stvrty-rocnik-skoda-bike-open-tour-startuje-uz-tradicne-vo-svatom-jure\/#breadcrumb"},"inLanguage":"sk-SK","potentialAction":[{"@type":"ReadAction","target":["https:\/\/www.welovecycling.com\/sk\/2017\/04\/28\/stvrty-rocnik-skoda-bike-open-tour-startuje-uz-tradicne-vo-svatom-jure\/"]}]},{"@type":"ImageObject","inLanguage":"sk-SK","@id":"https:\/\/www.welovecycling.com\/sk\/2017\/04\/28\/stvrty-rocnik-skoda-bike-open-tour-startuje-uz-tradicne-vo-svatom-jure\/#primaryimage","url":"https:\/\/d2p6e6u75xmxt8.cloudfront.net\/4\/2017\/04\/sbot-wlc-banner.webp","contentUrl":"https:\/\/d2p6e6u75xmxt8.cloudfront.net\/4\/2017\/04\/sbot-wlc-banner.webp","width":1375,"height":600},{"@type":"BreadcrumbList","@id":"https:\/\/www.welovecycling.com\/sk\/2017\/04\/28\/stvrty-rocnik-skoda-bike-open-tour-startuje-uz-tradicne-vo-svatom-jure\/#breadcrumb","itemListElement":[{"@type":"ListItem","position":1,"name":"Home","item":"https:\/\/www.welovecycling.com\/sk\/"},{"@type":"ListItem","position":2,"name":"\u0160tvrt\u00fd ro\u010dn\u00edk \u0160koda BIKE OPEN TOUR \u0161tartuje u\u017e tradi\u010dne vo Sv\u00e4tom Jure"}]},{"@type":"WebSite","@id":"https:\/\/www.welovecycling.com\/sk\/#website","url":"https:\/\/www.welovecycling.com\/sk\/","name":"\u0160koda We Love Cycling Slovensko","description":"\u0160koda We Love Cycling Slovensko je v\u00e1\u0161 ka\u017edodenn\u00fd zdroj noviniek a in\u0161pir\u00e1cie z sveta cyklistiky","potentialAction":[{"@type":"SearchAction","target":{"@type":"EntryPoint","urlTemplate":"https:\/\/www.welovecycling.com\/sk\/?s={search_term_string}"},"query-input":{"@type":"PropertyValueSpecification","valueRequired":true,"valueName":"search_term_string"}}],"inLanguage":"sk-SK"},{"@type":"Person","@id":"https:\/\/www.welovecycling.com\/sk\/#\/schema\/person\/8ee09ba39b7e25b1870160aa5b3a89bc","name":"Ondrej Ga\u0161par","image":{"@type":"ImageObject","inLanguage":"sk-SK","@id":"https:\/\/www.welovecycling.com\/sk\/#\/schema\/person\/image\/","url":"https:\/\/secure.gravatar.com\/avatar\/6126c9afb87b70da5abbb083ddbb21933da15f18f8ca7cb822aba0fb096a48f6?s=96&d=mm&r=g","contentUrl":"https:\/\/secure.gravatar.com\/avatar\/6126c9afb87b70da5abbb083ddbb21933da15f18f8ca7cb822aba0fb096a48f6?s=96&d=mm&r=g","caption":"Ondrej Ga\u0161par"},"url":"https:\/\/www.welovecycling.com\/sk\/author\/ondrejgaspar\/"}]}},"_links":{"self":[{"href":"https:\/\/www.welovecycling.com\/sk\/wp-json\/wp\/v2\/posts\/505","targetHints":{"allow":["GET"]}}],"collection":[{"href":"https:\/\/www.welovecycling.com\/sk\/wp-json\/wp\/v2\/posts"}],"about":[{"href":"https:\/\/www.welovecycling.com\/sk\/wp-json\/wp\/v2\/types\/post"}],"author":[{"embeddable":true,"href":"https:\/\/www.welovecycling.com\/sk\/wp-json\/wp\/v2\/users\/38"}],"replies":[{"embeddable":true,"href":"https:\/\/www.welovecycling.com\/sk\/wp-json\/wp\/v2\/comments?post=505"}],"version-history":[{"count":2,"href":"https:\/\/www.welovecycling.com\/sk\/wp-json\/wp\/v2\/posts\/505\/revisions"}],"predecessor-version":[{"id":583,"href":"https:\/\/www.welovecycling.com\/sk\/wp-json\/wp\/v2\/posts\/505\/revisions\/583"}],"wp:featuredmedia":[{"embeddable":true,"href":"https:\/\/www.welovecycling.com\/sk\/wp-json\/wp\/v2\/media\/507"}],"wp:attachment":[{"href":"https:\/\/www.welovecycling.com\/sk\/wp-json\/wp\/v2\/media?parent=505"}],"wp:term":[{"taxonomy":"category","embeddable":true,"href":"https:\/\/www.welovecycling.com\/sk\/wp-json\/wp\/v2\/categories?post=505"},{"taxonomy":"post_tag","embeddable":true,"href":"https:\/\/www.welovecycling.com\/sk\/wp-json\/wp\/v2\/tags?post=505"},{"taxonomy":"global-categories","embeddable":true,"href":"https:\/\/www.welovecycling.com\/sk\/wp-json\/wp\/v2\/global-categories?post=505"}],"curies":[{"name":"wp","href":"https:\/\/api.w.org\/{rel}","templated":true}]}}