{"id":5044,"date":"2018-09-21T10:30:44","date_gmt":"2018-09-21T08:30:44","guid":{"rendered":"https:\/\/www.welovecycling.com\/sk\/?p=5044"},"modified":"2019-01-09T14:46:29","modified_gmt":"2019-01-09T13:46:29","slug":"peter-sagan-3-tituly-majstra-sveta-v-rade","status":"publish","type":"post","link":"https:\/\/www.welovecycling.com\/sk\/2018\/09\/21\/peter-sagan-3-tituly-majstra-sveta-v-rade\/","title":{"rendered":"Peter Sagan &#8211; 3 tituly majstra sveta v\u00a0rade"},"content":{"rendered":"<p><strong>Nest\u00e1va sa \u010dasto, \u017ee sa v\u00a0malej krajine, v\u00a0ktorej trad\u00edcia cyklistiky pretrv\u00e1va desa\u0165ro\u010dia, \u010di u\u017e ide o\u00a0profesion\u00e1lnu cyklistiku alebo spolo\u010densk\u00fa trad\u00edciu, objav\u00ed nato\u013eko v\u00fdrazn\u00fd jednotlivec, ak\u00fdm je Peter Sagan. U\u017e od jeho ml\u00e1de\u017en\u00edckych kateg\u00f3ri\u00ed vynikal svojou v\u0161estrannos\u0165ou, \u010di u\u017e technickou zru\u010dnos\u0165ou na horsk\u00fdch bicykloch alebo prezieravos\u0165ou po\u010das cestn\u00fdch pretekov.<\/strong><!--more--><\/p>\n<p>Po roku 2009, kedy dostal anga\u017em\u00e1 od profesion\u00e1lneho t\u00edmu Liquigas, sa akoby roztrhlo vrece s\u00a0\u00faspechmi, pripisovan\u00fdmi k\u00a0jeho menu. Petrovo pole p\u00f4sobnosti je \u0161irok\u00e9 &#8211; od v\u00ed\u0165azstiev v\u00a0etap\u00e1ch, na klasik\u00e1ch, \u010di v\u00a0bodovacej klasifik\u00e1cii, a\u017e k\u00a0titulu majstra sveta. I\u00a0ke\u010f Peter z\u00edskal svoj <strong>prv\u00fd majstrovsk\u00fd dres u\u017e ako 18-ro\u010dn\u00fd<\/strong> v\u00a0roku 2008, stalo sa tak v\u00a0kateg\u00f3rii cross-country na horsk\u00fdch bicykloch. 7 rokov na to u\u017e to bolo medzi elitn\u00fdmi jazdcami cestnej cyklistiky. Aby toho nebolo m\u00e1lo, Peter si to zopakoval hne\u010f trikr\u00e1t po sebe. A\u00a0tak od roku 2015 nepozn\u00e1me in\u00e9ho v\u00ed\u0165aza, ne\u017e Petra Sagana, 3-n\u00e1sobn\u00e9ho majstra sveta.<\/p>\n<p><a href=\"https:\/\/d2p6e6u75xmxt8.cloudfront.net\/4\/2018\/09\/01.jpeg\"><img loading=\"lazy\" decoding=\"async\" class=\"alignnone size-full wp-image-5048\" src=\"https:\/\/d2p6e6u75xmxt8.cloudfront.net\/4\/2018\/09\/01.jpeg\" alt=\"\" width=\"1200\" height=\"800\" \/><\/a><\/p>\n<h2><strong>Richmond \u2013 USA, 2015<\/strong><\/h2>\n<p>\u00da\u010das\u0165 v\u00a0z\u00e1morskom prostred\u00ed v\u00a0roku 2015 nebola pre Petra ni\u010d\u00edm nov\u00fdm, ke\u010f\u017ee svoje kvality prezentoval u\u017e od roku 2010 na Amgen Tour of California, v\u00a0r\u00e1mci ktorej, pr\u00e1ve v\u00a0roku 2015, vyhral aj celkov\u00e9 hodnotenie. Tra\u0165 pozost\u00e1vala z\u00a0okruhov v\u00a0meste Richmond. Ich hlavn\u00fdmi znakmi bola technickos\u0165 a\u00a0zmena povrchu \u2013 striedanie asfaltu a\u00a0pav\u00e9. 16,5 km dlh\u00fd okruh nebol v\u00fdslovne rovinat\u00fd. Najm\u00e4 posledn\u00e9 4 kilometre boli doplnen\u00e9 o\u00a03 s\u00edce kr\u00e1tke, ale o\u00a0to zauj\u00edmavej\u0161ie st\u00fapania. <strong>K\u013e\u00fa\u010dov\u00fdm pre Petra sa stalo druh\u00e9 st\u00fapanie po \u00fazkej ceste<\/strong>, \u010diasto\u010dne dl\u00e1\u017edenej kockami, ktorej sklon dosahoval v\u00a0maxime a\u017e 20 %, \u010d\u00edm sa stal miestom hodn\u00fdm \u00fatoku. Do dan\u00e9ho momentu nebolo Pe\u0165a vidie\u0165 na \u010dele, v\u010faka \u010domu dok\u00e1zal u\u0161etri\u0165 potrebn\u00e9 sily, nevyhnutn\u00e9 k\u00a0rozhoduj\u00facemu ataku v\u00a0najtvrd\u0161om \u00faseku.<\/p>\n<p><a href=\"https:\/\/d2p6e6u75xmxt8.cloudfront.net\/4\/2018\/09\/02-3.jpg\"><img loading=\"lazy\" decoding=\"async\" class=\"alignnone size-full wp-image-5049\" src=\"https:\/\/d2p6e6u75xmxt8.cloudfront.net\/4\/2018\/09\/02-3.jpg\" alt=\"\" width=\"1200\" height=\"800\" \/><\/a><\/p>\n<p>Avermaet nast\u00fapil ako prv\u00fd, nasledovan\u00fd Saganom, ktor\u00fd sa dok\u00e1zal osamostatni\u0165 na vrchole. Od tohto bodu ost\u00e1valo do cie\u013ea 2,6 kilometra, prim\u00e1rne v\u00a0zjazde. <strong>Z\u00e1sadn\u00fd moment nasledoval 1,3\u00a0kilometra pred koncom<\/strong>, kedy dvojica prenasledovate\u013eov, Avermaet a\u00a0Boasson Hagen, po\u013eavila v\u00a0doh\u00e1\u0148an\u00ed, v\u00a0tej dobe e\u0161te dosiahnute\u013enej straty. Sagan v\u0161ak nepovolil pri s\u00f3lovej jazde a\u00a0v\u010faka silovej zdatnosti, prameniacej z\u00a0jeho klasik\u00e1rskej danosti, premenil \u00fasilie na v\u00ed\u0165azstvo. 3 sekundy za n\u00edm pre\u0165ali p\u00e1sku Matthews a\u00a0Navardauskas. Saganove po\u010fakovanie smerovalo najm\u00e4 k\u00a0jeho kolegom z\u00a0n\u00e1rodn\u00e9ho t\u00edmu, konkr\u00e9tne bratovi Jurajovi a\u00a0Michaelovi Kol\u00e1\u0159ovi.<\/p>\n<p><em>\u201eJe to najv\u00e4\u010d\u0161ie v\u00ed\u0165azstvo v mojej kari\u00e9re. Som ve\u013emi \u0161\u0165astn\u00fd. Posledn\u00e9 t\u00fd\u017edne som preto ve\u013ea obetoval. Je to pre m\u0148a neuverite\u013en\u00e9.\u201c<\/em><\/p>\n<lite-youtube videoid=bwl6trQqSGs params=\"enablejsapi=1\" style=\"background-image: url('https:\/\/i.ytimg.com\/vi_webp\/bwl6trQqSGs\/maxresdefault.webp');\"><\/lite-youtube>\n<h2><strong>Doha \u2013 Katar, 2016<\/strong><\/h2>\n<p>Nehostinn\u00e9 po\u010dasie, panuj\u00face e\u0161te aj 16. okt\u00f3bra, nezastavilo Sagana pred ziskom druh\u00e9ho d\u00fahov\u00e9ho dresu. Rovinat\u00fd profil predpovedal, \u017ee <strong>bud\u00facim v\u00ed\u0165azom sa stane niekto z\u00a0klasik\u00e1rov alebo \u0161print\u00e9rov<\/strong>. 10 kilometrov pred koncom, 25-\u010dlenn\u00e1 skupina ud\u00e1vala v\u00fdvoj pretekov. Na \u010dele sa striedali pretek\u00e1ri talianskej, n\u00f3rskej a\u00a0belgickej n\u00e1rodnosti, id\u00faci pre svojich l\u00eddrov, teda Nizzola, Kristoffa a\u00a0Boonena. Tempo skupiny nedovo\u013eovalo nikomu nast\u00fapi\u0165 si a\u00a0sk\u00fasi\u0165 vlastn\u00e9 \u0161\u0165astie. Kr\u00e1tke po\u013eavenie dalo mo\u017enos\u0165 Terpstrovi (ITA) a\u00a0Avermaetovi (BEL) dosta\u0165 sa na popredn\u00e9 miesta skupiny, av\u0161ak nie na \u00fanik.<\/p>\n<p><a href=\"https:\/\/d2p6e6u75xmxt8.cloudfront.net\/4\/2018\/09\/03-2.jpg\"><img loading=\"lazy\" decoding=\"async\" class=\"size-full wp-image-5050\" src=\"https:\/\/d2p6e6u75xmxt8.cloudfront.net\/4\/2018\/09\/03-2.jpg\" alt=\"\" width=\"1200\" height=\"800\" \/><\/a><\/p>\n<p>Ich \u00fasilie bolo opr\u00e1vnen\u00e9, ke\u010f\u017ee ako klasik\u00e1ri nemali vysok\u00e9 \u0161anci oproti \u0161print\u00e9rom v\u00a0hromadnom dojazde v\u00a0z\u00e1vere. V\u00a0tomto okamihu upokojil nervozitu na \u010dele Kol\u00e1\u0159 (SVK). Po jeho odst\u00fapen\u00ed, necel\u00e9 3 kilometre pred koncom, sa osamostatnil Leezer (NED), \u010do mu vydr\u017ealo a\u017e na m\u00e9tu 300 metrov pred koncom. To u\u017e sa schy\u013eovalo na \u0161print po\u010detnej skupiny, z\u00a0ktorej ako prv\u00fd \u0161printoval Boonen. Z\u00a0jeho pravej strany mu kontroval Nizzolo, z\u00a0\u013eavej Matthews a\u00a0Cavendish (ENG). Aj napriek nev\u00fdhodnej poz\u00edcii Sagana, v\u00a0tej dobe okolo 8. miesta, dok\u00e1zal z\u00a0pravej strany, okolo bari\u00e9r, v\u00a0posledn\u00fdch 150 m ob\u00eds\u0165 ostatn\u00fdch konkurentov. Aj ke\u010f mal Sagan na svojej strane v\u00fdrazn\u00fa absenciu odporu vzduchu, jeho <strong>v\u00fdkon naozaj vzbudil obdiv<\/strong>. Za Saganom ako druh\u00fd pre\u0165al cie\u013eov\u00fa p\u00e1sku sklaman\u00fd Cavendish a\u00a0n\u00e1sledne aj tret\u00ed, Belgi\u010dan Boonen.<\/p>\n<p><em>\u201eNem\u00f4\u017eem tomu uveri\u0165, st\u00e1le som v\u00a0\u0161oku. Keby mi nechal tro\u0161ku menej miesta, tak spadnem, lebo ja nebrzd\u00edm. Mal som tu najv\u00e4\u010d\u0161iu skupinu fan\u00fa\u0161ikov, \u010fakujem im za podporu, c\u00edtil som to, dodali mi ve\u013ea energie.\u201c<\/em><\/p>\n<p>https:\/\/www.youtube.com\/watch?v=Fm3xgCY0Zac<\/p>\n<h2><strong>Bergen \u2013 N\u00f3rsko, 2017<\/strong><\/h2>\n<p>Oproti minul\u00e9mu roku sa mohli jazdci pripravi\u0165 na znesite\u013enej\u0161ie a\u00a0pretekaniu pr\u00edhodnej\u0161ie po\u010dasie na severe Eur\u00f3py, v\u00a0N\u00f3rsku. Tra\u0165 viedla z\u00a0Rongu cez mno\u017estvo men\u0161\u00edch ostrovov, a\u017e do samotn\u00e9ho Bergenu, v\u00a0ktorom si jazdci obkr\u00fa\u017eili<strong> 11 okruhov pred z\u00e1vere\u010dn\u00fdm prejazdom cie\u013eovou p\u00e1skou<\/strong>. Spom\u00ednan\u00e9 okruhy pozost\u00e1vali z\u00a019,1 km dlh\u00e9ho prejazdu Bergenom a\u00a0jeho pri\u013eahl\u00fdm okol\u00edm, vr\u00e1tane jedn\u00e9ho st\u00fapania s\u00a0d\u013a\u017ekou 1,5 km a\u00a0priemern\u00fdm sklonom 6,4 %, kon\u010diacim 11 km pred cie\u013eom.<\/p>\n<p>Do posledn\u00e9ho okruhu prich\u00e1dzal pelot\u00f3n ako najpo\u010detnej\u0161ia skupina. Na za\u010diatku posledn\u00e9ho v\u00fdjazdu na st\u00fapanie Salmon Hill sa odp\u00fatal z\u00a0\u010dela Alaphilippe (FRA), spolu s\u00a0Mosconom (ITA). Ich n\u00e1skok v\u0161ak netrval dlho, ke\u010f zozadu valiaci sa pelot\u00f3n zmaril ich \u0161ance na \u00faspech, a to len jeden kilometer pred koncom. V\u00a0tej dobe sa u\u017e \u010dakalo len na fin\u00e1lny \u0161print. 500 m pred cie\u013eom si na \u010dele pelot\u00f3nu vyberali svoje poz\u00edcie jazdci ako \u0160tybar (CZE), Gaviria (COL), Trentin (ITA), Matthews (AUS), Sagan (SVK), \u010di Kristoff (NOR). Pr\u00e1ve posledn\u00fd menovan\u00fd vyrazil ako prv\u00fd, na hranici 300 metrov pred p\u00e1skou, nasledovan\u00fd Saganom. Posledn\u00fdch 170 metrov \u0161printovali obidvaja pretek\u00e1ri rameno pri ramene, a\u017e napokon po f\u00e9rovom s\u00faboji pre\u0161li cie\u013eom. Potvrdenie o\u00a0v\u00ed\u0165azstve Sagana prebiehalo cez cie\u013eov\u00fa fotografiu, na ktorej bol <strong>zrete\u013ene prv\u00fd pribli\u017ene o\u00a020 cm<\/strong>.<\/p>\n<p>https:\/\/www.youtube.com\/watch?v=0lqN-BD5Jws<\/p>\n<p><strong>Kristoffova pozn\u00e1mka<\/strong> po stretnut\u00ed so Saganom v\u00a0stane v\u00a0cie\u013eovom priestore, hovorila za v\u0161etko: <em>\u201eJe \u0165a\u017ek\u00e9 \u0165a porazi\u0165.\u201c<\/em>.<\/p>\n<p><em>\u201e5 kilometrov pred koncom som si povedal, \u017ee je to u\u017e straten\u00e9. Situ\u00e1cia sa menila, sna\u017eil som sa nast\u00fapi\u0165 si z\u00a0pelot\u00f3nu, Gaviria sa to sna\u017eil stiahnu\u0165 a\u00a0nakoniec pri\u0161lo na cie\u013eov\u00fd \u0161print. &#8230; (Kristoff) pretekal doma, je mi \u013e\u00fato, \u017ee som ho porazil, ale som naozaj \u0161\u0165astn\u00fd, \u017ee som op\u00e4tovne vyhral. Je to pre m\u0148a neuverite\u013en\u00e9. Nebolo mo\u017en\u00e9 predv\u00edda\u0165 priebeh z\u00e1veru, v\u0161etko sa to udialo zo sekundy na sekundu.\u201c<\/em> <strong>Sagan<\/strong> venoval svoje v\u00ed\u0165azstvo tragicky zosnul\u00e9mu Michele Scarponimu, fenomen\u00e1lnemu talianskemu jazdcovi.<\/p>\n<p><a href=\"https:\/\/d2p6e6u75xmxt8.cloudfront.net\/4\/2018\/09\/04-2.jpg\"><img loading=\"lazy\" decoding=\"async\" class=\"alignnone size-extra-large wp-image-5052\" src=\"https:\/\/d2p6e6u75xmxt8.cloudfront.net\/4\/2018\/09\/04-2.jpg\" alt=\"\" width=\"1200\" height=\"800\" \/><\/a><\/p>\n<p>Ve\u013ek\u00fd ot\u00e1znik vis\u00ed pr\u00e1ve v\u00a0t\u00fdch d\u0148och nad rekordnou, 4. obhajobou Saganovho v\u00ed\u0165azstva. Tohtoro\u010dn\u00e1 tra\u0165 sa odli\u0161uje od minuloro\u010dn\u00fdch, najm\u00e4 nadpriemern\u00fdm mno\u017estvom nast\u00fapan\u00fdch metrov, ktor\u00e9 pr\u00e1ve Saganovi nesved\u010dia. Uvid\u00edme, mo\u017eno n\u00e1s &#8222;Slovensk\u00fd r\u00fdchlik&#8220; predsa len op\u00e4\u0165 prekvap\u00ed.<\/p>\n<p>(zdroj fotiek: TASR, Cyklistick\u00fd Spolok \u017dilina, santinisms.it, twitter.com\/petosagan\/)<\/p>\n","protected":false},"excerpt":{"rendered":"<p>Nest\u00e1va sa \u010dasto, \u017ee sa v\u00a0malej krajine, v\u00a0ktorej trad\u00edcia cyklistiky pretrv\u00e1va desa\u0165ro\u010dia, \u010di u\u017e ide o\u00a0profesion\u00e1lnu cyklistiku alebo spolo\u010densk\u00fa trad\u00edciu, [&hellip;]<\/p>\n","protected":false},"author":38,"featured_media":5051,"comment_status":"open","ping_status":"open","sticky":false,"template":"","format":"standard","meta":{"footnotes":""},"categories":[4,63],"tags":[255,606,599,272,482,481,281,607,46,598,256,523,605,269],"global-categories":[],"class_list":["post-5044","post","type-post","status-publish","format-standard","has-post-thumbnail","hentry","category-cestna-cyklisitika","category-grand-tour","tag-255","tag-3-nasobny","tag-innsbruck","tag-majster-sveta","tag-majstrovsky-dres","tag-majstrovstva","tag-majstrovstva-sveta","tag-ocenenie","tag-peter-sagan","tag-rakusko","tag-sezona","tag-slovensko","tag-titul","tag-vitaz"],"yoast_head":"<!-- This site is optimized with the Yoast SEO Premium plugin v25.3 (Yoast SEO v25.9) - https:\/\/yoast.com\/wordpress\/plugins\/seo\/ -->\n<title>Peter Sagan - 3 tituly majstra sveta v\u00a0rade - \u0160koda We Love Cycling Slovensko<\/title>\n<meta name=\"robots\" content=\"index, follow, max-snippet:-1, max-image-preview:large, max-video-preview:-1\" \/>\n<link rel=\"canonical\" href=\"https:\/\/www.welovecycling.com\/sk\/2018\/09\/21\/peter-sagan-3-tituly-majstra-sveta-v-rade\/\" \/>\n<meta property=\"og:locale\" content=\"sk_SK\" \/>\n<meta property=\"og:type\" content=\"article\" \/>\n<meta property=\"og:title\" content=\"Peter Sagan - 3 tituly majstra sveta v\u00a0rade\" \/>\n<meta property=\"og:description\" content=\"Nest\u00e1va sa \u010dasto, \u017ee sa v\u00a0malej krajine, v\u00a0ktorej trad\u00edcia cyklistiky pretrv\u00e1va desa\u0165ro\u010dia, \u010di u\u017e ide o\u00a0profesion\u00e1lnu cyklistiku alebo spolo\u010densk\u00fa trad\u00edciu, [&hellip;]\" \/>\n<meta property=\"og:url\" content=\"https:\/\/www.welovecycling.com\/sk\/2018\/09\/21\/peter-sagan-3-tituly-majstra-sveta-v-rade\/\" \/>\n<meta property=\"og:site_name\" content=\"\u0160koda We Love Cycling Slovensko\" \/>\n<meta property=\"article:published_time\" content=\"2018-09-21T08:30:44+00:00\" \/>\n<meta property=\"article:modified_time\" content=\"2019-01-09T13:46:29+00:00\" \/>\n<meta property=\"og:image\" content=\"https:\/\/d2p6e6u75xmxt8.cloudfront.net\/4\/2018\/09\/00-3.webp\" \/>\n\t<meta property=\"og:image:width\" content=\"1380\" \/>\n\t<meta property=\"og:image:height\" content=\"600\" \/>\n\t<meta property=\"og:image:type\" content=\"image\/webp\" \/>\n<meta name=\"author\" content=\"Ondrej Ga\u0161par\" \/>\n<meta name=\"twitter:card\" content=\"summary_large_image\" \/>\n<meta name=\"twitter:label1\" content=\"Written by\" \/>\n\t<meta name=\"twitter:data1\" content=\"We Love Cycling\" \/>\n\t<meta name=\"twitter:label2\" content=\"Est. reading time\" \/>\n\t<meta name=\"twitter:data2\" content=\"5\" \/>\n<script type=\"application\/ld+json\" class=\"yoast-schema-graph\">{\"@context\":\"https:\/\/schema.org\",\"@graph\":[{\"@type\":\"WebPage\",\"@id\":\"https:\/\/www.welovecycling.com\/sk\/2018\/09\/21\/peter-sagan-3-tituly-majstra-sveta-v-rade\/\",\"url\":\"https:\/\/www.welovecycling.com\/sk\/2018\/09\/21\/peter-sagan-3-tituly-majstra-sveta-v-rade\/\",\"name\":\"Peter Sagan - 3 tituly majstra sveta v\u00a0rade - \u0160koda We Love Cycling Slovensko\",\"isPartOf\":{\"@id\":\"https:\/\/www.welovecycling.com\/sk\/#website\"},\"primaryImageOfPage\":{\"@id\":\"https:\/\/www.welovecycling.com\/sk\/2018\/09\/21\/peter-sagan-3-tituly-majstra-sveta-v-rade\/#primaryimage\"},\"image\":{\"@id\":\"https:\/\/www.welovecycling.com\/sk\/2018\/09\/21\/peter-sagan-3-tituly-majstra-sveta-v-rade\/#primaryimage\"},\"thumbnailUrl\":\"https:\/\/d2p6e6u75xmxt8.cloudfront.net\/4\/2018\/09\/00-3.webp\",\"datePublished\":\"2018-09-21T08:30:44+00:00\",\"dateModified\":\"2019-01-09T13:46:29+00:00\",\"author\":{\"@id\":\"https:\/\/www.welovecycling.com\/sk\/#\/schema\/person\/8ee09ba39b7e25b1870160aa5b3a89bc\"},\"breadcrumb\":{\"@id\":\"https:\/\/www.welovecycling.com\/sk\/2018\/09\/21\/peter-sagan-3-tituly-majstra-sveta-v-rade\/#breadcrumb\"},\"inLanguage\":\"sk-SK\",\"potentialAction\":[{\"@type\":\"ReadAction\",\"target\":[\"https:\/\/www.welovecycling.com\/sk\/2018\/09\/21\/peter-sagan-3-tituly-majstra-sveta-v-rade\/\"]}]},{\"@type\":\"ImageObject\",\"inLanguage\":\"sk-SK\",\"@id\":\"https:\/\/www.welovecycling.com\/sk\/2018\/09\/21\/peter-sagan-3-tituly-majstra-sveta-v-rade\/#primaryimage\",\"url\":\"https:\/\/d2p6e6u75xmxt8.cloudfront.net\/4\/2018\/09\/00-3.webp\",\"contentUrl\":\"https:\/\/d2p6e6u75xmxt8.cloudfront.net\/4\/2018\/09\/00-3.webp\",\"width\":1380,\"height\":600},{\"@type\":\"BreadcrumbList\",\"@id\":\"https:\/\/www.welovecycling.com\/sk\/2018\/09\/21\/peter-sagan-3-tituly-majstra-sveta-v-rade\/#breadcrumb\",\"itemListElement\":[{\"@type\":\"ListItem\",\"position\":1,\"name\":\"Home\",\"item\":\"https:\/\/www.welovecycling.com\/sk\/\"},{\"@type\":\"ListItem\",\"position\":2,\"name\":\"Peter Sagan &#8211; 3 tituly majstra sveta v\u00a0rade\"}]},{\"@type\":\"WebSite\",\"@id\":\"https:\/\/www.welovecycling.com\/sk\/#website\",\"url\":\"https:\/\/www.welovecycling.com\/sk\/\",\"name\":\"\u0160koda We Love Cycling Slovensko\",\"description\":\"\u0160koda We Love Cycling Slovensko je v\u00e1\u0161 ka\u017edodenn\u00fd zdroj noviniek a in\u0161pir\u00e1cie z sveta cyklistiky\",\"potentialAction\":[{\"@type\":\"SearchAction\",\"target\":{\"@type\":\"EntryPoint\",\"urlTemplate\":\"https:\/\/www.welovecycling.com\/sk\/?s={search_term_string}\"},\"query-input\":{\"@type\":\"PropertyValueSpecification\",\"valueRequired\":true,\"valueName\":\"search_term_string\"}}],\"inLanguage\":\"sk-SK\"},{\"@type\":\"Person\",\"@id\":\"https:\/\/www.welovecycling.com\/sk\/#\/schema\/person\/8ee09ba39b7e25b1870160aa5b3a89bc\",\"name\":\"Ondrej Ga\u0161par\",\"image\":{\"@type\":\"ImageObject\",\"inLanguage\":\"sk-SK\",\"@id\":\"https:\/\/www.welovecycling.com\/sk\/#\/schema\/person\/image\/\",\"url\":\"https:\/\/secure.gravatar.com\/avatar\/6126c9afb87b70da5abbb083ddbb21933da15f18f8ca7cb822aba0fb096a48f6?s=96&d=mm&r=g\",\"contentUrl\":\"https:\/\/secure.gravatar.com\/avatar\/6126c9afb87b70da5abbb083ddbb21933da15f18f8ca7cb822aba0fb096a48f6?s=96&d=mm&r=g\",\"caption\":\"Ondrej Ga\u0161par\"},\"url\":\"https:\/\/www.welovecycling.com\/sk\/author\/ondrejgaspar\/\"}]}<\/script>\n<!-- \/ Yoast SEO Premium plugin. -->","yoast_head_json":{"title":"Peter Sagan - 3 tituly majstra sveta v\u00a0rade - \u0160koda We Love Cycling Slovensko","robots":{"index":"index","follow":"follow","max-snippet":"max-snippet:-1","max-image-preview":"max-image-preview:large","max-video-preview":"max-video-preview:-1"},"canonical":"https:\/\/www.welovecycling.com\/sk\/2018\/09\/21\/peter-sagan-3-tituly-majstra-sveta-v-rade\/","og_locale":"sk_SK","og_type":"article","og_title":"Peter Sagan - 3 tituly majstra sveta v\u00a0rade","og_description":"Nest\u00e1va sa \u010dasto, \u017ee sa v\u00a0malej krajine, v\u00a0ktorej trad\u00edcia cyklistiky pretrv\u00e1va desa\u0165ro\u010dia, \u010di u\u017e ide o\u00a0profesion\u00e1lnu cyklistiku alebo spolo\u010densk\u00fa trad\u00edciu, [&hellip;]","og_url":"https:\/\/www.welovecycling.com\/sk\/2018\/09\/21\/peter-sagan-3-tituly-majstra-sveta-v-rade\/","og_site_name":"\u0160koda We Love Cycling Slovensko","article_published_time":"2018-09-21T08:30:44+00:00","article_modified_time":"2019-01-09T13:46:29+00:00","og_image":[{"width":1380,"height":600,"url":"https:\/\/d2p6e6u75xmxt8.cloudfront.net\/4\/2018\/09\/00-3.webp","type":"image\/webp"}],"author":"Ondrej Ga\u0161par","twitter_card":"summary_large_image","twitter_misc":{"Written by":"We Love Cycling","Est. reading time":"5"},"schema":{"@context":"https:\/\/schema.org","@graph":[{"@type":"WebPage","@id":"https:\/\/www.welovecycling.com\/sk\/2018\/09\/21\/peter-sagan-3-tituly-majstra-sveta-v-rade\/","url":"https:\/\/www.welovecycling.com\/sk\/2018\/09\/21\/peter-sagan-3-tituly-majstra-sveta-v-rade\/","name":"Peter Sagan - 3 tituly majstra sveta v\u00a0rade - \u0160koda We Love Cycling Slovensko","isPartOf":{"@id":"https:\/\/www.welovecycling.com\/sk\/#website"},"primaryImageOfPage":{"@id":"https:\/\/www.welovecycling.com\/sk\/2018\/09\/21\/peter-sagan-3-tituly-majstra-sveta-v-rade\/#primaryimage"},"image":{"@id":"https:\/\/www.welovecycling.com\/sk\/2018\/09\/21\/peter-sagan-3-tituly-majstra-sveta-v-rade\/#primaryimage"},"thumbnailUrl":"https:\/\/d2p6e6u75xmxt8.cloudfront.net\/4\/2018\/09\/00-3.webp","datePublished":"2018-09-21T08:30:44+00:00","dateModified":"2019-01-09T13:46:29+00:00","author":{"@id":"https:\/\/www.welovecycling.com\/sk\/#\/schema\/person\/8ee09ba39b7e25b1870160aa5b3a89bc"},"breadcrumb":{"@id":"https:\/\/www.welovecycling.com\/sk\/2018\/09\/21\/peter-sagan-3-tituly-majstra-sveta-v-rade\/#breadcrumb"},"inLanguage":"sk-SK","potentialAction":[{"@type":"ReadAction","target":["https:\/\/www.welovecycling.com\/sk\/2018\/09\/21\/peter-sagan-3-tituly-majstra-sveta-v-rade\/"]}]},{"@type":"ImageObject","inLanguage":"sk-SK","@id":"https:\/\/www.welovecycling.com\/sk\/2018\/09\/21\/peter-sagan-3-tituly-majstra-sveta-v-rade\/#primaryimage","url":"https:\/\/d2p6e6u75xmxt8.cloudfront.net\/4\/2018\/09\/00-3.webp","contentUrl":"https:\/\/d2p6e6u75xmxt8.cloudfront.net\/4\/2018\/09\/00-3.webp","width":1380,"height":600},{"@type":"BreadcrumbList","@id":"https:\/\/www.welovecycling.com\/sk\/2018\/09\/21\/peter-sagan-3-tituly-majstra-sveta-v-rade\/#breadcrumb","itemListElement":[{"@type":"ListItem","position":1,"name":"Home","item":"https:\/\/www.welovecycling.com\/sk\/"},{"@type":"ListItem","position":2,"name":"Peter Sagan &#8211; 3 tituly majstra sveta v\u00a0rade"}]},{"@type":"WebSite","@id":"https:\/\/www.welovecycling.com\/sk\/#website","url":"https:\/\/www.welovecycling.com\/sk\/","name":"\u0160koda We Love Cycling Slovensko","description":"\u0160koda We Love Cycling Slovensko je v\u00e1\u0161 ka\u017edodenn\u00fd zdroj noviniek a in\u0161pir\u00e1cie z sveta cyklistiky","potentialAction":[{"@type":"SearchAction","target":{"@type":"EntryPoint","urlTemplate":"https:\/\/www.welovecycling.com\/sk\/?s={search_term_string}"},"query-input":{"@type":"PropertyValueSpecification","valueRequired":true,"valueName":"search_term_string"}}],"inLanguage":"sk-SK"},{"@type":"Person","@id":"https:\/\/www.welovecycling.com\/sk\/#\/schema\/person\/8ee09ba39b7e25b1870160aa5b3a89bc","name":"Ondrej Ga\u0161par","image":{"@type":"ImageObject","inLanguage":"sk-SK","@id":"https:\/\/www.welovecycling.com\/sk\/#\/schema\/person\/image\/","url":"https:\/\/secure.gravatar.com\/avatar\/6126c9afb87b70da5abbb083ddbb21933da15f18f8ca7cb822aba0fb096a48f6?s=96&d=mm&r=g","contentUrl":"https:\/\/secure.gravatar.com\/avatar\/6126c9afb87b70da5abbb083ddbb21933da15f18f8ca7cb822aba0fb096a48f6?s=96&d=mm&r=g","caption":"Ondrej Ga\u0161par"},"url":"https:\/\/www.welovecycling.com\/sk\/author\/ondrejgaspar\/"}]}},"_links":{"self":[{"href":"https:\/\/www.welovecycling.com\/sk\/wp-json\/wp\/v2\/posts\/5044","targetHints":{"allow":["GET"]}}],"collection":[{"href":"https:\/\/www.welovecycling.com\/sk\/wp-json\/wp\/v2\/posts"}],"about":[{"href":"https:\/\/www.welovecycling.com\/sk\/wp-json\/wp\/v2\/types\/post"}],"author":[{"embeddable":true,"href":"https:\/\/www.welovecycling.com\/sk\/wp-json\/wp\/v2\/users\/38"}],"replies":[{"embeddable":true,"href":"https:\/\/www.welovecycling.com\/sk\/wp-json\/wp\/v2\/comments?post=5044"}],"version-history":[{"count":2,"href":"https:\/\/www.welovecycling.com\/sk\/wp-json\/wp\/v2\/posts\/5044\/revisions"}],"predecessor-version":[{"id":6028,"href":"https:\/\/www.welovecycling.com\/sk\/wp-json\/wp\/v2\/posts\/5044\/revisions\/6028"}],"wp:featuredmedia":[{"embeddable":true,"href":"https:\/\/www.welovecycling.com\/sk\/wp-json\/wp\/v2\/media\/5051"}],"wp:attachment":[{"href":"https:\/\/www.welovecycling.com\/sk\/wp-json\/wp\/v2\/media?parent=5044"}],"wp:term":[{"taxonomy":"category","embeddable":true,"href":"https:\/\/www.welovecycling.com\/sk\/wp-json\/wp\/v2\/categories?post=5044"},{"taxonomy":"post_tag","embeddable":true,"href":"https:\/\/www.welovecycling.com\/sk\/wp-json\/wp\/v2\/tags?post=5044"},{"taxonomy":"global-categories","embeddable":true,"href":"https:\/\/www.welovecycling.com\/sk\/wp-json\/wp\/v2\/global-categories?post=5044"}],"curies":[{"name":"wp","href":"https:\/\/api.w.org\/{rel}","templated":true}]}}