{"id":4990,"date":"2018-09-19T10:00:46","date_gmt":"2018-09-19T08:00:46","guid":{"rendered":"https:\/\/www.welovecycling.com\/sk\/?p=4990"},"modified":"2018-09-21T11:08:43","modified_gmt":"2018-09-21T09:08:43","slug":"majstrovstva-sveta-v-cestnej-cyklistike-innsbruck-2018","status":"publish","type":"post","link":"https:\/\/www.welovecycling.com\/sk\/2018\/09\/19\/majstrovstva-sveta-v-cestnej-cyklistike-innsbruck-2018\/","title":{"rendered":"Majstrovstv\u00e1 sveta v\u00a0cestnej cyklistike, Innsbruck 2018"},"content":{"rendered":"<p><strong>Druh\u00e1 polovica roka je tradi\u010dne dobou konania majstrovstiev sveta v\u00a0cestnej cyklistike, a\u00a0ani tento rok tomu nie je inak. Tentokr\u00e1t v\u0161ak v\u010faka na\u0161ej s\u00fa\u0165a\u017ei o VIP l\u00edstky s ubytovan\u00edm a autom s plnou n\u00e1dr\u017eou, m\u00f4\u017eete by\u0165 pri tom aj vy!<\/strong> <!--more--><\/p>\n<p>Z\u00a0minuloro\u010dn\u00e9ho Bergenu v\u00a0N\u00f3rsku sa 22. \u2013 30. septembra 2018 presunieme k\u00a0na\u0161im susedom, do Innsbrucku v\u00a0Rak\u00fasku. Cestn\u00e1 cyklistika, to nie s\u00fa len hromadn\u00e9 preteky mu\u017eov, ako by sa pod\u013ea vysielania v\u00a0telev\u00edzii mohlo zda\u0165. V\u00a0rozmedz\u00ed \u00f4smich dn\u00ed sa n\u00e1m predstavia <strong>r\u00f4zne vekov\u00e9 kateg\u00f3rie<\/strong>, rozdelen\u00e9 pod\u013ea pohlavia, ale aj <strong>discipl\u00edny<\/strong>. Pre jednotlivcov s\u00fa ur\u010den\u00e9 hromadn\u00e9 cestn\u00e9 preteky s\u00fa\u010dasne s\u00a0individu\u00e1lnou \u010dasovkou. T\u00edmy bud\u00fa s\u00fa\u0165a\u017ei\u0165, prirodzene, v\u00a0t\u00edmovej \u010dasovke.<\/p>\n<p><a href=\"https:\/\/d2p6e6u75xmxt8.cloudfront.net\/4\/2018\/09\/01-2.jpg\"><img loading=\"lazy\" decoding=\"async\" src=\"https:\/\/d2p6e6u75xmxt8.cloudfront.net\/4\/2018\/09\/01-2.jpg\" alt=\"\" width=\"1200\" height=\"800\" class=\"alignnone size-full wp-image-4995\" \/><\/a><\/p>\n<h2><strong>Hromadn\u00e9 preteky<\/strong><\/h2>\n<p>Oproti minul\u00e9mu roku sa m\u00f4\u017eeme te\u0161i\u0165 na naozaj <strong>kopcovit\u00fd charakter trate<\/strong>. Pre mu\u017eov je pripraven\u00fdch <strong>265 km<\/strong> so skoro <strong>5 000 nast\u00fapan\u00fdmi v\u00fd\u0161kov\u00fdmi metrami<\/strong>. Aj minul\u00fd rok museli jazdci zdola\u0165 \u00favodn\u00fd 40-kilometrov\u00fd \u00fasek nasledovan\u00fd 11 kolami situovan\u00fdmi v\u00a0Bergene, zah\u0155\u0148aj\u00facimi 1,5 km st\u00fapanie s\u00a0priemern\u00fdm sklonom okolo 6 %. Tento rok taktie\u017e pretek\u00e1ri absolvuj\u00fa \u00favodn\u00fdch 90 km ved\u00facich z\u00a0mesta Kufstein do bl\u00edzkosti Innsbrucku, kde zapo\u010dne odpo\u010det kr\u00e1tkych okruhov, v\u00a0pr\u00edpade juniorov 2, \u017eien 3, mu\u017eov do 23 rokov 4 a\u00a0pre mu\u017eov elite je pripraven\u00fdch a\u017e 6 mal\u00fdch k\u00f4l s \u201ebonusov\u00fdm\u201c siedmym ve\u013ek\u00fdm okruhom pozost\u00e1vaj\u00facim zo st\u00fapania na Igls (spolo\u010dne s\u00a0mal\u00fdm okruhom) a\u00a0st\u00fapania Gramartboden.<\/p>\n<p><a href=\"https:\/\/d2p6e6u75xmxt8.cloudfront.net\/4\/2018\/09\/02-2.jpg\"><img loading=\"lazy\" decoding=\"async\" src=\"https:\/\/d2p6e6u75xmxt8.cloudfront.net\/4\/2018\/09\/02-2.jpg\" alt=\"\" width=\"1200\" height=\"800\" class=\"alignnone size-full wp-image-4996\" \/><\/a><\/p>\n<p>Prv\u00e9 st\u00fapanie je umiestnen\u00e9 e\u0161te v\u00a0\u00favodnom \u00faseku pred vstupom do Innsbrucku. Na 62. km za\u010d\u00edna <strong>st\u00fapanie na Gnadenwald<\/strong>, meriace \u201elen\u201c 2,6 km, av\u0161ak s\u00a0priemern\u00fdm st\u00fapan\u00edm 10,5 %. U\u017e spom\u00ednan\u00e9 okruhy obsahuj\u00fa jedno, respekt\u00edve 2 st\u00fapania. Kr\u00e1tky okruh vedie ulicami mesta Innsbruck a\u00a0mieri na st\u00fapanie na Igls. Jeho parametre s\u00fa <strong>7,9 km a\u00a05,7 %<\/strong> v\u00a0priemere, s\u00a0maximom na 10 %. Ve\u013ek\u00fd okruh, ktor\u00fd p\u00f4jdu len mu\u017ei, aj to len jedenkr\u00e1t (31 km pred cie\u013eom), prevedie jazdcov okrem st\u00fapania na Igls, aj st\u00fapan\u00edm na Gramartboden. To je situovan\u00e9 11 km pred koncom. 2,8 km dlh\u00e9 st\u00fapanie v\u0161ak potr\u00e1pi jazdcov, v\u010faka priemern\u00e9mu sklonu 11,5 % s\u00a0<strong>brut\u00e1lnym maximom na 25&nbsp;%<\/strong>, kilometer pred vrcholom.<\/p>\n<div data-rows=\"1\" id='gallery-1' class='gallery-rows-1 gallery galleryid-4990 gallery-columns-2 gallery-size-full'><figure class='gallery-item'>\n\t\t\t<div class='gallery-icon landscape'>\n\t\t\t\t<a href='https:\/\/d2p6e6u75xmxt8.cloudfront.net\/4\/2018\/09\/04-1.webp'><img loading=\"lazy\" decoding=\"async\" width=\"1200\" height=\"800\" src=\"https:\/\/d2p6e6u75xmxt8.cloudfront.net\/4\/2018\/09\/04-1.webp\" class=\"attachment-full size-full\" alt=\"\" srcset=\"https:\/\/d2p6e6u75xmxt8.cloudfront.net\/4\/2018\/09\/04-1.webp 1200w, https:\/\/d2p6e6u75xmxt8.cloudfront.net\/4\/2018\/09\/04-1-300x200.webp 300w, https:\/\/d2p6e6u75xmxt8.cloudfront.net\/4\/2018\/09\/04-1-1024x683.webp 1024w, https:\/\/d2p6e6u75xmxt8.cloudfront.net\/4\/2018\/09\/04-1-768x512.webp 768w, https:\/\/d2p6e6u75xmxt8.cloudfront.net\/4\/2018\/09\/04-1-272x182.webp 272w\" sizes=\"auto, (max-width: 1200px) 100vw, 1200px\" \/><\/a>\n\t\t\t<\/div><\/figure><figure class='gallery-item'>\n\t\t\t<div class='gallery-icon landscape'>\n\t\t\t\t<a href='https:\/\/d2p6e6u75xmxt8.cloudfront.net\/4\/2018\/09\/03-1.webp'><img loading=\"lazy\" decoding=\"async\" width=\"1200\" height=\"800\" src=\"https:\/\/d2p6e6u75xmxt8.cloudfront.net\/4\/2018\/09\/03-1.webp\" class=\"attachment-full size-full\" alt=\"\" srcset=\"https:\/\/d2p6e6u75xmxt8.cloudfront.net\/4\/2018\/09\/03-1.webp 1200w, https:\/\/d2p6e6u75xmxt8.cloudfront.net\/4\/2018\/09\/03-1-300x200.webp 300w, https:\/\/d2p6e6u75xmxt8.cloudfront.net\/4\/2018\/09\/03-1-1024x683.webp 1024w, https:\/\/d2p6e6u75xmxt8.cloudfront.net\/4\/2018\/09\/03-1-768x512.webp 768w, https:\/\/d2p6e6u75xmxt8.cloudfront.net\/4\/2018\/09\/03-1-272x182.webp 272w\" sizes=\"auto, (max-width: 1200px) 100vw, 1200px\" \/><\/a>\n\t\t\t<\/div><\/figure>\n\t\t<\/div>\n        \n<h2><strong>Adepti na v\u00ed\u0165azstvo v\u00a0hromadn\u00fdch pretekoch<\/strong><\/h2>\n<p>Slovensk\u00e9 \u0161ance na 4. v\u00ed\u0165azstvo Petra Sagana nie s\u00fa nijako vysok\u00e9, ke\u010f\u017ee po\u010det nast\u00fapan\u00fdch metrov a\u00a0prudkos\u0165 st\u00fapan\u00ed nie s\u00fa t\u00fdm, \u010do Saganovi sed\u00ed. Zo zahrani\u010dn\u00fdch jazdcov s\u00fa na tom najlep\u0161ie, prirodzene, <strong>vrch\u00e1ri &#8211; \u0161pecialisti na kr\u00e1tke, ale tvrd\u00e9 st\u00fapania<\/strong>. Jedn\u00fdm z\u00a0nich je aj <strong>Valverde<\/strong>, \u0161panielsky \u0161pecialista na celkov\u00e9 klasifik\u00e1cie (v\u00ed\u0165az Vuelty 2009), ako aj na jednod\u0148ov\u00fdch klasik\u00e1ch (4x po sebe v\u00ed\u0165az Val\u00f3nskeho \u0161\u00edpu) a\u00a0in\u00fdch. Samozrejme, adeptami s\u00fa aj <strong>Kwiatkowski, Kolumbij\u010dania Quintana, \u010di Lopez<\/strong>. Prekvapi\u0165 m\u00f4\u017eu aj nov\u00e9 men\u00e1, najm\u00e4 <strong>Bernal<\/strong> po fam\u00f3znom v\u00fdkone na Tour de France v\u00a0\u00falohe domestika t\u00edmu Sky.<\/p>\n<lite-youtube videoid=fWTNwF4oWps params=\"enablejsapi=1\" style=\"background-image: url('https:\/\/i.ytimg.com\/vi_webp\/fWTNwF4oWps\/maxresdefault.webp');\"><\/lite-youtube>\n<p>V\u00a0\u017eenskej kateg\u00f3rii sa, rovnako ako v\u00a0kateg\u00f3rii mu\u017eov, asi nedo\u010dk\u00e1me obhajoby z\u00a0minul\u00e9ho roku. V\u00ed\u0165azka z\u00a02017, <strong>Holan\u010fanka Chantal Blaak<\/strong>, m\u00e1 proti sebe konkurenciu v\u00a0podobe v\u00ed\u0165azky \u017eensk\u00e9ho Gira d\u00b4Italia, \u010di jednor\u00e1zov\u00fdch pretekov na trati Tour de France, krajanku <strong>Annemiek van Vleuten<\/strong>. Do boja o\u00a0d\u00fahov\u00fd dres m\u00e1 \u010do-to poveda\u0165 aj olympijsk\u00e1 v\u00ed\u0165azka z\u00a0Ria, <strong>Anna van der Breggen<\/strong>, \u010di viacn\u00e1sobn\u00e1 majsterka sveta, <strong>Marianne Vos<\/strong>. Kv\u00f4li \u0161pecifick\u00e9mu profilu trate, nebude zaiste zbyto\u010dn\u00e9 jedn\u00fdm okom sledova\u0165 aj Austr\u00e1l\u010danku Amandu Spratt, v\u00ed\u0165azku vrch\u00e1rskej klasifik\u00e1cie \u017eensk\u00e9ho Gira.<\/p>\n<p><a href=\"https:\/\/d2p6e6u75xmxt8.cloudfront.net\/4\/2018\/09\/05-1.jpg\"><img loading=\"lazy\" decoding=\"async\" src=\"https:\/\/d2p6e6u75xmxt8.cloudfront.net\/4\/2018\/09\/05-1.jpg\" alt=\"\" width=\"1200\" height=\"800\" class=\"alignnone size-full wp-image-5001\" \/><\/a><\/p>\n<h2><strong>Individu\u00e1lna \u010dasovka<\/strong><\/h2>\n<p>Jednotlivci si zmeraj\u00fa svoje sily proti chronometru na <strong>54,2 km dlhej trati<\/strong>, na ktorej nast\u00fapaj\u00fa necel\u00fdch 500 v\u00fd\u0161kov\u00fdch metrov. Tak, ako hromadn\u00e9 preteky, aj <strong>\u010dasovka sa nesie v\u00a0znamen\u00ed prudk\u00e9ho st\u00fapania<\/strong>. Na 31. kilometri na pretek\u00e1rov \u010dak\u00e1 4,9 km dlh\u00e9 st\u00fapanie, s\u00a0priemern\u00fdm sklonom 7,1 % a\u00a0maximom na 10 %.<\/p>\n<p><a href=\"https:\/\/d2p6e6u75xmxt8.cloudfront.net\/4\/2018\/09\/06-1.jpg\"><img loading=\"lazy\" decoding=\"async\" src=\"https:\/\/d2p6e6u75xmxt8.cloudfront.net\/4\/2018\/09\/06-1.jpg\" alt=\"\" width=\"1200\" height=\"800\" class=\"alignnone size-full wp-image-5002\" \/><\/a><\/p>\n<p>Pre \u017eensk\u00fa kateg\u00f3riu je pripraven\u00e1 <strong>o\u00a0nie\u010do pr\u00edjemnej\u0161ia tra\u0165<\/strong>. 28,5 km dlh\u00e1, <strong>bez z\u00e1va\u017enej\u0161ieho st\u00fapania<\/strong>, s\u00a0celkov\u00fdm po\u010dtom 262 nast\u00fapan\u00fdch metrov a mo\u017eno ju ozna\u010di\u0165 ako zvlnen\u00fa.<\/p>\n<p><a href=\"https:\/\/d2p6e6u75xmxt8.cloudfront.net\/4\/2018\/09\/07-2.jpg\"><img loading=\"lazy\" decoding=\"async\" src=\"https:\/\/d2p6e6u75xmxt8.cloudfront.net\/4\/2018\/09\/07-2.jpg\" alt=\"\" width=\"1200\" height=\"400\" class=\"alignnone size-full wp-image-5098\" \/><\/a><\/p>\n<h2><strong>Adepti na v\u00ed\u0165azstvo<\/strong><\/h2>\n<p>Op\u00e4tovne v\u00ed\u0165aza s\u00a0najv\u00e4\u010d\u0161ou pravdepodobnos\u0165ou budeme h\u013eada\u0165 <strong>v\u00a0radoch jazdcov na celkov\u00e9 poradie<\/strong>, schopn\u00fdch zdola\u0165 v\u00a0tempe spom\u00ednan\u00e9 st\u00fapanie. Ako <strong>najv\u00e4\u010d\u0161\u00ed favoriti<\/strong> vystupuj\u00fa <strong>Dumoulin<\/strong> (Holandsko), obhajca v\u00ed\u0165azstva z\u00a0minul\u00e9ho roku a\u00a0tie\u017e v\u00ed\u0165az \u010dasovky z\u00a020. etapy Tour de France 2018, ktor\u00e1 taktie\u017e obsahovala n\u00e1ro\u010dn\u00e9 st\u00fapanie, \u010di <strong>Dennis<\/strong> (Austr\u00e1lia), v\u00ed\u0165az nieko\u013ek\u00fdch \u010dasoviek v\u00a0tomto roku (Giro, Tirreno-Adriatico, 2x Vuelta), pr\u00edde v\u00a0naozaj skvelej forme potvrdi\u0165 svoje kvality. Zavrhova\u0165 nem\u00f4\u017eeme ani anglick\u00fdch \u010dasovk\u00e1rov,<strong> Frooma a\u00a0Thomasa<\/strong>. Svoju ne\u00fa\u010das\u0165 potvrdil jeden z\u00a0popredn\u00fdch \u010dasovk\u00e1rov, <strong>Rogli\u010d<\/strong>. Medzi \u017eenami sa m\u00f4\u017eeme in\u0161pirova\u0165 minuloro\u010dn\u00fdmi v\u00fdsledkami majstrovstiev sveta, kedy zv\u00ed\u0165azila <strong>Annemiek van Vleuten<\/strong> (Holandsko) pred krajankou <strong>Annou van der Breggen<\/strong>.<\/p>\n<lite-youtube videoid=ijH4N1JKCbs params=\"enablejsapi=1\" style=\"background-image: url('https:\/\/i.ytimg.com\/vi_webp\/ijH4N1JKCbs\/maxresdefault.webp');\"><\/lite-youtube>\n<h2><strong>T\u00edmov\u00e1 \u010dasovka<\/strong><\/h2>\n<p>Ako je u\u017e zvykom, t\u00edmov\u00e1 \u010dasovka sa nesklad\u00e1 z\u00a0jazdcov jednej n\u00e1rodnosti, ale s\u00fa\u010dasn\u00fd t\u00edm, v\u00a0ktorom pretek\u00e1 dan\u00fd jazdec po\u010das celej sez\u00f3ny, ur\u010duje \u201en\u00e1rodnos\u0165\u201c celku. <strong>Tra\u0165 62,1 km dlhej \u010dasovky je rovinat\u00e1<\/strong>, obsahuj\u00faca \u201elen\u201c 1 st\u00fapanie. To m\u00e1 d\u013a\u017eku 4,6 km s\u00a0priemern\u00fdm sklonom 5,7 %. <strong>\u017densk\u00e1 m\u00e1 d\u013a\u017eku 53,8 km <\/strong>dokonca s jemne klesav\u00fdm profilom, \u010do zaru\u010duje jej r\u00fdchly priebeh.<\/p>\n<p><a href=\"https:\/\/d2p6e6u75xmxt8.cloudfront.net\/4\/2018\/09\/08-2.jpg\"><img loading=\"lazy\" decoding=\"async\" src=\"https:\/\/d2p6e6u75xmxt8.cloudfront.net\/4\/2018\/09\/08-2.jpg\" alt=\"\" width=\"1200\" height=\"400\" class=\"alignnone size-full wp-image-5099\" \/><\/a><br \/>\nT\u00edmy <strong>Sunweb, BMC a\u00a0Sky <\/strong>s\u00fa jednozna\u010dn\u00fdmi favoritmi. Samozrejme, v\u017edy existuje mo\u017enos\u0165 pre ostatn\u00e9 celky prekvapi\u0165. <\/p>\n<h2><strong>Slovensk\u00e9 zast\u00fapenie<\/strong><\/h2>\n<p>Ne\u010dakanou spr\u00e1vou pote\u0161ila UCI slovensk\u00fdch fan\u00fa\u0161ikov, ke\u010f vylosovala t\u00edm <strong>Dukla Bansk\u00e1 Bystrica<\/strong> a\u00a0\u0161tyri \u010fal\u0161ie kontinent\u00e1lne t\u00edmy, spomedzi 160 participantov k\u00a0tomu, aby sa mohli z\u00fa\u010dastni\u0165 majstrovstiev sveta v \u010dasovke t\u00edmov. Slov\u00e1ci vy\u0161l\u00fa zostavu v\u00a0zlo\u017een\u00ed <strong>Patrik Tybor, Marek \u010caneck\u00fd, J\u00e1n Andrej Cully, Martin Mah\u010far, Juraj Bellan a Samuel Oros<\/strong>.<\/p>\n<p><a href=\"https:\/\/d2p6e6u75xmxt8.cloudfront.net\/4\/2018\/09\/09-1.jpg\"><img loading=\"lazy\" decoding=\"async\" src=\"https:\/\/d2p6e6u75xmxt8.cloudfront.net\/4\/2018\/09\/09-1.jpg\" alt=\"\" width=\"1200\" height=\"800\" class=\"alignnone size-full wp-image-5005\" \/><\/a><\/p>\n<p>V hromadn\u00fdch pretekoch mu\u017eov elite m\u00e1 Slovensko mo\u017enos\u0165 nasadi\u0165 a\u017e 6 jazdcov. <strong>Peter Sagan ako majster sveta<\/strong> dostal privil\u00e9gium neby\u0165 zapo\u010d\u00edtavan\u00fd do celkov\u00e9ho s\u00fa\u010dtu pretek\u00e1rov, teda za Slovensko vy\u0161tartuje 7 jazdcov. Pod\u013ea v\u0161etk\u00e9ho to bud\u00fa \u010dlenovia Dukly Bansk\u00e1 Bystrica, mo\u017eno aj s \u00fa\u010das\u0165ou Ba\u0161ku.<\/p>\n<p>Samozrejme, v \u010dasovke t\u00edmov sa nach\u00e1dza <strong>BORA-hansgrohe<\/strong>, i ke\u010f nebude klasifikovan\u00e1 ako \u201eslovensk\u00e1\u201c. V jej zostave sa dozaista bude nach\u00e1dza\u0165 Peter Sagan, s ve\u013ekou pravdepodobnos\u0165ou aj jeho brat, Juraj. Medzi juniorkami sa predstavia 3 sle\u010dny, <strong>Hrtankov\u00e1<\/strong> id\u00faca len cestn\u00e9 preteky, a <strong>Machalkov\u00e1<\/strong> s \u00faspe\u0161nou horskou cyklistkou <strong>Paulechovou<\/strong> sa z\u00fa\u010dastnia tak \u010dasovky jednotlivcov ako aj cestn\u00fdch pretekov.<\/p>\n<p>Po\u010detn\u00e9 zast\u00fapenie m\u00e1 kateg\u00f3ria juniorov. <strong>Bla\u0161ka, Bug\u00e1ra a Gajdulu<\/strong> uvid\u00edme v pretekoch s hromadn\u00fdm \u0161tartom, <strong>Kubi\u0161a<\/strong> len v \u010dasovke jednotlivcov a <strong>Folt\u00e1na<\/strong> v obidvoch discipl\u00ednach. 4 mu\u017ei do 23 rokov bud\u00fa reprezentova\u0165 Slovensko. <strong>Babi\u010d, Bellan a Oros<\/strong> po\u010das individu\u00e1lnej \u010dasovky, <strong>Sto\u010dek<\/strong> aj v pretekoch s hromadn\u00fdm \u0161tartom. O Slovensk\u00e9 obsadenie \u017eien elite sa postaraj\u00fa <strong>Jasekov\u00e1 a Medve\u010fov\u00e1<\/strong>, prv\u00e1 participuj\u00faca tak v hromadn\u00fdch pretekoch ako aj individu\u00e1lnej \u010dasovke, druh\u00e1 len v hromadn\u00fdch pretekoch.<\/p>\n<h2><strong>Harmonogram<\/strong><\/h2>\n<p><a href=\"https:\/\/d2p6e6u75xmxt8.cloudfront.net\/4\/2018\/09\/tabulka-2.JPG.jpg\"><img loading=\"lazy\" decoding=\"async\" src=\"https:\/\/d2p6e6u75xmxt8.cloudfront.net\/4\/2018\/09\/tabulka-2.JPG.jpg\" alt=\"\" width=\"511\" height=\"594\" class=\"alignnone size-full wp-image-5022\" \/><\/a><\/p>\n<p>Najv\u00e4\u010d\u0161\u00ed sviatok cyklistiky sa nezadr\u017eate\u013ene bl\u00ed\u017ei. V\u00a0\u0148om sa rozhodne, kto bude nosi\u0165 d\u00fahov\u00fd dres po\u010das bud\u00facej sez\u00f3ny. Nepreme\u0161kajte pr\u00edle\u017eitos\u0165 a zapojte sa do s\u00fa\u0165a\u017ee o <strong>3x VIP l\u00edstky<\/strong> na preteky mu\u017eov Elite, <strong>s ubytovan\u00edm<\/strong> a <strong>autom s plnou n\u00e1dr\u017eou<\/strong> na cestu.<\/p>\n<p>https:\/\/www.facebook.com\/welovecycling.sk\/photos\/a.335344790212709\/552203255193527\/?type=3&#038;permPage=1<\/p>\n","protected":false},"excerpt":{"rendered":"<p>Druh\u00e1 polovica roka je tradi\u010dne dobou konania majstrovstiev sveta v\u00a0cestnej cyklistike, a\u00a0ani tento rok tomu nie je inak. Tentokr\u00e1t v\u0161ak [&hellip;]<\/p>\n","protected":false},"author":38,"featured_media":4993,"comment_status":"open","ping_status":"open","sticky":false,"template":"","format":"standard","meta":{"footnotes":""},"categories":[4,191,34],"tags":[601,227,275,115,473,574,599,158,281,600,279,46,598,602,270,269,475],"global-categories":[],"class_list":["post-4990","post","type-post","status-publish","format-standard","has-post-thumbnail","hentry","category-cestna-cyklisitika","category-odporucame","category-podujatia","tag-bmc","tag-casovka","tag-cesta","tag-cestna-cyklistika","tag-duhovy-dres","tag-dukla-banska-bystrica","tag-innsbruck","tag-juraj-sagan","tag-majstrovstva-sveta","tag-muzi","tag-patrik-tybor","tag-peter-sagan","tag-rakusko","tag-sunweb","tag-team-sky","tag-vitaz","tag-zeny"],"yoast_head":"<!-- This site is optimized with the Yoast SEO Premium plugin v25.3 (Yoast SEO v25.9) - https:\/\/yoast.com\/wordpress\/plugins\/seo\/ -->\n<title>Majstrovstv\u00e1 sveta v\u00a0cestnej cyklistike, Innsbruck 2018 - \u0160koda We Love Cycling Slovensko<\/title>\n<meta name=\"robots\" content=\"index, follow, max-snippet:-1, max-image-preview:large, max-video-preview:-1\" \/>\n<link rel=\"canonical\" href=\"https:\/\/www.welovecycling.com\/sk\/2018\/09\/19\/majstrovstva-sveta-v-cestnej-cyklistike-innsbruck-2018\/\" \/>\n<meta property=\"og:locale\" content=\"sk_SK\" \/>\n<meta property=\"og:type\" content=\"article\" \/>\n<meta property=\"og:title\" content=\"Majstrovstv\u00e1 sveta v\u00a0cestnej cyklistike, Innsbruck 2018\" \/>\n<meta property=\"og:description\" content=\"Druh\u00e1 polovica roka je tradi\u010dne dobou konania majstrovstiev sveta v\u00a0cestnej cyklistike, a\u00a0ani tento rok tomu nie je inak. Tentokr\u00e1t v\u0161ak [&hellip;]\" \/>\n<meta property=\"og:url\" content=\"https:\/\/www.welovecycling.com\/sk\/2018\/09\/19\/majstrovstva-sveta-v-cestnej-cyklistike-innsbruck-2018\/\" \/>\n<meta property=\"og:site_name\" content=\"\u0160koda We Love Cycling Slovensko\" \/>\n<meta property=\"article:published_time\" content=\"2018-09-19T08:00:46+00:00\" \/>\n<meta property=\"article:modified_time\" content=\"2018-09-21T09:08:43+00:00\" \/>\n<meta property=\"og:image\" content=\"https:\/\/d2p6e6u75xmxt8.cloudfront.net\/4\/2018\/09\/00-2.webp\" \/>\n\t<meta property=\"og:image:width\" content=\"1380\" \/>\n\t<meta property=\"og:image:height\" content=\"600\" \/>\n\t<meta property=\"og:image:type\" content=\"image\/webp\" \/>\n<meta name=\"author\" content=\"Ondrej Ga\u0161par\" \/>\n<meta name=\"twitter:card\" content=\"summary_large_image\" \/>\n<meta name=\"twitter:label1\" content=\"Written by\" \/>\n\t<meta name=\"twitter:data1\" content=\"We Love Cycling\" \/>\n\t<meta name=\"twitter:label2\" content=\"Est. reading time\" \/>\n\t<meta name=\"twitter:data2\" content=\"5\" \/>\n<script type=\"application\/ld+json\" class=\"yoast-schema-graph\">{\"@context\":\"https:\/\/schema.org\",\"@graph\":[{\"@type\":\"WebPage\",\"@id\":\"https:\/\/www.welovecycling.com\/sk\/2018\/09\/19\/majstrovstva-sveta-v-cestnej-cyklistike-innsbruck-2018\/\",\"url\":\"https:\/\/www.welovecycling.com\/sk\/2018\/09\/19\/majstrovstva-sveta-v-cestnej-cyklistike-innsbruck-2018\/\",\"name\":\"Majstrovstv\u00e1 sveta v\u00a0cestnej cyklistike, Innsbruck 2018 - \u0160koda We Love Cycling Slovensko\",\"isPartOf\":{\"@id\":\"https:\/\/www.welovecycling.com\/sk\/#website\"},\"primaryImageOfPage\":{\"@id\":\"https:\/\/www.welovecycling.com\/sk\/2018\/09\/19\/majstrovstva-sveta-v-cestnej-cyklistike-innsbruck-2018\/#primaryimage\"},\"image\":{\"@id\":\"https:\/\/www.welovecycling.com\/sk\/2018\/09\/19\/majstrovstva-sveta-v-cestnej-cyklistike-innsbruck-2018\/#primaryimage\"},\"thumbnailUrl\":\"https:\/\/d2p6e6u75xmxt8.cloudfront.net\/4\/2018\/09\/00-2.webp\",\"datePublished\":\"2018-09-19T08:00:46+00:00\",\"dateModified\":\"2018-09-21T09:08:43+00:00\",\"author\":{\"@id\":\"https:\/\/www.welovecycling.com\/sk\/#\/schema\/person\/8ee09ba39b7e25b1870160aa5b3a89bc\"},\"breadcrumb\":{\"@id\":\"https:\/\/www.welovecycling.com\/sk\/2018\/09\/19\/majstrovstva-sveta-v-cestnej-cyklistike-innsbruck-2018\/#breadcrumb\"},\"inLanguage\":\"sk-SK\",\"potentialAction\":[{\"@type\":\"ReadAction\",\"target\":[\"https:\/\/www.welovecycling.com\/sk\/2018\/09\/19\/majstrovstva-sveta-v-cestnej-cyklistike-innsbruck-2018\/\"]}]},{\"@type\":\"ImageObject\",\"inLanguage\":\"sk-SK\",\"@id\":\"https:\/\/www.welovecycling.com\/sk\/2018\/09\/19\/majstrovstva-sveta-v-cestnej-cyklistike-innsbruck-2018\/#primaryimage\",\"url\":\"https:\/\/d2p6e6u75xmxt8.cloudfront.net\/4\/2018\/09\/00-2.webp\",\"contentUrl\":\"https:\/\/d2p6e6u75xmxt8.cloudfront.net\/4\/2018\/09\/00-2.webp\",\"width\":1380,\"height\":600},{\"@type\":\"BreadcrumbList\",\"@id\":\"https:\/\/www.welovecycling.com\/sk\/2018\/09\/19\/majstrovstva-sveta-v-cestnej-cyklistike-innsbruck-2018\/#breadcrumb\",\"itemListElement\":[{\"@type\":\"ListItem\",\"position\":1,\"name\":\"Home\",\"item\":\"https:\/\/www.welovecycling.com\/sk\/\"},{\"@type\":\"ListItem\",\"position\":2,\"name\":\"Majstrovstv\u00e1 sveta v\u00a0cestnej cyklistike, Innsbruck 2018\"}]},{\"@type\":\"WebSite\",\"@id\":\"https:\/\/www.welovecycling.com\/sk\/#website\",\"url\":\"https:\/\/www.welovecycling.com\/sk\/\",\"name\":\"\u0160koda We Love Cycling Slovensko\",\"description\":\"\u0160koda We Love Cycling Slovensko je v\u00e1\u0161 ka\u017edodenn\u00fd zdroj noviniek a in\u0161pir\u00e1cie z sveta cyklistiky\",\"potentialAction\":[{\"@type\":\"SearchAction\",\"target\":{\"@type\":\"EntryPoint\",\"urlTemplate\":\"https:\/\/www.welovecycling.com\/sk\/?s={search_term_string}\"},\"query-input\":{\"@type\":\"PropertyValueSpecification\",\"valueRequired\":true,\"valueName\":\"search_term_string\"}}],\"inLanguage\":\"sk-SK\"},{\"@type\":\"Person\",\"@id\":\"https:\/\/www.welovecycling.com\/sk\/#\/schema\/person\/8ee09ba39b7e25b1870160aa5b3a89bc\",\"name\":\"Ondrej Ga\u0161par\",\"image\":{\"@type\":\"ImageObject\",\"inLanguage\":\"sk-SK\",\"@id\":\"https:\/\/www.welovecycling.com\/sk\/#\/schema\/person\/image\/\",\"url\":\"https:\/\/secure.gravatar.com\/avatar\/6126c9afb87b70da5abbb083ddbb21933da15f18f8ca7cb822aba0fb096a48f6?s=96&d=mm&r=g\",\"contentUrl\":\"https:\/\/secure.gravatar.com\/avatar\/6126c9afb87b70da5abbb083ddbb21933da15f18f8ca7cb822aba0fb096a48f6?s=96&d=mm&r=g\",\"caption\":\"Ondrej Ga\u0161par\"},\"url\":\"https:\/\/www.welovecycling.com\/sk\/author\/ondrejgaspar\/\"}]}<\/script>\n<!-- \/ Yoast SEO Premium plugin. -->","yoast_head_json":{"title":"Majstrovstv\u00e1 sveta v\u00a0cestnej cyklistike, Innsbruck 2018 - \u0160koda We Love Cycling Slovensko","robots":{"index":"index","follow":"follow","max-snippet":"max-snippet:-1","max-image-preview":"max-image-preview:large","max-video-preview":"max-video-preview:-1"},"canonical":"https:\/\/www.welovecycling.com\/sk\/2018\/09\/19\/majstrovstva-sveta-v-cestnej-cyklistike-innsbruck-2018\/","og_locale":"sk_SK","og_type":"article","og_title":"Majstrovstv\u00e1 sveta v\u00a0cestnej cyklistike, Innsbruck 2018","og_description":"Druh\u00e1 polovica roka je tradi\u010dne dobou konania majstrovstiev sveta v\u00a0cestnej cyklistike, a\u00a0ani tento rok tomu nie je inak. Tentokr\u00e1t v\u0161ak [&hellip;]","og_url":"https:\/\/www.welovecycling.com\/sk\/2018\/09\/19\/majstrovstva-sveta-v-cestnej-cyklistike-innsbruck-2018\/","og_site_name":"\u0160koda We Love Cycling Slovensko","article_published_time":"2018-09-19T08:00:46+00:00","article_modified_time":"2018-09-21T09:08:43+00:00","og_image":[{"width":1380,"height":600,"url":"https:\/\/d2p6e6u75xmxt8.cloudfront.net\/4\/2018\/09\/00-2.webp","type":"image\/webp"}],"author":"Ondrej Ga\u0161par","twitter_card":"summary_large_image","twitter_misc":{"Written by":"We Love Cycling","Est. reading time":"5"},"schema":{"@context":"https:\/\/schema.org","@graph":[{"@type":"WebPage","@id":"https:\/\/www.welovecycling.com\/sk\/2018\/09\/19\/majstrovstva-sveta-v-cestnej-cyklistike-innsbruck-2018\/","url":"https:\/\/www.welovecycling.com\/sk\/2018\/09\/19\/majstrovstva-sveta-v-cestnej-cyklistike-innsbruck-2018\/","name":"Majstrovstv\u00e1 sveta v\u00a0cestnej cyklistike, Innsbruck 2018 - \u0160koda We Love Cycling Slovensko","isPartOf":{"@id":"https:\/\/www.welovecycling.com\/sk\/#website"},"primaryImageOfPage":{"@id":"https:\/\/www.welovecycling.com\/sk\/2018\/09\/19\/majstrovstva-sveta-v-cestnej-cyklistike-innsbruck-2018\/#primaryimage"},"image":{"@id":"https:\/\/www.welovecycling.com\/sk\/2018\/09\/19\/majstrovstva-sveta-v-cestnej-cyklistike-innsbruck-2018\/#primaryimage"},"thumbnailUrl":"https:\/\/d2p6e6u75xmxt8.cloudfront.net\/4\/2018\/09\/00-2.webp","datePublished":"2018-09-19T08:00:46+00:00","dateModified":"2018-09-21T09:08:43+00:00","author":{"@id":"https:\/\/www.welovecycling.com\/sk\/#\/schema\/person\/8ee09ba39b7e25b1870160aa5b3a89bc"},"breadcrumb":{"@id":"https:\/\/www.welovecycling.com\/sk\/2018\/09\/19\/majstrovstva-sveta-v-cestnej-cyklistike-innsbruck-2018\/#breadcrumb"},"inLanguage":"sk-SK","potentialAction":[{"@type":"ReadAction","target":["https:\/\/www.welovecycling.com\/sk\/2018\/09\/19\/majstrovstva-sveta-v-cestnej-cyklistike-innsbruck-2018\/"]}]},{"@type":"ImageObject","inLanguage":"sk-SK","@id":"https:\/\/www.welovecycling.com\/sk\/2018\/09\/19\/majstrovstva-sveta-v-cestnej-cyklistike-innsbruck-2018\/#primaryimage","url":"https:\/\/d2p6e6u75xmxt8.cloudfront.net\/4\/2018\/09\/00-2.webp","contentUrl":"https:\/\/d2p6e6u75xmxt8.cloudfront.net\/4\/2018\/09\/00-2.webp","width":1380,"height":600},{"@type":"BreadcrumbList","@id":"https:\/\/www.welovecycling.com\/sk\/2018\/09\/19\/majstrovstva-sveta-v-cestnej-cyklistike-innsbruck-2018\/#breadcrumb","itemListElement":[{"@type":"ListItem","position":1,"name":"Home","item":"https:\/\/www.welovecycling.com\/sk\/"},{"@type":"ListItem","position":2,"name":"Majstrovstv\u00e1 sveta v\u00a0cestnej cyklistike, Innsbruck 2018"}]},{"@type":"WebSite","@id":"https:\/\/www.welovecycling.com\/sk\/#website","url":"https:\/\/www.welovecycling.com\/sk\/","name":"\u0160koda We Love Cycling Slovensko","description":"\u0160koda We Love Cycling Slovensko je v\u00e1\u0161 ka\u017edodenn\u00fd zdroj noviniek a in\u0161pir\u00e1cie z sveta cyklistiky","potentialAction":[{"@type":"SearchAction","target":{"@type":"EntryPoint","urlTemplate":"https:\/\/www.welovecycling.com\/sk\/?s={search_term_string}"},"query-input":{"@type":"PropertyValueSpecification","valueRequired":true,"valueName":"search_term_string"}}],"inLanguage":"sk-SK"},{"@type":"Person","@id":"https:\/\/www.welovecycling.com\/sk\/#\/schema\/person\/8ee09ba39b7e25b1870160aa5b3a89bc","name":"Ondrej Ga\u0161par","image":{"@type":"ImageObject","inLanguage":"sk-SK","@id":"https:\/\/www.welovecycling.com\/sk\/#\/schema\/person\/image\/","url":"https:\/\/secure.gravatar.com\/avatar\/6126c9afb87b70da5abbb083ddbb21933da15f18f8ca7cb822aba0fb096a48f6?s=96&d=mm&r=g","contentUrl":"https:\/\/secure.gravatar.com\/avatar\/6126c9afb87b70da5abbb083ddbb21933da15f18f8ca7cb822aba0fb096a48f6?s=96&d=mm&r=g","caption":"Ondrej Ga\u0161par"},"url":"https:\/\/www.welovecycling.com\/sk\/author\/ondrejgaspar\/"}]}},"_links":{"self":[{"href":"https:\/\/www.welovecycling.com\/sk\/wp-json\/wp\/v2\/posts\/4990","targetHints":{"allow":["GET"]}}],"collection":[{"href":"https:\/\/www.welovecycling.com\/sk\/wp-json\/wp\/v2\/posts"}],"about":[{"href":"https:\/\/www.welovecycling.com\/sk\/wp-json\/wp\/v2\/types\/post"}],"author":[{"embeddable":true,"href":"https:\/\/www.welovecycling.com\/sk\/wp-json\/wp\/v2\/users\/38"}],"replies":[{"embeddable":true,"href":"https:\/\/www.welovecycling.com\/sk\/wp-json\/wp\/v2\/comments?post=4990"}],"version-history":[{"count":2,"href":"https:\/\/www.welovecycling.com\/sk\/wp-json\/wp\/v2\/posts\/4990\/revisions"}],"predecessor-version":[{"id":5114,"href":"https:\/\/www.welovecycling.com\/sk\/wp-json\/wp\/v2\/posts\/4990\/revisions\/5114"}],"wp:featuredmedia":[{"embeddable":true,"href":"https:\/\/www.welovecycling.com\/sk\/wp-json\/wp\/v2\/media\/4993"}],"wp:attachment":[{"href":"https:\/\/www.welovecycling.com\/sk\/wp-json\/wp\/v2\/media?parent=4990"}],"wp:term":[{"taxonomy":"category","embeddable":true,"href":"https:\/\/www.welovecycling.com\/sk\/wp-json\/wp\/v2\/categories?post=4990"},{"taxonomy":"post_tag","embeddable":true,"href":"https:\/\/www.welovecycling.com\/sk\/wp-json\/wp\/v2\/tags?post=4990"},{"taxonomy":"global-categories","embeddable":true,"href":"https:\/\/www.welovecycling.com\/sk\/wp-json\/wp\/v2\/global-categories?post=4990"}],"curies":[{"name":"wp","href":"https:\/\/api.w.org\/{rel}","templated":true}]}}