{"id":4982,"date":"2018-09-14T12:23:43","date_gmt":"2018-09-14T10:23:43","guid":{"rendered":"https:\/\/www.welovecycling.com\/sk\/?p=4982"},"modified":"2019-01-07T10:03:11","modified_gmt":"2019-01-07T09:03:11","slug":"ako-vyzera-slovnaft-bajk-po-prvom-tyzdni","status":"publish","type":"post","link":"https:\/\/www.welovecycling.com\/sk\/2018\/09\/14\/ako-vyzera-slovnaft-bajk-po-prvom-tyzdni\/","title":{"rendered":"Slovnaft BAjk po prvom t\u00fd\u017edni"},"content":{"rendered":"<p><strong>Po neve\u013emi prajnom \u00favode projektu Slovnaft BAjk, ktor\u00fd sa mal za\u010da\u0165 realizova\u0165 u\u017e vo fin\u00e1lnej podobe e\u0161te na prelome j\u00fana\/j\u00fala, sme sa v posledn\u00fdch d\u0148och do\u010dkali zo strany Slovnaftu a mesta Bratislava naozaj vydaren\u00e9ho za\u010diatku. Ekologicky smerovan\u00fd pr\u00edstup prepravy pril\u00e1kal mno\u017estvo \u013eud\u00ed, ktor\u00ed si u\u017e vysk\u00fa\u0161ali prv\u00fa jazdu. V\u00fdhodou je v s\u00fa\u010dasnosti aj bezplatn\u00e9 vyu\u017e\u00edvanie do 30 min. jazdy.<\/strong><!--more--><\/p>\n<h2><strong>Takto to funguje<\/strong><\/h2>\n<lite-youtube videoid=01foUkIbnlk params=\"enablejsapi=1\" style=\"background-image: url('https:\/\/i.ytimg.com\/vi_webp\/01foUkIbnlk\/maxresdefault.webp');\"><\/lite-youtube>\n<h2><strong>Spustenie a\u00a0po\u010det bicyklov<\/strong><\/h2>\n<p>Spustenie do prev\u00e1dzky padlo na <strong>7. septembra 2018<\/strong>, kedy sa jazdci, za pr\u00edtomnosti prim\u00e1tora Bratislavy a gener\u00e1lneho riadite\u013ea Slovnaftu, po prv\u00fdkr\u00e1t zviezli ulicami Bratislavy. K dispoz\u00edcii bolo rovn\u00fdch <strong>200 kusov bicyklov<\/strong>, ktor\u00e9 pod\u013ea spr\u00e1v Slovnaft BAjk-u nedosta\u010dovali dopytu zo strany u\u017e\u00edvate\u013eov. V skuto\u010dnosti sa tieto \u010d\u00edsla maj\u00fa v priebehu najbli\u017e\u0161\u00edch dn\u00ed a t\u00fd\u017ed\u0148ov, teda do konca septembra, <strong>navy\u0161ova\u0165 a\u017e na hodnotu 550<\/strong>, \u010do je fin\u00e1lne \u010d\u00edslo \u00favodnej f\u00e1zy, trvaj\u00facej do konca marca 2019. Dop\u013a\u0148anie prebieha po\u010das cel\u00e9ho d\u0148a. Ve\u010der sa alokuj\u00fa samotn\u00e9 bicykle do centra mesta. Tento logistick\u00fd \u0165ah vznikol zo \u0161tatistick\u00fdch d\u00e1t pres\u00favania sa bicyklov, ale aj ich dopytu na tom ktorom mieste.<\/p>\n<p><img loading=\"lazy\" decoding=\"async\" class=\"alignnone wp-image-4983 size-full\" src=\"https:\/\/d2p6e6u75xmxt8.cloudfront.net\/4\/2018\/09\/01-1.jpg\" alt=\"\" width=\"1200\" height=\"800\" \/><\/p>\n<h2><strong>Stanice<\/strong><\/h2>\n<p><a href=\"https:\/\/slovnaftbajk.sk\/mapa-stanic\">Mapa stan\u00edc<\/a> je dostupn\u00e1 priamo na str\u00e1nke Slovnaft BAjk-u. Stanice maj\u00fa <strong>miesto pre 6 a\u017e 20 bicyklov<\/strong>, v z\u00e1vislosti od lokaliz\u00e1cie. Za prv\u00fd t\u00fd\u017ede\u0148 vyhodnotili najvy\u0165a\u017eenej\u0161iu stanicu(e). Medzi nieko\u013ek\u00fdmi desiatkami zv\u00ed\u0165azila t\u00e1 na Pribinovej (Eurovea), nasledovan\u00e1 \u0160af\u00e1rikov\u00fdm n\u00e1mest\u00edm a N\u00e1mest\u00edm SNP.<\/p>\n<p><img loading=\"lazy\" decoding=\"async\" class=\"alignnone wp-image-4984 size-full\" src=\"https:\/\/d2p6e6u75xmxt8.cloudfront.net\/4\/2018\/09\/02-1.jpg\" alt=\"\" width=\"1200\" height=\"800\" \/><\/p>\n<h2><strong>Odozva u\u017e\u00edvate\u013eov<\/strong><\/h2>\n<p>Asi najroz\u0161\u00edrenej\u0161ou s\u0165a\u017enos\u0165ou a nedostatkom zo strany pou\u017e\u00edvate\u013eov mestsk\u00fdch bicyklov je ich <strong>nedostato\u010dn\u00e9 z\u00e1sobenie v staniciach<\/strong>. Probl\u00e9m sa postupne rie\u0161i, ke\u010f\u017ee, ako u\u017e bolo spomenut\u00e9, bicykle prib\u00fadaj\u00fa a ich po\u010det by sa mal viac ne\u017e zdvojn\u00e1sobi\u0165. Rovnak\u00e1 po\u017eiadavka je smerovan\u00e1 aj na po\u010det stan\u00edc, ktor\u00e9 ch\u00fdbaj\u00fa najm\u00e4 v \u010dastiach na perif\u00e9rii mesta. Naopak, centrum disponuje stanicami vo vz\u00e1jomnej vzdialenosti len nieko\u013eko sto metrov. Zo strany Slovnaft BAjk-u je patrn\u00e1 ochota vyjs\u0165 v \u00fastrety n\u00e1vrhom a podnetom na zlep\u0161enie slu\u017eby. Ktoko\u013evek m\u00f4\u017ee kontaktova\u0165 dispe\u010ding Slovnaft BAjk-u a nahl\u00e1si\u0165 im vzniknut\u00fd probl\u00e9m.<\/p>\n<p><img loading=\"lazy\" decoding=\"async\" class=\"alignnone wp-image-4988 size-full\" src=\"https:\/\/d2p6e6u75xmxt8.cloudfront.net\/4\/2018\/09\/03-1.png\" alt=\"\" width=\"1200\" height=\"800\" \/><\/p>\n<h2><strong>Vandali<\/strong><\/h2>\n<p>U n\u00e1s je tomu u\u017e raz tak, \u017ee sa v\u017edy n\u00e1jde minoritn\u00e1 vzorka neprisp\u00f4sobiv\u00fdch jedincov, ktor\u00ed dok\u00e1\u017eu zni\u010di\u0165 aj to, \u010do nie je ich, a to bez toho, aby im to akoko\u013evek prek\u00e1\u017ealo. Po\u010das prv\u00e9ho d\u0148a dok\u00e1zali <strong>znefunk\u010dni\u0165 8 bicyklov<\/strong>. Nu\u017e, s\u00fahrne m\u00f4\u017eeme poveda\u0165, \u017ee <strong>bicykle utrpeli najm\u00e4 po str\u00e1nke komponentov<\/strong>: pokriven\u00e9 prehadzova\u010dky, sedadl\u00e1, prederaven\u00e9 pl\u00e1\u0161te a du\u0161e. D\u00fafajme, \u017ee sa postupom \u010dasu bu\u010f t\u00edto \u201cdobroprajn\u00edci\u201d preorientuj\u00fa na in\u00fa z\u00e1slu\u017en\u00fa \u010dinnos\u0165 alebo sa pomocou kamier vyp\u00e1tra aspo\u0148 nieko\u013eko z nich.<\/p>\n<div class=\"shortcode-ys-post-pinup\"><article class=\"loop-simple post-4540 post type-post status-publish format-standard has-post-thumbnail hentry category-urban-cyklistika tag-bikesharing tag-bratislava tag-bratislavsky-samospravny-kraj tag-cestna-cyklistika tag-mesto tag-slovensko tag-slovnaft tag-slovnaft-bajk tag-verejny-bicykel\" data-postid=\"4540\" role=\"article\" data-post-id=\"4540\" data-word-count=\"359\" data-headline-length=\"70\" data-category=\"Urban cyklistika\" data-author=\"We Love Cycling\" data-published=\"2018-08-06T16:35:10+02:00\" data-published-day=\"Monday\">\n    <div class=\"entry-thumbnail article-thumbnail\" content=\"https:\/\/d2p6e6u75xmxt8.cloudfront.net\/4\/2018\/08\/00-150x150.webp\"><a href=\"https:\/\/www.welovecycling.com\/sk\/2018\/08\/06\/mobilita-v-hlavnom-meste-zdravo-a-komfortne-novy-bikesharing\/\" class=\"image-holder\" target=\"_self\"><img decoding=\"async\" loading=\"lazy\" class=\"\" src=\"https:\/\/d2p6e6u75xmxt8.cloudfront.net\/4\/2018\/08\/00-1024x445.webp\" srcset=\"https:\/\/d2p6e6u75xmxt8.cloudfront.net\/4\/2018\/08\/00.webp 1380w, https:\/\/d2p6e6u75xmxt8.cloudfront.net\/4\/2018\/08\/00-300x130.webp 300w, https:\/\/d2p6e6u75xmxt8.cloudfront.net\/4\/2018\/08\/00-1024x445.webp 1024w, https:\/\/d2p6e6u75xmxt8.cloudfront.net\/4\/2018\/08\/00-768x334.webp 768w\" width=\"1024\" height=\"445\" sizes=\"auto, (min-width: 1200px) 460px, (min-width: 768px) 38vw, 100vw\" alt=\"mobilita-v-hlavnom-meste-zdravo-a-komfortne-novy-bikesharing\"\/><\/a><\/div>    <div class=\"entry-meta\">\n        <a class=\"label label-secondary post-category\" href=\"https:\/\/www.welovecycling.com\/sk\/category\/urban-cyklistika\/\" title=\"Urban cyklistika\">Urban cyklistika<\/a>\n    <\/div>\n    <div class=\"entry-details\">\n        <a href=\"https:\/\/www.welovecycling.com\/sk\/2018\/08\/06\/mobilita-v-hlavnom-meste-zdravo-a-komfortne-novy-bikesharing\/\" class='entry-title-wrapper'>\n            <h3 class=\"entry-title\"><span>Mobilita v hlavnom meste zdravo a komfortne &#8211; nov\u00fd bikesharing?<\/span><\/h3>\n        <\/a>\n    <\/div>\n    <\/article>\n<\/div>\n<p>Aj napriek tak\u00fdmto tmav\u00fdm mra\u010dn\u00e1m <strong>prevl\u00e1daj\u00fa zv\u00e4\u010d\u0161a pozit\u00edvne ohlasy<\/strong>, poukazuj\u00face na otvorenos\u0165 \u013eud\u00ed tomuto projektu. Ot\u00e1zne je, ako sa Bratislav\u010dania vysporiadaj\u00fa s bl\u00ed\u017eiacim sa chladnej\u0161\u00edm po\u010das\u00edm. D\u00fafajme, \u017ee tento \u201en\u00e1vyk\u201c bude l\u00e1ka\u0165 st\u00e1le viac jazdcov, aby sme sa mohli pribl\u00ed\u017ei\u0165 \u0161t\u00e1tom ako je D\u00e1nsko \u010di Holandsko.<\/p>\n<h2><strong>T\u00fd\u017ed\u0148ov\u00e1 bilancia<\/strong><\/h2>\n<p>Bratislav\u010dania za prv\u00fdch 7 dn\u00ed prev\u00e1dzky nakoniec zrealizovali 14 000 registr\u00e1ci\u00ed a 18 000 j\u00e1zd.<\/p>\n<p>https:\/\/www.facebook.com\/SlovnaftBAjk\/photos\/a.2132454533461496\/2364369953603285\/?type=3<\/p>\n<p>&nbsp;<\/p>\n<p>(zdroj fotiek: facebook.com\/SlovnaftBAjk\/, instagram\/slovnaftbajk)<\/p>\n","protected":false},"excerpt":{"rendered":"<p>Po neve\u013emi prajnom \u00favode projektu Slovnaft BAjk, ktor\u00fd sa mal za\u010da\u0165 realizova\u0165 u\u017e vo fin\u00e1lnej podobe e\u0161te na prelome j\u00fana\/j\u00fala, [&hellip;]<\/p>\n","protected":false},"author":38,"featured_media":4986,"comment_status":"open","ping_status":"open","sticky":false,"template":"","format":"standard","meta":{"footnotes":""},"categories":[57,4,604,118],"tags":[524,521,522,275,115,487,597,596,523,526,527],"global-categories":[],"class_list":["post-4982","post","type-post","status-publish","format-standard","has-post-thumbnail","hentry","category-bezpecnost","category-cestna-cyklisitika","category-urban-cyklistika","category-zabava","tag-bikesharing","tag-bratislava","tag-bratislavsky-samospravny-kraj","tag-cesta","tag-cestna-cyklistika","tag-cestny-bicykel","tag-cyklista","tag-mestsky-bicykel","tag-slovensko","tag-slovnaft","tag-slovnaft-bajk"],"yoast_head":"<!-- This site is optimized with the Yoast SEO Premium plugin v25.3 (Yoast SEO v25.9) - https:\/\/yoast.com\/wordpress\/plugins\/seo\/ -->\n<title>Slovnaft BAjk po prvom t\u00fd\u017edni - \u0160koda We Love Cycling Slovensko<\/title>\n<meta name=\"robots\" content=\"index, follow, max-snippet:-1, max-image-preview:large, max-video-preview:-1\" \/>\n<link rel=\"canonical\" href=\"https:\/\/www.welovecycling.com\/sk\/2018\/09\/14\/ako-vyzera-slovnaft-bajk-po-prvom-tyzdni\/\" \/>\n<meta property=\"og:locale\" content=\"sk_SK\" \/>\n<meta property=\"og:type\" content=\"article\" \/>\n<meta property=\"og:title\" content=\"Slovnaft BAjk po prvom t\u00fd\u017edni\" \/>\n<meta property=\"og:description\" content=\"Po neve\u013emi prajnom \u00favode projektu Slovnaft BAjk, ktor\u00fd sa mal za\u010da\u0165 realizova\u0165 u\u017e vo fin\u00e1lnej podobe e\u0161te na prelome j\u00fana\/j\u00fala, [&hellip;]\" \/>\n<meta property=\"og:url\" content=\"https:\/\/www.welovecycling.com\/sk\/2018\/09\/14\/ako-vyzera-slovnaft-bajk-po-prvom-tyzdni\/\" \/>\n<meta property=\"og:site_name\" content=\"\u0160koda We Love Cycling Slovensko\" \/>\n<meta property=\"article:published_time\" content=\"2018-09-14T10:23:43+00:00\" \/>\n<meta property=\"article:modified_time\" content=\"2019-01-07T09:03:11+00:00\" \/>\n<meta property=\"og:image\" content=\"https:\/\/d2p6e6u75xmxt8.cloudfront.net\/4\/2018\/09\/00-1.webp\" \/>\n\t<meta property=\"og:image:width\" content=\"1380\" \/>\n\t<meta property=\"og:image:height\" content=\"600\" \/>\n\t<meta property=\"og:image:type\" content=\"image\/webp\" \/>\n<meta name=\"author\" content=\"Ondrej Ga\u0161par\" \/>\n<meta name=\"twitter:card\" content=\"summary_large_image\" \/>\n<meta name=\"twitter:label1\" content=\"Written by\" \/>\n\t<meta name=\"twitter:data1\" content=\"We Love Cycling\" \/>\n\t<meta name=\"twitter:label2\" content=\"Est. reading time\" \/>\n\t<meta name=\"twitter:data2\" content=\"3\" \/>\n<script type=\"application\/ld+json\" class=\"yoast-schema-graph\">{\"@context\":\"https:\/\/schema.org\",\"@graph\":[{\"@type\":\"WebPage\",\"@id\":\"https:\/\/www.welovecycling.com\/sk\/2018\/09\/14\/ako-vyzera-slovnaft-bajk-po-prvom-tyzdni\/\",\"url\":\"https:\/\/www.welovecycling.com\/sk\/2018\/09\/14\/ako-vyzera-slovnaft-bajk-po-prvom-tyzdni\/\",\"name\":\"Slovnaft BAjk po prvom t\u00fd\u017edni - \u0160koda We Love Cycling Slovensko\",\"isPartOf\":{\"@id\":\"https:\/\/www.welovecycling.com\/sk\/#website\"},\"primaryImageOfPage\":{\"@id\":\"https:\/\/www.welovecycling.com\/sk\/2018\/09\/14\/ako-vyzera-slovnaft-bajk-po-prvom-tyzdni\/#primaryimage\"},\"image\":{\"@id\":\"https:\/\/www.welovecycling.com\/sk\/2018\/09\/14\/ako-vyzera-slovnaft-bajk-po-prvom-tyzdni\/#primaryimage\"},\"thumbnailUrl\":\"https:\/\/d2p6e6u75xmxt8.cloudfront.net\/4\/2018\/09\/00-1.webp\",\"datePublished\":\"2018-09-14T10:23:43+00:00\",\"dateModified\":\"2019-01-07T09:03:11+00:00\",\"author\":{\"@id\":\"https:\/\/www.welovecycling.com\/sk\/#\/schema\/person\/8ee09ba39b7e25b1870160aa5b3a89bc\"},\"breadcrumb\":{\"@id\":\"https:\/\/www.welovecycling.com\/sk\/2018\/09\/14\/ako-vyzera-slovnaft-bajk-po-prvom-tyzdni\/#breadcrumb\"},\"inLanguage\":\"sk-SK\",\"potentialAction\":[{\"@type\":\"ReadAction\",\"target\":[\"https:\/\/www.welovecycling.com\/sk\/2018\/09\/14\/ako-vyzera-slovnaft-bajk-po-prvom-tyzdni\/\"]}]},{\"@type\":\"ImageObject\",\"inLanguage\":\"sk-SK\",\"@id\":\"https:\/\/www.welovecycling.com\/sk\/2018\/09\/14\/ako-vyzera-slovnaft-bajk-po-prvom-tyzdni\/#primaryimage\",\"url\":\"https:\/\/d2p6e6u75xmxt8.cloudfront.net\/4\/2018\/09\/00-1.webp\",\"contentUrl\":\"https:\/\/d2p6e6u75xmxt8.cloudfront.net\/4\/2018\/09\/00-1.webp\",\"width\":1380,\"height\":600},{\"@type\":\"BreadcrumbList\",\"@id\":\"https:\/\/www.welovecycling.com\/sk\/2018\/09\/14\/ako-vyzera-slovnaft-bajk-po-prvom-tyzdni\/#breadcrumb\",\"itemListElement\":[{\"@type\":\"ListItem\",\"position\":1,\"name\":\"Home\",\"item\":\"https:\/\/www.welovecycling.com\/sk\/\"},{\"@type\":\"ListItem\",\"position\":2,\"name\":\"Slovnaft BAjk po prvom t\u00fd\u017edni\"}]},{\"@type\":\"WebSite\",\"@id\":\"https:\/\/www.welovecycling.com\/sk\/#website\",\"url\":\"https:\/\/www.welovecycling.com\/sk\/\",\"name\":\"\u0160koda We Love Cycling Slovensko\",\"description\":\"\u0160koda We Love Cycling Slovensko je v\u00e1\u0161 ka\u017edodenn\u00fd zdroj noviniek a in\u0161pir\u00e1cie z sveta cyklistiky\",\"potentialAction\":[{\"@type\":\"SearchAction\",\"target\":{\"@type\":\"EntryPoint\",\"urlTemplate\":\"https:\/\/www.welovecycling.com\/sk\/?s={search_term_string}\"},\"query-input\":{\"@type\":\"PropertyValueSpecification\",\"valueRequired\":true,\"valueName\":\"search_term_string\"}}],\"inLanguage\":\"sk-SK\"},{\"@type\":\"Person\",\"@id\":\"https:\/\/www.welovecycling.com\/sk\/#\/schema\/person\/8ee09ba39b7e25b1870160aa5b3a89bc\",\"name\":\"Ondrej Ga\u0161par\",\"image\":{\"@type\":\"ImageObject\",\"inLanguage\":\"sk-SK\",\"@id\":\"https:\/\/www.welovecycling.com\/sk\/#\/schema\/person\/image\/\",\"url\":\"https:\/\/secure.gravatar.com\/avatar\/6126c9afb87b70da5abbb083ddbb21933da15f18f8ca7cb822aba0fb096a48f6?s=96&d=mm&r=g\",\"contentUrl\":\"https:\/\/secure.gravatar.com\/avatar\/6126c9afb87b70da5abbb083ddbb21933da15f18f8ca7cb822aba0fb096a48f6?s=96&d=mm&r=g\",\"caption\":\"Ondrej Ga\u0161par\"},\"url\":\"https:\/\/www.welovecycling.com\/sk\/author\/ondrejgaspar\/\"}]}<\/script>\n<!-- \/ Yoast SEO Premium plugin. -->","yoast_head_json":{"title":"Slovnaft BAjk po prvom t\u00fd\u017edni - \u0160koda We Love Cycling Slovensko","robots":{"index":"index","follow":"follow","max-snippet":"max-snippet:-1","max-image-preview":"max-image-preview:large","max-video-preview":"max-video-preview:-1"},"canonical":"https:\/\/www.welovecycling.com\/sk\/2018\/09\/14\/ako-vyzera-slovnaft-bajk-po-prvom-tyzdni\/","og_locale":"sk_SK","og_type":"article","og_title":"Slovnaft BAjk po prvom t\u00fd\u017edni","og_description":"Po neve\u013emi prajnom \u00favode projektu Slovnaft BAjk, ktor\u00fd sa mal za\u010da\u0165 realizova\u0165 u\u017e vo fin\u00e1lnej podobe e\u0161te na prelome j\u00fana\/j\u00fala, [&hellip;]","og_url":"https:\/\/www.welovecycling.com\/sk\/2018\/09\/14\/ako-vyzera-slovnaft-bajk-po-prvom-tyzdni\/","og_site_name":"\u0160koda We Love Cycling Slovensko","article_published_time":"2018-09-14T10:23:43+00:00","article_modified_time":"2019-01-07T09:03:11+00:00","og_image":[{"width":1380,"height":600,"url":"https:\/\/d2p6e6u75xmxt8.cloudfront.net\/4\/2018\/09\/00-1.webp","type":"image\/webp"}],"author":"Ondrej Ga\u0161par","twitter_card":"summary_large_image","twitter_misc":{"Written by":"We Love Cycling","Est. reading time":"3"},"schema":{"@context":"https:\/\/schema.org","@graph":[{"@type":"WebPage","@id":"https:\/\/www.welovecycling.com\/sk\/2018\/09\/14\/ako-vyzera-slovnaft-bajk-po-prvom-tyzdni\/","url":"https:\/\/www.welovecycling.com\/sk\/2018\/09\/14\/ako-vyzera-slovnaft-bajk-po-prvom-tyzdni\/","name":"Slovnaft BAjk po prvom t\u00fd\u017edni - \u0160koda We Love Cycling Slovensko","isPartOf":{"@id":"https:\/\/www.welovecycling.com\/sk\/#website"},"primaryImageOfPage":{"@id":"https:\/\/www.welovecycling.com\/sk\/2018\/09\/14\/ako-vyzera-slovnaft-bajk-po-prvom-tyzdni\/#primaryimage"},"image":{"@id":"https:\/\/www.welovecycling.com\/sk\/2018\/09\/14\/ako-vyzera-slovnaft-bajk-po-prvom-tyzdni\/#primaryimage"},"thumbnailUrl":"https:\/\/d2p6e6u75xmxt8.cloudfront.net\/4\/2018\/09\/00-1.webp","datePublished":"2018-09-14T10:23:43+00:00","dateModified":"2019-01-07T09:03:11+00:00","author":{"@id":"https:\/\/www.welovecycling.com\/sk\/#\/schema\/person\/8ee09ba39b7e25b1870160aa5b3a89bc"},"breadcrumb":{"@id":"https:\/\/www.welovecycling.com\/sk\/2018\/09\/14\/ako-vyzera-slovnaft-bajk-po-prvom-tyzdni\/#breadcrumb"},"inLanguage":"sk-SK","potentialAction":[{"@type":"ReadAction","target":["https:\/\/www.welovecycling.com\/sk\/2018\/09\/14\/ako-vyzera-slovnaft-bajk-po-prvom-tyzdni\/"]}]},{"@type":"ImageObject","inLanguage":"sk-SK","@id":"https:\/\/www.welovecycling.com\/sk\/2018\/09\/14\/ako-vyzera-slovnaft-bajk-po-prvom-tyzdni\/#primaryimage","url":"https:\/\/d2p6e6u75xmxt8.cloudfront.net\/4\/2018\/09\/00-1.webp","contentUrl":"https:\/\/d2p6e6u75xmxt8.cloudfront.net\/4\/2018\/09\/00-1.webp","width":1380,"height":600},{"@type":"BreadcrumbList","@id":"https:\/\/www.welovecycling.com\/sk\/2018\/09\/14\/ako-vyzera-slovnaft-bajk-po-prvom-tyzdni\/#breadcrumb","itemListElement":[{"@type":"ListItem","position":1,"name":"Home","item":"https:\/\/www.welovecycling.com\/sk\/"},{"@type":"ListItem","position":2,"name":"Slovnaft BAjk po prvom t\u00fd\u017edni"}]},{"@type":"WebSite","@id":"https:\/\/www.welovecycling.com\/sk\/#website","url":"https:\/\/www.welovecycling.com\/sk\/","name":"\u0160koda We Love Cycling Slovensko","description":"\u0160koda We Love Cycling Slovensko je v\u00e1\u0161 ka\u017edodenn\u00fd zdroj noviniek a in\u0161pir\u00e1cie z sveta cyklistiky","potentialAction":[{"@type":"SearchAction","target":{"@type":"EntryPoint","urlTemplate":"https:\/\/www.welovecycling.com\/sk\/?s={search_term_string}"},"query-input":{"@type":"PropertyValueSpecification","valueRequired":true,"valueName":"search_term_string"}}],"inLanguage":"sk-SK"},{"@type":"Person","@id":"https:\/\/www.welovecycling.com\/sk\/#\/schema\/person\/8ee09ba39b7e25b1870160aa5b3a89bc","name":"Ondrej Ga\u0161par","image":{"@type":"ImageObject","inLanguage":"sk-SK","@id":"https:\/\/www.welovecycling.com\/sk\/#\/schema\/person\/image\/","url":"https:\/\/secure.gravatar.com\/avatar\/6126c9afb87b70da5abbb083ddbb21933da15f18f8ca7cb822aba0fb096a48f6?s=96&d=mm&r=g","contentUrl":"https:\/\/secure.gravatar.com\/avatar\/6126c9afb87b70da5abbb083ddbb21933da15f18f8ca7cb822aba0fb096a48f6?s=96&d=mm&r=g","caption":"Ondrej Ga\u0161par"},"url":"https:\/\/www.welovecycling.com\/sk\/author\/ondrejgaspar\/"}]}},"_links":{"self":[{"href":"https:\/\/www.welovecycling.com\/sk\/wp-json\/wp\/v2\/posts\/4982","targetHints":{"allow":["GET"]}}],"collection":[{"href":"https:\/\/www.welovecycling.com\/sk\/wp-json\/wp\/v2\/posts"}],"about":[{"href":"https:\/\/www.welovecycling.com\/sk\/wp-json\/wp\/v2\/types\/post"}],"author":[{"embeddable":true,"href":"https:\/\/www.welovecycling.com\/sk\/wp-json\/wp\/v2\/users\/38"}],"replies":[{"embeddable":true,"href":"https:\/\/www.welovecycling.com\/sk\/wp-json\/wp\/v2\/comments?post=4982"}],"version-history":[{"count":2,"href":"https:\/\/www.welovecycling.com\/sk\/wp-json\/wp\/v2\/posts\/4982\/revisions"}],"predecessor-version":[{"id":5895,"href":"https:\/\/www.welovecycling.com\/sk\/wp-json\/wp\/v2\/posts\/4982\/revisions\/5895"}],"wp:featuredmedia":[{"embeddable":true,"href":"https:\/\/www.welovecycling.com\/sk\/wp-json\/wp\/v2\/media\/4986"}],"wp:attachment":[{"href":"https:\/\/www.welovecycling.com\/sk\/wp-json\/wp\/v2\/media?parent=4982"}],"wp:term":[{"taxonomy":"category","embeddable":true,"href":"https:\/\/www.welovecycling.com\/sk\/wp-json\/wp\/v2\/categories?post=4982"},{"taxonomy":"post_tag","embeddable":true,"href":"https:\/\/www.welovecycling.com\/sk\/wp-json\/wp\/v2\/tags?post=4982"},{"taxonomy":"global-categories","embeddable":true,"href":"https:\/\/www.welovecycling.com\/sk\/wp-json\/wp\/v2\/global-categories?post=4982"}],"curies":[{"name":"wp","href":"https:\/\/api.w.org\/{rel}","templated":true}]}}