{"id":4953,"date":"2018-09-11T17:19:54","date_gmt":"2018-09-11T15:19:54","guid":{"rendered":"https:\/\/www.welovecycling.com\/sk\/?p=4953"},"modified":"2018-09-19T18:26:40","modified_gmt":"2018-09-19T16:26:40","slug":"reportaz-skoda-slovensky-raj-2018-velke-finale-v-narodnom-parku","status":"publish","type":"post","link":"https:\/\/www.welovecycling.com\/sk\/2018\/09\/11\/reportaz-skoda-slovensky-raj-2018-velke-finale-v-narodnom-parku\/","title":{"rendered":"Report\u00e1\u017e: \u0160koda Slovensk\u00fd raj 2018 \u2013 ve\u013ek\u00e9 fin\u00e1le v n\u00e1rodnom parku"},"content":{"rendered":"<p><strong>D\u00f4kazom, \u017ee \u010das jednoducho nezastav\u00ed\u0161, je aj fakt, \u017ee cez v\u00edkend sme sa u\u017e pre tento rok rozl\u00fa\u010dili so s\u00e9riou \u0160koda BIKE OPEN TOUR. Fin\u00e1lov\u00e9 kolo sa odohralo u\u017e tradi\u010dne v kr\u00e1snom prostred\u00ed Slovensk\u00e9ho raja.<\/strong><!--more--><\/p>\n<div data-rows=\"1\" id='gallery-1' class='gallery-rows-1 gallery galleryid-4953 gallery-columns-2 gallery-size-full'><figure class='gallery-item'>\n\t\t\t<div class='gallery-icon landscape'>\n\t\t\t\t<a href='https:\/\/d2p6e6u75xmxt8.cloudfront.net\/4\/2018\/09\/01.JPG.webp'><img loading=\"lazy\" decoding=\"async\" width=\"1200\" height=\"800\" src=\"https:\/\/d2p6e6u75xmxt8.cloudfront.net\/4\/2018\/09\/01.JPG.webp\" class=\"attachment-full size-full\" alt=\"\" srcset=\"https:\/\/d2p6e6u75xmxt8.cloudfront.net\/4\/2018\/09\/01.JPG.webp 1200w, https:\/\/d2p6e6u75xmxt8.cloudfront.net\/4\/2018\/09\/01.JPG-300x200.webp 300w, https:\/\/d2p6e6u75xmxt8.cloudfront.net\/4\/2018\/09\/01.JPG-1024x683.webp 1024w, https:\/\/d2p6e6u75xmxt8.cloudfront.net\/4\/2018\/09\/01.JPG-768x512.webp 768w, https:\/\/d2p6e6u75xmxt8.cloudfront.net\/4\/2018\/09\/01.JPG-272x182.webp 272w\" sizes=\"auto, (max-width: 1200px) 100vw, 1200px\" \/><\/a>\n\t\t\t<\/div><\/figure><figure class='gallery-item'>\n\t\t\t<div class='gallery-icon landscape'>\n\t\t\t\t<a href='https:\/\/d2p6e6u75xmxt8.cloudfront.net\/4\/2018\/09\/02.JPG.webp'><img loading=\"lazy\" decoding=\"async\" width=\"1200\" height=\"800\" src=\"https:\/\/d2p6e6u75xmxt8.cloudfront.net\/4\/2018\/09\/02.JPG.webp\" class=\"attachment-full size-full\" alt=\"\" srcset=\"https:\/\/d2p6e6u75xmxt8.cloudfront.net\/4\/2018\/09\/02.JPG.webp 1200w, https:\/\/d2p6e6u75xmxt8.cloudfront.net\/4\/2018\/09\/02.JPG-300x200.webp 300w, https:\/\/d2p6e6u75xmxt8.cloudfront.net\/4\/2018\/09\/02.JPG-1024x683.webp 1024w, https:\/\/d2p6e6u75xmxt8.cloudfront.net\/4\/2018\/09\/02.JPG-768x512.webp 768w, https:\/\/d2p6e6u75xmxt8.cloudfront.net\/4\/2018\/09\/02.JPG-272x182.webp 272w\" sizes=\"auto, (max-width: 1200px) 100vw, 1200px\" \/><\/a>\n\t\t\t<\/div><\/figure>\n\t\t<\/div>\n        \n<h2><strong>Po\u010dasie na objedn\u00e1vku<\/strong><\/h2>\n<p>Po\u010das predch\u00e1dzaj\u00facich k\u00f4l sme si u\u017e zvykli, \u017ee pr\u00edrode naozaj nerozk\u00e1\u017eeme a marat\u00f3nske v\u00edkendy n\u00e1m priniesli u\u017e sn\u00e1\u010f v\u0161etky varianty po\u010dasia. Tentokr\u00e1t to vy\u0161lo a okrem chladnej\u0161ieho r\u00e1na bol de\u0148 naozaj kr\u00e1sny s pr\u00edjemn\u00fdmi teplotami. U\u017e pri pr\u00edchode do z\u00e1zemia v turistickom stredisku Podlesok, v\u00edtala pretek\u00e1rov v\u00f4\u0148a pripravovan\u00e9ho kotl\u00edkov\u00e9ho gul\u00e1\u0161u. Pekn\u00e1 motiv\u00e1cia, ke\u010f viete, ak\u00e9 vo\u0148av\u00e9 jedlo v\u00e1s po boji \u010dak\u00e1 :).<\/p>\n<p><a href=\"https:\/\/d2p6e6u75xmxt8.cloudfront.net\/4\/2018\/09\/03.JPG.jpg\"><img loading=\"lazy\" decoding=\"async\" class=\"alignnone size-full wp-image-4957\" src=\"https:\/\/d2p6e6u75xmxt8.cloudfront.net\/4\/2018\/09\/03.JPG.jpg\" alt=\"\" width=\"1200\" height=\"800\" \/><\/a><\/p>\n<p>Pretekalo sa na <strong>troch r\u00f4znych tratiach<\/strong>, z ktor\u00fdch najkrat\u0161ia s n\u00e1zvom Rekre mala d\u013a\u017eku 15 km, stredn\u00e1 Profi 53 km a najdlh\u0161ia Elite pon\u00fakala z\u00e1ujemcom slu\u0161n\u00fdch 106 km. Celkovo sa na \u0161tart postavilo <strong>558 cyklistov<\/strong>, z ktor\u00fdch ur\u010dite aj v\u010faka priazniv\u00e9mu po\u010dasiu dokon\u010dilo preteky 548.<\/p>\n<div data-rows=\"1\" id='gallery-2' class='gallery-rows-1 gallery galleryid-4953 gallery-columns-3 gallery-size-full'><figure class='gallery-item'>\n\t\t\t<div class='gallery-icon landscape'>\n\t\t\t\t<a href='https:\/\/d2p6e6u75xmxt8.cloudfront.net\/4\/2018\/09\/04.JPG.webp'><img loading=\"lazy\" decoding=\"async\" width=\"1200\" height=\"800\" src=\"https:\/\/d2p6e6u75xmxt8.cloudfront.net\/4\/2018\/09\/04.JPG.webp\" class=\"attachment-full size-full\" alt=\"\" srcset=\"https:\/\/d2p6e6u75xmxt8.cloudfront.net\/4\/2018\/09\/04.JPG.webp 1200w, https:\/\/d2p6e6u75xmxt8.cloudfront.net\/4\/2018\/09\/04.JPG-300x200.webp 300w, https:\/\/d2p6e6u75xmxt8.cloudfront.net\/4\/2018\/09\/04.JPG-1024x683.webp 1024w, https:\/\/d2p6e6u75xmxt8.cloudfront.net\/4\/2018\/09\/04.JPG-768x512.webp 768w, https:\/\/d2p6e6u75xmxt8.cloudfront.net\/4\/2018\/09\/04.JPG-272x182.webp 272w\" sizes=\"auto, (max-width: 1200px) 100vw, 1200px\" \/><\/a>\n\t\t\t<\/div><\/figure><figure class='gallery-item'>\n\t\t\t<div class='gallery-icon landscape'>\n\t\t\t\t<a href='https:\/\/d2p6e6u75xmxt8.cloudfront.net\/4\/2018\/09\/05.JPG.webp'><img loading=\"lazy\" decoding=\"async\" width=\"1200\" height=\"800\" src=\"https:\/\/d2p6e6u75xmxt8.cloudfront.net\/4\/2018\/09\/05.JPG.webp\" class=\"attachment-full size-full\" alt=\"\" srcset=\"https:\/\/d2p6e6u75xmxt8.cloudfront.net\/4\/2018\/09\/05.JPG.webp 1200w, https:\/\/d2p6e6u75xmxt8.cloudfront.net\/4\/2018\/09\/05.JPG-300x200.webp 300w, https:\/\/d2p6e6u75xmxt8.cloudfront.net\/4\/2018\/09\/05.JPG-1024x683.webp 1024w, https:\/\/d2p6e6u75xmxt8.cloudfront.net\/4\/2018\/09\/05.JPG-768x512.webp 768w, https:\/\/d2p6e6u75xmxt8.cloudfront.net\/4\/2018\/09\/05.JPG-272x182.webp 272w\" sizes=\"auto, (max-width: 1200px) 100vw, 1200px\" \/><\/a>\n\t\t\t<\/div><\/figure><figure class='gallery-item'>\n\t\t\t<div class='gallery-icon landscape'>\n\t\t\t\t<a href='https:\/\/d2p6e6u75xmxt8.cloudfront.net\/4\/2018\/09\/06.JPG.webp'><img loading=\"lazy\" decoding=\"async\" width=\"1200\" height=\"800\" src=\"https:\/\/d2p6e6u75xmxt8.cloudfront.net\/4\/2018\/09\/06.JPG.webp\" class=\"attachment-full size-full\" alt=\"\" srcset=\"https:\/\/d2p6e6u75xmxt8.cloudfront.net\/4\/2018\/09\/06.JPG.webp 1200w, https:\/\/d2p6e6u75xmxt8.cloudfront.net\/4\/2018\/09\/06.JPG-300x200.webp 300w, https:\/\/d2p6e6u75xmxt8.cloudfront.net\/4\/2018\/09\/06.JPG-1024x683.webp 1024w, https:\/\/d2p6e6u75xmxt8.cloudfront.net\/4\/2018\/09\/06.JPG-768x512.webp 768w, https:\/\/d2p6e6u75xmxt8.cloudfront.net\/4\/2018\/09\/06.JPG-272x182.webp 272w\" sizes=\"auto, (max-width: 1200px) 100vw, 1200px\" \/><\/a>\n\t\t\t<\/div><\/figure>\n\t\t<\/div>\n        \n<h2><strong>Poriadne r\u00fdchla tra\u0165<\/strong><\/h2>\n<p>Ve\u013ek\u00fdm l\u00e1kadlom na marat\u00f3ne v Slovenskom raji je aj mo\u017enos\u0165 dosta\u0165 sa na miesta, kam sa to be\u017ene na bicykli ned\u00e1. Ve\u013ek\u00e1 \u010das\u0165 vedie po \u0161otolinov\u00fdch cest\u00e1ch, v\u010faka ktor\u00fdm je tempo skuto\u010dne r\u00fdchle. Tento rok sa za bikermi doslova pr\u00e1\u0161ilo. N\u00e1rodn\u00fd park je po\u010das v\u00edkendov pln\u00fd turistov a inak tomu nebolo ani teraz, ale s pomocou dobrovo\u013en\u00edkov na trati \u0161lo v\u0161etko hladko a bez zbyto\u010dn\u00fdch kol\u00edzi\u00ed.<\/p>\n<p><a href=\"https:\/\/d2p6e6u75xmxt8.cloudfront.net\/4\/2018\/09\/07.JPG.jpg\"><img loading=\"lazy\" decoding=\"async\" class=\"alignnone size-full wp-image-4961\" src=\"https:\/\/d2p6e6u75xmxt8.cloudfront.net\/4\/2018\/09\/07.JPG.jpg\" alt=\"\" width=\"1200\" height=\"800\" \/><\/a><\/p>\n<p><strong>Absol\u00fatnym v\u00ed\u0165azom<\/strong> sa na najdlh\u0161ej trati stal <strong>J\u00e1n Hal\u00edk<\/strong> s \u010dasom 4:12:54. Medzi \u017eenami op\u00e4\u0165 kra\u013eovala <strong>Zuzana Pal\u00fachov\u00e1<\/strong>, ktor\u00e1 106-kilometrov\u00fa tra\u0165 zdolala za 5:57:31. Stredn\u00fa tra\u0165 spomedzi mu\u017eov zvl\u00e1dol najr\u00fdchlej\u0161ie Radovan B\u00edro\u0161 a medzi \u017eenami zv\u00ed\u0165azila Simona Triznov\u00e1. Na 15-kilometrovej trati do\u0161iel prv\u00fd do cie\u013ea Mat\u00fa\u0161 Maz\u00e1n a zo \u017eien Krist\u00edna Tich\u00e1.<\/p>\n<h2><strong>Sprievodn\u00fd program<\/strong><\/h2>\n<p>Pr\u00edjemn\u00e9 prostredie Slovensk\u00e9ho raja doplnil tradi\u010dne bohat\u00fd sprievodn\u00fd program, ktor\u00fd sa postaral o z\u00e1bavu celej rodiny. Deti mali op\u00e4\u0165 vo\u013en\u00e9 pole p\u00f4sobnosti pri ma\u013eovan\u00ed na automobil \u0160koda KAROQ a dos\u00fdta sa vybl\u00e1znili na sk\u00e1kacom hrade a pri \u010fal\u0161\u00edch aktivit\u00e1ch. Pretek\u00e1ri si mohli svoje zapr\u00e1\u0161en\u00e9 biky umy\u0165 v boxoch a str\u00e1\u017een\u00e1 \u00faschov\u0148a sa postarala o ich bezpe\u010dnos\u0165 po\u010das vyhlasovania a bohatej z\u00e1vere\u010dnej tomboly.<\/p>\n<div data-rows=\"1\" id='gallery-3' class='gallery-rows-1 gallery galleryid-4953 gallery-columns-3 gallery-size-full'><figure class='gallery-item'>\n\t\t\t<div class='gallery-icon landscape'>\n\t\t\t\t<a href='https:\/\/d2p6e6u75xmxt8.cloudfront.net\/4\/2018\/09\/10.JPG-1.webp'><img loading=\"lazy\" decoding=\"async\" width=\"1200\" height=\"800\" src=\"https:\/\/d2p6e6u75xmxt8.cloudfront.net\/4\/2018\/09\/10.JPG-1.webp\" class=\"attachment-full size-full\" alt=\"\" srcset=\"https:\/\/d2p6e6u75xmxt8.cloudfront.net\/4\/2018\/09\/10.JPG-1.webp 1200w, https:\/\/d2p6e6u75xmxt8.cloudfront.net\/4\/2018\/09\/10.JPG-1-300x200.webp 300w, https:\/\/d2p6e6u75xmxt8.cloudfront.net\/4\/2018\/09\/10.JPG-1-1024x683.webp 1024w, https:\/\/d2p6e6u75xmxt8.cloudfront.net\/4\/2018\/09\/10.JPG-1-768x512.webp 768w, https:\/\/d2p6e6u75xmxt8.cloudfront.net\/4\/2018\/09\/10.JPG-1-272x182.webp 272w\" sizes=\"auto, (max-width: 1200px) 100vw, 1200px\" \/><\/a>\n\t\t\t<\/div><\/figure><figure class='gallery-item'>\n\t\t\t<div class='gallery-icon landscape'>\n\t\t\t\t<a href='https:\/\/d2p6e6u75xmxt8.cloudfront.net\/4\/2018\/09\/11.JPG-1.webp'><img loading=\"lazy\" decoding=\"async\" width=\"1200\" height=\"800\" src=\"https:\/\/d2p6e6u75xmxt8.cloudfront.net\/4\/2018\/09\/11.JPG-1.webp\" class=\"attachment-full size-full\" alt=\"\" srcset=\"https:\/\/d2p6e6u75xmxt8.cloudfront.net\/4\/2018\/09\/11.JPG-1.webp 1200w, https:\/\/d2p6e6u75xmxt8.cloudfront.net\/4\/2018\/09\/11.JPG-1-300x200.webp 300w, https:\/\/d2p6e6u75xmxt8.cloudfront.net\/4\/2018\/09\/11.JPG-1-1024x683.webp 1024w, https:\/\/d2p6e6u75xmxt8.cloudfront.net\/4\/2018\/09\/11.JPG-1-768x512.webp 768w, https:\/\/d2p6e6u75xmxt8.cloudfront.net\/4\/2018\/09\/11.JPG-1-272x182.webp 272w\" sizes=\"auto, (max-width: 1200px) 100vw, 1200px\" \/><\/a>\n\t\t\t<\/div><\/figure><figure class='gallery-item'>\n\t\t\t<div class='gallery-icon landscape'>\n\t\t\t\t<a href='https:\/\/d2p6e6u75xmxt8.cloudfront.net\/4\/2018\/09\/12.JPG-1.webp'><img loading=\"lazy\" decoding=\"async\" width=\"1200\" height=\"800\" src=\"https:\/\/d2p6e6u75xmxt8.cloudfront.net\/4\/2018\/09\/12.JPG-1.webp\" class=\"attachment-full size-full\" alt=\"\" srcset=\"https:\/\/d2p6e6u75xmxt8.cloudfront.net\/4\/2018\/09\/12.JPG-1.webp 1200w, https:\/\/d2p6e6u75xmxt8.cloudfront.net\/4\/2018\/09\/12.JPG-1-300x200.webp 300w, https:\/\/d2p6e6u75xmxt8.cloudfront.net\/4\/2018\/09\/12.JPG-1-1024x683.webp 1024w, https:\/\/d2p6e6u75xmxt8.cloudfront.net\/4\/2018\/09\/12.JPG-1-768x512.webp 768w, https:\/\/d2p6e6u75xmxt8.cloudfront.net\/4\/2018\/09\/12.JPG-1-272x182.webp 272w\" sizes=\"auto, (max-width: 1200px) 100vw, 1200px\" \/><\/a>\n\t\t\t<\/div><\/figure>\n\t\t<\/div>\n        \n<p>Ke\u010f\u017ee sa jednalo o posledn\u00e9 tohtoro\u010dn\u00e9 kolo s\u00e9rie \u0160koda BIKE OPEN TOUR, \u010dakalo n\u00e1s aj <strong>z\u00e1vere\u010dn\u00e9 vyhodnotenie najlep\u0161\u00edch jazdcov<\/strong>, ktor\u00ed z\u00edskali trofej s origin\u00e1lnym dizajnom. <strong>\u0160tafetu kr\u00e1\u013ea<\/strong> s\u00e9rie prevzal po nieko\u013ek\u00fdch rokoch kra\u013eovania Karla Hartla <strong>Martin Kostelni\u010d\u00e1k<\/strong>. Kompletn\u00e9 v\u00fdsledky s\u00e9rie n\u00e1jdete na <a href=\"https:\/\/sportsoft.cz\/seriespdf\/20180908_sbot6.pdf\">tomto odkaze<\/a>.<\/p>\n<div data-rows=\"1\" id='gallery-4' class='gallery-rows-1 gallery galleryid-4953 gallery-columns-2 gallery-size-full'><figure class='gallery-item'>\n\t\t\t<div class='gallery-icon landscape'>\n\t\t\t\t<a href='https:\/\/d2p6e6u75xmxt8.cloudfront.net\/4\/2018\/09\/08.JPG.webp'><img loading=\"lazy\" decoding=\"async\" width=\"1200\" height=\"800\" src=\"https:\/\/d2p6e6u75xmxt8.cloudfront.net\/4\/2018\/09\/08.JPG.webp\" class=\"attachment-full size-full\" alt=\"\" srcset=\"https:\/\/d2p6e6u75xmxt8.cloudfront.net\/4\/2018\/09\/08.JPG.webp 1200w, https:\/\/d2p6e6u75xmxt8.cloudfront.net\/4\/2018\/09\/08.JPG-300x200.webp 300w, https:\/\/d2p6e6u75xmxt8.cloudfront.net\/4\/2018\/09\/08.JPG-1024x683.webp 1024w, https:\/\/d2p6e6u75xmxt8.cloudfront.net\/4\/2018\/09\/08.JPG-768x512.webp 768w, https:\/\/d2p6e6u75xmxt8.cloudfront.net\/4\/2018\/09\/08.JPG-272x182.webp 272w\" sizes=\"auto, (max-width: 1200px) 100vw, 1200px\" \/><\/a>\n\t\t\t<\/div><\/figure><figure class='gallery-item'>\n\t\t\t<div class='gallery-icon landscape'>\n\t\t\t\t<a href='https:\/\/d2p6e6u75xmxt8.cloudfront.net\/4\/2018\/09\/09.JPG.webp'><img loading=\"lazy\" decoding=\"async\" width=\"1200\" height=\"800\" src=\"https:\/\/d2p6e6u75xmxt8.cloudfront.net\/4\/2018\/09\/09.JPG.webp\" class=\"attachment-full size-full\" alt=\"\" srcset=\"https:\/\/d2p6e6u75xmxt8.cloudfront.net\/4\/2018\/09\/09.JPG.webp 1200w, https:\/\/d2p6e6u75xmxt8.cloudfront.net\/4\/2018\/09\/09.JPG-300x200.webp 300w, https:\/\/d2p6e6u75xmxt8.cloudfront.net\/4\/2018\/09\/09.JPG-1024x683.webp 1024w, https:\/\/d2p6e6u75xmxt8.cloudfront.net\/4\/2018\/09\/09.JPG-768x512.webp 768w, https:\/\/d2p6e6u75xmxt8.cloudfront.net\/4\/2018\/09\/09.JPG-272x182.webp 272w\" sizes=\"auto, (max-width: 1200px) 100vw, 1200px\" \/><\/a>\n\t\t\t<\/div><\/figure>\n\t\t<\/div>\n        \n<h2><strong>Op\u00e4\u0165 o rok<\/strong><\/h2>\n<p>Ani sme sa nenazdali a m\u00e1me za sebou op\u00e4\u0165 pestr\u00fa sez\u00f3nu, pln\u00fa skvel\u00fdch z\u00e1\u017eitkov a e\u0161te lep\u0161\u00edch v\u00fdkonov. Akcie \u0160BOT sa stali d\u00f4le\u017eitou s\u00fa\u010das\u0165ou cyklistickej komunity a te\u0161ia sa \u010doraz v\u00e4\u010d\u0161iemu z\u00e1ujmu. Bud\u00faci rok n\u00e1s \u010dak\u00e1 nieko\u013eko d\u00f4le\u017eit\u00fdch zmien, ale o tom sa u\u017e \u010doskoro do\u010d\u00edtate na na\u0161ej str\u00e1nke.<\/p>\n<div class=\"embed-controller-wrapper\">\n<div class=\"embed-wrapper\"><iframe title=\"\u0160KODA Slovensk\u00fd raj 2018\" width=\"500\" height=\"281\" data-src=\"https:\/\/www.youtube.com\/embed\/8v2PoZTfKrA?feature=oembed\" frameborder=\"0\" allow=\"accelerometer; autoplay; clipboard-write; encrypted-media; gyroscope; picture-in-picture; web-share\" referrerpolicy=\"strict-origin-when-cross-origin\" allowfullscreen><\/iframe><\/div>\n<\/div>\n","protected":false},"excerpt":{"rendered":"<p>D\u00f4kazom, \u017ee \u010das jednoducho nezastav\u00ed\u0161, je aj fakt, \u017ee cez v\u00edkend sme sa u\u017e pre tento rok rozl\u00fa\u010dili so s\u00e9riou [&hellip;]<\/p>\n","protected":false},"author":38,"featured_media":4970,"comment_status":"open","ping_status":"open","sticky":false,"template":"","format":"video","meta":{"footnotes":""},"categories":[38,33],"tags":[450,180,178,412,179,542,562,35,77,468,271,92,234],"global-categories":[],"class_list":["post-4953","post","type-post","status-publish","format-video","has-post-thumbnail","hentry","category-reportaz","category-sbot","tag-cyklo-guru","tag-horska-cyklistika","tag-maraton","tag-mtb","tag-preteky","tag-skoda","tag-skoda-bicykel","tag-sbot","tag-skoda-dedina","tag-skoda-karoq","tag-skoda-slovensky-raj","tag-skoda-tim","tag-slovensky-raj","post_format-post-format-video"],"yoast_head":"<!-- This site is optimized with the Yoast SEO Premium plugin v25.3 (Yoast SEO v25.9) - https:\/\/yoast.com\/wordpress\/plugins\/seo\/ -->\n<title>Report\u00e1\u017e: \u0160koda Slovensk\u00fd raj 2018 \u2013 ve\u013ek\u00e9 fin\u00e1le v n\u00e1rodnom parku - \u0160koda We Love Cycling Slovensko<\/title>\n<meta name=\"robots\" content=\"index, follow, max-snippet:-1, max-image-preview:large, max-video-preview:-1\" \/>\n<link rel=\"canonical\" href=\"https:\/\/www.welovecycling.com\/sk\/2018\/09\/11\/reportaz-skoda-slovensky-raj-2018-velke-finale-v-narodnom-parku\/\" \/>\n<meta property=\"og:locale\" content=\"sk_SK\" \/>\n<meta property=\"og:type\" content=\"article\" \/>\n<meta property=\"og:title\" content=\"Report\u00e1\u017e: \u0160koda Slovensk\u00fd raj 2018 \u2013 ve\u013ek\u00e9 fin\u00e1le v n\u00e1rodnom parku\" \/>\n<meta property=\"og:description\" content=\"D\u00f4kazom, \u017ee \u010das jednoducho nezastav\u00ed\u0161, je aj fakt, \u017ee cez v\u00edkend sme sa u\u017e pre tento rok rozl\u00fa\u010dili so s\u00e9riou [&hellip;]\" \/>\n<meta property=\"og:url\" content=\"https:\/\/www.welovecycling.com\/sk\/2018\/09\/11\/reportaz-skoda-slovensky-raj-2018-velke-finale-v-narodnom-parku\/\" \/>\n<meta property=\"og:site_name\" content=\"\u0160koda We Love Cycling Slovensko\" \/>\n<meta property=\"article:published_time\" content=\"2018-09-11T15:19:54+00:00\" \/>\n<meta property=\"article:modified_time\" content=\"2018-09-19T16:26:40+00:00\" \/>\n<meta property=\"og:image\" content=\"https:\/\/d2p6e6u75xmxt8.cloudfront.net\/4\/2018\/09\/titulka.JPG.webp\" \/>\n\t<meta property=\"og:image:width\" content=\"1380\" \/>\n\t<meta property=\"og:image:height\" content=\"600\" \/>\n\t<meta property=\"og:image:type\" content=\"image\/webp\" \/>\n<meta name=\"author\" content=\"Ondrej Ga\u0161par\" \/>\n<meta name=\"twitter:card\" content=\"summary_large_image\" \/>\n<meta name=\"twitter:label1\" content=\"Written by\" \/>\n\t<meta name=\"twitter:data1\" content=\"We Love Cycling\" \/>\n\t<meta name=\"twitter:label2\" content=\"Est. watching time\" \/>\n\t<meta name=\"twitter:data2\" content=\"3\" \/>\n<script type=\"application\/ld+json\" class=\"yoast-schema-graph\">{\"@context\":\"https:\/\/schema.org\",\"@graph\":[{\"@type\":\"WebPage\",\"@id\":\"https:\/\/www.welovecycling.com\/sk\/2018\/09\/11\/reportaz-skoda-slovensky-raj-2018-velke-finale-v-narodnom-parku\/\",\"url\":\"https:\/\/www.welovecycling.com\/sk\/2018\/09\/11\/reportaz-skoda-slovensky-raj-2018-velke-finale-v-narodnom-parku\/\",\"name\":\"Report\u00e1\u017e: \u0160koda Slovensk\u00fd raj 2018 \u2013 ve\u013ek\u00e9 fin\u00e1le v n\u00e1rodnom parku - \u0160koda We Love Cycling Slovensko\",\"isPartOf\":{\"@id\":\"https:\/\/www.welovecycling.com\/sk\/#website\"},\"primaryImageOfPage\":{\"@id\":\"https:\/\/www.welovecycling.com\/sk\/2018\/09\/11\/reportaz-skoda-slovensky-raj-2018-velke-finale-v-narodnom-parku\/#primaryimage\"},\"image\":{\"@id\":\"https:\/\/www.welovecycling.com\/sk\/2018\/09\/11\/reportaz-skoda-slovensky-raj-2018-velke-finale-v-narodnom-parku\/#primaryimage\"},\"thumbnailUrl\":\"https:\/\/d2p6e6u75xmxt8.cloudfront.net\/4\/2018\/09\/titulka.JPG.webp\",\"datePublished\":\"2018-09-11T15:19:54+00:00\",\"dateModified\":\"2018-09-19T16:26:40+00:00\",\"author\":{\"@id\":\"https:\/\/www.welovecycling.com\/sk\/#\/schema\/person\/8ee09ba39b7e25b1870160aa5b3a89bc\"},\"breadcrumb\":{\"@id\":\"https:\/\/www.welovecycling.com\/sk\/2018\/09\/11\/reportaz-skoda-slovensky-raj-2018-velke-finale-v-narodnom-parku\/#breadcrumb\"},\"inLanguage\":\"sk-SK\",\"potentialAction\":[{\"@type\":\"ReadAction\",\"target\":[\"https:\/\/www.welovecycling.com\/sk\/2018\/09\/11\/reportaz-skoda-slovensky-raj-2018-velke-finale-v-narodnom-parku\/\"]}]},{\"@type\":\"ImageObject\",\"inLanguage\":\"sk-SK\",\"@id\":\"https:\/\/www.welovecycling.com\/sk\/2018\/09\/11\/reportaz-skoda-slovensky-raj-2018-velke-finale-v-narodnom-parku\/#primaryimage\",\"url\":\"https:\/\/d2p6e6u75xmxt8.cloudfront.net\/4\/2018\/09\/titulka.JPG.webp\",\"contentUrl\":\"https:\/\/d2p6e6u75xmxt8.cloudfront.net\/4\/2018\/09\/titulka.JPG.webp\",\"width\":1380,\"height\":600},{\"@type\":\"BreadcrumbList\",\"@id\":\"https:\/\/www.welovecycling.com\/sk\/2018\/09\/11\/reportaz-skoda-slovensky-raj-2018-velke-finale-v-narodnom-parku\/#breadcrumb\",\"itemListElement\":[{\"@type\":\"ListItem\",\"position\":1,\"name\":\"Home\",\"item\":\"https:\/\/www.welovecycling.com\/sk\/\"},{\"@type\":\"ListItem\",\"position\":2,\"name\":\"Report\u00e1\u017e: \u0160koda Slovensk\u00fd raj 2018 \u2013 ve\u013ek\u00e9 fin\u00e1le v n\u00e1rodnom parku\"}]},{\"@type\":\"WebSite\",\"@id\":\"https:\/\/www.welovecycling.com\/sk\/#website\",\"url\":\"https:\/\/www.welovecycling.com\/sk\/\",\"name\":\"\u0160koda We Love Cycling Slovensko\",\"description\":\"\u0160koda We Love Cycling Slovensko je v\u00e1\u0161 ka\u017edodenn\u00fd zdroj noviniek a in\u0161pir\u00e1cie z sveta cyklistiky\",\"potentialAction\":[{\"@type\":\"SearchAction\",\"target\":{\"@type\":\"EntryPoint\",\"urlTemplate\":\"https:\/\/www.welovecycling.com\/sk\/?s={search_term_string}\"},\"query-input\":{\"@type\":\"PropertyValueSpecification\",\"valueRequired\":true,\"valueName\":\"search_term_string\"}}],\"inLanguage\":\"sk-SK\"},{\"@type\":\"Person\",\"@id\":\"https:\/\/www.welovecycling.com\/sk\/#\/schema\/person\/8ee09ba39b7e25b1870160aa5b3a89bc\",\"name\":\"Ondrej Ga\u0161par\",\"image\":{\"@type\":\"ImageObject\",\"inLanguage\":\"sk-SK\",\"@id\":\"https:\/\/www.welovecycling.com\/sk\/#\/schema\/person\/image\/\",\"url\":\"https:\/\/secure.gravatar.com\/avatar\/6126c9afb87b70da5abbb083ddbb21933da15f18f8ca7cb822aba0fb096a48f6?s=96&d=mm&r=g\",\"contentUrl\":\"https:\/\/secure.gravatar.com\/avatar\/6126c9afb87b70da5abbb083ddbb21933da15f18f8ca7cb822aba0fb096a48f6?s=96&d=mm&r=g\",\"caption\":\"Ondrej Ga\u0161par\"},\"url\":\"https:\/\/www.welovecycling.com\/sk\/author\/ondrejgaspar\/\"}]}<\/script>\n<!-- \/ Yoast SEO Premium plugin. -->","yoast_head_json":{"title":"Report\u00e1\u017e: \u0160koda Slovensk\u00fd raj 2018 \u2013 ve\u013ek\u00e9 fin\u00e1le v n\u00e1rodnom parku - \u0160koda We Love Cycling Slovensko","robots":{"index":"index","follow":"follow","max-snippet":"max-snippet:-1","max-image-preview":"max-image-preview:large","max-video-preview":"max-video-preview:-1"},"canonical":"https:\/\/www.welovecycling.com\/sk\/2018\/09\/11\/reportaz-skoda-slovensky-raj-2018-velke-finale-v-narodnom-parku\/","og_locale":"sk_SK","og_type":"article","og_title":"Report\u00e1\u017e: \u0160koda Slovensk\u00fd raj 2018 \u2013 ve\u013ek\u00e9 fin\u00e1le v n\u00e1rodnom parku","og_description":"D\u00f4kazom, \u017ee \u010das jednoducho nezastav\u00ed\u0161, je aj fakt, \u017ee cez v\u00edkend sme sa u\u017e pre tento rok rozl\u00fa\u010dili so s\u00e9riou [&hellip;]","og_url":"https:\/\/www.welovecycling.com\/sk\/2018\/09\/11\/reportaz-skoda-slovensky-raj-2018-velke-finale-v-narodnom-parku\/","og_site_name":"\u0160koda We Love Cycling Slovensko","article_published_time":"2018-09-11T15:19:54+00:00","article_modified_time":"2018-09-19T16:26:40+00:00","og_image":[{"width":1380,"height":600,"url":"https:\/\/d2p6e6u75xmxt8.cloudfront.net\/4\/2018\/09\/titulka.JPG.webp","type":"image\/webp"}],"author":"Ondrej Ga\u0161par","twitter_card":"summary_large_image","twitter_misc":{"Written by":"We Love Cycling","Est. watching time":"3"},"schema":{"@context":"https:\/\/schema.org","@graph":[{"@type":"WebPage","@id":"https:\/\/www.welovecycling.com\/sk\/2018\/09\/11\/reportaz-skoda-slovensky-raj-2018-velke-finale-v-narodnom-parku\/","url":"https:\/\/www.welovecycling.com\/sk\/2018\/09\/11\/reportaz-skoda-slovensky-raj-2018-velke-finale-v-narodnom-parku\/","name":"Report\u00e1\u017e: \u0160koda Slovensk\u00fd raj 2018 \u2013 ve\u013ek\u00e9 fin\u00e1le v n\u00e1rodnom parku - \u0160koda We Love Cycling Slovensko","isPartOf":{"@id":"https:\/\/www.welovecycling.com\/sk\/#website"},"primaryImageOfPage":{"@id":"https:\/\/www.welovecycling.com\/sk\/2018\/09\/11\/reportaz-skoda-slovensky-raj-2018-velke-finale-v-narodnom-parku\/#primaryimage"},"image":{"@id":"https:\/\/www.welovecycling.com\/sk\/2018\/09\/11\/reportaz-skoda-slovensky-raj-2018-velke-finale-v-narodnom-parku\/#primaryimage"},"thumbnailUrl":"https:\/\/d2p6e6u75xmxt8.cloudfront.net\/4\/2018\/09\/titulka.JPG.webp","datePublished":"2018-09-11T15:19:54+00:00","dateModified":"2018-09-19T16:26:40+00:00","author":{"@id":"https:\/\/www.welovecycling.com\/sk\/#\/schema\/person\/8ee09ba39b7e25b1870160aa5b3a89bc"},"breadcrumb":{"@id":"https:\/\/www.welovecycling.com\/sk\/2018\/09\/11\/reportaz-skoda-slovensky-raj-2018-velke-finale-v-narodnom-parku\/#breadcrumb"},"inLanguage":"sk-SK","potentialAction":[{"@type":"ReadAction","target":["https:\/\/www.welovecycling.com\/sk\/2018\/09\/11\/reportaz-skoda-slovensky-raj-2018-velke-finale-v-narodnom-parku\/"]}]},{"@type":"ImageObject","inLanguage":"sk-SK","@id":"https:\/\/www.welovecycling.com\/sk\/2018\/09\/11\/reportaz-skoda-slovensky-raj-2018-velke-finale-v-narodnom-parku\/#primaryimage","url":"https:\/\/d2p6e6u75xmxt8.cloudfront.net\/4\/2018\/09\/titulka.JPG.webp","contentUrl":"https:\/\/d2p6e6u75xmxt8.cloudfront.net\/4\/2018\/09\/titulka.JPG.webp","width":1380,"height":600},{"@type":"BreadcrumbList","@id":"https:\/\/www.welovecycling.com\/sk\/2018\/09\/11\/reportaz-skoda-slovensky-raj-2018-velke-finale-v-narodnom-parku\/#breadcrumb","itemListElement":[{"@type":"ListItem","position":1,"name":"Home","item":"https:\/\/www.welovecycling.com\/sk\/"},{"@type":"ListItem","position":2,"name":"Report\u00e1\u017e: \u0160koda Slovensk\u00fd raj 2018 \u2013 ve\u013ek\u00e9 fin\u00e1le v n\u00e1rodnom parku"}]},{"@type":"WebSite","@id":"https:\/\/www.welovecycling.com\/sk\/#website","url":"https:\/\/www.welovecycling.com\/sk\/","name":"\u0160koda We Love Cycling Slovensko","description":"\u0160koda We Love Cycling Slovensko je v\u00e1\u0161 ka\u017edodenn\u00fd zdroj noviniek a in\u0161pir\u00e1cie z sveta cyklistiky","potentialAction":[{"@type":"SearchAction","target":{"@type":"EntryPoint","urlTemplate":"https:\/\/www.welovecycling.com\/sk\/?s={search_term_string}"},"query-input":{"@type":"PropertyValueSpecification","valueRequired":true,"valueName":"search_term_string"}}],"inLanguage":"sk-SK"},{"@type":"Person","@id":"https:\/\/www.welovecycling.com\/sk\/#\/schema\/person\/8ee09ba39b7e25b1870160aa5b3a89bc","name":"Ondrej Ga\u0161par","image":{"@type":"ImageObject","inLanguage":"sk-SK","@id":"https:\/\/www.welovecycling.com\/sk\/#\/schema\/person\/image\/","url":"https:\/\/secure.gravatar.com\/avatar\/6126c9afb87b70da5abbb083ddbb21933da15f18f8ca7cb822aba0fb096a48f6?s=96&d=mm&r=g","contentUrl":"https:\/\/secure.gravatar.com\/avatar\/6126c9afb87b70da5abbb083ddbb21933da15f18f8ca7cb822aba0fb096a48f6?s=96&d=mm&r=g","caption":"Ondrej Ga\u0161par"},"url":"https:\/\/www.welovecycling.com\/sk\/author\/ondrejgaspar\/"}]}},"_links":{"self":[{"href":"https:\/\/www.welovecycling.com\/sk\/wp-json\/wp\/v2\/posts\/4953","targetHints":{"allow":["GET"]}}],"collection":[{"href":"https:\/\/www.welovecycling.com\/sk\/wp-json\/wp\/v2\/posts"}],"about":[{"href":"https:\/\/www.welovecycling.com\/sk\/wp-json\/wp\/v2\/types\/post"}],"author":[{"embeddable":true,"href":"https:\/\/www.welovecycling.com\/sk\/wp-json\/wp\/v2\/users\/38"}],"replies":[{"embeddable":true,"href":"https:\/\/www.welovecycling.com\/sk\/wp-json\/wp\/v2\/comments?post=4953"}],"version-history":[{"count":2,"href":"https:\/\/www.welovecycling.com\/sk\/wp-json\/wp\/v2\/posts\/4953\/revisions"}],"predecessor-version":[{"id":5110,"href":"https:\/\/www.welovecycling.com\/sk\/wp-json\/wp\/v2\/posts\/4953\/revisions\/5110"}],"wp:featuredmedia":[{"embeddable":true,"href":"https:\/\/www.welovecycling.com\/sk\/wp-json\/wp\/v2\/media\/4970"}],"wp:attachment":[{"href":"https:\/\/www.welovecycling.com\/sk\/wp-json\/wp\/v2\/media?parent=4953"}],"wp:term":[{"taxonomy":"category","embeddable":true,"href":"https:\/\/www.welovecycling.com\/sk\/wp-json\/wp\/v2\/categories?post=4953"},{"taxonomy":"post_tag","embeddable":true,"href":"https:\/\/www.welovecycling.com\/sk\/wp-json\/wp\/v2\/tags?post=4953"},{"taxonomy":"global-categories","embeddable":true,"href":"https:\/\/www.welovecycling.com\/sk\/wp-json\/wp\/v2\/global-categories?post=4953"}],"curies":[{"name":"wp","href":"https:\/\/api.w.org\/{rel}","templated":true}]}}