{"id":4940,"date":"2018-09-10T14:04:03","date_gmt":"2018-09-10T12:04:03","guid":{"rendered":"https:\/\/www.welovecycling.com\/sk\/?p=4940"},"modified":"2023-04-18T12:33:04","modified_gmt":"2023-04-18T10:33:04","slug":"vuelta-versus-tour-de-france","status":"publish","type":"post","link":"https:\/\/www.welovecycling.com\/sk\/2018\/09\/10\/vuelta-versus-tour-de-france\/","title":{"rendered":"Vuelta versus Tour de France"},"content":{"rendered":"<p><strong>V mnoh\u00fdch oh\u013eadoch je \u0161panielska Vuelta sklaman\u00edm, prich\u00e1dza po Giro d\u00b4Italia a hlavne po Tour de France, ktor\u00e1 je najprest\u00ed\u017enej\u0161ou cyklistickou s\u00fa\u0165a\u017eou a rovnako najv\u00e4\u010d\u0161ou ka\u017edoro\u010dnou \u0161portovou udalos\u0165ou na svete. Vuelta v cyklistickom kalend\u00e1ri znamen\u00e1, \u017ee jazdci, ktor\u00ed u\u017e odjazdili prv\u00e9 dve Grand Tours, bud\u00fa pr\u00edli\u0161 unaven\u00ed, aby sa z\u00fa\u010dastnili alebo to vyu\u017eij\u00fa ako pr\u00edpravu na majstrovstv\u00e1 sveta v cestnej cyklistike, ktor\u00e9 sa bud\u00fa kona\u0165 ani nie mesiac po tom, ako sa Vuelta skon\u010d\u00ed.<\/strong><!--more--><\/p>\n<p><strong>Tour de France je najstar\u0161ia z Grand Tours.<\/strong> Prv\u00fdkr\u00e1t sa konala v roku 1903, zatia\u013e \u010do Giro bola prv\u00fdkr\u00e1t zorganizovan\u00e9 v roku 1909. <strong>Vuelta je v tomto porovnan\u00ed ve\u013emi mlad\u00e1<\/strong>, ve\u010f prv\u00fdkr\u00e1t sa konala v roku 1935 a vyhral ju holandsk\u00fd jazdec Gustaaf Deloor (vyhral preteky aj o rok nesk\u00f4r). Mo\u017eno aj preto nem\u00e1 to m\u00fdtick\u00e9 postavenie v porovnan\u00ed s ostatn\u00fdmi Grand Tours. Dokonca aj skaln\u00ed fan\u00fa\u0161ikovia cyklistiky by len \u0165a\u017eko dok\u00e1zali vymenova\u0165 \u0161panielske kopce, v ktor\u00fdch sa preteky konaj\u00fa a ktor\u00e9 by boli tak zn\u00e1me ako L\u2019Alpe-d\u2019Huez, Col du Tourmalet alebo Col du Galibier z Tour de France. Alebo si spomen\u00fa\u0165 na historick\u00e9 v\u00ed\u0165azstv\u00e1 Vuelty, podobne, ako ke\u010f Ameri\u010dan Greg LeMond porazil Franc\u00faza Laurenta Fignona o 58 sek\u00fand v z\u00e1vere\u010dnej 21. etape Tour de France v roku 1989, v \u010dasovke z Versailles do Champs Elysees, aby vyhral cel\u00e9 preteky o 8 sek\u00fand, \u010do je najmen\u0161ie v\u00ed\u0165azn\u00e9 rozp\u00e4tie v hist\u00f3rii Tour.<\/p>\n<figure id=\"attachment_4941\" aria-describedby=\"caption-attachment-4941\" style=\"width: 1250px\" class=\"wp-caption alignnone\"><a href=\"https:\/\/d2p6e6u75xmxt8.cloudfront.net\/4\/2018\/09\/profimedia-0379269916.jpg\"><img loading=\"lazy\" decoding=\"async\" class=\"size-full wp-image-4941\" src=\"https:\/\/d2p6e6u75xmxt8.cloudfront.net\/4\/2018\/09\/profimedia-0379269916.jpg\" alt=\"\" width=\"1250\" height=\"814\" \/><\/a><figcaption id=\"caption-attachment-4941\" class=\"wp-caption-text\">Chris Froomeand a \u010fal\u0161\u00ed jazdci \u010dakaj\u00fa po tom, \u010do boli preteky preru\u0161en\u00e9, kv\u00f4li demon\u0161tr\u00e1cii farm\u00e1rov na \u00faseku cesty 16. etapy 105. ro\u010dn\u00edka Tour de France, 24.j\u00fala 2018 \u00a9 Profimedia, TEMP EPA<\/figcaption><\/figure>\n<p>\u010eal\u0161\u00edm rozdielom medzi Vueltou a Tour de France je to, \u017ee zatia\u013e \u010do <strong>franc\u00fazske preteky \u010dasto prech\u00e1dzaj\u00fa cez hranice<\/strong> a pr\u00edle\u017eitostne sa konaj\u00fa aj v cudzej krajine \u2013 napr\u00edklad v roku 2014, ke\u010f sa Grand D\u00e9part konal v britskom meste Leeds \u2013 <strong>Vuleta sa kon\u00e1 takmer v\u00fdhradne v \u0160panielsku<\/strong>.<\/p>\n<p>Ale najv\u00fdznamnej\u0161\u00ed rozdiel medzi t\u00fdmito dvoma pretekmi je zalo\u017een\u00fd na porovn\u00e1van\u00ed podobnost\u00ed. Pod\u013ea v\u00fdskumu t\u00edmu \u0161panielskych vedcov, ktor\u00fdch vedie Dr.Alejandro Lucia z madridskej univerzity, zatia\u013e \u010do <strong>Vuelta je v\u017edy krat\u0161ia ako Tour de France<\/strong> (v roku 2017 to bolo o viac ako 200 km) a jazdci str\u00e1via menej \u010dasu na koles\u00e1ch (v roku 2017 bol v\u00ed\u0165azn\u00fd \u010das na Vuelte o 4 hodiny krat\u0161\u00ed ako na Tour), <strong>za\u0165a\u017eenie jazdcov po\u010das pretekov je pribli\u017ene rovnak\u00e9<\/strong>.<\/p>\n<figure id=\"attachment_4942\" aria-describedby=\"caption-attachment-4942\" style=\"width: 1250px\" class=\"wp-caption alignnone\"><a href=\"https:\/\/d2p6e6u75xmxt8.cloudfront.net\/4\/2018\/09\/profimedia-0384683617.jpg\"><img loading=\"lazy\" decoding=\"async\" class=\"size-full wp-image-4942\" src=\"https:\/\/d2p6e6u75xmxt8.cloudfront.net\/4\/2018\/09\/profimedia-0384683617.jpg\" alt=\"\" width=\"1250\" height=\"696\" \/><\/a><figcaption id=\"caption-attachment-4942\" class=\"wp-caption-text\">Nacer Bouhhani prekra\u010duje cie\u013eov\u00fa \u010diaru a vyhr\u00e1va \u0161iestu etapu na La Vuelta. \u00a9 Profimedia, TEMP EPA<\/figcaption><\/figure>\n<p>To znamen\u00e1, \u017ee sa <strong>jazd\u00ed tvrd\u0161ie v krat\u0161\u00edch etap\u00e1ch Vuelty. <\/strong>Mo\u017eno kv\u00f4li dom\u00e1cim \u0161panielskym jazdcom, ktor\u00ed jazdia agres\u00edvnej\u0161ie, aby zap\u00f4sobili na ich dom\u00e1cich fan\u00fa\u0161ikov alebo kv\u00f4li v\u00e4\u010d\u0161iemu mno\u017estvu horsk\u00fdch et\u00e1p \u2013 tohtoro\u010dn\u00e9 preteky ich maj\u00fa a\u017e dev\u00e4\u0165.<\/p>\n<p>Toto tie\u017e potvrdzuje fakt, ktor\u00fd si m\u00f4\u017eu v\u0161imn\u00fa\u0165 aj n\u00e1hodn\u00ed fan\u00fa\u0161ikovia cyklistiky. Zatia\u013e \u010do tempo <strong>Tour de France<\/strong> je \u010dasto <strong>kontrolovan\u00e9 jedn\u00fdm siln\u00fdm t\u00edmom<\/strong> ako napr\u00edklad Team Sky, <strong>Vuleta<\/strong> s\u00fa viac hektick\u00e9 preteky, v ktorom <strong>viacero t\u00edmov tla\u010d\u00ed na tempo<\/strong>. Je to preto, \u017ee Vuelta je \u010dasto ove\u013ea otvorenej\u0161ia ako Tour. Dominantn\u00ed pretek\u00e1ri Grand Tour a ich t\u00edmy u\u017e z\u00edskali v\u00ed\u0165azstvo v Tour alebo Giro. Bu\u010f Vueltu vynechaj\u00fa alebo ak nie, nebud\u00fa dostato\u010dne zotaven\u00ed z predch\u00e1dzaj\u00facich pretekov. T\u00fdmto sa otv\u00e1raj\u00fa pr\u00edle\u017eitosti pre jazdcov a t\u00edmy, ktor\u00e9 bu\u010f zlyhali alebo v predch\u00e1dzaj\u00facich pretekoch nedopadli dobre. M\u00f4\u017eu tak napravi\u0165 svoju reput\u00e1ciu a zachr\u00e1ni\u0165 aktu\u00e1lnu sez\u00f3nu. A zatia\u013e \u010do v\u0161etko nazna\u010duje tomu, \u017ee v\u00ed\u0165azstvo vo <strong>Vuelte<\/strong> je menej prest\u00ed\u017ene ako v\u00ed\u0165azstvo v Tour de France, <strong>preteky s\u013eubuj\u00fa<\/strong> \u2013 a vo v\u0161eobecnosti aj prin\u00e1\u0161aj\u00fa \u2013 <strong>ove\u013ea vzru\u0161uj\u00facej\u0161ie a nap\u00ednavej\u0161ie s\u00faboje<\/strong>.<\/p>\n","protected":false},"excerpt":{"rendered":"<p>V mnoh\u00fdch oh\u013eadoch je \u0161panielska Vuelta sklaman\u00edm, prich\u00e1dza po Giro d\u00b4Italia a hlavne po Tour de France, ktor\u00e1 je najprest\u00ed\u017enej\u0161ou [&hellip;]<\/p>\n","protected":false},"author":38,"featured_media":4944,"comment_status":"open","ping_status":"open","sticky":false,"template":"","format":"standard","meta":{"footnotes":""},"categories":[117,217],"tags":[255,227,275,115,487,306,268,251,556,20,308,229,219],"global-categories":[],"class_list":["post-4940","post","type-post","status-publish","format-standard","has-post-thumbnail","hentry","category-tour-de-france","category-vuelta-a-espana","tag-255","tag-casovka","tag-cesta","tag-cestna-cyklistika","tag-cestny-bicykel","tag-francuzsko","tag-grand-tour","tag-spanielsko","tag-tim","tag-tour-de-france","tag-tour-de-france-2018","tag-vrcharske-finale","tag-vuelta-a-espana"],"yoast_head":"<!-- This site is optimized with the Yoast SEO Premium plugin v25.3 (Yoast SEO v25.9) - https:\/\/yoast.com\/wordpress\/plugins\/seo\/ -->\n<title>Vuelta versus Tour de France - \u0160koda We Love Cycling Slovensko<\/title>\n<meta name=\"description\" content=\"V mnoh\u00fdch oh\u013eadoch je \u0161panielska Vuelta sklaman\u00edm, prich\u00e1dza po Giro d\u00b4Italia a hlavne po ve\u013ekej Tour de France.\" \/>\n<meta name=\"robots\" content=\"index, follow, max-snippet:-1, max-image-preview:large, max-video-preview:-1\" \/>\n<link rel=\"canonical\" href=\"https:\/\/www.welovecycling.com\/sk\/2018\/09\/10\/vuelta-versus-tour-de-france\/\" \/>\n<meta property=\"og:locale\" content=\"sk_SK\" \/>\n<meta property=\"og:type\" content=\"article\" \/>\n<meta property=\"og:title\" content=\"Vuelta versus Tour de France\" \/>\n<meta property=\"og:description\" content=\"V mnoh\u00fdch oh\u013eadoch je \u0161panielska Vuelta sklaman\u00edm, prich\u00e1dza po Giro d\u00b4Italia a hlavne po ve\u013ekej Tour de France.\" \/>\n<meta property=\"og:url\" content=\"https:\/\/www.welovecycling.com\/sk\/2018\/09\/10\/vuelta-versus-tour-de-france\/\" \/>\n<meta property=\"og:site_name\" content=\"\u0160koda We Love Cycling Slovensko\" \/>\n<meta property=\"article:published_time\" content=\"2018-09-10T12:04:03+00:00\" \/>\n<meta property=\"article:modified_time\" content=\"2023-04-18T10:33:04+00:00\" \/>\n<meta property=\"og:image\" content=\"https:\/\/d2p6e6u75xmxt8.cloudfront.net\/4\/2018\/09\/profimedia-0384693551-1.webp\" \/>\n\t<meta property=\"og:image:width\" content=\"1366\" \/>\n\t<meta property=\"og:image:height\" content=\"600\" \/>\n\t<meta property=\"og:image:type\" content=\"image\/webp\" \/>\n<meta name=\"author\" content=\"Ondrej Ga\u0161par\" \/>\n<meta name=\"twitter:card\" content=\"summary_large_image\" \/>\n<meta name=\"twitter:label1\" content=\"Written by\" \/>\n\t<meta name=\"twitter:data1\" content=\"Siegfried Mortkowitz\" \/>\n\t<meta name=\"twitter:label2\" content=\"Est. reading time\" \/>\n\t<meta name=\"twitter:data2\" content=\"3\" \/>\n<script type=\"application\/ld+json\" class=\"yoast-schema-graph\">{\"@context\":\"https:\/\/schema.org\",\"@graph\":[{\"@type\":\"WebPage\",\"@id\":\"https:\/\/www.welovecycling.com\/sk\/2018\/09\/10\/vuelta-versus-tour-de-france\/\",\"url\":\"https:\/\/www.welovecycling.com\/sk\/2018\/09\/10\/vuelta-versus-tour-de-france\/\",\"name\":\"Vuelta versus Tour de France - \u0160koda We Love Cycling Slovensko\",\"isPartOf\":{\"@id\":\"https:\/\/www.welovecycling.com\/sk\/#website\"},\"primaryImageOfPage\":{\"@id\":\"https:\/\/www.welovecycling.com\/sk\/2018\/09\/10\/vuelta-versus-tour-de-france\/#primaryimage\"},\"image\":{\"@id\":\"https:\/\/www.welovecycling.com\/sk\/2018\/09\/10\/vuelta-versus-tour-de-france\/#primaryimage\"},\"thumbnailUrl\":\"https:\/\/d2p6e6u75xmxt8.cloudfront.net\/4\/2018\/09\/profimedia-0384693551-1.webp\",\"datePublished\":\"2018-09-10T12:04:03+00:00\",\"dateModified\":\"2023-04-18T10:33:04+00:00\",\"author\":{\"@id\":\"https:\/\/www.welovecycling.com\/sk\/#\/schema\/person\/8ee09ba39b7e25b1870160aa5b3a89bc\"},\"description\":\"V mnoh\u00fdch oh\u013eadoch je \u0161panielska Vuelta sklaman\u00edm, prich\u00e1dza po Giro d\u00b4Italia a hlavne po ve\u013ekej Tour de France.\",\"breadcrumb\":{\"@id\":\"https:\/\/www.welovecycling.com\/sk\/2018\/09\/10\/vuelta-versus-tour-de-france\/#breadcrumb\"},\"inLanguage\":\"sk-SK\",\"potentialAction\":[{\"@type\":\"ReadAction\",\"target\":[\"https:\/\/www.welovecycling.com\/sk\/2018\/09\/10\/vuelta-versus-tour-de-france\/\"]}]},{\"@type\":\"ImageObject\",\"inLanguage\":\"sk-SK\",\"@id\":\"https:\/\/www.welovecycling.com\/sk\/2018\/09\/10\/vuelta-versus-tour-de-france\/#primaryimage\",\"url\":\"https:\/\/d2p6e6u75xmxt8.cloudfront.net\/4\/2018\/09\/profimedia-0384693551-1.webp\",\"contentUrl\":\"https:\/\/d2p6e6u75xmxt8.cloudfront.net\/4\/2018\/09\/profimedia-0384693551-1.webp\",\"width\":1366,\"height\":600},{\"@type\":\"BreadcrumbList\",\"@id\":\"https:\/\/www.welovecycling.com\/sk\/2018\/09\/10\/vuelta-versus-tour-de-france\/#breadcrumb\",\"itemListElement\":[{\"@type\":\"ListItem\",\"position\":1,\"name\":\"Home\",\"item\":\"https:\/\/www.welovecycling.com\/sk\/\"},{\"@type\":\"ListItem\",\"position\":2,\"name\":\"Vuelta versus Tour de France\"}]},{\"@type\":\"WebSite\",\"@id\":\"https:\/\/www.welovecycling.com\/sk\/#website\",\"url\":\"https:\/\/www.welovecycling.com\/sk\/\",\"name\":\"\u0160koda We Love Cycling Slovensko\",\"description\":\"\u0160koda We Love Cycling Slovensko je v\u00e1\u0161 ka\u017edodenn\u00fd zdroj noviniek a in\u0161pir\u00e1cie z sveta cyklistiky\",\"potentialAction\":[{\"@type\":\"SearchAction\",\"target\":{\"@type\":\"EntryPoint\",\"urlTemplate\":\"https:\/\/www.welovecycling.com\/sk\/?s={search_term_string}\"},\"query-input\":{\"@type\":\"PropertyValueSpecification\",\"valueRequired\":true,\"valueName\":\"search_term_string\"}}],\"inLanguage\":\"sk-SK\"},{\"@type\":\"Person\",\"@id\":\"https:\/\/www.welovecycling.com\/sk\/#\/schema\/person\/8ee09ba39b7e25b1870160aa5b3a89bc\",\"name\":\"Ondrej Ga\u0161par\",\"image\":{\"@type\":\"ImageObject\",\"inLanguage\":\"sk-SK\",\"@id\":\"https:\/\/www.welovecycling.com\/sk\/#\/schema\/person\/image\/\",\"url\":\"https:\/\/secure.gravatar.com\/avatar\/6126c9afb87b70da5abbb083ddbb21933da15f18f8ca7cb822aba0fb096a48f6?s=96&d=mm&r=g\",\"contentUrl\":\"https:\/\/secure.gravatar.com\/avatar\/6126c9afb87b70da5abbb083ddbb21933da15f18f8ca7cb822aba0fb096a48f6?s=96&d=mm&r=g\",\"caption\":\"Ondrej Ga\u0161par\"},\"url\":\"https:\/\/www.welovecycling.com\/sk\/author\/ondrejgaspar\/\"}]}<\/script>\n<!-- \/ Yoast SEO Premium plugin. -->","yoast_head_json":{"title":"Vuelta versus Tour de France - \u0160koda We Love Cycling Slovensko","description":"V mnoh\u00fdch oh\u013eadoch je \u0161panielska Vuelta sklaman\u00edm, prich\u00e1dza po Giro d\u00b4Italia a hlavne po ve\u013ekej Tour de France.","robots":{"index":"index","follow":"follow","max-snippet":"max-snippet:-1","max-image-preview":"max-image-preview:large","max-video-preview":"max-video-preview:-1"},"canonical":"https:\/\/www.welovecycling.com\/sk\/2018\/09\/10\/vuelta-versus-tour-de-france\/","og_locale":"sk_SK","og_type":"article","og_title":"Vuelta versus Tour de France","og_description":"V mnoh\u00fdch oh\u013eadoch je \u0161panielska Vuelta sklaman\u00edm, prich\u00e1dza po Giro d\u00b4Italia a hlavne po ve\u013ekej Tour de France.","og_url":"https:\/\/www.welovecycling.com\/sk\/2018\/09\/10\/vuelta-versus-tour-de-france\/","og_site_name":"\u0160koda We Love Cycling Slovensko","article_published_time":"2018-09-10T12:04:03+00:00","article_modified_time":"2023-04-18T10:33:04+00:00","og_image":[{"width":1366,"height":600,"url":"https:\/\/d2p6e6u75xmxt8.cloudfront.net\/4\/2018\/09\/profimedia-0384693551-1.webp","type":"image\/webp"}],"author":"Ondrej Ga\u0161par","twitter_card":"summary_large_image","twitter_misc":{"Written by":"Siegfried Mortkowitz","Est. reading time":"3"},"schema":{"@context":"https:\/\/schema.org","@graph":[{"@type":"WebPage","@id":"https:\/\/www.welovecycling.com\/sk\/2018\/09\/10\/vuelta-versus-tour-de-france\/","url":"https:\/\/www.welovecycling.com\/sk\/2018\/09\/10\/vuelta-versus-tour-de-france\/","name":"Vuelta versus Tour de France - \u0160koda We Love Cycling Slovensko","isPartOf":{"@id":"https:\/\/www.welovecycling.com\/sk\/#website"},"primaryImageOfPage":{"@id":"https:\/\/www.welovecycling.com\/sk\/2018\/09\/10\/vuelta-versus-tour-de-france\/#primaryimage"},"image":{"@id":"https:\/\/www.welovecycling.com\/sk\/2018\/09\/10\/vuelta-versus-tour-de-france\/#primaryimage"},"thumbnailUrl":"https:\/\/d2p6e6u75xmxt8.cloudfront.net\/4\/2018\/09\/profimedia-0384693551-1.webp","datePublished":"2018-09-10T12:04:03+00:00","dateModified":"2023-04-18T10:33:04+00:00","author":{"@id":"https:\/\/www.welovecycling.com\/sk\/#\/schema\/person\/8ee09ba39b7e25b1870160aa5b3a89bc"},"description":"V mnoh\u00fdch oh\u013eadoch je \u0161panielska Vuelta sklaman\u00edm, prich\u00e1dza po Giro d\u00b4Italia a hlavne po ve\u013ekej Tour de France.","breadcrumb":{"@id":"https:\/\/www.welovecycling.com\/sk\/2018\/09\/10\/vuelta-versus-tour-de-france\/#breadcrumb"},"inLanguage":"sk-SK","potentialAction":[{"@type":"ReadAction","target":["https:\/\/www.welovecycling.com\/sk\/2018\/09\/10\/vuelta-versus-tour-de-france\/"]}]},{"@type":"ImageObject","inLanguage":"sk-SK","@id":"https:\/\/www.welovecycling.com\/sk\/2018\/09\/10\/vuelta-versus-tour-de-france\/#primaryimage","url":"https:\/\/d2p6e6u75xmxt8.cloudfront.net\/4\/2018\/09\/profimedia-0384693551-1.webp","contentUrl":"https:\/\/d2p6e6u75xmxt8.cloudfront.net\/4\/2018\/09\/profimedia-0384693551-1.webp","width":1366,"height":600},{"@type":"BreadcrumbList","@id":"https:\/\/www.welovecycling.com\/sk\/2018\/09\/10\/vuelta-versus-tour-de-france\/#breadcrumb","itemListElement":[{"@type":"ListItem","position":1,"name":"Home","item":"https:\/\/www.welovecycling.com\/sk\/"},{"@type":"ListItem","position":2,"name":"Vuelta versus Tour de France"}]},{"@type":"WebSite","@id":"https:\/\/www.welovecycling.com\/sk\/#website","url":"https:\/\/www.welovecycling.com\/sk\/","name":"\u0160koda We Love Cycling Slovensko","description":"\u0160koda We Love Cycling Slovensko je v\u00e1\u0161 ka\u017edodenn\u00fd zdroj noviniek a in\u0161pir\u00e1cie z sveta cyklistiky","potentialAction":[{"@type":"SearchAction","target":{"@type":"EntryPoint","urlTemplate":"https:\/\/www.welovecycling.com\/sk\/?s={search_term_string}"},"query-input":{"@type":"PropertyValueSpecification","valueRequired":true,"valueName":"search_term_string"}}],"inLanguage":"sk-SK"},{"@type":"Person","@id":"https:\/\/www.welovecycling.com\/sk\/#\/schema\/person\/8ee09ba39b7e25b1870160aa5b3a89bc","name":"Ondrej Ga\u0161par","image":{"@type":"ImageObject","inLanguage":"sk-SK","@id":"https:\/\/www.welovecycling.com\/sk\/#\/schema\/person\/image\/","url":"https:\/\/secure.gravatar.com\/avatar\/6126c9afb87b70da5abbb083ddbb21933da15f18f8ca7cb822aba0fb096a48f6?s=96&d=mm&r=g","contentUrl":"https:\/\/secure.gravatar.com\/avatar\/6126c9afb87b70da5abbb083ddbb21933da15f18f8ca7cb822aba0fb096a48f6?s=96&d=mm&r=g","caption":"Ondrej Ga\u0161par"},"url":"https:\/\/www.welovecycling.com\/sk\/author\/ondrejgaspar\/"}]}},"_links":{"self":[{"href":"https:\/\/www.welovecycling.com\/sk\/wp-json\/wp\/v2\/posts\/4940","targetHints":{"allow":["GET"]}}],"collection":[{"href":"https:\/\/www.welovecycling.com\/sk\/wp-json\/wp\/v2\/posts"}],"about":[{"href":"https:\/\/www.welovecycling.com\/sk\/wp-json\/wp\/v2\/types\/post"}],"author":[{"embeddable":true,"href":"https:\/\/www.welovecycling.com\/sk\/wp-json\/wp\/v2\/users\/38"}],"replies":[{"embeddable":true,"href":"https:\/\/www.welovecycling.com\/sk\/wp-json\/wp\/v2\/comments?post=4940"}],"version-history":[{"count":2,"href":"https:\/\/www.welovecycling.com\/sk\/wp-json\/wp\/v2\/posts\/4940\/revisions"}],"predecessor-version":[{"id":17168,"href":"https:\/\/www.welovecycling.com\/sk\/wp-json\/wp\/v2\/posts\/4940\/revisions\/17168"}],"wp:featuredmedia":[{"embeddable":true,"href":"https:\/\/www.welovecycling.com\/sk\/wp-json\/wp\/v2\/media\/4944"}],"wp:attachment":[{"href":"https:\/\/www.welovecycling.com\/sk\/wp-json\/wp\/v2\/media?parent=4940"}],"wp:term":[{"taxonomy":"category","embeddable":true,"href":"https:\/\/www.welovecycling.com\/sk\/wp-json\/wp\/v2\/categories?post=4940"},{"taxonomy":"post_tag","embeddable":true,"href":"https:\/\/www.welovecycling.com\/sk\/wp-json\/wp\/v2\/tags?post=4940"},{"taxonomy":"global-categories","embeddable":true,"href":"https:\/\/www.welovecycling.com\/sk\/wp-json\/wp\/v2\/global-categories?post=4940"}],"curies":[{"name":"wp","href":"https:\/\/api.w.org\/{rel}","templated":true}]}}