{"id":4921,"date":"2018-09-04T10:41:17","date_gmt":"2018-09-04T08:41:17","guid":{"rendered":"https:\/\/www.welovecycling.com\/sk\/?p=4921"},"modified":"2018-09-04T10:41:17","modified_gmt":"2018-09-04T08:41:17","slug":"vitazna-jazda-spomienka-na-holokaust-po-80-rokoch","status":"publish","type":"post","link":"https:\/\/www.welovecycling.com\/sk\/2018\/09\/04\/vitazna-jazda-spomienka-na-holokaust-po-80-rokoch\/","title":{"rendered":"V\u00ed\u0165azn\u00e1 jazda: Spomienka na Holokaust po 80 rokoch"},"content":{"rendered":"<p><strong>Cyklisti len zriedkakedy potrebuj\u00fa dobr\u00fd d\u00f4vod na to, aby sa i\u0161li bicyklova\u0165. Bu\u010f je slne\u010dno, alebo pr\u0161\u00ed \u2013 obidve mo\u017enosti ich &#8222;n\u00fatia&#8220; vzia\u0165 bicykel a vyrazi\u0165. Ale niekedy sa naskytn\u00fa aj presved\u010divej\u0161ie d\u00f4vody. Jedn\u00fdm z tak\u00fdch pr\u00edkladov je aj pr\u00edbeh Gina Bartalliho, talianskeho katol\u00edckeho cyklistick\u00e9ho \u0161ampi\u00f3na, ktor\u00fd pom\u00e1hal \u017eidom utiec\u0165 pred fa\u0161istami, skr\u00fdvan\u00edm fal\u0161ovan\u00fdch dokumentov v jeho r\u00e1me bicykla.<\/strong><!--more--><\/p>\n<h2><strong>\u00datek det\u00ed<\/strong><\/h2>\n<p>V roku 2018 bola cyklistika op\u00e4\u0165 raz sp\u00e1jan\u00e1 s bojom proti fa\u0161izmu. D\u00f4vodom bola <strong>600 m\u00ed\u013eov\u00e1 (980&nbsp;km) jazda<\/strong>, organizovan\u00e1 charitou <strong>World Jewish Relief<\/strong>. Cesta viedla najm\u00e4 po stop\u00e1ch \u017eidovsk\u00e9ho transportu det\u00ed, ktor\u00fd sa za\u010dal 80 rokov dozadu, po pogrome zn\u00e1mom ako <strong>Kri\u0161t\u00e1\u013eov\u00e1 noc<\/strong>.<\/p>\n<p>Britsk\u00e1 vl\u00e1da sa c\u00edtila by\u0165 mor\u00e1lne zodpovedn\u00e1 umo\u017eni\u0165 vstup do Brit\u00e1nie osamoten\u00fdm de\u0165om, ktor\u00e9 utekali pred skazou, medzi ktor\u00fdmi bol aj <strong>Paul Alexander<\/strong>. Paul mal len 19 mesiacov, ke\u010f ho matka odovzdala nezn\u00e1memu \u010dloveku, ktor\u00fd ho zobral z Leipzigu v Nemecku.<\/p>\n<h2><strong>Nev\u00fdslovn\u00e1 odmena po \u0165a\u017ekom boji<\/strong><\/h2>\n<p>Teraz je u\u017e Paul osemdesiatnik. Nie je preto prekvapiv\u00e9, \u017ee v jeho o\u010diach bola 600 m\u00ed\u013eov\u00e1 v\u00fdzva hlboko emocion\u00e1lnou sk\u00fasenos\u0165ou. \u017durnalistom povedal, \u017ee to bolo <strong><em>\u201enie\u010do ako v\u00ed\u0165azn\u00e1 jazda&#8230; Od teroru nacistov som sa dostal na slobodu a do bezpe\u010dia, a to bolo pre m\u0148a v\u00ed\u0165azstvom.\u201c<\/em><\/strong><\/p>\n<figure id=\"attachment_4922\" aria-describedby=\"caption-attachment-4922\" style=\"width: 1377px\" class=\"wp-caption alignnone\"><a href=\"https:\/\/d2p6e6u75xmxt8.cloudfront.net\/4\/2018\/09\/WJR.jpg\"><img loading=\"lazy\" decoding=\"async\" class=\"wp-image-4922 size-full\" src=\"https:\/\/d2p6e6u75xmxt8.cloudfront.net\/4\/2018\/09\/WJR.jpg\" alt=\"\" width=\"1377\" height=\"918\" \/><\/a><figcaption id=\"caption-attachment-4922\" class=\"wp-caption-text\">Paul Alexander\u00a0\u00a9 World Jewish Relief<\/figcaption><\/figure>\n<p>Muky, ktor\u00e9 za\u017e\u00edvala Paulova mama, ke\u010f sa ho musela vzda\u0165, bez vidiny istoty z\u00e1chrany, s\u00fa \u0165a\u017eko predstavite\u013en\u00e9. To, \u017ee Paul pre\u0161iel t\u00fato v\u00fdzvu so svoj\u00edm 14-ro\u010dn\u00fdm vnukom, je e\u0161te v\u00e4\u010d\u0161mi doj\u00edmavej\u0161ie.<\/p>\n<h2><strong>Cti\u0165 si svojich predkov<\/strong><\/h2>\n<p><strong>Phil Harris<\/strong> str\u00e1vil noc pred akciou v b\u00fdvalom dome jeho starej mamy v Berl\u00edne. Jeho star\u00e1 mama, Ilse, mala len 16 rokov, ke\u010f bola presunut\u00e1 do Brit\u00e1nie \u2013 bola jednou z najstar\u0161\u00edch, ktor\u00e9 boli s\u00fa\u010das\u0165ou transportu det\u00ed (Kindertransport). Phil chcel za\u010da\u0165 svoju jazdu <strong><em>\u201ez toho miesta, kde ju za\u010dala aj moja star\u00e1 mama.\u201c<\/em><\/strong><\/p>\n<figure id=\"attachment_4923\" aria-describedby=\"caption-attachment-4923\" style=\"width: 622px\" class=\"wp-caption alignnone\"><a href=\"https:\/\/d2p6e6u75xmxt8.cloudfront.net\/4\/2018\/09\/Paul_Nadav_and_Daniel_Alexander_detail.jpg\"><img loading=\"lazy\" decoding=\"async\" class=\"size-full wp-image-4923\" src=\"https:\/\/d2p6e6u75xmxt8.cloudfront.net\/4\/2018\/09\/Paul_Nadav_and_Daniel_Alexander_detail.jpg\" alt=\"\" width=\"622\" height=\"622\" \/><\/a><figcaption id=\"caption-attachment-4923\" class=\"wp-caption-text\">Paul, jeho syn a vnuk pre\u0161li z Berl\u00edna do Lond\u00fdna Kindertransport Commemorative Cycle spolu.<\/figcaption><\/figure>\n<p><strong>Rafi Cooper<\/strong> z charity World Jewish Relief poznamenal, \u017ee t\u00e1to jazda je <strong><em>\u201epocten\u00edm si ohromnej \u017eivot-zachra\u0148uj\u00facej pr\u00e1ce na\u0161ich predkov. Desiatky tis\u00edc \u013eud\u00ed by nest\u00e1li dnes na tejto zemi, keby nebolo ich hrdinsk\u00e9ho po\u010dinu.\u201c<\/em><\/strong><\/p>\n<p>Peniaze, ktor\u00e9 sa po\u010das tejto, ale aj in\u00fdch akcii vyzbierali, op\u00e4\u0165 pom\u00f4\u017eu t\u00fdm, ktor\u00ed ich naozaj potrebuj\u00fa. Nabud\u00face, ke\u010f sa p\u00f4jdete previes\u0165 na bicykli, zamyslite sa, \u010do by v\u00e1s presved\u010dilo podnikn\u00fa\u0165 600 m\u00ed\u013eov\u00fa cestu.<\/p>\n","protected":false},"excerpt":{"rendered":"<p>Cyklisti len zriedkakedy potrebuj\u00fa dobr\u00fd d\u00f4vod na to, aby sa i\u0161li bicyklova\u0165. Bu\u010f je slne\u010dno, alebo pr\u0161\u00ed \u2013 obidve mo\u017enosti [&hellip;]<\/p>\n","protected":false},"author":38,"featured_media":4925,"comment_status":"open","ping_status":"open","sticky":false,"template":"","format":"standard","meta":{"footnotes":""},"categories":[4,127,3],"tags":[275,115,487,591,180,412,269,592,593,594],"global-categories":[],"class_list":["post-4921","post","type-post","status-publish","format-standard","has-post-thumbnail","hentry","category-cestna-cyklisitika","category-legendy","category-mtb","tag-cesta","tag-cestna-cyklistika","tag-cestny-bicykel","tag-holokaust","tag-horska-cyklistika","tag-mtb","tag-vitaz","tag-world-jewish-relief","tag-zidia","tag-zivot"],"yoast_head":"<!-- This site is optimized with the Yoast SEO Premium plugin v25.3 (Yoast SEO v25.9) - https:\/\/yoast.com\/wordpress\/plugins\/seo\/ -->\n<title>V\u00ed\u0165azn\u00e1 jazda: Spomienka na Holokaust po 80 rokoch - \u0160koda We Love Cycling Slovensko<\/title>\n<meta name=\"robots\" content=\"index, follow, max-snippet:-1, max-image-preview:large, max-video-preview:-1\" \/>\n<link rel=\"canonical\" href=\"https:\/\/www.welovecycling.com\/sk\/2018\/09\/04\/vitazna-jazda-spomienka-na-holokaust-po-80-rokoch\/\" \/>\n<meta property=\"og:locale\" content=\"sk_SK\" \/>\n<meta property=\"og:type\" content=\"article\" \/>\n<meta property=\"og:title\" content=\"V\u00ed\u0165azn\u00e1 jazda: Spomienka na Holokaust po 80 rokoch\" \/>\n<meta property=\"og:description\" content=\"Cyklisti len zriedkakedy potrebuj\u00fa dobr\u00fd d\u00f4vod na to, aby sa i\u0161li bicyklova\u0165. Bu\u010f je slne\u010dno, alebo pr\u0161\u00ed \u2013 obidve mo\u017enosti [&hellip;]\" \/>\n<meta property=\"og:url\" content=\"https:\/\/www.welovecycling.com\/sk\/2018\/09\/04\/vitazna-jazda-spomienka-na-holokaust-po-80-rokoch\/\" \/>\n<meta property=\"og:site_name\" content=\"\u0160koda We Love Cycling Slovensko\" \/>\n<meta property=\"article:published_time\" content=\"2018-09-04T08:41:17+00:00\" \/>\n<meta property=\"og:image\" content=\"https:\/\/d2p6e6u75xmxt8.cloudfront.net\/4\/2018\/09\/AndyTylerPhotographyCVR.webp\" \/>\n\t<meta property=\"og:image:width\" content=\"1366\" \/>\n\t<meta property=\"og:image:height\" content=\"600\" \/>\n\t<meta property=\"og:image:type\" content=\"image\/webp\" \/>\n<meta name=\"author\" content=\"Ondrej Ga\u0161par\" \/>\n<meta name=\"twitter:card\" content=\"summary_large_image\" \/>\n<meta name=\"twitter:label1\" content=\"Written by\" \/>\n\t<meta name=\"twitter:data1\" content=\"Christopher Ashley\" \/>\n\t<meta name=\"twitter:label2\" content=\"Est. reading time\" \/>\n\t<meta name=\"twitter:data2\" content=\"2\" \/>\n<script type=\"application\/ld+json\" class=\"yoast-schema-graph\">{\"@context\":\"https:\/\/schema.org\",\"@graph\":[{\"@type\":\"WebPage\",\"@id\":\"https:\/\/www.welovecycling.com\/sk\/2018\/09\/04\/vitazna-jazda-spomienka-na-holokaust-po-80-rokoch\/\",\"url\":\"https:\/\/www.welovecycling.com\/sk\/2018\/09\/04\/vitazna-jazda-spomienka-na-holokaust-po-80-rokoch\/\",\"name\":\"V\u00ed\u0165azn\u00e1 jazda: Spomienka na Holokaust po 80 rokoch - \u0160koda We Love Cycling Slovensko\",\"isPartOf\":{\"@id\":\"https:\/\/www.welovecycling.com\/sk\/#website\"},\"primaryImageOfPage\":{\"@id\":\"https:\/\/www.welovecycling.com\/sk\/2018\/09\/04\/vitazna-jazda-spomienka-na-holokaust-po-80-rokoch\/#primaryimage\"},\"image\":{\"@id\":\"https:\/\/www.welovecycling.com\/sk\/2018\/09\/04\/vitazna-jazda-spomienka-na-holokaust-po-80-rokoch\/#primaryimage\"},\"thumbnailUrl\":\"https:\/\/d2p6e6u75xmxt8.cloudfront.net\/4\/2018\/09\/AndyTylerPhotographyCVR.webp\",\"datePublished\":\"2018-09-04T08:41:17+00:00\",\"author\":{\"@id\":\"https:\/\/www.welovecycling.com\/sk\/#\/schema\/person\/8ee09ba39b7e25b1870160aa5b3a89bc\"},\"breadcrumb\":{\"@id\":\"https:\/\/www.welovecycling.com\/sk\/2018\/09\/04\/vitazna-jazda-spomienka-na-holokaust-po-80-rokoch\/#breadcrumb\"},\"inLanguage\":\"sk-SK\",\"potentialAction\":[{\"@type\":\"ReadAction\",\"target\":[\"https:\/\/www.welovecycling.com\/sk\/2018\/09\/04\/vitazna-jazda-spomienka-na-holokaust-po-80-rokoch\/\"]}]},{\"@type\":\"ImageObject\",\"inLanguage\":\"sk-SK\",\"@id\":\"https:\/\/www.welovecycling.com\/sk\/2018\/09\/04\/vitazna-jazda-spomienka-na-holokaust-po-80-rokoch\/#primaryimage\",\"url\":\"https:\/\/d2p6e6u75xmxt8.cloudfront.net\/4\/2018\/09\/AndyTylerPhotographyCVR.webp\",\"contentUrl\":\"https:\/\/d2p6e6u75xmxt8.cloudfront.net\/4\/2018\/09\/AndyTylerPhotographyCVR.webp\",\"width\":1366,\"height\":600},{\"@type\":\"BreadcrumbList\",\"@id\":\"https:\/\/www.welovecycling.com\/sk\/2018\/09\/04\/vitazna-jazda-spomienka-na-holokaust-po-80-rokoch\/#breadcrumb\",\"itemListElement\":[{\"@type\":\"ListItem\",\"position\":1,\"name\":\"Home\",\"item\":\"https:\/\/www.welovecycling.com\/sk\/\"},{\"@type\":\"ListItem\",\"position\":2,\"name\":\"V\u00ed\u0165azn\u00e1 jazda: Spomienka na Holokaust po 80 rokoch\"}]},{\"@type\":\"WebSite\",\"@id\":\"https:\/\/www.welovecycling.com\/sk\/#website\",\"url\":\"https:\/\/www.welovecycling.com\/sk\/\",\"name\":\"\u0160koda We Love Cycling Slovensko\",\"description\":\"\u0160koda We Love Cycling Slovensko je v\u00e1\u0161 ka\u017edodenn\u00fd zdroj noviniek a in\u0161pir\u00e1cie z sveta cyklistiky\",\"potentialAction\":[{\"@type\":\"SearchAction\",\"target\":{\"@type\":\"EntryPoint\",\"urlTemplate\":\"https:\/\/www.welovecycling.com\/sk\/?s={search_term_string}\"},\"query-input\":{\"@type\":\"PropertyValueSpecification\",\"valueRequired\":true,\"valueName\":\"search_term_string\"}}],\"inLanguage\":\"sk-SK\"},{\"@type\":\"Person\",\"@id\":\"https:\/\/www.welovecycling.com\/sk\/#\/schema\/person\/8ee09ba39b7e25b1870160aa5b3a89bc\",\"name\":\"Ondrej Ga\u0161par\",\"image\":{\"@type\":\"ImageObject\",\"inLanguage\":\"sk-SK\",\"@id\":\"https:\/\/www.welovecycling.com\/sk\/#\/schema\/person\/image\/\",\"url\":\"https:\/\/secure.gravatar.com\/avatar\/6126c9afb87b70da5abbb083ddbb21933da15f18f8ca7cb822aba0fb096a48f6?s=96&d=mm&r=g\",\"contentUrl\":\"https:\/\/secure.gravatar.com\/avatar\/6126c9afb87b70da5abbb083ddbb21933da15f18f8ca7cb822aba0fb096a48f6?s=96&d=mm&r=g\",\"caption\":\"Ondrej Ga\u0161par\"},\"url\":\"https:\/\/www.welovecycling.com\/sk\/author\/ondrejgaspar\/\"}]}<\/script>\n<!-- \/ Yoast SEO Premium plugin. -->","yoast_head_json":{"title":"V\u00ed\u0165azn\u00e1 jazda: Spomienka na Holokaust po 80 rokoch - \u0160koda We Love Cycling Slovensko","robots":{"index":"index","follow":"follow","max-snippet":"max-snippet:-1","max-image-preview":"max-image-preview:large","max-video-preview":"max-video-preview:-1"},"canonical":"https:\/\/www.welovecycling.com\/sk\/2018\/09\/04\/vitazna-jazda-spomienka-na-holokaust-po-80-rokoch\/","og_locale":"sk_SK","og_type":"article","og_title":"V\u00ed\u0165azn\u00e1 jazda: Spomienka na Holokaust po 80 rokoch","og_description":"Cyklisti len zriedkakedy potrebuj\u00fa dobr\u00fd d\u00f4vod na to, aby sa i\u0161li bicyklova\u0165. Bu\u010f je slne\u010dno, alebo pr\u0161\u00ed \u2013 obidve mo\u017enosti [&hellip;]","og_url":"https:\/\/www.welovecycling.com\/sk\/2018\/09\/04\/vitazna-jazda-spomienka-na-holokaust-po-80-rokoch\/","og_site_name":"\u0160koda We Love Cycling Slovensko","article_published_time":"2018-09-04T08:41:17+00:00","og_image":[{"width":1366,"height":600,"url":"https:\/\/d2p6e6u75xmxt8.cloudfront.net\/4\/2018\/09\/AndyTylerPhotographyCVR.webp","type":"image\/webp"}],"author":"Ondrej Ga\u0161par","twitter_card":"summary_large_image","twitter_misc":{"Written by":"Christopher Ashley","Est. reading time":"2"},"schema":{"@context":"https:\/\/schema.org","@graph":[{"@type":"WebPage","@id":"https:\/\/www.welovecycling.com\/sk\/2018\/09\/04\/vitazna-jazda-spomienka-na-holokaust-po-80-rokoch\/","url":"https:\/\/www.welovecycling.com\/sk\/2018\/09\/04\/vitazna-jazda-spomienka-na-holokaust-po-80-rokoch\/","name":"V\u00ed\u0165azn\u00e1 jazda: Spomienka na Holokaust po 80 rokoch - \u0160koda We Love Cycling Slovensko","isPartOf":{"@id":"https:\/\/www.welovecycling.com\/sk\/#website"},"primaryImageOfPage":{"@id":"https:\/\/www.welovecycling.com\/sk\/2018\/09\/04\/vitazna-jazda-spomienka-na-holokaust-po-80-rokoch\/#primaryimage"},"image":{"@id":"https:\/\/www.welovecycling.com\/sk\/2018\/09\/04\/vitazna-jazda-spomienka-na-holokaust-po-80-rokoch\/#primaryimage"},"thumbnailUrl":"https:\/\/d2p6e6u75xmxt8.cloudfront.net\/4\/2018\/09\/AndyTylerPhotographyCVR.webp","datePublished":"2018-09-04T08:41:17+00:00","author":{"@id":"https:\/\/www.welovecycling.com\/sk\/#\/schema\/person\/8ee09ba39b7e25b1870160aa5b3a89bc"},"breadcrumb":{"@id":"https:\/\/www.welovecycling.com\/sk\/2018\/09\/04\/vitazna-jazda-spomienka-na-holokaust-po-80-rokoch\/#breadcrumb"},"inLanguage":"sk-SK","potentialAction":[{"@type":"ReadAction","target":["https:\/\/www.welovecycling.com\/sk\/2018\/09\/04\/vitazna-jazda-spomienka-na-holokaust-po-80-rokoch\/"]}]},{"@type":"ImageObject","inLanguage":"sk-SK","@id":"https:\/\/www.welovecycling.com\/sk\/2018\/09\/04\/vitazna-jazda-spomienka-na-holokaust-po-80-rokoch\/#primaryimage","url":"https:\/\/d2p6e6u75xmxt8.cloudfront.net\/4\/2018\/09\/AndyTylerPhotographyCVR.webp","contentUrl":"https:\/\/d2p6e6u75xmxt8.cloudfront.net\/4\/2018\/09\/AndyTylerPhotographyCVR.webp","width":1366,"height":600},{"@type":"BreadcrumbList","@id":"https:\/\/www.welovecycling.com\/sk\/2018\/09\/04\/vitazna-jazda-spomienka-na-holokaust-po-80-rokoch\/#breadcrumb","itemListElement":[{"@type":"ListItem","position":1,"name":"Home","item":"https:\/\/www.welovecycling.com\/sk\/"},{"@type":"ListItem","position":2,"name":"V\u00ed\u0165azn\u00e1 jazda: Spomienka na Holokaust po 80 rokoch"}]},{"@type":"WebSite","@id":"https:\/\/www.welovecycling.com\/sk\/#website","url":"https:\/\/www.welovecycling.com\/sk\/","name":"\u0160koda We Love Cycling Slovensko","description":"\u0160koda We Love Cycling Slovensko je v\u00e1\u0161 ka\u017edodenn\u00fd zdroj noviniek a in\u0161pir\u00e1cie z sveta cyklistiky","potentialAction":[{"@type":"SearchAction","target":{"@type":"EntryPoint","urlTemplate":"https:\/\/www.welovecycling.com\/sk\/?s={search_term_string}"},"query-input":{"@type":"PropertyValueSpecification","valueRequired":true,"valueName":"search_term_string"}}],"inLanguage":"sk-SK"},{"@type":"Person","@id":"https:\/\/www.welovecycling.com\/sk\/#\/schema\/person\/8ee09ba39b7e25b1870160aa5b3a89bc","name":"Ondrej Ga\u0161par","image":{"@type":"ImageObject","inLanguage":"sk-SK","@id":"https:\/\/www.welovecycling.com\/sk\/#\/schema\/person\/image\/","url":"https:\/\/secure.gravatar.com\/avatar\/6126c9afb87b70da5abbb083ddbb21933da15f18f8ca7cb822aba0fb096a48f6?s=96&d=mm&r=g","contentUrl":"https:\/\/secure.gravatar.com\/avatar\/6126c9afb87b70da5abbb083ddbb21933da15f18f8ca7cb822aba0fb096a48f6?s=96&d=mm&r=g","caption":"Ondrej Ga\u0161par"},"url":"https:\/\/www.welovecycling.com\/sk\/author\/ondrejgaspar\/"}]}},"_links":{"self":[{"href":"https:\/\/www.welovecycling.com\/sk\/wp-json\/wp\/v2\/posts\/4921","targetHints":{"allow":["GET"]}}],"collection":[{"href":"https:\/\/www.welovecycling.com\/sk\/wp-json\/wp\/v2\/posts"}],"about":[{"href":"https:\/\/www.welovecycling.com\/sk\/wp-json\/wp\/v2\/types\/post"}],"author":[{"embeddable":true,"href":"https:\/\/www.welovecycling.com\/sk\/wp-json\/wp\/v2\/users\/38"}],"replies":[{"embeddable":true,"href":"https:\/\/www.welovecycling.com\/sk\/wp-json\/wp\/v2\/comments?post=4921"}],"version-history":[{"count":2,"href":"https:\/\/www.welovecycling.com\/sk\/wp-json\/wp\/v2\/posts\/4921\/revisions"}],"predecessor-version":[{"id":4927,"href":"https:\/\/www.welovecycling.com\/sk\/wp-json\/wp\/v2\/posts\/4921\/revisions\/4927"}],"wp:featuredmedia":[{"embeddable":true,"href":"https:\/\/www.welovecycling.com\/sk\/wp-json\/wp\/v2\/media\/4925"}],"wp:attachment":[{"href":"https:\/\/www.welovecycling.com\/sk\/wp-json\/wp\/v2\/media?parent=4921"}],"wp:term":[{"taxonomy":"category","embeddable":true,"href":"https:\/\/www.welovecycling.com\/sk\/wp-json\/wp\/v2\/categories?post=4921"},{"taxonomy":"post_tag","embeddable":true,"href":"https:\/\/www.welovecycling.com\/sk\/wp-json\/wp\/v2\/tags?post=4921"},{"taxonomy":"global-categories","embeddable":true,"href":"https:\/\/www.welovecycling.com\/sk\/wp-json\/wp\/v2\/global-categories?post=4921"}],"curies":[{"name":"wp","href":"https:\/\/api.w.org\/{rel}","templated":true}]}}