{"id":4895,"date":"2018-09-04T14:52:17","date_gmt":"2018-09-04T12:52:17","guid":{"rendered":"https:\/\/www.welovecycling.com\/sk\/?p=4895"},"modified":"2019-01-09T14:44:56","modified_gmt":"2019-01-09T13:44:56","slug":"sumar-prveho-celku-la-vuelty-2018","status":"publish","type":"post","link":"https:\/\/www.welovecycling.com\/sk\/2018\/09\/04\/sumar-prveho-celku-la-vuelty-2018\/","title":{"rendered":"Sum\u00e1r prv\u00e9ho celku La Vuelty 2018"},"content":{"rendered":"<p><strong>Ani sme sa nenazdali a m\u00e1me za sebou prv\u00fd t\u00fd\u017ede\u0148 \u0161panielskej kr\u00e1sky La Vuelta a Espa\u00f1a. Pozrime sa spolo\u010dne, ako vyzeral a ak\u00e9 s\u00faboje priniesol.<\/strong><!--more--><\/p>\n<h2><strong>1. etapa M\u00e1laga &gt; M\u00e1laga (8 km, prol\u00f3g-individu\u00e1lna \u010dasovka)<\/strong><\/h2>\n<p>\u00davodnou etapou sa pre 73. ro\u010dn\u00edk La Vuelty stala \u010dasovka jednotlivcov v\u00a0d\u013a\u017eke 8 kilometrov, odohr\u00e1vaj\u00faca sa v\u00a0prostred\u00ed mesta M\u00e1laga. Jej profil nep\u00f4sobil pr\u00edli\u0161 hrozivo, i\u00a0ke\u010f jazdci museli zdola\u0165 jedno kr\u00e1tke st\u00fapanie. Hor\u00face po\u010dasie spojen\u00e9 s\u00a0bezobla\u010dnou oblohou vytv\u00e1ralo v\u00a0\u00fazkych uli\u010dk\u00e1ch Malagy p\u00f4sobiv\u00fa scen\u00e9riu. Dlho sa v\u00fdsledn\u00e9 \u010dasy jazdcov pohybovali nad 10 min\u00fat, a\u017e do momentu prejazdu <strong>Van Baarla (Sky)<\/strong>. Av\u0161ak jeho t\u00edmov\u00fd kolega, <strong>Kwiatkowski (Sky)<\/strong>, posunul latku e\u0161te vy\u0161\u0161ie s\u00a0\u010dasom 9:46, ktor\u00fd odolal aj \u00fasiliu eur\u00f3pskeho majstra v\u00a0\u010dasovke, Campenaertsa (Lotto Soudal), o\u00a0necel\u00e9 2 sekundy.<\/p>\n<p><a href=\"https:\/\/d2p6e6u75xmxt8.cloudfront.net\/4\/2018\/09\/01.jpg\"><img loading=\"lazy\" decoding=\"async\" class=\"alignnone size-full wp-image-4896\" src=\"https:\/\/d2p6e6u75xmxt8.cloudfront.net\/4\/2018\/09\/01.jpg\" alt=\"\" width=\"1200\" height=\"800\" \/><\/a><\/p>\n<p><strong>V\u00ed\u0165azstvo si v\u0161ak odniesol Dennis (BMC)<\/strong>, ktor\u00fd u\u017e na \u00favodn\u00fdch \u00fasekoch prevy\u0161oval dovtedy najlep\u0161ie \u010dasy. V\u00fdsledn\u00fd \u010das 9:40 bol o\u00a06 sek\u00fand r\u00fdchlej\u0161\u00ed, v\u010faka \u010domu sa obliekol do \u010derven\u00e9ho dresu ved\u00faceho pretek\u00e1ra Vuelty.<\/p>\n<p><iframe loading=\"lazy\" src=\"https:\/\/www.youtube-nocookie.com\/embed\/JA3HeqEayY4\" width=\"560\" height=\"315\" frameborder=\"0\" allowfullscreen=\"allowfullscreen\"><\/iframe><\/p>\n<h2><strong>2. etapa Marbella &gt; Caminito del Rey (163,5 km, rovinat\u00e1)<\/strong><\/h2>\n<p>Po kr\u00e1tkej \u010dasovke sa jazdci vydali do \u0161ir\u0161ieho okolia Malagy. Vy\u0161e 160 kilometrov malo preveri\u0165 stav pretek\u00e1rov v\u00a0\u00favode Vuelty. Na trati sa vyskytlo aj st\u00fapanie druhej kateg\u00f3rie, \u010d\u00edm sa stala zauj\u00edmavou aj pre \u00fanik. Do\u0148 sa dostalo 7 jazdcov, medzi nimi aj Rolland (EF Education First Drapac p\/b Cannondale). 30 km pred koncom si \u00fanik dr\u017eal s\u00edce men\u0161\u00ed, ale st\u00e1le n\u00e1skok na hodnote 1:30 min. Ne\u010dakan\u00fd okamih nastal, ke\u010f sa od pelot\u00f3nu odpojili Dennis (BMC), ako aj Porte (BMC) \u010di Nibali (Bahrain-Merida) &#8211; jazdci a\u0161piruj\u00faci na celkov\u00e9 v\u00ed\u0165azstvo, str\u00e1caj\u00fac tak cenn\u00e9 sekundy a\u00a0poz\u00edcie. Dom\u00e1ci jazdec, <strong>Valverde (Movistar)<\/strong>, po nap\u00ednavom dojazde vo fin\u00e1lnom st\u00fapan\u00ed zdolal Kwiatkowsk\u00e9ho (Sky) a\u00a0prip\u00edsal si na svoj \u00fa\u010det <strong>prv\u00e9 v\u00ed\u0165azstvo<\/strong> na tohtoro\u010dnej Vuelte. Kwiatkowski (Sky) v\u0161ak nemusel z\u00fafa\u0165, ke\u010f\u017ee v\u010faka jeho v\u010deraj\u0161iemu 2. miestu v\u00a0\u010dasovke a\u00a0Dennisovej (BMC) strate kontaktu s\u00a0\u010delom, si obliekol \u010derven\u00fd dres ved\u00faceho mu\u017ea pretekov.<\/p>\n<p><a href=\"https:\/\/d2p6e6u75xmxt8.cloudfront.net\/4\/2018\/09\/02.jpg\"><img loading=\"lazy\" decoding=\"async\" class=\"alignnone size-full wp-image-4897\" src=\"https:\/\/d2p6e6u75xmxt8.cloudfront.net\/4\/2018\/09\/02.jpg\" alt=\"\" width=\"1200\" height=\"800\" \/><\/a><\/p>\n<h2><strong>3. etapa Mijas &gt; Alhaur\u00edn de la Torre (178,2 km, stredne horsk\u00e1)<\/strong><\/h2>\n<p>Vuelta nenech\u00e1 nikoho \u010daka\u0165 na kopcovit\u00e9 ter\u00e9ny. U\u017e tretia etapa zah\u0155\u0148ala st\u00fapanie 1. kateg\u00f3rie v\u00a0prvej polovici etapy. S\u00a0prib\u00fadaj\u00facimi kilometrami sa v\u0161ak jej profil splo\u0161\u0165oval, \u010doho d\u00f4sledkom bol o\u010dak\u00e1van\u00fd \u0161print\u00e9rsky dojazd. Skupinka na \u010dele si vytvorila men\u0161\u00ed n\u00e1skok, ktor\u00fd neohrozoval za nimi id\u00faci pelot\u00f3n. Posledn\u00fdm &#8222;pre\u017eiv\u0161\u00edm&#8220; v\u00a0\u00faniku bol Postlberger (BORA-hansgrohe), ktor\u00fd rovnako neodolal n\u00e1poru \u0161print\u00e9rskych t\u00edmov a\u00a06 km pred cie\u013eom bol nimi pohlten\u00fd. V\u00a0nap\u00ednavom fini\u0161i sa najlep\u0161ie presadil Viviani (Sky), \u0161printuj\u00faci z\u00a0\u010delnej poz\u00edcie, nasledovan\u00fd Nizzolom (Trek\u2013Segafredo) a\u00a0slovensk\u00fdm r\u00fdchlikom, st\u00e1le trpiacim zo zranen\u00ed z\u00a0Tour de France, Saganom (BORA-hansgrohe). <strong>\u010cerven\u00fd dres dnes majite\u013ea nemenil, ke\u010f\u017ee pelot\u00f3n do\u0161iel do cie\u013ea pohromade<\/strong>.<\/p>\n<p><a href=\"https:\/\/d2p6e6u75xmxt8.cloudfront.net\/4\/2018\/09\/03.jpg\"><img loading=\"lazy\" decoding=\"async\" class=\"alignnone size-full wp-image-4898\" src=\"https:\/\/d2p6e6u75xmxt8.cloudfront.net\/4\/2018\/09\/03.jpg\" alt=\"\" width=\"1200\" height=\"800\" \/><\/a><\/p>\n<h2><strong>4. etapa V\u00e9lez-M\u00e1laga &gt; Alfacar. Sierra de la Alfaguara (161,4 km, stredne horsk\u00e1)<\/strong><\/h2>\n<p>O\u010dak\u00e1vania smerovali najm\u00e4 k\u00a0dojazdu, ktor\u00fd bol situovan\u00fd na vrchole st\u00fapania. Neoddelite\u013enou s\u00fa\u010das\u0165ou doteraj\u0161\u00edch \u00fanikov sa stali jazdci Rolland (EF Education First Drapac p\/b Cannondale) a\u00a0ved\u00faci mu\u017e vrch\u00e1rskej klasifik\u00e1cie, Mat\u00e9 Mardones (Cofidis), ktor\u00fd aj z\u00edskal pln\u00fd po\u010det bodov na \u00favodnom st\u00fapan\u00ed 1. kateg\u00f3rie. Pred posledn\u00fdm st\u00fapan\u00edm, 11 kilometrov pred koncom, si ved\u00faci jazdci, rozdelen\u00ed na nieko\u013eko men\u0161\u00edch skup\u00edn, udr\u017eiavali n\u00e1skok a\u017e k\u00a08 min\u00fatam. Odhodlanie pelot\u00f3nu nepo\u013eavovalo a\u00a0n\u00e1skok sa zmen\u0161oval.<\/p>\n<p><a href=\"https:\/\/d2p6e6u75xmxt8.cloudfront.net\/4\/2018\/09\/04.jpg\"><img loading=\"lazy\" decoding=\"async\" class=\"alignnone size-full wp-image-4899\" src=\"https:\/\/d2p6e6u75xmxt8.cloudfront.net\/4\/2018\/09\/04.jpg\" alt=\"\" width=\"1200\" height=\"800\" \/><\/a><\/p>\n<p>King (Dimension Data) spolu so Stalnovom (Astana), riadiaci v\u00fdvoj etapy, ud\u00e1vali tempo a\u017e na vrchol st\u00fapania. V\u00a0posledn\u00fdch stovk\u00e1ch metrov sa na nich dotiahol Rolland (EF Education First Drapac p\/b Cannondale). Nesta\u010dil u\u017e na <strong>Kinga (Dimenson Data), odn\u00e1\u0161aj\u00faceho si v\u00ed\u0165azstvo zo 4. etapy<\/strong>. Celkov\u00e9 poradie sa v\u00fdrazne nemenilo a na druh\u00fa poz\u00edciu sa dostal Buchmann (BORA-hansgrohe), s\u00a0odstupom 7 sek\u00fand.<\/p>\n<p><iframe loading=\"lazy\" src=\"https:\/\/www.youtube-nocookie.com\/embed\/wDRcz2SinWE\" width=\"560\" height=\"315\" frameborder=\"0\" allowfullscreen=\"allowfullscreen\"><\/iframe><\/p>\n<h2><strong>5. etapa Granada &gt; Roquetas de Mar (188,7 km, stredne horsk\u00e1)<\/strong><\/h2>\n<p>Aj ke\u010f sa zaraden\u00edm zhodovala s\u00a0tou 4. etapou, jej z\u00e1vere\u010dn\u00fd \u00fasek pred cie\u013eom bol priam protikladn\u00fd. Po dojazde na vrchole st\u00fapania, sa jazdci museli pripravi\u0165 na dlh\u00e9 klesanie nasledovan\u00e9 rovinat\u00fdm dojazdom. Predt\u00fdm ich v\u0161ak \u010dakalo nemal\u00e9 mno\u017estvo nast\u00fapan\u00fdch metrov. Asi to bolo n\u00e1sledkom vy\u0161\u0161\u00edch tepl\u00f4t, n\u00fatiacich jazdcov dosta\u0165 sa \u010do najr\u00fdchlej\u0161ie do cie\u013ea etapy, ke\u010f v\u00a0\u00favodnej polovici dosiahli priemern\u00fa r\u00fdchlos\u0165 47 km\/h. Na vrchole posledn\u00e9ho st\u00fapania bolo jasn\u00e9, \u017ee dne\u0161n\u00e9 v\u00ed\u0165azstvo si odnesie niekto z\u00a0\u00faniku, ke\u010f\u017ee pelot\u00f3n v\u00a0danej chv\u00edli str\u00e1cal vy\u0161e 6 min\u00fat. \u010celn\u00e1 trojica, nasledovan\u00e1 zbytkom \u00faniku, v\u00a0cie\u013eovom \u0161printe rozhodla o\u00a0<strong>v\u00ed\u0165azstve Clarkea (EF Education First Drapac p\/b Cannondale) pred Mollemom (Trek-Segafredo) a\u00a0De Marchim (BMC)<\/strong>. V\u010faka vysokej strate pelot\u00f3nu, dok\u00e1zal Molard (FDJ) zmaza\u0165 vy\u0161e 4-min\u00fatov\u00fa stratu na Kwiatkowsk\u00e9ho (Sky) a\u00a0obliec\u0165 si \u010derven\u00fd dres, s\u00a0vy\u0161e min\u00fatov\u00fdm n\u00e1skokom pred Poliakom.<\/p>\n<p><a href=\"https:\/\/d2p6e6u75xmxt8.cloudfront.net\/4\/2018\/09\/05.jpg\"><img loading=\"lazy\" decoding=\"async\" class=\"alignnone size-full wp-image-4900\" src=\"https:\/\/d2p6e6u75xmxt8.cloudfront.net\/4\/2018\/09\/05.jpg\" alt=\"\" width=\"1200\" height=\"800\" \/><\/a><\/p>\n<h2><strong>6. etapa Hu\u00e9rcal-Overa &gt; San Javier-Mar Menor (155,7 km, rovinat\u00e1)<\/strong><\/h2>\n<p>3 stredne horsk\u00e9 etapy dali zabra\u0165 jazdcom na \u00favod Vuelty. Preto nebolo ni\u010d\u00edm prekvapiv\u00fdm, hodnoti\u0165 dan\u00fa etapu, len s\u00a0dvoma st\u00fapaniami 3. kateg\u00f3rie, ako vo\u013enej\u0161iu pre jazdcov celkovej klasifik\u00e1cie. V\u00a0\u00faniku sa u\u017e tradi\u010dne objavil Mat\u00e9 Mardones (Cofidis), dr\u017eite\u013e bodkovan\u00e9ho dresu, spolu s\u00a0dvoma spolo\u010dn\u00edkmi, z\u00a0ktor\u00fdch jedn\u00fdm bol prekvapivo Porte (BMC). Ich snaha nemala vysok\u00e9 \u0161ance na \u00faspech. To sa aj potvrdilo 30 kilometrov pred koncom, kedy boli pohlten\u00ed pelot\u00f3nom. Pri vch\u00e1dzan\u00ed do mesta Los Narejos, sa podarilo padn\u00fa\u0165 eur\u00f3pskemu \u0161ampi\u00f3novi v\u00a0\u010dasovke, Campenaertsovi (Lotto-Soudal), ktor\u00fd t\u00fdmto \u010dinom rozdelil pelot\u00f3n na 2 skupiny, a to len 10 kilometrov pred koncom. T\u00edmu Quick-Step Floors sa nepodarilo vytvori\u0165 \u0161print\u00e9rsky vlak pre Vivianiho (Quick-Step Floors), \u010d\u00edm dali priestor pre ostatn\u00fdch jazdcov. Ako prv\u00fd vyrazil Trentin (Mitchelton-SCOTT), ktor\u00e9mu sekundoval z\u00a0poza zadn\u00e9ho kolesa Bouhanni (Cofidis). Ten u\u017e nedal nikomu pr\u00edle\u017eitos\u0165 obra\u0165 ho o\u00a0v\u00ed\u0165azstvo. <strong>Saganovi sa podarilo do\u0161printova\u0165 si pre 9. miesto<\/strong>. Celkov\u00e9 poradie nezaznamenalo markantnej\u0161ie zmeny, a\u00a0tak v\u00a0\u010dervenom ost\u00e1va Molard (FDJ).<\/p>\n<p><a href=\"https:\/\/d2p6e6u75xmxt8.cloudfront.net\/4\/2018\/09\/06.jpg\"><img loading=\"lazy\" decoding=\"async\" class=\"alignnone size-full wp-image-4901\" src=\"https:\/\/d2p6e6u75xmxt8.cloudfront.net\/4\/2018\/09\/06.jpg\" alt=\"\" width=\"1200\" height=\"800\" \/><\/a><\/p>\n<h2><strong>7. etapa Puerto-Lumbreras &gt; Pozo Alc\u00f3n (185,7 km, rovinat\u00e1)<\/strong><\/h2>\n<p>T\u00ed \u0161print\u00e9ri, ktor\u00ed nedok\u00e1zali v minul\u00fdch etap\u00e1ch premeni\u0165 svoje snahy na v\u00ed\u0165azstvo, mali identick\u00fa pr\u00edle\u017eitos\u0165 napravi\u0165 to. Priebeh etapy bol bezprobl\u00e9mov\u00fd, do \u00faniku sa dostalo celkovo sedem jazdcov. Pelot\u00f3n si udr\u017eiaval primeran\u00fd odstup, v\u00a0maxime dosahuj\u00faci nie\u010do cez 3 min\u00faty. 17 kilometrov pred koncom \u010dakalo na pretek\u00e1rov posledn\u00e9 krat\u0161ie st\u00fapanie, hodnoten\u00e9 ako st\u00fapanie 3. kateg\u00f3rie. Ako prv\u00fd sa do\u0148 pustil Woods (EF Education First Drapac p\/b Cannondale), odp\u00fataj\u00faci sa z\u00a0\u00faniku. S\u00fa\u010dasne pelot\u00f3n zaznamenal p\u00e1d asi v\u00a0polovici po\u013ea, ktor\u00fd v\u0161ak neovplyvnil v\u00fdvoj etapy. Zmen\u0161enie skupiny, v\u010faka tempu v\u00a0poslednom st\u00fapan\u00ed, pon\u00faklo odv\u00e1\u017elivcom pr\u00edle\u017eitos\u0165 nast\u00fapi\u0165 si. To vyu\u017eil Gallopin (AG2R) a\u00a0Herrada (Cofidis). Prv\u00fd menovan\u00fd sa dok\u00e1zal osamostatni\u0165 3 kilometre pred cie\u013eovou p\u00e1skou. Ani skupina so Saganom (BORA-hansgrohe) a\u00a0Valverdem (Movistar) nedok\u00e1zala dotiahnu\u0165 jeho n\u00e1skok. <strong>Po druh\u00e9 miesto v\u00a0\u0161printe si pri\u0161iel Sagan (BORA-hansgrohe)<\/strong> po s\u00faboji pr\u00e1ve s\u00a0Valverdem (Movistar). <strong>Celkov\u00e9 poradie na\u010falej vedie Molard (FDJ)<\/strong>.<\/p>\n<p><a href=\"https:\/\/d2p6e6u75xmxt8.cloudfront.net\/4\/2018\/09\/07.jpg\"><img loading=\"lazy\" decoding=\"async\" class=\"alignnone size-full wp-image-4902\" src=\"https:\/\/d2p6e6u75xmxt8.cloudfront.net\/4\/2018\/09\/07.jpg\" alt=\"\" width=\"1200\" height=\"800\" \/><\/a><\/p>\n<h2><strong>8. etapa Linares &gt; Almad\u00e9n (195,1 km, rovinat\u00e1)<\/strong><\/h2>\n<p>T\u00e1to etapa previedla jazdcov len cez jedno hodnoten\u00e9 st\u00fapanie 3. kateg\u00f3rie. Predpove\u010f po\u010dasia op\u00e4\u0165 nepote\u0161ila nikoho z\u00a0pelot\u00f3nu, ke\u010f meteorol\u00f3govia hl\u00e1sili teploty bl\u00ed\u017eiace sa\u00a0k\u00a040\u00b0C. Trojica v\u00a0\u00faniku nevzbudzovala obavy v\u00a0rad\u00e1ch pelot\u00f3nu, aj ke\u010f ich n\u00e1skok hrani\u010dil s\u00a0hodnotou 12 min\u00fat, v\u00a0dobe, ke\u010f ost\u00e1valo do konca e\u0161te 100 kilometrov. S\u00a0ub\u00fadaj\u00facimi kilometrami sa na \u010delo pelot\u00f3nu dostali jazdci t\u00edmov BORA-hansgrohe, Cofidis a\u00a0Trek-Segafredo, pracuj\u00faci pre svojich \u0161print\u00e9rskych l\u00eddrov. T\u00fdmto krokom sa zapo\u010dalo zni\u017eovanie \u010dasov\u00e9ho deficitu na \u00fanik. A\u017e na m\u00e9te 5 kilometrov sa podarilo pohlti\u0165 aj posledn\u00e9ho jazdca, Machada (KATUSHA ALPECIN).<\/p>\n<p><a href=\"https:\/\/d2p6e6u75xmxt8.cloudfront.net\/4\/2018\/09\/08.jpg\"><img loading=\"lazy\" decoding=\"async\" class=\"alignnone size-full wp-image-4903\" src=\"https:\/\/d2p6e6u75xmxt8.cloudfront.net\/4\/2018\/09\/08.jpg\" alt=\"\" width=\"1200\" height=\"800\" \/><\/a><\/p>\n<p>Div\u00e1ci sa do\u010dkali \u0161print\u00e9rsk\u00e9ho z\u00e1veru, av\u0161ak ten sa odohr\u00e1val na nepr\u00edjemne st\u00fapaj\u00facom profile. <strong>Sagan (BORA-hansgrohe) sa s\u00edce dostal na \u00farovni 100 metrov pred cie\u013eom do \u010dela, av\u0161ak v\u00fdbu\u0161nos\u0165 a\u00a0forma Valverdeho (Movistar) ho pripravili o\u00a0vavr\u00edn<\/strong>. Na tre\u0165om mieste dorazil Van Poppel (Lotto-Soudal). Jeho 2. v\u00ed\u0165azstvo na tohtoro\u010dnej Vuelte ho s\u00edce pribl\u00ed\u017eilo \u010delu pretekov, av\u0161ak nesta\u010dilo to na Molarda (FDJ), na ktor\u00e9ho str\u00e1ca 37 sek\u00fand.<\/p>\n<p><iframe loading=\"lazy\" src=\"https:\/\/www.youtube-nocookie.com\/embed\/W6wJSnw8cAU\" width=\"560\" height=\"315\" frameborder=\"0\" allowfullscreen=\"allowfullscreen\"><\/iframe><\/p>\n<h2><strong>9. etapa Talavera de la Reina &gt; La Covatilla (200,8 km, horsk\u00e1)<\/strong><\/h2>\n<p>Na z\u00e1ver prv\u00e9ho celku si organiz\u00e1tori u\u017e tradi\u010dne pripravili lah\u00f4dku, tentoraz v\u00a0podobe horskej etapy, prech\u00e1dzaj\u00facej 4 vrch\u00e1rskymi pr\u00e9miami &#8211; 3., 2., 1. a\u00a0na koniec najvy\u0161\u0161ej kateg\u00f3rie ESP, v s\u00fa\u010dte maj\u00facej vy\u0161e 4 000 nast\u00fapan\u00fdch metrov. Posledn\u00e9 st\u00fapanie s\u00a0d\u013a\u017ekou 10 kilometrov a\u00a0priemern\u00fdm sklonom 7,1 % prever\u00ed pripravenos\u0165 vrch\u00e1rskych \u0161pecialistov. O dres ved\u00faceho jazdca vrch\u00e1rskej klasifik\u00e1cie sa nechcel necha\u0165 obra\u0165 <strong>Mat\u00e9 Mardones (Cofidis)<\/strong>, ke\u010f sa hne\u010f po \u0161tarte odp\u00fatal od pelot\u00f3nu s \u010fal\u0161\u00edmi 10 jazdcami. Svoje predsavzatie aj splnil, ke\u010f <strong>vyhral 3 zo 4 st\u00fapan\u00ed<\/strong> a nav\u00fd\u0161il svoje konto bodov.<\/p>\n<p>N\u00e1skok skupiny sa s prib\u00fadaj\u00facim \u010dasom zv\u00e4\u010d\u0161oval, a to 50 kilometrov pred koncom a\u017e na hodnotu desiatich min\u00fat. Bolo u\u017e skoro ist\u00e9, \u017ee v\u00ed\u0165aza budeme h\u013eada\u0165 pr\u00e1ve v \u00faniku. 30 kilometrov pred cie\u013eom sa za\u010dalo v \u010delnej skupine nastupova\u0165. Ako prv\u00fd sa o to pok\u00fasil De Gendt (Lotto-Soudal). \u00daspe\u0161n\u00fdm sa stal a\u017e King (Dimension Data), vytv\u00e1raj\u00faci si postupne sa zv\u00e4\u010d\u0161uj\u00faci odstup. Ani st\u00edhacia jazda Mollemu (Trek-Segafredo) u\u017e nedok\u00e1zala obra\u0165 Kinga (Dimension Data) o v\u00ed\u0165azstvo. Jazdci celkovej klasifik\u00e1cie v pelot\u00f3ne taktie\u017e nezah\u00e1\u013eali. <strong>Quintana (Movistar) spolu s Lopezom (Astana) a Keldermanom (Sunweb) sa dok\u00e1zali odp\u00fata\u0165 od ostatn\u00fdch a z\u00edskali cenn\u00e9 sekundy.<\/strong> Naopak, Kwiatkowski (Sky) nedok\u00e1zal kontrova\u0165 a v dne\u0161nej etape stratil cez 4 min\u00faty. Etapa zamie\u0161ala celkov\u00fdm porad\u00edm. V \u010dervenom drese sa v utorok predstav\u00ed S. Yates (Mitchelton-SCOTT). Len 1 sekundu za n\u00edm je Valverde (Movistar) a o \u010fal\u0161\u00edch 13 sek\u00fand Quintana (Movistar).<\/p>\n<p><a href=\"https:\/\/d2p6e6u75xmxt8.cloudfront.net\/4\/2018\/09\/09.jpg\"><img loading=\"lazy\" decoding=\"async\" class=\"alignnone size-full wp-image-4906\" src=\"https:\/\/d2p6e6u75xmxt8.cloudfront.net\/4\/2018\/09\/09.jpg\" alt=\"\" width=\"1200\" height=\"800\" \/><\/a><\/p>\n<p>Priebeh cel\u00fdch 9 et\u00e1p napoved\u00e1, \u017ee hor\u00face \u0161panielske prostredie dok\u00e1\u017ee prinies\u0165 zauj\u00edmav\u00e9 cyklistick\u00e9 z\u00e1\u017eitky. Nie je to v\u0161ak ani z\u010faleka koniec Vuelty. <strong>Pred nami je e\u0161te 12 et\u00e1p<\/strong>, medzi ktor\u00fdmi s\u00fa naozajstn\u00e9 \u0161perky. Nechajme sa preto prekvapi\u0165, \u010do n\u00e1m predved\u00fa jazdci aj v nasleduj\u00facich d\u0148och!<\/p>\n<p>(zdroje fotiek: FB\/PeterSagan, lavuelta.com \/PhotoGomezSport \/ASO, Twitter Sky)<\/p>\n","protected":false},"excerpt":{"rendered":"<p>Ani sme sa nenazdali a m\u00e1me za sebou prv\u00fd t\u00fd\u017ede\u0148 \u0161panielskej kr\u00e1sky La Vuelta a Espa\u00f1a. Pozrime sa spolo\u010dne, ako [&hellip;]<\/p>\n","protected":false},"author":38,"featured_media":4915,"comment_status":"open","ping_status":"open","sticky":false,"template":"","format":"standard","meta":{"footnotes":""},"categories":[4,217],"tags":[255,491,160,115,487,532,590,116,46,251,270,219],"global-categories":[],"class_list":["post-4895","post","type-post","status-publish","format-standard","has-post-thumbnail","hentry","category-cestna-cyklisitika","category-vuelta-a-espana","tag-255","tag-alejandro-valverde","tag-bora-hansgrohe","tag-cestna-cyklistika","tag-cestny-bicykel","tag-jazdenie","tag-molard","tag-nairo-quintana","tag-peter-sagan","tag-spanielsko","tag-team-sky","tag-vuelta-a-espana"],"yoast_head":"<!-- This site is optimized with the Yoast SEO Premium plugin v25.3 (Yoast SEO v25.9) - https:\/\/yoast.com\/wordpress\/plugins\/seo\/ -->\n<title>Sum\u00e1r prv\u00e9ho celku La Vuelty 2018 - \u0160koda We Love Cycling Slovensko<\/title>\n<meta name=\"robots\" content=\"index, follow, max-snippet:-1, max-image-preview:large, max-video-preview:-1\" \/>\n<link rel=\"canonical\" href=\"https:\/\/www.welovecycling.com\/sk\/2018\/09\/04\/sumar-prveho-celku-la-vuelty-2018\/\" \/>\n<meta property=\"og:locale\" content=\"sk_SK\" \/>\n<meta property=\"og:type\" content=\"article\" \/>\n<meta property=\"og:title\" content=\"Sum\u00e1r prv\u00e9ho celku La Vuelty 2018\" \/>\n<meta property=\"og:description\" content=\"Ani sme sa nenazdali a m\u00e1me za sebou prv\u00fd t\u00fd\u017ede\u0148 \u0161panielskej kr\u00e1sky La Vuelta a Espa\u00f1a. Pozrime sa spolo\u010dne, ako [&hellip;]\" \/>\n<meta property=\"og:url\" content=\"https:\/\/www.welovecycling.com\/sk\/2018\/09\/04\/sumar-prveho-celku-la-vuelty-2018\/\" \/>\n<meta property=\"og:site_name\" content=\"\u0160koda We Love Cycling Slovensko\" \/>\n<meta property=\"article:published_time\" content=\"2018-09-04T12:52:17+00:00\" \/>\n<meta property=\"article:modified_time\" content=\"2019-01-09T13:44:56+00:00\" \/>\n<meta property=\"og:image\" content=\"https:\/\/d2p6e6u75xmxt8.cloudfront.net\/4\/2018\/09\/000.webp\" \/>\n\t<meta property=\"og:image:width\" content=\"1380\" \/>\n\t<meta property=\"og:image:height\" content=\"600\" \/>\n\t<meta property=\"og:image:type\" content=\"image\/webp\" \/>\n<meta name=\"author\" content=\"Ondrej Ga\u0161par\" \/>\n<meta name=\"twitter:card\" content=\"summary_large_image\" \/>\n<meta name=\"twitter:label1\" content=\"Written by\" \/>\n\t<meta name=\"twitter:data1\" content=\"We Love Cycling\" \/>\n\t<meta name=\"twitter:label2\" content=\"Est. reading time\" \/>\n\t<meta name=\"twitter:data2\" content=\"7\" \/>\n<script type=\"application\/ld+json\" class=\"yoast-schema-graph\">{\"@context\":\"https:\/\/schema.org\",\"@graph\":[{\"@type\":\"WebPage\",\"@id\":\"https:\/\/www.welovecycling.com\/sk\/2018\/09\/04\/sumar-prveho-celku-la-vuelty-2018\/\",\"url\":\"https:\/\/www.welovecycling.com\/sk\/2018\/09\/04\/sumar-prveho-celku-la-vuelty-2018\/\",\"name\":\"Sum\u00e1r prv\u00e9ho celku La Vuelty 2018 - \u0160koda We Love Cycling Slovensko\",\"isPartOf\":{\"@id\":\"https:\/\/www.welovecycling.com\/sk\/#website\"},\"primaryImageOfPage\":{\"@id\":\"https:\/\/www.welovecycling.com\/sk\/2018\/09\/04\/sumar-prveho-celku-la-vuelty-2018\/#primaryimage\"},\"image\":{\"@id\":\"https:\/\/www.welovecycling.com\/sk\/2018\/09\/04\/sumar-prveho-celku-la-vuelty-2018\/#primaryimage\"},\"thumbnailUrl\":\"https:\/\/d2p6e6u75xmxt8.cloudfront.net\/4\/2018\/09\/000.webp\",\"datePublished\":\"2018-09-04T12:52:17+00:00\",\"dateModified\":\"2019-01-09T13:44:56+00:00\",\"author\":{\"@id\":\"https:\/\/www.welovecycling.com\/sk\/#\/schema\/person\/8ee09ba39b7e25b1870160aa5b3a89bc\"},\"breadcrumb\":{\"@id\":\"https:\/\/www.welovecycling.com\/sk\/2018\/09\/04\/sumar-prveho-celku-la-vuelty-2018\/#breadcrumb\"},\"inLanguage\":\"sk-SK\",\"potentialAction\":[{\"@type\":\"ReadAction\",\"target\":[\"https:\/\/www.welovecycling.com\/sk\/2018\/09\/04\/sumar-prveho-celku-la-vuelty-2018\/\"]}]},{\"@type\":\"ImageObject\",\"inLanguage\":\"sk-SK\",\"@id\":\"https:\/\/www.welovecycling.com\/sk\/2018\/09\/04\/sumar-prveho-celku-la-vuelty-2018\/#primaryimage\",\"url\":\"https:\/\/d2p6e6u75xmxt8.cloudfront.net\/4\/2018\/09\/000.webp\",\"contentUrl\":\"https:\/\/d2p6e6u75xmxt8.cloudfront.net\/4\/2018\/09\/000.webp\",\"width\":1380,\"height\":600},{\"@type\":\"BreadcrumbList\",\"@id\":\"https:\/\/www.welovecycling.com\/sk\/2018\/09\/04\/sumar-prveho-celku-la-vuelty-2018\/#breadcrumb\",\"itemListElement\":[{\"@type\":\"ListItem\",\"position\":1,\"name\":\"Home\",\"item\":\"https:\/\/www.welovecycling.com\/sk\/\"},{\"@type\":\"ListItem\",\"position\":2,\"name\":\"Sum\u00e1r prv\u00e9ho celku La Vuelty 2018\"}]},{\"@type\":\"WebSite\",\"@id\":\"https:\/\/www.welovecycling.com\/sk\/#website\",\"url\":\"https:\/\/www.welovecycling.com\/sk\/\",\"name\":\"\u0160koda We Love Cycling Slovensko\",\"description\":\"\u0160koda We Love Cycling Slovensko je v\u00e1\u0161 ka\u017edodenn\u00fd zdroj noviniek a in\u0161pir\u00e1cie z sveta cyklistiky\",\"potentialAction\":[{\"@type\":\"SearchAction\",\"target\":{\"@type\":\"EntryPoint\",\"urlTemplate\":\"https:\/\/www.welovecycling.com\/sk\/?s={search_term_string}\"},\"query-input\":{\"@type\":\"PropertyValueSpecification\",\"valueRequired\":true,\"valueName\":\"search_term_string\"}}],\"inLanguage\":\"sk-SK\"},{\"@type\":\"Person\",\"@id\":\"https:\/\/www.welovecycling.com\/sk\/#\/schema\/person\/8ee09ba39b7e25b1870160aa5b3a89bc\",\"name\":\"Ondrej Ga\u0161par\",\"image\":{\"@type\":\"ImageObject\",\"inLanguage\":\"sk-SK\",\"@id\":\"https:\/\/www.welovecycling.com\/sk\/#\/schema\/person\/image\/\",\"url\":\"https:\/\/secure.gravatar.com\/avatar\/6126c9afb87b70da5abbb083ddbb21933da15f18f8ca7cb822aba0fb096a48f6?s=96&d=mm&r=g\",\"contentUrl\":\"https:\/\/secure.gravatar.com\/avatar\/6126c9afb87b70da5abbb083ddbb21933da15f18f8ca7cb822aba0fb096a48f6?s=96&d=mm&r=g\",\"caption\":\"Ondrej Ga\u0161par\"},\"url\":\"https:\/\/www.welovecycling.com\/sk\/author\/ondrejgaspar\/\"}]}<\/script>\n<!-- \/ Yoast SEO Premium plugin. -->","yoast_head_json":{"title":"Sum\u00e1r prv\u00e9ho celku La Vuelty 2018 - \u0160koda We Love Cycling Slovensko","robots":{"index":"index","follow":"follow","max-snippet":"max-snippet:-1","max-image-preview":"max-image-preview:large","max-video-preview":"max-video-preview:-1"},"canonical":"https:\/\/www.welovecycling.com\/sk\/2018\/09\/04\/sumar-prveho-celku-la-vuelty-2018\/","og_locale":"sk_SK","og_type":"article","og_title":"Sum\u00e1r prv\u00e9ho celku La Vuelty 2018","og_description":"Ani sme sa nenazdali a m\u00e1me za sebou prv\u00fd t\u00fd\u017ede\u0148 \u0161panielskej kr\u00e1sky La Vuelta a Espa\u00f1a. Pozrime sa spolo\u010dne, ako [&hellip;]","og_url":"https:\/\/www.welovecycling.com\/sk\/2018\/09\/04\/sumar-prveho-celku-la-vuelty-2018\/","og_site_name":"\u0160koda We Love Cycling Slovensko","article_published_time":"2018-09-04T12:52:17+00:00","article_modified_time":"2019-01-09T13:44:56+00:00","og_image":[{"width":1380,"height":600,"url":"https:\/\/d2p6e6u75xmxt8.cloudfront.net\/4\/2018\/09\/000.webp","type":"image\/webp"}],"author":"Ondrej Ga\u0161par","twitter_card":"summary_large_image","twitter_misc":{"Written by":"We Love Cycling","Est. reading time":"7"},"schema":{"@context":"https:\/\/schema.org","@graph":[{"@type":"WebPage","@id":"https:\/\/www.welovecycling.com\/sk\/2018\/09\/04\/sumar-prveho-celku-la-vuelty-2018\/","url":"https:\/\/www.welovecycling.com\/sk\/2018\/09\/04\/sumar-prveho-celku-la-vuelty-2018\/","name":"Sum\u00e1r prv\u00e9ho celku La Vuelty 2018 - \u0160koda We Love Cycling Slovensko","isPartOf":{"@id":"https:\/\/www.welovecycling.com\/sk\/#website"},"primaryImageOfPage":{"@id":"https:\/\/www.welovecycling.com\/sk\/2018\/09\/04\/sumar-prveho-celku-la-vuelty-2018\/#primaryimage"},"image":{"@id":"https:\/\/www.welovecycling.com\/sk\/2018\/09\/04\/sumar-prveho-celku-la-vuelty-2018\/#primaryimage"},"thumbnailUrl":"https:\/\/d2p6e6u75xmxt8.cloudfront.net\/4\/2018\/09\/000.webp","datePublished":"2018-09-04T12:52:17+00:00","dateModified":"2019-01-09T13:44:56+00:00","author":{"@id":"https:\/\/www.welovecycling.com\/sk\/#\/schema\/person\/8ee09ba39b7e25b1870160aa5b3a89bc"},"breadcrumb":{"@id":"https:\/\/www.welovecycling.com\/sk\/2018\/09\/04\/sumar-prveho-celku-la-vuelty-2018\/#breadcrumb"},"inLanguage":"sk-SK","potentialAction":[{"@type":"ReadAction","target":["https:\/\/www.welovecycling.com\/sk\/2018\/09\/04\/sumar-prveho-celku-la-vuelty-2018\/"]}]},{"@type":"ImageObject","inLanguage":"sk-SK","@id":"https:\/\/www.welovecycling.com\/sk\/2018\/09\/04\/sumar-prveho-celku-la-vuelty-2018\/#primaryimage","url":"https:\/\/d2p6e6u75xmxt8.cloudfront.net\/4\/2018\/09\/000.webp","contentUrl":"https:\/\/d2p6e6u75xmxt8.cloudfront.net\/4\/2018\/09\/000.webp","width":1380,"height":600},{"@type":"BreadcrumbList","@id":"https:\/\/www.welovecycling.com\/sk\/2018\/09\/04\/sumar-prveho-celku-la-vuelty-2018\/#breadcrumb","itemListElement":[{"@type":"ListItem","position":1,"name":"Home","item":"https:\/\/www.welovecycling.com\/sk\/"},{"@type":"ListItem","position":2,"name":"Sum\u00e1r prv\u00e9ho celku La Vuelty 2018"}]},{"@type":"WebSite","@id":"https:\/\/www.welovecycling.com\/sk\/#website","url":"https:\/\/www.welovecycling.com\/sk\/","name":"\u0160koda We Love Cycling Slovensko","description":"\u0160koda We Love Cycling Slovensko je v\u00e1\u0161 ka\u017edodenn\u00fd zdroj noviniek a in\u0161pir\u00e1cie z sveta cyklistiky","potentialAction":[{"@type":"SearchAction","target":{"@type":"EntryPoint","urlTemplate":"https:\/\/www.welovecycling.com\/sk\/?s={search_term_string}"},"query-input":{"@type":"PropertyValueSpecification","valueRequired":true,"valueName":"search_term_string"}}],"inLanguage":"sk-SK"},{"@type":"Person","@id":"https:\/\/www.welovecycling.com\/sk\/#\/schema\/person\/8ee09ba39b7e25b1870160aa5b3a89bc","name":"Ondrej Ga\u0161par","image":{"@type":"ImageObject","inLanguage":"sk-SK","@id":"https:\/\/www.welovecycling.com\/sk\/#\/schema\/person\/image\/","url":"https:\/\/secure.gravatar.com\/avatar\/6126c9afb87b70da5abbb083ddbb21933da15f18f8ca7cb822aba0fb096a48f6?s=96&d=mm&r=g","contentUrl":"https:\/\/secure.gravatar.com\/avatar\/6126c9afb87b70da5abbb083ddbb21933da15f18f8ca7cb822aba0fb096a48f6?s=96&d=mm&r=g","caption":"Ondrej Ga\u0161par"},"url":"https:\/\/www.welovecycling.com\/sk\/author\/ondrejgaspar\/"}]}},"_links":{"self":[{"href":"https:\/\/www.welovecycling.com\/sk\/wp-json\/wp\/v2\/posts\/4895","targetHints":{"allow":["GET"]}}],"collection":[{"href":"https:\/\/www.welovecycling.com\/sk\/wp-json\/wp\/v2\/posts"}],"about":[{"href":"https:\/\/www.welovecycling.com\/sk\/wp-json\/wp\/v2\/types\/post"}],"author":[{"embeddable":true,"href":"https:\/\/www.welovecycling.com\/sk\/wp-json\/wp\/v2\/users\/38"}],"replies":[{"embeddable":true,"href":"https:\/\/www.welovecycling.com\/sk\/wp-json\/wp\/v2\/comments?post=4895"}],"version-history":[{"count":2,"href":"https:\/\/www.welovecycling.com\/sk\/wp-json\/wp\/v2\/posts\/4895\/revisions"}],"predecessor-version":[{"id":6027,"href":"https:\/\/www.welovecycling.com\/sk\/wp-json\/wp\/v2\/posts\/4895\/revisions\/6027"}],"wp:featuredmedia":[{"embeddable":true,"href":"https:\/\/www.welovecycling.com\/sk\/wp-json\/wp\/v2\/media\/4915"}],"wp:attachment":[{"href":"https:\/\/www.welovecycling.com\/sk\/wp-json\/wp\/v2\/media?parent=4895"}],"wp:term":[{"taxonomy":"category","embeddable":true,"href":"https:\/\/www.welovecycling.com\/sk\/wp-json\/wp\/v2\/categories?post=4895"},{"taxonomy":"post_tag","embeddable":true,"href":"https:\/\/www.welovecycling.com\/sk\/wp-json\/wp\/v2\/tags?post=4895"},{"taxonomy":"global-categories","embeddable":true,"href":"https:\/\/www.welovecycling.com\/sk\/wp-json\/wp\/v2\/global-categories?post=4895"}],"curies":[{"name":"wp","href":"https:\/\/api.w.org\/{rel}","templated":true}]}}