{"id":4889,"date":"2018-08-31T18:20:11","date_gmt":"2018-08-31T16:20:11","guid":{"rendered":"https:\/\/www.welovecycling.com\/sk\/?p=4889"},"modified":"2019-02-13T14:58:35","modified_gmt":"2019-02-13T13:58:35","slug":"s-bicyklom-do-raja-slovenskeho","status":"publish","type":"post","link":"https:\/\/www.welovecycling.com\/sk\/2018\/08\/31\/s-bicyklom-do-raja-slovenskeho\/","title":{"rendered":"S bicyklom do raja (Slovensk\u00e9ho)"},"content":{"rendered":"<p><strong>&#8222;Tak toto som ne\u010dakal, ve\u010f to je mo\u017eno najkraj\u0161\u00ed okruh, ak\u00fd som kedy na bicykli i\u0161iel!&#8220; To som povedal mojej Ivke, ktor\u00e1 sa so mnou vydala na jazdu po Slovenskom raji.<\/strong><!--more--><\/p>\n<p>Predt\u00fdm, ako sa pozrieme na mo\u017eno najzauj\u00edmavej\u0161iu cyklotrasu na Slovensku, v\u0161ak za\u010dnem pekne poporiadku. Na v\u00fdlet som op\u00e4\u0165 zobral aj moju priate\u013eku Ivku, preto\u017ee sme i\u0161li na dva dni a presp\u00e1vali sme u jej kamar\u00e1tky v Letanovciach. To je dedina bl\u00edzko Hrabu\u0161\u00edc, kde bude <strong>\u0161tartova\u0165 septembrov\u00fd marat\u00f3n<\/strong>.<\/p>\n<div class=\"shortcode-ys-post-pinup\"><article class=\"loop-simple post-4694 post type-post status-publish format-standard has-post-thumbnail hentry category-sbot tag-cyklo-guru tag-cyklorodinka tag-horska-cyklistika tag-mtb tag-preteky tag-skoda tag-skoda-bicykel tag-skoda-dedina tag-skoda-karoq tag-skoda-slovensky-raj tag-skoda-tim tag-slovensky-raj\" data-postid=\"4694\" role=\"article\" data-post-id=\"4694\" data-word-count=\"358\" data-headline-length=\"87\" data-category=\"\u0160koda Bike Open Tour\" data-author=\"We Love Cycling\" data-published=\"2018-08-29T08:13:19+02:00\" data-published-day=\"Wednesday\">\n    <div class=\"entry-thumbnail article-thumbnail\" content=\"https:\/\/d2p6e6u75xmxt8.cloudfront.net\/4\/2018\/08\/titulka-2-150x150.webp\"><a href=\"https:\/\/www.welovecycling.com\/sk\/2018\/08\/29\/pozvanka-posledna-moznost-zajazdit-si-na-akcii-skoda-bike-open-tour-v-tomto-roku\/\" class=\"image-holder\" target=\"_self\"><img decoding=\"async\" loading=\"lazy\" class=\"\" src=\"https:\/\/d2p6e6u75xmxt8.cloudfront.net\/4\/2018\/08\/titulka-2-1024x445.webp\" srcset=\"https:\/\/d2p6e6u75xmxt8.cloudfront.net\/4\/2018\/08\/titulka-2.webp 1380w, https:\/\/d2p6e6u75xmxt8.cloudfront.net\/4\/2018\/08\/titulka-2-300x130.webp 300w, https:\/\/d2p6e6u75xmxt8.cloudfront.net\/4\/2018\/08\/titulka-2-1024x445.webp 1024w, https:\/\/d2p6e6u75xmxt8.cloudfront.net\/4\/2018\/08\/titulka-2-768x334.webp 768w\" width=\"1024\" height=\"445\" sizes=\"auto, (min-width: 1200px) 460px, (min-width: 768px) 38vw, 100vw\" alt=\"pozvanka-posledna-moznost-zajazdit-si-na-akcii-skoda-bike-open-tour-v-tomto-roku\"\/><\/a><\/div>    <div class=\"entry-meta\">\n        <a class=\"label label-secondary post-category\" href=\"https:\/\/www.welovecycling.com\/sk\/category\/sbot\/\" title=\"\u0160koda Bike Open Tour\">\u0160koda Bike Open Tour<\/a>\n    <\/div>\n    <div class=\"entry-details\">\n        <a href=\"https:\/\/www.welovecycling.com\/sk\/2018\/08\/29\/pozvanka-posledna-moznost-zajazdit-si-na-akcii-skoda-bike-open-tour-v-tomto-roku\/\" class='entry-title-wrapper'>\n            <h3 class=\"entry-title\"><span>Pozv\u00e1nka: Posledn\u00e1 mo\u017enos\u0165 zajazdi\u0165 si na akcii \u0160koda BIKE OPEN TOUR v tomto roku<\/span><\/h3>\n        <\/a>\n    <\/div>\n    <\/article>\n<\/div>\n<h2><strong>Tom\u00e1\u0161ovsk\u00fd v\u00fdh\u013ead<\/strong><\/h2>\n<p>U\u017e pred dvoma t\u00fd\u017ed\u0148ami sme boli v Slovenskom raji, ke\u010f sme i\u0161li na pe\u0161\u00ed v\u00fdlet k Tom\u00e1\u0161ovsk\u00e9mu v\u00fdh\u013eadu. \u010co som s rados\u0165ou zistil, tak sa tu d\u00e1 \u00eds\u0165 aj na bicykli. My sme i\u0161li pe\u0161o z Letanoviec a na bicykli sa d\u00e1 \u00eds\u0165 zo Spi\u0161sk\u00fdch Tom\u00e1\u0161oviec. Mne u\u017e na to nevy\u0161iel \u010das, ale ur\u010dite to odpor\u00fa\u010dam ka\u017ed\u00e9mu, kto bude ma\u0165 cestu okolo. Na str\u00e1nke Slovensk\u00e9ho raja sa p\u00ed\u0161e p\u00e1r pravidiel oh\u013eadom bicyklov: <strong>nikdy ne\u00eds\u0165 mimo vyzna\u010den\u00e9 cyklotrasy a ne\u00eds\u0165 sk\u00f4r ako hodinu po \u00fasvite, \u010di hodinu pred z\u00e1padom slnka<\/strong>. Tom\u00e1\u0161ovsk\u00fd v\u00fdh\u013ead je v\u0161ak takmer na kraji N\u00e1rodn\u00e9ho parku a ja tak tro\u0161ku odpor\u00fa\u010dam trafi\u0165 ten z\u00e1pad slnka, preto\u017ee v dia\u013eke je vidie\u0165 Vysok\u00e9 Tatry, s ktor\u00fdmi sa vie zapadaj\u00face slnko kr\u00e1sne pohra\u0165.<\/p>\n<div data-rows=\"1\" id='gallery-1' class='gallery-rows-1 gallery galleryid-4694 gallery-columns-2 gallery-size-full'><figure class='gallery-item'>\n\t\t\t<div class='gallery-icon landscape'>\n\t\t\t\t<a href='https:\/\/d2p6e6u75xmxt8.cloudfront.net\/4\/2018\/08\/jurajcyklista-raj_02.JPG.webp'><img loading=\"lazy\" decoding=\"async\" width=\"1600\" height=\"1200\" src=\"https:\/\/d2p6e6u75xmxt8.cloudfront.net\/4\/2018\/08\/jurajcyklista-raj_02.JPG.webp\" class=\"attachment-full size-full\" alt=\"\" srcset=\"https:\/\/d2p6e6u75xmxt8.cloudfront.net\/4\/2018\/08\/jurajcyklista-raj_02.JPG.webp 1600w, https:\/\/d2p6e6u75xmxt8.cloudfront.net\/4\/2018\/08\/jurajcyklista-raj_02.JPG-300x225.webp 300w, https:\/\/d2p6e6u75xmxt8.cloudfront.net\/4\/2018\/08\/jurajcyklista-raj_02.JPG-1024x768.webp 1024w, https:\/\/d2p6e6u75xmxt8.cloudfront.net\/4\/2018\/08\/jurajcyklista-raj_02.JPG-768x576.webp 768w, https:\/\/d2p6e6u75xmxt8.cloudfront.net\/4\/2018\/08\/jurajcyklista-raj_02.JPG-1536x1152.webp 1536w\" sizes=\"auto, (max-width: 1600px) 100vw, 1600px\" \/><\/a>\n\t\t\t<\/div><\/figure><figure class='gallery-item'>\n\t\t\t<div class='gallery-icon landscape'>\n\t\t\t\t<a href='https:\/\/d2p6e6u75xmxt8.cloudfront.net\/4\/2018\/08\/jurajcyklista-raj_03.JPG.webp'><img loading=\"lazy\" decoding=\"async\" width=\"1600\" height=\"1200\" src=\"https:\/\/d2p6e6u75xmxt8.cloudfront.net\/4\/2018\/08\/jurajcyklista-raj_03.JPG.webp\" class=\"attachment-full size-full\" alt=\"\" srcset=\"https:\/\/d2p6e6u75xmxt8.cloudfront.net\/4\/2018\/08\/jurajcyklista-raj_03.JPG.webp 1600w, https:\/\/d2p6e6u75xmxt8.cloudfront.net\/4\/2018\/08\/jurajcyklista-raj_03.JPG-300x225.webp 300w, https:\/\/d2p6e6u75xmxt8.cloudfront.net\/4\/2018\/08\/jurajcyklista-raj_03.JPG-1024x768.webp 1024w, https:\/\/d2p6e6u75xmxt8.cloudfront.net\/4\/2018\/08\/jurajcyklista-raj_03.JPG-768x576.webp 768w, https:\/\/d2p6e6u75xmxt8.cloudfront.net\/4\/2018\/08\/jurajcyklista-raj_03.JPG-1536x1152.webp 1536w\" sizes=\"auto, (max-width: 1600px) 100vw, 1600px\" \/><\/a>\n\t\t\t<\/div><\/figure>\n\t\t<\/div>\n        \n<h2><strong>Kl\u00e1\u0161torisko<\/strong><\/h2>\n<p>Od Tom\u00e1\u0161ovsk\u00e9ho v\u00fdh\u013eadu sa presunieme na Kl\u00e1\u0161torisko. Cesta sem vedie z Hrabu\u0161\u00edc, konkr\u00e9tnej\u0161ie z Podlesku, ktor\u00fd je skuto\u010dnou <strong>kri\u017eovatkou nielen cyklotr\u00e1s, ale aj turistick\u00fdch tr\u00e1s<\/strong>. Pote\u0161ilo ma, \u017ee na Kl\u00e1\u0161torisko vedie cyklotrasa, a tak sme sa sem hne\u010f vybrali. Dedinky na severe od Slovensk\u00e9ho raja s\u00fa posp\u00e1jan\u00e9 kr\u00e1snymi trasami cez polia, po ktor\u00fdch tu jazd\u00ed obrovsk\u00e9 mno\u017estvo MTB jazdcov. My sme sa do Hrabu\u0161\u00edc pres\u00favali tie\u017e po takejto trase.<\/p>\n<p>Z Podlesku je cyklotrasa dos\u0165 kamenist\u00e1 a rozbit\u00e1 a ja som si smutne povzdychol, \u017ee je to op\u00e4\u0165 \u201cleniv\u00e1\u201d cyklotrasa, ke\u010f niekto nama\u013eoval len \u201cC-\u00e9\u010dka\u201d na stromy. Po p\u00e1r stovk\u00e1ch metrov ma to v\u0161ak pre\u0161lo, preto\u017ee som si za\u010dal u\u017e\u00edva\u0165 technick\u00fa n\u00e1ro\u010dnos\u0165, a to, ako <strong>koles\u00e1 bicykla lietali po skal\u00e1ch<\/strong>. Dorazili sme k rozcestn\u00edku cyklotr\u00e1s, kde sa to vol\u00e1 <em>\u201cNad Podleskom\u201d<\/em> a odbo\u010dili sme na Kl\u00e1\u0161torisko, kde bola trasa zrazu \u00faplne in\u00e1.<\/p>\n<p>Pr\u00edjemn\u00e1 hlinast\u00e1 trasa, ktor\u00e1 pon\u00fakala aj ve\u013emi r\u00fdchle \u00faseky a p\u00e1r kr\u00e1snych z\u00e1krut. Samozrejme, nech\u00fdbali aj mali\u010dk\u00e9 st\u00fapania. Zatia\u013e to p\u00ed\u0161em \u0161portovo, ale na Kl\u00e1\u0161torisko m\u00f4\u017ee \u00eds\u0165 na bicykli ka\u017ed\u00fd. Niektor\u00e9 \u00faseky mo\u017eno bude treba potla\u010di\u0165, ale inak je to super. Ak by ste chceli \u00eds\u0165 na bicykli len dole, tak je tu jedno rie\u0161enie: <strong>hore na Kl\u00e1\u0161torisku funguje po\u017ei\u010dov\u0148a bicyklov<\/strong>. K\u00fdm som to zistil, tak som sa n\u00e1ramne \u010dudoval, \u017ee ko\u013eko \u013eud\u00ed tu jazd\u00ed na bicykloch. Mnoh\u00ed v\u0161ak tla\u010dili aj cestou dole \u2013 ur\u010dite je to v\u0161ak r\u00fdchlej\u0161ie, ako po svojich.<\/p>\n<div data-rows=\"1\" id='gallery-2' class='gallery-rows-1 gallery galleryid-4694 gallery-columns-2 gallery-size-full'><figure class='gallery-item'>\n\t\t\t<div class='gallery-icon landscape'>\n\t\t\t\t<a href='https:\/\/d2p6e6u75xmxt8.cloudfront.net\/4\/2018\/08\/jurajcyklista-raj_04.JPG.webp'><img loading=\"lazy\" decoding=\"async\" width=\"1600\" height=\"1200\" src=\"https:\/\/d2p6e6u75xmxt8.cloudfront.net\/4\/2018\/08\/jurajcyklista-raj_04.JPG.webp\" class=\"attachment-full size-full\" alt=\"\" srcset=\"https:\/\/d2p6e6u75xmxt8.cloudfront.net\/4\/2018\/08\/jurajcyklista-raj_04.JPG.webp 1600w, https:\/\/d2p6e6u75xmxt8.cloudfront.net\/4\/2018\/08\/jurajcyklista-raj_04.JPG-300x225.webp 300w, https:\/\/d2p6e6u75xmxt8.cloudfront.net\/4\/2018\/08\/jurajcyklista-raj_04.JPG-1024x768.webp 1024w, https:\/\/d2p6e6u75xmxt8.cloudfront.net\/4\/2018\/08\/jurajcyklista-raj_04.JPG-768x576.webp 768w, https:\/\/d2p6e6u75xmxt8.cloudfront.net\/4\/2018\/08\/jurajcyklista-raj_04.JPG-1536x1152.webp 1536w\" sizes=\"auto, (max-width: 1600px) 100vw, 1600px\" \/><\/a>\n\t\t\t<\/div><\/figure><figure class='gallery-item'>\n\t\t\t<div class='gallery-icon landscape'>\n\t\t\t\t<a href='https:\/\/d2p6e6u75xmxt8.cloudfront.net\/4\/2018\/08\/jurajcyklista-raj_05.JPG.webp'><img loading=\"lazy\" decoding=\"async\" width=\"1600\" height=\"1200\" src=\"https:\/\/d2p6e6u75xmxt8.cloudfront.net\/4\/2018\/08\/jurajcyklista-raj_05.JPG.webp\" class=\"attachment-full size-full\" alt=\"\" srcset=\"https:\/\/d2p6e6u75xmxt8.cloudfront.net\/4\/2018\/08\/jurajcyklista-raj_05.JPG.webp 1600w, https:\/\/d2p6e6u75xmxt8.cloudfront.net\/4\/2018\/08\/jurajcyklista-raj_05.JPG-300x225.webp 300w, https:\/\/d2p6e6u75xmxt8.cloudfront.net\/4\/2018\/08\/jurajcyklista-raj_05.JPG-1024x768.webp 1024w, https:\/\/d2p6e6u75xmxt8.cloudfront.net\/4\/2018\/08\/jurajcyklista-raj_05.JPG-768x576.webp 768w, https:\/\/d2p6e6u75xmxt8.cloudfront.net\/4\/2018\/08\/jurajcyklista-raj_05.JPG-1536x1152.webp 1536w\" sizes=\"auto, (max-width: 1600px) 100vw, 1600px\" \/><\/a>\n\t\t\t<\/div><\/figure>\n\t\t<\/div>\n        \n<p>Kl\u00e1\u0161torisko je \u00fa\u017easn\u00e9 miesto, kde st\u00e1l v stredoveku kartuzi\u00e1nsky kl\u00e1\u0161tor. Slovensk\u00fd raj ma svoje pomenovanie \u00fadajne preto, lebo jeden z mn\u00edchov p\u00edsal do in\u00e9ho kl\u00e1\u0161tora, \u017ee <strong>je to tu \u00fapln\u00fd raj<\/strong>. Ja s n\u00edm nem\u00f4\u017eem nes\u00fahlasi\u0165.<\/p>\n<div data-rows=\"1\" id='gallery-3' class='gallery-rows-1 gallery galleryid-4694 gallery-columns-3 gallery-size-full'><figure class='gallery-item'>\n\t\t\t<div class='gallery-icon landscape'>\n\t\t\t\t<a href='https:\/\/d2p6e6u75xmxt8.cloudfront.net\/4\/2018\/08\/jurajcyklista-raj_06.JPG.webp'><img loading=\"lazy\" decoding=\"async\" width=\"1600\" height=\"1200\" src=\"https:\/\/d2p6e6u75xmxt8.cloudfront.net\/4\/2018\/08\/jurajcyklista-raj_06.JPG.webp\" class=\"attachment-full size-full\" alt=\"\" srcset=\"https:\/\/d2p6e6u75xmxt8.cloudfront.net\/4\/2018\/08\/jurajcyklista-raj_06.JPG.webp 1600w, https:\/\/d2p6e6u75xmxt8.cloudfront.net\/4\/2018\/08\/jurajcyklista-raj_06.JPG-300x225.webp 300w, https:\/\/d2p6e6u75xmxt8.cloudfront.net\/4\/2018\/08\/jurajcyklista-raj_06.JPG-1024x768.webp 1024w, https:\/\/d2p6e6u75xmxt8.cloudfront.net\/4\/2018\/08\/jurajcyklista-raj_06.JPG-768x576.webp 768w, https:\/\/d2p6e6u75xmxt8.cloudfront.net\/4\/2018\/08\/jurajcyklista-raj_06.JPG-1536x1152.webp 1536w\" sizes=\"auto, (max-width: 1600px) 100vw, 1600px\" \/><\/a>\n\t\t\t<\/div><\/figure><figure class='gallery-item'>\n\t\t\t<div class='gallery-icon landscape'>\n\t\t\t\t<a href='https:\/\/d2p6e6u75xmxt8.cloudfront.net\/4\/2018\/08\/jurajcyklista-raj_07.JPG.webp'><img loading=\"lazy\" decoding=\"async\" width=\"1600\" height=\"1200\" src=\"https:\/\/d2p6e6u75xmxt8.cloudfront.net\/4\/2018\/08\/jurajcyklista-raj_07.JPG.webp\" class=\"attachment-full size-full\" alt=\"\" srcset=\"https:\/\/d2p6e6u75xmxt8.cloudfront.net\/4\/2018\/08\/jurajcyklista-raj_07.JPG.webp 1600w, https:\/\/d2p6e6u75xmxt8.cloudfront.net\/4\/2018\/08\/jurajcyklista-raj_07.JPG-300x225.webp 300w, https:\/\/d2p6e6u75xmxt8.cloudfront.net\/4\/2018\/08\/jurajcyklista-raj_07.JPG-1024x768.webp 1024w, https:\/\/d2p6e6u75xmxt8.cloudfront.net\/4\/2018\/08\/jurajcyklista-raj_07.JPG-768x576.webp 768w, https:\/\/d2p6e6u75xmxt8.cloudfront.net\/4\/2018\/08\/jurajcyklista-raj_07.JPG-1536x1152.webp 1536w\" sizes=\"auto, (max-width: 1600px) 100vw, 1600px\" \/><\/a>\n\t\t\t<\/div><\/figure><figure class='gallery-item'>\n\t\t\t<div class='gallery-icon landscape'>\n\t\t\t\t<a href='https:\/\/d2p6e6u75xmxt8.cloudfront.net\/4\/2018\/08\/jurajcyklista-raj_08.JPG.webp'><img loading=\"lazy\" decoding=\"async\" width=\"1600\" height=\"1200\" src=\"https:\/\/d2p6e6u75xmxt8.cloudfront.net\/4\/2018\/08\/jurajcyklista-raj_08.JPG.webp\" class=\"attachment-full size-full\" alt=\"\" srcset=\"https:\/\/d2p6e6u75xmxt8.cloudfront.net\/4\/2018\/08\/jurajcyklista-raj_08.JPG.webp 1600w, https:\/\/d2p6e6u75xmxt8.cloudfront.net\/4\/2018\/08\/jurajcyklista-raj_08.JPG-300x225.webp 300w, https:\/\/d2p6e6u75xmxt8.cloudfront.net\/4\/2018\/08\/jurajcyklista-raj_08.JPG-1024x768.webp 1024w, https:\/\/d2p6e6u75xmxt8.cloudfront.net\/4\/2018\/08\/jurajcyklista-raj_08.JPG-768x576.webp 768w, https:\/\/d2p6e6u75xmxt8.cloudfront.net\/4\/2018\/08\/jurajcyklista-raj_08.JPG-1536x1152.webp 1536w\" sizes=\"auto, (max-width: 1600px) 100vw, 1600px\" \/><\/a>\n\t\t\t<\/div><\/figure>\n\t\t<\/div>\n        \n<p>Nad ruinami kl\u00e1\u0161tora sa nach\u00e1dza aj celkom ve\u013ek\u00e1 chata s re\u0161taur\u00e1ciou, kde sa d\u00e1 pr\u00edjemne posedie\u0165.<\/p>\n<p><a href=\"https:\/\/d2p6e6u75xmxt8.cloudfront.net\/4\/2018\/08\/jurajcyklista-raj_09.JPG.jpg\"><img loading=\"lazy\" decoding=\"async\" class=\"alignnone size-full wp-image-4874\" src=\"https:\/\/d2p6e6u75xmxt8.cloudfront.net\/4\/2018\/08\/jurajcyklista-raj_09.JPG.jpg\" alt=\"\" width=\"1600\" height=\"1200\" \/><\/a><\/p>\n<p>Pomaly sme sa vr\u00e1tili do Letanoviec u\u017e po spomenutej cyklotrase, ktor\u00e1 je vyjazden\u00e1 uprostred pol\u00ed. Mne po\u010das cesty sp\u00e4\u0165 zap\u00f3zovalo slnko a mus\u00edm poveda\u0165, \u017ee tieto &#8222;l\u00fa\u010dne&#8220; cesti\u010dky mi prir\u00e1stli k srdcu.<\/p>\n<div data-rows=\"1\" id='gallery-4' class='gallery-rows-1 gallery galleryid-4694 gallery-columns-2 gallery-size-full'><figure class='gallery-item'>\n\t\t\t<div class='gallery-icon landscape'>\n\t\t\t\t<a href='https:\/\/d2p6e6u75xmxt8.cloudfront.net\/4\/2018\/08\/jurajcyklista-raj_10.JPG.webp'><img loading=\"lazy\" decoding=\"async\" width=\"1600\" height=\"1200\" src=\"https:\/\/d2p6e6u75xmxt8.cloudfront.net\/4\/2018\/08\/jurajcyklista-raj_10.JPG.webp\" class=\"attachment-full size-full\" alt=\"\" srcset=\"https:\/\/d2p6e6u75xmxt8.cloudfront.net\/4\/2018\/08\/jurajcyklista-raj_10.JPG.webp 1600w, https:\/\/d2p6e6u75xmxt8.cloudfront.net\/4\/2018\/08\/jurajcyklista-raj_10.JPG-300x225.webp 300w, https:\/\/d2p6e6u75xmxt8.cloudfront.net\/4\/2018\/08\/jurajcyklista-raj_10.JPG-1024x768.webp 1024w, https:\/\/d2p6e6u75xmxt8.cloudfront.net\/4\/2018\/08\/jurajcyklista-raj_10.JPG-768x576.webp 768w, https:\/\/d2p6e6u75xmxt8.cloudfront.net\/4\/2018\/08\/jurajcyklista-raj_10.JPG-1536x1152.webp 1536w\" sizes=\"auto, (max-width: 1600px) 100vw, 1600px\" \/><\/a>\n\t\t\t<\/div><\/figure><figure class='gallery-item'>\n\t\t\t<div class='gallery-icon landscape'>\n\t\t\t\t<a href='https:\/\/d2p6e6u75xmxt8.cloudfront.net\/4\/2018\/08\/jurajcyklista-raj_11.JPG.webp'><img loading=\"lazy\" decoding=\"async\" width=\"1600\" height=\"1200\" src=\"https:\/\/d2p6e6u75xmxt8.cloudfront.net\/4\/2018\/08\/jurajcyklista-raj_11.JPG.webp\" class=\"attachment-full size-full\" alt=\"\" srcset=\"https:\/\/d2p6e6u75xmxt8.cloudfront.net\/4\/2018\/08\/jurajcyklista-raj_11.JPG.webp 1600w, https:\/\/d2p6e6u75xmxt8.cloudfront.net\/4\/2018\/08\/jurajcyklista-raj_11.JPG-300x225.webp 300w, https:\/\/d2p6e6u75xmxt8.cloudfront.net\/4\/2018\/08\/jurajcyklista-raj_11.JPG-1024x768.webp 1024w, https:\/\/d2p6e6u75xmxt8.cloudfront.net\/4\/2018\/08\/jurajcyklista-raj_11.JPG-768x576.webp 768w, https:\/\/d2p6e6u75xmxt8.cloudfront.net\/4\/2018\/08\/jurajcyklista-raj_11.JPG-1536x1152.webp 1536w\" sizes=\"auto, (max-width: 1600px) 100vw, 1600px\" \/><\/a>\n\t\t\t<\/div><\/figure>\n\t\t<\/div>\n        \n<h2><strong>Okruh cez Slovensk\u00fd raj<\/strong><\/h2>\n<p>V\u00fdborn\u00e1 ve\u010dera a skontrolovanie nachystan\u00e9ho okruhu, ktor\u00fd n\u00e1s mal \u010daka\u0165 na druh\u00fd de\u0148. Potom pri\u0161lo skor\u00e9 vst\u00e1vanie, ra\u0148ajky a sadanie na bicykel. Nohy boli \u0165a\u017ek\u00e9, ale ve\u013emi sme sa te\u0161ili. U\u017e po Kl\u00e1\u0161torisku som vedel, \u017ee n\u00e1s \u010dak\u00e1 nie\u010do extra.<\/p>\n<p>Vyrazili sme po tej istej trase do Hrabu\u0161\u00edc a do Podlesku. Tam sme sa dohodli, \u017ee Ivka p\u00f4jde k rozcestn\u00edku <em>\u201cNad Podleskom\u201d<\/em> svoj\u00edm tempom a ja si sk\u00fasim da\u0165 Kl\u00e1\u0161torisko e\u0161te raz a na \u010das. S rozumom som vyliezol k rozcetn\u00edku a n\u00e1sledn\u00fa trasu, ktor\u00e1 m\u00e1 3,5 km, som i\u0161iel naplno. To ur\u010dite odpor\u00fa\u010dam ka\u017ed\u00e9mu, ale mus\u00edm varova\u0165: <strong>kv\u00f4li mnoh\u00fdm z\u00e1krut\u00e1m treba d\u00e1va\u0165 pozor aj na ostatn\u00fdch \u013eud\u00ed<\/strong> a ne\u00eds\u0165, akoby mi patrila cel\u00e1 cesta.<\/p>\n<p>Vr\u00e1til som sa sp\u00e4\u0165, kde som sa spojil op\u00e4\u0165 s Ivkou a i\u0161li sme \u010falej. Rozbit\u00e1 cesta, ale v takom pr\u00edjemnom zmysle \u2013 akoby bola priamo ur\u010den\u00e1 pre MTB. Po tejto ceste sa dost\u00e1vame aj k najvy\u0161\u0161iemu bodu tohto okruhu, a to do v\u00fd\u0161ky 988 m n. m. Odtia\u013e je to st\u00e1le tak\u00e9 hore \u2013 dole, ob\u010das rovinka.<\/p>\n<p>M\u0148a prekvapila cesta. K\u00fdm som doteraz p\u00edsal o tom, \u017ee bola rozbit\u00e1, tak nesk\u00f4r to bola \u0161irok\u00e1 asfaltka, potom hlinast\u00e1 a n\u00e1sledne to vyzeralo ako trail uprostred lesa. Skuto\u010dn\u00e1 fant\u00e1zia a u\u017e tu som si hovoril, \u017ee je to mo\u017eno <strong>najkraj\u0161ia MTB trasa, ak\u00fa som i\u0161iel<\/strong>. To, \u017ee tu neboli v\u00fdh\u013eady, mi v\u00f4bec nevadilo, preto\u017ee som sa st\u00e1le s\u00fastre\u010foval len na bicykel, a to, ako prech\u00e1dza\u0165 tie z\u00e1kruty a rozbieha\u0165 sa do men\u0161\u00edch kop\u010dekov.<\/p>\n<div data-rows=\"1\" id='gallery-5' class='gallery-rows-1 gallery galleryid-4694 gallery-columns-3 gallery-size-full'><figure class='gallery-item'>\n\t\t\t<div class='gallery-icon landscape'>\n\t\t\t\t<a href='https:\/\/d2p6e6u75xmxt8.cloudfront.net\/4\/2018\/08\/jurajcyklista-raj_12.JPG.webp'><img loading=\"lazy\" decoding=\"async\" width=\"1600\" height=\"1200\" src=\"https:\/\/d2p6e6u75xmxt8.cloudfront.net\/4\/2018\/08\/jurajcyklista-raj_12.JPG.webp\" class=\"attachment-full size-full\" alt=\"\" srcset=\"https:\/\/d2p6e6u75xmxt8.cloudfront.net\/4\/2018\/08\/jurajcyklista-raj_12.JPG.webp 1600w, https:\/\/d2p6e6u75xmxt8.cloudfront.net\/4\/2018\/08\/jurajcyklista-raj_12.JPG-300x225.webp 300w, https:\/\/d2p6e6u75xmxt8.cloudfront.net\/4\/2018\/08\/jurajcyklista-raj_12.JPG-1024x768.webp 1024w, https:\/\/d2p6e6u75xmxt8.cloudfront.net\/4\/2018\/08\/jurajcyklista-raj_12.JPG-768x576.webp 768w, https:\/\/d2p6e6u75xmxt8.cloudfront.net\/4\/2018\/08\/jurajcyklista-raj_12.JPG-1536x1152.webp 1536w\" sizes=\"auto, (max-width: 1600px) 100vw, 1600px\" \/><\/a>\n\t\t\t<\/div><\/figure><figure class='gallery-item'>\n\t\t\t<div class='gallery-icon landscape'>\n\t\t\t\t<a href='https:\/\/d2p6e6u75xmxt8.cloudfront.net\/4\/2018\/08\/jurajcyklista-raj_13.JPG.webp'><img loading=\"lazy\" decoding=\"async\" width=\"1600\" height=\"1200\" src=\"https:\/\/d2p6e6u75xmxt8.cloudfront.net\/4\/2018\/08\/jurajcyklista-raj_13.JPG.webp\" class=\"attachment-full size-full\" alt=\"\" srcset=\"https:\/\/d2p6e6u75xmxt8.cloudfront.net\/4\/2018\/08\/jurajcyklista-raj_13.JPG.webp 1600w, https:\/\/d2p6e6u75xmxt8.cloudfront.net\/4\/2018\/08\/jurajcyklista-raj_13.JPG-300x225.webp 300w, https:\/\/d2p6e6u75xmxt8.cloudfront.net\/4\/2018\/08\/jurajcyklista-raj_13.JPG-1024x768.webp 1024w, https:\/\/d2p6e6u75xmxt8.cloudfront.net\/4\/2018\/08\/jurajcyklista-raj_13.JPG-768x576.webp 768w, https:\/\/d2p6e6u75xmxt8.cloudfront.net\/4\/2018\/08\/jurajcyklista-raj_13.JPG-1536x1152.webp 1536w\" sizes=\"auto, (max-width: 1600px) 100vw, 1600px\" \/><\/a>\n\t\t\t<\/div><\/figure><figure class='gallery-item'>\n\t\t\t<div class='gallery-icon landscape'>\n\t\t\t\t<a href='https:\/\/d2p6e6u75xmxt8.cloudfront.net\/4\/2018\/08\/jurajcyklista-raj_14.JPG.webp'><img loading=\"lazy\" decoding=\"async\" width=\"1600\" height=\"1200\" src=\"https:\/\/d2p6e6u75xmxt8.cloudfront.net\/4\/2018\/08\/jurajcyklista-raj_14.JPG.webp\" class=\"attachment-full size-full\" alt=\"\" srcset=\"https:\/\/d2p6e6u75xmxt8.cloudfront.net\/4\/2018\/08\/jurajcyklista-raj_14.JPG.webp 1600w, https:\/\/d2p6e6u75xmxt8.cloudfront.net\/4\/2018\/08\/jurajcyklista-raj_14.JPG-300x225.webp 300w, https:\/\/d2p6e6u75xmxt8.cloudfront.net\/4\/2018\/08\/jurajcyklista-raj_14.JPG-1024x768.webp 1024w, https:\/\/d2p6e6u75xmxt8.cloudfront.net\/4\/2018\/08\/jurajcyklista-raj_14.JPG-768x576.webp 768w, https:\/\/d2p6e6u75xmxt8.cloudfront.net\/4\/2018\/08\/jurajcyklista-raj_14.JPG-1536x1152.webp 1536w\" sizes=\"auto, (max-width: 1600px) 100vw, 1600px\" \/><\/a>\n\t\t\t<\/div><\/figure><figure class='gallery-item'>\n\t\t\t<div class='gallery-icon landscape'>\n\t\t\t\t<a href='https:\/\/d2p6e6u75xmxt8.cloudfront.net\/4\/2018\/08\/jurajcyklista-raj_15.JPG.webp'><img loading=\"lazy\" decoding=\"async\" width=\"1600\" height=\"1200\" src=\"https:\/\/d2p6e6u75xmxt8.cloudfront.net\/4\/2018\/08\/jurajcyklista-raj_15.JPG.webp\" class=\"attachment-full size-full\" alt=\"\" srcset=\"https:\/\/d2p6e6u75xmxt8.cloudfront.net\/4\/2018\/08\/jurajcyklista-raj_15.JPG.webp 1600w, https:\/\/d2p6e6u75xmxt8.cloudfront.net\/4\/2018\/08\/jurajcyklista-raj_15.JPG-300x225.webp 300w, https:\/\/d2p6e6u75xmxt8.cloudfront.net\/4\/2018\/08\/jurajcyklista-raj_15.JPG-1024x768.webp 1024w, https:\/\/d2p6e6u75xmxt8.cloudfront.net\/4\/2018\/08\/jurajcyklista-raj_15.JPG-768x576.webp 768w, https:\/\/d2p6e6u75xmxt8.cloudfront.net\/4\/2018\/08\/jurajcyklista-raj_15.JPG-1536x1152.webp 1536w\" sizes=\"auto, (max-width: 1600px) 100vw, 1600px\" \/><\/a>\n\t\t\t<\/div><\/figure><figure class='gallery-item'>\n\t\t\t<div class='gallery-icon landscape'>\n\t\t\t\t<a href='https:\/\/d2p6e6u75xmxt8.cloudfront.net\/4\/2018\/08\/jurajcyklista-raj_16.JPG.webp'><img loading=\"lazy\" decoding=\"async\" width=\"1600\" height=\"1200\" src=\"https:\/\/d2p6e6u75xmxt8.cloudfront.net\/4\/2018\/08\/jurajcyklista-raj_16.JPG.webp\" class=\"attachment-full size-full\" alt=\"\" srcset=\"https:\/\/d2p6e6u75xmxt8.cloudfront.net\/4\/2018\/08\/jurajcyklista-raj_16.JPG.webp 1600w, https:\/\/d2p6e6u75xmxt8.cloudfront.net\/4\/2018\/08\/jurajcyklista-raj_16.JPG-300x225.webp 300w, https:\/\/d2p6e6u75xmxt8.cloudfront.net\/4\/2018\/08\/jurajcyklista-raj_16.JPG-1024x768.webp 1024w, https:\/\/d2p6e6u75xmxt8.cloudfront.net\/4\/2018\/08\/jurajcyklista-raj_16.JPG-768x576.webp 768w, https:\/\/d2p6e6u75xmxt8.cloudfront.net\/4\/2018\/08\/jurajcyklista-raj_16.JPG-1536x1152.webp 1536w\" sizes=\"auto, (max-width: 1600px) 100vw, 1600px\" \/><\/a>\n\t\t\t<\/div><\/figure>\n\t\t<\/div>\n        \n<p><em>Viac fotiek po rozkliknut\u00ed.<\/em><\/p>\n<p>Dostali sme sa do obce Straten\u00e1, ktor\u00e1 je na juhu Slovensk\u00e9ho raja. Tu sme videli mno\u017estvo \u013eud\u00ed na kajakoch a obdivovali sme scen\u00e9riu, ktor\u00fa tu voda uprostred kopcov vytvorila.<\/p>\n<p><a href=\"https:\/\/d2p6e6u75xmxt8.cloudfront.net\/4\/2018\/08\/jurajcyklista-raj_17.JPG.jpg\"><img loading=\"lazy\" decoding=\"async\" class=\"alignnone size-full wp-image-4882\" src=\"https:\/\/d2p6e6u75xmxt8.cloudfront.net\/4\/2018\/08\/jurajcyklista-raj_17.JPG.jpg\" alt=\"\" width=\"1600\" height=\"1200\" \/><\/a><\/p>\n<p>V Stratenej sme sa aj najedli, lebo sme vedeli, \u017ee n\u00e1s \u010dak\u00e1 cesta nasp\u00e4\u0165 cez sedlo Kopanec, ktor\u00e9 malo tie\u017e cez skoro 1 000 m n. m. Tro\u0161ku som sa toho st\u00fapania b\u00e1l, lebo som v\u00f4bec nevedel, \u010do m\u00e1m \u010daka\u0165.<\/p>\n<p>I\u0161lo v\u0161ak o asfaltku, po ktorej jazdia aj aut\u00e1. Relat\u00edvne r\u00fdchlo sme vyliezli hore, a to, \u010do nasledovalo potom, bolo \u0161ialen\u00e9. <strong>Takmer 16-kilometrov\u00fd zjazd, skoro a\u017e do Hrabu\u0161\u00edc<\/strong>. Op\u00e4\u0165 kr\u00e1sne z\u00e1kruty, pomedzi les a skaly. Neviem, \u010di to tu jazdia aj na cestn\u00fdch bicykloch, ale asi by sa to dalo.<\/p>\n<div data-rows=\"1\" id='gallery-6' class='gallery-rows-1 gallery galleryid-4694 gallery-columns-3 gallery-size-full'><figure class='gallery-item'>\n\t\t\t<div class='gallery-icon landscape'>\n\t\t\t\t<a href='https:\/\/d2p6e6u75xmxt8.cloudfront.net\/4\/2018\/08\/jurajcyklista-raj_18.JPG.webp'><img loading=\"lazy\" decoding=\"async\" width=\"1600\" height=\"1200\" src=\"https:\/\/d2p6e6u75xmxt8.cloudfront.net\/4\/2018\/08\/jurajcyklista-raj_18.JPG.webp\" class=\"attachment-full size-full\" alt=\"\" srcset=\"https:\/\/d2p6e6u75xmxt8.cloudfront.net\/4\/2018\/08\/jurajcyklista-raj_18.JPG.webp 1600w, https:\/\/d2p6e6u75xmxt8.cloudfront.net\/4\/2018\/08\/jurajcyklista-raj_18.JPG-300x225.webp 300w, https:\/\/d2p6e6u75xmxt8.cloudfront.net\/4\/2018\/08\/jurajcyklista-raj_18.JPG-1024x768.webp 1024w, https:\/\/d2p6e6u75xmxt8.cloudfront.net\/4\/2018\/08\/jurajcyklista-raj_18.JPG-768x576.webp 768w, https:\/\/d2p6e6u75xmxt8.cloudfront.net\/4\/2018\/08\/jurajcyklista-raj_18.JPG-1536x1152.webp 1536w\" sizes=\"auto, (max-width: 1600px) 100vw, 1600px\" \/><\/a>\n\t\t\t<\/div><\/figure><figure class='gallery-item'>\n\t\t\t<div class='gallery-icon landscape'>\n\t\t\t\t<a href='https:\/\/d2p6e6u75xmxt8.cloudfront.net\/4\/2018\/08\/jurajcyklista-raj_19.JPG.webp'><img loading=\"lazy\" decoding=\"async\" width=\"1600\" height=\"1200\" src=\"https:\/\/d2p6e6u75xmxt8.cloudfront.net\/4\/2018\/08\/jurajcyklista-raj_19.JPG.webp\" class=\"attachment-full size-full\" alt=\"\" srcset=\"https:\/\/d2p6e6u75xmxt8.cloudfront.net\/4\/2018\/08\/jurajcyklista-raj_19.JPG.webp 1600w, https:\/\/d2p6e6u75xmxt8.cloudfront.net\/4\/2018\/08\/jurajcyklista-raj_19.JPG-300x225.webp 300w, https:\/\/d2p6e6u75xmxt8.cloudfront.net\/4\/2018\/08\/jurajcyklista-raj_19.JPG-1024x768.webp 1024w, https:\/\/d2p6e6u75xmxt8.cloudfront.net\/4\/2018\/08\/jurajcyklista-raj_19.JPG-768x576.webp 768w, https:\/\/d2p6e6u75xmxt8.cloudfront.net\/4\/2018\/08\/jurajcyklista-raj_19.JPG-1536x1152.webp 1536w\" sizes=\"auto, (max-width: 1600px) 100vw, 1600px\" \/><\/a>\n\t\t\t<\/div><\/figure><figure class='gallery-item'>\n\t\t\t<div class='gallery-icon landscape'>\n\t\t\t\t<a href='https:\/\/d2p6e6u75xmxt8.cloudfront.net\/4\/2018\/08\/jurajcyklista-raj_20.JPG.webp'><img loading=\"lazy\" decoding=\"async\" width=\"1600\" height=\"1200\" src=\"https:\/\/d2p6e6u75xmxt8.cloudfront.net\/4\/2018\/08\/jurajcyklista-raj_20.JPG.webp\" class=\"attachment-full size-full\" alt=\"\" srcset=\"https:\/\/d2p6e6u75xmxt8.cloudfront.net\/4\/2018\/08\/jurajcyklista-raj_20.JPG.webp 1600w, https:\/\/d2p6e6u75xmxt8.cloudfront.net\/4\/2018\/08\/jurajcyklista-raj_20.JPG-300x225.webp 300w, https:\/\/d2p6e6u75xmxt8.cloudfront.net\/4\/2018\/08\/jurajcyklista-raj_20.JPG-1024x768.webp 1024w, https:\/\/d2p6e6u75xmxt8.cloudfront.net\/4\/2018\/08\/jurajcyklista-raj_20.JPG-768x576.webp 768w, https:\/\/d2p6e6u75xmxt8.cloudfront.net\/4\/2018\/08\/jurajcyklista-raj_20.JPG-1536x1152.webp 1536w\" sizes=\"auto, (max-width: 1600px) 100vw, 1600px\" \/><\/a>\n\t\t\t<\/div><\/figure><figure class='gallery-item'>\n\t\t\t<div class='gallery-icon landscape'>\n\t\t\t\t<a href='https:\/\/d2p6e6u75xmxt8.cloudfront.net\/4\/2018\/08\/jurajcyklista-raj_21.JPG.webp'><img loading=\"lazy\" decoding=\"async\" width=\"1600\" height=\"1200\" src=\"https:\/\/d2p6e6u75xmxt8.cloudfront.net\/4\/2018\/08\/jurajcyklista-raj_21.JPG.webp\" class=\"attachment-full size-full\" alt=\"\" srcset=\"https:\/\/d2p6e6u75xmxt8.cloudfront.net\/4\/2018\/08\/jurajcyklista-raj_21.JPG.webp 1600w, https:\/\/d2p6e6u75xmxt8.cloudfront.net\/4\/2018\/08\/jurajcyklista-raj_21.JPG-300x225.webp 300w, https:\/\/d2p6e6u75xmxt8.cloudfront.net\/4\/2018\/08\/jurajcyklista-raj_21.JPG-1024x768.webp 1024w, https:\/\/d2p6e6u75xmxt8.cloudfront.net\/4\/2018\/08\/jurajcyklista-raj_21.JPG-768x576.webp 768w, https:\/\/d2p6e6u75xmxt8.cloudfront.net\/4\/2018\/08\/jurajcyklista-raj_21.JPG-1536x1152.webp 1536w\" sizes=\"auto, (max-width: 1600px) 100vw, 1600px\" \/><\/a>\n\t\t\t<\/div><\/figure>\n\t\t<\/div>\n        \n<p><em>Viac fotiek po rozkliknut\u00ed.<\/em><\/p>\n<p>Hne\u010f mi v\u0161ak napadlo, \u017ee ak\u00e9 som mal \u0161\u0165astie a tento okruh som ne\u0161iel opa\u010dne. To by bola pre moju Ivku, ale aj pre m\u0148a, ve\u013emi bolestiv\u00e1 sk\u00fa\u0161ka. Preto ur\u010dite <strong>odpor\u00fa\u010dam \u00eds\u0165 v tom smere, ako sme i\u0161li my<\/strong>. V Hrabu\u0161iach sme u\u017e ani nezastavovali a i\u0161li sme rovno do dedinky Vydrn\u00edk, aby sme stihli vlak.<\/p>\n<p><strong>Mapa okruhu:<\/strong><\/p>\n<p><a href=\"https:\/\/d2p6e6u75xmxt8.cloudfront.net\/4\/2018\/08\/jurajcyklista-raj_22.jpg\"><img loading=\"lazy\" decoding=\"async\" class=\"alignnone size-full wp-image-4887\" src=\"https:\/\/d2p6e6u75xmxt8.cloudfront.net\/4\/2018\/08\/jurajcyklista-raj_22.jpg\" alt=\"\" width=\"1600\" height=\"1049\" \/><\/a><\/p>\n<p>Prejden\u00e1 trasa v aplik\u00e1cii <a href=\"https:\/\/www.strava.com\/activities\/1792127732\">Strava<\/a>.<\/p>\n<p>Mus\u00edm poveda\u0165, \u017ee som bol ve\u013emi prekvapen\u00fd. Lesn\u00e1 cyklotrasa cez Slovensk\u00fd raj je <strong>vhodn\u00e1 pre ka\u017ed\u00e9ho<\/strong>, kto m\u00e1 bicykel v dobrom stave a nos\u00ed prilbu. Tak\u00e1to trasa \u010dloveka ur\u010dite motivuje v tom, aby za\u010dal jazdi\u0165 viac a viac. Kr\u00e1sne miesto a mo\u017eno najkraj\u0161\u00ed okruh, ak\u00fd som na bicykli kedy i\u0161iel. Neviem, \u010do by som viac k tomu nap\u00edsal. Ur\u010dite sem vyrazte! P\u00edsal som u\u017e o predch\u00e1dzaj\u00facich tras\u00e1ch, \u017ee s\u00fa ak\u00fdmisi povinnos\u0165ami ka\u017ed\u00e9ho bikera z na\u0161ej krajiny. Slovensk\u00fd raj ur\u010dite prid\u00e1vam do tohto zoznamu. A mo\u017eno rovno na prv\u00e9 miesto. Je to \u010fal\u0161\u00ed klenot na\u0161ej krajiny.<\/p>\n","protected":false},"excerpt":{"rendered":"<p>&#8222;Tak toto som ne\u010dakal, ve\u010f to je mo\u017eno najkraj\u0161\u00ed okruh, ak\u00fd som kedy na bicykli i\u0161iel!&#8220; To som povedal mojej [&hellip;]<\/p>\n","protected":false},"author":38,"featured_media":4888,"comment_status":"open","ping_status":"open","sticky":false,"template":"","format":"standard","meta":{"footnotes":""},"categories":[5,3,118],"tags":[448,180,454,455,589,412,35,271,523,234,588],"global-categories":[],"class_list":["post-4889","post","type-post","status-publish","format-standard","has-post-thumbnail","hentry","category-blog","category-mtb","category-zabava","tag-cyklotrasy","tag-horska-cyklistika","tag-juraj-lucan","tag-jurajcyklista","tag-klastorisko","tag-mtb","tag-sbot","tag-skoda-slovensky-raj","tag-slovensko","tag-slovensky-raj","tag-tomasovsky-vyhlad"],"yoast_head":"<!-- This site is optimized with the Yoast SEO Premium plugin v25.3 (Yoast SEO v25.9) - https:\/\/yoast.com\/wordpress\/plugins\/seo\/ -->\n<title>S bicyklom do raja (Slovensk\u00e9ho) - \u0160koda We Love Cycling Slovensko<\/title>\n<meta name=\"robots\" content=\"index, follow, max-snippet:-1, max-image-preview:large, max-video-preview:-1\" \/>\n<link rel=\"canonical\" href=\"https:\/\/www.welovecycling.com\/sk\/2018\/08\/31\/s-bicyklom-do-raja-slovenskeho\/\" \/>\n<meta property=\"og:locale\" content=\"sk_SK\" \/>\n<meta property=\"og:type\" content=\"article\" \/>\n<meta property=\"og:title\" content=\"S bicyklom do raja (Slovensk\u00e9ho)\" \/>\n<meta property=\"og:description\" content=\"&#8222;Tak toto som ne\u010dakal, ve\u010f to je mo\u017eno najkraj\u0161\u00ed okruh, ak\u00fd som kedy na bicykli i\u0161iel!&#8220; To som povedal mojej [&hellip;]\" \/>\n<meta property=\"og:url\" content=\"https:\/\/www.welovecycling.com\/sk\/2018\/08\/31\/s-bicyklom-do-raja-slovenskeho\/\" \/>\n<meta property=\"og:site_name\" content=\"\u0160koda We Love Cycling Slovensko\" \/>\n<meta property=\"article:published_time\" content=\"2018-08-31T16:20:11+00:00\" \/>\n<meta property=\"article:modified_time\" content=\"2019-02-13T13:58:35+00:00\" \/>\n<meta property=\"og:image\" content=\"https:\/\/d2p6e6u75xmxt8.cloudfront.net\/4\/2018\/08\/1380x600_blogger-raj.webp\" \/>\n\t<meta property=\"og:image:width\" content=\"1380\" \/>\n\t<meta property=\"og:image:height\" content=\"600\" \/>\n\t<meta property=\"og:image:type\" content=\"image\/webp\" \/>\n<meta name=\"author\" content=\"Ondrej Ga\u0161par\" \/>\n<meta name=\"twitter:card\" content=\"summary_large_image\" \/>\n<meta name=\"twitter:label1\" content=\"Written by\" \/>\n\t<meta name=\"twitter:data1\" content=\"We Love Cycling\" \/>\n\t<meta name=\"twitter:label2\" content=\"Est. reading time\" \/>\n\t<meta name=\"twitter:data2\" content=\"3\" \/>\n<script type=\"application\/ld+json\" class=\"yoast-schema-graph\">{\"@context\":\"https:\/\/schema.org\",\"@graph\":[{\"@type\":\"WebPage\",\"@id\":\"https:\/\/www.welovecycling.com\/sk\/2018\/08\/31\/s-bicyklom-do-raja-slovenskeho\/\",\"url\":\"https:\/\/www.welovecycling.com\/sk\/2018\/08\/31\/s-bicyklom-do-raja-slovenskeho\/\",\"name\":\"S bicyklom do raja (Slovensk\u00e9ho) - \u0160koda We Love Cycling Slovensko\",\"isPartOf\":{\"@id\":\"https:\/\/www.welovecycling.com\/sk\/#website\"},\"primaryImageOfPage\":{\"@id\":\"https:\/\/www.welovecycling.com\/sk\/2018\/08\/31\/s-bicyklom-do-raja-slovenskeho\/#primaryimage\"},\"image\":{\"@id\":\"https:\/\/www.welovecycling.com\/sk\/2018\/08\/31\/s-bicyklom-do-raja-slovenskeho\/#primaryimage\"},\"thumbnailUrl\":\"https:\/\/d2p6e6u75xmxt8.cloudfront.net\/4\/2018\/08\/1380x600_blogger-raj.webp\",\"datePublished\":\"2018-08-31T16:20:11+00:00\",\"dateModified\":\"2019-02-13T13:58:35+00:00\",\"author\":{\"@id\":\"https:\/\/www.welovecycling.com\/sk\/#\/schema\/person\/8ee09ba39b7e25b1870160aa5b3a89bc\"},\"breadcrumb\":{\"@id\":\"https:\/\/www.welovecycling.com\/sk\/2018\/08\/31\/s-bicyklom-do-raja-slovenskeho\/#breadcrumb\"},\"inLanguage\":\"sk-SK\",\"potentialAction\":[{\"@type\":\"ReadAction\",\"target\":[\"https:\/\/www.welovecycling.com\/sk\/2018\/08\/31\/s-bicyklom-do-raja-slovenskeho\/\"]}]},{\"@type\":\"ImageObject\",\"inLanguage\":\"sk-SK\",\"@id\":\"https:\/\/www.welovecycling.com\/sk\/2018\/08\/31\/s-bicyklom-do-raja-slovenskeho\/#primaryimage\",\"url\":\"https:\/\/d2p6e6u75xmxt8.cloudfront.net\/4\/2018\/08\/1380x600_blogger-raj.webp\",\"contentUrl\":\"https:\/\/d2p6e6u75xmxt8.cloudfront.net\/4\/2018\/08\/1380x600_blogger-raj.webp\",\"width\":1380,\"height\":600},{\"@type\":\"BreadcrumbList\",\"@id\":\"https:\/\/www.welovecycling.com\/sk\/2018\/08\/31\/s-bicyklom-do-raja-slovenskeho\/#breadcrumb\",\"itemListElement\":[{\"@type\":\"ListItem\",\"position\":1,\"name\":\"Home\",\"item\":\"https:\/\/www.welovecycling.com\/sk\/\"},{\"@type\":\"ListItem\",\"position\":2,\"name\":\"S bicyklom do raja (Slovensk\u00e9ho)\"}]},{\"@type\":\"WebSite\",\"@id\":\"https:\/\/www.welovecycling.com\/sk\/#website\",\"url\":\"https:\/\/www.welovecycling.com\/sk\/\",\"name\":\"\u0160koda We Love Cycling Slovensko\",\"description\":\"\u0160koda We Love Cycling Slovensko je v\u00e1\u0161 ka\u017edodenn\u00fd zdroj noviniek a in\u0161pir\u00e1cie z sveta cyklistiky\",\"potentialAction\":[{\"@type\":\"SearchAction\",\"target\":{\"@type\":\"EntryPoint\",\"urlTemplate\":\"https:\/\/www.welovecycling.com\/sk\/?s={search_term_string}\"},\"query-input\":{\"@type\":\"PropertyValueSpecification\",\"valueRequired\":true,\"valueName\":\"search_term_string\"}}],\"inLanguage\":\"sk-SK\"},{\"@type\":\"Person\",\"@id\":\"https:\/\/www.welovecycling.com\/sk\/#\/schema\/person\/8ee09ba39b7e25b1870160aa5b3a89bc\",\"name\":\"Ondrej Ga\u0161par\",\"image\":{\"@type\":\"ImageObject\",\"inLanguage\":\"sk-SK\",\"@id\":\"https:\/\/www.welovecycling.com\/sk\/#\/schema\/person\/image\/\",\"url\":\"https:\/\/secure.gravatar.com\/avatar\/6126c9afb87b70da5abbb083ddbb21933da15f18f8ca7cb822aba0fb096a48f6?s=96&d=mm&r=g\",\"contentUrl\":\"https:\/\/secure.gravatar.com\/avatar\/6126c9afb87b70da5abbb083ddbb21933da15f18f8ca7cb822aba0fb096a48f6?s=96&d=mm&r=g\",\"caption\":\"Ondrej Ga\u0161par\"},\"url\":\"https:\/\/www.welovecycling.com\/sk\/author\/ondrejgaspar\/\"}]}<\/script>\n<!-- \/ Yoast SEO Premium plugin. -->","yoast_head_json":{"title":"S bicyklom do raja (Slovensk\u00e9ho) - \u0160koda We Love Cycling Slovensko","robots":{"index":"index","follow":"follow","max-snippet":"max-snippet:-1","max-image-preview":"max-image-preview:large","max-video-preview":"max-video-preview:-1"},"canonical":"https:\/\/www.welovecycling.com\/sk\/2018\/08\/31\/s-bicyklom-do-raja-slovenskeho\/","og_locale":"sk_SK","og_type":"article","og_title":"S bicyklom do raja (Slovensk\u00e9ho)","og_description":"&#8222;Tak toto som ne\u010dakal, ve\u010f to je mo\u017eno najkraj\u0161\u00ed okruh, ak\u00fd som kedy na bicykli i\u0161iel!&#8220; To som povedal mojej [&hellip;]","og_url":"https:\/\/www.welovecycling.com\/sk\/2018\/08\/31\/s-bicyklom-do-raja-slovenskeho\/","og_site_name":"\u0160koda We Love Cycling Slovensko","article_published_time":"2018-08-31T16:20:11+00:00","article_modified_time":"2019-02-13T13:58:35+00:00","og_image":[{"width":1380,"height":600,"url":"https:\/\/d2p6e6u75xmxt8.cloudfront.net\/4\/2018\/08\/1380x600_blogger-raj.webp","type":"image\/webp"}],"author":"Ondrej Ga\u0161par","twitter_card":"summary_large_image","twitter_misc":{"Written by":"We Love Cycling","Est. reading time":"3"},"schema":{"@context":"https:\/\/schema.org","@graph":[{"@type":"WebPage","@id":"https:\/\/www.welovecycling.com\/sk\/2018\/08\/31\/s-bicyklom-do-raja-slovenskeho\/","url":"https:\/\/www.welovecycling.com\/sk\/2018\/08\/31\/s-bicyklom-do-raja-slovenskeho\/","name":"S bicyklom do raja (Slovensk\u00e9ho) - \u0160koda We Love Cycling Slovensko","isPartOf":{"@id":"https:\/\/www.welovecycling.com\/sk\/#website"},"primaryImageOfPage":{"@id":"https:\/\/www.welovecycling.com\/sk\/2018\/08\/31\/s-bicyklom-do-raja-slovenskeho\/#primaryimage"},"image":{"@id":"https:\/\/www.welovecycling.com\/sk\/2018\/08\/31\/s-bicyklom-do-raja-slovenskeho\/#primaryimage"},"thumbnailUrl":"https:\/\/d2p6e6u75xmxt8.cloudfront.net\/4\/2018\/08\/1380x600_blogger-raj.webp","datePublished":"2018-08-31T16:20:11+00:00","dateModified":"2019-02-13T13:58:35+00:00","author":{"@id":"https:\/\/www.welovecycling.com\/sk\/#\/schema\/person\/8ee09ba39b7e25b1870160aa5b3a89bc"},"breadcrumb":{"@id":"https:\/\/www.welovecycling.com\/sk\/2018\/08\/31\/s-bicyklom-do-raja-slovenskeho\/#breadcrumb"},"inLanguage":"sk-SK","potentialAction":[{"@type":"ReadAction","target":["https:\/\/www.welovecycling.com\/sk\/2018\/08\/31\/s-bicyklom-do-raja-slovenskeho\/"]}]},{"@type":"ImageObject","inLanguage":"sk-SK","@id":"https:\/\/www.welovecycling.com\/sk\/2018\/08\/31\/s-bicyklom-do-raja-slovenskeho\/#primaryimage","url":"https:\/\/d2p6e6u75xmxt8.cloudfront.net\/4\/2018\/08\/1380x600_blogger-raj.webp","contentUrl":"https:\/\/d2p6e6u75xmxt8.cloudfront.net\/4\/2018\/08\/1380x600_blogger-raj.webp","width":1380,"height":600},{"@type":"BreadcrumbList","@id":"https:\/\/www.welovecycling.com\/sk\/2018\/08\/31\/s-bicyklom-do-raja-slovenskeho\/#breadcrumb","itemListElement":[{"@type":"ListItem","position":1,"name":"Home","item":"https:\/\/www.welovecycling.com\/sk\/"},{"@type":"ListItem","position":2,"name":"S bicyklom do raja (Slovensk\u00e9ho)"}]},{"@type":"WebSite","@id":"https:\/\/www.welovecycling.com\/sk\/#website","url":"https:\/\/www.welovecycling.com\/sk\/","name":"\u0160koda We Love Cycling Slovensko","description":"\u0160koda We Love Cycling Slovensko je v\u00e1\u0161 ka\u017edodenn\u00fd zdroj noviniek a in\u0161pir\u00e1cie z sveta cyklistiky","potentialAction":[{"@type":"SearchAction","target":{"@type":"EntryPoint","urlTemplate":"https:\/\/www.welovecycling.com\/sk\/?s={search_term_string}"},"query-input":{"@type":"PropertyValueSpecification","valueRequired":true,"valueName":"search_term_string"}}],"inLanguage":"sk-SK"},{"@type":"Person","@id":"https:\/\/www.welovecycling.com\/sk\/#\/schema\/person\/8ee09ba39b7e25b1870160aa5b3a89bc","name":"Ondrej Ga\u0161par","image":{"@type":"ImageObject","inLanguage":"sk-SK","@id":"https:\/\/www.welovecycling.com\/sk\/#\/schema\/person\/image\/","url":"https:\/\/secure.gravatar.com\/avatar\/6126c9afb87b70da5abbb083ddbb21933da15f18f8ca7cb822aba0fb096a48f6?s=96&d=mm&r=g","contentUrl":"https:\/\/secure.gravatar.com\/avatar\/6126c9afb87b70da5abbb083ddbb21933da15f18f8ca7cb822aba0fb096a48f6?s=96&d=mm&r=g","caption":"Ondrej Ga\u0161par"},"url":"https:\/\/www.welovecycling.com\/sk\/author\/ondrejgaspar\/"}]}},"_links":{"self":[{"href":"https:\/\/www.welovecycling.com\/sk\/wp-json\/wp\/v2\/posts\/4889","targetHints":{"allow":["GET"]}}],"collection":[{"href":"https:\/\/www.welovecycling.com\/sk\/wp-json\/wp\/v2\/posts"}],"about":[{"href":"https:\/\/www.welovecycling.com\/sk\/wp-json\/wp\/v2\/types\/post"}],"author":[{"embeddable":true,"href":"https:\/\/www.welovecycling.com\/sk\/wp-json\/wp\/v2\/users\/38"}],"replies":[{"embeddable":true,"href":"https:\/\/www.welovecycling.com\/sk\/wp-json\/wp\/v2\/comments?post=4889"}],"version-history":[{"count":2,"href":"https:\/\/www.welovecycling.com\/sk\/wp-json\/wp\/v2\/posts\/4889\/revisions"}],"predecessor-version":[{"id":4920,"href":"https:\/\/www.welovecycling.com\/sk\/wp-json\/wp\/v2\/posts\/4889\/revisions\/4920"}],"wp:featuredmedia":[{"embeddable":true,"href":"https:\/\/www.welovecycling.com\/sk\/wp-json\/wp\/v2\/media\/4888"}],"wp:attachment":[{"href":"https:\/\/www.welovecycling.com\/sk\/wp-json\/wp\/v2\/media?parent=4889"}],"wp:term":[{"taxonomy":"category","embeddable":true,"href":"https:\/\/www.welovecycling.com\/sk\/wp-json\/wp\/v2\/categories?post=4889"},{"taxonomy":"post_tag","embeddable":true,"href":"https:\/\/www.welovecycling.com\/sk\/wp-json\/wp\/v2\/tags?post=4889"},{"taxonomy":"global-categories","embeddable":true,"href":"https:\/\/www.welovecycling.com\/sk\/wp-json\/wp\/v2\/global-categories?post=4889"}],"curies":[{"name":"wp","href":"https:\/\/api.w.org\/{rel}","templated":true}]}}