{"id":4844,"date":"2018-09-03T17:43:39","date_gmt":"2018-09-03T15:43:39","guid":{"rendered":"https:\/\/www.welovecycling.com\/sk\/?p=4844"},"modified":"2018-09-14T13:47:09","modified_gmt":"2018-09-14T11:47:09","slug":"nehostinne-cyklochodniky","status":"publish","type":"post","link":"https:\/\/www.welovecycling.com\/sk\/2018\/09\/03\/nehostinne-cyklochodniky\/","title":{"rendered":"Nehostinn\u00e9 cyklochodn\u00edky"},"content":{"rendered":"<p><strong>Pohyb na bicykli prin\u00e1\u0161a mno\u017estvo v\u00fdhod ako napr\u00edklad zlep\u0161enie fyzickej vytrvalosti, menej stresu oproti \u010dakaniu v\u00a0aute na cest\u00e1ch, \u010di pri parkovan\u00ed a\u00a0pohybe v\u00a0meste. Av\u0161ak, aj popri nich sa n\u00e1jdu menej pozit\u00edvne str\u00e1nky, ktor\u00fdm sa niekedy, aj pri najlep\u0161ej v\u00f4li, nedok\u00e1\u017eeme vyhn\u00fa\u0165.<\/strong><!--more--><\/p>\n<p>Neoh\u013eadupln\u00ed vodi\u010di \u010di r\u00f4zne v\u00fdkyvy po\u010dasia dok\u00e1\u017eu znepr\u00edjemni\u0165 cestu do pr\u00e1ce. \u010co v\u0161ak, ke\u010f u\u017e ani samotn\u00e1 \u201ecesta\u201c nie je v\u00a0stave splni\u0165 svoj \u00fa\u010del? Po\u010fme sa pozrie\u0165 na mest\u00e1 a\u00a0cesty, ktor\u00e9 dok\u00e1\u017eu odradi\u0165 od jazdy na bicykli.<\/p>\n<h2><strong>\u00datrapy Bratislavsk\u00e9ho cyklistu<\/strong><\/h2>\n<p>Skupina \u013eud\u00ed, ktor\u00fdm je \u013eahostajnos\u0165 vo\u010di bezpr\u00e1viu \u201cp\u00e1chan\u00e9mu\u201d na cyklistoch v hlavnom meste Bratislava cudzia, sa rozhodli upozor\u0148ova\u0165 na\u0148 prostredn\u00edctvom facebookovej str\u00e1nky s n\u00e1zvom <a href=\"https:\/\/www.facebook.com\/UtrapyBratislavskehoCyklistu\/?hc_ref=ARTAiUFvUxfu_XvB56TUDmWlYNeCl4s-QqMCKY8AxsaWKmTfSV4B6jQdcD1oiLURCfA&amp;fref=nf&amp;__tn__=kC-R\" target=\"_blank\" rel=\"noopener\">\u00datrapy Bratislavsk\u00e9ho cyklistu<\/a>. Po\u0148ali ju ako ist\u00fd <strong>druh osvety vo\u010di neprisp\u00f4sobiv\u00e9mu konaniu niektor\u00fdch indiv\u00eddu\u00ed<\/strong>, medzi ktor\u00e9 niekedy bohu\u017eia\u013e patria aj samotn\u00ed policajti (\u010di u\u017e mestsk\u00ed alebo \u0161t\u00e1tni).<\/p>\n<p><a href=\"https:\/\/d2p6e6u75xmxt8.cloudfront.net\/4\/2018\/08\/001.jpg\"><img loading=\"lazy\" decoding=\"async\" class=\"alignnone size-full wp-image-4860\" src=\"https:\/\/d2p6e6u75xmxt8.cloudfront.net\/4\/2018\/08\/001.jpg\" alt=\"\" width=\"1200\" height=\"800\" \/><\/a><\/p>\n<p>Paleta je naozaj pestr\u00e1, okrem be\u017en\u00fdch vodi\u010dov sa na fotografi\u00e1ch ocitaj\u00fa najm\u00e4 doru\u010dovatelia, dod\u00e1vky s\u00fakromn\u00edkov a firiem alebo aj autobusy \u010di tax\u00edky.<\/p>\n<p><a href=\"https:\/\/d2p6e6u75xmxt8.cloudfront.net\/4\/2018\/08\/002.jpg\"><img loading=\"lazy\" decoding=\"async\" class=\"alignnone size-full wp-image-4861\" src=\"https:\/\/d2p6e6u75xmxt8.cloudfront.net\/4\/2018\/08\/002.jpg\" alt=\"\" width=\"1200\" height=\"800\" \/><\/a><\/p>\n<p>\u010castokr\u00e1t ide len o chv\u00ed\u013ekov\u00e9 zast\u00e1vky na \u010das nevyhnutn\u00fd pre vybavenie svojej pr\u00e1ce v lokalit\u00e1ch, v ktor\u00fdch je \u0165a\u017ek\u00e9 zaparkova\u0165 s osobn\u00fdm autom, nie to e\u0161te s dod\u00e1vkou. <strong>Ich konanie v\u0161ak poru\u0161uje predpisy<\/strong>, i ke\u010f poskytuj\u00fa slu\u017eby mo\u017eno pr\u00e1ve fotiacim ob\u010danom. Tak \u010di onak, na cest\u00e1ch a chodn\u00edkoch miest pribudol nov\u00fd probl\u00e9m.<\/p>\n<p><a href=\"https:\/\/d2p6e6u75xmxt8.cloudfront.net\/4\/2018\/08\/003.jpg\"><img loading=\"lazy\" decoding=\"async\" class=\"alignnone size-full wp-image-4862\" src=\"https:\/\/d2p6e6u75xmxt8.cloudfront.net\/4\/2018\/08\/003.jpg\" alt=\"\" width=\"1200\" height=\"800\" \/><\/a><\/p>\n<p>Okrem prid\u00e1vania fotografi\u00ed, ktor\u00fdch obsah sa via\u017ee na poru\u0161ovanie z\u00e1kona zo strany vodi\u010dov, upozor\u0148uj\u00fa aj na <strong>samotn\u00fdch cyklistov, ktor\u00ed nedodr\u017eiavaj\u00fa ustanovenia o jazde na bicykli<\/strong>. Rovnako tak apeluj\u00fa na in\u0161tit\u00facie, v ktor\u00fdch kompetencii je regulovanie a trestanie t\u00fdchto priestupkov, ako aj na samotn\u00e9 firmy a organiz\u00e1cie, ktor\u00fdch vodi\u010di sa dop\u00fa\u0161\u0165aj\u00fa poru\u0161ovania legislat\u00edvy.<\/p>\n<p>&nbsp;<\/p>\n<p>Zl\u00e1 situ\u00e1cia v\u0161ak nie je iba na bratislavsk\u00fdch cyklochodn\u00edkoch&#8230; Po\u010fme sa pozrie\u0165 aj do sveta.<\/p>\n<h2><strong>Problematick\u00e9 chodn\u00edky<\/strong><\/h2>\n<p>Trend vytv\u00e1rania nov\u00fdch cyklochodn\u00edkov v\u00a0mest\u00e1ch, ktor\u00e9 maj\u00fa prinies\u0165 skvalitnenie cestovania na bicykli, odbremeni\u0165 cesty pre aut\u00e1, a\u00a0t\u00fdm pred\u00eds\u0165 konfliktom a\u00a0nehod\u00e1m, \u010dasto aj s\u00a0tragick\u00fdmi n\u00e1sledkami, znie ako v\u00fdborn\u00fd n\u00e1pad.<\/p>\n<p><a href=\"https:\/\/d2p6e6u75xmxt8.cloudfront.net\/4\/2018\/08\/01-4.jpg\"><img loading=\"lazy\" decoding=\"async\" class=\"alignnone size-full wp-image-4847\" src=\"https:\/\/d2p6e6u75xmxt8.cloudfront.net\/4\/2018\/08\/01-4.jpg\" alt=\"\" width=\"1200\" height=\"800\" \/><\/a><\/p>\n<p><strong>\u010co v\u0161ak, ke\u010f sa do toho pustia \u013eudia, ktor\u00fdch to, po:<\/strong><\/p>\n<p>a) bu\u010f nezauj\u00edma, len to potrebuj\u00fa vykona\u0165 ako s\u00fa\u010das\u0165 pr\u00e1ce, za ktor\u00fa s\u00fa platen\u00ed,<br \/>\nb) nevedia ako na to, ke\u010f\u017ee asi v\u00a0\u017eivote nesedeli na bicykli?<\/p>\n<div class=\"shortcode-ys-post-pinup\"><article class=\"loop-simple post-2561 post type-post status-publish format-standard has-post-thumbnail hentry category-bezpecnost category-cestna-cyklisitika category-mtb category-urban-cyklistika tag-chodniky tag-cyklotrasy\" data-postid=\"2561\" role=\"article\" data-post-id=\"2561\" data-word-count=\"305\" data-headline-length=\"39\" data-category=\"Bezpe\u010dnos\u0165\" data-author=\"Adam Mar\u0161al\" data-published=\"2018-04-22T16:56:39+02:00\" data-published-day=\"Sunday\">\n    <div class=\"entry-thumbnail article-thumbnail\" content=\"https:\/\/d2p6e6u75xmxt8.cloudfront.net\/4\/2017\/11\/5878757-150x150.webp\"><a href=\"https:\/\/www.welovecycling.com\/sk\/2018\/04\/22\/nechat-cyklistov-jazdit-po-chodniku\/\" class=\"image-holder\" target=\"_self\"><img decoding=\"async\" loading=\"lazy\" class=\"\" src=\"https:\/\/d2p6e6u75xmxt8.cloudfront.net\/4\/2017\/11\/5878757-1024x447.webp\" srcset=\"https:\/\/d2p6e6u75xmxt8.cloudfront.net\/4\/2017\/11\/5878757.webp 1375w, https:\/\/d2p6e6u75xmxt8.cloudfront.net\/4\/2017\/11\/5878757-300x131.webp 300w, https:\/\/d2p6e6u75xmxt8.cloudfront.net\/4\/2017\/11\/5878757-1024x447.webp 1024w, https:\/\/d2p6e6u75xmxt8.cloudfront.net\/4\/2017\/11\/5878757-768x335.webp 768w\" width=\"1024\" height=\"447\" sizes=\"auto, (min-width: 1200px) 458px, (min-width: 768px) 38vw, 100vw\" alt=\"nechat-cyklistov-jazdit-po-chodniku\"\/><\/a><\/div>    <div class=\"entry-meta\">\n        <a class=\"label label-secondary post-category\" href=\"https:\/\/www.welovecycling.com\/sk\/category\/bezpecnost\/\" title=\"Bezpe\u010dnos\u0165\">Bezpe\u010dnos\u0165<\/a>\n    <\/div>\n    <div class=\"entry-details\">\n        <a href=\"https:\/\/www.welovecycling.com\/sk\/2018\/04\/22\/nechat-cyklistov-jazdit-po-chodniku\/\" class='entry-title-wrapper'>\n            <h3 class=\"entry-title\"><span>Necha\u0165 cyklistov jazdi\u0165 po chodn\u00edku?<\/span><\/h3>\n        <\/a>\n    <\/div>\n    <\/article>\n<\/div>\n<p>\u010casto sa stret\u00e1vame s\u00a0pr\u00edpadmi, ke\u010f in\u017einieri z\u00a0magistr\u00e1tu navrhn\u00fa cyklochodn\u00edk v\u00a0\u0161t\u00fdle <em>\u201enama\u013eova\u0165 \u010diary a\u00a0hotovo\u201c<\/em>, bez oh\u013eadu na to, \u010do sa na danej ceste nach\u00e1dza. D\u00f4kazom je aj tak\u00fdto v\u00fdtvor.<\/p>\n<p><a href=\"https:\/\/d2p6e6u75xmxt8.cloudfront.net\/4\/2018\/08\/02-6.jpg\"><img loading=\"lazy\" decoding=\"async\" class=\"alignnone size-full wp-image-4848\" src=\"https:\/\/d2p6e6u75xmxt8.cloudfront.net\/4\/2018\/08\/02-6.jpg\" alt=\"\" width=\"1200\" height=\"800\" \/><\/a><\/p>\n<p>Ak sa pracovn\u00edkom predsa len podar\u00ed vhodne umiestni\u0165 a\u00a0vyzna\u010di\u0165 cyklochodn\u00edk, <strong>vyskytn\u00fa sa v\u00a0praxi premenn\u00e9, s\u00a0ktor\u00fdmi sa u\u017e asi ner\u00e1talo<\/strong>. T\u00fdm, \u017ee s\u00fa cyklochodn\u00edky v\u00a0bl\u00edzkosti ciest pre aut\u00e1, doty\u010dn\u00ed vodi\u010di maj\u00fa pocit, \u017ee boli vytvoren\u00e9 pre ich potrebu zastavi\u0165, respekt\u00edve zaparkova\u0165.<\/p>\n<p><a href=\"https:\/\/d2p6e6u75xmxt8.cloudfront.net\/4\/2018\/08\/03-6.jpg\"><img loading=\"lazy\" decoding=\"async\" class=\"alignnone size-full wp-image-4849\" src=\"https:\/\/d2p6e6u75xmxt8.cloudfront.net\/4\/2018\/08\/03-6.jpg\" alt=\"\" width=\"1200\" height=\"800\" \/><\/a><\/p>\n<p>Jazda v\u00a0priamom smere pov\u00e4\u010d\u0161ine nepredstavuje zlo\u017eit\u00fd \u00fakon. \u010co v\u0161ak, ak je potrebn\u00e9 odbo\u010di\u0165 na najbli\u017e\u0161ej kri\u017eovatke? Samozrejme, ani to nie je probl\u00e9mom do doby, ke\u010f v\u00e1s cyklochodn\u00edk nenavedie na trasu, s\u00a0ktorou by mal \u010do-to robi\u0165 aj Danny MacAskill (trialov\u00fd jazdec).<\/p>\n<p><a href=\"https:\/\/d2p6e6u75xmxt8.cloudfront.net\/4\/2018\/08\/04-7.jpg\"><img loading=\"lazy\" decoding=\"async\" class=\"alignnone size-full wp-image-4850\" src=\"https:\/\/d2p6e6u75xmxt8.cloudfront.net\/4\/2018\/08\/04-7.jpg\" alt=\"\" width=\"1200\" height=\"800\" \/><\/a><\/p>\n<p>Vrcholom je asi u\u017e len to, ke\u010f sa <strong>samotn\u00fd \u201ez\u00e1kon\u201c alebo sk\u00f4r len jeho predstavitelia, postavia mimo neho<\/strong>. Paradoxn\u00e1 situ\u00e1cia vtl\u00e1\u010da do o\u010d\u00ed slzy, \u010di v\u0161ak ide o\u00a0slzy \u0161\u0165astia alebo sm\u00fatku, nech\u00e1me na ka\u017ed\u00e9ho vlastn\u00e9 pos\u00fadenie.<\/p>\n<p><a href=\"https:\/\/d2p6e6u75xmxt8.cloudfront.net\/4\/2018\/08\/05.jpeg\"><img loading=\"lazy\" decoding=\"async\" class=\"alignnone size-full wp-image-4851\" src=\"https:\/\/d2p6e6u75xmxt8.cloudfront.net\/4\/2018\/08\/05.jpeg\" alt=\"\" width=\"1200\" height=\"800\" \/><\/a><\/p>\n<p>Nebudeme sa teda \u010dudova\u0165, ak niekto po tom, ako dostal pokutu za nejazdenie v\u00a0tak\u00fdchto pruhoch, n\u00e1zorne predvedie, ako by to vyzeralo dr\u017ea\u0165 sa z\u00e1kona a\u00a0predsa len po nich jazdi\u0165 (aj za cenu vlastn\u00e9ho \u017eivota).<\/p>\n<lite-youtube videoid=bzE-IMaegzQ params=\"enablejsapi=1\" style=\"background-image: url('https:\/\/i.ytimg.com\/vi_webp\/bzE-IMaegzQ\/maxresdefault.webp');\"><\/lite-youtube>\n<p>V\u00a0neposlednom rade, sme to aj my sami, ktor\u00ed sa \u010dastokr\u00e1t nedok\u00e1\u017eeme zmesti\u0165 na jeden chodn\u00edk. <strong>Neoh\u013eaduplnos\u0165 a\u00a0zbyto\u010dn\u00e1 agresivita \u010di\u00a0laxnos\u0165<\/strong>, s\u00fa t\u00fdmi spr\u00e1vnymi ingredienciami k\u00a0vytvoreniu neharmonickej komunity cyklistov. Upracme si teda aj pred vlastn\u00fdmi dverami a\u00a0neh\u013eadajme vinn\u00edkov len medzi vodi\u010dmi.<\/p>\n<div class=\"shortcode-ys-post-pinup\"><article class=\"loop-simple post-4097 post type-post status-publish format-standard has-post-thumbnail hentry category-bezpecnost category-odporucame category-urban-cyklistika category-zdravie-trening tag-do-prace-na-bicykli\" data-postid=\"4097\" role=\"article\" data-post-id=\"4097\" data-word-count=\"398\" data-headline-length=\"59\" data-category=\"Urban cyklistika\" data-author=\"Christopher Ashley\" data-published=\"2018-07-14T17:41:01+02:00\" data-published-day=\"Saturday\">\n    <div class=\"entry-thumbnail article-thumbnail\" content=\"https:\/\/d2p6e6u75xmxt8.cloudfront.net\/4\/2018\/07\/954784874_748848778-150x150.webp\"><a href=\"https:\/\/www.welovecycling.com\/sk\/2018\/07\/14\/do-prace-na-bicykli-pozrite-si-tychto-5-tipov-ako-na-to\/\" class=\"image-holder\" target=\"_self\"><img decoding=\"async\" loading=\"lazy\" class=\"\" src=\"https:\/\/d2p6e6u75xmxt8.cloudfront.net\/4\/2018\/07\/954784874_748848778-1024x447.webp\" srcset=\"https:\/\/d2p6e6u75xmxt8.cloudfront.net\/4\/2018\/07\/954784874_748848778.webp 1375w, https:\/\/d2p6e6u75xmxt8.cloudfront.net\/4\/2018\/07\/954784874_748848778-300x131.webp 300w, https:\/\/d2p6e6u75xmxt8.cloudfront.net\/4\/2018\/07\/954784874_748848778-1024x447.webp 1024w, https:\/\/d2p6e6u75xmxt8.cloudfront.net\/4\/2018\/07\/954784874_748848778-768x335.webp 768w\" width=\"1024\" height=\"447\" sizes=\"auto, (min-width: 1200px) 458px, (min-width: 768px) 38vw, 100vw\" alt=\"do-prace-na-bicykli-pozrite-si-tychto-5-tipov-ako-na-to\"\/><\/a><\/div>    <div class=\"entry-meta\">\n        <a class=\"label label-secondary post-category\" href=\"https:\/\/www.welovecycling.com\/sk\/category\/urban-cyklistika\/\" title=\"Urban cyklistika\">Urban cyklistika<\/a>\n    <\/div>\n    <div class=\"entry-details\">\n        <a href=\"https:\/\/www.welovecycling.com\/sk\/2018\/07\/14\/do-prace-na-bicykli-pozrite-si-tychto-5-tipov-ako-na-to\/\" class='entry-title-wrapper'>\n            <h3 class=\"entry-title\"><span>Do pr\u00e1ce na bicykli? Pozrite si t\u00fdchto 5 tipov, ako na to<\/span><\/h3>\n        <\/a>\n    <\/div>\n    <\/article>\n<\/div>\n<p>Tak \u010di onak, pohyb v\u00a0meste nie je \u013eahk\u00fd, nie to e\u0161te s\u00a0prib\u00fadaj\u00facim mno\u017estvom osobn\u00fdch a\u00a0n\u00e1kladn\u00fdch \u00e1ut. Preto aj tak\u00e9to mal\u00e9 kr\u00f4\u010diky, i\u00a0ke\u010f niekedy s\u00a0nie najpodarenej\u0161\u00edmi koncami, s\u00fa svetl\u00fdmi bodmi pre bud\u00facnos\u0165 cyklistiky v\u00a0meste. Sna\u017eme sa by\u0165 najm\u00e4 oh\u013eadupln\u00ed a\u00a0re\u0161pektova\u0165 jeden druh\u00e9ho, aj ke\u010f niekedy niekto \u010diasto\u010dne prest\u00fapi z\u00e1kon. A, samozrejme, nezabudnite na prilbu a\u00a0dobr\u00fa n\u00e1ladu!<\/p>\n<p>(zdroj fotiek: tokyobybike.com, fastcompany.com, mpora.com, momentummag.com, Twitter\/CopsInBikeLanes)<\/p>\n","protected":false},"excerpt":{"rendered":"<p>Pohyb na bicykli prin\u00e1\u0161a mno\u017estvo v\u00fdhod ako napr\u00edklad zlep\u0161enie fyzickej vytrvalosti, menej stresu oproti \u010dakaniu v\u00a0aute na cest\u00e1ch, \u010di pri [&hellip;]<\/p>\n","protected":false},"author":38,"featured_media":4846,"comment_status":"open","ping_status":"open","sticky":false,"template":"","format":"standard","meta":{"footnotes":""},"categories":[57,4,604],"tags":[62,275,115,447,546,587,385,525],"global-categories":[],"class_list":["post-4844","post","type-post","status-publish","format-standard","has-post-thumbnail","hentry","category-bezpecnost","category-cestna-cyklisitika","category-urban-cyklistika","tag-bezpecnost","tag-cesta","tag-cestna-cyklistika","tag-chodniky","tag-cyklistika","tag-cyklochodnik","tag-do-prace-na-bicykli","tag-mesto"],"yoast_head":"<!-- This site is optimized with the Yoast SEO Premium plugin v25.3 (Yoast SEO v25.9) - https:\/\/yoast.com\/wordpress\/plugins\/seo\/ -->\n<title>Nehostinn\u00e9 cyklochodn\u00edky - \u0160koda We Love Cycling Slovensko<\/title>\n<meta name=\"robots\" content=\"index, follow, max-snippet:-1, max-image-preview:large, max-video-preview:-1\" \/>\n<link rel=\"canonical\" href=\"https:\/\/www.welovecycling.com\/sk\/2018\/09\/03\/nehostinne-cyklochodniky\/\" \/>\n<meta property=\"og:locale\" content=\"sk_SK\" \/>\n<meta property=\"og:type\" content=\"article\" \/>\n<meta property=\"og:title\" content=\"Nehostinn\u00e9 cyklochodn\u00edky\" \/>\n<meta property=\"og:description\" content=\"Pohyb na bicykli prin\u00e1\u0161a mno\u017estvo v\u00fdhod ako napr\u00edklad zlep\u0161enie fyzickej vytrvalosti, menej stresu oproti \u010dakaniu v\u00a0aute na cest\u00e1ch, \u010di pri [&hellip;]\" \/>\n<meta property=\"og:url\" content=\"https:\/\/www.welovecycling.com\/sk\/2018\/09\/03\/nehostinne-cyklochodniky\/\" \/>\n<meta property=\"og:site_name\" content=\"\u0160koda We Love Cycling Slovensko\" \/>\n<meta property=\"article:published_time\" content=\"2018-09-03T15:43:39+00:00\" \/>\n<meta property=\"article:modified_time\" content=\"2018-09-14T11:47:09+00:00\" \/>\n<meta property=\"og:image\" content=\"https:\/\/d2p6e6u75xmxt8.cloudfront.net\/4\/2018\/08\/00-3.webp\" \/>\n\t<meta property=\"og:image:width\" content=\"1380\" \/>\n\t<meta property=\"og:image:height\" content=\"600\" \/>\n\t<meta property=\"og:image:type\" content=\"image\/webp\" \/>\n<meta name=\"author\" content=\"Ondrej Ga\u0161par\" \/>\n<meta name=\"twitter:card\" content=\"summary_large_image\" \/>\n<meta name=\"twitter:label1\" content=\"Written by\" \/>\n\t<meta name=\"twitter:data1\" content=\"Christopher Ashley\" \/>\n\t<meta name=\"twitter:label2\" content=\"Est. reading time\" \/>\n\t<meta name=\"twitter:data2\" content=\"3\" \/>\n<script type=\"application\/ld+json\" class=\"yoast-schema-graph\">{\"@context\":\"https:\/\/schema.org\",\"@graph\":[{\"@type\":\"WebPage\",\"@id\":\"https:\/\/www.welovecycling.com\/sk\/2018\/09\/03\/nehostinne-cyklochodniky\/\",\"url\":\"https:\/\/www.welovecycling.com\/sk\/2018\/09\/03\/nehostinne-cyklochodniky\/\",\"name\":\"Nehostinn\u00e9 cyklochodn\u00edky - \u0160koda We Love Cycling Slovensko\",\"isPartOf\":{\"@id\":\"https:\/\/www.welovecycling.com\/sk\/#website\"},\"primaryImageOfPage\":{\"@id\":\"https:\/\/www.welovecycling.com\/sk\/2018\/09\/03\/nehostinne-cyklochodniky\/#primaryimage\"},\"image\":{\"@id\":\"https:\/\/www.welovecycling.com\/sk\/2018\/09\/03\/nehostinne-cyklochodniky\/#primaryimage\"},\"thumbnailUrl\":\"https:\/\/d2p6e6u75xmxt8.cloudfront.net\/4\/2018\/08\/00-3.webp\",\"datePublished\":\"2018-09-03T15:43:39+00:00\",\"dateModified\":\"2018-09-14T11:47:09+00:00\",\"author\":{\"@id\":\"https:\/\/www.welovecycling.com\/sk\/#\/schema\/person\/8ee09ba39b7e25b1870160aa5b3a89bc\"},\"breadcrumb\":{\"@id\":\"https:\/\/www.welovecycling.com\/sk\/2018\/09\/03\/nehostinne-cyklochodniky\/#breadcrumb\"},\"inLanguage\":\"sk-SK\",\"potentialAction\":[{\"@type\":\"ReadAction\",\"target\":[\"https:\/\/www.welovecycling.com\/sk\/2018\/09\/03\/nehostinne-cyklochodniky\/\"]}]},{\"@type\":\"ImageObject\",\"inLanguage\":\"sk-SK\",\"@id\":\"https:\/\/www.welovecycling.com\/sk\/2018\/09\/03\/nehostinne-cyklochodniky\/#primaryimage\",\"url\":\"https:\/\/d2p6e6u75xmxt8.cloudfront.net\/4\/2018\/08\/00-3.webp\",\"contentUrl\":\"https:\/\/d2p6e6u75xmxt8.cloudfront.net\/4\/2018\/08\/00-3.webp\",\"width\":1380,\"height\":600},{\"@type\":\"BreadcrumbList\",\"@id\":\"https:\/\/www.welovecycling.com\/sk\/2018\/09\/03\/nehostinne-cyklochodniky\/#breadcrumb\",\"itemListElement\":[{\"@type\":\"ListItem\",\"position\":1,\"name\":\"Home\",\"item\":\"https:\/\/www.welovecycling.com\/sk\/\"},{\"@type\":\"ListItem\",\"position\":2,\"name\":\"Nehostinn\u00e9 cyklochodn\u00edky\"}]},{\"@type\":\"WebSite\",\"@id\":\"https:\/\/www.welovecycling.com\/sk\/#website\",\"url\":\"https:\/\/www.welovecycling.com\/sk\/\",\"name\":\"\u0160koda We Love Cycling Slovensko\",\"description\":\"\u0160koda We Love Cycling Slovensko je v\u00e1\u0161 ka\u017edodenn\u00fd zdroj noviniek a in\u0161pir\u00e1cie z sveta cyklistiky\",\"potentialAction\":[{\"@type\":\"SearchAction\",\"target\":{\"@type\":\"EntryPoint\",\"urlTemplate\":\"https:\/\/www.welovecycling.com\/sk\/?s={search_term_string}\"},\"query-input\":{\"@type\":\"PropertyValueSpecification\",\"valueRequired\":true,\"valueName\":\"search_term_string\"}}],\"inLanguage\":\"sk-SK\"},{\"@type\":\"Person\",\"@id\":\"https:\/\/www.welovecycling.com\/sk\/#\/schema\/person\/8ee09ba39b7e25b1870160aa5b3a89bc\",\"name\":\"Ondrej Ga\u0161par\",\"image\":{\"@type\":\"ImageObject\",\"inLanguage\":\"sk-SK\",\"@id\":\"https:\/\/www.welovecycling.com\/sk\/#\/schema\/person\/image\/\",\"url\":\"https:\/\/secure.gravatar.com\/avatar\/6126c9afb87b70da5abbb083ddbb21933da15f18f8ca7cb822aba0fb096a48f6?s=96&d=mm&r=g\",\"contentUrl\":\"https:\/\/secure.gravatar.com\/avatar\/6126c9afb87b70da5abbb083ddbb21933da15f18f8ca7cb822aba0fb096a48f6?s=96&d=mm&r=g\",\"caption\":\"Ondrej Ga\u0161par\"},\"url\":\"https:\/\/www.welovecycling.com\/sk\/author\/ondrejgaspar\/\"}]}<\/script>\n<!-- \/ Yoast SEO Premium plugin. -->","yoast_head_json":{"title":"Nehostinn\u00e9 cyklochodn\u00edky - \u0160koda We Love Cycling Slovensko","robots":{"index":"index","follow":"follow","max-snippet":"max-snippet:-1","max-image-preview":"max-image-preview:large","max-video-preview":"max-video-preview:-1"},"canonical":"https:\/\/www.welovecycling.com\/sk\/2018\/09\/03\/nehostinne-cyklochodniky\/","og_locale":"sk_SK","og_type":"article","og_title":"Nehostinn\u00e9 cyklochodn\u00edky","og_description":"Pohyb na bicykli prin\u00e1\u0161a mno\u017estvo v\u00fdhod ako napr\u00edklad zlep\u0161enie fyzickej vytrvalosti, menej stresu oproti \u010dakaniu v\u00a0aute na cest\u00e1ch, \u010di pri [&hellip;]","og_url":"https:\/\/www.welovecycling.com\/sk\/2018\/09\/03\/nehostinne-cyklochodniky\/","og_site_name":"\u0160koda We Love Cycling Slovensko","article_published_time":"2018-09-03T15:43:39+00:00","article_modified_time":"2018-09-14T11:47:09+00:00","og_image":[{"width":1380,"height":600,"url":"https:\/\/d2p6e6u75xmxt8.cloudfront.net\/4\/2018\/08\/00-3.webp","type":"image\/webp"}],"author":"Ondrej Ga\u0161par","twitter_card":"summary_large_image","twitter_misc":{"Written by":"Christopher Ashley","Est. reading time":"3"},"schema":{"@context":"https:\/\/schema.org","@graph":[{"@type":"WebPage","@id":"https:\/\/www.welovecycling.com\/sk\/2018\/09\/03\/nehostinne-cyklochodniky\/","url":"https:\/\/www.welovecycling.com\/sk\/2018\/09\/03\/nehostinne-cyklochodniky\/","name":"Nehostinn\u00e9 cyklochodn\u00edky - \u0160koda We Love Cycling Slovensko","isPartOf":{"@id":"https:\/\/www.welovecycling.com\/sk\/#website"},"primaryImageOfPage":{"@id":"https:\/\/www.welovecycling.com\/sk\/2018\/09\/03\/nehostinne-cyklochodniky\/#primaryimage"},"image":{"@id":"https:\/\/www.welovecycling.com\/sk\/2018\/09\/03\/nehostinne-cyklochodniky\/#primaryimage"},"thumbnailUrl":"https:\/\/d2p6e6u75xmxt8.cloudfront.net\/4\/2018\/08\/00-3.webp","datePublished":"2018-09-03T15:43:39+00:00","dateModified":"2018-09-14T11:47:09+00:00","author":{"@id":"https:\/\/www.welovecycling.com\/sk\/#\/schema\/person\/8ee09ba39b7e25b1870160aa5b3a89bc"},"breadcrumb":{"@id":"https:\/\/www.welovecycling.com\/sk\/2018\/09\/03\/nehostinne-cyklochodniky\/#breadcrumb"},"inLanguage":"sk-SK","potentialAction":[{"@type":"ReadAction","target":["https:\/\/www.welovecycling.com\/sk\/2018\/09\/03\/nehostinne-cyklochodniky\/"]}]},{"@type":"ImageObject","inLanguage":"sk-SK","@id":"https:\/\/www.welovecycling.com\/sk\/2018\/09\/03\/nehostinne-cyklochodniky\/#primaryimage","url":"https:\/\/d2p6e6u75xmxt8.cloudfront.net\/4\/2018\/08\/00-3.webp","contentUrl":"https:\/\/d2p6e6u75xmxt8.cloudfront.net\/4\/2018\/08\/00-3.webp","width":1380,"height":600},{"@type":"BreadcrumbList","@id":"https:\/\/www.welovecycling.com\/sk\/2018\/09\/03\/nehostinne-cyklochodniky\/#breadcrumb","itemListElement":[{"@type":"ListItem","position":1,"name":"Home","item":"https:\/\/www.welovecycling.com\/sk\/"},{"@type":"ListItem","position":2,"name":"Nehostinn\u00e9 cyklochodn\u00edky"}]},{"@type":"WebSite","@id":"https:\/\/www.welovecycling.com\/sk\/#website","url":"https:\/\/www.welovecycling.com\/sk\/","name":"\u0160koda We Love Cycling Slovensko","description":"\u0160koda We Love Cycling Slovensko je v\u00e1\u0161 ka\u017edodenn\u00fd zdroj noviniek a in\u0161pir\u00e1cie z sveta cyklistiky","potentialAction":[{"@type":"SearchAction","target":{"@type":"EntryPoint","urlTemplate":"https:\/\/www.welovecycling.com\/sk\/?s={search_term_string}"},"query-input":{"@type":"PropertyValueSpecification","valueRequired":true,"valueName":"search_term_string"}}],"inLanguage":"sk-SK"},{"@type":"Person","@id":"https:\/\/www.welovecycling.com\/sk\/#\/schema\/person\/8ee09ba39b7e25b1870160aa5b3a89bc","name":"Ondrej Ga\u0161par","image":{"@type":"ImageObject","inLanguage":"sk-SK","@id":"https:\/\/www.welovecycling.com\/sk\/#\/schema\/person\/image\/","url":"https:\/\/secure.gravatar.com\/avatar\/6126c9afb87b70da5abbb083ddbb21933da15f18f8ca7cb822aba0fb096a48f6?s=96&d=mm&r=g","contentUrl":"https:\/\/secure.gravatar.com\/avatar\/6126c9afb87b70da5abbb083ddbb21933da15f18f8ca7cb822aba0fb096a48f6?s=96&d=mm&r=g","caption":"Ondrej Ga\u0161par"},"url":"https:\/\/www.welovecycling.com\/sk\/author\/ondrejgaspar\/"}]}},"_links":{"self":[{"href":"https:\/\/www.welovecycling.com\/sk\/wp-json\/wp\/v2\/posts\/4844","targetHints":{"allow":["GET"]}}],"collection":[{"href":"https:\/\/www.welovecycling.com\/sk\/wp-json\/wp\/v2\/posts"}],"about":[{"href":"https:\/\/www.welovecycling.com\/sk\/wp-json\/wp\/v2\/types\/post"}],"author":[{"embeddable":true,"href":"https:\/\/www.welovecycling.com\/sk\/wp-json\/wp\/v2\/users\/38"}],"replies":[{"embeddable":true,"href":"https:\/\/www.welovecycling.com\/sk\/wp-json\/wp\/v2\/comments?post=4844"}],"version-history":[{"count":2,"href":"https:\/\/www.welovecycling.com\/sk\/wp-json\/wp\/v2\/posts\/4844\/revisions"}],"predecessor-version":[{"id":4917,"href":"https:\/\/www.welovecycling.com\/sk\/wp-json\/wp\/v2\/posts\/4844\/revisions\/4917"}],"wp:featuredmedia":[{"embeddable":true,"href":"https:\/\/www.welovecycling.com\/sk\/wp-json\/wp\/v2\/media\/4846"}],"wp:attachment":[{"href":"https:\/\/www.welovecycling.com\/sk\/wp-json\/wp\/v2\/media?parent=4844"}],"wp:term":[{"taxonomy":"category","embeddable":true,"href":"https:\/\/www.welovecycling.com\/sk\/wp-json\/wp\/v2\/categories?post=4844"},{"taxonomy":"post_tag","embeddable":true,"href":"https:\/\/www.welovecycling.com\/sk\/wp-json\/wp\/v2\/tags?post=4844"},{"taxonomy":"global-categories","embeddable":true,"href":"https:\/\/www.welovecycling.com\/sk\/wp-json\/wp\/v2\/global-categories?post=4844"}],"curies":[{"name":"wp","href":"https:\/\/api.w.org\/{rel}","templated":true}]}}