{"id":4830,"date":"2018-08-28T15:35:32","date_gmt":"2018-08-28T13:35:32","guid":{"rendered":"https:\/\/www.welovecycling.com\/sk\/?p=4830"},"modified":"2018-08-28T15:35:32","modified_gmt":"2018-08-28T13:35:32","slug":"su-skutocne-najblaznivejsie-cyklisticke-rekordy-v-aplikacii-strava","status":"publish","type":"post","link":"https:\/\/www.welovecycling.com\/sk\/2018\/08\/28\/su-skutocne-najblaznivejsie-cyklisticke-rekordy-v-aplikacii-strava\/","title":{"rendered":"S\u00fa skuto\u010dn\u00e9? Najbl\u00e1znivej\u0161ie cyklistick\u00e9 rekordy v aplik\u00e1cii STRAVA"},"content":{"rendered":"<p><strong>Aplik\u00e1cia na sledovanie na\u0161ich \u0161portov\u00fdch v\u00fdkonov STRAVA, si z\u00edskava st\u00e1le v\u00e4\u010d\u0161iu popularitu a de\u0148 \u010do de\u0148 aj viac pou\u017e\u00edvate\u013eov \u2013 niet divu, ve\u010f je l\u00e1kav\u00e9 s\u00fa\u0165a\u017ei\u0165 s desiatkami tis\u00edcov \u0161portovcov cel\u00e9ho sveta v re\u00e1lnom \u010dase a niekedy ich dokonca porazi\u0165. Aspo\u0148 na chv\u00ed\u013eu. To je najz\u00e1bavnej\u0161\u00ed aspekt tejto v\u00fdkonnostnej datab\u00e1zy &#8211; zhroma\u017e\u010fova\u0165 virtu\u00e1lne tituly ako King\/Queen of the Mountain a \u010fal\u0161ie \u00faspechy a m\u00f4c\u0165 sa porovn\u00e1va\u0165 so spriatelen\u00fdmi cyklistami.<\/strong><!--more--><\/p>\n<p>\u0160v\u00e9dsky v\u00fdraz <strong>STRAVA<\/strong> znamen\u00e1 <strong>\u201esna\u017ei\u0165 sa\u201c<\/strong>. Sledova\u0165 v\u00fdkony ostatn\u00fdch cyklistov je siln\u00fdm motiva\u010dn\u00fdm n\u00e1strojom, ktor\u00fd v\u00e1s postav\u00ed z gau\u010da, aj ke\u010f sa v\u00e1m v\u00f4bec nechce. Aby sme v\u00e1s &#8222;nakopli&#8220; e\u0161te viac, prin\u00e1\u0161ame v\u00e1m zoznam \u0161ialencov, ktor\u00ed sa pok\u00fasili a \u00faspe\u0161ne dokon\u010dili niektor\u00e9 z \u00fa\u017easn\u00fdch v\u00fdkonov.<\/p>\n<h2><strong>Mark Beaumont (najr\u00fdchlej\u0161ia cesta okolo sveta na bicykli)<\/strong><\/h2>\n<p><a href=\"https:\/\/d2p6e6u75xmxt8.cloudfront.net\/4\/2018\/08\/Mark-Beaumont-strava-route.jpg\"><img loading=\"lazy\" decoding=\"async\" class=\"alignnone size-full wp-image-4831\" src=\"https:\/\/d2p6e6u75xmxt8.cloudfront.net\/4\/2018\/08\/Mark-Beaumont-strava-route.jpg\" alt=\"\" width=\"1500\" height=\"1099\" \/><\/a><\/p>\n<p>\u0160k\u00f3tsky dia\u013ekov\u00fd cyklista a dobrodruh Mark Beaumont, dok\u00e1zal uskuto\u010dni\u0165 sl\u00e1vnu <strong>cestu okolo sveta za 78 dn\u00ed, 14 hod\u00edn a 40 min\u00fat<\/strong>, \u010d\u00edm prekonal predch\u00e1dzaj\u00faci rekord o 45 dn\u00ed a tie\u017e neform\u00e1lne cestou nastavil nov\u00fd svetov\u00fd rekord na najdlh\u0161ie prejden\u00fa vzdialenos\u0165 na bicykli za jeden mesiac. Beaumont najazdil priemerne 240 m\u00ed\u013e, \u010do je <strong>386 kilometrov<\/strong> a str\u00e1vil v sedle pribli\u017ene \u0161estn\u00e1s\u0165 hod\u00edn denne \u2013 sp\u00e1val len p\u00e4\u0165 hod\u00edn. Svoj ve\u013ek\u00fd \u00faspech ukon\u010dil 18. septembra pr\u00edchodom do The Arc de Triomphe de l\u2019\u00c9toile v Par\u00ed\u017ei a vst\u00fapil tak do Guinnessovej knihy rekordov.<\/p>\n<p>STRAVA <a href=\"https:\/\/www.strava.com\/athletes\/8288853\">profil<\/a><\/p>\n<h2><strong>Amanda Coker (najv\u00e4\u010d\u0161ia vzdialenos\u0165 prejden\u00e1 na bicykli za rok)<\/strong><\/h2>\n<p><a href=\"https:\/\/d2p6e6u75xmxt8.cloudfront.net\/4\/2018\/08\/amanda-coker-feature.jpg\"><img loading=\"lazy\" decoding=\"async\" class=\"alignnone size-full wp-image-4832\" src=\"https:\/\/d2p6e6u75xmxt8.cloudfront.net\/4\/2018\/08\/amanda-coker-feature.jpg\" alt=\"\" width=\"1000\" height=\"636\" \/><\/a><\/p>\n<p>T\u00e1to \u0161portovky\u0148a m\u00e1 neuverite\u013en\u00fa v\u00fddr\u017e. Len 24-ro\u010dn\u00e1 Amanda jazdila na bicykli po\u010das cel\u00e9ho roka bez toho, aby vynechala \u010do len jedin\u00fd de\u0148, dosahuj\u00fac <strong>priemerne 236,8 m\u00ed\u013e (381 km) denne<\/strong>. Stanovila si svoj osobn\u00fd rekord, aby sa zotavila z poranenia mozgu &#8211; prejs\u0165 <strong>za 386 dn\u00ed 86 000 m\u00ed\u013e (138 403 km)<\/strong> &#8211; a a\u017e nesk\u00f4r si uvedomila, \u017ee to dok\u00e1zala. Jej najdlh\u0161ia vzdialenos\u0165 po\u010das jedn\u00e9ho d\u0148a bola 302 m\u00ed\u013e (486 km) a najkrat\u0161ia 55 m\u00ed\u013e (88,5 km), ke\u010f prech\u00e1dzala na bicykli cez hurik\u00e1n Hermina. Jej tvrdohlavos\u0165 sa vyplatila \u2013 tie\u017e bola uveden\u00e1 do siene sl\u00e1vy Guinnessovej knihy rekordov.<\/p>\n<p>STRAVA <a href=\"https:\/\/www.strava.com\/athletes\/10033054\">profil<\/a><\/p>\n<h2><strong>Torey Philipp (1 mili\u00f3n v\u00fd\u0161kov\u00fdch st\u00f4p za rok)<\/strong><\/h2>\n<p><a href=\"https:\/\/d2p6e6u75xmxt8.cloudfront.net\/4\/2018\/08\/20170125_PK_TOREY_0272.jpg\"><img loading=\"lazy\" decoding=\"async\" class=\"alignnone size-full wp-image-4833\" src=\"https:\/\/d2p6e6u75xmxt8.cloudfront.net\/4\/2018\/08\/20170125_PK_TOREY_0272.jpg\" alt=\"\" width=\"1140\" height=\"712\" \/><\/a><\/p>\n<p>Nielen\u017ee sa Torey podob\u00e1 na Petra Sagana, ale zd\u00e1 sa, \u017ee m\u00e1 aj podobn\u00fa charizmu a zanietenie. V\u00e4\u010d\u0161inou tr\u00e9nuje na okolit\u00fdch kopcov svojho rodn\u00e9ho mesta El Dorado v severnej Kalifornii a iba dva t\u00fd\u017edne pred koncom roka 2016 si uvedomil, \u017ee je len p\u00e1r m\u00ed\u013e od toho, aby dosiahol na v\u00fd\u0161kov\u00fd <strong>rekord &#8211; 1 mili\u00f3n st\u00f4p (304,8 km)<\/strong>. Preto so svoj\u00edm tr\u00e9nerom upravil svoj jazdn\u00fd pl\u00e1n a napriek mal\u00fdm nehod\u00e1m sa mu to podarilo prekona\u0165 a svoj cie\u013e dosiahol. Priznal tie\u017e, \u017ee sledovanie \u00faspechov ostatn\u00fdch \u013eud\u00ed v aplik\u00e1cii STRAVA a porovn\u00e1vanie sa s nimi, mu pomohlo porazi\u0165 boles\u0165 a pokra\u010dova\u0165 \u010falej. Ak nie je nepretr\u017eite v kopcoch na bicykli, vyr\u00e1ba a var\u00ed svoje vlastn\u00e9 pivo. No uznajte, nie je to skvel\u00e9?<\/p>\n<p>STRAVA <a href=\"https:\/\/www.strava.com\/activities\/701844492\">profil<\/a><\/p>\n<h2><strong>Rebecca Rusch (prv\u00e1 \u017eena, ktor\u00e1 zjazdila Kilimand\u017e\u00e1ro na horskom bicykli)<\/strong><\/h2>\n<p><a href=\"https:\/\/d2p6e6u75xmxt8.cloudfront.net\/4\/2018\/08\/Rebecca-Rusch-Patrick-Sweeney-Mountain-Biking-Kilimanjaro.jpg\"><img loading=\"lazy\" decoding=\"async\" class=\"alignnone size-full wp-image-4834\" src=\"https:\/\/d2p6e6u75xmxt8.cloudfront.net\/4\/2018\/08\/Rebecca-Rusch-Patrick-Sweeney-Mountain-Biking-Kilimanjaro.jpg\" alt=\"\" width=\"1200\" height=\"900\" \/><\/a><\/p>\n<p>Ak m\u00e1 niekto prez\u00fdvku <strong>\u201eKr\u00e1\u013eovn\u00e1 bolesti\u201c<\/strong>, m\u00f4\u017eete sa stavi\u0165, \u017ee ke\u010f o nej povedia, \u017ee urobila t\u00fa naj\u0165a\u017e\u0161iu vec v \u017eivote, tak ur\u010dite nepreh\u00e1\u0148aj\u00fa. Rebecca a dobrodruh Patrick Sweeney si predsavzali, \u017ee <strong>za \u0161es\u0165 dn\u00ed<\/strong> uskuto\u010dnia okru\u017en\u00fa cestu hore a nadol z tejto sl\u00e1vnej hory <strong>vysokej 5 895 m<\/strong> a jeden konkr\u00e9tny \u00fasek predstavoval 15 km a 1 600 m zostup. Je tie\u017e pozoruhodn\u00e9, \u017ee t\u00e1to naj\u0165a\u017e\u0161ia \u010das\u0165 cesty trvala 2 hodiny a 28 min\u00fat.<\/p>\n<p>STRAVA <a href=\"https:\/\/www.strava.com\/activities\/50317109\">profil<\/a><\/p>\n<h2><strong>Craig Cannon (najviac vy\u0161liapan\u00fdch v\u00fd\u0161kov\u00fdch metrov za 48 hod\u00edn)<\/strong><\/h2>\n<p><a href=\"https:\/\/d2p6e6u75xmxt8.cloudfront.net\/4\/2018\/08\/Strava_3407660b.jpg\"><img decoding=\"async\" class=\"alignnone size-full wp-image-4835\" src=\"https:\/\/d2p6e6u75xmxt8.cloudfront.net\/4\/2018\/08\/Strava_3407660b.jpg\" alt=\"\" \/><\/a><\/p>\n<p>Everesting (dosiahnutie v\u00fd\u0161ky Everestu za 24 hod\u00edn) sa stalo popul\u00e1rnym najm\u00e4 v posledn\u00fdch rokoch, hlavne kv\u00f4li zv\u00fd\u0161en\u00e9mu pou\u017e\u00edvaniu aplik\u00e1cie STRAVA (u\u017e sme spomenuli, ak\u00e9 motiva\u010dn\u00e9 m\u00f4\u017ee by\u0165, ke\u010f sledujete konkurenciu). Najviac vy\u0161liapan\u00fdch v\u00fd\u0161kov\u00fdch metrov za 48 hod\u00edn (<strong>29&nbsp;623,3&nbsp;m<\/strong>) je skuto\u010dne p\u00f4sobiv\u00fd v\u00fdkon. Odv\u00e1\u017eny cyklista, ktor\u00fd sa podujal na tento mimoriadny v\u00fdkon vytrvalosti, bol Craig Cannon v Berkeley v Kalifornii, USA a uskuto\u010dnil ho od siedmeho do deviateho augusta v roku 2015.<\/p>\n<p>STRAVA <a href=\"https:\/\/www.strava.com\/athletes\/1678058\">profil<\/a><\/p>\n<h2><strong>Sean Conway (svetov\u00fd rekord pre najr\u00fdchlej\u0161iu jazdu naprie\u010d Eur\u00f3pou)<\/strong><\/h2>\n<p><a href=\"https:\/\/d2p6e6u75xmxt8.cloudfront.net\/4\/2018\/08\/sean.jpg\"><img loading=\"lazy\" decoding=\"async\" src=\"https:\/\/d2p6e6u75xmxt8.cloudfront.net\/4\/2018\/08\/sean.jpg\" alt=\"\" width=\"1200\" height=\"800\" class=\"alignnone size-full wp-image-4838\" \/><\/a><\/p>\n<p>Vytrvalostn\u00fd \u0161portovec Sean Conway je \u017eiv\u00fdm d\u00f4kazom toho, \u017ee neexistuje spr\u00e1vny \u010das sa zastavi\u0165, ani kone\u010dn\u00fd po\u010det pokusov, ke\u010f sa sna\u017e\u00edme dosiahnu\u0165 sen. V piatok 11. m\u00e1ja 2018 pri\u0161iel do rusk\u00e9ho mesta Ufa, \u010d\u00edm <strong>prekonal svetov\u00fd rekord za najr\u00fdchlej\u0161iu jazdu naprie\u010d Eur\u00f3pou o dev\u00e4\u0165 hod\u00edn<\/strong>. Samozrejme, tak\u00fd impozantn\u00fd v\u00fdkon by nebolo mo\u017en\u00e9 urobi\u0165 bez odriekania a prin\u00e1\u0161ania obet\u00ed po\u010das cesty. Nieko\u013eko hod\u00edn pred ukon\u010den\u00edm vysi\u013euj\u00facich 6 405 km, uverejnil post na Instagrame, \u017ee <strong>cel\u00e9 dobrodru\u017estvo ho st\u00e1lo 6 rokov \u017eivota, 60-tis\u00edc m\u00ed\u013e tr\u00e9ningov\u00fdch j\u00e1zd a tri ne\u00faspe\u0161n\u00e9 pokusy<\/strong>. Pod\u013ea svojich hrub\u00fdch odhadov, po\u010das svojej rekordnej cesty sp\u00e1lil 125 000 kal\u00f3ri\u00ed, urobil 2 mili\u00f3ny ped\u00e1lov\u00fdch z\u00e1berov, mal len jednu sadu oble\u010denia, videl dvoch m\u0155tvych vlkov, pre\u0161iel dev\u00e4\u0165 kraj\u00edn, spal 19-kr\u00e1t za 24 dn\u00ed a len p\u00e4\u0165kr\u00e1t mal mo\u017enos\u0165 sa osprchova\u0165. Bohu\u017eia\u013e, neuviedol \u017eiadne inform\u00e1cie o tom, kedy v priebehu t\u00fdchto \u0161iestich rokov za\u010dal pestova\u0165 svoju majest\u00e1tnu bradu.<\/p>\n<p>STRAVA <a href=\"https:\/\/www.strava.com\/athletes\/7377848\">profil<\/a><\/p>\n<h2><strong>Catching Breath<\/strong><\/h2>\n<div class=\"shortcode-ys-post-pinup\"><article class=\"loop-simple post-2748 post type-post status-publish format-standard has-post-thumbnail hentry category-adrenalin category-bezpecnost category-cestna-cyklisitika category-mtb category-podujatia category-zabava tag-adrenalin tag-andrea-schiliro tag-bartosz-huzarski tag-catching-breath tag-christoph-kluge tag-eva-lindskog tag-hypoxia tag-khardung-la tag-lapanie-po-dychu tag-na-bicykli-do-himalaji tag-valenti-sanjuan\" data-postid=\"2748\" role=\"article\" data-post-id=\"2748\" data-word-count=\"467\" data-headline-length=\"70\" data-category=\"Adrenal\u00edn\" data-author=\"We Love Cycling\" data-published=\"2017-12-05T17:36:24+01:00\" data-published-day=\"Tuesday\">\n    <div class=\"entry-thumbnail article-thumbnail\" content=\"https:\/\/d2p6e6u75xmxt8.cloudfront.net\/4\/2017\/12\/WLC_CB_ArticleCover_1366x600-150x150.webp\"><a href=\"https:\/\/www.welovecycling.com\/sk\/2017\/12\/05\/catching-breath-himalajske-preteky-ktore-vam-doslova-vyrazia-dych\/\" class=\"image-holder\" target=\"_self\"><img decoding=\"async\" loading=\"lazy\" class=\"\" src=\"https:\/\/d2p6e6u75xmxt8.cloudfront.net\/4\/2017\/12\/WLC_CB_ArticleCover_1366x600-1024x450.webp\" srcset=\"https:\/\/d2p6e6u75xmxt8.cloudfront.net\/4\/2017\/12\/WLC_CB_ArticleCover_1366x600.webp 1366w, https:\/\/d2p6e6u75xmxt8.cloudfront.net\/4\/2017\/12\/WLC_CB_ArticleCover_1366x600-300x132.webp 300w, https:\/\/d2p6e6u75xmxt8.cloudfront.net\/4\/2017\/12\/WLC_CB_ArticleCover_1366x600-1024x450.webp 1024w, https:\/\/d2p6e6u75xmxt8.cloudfront.net\/4\/2017\/12\/WLC_CB_ArticleCover_1366x600-768x337.webp 768w\" width=\"1024\" height=\"450\" sizes=\"auto, (min-width: 1200px) 456px, (min-width: 768px) 38vw, 100vw\" alt=\"catching-breath-himalajske-preteky-ktore-vam-doslova-vyrazia-dych\"\/><\/a><\/div>    <div class=\"entry-meta\">\n        <a class=\"label label-secondary post-category\" href=\"https:\/\/www.welovecycling.com\/sk\/category\/adrenalin\/\" title=\"Adrenal\u00edn\">Adrenal\u00edn<\/a>\n    <\/div>\n    <div class=\"entry-details\">\n        <a href=\"https:\/\/www.welovecycling.com\/sk\/2017\/12\/05\/catching-breath-himalajske-preteky-ktore-vam-doslova-vyrazia-dych\/\" class='entry-title-wrapper'>\n            <h3 class=\"entry-title\"><span>Catching Breath: Himal\u00e1jske preteky, ktor\u00e9 v\u00e1m doslova vyrazia dych<\/span><\/h3>\n        <\/a>\n    <\/div>\n    <\/article>\n<\/div>\n<p>Pred nejak\u00fdm \u010dasom sme narazili na Christopha Klugeho \u2013 \u0161portovca, ktor\u00fd v roku 2012 vytvoril rekord na <a href=\"https:\/\/www.strava.com\/activities\/22109395#8021524304\">STRAVE<\/a> v st\u00fapan\u00ed na jeden z najvy\u0161\u0161\u00edch himal\u00e1jskych priesmykov dostupn\u00fdch autom. Priesmyk Khardung La zostal odvtedy neprekonan\u00fd. A\u017e doteraz&#8230;<\/p>\n<p><iframe loading=\"lazy\" src=\"https:\/\/www.youtube-nocookie.com\/embed\/ldxDb8a1NxU?cc_load_policy=1&amp;cc_lang_pref=sk&amp;rel=0&amp;showinfo=0\" width=\"780\" height=\"450\" frameborder=\"0\" allowfullscreen=\"allowfullscreen\"><\/iframe><\/p>\n","protected":false},"excerpt":{"rendered":"<p>Aplik\u00e1cia na sledovanie na\u0161ich \u0161portov\u00fdch v\u00fdkonov STRAVA, si z\u00edskava st\u00e1le v\u00e4\u010d\u0161iu popularitu a de\u0148 \u010do de\u0148 aj viac pou\u017e\u00edvate\u013eov \u2013 [&hellip;]<\/p>\n","protected":false},"author":38,"featured_media":4837,"comment_status":"open","ping_status":"open","sticky":false,"template":"","format":"standard","meta":{"footnotes":""},"categories":[47,118],"tags":[255,319,115,586,180,584,163,585,475],"global-categories":[],"class_list":["post-4830","post","type-post","status-publish","format-standard","has-post-thumbnail","hentry","category-adrenalin","category-zabava","tag-255","tag-adrenalin","tag-cestna-cyklistika","tag-guinessova-kniha-rekordov","tag-horska-cyklistika","tag-rekord","tag-strava","tag-svetovy-rekord","tag-zeny"],"yoast_head":"<!-- This site is optimized with the Yoast SEO Premium plugin v25.3 (Yoast SEO v25.9) - https:\/\/yoast.com\/wordpress\/plugins\/seo\/ -->\n<title>S\u00fa skuto\u010dn\u00e9? Najbl\u00e1znivej\u0161ie cyklistick\u00e9 rekordy v aplik\u00e1cii STRAVA - \u0160koda We Love Cycling Slovensko<\/title>\n<meta name=\"robots\" content=\"index, follow, max-snippet:-1, max-image-preview:large, max-video-preview:-1\" \/>\n<link rel=\"canonical\" href=\"https:\/\/www.welovecycling.com\/sk\/2018\/08\/28\/su-skutocne-najblaznivejsie-cyklisticke-rekordy-v-aplikacii-strava\/\" \/>\n<meta property=\"og:locale\" content=\"sk_SK\" \/>\n<meta property=\"og:type\" content=\"article\" \/>\n<meta property=\"og:title\" content=\"S\u00fa skuto\u010dn\u00e9? Najbl\u00e1znivej\u0161ie cyklistick\u00e9 rekordy v aplik\u00e1cii STRAVA\" \/>\n<meta property=\"og:description\" content=\"Aplik\u00e1cia na sledovanie na\u0161ich \u0161portov\u00fdch v\u00fdkonov STRAVA, si z\u00edskava st\u00e1le v\u00e4\u010d\u0161iu popularitu a de\u0148 \u010do de\u0148 aj viac pou\u017e\u00edvate\u013eov \u2013 [&hellip;]\" \/>\n<meta property=\"og:url\" content=\"https:\/\/www.welovecycling.com\/sk\/2018\/08\/28\/su-skutocne-najblaznivejsie-cyklisticke-rekordy-v-aplikacii-strava\/\" \/>\n<meta property=\"og:site_name\" content=\"\u0160koda We Love Cycling Slovensko\" \/>\n<meta property=\"article:published_time\" content=\"2018-08-28T13:35:32+00:00\" \/>\n<meta property=\"og:image\" content=\"https:\/\/d2p6e6u75xmxt8.cloudfront.net\/4\/2018\/08\/profimedia-0344282731-1.webp\" \/>\n\t<meta property=\"og:image:width\" content=\"1375\" \/>\n\t<meta property=\"og:image:height\" content=\"600\" \/>\n\t<meta property=\"og:image:type\" content=\"image\/webp\" \/>\n<meta name=\"author\" content=\"Ondrej Ga\u0161par\" \/>\n<meta name=\"twitter:card\" content=\"summary_large_image\" \/>\n<meta name=\"twitter:label1\" content=\"Written by\" \/>\n\t<meta name=\"twitter:data1\" content=\"We Love Cycling\" \/>\n\t<meta name=\"twitter:label2\" content=\"Est. reading time\" \/>\n\t<meta name=\"twitter:data2\" content=\"5 minutes\" \/>\n<script type=\"application\/ld+json\" class=\"yoast-schema-graph\">{\"@context\":\"https:\/\/schema.org\",\"@graph\":[{\"@type\":\"WebPage\",\"@id\":\"https:\/\/www.welovecycling.com\/sk\/2018\/08\/28\/su-skutocne-najblaznivejsie-cyklisticke-rekordy-v-aplikacii-strava\/\",\"url\":\"https:\/\/www.welovecycling.com\/sk\/2018\/08\/28\/su-skutocne-najblaznivejsie-cyklisticke-rekordy-v-aplikacii-strava\/\",\"name\":\"S\u00fa skuto\u010dn\u00e9? Najbl\u00e1znivej\u0161ie cyklistick\u00e9 rekordy v aplik\u00e1cii STRAVA - \u0160koda We Love Cycling Slovensko\",\"isPartOf\":{\"@id\":\"https:\/\/www.welovecycling.com\/sk\/#website\"},\"primaryImageOfPage\":{\"@id\":\"https:\/\/www.welovecycling.com\/sk\/2018\/08\/28\/su-skutocne-najblaznivejsie-cyklisticke-rekordy-v-aplikacii-strava\/#primaryimage\"},\"image\":{\"@id\":\"https:\/\/www.welovecycling.com\/sk\/2018\/08\/28\/su-skutocne-najblaznivejsie-cyklisticke-rekordy-v-aplikacii-strava\/#primaryimage\"},\"thumbnailUrl\":\"https:\/\/d2p6e6u75xmxt8.cloudfront.net\/4\/2018\/08\/profimedia-0344282731-1.webp\",\"datePublished\":\"2018-08-28T13:35:32+00:00\",\"author\":{\"@id\":\"https:\/\/www.welovecycling.com\/sk\/#\/schema\/person\/8ee09ba39b7e25b1870160aa5b3a89bc\"},\"breadcrumb\":{\"@id\":\"https:\/\/www.welovecycling.com\/sk\/2018\/08\/28\/su-skutocne-najblaznivejsie-cyklisticke-rekordy-v-aplikacii-strava\/#breadcrumb\"},\"inLanguage\":\"sk-SK\",\"potentialAction\":[{\"@type\":\"ReadAction\",\"target\":[\"https:\/\/www.welovecycling.com\/sk\/2018\/08\/28\/su-skutocne-najblaznivejsie-cyklisticke-rekordy-v-aplikacii-strava\/\"]}]},{\"@type\":\"ImageObject\",\"inLanguage\":\"sk-SK\",\"@id\":\"https:\/\/www.welovecycling.com\/sk\/2018\/08\/28\/su-skutocne-najblaznivejsie-cyklisticke-rekordy-v-aplikacii-strava\/#primaryimage\",\"url\":\"https:\/\/d2p6e6u75xmxt8.cloudfront.net\/4\/2018\/08\/profimedia-0344282731-1.webp\",\"contentUrl\":\"https:\/\/d2p6e6u75xmxt8.cloudfront.net\/4\/2018\/08\/profimedia-0344282731-1.webp\",\"width\":1375,\"height\":600},{\"@type\":\"BreadcrumbList\",\"@id\":\"https:\/\/www.welovecycling.com\/sk\/2018\/08\/28\/su-skutocne-najblaznivejsie-cyklisticke-rekordy-v-aplikacii-strava\/#breadcrumb\",\"itemListElement\":[{\"@type\":\"ListItem\",\"position\":1,\"name\":\"Home\",\"item\":\"https:\/\/www.welovecycling.com\/sk\/\"},{\"@type\":\"ListItem\",\"position\":2,\"name\":\"S\u00fa skuto\u010dn\u00e9? Najbl\u00e1znivej\u0161ie cyklistick\u00e9 rekordy v aplik\u00e1cii STRAVA\"}]},{\"@type\":\"WebSite\",\"@id\":\"https:\/\/www.welovecycling.com\/sk\/#website\",\"url\":\"https:\/\/www.welovecycling.com\/sk\/\",\"name\":\"\u0160koda We Love Cycling Slovensko\",\"description\":\"\u0160koda We Love Cycling Slovensko je v\u00e1\u0161 ka\u017edodenn\u00fd zdroj noviniek a in\u0161pir\u00e1cie z sveta cyklistiky\",\"potentialAction\":[{\"@type\":\"SearchAction\",\"target\":{\"@type\":\"EntryPoint\",\"urlTemplate\":\"https:\/\/www.welovecycling.com\/sk\/?s={search_term_string}\"},\"query-input\":{\"@type\":\"PropertyValueSpecification\",\"valueRequired\":true,\"valueName\":\"search_term_string\"}}],\"inLanguage\":\"sk-SK\"},{\"@type\":\"Person\",\"@id\":\"https:\/\/www.welovecycling.com\/sk\/#\/schema\/person\/8ee09ba39b7e25b1870160aa5b3a89bc\",\"name\":\"Ondrej Ga\u0161par\",\"image\":{\"@type\":\"ImageObject\",\"inLanguage\":\"sk-SK\",\"@id\":\"https:\/\/www.welovecycling.com\/sk\/#\/schema\/person\/image\/\",\"url\":\"https:\/\/secure.gravatar.com\/avatar\/6126c9afb87b70da5abbb083ddbb21933da15f18f8ca7cb822aba0fb096a48f6?s=96&d=mm&r=g\",\"contentUrl\":\"https:\/\/secure.gravatar.com\/avatar\/6126c9afb87b70da5abbb083ddbb21933da15f18f8ca7cb822aba0fb096a48f6?s=96&d=mm&r=g\",\"caption\":\"Ondrej Ga\u0161par\"},\"url\":\"https:\/\/www.welovecycling.com\/sk\/author\/ondrejgaspar\/\"}]}<\/script>\n<!-- \/ Yoast SEO Premium plugin. -->","yoast_head_json":{"title":"S\u00fa skuto\u010dn\u00e9? Najbl\u00e1znivej\u0161ie cyklistick\u00e9 rekordy v aplik\u00e1cii STRAVA - \u0160koda We Love Cycling Slovensko","robots":{"index":"index","follow":"follow","max-snippet":"max-snippet:-1","max-image-preview":"max-image-preview:large","max-video-preview":"max-video-preview:-1"},"canonical":"https:\/\/www.welovecycling.com\/sk\/2018\/08\/28\/su-skutocne-najblaznivejsie-cyklisticke-rekordy-v-aplikacii-strava\/","og_locale":"sk_SK","og_type":"article","og_title":"S\u00fa skuto\u010dn\u00e9? Najbl\u00e1znivej\u0161ie cyklistick\u00e9 rekordy v aplik\u00e1cii STRAVA","og_description":"Aplik\u00e1cia na sledovanie na\u0161ich \u0161portov\u00fdch v\u00fdkonov STRAVA, si z\u00edskava st\u00e1le v\u00e4\u010d\u0161iu popularitu a de\u0148 \u010do de\u0148 aj viac pou\u017e\u00edvate\u013eov \u2013 [&hellip;]","og_url":"https:\/\/www.welovecycling.com\/sk\/2018\/08\/28\/su-skutocne-najblaznivejsie-cyklisticke-rekordy-v-aplikacii-strava\/","og_site_name":"\u0160koda We Love Cycling Slovensko","article_published_time":"2018-08-28T13:35:32+00:00","og_image":[{"width":1375,"height":600,"url":"https:\/\/d2p6e6u75xmxt8.cloudfront.net\/4\/2018\/08\/profimedia-0344282731-1.webp","type":"image\/webp"}],"author":"Ondrej Ga\u0161par","twitter_card":"summary_large_image","twitter_misc":{"Written by":"We Love Cycling","Est. reading time":"5 minutes"},"schema":{"@context":"https:\/\/schema.org","@graph":[{"@type":"WebPage","@id":"https:\/\/www.welovecycling.com\/sk\/2018\/08\/28\/su-skutocne-najblaznivejsie-cyklisticke-rekordy-v-aplikacii-strava\/","url":"https:\/\/www.welovecycling.com\/sk\/2018\/08\/28\/su-skutocne-najblaznivejsie-cyklisticke-rekordy-v-aplikacii-strava\/","name":"S\u00fa skuto\u010dn\u00e9? Najbl\u00e1znivej\u0161ie cyklistick\u00e9 rekordy v aplik\u00e1cii STRAVA - \u0160koda We Love Cycling Slovensko","isPartOf":{"@id":"https:\/\/www.welovecycling.com\/sk\/#website"},"primaryImageOfPage":{"@id":"https:\/\/www.welovecycling.com\/sk\/2018\/08\/28\/su-skutocne-najblaznivejsie-cyklisticke-rekordy-v-aplikacii-strava\/#primaryimage"},"image":{"@id":"https:\/\/www.welovecycling.com\/sk\/2018\/08\/28\/su-skutocne-najblaznivejsie-cyklisticke-rekordy-v-aplikacii-strava\/#primaryimage"},"thumbnailUrl":"https:\/\/d2p6e6u75xmxt8.cloudfront.net\/4\/2018\/08\/profimedia-0344282731-1.webp","datePublished":"2018-08-28T13:35:32+00:00","author":{"@id":"https:\/\/www.welovecycling.com\/sk\/#\/schema\/person\/8ee09ba39b7e25b1870160aa5b3a89bc"},"breadcrumb":{"@id":"https:\/\/www.welovecycling.com\/sk\/2018\/08\/28\/su-skutocne-najblaznivejsie-cyklisticke-rekordy-v-aplikacii-strava\/#breadcrumb"},"inLanguage":"sk-SK","potentialAction":[{"@type":"ReadAction","target":["https:\/\/www.welovecycling.com\/sk\/2018\/08\/28\/su-skutocne-najblaznivejsie-cyklisticke-rekordy-v-aplikacii-strava\/"]}]},{"@type":"ImageObject","inLanguage":"sk-SK","@id":"https:\/\/www.welovecycling.com\/sk\/2018\/08\/28\/su-skutocne-najblaznivejsie-cyklisticke-rekordy-v-aplikacii-strava\/#primaryimage","url":"https:\/\/d2p6e6u75xmxt8.cloudfront.net\/4\/2018\/08\/profimedia-0344282731-1.webp","contentUrl":"https:\/\/d2p6e6u75xmxt8.cloudfront.net\/4\/2018\/08\/profimedia-0344282731-1.webp","width":1375,"height":600},{"@type":"BreadcrumbList","@id":"https:\/\/www.welovecycling.com\/sk\/2018\/08\/28\/su-skutocne-najblaznivejsie-cyklisticke-rekordy-v-aplikacii-strava\/#breadcrumb","itemListElement":[{"@type":"ListItem","position":1,"name":"Home","item":"https:\/\/www.welovecycling.com\/sk\/"},{"@type":"ListItem","position":2,"name":"S\u00fa skuto\u010dn\u00e9? Najbl\u00e1znivej\u0161ie cyklistick\u00e9 rekordy v aplik\u00e1cii STRAVA"}]},{"@type":"WebSite","@id":"https:\/\/www.welovecycling.com\/sk\/#website","url":"https:\/\/www.welovecycling.com\/sk\/","name":"\u0160koda We Love Cycling Slovensko","description":"\u0160koda We Love Cycling Slovensko je v\u00e1\u0161 ka\u017edodenn\u00fd zdroj noviniek a in\u0161pir\u00e1cie z sveta cyklistiky","potentialAction":[{"@type":"SearchAction","target":{"@type":"EntryPoint","urlTemplate":"https:\/\/www.welovecycling.com\/sk\/?s={search_term_string}"},"query-input":{"@type":"PropertyValueSpecification","valueRequired":true,"valueName":"search_term_string"}}],"inLanguage":"sk-SK"},{"@type":"Person","@id":"https:\/\/www.welovecycling.com\/sk\/#\/schema\/person\/8ee09ba39b7e25b1870160aa5b3a89bc","name":"Ondrej Ga\u0161par","image":{"@type":"ImageObject","inLanguage":"sk-SK","@id":"https:\/\/www.welovecycling.com\/sk\/#\/schema\/person\/image\/","url":"https:\/\/secure.gravatar.com\/avatar\/6126c9afb87b70da5abbb083ddbb21933da15f18f8ca7cb822aba0fb096a48f6?s=96&d=mm&r=g","contentUrl":"https:\/\/secure.gravatar.com\/avatar\/6126c9afb87b70da5abbb083ddbb21933da15f18f8ca7cb822aba0fb096a48f6?s=96&d=mm&r=g","caption":"Ondrej Ga\u0161par"},"url":"https:\/\/www.welovecycling.com\/sk\/author\/ondrejgaspar\/"}]}},"_links":{"self":[{"href":"https:\/\/www.welovecycling.com\/sk\/wp-json\/wp\/v2\/posts\/4830","targetHints":{"allow":["GET"]}}],"collection":[{"href":"https:\/\/www.welovecycling.com\/sk\/wp-json\/wp\/v2\/posts"}],"about":[{"href":"https:\/\/www.welovecycling.com\/sk\/wp-json\/wp\/v2\/types\/post"}],"author":[{"embeddable":true,"href":"https:\/\/www.welovecycling.com\/sk\/wp-json\/wp\/v2\/users\/38"}],"replies":[{"embeddable":true,"href":"https:\/\/www.welovecycling.com\/sk\/wp-json\/wp\/v2\/comments?post=4830"}],"version-history":[{"count":2,"href":"https:\/\/www.welovecycling.com\/sk\/wp-json\/wp\/v2\/posts\/4830\/revisions"}],"predecessor-version":[{"id":4859,"href":"https:\/\/www.welovecycling.com\/sk\/wp-json\/wp\/v2\/posts\/4830\/revisions\/4859"}],"wp:featuredmedia":[{"embeddable":true,"href":"https:\/\/www.welovecycling.com\/sk\/wp-json\/wp\/v2\/media\/4837"}],"wp:attachment":[{"href":"https:\/\/www.welovecycling.com\/sk\/wp-json\/wp\/v2\/media?parent=4830"}],"wp:term":[{"taxonomy":"category","embeddable":true,"href":"https:\/\/www.welovecycling.com\/sk\/wp-json\/wp\/v2\/categories?post=4830"},{"taxonomy":"post_tag","embeddable":true,"href":"https:\/\/www.welovecycling.com\/sk\/wp-json\/wp\/v2\/tags?post=4830"},{"taxonomy":"global-categories","embeddable":true,"href":"https:\/\/www.welovecycling.com\/sk\/wp-json\/wp\/v2\/global-categories?post=4830"}],"curies":[{"name":"wp","href":"https:\/\/api.w.org\/{rel}","templated":true}]}}