{"id":4821,"date":"2018-08-27T12:25:06","date_gmt":"2018-08-27T10:25:06","guid":{"rendered":"https:\/\/www.welovecycling.com\/sk\/?p=4821"},"modified":"2019-02-13T15:13:08","modified_gmt":"2019-02-13T14:13:08","slug":"rozhovor-radka-paulechova-slovenske-zeliezko-v-ohni","status":"publish","type":"post","link":"https:\/\/www.welovecycling.com\/sk\/2018\/08\/27\/rozhovor-radka-paulechova-slovenske-zeliezko-v-ohni\/","title":{"rendered":"Rozhovor: Radka Paulechov\u00e1 &#8211; slovensk\u00e9 \u017eeliezko v ohni"},"content":{"rendered":"<p><strong>Radka moment\u00e1lne jazd\u00ed za klub CYS Peter Sagan Academy pod veden\u00edm tr\u00e9nera Milana Novosada. V\u00eddame ju na mnoh\u00fdch zahrani\u010dn\u00fdch pretekoch v dresoch slovenskej reprezent\u00e1cie v horskej alebo cestnej cyklistike. V\u010faka svojim neprehliadnute\u013en\u00fdm \u00faspechom sa stala stabilnou s\u00fa\u010das\u0165ou slovenskej cyklistickej sc\u00e9ny a my sme ju vyspovedali v kr\u00e1tkom rozhovore.<\/strong><!--more--><\/p>\n<p><a href=\"https:\/\/d2p6e6u75xmxt8.cloudfront.net\/4\/2018\/08\/02-5.jpg\"><img loading=\"lazy\" decoding=\"async\" src=\"https:\/\/d2p6e6u75xmxt8.cloudfront.net\/4\/2018\/08\/02-5.jpg\" alt=\"\" width=\"1200\" height=\"800\" class=\"alignnone size-full wp-image-4823\" \/><\/a><\/p>\n<p><strong>Ak\u00e1 bola tvoja cesta k cyklistike a ak\u00fdm discipl\u00ednam sa venuje\u0161?<\/strong><br \/>\n<em>\u0160portu som sa venovala u\u017e odmali\u010dka. Nebola to od za\u010diatku cyklistika. Najsk\u00f4r som sa venovala futbalu, potom volejbalu. Prv\u00e9 preteky som ok\u00fasila, ke\u010f som mala 11 rokov, a to \u00faplnou n\u00e1hodou. Boli to oby\u010dajn\u00e9 detsk\u00e9 preteky na horsk\u00fdch bicykloch u n\u00e1s v Novom Meste nad V\u00e1hom, ktor\u00e9 som vyhrala, a tak som post\u00fapila na celoslovensk\u00e9 kolo t\u00fdchto pretekov. To u\u017e bolo tro\u0161ku o nie\u010dom inom, ale i\u0161la som to vysk\u00fa\u0161a\u0165. A vy\u0161lo to, vyhrala som. O cyklistike som za\u010dala uva\u017eova\u0165, a\u017e ke\u010f som o rok vyhrala prv\u00fd titul majsterky Slovenska v MTB, kde som sa ocitla tie\u017e iba n\u00e1hodou. A potom to za\u010dalo.<\/em><\/p>\n<p><strong>Ak\u00e9 najv\u00e4\u010d\u0161ie \u00faspechy si doteraz vo svojej \u0161portovej kari\u00e9re dosiahla?<\/strong><br \/>\n<em>Na majstrovstv\u00e1ch Eur\u00f3py v horsk\u00fdch bicykloch som obsadila 10. miesto. 14-kr\u00e1t som sa stala majsterkou Slovenska. Z toho najviac titulov m\u00e1m z horskej cyklistiky, potom z cestnej a aj z cyklokrosu.<\/em><\/p>\n<p><strong>Ktor\u00fd moment v tvojej kari\u00e9re bol doteraz pre teba naj\u0165a\u017e\u0161\u00edm a naopak, na ktor\u00fd spom\u00edna\u0161 najrad\u0161ej?<\/strong><br \/>\n<em>Naj\u0165a\u017e\u0161\u00ed moment v mojej kari\u00e9re bol asi samotn\u00fd za\u010diatok, a to vyberanie medzi volejbalom a cyklistikou, preto\u017ee oba \u0161porty ma ve\u013emi bavili. Ale nakoniec to vyzer\u00e1 tak, \u017ee cyklistika bola spr\u00e1vnou vo\u013ebou. A najlep\u0161\u00ed moment? Sama neviem. Ka\u017ed\u00fd jeden prejazd cie\u013eom so zdvihnut\u00fdmi rukami je asi ten najlep\u0161\u00ed moment, ktor\u00fd vr\u00e1ti v\u0161etku t\u00fa drinu, ktor\u00e1 za t\u00fdm st\u00e1la.<\/em><\/p>\n<p><a href=\"https:\/\/d2p6e6u75xmxt8.cloudfront.net\/4\/2018\/08\/04-6.jpg\"><img loading=\"lazy\" decoding=\"async\" src=\"https:\/\/d2p6e6u75xmxt8.cloudfront.net\/4\/2018\/08\/04-6.jpg\" alt=\"\" width=\"1200\" height=\"800\" class=\"alignnone size-full wp-image-4824\" \/><\/a><\/p>\n<p><strong>Predstav n\u00e1m bicykel\/e, na ktor\u00fdch aktu\u00e1lne jazd\u00ed\u0161<\/strong><br \/>\n<em>Cestn\u00fd bicykel m\u00e1m zna\u010dky LIV. Je to zna\u010dka d\u00e1mskych bicyklov od v\u00fdrobcu Giant. Horsk\u00fd bicykel som nemala nikdy nov\u00fd. Bol to v\u017edy bicykel skladan\u00fd z nov\u00fdch a star\u0161\u00edch komponentov. Za\u010dala som na 26\u201c bez odpru\u017eenej vidlice, potom som mala 27,5\u201c a teraz m\u00e1m prv\u00fd rok 29\u201c hardtail.<\/em><\/p>\n<p><strong>Sk\u00fas n\u00e1m op\u00edsa\u0165, ako vyzer\u00e1 tvoj be\u017en\u00fd t\u00fd\u017ede\u0148<\/strong><br \/>\n<em>V pondelok po pretekoch m\u00e1me v podstate vo\u013en\u00fd de\u0148, \u010di\u017ee \u010das na doladenie bicykla a podobn\u00fdch vec\u00ed. V utorok r\u00e1no idem na \u0161portov\u00fa pr\u00edpravu, \u010do je vlastne tr\u00e9ning v r\u00e1mci vyu\u010dovania, ke\u010f\u017ee chod\u00edm na \u0161portov\u00e9 gymn\u00e1zium. Pr\u00eddem z tr\u00e9ningu, idem do \u0161koly a po \u0161kole zase chv\u00ed\u013eku vo\u013eno a \u010fal\u0161\u00ed tr\u00e9ning. Ve\u010der sa u\u017e len hod\u00edm do postele a nie\u010do pre\u010d\u00edtam do \u0161koly. Tak\u00fdto ist\u00fd koloto\u010d je aj v stredu, aj vo \u0161tvrtok. A v piatok zase \u010das na umytie bicykla a nachystanie sa na preteky. Cez v\u00edkend vyda\u0165 zo seba \u010do najviac na pretekoch, aby som bola spokojn\u00e1 a je to.<\/em><\/p>\n<p><strong>Ako ve\u013emi sa men\u00ed tvoj t\u00fd\u017edenn\u00fd re\u017eim, ak \u0165a cez v\u00edkend \u010dak\u00e1 \u00fa\u010das\u0165 na pretekoch?<\/strong><br \/>\n<em>V podstate v\u00f4bec nijako, preto\u017ee preteky m\u00e1m takmer ka\u017ed\u00fd jeden v\u00edkend od apr\u00edla a\u017e do septembra.<\/em><\/p>\n<lite-youtube videoid=O14uhDKOOO8 params=\"enablejsapi=1\" style=\"background-image: url('https:\/\/i.ytimg.com\/vi_webp\/O14uhDKOOO8\/maxresdefault.webp');\"><\/lite-youtube>\n<p><strong>\u010co \u0165a na tom v\u0161etkom bav\u00ed najviac a \u010do je pre teba naj\u0165a\u017e\u0161ie?<\/strong><br \/>\n<em>Naj\u0165a\u017e\u0161ie pre m\u0148a je za\u0165a\u0165 sa a pokra\u010dova\u0165, aj ke\u010f u\u017e m\u00e1m toho pln\u00e9 zuby. Ale naopak super na cyklistike je, \u017ee m\u00f4\u017eem \u00eds\u0165 kamko\u013evek a by\u0165 st\u00e1le v pr\u00edrode. A \u00faplne najlep\u0161ia odmena za drinu pri v\u00fd\u0161\u013eape na kopec, je ten par\u00e1dny v\u00fdh\u013ead a ten pocit r\u00fdchlosti a vo\u013enosti v zjazde.<\/em><\/p>\n<p><strong>Ktor\u00e9 marat\u00f3ny s\u00fa tvoje ob\u013e\u00faben\u00e9 a pre\u010do?<\/strong><br \/>\n<em>Marat\u00f3ny som zatia\u013e nesk\u00fa\u0161ala jazdi\u0165, ale mo\u017eno v bud\u00facnosti si p\u00e1r p\u00f4jdem odjazdi\u0165.<\/em><\/p>\n<p><strong>Ako rie\u0161i\u0161 pitn\u00fd re\u017eim a stravu po\u010das pretekov?<\/strong><br \/>\n<em>Po\u010das pretekov pijem iba \u010dist\u00fa vodu a na dlh\u00e9 etapy si br\u00e1vam v\u00e4\u010d\u0161inou nejak\u00fa prote\u00ednov\u00fa ty\u010dinku a hroznov\u00fd cukor.<\/em><\/p>\n<p><a href=\"https:\/\/d2p6e6u75xmxt8.cloudfront.net\/4\/2018\/08\/06-7.jpg\"><img loading=\"lazy\" decoding=\"async\" src=\"https:\/\/d2p6e6u75xmxt8.cloudfront.net\/4\/2018\/08\/06-7.jpg\" alt=\"\" width=\"1200\" height=\"800\" class=\"alignnone size-full wp-image-4825\" \/><\/a><\/p>\n<p><strong>\u010co je z tvojho poh\u013eadu k\u013e\u00fa\u010dov\u00e9 v tr\u00e9ningovej pr\u00edprave?<\/strong><br \/>\n<em>Hlavn\u00e9 je \u00eds\u0165 na ten tr\u00e9ning, aj ke\u010f sa \u010dloveku \u010dasto nechce, preto\u017ee pr\u00e1ve to ho pos\u00fava \u010falej. A samozrejme tak isto d\u00f4le\u017eit\u00e1 je regener\u00e1cia.<\/em><\/p>\n<p><strong>Venuje\u0161 sa nejak\u00fdm \u010fal\u0161\u00edm doplnkov\u00fdm \u0161portov\u00fdm aktivit\u00e1m?<\/strong><br \/>\n<em>Ka\u017ed\u00fd \u0161port si vy\u017eaduje ve\u013ea \u010dasu na tr\u00e9ning a cyklistika obzvl\u00e1\u0161\u0165. A preto, ke\u010f to u\u017e chce \u010dlovek robi\u0165 naplno, tak si treba vybra\u0165 jedno. Samozrejme, ke\u010f som bola mlad\u0161ia, robila som viacero \u0161portov. Volejbal som hr\u00e1vala s\u00fa\u010dasne, ako som bicyklovala, ale ako som pri\u0161la do vy\u0161\u0161\u00edch kateg\u00f3ri\u00ed, tak to bolo ve\u013emi n\u00e1ro\u010dn\u00e9 st\u00edha\u0165 oboje, a preto som si vybrala iba cyklistiku.<\/em><\/p>\n<p><a href=\"https:\/\/d2p6e6u75xmxt8.cloudfront.net\/4\/2018\/08\/07-5.jpg\"><img loading=\"lazy\" decoding=\"async\" src=\"https:\/\/d2p6e6u75xmxt8.cloudfront.net\/4\/2018\/08\/07-5.jpg\" alt=\"\" width=\"1200\" height=\"800\" class=\"alignnone size-full wp-image-4826\" \/><\/a><\/p>\n<p><strong>Ak\u00e9 s\u00fa tvoje najbli\u017e\u0161ie \u0161portov\u00e9 pl\u00e1ny? \u010co \u0165a \u010dak\u00e1 e\u0161te v tejto sez\u00f3ne?<\/strong><br \/>\n<em>V tejto sez\u00f3ne ma \u010dakaj\u00fa e\u0161te majstrovstv\u00e1 sveta v horsk\u00fdch aj v cestn\u00fdch bicykloch a potom s\u00fa to e\u0161te nejak\u00e9 slovensk\u00e9 poh\u00e1re, \u010desk\u00e9 poh\u00e1re, a tak.<\/em><\/p>\n<p><strong>Ak\u00e9 m\u00e1\u0161 ciele do bud\u00facna?<\/strong><br \/>\n<em>V bud\u00facnosti by som sa mo\u017eno chcela dosta\u0165 niekam \u010falej do zahrani\u010dia a bicyklova\u0165 za nejak\u00fd t\u00edm, kde by som mala z\u00e1zemie a podporu. \u010co najlep\u0161ie reprezentova\u0165 Slovensko a kvalifikova\u0165 sa na olympi\u00e1du.<\/em><\/p>\n","protected":false},"excerpt":{"rendered":"<p>Radka moment\u00e1lne jazd\u00ed za klub CYS Peter Sagan Academy pod veden\u00edm tr\u00e9nera Milana Novosada. V\u00eddame ju na mnoh\u00fdch zahrani\u010dn\u00fdch pretekoch [&hellip;]<\/p>\n","protected":false},"author":38,"featured_media":4828,"comment_status":"open","ping_status":"open","sticky":false,"template":"","format":"standard","meta":{"footnotes":""},"categories":[3],"tags":[115,582,180,583,412,581,501,523,475],"global-categories":[],"class_list":["post-4821","post","type-post","status-publish","format-standard","has-post-thumbnail","hentry","category-mtb","tag-cestna-cyklistika","tag-cyklokros","tag-horska-cyklistika","tag-majster-slovenska","tag-mtb","tag-radka-paulechova","tag-rozhovor","tag-slovensko","tag-zeny"],"yoast_head":"<!-- This site is optimized with the Yoast SEO Premium plugin v25.3 (Yoast SEO v25.9) - https:\/\/yoast.com\/wordpress\/plugins\/seo\/ -->\n<title>Rozhovor: Radka Paulechov\u00e1 - slovensk\u00e9 \u017eeliezko v ohni - \u0160koda We Love Cycling Slovensko<\/title>\n<meta name=\"robots\" content=\"index, follow, max-snippet:-1, max-image-preview:large, max-video-preview:-1\" \/>\n<link rel=\"canonical\" href=\"https:\/\/www.welovecycling.com\/sk\/2018\/08\/27\/rozhovor-radka-paulechova-slovenske-zeliezko-v-ohni\/\" \/>\n<meta property=\"og:locale\" content=\"sk_SK\" \/>\n<meta property=\"og:type\" content=\"article\" \/>\n<meta property=\"og:title\" content=\"Rozhovor: Radka Paulechov\u00e1 - slovensk\u00e9 \u017eeliezko v ohni\" \/>\n<meta property=\"og:description\" content=\"Radka moment\u00e1lne jazd\u00ed za klub CYS Peter Sagan Academy pod veden\u00edm tr\u00e9nera Milana Novosada. V\u00eddame ju na mnoh\u00fdch zahrani\u010dn\u00fdch pretekoch [&hellip;]\" \/>\n<meta property=\"og:url\" content=\"https:\/\/www.welovecycling.com\/sk\/2018\/08\/27\/rozhovor-radka-paulechova-slovenske-zeliezko-v-ohni\/\" \/>\n<meta property=\"og:site_name\" content=\"\u0160koda We Love Cycling Slovensko\" \/>\n<meta property=\"article:published_time\" content=\"2018-08-27T10:25:06+00:00\" \/>\n<meta property=\"article:modified_time\" content=\"2019-02-13T14:13:08+00:00\" \/>\n<meta property=\"og:image\" content=\"https:\/\/d2p6e6u75xmxt8.cloudfront.net\/4\/2018\/08\/titulka-4.webp\" \/>\n\t<meta property=\"og:image:width\" content=\"1380\" \/>\n\t<meta property=\"og:image:height\" content=\"600\" \/>\n\t<meta property=\"og:image:type\" content=\"image\/webp\" \/>\n<meta name=\"author\" content=\"Ondrej Ga\u0161par\" \/>\n<meta name=\"twitter:card\" content=\"summary_large_image\" \/>\n<meta name=\"twitter:label1\" content=\"Written by\" \/>\n\t<meta name=\"twitter:data1\" content=\"We Love Cycling\" \/>\n\t<meta name=\"twitter:label2\" content=\"Est. reading time\" \/>\n\t<meta name=\"twitter:data2\" content=\"4\" \/>\n<script type=\"application\/ld+json\" class=\"yoast-schema-graph\">{\"@context\":\"https:\/\/schema.org\",\"@graph\":[{\"@type\":\"WebPage\",\"@id\":\"https:\/\/www.welovecycling.com\/sk\/2018\/08\/27\/rozhovor-radka-paulechova-slovenske-zeliezko-v-ohni\/\",\"url\":\"https:\/\/www.welovecycling.com\/sk\/2018\/08\/27\/rozhovor-radka-paulechova-slovenske-zeliezko-v-ohni\/\",\"name\":\"Rozhovor: Radka Paulechov\u00e1 - slovensk\u00e9 \u017eeliezko v ohni - \u0160koda We Love Cycling Slovensko\",\"isPartOf\":{\"@id\":\"https:\/\/www.welovecycling.com\/sk\/#website\"},\"primaryImageOfPage\":{\"@id\":\"https:\/\/www.welovecycling.com\/sk\/2018\/08\/27\/rozhovor-radka-paulechova-slovenske-zeliezko-v-ohni\/#primaryimage\"},\"image\":{\"@id\":\"https:\/\/www.welovecycling.com\/sk\/2018\/08\/27\/rozhovor-radka-paulechova-slovenske-zeliezko-v-ohni\/#primaryimage\"},\"thumbnailUrl\":\"https:\/\/d2p6e6u75xmxt8.cloudfront.net\/4\/2018\/08\/titulka-4.webp\",\"datePublished\":\"2018-08-27T10:25:06+00:00\",\"dateModified\":\"2019-02-13T14:13:08+00:00\",\"author\":{\"@id\":\"https:\/\/www.welovecycling.com\/sk\/#\/schema\/person\/8ee09ba39b7e25b1870160aa5b3a89bc\"},\"breadcrumb\":{\"@id\":\"https:\/\/www.welovecycling.com\/sk\/2018\/08\/27\/rozhovor-radka-paulechova-slovenske-zeliezko-v-ohni\/#breadcrumb\"},\"inLanguage\":\"sk-SK\",\"potentialAction\":[{\"@type\":\"ReadAction\",\"target\":[\"https:\/\/www.welovecycling.com\/sk\/2018\/08\/27\/rozhovor-radka-paulechova-slovenske-zeliezko-v-ohni\/\"]}]},{\"@type\":\"ImageObject\",\"inLanguage\":\"sk-SK\",\"@id\":\"https:\/\/www.welovecycling.com\/sk\/2018\/08\/27\/rozhovor-radka-paulechova-slovenske-zeliezko-v-ohni\/#primaryimage\",\"url\":\"https:\/\/d2p6e6u75xmxt8.cloudfront.net\/4\/2018\/08\/titulka-4.webp\",\"contentUrl\":\"https:\/\/d2p6e6u75xmxt8.cloudfront.net\/4\/2018\/08\/titulka-4.webp\",\"width\":1380,\"height\":600},{\"@type\":\"BreadcrumbList\",\"@id\":\"https:\/\/www.welovecycling.com\/sk\/2018\/08\/27\/rozhovor-radka-paulechova-slovenske-zeliezko-v-ohni\/#breadcrumb\",\"itemListElement\":[{\"@type\":\"ListItem\",\"position\":1,\"name\":\"Home\",\"item\":\"https:\/\/www.welovecycling.com\/sk\/\"},{\"@type\":\"ListItem\",\"position\":2,\"name\":\"Rozhovor: Radka Paulechov\u00e1 &#8211; slovensk\u00e9 \u017eeliezko v ohni\"}]},{\"@type\":\"WebSite\",\"@id\":\"https:\/\/www.welovecycling.com\/sk\/#website\",\"url\":\"https:\/\/www.welovecycling.com\/sk\/\",\"name\":\"\u0160koda We Love Cycling Slovensko\",\"description\":\"\u0160koda We Love Cycling Slovensko je v\u00e1\u0161 ka\u017edodenn\u00fd zdroj noviniek a in\u0161pir\u00e1cie z sveta cyklistiky\",\"potentialAction\":[{\"@type\":\"SearchAction\",\"target\":{\"@type\":\"EntryPoint\",\"urlTemplate\":\"https:\/\/www.welovecycling.com\/sk\/?s={search_term_string}\"},\"query-input\":{\"@type\":\"PropertyValueSpecification\",\"valueRequired\":true,\"valueName\":\"search_term_string\"}}],\"inLanguage\":\"sk-SK\"},{\"@type\":\"Person\",\"@id\":\"https:\/\/www.welovecycling.com\/sk\/#\/schema\/person\/8ee09ba39b7e25b1870160aa5b3a89bc\",\"name\":\"Ondrej Ga\u0161par\",\"image\":{\"@type\":\"ImageObject\",\"inLanguage\":\"sk-SK\",\"@id\":\"https:\/\/www.welovecycling.com\/sk\/#\/schema\/person\/image\/\",\"url\":\"https:\/\/secure.gravatar.com\/avatar\/6126c9afb87b70da5abbb083ddbb21933da15f18f8ca7cb822aba0fb096a48f6?s=96&d=mm&r=g\",\"contentUrl\":\"https:\/\/secure.gravatar.com\/avatar\/6126c9afb87b70da5abbb083ddbb21933da15f18f8ca7cb822aba0fb096a48f6?s=96&d=mm&r=g\",\"caption\":\"Ondrej Ga\u0161par\"},\"url\":\"https:\/\/www.welovecycling.com\/sk\/author\/ondrejgaspar\/\"}]}<\/script>\n<!-- \/ Yoast SEO Premium plugin. -->","yoast_head_json":{"title":"Rozhovor: Radka Paulechov\u00e1 - slovensk\u00e9 \u017eeliezko v ohni - \u0160koda We Love Cycling Slovensko","robots":{"index":"index","follow":"follow","max-snippet":"max-snippet:-1","max-image-preview":"max-image-preview:large","max-video-preview":"max-video-preview:-1"},"canonical":"https:\/\/www.welovecycling.com\/sk\/2018\/08\/27\/rozhovor-radka-paulechova-slovenske-zeliezko-v-ohni\/","og_locale":"sk_SK","og_type":"article","og_title":"Rozhovor: Radka Paulechov\u00e1 - slovensk\u00e9 \u017eeliezko v ohni","og_description":"Radka moment\u00e1lne jazd\u00ed za klub CYS Peter Sagan Academy pod veden\u00edm tr\u00e9nera Milana Novosada. V\u00eddame ju na mnoh\u00fdch zahrani\u010dn\u00fdch pretekoch [&hellip;]","og_url":"https:\/\/www.welovecycling.com\/sk\/2018\/08\/27\/rozhovor-radka-paulechova-slovenske-zeliezko-v-ohni\/","og_site_name":"\u0160koda We Love Cycling Slovensko","article_published_time":"2018-08-27T10:25:06+00:00","article_modified_time":"2019-02-13T14:13:08+00:00","og_image":[{"width":1380,"height":600,"url":"https:\/\/d2p6e6u75xmxt8.cloudfront.net\/4\/2018\/08\/titulka-4.webp","type":"image\/webp"}],"author":"Ondrej Ga\u0161par","twitter_card":"summary_large_image","twitter_misc":{"Written by":"We Love Cycling","Est. reading time":"4"},"schema":{"@context":"https:\/\/schema.org","@graph":[{"@type":"WebPage","@id":"https:\/\/www.welovecycling.com\/sk\/2018\/08\/27\/rozhovor-radka-paulechova-slovenske-zeliezko-v-ohni\/","url":"https:\/\/www.welovecycling.com\/sk\/2018\/08\/27\/rozhovor-radka-paulechova-slovenske-zeliezko-v-ohni\/","name":"Rozhovor: Radka Paulechov\u00e1 - slovensk\u00e9 \u017eeliezko v ohni - \u0160koda We Love Cycling Slovensko","isPartOf":{"@id":"https:\/\/www.welovecycling.com\/sk\/#website"},"primaryImageOfPage":{"@id":"https:\/\/www.welovecycling.com\/sk\/2018\/08\/27\/rozhovor-radka-paulechova-slovenske-zeliezko-v-ohni\/#primaryimage"},"image":{"@id":"https:\/\/www.welovecycling.com\/sk\/2018\/08\/27\/rozhovor-radka-paulechova-slovenske-zeliezko-v-ohni\/#primaryimage"},"thumbnailUrl":"https:\/\/d2p6e6u75xmxt8.cloudfront.net\/4\/2018\/08\/titulka-4.webp","datePublished":"2018-08-27T10:25:06+00:00","dateModified":"2019-02-13T14:13:08+00:00","author":{"@id":"https:\/\/www.welovecycling.com\/sk\/#\/schema\/person\/8ee09ba39b7e25b1870160aa5b3a89bc"},"breadcrumb":{"@id":"https:\/\/www.welovecycling.com\/sk\/2018\/08\/27\/rozhovor-radka-paulechova-slovenske-zeliezko-v-ohni\/#breadcrumb"},"inLanguage":"sk-SK","potentialAction":[{"@type":"ReadAction","target":["https:\/\/www.welovecycling.com\/sk\/2018\/08\/27\/rozhovor-radka-paulechova-slovenske-zeliezko-v-ohni\/"]}]},{"@type":"ImageObject","inLanguage":"sk-SK","@id":"https:\/\/www.welovecycling.com\/sk\/2018\/08\/27\/rozhovor-radka-paulechova-slovenske-zeliezko-v-ohni\/#primaryimage","url":"https:\/\/d2p6e6u75xmxt8.cloudfront.net\/4\/2018\/08\/titulka-4.webp","contentUrl":"https:\/\/d2p6e6u75xmxt8.cloudfront.net\/4\/2018\/08\/titulka-4.webp","width":1380,"height":600},{"@type":"BreadcrumbList","@id":"https:\/\/www.welovecycling.com\/sk\/2018\/08\/27\/rozhovor-radka-paulechova-slovenske-zeliezko-v-ohni\/#breadcrumb","itemListElement":[{"@type":"ListItem","position":1,"name":"Home","item":"https:\/\/www.welovecycling.com\/sk\/"},{"@type":"ListItem","position":2,"name":"Rozhovor: Radka Paulechov\u00e1 &#8211; slovensk\u00e9 \u017eeliezko v ohni"}]},{"@type":"WebSite","@id":"https:\/\/www.welovecycling.com\/sk\/#website","url":"https:\/\/www.welovecycling.com\/sk\/","name":"\u0160koda We Love Cycling Slovensko","description":"\u0160koda We Love Cycling Slovensko je v\u00e1\u0161 ka\u017edodenn\u00fd zdroj noviniek a in\u0161pir\u00e1cie z sveta cyklistiky","potentialAction":[{"@type":"SearchAction","target":{"@type":"EntryPoint","urlTemplate":"https:\/\/www.welovecycling.com\/sk\/?s={search_term_string}"},"query-input":{"@type":"PropertyValueSpecification","valueRequired":true,"valueName":"search_term_string"}}],"inLanguage":"sk-SK"},{"@type":"Person","@id":"https:\/\/www.welovecycling.com\/sk\/#\/schema\/person\/8ee09ba39b7e25b1870160aa5b3a89bc","name":"Ondrej Ga\u0161par","image":{"@type":"ImageObject","inLanguage":"sk-SK","@id":"https:\/\/www.welovecycling.com\/sk\/#\/schema\/person\/image\/","url":"https:\/\/secure.gravatar.com\/avatar\/6126c9afb87b70da5abbb083ddbb21933da15f18f8ca7cb822aba0fb096a48f6?s=96&d=mm&r=g","contentUrl":"https:\/\/secure.gravatar.com\/avatar\/6126c9afb87b70da5abbb083ddbb21933da15f18f8ca7cb822aba0fb096a48f6?s=96&d=mm&r=g","caption":"Ondrej Ga\u0161par"},"url":"https:\/\/www.welovecycling.com\/sk\/author\/ondrejgaspar\/"}]}},"_links":{"self":[{"href":"https:\/\/www.welovecycling.com\/sk\/wp-json\/wp\/v2\/posts\/4821","targetHints":{"allow":["GET"]}}],"collection":[{"href":"https:\/\/www.welovecycling.com\/sk\/wp-json\/wp\/v2\/posts"}],"about":[{"href":"https:\/\/www.welovecycling.com\/sk\/wp-json\/wp\/v2\/types\/post"}],"author":[{"embeddable":true,"href":"https:\/\/www.welovecycling.com\/sk\/wp-json\/wp\/v2\/users\/38"}],"replies":[{"embeddable":true,"href":"https:\/\/www.welovecycling.com\/sk\/wp-json\/wp\/v2\/comments?post=4821"}],"version-history":[{"count":2,"href":"https:\/\/www.welovecycling.com\/sk\/wp-json\/wp\/v2\/posts\/4821\/revisions"}],"predecessor-version":[{"id":4829,"href":"https:\/\/www.welovecycling.com\/sk\/wp-json\/wp\/v2\/posts\/4821\/revisions\/4829"}],"wp:featuredmedia":[{"embeddable":true,"href":"https:\/\/www.welovecycling.com\/sk\/wp-json\/wp\/v2\/media\/4828"}],"wp:attachment":[{"href":"https:\/\/www.welovecycling.com\/sk\/wp-json\/wp\/v2\/media?parent=4821"}],"wp:term":[{"taxonomy":"category","embeddable":true,"href":"https:\/\/www.welovecycling.com\/sk\/wp-json\/wp\/v2\/categories?post=4821"},{"taxonomy":"post_tag","embeddable":true,"href":"https:\/\/www.welovecycling.com\/sk\/wp-json\/wp\/v2\/tags?post=4821"},{"taxonomy":"global-categories","embeddable":true,"href":"https:\/\/www.welovecycling.com\/sk\/wp-json\/wp\/v2\/global-categories?post=4821"}],"curies":[{"name":"wp","href":"https:\/\/api.w.org\/{rel}","templated":true}]}}