{"id":4803,"date":"2018-09-07T10:07:30","date_gmt":"2018-09-07T08:07:30","guid":{"rendered":"https:\/\/www.welovecycling.com\/sk\/?p=4803"},"modified":"2018-09-05T15:08:24","modified_gmt":"2018-09-05T13:08:24","slug":"okolo-slovenska-2018","status":"publish","type":"post","link":"https:\/\/www.welovecycling.com\/sk\/2018\/09\/07\/okolo-slovenska-2018\/","title":{"rendered":"Okolo Slovenska 2018"},"content":{"rendered":"<p><strong>U\u017e 62. ro\u010dn\u00edk jedin\u00fdch slovensk\u00fdch etapov\u00fdch pretekov v\u00a0kateg\u00f3rii 2.1 UCI sa uskuto\u010dn\u00ed 12.-16. septembra 2018. 5-d\u0148ov\u00e9 preteky sa prenes\u00fa od t\u00fdch najvy\u0161\u0161\u00edch pol\u00f4h v\u00a0okol\u00ed Vysok\u00fdch Tatier, a\u017e do n\u00ed\u017ein v\u00a0pomedz\u00ed Galanty a\u00a0\u0160ale.<\/strong><!--more--><\/p>\n<p><a href=\"https:\/\/d2p6e6u75xmxt8.cloudfront.net\/4\/2018\/08\/09-4.jpg\"><img loading=\"lazy\" decoding=\"async\" src=\"https:\/\/d2p6e6u75xmxt8.cloudfront.net\/4\/2018\/08\/09-4.jpg\" alt=\"\" width=\"1200\" height=\"800\" class=\"alignnone size-full wp-image-4819\" \/><\/a><\/p>\n<p>Minul\u00fd ro\u010dn\u00edk bol pre Okolo Slovenska zlomov\u00fd. Presunom do vy\u0161\u0161ej kateg\u00f3rie sa <strong>zv\u00fd\u0161il aj z\u00e1ujem zahrani\u010dn\u00fdch t\u00edmov<\/strong>. Medzi minul\u00fdch participantov patrili jazdci ako Ben Hermans, tohtoro\u010dn\u00fd v\u00ed\u0165az bodkovanej klasifik\u00e1cie z\u00a0Tour de France &#8211; Julian Alaphilippe, \u010di Bob Jungels alebo Niki Terpstra. Okrem prokontinent\u00e1lnych t\u00edmov, ak\u00fdmi s\u00fa Cofidis, Solutions Cr\u00e9dits, Bardiani-CSF, CCC Sprandi Polkowice alebo Gazprom-RusVelo, sa v\u00a0roku 2018 predstavia aj t\u00edmy kateg\u00f3rie World Tour ako Quick-Step-Floors \u010di BORA-hansgrohe.<\/p>\n<p><a href=\"https:\/\/d2p6e6u75xmxt8.cloudfront.net\/4\/2018\/08\/01-3.jpg\"><img loading=\"lazy\" decoding=\"async\" src=\"https:\/\/d2p6e6u75xmxt8.cloudfront.net\/4\/2018\/08\/01-3.jpg\" alt=\"\" width=\"1200\" height=\"800\" class=\"alignnone size-full wp-image-4804\" \/><\/a><\/p>\n<p>Nehodno opomen\u00fa\u0165 ani t\u00edmy so s\u00edce ni\u017e\u0161\u00edm svetov\u00fdm rankingom, ale porovnate\u013enou odhodlanos\u0165ou preuk\u00e1za\u0165 svoje kvality. \u010cesk\u00ed z\u00e1stupcovia, ktor\u00ed predned\u00e1vnom absolvovali Okolo Slovinska, doplnia rady popri holandsk\u00fdch, d\u00e1nskych, kazachstansk\u00fdch, po\u013esk\u00fdch, n\u00f3rskych a\u00a0in\u00fdch zoskupeniach.<\/p>\n<p><strong>Dom\u00e1ce \u0161ance bud\u00fa h\u00e1ji\u0165 jazdci t\u00edmu Dukla Bansk\u00e1 Bystrica<\/strong>. T\u00e1 m\u00e1 pripraven\u00fa siln\u00fa zostavu pod taktovkou M. Fra\u0148a. Medzi jej jazdcov patria \u0161portovci ako tohtoro\u010dn\u00fd majster Slovenska v\u00a0\u010dasovke, M. \u010caneck\u00fd, M. Haring, v\u00ed\u0165az 4. etapy na Tour du Cameroun 2018, \u010di M. Mah\u010far, J. A. Cully alebo P. Tybor.<\/p>\n<p><a href=\"https:\/\/d2p6e6u75xmxt8.cloudfront.net\/4\/2018\/08\/02-4.jpg\"><img loading=\"lazy\" decoding=\"async\" src=\"https:\/\/d2p6e6u75xmxt8.cloudfront.net\/4\/2018\/08\/02-4.jpg\" alt=\"\" width=\"1200\" height=\"800\" class=\"alignnone size-full wp-image-4805\" \/><\/a><\/p>\n<h2><strong>Etapy<\/strong><\/h2>\n<p>Rozmanit\u00fd ter\u00e9n Slovenska sa aj tento rok podp\u00ed\u0161e pod profily jednotliv\u00fdch et\u00e1p. Od severn\u00fdch \u010dast\u00ed, obdaren\u00fdch malebn\u00fdmi a v\u00fd\u017eivn\u00fdmi st\u00fapaniami, zav\u0155\u0161en\u00fdmi \u00fachvatn\u00fdmi scen\u00e9riami, a\u017e po juhoz\u00e1pad, k rovinat\u00fdm pl\u00e1\u0148am Podunajskej n\u00ed\u017einy.<\/p>\n<p><a href=\"https:\/\/d2p6e6u75xmxt8.cloudfront.net\/4\/2018\/08\/03-5.jpg\"><img loading=\"lazy\" decoding=\"async\" src=\"https:\/\/d2p6e6u75xmxt8.cloudfront.net\/4\/2018\/08\/03-5.jpg\" alt=\"\" width=\"1200\" height=\"800\" class=\"alignnone size-full wp-image-4812\" \/><\/a><\/p>\n<h2><strong>Prol\u00f3g Poprad \u2013 Poprad (1,6 km, rovinat\u00e1, \u010dasovka jednotlivcov)<\/strong><\/h2>\n<p>Do pretekov n\u00e1s uvedie vzdialenos\u0165ou naozaj kr\u00e1tka \u010dasovka. Rozdiely nemo\u017eno o\u010dak\u00e1va\u0165 markantn\u00e9, za to sa v\u0161ak div\u00e1ci v\u00a0Poprade dos\u00fdta vynad\u00edvaj\u00fa na vrcholov\u00fdch \u0161portovcov. Situovan\u00e1 je <strong>v\u00a0centre mesta<\/strong> a s\u00a0d\u013a\u017ekou pod 2 kilometre nebude n\u00fadza o\u00a0dlh\u00e9 chv\u00edle popri trati. Prv\u00fd jazdec \u0161tartuje o\u00a017:00, posledn\u00fd o\u00a019:00.<\/p>\n<p><a href=\"https:\/\/d2p6e6u75xmxt8.cloudfront.net\/4\/2018\/08\/04-5.jpg\"><img loading=\"lazy\" decoding=\"async\" src=\"https:\/\/d2p6e6u75xmxt8.cloudfront.net\/4\/2018\/08\/04-5.jpg\" alt=\"\" width=\"1200\" height=\"800\" class=\"alignnone size-full wp-image-4813\" \/><\/a><\/p>\n<h2><strong>1. etapa Poprad \u2013 \u0160trbsk\u00e9 pleso (164,4 km, horsk\u00e1)<\/strong><\/h2>\n<p>U\u017e prv\u00e1 etapa vytiahne es\u00e1 z\u00a0vreciek organiz\u00e1torov. <strong>7 horsk\u00fdch pr\u00e9mi\u00ed<\/strong> prever\u00ed fyzick\u00fa zdatnos\u0165 pretek\u00e1rov a\u00a0rozhodne o\u00a0v\u00fdvoji celkov\u00e9ho poradia. Ikonick\u00fd z\u00e1ver v\u00a0podobe dojazdu na \u0160trbskom plese len podtrhuje osobitos\u0165 pretekov Okolo Slovenska. \u0160tart etapy je napl\u00e1novan\u00fd na 12:30, predpokladan\u00fd pr\u00edchod jazdcov do cie\u013ea je napl\u00e1novan\u00fd na 16:50.<\/p>\n<p><a href=\"https:\/\/d2p6e6u75xmxt8.cloudfront.net\/4\/2018\/08\/05-6.jpg\"><img loading=\"lazy\" decoding=\"async\" src=\"https:\/\/d2p6e6u75xmxt8.cloudfront.net\/4\/2018\/08\/05-6.jpg\" alt=\"\" width=\"1200\" height=\"800\" class=\"alignnone size-full wp-image-4814\" \/><\/a><\/p>\n<h2><strong>2. etapa Ru\u017eomberok \u2013 Dubnica nad V\u00e1hom (191,7 km, horsk\u00e1)<\/strong><\/h2>\n<p>To, \u017ee kopce nie s\u00fa len v\u00a0Tatr\u00e1ch, je jasn\u00e9 z\u00a0profilu 2. etapy. Op\u00e4\u0165 rovnak\u00fd po\u010det, <strong>7 vrch\u00e1rskych pr\u00e9mi\u00ed<\/strong>, cez zn\u00e1me st\u00fapania ako Donovaly, \u0160turec alebo Fa\u010dkovsk\u00e9 sedlo, prived\u00fa jazdcov okolo 18:00 do cie\u013ea v\u00a0Dubnici nad V\u00e1hom. Okrem nich s\u00fa na trase rozmiestnen\u00e9 aj 3 \u0161print\u00e9rske pr\u00e9mie.<\/p>\n<p><a href=\"https:\/\/d2p6e6u75xmxt8.cloudfront.net\/4\/2018\/08\/06-6.jpg\"><img loading=\"lazy\" decoding=\"async\" src=\"https:\/\/d2p6e6u75xmxt8.cloudfront.net\/4\/2018\/08\/06-6.jpg\" alt=\"\" width=\"1200\" height=\"800\" class=\"alignnone size-full wp-image-4815\" \/><\/a><\/p>\n<h2><strong>3. etapa Dubnica nad V\u00e1hom \u2013 Nitra (180,6 km, kopcovit\u00e1)<\/strong><\/h2>\n<p>Preteky naber\u00fa smer na juh, \u010d\u00edm v\u0161ak <strong>neubudn\u00fa ani st\u00fapania<\/strong>. Vyv\u00e1\u017een\u00fd po\u010det vrch\u00e1rskych a\u00a0\u0161print\u00e9rskych pr\u00e9mi\u00ed, teda po troch pre ka\u017ed\u00e9, zv\u00fd\u0161ia \u0161ance na \u00faspech pre toho, kto nie je v\u00fdslovn\u00fd vrch\u00e1r, no m\u00e1 dobr\u00e9 silov\u00e9 kvality.<\/p>\n<p><a href=\"https:\/\/d2p6e6u75xmxt8.cloudfront.net\/4\/2018\/08\/07-4.jpg\"><img loading=\"lazy\" decoding=\"async\" src=\"https:\/\/d2p6e6u75xmxt8.cloudfront.net\/4\/2018\/08\/07-4.jpg\" alt=\"\" width=\"1200\" height=\"800\" class=\"alignnone size-full wp-image-4816\" \/><\/a><\/p>\n<h2><strong>4. etapa Nitra \u2013 Galanta (157,2 km, rovinat\u00e1)<\/strong><\/h2>\n<p>Z\u00e1ver Okolo Slovenska sa bude nies\u0165 v\u00a0prostred\u00ed Podunajskej n\u00ed\u017einy, bez ak\u00fdchko\u013evek n\u00e1znakov st\u00fapan\u00ed. <strong>Tri r\u00fdchlostn\u00e9 pr\u00e9mie rozhodn\u00fa o\u00a0v\u00ed\u0165azovi klasifik\u00e1cie<\/strong>. Jazdcov m\u00f4\u017eete o\u010dak\u00e1va\u0165 v\u00a0cieli pri r\u00fdchlostnom priemere 42 km\/h o\u00a013:20.<\/p>\n<p><a href=\"https:\/\/d2p6e6u75xmxt8.cloudfront.net\/4\/2018\/08\/08-4.jpg\"><img loading=\"lazy\" decoding=\"async\" src=\"https:\/\/d2p6e6u75xmxt8.cloudfront.net\/4\/2018\/08\/08-4.jpg\" alt=\"\" width=\"1200\" height=\"800\" class=\"alignnone size-full wp-image-4817\" \/><\/a><\/p>\n<p>(zdroj foto: FB\/OkoloSlovenska, Okoloslovenska.sk)<\/p>\n","protected":false},"excerpt":{"rendered":"<p>U\u017e 62. ro\u010dn\u00edk jedin\u00fdch slovensk\u00fdch etapov\u00fdch pretekov v\u00a0kateg\u00f3rii 2.1 UCI sa uskuto\u010dn\u00ed 12.-16. septembra 2018. 5-d\u0148ov\u00e9 preteky sa prenes\u00fa od [&hellip;]<\/p>\n","protected":false},"author":38,"featured_media":4864,"comment_status":"open","ping_status":"open","sticky":false,"template":"","format":"standard","meta":{"footnotes":""},"categories":[4,34],"tags":[160,115,487,574,331,178,97,179,523,100],"global-categories":[],"class_list":["post-4803","post","type-post","status-publish","format-standard","has-post-thumbnail","hentry","category-cestna-cyklisitika","category-podujatia","tag-bora-hansgrohe","tag-cestna-cyklistika","tag-cestny-bicykel","tag-dukla-banska-bystrica","tag-etapove-preteky","tag-maraton","tag-okolo-slovenska","tag-preteky","tag-slovensko","tag-uci-2-1"],"yoast_head":"<!-- This site is optimized with the Yoast SEO Premium plugin v25.3 (Yoast SEO v25.9) - https:\/\/yoast.com\/wordpress\/plugins\/seo\/ -->\n<title>Okolo Slovenska 2018 - \u0160koda We Love Cycling Slovensko<\/title>\n<meta name=\"robots\" content=\"index, follow, max-snippet:-1, max-image-preview:large, max-video-preview:-1\" \/>\n<link rel=\"canonical\" href=\"https:\/\/www.welovecycling.com\/sk\/2018\/09\/07\/okolo-slovenska-2018\/\" \/>\n<meta property=\"og:locale\" content=\"sk_SK\" \/>\n<meta property=\"og:type\" content=\"article\" \/>\n<meta property=\"og:title\" content=\"Okolo Slovenska 2018\" \/>\n<meta property=\"og:description\" content=\"U\u017e 62. ro\u010dn\u00edk jedin\u00fdch slovensk\u00fdch etapov\u00fdch pretekov v\u00a0kateg\u00f3rii 2.1 UCI sa uskuto\u010dn\u00ed 12.-16. septembra 2018. 5-d\u0148ov\u00e9 preteky sa prenes\u00fa od [&hellip;]\" \/>\n<meta property=\"og:url\" content=\"https:\/\/www.welovecycling.com\/sk\/2018\/09\/07\/okolo-slovenska-2018\/\" \/>\n<meta property=\"og:site_name\" content=\"\u0160koda We Love Cycling Slovensko\" \/>\n<meta property=\"article:published_time\" content=\"2018-09-07T08:07:30+00:00\" \/>\n<meta property=\"og:image\" content=\"https:\/\/d2p6e6u75xmxt8.cloudfront.net\/4\/2018\/08\/1380x600.webp\" \/>\n\t<meta property=\"og:image:width\" content=\"1380\" \/>\n\t<meta property=\"og:image:height\" content=\"600\" \/>\n\t<meta property=\"og:image:type\" content=\"image\/webp\" \/>\n<meta name=\"author\" content=\"Ondrej Ga\u0161par\" \/>\n<meta name=\"twitter:card\" content=\"summary_large_image\" \/>\n<meta name=\"twitter:label1\" content=\"Written by\" \/>\n\t<meta name=\"twitter:data1\" content=\"We Love Cycling\" \/>\n\t<meta name=\"twitter:label2\" content=\"Est. reading time\" \/>\n\t<meta name=\"twitter:data2\" content=\"3\" \/>\n<script type=\"application\/ld+json\" class=\"yoast-schema-graph\">{\"@context\":\"https:\/\/schema.org\",\"@graph\":[{\"@type\":\"WebPage\",\"@id\":\"https:\/\/www.welovecycling.com\/sk\/2018\/09\/07\/okolo-slovenska-2018\/\",\"url\":\"https:\/\/www.welovecycling.com\/sk\/2018\/09\/07\/okolo-slovenska-2018\/\",\"name\":\"Okolo Slovenska 2018 - \u0160koda We Love Cycling Slovensko\",\"isPartOf\":{\"@id\":\"https:\/\/www.welovecycling.com\/sk\/#website\"},\"primaryImageOfPage\":{\"@id\":\"https:\/\/www.welovecycling.com\/sk\/2018\/09\/07\/okolo-slovenska-2018\/#primaryimage\"},\"image\":{\"@id\":\"https:\/\/www.welovecycling.com\/sk\/2018\/09\/07\/okolo-slovenska-2018\/#primaryimage\"},\"thumbnailUrl\":\"https:\/\/d2p6e6u75xmxt8.cloudfront.net\/4\/2018\/08\/1380x600.webp\",\"datePublished\":\"2018-09-07T08:07:30+00:00\",\"author\":{\"@id\":\"https:\/\/www.welovecycling.com\/sk\/#\/schema\/person\/8ee09ba39b7e25b1870160aa5b3a89bc\"},\"breadcrumb\":{\"@id\":\"https:\/\/www.welovecycling.com\/sk\/2018\/09\/07\/okolo-slovenska-2018\/#breadcrumb\"},\"inLanguage\":\"sk-SK\",\"potentialAction\":[{\"@type\":\"ReadAction\",\"target\":[\"https:\/\/www.welovecycling.com\/sk\/2018\/09\/07\/okolo-slovenska-2018\/\"]}]},{\"@type\":\"ImageObject\",\"inLanguage\":\"sk-SK\",\"@id\":\"https:\/\/www.welovecycling.com\/sk\/2018\/09\/07\/okolo-slovenska-2018\/#primaryimage\",\"url\":\"https:\/\/d2p6e6u75xmxt8.cloudfront.net\/4\/2018\/08\/1380x600.webp\",\"contentUrl\":\"https:\/\/d2p6e6u75xmxt8.cloudfront.net\/4\/2018\/08\/1380x600.webp\",\"width\":1380,\"height\":600},{\"@type\":\"BreadcrumbList\",\"@id\":\"https:\/\/www.welovecycling.com\/sk\/2018\/09\/07\/okolo-slovenska-2018\/#breadcrumb\",\"itemListElement\":[{\"@type\":\"ListItem\",\"position\":1,\"name\":\"Home\",\"item\":\"https:\/\/www.welovecycling.com\/sk\/\"},{\"@type\":\"ListItem\",\"position\":2,\"name\":\"Okolo Slovenska 2018\"}]},{\"@type\":\"WebSite\",\"@id\":\"https:\/\/www.welovecycling.com\/sk\/#website\",\"url\":\"https:\/\/www.welovecycling.com\/sk\/\",\"name\":\"\u0160koda We Love Cycling Slovensko\",\"description\":\"\u0160koda We Love Cycling Slovensko je v\u00e1\u0161 ka\u017edodenn\u00fd zdroj noviniek a in\u0161pir\u00e1cie z sveta cyklistiky\",\"potentialAction\":[{\"@type\":\"SearchAction\",\"target\":{\"@type\":\"EntryPoint\",\"urlTemplate\":\"https:\/\/www.welovecycling.com\/sk\/?s={search_term_string}\"},\"query-input\":{\"@type\":\"PropertyValueSpecification\",\"valueRequired\":true,\"valueName\":\"search_term_string\"}}],\"inLanguage\":\"sk-SK\"},{\"@type\":\"Person\",\"@id\":\"https:\/\/www.welovecycling.com\/sk\/#\/schema\/person\/8ee09ba39b7e25b1870160aa5b3a89bc\",\"name\":\"Ondrej Ga\u0161par\",\"image\":{\"@type\":\"ImageObject\",\"inLanguage\":\"sk-SK\",\"@id\":\"https:\/\/www.welovecycling.com\/sk\/#\/schema\/person\/image\/\",\"url\":\"https:\/\/secure.gravatar.com\/avatar\/6126c9afb87b70da5abbb083ddbb21933da15f18f8ca7cb822aba0fb096a48f6?s=96&d=mm&r=g\",\"contentUrl\":\"https:\/\/secure.gravatar.com\/avatar\/6126c9afb87b70da5abbb083ddbb21933da15f18f8ca7cb822aba0fb096a48f6?s=96&d=mm&r=g\",\"caption\":\"Ondrej Ga\u0161par\"},\"url\":\"https:\/\/www.welovecycling.com\/sk\/author\/ondrejgaspar\/\"}]}<\/script>\n<!-- \/ Yoast SEO Premium plugin. -->","yoast_head_json":{"title":"Okolo Slovenska 2018 - \u0160koda We Love Cycling Slovensko","robots":{"index":"index","follow":"follow","max-snippet":"max-snippet:-1","max-image-preview":"max-image-preview:large","max-video-preview":"max-video-preview:-1"},"canonical":"https:\/\/www.welovecycling.com\/sk\/2018\/09\/07\/okolo-slovenska-2018\/","og_locale":"sk_SK","og_type":"article","og_title":"Okolo Slovenska 2018","og_description":"U\u017e 62. ro\u010dn\u00edk jedin\u00fdch slovensk\u00fdch etapov\u00fdch pretekov v\u00a0kateg\u00f3rii 2.1 UCI sa uskuto\u010dn\u00ed 12.-16. septembra 2018. 5-d\u0148ov\u00e9 preteky sa prenes\u00fa od [&hellip;]","og_url":"https:\/\/www.welovecycling.com\/sk\/2018\/09\/07\/okolo-slovenska-2018\/","og_site_name":"\u0160koda We Love Cycling Slovensko","article_published_time":"2018-09-07T08:07:30+00:00","og_image":[{"width":1380,"height":600,"url":"https:\/\/d2p6e6u75xmxt8.cloudfront.net\/4\/2018\/08\/1380x600.webp","type":"image\/webp"}],"author":"Ondrej Ga\u0161par","twitter_card":"summary_large_image","twitter_misc":{"Written by":"We Love Cycling","Est. reading time":"3"},"schema":{"@context":"https:\/\/schema.org","@graph":[{"@type":"WebPage","@id":"https:\/\/www.welovecycling.com\/sk\/2018\/09\/07\/okolo-slovenska-2018\/","url":"https:\/\/www.welovecycling.com\/sk\/2018\/09\/07\/okolo-slovenska-2018\/","name":"Okolo Slovenska 2018 - \u0160koda We Love Cycling Slovensko","isPartOf":{"@id":"https:\/\/www.welovecycling.com\/sk\/#website"},"primaryImageOfPage":{"@id":"https:\/\/www.welovecycling.com\/sk\/2018\/09\/07\/okolo-slovenska-2018\/#primaryimage"},"image":{"@id":"https:\/\/www.welovecycling.com\/sk\/2018\/09\/07\/okolo-slovenska-2018\/#primaryimage"},"thumbnailUrl":"https:\/\/d2p6e6u75xmxt8.cloudfront.net\/4\/2018\/08\/1380x600.webp","datePublished":"2018-09-07T08:07:30+00:00","author":{"@id":"https:\/\/www.welovecycling.com\/sk\/#\/schema\/person\/8ee09ba39b7e25b1870160aa5b3a89bc"},"breadcrumb":{"@id":"https:\/\/www.welovecycling.com\/sk\/2018\/09\/07\/okolo-slovenska-2018\/#breadcrumb"},"inLanguage":"sk-SK","potentialAction":[{"@type":"ReadAction","target":["https:\/\/www.welovecycling.com\/sk\/2018\/09\/07\/okolo-slovenska-2018\/"]}]},{"@type":"ImageObject","inLanguage":"sk-SK","@id":"https:\/\/www.welovecycling.com\/sk\/2018\/09\/07\/okolo-slovenska-2018\/#primaryimage","url":"https:\/\/d2p6e6u75xmxt8.cloudfront.net\/4\/2018\/08\/1380x600.webp","contentUrl":"https:\/\/d2p6e6u75xmxt8.cloudfront.net\/4\/2018\/08\/1380x600.webp","width":1380,"height":600},{"@type":"BreadcrumbList","@id":"https:\/\/www.welovecycling.com\/sk\/2018\/09\/07\/okolo-slovenska-2018\/#breadcrumb","itemListElement":[{"@type":"ListItem","position":1,"name":"Home","item":"https:\/\/www.welovecycling.com\/sk\/"},{"@type":"ListItem","position":2,"name":"Okolo Slovenska 2018"}]},{"@type":"WebSite","@id":"https:\/\/www.welovecycling.com\/sk\/#website","url":"https:\/\/www.welovecycling.com\/sk\/","name":"\u0160koda We Love Cycling Slovensko","description":"\u0160koda We Love Cycling Slovensko je v\u00e1\u0161 ka\u017edodenn\u00fd zdroj noviniek a in\u0161pir\u00e1cie z sveta cyklistiky","potentialAction":[{"@type":"SearchAction","target":{"@type":"EntryPoint","urlTemplate":"https:\/\/www.welovecycling.com\/sk\/?s={search_term_string}"},"query-input":{"@type":"PropertyValueSpecification","valueRequired":true,"valueName":"search_term_string"}}],"inLanguage":"sk-SK"},{"@type":"Person","@id":"https:\/\/www.welovecycling.com\/sk\/#\/schema\/person\/8ee09ba39b7e25b1870160aa5b3a89bc","name":"Ondrej Ga\u0161par","image":{"@type":"ImageObject","inLanguage":"sk-SK","@id":"https:\/\/www.welovecycling.com\/sk\/#\/schema\/person\/image\/","url":"https:\/\/secure.gravatar.com\/avatar\/6126c9afb87b70da5abbb083ddbb21933da15f18f8ca7cb822aba0fb096a48f6?s=96&d=mm&r=g","contentUrl":"https:\/\/secure.gravatar.com\/avatar\/6126c9afb87b70da5abbb083ddbb21933da15f18f8ca7cb822aba0fb096a48f6?s=96&d=mm&r=g","caption":"Ondrej Ga\u0161par"},"url":"https:\/\/www.welovecycling.com\/sk\/author\/ondrejgaspar\/"}]}},"_links":{"self":[{"href":"https:\/\/www.welovecycling.com\/sk\/wp-json\/wp\/v2\/posts\/4803","targetHints":{"allow":["GET"]}}],"collection":[{"href":"https:\/\/www.welovecycling.com\/sk\/wp-json\/wp\/v2\/posts"}],"about":[{"href":"https:\/\/www.welovecycling.com\/sk\/wp-json\/wp\/v2\/types\/post"}],"author":[{"embeddable":true,"href":"https:\/\/www.welovecycling.com\/sk\/wp-json\/wp\/v2\/users\/38"}],"replies":[{"embeddable":true,"href":"https:\/\/www.welovecycling.com\/sk\/wp-json\/wp\/v2\/comments?post=4803"}],"version-history":[{"count":2,"href":"https:\/\/www.welovecycling.com\/sk\/wp-json\/wp\/v2\/posts\/4803\/revisions"}],"predecessor-version":[{"id":4820,"href":"https:\/\/www.welovecycling.com\/sk\/wp-json\/wp\/v2\/posts\/4803\/revisions\/4820"}],"wp:featuredmedia":[{"embeddable":true,"href":"https:\/\/www.welovecycling.com\/sk\/wp-json\/wp\/v2\/media\/4864"}],"wp:attachment":[{"href":"https:\/\/www.welovecycling.com\/sk\/wp-json\/wp\/v2\/media?parent=4803"}],"wp:term":[{"taxonomy":"category","embeddable":true,"href":"https:\/\/www.welovecycling.com\/sk\/wp-json\/wp\/v2\/categories?post=4803"},{"taxonomy":"post_tag","embeddable":true,"href":"https:\/\/www.welovecycling.com\/sk\/wp-json\/wp\/v2\/tags?post=4803"},{"taxonomy":"global-categories","embeddable":true,"href":"https:\/\/www.welovecycling.com\/sk\/wp-json\/wp\/v2\/global-categories?post=4803"}],"curies":[{"name":"wp","href":"https:\/\/api.w.org\/{rel}","templated":true}]}}