{"id":4783,"date":"2018-08-20T17:36:37","date_gmt":"2018-08-20T15:36:37","guid":{"rendered":"https:\/\/www.welovecycling.com\/sk\/?p=4783"},"modified":"2018-08-20T17:36:37","modified_gmt":"2018-08-20T15:36:37","slug":"posledna-z-trojice-la-vuelta-a-espana-2018","status":"publish","type":"post","link":"https:\/\/www.welovecycling.com\/sk\/2018\/08\/20\/posledna-z-trojice-la-vuelta-a-espana-2018\/","title":{"rendered":"Posledn\u00e1 z\u00a0trojice, La Vuelta a\u00a0Espa\u00f1a 2018"},"content":{"rendered":"<p><strong>25. augusta sa za\u010d\u00edna 73. ro\u010dn\u00edk La Vuelta a\u00a0Espa\u00f1a v\u00a0\u0161panielskej Malage. Po dvoch sviatkoch cyklistiky v\u00a0podobe Gira d\u00b4Italia a\u00a0minulomesa\u010dnej Tour de France, prich\u00e1dza na rad \u0161panielska kr\u00e1ska. Svoje podmaniv\u00e9 krivky naplno uk\u00e1\u017ee v\u00a0nie pr\u00e1ve naj\u013eah\u0161\u00edch etap\u00e1ch po\u010das 23 dn\u00ed (vr\u00e1tane 2 odpo\u010dinkov\u00fdch).<\/strong><!--more--><\/p>\n<p>https:\/\/www.youtube.com\/watch?v=f4h6JcnQD_8<\/p>\n<p>Vuelta je \u0161pecifick\u00fdmi pretekmi kv\u00f4li <strong>\u010dlenit\u00e9mu profilu trate<\/strong>. Pam\u00e4tn\u00fd ro\u010dn\u00edk 2015 (a nielen on) s\u00a011. etapou, v\u00a0ktorej jazdci nast\u00fapali po\u010das 138 kilometrov 5 000 v\u00fd\u0161kov\u00fdch metrov, nie je ni\u010d\u00edm v\u00fdnimo\u010dn\u00fdm. Aj tento rok sa jazdci bud\u00fa musie\u0165 popasova\u0165 so 6 hodnoten\u00fdmi st\u00fapaniami, a\u00a0to po\u010das 20. etapy, pri\u010dom <strong>cie\u013e bude na Coll de la Gallina<\/strong>, vrchole 1. kateg\u00f3rie.<\/p>\n<h2><strong>Hist\u00f3ria<\/strong><\/h2>\n<p>Korene Vuelty siahaj\u00fa a\u017e do roku 1935, kedy sa na tra\u0165 dlh\u00fa 3 411 km, vydalo 50 jazdcov. \u010co do po\u010dtu v\u00ed\u0165azstiev z\u00a0n\u00e1rodnostn\u00e9ho poh\u013eadu, najviac \u00faspechov \u017eali jazdci \u0160panielska, presne 32. Posledn\u00fdm z\u00a0nich bol Alberto Contador v\u00a0roku 2014. Ak u\u017e hovor\u00edme o\u00a0rekordoch, <strong>najviac vyhrat\u00fdch et\u00e1p<\/strong> si prip\u00edsal <strong>Delio Rodriguez<\/strong>, ktor\u00e9mu sa podarilo v\u00a0rokoch 1941-47 (okrem 1943 a\u00a01944, kedy sa kv\u00f4li prebiehaj\u00facej 2. sv. vojne nes\u00fa\u0165a\u017eilo) z\u00edska\u0165 39 et\u00e1p, z\u00a0toho 12 po\u010das 3. ro\u010dn\u00edka (1941)! V priebehu 83 rokov sa podarilo zorganizova\u0165 Vueltu 73-kr\u00e1t. Vynechanie niektor\u00fdch rokov mali na svedom\u00ed \u0160panielska ob\u010dianska vojna, 2. svetov\u00e1 vojna, ako aj in\u00e9 aspekty po\u010das 50. rokov.<\/p>\n<p><a href=\"https:\/\/d2p6e6u75xmxt8.cloudfront.net\/4\/2018\/08\/fdced.jpg\"><img loading=\"lazy\" decoding=\"async\" src=\"https:\/\/d2p6e6u75xmxt8.cloudfront.net\/4\/2018\/08\/fdced.jpg\" alt=\"\" width=\"1200\" height=\"800\" class=\"alignnone size-full wp-image-4789\" \/><\/a><\/p>\n<h2><strong>\u00da\u010das\u0165 pretek\u00e1rov<\/strong><\/h2>\n<p>Pomaly, ale isto sa dozved\u00e1me men\u00e1 jazdcov, participuj\u00facich na tohtoro\u010dnej Vuelte. Medzi t\u00fdch, ktor\u00ed sa bud\u00fa uch\u00e1dza\u0165 o\u00a0celkov\u00e9 v\u00ed\u0165azstvo, m\u00f4\u017eeme poklada\u0165 aj \u017eraloka z\u00a0Messini, <strong>Vincenza Nibaliho<\/strong> (Bahrain-Merida), ktor\u00fd sa dok\u00e1zal po ne\u0161\u0165astnom p\u00e1de po styku s\u00a0div\u00e1kom na Tour de France zotavi\u0165. L\u00eddrov t\u00edmov, ktor\u00ed museli odst\u00fapi\u0165 z\u00a0TdF, pov\u00e4\u010d\u0161ine zo zdravotn\u00fdch d\u00f4vodov, bolo viacero. Te\u0161i\u0165 sa m\u00f4\u017eeme na v\u00fdkony <strong>Rigoberta Urana<\/strong> (EF Education First Drapac p\/b Cannondale) alebo <strong>Richieho Porta<\/strong> (BMC). Okrem nich sa predstavia aj <strong>Nairo Quintana<\/strong> (Movistar), maj\u00faci smolu na Tour, <strong>Fabio Aru<\/strong> (UAE), <strong>Thibault Pinot<\/strong> (FDJ), ako aj <strong>Ilnur Zakarin<\/strong> (KATUSHA ALPECIN). Na vlne v\u00fdkonnosti sa bude vies\u0165 aj <strong>Kruijswijk<\/strong> (LottoNL-Jumbo), ale aj <strong>Lopez<\/strong> (Astana).<\/p>\n<p><a href=\"https:\/\/d2p6e6u75xmxt8.cloudfront.net\/4\/2018\/08\/03-4.jpg\"><img loading=\"lazy\" decoding=\"async\" src=\"https:\/\/d2p6e6u75xmxt8.cloudfront.net\/4\/2018\/08\/03-4.jpg\" alt=\"\" width=\"1200\" height=\"800\" class=\"alignnone size-full wp-image-4784\" \/><\/a><\/p>\n<h2><strong>Peter Sagan<\/strong><\/h2>\n<p>Slovensk\u00e9 \u0161ance podr\u017e\u00ed najm\u00e4 nosite\u013e dresu svetov\u00e9ho \u0161ampi\u00f3na, Peter Sagan, spolu so svoj\u00edm bratom Jurajom (obaja BORA-hansgrohe). Aj v\u00a073. vydan\u00ed Vuelty nebud\u00fa ch\u00fdba\u0165 tak\u00e9, v\u00a0ktor\u00fdch sa bude m\u00f4c\u0165 Sagan presadi\u0165. Medzi ne patria najm\u00e4 zvlnen\u00e1 2. etapa, ktorej koniec s\u00edce st\u00fapa, av\u0161ak \u201elen\u201c na hodnoten\u00fd vrchol 3. kateg\u00f3rie, \u010falej 3. etapa, ktorej posledn\u00fdch 25 kilometrov m\u00e1 klesav\u00fd alebo rovinat\u00fd charakter. 6. etapa bude pasova\u0165 v\u00e4\u010d\u0161mi r\u00fddzim \u0161print\u00e9rom, ke\u010f\u017ee dojazd mieri a\u017e na \u00farove\u0148 mora. Hne\u010f nasleduj\u00faca 7. a\u00a08. etapa, s\u00a0mierne zvlnen\u00fdm profilom, bude pasova\u0165 najm\u00e4 klasik\u00e1rsky zalo\u017een\u00fdm jazdcom. Po dni vo\u013ena sa budeme znovu chysta\u0165 na \u0161print\u00e9rsky dojazd, 177 km s\u00a0jedn\u00fdm st\u00fapan\u00edm 3. kateg\u00f3rie ur\u010dite neskol\u00ed ani \u0165a\u017e\u0161\u00edch jazdcov. Obdobn\u00e1 bude aj 12. etapa, s\u00a0minimom nast\u00fapan\u00fdch metrov a\u00a0klesav\u00fdm charakterom posledn\u00fdch kilometrov. Posledn\u00e1 mo\u017enos\u0165 pre slovensk\u00e9ho jazdca z\u00edska\u0165 vavr\u00edn pred fin\u00e1le v\u00a0Madride (21. etapa), sa mu naskytne v\u00a018. etape, neobsahuj\u00facej ak\u00e9ko\u013evek hodnoten\u00e9 st\u00fapanie.<\/p>\n<p><a href=\"https:\/\/d2p6e6u75xmxt8.cloudfront.net\/4\/2018\/08\/04-4.jpg\"><img loading=\"lazy\" decoding=\"async\" src=\"https:\/\/d2p6e6u75xmxt8.cloudfront.net\/4\/2018\/08\/04-4.jpg\" alt=\"\" width=\"1200\" height=\"800\" class=\"alignnone size-full wp-image-4785\" \/><\/a><\/p>\n<p>V\u00a0boji o\u00a0v\u00ed\u0165azstv\u00e1 najv\u00fdraznej\u0161ie prehovor\u00ed napr\u00edklad Bouhanni (Cofidis), Trentin (Mitchelton-SCOTT) alebo Viviani (Quick-Step).<\/p>\n","protected":false},"excerpt":{"rendered":"<p>25. augusta sa za\u010d\u00edna 73. ro\u010dn\u00edk La Vuelta a\u00a0Espa\u00f1a v\u00a0\u0161panielskej Malage. Po dvoch sviatkoch cyklistiky v\u00a0podobe Gira d\u00b4Italia a\u00a0minulomesa\u010dnej Tour [&hellip;]<\/p>\n","protected":false},"author":38,"featured_media":4786,"comment_status":"open","ping_status":"open","sticky":false,"template":"","format":"standard","meta":{"footnotes":""},"categories":[4,217],"tags":[255,160,275,115,116,46,179,256,251,197,219],"global-categories":[],"class_list":["post-4783","post","type-post","status-publish","format-standard","has-post-thumbnail","hentry","category-cestna-cyklisitika","category-vuelta-a-espana","tag-255","tag-bora-hansgrohe","tag-cesta","tag-cestna-cyklistika","tag-nairo-quintana","tag-peter-sagan","tag-preteky","tag-sezona","tag-spanielsko","tag-vincenzo-nibali","tag-vuelta-a-espana"],"yoast_head":"<!-- This site is optimized with the Yoast SEO Premium plugin v25.3 (Yoast SEO v25.9) - https:\/\/yoast.com\/wordpress\/plugins\/seo\/ -->\n<title>Posledn\u00e1 z\u00a0trojice, La Vuelta a\u00a0Espa\u00f1a 2018 - \u0160koda We Love Cycling Slovensko<\/title>\n<meta name=\"robots\" content=\"index, follow, max-snippet:-1, max-image-preview:large, max-video-preview:-1\" \/>\n<link rel=\"canonical\" href=\"https:\/\/www.welovecycling.com\/sk\/2018\/08\/20\/posledna-z-trojice-la-vuelta-a-espana-2018\/\" \/>\n<meta property=\"og:locale\" content=\"sk_SK\" \/>\n<meta property=\"og:type\" content=\"article\" \/>\n<meta property=\"og:title\" content=\"Posledn\u00e1 z\u00a0trojice, La Vuelta a\u00a0Espa\u00f1a 2018\" \/>\n<meta property=\"og:description\" content=\"25. augusta sa za\u010d\u00edna 73. ro\u010dn\u00edk La Vuelta a\u00a0Espa\u00f1a v\u00a0\u0161panielskej Malage. Po dvoch sviatkoch cyklistiky v\u00a0podobe Gira d\u00b4Italia a\u00a0minulomesa\u010dnej Tour [&hellip;]\" \/>\n<meta property=\"og:url\" content=\"https:\/\/www.welovecycling.com\/sk\/2018\/08\/20\/posledna-z-trojice-la-vuelta-a-espana-2018\/\" \/>\n<meta property=\"og:site_name\" content=\"\u0160koda We Love Cycling Slovensko\" \/>\n<meta property=\"article:published_time\" content=\"2018-08-20T15:36:37+00:00\" \/>\n<meta property=\"og:image\" content=\"https:\/\/d2p6e6u75xmxt8.cloudfront.net\/4\/2018\/08\/00-2.webp\" \/>\n\t<meta property=\"og:image:width\" content=\"1380\" \/>\n\t<meta property=\"og:image:height\" content=\"600\" \/>\n\t<meta property=\"og:image:type\" content=\"image\/webp\" \/>\n<meta name=\"author\" content=\"Ondrej Ga\u0161par\" \/>\n<meta name=\"twitter:card\" content=\"summary_large_image\" \/>\n<meta name=\"twitter:label1\" content=\"Written by\" \/>\n\t<meta name=\"twitter:data1\" content=\"We Love Cycling\" \/>\n\t<meta name=\"twitter:label2\" content=\"Est. reading time\" \/>\n\t<meta name=\"twitter:data2\" content=\"3\" \/>\n<script type=\"application\/ld+json\" class=\"yoast-schema-graph\">{\"@context\":\"https:\/\/schema.org\",\"@graph\":[{\"@type\":\"WebPage\",\"@id\":\"https:\/\/www.welovecycling.com\/sk\/2018\/08\/20\/posledna-z-trojice-la-vuelta-a-espana-2018\/\",\"url\":\"https:\/\/www.welovecycling.com\/sk\/2018\/08\/20\/posledna-z-trojice-la-vuelta-a-espana-2018\/\",\"name\":\"Posledn\u00e1 z\u00a0trojice, La Vuelta a\u00a0Espa\u00f1a 2018 - \u0160koda We Love Cycling Slovensko\",\"isPartOf\":{\"@id\":\"https:\/\/www.welovecycling.com\/sk\/#website\"},\"primaryImageOfPage\":{\"@id\":\"https:\/\/www.welovecycling.com\/sk\/2018\/08\/20\/posledna-z-trojice-la-vuelta-a-espana-2018\/#primaryimage\"},\"image\":{\"@id\":\"https:\/\/www.welovecycling.com\/sk\/2018\/08\/20\/posledna-z-trojice-la-vuelta-a-espana-2018\/#primaryimage\"},\"thumbnailUrl\":\"https:\/\/d2p6e6u75xmxt8.cloudfront.net\/4\/2018\/08\/00-2.webp\",\"datePublished\":\"2018-08-20T15:36:37+00:00\",\"author\":{\"@id\":\"https:\/\/www.welovecycling.com\/sk\/#\/schema\/person\/8ee09ba39b7e25b1870160aa5b3a89bc\"},\"breadcrumb\":{\"@id\":\"https:\/\/www.welovecycling.com\/sk\/2018\/08\/20\/posledna-z-trojice-la-vuelta-a-espana-2018\/#breadcrumb\"},\"inLanguage\":\"sk-SK\",\"potentialAction\":[{\"@type\":\"ReadAction\",\"target\":[\"https:\/\/www.welovecycling.com\/sk\/2018\/08\/20\/posledna-z-trojice-la-vuelta-a-espana-2018\/\"]}]},{\"@type\":\"ImageObject\",\"inLanguage\":\"sk-SK\",\"@id\":\"https:\/\/www.welovecycling.com\/sk\/2018\/08\/20\/posledna-z-trojice-la-vuelta-a-espana-2018\/#primaryimage\",\"url\":\"https:\/\/d2p6e6u75xmxt8.cloudfront.net\/4\/2018\/08\/00-2.webp\",\"contentUrl\":\"https:\/\/d2p6e6u75xmxt8.cloudfront.net\/4\/2018\/08\/00-2.webp\",\"width\":1380,\"height\":600},{\"@type\":\"BreadcrumbList\",\"@id\":\"https:\/\/www.welovecycling.com\/sk\/2018\/08\/20\/posledna-z-trojice-la-vuelta-a-espana-2018\/#breadcrumb\",\"itemListElement\":[{\"@type\":\"ListItem\",\"position\":1,\"name\":\"Home\",\"item\":\"https:\/\/www.welovecycling.com\/sk\/\"},{\"@type\":\"ListItem\",\"position\":2,\"name\":\"Posledn\u00e1 z\u00a0trojice, La Vuelta a\u00a0Espa\u00f1a 2018\"}]},{\"@type\":\"WebSite\",\"@id\":\"https:\/\/www.welovecycling.com\/sk\/#website\",\"url\":\"https:\/\/www.welovecycling.com\/sk\/\",\"name\":\"\u0160koda We Love Cycling Slovensko\",\"description\":\"\u0160koda We Love Cycling Slovensko je v\u00e1\u0161 ka\u017edodenn\u00fd zdroj noviniek a in\u0161pir\u00e1cie z sveta cyklistiky\",\"potentialAction\":[{\"@type\":\"SearchAction\",\"target\":{\"@type\":\"EntryPoint\",\"urlTemplate\":\"https:\/\/www.welovecycling.com\/sk\/?s={search_term_string}\"},\"query-input\":{\"@type\":\"PropertyValueSpecification\",\"valueRequired\":true,\"valueName\":\"search_term_string\"}}],\"inLanguage\":\"sk-SK\"},{\"@type\":\"Person\",\"@id\":\"https:\/\/www.welovecycling.com\/sk\/#\/schema\/person\/8ee09ba39b7e25b1870160aa5b3a89bc\",\"name\":\"Ondrej Ga\u0161par\",\"image\":{\"@type\":\"ImageObject\",\"inLanguage\":\"sk-SK\",\"@id\":\"https:\/\/www.welovecycling.com\/sk\/#\/schema\/person\/image\/\",\"url\":\"https:\/\/secure.gravatar.com\/avatar\/6126c9afb87b70da5abbb083ddbb21933da15f18f8ca7cb822aba0fb096a48f6?s=96&d=mm&r=g\",\"contentUrl\":\"https:\/\/secure.gravatar.com\/avatar\/6126c9afb87b70da5abbb083ddbb21933da15f18f8ca7cb822aba0fb096a48f6?s=96&d=mm&r=g\",\"caption\":\"Ondrej Ga\u0161par\"},\"url\":\"https:\/\/www.welovecycling.com\/sk\/author\/ondrejgaspar\/\"}]}<\/script>\n<!-- \/ Yoast SEO Premium plugin. -->","yoast_head_json":{"title":"Posledn\u00e1 z\u00a0trojice, La Vuelta a\u00a0Espa\u00f1a 2018 - \u0160koda We Love Cycling Slovensko","robots":{"index":"index","follow":"follow","max-snippet":"max-snippet:-1","max-image-preview":"max-image-preview:large","max-video-preview":"max-video-preview:-1"},"canonical":"https:\/\/www.welovecycling.com\/sk\/2018\/08\/20\/posledna-z-trojice-la-vuelta-a-espana-2018\/","og_locale":"sk_SK","og_type":"article","og_title":"Posledn\u00e1 z\u00a0trojice, La Vuelta a\u00a0Espa\u00f1a 2018","og_description":"25. augusta sa za\u010d\u00edna 73. ro\u010dn\u00edk La Vuelta a\u00a0Espa\u00f1a v\u00a0\u0161panielskej Malage. Po dvoch sviatkoch cyklistiky v\u00a0podobe Gira d\u00b4Italia a\u00a0minulomesa\u010dnej Tour [&hellip;]","og_url":"https:\/\/www.welovecycling.com\/sk\/2018\/08\/20\/posledna-z-trojice-la-vuelta-a-espana-2018\/","og_site_name":"\u0160koda We Love Cycling Slovensko","article_published_time":"2018-08-20T15:36:37+00:00","og_image":[{"width":1380,"height":600,"url":"https:\/\/d2p6e6u75xmxt8.cloudfront.net\/4\/2018\/08\/00-2.webp","type":"image\/webp"}],"author":"Ondrej Ga\u0161par","twitter_card":"summary_large_image","twitter_misc":{"Written by":"We Love Cycling","Est. reading time":"3"},"schema":{"@context":"https:\/\/schema.org","@graph":[{"@type":"WebPage","@id":"https:\/\/www.welovecycling.com\/sk\/2018\/08\/20\/posledna-z-trojice-la-vuelta-a-espana-2018\/","url":"https:\/\/www.welovecycling.com\/sk\/2018\/08\/20\/posledna-z-trojice-la-vuelta-a-espana-2018\/","name":"Posledn\u00e1 z\u00a0trojice, La Vuelta a\u00a0Espa\u00f1a 2018 - \u0160koda We Love Cycling Slovensko","isPartOf":{"@id":"https:\/\/www.welovecycling.com\/sk\/#website"},"primaryImageOfPage":{"@id":"https:\/\/www.welovecycling.com\/sk\/2018\/08\/20\/posledna-z-trojice-la-vuelta-a-espana-2018\/#primaryimage"},"image":{"@id":"https:\/\/www.welovecycling.com\/sk\/2018\/08\/20\/posledna-z-trojice-la-vuelta-a-espana-2018\/#primaryimage"},"thumbnailUrl":"https:\/\/d2p6e6u75xmxt8.cloudfront.net\/4\/2018\/08\/00-2.webp","datePublished":"2018-08-20T15:36:37+00:00","author":{"@id":"https:\/\/www.welovecycling.com\/sk\/#\/schema\/person\/8ee09ba39b7e25b1870160aa5b3a89bc"},"breadcrumb":{"@id":"https:\/\/www.welovecycling.com\/sk\/2018\/08\/20\/posledna-z-trojice-la-vuelta-a-espana-2018\/#breadcrumb"},"inLanguage":"sk-SK","potentialAction":[{"@type":"ReadAction","target":["https:\/\/www.welovecycling.com\/sk\/2018\/08\/20\/posledna-z-trojice-la-vuelta-a-espana-2018\/"]}]},{"@type":"ImageObject","inLanguage":"sk-SK","@id":"https:\/\/www.welovecycling.com\/sk\/2018\/08\/20\/posledna-z-trojice-la-vuelta-a-espana-2018\/#primaryimage","url":"https:\/\/d2p6e6u75xmxt8.cloudfront.net\/4\/2018\/08\/00-2.webp","contentUrl":"https:\/\/d2p6e6u75xmxt8.cloudfront.net\/4\/2018\/08\/00-2.webp","width":1380,"height":600},{"@type":"BreadcrumbList","@id":"https:\/\/www.welovecycling.com\/sk\/2018\/08\/20\/posledna-z-trojice-la-vuelta-a-espana-2018\/#breadcrumb","itemListElement":[{"@type":"ListItem","position":1,"name":"Home","item":"https:\/\/www.welovecycling.com\/sk\/"},{"@type":"ListItem","position":2,"name":"Posledn\u00e1 z\u00a0trojice, La Vuelta a\u00a0Espa\u00f1a 2018"}]},{"@type":"WebSite","@id":"https:\/\/www.welovecycling.com\/sk\/#website","url":"https:\/\/www.welovecycling.com\/sk\/","name":"\u0160koda We Love Cycling Slovensko","description":"\u0160koda We Love Cycling Slovensko je v\u00e1\u0161 ka\u017edodenn\u00fd zdroj noviniek a in\u0161pir\u00e1cie z sveta cyklistiky","potentialAction":[{"@type":"SearchAction","target":{"@type":"EntryPoint","urlTemplate":"https:\/\/www.welovecycling.com\/sk\/?s={search_term_string}"},"query-input":{"@type":"PropertyValueSpecification","valueRequired":true,"valueName":"search_term_string"}}],"inLanguage":"sk-SK"},{"@type":"Person","@id":"https:\/\/www.welovecycling.com\/sk\/#\/schema\/person\/8ee09ba39b7e25b1870160aa5b3a89bc","name":"Ondrej Ga\u0161par","image":{"@type":"ImageObject","inLanguage":"sk-SK","@id":"https:\/\/www.welovecycling.com\/sk\/#\/schema\/person\/image\/","url":"https:\/\/secure.gravatar.com\/avatar\/6126c9afb87b70da5abbb083ddbb21933da15f18f8ca7cb822aba0fb096a48f6?s=96&d=mm&r=g","contentUrl":"https:\/\/secure.gravatar.com\/avatar\/6126c9afb87b70da5abbb083ddbb21933da15f18f8ca7cb822aba0fb096a48f6?s=96&d=mm&r=g","caption":"Ondrej Ga\u0161par"},"url":"https:\/\/www.welovecycling.com\/sk\/author\/ondrejgaspar\/"}]}},"_links":{"self":[{"href":"https:\/\/www.welovecycling.com\/sk\/wp-json\/wp\/v2\/posts\/4783","targetHints":{"allow":["GET"]}}],"collection":[{"href":"https:\/\/www.welovecycling.com\/sk\/wp-json\/wp\/v2\/posts"}],"about":[{"href":"https:\/\/www.welovecycling.com\/sk\/wp-json\/wp\/v2\/types\/post"}],"author":[{"embeddable":true,"href":"https:\/\/www.welovecycling.com\/sk\/wp-json\/wp\/v2\/users\/38"}],"replies":[{"embeddable":true,"href":"https:\/\/www.welovecycling.com\/sk\/wp-json\/wp\/v2\/comments?post=4783"}],"version-history":[{"count":2,"href":"https:\/\/www.welovecycling.com\/sk\/wp-json\/wp\/v2\/posts\/4783\/revisions"}],"predecessor-version":[{"id":4796,"href":"https:\/\/www.welovecycling.com\/sk\/wp-json\/wp\/v2\/posts\/4783\/revisions\/4796"}],"wp:featuredmedia":[{"embeddable":true,"href":"https:\/\/www.welovecycling.com\/sk\/wp-json\/wp\/v2\/media\/4786"}],"wp:attachment":[{"href":"https:\/\/www.welovecycling.com\/sk\/wp-json\/wp\/v2\/media?parent=4783"}],"wp:term":[{"taxonomy":"category","embeddable":true,"href":"https:\/\/www.welovecycling.com\/sk\/wp-json\/wp\/v2\/categories?post=4783"},{"taxonomy":"post_tag","embeddable":true,"href":"https:\/\/www.welovecycling.com\/sk\/wp-json\/wp\/v2\/tags?post=4783"},{"taxonomy":"global-categories","embeddable":true,"href":"https:\/\/www.welovecycling.com\/sk\/wp-json\/wp\/v2\/global-categories?post=4783"}],"curies":[{"name":"wp","href":"https:\/\/api.w.org\/{rel}","templated":true}]}}