{"id":4775,"date":"2018-08-22T11:05:45","date_gmt":"2018-08-22T09:05:45","guid":{"rendered":"https:\/\/www.welovecycling.com\/sk\/?p=4775"},"modified":"2019-02-13T14:58:58","modified_gmt":"2019-02-13T13:58:58","slug":"svit-mesto-obklopene-tatrami","status":"publish","type":"post","link":"https:\/\/www.welovecycling.com\/sk\/2018\/08\/22\/svit-mesto-obklopene-tatrami\/","title":{"rendered":"Svit \u2013 mesto obklopen\u00e9 Tatrami"},"content":{"rendered":"<p><strong>Tentokr\u00e1t ma putovanie po stop\u00e1ch \u0160koda BIKE OPEN TOUR priviedlo do kraja v okol\u00ed mesta Svit.\u00a0Uva\u017eoval som, \u017ee \u010do by som o tomto meste nap\u00edsal, a\u017e som dospel k tomu, \u017ee mu d\u00e1m pr\u00edvlastok mesta, ktor\u00e9 je obklopen\u00e9 Tatrami.<\/strong><!--more--><\/p>\n<p>Na <strong>jednej strane s\u00fa to tie Vysok\u00e9, na druhej N\u00edzke<\/strong>. K\u00fasok na v\u00fdchod je dokonca Slovensk\u00fd raj. Fant\u00e1zia. Tu by to op\u00e4\u0165 chcelo poriadny viacdenn\u00fd v\u00fdlet. Korunou m\u00f4jho v\u00fdletu malo by\u0165 st\u00fapanie na Kr\u00e1\u013eovu ho\u013eu, alebo Sliezsky dom.<\/p>\n<h2><strong>Po cyklochodn\u00edku okolo rieky Poprad<\/strong><\/h2>\n<p>Do Svitu sme vyrazili z Popradu po cyklochodn\u00edku, ktor\u00fd tu pozn\u00e1 asi ka\u017ed\u00fd dom\u00e1ci &#8211; okolo rieky Poprad.\u00a0<strong>Kr\u00e1sna oddychov\u00e1 asfaltka<\/strong> &#8211; aby som sa neunavil pred bl\u00ed\u017eiacimi st\u00fapaniami. Ve\u013emi pr\u00edjemne ma prekvapilo aj mno\u017estvo cyklistov na tejto trase a \u00fa\u017easn\u00fd bol aj v\u00fdh\u013ead na Vysok\u00e9 Tatry. Ob\u010das bolo v dia\u013eke vidie\u0165 aj Kr\u00e1\u013eovu ho\u013eu.<\/p>\n<div data-rows=\"1\" id='gallery-1' class='gallery-rows-1 gallery galleryid-4775 gallery-columns-2 gallery-size-full'><figure class='gallery-item'>\n\t\t\t<div class='gallery-icon landscape'>\n\t\t\t\t<a href='https:\/\/d2p6e6u75xmxt8.cloudfront.net\/4\/2018\/08\/jurajcyklista-svit_02.JPG.webp'><img loading=\"lazy\" decoding=\"async\" width=\"1200\" height=\"900\" src=\"https:\/\/d2p6e6u75xmxt8.cloudfront.net\/4\/2018\/08\/jurajcyklista-svit_02.JPG.webp\" class=\"attachment-full size-full\" alt=\"\" srcset=\"https:\/\/d2p6e6u75xmxt8.cloudfront.net\/4\/2018\/08\/jurajcyklista-svit_02.JPG.webp 1200w, https:\/\/d2p6e6u75xmxt8.cloudfront.net\/4\/2018\/08\/jurajcyklista-svit_02.JPG-300x225.webp 300w, https:\/\/d2p6e6u75xmxt8.cloudfront.net\/4\/2018\/08\/jurajcyklista-svit_02.JPG-1024x768.webp 1024w, https:\/\/d2p6e6u75xmxt8.cloudfront.net\/4\/2018\/08\/jurajcyklista-svit_02.JPG-768x576.webp 768w\" sizes=\"auto, (max-width: 1200px) 100vw, 1200px\" \/><\/a>\n\t\t\t<\/div><\/figure><figure class='gallery-item'>\n\t\t\t<div class='gallery-icon landscape'>\n\t\t\t\t<a href='https:\/\/d2p6e6u75xmxt8.cloudfront.net\/4\/2018\/08\/jurajcyklista-svit_03.JPG.webp'><img loading=\"lazy\" decoding=\"async\" width=\"1200\" height=\"900\" src=\"https:\/\/d2p6e6u75xmxt8.cloudfront.net\/4\/2018\/08\/jurajcyklista-svit_03.JPG.webp\" class=\"attachment-full size-full\" alt=\"\" srcset=\"https:\/\/d2p6e6u75xmxt8.cloudfront.net\/4\/2018\/08\/jurajcyklista-svit_03.JPG.webp 1200w, https:\/\/d2p6e6u75xmxt8.cloudfront.net\/4\/2018\/08\/jurajcyklista-svit_03.JPG-300x225.webp 300w, https:\/\/d2p6e6u75xmxt8.cloudfront.net\/4\/2018\/08\/jurajcyklista-svit_03.JPG-1024x768.webp 1024w, https:\/\/d2p6e6u75xmxt8.cloudfront.net\/4\/2018\/08\/jurajcyklista-svit_03.JPG-768x576.webp 768w\" sizes=\"auto, (max-width: 1200px) 100vw, 1200px\" \/><\/a>\n\t\t\t<\/div><\/figure>\n\t\t<\/div>\n        \n<h2><strong>Na Sliezsky dom<\/strong><\/h2>\n<p>Po cykloceste sme zamierili do Svitu a odtia\u013e na Tatransk\u00fa Polianku. <strong>Tu sa ned\u00e1 strati\u0165<\/strong>. \u010clovek ide st\u00e1le po hlavnej ceste. Pred sebou m\u00e1 neust\u00e1le Gerlach a kr\u00e1sne sa vyp\u00ednaj\u00fa aj ostatn\u00e9 Tatransk\u00e9 \u0161t\u00edty. Ke\u010f sa \u010dlovek oto\u010d\u00ed, tak m\u00f4\u017ee pozorova\u0165 N\u00edzke Tatry.<\/p>\n<div data-rows=\"1\" id='gallery-2' class='gallery-rows-1 gallery galleryid-4775 gallery-columns-3 gallery-size-full'><figure class='gallery-item'>\n\t\t\t<div class='gallery-icon landscape'>\n\t\t\t\t<a href='https:\/\/d2p6e6u75xmxt8.cloudfront.net\/4\/2018\/08\/jurajcyklista-svit_04.JPG.webp'><img loading=\"lazy\" decoding=\"async\" width=\"1200\" height=\"900\" src=\"https:\/\/d2p6e6u75xmxt8.cloudfront.net\/4\/2018\/08\/jurajcyklista-svit_04.JPG.webp\" class=\"attachment-full size-full\" alt=\"\" srcset=\"https:\/\/d2p6e6u75xmxt8.cloudfront.net\/4\/2018\/08\/jurajcyklista-svit_04.JPG.webp 1200w, https:\/\/d2p6e6u75xmxt8.cloudfront.net\/4\/2018\/08\/jurajcyklista-svit_04.JPG-300x225.webp 300w, https:\/\/d2p6e6u75xmxt8.cloudfront.net\/4\/2018\/08\/jurajcyklista-svit_04.JPG-1024x768.webp 1024w, https:\/\/d2p6e6u75xmxt8.cloudfront.net\/4\/2018\/08\/jurajcyklista-svit_04.JPG-768x576.webp 768w\" sizes=\"auto, (max-width: 1200px) 100vw, 1200px\" \/><\/a>\n\t\t\t<\/div><\/figure><figure class='gallery-item'>\n\t\t\t<div class='gallery-icon landscape'>\n\t\t\t\t<a href='https:\/\/d2p6e6u75xmxt8.cloudfront.net\/4\/2018\/08\/jurajcyklista-svit_05.JPG.webp'><img loading=\"lazy\" decoding=\"async\" width=\"1200\" height=\"900\" src=\"https:\/\/d2p6e6u75xmxt8.cloudfront.net\/4\/2018\/08\/jurajcyklista-svit_05.JPG.webp\" class=\"attachment-full size-full\" alt=\"\" srcset=\"https:\/\/d2p6e6u75xmxt8.cloudfront.net\/4\/2018\/08\/jurajcyklista-svit_05.JPG.webp 1200w, https:\/\/d2p6e6u75xmxt8.cloudfront.net\/4\/2018\/08\/jurajcyklista-svit_05.JPG-300x225.webp 300w, https:\/\/d2p6e6u75xmxt8.cloudfront.net\/4\/2018\/08\/jurajcyklista-svit_05.JPG-1024x768.webp 1024w, https:\/\/d2p6e6u75xmxt8.cloudfront.net\/4\/2018\/08\/jurajcyklista-svit_05.JPG-768x576.webp 768w\" sizes=\"auto, (max-width: 1200px) 100vw, 1200px\" \/><\/a>\n\t\t\t<\/div><\/figure><figure class='gallery-item'>\n\t\t\t<div class='gallery-icon landscape'>\n\t\t\t\t<a href='https:\/\/d2p6e6u75xmxt8.cloudfront.net\/4\/2018\/08\/jurajcyklista-svit_06.JPG.webp'><img loading=\"lazy\" decoding=\"async\" width=\"1200\" height=\"900\" src=\"https:\/\/d2p6e6u75xmxt8.cloudfront.net\/4\/2018\/08\/jurajcyklista-svit_06.JPG.webp\" class=\"attachment-full size-full\" alt=\"\" srcset=\"https:\/\/d2p6e6u75xmxt8.cloudfront.net\/4\/2018\/08\/jurajcyklista-svit_06.JPG.webp 1200w, https:\/\/d2p6e6u75xmxt8.cloudfront.net\/4\/2018\/08\/jurajcyklista-svit_06.JPG-300x225.webp 300w, https:\/\/d2p6e6u75xmxt8.cloudfront.net\/4\/2018\/08\/jurajcyklista-svit_06.JPG-1024x768.webp 1024w, https:\/\/d2p6e6u75xmxt8.cloudfront.net\/4\/2018\/08\/jurajcyklista-svit_06.JPG-768x576.webp 768w\" sizes=\"auto, (max-width: 1200px) 100vw, 1200px\" \/><\/a>\n\t\t\t<\/div><\/figure>\n\t\t<\/div>\n        \n<p>Z dia\u013eky som videl svoj <strong>cie\u013e, a to Sliezsky dom<\/strong>.<\/p>\n<p><a href=\"https:\/\/d2p6e6u75xmxt8.cloudfront.net\/4\/2018\/08\/jurajcyklista-svit_07.JPG.jpg\"><img loading=\"lazy\" decoding=\"async\" class=\"alignnone size-full wp-image-4740\" src=\"https:\/\/d2p6e6u75xmxt8.cloudfront.net\/4\/2018\/08\/jurajcyklista-svit_07.JPG.jpg\" alt=\"\" width=\"1200\" height=\"900\" \/><\/a><\/p>\n<p>Moju Ivku som nechal v Tatranskej Polianke, preto\u017ee na toto st\u00fapanie sa nec\u00edtila. Ve\u010f to m\u00e1 cez 6 kilometrov s priemern\u00fdm sklonom 9,6 %. Re\u0161pekt som mal aj ja.<\/p>\n<p>Ani neviem, ako sa mi to podarilo &#8211; na\u0161iel som si svoje optim\u00e1lne tempo, i\u0161iel som pod\u013ea tepovej frekvencie. \u013dud\u00ed tu bolo po ceste m\u00e1lo a kr\u00e1sne to tu vo\u0148alo lesn\u00fdm ovoc\u00edm. Anglicky hovoriaci \u013eudia ma povzbudzovali do st\u00fapania.\u00a0<strong>Ide o skuto\u010dn\u00fa maka\u010dku<\/strong> a treba ma\u0165 bicykel nachystan\u00fd v perfektnom stave! Neviem poveda\u0165, \u010di by som sem i\u0161iel na cestnom bicykli, preto\u017ee povrch bol miestami dos\u0165 rozbit\u00fd. Pre t\u00fdch menej zdatn\u00fdch tu po\u017ei\u010diavaj\u00fa aj elektrobicykle. V\u00fdh\u013ead hore bol v\u0161ak skuto\u010dnou odmenou.<\/p>\n<div data-rows=\"1\" id='gallery-3' class='gallery-rows-1 gallery galleryid-4775 gallery-columns-3 gallery-size-full'><figure class='gallery-item'>\n\t\t\t<div class='gallery-icon landscape'>\n\t\t\t\t<a href='https:\/\/d2p6e6u75xmxt8.cloudfront.net\/4\/2018\/08\/jurajcyklista-svit_08.JPG.webp'><img loading=\"lazy\" decoding=\"async\" width=\"1200\" height=\"900\" src=\"https:\/\/d2p6e6u75xmxt8.cloudfront.net\/4\/2018\/08\/jurajcyklista-svit_08.JPG.webp\" class=\"attachment-full size-full\" alt=\"\" srcset=\"https:\/\/d2p6e6u75xmxt8.cloudfront.net\/4\/2018\/08\/jurajcyklista-svit_08.JPG.webp 1200w, https:\/\/d2p6e6u75xmxt8.cloudfront.net\/4\/2018\/08\/jurajcyklista-svit_08.JPG-300x225.webp 300w, https:\/\/d2p6e6u75xmxt8.cloudfront.net\/4\/2018\/08\/jurajcyklista-svit_08.JPG-1024x768.webp 1024w, https:\/\/d2p6e6u75xmxt8.cloudfront.net\/4\/2018\/08\/jurajcyklista-svit_08.JPG-768x576.webp 768w\" sizes=\"auto, (max-width: 1200px) 100vw, 1200px\" \/><\/a>\n\t\t\t<\/div><\/figure><figure class='gallery-item'>\n\t\t\t<div class='gallery-icon landscape'>\n\t\t\t\t<a href='https:\/\/d2p6e6u75xmxt8.cloudfront.net\/4\/2018\/08\/jurajcyklista-svit_09.JPG.webp'><img loading=\"lazy\" decoding=\"async\" width=\"1200\" height=\"900\" src=\"https:\/\/d2p6e6u75xmxt8.cloudfront.net\/4\/2018\/08\/jurajcyklista-svit_09.JPG.webp\" class=\"attachment-full size-full\" alt=\"\" srcset=\"https:\/\/d2p6e6u75xmxt8.cloudfront.net\/4\/2018\/08\/jurajcyklista-svit_09.JPG.webp 1200w, https:\/\/d2p6e6u75xmxt8.cloudfront.net\/4\/2018\/08\/jurajcyklista-svit_09.JPG-300x225.webp 300w, https:\/\/d2p6e6u75xmxt8.cloudfront.net\/4\/2018\/08\/jurajcyklista-svit_09.JPG-1024x768.webp 1024w, https:\/\/d2p6e6u75xmxt8.cloudfront.net\/4\/2018\/08\/jurajcyklista-svit_09.JPG-768x576.webp 768w\" sizes=\"auto, (max-width: 1200px) 100vw, 1200px\" \/><\/a>\n\t\t\t<\/div><\/figure><figure class='gallery-item'>\n\t\t\t<div class='gallery-icon landscape'>\n\t\t\t\t<a href='https:\/\/d2p6e6u75xmxt8.cloudfront.net\/4\/2018\/08\/jurajcyklista-svit_10.JPG.webp'><img loading=\"lazy\" decoding=\"async\" width=\"1200\" height=\"900\" src=\"https:\/\/d2p6e6u75xmxt8.cloudfront.net\/4\/2018\/08\/jurajcyklista-svit_10.JPG.webp\" class=\"attachment-full size-full\" alt=\"\" srcset=\"https:\/\/d2p6e6u75xmxt8.cloudfront.net\/4\/2018\/08\/jurajcyklista-svit_10.JPG.webp 1200w, https:\/\/d2p6e6u75xmxt8.cloudfront.net\/4\/2018\/08\/jurajcyklista-svit_10.JPG-300x225.webp 300w, https:\/\/d2p6e6u75xmxt8.cloudfront.net\/4\/2018\/08\/jurajcyklista-svit_10.JPG-1024x768.webp 1024w, https:\/\/d2p6e6u75xmxt8.cloudfront.net\/4\/2018\/08\/jurajcyklista-svit_10.JPG-768x576.webp 768w\" sizes=\"auto, (max-width: 1200px) 100vw, 1200px\" \/><\/a>\n\t\t\t<\/div><\/figure><figure class='gallery-item'>\n\t\t\t<div class='gallery-icon landscape'>\n\t\t\t\t<a href='https:\/\/d2p6e6u75xmxt8.cloudfront.net\/4\/2018\/08\/jurajcyklista-svit_11.JPG.webp'><img loading=\"lazy\" decoding=\"async\" width=\"1200\" height=\"900\" src=\"https:\/\/d2p6e6u75xmxt8.cloudfront.net\/4\/2018\/08\/jurajcyklista-svit_11.JPG.webp\" class=\"attachment-full size-full\" alt=\"\" srcset=\"https:\/\/d2p6e6u75xmxt8.cloudfront.net\/4\/2018\/08\/jurajcyklista-svit_11.JPG.webp 1200w, https:\/\/d2p6e6u75xmxt8.cloudfront.net\/4\/2018\/08\/jurajcyklista-svit_11.JPG-300x225.webp 300w, https:\/\/d2p6e6u75xmxt8.cloudfront.net\/4\/2018\/08\/jurajcyklista-svit_11.JPG-1024x768.webp 1024w, https:\/\/d2p6e6u75xmxt8.cloudfront.net\/4\/2018\/08\/jurajcyklista-svit_11.JPG-768x576.webp 768w\" sizes=\"auto, (max-width: 1200px) 100vw, 1200px\" \/><\/a>\n\t\t\t<\/div><\/figure><figure class='gallery-item'>\n\t\t\t<div class='gallery-icon landscape'>\n\t\t\t\t<a href='https:\/\/d2p6e6u75xmxt8.cloudfront.net\/4\/2018\/08\/jurajcyklista-svit_12.JPG.webp'><img loading=\"lazy\" decoding=\"async\" width=\"1200\" height=\"900\" src=\"https:\/\/d2p6e6u75xmxt8.cloudfront.net\/4\/2018\/08\/jurajcyklista-svit_12.JPG.webp\" class=\"attachment-full size-full\" alt=\"\" srcset=\"https:\/\/d2p6e6u75xmxt8.cloudfront.net\/4\/2018\/08\/jurajcyklista-svit_12.JPG.webp 1200w, https:\/\/d2p6e6u75xmxt8.cloudfront.net\/4\/2018\/08\/jurajcyklista-svit_12.JPG-300x225.webp 300w, https:\/\/d2p6e6u75xmxt8.cloudfront.net\/4\/2018\/08\/jurajcyklista-svit_12.JPG-1024x768.webp 1024w, https:\/\/d2p6e6u75xmxt8.cloudfront.net\/4\/2018\/08\/jurajcyklista-svit_12.JPG-768x576.webp 768w\" sizes=\"auto, (max-width: 1200px) 100vw, 1200px\" \/><\/a>\n\t\t\t<\/div><\/figure><figure class='gallery-item'>\n\t\t\t<div class='gallery-icon landscape'>\n\t\t\t\t<a href='https:\/\/d2p6e6u75xmxt8.cloudfront.net\/4\/2018\/08\/jurajcyklista-svit_13.JPG.webp'><img loading=\"lazy\" decoding=\"async\" width=\"1200\" height=\"900\" src=\"https:\/\/d2p6e6u75xmxt8.cloudfront.net\/4\/2018\/08\/jurajcyklista-svit_13.JPG.webp\" class=\"attachment-full size-full\" alt=\"\" srcset=\"https:\/\/d2p6e6u75xmxt8.cloudfront.net\/4\/2018\/08\/jurajcyklista-svit_13.JPG.webp 1200w, https:\/\/d2p6e6u75xmxt8.cloudfront.net\/4\/2018\/08\/jurajcyklista-svit_13.JPG-300x225.webp 300w, https:\/\/d2p6e6u75xmxt8.cloudfront.net\/4\/2018\/08\/jurajcyklista-svit_13.JPG-1024x768.webp 1024w, https:\/\/d2p6e6u75xmxt8.cloudfront.net\/4\/2018\/08\/jurajcyklista-svit_13.JPG-768x576.webp 768w\" sizes=\"auto, (max-width: 1200px) 100vw, 1200px\" \/><\/a>\n\t\t\t<\/div><\/figure><figure class='gallery-item'>\n\t\t\t<div class='gallery-icon landscape'>\n\t\t\t\t<a href='https:\/\/d2p6e6u75xmxt8.cloudfront.net\/4\/2018\/08\/jurajcyklista-svit_14.JPG.webp'><img loading=\"lazy\" decoding=\"async\" width=\"1200\" height=\"900\" src=\"https:\/\/d2p6e6u75xmxt8.cloudfront.net\/4\/2018\/08\/jurajcyklista-svit_14.JPG.webp\" class=\"attachment-full size-full\" alt=\"\" srcset=\"https:\/\/d2p6e6u75xmxt8.cloudfront.net\/4\/2018\/08\/jurajcyklista-svit_14.JPG.webp 1200w, https:\/\/d2p6e6u75xmxt8.cloudfront.net\/4\/2018\/08\/jurajcyklista-svit_14.JPG-300x225.webp 300w, https:\/\/d2p6e6u75xmxt8.cloudfront.net\/4\/2018\/08\/jurajcyklista-svit_14.JPG-1024x768.webp 1024w, https:\/\/d2p6e6u75xmxt8.cloudfront.net\/4\/2018\/08\/jurajcyklista-svit_14.JPG-768x576.webp 768w\" sizes=\"auto, (max-width: 1200px) 100vw, 1200px\" \/><\/a>\n\t\t\t<\/div><\/figure>\n\t\t<\/div>\n        \n<p><em>Viac fotiek po rozkliknut\u00ed.<\/em><\/p>\n<p>\u010eal\u0161\u00edm cie\u013eom malo by\u0165 \u0160trbsk\u00e9 pleso, ale nakoniec som si povedal, \u017ee idem predsa len do Svitu a prejdeme aj nejak\u00fa menej zn\u00e1mu trasu.<\/p>\n<h2><strong>Cez Lopu\u0161n\u00fa dolinu do Popradu<\/strong><\/h2>\n<p>Zamierili sme po cyklotrase do Lopu\u0161nej doliny, kde sa nach\u00e1dza aj ly\u017eiarsky vlek. Odtia\u013e sme i\u0161li po zelenej cyklotrase do Popradu, kde sme chceli nast\u00fapi\u0165 na r\u00fdchlik. Prostredie tu bolo kr\u00e1sne. \u010cakalo n\u00e1s <strong>jedno men\u0161ie st\u00fapanie, ale v\u00fdh\u013eady tu st\u00e1li za to<\/strong>. Nehovor\u00edm o\u00a0asfalte, ktor\u00fd je tu v\u00a0perfektnom stave, a\u00a0tak sem m\u00f4\u017eu vyrazi\u0165 aj cestn\u00e9 bicykle. Ak chce niekto perfektn\u00fd v\u00fdlet, tak ur\u010dite vyrazi\u0165 zo Svitu po tejto trase a pred Popradom sa napoji\u0165 na cyklotrasu, po ktorej sme i\u0161li r\u00e1no smerom do Svitu.<\/p>\n<div data-rows=\"1\" id='gallery-4' class='gallery-rows-1 gallery galleryid-4775 gallery-columns-3 gallery-size-full'><figure class='gallery-item'>\n\t\t\t<div class='gallery-icon landscape'>\n\t\t\t\t<a href='https:\/\/d2p6e6u75xmxt8.cloudfront.net\/4\/2018\/08\/jurajcyklista-svit_15.JPG.webp'><img loading=\"lazy\" decoding=\"async\" width=\"1200\" height=\"900\" src=\"https:\/\/d2p6e6u75xmxt8.cloudfront.net\/4\/2018\/08\/jurajcyklista-svit_15.JPG.webp\" class=\"attachment-full size-full\" alt=\"\" srcset=\"https:\/\/d2p6e6u75xmxt8.cloudfront.net\/4\/2018\/08\/jurajcyklista-svit_15.JPG.webp 1200w, https:\/\/d2p6e6u75xmxt8.cloudfront.net\/4\/2018\/08\/jurajcyklista-svit_15.JPG-300x225.webp 300w, https:\/\/d2p6e6u75xmxt8.cloudfront.net\/4\/2018\/08\/jurajcyklista-svit_15.JPG-1024x768.webp 1024w, https:\/\/d2p6e6u75xmxt8.cloudfront.net\/4\/2018\/08\/jurajcyklista-svit_15.JPG-768x576.webp 768w\" sizes=\"auto, (max-width: 1200px) 100vw, 1200px\" \/><\/a>\n\t\t\t<\/div><\/figure><figure class='gallery-item'>\n\t\t\t<div class='gallery-icon landscape'>\n\t\t\t\t<a href='https:\/\/d2p6e6u75xmxt8.cloudfront.net\/4\/2018\/08\/jurajcyklista-svit_16.JPG.webp'><img loading=\"lazy\" decoding=\"async\" width=\"1200\" height=\"900\" src=\"https:\/\/d2p6e6u75xmxt8.cloudfront.net\/4\/2018\/08\/jurajcyklista-svit_16.JPG.webp\" class=\"attachment-full size-full\" alt=\"\" srcset=\"https:\/\/d2p6e6u75xmxt8.cloudfront.net\/4\/2018\/08\/jurajcyklista-svit_16.JPG.webp 1200w, https:\/\/d2p6e6u75xmxt8.cloudfront.net\/4\/2018\/08\/jurajcyklista-svit_16.JPG-300x225.webp 300w, https:\/\/d2p6e6u75xmxt8.cloudfront.net\/4\/2018\/08\/jurajcyklista-svit_16.JPG-1024x768.webp 1024w, https:\/\/d2p6e6u75xmxt8.cloudfront.net\/4\/2018\/08\/jurajcyklista-svit_16.JPG-768x576.webp 768w\" sizes=\"auto, (max-width: 1200px) 100vw, 1200px\" \/><\/a>\n\t\t\t<\/div><\/figure><figure class='gallery-item'>\n\t\t\t<div class='gallery-icon landscape'>\n\t\t\t\t<a href='https:\/\/d2p6e6u75xmxt8.cloudfront.net\/4\/2018\/08\/jurajcyklista-svit_17.JPG.webp'><img loading=\"lazy\" decoding=\"async\" width=\"1200\" height=\"900\" src=\"https:\/\/d2p6e6u75xmxt8.cloudfront.net\/4\/2018\/08\/jurajcyklista-svit_17.JPG.webp\" class=\"attachment-full size-full\" alt=\"\" srcset=\"https:\/\/d2p6e6u75xmxt8.cloudfront.net\/4\/2018\/08\/jurajcyklista-svit_17.JPG.webp 1200w, https:\/\/d2p6e6u75xmxt8.cloudfront.net\/4\/2018\/08\/jurajcyklista-svit_17.JPG-300x225.webp 300w, https:\/\/d2p6e6u75xmxt8.cloudfront.net\/4\/2018\/08\/jurajcyklista-svit_17.JPG-1024x768.webp 1024w, https:\/\/d2p6e6u75xmxt8.cloudfront.net\/4\/2018\/08\/jurajcyklista-svit_17.JPG-768x576.webp 768w\" sizes=\"auto, (max-width: 1200px) 100vw, 1200px\" \/><\/a>\n\t\t\t<\/div><\/figure><figure class='gallery-item'>\n\t\t\t<div class='gallery-icon landscape'>\n\t\t\t\t<a href='https:\/\/d2p6e6u75xmxt8.cloudfront.net\/4\/2018\/08\/jurajcyklista-svit_18.JPG.webp'><img loading=\"lazy\" decoding=\"async\" width=\"1200\" height=\"900\" src=\"https:\/\/d2p6e6u75xmxt8.cloudfront.net\/4\/2018\/08\/jurajcyklista-svit_18.JPG.webp\" class=\"attachment-full size-full\" alt=\"\" srcset=\"https:\/\/d2p6e6u75xmxt8.cloudfront.net\/4\/2018\/08\/jurajcyklista-svit_18.JPG.webp 1200w, https:\/\/d2p6e6u75xmxt8.cloudfront.net\/4\/2018\/08\/jurajcyklista-svit_18.JPG-300x225.webp 300w, https:\/\/d2p6e6u75xmxt8.cloudfront.net\/4\/2018\/08\/jurajcyklista-svit_18.JPG-1024x768.webp 1024w, https:\/\/d2p6e6u75xmxt8.cloudfront.net\/4\/2018\/08\/jurajcyklista-svit_18.JPG-768x576.webp 768w\" sizes=\"auto, (max-width: 1200px) 100vw, 1200px\" \/><\/a>\n\t\t\t<\/div><\/figure><figure class='gallery-item'>\n\t\t\t<div class='gallery-icon landscape'>\n\t\t\t\t<a href='https:\/\/d2p6e6u75xmxt8.cloudfront.net\/4\/2018\/08\/jurajcyklista-svit_19.JPG.webp'><img loading=\"lazy\" decoding=\"async\" width=\"1200\" height=\"900\" src=\"https:\/\/d2p6e6u75xmxt8.cloudfront.net\/4\/2018\/08\/jurajcyklista-svit_19.JPG.webp\" class=\"attachment-full size-full\" alt=\"\" srcset=\"https:\/\/d2p6e6u75xmxt8.cloudfront.net\/4\/2018\/08\/jurajcyklista-svit_19.JPG.webp 1200w, https:\/\/d2p6e6u75xmxt8.cloudfront.net\/4\/2018\/08\/jurajcyklista-svit_19.JPG-300x225.webp 300w, https:\/\/d2p6e6u75xmxt8.cloudfront.net\/4\/2018\/08\/jurajcyklista-svit_19.JPG-1024x768.webp 1024w, https:\/\/d2p6e6u75xmxt8.cloudfront.net\/4\/2018\/08\/jurajcyklista-svit_19.JPG-768x576.webp 768w\" sizes=\"auto, (max-width: 1200px) 100vw, 1200px\" \/><\/a>\n\t\t\t<\/div><\/figure>\n\t\t<\/div>\n        \n<p><em>Viac fotiek po rozkliknut\u00ed.<\/em><\/p>\n<p>Cel\u00fd \u010das na n\u00e1s dozerala spom\u00ednan\u00e1 <strong>Kr\u00e1\u013eov\u00e1 ho\u013ea<\/strong>, ku ktorej sa d\u00e1 do Svitu tie\u017e v pohode dosta\u0165. Ale to u\u017e inokedy.<\/p>\n<p><a href=\"https:\/\/d2p6e6u75xmxt8.cloudfront.net\/4\/2018\/08\/jurajcyklista-svit_20.JPG.jpg\"><img loading=\"lazy\" decoding=\"async\" class=\"alignnone size-full wp-image-4753\" src=\"https:\/\/d2p6e6u75xmxt8.cloudfront.net\/4\/2018\/08\/jurajcyklista-svit_20.JPG.jpg\" alt=\"\" width=\"1200\" height=\"900\" \/><\/a><\/p>\n<p>Tak\u017ee nev\u00e1hajte a pr\u00ed\u010fte sem na nieko\u013eko dn\u00ed! Vysok\u00e9, N\u00edzke Tatry, Slovensk\u00fd raj&#8230; <strong>To mus\u00ed nav\u0161t\u00edvi\u0165 ka\u017ed\u00fd!<\/strong> Ur\u010dite budem chcie\u0165 \u00eds\u0165 na Kr\u00e1\u013eovu ho\u013eu. Z\u00a0tohto mesta sa d\u00e1 do obce \u0160umiac, kde st\u00fapanie za\u010d\u00edna, dosta\u0165 kr\u00ed\u017eom cez N\u00edzke Tatry, \u010do mus\u00ed by\u0165 fantastick\u00e1 trasa. Vo Vysok\u00fdch Tatr\u00e1ch by bolo par\u00e1dne prejs\u0165 z\u00a0Polianky na \u0160trbsk\u00e9, \u010di Popradsk\u00e9 pleso, kde sa d\u00e1 \u00eds\u0165 na bicykloch. A\u00a0ako som spom\u00ednal \u2013 \u010faleko nie je ani Tom\u00e1\u0161ovsk\u00fd v\u00fdh\u013ead v\u00a0Slovenskom raji, kde sa d\u00e1 \u00eds\u0165 na horsk\u00fdch bicykloch. Slovensk\u00fd raj si v\u0161ak nech\u00e1me nabud\u00face :).<\/p>\n<p>E\u0161te nakoniec mapka, na ktorej vid\u00edte aj okruh k\u00a0Popradu, \u010di v\u00fdstup na Sliezsky dom.<\/p>\n<p><a href=\"https:\/\/d2p6e6u75xmxt8.cloudfront.net\/4\/2018\/08\/mapa-Svit.jpg\"><img loading=\"lazy\" decoding=\"async\" class=\"alignnone size-full wp-image-4754\" src=\"https:\/\/d2p6e6u75xmxt8.cloudfront.net\/4\/2018\/08\/mapa-Svit.jpg\" alt=\"\" width=\"1200\" height=\"750\" \/><\/a><\/p>\n","protected":false},"excerpt":{"rendered":"<p>Tentokr\u00e1t ma putovanie po stop\u00e1ch \u0160koda BIKE OPEN TOUR priviedlo do kraja v okol\u00ed mesta Svit.\u00a0Uva\u017eoval som, \u017ee \u010do by [&hellip;]<\/p>\n","protected":false},"author":38,"featured_media":4755,"comment_status":"open","ping_status":"open","sticky":false,"template":"","format":"standard","meta":{"footnotes":""},"categories":[5,3,118],"tags":[448,180,454,455,571,569,465,35,202,523,234,570,213,545,508,520],"global-categories":[],"class_list":["post-4775","post","type-post","status-publish","format-standard","has-post-thumbnail","hentry","category-blog","category-mtb","category-zabava","tag-cyklotrasy","tag-horska-cyklistika","tag-juraj-lucan","tag-jurajcyklista","tag-kralova-hola","tag-nizke-tatry","tag-poprad","tag-sbot","tag-sliezsky-dom","tag-slovensko","tag-slovensky-raj","tag-strbske-pleso","tag-svit","tag-trasa","tag-vylet","tag-vysoke-tatry"],"yoast_head":"<!-- This site is optimized with the Yoast SEO Premium plugin v25.3 (Yoast SEO v25.9) - https:\/\/yoast.com\/wordpress\/plugins\/seo\/ -->\n<title>Svit \u2013 mesto obklopen\u00e9 Tatrami - \u0160koda We Love Cycling Slovensko<\/title>\n<meta name=\"robots\" content=\"index, follow, max-snippet:-1, max-image-preview:large, max-video-preview:-1\" \/>\n<link rel=\"canonical\" href=\"https:\/\/www.welovecycling.com\/sk\/2018\/08\/22\/svit-mesto-obklopene-tatrami\/\" \/>\n<meta property=\"og:locale\" content=\"sk_SK\" \/>\n<meta property=\"og:type\" content=\"article\" \/>\n<meta property=\"og:title\" content=\"Svit \u2013 mesto obklopen\u00e9 Tatrami\" \/>\n<meta property=\"og:description\" content=\"Tentokr\u00e1t ma putovanie po stop\u00e1ch \u0160koda BIKE OPEN TOUR priviedlo do kraja v okol\u00ed mesta Svit.\u00a0Uva\u017eoval som, \u017ee \u010do by [&hellip;]\" \/>\n<meta property=\"og:url\" content=\"https:\/\/www.welovecycling.com\/sk\/2018\/08\/22\/svit-mesto-obklopene-tatrami\/\" \/>\n<meta property=\"og:site_name\" content=\"\u0160koda We Love Cycling Slovensko\" \/>\n<meta property=\"article:published_time\" content=\"2018-08-22T09:05:45+00:00\" \/>\n<meta property=\"article:modified_time\" content=\"2019-02-13T13:58:58+00:00\" \/>\n<meta property=\"og:image\" content=\"https:\/\/d2p6e6u75xmxt8.cloudfront.net\/4\/2018\/08\/1380x600_blogger-svit.webp\" \/>\n\t<meta property=\"og:image:width\" content=\"1380\" \/>\n\t<meta property=\"og:image:height\" content=\"600\" \/>\n\t<meta property=\"og:image:type\" content=\"image\/webp\" \/>\n<meta name=\"author\" content=\"Ondrej Ga\u0161par\" \/>\n<meta name=\"twitter:card\" content=\"summary_large_image\" \/>\n<meta name=\"twitter:label1\" content=\"Written by\" \/>\n\t<meta name=\"twitter:data1\" content=\"Juraj Lu\u010dan\" \/>\n\t<meta name=\"twitter:label2\" content=\"Est. reading time\" \/>\n\t<meta name=\"twitter:data2\" content=\"3\" \/>\n<script type=\"application\/ld+json\" class=\"yoast-schema-graph\">{\"@context\":\"https:\/\/schema.org\",\"@graph\":[{\"@type\":\"WebPage\",\"@id\":\"https:\/\/www.welovecycling.com\/sk\/2018\/08\/22\/svit-mesto-obklopene-tatrami\/\",\"url\":\"https:\/\/www.welovecycling.com\/sk\/2018\/08\/22\/svit-mesto-obklopene-tatrami\/\",\"name\":\"Svit \u2013 mesto obklopen\u00e9 Tatrami - \u0160koda We Love Cycling Slovensko\",\"isPartOf\":{\"@id\":\"https:\/\/www.welovecycling.com\/sk\/#website\"},\"primaryImageOfPage\":{\"@id\":\"https:\/\/www.welovecycling.com\/sk\/2018\/08\/22\/svit-mesto-obklopene-tatrami\/#primaryimage\"},\"image\":{\"@id\":\"https:\/\/www.welovecycling.com\/sk\/2018\/08\/22\/svit-mesto-obklopene-tatrami\/#primaryimage\"},\"thumbnailUrl\":\"https:\/\/d2p6e6u75xmxt8.cloudfront.net\/4\/2018\/08\/1380x600_blogger-svit.webp\",\"datePublished\":\"2018-08-22T09:05:45+00:00\",\"dateModified\":\"2019-02-13T13:58:58+00:00\",\"author\":{\"@id\":\"https:\/\/www.welovecycling.com\/sk\/#\/schema\/person\/8ee09ba39b7e25b1870160aa5b3a89bc\"},\"breadcrumb\":{\"@id\":\"https:\/\/www.welovecycling.com\/sk\/2018\/08\/22\/svit-mesto-obklopene-tatrami\/#breadcrumb\"},\"inLanguage\":\"sk-SK\",\"potentialAction\":[{\"@type\":\"ReadAction\",\"target\":[\"https:\/\/www.welovecycling.com\/sk\/2018\/08\/22\/svit-mesto-obklopene-tatrami\/\"]}]},{\"@type\":\"ImageObject\",\"inLanguage\":\"sk-SK\",\"@id\":\"https:\/\/www.welovecycling.com\/sk\/2018\/08\/22\/svit-mesto-obklopene-tatrami\/#primaryimage\",\"url\":\"https:\/\/d2p6e6u75xmxt8.cloudfront.net\/4\/2018\/08\/1380x600_blogger-svit.webp\",\"contentUrl\":\"https:\/\/d2p6e6u75xmxt8.cloudfront.net\/4\/2018\/08\/1380x600_blogger-svit.webp\",\"width\":1380,\"height\":600},{\"@type\":\"BreadcrumbList\",\"@id\":\"https:\/\/www.welovecycling.com\/sk\/2018\/08\/22\/svit-mesto-obklopene-tatrami\/#breadcrumb\",\"itemListElement\":[{\"@type\":\"ListItem\",\"position\":1,\"name\":\"Home\",\"item\":\"https:\/\/www.welovecycling.com\/sk\/\"},{\"@type\":\"ListItem\",\"position\":2,\"name\":\"Svit \u2013 mesto obklopen\u00e9 Tatrami\"}]},{\"@type\":\"WebSite\",\"@id\":\"https:\/\/www.welovecycling.com\/sk\/#website\",\"url\":\"https:\/\/www.welovecycling.com\/sk\/\",\"name\":\"\u0160koda We Love Cycling Slovensko\",\"description\":\"\u0160koda We Love Cycling Slovensko je v\u00e1\u0161 ka\u017edodenn\u00fd zdroj noviniek a in\u0161pir\u00e1cie z sveta cyklistiky\",\"potentialAction\":[{\"@type\":\"SearchAction\",\"target\":{\"@type\":\"EntryPoint\",\"urlTemplate\":\"https:\/\/www.welovecycling.com\/sk\/?s={search_term_string}\"},\"query-input\":{\"@type\":\"PropertyValueSpecification\",\"valueRequired\":true,\"valueName\":\"search_term_string\"}}],\"inLanguage\":\"sk-SK\"},{\"@type\":\"Person\",\"@id\":\"https:\/\/www.welovecycling.com\/sk\/#\/schema\/person\/8ee09ba39b7e25b1870160aa5b3a89bc\",\"name\":\"Ondrej Ga\u0161par\",\"image\":{\"@type\":\"ImageObject\",\"inLanguage\":\"sk-SK\",\"@id\":\"https:\/\/www.welovecycling.com\/sk\/#\/schema\/person\/image\/\",\"url\":\"https:\/\/secure.gravatar.com\/avatar\/6126c9afb87b70da5abbb083ddbb21933da15f18f8ca7cb822aba0fb096a48f6?s=96&d=mm&r=g\",\"contentUrl\":\"https:\/\/secure.gravatar.com\/avatar\/6126c9afb87b70da5abbb083ddbb21933da15f18f8ca7cb822aba0fb096a48f6?s=96&d=mm&r=g\",\"caption\":\"Ondrej Ga\u0161par\"},\"url\":\"https:\/\/www.welovecycling.com\/sk\/author\/ondrejgaspar\/\"}]}<\/script>\n<!-- \/ Yoast SEO Premium plugin. -->","yoast_head_json":{"title":"Svit \u2013 mesto obklopen\u00e9 Tatrami - \u0160koda We Love Cycling Slovensko","robots":{"index":"index","follow":"follow","max-snippet":"max-snippet:-1","max-image-preview":"max-image-preview:large","max-video-preview":"max-video-preview:-1"},"canonical":"https:\/\/www.welovecycling.com\/sk\/2018\/08\/22\/svit-mesto-obklopene-tatrami\/","og_locale":"sk_SK","og_type":"article","og_title":"Svit \u2013 mesto obklopen\u00e9 Tatrami","og_description":"Tentokr\u00e1t ma putovanie po stop\u00e1ch \u0160koda BIKE OPEN TOUR priviedlo do kraja v okol\u00ed mesta Svit.\u00a0Uva\u017eoval som, \u017ee \u010do by [&hellip;]","og_url":"https:\/\/www.welovecycling.com\/sk\/2018\/08\/22\/svit-mesto-obklopene-tatrami\/","og_site_name":"\u0160koda We Love Cycling Slovensko","article_published_time":"2018-08-22T09:05:45+00:00","article_modified_time":"2019-02-13T13:58:58+00:00","og_image":[{"width":1380,"height":600,"url":"https:\/\/d2p6e6u75xmxt8.cloudfront.net\/4\/2018\/08\/1380x600_blogger-svit.webp","type":"image\/webp"}],"author":"Ondrej Ga\u0161par","twitter_card":"summary_large_image","twitter_misc":{"Written by":"Juraj Lu\u010dan","Est. reading time":"3"},"schema":{"@context":"https:\/\/schema.org","@graph":[{"@type":"WebPage","@id":"https:\/\/www.welovecycling.com\/sk\/2018\/08\/22\/svit-mesto-obklopene-tatrami\/","url":"https:\/\/www.welovecycling.com\/sk\/2018\/08\/22\/svit-mesto-obklopene-tatrami\/","name":"Svit \u2013 mesto obklopen\u00e9 Tatrami - \u0160koda We Love Cycling Slovensko","isPartOf":{"@id":"https:\/\/www.welovecycling.com\/sk\/#website"},"primaryImageOfPage":{"@id":"https:\/\/www.welovecycling.com\/sk\/2018\/08\/22\/svit-mesto-obklopene-tatrami\/#primaryimage"},"image":{"@id":"https:\/\/www.welovecycling.com\/sk\/2018\/08\/22\/svit-mesto-obklopene-tatrami\/#primaryimage"},"thumbnailUrl":"https:\/\/d2p6e6u75xmxt8.cloudfront.net\/4\/2018\/08\/1380x600_blogger-svit.webp","datePublished":"2018-08-22T09:05:45+00:00","dateModified":"2019-02-13T13:58:58+00:00","author":{"@id":"https:\/\/www.welovecycling.com\/sk\/#\/schema\/person\/8ee09ba39b7e25b1870160aa5b3a89bc"},"breadcrumb":{"@id":"https:\/\/www.welovecycling.com\/sk\/2018\/08\/22\/svit-mesto-obklopene-tatrami\/#breadcrumb"},"inLanguage":"sk-SK","potentialAction":[{"@type":"ReadAction","target":["https:\/\/www.welovecycling.com\/sk\/2018\/08\/22\/svit-mesto-obklopene-tatrami\/"]}]},{"@type":"ImageObject","inLanguage":"sk-SK","@id":"https:\/\/www.welovecycling.com\/sk\/2018\/08\/22\/svit-mesto-obklopene-tatrami\/#primaryimage","url":"https:\/\/d2p6e6u75xmxt8.cloudfront.net\/4\/2018\/08\/1380x600_blogger-svit.webp","contentUrl":"https:\/\/d2p6e6u75xmxt8.cloudfront.net\/4\/2018\/08\/1380x600_blogger-svit.webp","width":1380,"height":600},{"@type":"BreadcrumbList","@id":"https:\/\/www.welovecycling.com\/sk\/2018\/08\/22\/svit-mesto-obklopene-tatrami\/#breadcrumb","itemListElement":[{"@type":"ListItem","position":1,"name":"Home","item":"https:\/\/www.welovecycling.com\/sk\/"},{"@type":"ListItem","position":2,"name":"Svit \u2013 mesto obklopen\u00e9 Tatrami"}]},{"@type":"WebSite","@id":"https:\/\/www.welovecycling.com\/sk\/#website","url":"https:\/\/www.welovecycling.com\/sk\/","name":"\u0160koda We Love Cycling Slovensko","description":"\u0160koda We Love Cycling Slovensko je v\u00e1\u0161 ka\u017edodenn\u00fd zdroj noviniek a in\u0161pir\u00e1cie z sveta cyklistiky","potentialAction":[{"@type":"SearchAction","target":{"@type":"EntryPoint","urlTemplate":"https:\/\/www.welovecycling.com\/sk\/?s={search_term_string}"},"query-input":{"@type":"PropertyValueSpecification","valueRequired":true,"valueName":"search_term_string"}}],"inLanguage":"sk-SK"},{"@type":"Person","@id":"https:\/\/www.welovecycling.com\/sk\/#\/schema\/person\/8ee09ba39b7e25b1870160aa5b3a89bc","name":"Ondrej Ga\u0161par","image":{"@type":"ImageObject","inLanguage":"sk-SK","@id":"https:\/\/www.welovecycling.com\/sk\/#\/schema\/person\/image\/","url":"https:\/\/secure.gravatar.com\/avatar\/6126c9afb87b70da5abbb083ddbb21933da15f18f8ca7cb822aba0fb096a48f6?s=96&d=mm&r=g","contentUrl":"https:\/\/secure.gravatar.com\/avatar\/6126c9afb87b70da5abbb083ddbb21933da15f18f8ca7cb822aba0fb096a48f6?s=96&d=mm&r=g","caption":"Ondrej Ga\u0161par"},"url":"https:\/\/www.welovecycling.com\/sk\/author\/ondrejgaspar\/"}]}},"_links":{"self":[{"href":"https:\/\/www.welovecycling.com\/sk\/wp-json\/wp\/v2\/posts\/4775","targetHints":{"allow":["GET"]}}],"collection":[{"href":"https:\/\/www.welovecycling.com\/sk\/wp-json\/wp\/v2\/posts"}],"about":[{"href":"https:\/\/www.welovecycling.com\/sk\/wp-json\/wp\/v2\/types\/post"}],"author":[{"embeddable":true,"href":"https:\/\/www.welovecycling.com\/sk\/wp-json\/wp\/v2\/users\/38"}],"replies":[{"embeddable":true,"href":"https:\/\/www.welovecycling.com\/sk\/wp-json\/wp\/v2\/comments?post=4775"}],"version-history":[{"count":2,"href":"https:\/\/www.welovecycling.com\/sk\/wp-json\/wp\/v2\/posts\/4775\/revisions"}],"predecessor-version":[{"id":4798,"href":"https:\/\/www.welovecycling.com\/sk\/wp-json\/wp\/v2\/posts\/4775\/revisions\/4798"}],"wp:featuredmedia":[{"embeddable":true,"href":"https:\/\/www.welovecycling.com\/sk\/wp-json\/wp\/v2\/media\/4755"}],"wp:attachment":[{"href":"https:\/\/www.welovecycling.com\/sk\/wp-json\/wp\/v2\/media?parent=4775"}],"wp:term":[{"taxonomy":"category","embeddable":true,"href":"https:\/\/www.welovecycling.com\/sk\/wp-json\/wp\/v2\/categories?post=4775"},{"taxonomy":"post_tag","embeddable":true,"href":"https:\/\/www.welovecycling.com\/sk\/wp-json\/wp\/v2\/tags?post=4775"},{"taxonomy":"global-categories","embeddable":true,"href":"https:\/\/www.welovecycling.com\/sk\/wp-json\/wp\/v2\/global-categories?post=4775"}],"curies":[{"name":"wp","href":"https:\/\/api.w.org\/{rel}","templated":true}]}}