{"id":4759,"date":"2018-08-20T09:38:24","date_gmt":"2018-08-20T07:38:24","guid":{"rendered":"https:\/\/www.welovecycling.com\/sk\/?p=4759"},"modified":"2018-08-20T09:38:24","modified_gmt":"2018-08-20T07:38:24","slug":"letna-horucava-ako-prezit-horuce-dni-na-bicykli","status":"publish","type":"post","link":"https:\/\/www.welovecycling.com\/sk\/2018\/08\/20\/letna-horucava-ako-prezit-horuce-dni-na-bicykli\/","title":{"rendered":"Letn\u00e1 hor\u00fa\u010dava \u2013 ako pre\u017ei\u0165 hor\u00face dni na bicykli?"},"content":{"rendered":"<p><strong>Leto je vo svojej druhej polovici, av\u0161ak vo v\u00e4\u010d\u0161ine eur\u00f3pskych kraj\u00edn tak skoro e\u0161te neskon\u010d\u00ed. Ke\u010f\u017ee toto tropick\u00e9 po\u010dasie na\u010falej pretrv\u00e1va, neza\u0161kod\u00ed si zopakova\u0165 z\u00e1kladn\u00e9 pravidl\u00e1, ako pre\u017ei\u0165 jazdu na bicykli v hor\u00fa\u010dave.<\/strong><!--more--><\/p>\n<h2><strong>Dodr\u017eujte pitn\u00fd re\u017eim<\/strong><\/h2>\n<p>V takomto po\u010das\u00ed sa jednoducho pot\u00edme viac, \u010do nikoho neprekvapuje. To vedie k situ\u00e1cii, \u017ee str\u00e1came viac tekut\u00edn a niekedy je \u0165a\u017ek\u00e9 odhadn\u00fa\u0165, ako ve\u013emi sme dehydrovan\u00ed. Najhor\u0161ie, \u010do m\u00f4\u017eeme urobi\u0165, je za\u010da\u0165 pi\u0165 v momente, a\u017e ke\u010f sme ve\u013emi sm\u00e4dn\u00ed, \u010do znamen\u00e1, \u017ee u\u017e je pr\u00edli\u0161 neskoro, aby sme \u00farove\u0148 hydrat\u00e1cie udr\u017eali pod kontrolou. Odpor\u00fa\u010da sa <strong>pop\u00edja\u0165 od prvej min\u00faty, kedy sadneme na bicykel<\/strong>. Pridan\u00edm elektrolytov do n\u00e1poja pom\u00f4\u017eeme nahradi\u0165 tie, ktor\u00e9 sme stratili poten\u00edm, \u010do zabr\u00e1ni svalov\u00fdm k\u0155\u010dom. Udr\u017ea\u0165 n\u00e1poj vychladen\u00fd m\u00f4\u017eete aj t\u00fdm, \u017ee do f\u013ea\u0161e d\u00e1te nieko\u013eko kociek \u013eadu.<\/p>\n<p><a href=\"https:\/\/d2p6e6u75xmxt8.cloudfront.net\/4\/2018\/07\/profimedia-0368020310-1.jpg\"><img loading=\"lazy\" decoding=\"async\" class=\"alignnone size-full wp-image-4282\" src=\"https:\/\/d2p6e6u75xmxt8.cloudfront.net\/4\/2018\/07\/profimedia-0368020310-1.jpg\" alt=\"\" width=\"1366\" height=\"600\" \/><\/a><\/p>\n<h2><strong>Krat\u0161ie v\u00fdjazdy<\/strong><\/h2>\n<p>Bez oh\u013eadu na to, \u017ee ste nad\u0161enec pre cyklistiku, hor\u00fa\u010davy m\u00f4\u017eu vytla\u010di\u0165 tekutiny z v\u00e1\u0161ho tela ako od\u0161\u0165avova\u010d. Majte na pam\u00e4ti, \u017ee nechcen\u00fd \u00fapal v\u00e1s m\u00f4\u017ee odstavi\u0165 od bicykla na nieko\u013eko dn\u00ed, tak\u017ee, ak chcete bicyklova\u0165 \u010do najviac, <strong>zv\u00e1\u017ete rozdelenie v\u00e4\u010d\u0161\u00edch vzdialenost\u00ed na men\u0161ie \u010dasti<\/strong>.<\/p>\n<h2><strong>Noste slne\u010dn\u00e9 okuliare<\/strong><\/h2>\n<p>V\u0161etci ich nos\u00edme ako ochranu proti hmyzu, av\u0161ak 100% UV filter v\u00e1s ochr\u00e1ni proti nebezpe\u010dn\u00fdm slne\u010dn\u00fdm l\u00fa\u010dom, ktor\u00e9 by mohli po\u0161kodi\u0165 va\u0161e o\u010di viac ako nepr\u00edjemn\u00fd hmyz.<\/p>\n<p><a href=\"https:\/\/d2p6e6u75xmxt8.cloudfront.net\/4\/2018\/08\/profimedia-0378915010-1.jpg\"><img loading=\"lazy\" decoding=\"async\" class=\"alignnone size-full wp-image-4760\" src=\"https:\/\/d2p6e6u75xmxt8.cloudfront.net\/4\/2018\/08\/profimedia-0378915010-1.jpg\" alt=\"\" width=\"1366\" height=\"600\" \/><\/a><\/p>\n<h2><strong>Nezabudnite na opa\u013eovac\u00ed kr\u00e9m<\/strong><\/h2>\n<p>Ukazovanie slnkom op\u00e1len\u00fdch p\u00e1sov od oble\u010denia, pre pobavenie kolegov v kancel\u00e1rii, je s\u00fa\u010das\u0165ou p\u00fdchy cyklistov, av\u0161ak, ka\u017ed\u00e1 hra m\u00e1 svoje hranice. Existuje <strong>riziko rakoviny ko\u017ee a sp\u00e1lenie od slnka<\/strong> tie\u017e nie je dobrou vyhliadkou pre nasleduj\u00faci de\u0148, preto\u017ee, ke\u010f va\u0161a ko\u017ea absorbuje pr\u00edli\u0161 ve\u013ea ultrafialov\u00e9ho \u017eiarenia, \u0165a\u017eko budete na druh\u00fd de\u0148 bicyklova\u0165 bez bolesti.<\/p>\n<h2><strong>Vst\u00e1vajte zav\u010dasu<\/strong><\/h2>\n<p>Toto je rada, ktorej sa asi v\u00e4\u010d\u0161ina z v\u00e1s jednoducho zasmeje, ale pokia\u013e ide o z\u00e1kladn\u00e9 pravidl\u00e1, <strong>toto m\u00e1 najv\u00e4\u010d\u0161\u00ed zmysel<\/strong>. Za\u010d\u00edna\u0165 o 5:30 r\u00e1no dokonca aj v auguste znamen\u00e1, \u017ee za\u010dnete jazdu za \u00fasvitu, v\u010faka \u010domu m\u00f4\u017eete zvl\u00e1dnu\u0165 svojich 100 km e\u0161te pred vysi\u013euj\u00facou hor\u00fa\u010davou d\u0148a, ktor\u00e1 zasiahne okolie.<\/p>\n<p><a href=\"https:\/\/d2p6e6u75xmxt8.cloudfront.net\/4\/2018\/08\/profimedia-0380258540-1.jpg\"><img loading=\"lazy\" decoding=\"async\" class=\"alignnone size-full wp-image-4761\" src=\"https:\/\/d2p6e6u75xmxt8.cloudfront.net\/4\/2018\/08\/profimedia-0380258540-1.jpg\" alt=\"\" width=\"1366\" height=\"600\" \/><\/a><\/p>\n<h2><strong>Tekutiny po jazde<\/strong><\/h2>\n<p>Je \u0165a\u017ek\u00e9 odola\u0165 volaniu po chladnom pive po jazde. Napriek tomu, \u017ee jedno alebo dve piv\u00e1 s\u00fa e\u0161te v poriadku, viac by u\u017e naru\u0161ilo hydrat\u00e1ciu tela. Namiesto alkoholick\u00fdch n\u00e1pojov pite ovocn\u00e9 \u0161\u0165avy \u010di limon\u00e1dy. <strong>\u010c\u00edm viac, t\u00fdm lep\u0161ie<\/strong>, aj za cenu, \u017ee sa budete n\u00fati\u0165 k vy\u0161\u0161iemu pr\u00edjmu tekut\u00edn.<\/p>\n","protected":false},"excerpt":{"rendered":"<p>Leto je vo svojej druhej polovici, av\u0161ak vo v\u00e4\u010d\u0161ine eur\u00f3pskych kraj\u00edn tak skoro e\u0161te neskon\u010d\u00ed. Ke\u010f\u017ee toto tropick\u00e9 po\u010dasie na\u010falej [&hellip;]<\/p>\n","protected":false},"author":38,"featured_media":4763,"comment_status":"open","ping_status":"open","sticky":false,"template":"","format":"standard","meta":{"footnotes":""},"categories":[57,4,3],"tags":[115,180,567,532,566,551,568,163,318,161],"global-categories":[],"class_list":["post-4759","post","type-post","status-publish","format-standard","has-post-thumbnail","hentry","category-bezpecnost","category-cestna-cyklisitika","category-mtb","tag-cestna-cyklistika","tag-horska-cyklistika","tag-horucava","tag-jazdenie","tag-leto","tag-pitny-rezim","tag-slnko","tag-strava","tag-vyjazd","tag-zdravie"],"yoast_head":"<!-- This site is optimized with the Yoast SEO Premium plugin v25.3 (Yoast SEO v25.9) - https:\/\/yoast.com\/wordpress\/plugins\/seo\/ -->\n<title>Letn\u00e1 hor\u00fa\u010dava \u2013 ako pre\u017ei\u0165 hor\u00face dni na bicykli? - \u0160koda We Love Cycling Slovensko<\/title>\n<meta name=\"robots\" content=\"index, follow, max-snippet:-1, max-image-preview:large, max-video-preview:-1\" \/>\n<link rel=\"canonical\" href=\"https:\/\/www.welovecycling.com\/sk\/2018\/08\/20\/letna-horucava-ako-prezit-horuce-dni-na-bicykli\/\" \/>\n<meta property=\"og:locale\" content=\"sk_SK\" \/>\n<meta property=\"og:type\" content=\"article\" \/>\n<meta property=\"og:title\" content=\"Letn\u00e1 hor\u00fa\u010dava \u2013 ako pre\u017ei\u0165 hor\u00face dni na bicykli?\" \/>\n<meta property=\"og:description\" content=\"Leto je vo svojej druhej polovici, av\u0161ak vo v\u00e4\u010d\u0161ine eur\u00f3pskych kraj\u00edn tak skoro e\u0161te neskon\u010d\u00ed. Ke\u010f\u017ee toto tropick\u00e9 po\u010dasie na\u010falej [&hellip;]\" \/>\n<meta property=\"og:url\" content=\"https:\/\/www.welovecycling.com\/sk\/2018\/08\/20\/letna-horucava-ako-prezit-horuce-dni-na-bicykli\/\" \/>\n<meta property=\"og:site_name\" content=\"\u0160koda We Love Cycling Slovensko\" \/>\n<meta property=\"article:published_time\" content=\"2018-08-20T07:38:24+00:00\" \/>\n<meta property=\"og:image\" content=\"https:\/\/d2p6e6u75xmxt8.cloudfront.net\/4\/2018\/08\/profimedia-0380012138-1.webp\" \/>\n\t<meta property=\"og:image:width\" content=\"1366\" \/>\n\t<meta property=\"og:image:height\" content=\"600\" \/>\n\t<meta property=\"og:image:type\" content=\"image\/webp\" \/>\n<meta name=\"author\" content=\"Ondrej Ga\u0161par\" \/>\n<meta name=\"twitter:card\" content=\"summary_large_image\" \/>\n<meta name=\"twitter:label1\" content=\"Written by\" \/>\n\t<meta name=\"twitter:data1\" content=\"Adam Marsal\" \/>\n\t<meta name=\"twitter:label2\" content=\"Est. reading time\" \/>\n\t<meta name=\"twitter:data2\" content=\"2\" \/>\n<script type=\"application\/ld+json\" class=\"yoast-schema-graph\">{\"@context\":\"https:\/\/schema.org\",\"@graph\":[{\"@type\":\"WebPage\",\"@id\":\"https:\/\/www.welovecycling.com\/sk\/2018\/08\/20\/letna-horucava-ako-prezit-horuce-dni-na-bicykli\/\",\"url\":\"https:\/\/www.welovecycling.com\/sk\/2018\/08\/20\/letna-horucava-ako-prezit-horuce-dni-na-bicykli\/\",\"name\":\"Letn\u00e1 hor\u00fa\u010dava \u2013 ako pre\u017ei\u0165 hor\u00face dni na bicykli? - \u0160koda We Love Cycling Slovensko\",\"isPartOf\":{\"@id\":\"https:\/\/www.welovecycling.com\/sk\/#website\"},\"primaryImageOfPage\":{\"@id\":\"https:\/\/www.welovecycling.com\/sk\/2018\/08\/20\/letna-horucava-ako-prezit-horuce-dni-na-bicykli\/#primaryimage\"},\"image\":{\"@id\":\"https:\/\/www.welovecycling.com\/sk\/2018\/08\/20\/letna-horucava-ako-prezit-horuce-dni-na-bicykli\/#primaryimage\"},\"thumbnailUrl\":\"https:\/\/d2p6e6u75xmxt8.cloudfront.net\/4\/2018\/08\/profimedia-0380012138-1.webp\",\"datePublished\":\"2018-08-20T07:38:24+00:00\",\"author\":{\"@id\":\"https:\/\/www.welovecycling.com\/sk\/#\/schema\/person\/8ee09ba39b7e25b1870160aa5b3a89bc\"},\"breadcrumb\":{\"@id\":\"https:\/\/www.welovecycling.com\/sk\/2018\/08\/20\/letna-horucava-ako-prezit-horuce-dni-na-bicykli\/#breadcrumb\"},\"inLanguage\":\"sk-SK\",\"potentialAction\":[{\"@type\":\"ReadAction\",\"target\":[\"https:\/\/www.welovecycling.com\/sk\/2018\/08\/20\/letna-horucava-ako-prezit-horuce-dni-na-bicykli\/\"]}]},{\"@type\":\"ImageObject\",\"inLanguage\":\"sk-SK\",\"@id\":\"https:\/\/www.welovecycling.com\/sk\/2018\/08\/20\/letna-horucava-ako-prezit-horuce-dni-na-bicykli\/#primaryimage\",\"url\":\"https:\/\/d2p6e6u75xmxt8.cloudfront.net\/4\/2018\/08\/profimedia-0380012138-1.webp\",\"contentUrl\":\"https:\/\/d2p6e6u75xmxt8.cloudfront.net\/4\/2018\/08\/profimedia-0380012138-1.webp\",\"width\":1366,\"height\":600},{\"@type\":\"BreadcrumbList\",\"@id\":\"https:\/\/www.welovecycling.com\/sk\/2018\/08\/20\/letna-horucava-ako-prezit-horuce-dni-na-bicykli\/#breadcrumb\",\"itemListElement\":[{\"@type\":\"ListItem\",\"position\":1,\"name\":\"Home\",\"item\":\"https:\/\/www.welovecycling.com\/sk\/\"},{\"@type\":\"ListItem\",\"position\":2,\"name\":\"Letn\u00e1 hor\u00fa\u010dava \u2013 ako pre\u017ei\u0165 hor\u00face dni na bicykli?\"}]},{\"@type\":\"WebSite\",\"@id\":\"https:\/\/www.welovecycling.com\/sk\/#website\",\"url\":\"https:\/\/www.welovecycling.com\/sk\/\",\"name\":\"\u0160koda We Love Cycling Slovensko\",\"description\":\"\u0160koda We Love Cycling Slovensko je v\u00e1\u0161 ka\u017edodenn\u00fd zdroj noviniek a in\u0161pir\u00e1cie z sveta cyklistiky\",\"potentialAction\":[{\"@type\":\"SearchAction\",\"target\":{\"@type\":\"EntryPoint\",\"urlTemplate\":\"https:\/\/www.welovecycling.com\/sk\/?s={search_term_string}\"},\"query-input\":{\"@type\":\"PropertyValueSpecification\",\"valueRequired\":true,\"valueName\":\"search_term_string\"}}],\"inLanguage\":\"sk-SK\"},{\"@type\":\"Person\",\"@id\":\"https:\/\/www.welovecycling.com\/sk\/#\/schema\/person\/8ee09ba39b7e25b1870160aa5b3a89bc\",\"name\":\"Ondrej Ga\u0161par\",\"image\":{\"@type\":\"ImageObject\",\"inLanguage\":\"sk-SK\",\"@id\":\"https:\/\/www.welovecycling.com\/sk\/#\/schema\/person\/image\/\",\"url\":\"https:\/\/secure.gravatar.com\/avatar\/6126c9afb87b70da5abbb083ddbb21933da15f18f8ca7cb822aba0fb096a48f6?s=96&d=mm&r=g\",\"contentUrl\":\"https:\/\/secure.gravatar.com\/avatar\/6126c9afb87b70da5abbb083ddbb21933da15f18f8ca7cb822aba0fb096a48f6?s=96&d=mm&r=g\",\"caption\":\"Ondrej Ga\u0161par\"},\"url\":\"https:\/\/www.welovecycling.com\/sk\/author\/ondrejgaspar\/\"}]}<\/script>\n<!-- \/ Yoast SEO Premium plugin. -->","yoast_head_json":{"title":"Letn\u00e1 hor\u00fa\u010dava \u2013 ako pre\u017ei\u0165 hor\u00face dni na bicykli? - \u0160koda We Love Cycling Slovensko","robots":{"index":"index","follow":"follow","max-snippet":"max-snippet:-1","max-image-preview":"max-image-preview:large","max-video-preview":"max-video-preview:-1"},"canonical":"https:\/\/www.welovecycling.com\/sk\/2018\/08\/20\/letna-horucava-ako-prezit-horuce-dni-na-bicykli\/","og_locale":"sk_SK","og_type":"article","og_title":"Letn\u00e1 hor\u00fa\u010dava \u2013 ako pre\u017ei\u0165 hor\u00face dni na bicykli?","og_description":"Leto je vo svojej druhej polovici, av\u0161ak vo v\u00e4\u010d\u0161ine eur\u00f3pskych kraj\u00edn tak skoro e\u0161te neskon\u010d\u00ed. Ke\u010f\u017ee toto tropick\u00e9 po\u010dasie na\u010falej [&hellip;]","og_url":"https:\/\/www.welovecycling.com\/sk\/2018\/08\/20\/letna-horucava-ako-prezit-horuce-dni-na-bicykli\/","og_site_name":"\u0160koda We Love Cycling Slovensko","article_published_time":"2018-08-20T07:38:24+00:00","og_image":[{"width":1366,"height":600,"url":"https:\/\/d2p6e6u75xmxt8.cloudfront.net\/4\/2018\/08\/profimedia-0380012138-1.webp","type":"image\/webp"}],"author":"Ondrej Ga\u0161par","twitter_card":"summary_large_image","twitter_misc":{"Written by":"Adam Marsal","Est. reading time":"2"},"schema":{"@context":"https:\/\/schema.org","@graph":[{"@type":"WebPage","@id":"https:\/\/www.welovecycling.com\/sk\/2018\/08\/20\/letna-horucava-ako-prezit-horuce-dni-na-bicykli\/","url":"https:\/\/www.welovecycling.com\/sk\/2018\/08\/20\/letna-horucava-ako-prezit-horuce-dni-na-bicykli\/","name":"Letn\u00e1 hor\u00fa\u010dava \u2013 ako pre\u017ei\u0165 hor\u00face dni na bicykli? - \u0160koda We Love Cycling Slovensko","isPartOf":{"@id":"https:\/\/www.welovecycling.com\/sk\/#website"},"primaryImageOfPage":{"@id":"https:\/\/www.welovecycling.com\/sk\/2018\/08\/20\/letna-horucava-ako-prezit-horuce-dni-na-bicykli\/#primaryimage"},"image":{"@id":"https:\/\/www.welovecycling.com\/sk\/2018\/08\/20\/letna-horucava-ako-prezit-horuce-dni-na-bicykli\/#primaryimage"},"thumbnailUrl":"https:\/\/d2p6e6u75xmxt8.cloudfront.net\/4\/2018\/08\/profimedia-0380012138-1.webp","datePublished":"2018-08-20T07:38:24+00:00","author":{"@id":"https:\/\/www.welovecycling.com\/sk\/#\/schema\/person\/8ee09ba39b7e25b1870160aa5b3a89bc"},"breadcrumb":{"@id":"https:\/\/www.welovecycling.com\/sk\/2018\/08\/20\/letna-horucava-ako-prezit-horuce-dni-na-bicykli\/#breadcrumb"},"inLanguage":"sk-SK","potentialAction":[{"@type":"ReadAction","target":["https:\/\/www.welovecycling.com\/sk\/2018\/08\/20\/letna-horucava-ako-prezit-horuce-dni-na-bicykli\/"]}]},{"@type":"ImageObject","inLanguage":"sk-SK","@id":"https:\/\/www.welovecycling.com\/sk\/2018\/08\/20\/letna-horucava-ako-prezit-horuce-dni-na-bicykli\/#primaryimage","url":"https:\/\/d2p6e6u75xmxt8.cloudfront.net\/4\/2018\/08\/profimedia-0380012138-1.webp","contentUrl":"https:\/\/d2p6e6u75xmxt8.cloudfront.net\/4\/2018\/08\/profimedia-0380012138-1.webp","width":1366,"height":600},{"@type":"BreadcrumbList","@id":"https:\/\/www.welovecycling.com\/sk\/2018\/08\/20\/letna-horucava-ako-prezit-horuce-dni-na-bicykli\/#breadcrumb","itemListElement":[{"@type":"ListItem","position":1,"name":"Home","item":"https:\/\/www.welovecycling.com\/sk\/"},{"@type":"ListItem","position":2,"name":"Letn\u00e1 hor\u00fa\u010dava \u2013 ako pre\u017ei\u0165 hor\u00face dni na bicykli?"}]},{"@type":"WebSite","@id":"https:\/\/www.welovecycling.com\/sk\/#website","url":"https:\/\/www.welovecycling.com\/sk\/","name":"\u0160koda We Love Cycling Slovensko","description":"\u0160koda We Love Cycling Slovensko je v\u00e1\u0161 ka\u017edodenn\u00fd zdroj noviniek a in\u0161pir\u00e1cie z sveta cyklistiky","potentialAction":[{"@type":"SearchAction","target":{"@type":"EntryPoint","urlTemplate":"https:\/\/www.welovecycling.com\/sk\/?s={search_term_string}"},"query-input":{"@type":"PropertyValueSpecification","valueRequired":true,"valueName":"search_term_string"}}],"inLanguage":"sk-SK"},{"@type":"Person","@id":"https:\/\/www.welovecycling.com\/sk\/#\/schema\/person\/8ee09ba39b7e25b1870160aa5b3a89bc","name":"Ondrej Ga\u0161par","image":{"@type":"ImageObject","inLanguage":"sk-SK","@id":"https:\/\/www.welovecycling.com\/sk\/#\/schema\/person\/image\/","url":"https:\/\/secure.gravatar.com\/avatar\/6126c9afb87b70da5abbb083ddbb21933da15f18f8ca7cb822aba0fb096a48f6?s=96&d=mm&r=g","contentUrl":"https:\/\/secure.gravatar.com\/avatar\/6126c9afb87b70da5abbb083ddbb21933da15f18f8ca7cb822aba0fb096a48f6?s=96&d=mm&r=g","caption":"Ondrej Ga\u0161par"},"url":"https:\/\/www.welovecycling.com\/sk\/author\/ondrejgaspar\/"}]}},"_links":{"self":[{"href":"https:\/\/www.welovecycling.com\/sk\/wp-json\/wp\/v2\/posts\/4759","targetHints":{"allow":["GET"]}}],"collection":[{"href":"https:\/\/www.welovecycling.com\/sk\/wp-json\/wp\/v2\/posts"}],"about":[{"href":"https:\/\/www.welovecycling.com\/sk\/wp-json\/wp\/v2\/types\/post"}],"author":[{"embeddable":true,"href":"https:\/\/www.welovecycling.com\/sk\/wp-json\/wp\/v2\/users\/38"}],"replies":[{"embeddable":true,"href":"https:\/\/www.welovecycling.com\/sk\/wp-json\/wp\/v2\/comments?post=4759"}],"version-history":[{"count":2,"href":"https:\/\/www.welovecycling.com\/sk\/wp-json\/wp\/v2\/posts\/4759\/revisions"}],"predecessor-version":[{"id":4766,"href":"https:\/\/www.welovecycling.com\/sk\/wp-json\/wp\/v2\/posts\/4759\/revisions\/4766"}],"wp:featuredmedia":[{"embeddable":true,"href":"https:\/\/www.welovecycling.com\/sk\/wp-json\/wp\/v2\/media\/4763"}],"wp:attachment":[{"href":"https:\/\/www.welovecycling.com\/sk\/wp-json\/wp\/v2\/media?parent=4759"}],"wp:term":[{"taxonomy":"category","embeddable":true,"href":"https:\/\/www.welovecycling.com\/sk\/wp-json\/wp\/v2\/categories?post=4759"},{"taxonomy":"post_tag","embeddable":true,"href":"https:\/\/www.welovecycling.com\/sk\/wp-json\/wp\/v2\/tags?post=4759"},{"taxonomy":"global-categories","embeddable":true,"href":"https:\/\/www.welovecycling.com\/sk\/wp-json\/wp\/v2\/global-categories?post=4759"}],"curies":[{"name":"wp","href":"https:\/\/api.w.org\/{rel}","templated":true}]}}