{"id":4716,"date":"2018-08-16T17:24:56","date_gmt":"2018-08-16T15:24:56","guid":{"rendered":"https:\/\/www.welovecycling.com\/sk\/?p=4716"},"modified":"2019-02-13T15:13:17","modified_gmt":"2019-02-13T14:13:17","slug":"rozhovor-letape-du-tour-atmosfera-starej-damy-na-vlastnej-kozi-2-cast","status":"publish","type":"post","link":"https:\/\/www.welovecycling.com\/sk\/2018\/08\/16\/rozhovor-letape-du-tour-atmosfera-starej-damy-na-vlastnej-kozi-2-cast\/","title":{"rendered":"Rozhovor: L\u2019\u00c9tape du Tour \u2013 atmosf\u00e9ra \u201eStarej d\u00e1my\u201c na vlastnej ko\u017ei, 2. \u010das\u0165"},"content":{"rendered":"<p><strong>V prvej \u010dasti sme si pribl\u00ed\u017eili toto jedine\u010dn\u00e9 podujatie, ktor\u00e9 tis\u00edckam amat\u00e9rskych cyklistov umo\u017e\u0148uje za\u017ei\u0165, ak\u00e9 je to zvl\u00e1dnu\u0165 skuto\u010dn\u00fa etapu Tour de France so v\u0161etk\u00fdm, \u010do k tomu patr\u00ed. Svoje pocity n\u00e1m v minulom rozhovore sprostredkoval Marek, dnes sa pozrieme na z\u00e1\u017eitky \u010fal\u0161\u00edch dvoch \u00fa\u010dastn\u00edkov L\u00b4\u00c9tape du Tour.<\/strong><!--more--><\/p>\n<div class=\"shortcode-ys-post-pinup\"><article class=\"loop-simple post-4316 post type-post status-publish format-standard has-post-thumbnail hentry category-blog category-cestna-cyklisitika category-podujatia category-tour-de-france tag-cesta tag-cestna-cyklistika tag-cestny-bicykel tag-francuzsko tag-letape-du-tour tag-rozhovor tag-tour-de-france tag-tour-de-france-2018 tag-vitaz\" data-postid=\"4316\" role=\"article\" data-post-id=\"4316\" data-word-count=\"610\" data-headline-length=\"74\" data-category=\"Cestn\u00e1 cyklistika\" data-author=\"We Love Cycling\" data-published=\"2018-07-24T16:30:48+02:00\" data-published-day=\"Tuesday\">\n    <div class=\"entry-thumbnail article-thumbnail\" content=\"https:\/\/d2p6e6u75xmxt8.cloudfront.net\/4\/2018\/07\/titulka-5-150x150.webp\"><a href=\"https:\/\/www.welovecycling.com\/sk\/2018\/07\/24\/rozhovor-letape-du-tour-poriadna-alpska-previerka-1-cast\/\" class=\"image-holder\" target=\"_self\"><img decoding=\"async\" loading=\"lazy\" class=\"\" src=\"https:\/\/d2p6e6u75xmxt8.cloudfront.net\/4\/2018\/07\/titulka-5-1024x447.webp\" srcset=\"https:\/\/d2p6e6u75xmxt8.cloudfront.net\/4\/2018\/07\/titulka-5.webp 1375w, https:\/\/d2p6e6u75xmxt8.cloudfront.net\/4\/2018\/07\/titulka-5-300x131.webp 300w, https:\/\/d2p6e6u75xmxt8.cloudfront.net\/4\/2018\/07\/titulka-5-1024x447.webp 1024w, https:\/\/d2p6e6u75xmxt8.cloudfront.net\/4\/2018\/07\/titulka-5-768x335.webp 768w\" width=\"1024\" height=\"447\" sizes=\"auto, (min-width: 1200px) 458px, (min-width: 768px) 38vw, 100vw\" alt=\"rozhovor-letape-du-tour-poriadna-alpska-previerka-1-cast\"\/><\/a><\/div>    <div class=\"entry-meta\">\n        <a class=\"label label-secondary post-category\" href=\"https:\/\/www.welovecycling.com\/sk\/category\/cestna-cyklisitika\/\" title=\"Cestn\u00e1 cyklistika\">Cestn\u00e1 cyklistika<\/a>\n    <\/div>\n    <div class=\"entry-details\">\n        <a href=\"https:\/\/www.welovecycling.com\/sk\/2018\/07\/24\/rozhovor-letape-du-tour-poriadna-alpska-previerka-1-cast\/\" class='entry-title-wrapper'>\n            <h3 class=\"entry-title\"><span>Rozhovor: L\u2019\u00c9tape du Tour &#8211; poriadna alpsk\u00e1 previerka, 1. \u010das\u0165<\/span><\/h3>\n        <\/a>\n    <\/div>\n    <\/article>\n<\/div>\n<p>Tento rok sa na L\u00b4\u00c9tape, ktor\u00e1 <strong>presne kop\u00edrovala 10. etapu 105 ro\u010dn\u00edka Tour<\/strong>, do cie\u013ea podarilo prebojova\u0165 12 212 cyklistom. Medzi nimi boli aj bojovn\u00edci Filip a Rado, ktor\u00ed \u00faspe\u0161ne absolvovali fin\u00e1lov\u00fa jazdu na stacion\u00e1rnych bicykloch a \u201evyjazdili\u201c si tak miestenku na L\u2019\u00c9tape du Tour.<\/p>\n<p><a href=\"https:\/\/d2p6e6u75xmxt8.cloudfront.net\/4\/2018\/08\/01-2.jpg\"><img loading=\"lazy\" decoding=\"async\" class=\"alignnone size-full wp-image-4719\" src=\"https:\/\/d2p6e6u75xmxt8.cloudfront.net\/4\/2018\/08\/01-2.jpg\" alt=\"\" width=\"1200\" height=\"800\" \/><\/a><\/p>\n<p><strong>\u010co \u0165a viedlo k tomu, aby si sa zapojil do s\u00fa\u0165a\u017ee o \u00fa\u010das\u0165 na L\u2019\u00c9tape du Tour a ako prebiehala?<\/strong><br \/>\n<strong>Rado:<\/strong> <em>Zavolal mi kamar\u00e1t, \u017ee na r\u00e1diu Expres bude s\u00fa\u0165a\u017e o\u00a0z\u00e1jazd na TdF. Do s\u00fa\u0165a\u017e\u00ed sa ve\u013emi nezap\u00e1jam, no predpokladal som, \u017ee tu by mohla by\u0165 \u0161anca na v\u00fdhru, ke\u010f\u017ee a\u017e tak ve\u013ea \u013eud\u00ed sa na tak\u00e9 nie\u010do neodhodl\u00e1. Museli sme napr\u00e1zdno odkr\u00fati\u0165 100 km na trena\u017e\u00e9ri, na ktor\u00fd sme v\u00f4bec neboli zvyknut\u00ed. Ke\u010f som v\u0161ak videl, \u017ee je re\u00e1lna \u0161anca na Tour post\u00fapi\u0165, nejako som to vydr\u017eal :-).<\/em><\/p>\n<p><strong>Filip:<\/strong> <em>Kolegy\u0148a vie, \u017ee dos\u0165 jazd\u00edm na biku a\u00a0ke\u010f po\u010dula v\u00a0r\u00e1diu Expres o\u00a0s\u00fa\u0165a\u017ei, povedala, aby som sa prihl\u00e1sil. Tak som vyplnil na webe formul\u00e1rik a\u00a0ani som ne\u010dakal, \u017ee by bola \u0161anca, aby ma vybrali. A\u00a0potom o\u00a02 dni cez obed volalo nezn\u00e1me \u010d\u00edslo, ktor\u00e9 som najprv zru\u0161il a\u00a0a\u017e na druh\u00fd pokus zdvihol&#8230; \u010do bolo dobre, lebo ma vybrali do kvalifik\u00e1cie. Kvalifik\u00e1cia bola sk\u00f4r psychicky n\u00e1ro\u010dn\u00e1, lebo sme museli +- 2 hodiny kr\u00fati\u0165 napr\u00e1zdno bez odporu na ve\u013emi nepohodln\u00fdch stacion\u00e1rnych bicykloch kadenciou asi 130-140. Marek, ktor\u00fd vyhral cel\u00fa kvalifik\u00e1ciu, potom ve\u013emi s\u0165a\u017eka na\u0161\u013eapoval pri ch\u00f4dzi. Ja som skon\u010dil piaty, brali iba top 5, \u010di\u017ee len tak tak. No mal som od za\u010diatku preh\u013ead v\u010faka zrkadlu pred nami, kto ako r\u00fdchlo to\u010d\u00ed nohami a\u00a0takticky som to\u010dil iba tak r\u00fdchlo, aby som skon\u010dil v\u00a0TOP 5&#8230; lebo som sa e\u0161te pon\u00e1h\u013eal do pr\u00e1ce a\u00a0nechcel som by\u0165 m\u0155tvy :).<\/em><\/p>\n<p><a href=\"https:\/\/d2p6e6u75xmxt8.cloudfront.net\/4\/2018\/08\/02-3.jpg\"><img loading=\"lazy\" decoding=\"async\" class=\"alignnone size-full wp-image-4720\" src=\"https:\/\/d2p6e6u75xmxt8.cloudfront.net\/4\/2018\/08\/02-3.jpg\" alt=\"\" width=\"1200\" height=\"800\" \/><\/a><\/p>\n<p><strong>Predstav sa pros\u00edm z poh\u013eadu tvojho vz\u0165ahu k cyklistike \u2013 ako dlho sa jej venuje\u0161, ako si sa k nej dostal, ako \u010dasto jazd\u00ed\u0161, z\u00fa\u010dast\u0148uje\u0161 sa aj na pretekoch, &#8230;<\/strong><br \/>\n<strong>Rado:<\/strong> <em>Na bicykli jazd\u00edm od troch rokov. Sk\u00f4r to bolo iba chlap\u010densk\u00e9 jazdenie ulicami v\u00a0meste, no v\u00a016 rokoch som sa v\u00a0Lu\u010denci dostal do partie nad\u0161encov, s\u00a0ktor\u00fdmi som sa za\u010dal z\u00fa\u010dast\u0148ova\u0165 aj horsk\u00fdch cyklomarat\u00f3nov. V\u00a0roku 2007 som v\u010faka Igorovi Duri\u0161kovi, ve\u013ek\u00e9mu nad\u0161encovi cyklistiky z\u00a0Lu\u010denca, odpretekal cyklomarat\u00f3nsku MTB s\u00e9riu, ktor\u00fa som aj vyhral v hlavnej mu\u017eskej kateg\u00f3rii. Nesk\u00f4r som odi\u0161iel \u0161tudova\u0165 do Prahy, kde boli mo\u017enosti horskej cyklistiky obmedzen\u00e9, tak som sa za\u010dal venova\u0165 triatlonu a\u00a0v\u00a0roku 2010 absolvoval preteky na tratiach IRONMAN-a &#8211; SLOVAKMAN za 9 hod\u00edn a\u00a048 min\u00fat, \u010d\u00edm som si splnil \u010fal\u0161\u00ed sen. Odvtedy sa st\u00e1le akt\u00edvne venujem triatlonu \u2013 na bicykli odjazd\u00edm ro\u010dne pribli\u017ene 4 000 km.<\/em><\/p>\n<p><strong>Filip:<\/strong> <em>Pred 5 rokmi som bol na svojom prvom triatlone, dovtedy som jazdil iba MTB, a\u00a0to \u00faplne hobby, bez \u00fa\u010dasti na pretekoch. Triatlon ma chytil, tak som si k\u00fapil ces\u0165\u00e1k a\u00a0pochodil zop\u00e1r pretekov, v\u00e4\u010d\u0161inou tak 2-3 za rok, nechce sa mi tr\u00e9nova\u0165 viac ako do j\u00fana. Ale bicykel m\u00e1m ako terapiu, neviem si predstavi\u0165 by\u0165 bez neho viac ako p\u00e1r dn\u00ed, som potom\u00a0nesvoj. Do pr\u00e1ce chod\u00edm na bicykli skoro cel\u00fd rok, pokia\u013e nie je \u013ead a cez v\u00edkend v\u017edy odkr\u00fatim aspo\u0148 100 km niekde po Mal\u00fdch Karpatoch alebo po cest\u00e1ch Rak\u00faska.<\/em><\/p>\n<div data-rows=\"1\" id='gallery-1' class='gallery-rows-1 gallery galleryid-4316 gallery-columns-3 gallery-size-full'><figure class='gallery-item'>\n\t\t\t<div class='gallery-icon landscape'>\n\t\t\t\t<a href='https:\/\/d2p6e6u75xmxt8.cloudfront.net\/4\/2018\/08\/03-3.webp'><img loading=\"lazy\" decoding=\"async\" width=\"1200\" height=\"800\" src=\"https:\/\/d2p6e6u75xmxt8.cloudfront.net\/4\/2018\/08\/03-3.webp\" class=\"attachment-full size-full\" alt=\"\" srcset=\"https:\/\/d2p6e6u75xmxt8.cloudfront.net\/4\/2018\/08\/03-3.webp 1200w, https:\/\/d2p6e6u75xmxt8.cloudfront.net\/4\/2018\/08\/03-3-300x200.webp 300w, https:\/\/d2p6e6u75xmxt8.cloudfront.net\/4\/2018\/08\/03-3-1024x683.webp 1024w, https:\/\/d2p6e6u75xmxt8.cloudfront.net\/4\/2018\/08\/03-3-768x512.webp 768w, https:\/\/d2p6e6u75xmxt8.cloudfront.net\/4\/2018\/08\/03-3-272x182.webp 272w\" sizes=\"auto, (max-width: 1200px) 100vw, 1200px\" \/><\/a>\n\t\t\t<\/div><\/figure><figure class='gallery-item'>\n\t\t\t<div class='gallery-icon landscape'>\n\t\t\t\t<a href='https:\/\/d2p6e6u75xmxt8.cloudfront.net\/4\/2018\/08\/04-3.webp'><img loading=\"lazy\" decoding=\"async\" width=\"1200\" height=\"800\" src=\"https:\/\/d2p6e6u75xmxt8.cloudfront.net\/4\/2018\/08\/04-3.webp\" class=\"attachment-full size-full\" alt=\"\" srcset=\"https:\/\/d2p6e6u75xmxt8.cloudfront.net\/4\/2018\/08\/04-3.webp 1200w, https:\/\/d2p6e6u75xmxt8.cloudfront.net\/4\/2018\/08\/04-3-300x200.webp 300w, https:\/\/d2p6e6u75xmxt8.cloudfront.net\/4\/2018\/08\/04-3-1024x683.webp 1024w, https:\/\/d2p6e6u75xmxt8.cloudfront.net\/4\/2018\/08\/04-3-768x512.webp 768w, https:\/\/d2p6e6u75xmxt8.cloudfront.net\/4\/2018\/08\/04-3-272x182.webp 272w\" sizes=\"auto, (max-width: 1200px) 100vw, 1200px\" \/><\/a>\n\t\t\t<\/div><\/figure><figure class='gallery-item'>\n\t\t\t<div class='gallery-icon landscape'>\n\t\t\t\t<a href='https:\/\/d2p6e6u75xmxt8.cloudfront.net\/4\/2018\/08\/05-5.webp'><img loading=\"lazy\" decoding=\"async\" width=\"1200\" height=\"800\" src=\"https:\/\/d2p6e6u75xmxt8.cloudfront.net\/4\/2018\/08\/05-5.webp\" class=\"attachment-full size-full\" alt=\"\" srcset=\"https:\/\/d2p6e6u75xmxt8.cloudfront.net\/4\/2018\/08\/05-5.webp 1200w, https:\/\/d2p6e6u75xmxt8.cloudfront.net\/4\/2018\/08\/05-5-300x200.webp 300w, https:\/\/d2p6e6u75xmxt8.cloudfront.net\/4\/2018\/08\/05-5-1024x683.webp 1024w, https:\/\/d2p6e6u75xmxt8.cloudfront.net\/4\/2018\/08\/05-5-768x512.webp 768w, https:\/\/d2p6e6u75xmxt8.cloudfront.net\/4\/2018\/08\/05-5-272x182.webp 272w\" sizes=\"auto, (max-width: 1200px) 100vw, 1200px\" \/><\/a>\n\t\t\t<\/div><\/figure>\n\t\t<\/div>\n        \n<p><strong>\u010co ti prebiehalo hlavou, ke\u010f si sa dozvedel, \u017ee sa z\u00fa\u010dastn\u00ed\u0161 na L\u2019\u00c9tape du Tour? Mal si z nie\u010doho (d\u013a\u017eka, prev\u00fd\u0161enie, jazda v bal\u00edku..) strach\/re\u0161pekt?<\/strong><br \/>\n<strong>Rado:<\/strong> <em>Ve\u013emi som sa te\u0161il, hlavne ke\u010f som si pozrel, ak\u00e1 etapa n\u00e1s \u010dak\u00e1. Kopce s\u00a0tak\u00fdmi parametrami sa na Slovensku ta\u017eko daj\u00fa natr\u00e9nova\u0165. Posledn\u00fd rok b\u00fdvam v\u00a0Tatr\u00e1ch, kde je na to najvhodnej\u0161\u00ed kopec z\u00a0Tatranskej Polianky na Sliezsky dom, tak aspo\u0148 ten si ob\u010das zarad\u00edm do tr\u00e9ningu. Strach\/re\u0161pekt som nepoci\u0165oval \u2013 i\u0161iel som si to hlavne u\u017ei\u0165 :-).<\/em><\/p>\n<p><strong>Filip:<\/strong> <em>Samozrejme som sa ve\u013emi te\u0161il, lebo som bol pozrie\u0165 \u0160tart Tour 2015\u00a0v\u00a0Utechte a\u00a0chcel som si odvtedy napl\u00e1nova\u0165 n\u00e1v\u0161tevu nejakej etapy alebo st\u00fapania ako Alpe D\u2019 Huez. V\u00a0bal\u00edku jazdi\u0165 viem, sk\u00f4r som sa b\u00e1l, \u017ee nejak\u00fd \u201eexpert\u201c nebude vedie\u0165 a\u00a0bude hromadn\u00fd p\u00e1d. A\u00a0re\u0161pekt som mal, \u0161tudoval som diskusiu na Strave, kde to jazdci s\u00a0podobn\u00fdmi v\u00fdkonmi ako ja odhadovali na 8-9 hod\u00edn jazdy. Nakoniec to bolo nie\u010do cez 7 h, bez nejak\u00fdch k\u0155\u010dov a\u00a0odpad\u00e1va\u010diek.<\/em><\/p>\n<p><strong>Pop\u00ed\u0161 priebeh pretekov zo svojho poh\u013eadu, ako to cel\u00e9 vyzeralo, ak\u00e1 bola atmosf\u00e9ra, div\u00e1ci, at\u010f&#8230;<\/strong><br \/>\n<strong>Rado:<\/strong> <em>Tak masov\u00fa cyklistick\u00fa akciu som predt\u00fdm nenav\u0161t\u00edvil, no u\u017e ke\u010f sme de\u0148 pred \u0161tartom pri\u0161li do Aneccy a\u00a0videli tu atmosf\u00e9ru, bol som z\u00a0toho nad\u0161en\u00fd. V\u0161etci tam \u017eili cyklistikou, EXPO a\u00a0celkov\u00e1 organiz\u00e1cia bola na ve\u013emi vysokej \u00farovni. \u0160tartovalo sa po vln\u00e1ch po 1 000 pretek\u00e1roch, my sme boli v\u00a0druhej vlne, tak\u017ee na umiestnenie sme u\u017e aj tak nemohli pom\u00fd\u0161\u013ea\u0165, no spolu s chalanmi sme si i\u0161li hlavne u\u017ei\u0165 fantastick\u00fd cyklistick\u00fd de\u0148. \u0160koda n\u00e1m zabezpe\u010dila support ako pre profesion\u00e1lov \u2013 od servisu na hoteli, cez transfer na \u0161tart, a\u017e po VIP stan v\u00a0priestoroch cie\u013ea. Trasa obsahovala okrem men\u0161\u00edch st\u00fapan\u00ed 4 kopce. V st\u00fapaniach bolo mno\u017estvo nad\u0161en\u00fdch fan\u00fa\u0161ikov, ktor\u00ed n\u00e1s povzbudzovali ako skuto\u010dn\u00fdch pretek\u00e1rov. Kilometre ubiehali r\u00fdchlo, av\u0161ak kopce boli skuto\u010dne v\u00fd\u017eivn\u00e9 \u2013 hlavne druh\u00fd na Plateau Des Glieres mal priemern\u00fd sklon 11,8% na d\u013a\u017eke cca 7 km. V strednej \u010dasti n\u00e1s \u010dakal dlh\u0161\u00ed presun v bal\u00edku pod z\u00e1vere\u010dn\u00e9 dva kopce, ktor\u00e9 ka\u017ed\u00e9ho poriadne preverili. Na ka\u017edom cca kilometri v\u0161ak boli pri ceste tabule s\u00a0r\u00f4znymi motiva\u010dn\u00fdmi cit\u00e1tmi typu \u201eNothing compares to simple pleasure from a\u00a0bike ride\u201c. To mi st\u00e1le pripom\u00ednalo, pre\u010do som tu, skuto\u010dne som si to mimoriadne u\u017e\u00edval. Posledne st\u00fapanie na Col de la Colombi\u00e8re bolo cely \u010das na slnku, \u010do n\u00e1m zobralo aj to posledn\u00e9, \u010do v n\u00e1s ostalo :-). Nakoniec som u\u017e prv\u00fa vlnu nedobehol, no pri\u0161iel som okolo 1080. miesta.<\/em><\/p>\n<p><strong>Filip:<\/strong> <em>Doprava tam a\u00a0sp\u00e4\u0165 bola na oto\u010dku autom, \u010di\u017ee sme boli tro\u0161ku stuhnut\u00ed, ale hne\u010f po pr\u00edchode do Annecy na registr\u00e1ciu to opadlo, ked\u017ee atmosf\u00e9ra n\u00e1s \u00faplne pohltila. Na pretekoch som stihol padn\u00fa\u0165 e\u0161te pred \u0161tartom, ako som pos\u00faval svoj a\u00a0Radov bike (bol na toalete pred \u0161tartom) a\u00a0ked\u017ee bolo 1 000 \u013eud\u00ed naokolo, tak som zakopol a\u00a0padol ne\u0161\u0165astne na zadn\u00fa prehadzova\u010dku, \u010do sa mi pri prvom st\u00fapan\u00ed vr\u00e1tilo a\u00a0padala mi re\u0165az. Potom som 3x st\u00e1l na 1. kopci a\u00a0oh\u00fdbal p\u00e4tku aj prehadzova\u010dku, aby to ako-tak radilo. Bez naj\u013eah\u0161ieho prevodu by sa mi i\u0161lo ve\u013emi \u0165a\u017eko. Ve\u013ea som si fotil a\u00a0nat\u00e1\u010dal, nevedel som, \u017ee n\u00e1m robia po\u010das pretekov profi fotky a\u00a0hlavne som si netr\u00fafal \u00eds\u0165 \u201efullgas\u201c, ke\u010f\u017ee som tak\u00fa vzdialenos\u0165 a\u00a0prev\u00fd\u0161enie nikdy nepre\u0161iel, tak som to nechcel prep\u00e1li\u0165. E\u0161te jedna z\u00e1sadn\u00e1 vec, ktor\u00e1 bola skvel\u00e1 hlavne v\u00a0zjazdoch \u2013 cel\u00e1 trasa bola vy\u010disten\u00e1 od \u0161otoliny, s\u00a0natiahnut\u00fdm nov\u00fdm asfaltom. Z\u00e1kruty sa dali teda kr\u00e1sne reza\u0165, hlavne v\u00a0poslednom 15 km zjazde do cie\u013ea.<\/em><\/p>\n<div data-rows=\"1\" id='gallery-2' class='gallery-rows-1 gallery galleryid-4316 gallery-columns-3 gallery-size-full'><figure class='gallery-item'>\n\t\t\t<div class='gallery-icon landscape'>\n\t\t\t\t<a href='https:\/\/d2p6e6u75xmxt8.cloudfront.net\/4\/2018\/08\/06-5.webp'><img loading=\"lazy\" decoding=\"async\" width=\"1200\" height=\"800\" src=\"https:\/\/d2p6e6u75xmxt8.cloudfront.net\/4\/2018\/08\/06-5.webp\" class=\"attachment-full size-full\" alt=\"\" srcset=\"https:\/\/d2p6e6u75xmxt8.cloudfront.net\/4\/2018\/08\/06-5.webp 1200w, https:\/\/d2p6e6u75xmxt8.cloudfront.net\/4\/2018\/08\/06-5-300x200.webp 300w, https:\/\/d2p6e6u75xmxt8.cloudfront.net\/4\/2018\/08\/06-5-1024x683.webp 1024w, https:\/\/d2p6e6u75xmxt8.cloudfront.net\/4\/2018\/08\/06-5-768x512.webp 768w, https:\/\/d2p6e6u75xmxt8.cloudfront.net\/4\/2018\/08\/06-5-272x182.webp 272w\" sizes=\"auto, (max-width: 1200px) 100vw, 1200px\" \/><\/a>\n\t\t\t<\/div><\/figure><figure class='gallery-item'>\n\t\t\t<div class='gallery-icon landscape'>\n\t\t\t\t<a href='https:\/\/d2p6e6u75xmxt8.cloudfront.net\/4\/2018\/08\/07-3.webp'><img loading=\"lazy\" decoding=\"async\" width=\"1200\" height=\"800\" src=\"https:\/\/d2p6e6u75xmxt8.cloudfront.net\/4\/2018\/08\/07-3.webp\" class=\"attachment-full size-full\" alt=\"\" srcset=\"https:\/\/d2p6e6u75xmxt8.cloudfront.net\/4\/2018\/08\/07-3.webp 1200w, https:\/\/d2p6e6u75xmxt8.cloudfront.net\/4\/2018\/08\/07-3-300x200.webp 300w, https:\/\/d2p6e6u75xmxt8.cloudfront.net\/4\/2018\/08\/07-3-1024x683.webp 1024w, https:\/\/d2p6e6u75xmxt8.cloudfront.net\/4\/2018\/08\/07-3-768x512.webp 768w, https:\/\/d2p6e6u75xmxt8.cloudfront.net\/4\/2018\/08\/07-3-272x182.webp 272w\" sizes=\"auto, (max-width: 1200px) 100vw, 1200px\" \/><\/a>\n\t\t\t<\/div><\/figure><figure class='gallery-item'>\n\t\t\t<div class='gallery-icon landscape'>\n\t\t\t\t<a href='https:\/\/d2p6e6u75xmxt8.cloudfront.net\/4\/2018\/08\/08-3.webp'><img loading=\"lazy\" decoding=\"async\" width=\"1200\" height=\"800\" src=\"https:\/\/d2p6e6u75xmxt8.cloudfront.net\/4\/2018\/08\/08-3.webp\" class=\"attachment-full size-full\" alt=\"\" srcset=\"https:\/\/d2p6e6u75xmxt8.cloudfront.net\/4\/2018\/08\/08-3.webp 1200w, https:\/\/d2p6e6u75xmxt8.cloudfront.net\/4\/2018\/08\/08-3-300x200.webp 300w, https:\/\/d2p6e6u75xmxt8.cloudfront.net\/4\/2018\/08\/08-3-1024x683.webp 1024w, https:\/\/d2p6e6u75xmxt8.cloudfront.net\/4\/2018\/08\/08-3-768x512.webp 768w, https:\/\/d2p6e6u75xmxt8.cloudfront.net\/4\/2018\/08\/08-3-272x182.webp 272w\" sizes=\"auto, (max-width: 1200px) 100vw, 1200px\" \/><\/a>\n\t\t\t<\/div><\/figure>\n\t\t<\/div>\n        \n<p><strong>Ak\u00fd bol pre teba najsilnej\u0161\u00ed z\u00e1\u017eitok?<\/strong><br \/>\n<strong>Rado:<\/strong> <em>Z\u00e1vere\u010dn\u00fd 15 km zjazd z\u00a0Col de la Colombi\u00e8re do cie\u013ea, ke\u010f som si u\u017e mohol rekapitulova\u0165, \u010do v\u0161etko m\u00e1m za sebou a\u00a0naplno u\u017e\u00edva\u0165 posledn\u00e9 r\u00fdchle kilometre.<\/em><\/p>\n<p><strong>Filip:<\/strong> <em>To sa ani ned\u00e1 vybra\u0165, cel\u00e9 to bolo nezabudnute\u013en\u00e9. Atmosf\u00e9ra s\u00a0tis\u00edckami cyklistov, fan\u00fa\u0161ikovia skoro v\u0161ade popri trati (allez, allez! + kravsk\u00e9 zvonce), kvalitn\u00e9 z\u00e1zemie s\u00a0ob\u010derstvova\u010dkami, v\u00fdh\u013eady, r\u00fdchle\u00a0zjazdy, po\u010dasie&#8230; a potom ka\u017ed\u00e9 zo st\u00fapan\u00ed &#8211; hlavne Col de Romme, \u010do bol predposledn\u00fd kopec za\u010d\u00ednaj\u00faci strmo a\u00a0na priamom slnku bez tie\u0148a. Ten spomalil jazdcov naokolo a\u00a0za\u010dali aj zastavova\u0165. N\u00e1sledne o\u00a09 dn\u00ed doma mo\u017enos\u0165 sledova\u0165 live prenos etapy v TV, ako Sagan pozbieral body na \u0161print\u00e9rskej pr\u00e9mii \u2013 a\u00a0spom\u00edna\u0165, ako som tadia\u013e i\u0161iel ja.<\/em><\/p>\n<div data-rows=\"1\" id='gallery-3' class='gallery-rows-1 gallery galleryid-4316 gallery-columns-2 gallery-size-full'><figure class='gallery-item'>\n\t\t\t<div class='gallery-icon landscape'>\n\t\t\t\t<a href='https:\/\/d2p6e6u75xmxt8.cloudfront.net\/4\/2018\/08\/09-2.webp'><img loading=\"lazy\" decoding=\"async\" width=\"1200\" height=\"800\" src=\"https:\/\/d2p6e6u75xmxt8.cloudfront.net\/4\/2018\/08\/09-2.webp\" class=\"attachment-full size-full\" alt=\"\" srcset=\"https:\/\/d2p6e6u75xmxt8.cloudfront.net\/4\/2018\/08\/09-2.webp 1200w, https:\/\/d2p6e6u75xmxt8.cloudfront.net\/4\/2018\/08\/09-2-300x200.webp 300w, https:\/\/d2p6e6u75xmxt8.cloudfront.net\/4\/2018\/08\/09-2-1024x683.webp 1024w, https:\/\/d2p6e6u75xmxt8.cloudfront.net\/4\/2018\/08\/09-2-768x512.webp 768w, https:\/\/d2p6e6u75xmxt8.cloudfront.net\/4\/2018\/08\/09-2-272x182.webp 272w\" sizes=\"auto, (max-width: 1200px) 100vw, 1200px\" \/><\/a>\n\t\t\t<\/div><\/figure><figure class='gallery-item'>\n\t\t\t<div class='gallery-icon landscape'>\n\t\t\t\t<a href='https:\/\/d2p6e6u75xmxt8.cloudfront.net\/4\/2018\/08\/13.webp'><img loading=\"lazy\" decoding=\"async\" width=\"1200\" height=\"800\" src=\"https:\/\/d2p6e6u75xmxt8.cloudfront.net\/4\/2018\/08\/13.webp\" class=\"attachment-full size-full\" alt=\"\" srcset=\"https:\/\/d2p6e6u75xmxt8.cloudfront.net\/4\/2018\/08\/13.webp 1200w, https:\/\/d2p6e6u75xmxt8.cloudfront.net\/4\/2018\/08\/13-300x200.webp 300w, https:\/\/d2p6e6u75xmxt8.cloudfront.net\/4\/2018\/08\/13-1024x683.webp 1024w, https:\/\/d2p6e6u75xmxt8.cloudfront.net\/4\/2018\/08\/13-768x512.webp 768w, https:\/\/d2p6e6u75xmxt8.cloudfront.net\/4\/2018\/08\/13-272x182.webp 272w\" sizes=\"auto, (max-width: 1200px) 100vw, 1200px\" \/><\/a>\n\t\t\t<\/div><\/figure>\n\t\t<\/div>\n        \n<p><strong>Chcel by si si to e\u0161te raz cel\u00e9 zopakova\u0165 a pre\u010do?<\/strong><br \/>\n<strong>Rado:<\/strong> <em>E\u0161te sa niekedy ur\u010dite podobnej akcie z\u00fa\u010dastn\u00edm. Atmosf\u00e9ra bola neopakovate\u013en\u00e1 a\u00a0treba to ur\u010dite za\u017ei\u0165 na vlastnej ko\u017ei.<\/em><\/p>\n<p><strong>Filip:<\/strong> <em>Treba sa na t\u00fato akciu vyda\u0165 ka\u017ed\u00fd rok, t\u00e1 atmosf\u00e9ra je \u00fa\u017easn\u00e1.<\/em><\/p>\n<lite-youtube videoid=fogC2UROHCM params=\"enablejsapi=1\" style=\"background-image: url('https:\/\/i.ytimg.com\/vi_webp\/fogC2UROHCM\/maxresdefault.webp');\"><\/lite-youtube>\n<p><strong>\u010co si z tejto akcie odn\u00e1\u0161a\u0161 do bud\u00facnosti?<\/strong><br \/>\n<strong>Rado:<\/strong> <em>Minul\u00fd rok sme si v\u00a0r\u00e1mci dovolenky v\u00a0Provens\u00e1lsku vy\u0161liapali na Mt. Ventoux. Tento rok ma zase \u010dakal \u010fal\u0161\u00ed kr\u00e1sny z\u00e1\u017eitok vo\u00a0franc\u00fazskych Alp\u00e1ch. Rozhodne zara\u010fujem t\u00fato \u010das\u0165 Eur\u00f3py za najkraj\u0161iu a\u00a0v\u00a0bud\u00facnosti sa sem vr\u00e1tim. Vn\u00edmanie cyklistiky Franc\u00fazmi je \u00faplne in\u00e9 ako na Slovensku, kde s\u00fa vodi\u010di v\u00a0tomto poh\u013eade mimoriadne zaostal\u00ed a\u00a0kvalita ciest je katastrof\u00e1lna.<\/em><\/p>\n<p><strong>Filip:<\/strong> <em>T\u00e1 sk\u00fasenos\u0165 na rovnakej\u00a0trati, porovnanie, ako r\u00fdchlo jazdia prof\u00edci a ako\u00a0pomaly sa tam mot\u00e1me my, amat\u00e9ri :-). Jedna etapa sa d\u00e1 zvl\u00e1dnu\u0165, no neviem si predstavi\u0165 takto jazdi\u0165 3 t\u00fd\u017edne.<\/em><\/p>\n<p><strong>Ak\u00e9 s\u00fa tvoje najbli\u017e\u0161ie \u201ecyklo\u201c pl\u00e1ny?<\/strong><br \/>\n<strong>Rado:<\/strong> <em>Po L\u2019\u00c9tape du Tour som absolvoval triatlon ORAVAMAN a MTB preteky Spi\u0161sk\u00fdch 333 EXTREME. Najbli\u017e\u0161ie sa chyst\u00e1m na ultramaraton Tatransk\u00e1 \u0160elma.<\/em><\/p>\n<p><strong>Filip:<\/strong> <em>V\u00a0septembri ideme pojazdi\u0165 znova Rychlebsk\u00e9 stezky, predt\u00fdm asi 2 triatlony a\u00a0potom na jese\u0148 pl\u00e1nujem dohodn\u00fa\u0165 partiu, ktor\u00e1 p\u00f4jde so mnou na L\u2019 Etape du Tour 2019 :-).<\/em><\/p>\n<div data-rows=\"1\" id='gallery-4' class='gallery-rows-1 gallery galleryid-4316 gallery-columns-2 gallery-size-full'><figure class='gallery-item'>\n\t\t\t<div class='gallery-icon landscape'>\n\t\t\t\t<a href='https:\/\/d2p6e6u75xmxt8.cloudfront.net\/4\/2018\/08\/11-2.webp'><img loading=\"lazy\" decoding=\"async\" width=\"1200\" height=\"800\" src=\"https:\/\/d2p6e6u75xmxt8.cloudfront.net\/4\/2018\/08\/11-2.webp\" class=\"attachment-full size-full\" alt=\"\" srcset=\"https:\/\/d2p6e6u75xmxt8.cloudfront.net\/4\/2018\/08\/11-2.webp 1200w, https:\/\/d2p6e6u75xmxt8.cloudfront.net\/4\/2018\/08\/11-2-300x200.webp 300w, https:\/\/d2p6e6u75xmxt8.cloudfront.net\/4\/2018\/08\/11-2-1024x683.webp 1024w, https:\/\/d2p6e6u75xmxt8.cloudfront.net\/4\/2018\/08\/11-2-768x512.webp 768w, https:\/\/d2p6e6u75xmxt8.cloudfront.net\/4\/2018\/08\/11-2-272x182.webp 272w\" sizes=\"auto, (max-width: 1200px) 100vw, 1200px\" \/><\/a>\n\t\t\t<\/div><\/figure><figure class='gallery-item'>\n\t\t\t<div class='gallery-icon landscape'>\n\t\t\t\t<a href='https:\/\/d2p6e6u75xmxt8.cloudfront.net\/4\/2018\/08\/12-4.webp'><img loading=\"lazy\" decoding=\"async\" width=\"1200\" height=\"800\" src=\"https:\/\/d2p6e6u75xmxt8.cloudfront.net\/4\/2018\/08\/12-4.webp\" class=\"attachment-full size-full\" alt=\"\" srcset=\"https:\/\/d2p6e6u75xmxt8.cloudfront.net\/4\/2018\/08\/12-4.webp 1200w, https:\/\/d2p6e6u75xmxt8.cloudfront.net\/4\/2018\/08\/12-4-300x200.webp 300w, https:\/\/d2p6e6u75xmxt8.cloudfront.net\/4\/2018\/08\/12-4-1024x683.webp 1024w, https:\/\/d2p6e6u75xmxt8.cloudfront.net\/4\/2018\/08\/12-4-768x512.webp 768w, https:\/\/d2p6e6u75xmxt8.cloudfront.net\/4\/2018\/08\/12-4-272x182.webp 272w\" sizes=\"auto, (max-width: 1200px) 100vw, 1200px\" \/><\/a>\n\t\t\t<\/div><\/figure>\n\t\t<\/div>\n        \n<p><strong>Chce\u0161 doda\u0165 nie\u010do na z\u00e1ver?<\/strong><br \/>\n<strong>Rado:<\/strong> <em>Chcem sa po\u010fakova\u0165 cel\u00e9mu organiza\u010dn\u00e9mu teamu We Love Cycling za skvel\u00fd support. Bol to jeden z\u00a0najlep\u0161\u00edch z\u00e1\u017eitkov, ak\u00e9 som za\u017eil na dvoch koles\u00e1ch.<\/em><\/p>\n","protected":false},"excerpt":{"rendered":"<p>V prvej \u010dasti sme si pribl\u00ed\u017eili toto jedine\u010dn\u00e9 podujatie, ktor\u00e9 tis\u00edckam amat\u00e9rskych cyklistov umo\u017e\u0148uje za\u017ei\u0165, ak\u00e9 je to zvl\u00e1dnu\u0165 skuto\u010dn\u00fa [&hellip;]<\/p>\n","protected":false},"author":38,"featured_media":4718,"comment_status":"open","ping_status":"open","sticky":false,"template":"","format":"standard","meta":{"footnotes":""},"categories":[4],"tags":[115,487,306,71,501,542,72,308,269],"global-categories":[],"class_list":["post-4716","post","type-post","status-publish","format-standard","has-post-thumbnail","hentry","category-cestna-cyklisitika","tag-cestna-cyklistika","tag-cestny-bicykel","tag-francuzsko","tag-letape-du-tour","tag-rozhovor","tag-skoda","tag-sutaz","tag-tour-de-france-2018","tag-vitaz"],"yoast_head":"<!-- This site is optimized with the Yoast SEO Premium plugin v25.3 (Yoast SEO v25.9) - https:\/\/yoast.com\/wordpress\/plugins\/seo\/ -->\n<title>Rozhovor: L\u2019\u00c9tape du Tour \u2013 atmosf\u00e9ra \u201eStarej d\u00e1my\u201c na vlastnej ko\u017ei, 2. \u010das\u0165 - \u0160koda We Love Cycling Slovensko<\/title>\n<meta name=\"robots\" content=\"index, follow, max-snippet:-1, max-image-preview:large, max-video-preview:-1\" \/>\n<link rel=\"canonical\" href=\"https:\/\/www.welovecycling.com\/sk\/2018\/08\/16\/rozhovor-letape-du-tour-atmosfera-starej-damy-na-vlastnej-kozi-2-cast\/\" \/>\n<meta property=\"og:locale\" content=\"sk_SK\" \/>\n<meta property=\"og:type\" content=\"article\" \/>\n<meta property=\"og:title\" content=\"Rozhovor: L\u2019\u00c9tape du Tour \u2013 atmosf\u00e9ra \u201eStarej d\u00e1my\u201c na vlastnej ko\u017ei, 2. \u010das\u0165\" \/>\n<meta property=\"og:description\" content=\"V prvej \u010dasti sme si pribl\u00ed\u017eili toto jedine\u010dn\u00e9 podujatie, ktor\u00e9 tis\u00edckam amat\u00e9rskych cyklistov umo\u017e\u0148uje za\u017ei\u0165, ak\u00e9 je to zvl\u00e1dnu\u0165 skuto\u010dn\u00fa [&hellip;]\" \/>\n<meta property=\"og:url\" content=\"https:\/\/www.welovecycling.com\/sk\/2018\/08\/16\/rozhovor-letape-du-tour-atmosfera-starej-damy-na-vlastnej-kozi-2-cast\/\" \/>\n<meta property=\"og:site_name\" content=\"\u0160koda We Love Cycling Slovensko\" \/>\n<meta property=\"article:published_time\" content=\"2018-08-16T15:24:56+00:00\" \/>\n<meta property=\"article:modified_time\" content=\"2019-02-13T14:13:17+00:00\" \/>\n<meta property=\"og:image\" content=\"https:\/\/d2p6e6u75xmxt8.cloudfront.net\/4\/2018\/08\/titulka-3.webp\" \/>\n\t<meta property=\"og:image:width\" content=\"1380\" \/>\n\t<meta property=\"og:image:height\" content=\"600\" \/>\n\t<meta property=\"og:image:type\" content=\"image\/webp\" \/>\n<meta name=\"author\" content=\"Ondrej Ga\u0161par\" \/>\n<meta name=\"twitter:card\" content=\"summary_large_image\" \/>\n<meta name=\"twitter:label1\" content=\"Written by\" \/>\n\t<meta name=\"twitter:data1\" content=\"We Love Cycling\" \/>\n\t<meta name=\"twitter:label2\" content=\"Est. reading time\" \/>\n\t<meta name=\"twitter:data2\" content=\"5\" \/>\n<script type=\"application\/ld+json\" class=\"yoast-schema-graph\">{\"@context\":\"https:\/\/schema.org\",\"@graph\":[{\"@type\":\"WebPage\",\"@id\":\"https:\/\/www.welovecycling.com\/sk\/2018\/08\/16\/rozhovor-letape-du-tour-atmosfera-starej-damy-na-vlastnej-kozi-2-cast\/\",\"url\":\"https:\/\/www.welovecycling.com\/sk\/2018\/08\/16\/rozhovor-letape-du-tour-atmosfera-starej-damy-na-vlastnej-kozi-2-cast\/\",\"name\":\"Rozhovor: L\u2019\u00c9tape du Tour \u2013 atmosf\u00e9ra \u201eStarej d\u00e1my\u201c na vlastnej ko\u017ei, 2. \u010das\u0165 - \u0160koda We Love Cycling Slovensko\",\"isPartOf\":{\"@id\":\"https:\/\/www.welovecycling.com\/sk\/#website\"},\"primaryImageOfPage\":{\"@id\":\"https:\/\/www.welovecycling.com\/sk\/2018\/08\/16\/rozhovor-letape-du-tour-atmosfera-starej-damy-na-vlastnej-kozi-2-cast\/#primaryimage\"},\"image\":{\"@id\":\"https:\/\/www.welovecycling.com\/sk\/2018\/08\/16\/rozhovor-letape-du-tour-atmosfera-starej-damy-na-vlastnej-kozi-2-cast\/#primaryimage\"},\"thumbnailUrl\":\"https:\/\/d2p6e6u75xmxt8.cloudfront.net\/4\/2018\/08\/titulka-3.webp\",\"datePublished\":\"2018-08-16T15:24:56+00:00\",\"dateModified\":\"2019-02-13T14:13:17+00:00\",\"author\":{\"@id\":\"https:\/\/www.welovecycling.com\/sk\/#\/schema\/person\/8ee09ba39b7e25b1870160aa5b3a89bc\"},\"breadcrumb\":{\"@id\":\"https:\/\/www.welovecycling.com\/sk\/2018\/08\/16\/rozhovor-letape-du-tour-atmosfera-starej-damy-na-vlastnej-kozi-2-cast\/#breadcrumb\"},\"inLanguage\":\"sk-SK\",\"potentialAction\":[{\"@type\":\"ReadAction\",\"target\":[\"https:\/\/www.welovecycling.com\/sk\/2018\/08\/16\/rozhovor-letape-du-tour-atmosfera-starej-damy-na-vlastnej-kozi-2-cast\/\"]}]},{\"@type\":\"ImageObject\",\"inLanguage\":\"sk-SK\",\"@id\":\"https:\/\/www.welovecycling.com\/sk\/2018\/08\/16\/rozhovor-letape-du-tour-atmosfera-starej-damy-na-vlastnej-kozi-2-cast\/#primaryimage\",\"url\":\"https:\/\/d2p6e6u75xmxt8.cloudfront.net\/4\/2018\/08\/titulka-3.webp\",\"contentUrl\":\"https:\/\/d2p6e6u75xmxt8.cloudfront.net\/4\/2018\/08\/titulka-3.webp\",\"width\":1380,\"height\":600},{\"@type\":\"BreadcrumbList\",\"@id\":\"https:\/\/www.welovecycling.com\/sk\/2018\/08\/16\/rozhovor-letape-du-tour-atmosfera-starej-damy-na-vlastnej-kozi-2-cast\/#breadcrumb\",\"itemListElement\":[{\"@type\":\"ListItem\",\"position\":1,\"name\":\"Home\",\"item\":\"https:\/\/www.welovecycling.com\/sk\/\"},{\"@type\":\"ListItem\",\"position\":2,\"name\":\"Rozhovor: L\u2019\u00c9tape du Tour \u2013 atmosf\u00e9ra \u201eStarej d\u00e1my\u201c na vlastnej ko\u017ei, 2. \u010das\u0165\"}]},{\"@type\":\"WebSite\",\"@id\":\"https:\/\/www.welovecycling.com\/sk\/#website\",\"url\":\"https:\/\/www.welovecycling.com\/sk\/\",\"name\":\"\u0160koda We Love Cycling Slovensko\",\"description\":\"\u0160koda We Love Cycling Slovensko je v\u00e1\u0161 ka\u017edodenn\u00fd zdroj noviniek a in\u0161pir\u00e1cie z sveta cyklistiky\",\"potentialAction\":[{\"@type\":\"SearchAction\",\"target\":{\"@type\":\"EntryPoint\",\"urlTemplate\":\"https:\/\/www.welovecycling.com\/sk\/?s={search_term_string}\"},\"query-input\":{\"@type\":\"PropertyValueSpecification\",\"valueRequired\":true,\"valueName\":\"search_term_string\"}}],\"inLanguage\":\"sk-SK\"},{\"@type\":\"Person\",\"@id\":\"https:\/\/www.welovecycling.com\/sk\/#\/schema\/person\/8ee09ba39b7e25b1870160aa5b3a89bc\",\"name\":\"Ondrej Ga\u0161par\",\"image\":{\"@type\":\"ImageObject\",\"inLanguage\":\"sk-SK\",\"@id\":\"https:\/\/www.welovecycling.com\/sk\/#\/schema\/person\/image\/\",\"url\":\"https:\/\/secure.gravatar.com\/avatar\/6126c9afb87b70da5abbb083ddbb21933da15f18f8ca7cb822aba0fb096a48f6?s=96&d=mm&r=g\",\"contentUrl\":\"https:\/\/secure.gravatar.com\/avatar\/6126c9afb87b70da5abbb083ddbb21933da15f18f8ca7cb822aba0fb096a48f6?s=96&d=mm&r=g\",\"caption\":\"Ondrej Ga\u0161par\"},\"url\":\"https:\/\/www.welovecycling.com\/sk\/author\/ondrejgaspar\/\"}]}<\/script>\n<!-- \/ Yoast SEO Premium plugin. -->","yoast_head_json":{"title":"Rozhovor: L\u2019\u00c9tape du Tour \u2013 atmosf\u00e9ra \u201eStarej d\u00e1my\u201c na vlastnej ko\u017ei, 2. \u010das\u0165 - \u0160koda We Love Cycling Slovensko","robots":{"index":"index","follow":"follow","max-snippet":"max-snippet:-1","max-image-preview":"max-image-preview:large","max-video-preview":"max-video-preview:-1"},"canonical":"https:\/\/www.welovecycling.com\/sk\/2018\/08\/16\/rozhovor-letape-du-tour-atmosfera-starej-damy-na-vlastnej-kozi-2-cast\/","og_locale":"sk_SK","og_type":"article","og_title":"Rozhovor: L\u2019\u00c9tape du Tour \u2013 atmosf\u00e9ra \u201eStarej d\u00e1my\u201c na vlastnej ko\u017ei, 2. \u010das\u0165","og_description":"V prvej \u010dasti sme si pribl\u00ed\u017eili toto jedine\u010dn\u00e9 podujatie, ktor\u00e9 tis\u00edckam amat\u00e9rskych cyklistov umo\u017e\u0148uje za\u017ei\u0165, ak\u00e9 je to zvl\u00e1dnu\u0165 skuto\u010dn\u00fa [&hellip;]","og_url":"https:\/\/www.welovecycling.com\/sk\/2018\/08\/16\/rozhovor-letape-du-tour-atmosfera-starej-damy-na-vlastnej-kozi-2-cast\/","og_site_name":"\u0160koda We Love Cycling Slovensko","article_published_time":"2018-08-16T15:24:56+00:00","article_modified_time":"2019-02-13T14:13:17+00:00","og_image":[{"width":1380,"height":600,"url":"https:\/\/d2p6e6u75xmxt8.cloudfront.net\/4\/2018\/08\/titulka-3.webp","type":"image\/webp"}],"author":"Ondrej Ga\u0161par","twitter_card":"summary_large_image","twitter_misc":{"Written by":"We Love Cycling","Est. reading time":"5"},"schema":{"@context":"https:\/\/schema.org","@graph":[{"@type":"WebPage","@id":"https:\/\/www.welovecycling.com\/sk\/2018\/08\/16\/rozhovor-letape-du-tour-atmosfera-starej-damy-na-vlastnej-kozi-2-cast\/","url":"https:\/\/www.welovecycling.com\/sk\/2018\/08\/16\/rozhovor-letape-du-tour-atmosfera-starej-damy-na-vlastnej-kozi-2-cast\/","name":"Rozhovor: L\u2019\u00c9tape du Tour \u2013 atmosf\u00e9ra \u201eStarej d\u00e1my\u201c na vlastnej ko\u017ei, 2. \u010das\u0165 - \u0160koda We Love Cycling Slovensko","isPartOf":{"@id":"https:\/\/www.welovecycling.com\/sk\/#website"},"primaryImageOfPage":{"@id":"https:\/\/www.welovecycling.com\/sk\/2018\/08\/16\/rozhovor-letape-du-tour-atmosfera-starej-damy-na-vlastnej-kozi-2-cast\/#primaryimage"},"image":{"@id":"https:\/\/www.welovecycling.com\/sk\/2018\/08\/16\/rozhovor-letape-du-tour-atmosfera-starej-damy-na-vlastnej-kozi-2-cast\/#primaryimage"},"thumbnailUrl":"https:\/\/d2p6e6u75xmxt8.cloudfront.net\/4\/2018\/08\/titulka-3.webp","datePublished":"2018-08-16T15:24:56+00:00","dateModified":"2019-02-13T14:13:17+00:00","author":{"@id":"https:\/\/www.welovecycling.com\/sk\/#\/schema\/person\/8ee09ba39b7e25b1870160aa5b3a89bc"},"breadcrumb":{"@id":"https:\/\/www.welovecycling.com\/sk\/2018\/08\/16\/rozhovor-letape-du-tour-atmosfera-starej-damy-na-vlastnej-kozi-2-cast\/#breadcrumb"},"inLanguage":"sk-SK","potentialAction":[{"@type":"ReadAction","target":["https:\/\/www.welovecycling.com\/sk\/2018\/08\/16\/rozhovor-letape-du-tour-atmosfera-starej-damy-na-vlastnej-kozi-2-cast\/"]}]},{"@type":"ImageObject","inLanguage":"sk-SK","@id":"https:\/\/www.welovecycling.com\/sk\/2018\/08\/16\/rozhovor-letape-du-tour-atmosfera-starej-damy-na-vlastnej-kozi-2-cast\/#primaryimage","url":"https:\/\/d2p6e6u75xmxt8.cloudfront.net\/4\/2018\/08\/titulka-3.webp","contentUrl":"https:\/\/d2p6e6u75xmxt8.cloudfront.net\/4\/2018\/08\/titulka-3.webp","width":1380,"height":600},{"@type":"BreadcrumbList","@id":"https:\/\/www.welovecycling.com\/sk\/2018\/08\/16\/rozhovor-letape-du-tour-atmosfera-starej-damy-na-vlastnej-kozi-2-cast\/#breadcrumb","itemListElement":[{"@type":"ListItem","position":1,"name":"Home","item":"https:\/\/www.welovecycling.com\/sk\/"},{"@type":"ListItem","position":2,"name":"Rozhovor: L\u2019\u00c9tape du Tour \u2013 atmosf\u00e9ra \u201eStarej d\u00e1my\u201c na vlastnej ko\u017ei, 2. \u010das\u0165"}]},{"@type":"WebSite","@id":"https:\/\/www.welovecycling.com\/sk\/#website","url":"https:\/\/www.welovecycling.com\/sk\/","name":"\u0160koda We Love Cycling Slovensko","description":"\u0160koda We Love Cycling Slovensko je v\u00e1\u0161 ka\u017edodenn\u00fd zdroj noviniek a in\u0161pir\u00e1cie z sveta cyklistiky","potentialAction":[{"@type":"SearchAction","target":{"@type":"EntryPoint","urlTemplate":"https:\/\/www.welovecycling.com\/sk\/?s={search_term_string}"},"query-input":{"@type":"PropertyValueSpecification","valueRequired":true,"valueName":"search_term_string"}}],"inLanguage":"sk-SK"},{"@type":"Person","@id":"https:\/\/www.welovecycling.com\/sk\/#\/schema\/person\/8ee09ba39b7e25b1870160aa5b3a89bc","name":"Ondrej Ga\u0161par","image":{"@type":"ImageObject","inLanguage":"sk-SK","@id":"https:\/\/www.welovecycling.com\/sk\/#\/schema\/person\/image\/","url":"https:\/\/secure.gravatar.com\/avatar\/6126c9afb87b70da5abbb083ddbb21933da15f18f8ca7cb822aba0fb096a48f6?s=96&d=mm&r=g","contentUrl":"https:\/\/secure.gravatar.com\/avatar\/6126c9afb87b70da5abbb083ddbb21933da15f18f8ca7cb822aba0fb096a48f6?s=96&d=mm&r=g","caption":"Ondrej Ga\u0161par"},"url":"https:\/\/www.welovecycling.com\/sk\/author\/ondrejgaspar\/"}]}},"_links":{"self":[{"href":"https:\/\/www.welovecycling.com\/sk\/wp-json\/wp\/v2\/posts\/4716","targetHints":{"allow":["GET"]}}],"collection":[{"href":"https:\/\/www.welovecycling.com\/sk\/wp-json\/wp\/v2\/posts"}],"about":[{"href":"https:\/\/www.welovecycling.com\/sk\/wp-json\/wp\/v2\/types\/post"}],"author":[{"embeddable":true,"href":"https:\/\/www.welovecycling.com\/sk\/wp-json\/wp\/v2\/users\/38"}],"replies":[{"embeddable":true,"href":"https:\/\/www.welovecycling.com\/sk\/wp-json\/wp\/v2\/comments?post=4716"}],"version-history":[{"count":2,"href":"https:\/\/www.welovecycling.com\/sk\/wp-json\/wp\/v2\/posts\/4716\/revisions"}],"predecessor-version":[{"id":5197,"href":"https:\/\/www.welovecycling.com\/sk\/wp-json\/wp\/v2\/posts\/4716\/revisions\/5197"}],"wp:featuredmedia":[{"embeddable":true,"href":"https:\/\/www.welovecycling.com\/sk\/wp-json\/wp\/v2\/media\/4718"}],"wp:attachment":[{"href":"https:\/\/www.welovecycling.com\/sk\/wp-json\/wp\/v2\/media?parent=4716"}],"wp:term":[{"taxonomy":"category","embeddable":true,"href":"https:\/\/www.welovecycling.com\/sk\/wp-json\/wp\/v2\/categories?post=4716"},{"taxonomy":"post_tag","embeddable":true,"href":"https:\/\/www.welovecycling.com\/sk\/wp-json\/wp\/v2\/tags?post=4716"},{"taxonomy":"global-categories","embeddable":true,"href":"https:\/\/www.welovecycling.com\/sk\/wp-json\/wp\/v2\/global-categories?post=4716"}],"curies":[{"name":"wp","href":"https:\/\/api.w.org\/{rel}","templated":true}]}}