{"id":4694,"date":"2018-08-29T08:13:19","date_gmt":"2018-08-29T06:13:19","guid":{"rendered":"https:\/\/www.welovecycling.com\/sk\/?p=4694"},"modified":"2018-09-06T16:47:35","modified_gmt":"2018-09-06T14:47:35","slug":"pozvanka-posledna-moznost-zajazdit-si-na-akcii-skoda-bike-open-tour-v-tomto-roku","status":"publish","type":"post","link":"https:\/\/www.welovecycling.com\/sk\/2018\/08\/29\/pozvanka-posledna-moznost-zajazdit-si-na-akcii-skoda-bike-open-tour-v-tomto-roku\/","title":{"rendered":"Pozv\u00e1nka: Posledn\u00e1 mo\u017enos\u0165 zajazdi\u0165 si na akcii \u0160koda BIKE OPEN TOUR v tomto roku"},"content":{"rendered":"<p><strong>Letn\u00e1 sez\u00f3na sa nezadr\u017eate\u013ene bl\u00ed\u017ei k svojmu koncu a spolu s \u0148ou aj t\u00e1 na\u0161a najob\u013e\u00fabenej\u0161ia \u2013 cyklistick\u00e1 &#8211; pomaly, ale isto smeruje k svojmu vrcholu. Preto si ani vy nenechajte ujs\u0165 posledn\u00fa \u0161ancu z\u00fa\u010dastni\u0165 sa \u0160koda BIKE OPEN TOUR 2018 a zav\u00edtajte 8.9. do Slovensk\u00e9ho raja na fin\u00e1le celej s\u00e9rie!<\/strong><!--more--><\/p>\n<p>Je u\u017e vlastne trad\u00edciou, \u017ee v \u00favode septembra turistick\u00e9 stredisko Podlesok \u2013 Hrabu\u0161ice otv\u00e1ra svoje br\u00e1ny predov\u0161etk\u00fdm bikerom, aby si mohli do s\u00fdtosti u\u017ei\u0165 pr\u00edrodn\u00fdch kr\u00e1s Slovensk\u00e9ho raja. Inak pr\u00edsne chr\u00e1nen\u00e9 z\u00e1kutia n\u00e1rodn\u00e9ho parku, sa tak raz v roku spr\u00edstupnia aj n\u00e1m cyklistom a na\u0161im dvojkolesov\u00fdm t\u00e1to\u0161om.<\/p>\n<div data-rows=\"1\" id='gallery-1' class='gallery-rows-1 gallery galleryid-4694 gallery-columns-2 gallery-size-full'><figure class='gallery-item'>\n\t\t\t<div class='gallery-icon landscape'>\n\t\t\t\t<a href='https:\/\/d2p6e6u75xmxt8.cloudfront.net\/4\/2018\/08\/9-1.webp'><img loading=\"lazy\" decoding=\"async\" width=\"1200\" height=\"800\" src=\"https:\/\/d2p6e6u75xmxt8.cloudfront.net\/4\/2018\/08\/9-1.webp\" class=\"attachment-full size-full\" alt=\"\" srcset=\"https:\/\/d2p6e6u75xmxt8.cloudfront.net\/4\/2018\/08\/9-1.webp 1200w, https:\/\/d2p6e6u75xmxt8.cloudfront.net\/4\/2018\/08\/9-1-300x200.webp 300w, https:\/\/d2p6e6u75xmxt8.cloudfront.net\/4\/2018\/08\/9-1-1024x683.webp 1024w, https:\/\/d2p6e6u75xmxt8.cloudfront.net\/4\/2018\/08\/9-1-768x512.webp 768w, https:\/\/d2p6e6u75xmxt8.cloudfront.net\/4\/2018\/08\/9-1-272x182.webp 272w\" sizes=\"auto, (max-width: 1200px) 100vw, 1200px\" \/><\/a>\n\t\t\t<\/div><\/figure><figure class='gallery-item'>\n\t\t\t<div class='gallery-icon landscape'>\n\t\t\t\t<a href='https:\/\/d2p6e6u75xmxt8.cloudfront.net\/4\/2018\/08\/12-3.webp'><img loading=\"lazy\" decoding=\"async\" width=\"1200\" height=\"800\" src=\"https:\/\/d2p6e6u75xmxt8.cloudfront.net\/4\/2018\/08\/12-3.webp\" class=\"attachment-full size-full\" alt=\"\" srcset=\"https:\/\/d2p6e6u75xmxt8.cloudfront.net\/4\/2018\/08\/12-3.webp 1200w, https:\/\/d2p6e6u75xmxt8.cloudfront.net\/4\/2018\/08\/12-3-300x200.webp 300w, https:\/\/d2p6e6u75xmxt8.cloudfront.net\/4\/2018\/08\/12-3-1024x683.webp 1024w, https:\/\/d2p6e6u75xmxt8.cloudfront.net\/4\/2018\/08\/12-3-768x512.webp 768w, https:\/\/d2p6e6u75xmxt8.cloudfront.net\/4\/2018\/08\/12-3-272x182.webp 272w\" sizes=\"auto, (max-width: 1200px) 100vw, 1200px\" \/><\/a>\n\t\t\t<\/div><\/figure>\n\t\t<\/div>\n        \n<h2><strong>\u010co je pre n\u00e1s pripraven\u00e9?<\/strong><\/h2>\n<p>Kto cez sez\u00f3nu nezah\u00e1\u013eal a poriadne tr\u00e9noval, m\u00f4\u017ee si da\u0165 do tela na <strong>najdlh\u0161ej trati Elite<\/strong> s d\u013a\u017ekou 106 km a prev\u00fd\u0161en\u00edm 2 784 m. Ak preferujete sk\u00f4r stredn\u00e9 trate a posta\u010duje v\u00e1m jeden okruh, vyberte si trasu <strong>Profi<\/strong>, s presne polovi\u010dnou vzdialenos\u0165ou &#8211; 53 km. Pr\u00edle\u017eitostn\u00fdm hobby jazdcom alebo za\u010diato\u010dn\u00edkom odpor\u00fa\u010dame 15 km dlh\u00fa <strong>Rekre tra\u0165<\/strong>. A\u017e tak\u00e1 rekrea\u010dn\u00e1 samozrejme nebude, ke\u010f\u017ee predsa len je potreba nast\u00fapa\u0165 skoro 700 v\u00fd\u0161kov\u00fdch metrov ?, ale vzh\u013eadom na technick\u00fa nen\u00e1ro\u010dnos\u0165, je pre menej sk\u00fasen\u00fdch jazdcov alebo t\u00fdch, ktor\u00ed by chceli po prv\u00fdkr\u00e1t ok\u00fasi\u0165 \u010daro cyklomarat\u00f3nu, \u00faplne ide\u00e1lna.<\/p>\n<div data-rows=\"1\" id='gallery-2' class='gallery-rows-1 gallery galleryid-4694 gallery-columns-3 gallery-size-full'><figure class='gallery-item'>\n\t\t\t<div class='gallery-icon landscape'>\n\t\t\t\t<a href='https:\/\/d2p6e6u75xmxt8.cloudfront.net\/4\/2018\/08\/201.webp'><img loading=\"lazy\" decoding=\"async\" width=\"1200\" height=\"800\" src=\"https:\/\/d2p6e6u75xmxt8.cloudfront.net\/4\/2018\/08\/201.webp\" class=\"attachment-full size-full\" alt=\"\" srcset=\"https:\/\/d2p6e6u75xmxt8.cloudfront.net\/4\/2018\/08\/201.webp 1200w, https:\/\/d2p6e6u75xmxt8.cloudfront.net\/4\/2018\/08\/201-300x200.webp 300w, https:\/\/d2p6e6u75xmxt8.cloudfront.net\/4\/2018\/08\/201-1024x683.webp 1024w, https:\/\/d2p6e6u75xmxt8.cloudfront.net\/4\/2018\/08\/201-768x512.webp 768w, https:\/\/d2p6e6u75xmxt8.cloudfront.net\/4\/2018\/08\/201-272x182.webp 272w\" sizes=\"auto, (max-width: 1200px) 100vw, 1200px\" \/><\/a>\n\t\t\t<\/div><\/figure><figure class='gallery-item'>\n\t\t\t<div class='gallery-icon landscape'>\n\t\t\t\t<a href='https:\/\/d2p6e6u75xmxt8.cloudfront.net\/4\/2018\/08\/281.webp'><img loading=\"lazy\" decoding=\"async\" width=\"1200\" height=\"800\" src=\"https:\/\/d2p6e6u75xmxt8.cloudfront.net\/4\/2018\/08\/281.webp\" class=\"attachment-full size-full\" alt=\"\" srcset=\"https:\/\/d2p6e6u75xmxt8.cloudfront.net\/4\/2018\/08\/281.webp 1200w, https:\/\/d2p6e6u75xmxt8.cloudfront.net\/4\/2018\/08\/281-300x200.webp 300w, https:\/\/d2p6e6u75xmxt8.cloudfront.net\/4\/2018\/08\/281-1024x683.webp 1024w, https:\/\/d2p6e6u75xmxt8.cloudfront.net\/4\/2018\/08\/281-768x512.webp 768w, https:\/\/d2p6e6u75xmxt8.cloudfront.net\/4\/2018\/08\/281-272x182.webp 272w\" sizes=\"auto, (max-width: 1200px) 100vw, 1200px\" \/><\/a>\n\t\t\t<\/div><\/figure><figure class='gallery-item'>\n\t\t\t<div class='gallery-icon landscape'>\n\t\t\t\t<a href='https:\/\/d2p6e6u75xmxt8.cloudfront.net\/4\/2018\/08\/545.webp'><img loading=\"lazy\" decoding=\"async\" width=\"1200\" height=\"800\" src=\"https:\/\/d2p6e6u75xmxt8.cloudfront.net\/4\/2018\/08\/545.webp\" class=\"attachment-full size-full\" alt=\"\" srcset=\"https:\/\/d2p6e6u75xmxt8.cloudfront.net\/4\/2018\/08\/545.webp 1200w, https:\/\/d2p6e6u75xmxt8.cloudfront.net\/4\/2018\/08\/545-300x200.webp 300w, https:\/\/d2p6e6u75xmxt8.cloudfront.net\/4\/2018\/08\/545-1024x683.webp 1024w, https:\/\/d2p6e6u75xmxt8.cloudfront.net\/4\/2018\/08\/545-768x512.webp 768w, https:\/\/d2p6e6u75xmxt8.cloudfront.net\/4\/2018\/08\/545-272x182.webp 272w\" sizes=\"auto, (max-width: 1200px) 100vw, 1200px\" \/><\/a>\n\t\t\t<\/div><\/figure>\n\t\t<\/div>\n        \n<h2><strong>E\u0161te st\u00e1le h\u013ead\u00e1me cyklorodinku<\/strong><\/h2>\n<p>Ak sa chyst\u00e1te v \u0161ir\u0161ej (rozumej rodinnej) zostave, nezabudnite sa odfoti\u0165 so svojou rodinkou na bicykloch a zapoji\u0165 do s\u00fa\u0165a\u017ee. Motiv\u00e1cia je naozaj siln\u00e1 &#8211; s\u00fa\u0165a\u017e\u00edme o bikersk\u00fa v\u00fdbavu v hodnote 5000 \u20ac! Hlavne dlho neot\u00e1\u013eajte, m\u00e1te na to naozaj posledn\u00fdch nieko\u013eko dn\u00ed.<\/p>\n<div class=\"shortcode-ys-post-pinup\"><article class=\"loop-simple post-4405 post type-post status-publish format-standard has-post-thumbnail hentry category-cestna-cyklisitika category-deti-na-bicykloch category-mtb category-sbot category-zabava tag-cyklorodinka tag-rodina tag-rodinny-maraton tag-sbot tag-sutaz tag-vylet\" data-postid=\"4405\" role=\"article\" data-post-id=\"4405\" data-word-count=\"99\" data-headline-length=\"32\" data-category=\"Z\u00e1bava\" data-author=\"We Love Cycling\" data-published=\"2018-07-27T13:02:17+02:00\" data-published-day=\"Friday\">\n    <div class=\"entry-thumbnail article-thumbnail\" content=\"https:\/\/d2p6e6u75xmxt8.cloudfront.net\/4\/2018\/07\/1375x600_cyklorodinka-150x150.webp\"><a href=\"https:\/\/www.welovecycling.com\/sk\/2018\/07\/27\/sutaz-hladame-cyklorodinku\/\" class=\"image-holder\" target=\"_self\"><img decoding=\"async\" loading=\"lazy\" class=\"\" src=\"https:\/\/d2p6e6u75xmxt8.cloudfront.net\/4\/2018\/07\/1375x600_cyklorodinka-1024x447.webp\" srcset=\"https:\/\/d2p6e6u75xmxt8.cloudfront.net\/4\/2018\/07\/1375x600_cyklorodinka.webp 1375w, https:\/\/d2p6e6u75xmxt8.cloudfront.net\/4\/2018\/07\/1375x600_cyklorodinka-300x131.webp 300w, https:\/\/d2p6e6u75xmxt8.cloudfront.net\/4\/2018\/07\/1375x600_cyklorodinka-1024x447.webp 1024w, https:\/\/d2p6e6u75xmxt8.cloudfront.net\/4\/2018\/07\/1375x600_cyklorodinka-768x335.webp 768w\" width=\"1024\" height=\"447\" sizes=\"auto, (min-width: 1200px) 458px, (min-width: 768px) 38vw, 100vw\" alt=\"sutaz-hladame-cyklorodinku\"\/><\/a><\/div>    <div class=\"entry-meta\">\n        <a class=\"label label-secondary post-category\" href=\"https:\/\/www.welovecycling.com\/sk\/category\/zabava\/\" title=\"Z\u00e1bava\">Z\u00e1bava<\/a>\n    <\/div>\n    <div class=\"entry-details\">\n        <a href=\"https:\/\/www.welovecycling.com\/sk\/2018\/07\/27\/sutaz-hladame-cyklorodinku\/\" class='entry-title-wrapper'>\n            <h3 class=\"entry-title\"><span>S\u00da\u0164A\u017d! H\u013ead\u00e1me cyklorodinku<\/span><\/h3>\n        <\/a>\n    <\/div>\n    <\/article>\n<\/div>\n<h2><strong>Program pre cel\u00fa rodinu<\/strong><\/h2>\n<p>\u0160koda Slovensk\u00fd raj je ka\u017edoro\u010dne pochva\u013eovan\u00fd pre bezchybn\u00fa organiz\u00e1ciu, ve\u013emi dobr\u00e9 slu\u017eby, v\u00fdborn\u00e9 zna\u010denie trat\u00ed s mno\u017estvom regu\u013eov\u010d\u00edkov a skvel\u00fa atmosf\u00e9ru v are\u00e1li pretekov. Celkovo si na chu\u0165 pr\u00edde takmer ka\u017ed\u00fd &#8211; milovn\u00edci r\u00fdchlych zjazdov \u010di dlh\u00fdch n\u00e1ro\u010dn\u00fdch st\u00fapan\u00ed, ale aj ich rodinn\u00ed pr\u00edslu\u0161n\u00edci, na ktor\u00fdch \u010dak\u00e1 <strong>bohat\u00fd sprievodn\u00fd program<\/strong>: z\u00e1bava a s\u00fa\u0165a\u017ee pre deti aj dospel\u00fdch, cyklopreteky pre mal\u00fdch aj v\u00e4\u010d\u0161\u00edch, r\u00f4zne atrakcie ako sk\u00e1kac\u00ed hrad a \u010fal\u0161ie.<\/p>\n<p>A ke\u010f ich to v\u0161etko zmohne, odpo\u010din\u00fa\u0165 si m\u00f4\u017eu napr\u00edklad na tulivakoch vo We Love Cycling z\u00f3ne ?. Preto svoje partnerky a deti rozhodne nenechajte doma a u\u017eite si de\u0148 spolu s nimi! A ak si v\u00fdlet pred\u013a\u017eite nede\u013enou prech\u00e1dzkou \u010di turistikou po okol\u00ed, o kr\u00e1sny v\u00edkend m\u00e1te postaran\u00e9&#8230;<\/p>\n<div data-rows=\"1\" id='gallery-3' class='gallery-rows-1 gallery galleryid-4405 gallery-columns-3 gallery-size-full'><figure class='gallery-item'>\n\t\t\t<div class='gallery-icon landscape'>\n\t\t\t\t<a href='https:\/\/d2p6e6u75xmxt8.cloudfront.net\/4\/2018\/08\/05-4.webp'><img loading=\"lazy\" decoding=\"async\" width=\"1200\" height=\"800\" src=\"https:\/\/d2p6e6u75xmxt8.cloudfront.net\/4\/2018\/08\/05-4.webp\" class=\"attachment-full size-full\" alt=\"\" srcset=\"https:\/\/d2p6e6u75xmxt8.cloudfront.net\/4\/2018\/08\/05-4.webp 1200w, https:\/\/d2p6e6u75xmxt8.cloudfront.net\/4\/2018\/08\/05-4-300x200.webp 300w, https:\/\/d2p6e6u75xmxt8.cloudfront.net\/4\/2018\/08\/05-4-1024x683.webp 1024w, https:\/\/d2p6e6u75xmxt8.cloudfront.net\/4\/2018\/08\/05-4-768x512.webp 768w, https:\/\/d2p6e6u75xmxt8.cloudfront.net\/4\/2018\/08\/05-4-272x182.webp 272w\" sizes=\"auto, (max-width: 1200px) 100vw, 1200px\" \/><\/a>\n\t\t\t<\/div><\/figure><figure class='gallery-item'>\n\t\t\t<div class='gallery-icon landscape'>\n\t\t\t\t<a href='https:\/\/d2p6e6u75xmxt8.cloudfront.net\/4\/2018\/08\/06-4.webp'><img loading=\"lazy\" decoding=\"async\" width=\"1200\" height=\"800\" src=\"https:\/\/d2p6e6u75xmxt8.cloudfront.net\/4\/2018\/08\/06-4.webp\" class=\"attachment-full size-full\" alt=\"\" srcset=\"https:\/\/d2p6e6u75xmxt8.cloudfront.net\/4\/2018\/08\/06-4.webp 1200w, https:\/\/d2p6e6u75xmxt8.cloudfront.net\/4\/2018\/08\/06-4-300x200.webp 300w, https:\/\/d2p6e6u75xmxt8.cloudfront.net\/4\/2018\/08\/06-4-1024x683.webp 1024w, https:\/\/d2p6e6u75xmxt8.cloudfront.net\/4\/2018\/08\/06-4-768x512.webp 768w, https:\/\/d2p6e6u75xmxt8.cloudfront.net\/4\/2018\/08\/06-4-272x182.webp 272w\" sizes=\"auto, (max-width: 1200px) 100vw, 1200px\" \/><\/a>\n\t\t\t<\/div><\/figure><figure class='gallery-item'>\n\t\t\t<div class='gallery-icon landscape'>\n\t\t\t\t<a href='https:\/\/d2p6e6u75xmxt8.cloudfront.net\/4\/2018\/08\/572-1.webp'><img loading=\"lazy\" decoding=\"async\" width=\"1200\" height=\"800\" src=\"https:\/\/d2p6e6u75xmxt8.cloudfront.net\/4\/2018\/08\/572-1.webp\" class=\"attachment-full size-full\" alt=\"\" srcset=\"https:\/\/d2p6e6u75xmxt8.cloudfront.net\/4\/2018\/08\/572-1.webp 1200w, https:\/\/d2p6e6u75xmxt8.cloudfront.net\/4\/2018\/08\/572-1-300x200.webp 300w, https:\/\/d2p6e6u75xmxt8.cloudfront.net\/4\/2018\/08\/572-1-1024x683.webp 1024w, https:\/\/d2p6e6u75xmxt8.cloudfront.net\/4\/2018\/08\/572-1-768x512.webp 768w, https:\/\/d2p6e6u75xmxt8.cloudfront.net\/4\/2018\/08\/572-1-272x182.webp 272w\" sizes=\"auto, (max-width: 1200px) 100vw, 1200px\" \/><\/a>\n\t\t\t<\/div><\/figure>\n\t\t<\/div>\n        \n<h2><strong>Zabojujte o hodnotn\u00e9 ceny<\/strong><\/h2>\n<p>Po dobrom v\u00fdkone sa m\u00f4\u017eete te\u0161i\u0165 na par\u00e1dne popretekov\u00e9 jedlo, ak\u00e9 m\u00f4\u017eete dosta\u0165 iba tu \u2013 na <strong>bryndzov\u00e9 halu\u0161ky<\/strong> ?. Nasledova\u0165 bude vyhl\u00e1senie v\u00fdsledkov nielen 6. kola, ale aj celej s\u00e9rie \u0160BOT a pre t\u00fdch trpezliv\u00fdch je na z\u00e1ver pripraven\u00e1 tombola s hlavnou v\u00fdhrou &#8211; <strong>dizajnov\u00fdm mestsk\u00fdm bicyklom \u0160koda StretchGO<\/strong>. O fin\u00e1lnom porad\u00ed v s\u00e9ri\u00ed rozhoduje celkov\u00fd po\u010det bodov za \u0161tyri najlep\u0161ie odjazden\u00e9 preteky. V\u00ed\u0165azi bud\u00fa odmenen\u00ed v \u0161iestich mu\u017esk\u00fdch a piatich \u017eensk\u00fdch kateg\u00f3ri\u00e1ch.<\/p>\n<lite-youtube videoid=dIEd17fOrek params=\"enablejsapi=1\" style=\"background-image: url('https:\/\/i.ytimg.com\/vi_webp\/dIEd17fOrek\/maxresdefault.webp');\"><\/lite-youtube>\n<p>Ak teda e\u0161te nem\u00e1te na druh\u00fd septembrov\u00fd v\u00edkend program, nev\u00e1hajte a pr\u00ed\u010fte sa pozrie\u0165 do Slovensk\u00e9ho raja! Viac inform\u00e1ci\u00ed a mo\u017enosti prihl\u00e1senia n\u00e1jdete na str\u00e1nke pretekov <a href=\"http:\/\/maratonslovenskyraj.sk\/\">maratonslovenskyraj.sk<\/a>.<\/p>\n","protected":false},"excerpt":{"rendered":"<p>Letn\u00e1 sez\u00f3na sa nezadr\u017eate\u013ene bl\u00ed\u017ei k svojmu koncu a spolu s \u0148ou aj t\u00e1 na\u0161a najob\u013e\u00fabenej\u0161ia \u2013 cyklistick\u00e1 &#8211; pomaly, [&hellip;]<\/p>\n","protected":false},"author":38,"featured_media":4696,"comment_status":"open","ping_status":"open","sticky":false,"template":"","format":"standard","meta":{"footnotes":""},"categories":[33],"tags":[450,507,180,412,179,542,562,77,468,271,92,234],"global-categories":[],"class_list":["post-4694","post","type-post","status-publish","format-standard","has-post-thumbnail","hentry","category-sbot","tag-cyklo-guru","tag-cyklorodinka","tag-horska-cyklistika","tag-mtb","tag-preteky","tag-skoda","tag-skoda-bicykel","tag-skoda-dedina","tag-skoda-karoq","tag-skoda-slovensky-raj","tag-skoda-tim","tag-slovensky-raj"],"yoast_head":"<!-- This site is optimized with the Yoast SEO Premium plugin v25.3 (Yoast SEO v25.9) - https:\/\/yoast.com\/wordpress\/plugins\/seo\/ -->\n<title>Pozv\u00e1nka: Posledn\u00e1 mo\u017enos\u0165 zajazdi\u0165 si na akcii \u0160koda BIKE OPEN TOUR v tomto roku - \u0160koda We Love Cycling Slovensko<\/title>\n<meta name=\"robots\" content=\"index, follow, max-snippet:-1, max-image-preview:large, max-video-preview:-1\" \/>\n<link rel=\"canonical\" href=\"https:\/\/www.welovecycling.com\/sk\/2018\/08\/29\/pozvanka-posledna-moznost-zajazdit-si-na-akcii-skoda-bike-open-tour-v-tomto-roku\/\" \/>\n<meta property=\"og:locale\" content=\"sk_SK\" \/>\n<meta property=\"og:type\" content=\"article\" \/>\n<meta property=\"og:title\" content=\"Pozv\u00e1nka: Posledn\u00e1 mo\u017enos\u0165 zajazdi\u0165 si na akcii \u0160koda BIKE OPEN TOUR v tomto roku\" \/>\n<meta property=\"og:description\" content=\"Letn\u00e1 sez\u00f3na sa nezadr\u017eate\u013ene bl\u00ed\u017ei k svojmu koncu a spolu s \u0148ou aj t\u00e1 na\u0161a najob\u013e\u00fabenej\u0161ia \u2013 cyklistick\u00e1 &#8211; pomaly, [&hellip;]\" \/>\n<meta property=\"og:url\" content=\"https:\/\/www.welovecycling.com\/sk\/2018\/08\/29\/pozvanka-posledna-moznost-zajazdit-si-na-akcii-skoda-bike-open-tour-v-tomto-roku\/\" \/>\n<meta property=\"og:site_name\" content=\"\u0160koda We Love Cycling Slovensko\" \/>\n<meta property=\"article:published_time\" content=\"2018-08-29T06:13:19+00:00\" \/>\n<meta property=\"article:modified_time\" content=\"2018-09-06T14:47:35+00:00\" \/>\n<meta property=\"og:image\" content=\"https:\/\/d2p6e6u75xmxt8.cloudfront.net\/4\/2018\/08\/titulka-2.webp\" \/>\n\t<meta property=\"og:image:width\" content=\"1380\" \/>\n\t<meta property=\"og:image:height\" content=\"600\" \/>\n\t<meta property=\"og:image:type\" content=\"image\/webp\" \/>\n<meta name=\"author\" content=\"Ondrej Ga\u0161par\" \/>\n<meta name=\"twitter:card\" content=\"summary_large_image\" \/>\n<meta name=\"twitter:label1\" content=\"Written by\" \/>\n\t<meta name=\"twitter:data1\" content=\"We Love Cycling\" \/>\n\t<meta name=\"twitter:label2\" content=\"Est. reading time\" \/>\n\t<meta name=\"twitter:data2\" content=\"1\" \/>\n<script type=\"application\/ld+json\" class=\"yoast-schema-graph\">{\"@context\":\"https:\/\/schema.org\",\"@graph\":[{\"@type\":\"WebPage\",\"@id\":\"https:\/\/www.welovecycling.com\/sk\/2018\/08\/29\/pozvanka-posledna-moznost-zajazdit-si-na-akcii-skoda-bike-open-tour-v-tomto-roku\/\",\"url\":\"https:\/\/www.welovecycling.com\/sk\/2018\/08\/29\/pozvanka-posledna-moznost-zajazdit-si-na-akcii-skoda-bike-open-tour-v-tomto-roku\/\",\"name\":\"Pozv\u00e1nka: Posledn\u00e1 mo\u017enos\u0165 zajazdi\u0165 si na akcii \u0160koda BIKE OPEN TOUR v tomto roku - \u0160koda We Love Cycling Slovensko\",\"isPartOf\":{\"@id\":\"https:\/\/www.welovecycling.com\/sk\/#website\"},\"primaryImageOfPage\":{\"@id\":\"https:\/\/www.welovecycling.com\/sk\/2018\/08\/29\/pozvanka-posledna-moznost-zajazdit-si-na-akcii-skoda-bike-open-tour-v-tomto-roku\/#primaryimage\"},\"image\":{\"@id\":\"https:\/\/www.welovecycling.com\/sk\/2018\/08\/29\/pozvanka-posledna-moznost-zajazdit-si-na-akcii-skoda-bike-open-tour-v-tomto-roku\/#primaryimage\"},\"thumbnailUrl\":\"https:\/\/d2p6e6u75xmxt8.cloudfront.net\/4\/2018\/08\/titulka-2.webp\",\"datePublished\":\"2018-08-29T06:13:19+00:00\",\"dateModified\":\"2018-09-06T14:47:35+00:00\",\"author\":{\"@id\":\"https:\/\/www.welovecycling.com\/sk\/#\/schema\/person\/8ee09ba39b7e25b1870160aa5b3a89bc\"},\"breadcrumb\":{\"@id\":\"https:\/\/www.welovecycling.com\/sk\/2018\/08\/29\/pozvanka-posledna-moznost-zajazdit-si-na-akcii-skoda-bike-open-tour-v-tomto-roku\/#breadcrumb\"},\"inLanguage\":\"sk-SK\",\"potentialAction\":[{\"@type\":\"ReadAction\",\"target\":[\"https:\/\/www.welovecycling.com\/sk\/2018\/08\/29\/pozvanka-posledna-moznost-zajazdit-si-na-akcii-skoda-bike-open-tour-v-tomto-roku\/\"]}]},{\"@type\":\"ImageObject\",\"inLanguage\":\"sk-SK\",\"@id\":\"https:\/\/www.welovecycling.com\/sk\/2018\/08\/29\/pozvanka-posledna-moznost-zajazdit-si-na-akcii-skoda-bike-open-tour-v-tomto-roku\/#primaryimage\",\"url\":\"https:\/\/d2p6e6u75xmxt8.cloudfront.net\/4\/2018\/08\/titulka-2.webp\",\"contentUrl\":\"https:\/\/d2p6e6u75xmxt8.cloudfront.net\/4\/2018\/08\/titulka-2.webp\",\"width\":1380,\"height\":600},{\"@type\":\"BreadcrumbList\",\"@id\":\"https:\/\/www.welovecycling.com\/sk\/2018\/08\/29\/pozvanka-posledna-moznost-zajazdit-si-na-akcii-skoda-bike-open-tour-v-tomto-roku\/#breadcrumb\",\"itemListElement\":[{\"@type\":\"ListItem\",\"position\":1,\"name\":\"Home\",\"item\":\"https:\/\/www.welovecycling.com\/sk\/\"},{\"@type\":\"ListItem\",\"position\":2,\"name\":\"Pozv\u00e1nka: Posledn\u00e1 mo\u017enos\u0165 zajazdi\u0165 si na akcii \u0160koda BIKE OPEN TOUR v tomto roku\"}]},{\"@type\":\"WebSite\",\"@id\":\"https:\/\/www.welovecycling.com\/sk\/#website\",\"url\":\"https:\/\/www.welovecycling.com\/sk\/\",\"name\":\"\u0160koda We Love Cycling Slovensko\",\"description\":\"\u0160koda We Love Cycling Slovensko je v\u00e1\u0161 ka\u017edodenn\u00fd zdroj noviniek a in\u0161pir\u00e1cie z sveta cyklistiky\",\"potentialAction\":[{\"@type\":\"SearchAction\",\"target\":{\"@type\":\"EntryPoint\",\"urlTemplate\":\"https:\/\/www.welovecycling.com\/sk\/?s={search_term_string}\"},\"query-input\":{\"@type\":\"PropertyValueSpecification\",\"valueRequired\":true,\"valueName\":\"search_term_string\"}}],\"inLanguage\":\"sk-SK\"},{\"@type\":\"Person\",\"@id\":\"https:\/\/www.welovecycling.com\/sk\/#\/schema\/person\/8ee09ba39b7e25b1870160aa5b3a89bc\",\"name\":\"Ondrej Ga\u0161par\",\"image\":{\"@type\":\"ImageObject\",\"inLanguage\":\"sk-SK\",\"@id\":\"https:\/\/www.welovecycling.com\/sk\/#\/schema\/person\/image\/\",\"url\":\"https:\/\/secure.gravatar.com\/avatar\/6126c9afb87b70da5abbb083ddbb21933da15f18f8ca7cb822aba0fb096a48f6?s=96&d=mm&r=g\",\"contentUrl\":\"https:\/\/secure.gravatar.com\/avatar\/6126c9afb87b70da5abbb083ddbb21933da15f18f8ca7cb822aba0fb096a48f6?s=96&d=mm&r=g\",\"caption\":\"Ondrej Ga\u0161par\"},\"url\":\"https:\/\/www.welovecycling.com\/sk\/author\/ondrejgaspar\/\"}]}<\/script>\n<!-- \/ Yoast SEO Premium plugin. -->","yoast_head_json":{"title":"Pozv\u00e1nka: Posledn\u00e1 mo\u017enos\u0165 zajazdi\u0165 si na akcii \u0160koda BIKE OPEN TOUR v tomto roku - \u0160koda We Love Cycling Slovensko","robots":{"index":"index","follow":"follow","max-snippet":"max-snippet:-1","max-image-preview":"max-image-preview:large","max-video-preview":"max-video-preview:-1"},"canonical":"https:\/\/www.welovecycling.com\/sk\/2018\/08\/29\/pozvanka-posledna-moznost-zajazdit-si-na-akcii-skoda-bike-open-tour-v-tomto-roku\/","og_locale":"sk_SK","og_type":"article","og_title":"Pozv\u00e1nka: Posledn\u00e1 mo\u017enos\u0165 zajazdi\u0165 si na akcii \u0160koda BIKE OPEN TOUR v tomto roku","og_description":"Letn\u00e1 sez\u00f3na sa nezadr\u017eate\u013ene bl\u00ed\u017ei k svojmu koncu a spolu s \u0148ou aj t\u00e1 na\u0161a najob\u013e\u00fabenej\u0161ia \u2013 cyklistick\u00e1 &#8211; pomaly, [&hellip;]","og_url":"https:\/\/www.welovecycling.com\/sk\/2018\/08\/29\/pozvanka-posledna-moznost-zajazdit-si-na-akcii-skoda-bike-open-tour-v-tomto-roku\/","og_site_name":"\u0160koda We Love Cycling Slovensko","article_published_time":"2018-08-29T06:13:19+00:00","article_modified_time":"2018-09-06T14:47:35+00:00","og_image":[{"width":1380,"height":600,"url":"https:\/\/d2p6e6u75xmxt8.cloudfront.net\/4\/2018\/08\/titulka-2.webp","type":"image\/webp"}],"author":"Ondrej Ga\u0161par","twitter_card":"summary_large_image","twitter_misc":{"Written by":"We Love Cycling","Est. reading time":"1"},"schema":{"@context":"https:\/\/schema.org","@graph":[{"@type":"WebPage","@id":"https:\/\/www.welovecycling.com\/sk\/2018\/08\/29\/pozvanka-posledna-moznost-zajazdit-si-na-akcii-skoda-bike-open-tour-v-tomto-roku\/","url":"https:\/\/www.welovecycling.com\/sk\/2018\/08\/29\/pozvanka-posledna-moznost-zajazdit-si-na-akcii-skoda-bike-open-tour-v-tomto-roku\/","name":"Pozv\u00e1nka: Posledn\u00e1 mo\u017enos\u0165 zajazdi\u0165 si na akcii \u0160koda BIKE OPEN TOUR v tomto roku - \u0160koda We Love Cycling Slovensko","isPartOf":{"@id":"https:\/\/www.welovecycling.com\/sk\/#website"},"primaryImageOfPage":{"@id":"https:\/\/www.welovecycling.com\/sk\/2018\/08\/29\/pozvanka-posledna-moznost-zajazdit-si-na-akcii-skoda-bike-open-tour-v-tomto-roku\/#primaryimage"},"image":{"@id":"https:\/\/www.welovecycling.com\/sk\/2018\/08\/29\/pozvanka-posledna-moznost-zajazdit-si-na-akcii-skoda-bike-open-tour-v-tomto-roku\/#primaryimage"},"thumbnailUrl":"https:\/\/d2p6e6u75xmxt8.cloudfront.net\/4\/2018\/08\/titulka-2.webp","datePublished":"2018-08-29T06:13:19+00:00","dateModified":"2018-09-06T14:47:35+00:00","author":{"@id":"https:\/\/www.welovecycling.com\/sk\/#\/schema\/person\/8ee09ba39b7e25b1870160aa5b3a89bc"},"breadcrumb":{"@id":"https:\/\/www.welovecycling.com\/sk\/2018\/08\/29\/pozvanka-posledna-moznost-zajazdit-si-na-akcii-skoda-bike-open-tour-v-tomto-roku\/#breadcrumb"},"inLanguage":"sk-SK","potentialAction":[{"@type":"ReadAction","target":["https:\/\/www.welovecycling.com\/sk\/2018\/08\/29\/pozvanka-posledna-moznost-zajazdit-si-na-akcii-skoda-bike-open-tour-v-tomto-roku\/"]}]},{"@type":"ImageObject","inLanguage":"sk-SK","@id":"https:\/\/www.welovecycling.com\/sk\/2018\/08\/29\/pozvanka-posledna-moznost-zajazdit-si-na-akcii-skoda-bike-open-tour-v-tomto-roku\/#primaryimage","url":"https:\/\/d2p6e6u75xmxt8.cloudfront.net\/4\/2018\/08\/titulka-2.webp","contentUrl":"https:\/\/d2p6e6u75xmxt8.cloudfront.net\/4\/2018\/08\/titulka-2.webp","width":1380,"height":600},{"@type":"BreadcrumbList","@id":"https:\/\/www.welovecycling.com\/sk\/2018\/08\/29\/pozvanka-posledna-moznost-zajazdit-si-na-akcii-skoda-bike-open-tour-v-tomto-roku\/#breadcrumb","itemListElement":[{"@type":"ListItem","position":1,"name":"Home","item":"https:\/\/www.welovecycling.com\/sk\/"},{"@type":"ListItem","position":2,"name":"Pozv\u00e1nka: Posledn\u00e1 mo\u017enos\u0165 zajazdi\u0165 si na akcii \u0160koda BIKE OPEN TOUR v tomto roku"}]},{"@type":"WebSite","@id":"https:\/\/www.welovecycling.com\/sk\/#website","url":"https:\/\/www.welovecycling.com\/sk\/","name":"\u0160koda We Love Cycling Slovensko","description":"\u0160koda We Love Cycling Slovensko je v\u00e1\u0161 ka\u017edodenn\u00fd zdroj noviniek a in\u0161pir\u00e1cie z sveta cyklistiky","potentialAction":[{"@type":"SearchAction","target":{"@type":"EntryPoint","urlTemplate":"https:\/\/www.welovecycling.com\/sk\/?s={search_term_string}"},"query-input":{"@type":"PropertyValueSpecification","valueRequired":true,"valueName":"search_term_string"}}],"inLanguage":"sk-SK"},{"@type":"Person","@id":"https:\/\/www.welovecycling.com\/sk\/#\/schema\/person\/8ee09ba39b7e25b1870160aa5b3a89bc","name":"Ondrej Ga\u0161par","image":{"@type":"ImageObject","inLanguage":"sk-SK","@id":"https:\/\/www.welovecycling.com\/sk\/#\/schema\/person\/image\/","url":"https:\/\/secure.gravatar.com\/avatar\/6126c9afb87b70da5abbb083ddbb21933da15f18f8ca7cb822aba0fb096a48f6?s=96&d=mm&r=g","contentUrl":"https:\/\/secure.gravatar.com\/avatar\/6126c9afb87b70da5abbb083ddbb21933da15f18f8ca7cb822aba0fb096a48f6?s=96&d=mm&r=g","caption":"Ondrej Ga\u0161par"},"url":"https:\/\/www.welovecycling.com\/sk\/author\/ondrejgaspar\/"}]}},"_links":{"self":[{"href":"https:\/\/www.welovecycling.com\/sk\/wp-json\/wp\/v2\/posts\/4694","targetHints":{"allow":["GET"]}}],"collection":[{"href":"https:\/\/www.welovecycling.com\/sk\/wp-json\/wp\/v2\/posts"}],"about":[{"href":"https:\/\/www.welovecycling.com\/sk\/wp-json\/wp\/v2\/types\/post"}],"author":[{"embeddable":true,"href":"https:\/\/www.welovecycling.com\/sk\/wp-json\/wp\/v2\/users\/38"}],"replies":[{"embeddable":true,"href":"https:\/\/www.welovecycling.com\/sk\/wp-json\/wp\/v2\/comments?post=4694"}],"version-history":[{"count":2,"href":"https:\/\/www.welovecycling.com\/sk\/wp-json\/wp\/v2\/posts\/4694\/revisions"}],"predecessor-version":[{"id":4938,"href":"https:\/\/www.welovecycling.com\/sk\/wp-json\/wp\/v2\/posts\/4694\/revisions\/4938"}],"wp:featuredmedia":[{"embeddable":true,"href":"https:\/\/www.welovecycling.com\/sk\/wp-json\/wp\/v2\/media\/4696"}],"wp:attachment":[{"href":"https:\/\/www.welovecycling.com\/sk\/wp-json\/wp\/v2\/media?parent=4694"}],"wp:term":[{"taxonomy":"category","embeddable":true,"href":"https:\/\/www.welovecycling.com\/sk\/wp-json\/wp\/v2\/categories?post=4694"},{"taxonomy":"post_tag","embeddable":true,"href":"https:\/\/www.welovecycling.com\/sk\/wp-json\/wp\/v2\/tags?post=4694"},{"taxonomy":"global-categories","embeddable":true,"href":"https:\/\/www.welovecycling.com\/sk\/wp-json\/wp\/v2\/global-categories?post=4694"}],"curies":[{"name":"wp","href":"https:\/\/api.w.org\/{rel}","templated":true}]}}