{"id":4668,"date":"2018-08-14T16:09:20","date_gmt":"2018-08-14T14:09:20","guid":{"rendered":"https:\/\/www.welovecycling.com\/sk\/?p=4668"},"modified":"2018-08-17T14:14:59","modified_gmt":"2018-08-17T12:14:59","slug":"reportaz-skoda-horal-mtb-maraton-ked-pocasie-uraduje","status":"publish","type":"post","link":"https:\/\/www.welovecycling.com\/sk\/2018\/08\/14\/reportaz-skoda-horal-mtb-maraton-ked-pocasie-uraduje\/","title":{"rendered":"Report\u00e1\u017e: \u0160koda Horal MTB marat\u00f3n \u2013 ke\u010f po\u010dasie \u00faraduje"},"content":{"rendered":"<p><strong>Legend\u00e1rny Horal bol u\u017e piatou zast\u00e1vkou na\u0161ej s\u00e9rie \u0160koda BIKE OPEN TOUR, tak\u017ee sme sa z hor\u00facej Stupavy premiestnili do kr\u00e1snymi kopcami obklopen\u00e9ho Svitu.<\/strong><!--more--><\/p>\n<p><a href=\"https:\/\/d2p6e6u75xmxt8.cloudfront.net\/4\/2018\/08\/01-1.jpg\"><img loading=\"lazy\" decoding=\"async\" class=\"alignnone size-full wp-image-4670\" src=\"https:\/\/d2p6e6u75xmxt8.cloudfront.net\/4\/2018\/08\/01-1.jpg\" alt=\"\" width=\"1200\" height=\"800\" \/><\/a><\/p>\n<h2><strong>Poriadna rann\u00e1 sprcha<\/strong><\/h2>\n<p>Letn\u00e9 <strong>po\u010dasie je naozaj nevyspytate\u013en\u00e9<\/strong> a op\u00e4\u0165 sme sa mali o tom mo\u017enos\u0165 presved\u010di\u0165 v priamom prenose. Vlna hor\u00fa\u010dav, ktor\u00e1 trv\u00e1 u\u017e nieko\u013eko t\u00fd\u017ed\u0148ov, mala by\u0165 pod\u013ea predpoved\u00ed preru\u0161en\u00e1 pr\u00e1ve v sobotu, \u010do u\u017e po\u010das piatkovej prezent\u00e1cie robilo vr\u00e1sky na tv\u00e1ri nielen organiz\u00e1torom, ale aj pretek\u00e1rom. T\u00fdch sa tu u\u017e de\u0148 pred pretekmi priebe\u017ene objavovalo pomerne dos\u0165, tak\u017ee v sobotu r\u00e1no \u0161lo v\u0161etko ako po masle. Teda, a\u017e na spom\u00ednan\u00e9 po\u010dasie.<\/p>\n<div class=\"shortcode-ys-post-pinup\"><article class=\"loop-simple post-1976 post type-post status-publish format-standard has-post-thumbnail hentry category-mtb category-reportaz category-sbot tag-horal tag-horska-cyklistika tag-maraton tag-preteky tag-reportaz tag-sbot tag-skoda-horal-mtb-maraton\" data-postid=\"1976\" role=\"article\" data-post-id=\"1976\" data-word-count=\"551\" data-headline-length=\"103\" data-category=\"MTB\" data-author=\"Martin Imrich\" data-published=\"2017-08-14T19:01:32+02:00\" data-published-day=\"Monday\">\n    <div class=\"entry-thumbnail article-thumbnail\" content=\"https:\/\/d2p6e6u75xmxt8.cloudfront.net\/4\/2017\/08\/horal_26-150x150.webp\"><a href=\"https:\/\/www.welovecycling.com\/sk\/2017\/08\/14\/reportaz-poradi-5-kolo-sbot-hostil-skoda-horal-mtb-maraton-svit-opat-praskal-vo-svikoch\/\" class=\"image-holder\" target=\"_self\"><img decoding=\"async\" loading=\"lazy\" class=\"\" src=\"https:\/\/d2p6e6u75xmxt8.cloudfront.net\/4\/2017\/08\/horal_26-1024x447.webp\" srcset=\"https:\/\/d2p6e6u75xmxt8.cloudfront.net\/4\/2017\/08\/horal_26.webp 1373w, https:\/\/d2p6e6u75xmxt8.cloudfront.net\/4\/2017\/08\/horal_26-300x131.webp 300w, https:\/\/d2p6e6u75xmxt8.cloudfront.net\/4\/2017\/08\/horal_26-1024x447.webp 1024w, https:\/\/d2p6e6u75xmxt8.cloudfront.net\/4\/2017\/08\/horal_26-768x336.webp 768w\" width=\"1024\" height=\"447\" sizes=\"auto, (min-width: 1200px) 458px, (min-width: 768px) 38vw, 100vw\" alt=\"reportaz-poradi-5-kolo-sbot-hostil-skoda-horal-mtb-maraton-svit-opat-praskal-vo-svikoch\"\/><\/a><\/div>    <div class=\"entry-meta\">\n        <a class=\"label label-secondary post-category\" href=\"https:\/\/www.welovecycling.com\/sk\/category\/mtb\/\" title=\"MTB\">MTB<\/a>\n    <\/div>\n    <div class=\"entry-details\">\n        <a href=\"https:\/\/www.welovecycling.com\/sk\/2017\/08\/14\/reportaz-poradi-5-kolo-sbot-hostil-skoda-horal-mtb-maraton-svit-opat-praskal-vo-svikoch\/\" class='entry-title-wrapper'>\n            <h3 class=\"entry-title\"><span>REPORT\u00c1\u017d: V porad\u00ed 5. kolo \u0160BOT hostil \u0160koda Horal MTB marat\u00f3n a Svit op\u00e4\u0165 praskal vo \u0161v\u00edkoch<\/span><\/h3>\n        <\/a>\n    <\/div>\n    <\/article>\n<\/div>\n<p><a href=\"https:\/\/d2p6e6u75xmxt8.cloudfront.net\/4\/2018\/08\/02-2.jpg\"><img loading=\"lazy\" decoding=\"async\" class=\"alignnone size-full wp-image-4671\" src=\"https:\/\/d2p6e6u75xmxt8.cloudfront.net\/4\/2018\/08\/02-2.jpg\" alt=\"\" width=\"1200\" height=\"800\" \/><\/a><\/p>\n<lite-youtube videoid=0vdulJiYpK4 params=\"enablejsapi=1\" style=\"background-image: url('https:\/\/i.ytimg.com\/vi_webp\/0vdulJiYpK4\/maxresdefault.webp');\"><\/lite-youtube>\n<p>Najdlh\u0161ia a najextr\u00e9mnej\u0161ia z piatich pripraven\u00fdch trat\u00ed \u0161tartovala u\u017e o siedmej r\u00e1no, kedy u\u017e bolo jasn\u00e9, \u017ee dnes sucho nehroz\u00ed. Mnoh\u00fdch pretek\u00e1rov, ktor\u00ed si zvolili niektor\u00fd z krat\u0161\u00edch variantov, a teda \u0161tartovali o nie\u010do nesk\u00f4r, bolo vidie\u0165 so z\u00fafal\u00fdm v\u00fdrazom na tv\u00e1ri \u010daka\u0165 v aut\u00e1ch, kde sa schov\u00e1vali pred \u00faraduj\u00facou b\u00farkou. T\u00e1 sa postarala aj o <strong>skr\u00e1tenie spom\u00ednanej Krejzi trate o cca 10 km<\/strong> a pretek\u00e1rov nepustili a\u017e priamo na vrchol dominanty Horala \u2013 Kr\u00e1\u013eovej hole, lebo situ\u00e1cia nebola naozaj bezpe\u010dn\u00e1.<\/p>\n<p><a href=\"https:\/\/d2p6e6u75xmxt8.cloudfront.net\/4\/2018\/08\/03-2.jpg\"><img loading=\"lazy\" decoding=\"async\" class=\"alignnone size-full wp-image-4672\" src=\"https:\/\/d2p6e6u75xmxt8.cloudfront.net\/4\/2018\/08\/03-2.jpg\" alt=\"\" width=\"1200\" height=\"800\" \/><\/a><\/p>\n<h2><strong>V\u00ed\u0165azi u\u017e na \u0161tarte<\/strong><\/h2>\n<p>Tak\u017ee u\u017e samotn\u00e9 odhodlanie postavi\u0165 sa na \u0161tart m\u00f4\u017eeme v tak\u00fdchto podmienkach pova\u017eova\u0165 za hrdinsk\u00fd v\u00fdkon. Z celkov\u00e9ho po\u010dtu 670 prihl\u00e1sen\u00fdch na v\u0161etk\u00fdch piatich tratiach sa napokon <strong>na \u0161tart postavilo 567 cyklistov<\/strong>. Po\u010dasie sa na\u0161\u0165astie za\u010dalo zlep\u0161ova\u0165, dokonca na blatom pokryt\u00e9 tv\u00e1re jazdcov ob\u010das vykuklo slnie\u010dko. Bicykle a oble\u010denie dostali rozhodne zabra\u0165, ale pod\u013ea slov mnoh\u00fdch \u00fa\u010dastn\u00edkov to st\u00e1lo za to.<\/p>\n<div data-rows=\"1\" id='gallery-1' class='gallery-rows-1 gallery galleryid-1976 gallery-columns-3 gallery-size-full'><figure class='gallery-item'>\n\t\t\t<div class='gallery-icon landscape'>\n\t\t\t\t<a href='https:\/\/d2p6e6u75xmxt8.cloudfront.net\/4\/2018\/08\/04-2.webp'><img loading=\"lazy\" decoding=\"async\" width=\"1200\" height=\"800\" src=\"https:\/\/d2p6e6u75xmxt8.cloudfront.net\/4\/2018\/08\/04-2.webp\" class=\"attachment-full size-full\" alt=\"\" srcset=\"https:\/\/d2p6e6u75xmxt8.cloudfront.net\/4\/2018\/08\/04-2.webp 1200w, https:\/\/d2p6e6u75xmxt8.cloudfront.net\/4\/2018\/08\/04-2-300x200.webp 300w, https:\/\/d2p6e6u75xmxt8.cloudfront.net\/4\/2018\/08\/04-2-1024x683.webp 1024w, https:\/\/d2p6e6u75xmxt8.cloudfront.net\/4\/2018\/08\/04-2-768x512.webp 768w, https:\/\/d2p6e6u75xmxt8.cloudfront.net\/4\/2018\/08\/04-2-272x182.webp 272w\" sizes=\"auto, (max-width: 1200px) 100vw, 1200px\" \/><\/a>\n\t\t\t<\/div><\/figure><figure class='gallery-item'>\n\t\t\t<div class='gallery-icon landscape'>\n\t\t\t\t<a href='https:\/\/d2p6e6u75xmxt8.cloudfront.net\/4\/2018\/08\/05-2.webp'><img loading=\"lazy\" decoding=\"async\" width=\"1200\" height=\"800\" src=\"https:\/\/d2p6e6u75xmxt8.cloudfront.net\/4\/2018\/08\/05-2.webp\" class=\"attachment-full size-full\" alt=\"\" srcset=\"https:\/\/d2p6e6u75xmxt8.cloudfront.net\/4\/2018\/08\/05-2.webp 1200w, https:\/\/d2p6e6u75xmxt8.cloudfront.net\/4\/2018\/08\/05-2-300x200.webp 300w, https:\/\/d2p6e6u75xmxt8.cloudfront.net\/4\/2018\/08\/05-2-1024x683.webp 1024w, https:\/\/d2p6e6u75xmxt8.cloudfront.net\/4\/2018\/08\/05-2-768x512.webp 768w, https:\/\/d2p6e6u75xmxt8.cloudfront.net\/4\/2018\/08\/05-2-272x182.webp 272w\" sizes=\"auto, (max-width: 1200px) 100vw, 1200px\" \/><\/a>\n\t\t\t<\/div><\/figure><figure class='gallery-item'>\n\t\t\t<div class='gallery-icon landscape'>\n\t\t\t\t<a href='https:\/\/d2p6e6u75xmxt8.cloudfront.net\/4\/2018\/08\/06-2.webp'><img loading=\"lazy\" decoding=\"async\" width=\"1200\" height=\"800\" src=\"https:\/\/d2p6e6u75xmxt8.cloudfront.net\/4\/2018\/08\/06-2.webp\" class=\"attachment-full size-full\" alt=\"\" srcset=\"https:\/\/d2p6e6u75xmxt8.cloudfront.net\/4\/2018\/08\/06-2.webp 1200w, https:\/\/d2p6e6u75xmxt8.cloudfront.net\/4\/2018\/08\/06-2-300x200.webp 300w, https:\/\/d2p6e6u75xmxt8.cloudfront.net\/4\/2018\/08\/06-2-1024x683.webp 1024w, https:\/\/d2p6e6u75xmxt8.cloudfront.net\/4\/2018\/08\/06-2-768x512.webp 768w, https:\/\/d2p6e6u75xmxt8.cloudfront.net\/4\/2018\/08\/06-2-272x182.webp 272w\" sizes=\"auto, (max-width: 1200px) 100vw, 1200px\" \/><\/a>\n\t\t\t<\/div><\/figure>\n\t\t<\/div>\n        \n<p>Absol\u00fatnym v\u00ed\u0165azom sa na 124-kilometrovej trati Krejzi stal Martin Kostelni\u010d\u00e1k s \u010dasom 6:07:10. Klob\u00fak dole pred oboma \u017eenami, ktor\u00e9 si zvolili pr\u00e1ve tento extr\u00e9mny variant. Prv\u00e1 napokon do cie\u013ea dorazila Zuzana Pal\u00fachov\u00e1 s \u010dasom 9:14:52. Lejzi pon\u00fakla v\u00fd\u017eivn\u00fdch 78 km a tie ako prv\u00fd zdolal Andrej Kubi\u0161 a medzi \u017eenami Janelle Uibokand z Est\u00f3nska. 43 kilometrov dlh\u00fa tra\u0165 Senzi medzi mu\u017emi pre\u0161iel najr\u00fdchlej\u0161ie Vladim\u00edr Hojd\u00edk a zo \u017eien Kateryna Kadasheva. Tra\u0165 \u00cdzi s d\u013a\u017ekou 28 km vyhral Mat\u00fa\u0161 Kore\u0148 a medzi \u017eenami dominovala Katar\u00edna Vyhonsk\u00e1. Dejzi pon\u00fakla 17 km a tie najr\u00fdchlej\u0161ie pre\u0161iel Jakub Vavro\u0161ek a medzi \u017eenami Stanislava Vavro\u0161ekov\u00e1.<\/p>\n<div data-rows=\"1\" id='gallery-2' class='gallery-rows-1 gallery galleryid-1976 gallery-columns-3 gallery-size-full'><figure class='gallery-item'>\n\t\t\t<div class='gallery-icon landscape'>\n\t\t\t\t<a href='https:\/\/d2p6e6u75xmxt8.cloudfront.net\/4\/2018\/08\/07-2.webp'><img loading=\"lazy\" decoding=\"async\" width=\"1200\" height=\"800\" src=\"https:\/\/d2p6e6u75xmxt8.cloudfront.net\/4\/2018\/08\/07-2.webp\" class=\"attachment-full size-full\" alt=\"\" srcset=\"https:\/\/d2p6e6u75xmxt8.cloudfront.net\/4\/2018\/08\/07-2.webp 1200w, https:\/\/d2p6e6u75xmxt8.cloudfront.net\/4\/2018\/08\/07-2-300x200.webp 300w, https:\/\/d2p6e6u75xmxt8.cloudfront.net\/4\/2018\/08\/07-2-1024x683.webp 1024w, https:\/\/d2p6e6u75xmxt8.cloudfront.net\/4\/2018\/08\/07-2-768x512.webp 768w, https:\/\/d2p6e6u75xmxt8.cloudfront.net\/4\/2018\/08\/07-2-272x182.webp 272w\" sizes=\"auto, (max-width: 1200px) 100vw, 1200px\" \/><\/a>\n\t\t\t<\/div><\/figure><figure class='gallery-item'>\n\t\t\t<div class='gallery-icon landscape'>\n\t\t\t\t<a href='https:\/\/d2p6e6u75xmxt8.cloudfront.net\/4\/2018\/08\/08-2.webp'><img loading=\"lazy\" decoding=\"async\" width=\"1200\" height=\"800\" src=\"https:\/\/d2p6e6u75xmxt8.cloudfront.net\/4\/2018\/08\/08-2.webp\" class=\"attachment-full size-full\" alt=\"\" srcset=\"https:\/\/d2p6e6u75xmxt8.cloudfront.net\/4\/2018\/08\/08-2.webp 1200w, https:\/\/d2p6e6u75xmxt8.cloudfront.net\/4\/2018\/08\/08-2-300x200.webp 300w, https:\/\/d2p6e6u75xmxt8.cloudfront.net\/4\/2018\/08\/08-2-1024x683.webp 1024w, https:\/\/d2p6e6u75xmxt8.cloudfront.net\/4\/2018\/08\/08-2-768x512.webp 768w, https:\/\/d2p6e6u75xmxt8.cloudfront.net\/4\/2018\/08\/08-2-272x182.webp 272w\" sizes=\"auto, (max-width: 1200px) 100vw, 1200px\" \/><\/a>\n\t\t\t<\/div><\/figure><figure class='gallery-item'>\n\t\t\t<div class='gallery-icon landscape'>\n\t\t\t\t<a href='https:\/\/d2p6e6u75xmxt8.cloudfront.net\/4\/2018\/08\/09-1.webp'><img loading=\"lazy\" decoding=\"async\" width=\"1200\" height=\"800\" src=\"https:\/\/d2p6e6u75xmxt8.cloudfront.net\/4\/2018\/08\/09-1.webp\" class=\"attachment-full size-full\" alt=\"\" srcset=\"https:\/\/d2p6e6u75xmxt8.cloudfront.net\/4\/2018\/08\/09-1.webp 1200w, https:\/\/d2p6e6u75xmxt8.cloudfront.net\/4\/2018\/08\/09-1-300x200.webp 300w, https:\/\/d2p6e6u75xmxt8.cloudfront.net\/4\/2018\/08\/09-1-1024x683.webp 1024w, https:\/\/d2p6e6u75xmxt8.cloudfront.net\/4\/2018\/08\/09-1-768x512.webp 768w, https:\/\/d2p6e6u75xmxt8.cloudfront.net\/4\/2018\/08\/09-1-272x182.webp 272w\" sizes=\"auto, (max-width: 1200px) 100vw, 1200px\" \/><\/a>\n\t\t\t<\/div><\/figure>\n\t\t<\/div>\n        \n<h2><strong>Pohoda v cieli<\/strong><\/h2>\n<p>V cieli \u010dakala na v\u0161etk\u00fdch pretek\u00e1rov <strong>odmena v podobe naozaj chutn\u00e9ho jedla<\/strong> \u2013 gu\u013e\u00e1\u0161\/pirohy, ktor\u00e9 si mohli vychutna\u0165 v pr\u00edjemnom z\u00e1zem\u00ed. Um\u00fdvacie boxy boli kv\u00f4li vrtochom po\u010dasia vyu\u017eit\u00e9 na maximum. Ako u\u017e je na na\u0161ich akci\u00e1ch zvykom, o program cel\u00e9ho rodinn\u00e9ho sprievodu sa postarali r\u00f4zne atrakcie a st\u00e1nky. Deti si zas\u00fa\u0165a\u017eili s asistenciou chlpat\u00e9ho maskota v pre\u0165ahovan\u00ed sa lanom. Mnoh\u00e9 si nechali pokresli\u0165 tv\u00e1ri\u010dky a vybl\u00e1znili sa na nafukovacom hrade so \u0161myk\u013eavkou, \u010di povozili na kolobe\u017ek\u00e1ch. Tulivaky vo We Love Cycling z\u00f3ne padli mnoh\u00fdm naozaj ve\u013emi vhod ako relax po v\u00fdkone. O \u0161iestej sa za\u010dalo vyhlasovanie v\u00ed\u0165azov a \u010dere\u0161ni\u010dkou na torte bola tradi\u010dne bohat\u00e1 tombola.<\/p>\n<div data-rows=\"1\" id='gallery-3' class='gallery-rows-1 gallery galleryid-1976 gallery-columns-3 gallery-size-full'><figure class='gallery-item'>\n\t\t\t<div class='gallery-icon landscape'>\n\t\t\t\t<a href='https:\/\/d2p6e6u75xmxt8.cloudfront.net\/4\/2018\/08\/10-1.webp'><img loading=\"lazy\" decoding=\"async\" width=\"1200\" height=\"800\" src=\"https:\/\/d2p6e6u75xmxt8.cloudfront.net\/4\/2018\/08\/10-1.webp\" class=\"attachment-full size-full\" alt=\"\" srcset=\"https:\/\/d2p6e6u75xmxt8.cloudfront.net\/4\/2018\/08\/10-1.webp 1200w, https:\/\/d2p6e6u75xmxt8.cloudfront.net\/4\/2018\/08\/10-1-300x200.webp 300w, https:\/\/d2p6e6u75xmxt8.cloudfront.net\/4\/2018\/08\/10-1-1024x683.webp 1024w, https:\/\/d2p6e6u75xmxt8.cloudfront.net\/4\/2018\/08\/10-1-768x512.webp 768w, https:\/\/d2p6e6u75xmxt8.cloudfront.net\/4\/2018\/08\/10-1-272x182.webp 272w\" sizes=\"auto, (max-width: 1200px) 100vw, 1200px\" \/><\/a>\n\t\t\t<\/div><\/figure><figure class='gallery-item'>\n\t\t\t<div class='gallery-icon landscape'>\n\t\t\t\t<a href='https:\/\/d2p6e6u75xmxt8.cloudfront.net\/4\/2018\/08\/11-1.webp'><img loading=\"lazy\" decoding=\"async\" width=\"1200\" height=\"800\" src=\"https:\/\/d2p6e6u75xmxt8.cloudfront.net\/4\/2018\/08\/11-1.webp\" class=\"attachment-full size-full\" alt=\"\" srcset=\"https:\/\/d2p6e6u75xmxt8.cloudfront.net\/4\/2018\/08\/11-1.webp 1200w, https:\/\/d2p6e6u75xmxt8.cloudfront.net\/4\/2018\/08\/11-1-300x200.webp 300w, https:\/\/d2p6e6u75xmxt8.cloudfront.net\/4\/2018\/08\/11-1-1024x683.webp 1024w, https:\/\/d2p6e6u75xmxt8.cloudfront.net\/4\/2018\/08\/11-1-768x512.webp 768w, https:\/\/d2p6e6u75xmxt8.cloudfront.net\/4\/2018\/08\/11-1-272x182.webp 272w\" sizes=\"auto, (max-width: 1200px) 100vw, 1200px\" \/><\/a>\n\t\t\t<\/div><\/figure><figure class='gallery-item'>\n\t\t\t<div class='gallery-icon landscape'>\n\t\t\t\t<a href='https:\/\/d2p6e6u75xmxt8.cloudfront.net\/4\/2018\/08\/12-1.webp'><img loading=\"lazy\" decoding=\"async\" width=\"1200\" height=\"800\" src=\"https:\/\/d2p6e6u75xmxt8.cloudfront.net\/4\/2018\/08\/12-1.webp\" class=\"attachment-full size-full\" alt=\"\" srcset=\"https:\/\/d2p6e6u75xmxt8.cloudfront.net\/4\/2018\/08\/12-1.webp 1200w, https:\/\/d2p6e6u75xmxt8.cloudfront.net\/4\/2018\/08\/12-1-300x200.webp 300w, https:\/\/d2p6e6u75xmxt8.cloudfront.net\/4\/2018\/08\/12-1-1024x683.webp 1024w, https:\/\/d2p6e6u75xmxt8.cloudfront.net\/4\/2018\/08\/12-1-768x512.webp 768w, https:\/\/d2p6e6u75xmxt8.cloudfront.net\/4\/2018\/08\/12-1-272x182.webp 272w\" sizes=\"auto, (max-width: 1200px) 100vw, 1200px\" \/><\/a>\n\t\t\t<\/div><\/figure>\n\t\t<\/div>\n        \n<h2><strong>U\u017e \u010doskoro pod Kr\u00e1\u013eovou ho\u013eou<\/strong><\/h2>\n<p>Znie to a\u017e neuverite\u013ene, ale s\u00e9ria \u0160koda BIKE OPEN TOUR sa u\u017e bl\u00ed\u017ei k svojmu tohtoro\u010dn\u00e9mu fin\u00e1le. Posledn\u00e9, \u0161ieste kolo, sa odohr\u00e1 v kr\u00e1snom prostred\u00ed <strong>Slovensk\u00e9ho raja<\/strong>, kde sa uvid\u00edme v sobotu <strong>8.9.2018<\/strong>. Okrem tradi\u010dne pestr\u00e9ho programu pre cel\u00fa rodinu sa m\u00f4\u017eete te\u0161i\u0165 aj na fin\u00e1lov\u00fa tombolu.<\/p>\n","protected":false},"excerpt":{"rendered":"<p>Legend\u00e1rny Horal bol u\u017e piatou zast\u00e1vkou na\u0161ej s\u00e9rie \u0160koda BIKE OPEN TOUR, tak\u017ee sme sa z hor\u00facej Stupavy premiestnili do [&hellip;]<\/p>\n","protected":false},"author":38,"featured_media":4669,"comment_status":"open","ping_status":"open","sticky":false,"template":"","format":"video","meta":{"footnotes":""},"categories":[3,34,38,33],"tags":[450,180,178,412,179,542,35,77,214,468,92],"global-categories":[],"class_list":["post-4668","post","type-post","status-publish","format-video","has-post-thumbnail","hentry","category-mtb","category-podujatia","category-reportaz","category-sbot","tag-cyklo-guru","tag-horska-cyklistika","tag-maraton","tag-mtb","tag-preteky","tag-skoda","tag-sbot","tag-skoda-dedina","tag-skoda-horal-mtb-maraton","tag-skoda-karoq","tag-skoda-tim","post_format-post-format-video"],"yoast_head":"<!-- This site is optimized with the Yoast SEO Premium plugin v25.3 (Yoast SEO v25.9) - https:\/\/yoast.com\/wordpress\/plugins\/seo\/ -->\n<title>Report\u00e1\u017e: \u0160koda Horal MTB marat\u00f3n \u2013 ke\u010f po\u010dasie \u00faraduje - \u0160koda We Love Cycling Slovensko<\/title>\n<meta name=\"robots\" content=\"index, follow, max-snippet:-1, max-image-preview:large, max-video-preview:-1\" \/>\n<link rel=\"canonical\" href=\"https:\/\/www.welovecycling.com\/sk\/2018\/08\/14\/reportaz-skoda-horal-mtb-maraton-ked-pocasie-uraduje\/\" \/>\n<meta property=\"og:locale\" content=\"sk_SK\" \/>\n<meta property=\"og:type\" content=\"article\" \/>\n<meta property=\"og:title\" content=\"Report\u00e1\u017e: \u0160koda Horal MTB marat\u00f3n \u2013 ke\u010f po\u010dasie \u00faraduje\" \/>\n<meta property=\"og:description\" content=\"Legend\u00e1rny Horal bol u\u017e piatou zast\u00e1vkou na\u0161ej s\u00e9rie \u0160koda BIKE OPEN TOUR, tak\u017ee sme sa z hor\u00facej Stupavy premiestnili do [&hellip;]\" \/>\n<meta property=\"og:url\" content=\"https:\/\/www.welovecycling.com\/sk\/2018\/08\/14\/reportaz-skoda-horal-mtb-maraton-ked-pocasie-uraduje\/\" \/>\n<meta property=\"og:site_name\" content=\"\u0160koda We Love Cycling Slovensko\" \/>\n<meta property=\"article:published_time\" content=\"2018-08-14T14:09:20+00:00\" \/>\n<meta property=\"article:modified_time\" content=\"2018-08-17T12:14:59+00:00\" \/>\n<meta property=\"og:image\" content=\"https:\/\/d2p6e6u75xmxt8.cloudfront.net\/4\/2018\/08\/titulka-1.webp\" \/>\n\t<meta property=\"og:image:width\" content=\"1380\" \/>\n\t<meta property=\"og:image:height\" content=\"600\" \/>\n\t<meta property=\"og:image:type\" content=\"image\/webp\" \/>\n<meta name=\"author\" content=\"Ondrej Ga\u0161par\" \/>\n<meta name=\"twitter:card\" content=\"summary_large_image\" \/>\n<meta name=\"twitter:label1\" content=\"Written by\" \/>\n\t<meta name=\"twitter:data1\" content=\"Martin Imrich\" \/>\n\t<meta name=\"twitter:label2\" content=\"Est. reading time\" \/>\n\t<meta name=\"twitter:data2\" content=\"3 minutes\" \/>\n<script type=\"application\/ld+json\" class=\"yoast-schema-graph\">{\"@context\":\"https:\/\/schema.org\",\"@graph\":[{\"@type\":\"WebPage\",\"@id\":\"https:\/\/www.welovecycling.com\/sk\/2018\/08\/14\/reportaz-skoda-horal-mtb-maraton-ked-pocasie-uraduje\/\",\"url\":\"https:\/\/www.welovecycling.com\/sk\/2018\/08\/14\/reportaz-skoda-horal-mtb-maraton-ked-pocasie-uraduje\/\",\"name\":\"Report\u00e1\u017e: \u0160koda Horal MTB marat\u00f3n \u2013 ke\u010f po\u010dasie \u00faraduje - \u0160koda We Love Cycling Slovensko\",\"isPartOf\":{\"@id\":\"https:\/\/www.welovecycling.com\/sk\/#website\"},\"primaryImageOfPage\":{\"@id\":\"https:\/\/www.welovecycling.com\/sk\/2018\/08\/14\/reportaz-skoda-horal-mtb-maraton-ked-pocasie-uraduje\/#primaryimage\"},\"image\":{\"@id\":\"https:\/\/www.welovecycling.com\/sk\/2018\/08\/14\/reportaz-skoda-horal-mtb-maraton-ked-pocasie-uraduje\/#primaryimage\"},\"thumbnailUrl\":\"https:\/\/d2p6e6u75xmxt8.cloudfront.net\/4\/2018\/08\/titulka-1.webp\",\"datePublished\":\"2018-08-14T14:09:20+00:00\",\"dateModified\":\"2018-08-17T12:14:59+00:00\",\"author\":{\"@id\":\"https:\/\/www.welovecycling.com\/sk\/#\/schema\/person\/8ee09ba39b7e25b1870160aa5b3a89bc\"},\"breadcrumb\":{\"@id\":\"https:\/\/www.welovecycling.com\/sk\/2018\/08\/14\/reportaz-skoda-horal-mtb-maraton-ked-pocasie-uraduje\/#breadcrumb\"},\"inLanguage\":\"sk-SK\",\"potentialAction\":[{\"@type\":\"ReadAction\",\"target\":[\"https:\/\/www.welovecycling.com\/sk\/2018\/08\/14\/reportaz-skoda-horal-mtb-maraton-ked-pocasie-uraduje\/\"]}]},{\"@type\":\"ImageObject\",\"inLanguage\":\"sk-SK\",\"@id\":\"https:\/\/www.welovecycling.com\/sk\/2018\/08\/14\/reportaz-skoda-horal-mtb-maraton-ked-pocasie-uraduje\/#primaryimage\",\"url\":\"https:\/\/d2p6e6u75xmxt8.cloudfront.net\/4\/2018\/08\/titulka-1.webp\",\"contentUrl\":\"https:\/\/d2p6e6u75xmxt8.cloudfront.net\/4\/2018\/08\/titulka-1.webp\",\"width\":1380,\"height\":600},{\"@type\":\"BreadcrumbList\",\"@id\":\"https:\/\/www.welovecycling.com\/sk\/2018\/08\/14\/reportaz-skoda-horal-mtb-maraton-ked-pocasie-uraduje\/#breadcrumb\",\"itemListElement\":[{\"@type\":\"ListItem\",\"position\":1,\"name\":\"Home\",\"item\":\"https:\/\/www.welovecycling.com\/sk\/\"},{\"@type\":\"ListItem\",\"position\":2,\"name\":\"Report\u00e1\u017e: \u0160koda Horal MTB marat\u00f3n \u2013 ke\u010f po\u010dasie \u00faraduje\"}]},{\"@type\":\"WebSite\",\"@id\":\"https:\/\/www.welovecycling.com\/sk\/#website\",\"url\":\"https:\/\/www.welovecycling.com\/sk\/\",\"name\":\"\u0160koda We Love Cycling Slovensko\",\"description\":\"\u0160koda We Love Cycling Slovensko je v\u00e1\u0161 ka\u017edodenn\u00fd zdroj noviniek a in\u0161pir\u00e1cie z sveta cyklistiky\",\"potentialAction\":[{\"@type\":\"SearchAction\",\"target\":{\"@type\":\"EntryPoint\",\"urlTemplate\":\"https:\/\/www.welovecycling.com\/sk\/?s={search_term_string}\"},\"query-input\":{\"@type\":\"PropertyValueSpecification\",\"valueRequired\":true,\"valueName\":\"search_term_string\"}}],\"inLanguage\":\"sk-SK\"},{\"@type\":\"Person\",\"@id\":\"https:\/\/www.welovecycling.com\/sk\/#\/schema\/person\/8ee09ba39b7e25b1870160aa5b3a89bc\",\"name\":\"Ondrej Ga\u0161par\",\"image\":{\"@type\":\"ImageObject\",\"inLanguage\":\"sk-SK\",\"@id\":\"https:\/\/www.welovecycling.com\/sk\/#\/schema\/person\/image\/\",\"url\":\"https:\/\/secure.gravatar.com\/avatar\/6126c9afb87b70da5abbb083ddbb21933da15f18f8ca7cb822aba0fb096a48f6?s=96&d=mm&r=g\",\"contentUrl\":\"https:\/\/secure.gravatar.com\/avatar\/6126c9afb87b70da5abbb083ddbb21933da15f18f8ca7cb822aba0fb096a48f6?s=96&d=mm&r=g\",\"caption\":\"Ondrej Ga\u0161par\"},\"url\":\"https:\/\/www.welovecycling.com\/sk\/author\/ondrejgaspar\/\"}]}<\/script>\n<!-- \/ Yoast SEO Premium plugin. -->","yoast_head_json":{"title":"Report\u00e1\u017e: \u0160koda Horal MTB marat\u00f3n \u2013 ke\u010f po\u010dasie \u00faraduje - \u0160koda We Love Cycling Slovensko","robots":{"index":"index","follow":"follow","max-snippet":"max-snippet:-1","max-image-preview":"max-image-preview:large","max-video-preview":"max-video-preview:-1"},"canonical":"https:\/\/www.welovecycling.com\/sk\/2018\/08\/14\/reportaz-skoda-horal-mtb-maraton-ked-pocasie-uraduje\/","og_locale":"sk_SK","og_type":"article","og_title":"Report\u00e1\u017e: \u0160koda Horal MTB marat\u00f3n \u2013 ke\u010f po\u010dasie \u00faraduje","og_description":"Legend\u00e1rny Horal bol u\u017e piatou zast\u00e1vkou na\u0161ej s\u00e9rie \u0160koda BIKE OPEN TOUR, tak\u017ee sme sa z hor\u00facej Stupavy premiestnili do [&hellip;]","og_url":"https:\/\/www.welovecycling.com\/sk\/2018\/08\/14\/reportaz-skoda-horal-mtb-maraton-ked-pocasie-uraduje\/","og_site_name":"\u0160koda We Love Cycling Slovensko","article_published_time":"2018-08-14T14:09:20+00:00","article_modified_time":"2018-08-17T12:14:59+00:00","og_image":[{"width":1380,"height":600,"url":"https:\/\/d2p6e6u75xmxt8.cloudfront.net\/4\/2018\/08\/titulka-1.webp","type":"image\/webp"}],"author":"Ondrej Ga\u0161par","twitter_card":"summary_large_image","twitter_misc":{"Written by":"Martin Imrich","Est. reading time":"3 minutes"},"schema":{"@context":"https:\/\/schema.org","@graph":[{"@type":"WebPage","@id":"https:\/\/www.welovecycling.com\/sk\/2018\/08\/14\/reportaz-skoda-horal-mtb-maraton-ked-pocasie-uraduje\/","url":"https:\/\/www.welovecycling.com\/sk\/2018\/08\/14\/reportaz-skoda-horal-mtb-maraton-ked-pocasie-uraduje\/","name":"Report\u00e1\u017e: \u0160koda Horal MTB marat\u00f3n \u2013 ke\u010f po\u010dasie \u00faraduje - \u0160koda We Love Cycling Slovensko","isPartOf":{"@id":"https:\/\/www.welovecycling.com\/sk\/#website"},"primaryImageOfPage":{"@id":"https:\/\/www.welovecycling.com\/sk\/2018\/08\/14\/reportaz-skoda-horal-mtb-maraton-ked-pocasie-uraduje\/#primaryimage"},"image":{"@id":"https:\/\/www.welovecycling.com\/sk\/2018\/08\/14\/reportaz-skoda-horal-mtb-maraton-ked-pocasie-uraduje\/#primaryimage"},"thumbnailUrl":"https:\/\/d2p6e6u75xmxt8.cloudfront.net\/4\/2018\/08\/titulka-1.webp","datePublished":"2018-08-14T14:09:20+00:00","dateModified":"2018-08-17T12:14:59+00:00","author":{"@id":"https:\/\/www.welovecycling.com\/sk\/#\/schema\/person\/8ee09ba39b7e25b1870160aa5b3a89bc"},"breadcrumb":{"@id":"https:\/\/www.welovecycling.com\/sk\/2018\/08\/14\/reportaz-skoda-horal-mtb-maraton-ked-pocasie-uraduje\/#breadcrumb"},"inLanguage":"sk-SK","potentialAction":[{"@type":"ReadAction","target":["https:\/\/www.welovecycling.com\/sk\/2018\/08\/14\/reportaz-skoda-horal-mtb-maraton-ked-pocasie-uraduje\/"]}]},{"@type":"ImageObject","inLanguage":"sk-SK","@id":"https:\/\/www.welovecycling.com\/sk\/2018\/08\/14\/reportaz-skoda-horal-mtb-maraton-ked-pocasie-uraduje\/#primaryimage","url":"https:\/\/d2p6e6u75xmxt8.cloudfront.net\/4\/2018\/08\/titulka-1.webp","contentUrl":"https:\/\/d2p6e6u75xmxt8.cloudfront.net\/4\/2018\/08\/titulka-1.webp","width":1380,"height":600},{"@type":"BreadcrumbList","@id":"https:\/\/www.welovecycling.com\/sk\/2018\/08\/14\/reportaz-skoda-horal-mtb-maraton-ked-pocasie-uraduje\/#breadcrumb","itemListElement":[{"@type":"ListItem","position":1,"name":"Home","item":"https:\/\/www.welovecycling.com\/sk\/"},{"@type":"ListItem","position":2,"name":"Report\u00e1\u017e: \u0160koda Horal MTB marat\u00f3n \u2013 ke\u010f po\u010dasie \u00faraduje"}]},{"@type":"WebSite","@id":"https:\/\/www.welovecycling.com\/sk\/#website","url":"https:\/\/www.welovecycling.com\/sk\/","name":"\u0160koda We Love Cycling Slovensko","description":"\u0160koda We Love Cycling Slovensko je v\u00e1\u0161 ka\u017edodenn\u00fd zdroj noviniek a in\u0161pir\u00e1cie z sveta cyklistiky","potentialAction":[{"@type":"SearchAction","target":{"@type":"EntryPoint","urlTemplate":"https:\/\/www.welovecycling.com\/sk\/?s={search_term_string}"},"query-input":{"@type":"PropertyValueSpecification","valueRequired":true,"valueName":"search_term_string"}}],"inLanguage":"sk-SK"},{"@type":"Person","@id":"https:\/\/www.welovecycling.com\/sk\/#\/schema\/person\/8ee09ba39b7e25b1870160aa5b3a89bc","name":"Ondrej Ga\u0161par","image":{"@type":"ImageObject","inLanguage":"sk-SK","@id":"https:\/\/www.welovecycling.com\/sk\/#\/schema\/person\/image\/","url":"https:\/\/secure.gravatar.com\/avatar\/6126c9afb87b70da5abbb083ddbb21933da15f18f8ca7cb822aba0fb096a48f6?s=96&d=mm&r=g","contentUrl":"https:\/\/secure.gravatar.com\/avatar\/6126c9afb87b70da5abbb083ddbb21933da15f18f8ca7cb822aba0fb096a48f6?s=96&d=mm&r=g","caption":"Ondrej Ga\u0161par"},"url":"https:\/\/www.welovecycling.com\/sk\/author\/ondrejgaspar\/"}]}},"_links":{"self":[{"href":"https:\/\/www.welovecycling.com\/sk\/wp-json\/wp\/v2\/posts\/4668","targetHints":{"allow":["GET"]}}],"collection":[{"href":"https:\/\/www.welovecycling.com\/sk\/wp-json\/wp\/v2\/posts"}],"about":[{"href":"https:\/\/www.welovecycling.com\/sk\/wp-json\/wp\/v2\/types\/post"}],"author":[{"embeddable":true,"href":"https:\/\/www.welovecycling.com\/sk\/wp-json\/wp\/v2\/users\/38"}],"replies":[{"embeddable":true,"href":"https:\/\/www.welovecycling.com\/sk\/wp-json\/wp\/v2\/comments?post=4668"}],"version-history":[{"count":2,"href":"https:\/\/www.welovecycling.com\/sk\/wp-json\/wp\/v2\/posts\/4668\/revisions"}],"predecessor-version":[{"id":4772,"href":"https:\/\/www.welovecycling.com\/sk\/wp-json\/wp\/v2\/posts\/4668\/revisions\/4772"}],"wp:featuredmedia":[{"embeddable":true,"href":"https:\/\/www.welovecycling.com\/sk\/wp-json\/wp\/v2\/media\/4669"}],"wp:attachment":[{"href":"https:\/\/www.welovecycling.com\/sk\/wp-json\/wp\/v2\/media?parent=4668"}],"wp:term":[{"taxonomy":"category","embeddable":true,"href":"https:\/\/www.welovecycling.com\/sk\/wp-json\/wp\/v2\/categories?post=4668"},{"taxonomy":"post_tag","embeddable":true,"href":"https:\/\/www.welovecycling.com\/sk\/wp-json\/wp\/v2\/tags?post=4668"},{"taxonomy":"global-categories","embeddable":true,"href":"https:\/\/www.welovecycling.com\/sk\/wp-json\/wp\/v2\/global-categories?post=4668"}],"curies":[{"name":"wp","href":"https:\/\/api.w.org\/{rel}","templated":true}]}}