{"id":4658,"date":"2018-08-14T12:05:55","date_gmt":"2018-08-14T10:05:55","guid":{"rendered":"https:\/\/www.welovecycling.com\/sk\/?p=4658"},"modified":"2023-04-20T17:47:30","modified_gmt":"2023-04-20T15:47:30","slug":"skoda-dreveny-bicykel","status":"publish","type":"post","link":"https:\/\/www.welovecycling.com\/sk\/2018\/08\/14\/skoda-dreveny-bicykel\/","title":{"rendered":"Ako \u0160koda vyrobila dreven\u00fd bicykel"},"content":{"rendered":"<p><strong>Ako asi viete, \u0160koda m\u00e1 priazniv\u00fd vz\u0165ah k cyklistickej komunite, ktor\u00fd sa prejavuje nielen podporou akci\u00ed ako Tour de France, ale aj kon\u0161truovan\u00edm svojich vlastn\u00fdch bicyklov. Nie je tomu tak d\u00e1vno, \u010do sa chalani z \u010desk\u00e9ho automobilov\u00e9ho priemyslu stretli s Ond\u0159ejom \u010car\u0148ansk\u00fdm, s n\u00e1padom sk\u00fasi\u0165 nie\u010do revolu\u010dn\u00e9: bicykel vyroben\u00fd kompletne z dreva. Toto je pr\u00edbeh, ako sa to cel\u00e9 odohralo.<\/strong><br \/>\n<!--more--><\/p>\n<p>Ond\u0159ej pracoval v cyklistickom obchode na Mallorke nieko\u013eko rokov pred t\u00fdm, ako sa rozhodol vytvori\u0165 si vlastn\u00fd bicykel, ktor\u00fd bude \u00faplne odli\u0161n\u00fd ako v\u0161etko, na \u010dom predt\u00fdm jazdil. Napadli mu r\u00f4zne veci, ako aj pou\u017ei\u0165 karb\u00f3nov\u00fd r\u00e1m, ale nie\u010do tak\u00e9 by bolo m\u00e1lo origin\u00e1lne. Ako ve\u013ek\u00fd milovn\u00edk pr\u00edrody za\u010dal pracova\u0165 na v\u00fdvine r\u00e1mu v\u00fdlu\u010dne z dreva.<\/p>\n<p><a href=\"https:\/\/d2p6e6u75xmxt8.cloudfront.net\/4\/2018\/08\/AG9C0536.jpg\"><img loading=\"lazy\" decoding=\"async\" class=\"alignnone size-full wp-image-4659\" src=\"https:\/\/d2p6e6u75xmxt8.cloudfront.net\/4\/2018\/08\/AG9C0536.jpg\" alt=\"\" width=\"1080\" height=\"720\" \/><\/a><\/p>\n<div id='gallery-1' class='gallery galleryid-4658 gallery-columns-2 gallery-size-large'><figure class='gallery-item'>\n\t\t\t<div class='gallery-icon landscape'>\n\t\t\t\t<a href='https:\/\/d2p6e6u75xmxt8.cloudfront.net\/4\/2018\/08\/AG9C0640.webp'><img loading=\"lazy\" decoding=\"async\" width=\"1024\" height=\"683\" src=\"https:\/\/d2p6e6u75xmxt8.cloudfront.net\/4\/2018\/08\/AG9C0640-1024x683.webp\" class=\"attachment-large size-large\" alt=\"\" srcset=\"https:\/\/d2p6e6u75xmxt8.cloudfront.net\/4\/2018\/08\/AG9C0640-1024x683.webp 1024w, https:\/\/d2p6e6u75xmxt8.cloudfront.net\/4\/2018\/08\/AG9C0640-300x200.webp 300w, https:\/\/d2p6e6u75xmxt8.cloudfront.net\/4\/2018\/08\/AG9C0640-768x512.webp 768w, https:\/\/d2p6e6u75xmxt8.cloudfront.net\/4\/2018\/08\/AG9C0640-272x182.webp 272w, https:\/\/d2p6e6u75xmxt8.cloudfront.net\/4\/2018\/08\/AG9C0640.webp 1080w\" sizes=\"auto, (max-width: 1024px) 100vw, 1024px\" \/><\/a>\n\t\t\t<\/div><\/figure><figure class='gallery-item'>\n\t\t\t<div class='gallery-icon landscape'>\n\t\t\t\t<a href='https:\/\/d2p6e6u75xmxt8.cloudfront.net\/4\/2018\/08\/AG9C0651.webp'><img loading=\"lazy\" decoding=\"async\" width=\"1024\" height=\"683\" src=\"https:\/\/d2p6e6u75xmxt8.cloudfront.net\/4\/2018\/08\/AG9C0651-1024x683.webp\" class=\"attachment-large size-large\" alt=\"\" srcset=\"https:\/\/d2p6e6u75xmxt8.cloudfront.net\/4\/2018\/08\/AG9C0651-1024x683.webp 1024w, https:\/\/d2p6e6u75xmxt8.cloudfront.net\/4\/2018\/08\/AG9C0651-300x200.webp 300w, https:\/\/d2p6e6u75xmxt8.cloudfront.net\/4\/2018\/08\/AG9C0651-768x512.webp 768w, https:\/\/d2p6e6u75xmxt8.cloudfront.net\/4\/2018\/08\/AG9C0651-272x182.webp 272w, https:\/\/d2p6e6u75xmxt8.cloudfront.net\/4\/2018\/08\/AG9C0651.webp 1080w\" sizes=\"auto, (max-width: 1024px) 100vw, 1024px\" \/><\/a>\n\t\t\t<\/div><\/figure>\n\t\t<\/div>\n\n<p><em>\u201eChcel som bicykel, ktor\u00fd bude \u0161ialen\u00fd a z\u00e1rove\u0148 kr\u00e1sny, aj ke\u010f p\u00f4vodn\u00fd z\u00e1mer bol ho urobi\u0165 ako reklamn\u00fd p\u00fata\u010d pre obchod.\u201c<\/em> Ani nie rok na to predstavil Ond\u0159ej v\u00fdsledok svojho \u00fasilia \u2013 horsk\u00fd bicykel s v\u00fdrazn\u00fdm dizajnom, ktor\u00fd pomenoval <strong>Drev\u00e1k<\/strong>.<\/p>\n<p>Z\u00e1bavn\u00e1 \u010das\u0165 pr\u00edbehu je, \u017ee Ond\u0159ej nem\u00e1 titul v stavebn\u00edctve ani v technike, je absolventom ekonomickej fakulty. Tak\u017ee str\u00e1vil asi dva mesiace hran\u00edm sa so spr\u00e1vnou geometriou a z\u00edskavan\u00edm inform\u00e1ci\u00ed o podobn\u00fdch kon\u0161trukci\u00e1ch.<\/p>\n<div id='gallery-2' class='gallery galleryid-4658 gallery-columns-3 gallery-size-large'><figure class='gallery-item'>\n\t\t\t<div class='gallery-icon landscape'>\n\t\t\t\t<a href='https:\/\/d2p6e6u75xmxt8.cloudfront.net\/4\/2018\/08\/AG9C0498.webp'><img loading=\"lazy\" decoding=\"async\" width=\"1024\" height=\"683\" src=\"https:\/\/d2p6e6u75xmxt8.cloudfront.net\/4\/2018\/08\/AG9C0498-1024x683.webp\" class=\"attachment-large size-large\" alt=\"\" srcset=\"https:\/\/d2p6e6u75xmxt8.cloudfront.net\/4\/2018\/08\/AG9C0498-1024x683.webp 1024w, https:\/\/d2p6e6u75xmxt8.cloudfront.net\/4\/2018\/08\/AG9C0498-300x200.webp 300w, https:\/\/d2p6e6u75xmxt8.cloudfront.net\/4\/2018\/08\/AG9C0498-768x512.webp 768w, https:\/\/d2p6e6u75xmxt8.cloudfront.net\/4\/2018\/08\/AG9C0498-272x182.webp 272w, https:\/\/d2p6e6u75xmxt8.cloudfront.net\/4\/2018\/08\/AG9C0498.webp 1080w\" sizes=\"auto, (max-width: 1024px) 100vw, 1024px\" \/><\/a>\n\t\t\t<\/div><\/figure><figure class='gallery-item'>\n\t\t\t<div class='gallery-icon landscape'>\n\t\t\t\t<a href='https:\/\/d2p6e6u75xmxt8.cloudfront.net\/4\/2018\/08\/AG9C0800.webp'><img loading=\"lazy\" decoding=\"async\" width=\"1024\" height=\"683\" src=\"https:\/\/d2p6e6u75xmxt8.cloudfront.net\/4\/2018\/08\/AG9C0800-1024x683.webp\" class=\"attachment-large size-large\" alt=\"\" srcset=\"https:\/\/d2p6e6u75xmxt8.cloudfront.net\/4\/2018\/08\/AG9C0800-1024x683.webp 1024w, https:\/\/d2p6e6u75xmxt8.cloudfront.net\/4\/2018\/08\/AG9C0800-300x200.webp 300w, https:\/\/d2p6e6u75xmxt8.cloudfront.net\/4\/2018\/08\/AG9C0800-768x512.webp 768w, https:\/\/d2p6e6u75xmxt8.cloudfront.net\/4\/2018\/08\/AG9C0800-272x182.webp 272w, https:\/\/d2p6e6u75xmxt8.cloudfront.net\/4\/2018\/08\/AG9C0800.webp 1080w\" sizes=\"auto, (max-width: 1024px) 100vw, 1024px\" \/><\/a>\n\t\t\t<\/div><\/figure><figure class='gallery-item'>\n\t\t\t<div class='gallery-icon landscape'>\n\t\t\t\t<a href='https:\/\/d2p6e6u75xmxt8.cloudfront.net\/4\/2018\/08\/AG9C0825.webp'><img loading=\"lazy\" decoding=\"async\" width=\"1024\" height=\"683\" src=\"https:\/\/d2p6e6u75xmxt8.cloudfront.net\/4\/2018\/08\/AG9C0825-1024x683.webp\" class=\"attachment-large size-large\" alt=\"\" srcset=\"https:\/\/d2p6e6u75xmxt8.cloudfront.net\/4\/2018\/08\/AG9C0825-1024x683.webp 1024w, https:\/\/d2p6e6u75xmxt8.cloudfront.net\/4\/2018\/08\/AG9C0825-300x200.webp 300w, https:\/\/d2p6e6u75xmxt8.cloudfront.net\/4\/2018\/08\/AG9C0825-768x512.webp 768w, https:\/\/d2p6e6u75xmxt8.cloudfront.net\/4\/2018\/08\/AG9C0825-272x182.webp 272w, https:\/\/d2p6e6u75xmxt8.cloudfront.net\/4\/2018\/08\/AG9C0825.webp 1080w\" sizes=\"auto, (max-width: 1024px) 100vw, 1024px\" \/><\/a>\n\t\t\t<\/div><\/figure>\n\t\t<\/div>\n\n<p>Proces v\u00fdroby bicykla okorenil r\u00f4znymi DIY v\u00fdtvormi ako detsk\u00e1 postie\u013eka, alebo r\u00e1my slne\u010dn\u00fdch okuliarov. Tie mu pomohli vyvin\u00fa\u0165 si potrebn\u00fa zru\u010dnos\u0165 a n\u00e1js\u0165 spr\u00e1vne n\u00e1stroje, techniky, farby a materi\u00e1ly.<\/p>\n<p>Vo\u013eba padla jednozna\u010dne na horsk\u00fd bicykel, preto\u017ee v\u00fdroba cestn\u00e9ho modelu by bola omnoho drah\u0161ia a Ond\u0159ej nemal peniaze nazvy\u0161. <strong>Pou\u017eil iba stoln\u00fa v\u0155ta\u010dku, fr\u00e9zu a japonsk\u00fa p\u00edlu Dozuki<\/strong>.<\/p>\n<p><a href=\"https:\/\/d2p6e6u75xmxt8.cloudfront.net\/4\/2018\/08\/AG9C0781.jpg\"><img loading=\"lazy\" decoding=\"async\" class=\"alignnone size-full wp-image-4660\" src=\"https:\/\/d2p6e6u75xmxt8.cloudfront.net\/4\/2018\/08\/AG9C0781.jpg\" alt=\"\" width=\"1080\" height=\"720\" \/><\/a><\/p>\n<div id='gallery-3' class='gallery galleryid-4658 gallery-columns-2 gallery-size-large'><figure class='gallery-item'>\n\t\t\t<div class='gallery-icon landscape'>\n\t\t\t\t<a href='https:\/\/d2p6e6u75xmxt8.cloudfront.net\/4\/2018\/08\/AG9C0601.webp'><img loading=\"lazy\" decoding=\"async\" width=\"1024\" height=\"683\" src=\"https:\/\/d2p6e6u75xmxt8.cloudfront.net\/4\/2018\/08\/AG9C0601-1024x683.webp\" class=\"attachment-large size-large\" alt=\"\" srcset=\"https:\/\/d2p6e6u75xmxt8.cloudfront.net\/4\/2018\/08\/AG9C0601-1024x683.webp 1024w, https:\/\/d2p6e6u75xmxt8.cloudfront.net\/4\/2018\/08\/AG9C0601-300x200.webp 300w, https:\/\/d2p6e6u75xmxt8.cloudfront.net\/4\/2018\/08\/AG9C0601-768x512.webp 768w, https:\/\/d2p6e6u75xmxt8.cloudfront.net\/4\/2018\/08\/AG9C0601-272x182.webp 272w, https:\/\/d2p6e6u75xmxt8.cloudfront.net\/4\/2018\/08\/AG9C0601.webp 1080w\" sizes=\"auto, (max-width: 1024px) 100vw, 1024px\" \/><\/a>\n\t\t\t<\/div><\/figure><figure class='gallery-item'>\n\t\t\t<div class='gallery-icon landscape'>\n\t\t\t\t<a href='https:\/\/d2p6e6u75xmxt8.cloudfront.net\/4\/2018\/08\/AG9C0542.webp'><img loading=\"lazy\" decoding=\"async\" width=\"1024\" height=\"683\" src=\"https:\/\/d2p6e6u75xmxt8.cloudfront.net\/4\/2018\/08\/AG9C0542-1024x683.webp\" class=\"attachment-large size-large\" alt=\"\" srcset=\"https:\/\/d2p6e6u75xmxt8.cloudfront.net\/4\/2018\/08\/AG9C0542-1024x683.webp 1024w, https:\/\/d2p6e6u75xmxt8.cloudfront.net\/4\/2018\/08\/AG9C0542-300x200.webp 300w, https:\/\/d2p6e6u75xmxt8.cloudfront.net\/4\/2018\/08\/AG9C0542-768x512.webp 768w, https:\/\/d2p6e6u75xmxt8.cloudfront.net\/4\/2018\/08\/AG9C0542-272x182.webp 272w, https:\/\/d2p6e6u75xmxt8.cloudfront.net\/4\/2018\/08\/AG9C0542.webp 1080w\" sizes=\"auto, (max-width: 1024px) 100vw, 1024px\" \/><\/a>\n\t\t\t<\/div><\/figure>\n\t\t<\/div>\n\n<p>V\u00fdber spr\u00e1vneho druhu dreva bol jeden z najd\u00f4le\u017eitej\u0161\u00edch krokov. <em>\u201eTvrd\u0161ie druhy ako napr\u00edklad javor, orech, dub alebo jase\u0148, maj\u00fa v\u00fdborn\u00fa kvalitu. Skvel\u00e9 s\u00fa aj niektor\u00e9 exotickej\u0161ie drev\u00e1 ako bubinga. To bola moja vo\u013eba, kv\u00f4li kr\u00e1snej farbe a kresbe,\u201c<\/em> spom\u00edna Ond\u0159ej. Nakoniec cel\u00e1 pr\u00e1ca zabrala asi <strong>400 hod\u00edn, vr\u00e1tane pl\u00e1novania, n\u00e1kresov, dizajnu a kon\u0161trukcie<\/strong>.<\/p>\n<p>Ke\u010f bol Drev\u00e1k predstaven\u00fd verejnosti, \u013eudia zo \u0160koda prejavili z\u00e1ujem a po p\u00e1r sedeniach Ond\u0159ej ods\u00fahlasil nov\u00fd k\u00fasok s pou\u017eit\u00edm 29\u201c kolies. Bicykel m\u00e1 podobn\u00fd dizajn a \u201efeeling\u201c ako ten predo\u0161l\u00fd.<\/p>\n<p><a href=\"https:\/\/d2p6e6u75xmxt8.cloudfront.net\/4\/2018\/08\/AG9C0882.jpg\"><img loading=\"lazy\" decoding=\"async\" class=\"alignnone size-full wp-image-4661\" src=\"https:\/\/d2p6e6u75xmxt8.cloudfront.net\/4\/2018\/08\/AG9C0882.jpg\" alt=\"\" width=\"1080\" height=\"720\" \/><\/a><\/p>\n<p>N\u00e1\u0161 ambas\u00e1dor <strong>Richard \u201eGaspi\u201c Gasperotti<\/strong> pripom\u00edna, \u017ee bolo u\u017e nieko\u013eko viac \u010di menej \u00faspe\u0161n\u00fdch pokusov o tvorbu tak\u00e9hoto bicykla. Drevo celkovo nie je ve\u013emi popul\u00e1rny materi\u00e1l pre v\u00fdrobu bicyklov, preto\u017ee je nepredv\u00eddate\u013en\u00e9 a nestabiln\u00e9. Na rozdiel od syntetick\u00fdch materi\u00e1lov, ako s\u00fa uhl\u00edkov\u00e9 vl\u00e1kna, s drevom si dizajn\u00e9r nem\u00f4\u017ee by\u0165 \u00faplne ist\u00fd, za ak\u00fdch podmienok r\u00e1stlo, alebo \u010di sa d\u00f4kladne vysu\u0161ilo. <em>\u201eKa\u017edop\u00e1dne, bicykel vyroben\u00fd z dreva je ve\u013emi vz\u00e1cny a exkluz\u00edvny, preto\u017ee iba m\u00e1lo firiem sa odv\u00e1\u017ei vyu\u017ei\u0165 tento materi\u00e1l.\u201c<\/em><\/p>\n<p><em>\u201e\u0160koda podporuje cyklistiku a ve\u013emi n\u00e1s zauj\u00edma environment\u00e1lna udr\u017eate\u013enos\u0165. Tento projekt sme vyu\u017eili ako pr\u00edle\u017eitos\u0165 predstavi\u0165 bicykel, ktor\u00fd je tak bl\u00edzky pr\u00edrode, ako je to len mo\u017en\u00e9. Dreven\u00fd r\u00e1m je ve\u013emi kon\u0161truk\u010dne n\u00e1ro\u010dn\u00fd, ale sme ve\u013emi hrd\u00ed na kone\u010dn\u00fd v\u00fdsledok,\u201c<\/em> povedal <strong>Jozef Mat\u011bjovi\u010d<\/strong>, \u0161\u00e9f We Love Cycling projektu.<\/p>\n<p>P\u00fdtate sa, ako jazd\u00ed? <em>\u201eNapriek tomu, \u017ee s\u00fa tam mal\u00e9 rozdiely, je ve\u013emi podobn\u00fd be\u017en\u00e9mu bicyklu,\u201c<\/em> hovor\u00ed Richard. Neodpor\u00fa\u010da sa v\u0161ak postavi\u0165 ho pr\u00edli\u0161 bl\u00edzko t\u00e1bor\u00e1ku.<\/p>\n","protected":false},"excerpt":{"rendered":"<p>Ako asi viete, \u0160koda m\u00e1 priazniv\u00fd vz\u0165ah k cyklistickej komunite, ktor\u00fd sa prejavuje nielen podporou akci\u00ed ako Tour de France, [&hellip;]<\/p>\n","protected":false},"author":38,"featured_media":4663,"comment_status":"open","ping_status":"open","sticky":false,"template":"","format":"standard","meta":{"footnotes":""},"categories":[47,3,118],"tags":[559,561,560,236,180,412,542,562],"global-categories":[],"class_list":["post-4658","post","type-post","status-publish","format-standard","has-post-thumbnail","hentry","category-adrenalin","category-mtb","category-zabava","tag-bicykel","tag-dreveny-bicykel","tag-drevo","tag-hardtail","tag-horska-cyklistika","tag-mtb","tag-skoda","tag-skoda-bicykel"],"yoast_head":"<!-- This site is optimized with the Yoast SEO Premium plugin v25.3 (Yoast SEO v25.9) - https:\/\/yoast.com\/wordpress\/plugins\/seo\/ -->\n<title>Ako \u0160koda vyrobila dreven\u00fd bicykel - \u0160koda We Love Cycling Slovensko<\/title>\n<meta name=\"description\" content=\"Chalani z \u010desk\u00e9ho automobilov\u00e9ho priemyslu dostali n\u00e1pad sk\u00fasi\u0165 nie\u010do revolu\u010dn\u00e9: bicykel vyroben\u00fd kompletne z dreva.\" \/>\n<meta name=\"robots\" content=\"index, follow, max-snippet:-1, max-image-preview:large, max-video-preview:-1\" \/>\n<link rel=\"canonical\" href=\"https:\/\/www.welovecycling.com\/sk\/2018\/08\/14\/skoda-dreveny-bicykel\/\" \/>\n<meta property=\"og:locale\" content=\"sk_SK\" \/>\n<meta property=\"og:type\" content=\"article\" \/>\n<meta property=\"og:title\" content=\"Ako \u0160koda vyrobila dreven\u00fd bicykel\" \/>\n<meta property=\"og:description\" content=\"Chalani z \u010desk\u00e9ho automobilov\u00e9ho priemyslu dostali n\u00e1pad sk\u00fasi\u0165 nie\u010do revolu\u010dn\u00e9: bicykel vyroben\u00fd kompletne z dreva.\" \/>\n<meta property=\"og:url\" content=\"https:\/\/www.welovecycling.com\/sk\/2018\/08\/14\/skoda-dreveny-bicykel\/\" \/>\n<meta property=\"og:site_name\" content=\"\u0160koda We Love Cycling Slovensko\" \/>\n<meta property=\"article:published_time\" content=\"2018-08-14T10:05:55+00:00\" \/>\n<meta property=\"article:modified_time\" content=\"2023-04-20T15:47:30+00:00\" \/>\n<meta property=\"og:image\" content=\"https:\/\/d2p6e6u75xmxt8.cloudfront.net\/4\/2018\/08\/woody1.webp\" \/>\n\t<meta property=\"og:image:width\" content=\"1366\" \/>\n\t<meta property=\"og:image:height\" content=\"600\" \/>\n\t<meta property=\"og:image:type\" content=\"image\/webp\" \/>\n<meta name=\"author\" content=\"Ondrej Ga\u0161par\" \/>\n<meta name=\"twitter:card\" content=\"summary_large_image\" \/>\n<meta name=\"twitter:label1\" content=\"Written by\" \/>\n\t<meta name=\"twitter:data1\" content=\"Adam Marsal\/Richard Gasperotti\" \/>\n\t<meta name=\"twitter:label2\" content=\"Est. reading time\" \/>\n\t<meta name=\"twitter:data2\" content=\"6\" \/>\n<script type=\"application\/ld+json\" class=\"yoast-schema-graph\">{\"@context\":\"https:\/\/schema.org\",\"@graph\":[{\"@type\":\"WebPage\",\"@id\":\"https:\/\/www.welovecycling.com\/sk\/2018\/08\/14\/skoda-dreveny-bicykel\/\",\"url\":\"https:\/\/www.welovecycling.com\/sk\/2018\/08\/14\/skoda-dreveny-bicykel\/\",\"name\":\"Ako \u0160koda vyrobila dreven\u00fd bicykel - \u0160koda We Love Cycling Slovensko\",\"isPartOf\":{\"@id\":\"https:\/\/www.welovecycling.com\/sk\/#website\"},\"primaryImageOfPage\":{\"@id\":\"https:\/\/www.welovecycling.com\/sk\/2018\/08\/14\/skoda-dreveny-bicykel\/#primaryimage\"},\"image\":{\"@id\":\"https:\/\/www.welovecycling.com\/sk\/2018\/08\/14\/skoda-dreveny-bicykel\/#primaryimage\"},\"thumbnailUrl\":\"https:\/\/d2p6e6u75xmxt8.cloudfront.net\/4\/2018\/08\/woody1.webp\",\"datePublished\":\"2018-08-14T10:05:55+00:00\",\"dateModified\":\"2023-04-20T15:47:30+00:00\",\"author\":{\"@id\":\"https:\/\/www.welovecycling.com\/sk\/#\/schema\/person\/8ee09ba39b7e25b1870160aa5b3a89bc\"},\"description\":\"Chalani z \u010desk\u00e9ho automobilov\u00e9ho priemyslu dostali n\u00e1pad sk\u00fasi\u0165 nie\u010do revolu\u010dn\u00e9: bicykel vyroben\u00fd kompletne z dreva.\",\"breadcrumb\":{\"@id\":\"https:\/\/www.welovecycling.com\/sk\/2018\/08\/14\/skoda-dreveny-bicykel\/#breadcrumb\"},\"inLanguage\":\"sk-SK\",\"potentialAction\":[{\"@type\":\"ReadAction\",\"target\":[\"https:\/\/www.welovecycling.com\/sk\/2018\/08\/14\/skoda-dreveny-bicykel\/\"]}]},{\"@type\":\"ImageObject\",\"inLanguage\":\"sk-SK\",\"@id\":\"https:\/\/www.welovecycling.com\/sk\/2018\/08\/14\/skoda-dreveny-bicykel\/#primaryimage\",\"url\":\"https:\/\/d2p6e6u75xmxt8.cloudfront.net\/4\/2018\/08\/woody1.webp\",\"contentUrl\":\"https:\/\/d2p6e6u75xmxt8.cloudfront.net\/4\/2018\/08\/woody1.webp\",\"width\":1366,\"height\":600},{\"@type\":\"BreadcrumbList\",\"@id\":\"https:\/\/www.welovecycling.com\/sk\/2018\/08\/14\/skoda-dreveny-bicykel\/#breadcrumb\",\"itemListElement\":[{\"@type\":\"ListItem\",\"position\":1,\"name\":\"Home\",\"item\":\"https:\/\/www.welovecycling.com\/sk\/\"},{\"@type\":\"ListItem\",\"position\":2,\"name\":\"Ako \u0160koda vyrobila dreven\u00fd bicykel\"}]},{\"@type\":\"WebSite\",\"@id\":\"https:\/\/www.welovecycling.com\/sk\/#website\",\"url\":\"https:\/\/www.welovecycling.com\/sk\/\",\"name\":\"\u0160koda We Love Cycling Slovensko\",\"description\":\"\u0160koda We Love Cycling Slovensko je v\u00e1\u0161 ka\u017edodenn\u00fd zdroj noviniek a in\u0161pir\u00e1cie z sveta cyklistiky\",\"potentialAction\":[{\"@type\":\"SearchAction\",\"target\":{\"@type\":\"EntryPoint\",\"urlTemplate\":\"https:\/\/www.welovecycling.com\/sk\/?s={search_term_string}\"},\"query-input\":{\"@type\":\"PropertyValueSpecification\",\"valueRequired\":true,\"valueName\":\"search_term_string\"}}],\"inLanguage\":\"sk-SK\"},{\"@type\":\"Person\",\"@id\":\"https:\/\/www.welovecycling.com\/sk\/#\/schema\/person\/8ee09ba39b7e25b1870160aa5b3a89bc\",\"name\":\"Ondrej Ga\u0161par\",\"image\":{\"@type\":\"ImageObject\",\"inLanguage\":\"sk-SK\",\"@id\":\"https:\/\/www.welovecycling.com\/sk\/#\/schema\/person\/image\/\",\"url\":\"https:\/\/secure.gravatar.com\/avatar\/6126c9afb87b70da5abbb083ddbb21933da15f18f8ca7cb822aba0fb096a48f6?s=96&d=mm&r=g\",\"contentUrl\":\"https:\/\/secure.gravatar.com\/avatar\/6126c9afb87b70da5abbb083ddbb21933da15f18f8ca7cb822aba0fb096a48f6?s=96&d=mm&r=g\",\"caption\":\"Ondrej Ga\u0161par\"},\"url\":\"https:\/\/www.welovecycling.com\/sk\/author\/ondrejgaspar\/\"}]}<\/script>\n<!-- \/ Yoast SEO Premium plugin. -->","yoast_head_json":{"title":"Ako \u0160koda vyrobila dreven\u00fd bicykel - \u0160koda We Love Cycling Slovensko","description":"Chalani z \u010desk\u00e9ho automobilov\u00e9ho priemyslu dostali n\u00e1pad sk\u00fasi\u0165 nie\u010do revolu\u010dn\u00e9: bicykel vyroben\u00fd kompletne z dreva.","robots":{"index":"index","follow":"follow","max-snippet":"max-snippet:-1","max-image-preview":"max-image-preview:large","max-video-preview":"max-video-preview:-1"},"canonical":"https:\/\/www.welovecycling.com\/sk\/2018\/08\/14\/skoda-dreveny-bicykel\/","og_locale":"sk_SK","og_type":"article","og_title":"Ako \u0160koda vyrobila dreven\u00fd bicykel","og_description":"Chalani z \u010desk\u00e9ho automobilov\u00e9ho priemyslu dostali n\u00e1pad sk\u00fasi\u0165 nie\u010do revolu\u010dn\u00e9: bicykel vyroben\u00fd kompletne z dreva.","og_url":"https:\/\/www.welovecycling.com\/sk\/2018\/08\/14\/skoda-dreveny-bicykel\/","og_site_name":"\u0160koda We Love Cycling Slovensko","article_published_time":"2018-08-14T10:05:55+00:00","article_modified_time":"2023-04-20T15:47:30+00:00","og_image":[{"width":1366,"height":600,"url":"https:\/\/d2p6e6u75xmxt8.cloudfront.net\/4\/2018\/08\/woody1.webp","type":"image\/webp"}],"author":"Ondrej Ga\u0161par","twitter_card":"summary_large_image","twitter_misc":{"Written by":"Adam Marsal\/Richard Gasperotti","Est. reading time":"6"},"schema":{"@context":"https:\/\/schema.org","@graph":[{"@type":"WebPage","@id":"https:\/\/www.welovecycling.com\/sk\/2018\/08\/14\/skoda-dreveny-bicykel\/","url":"https:\/\/www.welovecycling.com\/sk\/2018\/08\/14\/skoda-dreveny-bicykel\/","name":"Ako \u0160koda vyrobila dreven\u00fd bicykel - \u0160koda We Love Cycling Slovensko","isPartOf":{"@id":"https:\/\/www.welovecycling.com\/sk\/#website"},"primaryImageOfPage":{"@id":"https:\/\/www.welovecycling.com\/sk\/2018\/08\/14\/skoda-dreveny-bicykel\/#primaryimage"},"image":{"@id":"https:\/\/www.welovecycling.com\/sk\/2018\/08\/14\/skoda-dreveny-bicykel\/#primaryimage"},"thumbnailUrl":"https:\/\/d2p6e6u75xmxt8.cloudfront.net\/4\/2018\/08\/woody1.webp","datePublished":"2018-08-14T10:05:55+00:00","dateModified":"2023-04-20T15:47:30+00:00","author":{"@id":"https:\/\/www.welovecycling.com\/sk\/#\/schema\/person\/8ee09ba39b7e25b1870160aa5b3a89bc"},"description":"Chalani z \u010desk\u00e9ho automobilov\u00e9ho priemyslu dostali n\u00e1pad sk\u00fasi\u0165 nie\u010do revolu\u010dn\u00e9: bicykel vyroben\u00fd kompletne z dreva.","breadcrumb":{"@id":"https:\/\/www.welovecycling.com\/sk\/2018\/08\/14\/skoda-dreveny-bicykel\/#breadcrumb"},"inLanguage":"sk-SK","potentialAction":[{"@type":"ReadAction","target":["https:\/\/www.welovecycling.com\/sk\/2018\/08\/14\/skoda-dreveny-bicykel\/"]}]},{"@type":"ImageObject","inLanguage":"sk-SK","@id":"https:\/\/www.welovecycling.com\/sk\/2018\/08\/14\/skoda-dreveny-bicykel\/#primaryimage","url":"https:\/\/d2p6e6u75xmxt8.cloudfront.net\/4\/2018\/08\/woody1.webp","contentUrl":"https:\/\/d2p6e6u75xmxt8.cloudfront.net\/4\/2018\/08\/woody1.webp","width":1366,"height":600},{"@type":"BreadcrumbList","@id":"https:\/\/www.welovecycling.com\/sk\/2018\/08\/14\/skoda-dreveny-bicykel\/#breadcrumb","itemListElement":[{"@type":"ListItem","position":1,"name":"Home","item":"https:\/\/www.welovecycling.com\/sk\/"},{"@type":"ListItem","position":2,"name":"Ako \u0160koda vyrobila dreven\u00fd bicykel"}]},{"@type":"WebSite","@id":"https:\/\/www.welovecycling.com\/sk\/#website","url":"https:\/\/www.welovecycling.com\/sk\/","name":"\u0160koda We Love Cycling Slovensko","description":"\u0160koda We Love Cycling Slovensko je v\u00e1\u0161 ka\u017edodenn\u00fd zdroj noviniek a in\u0161pir\u00e1cie z sveta cyklistiky","potentialAction":[{"@type":"SearchAction","target":{"@type":"EntryPoint","urlTemplate":"https:\/\/www.welovecycling.com\/sk\/?s={search_term_string}"},"query-input":{"@type":"PropertyValueSpecification","valueRequired":true,"valueName":"search_term_string"}}],"inLanguage":"sk-SK"},{"@type":"Person","@id":"https:\/\/www.welovecycling.com\/sk\/#\/schema\/person\/8ee09ba39b7e25b1870160aa5b3a89bc","name":"Ondrej Ga\u0161par","image":{"@type":"ImageObject","inLanguage":"sk-SK","@id":"https:\/\/www.welovecycling.com\/sk\/#\/schema\/person\/image\/","url":"https:\/\/secure.gravatar.com\/avatar\/6126c9afb87b70da5abbb083ddbb21933da15f18f8ca7cb822aba0fb096a48f6?s=96&d=mm&r=g","contentUrl":"https:\/\/secure.gravatar.com\/avatar\/6126c9afb87b70da5abbb083ddbb21933da15f18f8ca7cb822aba0fb096a48f6?s=96&d=mm&r=g","caption":"Ondrej Ga\u0161par"},"url":"https:\/\/www.welovecycling.com\/sk\/author\/ondrejgaspar\/"}]}},"_links":{"self":[{"href":"https:\/\/www.welovecycling.com\/sk\/wp-json\/wp\/v2\/posts\/4658","targetHints":{"allow":["GET"]}}],"collection":[{"href":"https:\/\/www.welovecycling.com\/sk\/wp-json\/wp\/v2\/posts"}],"about":[{"href":"https:\/\/www.welovecycling.com\/sk\/wp-json\/wp\/v2\/types\/post"}],"author":[{"embeddable":true,"href":"https:\/\/www.welovecycling.com\/sk\/wp-json\/wp\/v2\/users\/38"}],"replies":[{"embeddable":true,"href":"https:\/\/www.welovecycling.com\/sk\/wp-json\/wp\/v2\/comments?post=4658"}],"version-history":[{"count":2,"href":"https:\/\/www.welovecycling.com\/sk\/wp-json\/wp\/v2\/posts\/4658\/revisions"}],"predecessor-version":[{"id":4667,"href":"https:\/\/www.welovecycling.com\/sk\/wp-json\/wp\/v2\/posts\/4658\/revisions\/4667"}],"wp:featuredmedia":[{"embeddable":true,"href":"https:\/\/www.welovecycling.com\/sk\/wp-json\/wp\/v2\/media\/4663"}],"wp:attachment":[{"href":"https:\/\/www.welovecycling.com\/sk\/wp-json\/wp\/v2\/media?parent=4658"}],"wp:term":[{"taxonomy":"category","embeddable":true,"href":"https:\/\/www.welovecycling.com\/sk\/wp-json\/wp\/v2\/categories?post=4658"},{"taxonomy":"post_tag","embeddable":true,"href":"https:\/\/www.welovecycling.com\/sk\/wp-json\/wp\/v2\/tags?post=4658"},{"taxonomy":"global-categories","embeddable":true,"href":"https:\/\/www.welovecycling.com\/sk\/wp-json\/wp\/v2\/global-categories?post=4658"}],"curies":[{"name":"wp","href":"https:\/\/api.w.org\/{rel}","templated":true}]}}