{"id":4636,"date":"2018-08-09T16:45:56","date_gmt":"2018-08-09T14:45:56","guid":{"rendered":"https:\/\/www.welovecycling.com\/sk\/?p=4636"},"modified":"2023-04-20T10:14:44","modified_gmt":"2023-04-20T08:14:44","slug":"polsky-tim-ccc-ponukol-lidersku-poziciu-vitazovi-tour-de-france-geraintovi-thomasovi","status":"publish","type":"post","link":"https:\/\/www.welovecycling.com\/sk\/2018\/08\/09\/polsky-tim-ccc-ponukol-lidersku-poziciu-vitazovi-tour-de-france-geraintovi-thomasovi\/","title":{"rendered":"Po\u013esk\u00fd t\u00edm CCC pon\u00fakol l\u00eddersk\u00fa poz\u00edciu v\u00ed\u0165azovi TDF Geraintovi Thomasovi"},"content":{"rendered":"<p><strong>Z\u00e1ujem o slu\u017eby v\u00ed\u0165aza ned\u00e1vnej Tour de France prejavil po\u013esk\u00fd t\u00edm CCC, ktor\u00fd v bud\u00facej sez\u00f3ne vst\u00fapi do najvy\u0161\u0161ej kateg\u00f3rie World Tour po zl\u00fa\u010den\u00ed s dru\u017estvom BMC Racing. Britsk\u00e9mu cyklistovi Geraintovi Thomasovi koncom tohto kalend\u00e1rneho roka vypr\u0161\u00ed kontrakt s t\u00edmom Sky a zatia\u013e neprezradil, ak\u00fd dres bude oblieka\u0165 v nasleduj\u00facej sez\u00f3ne.<\/strong><br \/>\n<!--more--><\/p>\n<p><em>&#8222;Je to pravda, rozpr\u00e1vali sme sa s jeho mana\u017e\u00e9rom a pon\u00fakli sme Geraintovi zmluvu. Vieme, \u017ee jeho s\u00fa\u010dasn\u00fd kontrakt sa kon\u010d\u00ed. N\u00e1\u0161 t\u00edm sa bude na klasik\u00e1ch koncentrova\u0165 na Grega Van Avermaeta, ale st\u00e1le h\u013ead\u00e1me l\u00eddra na trojt\u00fd\u017ed\u0148ov\u00e9 preteky. Pre\u010do by sme teda neoslovili Gerainta? \u010cak\u00e1me na odpove\u010f. Ponuka je na stole a ak povie \u00e1no, bude to kr\u00e1sne. N\u00e1sledne budeme musie\u0165 anga\u017eova\u0165 aj \u010fal\u0161\u00edch dvoch alebo troch jazdcov, ktor\u00ed mu bud\u00fa pom\u00e1ha\u0165,&#8220;<\/em> vyjadril sa pre port\u00e1l Cycling News \u0161portov\u00fd riadite\u013e zoskupenia CCC <strong>Piotr Wadecki<\/strong>.<\/p>\n<div class=\"embed-controller-wrapper\">\n<blockquote class=\"twitter-tweet\" data-width=\"500\" data-dnt=\"true\">\n<p lang=\"und\" dir=\"ltr\"><a href=\"https:\/\/twitter.com\/hashtag\/WelcomeHomeG?src=hash&amp;ref_src=twsrc%5Etfw\">#WelcomeHomeG<\/a> \u2026 \ud83c\udff4\udb40\udc67\udb40\udc62\udb40\udc77\udb40\udc6c\udb40\udc73\udb40\udc7f \ud83d\udeb5\u200d\ud83d\udc9b <a href=\"https:\/\/twitter.com\/teamsky?ref_src=twsrc%5Etfw\">@TeamSky<\/a> <a href=\"https:\/\/twitter.com\/WelshCycling?ref_src=twsrc%5Etfw\">@WelshCycling<\/a><a href=\"https:\/\/twitter.com\/CynulliadCymru?ref_src=twsrc%5Etfw\">@CynulliadCymru<\/a> <a href=\"https:\/\/twitter.com\/AssemblyWales?ref_src=twsrc%5Etfw\">@AssemblyWales<\/a> <a href=\"https:\/\/twitter.com\/WelshGovernment?ref_src=twsrc%5Etfw\">@WelshGovernment<\/a><a href=\"https:\/\/twitter.com\/LlywodraethCym?ref_src=twsrc%5Etfw\">@LlywodraethCym<\/a><a href=\"https:\/\/twitter.com\/cardiffcouncil?ref_src=twsrc%5Etfw\">@CardiffCouncil<\/a> <a href=\"https:\/\/t.co\/YLM0KsYSrO\">pic.twitter.com\/YLM0KsYSrO<\/a><\/p>\n<p>&mdash; Geraint Thomas (@GeraintThomas86) <a href=\"https:\/\/twitter.com\/GeraintThomas86\/status\/1025049106568433664?ref_src=twsrc%5Etfw\">August 2, 2018<\/a><\/p><\/blockquote>\n<p><script async data-src=\"https:\/\/platform.twitter.com\/widgets.js\" charset=\"utf-8\"><\/script><\/div>\n<p>Tridsa\u0165dvaro\u010dn\u00fd Thomas moment\u00e1lne \u010del\u00ed najd\u00f4le\u017eitej\u0161iemu rozhodnutiu kari\u00e9ry. V t\u00edme Sky by sa musel deli\u0165 o poz\u00edciu l\u00eddra s Chrisom Frooomom, zatia\u013e \u010do pr\u00edpadn\u00fd odchod by mu zabezpe\u010dil \u00falohu najv\u00e4\u010d\u0161ej hviezdy. CCC je zatia\u013e jedin\u00fdm v\u00e1\u017enym z\u00e1ujemcom o walesk\u00e9ho rod\u00e1ka. Po\u013esk\u00fd t\u00edm sa dohodol na zl\u00fa\u010den\u00ed s kon\u010diacim BMC Racing a v s\u00fa\u010dasnosti h\u013ead\u00e1 pretek\u00e1rov pre nasleduj\u00facu sez\u00f3nu. Na jednorazov\u00fdch pretekoch bude stava\u0165 na Belgi\u010danovi Van Avermaetovi, no nem\u00e1 k dispoz\u00edcii v\u00fdraznej\u0161ie men\u00e1 v boji o celkov\u00e9 poradie na Grand Tour, preto\u017ee Tejay Van Garderen odi\u0161iel do EF Education First-Drapac a o\u010dak\u00e1va sa aj koniec Austr\u00e1l\u010dana Richieho Porta.<\/p>\n","protected":false},"excerpt":{"rendered":"<p>Z\u00e1ujem o slu\u017eby v\u00ed\u0165aza ned\u00e1vnej Tour de France prejavil po\u013esk\u00fd t\u00edm CCC, ktor\u00fd v bud\u00facej sez\u00f3ne vst\u00fapi do najvy\u0161\u0161ej kateg\u00f3rie [&hellip;]<\/p>\n","protected":false},"author":38,"featured_media":4638,"comment_status":"open","ping_status":"open","sticky":false,"template":"","format":"standard","meta":{"footnotes":""},"categories":[4,117],"tags":[558,557,115,149,256,270,556,308,269],"global-categories":[],"class_list":["post-4636","post","type-post","status-publish","format-standard","has-post-thumbnail","hentry","category-cestna-cyklisitika","category-tour-de-france","tag-558","tag-ccc","tag-cestna-cyklistika","tag-geraint-thomas","tag-sezona","tag-team-sky","tag-tim","tag-tour-de-france-2018","tag-vitaz"],"yoast_head":"<!-- This site is optimized with the Yoast SEO Premium plugin v25.3 (Yoast SEO v25.9) - https:\/\/yoast.com\/wordpress\/plugins\/seo\/ -->\n<title>Po\u013esk\u00fd t\u00edm CCC pon\u00fakol l\u00eddersk\u00fa poz\u00edciu v\u00ed\u0165azovi TDF Geraintovi Thomasovi<\/title>\n<meta name=\"description\" content=\"Geraintovi Thomasovi koncom tohto roka vypr\u0161\u00ed kontrakt s t\u00edmom Sky a zatia\u013e neprezradil, ak\u00fd dres bude oblieka\u0165 v nasleduj\u00facej sez\u00f3ne.\" \/>\n<meta name=\"robots\" content=\"index, follow, max-snippet:-1, max-image-preview:large, max-video-preview:-1\" \/>\n<link rel=\"canonical\" href=\"https:\/\/www.welovecycling.com\/sk\/2018\/08\/09\/polsky-tim-ccc-ponukol-lidersku-poziciu-vitazovi-tour-de-france-geraintovi-thomasovi\/\" \/>\n<meta property=\"og:locale\" content=\"sk_SK\" \/>\n<meta property=\"og:type\" content=\"article\" \/>\n<meta property=\"og:title\" content=\"Po\u013esk\u00fd t\u00edm CCC pon\u00fakol l\u00eddersk\u00fa poz\u00edciu v\u00ed\u0165azovi TDF Geraintovi Thomasovi\" \/>\n<meta property=\"og:description\" content=\"Geraintovi Thomasovi koncom tohto roka vypr\u0161\u00ed kontrakt s t\u00edmom Sky a zatia\u013e neprezradil, ak\u00fd dres bude oblieka\u0165 v nasleduj\u00facej sez\u00f3ne.\" \/>\n<meta property=\"og:url\" content=\"https:\/\/www.welovecycling.com\/sk\/2018\/08\/09\/polsky-tim-ccc-ponukol-lidersku-poziciu-vitazovi-tour-de-france-geraintovi-thomasovi\/\" \/>\n<meta property=\"og:site_name\" content=\"\u0160koda We Love Cycling Slovensko\" \/>\n<meta property=\"article:published_time\" content=\"2018-08-09T14:45:56+00:00\" \/>\n<meta property=\"article:modified_time\" content=\"2023-04-20T08:14:44+00:00\" \/>\n<meta property=\"og:image\" content=\"https:\/\/d2p6e6u75xmxt8.cloudfront.net\/4\/2018\/08\/profimedia-0380465651-1.webp\" \/>\n\t<meta property=\"og:image:width\" content=\"1366\" \/>\n\t<meta property=\"og:image:height\" content=\"600\" \/>\n\t<meta property=\"og:image:type\" content=\"image\/webp\" \/>\n<meta name=\"author\" content=\"Ondrej Ga\u0161par\" \/>\n<meta name=\"twitter:card\" content=\"summary_large_image\" \/>\n<meta name=\"twitter:label1\" content=\"Written by\" \/>\n\t<meta name=\"twitter:data1\" content=\"Monica Buck\" \/>\n\t<meta name=\"twitter:label2\" content=\"Est. reading time\" \/>\n\t<meta name=\"twitter:data2\" content=\"2\" \/>\n<script type=\"application\/ld+json\" class=\"yoast-schema-graph\">{\"@context\":\"https:\/\/schema.org\",\"@graph\":[{\"@type\":\"WebPage\",\"@id\":\"https:\/\/www.welovecycling.com\/sk\/2018\/08\/09\/polsky-tim-ccc-ponukol-lidersku-poziciu-vitazovi-tour-de-france-geraintovi-thomasovi\/\",\"url\":\"https:\/\/www.welovecycling.com\/sk\/2018\/08\/09\/polsky-tim-ccc-ponukol-lidersku-poziciu-vitazovi-tour-de-france-geraintovi-thomasovi\/\",\"name\":\"Po\u013esk\u00fd t\u00edm CCC pon\u00fakol l\u00eddersk\u00fa poz\u00edciu v\u00ed\u0165azovi TDF Geraintovi Thomasovi\",\"isPartOf\":{\"@id\":\"https:\/\/www.welovecycling.com\/sk\/#website\"},\"primaryImageOfPage\":{\"@id\":\"https:\/\/www.welovecycling.com\/sk\/2018\/08\/09\/polsky-tim-ccc-ponukol-lidersku-poziciu-vitazovi-tour-de-france-geraintovi-thomasovi\/#primaryimage\"},\"image\":{\"@id\":\"https:\/\/www.welovecycling.com\/sk\/2018\/08\/09\/polsky-tim-ccc-ponukol-lidersku-poziciu-vitazovi-tour-de-france-geraintovi-thomasovi\/#primaryimage\"},\"thumbnailUrl\":\"https:\/\/d2p6e6u75xmxt8.cloudfront.net\/4\/2018\/08\/profimedia-0380465651-1.webp\",\"datePublished\":\"2018-08-09T14:45:56+00:00\",\"dateModified\":\"2023-04-20T08:14:44+00:00\",\"author\":{\"@id\":\"https:\/\/www.welovecycling.com\/sk\/#\/schema\/person\/8ee09ba39b7e25b1870160aa5b3a89bc\"},\"description\":\"Geraintovi Thomasovi koncom tohto roka vypr\u0161\u00ed kontrakt s t\u00edmom Sky a zatia\u013e neprezradil, ak\u00fd dres bude oblieka\u0165 v nasleduj\u00facej sez\u00f3ne.\",\"breadcrumb\":{\"@id\":\"https:\/\/www.welovecycling.com\/sk\/2018\/08\/09\/polsky-tim-ccc-ponukol-lidersku-poziciu-vitazovi-tour-de-france-geraintovi-thomasovi\/#breadcrumb\"},\"inLanguage\":\"sk-SK\",\"potentialAction\":[{\"@type\":\"ReadAction\",\"target\":[\"https:\/\/www.welovecycling.com\/sk\/2018\/08\/09\/polsky-tim-ccc-ponukol-lidersku-poziciu-vitazovi-tour-de-france-geraintovi-thomasovi\/\"]}]},{\"@type\":\"ImageObject\",\"inLanguage\":\"sk-SK\",\"@id\":\"https:\/\/www.welovecycling.com\/sk\/2018\/08\/09\/polsky-tim-ccc-ponukol-lidersku-poziciu-vitazovi-tour-de-france-geraintovi-thomasovi\/#primaryimage\",\"url\":\"https:\/\/d2p6e6u75xmxt8.cloudfront.net\/4\/2018\/08\/profimedia-0380465651-1.webp\",\"contentUrl\":\"https:\/\/d2p6e6u75xmxt8.cloudfront.net\/4\/2018\/08\/profimedia-0380465651-1.webp\",\"width\":1366,\"height\":600},{\"@type\":\"BreadcrumbList\",\"@id\":\"https:\/\/www.welovecycling.com\/sk\/2018\/08\/09\/polsky-tim-ccc-ponukol-lidersku-poziciu-vitazovi-tour-de-france-geraintovi-thomasovi\/#breadcrumb\",\"itemListElement\":[{\"@type\":\"ListItem\",\"position\":1,\"name\":\"Home\",\"item\":\"https:\/\/www.welovecycling.com\/sk\/\"},{\"@type\":\"ListItem\",\"position\":2,\"name\":\"Po\u013esk\u00fd t\u00edm CCC pon\u00fakol l\u00eddersk\u00fa poz\u00edciu v\u00ed\u0165azovi TDF Geraintovi Thomasovi\"}]},{\"@type\":\"WebSite\",\"@id\":\"https:\/\/www.welovecycling.com\/sk\/#website\",\"url\":\"https:\/\/www.welovecycling.com\/sk\/\",\"name\":\"\u0160koda We Love Cycling Slovensko\",\"description\":\"\u0160koda We Love Cycling Slovensko je v\u00e1\u0161 ka\u017edodenn\u00fd zdroj noviniek a in\u0161pir\u00e1cie z sveta cyklistiky\",\"potentialAction\":[{\"@type\":\"SearchAction\",\"target\":{\"@type\":\"EntryPoint\",\"urlTemplate\":\"https:\/\/www.welovecycling.com\/sk\/?s={search_term_string}\"},\"query-input\":{\"@type\":\"PropertyValueSpecification\",\"valueRequired\":true,\"valueName\":\"search_term_string\"}}],\"inLanguage\":\"sk-SK\"},{\"@type\":\"Person\",\"@id\":\"https:\/\/www.welovecycling.com\/sk\/#\/schema\/person\/8ee09ba39b7e25b1870160aa5b3a89bc\",\"name\":\"Ondrej Ga\u0161par\",\"image\":{\"@type\":\"ImageObject\",\"inLanguage\":\"sk-SK\",\"@id\":\"https:\/\/www.welovecycling.com\/sk\/#\/schema\/person\/image\/\",\"url\":\"https:\/\/secure.gravatar.com\/avatar\/6126c9afb87b70da5abbb083ddbb21933da15f18f8ca7cb822aba0fb096a48f6?s=96&d=mm&r=g\",\"contentUrl\":\"https:\/\/secure.gravatar.com\/avatar\/6126c9afb87b70da5abbb083ddbb21933da15f18f8ca7cb822aba0fb096a48f6?s=96&d=mm&r=g\",\"caption\":\"Ondrej Ga\u0161par\"},\"url\":\"https:\/\/www.welovecycling.com\/sk\/author\/ondrejgaspar\/\"}]}<\/script>\n<!-- \/ Yoast SEO Premium plugin. -->","yoast_head_json":{"title":"Po\u013esk\u00fd t\u00edm CCC pon\u00fakol l\u00eddersk\u00fa poz\u00edciu v\u00ed\u0165azovi TDF Geraintovi Thomasovi","description":"Geraintovi Thomasovi koncom tohto roka vypr\u0161\u00ed kontrakt s t\u00edmom Sky a zatia\u013e neprezradil, ak\u00fd dres bude oblieka\u0165 v nasleduj\u00facej sez\u00f3ne.","robots":{"index":"index","follow":"follow","max-snippet":"max-snippet:-1","max-image-preview":"max-image-preview:large","max-video-preview":"max-video-preview:-1"},"canonical":"https:\/\/www.welovecycling.com\/sk\/2018\/08\/09\/polsky-tim-ccc-ponukol-lidersku-poziciu-vitazovi-tour-de-france-geraintovi-thomasovi\/","og_locale":"sk_SK","og_type":"article","og_title":"Po\u013esk\u00fd t\u00edm CCC pon\u00fakol l\u00eddersk\u00fa poz\u00edciu v\u00ed\u0165azovi TDF Geraintovi Thomasovi","og_description":"Geraintovi Thomasovi koncom tohto roka vypr\u0161\u00ed kontrakt s t\u00edmom Sky a zatia\u013e neprezradil, ak\u00fd dres bude oblieka\u0165 v nasleduj\u00facej sez\u00f3ne.","og_url":"https:\/\/www.welovecycling.com\/sk\/2018\/08\/09\/polsky-tim-ccc-ponukol-lidersku-poziciu-vitazovi-tour-de-france-geraintovi-thomasovi\/","og_site_name":"\u0160koda We Love Cycling Slovensko","article_published_time":"2018-08-09T14:45:56+00:00","article_modified_time":"2023-04-20T08:14:44+00:00","og_image":[{"width":1366,"height":600,"url":"https:\/\/d2p6e6u75xmxt8.cloudfront.net\/4\/2018\/08\/profimedia-0380465651-1.webp","type":"image\/webp"}],"author":"Ondrej Ga\u0161par","twitter_card":"summary_large_image","twitter_misc":{"Written by":"Monica Buck","Est. reading time":"2"},"schema":{"@context":"https:\/\/schema.org","@graph":[{"@type":"WebPage","@id":"https:\/\/www.welovecycling.com\/sk\/2018\/08\/09\/polsky-tim-ccc-ponukol-lidersku-poziciu-vitazovi-tour-de-france-geraintovi-thomasovi\/","url":"https:\/\/www.welovecycling.com\/sk\/2018\/08\/09\/polsky-tim-ccc-ponukol-lidersku-poziciu-vitazovi-tour-de-france-geraintovi-thomasovi\/","name":"Po\u013esk\u00fd t\u00edm CCC pon\u00fakol l\u00eddersk\u00fa poz\u00edciu v\u00ed\u0165azovi TDF Geraintovi Thomasovi","isPartOf":{"@id":"https:\/\/www.welovecycling.com\/sk\/#website"},"primaryImageOfPage":{"@id":"https:\/\/www.welovecycling.com\/sk\/2018\/08\/09\/polsky-tim-ccc-ponukol-lidersku-poziciu-vitazovi-tour-de-france-geraintovi-thomasovi\/#primaryimage"},"image":{"@id":"https:\/\/www.welovecycling.com\/sk\/2018\/08\/09\/polsky-tim-ccc-ponukol-lidersku-poziciu-vitazovi-tour-de-france-geraintovi-thomasovi\/#primaryimage"},"thumbnailUrl":"https:\/\/d2p6e6u75xmxt8.cloudfront.net\/4\/2018\/08\/profimedia-0380465651-1.webp","datePublished":"2018-08-09T14:45:56+00:00","dateModified":"2023-04-20T08:14:44+00:00","author":{"@id":"https:\/\/www.welovecycling.com\/sk\/#\/schema\/person\/8ee09ba39b7e25b1870160aa5b3a89bc"},"description":"Geraintovi Thomasovi koncom tohto roka vypr\u0161\u00ed kontrakt s t\u00edmom Sky a zatia\u013e neprezradil, ak\u00fd dres bude oblieka\u0165 v nasleduj\u00facej sez\u00f3ne.","breadcrumb":{"@id":"https:\/\/www.welovecycling.com\/sk\/2018\/08\/09\/polsky-tim-ccc-ponukol-lidersku-poziciu-vitazovi-tour-de-france-geraintovi-thomasovi\/#breadcrumb"},"inLanguage":"sk-SK","potentialAction":[{"@type":"ReadAction","target":["https:\/\/www.welovecycling.com\/sk\/2018\/08\/09\/polsky-tim-ccc-ponukol-lidersku-poziciu-vitazovi-tour-de-france-geraintovi-thomasovi\/"]}]},{"@type":"ImageObject","inLanguage":"sk-SK","@id":"https:\/\/www.welovecycling.com\/sk\/2018\/08\/09\/polsky-tim-ccc-ponukol-lidersku-poziciu-vitazovi-tour-de-france-geraintovi-thomasovi\/#primaryimage","url":"https:\/\/d2p6e6u75xmxt8.cloudfront.net\/4\/2018\/08\/profimedia-0380465651-1.webp","contentUrl":"https:\/\/d2p6e6u75xmxt8.cloudfront.net\/4\/2018\/08\/profimedia-0380465651-1.webp","width":1366,"height":600},{"@type":"BreadcrumbList","@id":"https:\/\/www.welovecycling.com\/sk\/2018\/08\/09\/polsky-tim-ccc-ponukol-lidersku-poziciu-vitazovi-tour-de-france-geraintovi-thomasovi\/#breadcrumb","itemListElement":[{"@type":"ListItem","position":1,"name":"Home","item":"https:\/\/www.welovecycling.com\/sk\/"},{"@type":"ListItem","position":2,"name":"Po\u013esk\u00fd t\u00edm CCC pon\u00fakol l\u00eddersk\u00fa poz\u00edciu v\u00ed\u0165azovi TDF Geraintovi Thomasovi"}]},{"@type":"WebSite","@id":"https:\/\/www.welovecycling.com\/sk\/#website","url":"https:\/\/www.welovecycling.com\/sk\/","name":"\u0160koda We Love Cycling Slovensko","description":"\u0160koda We Love Cycling Slovensko je v\u00e1\u0161 ka\u017edodenn\u00fd zdroj noviniek a in\u0161pir\u00e1cie z sveta cyklistiky","potentialAction":[{"@type":"SearchAction","target":{"@type":"EntryPoint","urlTemplate":"https:\/\/www.welovecycling.com\/sk\/?s={search_term_string}"},"query-input":{"@type":"PropertyValueSpecification","valueRequired":true,"valueName":"search_term_string"}}],"inLanguage":"sk-SK"},{"@type":"Person","@id":"https:\/\/www.welovecycling.com\/sk\/#\/schema\/person\/8ee09ba39b7e25b1870160aa5b3a89bc","name":"Ondrej Ga\u0161par","image":{"@type":"ImageObject","inLanguage":"sk-SK","@id":"https:\/\/www.welovecycling.com\/sk\/#\/schema\/person\/image\/","url":"https:\/\/secure.gravatar.com\/avatar\/6126c9afb87b70da5abbb083ddbb21933da15f18f8ca7cb822aba0fb096a48f6?s=96&d=mm&r=g","contentUrl":"https:\/\/secure.gravatar.com\/avatar\/6126c9afb87b70da5abbb083ddbb21933da15f18f8ca7cb822aba0fb096a48f6?s=96&d=mm&r=g","caption":"Ondrej Ga\u0161par"},"url":"https:\/\/www.welovecycling.com\/sk\/author\/ondrejgaspar\/"}]}},"_links":{"self":[{"href":"https:\/\/www.welovecycling.com\/sk\/wp-json\/wp\/v2\/posts\/4636","targetHints":{"allow":["GET"]}}],"collection":[{"href":"https:\/\/www.welovecycling.com\/sk\/wp-json\/wp\/v2\/posts"}],"about":[{"href":"https:\/\/www.welovecycling.com\/sk\/wp-json\/wp\/v2\/types\/post"}],"author":[{"embeddable":true,"href":"https:\/\/www.welovecycling.com\/sk\/wp-json\/wp\/v2\/users\/38"}],"replies":[{"embeddable":true,"href":"https:\/\/www.welovecycling.com\/sk\/wp-json\/wp\/v2\/comments?post=4636"}],"version-history":[{"count":2,"href":"https:\/\/www.welovecycling.com\/sk\/wp-json\/wp\/v2\/posts\/4636\/revisions"}],"predecessor-version":[{"id":17197,"href":"https:\/\/www.welovecycling.com\/sk\/wp-json\/wp\/v2\/posts\/4636\/revisions\/17197"}],"wp:featuredmedia":[{"embeddable":true,"href":"https:\/\/www.welovecycling.com\/sk\/wp-json\/wp\/v2\/media\/4638"}],"wp:attachment":[{"href":"https:\/\/www.welovecycling.com\/sk\/wp-json\/wp\/v2\/media?parent=4636"}],"wp:term":[{"taxonomy":"category","embeddable":true,"href":"https:\/\/www.welovecycling.com\/sk\/wp-json\/wp\/v2\/categories?post=4636"},{"taxonomy":"post_tag","embeddable":true,"href":"https:\/\/www.welovecycling.com\/sk\/wp-json\/wp\/v2\/tags?post=4636"},{"taxonomy":"global-categories","embeddable":true,"href":"https:\/\/www.welovecycling.com\/sk\/wp-json\/wp\/v2\/global-categories?post=4636"}],"curies":[{"name":"wp","href":"https:\/\/api.w.org\/{rel}","templated":true}]}}