{"id":4619,"date":"2018-08-24T15:36:36","date_gmt":"2018-08-24T13:36:36","guid":{"rendered":"https:\/\/www.welovecycling.com\/sk\/?p=4619"},"modified":"2018-11-09T11:14:02","modified_gmt":"2018-11-09T10:14:02","slug":"miss-peaches-na-cestach-viola-brand","status":"publish","type":"post","link":"https:\/\/www.welovecycling.com\/sk\/2018\/08\/24\/miss-peaches-na-cestach-viola-brand\/","title":{"rendered":"Miss Peaches na cest\u00e1ch 1: Viola Brand"},"content":{"rendered":"<p><strong>Miss Peaches je alias Rak\u00fa\u0161anky Niny Gutenhaler na soci\u00e1lnych sie\u0165ach. Nina miluje downhill a Ninu zas miluj\u00fa na Instagrame a\u00a0Facebooku. Ke\u010f\u017ee sa n\u00e1m tie\u017e p\u00e1\u010di, \u010do rob\u00ed a\u00a0ako to rob\u00ed, rozhodli sme sa s\u00a0\u0148ou uzavrie\u0165 \u0161ikovn\u00fa mal\u00fa dohodu a\u00a0vyslali sme ju za dobrodru\u017estvom. Ninin v\u00fdlet na \u0161tyroch koles\u00e1ch je splnen\u00fdm snom ka\u017ed\u00e9ho influencera v\u00a0oblasti soci\u00e1lnych siet\u00ed \u2013 s\u00a0podporou \u0160koda AUTO sa vydala na jazdu s\u00a0cie\u013eom nav\u0161t\u00edvi\u0165 8 r\u00f4znych miest v\u00a0Eur\u00f3pe a\u00a0stretn\u00fa\u0165 sa s\u00a08 zaujmav\u00fdmi \u0161portovcami.<\/strong> <!--more--><\/p>\n<p>V\u00a0prvej \u010dasti sa zozn\u00e1mime s\u00a0ve\u013emi talentovanou mladou d\u00e1mou, ktor\u00e1 na svojom bicykli doslova popiera gravit\u00e1ciu. Po\u010duli ste u\u017e o\u00a0discipl\u00edne naz\u00fdvanej s\u00e1lov\u00e1 cyklistika? Nu\u017e, teraz u\u017e viete, \u017ee tak\u00e1 existuje. Nina sa stretla s\u00a0Violou Brand, neskuto\u010dne talentovanou \u0161ampi\u00f3nkou z\u00a0Nemecka, aby si pozrela, \u010do dok\u00e1\u017ee a\u00a0nau\u010dila sa od nej nejak\u00e9 triky. Po vysk\u00fa\u0161an\u00ed si niektor\u00fdch \u201ez\u00e1kladn\u00fdch\u201c trikov je Nina rad\u0161ej, ke\u010f sa m\u00f4\u017ee dr\u017ea\u0165 pekne pri zemi na svojom horskom! Po\u010fte sa aj vy zozn\u00e1mi\u0165 s\u00a0Violou.<\/p>\n<p>V\u00a0\u010fal\u0161ej \u010dasti si Miss Peaches vychutn\u00e1 trochu vzdu\u0161nej slobody \u2013 v\u010faka paraglidingu!<\/p>\n<lite-youtube videoid=RBHyAsD4R_Q params=\"enablejsapi=1\" style=\"background-image: url('https:\/\/i.ytimg.com\/vi_webp\/RBHyAsD4R_Q\/maxresdefault.webp');\"><\/lite-youtube>\n<p>\u010co do profesionality je s\u00e1lov\u00e1 cyklistika (\u010dasto naz\u00fdvan\u00e1 freestyle cyklistika) v\u00a0r\u00e1mci Medzin\u00e1rodnej cyklistickej \u00fanie okrajov\u00fdm \u0161portom a\u00a0sp\u00e1ja v\u00a0sebe cyklistiku s\u00a0prvkami gymnastiky a\u00a0dokonca tanca. Po\u010das s\u00fa\u0165a\u017ee sa v\u00a0r\u00e1mci t\u00fdchto discipl\u00edn atl\u00e9ti predved\u00fa pred porotou v\u00a05 min\u00fatovej zostave a\u00a0s\u00fa hodnoten\u00ed prostredn\u00edctvom bodovacieho syst\u00e9mu.<\/p>\n<p>K\u00fdm v\u00e4\u010d\u0161ina z\u00a0n\u00e1s si vychutn\u00e1va bicyklovanie jazdou na dvojici kolies pevne na zemi (okrem pr\u00edle\u017eitostn\u00fdch skokov a\u00a0jemn\u00fdch odrazov od ter\u00e9nu), t\u00edto atl\u00e9ti si u\u017e\u00edvaj\u00fa oto\u010dky na svojich bicykloch, ktor\u00e9 nemaj\u00fa \u010faleko od v\u00fdkonu rusk\u00e9ho baletn\u00e9ho s\u00faboru, a\u017e sa n\u00e1m z\u00a0toho hlavy zato\u010dia.<\/p>\n<p>Tak\u017ee o\u00a0\u010do presne ide? Je to mix gymnastiky, bicyklovania, balansovania, umenia, sily a\u00a0tanca? Najlep\u0161\u00ed sp\u00f4sob ako to zisti\u0165, je porozpr\u00e1va\u0165 sa s\u00a0profesion\u00e1lnym atl\u00e9tom ako je napr\u00edklad sle\u010dna Viola Brand z\u00a0Nemecka, viacn\u00e1sobn\u00e1 medailistka svetov\u00e9ho \u0161ampion\u00e1tu v\u00a0tejto \u0161portovej discipl\u00edne. A\u00a0presne toto sme urobili.<\/p>\n<p><strong><em>Viola, o s\u00e1lovej cyklistike vieme naozaj m\u00e1lo. Ako by si op\u00edsala tento \u0161port vlastn\u00fdmi slovami ty?\u00a0 <\/em><\/strong><\/p>\n<p>Uf, to nie je \u013eahk\u00e1 ot\u00e1zka! Ale mysl\u00edm, \u017ee tvoj popis je v\u00fdsti\u017en\u00fd! Naozaj je to nie\u010do medzi gymnastikou, bicyklovan\u00edm, balansovan\u00edm, umen\u00edm a\u00a0tancom. Niektor\u00ed \u013eudia tomuto dokonca radi hovoria \u201ebicyklov\u00fd balet\u201c a\u00a0mysl\u00edm, \u017ee je to \u00fa\u017easn\u00fd v\u00fdraz.<\/p>\n<p><strong><em>S\u00e1lov\u00e1 cyklistika sa zd\u00e1 by\u0165 \u0161portom, ktor\u00fd si vy\u017eaduje mno\u017estvo r\u00f4znych fyzick\u00fdch kval\u00edt ako je tr\u00e9novan\u00e1 sila, zmysel pre rovnov\u00e1hu, ohybnos\u0165, at\u010f. Ktor\u00e9 kvality s\u00fa tie najd\u00f4le\u017eitej\u0161ie pod\u013ea teba? <\/em><\/strong><\/p>\n<p>\u00daprimne si mysl\u00edm, \u017ee je to trpezlivos\u0165. Samozrejme, \u017ee potrebuje\u0161 v\u0161etky z\u00a0vymenovan\u00fdch fyzick\u00fdch kval\u00edt, ale aj ke\u010f nimi disponuje\u0161, potrebuje\u0161 ve\u013ek\u00fa d\u00e1vku trpezlivosti, preto\u017ee k\u00a0niektor\u00fdm fig\u00faram, ktor\u00e9 od n\u00e1s \u017eiadaj\u00fa predvies\u0165, potrebuje\u0161 na ich zvl\u00e1dnutie mnoho rokov precvi\u010dovania. Napr\u00edklad nau\u010di\u0165 sa stojku na riadidl\u00e1ch mi trvalo 7 rokov tr\u00e9novania. Tak\u017ee mus\u00ed\u0161 dodr\u017eiava\u0165 dennodenn\u00fd tr\u00e9ning, aj ke\u010f niekedy aj mesiace nevid\u00ed\u0161 \u017eiaden posun.<\/p>\n<p><strong><em>V\u00a0posledn\u00fdch rokoch m\u00f4\u017eeme vidie\u0165, \u017ee freestylov\u00e1 cyklistika ve\u013emi \u0165a\u017e\u00ed z\u00a0prezentovania sa na soci\u00e1lnych sie\u0165ach a\u00a0t\u00fdm narast\u00e1 na ob\u013e\u00fabenosti. Aj ke\u010f tento \u0161port existuje viac ako sto rokov, mnoho \u013eud\u00ed ho zaznamenalo v\u010faka r\u00f4znym online platform\u00e1m.\u00a0\u00a0 <\/em><\/strong><\/p>\n<p><strong><em>V\u00a0tomto kontexte by sme \u0165a nazvali ved\u00facou osobnos\u0165ou, ktor\u00e1 dostala s\u00e1lov\u00fa cyklistiku \u201edo ul\u00edc\u201c. \u00a0Ako sa ti to podarilo? Rozhodla si sa pre to na za\u010diatku tvojej kari\u00e9ry alebo si to objavila len ned\u00e1vno? <\/em><\/strong><\/p>\n<p>https:\/\/www.instagram.com\/p\/BhZ3zrNBLjx\/?hl=cs&#038;taken-by=violalovescycling<\/p>\n<p>Pre m\u0148a sa to za\u010dalo t\u00fdm, \u017ee jeden z\u00a0mojich priate\u013eov mi v\u00a0marci 2017 povedal, aby som si vytvorila \u00fa\u010det na Instagrame. Tak som si ho vytvorila! Ale samozrejme som nikdy neo\u010dak\u00e1vala, \u017ee dosiahnem vy\u0161e 100\u00a0000 followerov. \u00daprimne, toto ma naozaj prekvapilo! P\u00e1r t\u00fd\u017ed\u0148ov po tom, \u010do som si vytvorila \u00fa\u010det, nieko\u013eko str\u00e1nok zdie\u013ealo moje vide\u00e1 a\u00a0to mi aj prinieslo mnoho nov\u00fdch followerov. Je \u00fa\u017easn\u00e9, \u017ee prostredn\u00edctvom soci\u00e1lnych siet\u00ed m\u00f4\u017eem zasiahnu\u0165 tak ve\u013ek\u00e9 mno\u017estvo \u013eud\u00ed a\u00a0vn\u00edmam to ako obrovsk\u00fa \u0161ancu urobi\u0165 tento \u0161port celosvetovo zn\u00e1mej\u0161\u00edm.<\/p>\n<p><strong><em>Bola to z\u00e1le\u017eitos\u0165 marketingovej alebo profesion\u00e1lnej vo\u013eby \u2013 by\u0165 zaanga\u017eovan\u00e1 na soci\u00e1lnych sie\u0165ach a\u017e do takejto miery? <\/em><\/strong><\/p>\n<p>Nu\u017e, vie\u0161, s\u00a0prib\u00fadaj\u00facim mno\u017estvom vec\u00ed na mojom \u00fa\u010dte som za\u010dala kupova\u0165 nejak\u00e9 zariadenia na filmovanie alebo som robila lep\u0161ie fotky, aby som bola schopn\u00e1 obsah ve\u0161a\u0165 vo vy\u0161\u0161ej kvalite. Tak\u017ee to nebola ani marketingov\u00e1 a\u00a0ani profesion\u00e1lna vo\u013eba, bola to len rada od dobr\u00e9ho priate\u013ea a\u00a0som za \u0148u naozaj v\u010fa\u010dn\u00e1!<\/p>\n<p><strong><em>Vr\u00e1\u0165me sa do \u010dias, kedy si za\u010dala so s\u00e1lovou cyklistikou. Ako si sa k\u00a0tomuto \u0161portu dostala a\u00a0pre\u010do? M\u00e1\u0161 gymnastick\u00fa alebo baletn\u00fa minulos\u0165? <\/em><\/strong><\/p>\n<p>Predt\u00fdm som sa baletu alebo gymnastike nikdy nevenovala. Vlastne to bol m\u00f4j star\u0161\u00ed brat, kto s\u00a0t\u00fdm za\u010dal ako prv\u00fd! Ako 6-ro\u010dn\u00e1 som s\u00a0n\u00edm a na\u0161ou mamou za\u010dala dos\u0165 \u010dasto tr\u00e9nova\u0165. Mimochodom, moja mama je na\u0161ou tr\u00e9nerkou. Od za\u010diatku som vn\u00edmala, \u017ee tento \u0161port je naozaj \u00fa\u017easn\u00fd a\u00a0skuto\u010dne odli\u0161n\u00fd od \u0161portov, ktor\u00fdm sa deti vtedy venovali.<\/p>\n<p><a href=\"https:\/\/d2p6e6u75xmxt8.cloudfront.net\/4\/2018\/08\/Fotokunst-Elbe-8380_preview.jpeg\"><img loading=\"lazy\" decoding=\"async\" class=\"alignnone size-full wp-image-4628\" src=\"https:\/\/d2p6e6u75xmxt8.cloudfront.net\/4\/2018\/08\/Fotokunst-Elbe-8380_preview.jpeg\" alt=\"\" width=\"1365\" height=\"2048\" \/><\/a><\/p>\n<p><strong><em>Pros\u00edm \u0165a, mohla by si n\u00e1m pribl\u00ed\u017ei\u0165 tvoj be\u017en\u00fd t\u00fd\u017ede\u0148? <\/em><\/strong><\/p>\n<p>Ka\u017ed\u00fd de\u0148 som bu\u010f na univerzite alebo sa u\u010d\u00edm doma. Rob\u00edm ve\u013ea stojok na zemi. Mimochodom, na zvl\u00e1dnutie stojky na bicykli mus\u00ed\u0161 by\u0165 schopn\u00e1 urobi\u0165 \u013eahko stojku na zemi a\u00a0to dobrou technikou. Tak\u017ee tr\u00e9ning pozost\u00e1va zo sily a\u00a0techniky a\u00a0zvl\u00e1dnutia mnoh\u00fdch stojok na zemi, preto\u017ee potom je jednoduch\u0161ie urobi\u0165 stojky na bicykli. Toto je len n\u00e1\u010drt mojej ka\u017edodennej \u010dinnosti.<\/p>\n<p>Po ve\u010deroch chodievam do telocvi\u010dne tr\u00e9nova\u0165 3 hodiny na bicykli. Toto je moja ka\u017edodenn\u00e1 rutina od pondelka do \u0161tvrtku. Cez v\u00edkendy chodievam bu\u010f na tr\u00e9ningov\u00e9 t\u00e1bory alebo na s\u00fa\u0165a\u017ee. V\u00a0piatky a\u00a0soboty zvy\u010dajne tr\u00e9nujem doma. Ak v\u00a0nede\u013eu nie je s\u00fa\u0165a\u017e, m\u00e1m vo\u013eno.<\/p>\n<p><strong><em>Je dobre zn\u00e1me, \u017ee profesion\u00e1lni atl\u00e9ti kombinuj\u00fa fyzick\u00e9 aktivity za \u00fa\u010delom zlep\u0161enia ich telesnej sily, flexibility, at\u010f. Napr\u00edklad profesion\u00e1lni cestn\u00ed cyklisti \u010dasto prid\u00e1vaj\u00fa k\u00a0svoj\u00edm obvykl\u00fdm aktivit\u00e1m pl\u00e1vanie. Kombinuje\u0161 s\u00a0tvoj\u00edm tr\u00e9ningom in\u00fd \u0161port, \u010di \u0161porty? <\/em><\/strong><\/p>\n<p>Venujem sa zlep\u0161eniu flexibility a\u00a0sily. Tie\u017e behu, ale naplno sa nevenujem nijakej inej \u0161pecifickej \u0161portovej discipl\u00edne.<\/p>\n<p><strong><em>Vieme, \u017ee v\u00a0s\u00fa\u010dasnosti \u0161tuduje\u0161 na univerzite. \u010co \u0161tuduje\u0161 a\u00a0\u010domu by si sa rada venovala v\u00a0bud\u00facnosti?<\/em><\/strong><\/p>\n<p>\u0160tudujem nutri\u010dn\u00fd mana\u017ement a\u00a0dietol\u00f3giu. Toto leto z\u00edskam titul bakal\u00e1ra vied a\u00a0d\u00fafam, \u017ee sa mi v\u00a0najbli\u017e\u0161\u00edch rokoch tie\u017e podar\u00ed absolvova\u0165 magistersk\u00e9 \u0161t\u00fadium.<\/p>\n<div id='gallery-1' class='gallery galleryid-4619 gallery-columns-2 gallery-size-large'><figure class='gallery-item'>\n\t\t\t<div class='gallery-icon landscape'>\n\t\t\t\t<a href='https:\/\/d2p6e6u75xmxt8.cloudfront.net\/4\/2018\/08\/IMG_6658_preview.webp'><img loading=\"lazy\" decoding=\"async\" width=\"1024\" height=\"683\" src=\"https:\/\/d2p6e6u75xmxt8.cloudfront.net\/4\/2018\/08\/IMG_6658_preview-1024x683.webp\" class=\"attachment-large size-large\" alt=\"\" srcset=\"https:\/\/d2p6e6u75xmxt8.cloudfront.net\/4\/2018\/08\/IMG_6658_preview-1024x683.webp 1024w, https:\/\/d2p6e6u75xmxt8.cloudfront.net\/4\/2018\/08\/IMG_6658_preview-300x200.webp 300w, https:\/\/d2p6e6u75xmxt8.cloudfront.net\/4\/2018\/08\/IMG_6658_preview-768x512.webp 768w, https:\/\/d2p6e6u75xmxt8.cloudfront.net\/4\/2018\/08\/IMG_6658_preview-1536x1024.webp 1536w, https:\/\/d2p6e6u75xmxt8.cloudfront.net\/4\/2018\/08\/IMG_6658_preview-1920x1280.webp 1920w, https:\/\/d2p6e6u75xmxt8.cloudfront.net\/4\/2018\/08\/IMG_6658_preview-272x182.webp 272w, https:\/\/d2p6e6u75xmxt8.cloudfront.net\/4\/2018\/08\/IMG_6658_preview.webp 2048w, https:\/\/d2p6e6u75xmxt8.cloudfront.net\/4\/2018\/08\/IMG_6658_preview-1920x1280.webp 1920w\" sizes=\"auto, (max-width: 1024px) 100vw, 1024px\" \/><\/a>\n\t\t\t<\/div><\/figure><figure class='gallery-item'>\n\t\t\t<div class='gallery-icon landscape'>\n\t\t\t\t<a href='https:\/\/d2p6e6u75xmxt8.cloudfront.net\/4\/2018\/08\/IMG_6705_preview.webp'><img loading=\"lazy\" decoding=\"async\" width=\"1024\" height=\"683\" src=\"https:\/\/d2p6e6u75xmxt8.cloudfront.net\/4\/2018\/08\/IMG_6705_preview-1024x683.webp\" class=\"attachment-large size-large\" alt=\"\" srcset=\"https:\/\/d2p6e6u75xmxt8.cloudfront.net\/4\/2018\/08\/IMG_6705_preview-1024x683.webp 1024w, https:\/\/d2p6e6u75xmxt8.cloudfront.net\/4\/2018\/08\/IMG_6705_preview-300x200.webp 300w, https:\/\/d2p6e6u75xmxt8.cloudfront.net\/4\/2018\/08\/IMG_6705_preview-768x512.webp 768w, https:\/\/d2p6e6u75xmxt8.cloudfront.net\/4\/2018\/08\/IMG_6705_preview-1536x1024.webp 1536w, https:\/\/d2p6e6u75xmxt8.cloudfront.net\/4\/2018\/08\/IMG_6705_preview-1920x1280.webp 1920w, https:\/\/d2p6e6u75xmxt8.cloudfront.net\/4\/2018\/08\/IMG_6705_preview-272x182.webp 272w, https:\/\/d2p6e6u75xmxt8.cloudfront.net\/4\/2018\/08\/IMG_6705_preview.webp 2048w, https:\/\/d2p6e6u75xmxt8.cloudfront.net\/4\/2018\/08\/IMG_6705_preview-1920x1280.webp 1920w\" sizes=\"auto, (max-width: 1024px) 100vw, 1024px\" \/><\/a>\n\t\t\t<\/div><\/figure>\n\t\t<\/div>\n\n<p><strong><em>Si vlastne vzorom pre ve\u013ea mlad\u0161\u00edch diev\u010dat. \u010co by mali robi\u0165, ak chc\u00fa uspie\u0165 v\u00a0\u0161portovej discipl\u00edne ako je s\u00e1lov\u00e1 cyklistika? Mali by na \u00favod za\u010da\u0165 s\u00a0in\u00fdm \u0161portom? <\/em><\/strong><\/p>\n<p>Ak chc\u00fa uspie\u0165 v\u00a0s\u00e1lovej cyklistike, mali by ma\u0165 ve\u013ea trpezlivosti a\u00a0discipl\u00edny tr\u00e9nova\u0165 takmer ka\u017ed\u00fd de\u0148. Niekedy m\u00f4\u017ee by\u0165 silnou v\u00fdhodou sta\u0165 sa najprv gymnastkou. Ale ja sama som sa predt\u00fdm nevenovala in\u00fdm \u0161portom, tak\u017ee z\u00e1le\u017e\u00ed od pr\u00edpadu k\u00a0pr\u00edpadu. Omnoho d\u00f4le\u017eitej\u0161ie je za\u010da\u0165 v\u00a0mladom veku. Ale tie\u017e si\u00a0mysl\u00edm, \u017ee je to nastaven\u00edm mysle, \u010do diev\u010dat\u00e1 chc\u00fa dosiahnu\u0165 a\u00a0\u010do nechc\u00fa.<\/p>\n<p><strong><em>Cirque du Soleil je ve\u013emi zn\u00e1my anga\u017eovan\u00edm atl\u00e9tov vo svojich svetov\u00fdch show a \u201cKurio\u201d je zn\u00e1mym pr\u00edkladom anga\u017eovania s\u00e1lov\u00fdch cyklistov. Je toto smer, ktor\u00fdm by si sa chcela vyda\u0165 n\u00e1sledne po tvojej profesion\u00e1lnej kari\u00e9re?<\/em><\/strong><\/p>\n<p>\u00c1no, pre\u010do nie? Ale samozrejme by to bolo mo\u017en\u00e9 len po ukon\u010den\u00ed mojej pretek\u00e1rskej kari\u00e9ry. Bola by som viac ako \u0161\u0165astn\u00e1 dosta\u0165 pr\u00edle\u017eitos\u0165 spolupracova\u0165 s Cirque du Soleil.<\/p>\n<p>&nbsp;<\/p>\n<h3><strong>Violina topka<\/strong><\/h3>\n<p>A\u00a0z\u00e1verom m\u00e1me pre teba ot\u00e1zky s\u00a0mo\u017enos\u0165ou v\u00fdberu odpovede. Nazvime ich \u201eViolina topka\u201c. Pre ka\u017ed\u00fa z\u00a0nich \u0165a popros\u00edme vybra\u0165 si jednu mo\u017enos\u0165.<\/p>\n<p><strong><em>Violina topka #1: V\u00a0s\u00fa\u010dasnosti \u0161tuduje\u0161 na univerzite. Cestuje\u0161: na bicykli, verejnou dopravou alebo autom? <\/em><\/strong><\/p>\n<p>Nu\u017e, ke\u010f\u017ee vzdialenos\u0165 z\u00a0m\u00f4jho bydliska na univerzitu a\u00a0potom do mojej gymnastickej haly je pribli\u017ene 100 km (ktor\u00e9 mus\u00edm zdola\u0165 ka\u017ed\u00fd de\u0148), na bicykel by to bolo pr\u00edli\u0161 ve\u013ea! A\u00a0ke\u010f\u017ee verejn\u00e1 doprava pre mo\u017enos\u0165 takejto prepravy nie je tak dobr\u00e1 ako by som si priala, \u017eia\u013e, mus\u00edm sa spo\u013eahn\u00fa\u0165 na auto.<\/p>\n<p>Ak by to bolo mo\u017en\u00e9, najrad\u0161ej by som samozrejme jazdila na bicykli!<\/p>\n<p>https:\/\/www.instagram.com\/p\/BeV0K2DFbQg\/?hl=cs&amp;taken-by=violalovescycling<\/p>\n<p><strong><em>Violina topka #2: Mus\u00ed\u0161 si vybra\u0165 in\u00fa s\u00fa\u0165a\u017en\u00fa discipl\u00ednu. Ktor\u00e1 by to bola: gymnastiku, karate, cestn\u00fa cyklistiku alebo basketbal? <\/em><\/strong><\/p>\n<p>Jednozna\u010dne gymnastiku!<\/p>\n<p><strong><em>Violina topka #3: Po\u017eiadaj\u00fa \u0165a, aby si propagovala charitat\u00edvnu akciu. Ktor\u00fa t\u00e9mu by si si vybrala: \u0161portovanie v\u00a0\u0161kol\u00e1ch, obhajobu \u017eensk\u00fdch pr\u00e1v, v\u00fdskum rakoviny alebo zdrav\u00e9 \u0161kolsk\u00e9 obedy pre deti?<\/em><\/strong><\/p>\n<p>Vybrala by som si zdrav\u00e9 \u0161kolsk\u00e9 obedy pre deti.<\/p>\n<p><strong><em>Violina topka #4: Ktor\u00fa kombin\u00e1ciu by si si vybrala na oddychov\u00e9 v\u00edkendov\u00e9 bicyklovanie? Cestn\u00fd bicykel a\u00a0elas\u0165\u00e1ky, horsk\u00fd bicykel a\u00a0le\u017e\u00e9rne \u0161ortky s\u00a0tri\u010dkom alebo mestsk\u00fd bicykel a \u201e\u0161ik cyklo oble\u010denie v\u00a0amsterdamskom \u0161t\u00fdle\u201c? <\/em><\/strong><\/p>\n<p>Ur\u010dite by som volila \u0161ik cyklo \u0161t\u00fdl!<\/p>\n<p><strong><em>\u010eakujeme, Viola!<\/em><\/strong><\/p>\n","protected":false},"excerpt":{"rendered":"<p>Miss Peaches je alias Rak\u00fa\u0161anky Niny Gutenhaler na soci\u00e1lnych sie\u0165ach. Nina miluje downhill a Ninu zas miluj\u00fa na Instagrame a\u00a0Facebooku. [&hellip;]<\/p>\n","protected":false},"author":38,"featured_media":4630,"comment_status":"open","ping_status":"open","sticky":false,"template":"","format":"video","meta":{"footnotes":""},"categories":[5,118],"tags":[580,577,578,579,576,575],"global-categories":[],"class_list":["post-4619","post","type-post","status-publish","format-video","has-post-thumbnail","hentry","category-blog","category-zabava","tag-instagram","tag-krasojazda","tag-miss-peaches","tag-miss-peaches-na-cestach","tag-salova-cyklistika","tag-viola-brand","post_format-post-format-video"],"yoast_head":"<!-- This site is optimized with the Yoast SEO Premium plugin v25.3 (Yoast SEO v25.9) - https:\/\/yoast.com\/wordpress\/plugins\/seo\/ -->\n<title>Miss Peaches na cest\u00e1ch 1: Viola Brand - \u0160koda We Love Cycling Slovensko<\/title>\n<meta name=\"robots\" content=\"index, follow, max-snippet:-1, max-image-preview:large, max-video-preview:-1\" \/>\n<link rel=\"canonical\" href=\"https:\/\/www.welovecycling.com\/sk\/2018\/08\/24\/miss-peaches-na-cestach-viola-brand\/\" \/>\n<meta property=\"og:locale\" content=\"sk_SK\" \/>\n<meta property=\"og:type\" content=\"article\" \/>\n<meta property=\"og:title\" content=\"Miss Peaches na cest\u00e1ch 1: Viola Brand\" \/>\n<meta property=\"og:description\" content=\"Miss Peaches je alias Rak\u00fa\u0161anky Niny Gutenhaler na soci\u00e1lnych sie\u0165ach. Nina miluje downhill a Ninu zas miluj\u00fa na Instagrame a\u00a0Facebooku. [&hellip;]\" \/>\n<meta property=\"og:url\" content=\"https:\/\/www.welovecycling.com\/sk\/2018\/08\/24\/miss-peaches-na-cestach-viola-brand\/\" \/>\n<meta property=\"og:site_name\" content=\"\u0160koda We Love Cycling Slovensko\" \/>\n<meta property=\"article:published_time\" content=\"2018-08-24T13:36:36+00:00\" \/>\n<meta property=\"article:modified_time\" content=\"2018-11-09T10:14:02+00:00\" \/>\n<meta property=\"og:image\" content=\"https:\/\/d2p6e6u75xmxt8.cloudfront.net\/4\/2018\/08\/violacvr-2.webp\" \/>\n\t<meta property=\"og:image:width\" content=\"1366\" \/>\n\t<meta property=\"og:image:height\" content=\"600\" \/>\n\t<meta property=\"og:image:type\" content=\"image\/webp\" \/>\n<meta name=\"author\" content=\"Ondrej Ga\u0161par\" \/>\n<meta name=\"twitter:card\" content=\"summary_large_image\" \/>\n<meta name=\"twitter:label1\" content=\"Written by\" \/>\n\t<meta name=\"twitter:data1\" content=\"Jonathan Bouchard (Polska \u00e0 v\u00e9lo)\" \/>\n\t<meta name=\"twitter:label2\" content=\"Est. watching time\" \/>\n\t<meta name=\"twitter:data2\" content=\"5\" \/>\n<script type=\"application\/ld+json\" class=\"yoast-schema-graph\">{\"@context\":\"https:\/\/schema.org\",\"@graph\":[{\"@type\":\"WebPage\",\"@id\":\"https:\/\/www.welovecycling.com\/sk\/2018\/08\/24\/miss-peaches-na-cestach-viola-brand\/\",\"url\":\"https:\/\/www.welovecycling.com\/sk\/2018\/08\/24\/miss-peaches-na-cestach-viola-brand\/\",\"name\":\"Miss Peaches na cest\u00e1ch 1: Viola Brand - \u0160koda We Love Cycling Slovensko\",\"isPartOf\":{\"@id\":\"https:\/\/www.welovecycling.com\/sk\/#website\"},\"primaryImageOfPage\":{\"@id\":\"https:\/\/www.welovecycling.com\/sk\/2018\/08\/24\/miss-peaches-na-cestach-viola-brand\/#primaryimage\"},\"image\":{\"@id\":\"https:\/\/www.welovecycling.com\/sk\/2018\/08\/24\/miss-peaches-na-cestach-viola-brand\/#primaryimage\"},\"thumbnailUrl\":\"https:\/\/d2p6e6u75xmxt8.cloudfront.net\/4\/2018\/08\/violacvr-2.webp\",\"datePublished\":\"2018-08-24T13:36:36+00:00\",\"dateModified\":\"2018-11-09T10:14:02+00:00\",\"author\":{\"@id\":\"https:\/\/www.welovecycling.com\/sk\/#\/schema\/person\/8ee09ba39b7e25b1870160aa5b3a89bc\"},\"breadcrumb\":{\"@id\":\"https:\/\/www.welovecycling.com\/sk\/2018\/08\/24\/miss-peaches-na-cestach-viola-brand\/#breadcrumb\"},\"inLanguage\":\"sk-SK\",\"potentialAction\":[{\"@type\":\"ReadAction\",\"target\":[\"https:\/\/www.welovecycling.com\/sk\/2018\/08\/24\/miss-peaches-na-cestach-viola-brand\/\"]}]},{\"@type\":\"ImageObject\",\"inLanguage\":\"sk-SK\",\"@id\":\"https:\/\/www.welovecycling.com\/sk\/2018\/08\/24\/miss-peaches-na-cestach-viola-brand\/#primaryimage\",\"url\":\"https:\/\/d2p6e6u75xmxt8.cloudfront.net\/4\/2018\/08\/violacvr-2.webp\",\"contentUrl\":\"https:\/\/d2p6e6u75xmxt8.cloudfront.net\/4\/2018\/08\/violacvr-2.webp\",\"width\":1366,\"height\":600},{\"@type\":\"BreadcrumbList\",\"@id\":\"https:\/\/www.welovecycling.com\/sk\/2018\/08\/24\/miss-peaches-na-cestach-viola-brand\/#breadcrumb\",\"itemListElement\":[{\"@type\":\"ListItem\",\"position\":1,\"name\":\"Home\",\"item\":\"https:\/\/www.welovecycling.com\/sk\/\"},{\"@type\":\"ListItem\",\"position\":2,\"name\":\"Miss Peaches na cest\u00e1ch 1: Viola Brand\"}]},{\"@type\":\"WebSite\",\"@id\":\"https:\/\/www.welovecycling.com\/sk\/#website\",\"url\":\"https:\/\/www.welovecycling.com\/sk\/\",\"name\":\"\u0160koda We Love Cycling Slovensko\",\"description\":\"\u0160koda We Love Cycling Slovensko je v\u00e1\u0161 ka\u017edodenn\u00fd zdroj noviniek a in\u0161pir\u00e1cie z sveta cyklistiky\",\"potentialAction\":[{\"@type\":\"SearchAction\",\"target\":{\"@type\":\"EntryPoint\",\"urlTemplate\":\"https:\/\/www.welovecycling.com\/sk\/?s={search_term_string}\"},\"query-input\":{\"@type\":\"PropertyValueSpecification\",\"valueRequired\":true,\"valueName\":\"search_term_string\"}}],\"inLanguage\":\"sk-SK\"},{\"@type\":\"Person\",\"@id\":\"https:\/\/www.welovecycling.com\/sk\/#\/schema\/person\/8ee09ba39b7e25b1870160aa5b3a89bc\",\"name\":\"Ondrej Ga\u0161par\",\"image\":{\"@type\":\"ImageObject\",\"inLanguage\":\"sk-SK\",\"@id\":\"https:\/\/www.welovecycling.com\/sk\/#\/schema\/person\/image\/\",\"url\":\"https:\/\/secure.gravatar.com\/avatar\/6126c9afb87b70da5abbb083ddbb21933da15f18f8ca7cb822aba0fb096a48f6?s=96&d=mm&r=g\",\"contentUrl\":\"https:\/\/secure.gravatar.com\/avatar\/6126c9afb87b70da5abbb083ddbb21933da15f18f8ca7cb822aba0fb096a48f6?s=96&d=mm&r=g\",\"caption\":\"Ondrej Ga\u0161par\"},\"url\":\"https:\/\/www.welovecycling.com\/sk\/author\/ondrejgaspar\/\"}]}<\/script>\n<!-- \/ Yoast SEO Premium plugin. -->","yoast_head_json":{"title":"Miss Peaches na cest\u00e1ch 1: Viola Brand - \u0160koda We Love Cycling Slovensko","robots":{"index":"index","follow":"follow","max-snippet":"max-snippet:-1","max-image-preview":"max-image-preview:large","max-video-preview":"max-video-preview:-1"},"canonical":"https:\/\/www.welovecycling.com\/sk\/2018\/08\/24\/miss-peaches-na-cestach-viola-brand\/","og_locale":"sk_SK","og_type":"article","og_title":"Miss Peaches na cest\u00e1ch 1: Viola Brand","og_description":"Miss Peaches je alias Rak\u00fa\u0161anky Niny Gutenhaler na soci\u00e1lnych sie\u0165ach. Nina miluje downhill a Ninu zas miluj\u00fa na Instagrame a\u00a0Facebooku. [&hellip;]","og_url":"https:\/\/www.welovecycling.com\/sk\/2018\/08\/24\/miss-peaches-na-cestach-viola-brand\/","og_site_name":"\u0160koda We Love Cycling Slovensko","article_published_time":"2018-08-24T13:36:36+00:00","article_modified_time":"2018-11-09T10:14:02+00:00","og_image":[{"width":1366,"height":600,"url":"https:\/\/d2p6e6u75xmxt8.cloudfront.net\/4\/2018\/08\/violacvr-2.webp","type":"image\/webp"}],"author":"Ondrej Ga\u0161par","twitter_card":"summary_large_image","twitter_misc":{"Written by":"Jonathan Bouchard (Polska \u00e0 v\u00e9lo)","Est. watching time":"5"},"schema":{"@context":"https:\/\/schema.org","@graph":[{"@type":"WebPage","@id":"https:\/\/www.welovecycling.com\/sk\/2018\/08\/24\/miss-peaches-na-cestach-viola-brand\/","url":"https:\/\/www.welovecycling.com\/sk\/2018\/08\/24\/miss-peaches-na-cestach-viola-brand\/","name":"Miss Peaches na cest\u00e1ch 1: Viola Brand - \u0160koda We Love Cycling Slovensko","isPartOf":{"@id":"https:\/\/www.welovecycling.com\/sk\/#website"},"primaryImageOfPage":{"@id":"https:\/\/www.welovecycling.com\/sk\/2018\/08\/24\/miss-peaches-na-cestach-viola-brand\/#primaryimage"},"image":{"@id":"https:\/\/www.welovecycling.com\/sk\/2018\/08\/24\/miss-peaches-na-cestach-viola-brand\/#primaryimage"},"thumbnailUrl":"https:\/\/d2p6e6u75xmxt8.cloudfront.net\/4\/2018\/08\/violacvr-2.webp","datePublished":"2018-08-24T13:36:36+00:00","dateModified":"2018-11-09T10:14:02+00:00","author":{"@id":"https:\/\/www.welovecycling.com\/sk\/#\/schema\/person\/8ee09ba39b7e25b1870160aa5b3a89bc"},"breadcrumb":{"@id":"https:\/\/www.welovecycling.com\/sk\/2018\/08\/24\/miss-peaches-na-cestach-viola-brand\/#breadcrumb"},"inLanguage":"sk-SK","potentialAction":[{"@type":"ReadAction","target":["https:\/\/www.welovecycling.com\/sk\/2018\/08\/24\/miss-peaches-na-cestach-viola-brand\/"]}]},{"@type":"ImageObject","inLanguage":"sk-SK","@id":"https:\/\/www.welovecycling.com\/sk\/2018\/08\/24\/miss-peaches-na-cestach-viola-brand\/#primaryimage","url":"https:\/\/d2p6e6u75xmxt8.cloudfront.net\/4\/2018\/08\/violacvr-2.webp","contentUrl":"https:\/\/d2p6e6u75xmxt8.cloudfront.net\/4\/2018\/08\/violacvr-2.webp","width":1366,"height":600},{"@type":"BreadcrumbList","@id":"https:\/\/www.welovecycling.com\/sk\/2018\/08\/24\/miss-peaches-na-cestach-viola-brand\/#breadcrumb","itemListElement":[{"@type":"ListItem","position":1,"name":"Home","item":"https:\/\/www.welovecycling.com\/sk\/"},{"@type":"ListItem","position":2,"name":"Miss Peaches na cest\u00e1ch 1: Viola Brand"}]},{"@type":"WebSite","@id":"https:\/\/www.welovecycling.com\/sk\/#website","url":"https:\/\/www.welovecycling.com\/sk\/","name":"\u0160koda We Love Cycling Slovensko","description":"\u0160koda We Love Cycling Slovensko je v\u00e1\u0161 ka\u017edodenn\u00fd zdroj noviniek a in\u0161pir\u00e1cie z sveta cyklistiky","potentialAction":[{"@type":"SearchAction","target":{"@type":"EntryPoint","urlTemplate":"https:\/\/www.welovecycling.com\/sk\/?s={search_term_string}"},"query-input":{"@type":"PropertyValueSpecification","valueRequired":true,"valueName":"search_term_string"}}],"inLanguage":"sk-SK"},{"@type":"Person","@id":"https:\/\/www.welovecycling.com\/sk\/#\/schema\/person\/8ee09ba39b7e25b1870160aa5b3a89bc","name":"Ondrej Ga\u0161par","image":{"@type":"ImageObject","inLanguage":"sk-SK","@id":"https:\/\/www.welovecycling.com\/sk\/#\/schema\/person\/image\/","url":"https:\/\/secure.gravatar.com\/avatar\/6126c9afb87b70da5abbb083ddbb21933da15f18f8ca7cb822aba0fb096a48f6?s=96&d=mm&r=g","contentUrl":"https:\/\/secure.gravatar.com\/avatar\/6126c9afb87b70da5abbb083ddbb21933da15f18f8ca7cb822aba0fb096a48f6?s=96&d=mm&r=g","caption":"Ondrej Ga\u0161par"},"url":"https:\/\/www.welovecycling.com\/sk\/author\/ondrejgaspar\/"}]}},"_links":{"self":[{"href":"https:\/\/www.welovecycling.com\/sk\/wp-json\/wp\/v2\/posts\/4619","targetHints":{"allow":["GET"]}}],"collection":[{"href":"https:\/\/www.welovecycling.com\/sk\/wp-json\/wp\/v2\/posts"}],"about":[{"href":"https:\/\/www.welovecycling.com\/sk\/wp-json\/wp\/v2\/types\/post"}],"author":[{"embeddable":true,"href":"https:\/\/www.welovecycling.com\/sk\/wp-json\/wp\/v2\/users\/38"}],"replies":[{"embeddable":true,"href":"https:\/\/www.welovecycling.com\/sk\/wp-json\/wp\/v2\/comments?post=4619"}],"version-history":[{"count":2,"href":"https:\/\/www.welovecycling.com\/sk\/wp-json\/wp\/v2\/posts\/4619\/revisions"}],"predecessor-version":[{"id":4811,"href":"https:\/\/www.welovecycling.com\/sk\/wp-json\/wp\/v2\/posts\/4619\/revisions\/4811"}],"wp:featuredmedia":[{"embeddable":true,"href":"https:\/\/www.welovecycling.com\/sk\/wp-json\/wp\/v2\/media\/4630"}],"wp:attachment":[{"href":"https:\/\/www.welovecycling.com\/sk\/wp-json\/wp\/v2\/media?parent=4619"}],"wp:term":[{"taxonomy":"category","embeddable":true,"href":"https:\/\/www.welovecycling.com\/sk\/wp-json\/wp\/v2\/categories?post=4619"},{"taxonomy":"post_tag","embeddable":true,"href":"https:\/\/www.welovecycling.com\/sk\/wp-json\/wp\/v2\/tags?post=4619"},{"taxonomy":"global-categories","embeddable":true,"href":"https:\/\/www.welovecycling.com\/sk\/wp-json\/wp\/v2\/global-categories?post=4619"}],"curies":[{"name":"wp","href":"https:\/\/api.w.org\/{rel}","templated":true}]}}