{"id":4617,"date":"2018-08-09T16:10:05","date_gmt":"2018-08-09T14:10:05","guid":{"rendered":"https:\/\/www.welovecycling.com\/sk\/?p=4617"},"modified":"2019-07-04T16:29:32","modified_gmt":"2019-07-04T14:29:32","slug":"tour-karavana-radost-a-darceky-na-vsetky-strany","status":"publish","type":"post","link":"https:\/\/www.welovecycling.com\/sk\/2018\/08\/09\/tour-karavana-radost-a-darceky-na-vsetky-strany\/","title":{"rendered":"Tour karav\u00e1na: Rados\u0165 a dar\u010deky na v\u0161etky strany!"},"content":{"rendered":"<p><strong><span id=\"result_box\" class=\"\" lang=\"sk\" tabindex=\"-1\">Ke\u010f sa medzi n\u00e1v\u0161tevn\u00edkmi Tour de France robil pred p\u00e1r rokmi prieskum, takmer polovica uviedla, \u017ee sa pri\u0161li pozrie\u0165 na Tour hlavne z jedn\u00e9ho d\u00f4vodu &#8211; za\u017ei\u0165 karav\u00e1nu Le Tour. <span class=\"\">La Caravane du Tour je dlhoro\u010dn\u00e1 a milovan\u00e1 trad\u00edcia, ktor\u00e1 predch\u00e1dza otvoreniu ka\u017edej etapy (pribli\u017ene dve hodiny pred samotn\u00fdm pelot\u00f3nom).<\/span> Tento n\u00e1pad sa zrodil p<span class=\"\">red 88 rokmi v hlave Henriho Desgrangea &#8211; otca samotnej Tour.<\/span> O \u010do v\u0161ak presne ide?<\/span><\/strong><\/p>\n<p><!--more--><\/p>\n<p><span id=\"result_box\" class=\"\" lang=\"sk\" tabindex=\"-1\">Podobne ako v\u0161etky ve\u013ek\u00e9 \u0161portov\u00e9 udalosti po celom svete, stoj\u00ed aj za existenciou Tour de France arm\u00e1da sponzorov a obchodn\u00fdch partnerov. T\u00e1to karav\u00e1na je ich jedine\u010dnou \u0161ancou za\u017eiari\u0165. V\u0161etci to tak doslova aj ber\u00fa (ich potenci\u00e1lni z\u00e1kazn\u00edci napokon stoja priamo pri ceste). Karav\u00e1na <span class=\"\">m\u00f4\u017ee dosahova\u0165 d\u013a\u017eku a\u017e 12 kilometrov a pohybuje sa v nej pribli\u017ene 160 &#8211; 170 vyzdoben\u00fdch \u00e1ut, n\u00e1kla\u010f\u00e1kov a \u010fal\u0161\u00edch &#8222;dopravn\u00fdch prostriedkov&#8220; od v\u00fdmyslu sveta, ktor\u00fdch jedin\u00fdm cie\u013eom je zab\u00e1va\u0165 div\u00e1kov, urobi\u0165 poriadnu show a z\u00edska\u0165 pozornos\u0165 pre partnersk\u00e9 zna\u010dky.<\/span><\/span><\/p>\n<div class=\"embed-controller-wrapper\">\n<div class=\"embed-wrapper\"><iframe title=\"KAROQ a KODIAQ na \u010dele pelot\u00f3nu\" width=\"500\" height=\"281\" data-src=\"https:\/\/www.youtube.com\/embed\/uOEqxO6KgNQ?feature=oembed\" frameborder=\"0\" allow=\"accelerometer; autoplay; clipboard-write; encrypted-media; gyroscope; picture-in-picture; web-share\" referrerpolicy=\"strict-origin-when-cross-origin\" allowfullscreen><\/iframe><\/div>\n<\/div>\n<div id='gallery-1' class='gallery galleryid-4617 gallery-columns-2 gallery-size-full'><figure class='gallery-item'>\n\t\t\t<div class='gallery-icon landscape'>\n\t\t\t\t<a href='https:\/\/d2p6e6u75xmxt8.cloudfront.net\/4\/2018\/08\/pubcar1.webp'><img loading=\"lazy\" decoding=\"async\" width=\"1377\" height=\"918\" src=\"https:\/\/d2p6e6u75xmxt8.cloudfront.net\/4\/2018\/08\/pubcar1.webp\" class=\"attachment-full size-full\" alt=\"\" srcset=\"https:\/\/d2p6e6u75xmxt8.cloudfront.net\/4\/2018\/08\/pubcar1.webp 1377w, https:\/\/d2p6e6u75xmxt8.cloudfront.net\/4\/2018\/08\/pubcar1-300x200.webp 300w, https:\/\/d2p6e6u75xmxt8.cloudfront.net\/4\/2018\/08\/pubcar1-1024x683.webp 1024w, https:\/\/d2p6e6u75xmxt8.cloudfront.net\/4\/2018\/08\/pubcar1-768x512.webp 768w, https:\/\/d2p6e6u75xmxt8.cloudfront.net\/4\/2018\/08\/pubcar1-272x182.webp 272w\" sizes=\"auto, (max-width: 1377px) 100vw, 1377px\" \/><\/a>\n\t\t\t<\/div><\/figure><figure class='gallery-item'>\n\t\t\t<div class='gallery-icon landscape'>\n\t\t\t\t<a href='https:\/\/d2p6e6u75xmxt8.cloudfront.net\/4\/2018\/08\/pubcar2.webp'><img loading=\"lazy\" decoding=\"async\" width=\"1377\" height=\"918\" src=\"https:\/\/d2p6e6u75xmxt8.cloudfront.net\/4\/2018\/08\/pubcar2.webp\" class=\"attachment-full size-full\" alt=\"\" srcset=\"https:\/\/d2p6e6u75xmxt8.cloudfront.net\/4\/2018\/08\/pubcar2.webp 1377w, https:\/\/d2p6e6u75xmxt8.cloudfront.net\/4\/2018\/08\/pubcar2-300x200.webp 300w, https:\/\/d2p6e6u75xmxt8.cloudfront.net\/4\/2018\/08\/pubcar2-1024x683.webp 1024w, https:\/\/d2p6e6u75xmxt8.cloudfront.net\/4\/2018\/08\/pubcar2-768x512.webp 768w, https:\/\/d2p6e6u75xmxt8.cloudfront.net\/4\/2018\/08\/pubcar2-272x182.webp 272w\" sizes=\"auto, (max-width: 1377px) 100vw, 1377px\" \/><\/a>\n\t\t\t<\/div><\/figure>\n\t\t<\/div>\n\n<p><span id=\"result_box\" class=\"\" lang=\"sk\" tabindex=\"-1\"><span class=\"\">Pam\u00e4t\u00e1te si na n\u00e1\u0161 <a href=\"https:\/\/www.welovecycling.com\/sk\/otestuj-sa\/\" target=\"_blank\" rel=\"noopener\">test &#8222;cyklistick\u00fdch&#8220; osobnost\u00ed<\/a>?<\/span> <span class=\"\">Karav\u00e1na \u0160koda na piatich SUV \u0160koda KODIAQ a \u0160koda KAROQ vezie (poriadne) nadrozmern\u00e9 sochy na\u0161ich ob\u013e\u00faben\u00fdch usmievav\u00fdch cyklistov &#8211; a samozrejme aj obrovsk\u00fa repliku v\u00ed\u0165azn\u00e9ho zelen\u00e9ho dresu.<\/span> Skuto\u010dn\u00fd d\u00f4vod, pre\u010do to\u013ek\u00ed post\u00e1vaj\u00fa popri cest\u00e1ch je v\u0161ak in\u00fd &#8211; <span class=\"\">v\u0161etci chc\u00fa predsa dar\u010deky. T\u00fdmi ich v hojnej miere &#8222;kropia&#8220; hostesky z prech\u00e1dzaj\u00facich \u00e1ut. A \u017ee ich je naozaj hromada sved\u010dia aj \u010d\u00edsla &#8211; \u0160koda t\u00edm ka\u017ed\u00fd de\u0148 rozd\u00e1 dychtiv\u00fdm fan\u00fa\u0161ikom cyklistiky viac ako <\/span>30 000 \u010diapok a dresov, spolu takmer 600 000 dar\u010dekov.<br \/>\n<\/span><\/p>\n<p>Karav\u00e1na m\u00e1 e\u0161te jednu ve\u013emi d\u00f4le\u017eit\u00fa \u00falohu. Poriadne na\u0161tartova\u0165 fan\u00fa\u0161ikov pred pr\u00edchodom pelot\u00f3nu, aby si to v\u0161etci (nezab\u00fadajme na samotn\u00fdch jazdcov, aj t\u00ed potrebuj\u00fa povzbudi\u0165) poriadne u\u017eili. Viac sa do\u010d\u00edtate na <a href=\"https:\/\/www.skoda-storyboard.com\/cs\/sport\/cyklistika\/predskokani\/\" target=\"_blank\" rel=\"noopener\">\u0160koda Storyboard<\/a>.<\/p>\n","protected":false},"excerpt":{"rendered":"<p>Ke\u010f sa medzi n\u00e1v\u0161tevn\u00edkmi Tour de France robil pred p\u00e1r rokmi prieskum, takmer polovica uviedla, \u017ee sa pri\u0161li pozrie\u0165 na [&hellip;]<\/p>\n","protected":false},"author":38,"featured_media":4625,"comment_status":"open","ping_status":"open","sticky":false,"template":"","format":"video","meta":{"footnotes":""},"categories":[4,117,118],"tags":[554,468,555,20,810,156],"global-categories":[],"class_list":["post-4617","post","type-post","status-publish","format-video","has-post-thumbnail","hentry","category-cestna-cyklisitika","category-tour-de-france","category-zabava","tag-karavana","tag-skoda-karoq","tag-skoda-kodiaq","tag-tour-de-france","tag-tour-de-france-2019","tag-zeleny-dres","post_format-post-format-video"],"yoast_head":"<!-- This site is optimized with the Yoast SEO Premium plugin v25.3 (Yoast SEO v25.9) - https:\/\/yoast.com\/wordpress\/plugins\/seo\/ -->\n<title>Tour karav\u00e1na: Rados\u0165 a dar\u010deky na v\u0161etky strany! - \u0160koda We Love Cycling Slovensko<\/title>\n<meta name=\"robots\" content=\"index, follow, max-snippet:-1, max-image-preview:large, max-video-preview:-1\" \/>\n<link rel=\"canonical\" href=\"https:\/\/www.welovecycling.com\/sk\/2018\/08\/09\/tour-karavana-radost-a-darceky-na-vsetky-strany\/\" \/>\n<meta property=\"og:locale\" content=\"sk_SK\" \/>\n<meta property=\"og:type\" content=\"article\" \/>\n<meta property=\"og:title\" content=\"Tour karav\u00e1na: Rados\u0165 a dar\u010deky na v\u0161etky strany!\" \/>\n<meta property=\"og:description\" content=\"Ke\u010f sa medzi n\u00e1v\u0161tevn\u00edkmi Tour de France robil pred p\u00e1r rokmi prieskum, takmer polovica uviedla, \u017ee sa pri\u0161li pozrie\u0165 na [&hellip;]\" \/>\n<meta property=\"og:url\" content=\"https:\/\/www.welovecycling.com\/sk\/2018\/08\/09\/tour-karavana-radost-a-darceky-na-vsetky-strany\/\" \/>\n<meta property=\"og:site_name\" content=\"\u0160koda We Love Cycling Slovensko\" \/>\n<meta property=\"article:published_time\" content=\"2018-08-09T14:10:05+00:00\" \/>\n<meta property=\"article:modified_time\" content=\"2019-07-04T14:29:32+00:00\" \/>\n<meta property=\"og:image\" content=\"https:\/\/d2p6e6u75xmxt8.cloudfront.net\/4\/2018\/08\/pubcar.webp\" \/>\n\t<meta property=\"og:image:width\" content=\"1367\" \/>\n\t<meta property=\"og:image:height\" content=\"600\" \/>\n\t<meta property=\"og:image:type\" content=\"image\/webp\" \/>\n<meta name=\"author\" content=\"Ondrej Ga\u0161par\" \/>\n<meta name=\"twitter:card\" content=\"summary_large_image\" \/>\n<meta name=\"twitter:label1\" content=\"Written by\" \/>\n\t<meta name=\"twitter:data1\" content=\"Franti\u0161ka Bla\u017ekov\u00e1\" \/>\n\t<meta name=\"twitter:label2\" content=\"Est. watching time\" \/>\n\t<meta name=\"twitter:data2\" content=\"3\" \/>\n<script type=\"application\/ld+json\" class=\"yoast-schema-graph\">{\"@context\":\"https:\/\/schema.org\",\"@graph\":[{\"@type\":\"WebPage\",\"@id\":\"https:\/\/www.welovecycling.com\/sk\/2018\/08\/09\/tour-karavana-radost-a-darceky-na-vsetky-strany\/\",\"url\":\"https:\/\/www.welovecycling.com\/sk\/2018\/08\/09\/tour-karavana-radost-a-darceky-na-vsetky-strany\/\",\"name\":\"Tour karav\u00e1na: Rados\u0165 a dar\u010deky na v\u0161etky strany! - \u0160koda We Love Cycling Slovensko\",\"isPartOf\":{\"@id\":\"https:\/\/www.welovecycling.com\/sk\/#website\"},\"primaryImageOfPage\":{\"@id\":\"https:\/\/www.welovecycling.com\/sk\/2018\/08\/09\/tour-karavana-radost-a-darceky-na-vsetky-strany\/#primaryimage\"},\"image\":{\"@id\":\"https:\/\/www.welovecycling.com\/sk\/2018\/08\/09\/tour-karavana-radost-a-darceky-na-vsetky-strany\/#primaryimage\"},\"thumbnailUrl\":\"https:\/\/d2p6e6u75xmxt8.cloudfront.net\/4\/2018\/08\/pubcar.webp\",\"datePublished\":\"2018-08-09T14:10:05+00:00\",\"dateModified\":\"2019-07-04T14:29:32+00:00\",\"author\":{\"@id\":\"https:\/\/www.welovecycling.com\/sk\/#\/schema\/person\/8ee09ba39b7e25b1870160aa5b3a89bc\"},\"breadcrumb\":{\"@id\":\"https:\/\/www.welovecycling.com\/sk\/2018\/08\/09\/tour-karavana-radost-a-darceky-na-vsetky-strany\/#breadcrumb\"},\"inLanguage\":\"sk-SK\",\"potentialAction\":[{\"@type\":\"ReadAction\",\"target\":[\"https:\/\/www.welovecycling.com\/sk\/2018\/08\/09\/tour-karavana-radost-a-darceky-na-vsetky-strany\/\"]}]},{\"@type\":\"ImageObject\",\"inLanguage\":\"sk-SK\",\"@id\":\"https:\/\/www.welovecycling.com\/sk\/2018\/08\/09\/tour-karavana-radost-a-darceky-na-vsetky-strany\/#primaryimage\",\"url\":\"https:\/\/d2p6e6u75xmxt8.cloudfront.net\/4\/2018\/08\/pubcar.webp\",\"contentUrl\":\"https:\/\/d2p6e6u75xmxt8.cloudfront.net\/4\/2018\/08\/pubcar.webp\",\"width\":1367,\"height\":600},{\"@type\":\"BreadcrumbList\",\"@id\":\"https:\/\/www.welovecycling.com\/sk\/2018\/08\/09\/tour-karavana-radost-a-darceky-na-vsetky-strany\/#breadcrumb\",\"itemListElement\":[{\"@type\":\"ListItem\",\"position\":1,\"name\":\"Home\",\"item\":\"https:\/\/www.welovecycling.com\/sk\/\"},{\"@type\":\"ListItem\",\"position\":2,\"name\":\"Tour karav\u00e1na: Rados\u0165 a dar\u010deky na v\u0161etky strany!\"}]},{\"@type\":\"WebSite\",\"@id\":\"https:\/\/www.welovecycling.com\/sk\/#website\",\"url\":\"https:\/\/www.welovecycling.com\/sk\/\",\"name\":\"\u0160koda We Love Cycling Slovensko\",\"description\":\"\u0160koda We Love Cycling Slovensko je v\u00e1\u0161 ka\u017edodenn\u00fd zdroj noviniek a in\u0161pir\u00e1cie z sveta cyklistiky\",\"potentialAction\":[{\"@type\":\"SearchAction\",\"target\":{\"@type\":\"EntryPoint\",\"urlTemplate\":\"https:\/\/www.welovecycling.com\/sk\/?s={search_term_string}\"},\"query-input\":{\"@type\":\"PropertyValueSpecification\",\"valueRequired\":true,\"valueName\":\"search_term_string\"}}],\"inLanguage\":\"sk-SK\"},{\"@type\":\"Person\",\"@id\":\"https:\/\/www.welovecycling.com\/sk\/#\/schema\/person\/8ee09ba39b7e25b1870160aa5b3a89bc\",\"name\":\"Ondrej Ga\u0161par\",\"image\":{\"@type\":\"ImageObject\",\"inLanguage\":\"sk-SK\",\"@id\":\"https:\/\/www.welovecycling.com\/sk\/#\/schema\/person\/image\/\",\"url\":\"https:\/\/secure.gravatar.com\/avatar\/6126c9afb87b70da5abbb083ddbb21933da15f18f8ca7cb822aba0fb096a48f6?s=96&d=mm&r=g\",\"contentUrl\":\"https:\/\/secure.gravatar.com\/avatar\/6126c9afb87b70da5abbb083ddbb21933da15f18f8ca7cb822aba0fb096a48f6?s=96&d=mm&r=g\",\"caption\":\"Ondrej Ga\u0161par\"},\"url\":\"https:\/\/www.welovecycling.com\/sk\/author\/ondrejgaspar\/\"}]}<\/script>\n<!-- \/ Yoast SEO Premium plugin. -->","yoast_head_json":{"title":"Tour karav\u00e1na: Rados\u0165 a dar\u010deky na v\u0161etky strany! - \u0160koda We Love Cycling Slovensko","robots":{"index":"index","follow":"follow","max-snippet":"max-snippet:-1","max-image-preview":"max-image-preview:large","max-video-preview":"max-video-preview:-1"},"canonical":"https:\/\/www.welovecycling.com\/sk\/2018\/08\/09\/tour-karavana-radost-a-darceky-na-vsetky-strany\/","og_locale":"sk_SK","og_type":"article","og_title":"Tour karav\u00e1na: Rados\u0165 a dar\u010deky na v\u0161etky strany!","og_description":"Ke\u010f sa medzi n\u00e1v\u0161tevn\u00edkmi Tour de France robil pred p\u00e1r rokmi prieskum, takmer polovica uviedla, \u017ee sa pri\u0161li pozrie\u0165 na [&hellip;]","og_url":"https:\/\/www.welovecycling.com\/sk\/2018\/08\/09\/tour-karavana-radost-a-darceky-na-vsetky-strany\/","og_site_name":"\u0160koda We Love Cycling Slovensko","article_published_time":"2018-08-09T14:10:05+00:00","article_modified_time":"2019-07-04T14:29:32+00:00","og_image":[{"width":1367,"height":600,"url":"https:\/\/d2p6e6u75xmxt8.cloudfront.net\/4\/2018\/08\/pubcar.webp","type":"image\/webp"}],"author":"Ondrej Ga\u0161par","twitter_card":"summary_large_image","twitter_misc":{"Written by":"Franti\u0161ka Bla\u017ekov\u00e1","Est. watching time":"3"},"schema":{"@context":"https:\/\/schema.org","@graph":[{"@type":"WebPage","@id":"https:\/\/www.welovecycling.com\/sk\/2018\/08\/09\/tour-karavana-radost-a-darceky-na-vsetky-strany\/","url":"https:\/\/www.welovecycling.com\/sk\/2018\/08\/09\/tour-karavana-radost-a-darceky-na-vsetky-strany\/","name":"Tour karav\u00e1na: Rados\u0165 a dar\u010deky na v\u0161etky strany! - \u0160koda We Love Cycling Slovensko","isPartOf":{"@id":"https:\/\/www.welovecycling.com\/sk\/#website"},"primaryImageOfPage":{"@id":"https:\/\/www.welovecycling.com\/sk\/2018\/08\/09\/tour-karavana-radost-a-darceky-na-vsetky-strany\/#primaryimage"},"image":{"@id":"https:\/\/www.welovecycling.com\/sk\/2018\/08\/09\/tour-karavana-radost-a-darceky-na-vsetky-strany\/#primaryimage"},"thumbnailUrl":"https:\/\/d2p6e6u75xmxt8.cloudfront.net\/4\/2018\/08\/pubcar.webp","datePublished":"2018-08-09T14:10:05+00:00","dateModified":"2019-07-04T14:29:32+00:00","author":{"@id":"https:\/\/www.welovecycling.com\/sk\/#\/schema\/person\/8ee09ba39b7e25b1870160aa5b3a89bc"},"breadcrumb":{"@id":"https:\/\/www.welovecycling.com\/sk\/2018\/08\/09\/tour-karavana-radost-a-darceky-na-vsetky-strany\/#breadcrumb"},"inLanguage":"sk-SK","potentialAction":[{"@type":"ReadAction","target":["https:\/\/www.welovecycling.com\/sk\/2018\/08\/09\/tour-karavana-radost-a-darceky-na-vsetky-strany\/"]}]},{"@type":"ImageObject","inLanguage":"sk-SK","@id":"https:\/\/www.welovecycling.com\/sk\/2018\/08\/09\/tour-karavana-radost-a-darceky-na-vsetky-strany\/#primaryimage","url":"https:\/\/d2p6e6u75xmxt8.cloudfront.net\/4\/2018\/08\/pubcar.webp","contentUrl":"https:\/\/d2p6e6u75xmxt8.cloudfront.net\/4\/2018\/08\/pubcar.webp","width":1367,"height":600},{"@type":"BreadcrumbList","@id":"https:\/\/www.welovecycling.com\/sk\/2018\/08\/09\/tour-karavana-radost-a-darceky-na-vsetky-strany\/#breadcrumb","itemListElement":[{"@type":"ListItem","position":1,"name":"Home","item":"https:\/\/www.welovecycling.com\/sk\/"},{"@type":"ListItem","position":2,"name":"Tour karav\u00e1na: Rados\u0165 a dar\u010deky na v\u0161etky strany!"}]},{"@type":"WebSite","@id":"https:\/\/www.welovecycling.com\/sk\/#website","url":"https:\/\/www.welovecycling.com\/sk\/","name":"\u0160koda We Love Cycling Slovensko","description":"\u0160koda We Love Cycling Slovensko je v\u00e1\u0161 ka\u017edodenn\u00fd zdroj noviniek a in\u0161pir\u00e1cie z sveta cyklistiky","potentialAction":[{"@type":"SearchAction","target":{"@type":"EntryPoint","urlTemplate":"https:\/\/www.welovecycling.com\/sk\/?s={search_term_string}"},"query-input":{"@type":"PropertyValueSpecification","valueRequired":true,"valueName":"search_term_string"}}],"inLanguage":"sk-SK"},{"@type":"Person","@id":"https:\/\/www.welovecycling.com\/sk\/#\/schema\/person\/8ee09ba39b7e25b1870160aa5b3a89bc","name":"Ondrej Ga\u0161par","image":{"@type":"ImageObject","inLanguage":"sk-SK","@id":"https:\/\/www.welovecycling.com\/sk\/#\/schema\/person\/image\/","url":"https:\/\/secure.gravatar.com\/avatar\/6126c9afb87b70da5abbb083ddbb21933da15f18f8ca7cb822aba0fb096a48f6?s=96&d=mm&r=g","contentUrl":"https:\/\/secure.gravatar.com\/avatar\/6126c9afb87b70da5abbb083ddbb21933da15f18f8ca7cb822aba0fb096a48f6?s=96&d=mm&r=g","caption":"Ondrej Ga\u0161par"},"url":"https:\/\/www.welovecycling.com\/sk\/author\/ondrejgaspar\/"}]}},"_links":{"self":[{"href":"https:\/\/www.welovecycling.com\/sk\/wp-json\/wp\/v2\/posts\/4617","targetHints":{"allow":["GET"]}}],"collection":[{"href":"https:\/\/www.welovecycling.com\/sk\/wp-json\/wp\/v2\/posts"}],"about":[{"href":"https:\/\/www.welovecycling.com\/sk\/wp-json\/wp\/v2\/types\/post"}],"author":[{"embeddable":true,"href":"https:\/\/www.welovecycling.com\/sk\/wp-json\/wp\/v2\/users\/38"}],"replies":[{"embeddable":true,"href":"https:\/\/www.welovecycling.com\/sk\/wp-json\/wp\/v2\/comments?post=4617"}],"version-history":[{"count":2,"href":"https:\/\/www.welovecycling.com\/sk\/wp-json\/wp\/v2\/posts\/4617\/revisions"}],"predecessor-version":[{"id":4635,"href":"https:\/\/www.welovecycling.com\/sk\/wp-json\/wp\/v2\/posts\/4617\/revisions\/4635"}],"wp:featuredmedia":[{"embeddable":true,"href":"https:\/\/www.welovecycling.com\/sk\/wp-json\/wp\/v2\/media\/4625"}],"wp:attachment":[{"href":"https:\/\/www.welovecycling.com\/sk\/wp-json\/wp\/v2\/media?parent=4617"}],"wp:term":[{"taxonomy":"category","embeddable":true,"href":"https:\/\/www.welovecycling.com\/sk\/wp-json\/wp\/v2\/categories?post=4617"},{"taxonomy":"post_tag","embeddable":true,"href":"https:\/\/www.welovecycling.com\/sk\/wp-json\/wp\/v2\/tags?post=4617"},{"taxonomy":"global-categories","embeddable":true,"href":"https:\/\/www.welovecycling.com\/sk\/wp-json\/wp\/v2\/global-categories?post=4617"}],"curies":[{"name":"wp","href":"https:\/\/api.w.org\/{rel}","templated":true}]}}