{"id":4586,"date":"2018-08-08T17:51:37","date_gmt":"2018-08-08T15:51:37","guid":{"rendered":"https:\/\/www.welovecycling.com\/sk\/?p=4586"},"modified":"2018-08-08T17:51:37","modified_gmt":"2018-08-08T15:51:37","slug":"transcontinental-race-2018-siahnite-si-na-dno-svojich-sil","status":"publish","type":"post","link":"https:\/\/www.welovecycling.com\/sk\/2018\/08\/08\/transcontinental-race-2018-siahnite-si-na-dno-svojich-sil\/","title":{"rendered":"Transcontinental Race 2018 &#8211; siahnite si na dno svojich s\u00edl"},"content":{"rendered":"<p><strong>Naj\u0165a\u017e\u0161\u00edm krokom k\u00a0vysnen\u00e9mu cie\u013eu je \u010dastokr\u00e1t strach z\u00a0mo\u017en\u00e9ho ne\u00faspechu. V\u00a0cyklistickom svete m\u00f4\u017eeme n\u00e1js\u0165 nespo\u010detn\u00e9 mno\u017estvo dobrodru\u017en\u00fdch akci\u00ed, na ktor\u00e9 sa radi pozrieme z\u00a0pohodlia domova, no \u00fa\u010das\u0165 na nich neprich\u00e1dza do \u00favahy.<\/strong><!--more--><\/p>\n<p>Ka\u017edoro\u010dne sa v\u0161ak n\u00e1jde nieko\u013eko stoviek zap\u00e1len\u00fdch jazdcov, odhodlan\u00fdch zmera\u0165 si sily s\u00a0pribli\u017ene <strong>4\u00a0000\u00a0kilometrov dlhou tra\u0165ou naprie\u010d Eur\u00f3pou<\/strong>. Vol\u00e1 sa Transcontinental Race, a\u00a0tento rok sa konal u\u017e jej 6. ro\u010dn\u00edk.<\/p>\n<h2><strong>Sk\u00f4r, ne\u017e sa prihl\u00e1site<\/strong><\/h2>\n<p>Trasa t\u00fdchto pretekov nie je striktne dan\u00e1. <strong>Pevne stanoven\u00fd je len \u0161tart<\/strong>, napl\u00e1novan\u00fd na desiatu hodinu ve\u010der 29. j\u00fala 2018 z Belgicka pod sl\u00e1vnym pav\u00e9 Muur van Geraardsbergen, <strong>cie\u013e<\/strong> v\u00a0Gr\u00e9cku na Meteore a\u00a0<strong>4 kontroln\u00e9 body medzi nimi<\/strong>. Okrem nich je na ka\u017edom\u00a0jazdcovi, ako si ur\u010d\u00ed svoju vlastn\u00fa cestu, najlep\u0161ie vyhovuj\u00facu jeho schopnostiam. Prim\u00e1rnym dopravn\u00fdm prostriedkom je cestn\u00fd bicykel. N\u00e1jdu sa aj tak\u00ed, ktor\u00ed c\u00edtia potrebu zn\u00e1sobi\u0165 dobrodru\u017estvo a\u00a0zvolia si, ako napr\u00edklad Roger Seaton, aj sklada\u010dku.<\/p>\n<p><a href=\"https:\/\/d2p6e6u75xmxt8.cloudfront.net\/4\/2018\/08\/02-1.jpg\"><img loading=\"lazy\" decoding=\"async\" class=\"alignnone size-full wp-image-4590\" src=\"https:\/\/d2p6e6u75xmxt8.cloudfront.net\/4\/2018\/08\/02-1.jpg\" alt=\"\" width=\"1200\" height=\"800\" \/><\/a><\/p>\n<h2><strong>Desatoro<\/strong><\/h2>\n<p>Podmienky \u00faspe\u0161n\u00e9ho absolvovania s\u00fa zhrnut\u00e9 do praktick\u00e9ho desatora:<\/p>\n<ol>\n<li>Prejdi zo \u0161tartu do cie\u013ea cez 4 kontroln\u00e9 stanovi\u0161tia.<\/li>\n<li>Bez pomoci tret\u00edch str\u00e1n, si na to s\u00e1m.<\/li>\n<li>Neh\u00e1kuj.<\/li>\n<li>Pohybuj sa len vlastnou silou.<\/li>\n<li>Vyu\u017e\u00edvaj trajekt len na ur\u010den\u00fdch miestach.<\/li>\n<li>Dr\u017e si evidenciu o\u00a0svojej jazde.<\/li>\n<li>Na dva dni zastav\u00ed\u0161 = koniec.<\/li>\n<li>Bez poistenia, helmy alebo svetiel = koniec.<\/li>\n<li>Na\u0161tuduj si dopravn\u00e9 predpisy a\u00a0dodr\u017eiavaj ich.<\/li>\n<li>Pretekaj v\u00a0duchu sebad\u00f4very a\u00a0rovnocennej pr\u00edle\u017eitosti.<\/li>\n<\/ol>\n<h2><strong>S\u00faperenie so sebou sam\u00fdm<br \/>\n<\/strong><\/h2>\n<p><strong>Mike Hall<\/strong>. Postava stojaca za TCR. Tento ro\u010dn\u00edk sa u\u017e nane\u0161\u0165astie konal bez neho, ke\u010f\u017ee po\u010das minuloro\u010dn\u00e9ho ultramarat\u00f3nu v\u00a0Austr\u00e1lii zahynul po zr\u00e1\u017eke s\u00a0autom. Jeho v\u00edzia o\u00a0celom TCR bola jednoduch\u00e1. Odhodla\u0165 sa a zdola\u0165 nemal\u00fa vzdialenos\u0165 len s\u00a0vlastnou pomocou, str\u00e1vi\u0165 dva t\u00fd\u017edne v\u00a0pr\u00edrode, siahnu\u0165 si na dno a\u00a0\u00faspe\u0161ne d\u00f4js\u0165 do cie\u013ea.<\/p>\n<p><a href=\"https:\/\/d2p6e6u75xmxt8.cloudfront.net\/4\/2018\/08\/09.jpg\"><img loading=\"lazy\" decoding=\"async\" class=\"alignnone size-full wp-image-4591\" src=\"https:\/\/d2p6e6u75xmxt8.cloudfront.net\/4\/2018\/08\/09.jpg\" alt=\"\" width=\"1200\" height=\"800\" \/><\/a><\/p>\n<h2><strong>TCR 2018<\/strong><\/h2>\n<p>Po \u0161tarte v\u00a0Belgicku sa \u0161tartovn\u00e9 pole natiahlo. Drviv\u00e1 v\u00e4\u010d\u0161ina si zvolila priamu cestu ku kontroln\u00e9mu bodu 1 <strong>(CP1), na\u00a0alpskom priesmyku Bielerh\u00f6he Pass<\/strong>. Na\u0161li sa aj jedinci, ktor\u00ed nev\u00e1hali obetova\u0165 riadnu d\u00e1vku kilometrov pri obch\u00e1dzke cez Nemecko, a\u017e do bl\u00edzkosti Frankfurtu nad Mohanom. Po jednom dni a\u00a0vy\u0161e deviatich hodin\u00e1ch sa na CP1 objavil Stephane Ouaja, nasledovan\u00fd Bj\u00f6rnom Lenhardom.<\/p>\n<div data-rows=\"1\" id='gallery-1' class='gallery-rows-1 gallery galleryid-4586 gallery-columns-2 gallery-size-full'><figure class='gallery-item'>\n\t\t\t<div class='gallery-icon landscape'>\n\t\t\t\t<a href='https:\/\/d2p6e6u75xmxt8.cloudfront.net\/4\/2018\/08\/03-1.webp'><img loading=\"lazy\" decoding=\"async\" width=\"1200\" height=\"800\" src=\"https:\/\/d2p6e6u75xmxt8.cloudfront.net\/4\/2018\/08\/03-1.webp\" class=\"attachment-full size-full\" alt=\"\" srcset=\"https:\/\/d2p6e6u75xmxt8.cloudfront.net\/4\/2018\/08\/03-1.webp 1200w, https:\/\/d2p6e6u75xmxt8.cloudfront.net\/4\/2018\/08\/03-1-300x200.webp 300w, https:\/\/d2p6e6u75xmxt8.cloudfront.net\/4\/2018\/08\/03-1-1024x683.webp 1024w, https:\/\/d2p6e6u75xmxt8.cloudfront.net\/4\/2018\/08\/03-1-768x512.webp 768w, https:\/\/d2p6e6u75xmxt8.cloudfront.net\/4\/2018\/08\/03-1-272x182.webp 272w\" sizes=\"auto, (max-width: 1200px) 100vw, 1200px\" \/><\/a>\n\t\t\t<\/div><\/figure><figure class='gallery-item'>\n\t\t\t<div class='gallery-icon landscape'>\n\t\t\t\t<a href='https:\/\/d2p6e6u75xmxt8.cloudfront.net\/4\/2018\/08\/04-1.webp'><img loading=\"lazy\" decoding=\"async\" width=\"1200\" height=\"800\" src=\"https:\/\/d2p6e6u75xmxt8.cloudfront.net\/4\/2018\/08\/04-1.webp\" class=\"attachment-full size-full\" alt=\"\" srcset=\"https:\/\/d2p6e6u75xmxt8.cloudfront.net\/4\/2018\/08\/04-1.webp 1200w, https:\/\/d2p6e6u75xmxt8.cloudfront.net\/4\/2018\/08\/04-1-300x200.webp 300w, https:\/\/d2p6e6u75xmxt8.cloudfront.net\/4\/2018\/08\/04-1-1024x683.webp 1024w, https:\/\/d2p6e6u75xmxt8.cloudfront.net\/4\/2018\/08\/04-1-768x512.webp 768w, https:\/\/d2p6e6u75xmxt8.cloudfront.net\/4\/2018\/08\/04-1-272x182.webp 272w\" sizes=\"auto, (max-width: 1200px) 100vw, 1200px\" \/><\/a>\n\t\t\t<\/div><\/figure>\n\t\t<\/div>\n        \n<lite-youtube videoid=Ncx_j26mer0 params=\"enablejsapi=1\" style=\"background-image: url('https:\/\/i.ytimg.com\/vi_webp\/Ncx_j26mer0\/maxresdefault.webp');\"><\/lite-youtube>\n<p>Malebn\u00e9 prostredie Rak\u00faskych \u00c1lp poskytovalo jazdcom okrem nezabudnute\u013en\u00fdch scen\u00e9rii aj n\u00e1ro\u010dn\u00e9 st\u00fapania v\u00a0okol\u00ed Innsbrucku a hran\u00edc s Talianskom. <strong>CP2, v\u00a0slovinskom Mangart saddle<\/strong>, nedok\u00e1zal dlho odol\u00e1va\u0165. U\u017e po necelom dni od CP1 k\u00a0nemu dorazil Bj\u00f6rn Lenhard, ktor\u00e9mu sa lepil na zadn\u00e9 koleso minuloro\u010dn\u00fd v\u00ed\u0165az James Hayden. Ouaja hl\u00e1sil zdravotn\u00e9 probl\u00e9my v\u00a0podobe podvrtnut\u00e9ho \u010dlenka. U\u017e v\u00a0tomto bode trasy vznikali nepreklenute\u013en\u00e9 odstupy. Posledn\u00ed prekon\u00e1vali CP2 a\u017e po \u0161iestich d\u0148och.<\/p>\n<p><a href=\"https:\/\/d2p6e6u75xmxt8.cloudfront.net\/4\/2018\/08\/08-1.jpg\"><img loading=\"lazy\" decoding=\"async\" class=\"alignnone size-full wp-image-4594\" src=\"https:\/\/d2p6e6u75xmxt8.cloudfront.net\/4\/2018\/08\/08-1.jpg\" alt=\"\" width=\"1200\" height=\"800\" \/><\/a><\/p>\n<p>D\u00f4le\u017eit\u00fdm faktorom bol aj sp\u00e1nok. Ani prv\u00ed, fini\u0161uj\u00faci u\u017e po \u00f4smych d\u0148och, nedok\u00e1\u017eu udr\u017ea\u0165 tak\u00e9to tempo bez \u201eporiadneho\u201c sp\u00e1nku. Na po\u010diatku tretieho d\u0148a naspali prv\u00ed dvaja jazdci vy\u0161e \u0161tyri hodiny.<\/p>\n<lite-youtube videoid=cD_mjwfFm24 params=\"enablejsapi=1\" style=\"background-image: url('https:\/\/i.ytimg.com\/vi_webp\/cD_mjwfFm24\/maxresdefault.webp');\"><\/lite-youtube>\n<p>V\u00fdlet za krowkami mohlo by\u0165 mottom pre<strong> CP3, nach\u00e1dzaj\u00facej sa na hraniciach \u010ceska a\u00a0Po\u013eska<\/strong>, na horskom priechode v\u00a0<strong>Krkono\u0161iach<\/strong>, na konci nepr\u00edjemn\u00e9ho st\u00fapania. Oddych v\u00a0podobe rovinatej\u0161ieho profilu cez \u00fazemie \u010ceskej republiky bol prekazen\u00fd menej znesite\u013en\u00fdmi teplotami nad 30 \u00b0C.<\/p>\n<p><a href=\"https:\/\/d2p6e6u75xmxt8.cloudfront.net\/4\/2018\/08\/05-1.jpg\"><img loading=\"lazy\" decoding=\"async\" class=\"alignnone size-full wp-image-4595\" src=\"https:\/\/d2p6e6u75xmxt8.cloudfront.net\/4\/2018\/08\/05-1.jpg\" alt=\"\" width=\"1200\" height=\"800\" \/><\/a><\/p>\n<p>\u00daspech sa nemeria len pod\u013ea vytrvalosti jazdca zdol\u00e1va\u0165 dlh\u00e9 kilometre. <strong>Ment\u00e1lna pripravenos\u0165 hr\u00e1 pr\u00edm<\/strong>.<\/p>\n<p><a href=\"https:\/\/d2p6e6u75xmxt8.cloudfront.net\/4\/2018\/08\/07-1.jpg\"><img loading=\"lazy\" decoding=\"async\" class=\"alignnone size-full wp-image-4596\" src=\"https:\/\/d2p6e6u75xmxt8.cloudfront.net\/4\/2018\/08\/07-1.jpg\" alt=\"\" width=\"1200\" height=\"800\" \/><\/a><\/p>\n<p>Defekt, vy\u010derpanie, bl\u00fadenie a\u00a0nedostatok jedla potr\u00e1pili nielen doposia\u013e prv\u00e9ho Lenharda. V\u00a0t\u00fdchto pretekoch ste ponechan\u00fd len s\u00e1m na seba.<\/p>\n<p><a href=\"https:\/\/d2p6e6u75xmxt8.cloudfront.net\/4\/2018\/08\/06-1.jpg\"><img loading=\"lazy\" decoding=\"async\" class=\"alignnone size-full wp-image-4597\" src=\"https:\/\/d2p6e6u75xmxt8.cloudfront.net\/4\/2018\/08\/06-1.jpg\" alt=\"\" width=\"1200\" height=\"800\" \/><\/a><\/p>\n<p>Naopak, Hayden, ktor\u00e9mu sa nepr\u00edjemnosti vyh\u00fdbali, dorazil do <strong>CP4 pri Sarajeve<\/strong> o\u00a0cel\u00fd de\u0148 pred Ouajom a\u00a0Lenhardom, po 6 d\u0148och a\u00a020 hodin\u00e1ch.<\/p>\n<p><a href=\"https:\/\/d2p6e6u75xmxt8.cloudfront.net\/4\/2018\/08\/10.jpg\"><img loading=\"lazy\" decoding=\"async\" class=\"alignnone size-full wp-image-4598\" src=\"https:\/\/d2p6e6u75xmxt8.cloudfront.net\/4\/2018\/08\/10.jpg\" alt=\"\" width=\"1200\" height=\"800\" \/><\/a><\/p>\n<p>\u201eLive tracking\u201c aj \u00f4smy de\u0148 pripom\u00ednal, \u017ee sa drviv\u00e1 v\u00e4\u010d\u0161ina e\u0161te \u201est\u00e1le\u201c nach\u00e1dza na \u00fazem\u00ed \u010ceska. Do cie\u013ea sa v\u0161ak nezastavite\u013ene r\u00fatil <strong>Hayden, ktor\u00fd nakoniec po 8 d\u0148och, 22 hodin\u00e1ch a 56 min\u00fatach, zdolal toto extr\u00e9mne n\u00e1ro\u010dn\u00e9 dobrodru\u017estvo<\/strong>.<\/p>\n<p><a href=\"https:\/\/d2p6e6u75xmxt8.cloudfront.net\/4\/2018\/08\/11.jpg\"><img loading=\"lazy\" decoding=\"async\" class=\"alignnone size-full wp-image-4599\" src=\"https:\/\/d2p6e6u75xmxt8.cloudfront.net\/4\/2018\/08\/11.jpg\" alt=\"\" width=\"1200\" height=\"800\" \/><\/a><\/p>\n<p>Aj ke\u010f e\u0161te na trati bojuje st\u00e1le vy\u0161e dvesto pretek\u00e1rov, <strong>v\u00ed\u0165az je u\u017e jasn\u00fd<\/strong>. Av\u0161ak, v\u00ed\u0165azom je ka\u017ed\u00fd z nich, ktor\u00fd sa podujal \u010deli\u0165 neistote, ktor\u00e1 sa v t\u00fdchto pretekoch skr\u00fdvala. Ich odmenou nakoniec nebud\u00fa vavr\u00edny, ale nezabudnute\u013en\u00e9 momenty, \u017eivotn\u00e9 sk\u00fasenosti a najm\u00e4 upevnen\u00fd zmysel &#8211; d\u00f4vod, pre\u010do to v\u0161etci podst\u00fapili.<\/p>\n<p><a href=\"https:\/\/d2p6e6u75xmxt8.cloudfront.net\/4\/2018\/08\/12.jpg\"><img loading=\"lazy\" decoding=\"async\" class=\"alignnone size-full wp-image-4600\" src=\"https:\/\/d2p6e6u75xmxt8.cloudfront.net\/4\/2018\/08\/12.jpg\" alt=\"\" width=\"1200\" height=\"800\" \/><\/a><\/p>\n<p>(Zdroje fotiek: instagram.com, James Robertson FB\/TranscontinentalRace, transcontinental.cc\/map)<\/p>\n","protected":false},"excerpt":{"rendered":"<p>Naj\u0165a\u017e\u0161\u00edm krokom k\u00a0vysnen\u00e9mu cie\u013eu je \u010dastokr\u00e1t strach z\u00a0mo\u017en\u00e9ho ne\u00faspechu. V\u00a0cyklistickom svete m\u00f4\u017eeme n\u00e1js\u0165 nespo\u010detn\u00e9 mno\u017estvo dobrodru\u017en\u00fdch akci\u00ed, na ktor\u00e9 sa [&hellip;]<\/p>\n","protected":false},"author":38,"featured_media":4589,"comment_status":"open","ping_status":"open","sticky":false,"template":"","format":"standard","meta":{"footnotes":""},"categories":[47,4],"tags":[275,115,487,533,179,201,534],"global-categories":[],"class_list":["post-4586","post","type-post","status-publish","format-standard","has-post-thumbnail","hentry","category-adrenalin","category-cestna-cyklisitika","tag-cesta","tag-cestna-cyklistika","tag-cestny-bicykel","tag-europa","tag-preteky","tag-transcontinental-race","tag-ultramaraton"],"yoast_head":"<!-- This site is optimized with the Yoast SEO Premium plugin v25.3 (Yoast SEO v25.9) - https:\/\/yoast.com\/wordpress\/plugins\/seo\/ -->\n<title>Transcontinental Race 2018 - siahnite si na dno svojich s\u00edl - \u0160koda We Love Cycling Slovensko<\/title>\n<meta name=\"robots\" content=\"index, follow, max-snippet:-1, max-image-preview:large, max-video-preview:-1\" \/>\n<link rel=\"canonical\" href=\"https:\/\/www.welovecycling.com\/sk\/2018\/08\/08\/transcontinental-race-2018-siahnite-si-na-dno-svojich-sil\/\" \/>\n<meta property=\"og:locale\" content=\"sk_SK\" \/>\n<meta property=\"og:type\" content=\"article\" \/>\n<meta property=\"og:title\" content=\"Transcontinental Race 2018 - siahnite si na dno svojich s\u00edl\" \/>\n<meta property=\"og:description\" content=\"Naj\u0165a\u017e\u0161\u00edm krokom k\u00a0vysnen\u00e9mu cie\u013eu je \u010dastokr\u00e1t strach z\u00a0mo\u017en\u00e9ho ne\u00faspechu. V\u00a0cyklistickom svete m\u00f4\u017eeme n\u00e1js\u0165 nespo\u010detn\u00e9 mno\u017estvo dobrodru\u017en\u00fdch akci\u00ed, na ktor\u00e9 sa [&hellip;]\" \/>\n<meta property=\"og:url\" content=\"https:\/\/www.welovecycling.com\/sk\/2018\/08\/08\/transcontinental-race-2018-siahnite-si-na-dno-svojich-sil\/\" \/>\n<meta property=\"og:site_name\" content=\"\u0160koda We Love Cycling Slovensko\" \/>\n<meta property=\"article:published_time\" content=\"2018-08-08T15:51:37+00:00\" \/>\n<meta property=\"og:image\" content=\"https:\/\/d2p6e6u75xmxt8.cloudfront.net\/4\/2018\/08\/00-1.webp\" \/>\n\t<meta property=\"og:image:width\" content=\"1380\" \/>\n\t<meta property=\"og:image:height\" content=\"600\" \/>\n\t<meta property=\"og:image:type\" content=\"image\/webp\" \/>\n<meta name=\"author\" content=\"Ondrej Ga\u0161par\" \/>\n<meta name=\"twitter:card\" content=\"summary_large_image\" \/>\n<meta name=\"twitter:label1\" content=\"Written by\" \/>\n\t<meta name=\"twitter:data1\" content=\"We Love Cycling\" \/>\n\t<meta name=\"twitter:label2\" content=\"Est. reading time\" \/>\n\t<meta name=\"twitter:data2\" content=\"3\" \/>\n<script type=\"application\/ld+json\" class=\"yoast-schema-graph\">{\"@context\":\"https:\/\/schema.org\",\"@graph\":[{\"@type\":\"WebPage\",\"@id\":\"https:\/\/www.welovecycling.com\/sk\/2018\/08\/08\/transcontinental-race-2018-siahnite-si-na-dno-svojich-sil\/\",\"url\":\"https:\/\/www.welovecycling.com\/sk\/2018\/08\/08\/transcontinental-race-2018-siahnite-si-na-dno-svojich-sil\/\",\"name\":\"Transcontinental Race 2018 - siahnite si na dno svojich s\u00edl - \u0160koda We Love Cycling Slovensko\",\"isPartOf\":{\"@id\":\"https:\/\/www.welovecycling.com\/sk\/#website\"},\"primaryImageOfPage\":{\"@id\":\"https:\/\/www.welovecycling.com\/sk\/2018\/08\/08\/transcontinental-race-2018-siahnite-si-na-dno-svojich-sil\/#primaryimage\"},\"image\":{\"@id\":\"https:\/\/www.welovecycling.com\/sk\/2018\/08\/08\/transcontinental-race-2018-siahnite-si-na-dno-svojich-sil\/#primaryimage\"},\"thumbnailUrl\":\"https:\/\/d2p6e6u75xmxt8.cloudfront.net\/4\/2018\/08\/00-1.webp\",\"datePublished\":\"2018-08-08T15:51:37+00:00\",\"author\":{\"@id\":\"https:\/\/www.welovecycling.com\/sk\/#\/schema\/person\/8ee09ba39b7e25b1870160aa5b3a89bc\"},\"breadcrumb\":{\"@id\":\"https:\/\/www.welovecycling.com\/sk\/2018\/08\/08\/transcontinental-race-2018-siahnite-si-na-dno-svojich-sil\/#breadcrumb\"},\"inLanguage\":\"sk-SK\",\"potentialAction\":[{\"@type\":\"ReadAction\",\"target\":[\"https:\/\/www.welovecycling.com\/sk\/2018\/08\/08\/transcontinental-race-2018-siahnite-si-na-dno-svojich-sil\/\"]}]},{\"@type\":\"ImageObject\",\"inLanguage\":\"sk-SK\",\"@id\":\"https:\/\/www.welovecycling.com\/sk\/2018\/08\/08\/transcontinental-race-2018-siahnite-si-na-dno-svojich-sil\/#primaryimage\",\"url\":\"https:\/\/d2p6e6u75xmxt8.cloudfront.net\/4\/2018\/08\/00-1.webp\",\"contentUrl\":\"https:\/\/d2p6e6u75xmxt8.cloudfront.net\/4\/2018\/08\/00-1.webp\",\"width\":1380,\"height\":600},{\"@type\":\"BreadcrumbList\",\"@id\":\"https:\/\/www.welovecycling.com\/sk\/2018\/08\/08\/transcontinental-race-2018-siahnite-si-na-dno-svojich-sil\/#breadcrumb\",\"itemListElement\":[{\"@type\":\"ListItem\",\"position\":1,\"name\":\"Home\",\"item\":\"https:\/\/www.welovecycling.com\/sk\/\"},{\"@type\":\"ListItem\",\"position\":2,\"name\":\"Transcontinental Race 2018 &#8211; siahnite si na dno svojich s\u00edl\"}]},{\"@type\":\"WebSite\",\"@id\":\"https:\/\/www.welovecycling.com\/sk\/#website\",\"url\":\"https:\/\/www.welovecycling.com\/sk\/\",\"name\":\"\u0160koda We Love Cycling Slovensko\",\"description\":\"\u0160koda We Love Cycling Slovensko je v\u00e1\u0161 ka\u017edodenn\u00fd zdroj noviniek a in\u0161pir\u00e1cie z sveta cyklistiky\",\"potentialAction\":[{\"@type\":\"SearchAction\",\"target\":{\"@type\":\"EntryPoint\",\"urlTemplate\":\"https:\/\/www.welovecycling.com\/sk\/?s={search_term_string}\"},\"query-input\":{\"@type\":\"PropertyValueSpecification\",\"valueRequired\":true,\"valueName\":\"search_term_string\"}}],\"inLanguage\":\"sk-SK\"},{\"@type\":\"Person\",\"@id\":\"https:\/\/www.welovecycling.com\/sk\/#\/schema\/person\/8ee09ba39b7e25b1870160aa5b3a89bc\",\"name\":\"Ondrej Ga\u0161par\",\"image\":{\"@type\":\"ImageObject\",\"inLanguage\":\"sk-SK\",\"@id\":\"https:\/\/www.welovecycling.com\/sk\/#\/schema\/person\/image\/\",\"url\":\"https:\/\/secure.gravatar.com\/avatar\/6126c9afb87b70da5abbb083ddbb21933da15f18f8ca7cb822aba0fb096a48f6?s=96&d=mm&r=g\",\"contentUrl\":\"https:\/\/secure.gravatar.com\/avatar\/6126c9afb87b70da5abbb083ddbb21933da15f18f8ca7cb822aba0fb096a48f6?s=96&d=mm&r=g\",\"caption\":\"Ondrej Ga\u0161par\"},\"url\":\"https:\/\/www.welovecycling.com\/sk\/author\/ondrejgaspar\/\"}]}<\/script>\n<!-- \/ Yoast SEO Premium plugin. -->","yoast_head_json":{"title":"Transcontinental Race 2018 - siahnite si na dno svojich s\u00edl - \u0160koda We Love Cycling Slovensko","robots":{"index":"index","follow":"follow","max-snippet":"max-snippet:-1","max-image-preview":"max-image-preview:large","max-video-preview":"max-video-preview:-1"},"canonical":"https:\/\/www.welovecycling.com\/sk\/2018\/08\/08\/transcontinental-race-2018-siahnite-si-na-dno-svojich-sil\/","og_locale":"sk_SK","og_type":"article","og_title":"Transcontinental Race 2018 - siahnite si na dno svojich s\u00edl","og_description":"Naj\u0165a\u017e\u0161\u00edm krokom k\u00a0vysnen\u00e9mu cie\u013eu je \u010dastokr\u00e1t strach z\u00a0mo\u017en\u00e9ho ne\u00faspechu. V\u00a0cyklistickom svete m\u00f4\u017eeme n\u00e1js\u0165 nespo\u010detn\u00e9 mno\u017estvo dobrodru\u017en\u00fdch akci\u00ed, na ktor\u00e9 sa [&hellip;]","og_url":"https:\/\/www.welovecycling.com\/sk\/2018\/08\/08\/transcontinental-race-2018-siahnite-si-na-dno-svojich-sil\/","og_site_name":"\u0160koda We Love Cycling Slovensko","article_published_time":"2018-08-08T15:51:37+00:00","og_image":[{"width":1380,"height":600,"url":"https:\/\/d2p6e6u75xmxt8.cloudfront.net\/4\/2018\/08\/00-1.webp","type":"image\/webp"}],"author":"Ondrej Ga\u0161par","twitter_card":"summary_large_image","twitter_misc":{"Written by":"We Love Cycling","Est. reading time":"3"},"schema":{"@context":"https:\/\/schema.org","@graph":[{"@type":"WebPage","@id":"https:\/\/www.welovecycling.com\/sk\/2018\/08\/08\/transcontinental-race-2018-siahnite-si-na-dno-svojich-sil\/","url":"https:\/\/www.welovecycling.com\/sk\/2018\/08\/08\/transcontinental-race-2018-siahnite-si-na-dno-svojich-sil\/","name":"Transcontinental Race 2018 - siahnite si na dno svojich s\u00edl - \u0160koda We Love Cycling Slovensko","isPartOf":{"@id":"https:\/\/www.welovecycling.com\/sk\/#website"},"primaryImageOfPage":{"@id":"https:\/\/www.welovecycling.com\/sk\/2018\/08\/08\/transcontinental-race-2018-siahnite-si-na-dno-svojich-sil\/#primaryimage"},"image":{"@id":"https:\/\/www.welovecycling.com\/sk\/2018\/08\/08\/transcontinental-race-2018-siahnite-si-na-dno-svojich-sil\/#primaryimage"},"thumbnailUrl":"https:\/\/d2p6e6u75xmxt8.cloudfront.net\/4\/2018\/08\/00-1.webp","datePublished":"2018-08-08T15:51:37+00:00","author":{"@id":"https:\/\/www.welovecycling.com\/sk\/#\/schema\/person\/8ee09ba39b7e25b1870160aa5b3a89bc"},"breadcrumb":{"@id":"https:\/\/www.welovecycling.com\/sk\/2018\/08\/08\/transcontinental-race-2018-siahnite-si-na-dno-svojich-sil\/#breadcrumb"},"inLanguage":"sk-SK","potentialAction":[{"@type":"ReadAction","target":["https:\/\/www.welovecycling.com\/sk\/2018\/08\/08\/transcontinental-race-2018-siahnite-si-na-dno-svojich-sil\/"]}]},{"@type":"ImageObject","inLanguage":"sk-SK","@id":"https:\/\/www.welovecycling.com\/sk\/2018\/08\/08\/transcontinental-race-2018-siahnite-si-na-dno-svojich-sil\/#primaryimage","url":"https:\/\/d2p6e6u75xmxt8.cloudfront.net\/4\/2018\/08\/00-1.webp","contentUrl":"https:\/\/d2p6e6u75xmxt8.cloudfront.net\/4\/2018\/08\/00-1.webp","width":1380,"height":600},{"@type":"BreadcrumbList","@id":"https:\/\/www.welovecycling.com\/sk\/2018\/08\/08\/transcontinental-race-2018-siahnite-si-na-dno-svojich-sil\/#breadcrumb","itemListElement":[{"@type":"ListItem","position":1,"name":"Home","item":"https:\/\/www.welovecycling.com\/sk\/"},{"@type":"ListItem","position":2,"name":"Transcontinental Race 2018 &#8211; siahnite si na dno svojich s\u00edl"}]},{"@type":"WebSite","@id":"https:\/\/www.welovecycling.com\/sk\/#website","url":"https:\/\/www.welovecycling.com\/sk\/","name":"\u0160koda We Love Cycling Slovensko","description":"\u0160koda We Love Cycling Slovensko je v\u00e1\u0161 ka\u017edodenn\u00fd zdroj noviniek a in\u0161pir\u00e1cie z sveta cyklistiky","potentialAction":[{"@type":"SearchAction","target":{"@type":"EntryPoint","urlTemplate":"https:\/\/www.welovecycling.com\/sk\/?s={search_term_string}"},"query-input":{"@type":"PropertyValueSpecification","valueRequired":true,"valueName":"search_term_string"}}],"inLanguage":"sk-SK"},{"@type":"Person","@id":"https:\/\/www.welovecycling.com\/sk\/#\/schema\/person\/8ee09ba39b7e25b1870160aa5b3a89bc","name":"Ondrej Ga\u0161par","image":{"@type":"ImageObject","inLanguage":"sk-SK","@id":"https:\/\/www.welovecycling.com\/sk\/#\/schema\/person\/image\/","url":"https:\/\/secure.gravatar.com\/avatar\/6126c9afb87b70da5abbb083ddbb21933da15f18f8ca7cb822aba0fb096a48f6?s=96&d=mm&r=g","contentUrl":"https:\/\/secure.gravatar.com\/avatar\/6126c9afb87b70da5abbb083ddbb21933da15f18f8ca7cb822aba0fb096a48f6?s=96&d=mm&r=g","caption":"Ondrej Ga\u0161par"},"url":"https:\/\/www.welovecycling.com\/sk\/author\/ondrejgaspar\/"}]}},"_links":{"self":[{"href":"https:\/\/www.welovecycling.com\/sk\/wp-json\/wp\/v2\/posts\/4586","targetHints":{"allow":["GET"]}}],"collection":[{"href":"https:\/\/www.welovecycling.com\/sk\/wp-json\/wp\/v2\/posts"}],"about":[{"href":"https:\/\/www.welovecycling.com\/sk\/wp-json\/wp\/v2\/types\/post"}],"author":[{"embeddable":true,"href":"https:\/\/www.welovecycling.com\/sk\/wp-json\/wp\/v2\/users\/38"}],"replies":[{"embeddable":true,"href":"https:\/\/www.welovecycling.com\/sk\/wp-json\/wp\/v2\/comments?post=4586"}],"version-history":[{"count":2,"href":"https:\/\/www.welovecycling.com\/sk\/wp-json\/wp\/v2\/posts\/4586\/revisions"}],"predecessor-version":[{"id":4606,"href":"https:\/\/www.welovecycling.com\/sk\/wp-json\/wp\/v2\/posts\/4586\/revisions\/4606"}],"wp:featuredmedia":[{"embeddable":true,"href":"https:\/\/www.welovecycling.com\/sk\/wp-json\/wp\/v2\/media\/4589"}],"wp:attachment":[{"href":"https:\/\/www.welovecycling.com\/sk\/wp-json\/wp\/v2\/media?parent=4586"}],"wp:term":[{"taxonomy":"category","embeddable":true,"href":"https:\/\/www.welovecycling.com\/sk\/wp-json\/wp\/v2\/categories?post=4586"},{"taxonomy":"post_tag","embeddable":true,"href":"https:\/\/www.welovecycling.com\/sk\/wp-json\/wp\/v2\/tags?post=4586"},{"taxonomy":"global-categories","embeddable":true,"href":"https:\/\/www.welovecycling.com\/sk\/wp-json\/wp\/v2\/global-categories?post=4586"}],"curies":[{"name":"wp","href":"https:\/\/api.w.org\/{rel}","templated":true}]}}