{"id":4540,"date":"2018-08-06T16:35:10","date_gmt":"2018-08-06T14:35:10","guid":{"rendered":"https:\/\/www.welovecycling.com\/sk\/?p=4540"},"modified":"2018-12-06T11:41:58","modified_gmt":"2018-12-06T10:41:58","slug":"mobilita-v-hlavnom-meste-zdravo-a-komfortne-novy-bikesharing","status":"publish","type":"post","link":"https:\/\/www.welovecycling.com\/sk\/2018\/08\/06\/mobilita-v-hlavnom-meste-zdravo-a-komfortne-novy-bikesharing\/","title":{"rendered":"Mobilita v hlavnom meste zdravo a komfortne &#8211; nov\u00fd bikesharing?"},"content":{"rendered":"<p><strong>Preplnen\u00e1 mestsk\u00e1 doprava, nekon\u010diace kol\u00f3ny \u00e1ut, \u010di pomalos\u0165 pe\u0161ieho presunu s\u00fa negat\u00edva, od ktor\u00fdch si m\u00f4\u017eete bezstarostne u\u013eavi\u0165. Nov\u00fd projekt firmy Slovnaft v\u00a0spolupr\u00e1ci s\u00a0hlavn\u00fdm mestom a\u00a0Dopravn\u00fdm podnikom Bratislava &#8211; Slovnaft BAjk &#8211; by mal prinies\u0165 zmenu v podobe bikesharingu.<\/strong><!--more--><\/p>\n<h2><strong>Zdravie a\u00a0slobodn\u00fd pohyb ako bonus \u201cbikesharingu\u201d<\/strong><\/h2>\n<p>Samozrejme, samotn\u00e9 jazdenie na bicykli nie je objav posledn\u00fdch dn\u00ed. <strong>Najv\u00e4\u010d\u0161ia v\u00fdhoda sa v\u0161ak ukr\u00fdva v\u00a0samotn\u00fdch bicykloch<\/strong>. Slovo poch\u00e1dzaj\u00face z\u00a0anglick\u00e9ho jazyka ozna\u010duje sp\u00f4sob vyu\u017e\u00edvania verejn\u00fdch bicyklov pod\u013ea potrieb z\u00e1kazn\u00edkov. Postup je jednoduch\u00fd; na mape si n\u00e1jdete najbli\u017e\u0161iu stanicu s\u00a0vo\u013en\u00fdmi bicyklami, n\u00e1sledne si ho z\u00a0nej prevezmete a\u00a0preprav\u00edte sa na vami po\u017eadovan\u00e9 miesta. Posledn\u00fdm krokom je jeho op\u00e4tovn\u00e9 prinavr\u00e1tenie do jednej zo stan\u00edc.<\/p>\n<p><a href=\"https:\/\/d2p6e6u75xmxt8.cloudfront.net\/4\/2018\/08\/01.png\"><img loading=\"lazy\" decoding=\"async\" class=\"alignnone size-full wp-image-4550\" src=\"https:\/\/d2p6e6u75xmxt8.cloudfront.net\/4\/2018\/08\/01.png\" alt=\"\" width=\"1200\" height=\"800\" \/><\/a><\/p>\n<h2><strong>\u00c1no alebo nie?<\/strong><\/h2>\n<p>Medzi <strong>v\u00fdhody<\/strong> nepochybne patr\u00ed jednoduchos\u0165 pohybu, skladnos\u0165 bicykla, fyzick\u00e1 n\u00e1maha ako prejav zdrav\u00e9ho \u017eivotn\u00e9ho \u0161t\u00fdlu a tie\u017e minimum starost\u00ed so servisom bicykla. Prirodzene, n\u00e1jdu sa aj <strong>negat\u00edva<\/strong>. Rozmiestnenie dokovac\u00edch stan\u00edc nemus\u00ed v\u017edy vyhovova\u0165, ur\u010denie v\u00fd\u0161ky poplatku m\u00f4\u017ee presiahnu\u0165 rozumn\u00fa mieru, a in\u00e9. V\u00fdsledn\u00fd pomer v\u0161ak ur\u010dite hr\u00e1 v prospech v\u00fdhod.<\/p>\n<p><a href=\"https:\/\/d2p6e6u75xmxt8.cloudfront.net\/4\/2018\/08\/02.jpeg\"><img loading=\"lazy\" decoding=\"async\" class=\"alignnone size-full wp-image-4543\" src=\"https:\/\/d2p6e6u75xmxt8.cloudfront.net\/4\/2018\/08\/02.jpeg\" alt=\"\" width=\"1200\" height=\"800\" \/><\/a><\/p>\n<h2><strong>Proces vypo\u017ei\u010dania<\/strong><\/h2>\n<p>Elektronick\u00e1 forma vyplnenia online registra\u010dn\u00e9ho formul\u00e1ra, n\u00e1sledne zaplatenie sumy za po\u017eadovan\u00fd bal\u00edk (mno\u017estvo a\u00a0doba v\u00fdpo\u017ei\u010dky), je sprostredkovan\u00e1 cez internet. V\u00fdsledkom je <strong>obdr\u017eanie SMS s\u00a0k\u00f3dom, ktor\u00fd odomkne v\u00e1\u0161 bicykel<\/strong>.<\/p>\n<p>S\u00fa\u010dasn\u00e1 predstava Slovnaft BAjku r\u00e1ta a\u017e <strong>so 750 bicyklami na 90 staniciach v\u00a04 mestsk\u00fdch \u010dastiach<\/strong>. Rozlo\u017eenie jednotliv\u00fdch v\u00fdpo\u017ei\u010dn\u00fdch miest si m\u00f4\u017eete skontrolova\u0165 na online mape, kdeko\u013evek sa nach\u00e1dzate.<\/p>\n<p><a href=\"https:\/\/d2p6e6u75xmxt8.cloudfront.net\/4\/2018\/08\/slovnaft-bajk.jpg\"><img loading=\"lazy\" decoding=\"async\" class=\"alignnone size-full wp-image-4553\" src=\"https:\/\/d2p6e6u75xmxt8.cloudfront.net\/4\/2018\/08\/slovnaft-bajk.jpg\" alt=\"\" width=\"1247\" height=\"1200\" \/><\/a><\/p>\n<h2><strong>Hist\u00f3ria bikesharingu v Bratislave<\/strong><\/h2>\n<p>Prv\u00fd pokus o bikesharing v Bratislave vznikol v roku 2001, \u017eia\u013e s negat\u00edvnym koncom, najm\u00e4 v\u010faka \u201cdlhoprst\u00fdm\u201d jedincom. A\u017e v roku 2012 sa skupina akt\u00edvnych \u013eud\u00ed z Cyklokoal\u00edcie a Cyklo Kuchyne odhodlala aj bez pomoci bratislavsk\u00e9ho magistr\u00e1tu, uskuto\u010dni\u0165 projekt <strong>White bikes<\/strong>. N\u00e1kup bicyklov nebol nutn\u00fd. Ako u\u017e samotn\u00fd n\u00e1zov napoved\u00e1, farba bicyklov bola biela.<\/p>\n<p><a href=\"https:\/\/d2p6e6u75xmxt8.cloudfront.net\/4\/2018\/08\/04.jpeg\"><img loading=\"lazy\" decoding=\"async\" class=\"alignnone size-full wp-image-4545\" src=\"https:\/\/d2p6e6u75xmxt8.cloudfront.net\/4\/2018\/08\/04.jpeg\" alt=\"\" width=\"1200\" height=\"800\" \/><\/a><\/p>\n<p>I\u0161lo o vyraden\u00e9 jednotky poch\u00e1dzaj\u00face z rovnako zameran\u00e9ho projektu v Holandsku, ktor\u00fd ich daroval Bratislav\u010danom. Ich prev\u00e1dzka nebola spoplatnen\u00e1: ka\u017ed\u00fd \u201cprenaj\u00edmate\u013e\u201d sa v prvom rade musel sta\u0165 riadnym \u010dlenom komunity, ktor\u00e1 sa o bicykle star\u00e1. Po registr\u00e1cii v zdru\u017een\u00ed sa nov\u00fd \u010dlen podrob\u00ed \u0161koleniu a podp\u00ed\u0161e prehl\u00e1senie o pou\u010den\u00ed. Na za\u010diatku tohto roku zaznamenali prev\u00e1dzkovatelia nieko\u013eko nepr\u00edjemn\u00fdch po\u0161koden\u00ed bicyklov zo strany vandalov.<\/p>\n<h2><strong>Zatia\u013e nedokon\u010den\u00fd z\u00e1mer Slovnaft BAjku<\/strong><\/h2>\n<p>Ani projekt Slovnaftu neprebiehal bezprobl\u00e9movo. Osadenie dokovac\u00edch stan\u00edc sa stretlo s nes\u00fahlasom zo strany aktivistov Cyklokoal\u00edcie. Umiestnenie na N\u00e1mest\u00ed SNP prek\u00e1\u017ealo chodcom a pochybn\u00e1 bola aj jeho stabilita. Okrem in\u00e9ho sa s\u0165a\u017enos\u0165 preniesla do oblasti obstar\u00e1vania. <strong>Kritika mesta Bratislava bola opr\u00e1vnen\u00e1<\/strong>, ke\u010f\u017ee mesto nevyhl\u00e1silo s\u00fa\u0165a\u017e. Argumentovalo to t\u00fdm, \u017ee Slovnaft pon\u00fakol v\u00fdhodn\u00fd n\u00e1vrh, podporuj\u00faci rozvoj cyklistickej dopravy v meste. V m\u00e1ji tohto roku za\u010dalo sk\u00fa\u0161obn\u00e9, dvojmesa\u010dn\u00e9 obdobie BAjku. Vyjadrenia Slovnaftu hovoria o mo\u017enosti zrealizovania projektu po\u010das letn\u00fdch mesiacov. \u017dia\u013e, ani august zatia\u013e nepriniesol definit\u00edvnu spr\u00e1vu.<\/p>\n<p><em>(zdroj fotiek: bratislava.sk, bratislava.sme.sk, slovnaftbajk.sk)<\/em><\/p>\n","protected":false},"excerpt":{"rendered":"<p>Preplnen\u00e1 mestsk\u00e1 doprava, nekon\u010diace kol\u00f3ny \u00e1ut, \u010di pomalos\u0165 pe\u0161ieho presunu s\u00fa negat\u00edva, od ktor\u00fdch si m\u00f4\u017eete bezstarostne u\u013eavi\u0165. Nov\u00fd projekt [&hellip;]<\/p>\n","protected":false},"author":38,"featured_media":4542,"comment_status":"open","ping_status":"open","sticky":false,"template":"","format":"standard","meta":{"footnotes":""},"categories":[604],"tags":[524,521,522,115,525,523,526,527,528],"global-categories":[],"class_list":["post-4540","post","type-post","status-publish","format-standard","has-post-thumbnail","hentry","category-urban-cyklistika","tag-bikesharing","tag-bratislava","tag-bratislavsky-samospravny-kraj","tag-cestna-cyklistika","tag-mesto","tag-slovensko","tag-slovnaft","tag-slovnaft-bajk","tag-verejny-bicykel"],"yoast_head":"<!-- This site is optimized with the Yoast SEO Premium plugin v25.3 (Yoast SEO v25.9) - https:\/\/yoast.com\/wordpress\/plugins\/seo\/ -->\n<title>Mobilita v hlavnom meste zdravo a komfortne - nov\u00fd bikesharing? - \u0160koda We Love Cycling Slovensko<\/title>\n<meta name=\"robots\" content=\"index, follow, max-snippet:-1, max-image-preview:large, max-video-preview:-1\" \/>\n<link rel=\"canonical\" href=\"https:\/\/www.welovecycling.com\/sk\/2018\/08\/06\/mobilita-v-hlavnom-meste-zdravo-a-komfortne-novy-bikesharing\/\" \/>\n<meta property=\"og:locale\" content=\"sk_SK\" \/>\n<meta property=\"og:type\" content=\"article\" \/>\n<meta property=\"og:title\" content=\"Mobilita v hlavnom meste zdravo a komfortne - nov\u00fd bikesharing?\" \/>\n<meta property=\"og:description\" content=\"Preplnen\u00e1 mestsk\u00e1 doprava, nekon\u010diace kol\u00f3ny \u00e1ut, \u010di pomalos\u0165 pe\u0161ieho presunu s\u00fa negat\u00edva, od ktor\u00fdch si m\u00f4\u017eete bezstarostne u\u013eavi\u0165. Nov\u00fd projekt [&hellip;]\" \/>\n<meta property=\"og:url\" content=\"https:\/\/www.welovecycling.com\/sk\/2018\/08\/06\/mobilita-v-hlavnom-meste-zdravo-a-komfortne-novy-bikesharing\/\" \/>\n<meta property=\"og:site_name\" content=\"\u0160koda We Love Cycling Slovensko\" \/>\n<meta property=\"article:published_time\" content=\"2018-08-06T14:35:10+00:00\" \/>\n<meta property=\"article:modified_time\" content=\"2018-12-06T10:41:58+00:00\" \/>\n<meta property=\"og:image\" content=\"https:\/\/d2p6e6u75xmxt8.cloudfront.net\/4\/2018\/08\/00.webp\" \/>\n\t<meta property=\"og:image:width\" content=\"1380\" \/>\n\t<meta property=\"og:image:height\" content=\"600\" \/>\n\t<meta property=\"og:image:type\" content=\"image\/webp\" \/>\n<meta name=\"author\" content=\"Ondrej Ga\u0161par\" \/>\n<meta name=\"twitter:card\" content=\"summary_large_image\" \/>\n<meta name=\"twitter:label1\" content=\"Written by\" \/>\n\t<meta name=\"twitter:data1\" content=\"We Love Cycling\" \/>\n\t<meta name=\"twitter:label2\" content=\"Est. reading time\" \/>\n\t<meta name=\"twitter:data2\" content=\"3\" \/>\n<script type=\"application\/ld+json\" class=\"yoast-schema-graph\">{\"@context\":\"https:\/\/schema.org\",\"@graph\":[{\"@type\":\"WebPage\",\"@id\":\"https:\/\/www.welovecycling.com\/sk\/2018\/08\/06\/mobilita-v-hlavnom-meste-zdravo-a-komfortne-novy-bikesharing\/\",\"url\":\"https:\/\/www.welovecycling.com\/sk\/2018\/08\/06\/mobilita-v-hlavnom-meste-zdravo-a-komfortne-novy-bikesharing\/\",\"name\":\"Mobilita v hlavnom meste zdravo a komfortne - nov\u00fd bikesharing? - \u0160koda We Love Cycling Slovensko\",\"isPartOf\":{\"@id\":\"https:\/\/www.welovecycling.com\/sk\/#website\"},\"primaryImageOfPage\":{\"@id\":\"https:\/\/www.welovecycling.com\/sk\/2018\/08\/06\/mobilita-v-hlavnom-meste-zdravo-a-komfortne-novy-bikesharing\/#primaryimage\"},\"image\":{\"@id\":\"https:\/\/www.welovecycling.com\/sk\/2018\/08\/06\/mobilita-v-hlavnom-meste-zdravo-a-komfortne-novy-bikesharing\/#primaryimage\"},\"thumbnailUrl\":\"https:\/\/d2p6e6u75xmxt8.cloudfront.net\/4\/2018\/08\/00.webp\",\"datePublished\":\"2018-08-06T14:35:10+00:00\",\"dateModified\":\"2018-12-06T10:41:58+00:00\",\"author\":{\"@id\":\"https:\/\/www.welovecycling.com\/sk\/#\/schema\/person\/8ee09ba39b7e25b1870160aa5b3a89bc\"},\"breadcrumb\":{\"@id\":\"https:\/\/www.welovecycling.com\/sk\/2018\/08\/06\/mobilita-v-hlavnom-meste-zdravo-a-komfortne-novy-bikesharing\/#breadcrumb\"},\"inLanguage\":\"sk-SK\",\"potentialAction\":[{\"@type\":\"ReadAction\",\"target\":[\"https:\/\/www.welovecycling.com\/sk\/2018\/08\/06\/mobilita-v-hlavnom-meste-zdravo-a-komfortne-novy-bikesharing\/\"]}]},{\"@type\":\"ImageObject\",\"inLanguage\":\"sk-SK\",\"@id\":\"https:\/\/www.welovecycling.com\/sk\/2018\/08\/06\/mobilita-v-hlavnom-meste-zdravo-a-komfortne-novy-bikesharing\/#primaryimage\",\"url\":\"https:\/\/d2p6e6u75xmxt8.cloudfront.net\/4\/2018\/08\/00.webp\",\"contentUrl\":\"https:\/\/d2p6e6u75xmxt8.cloudfront.net\/4\/2018\/08\/00.webp\",\"width\":1380,\"height\":600},{\"@type\":\"BreadcrumbList\",\"@id\":\"https:\/\/www.welovecycling.com\/sk\/2018\/08\/06\/mobilita-v-hlavnom-meste-zdravo-a-komfortne-novy-bikesharing\/#breadcrumb\",\"itemListElement\":[{\"@type\":\"ListItem\",\"position\":1,\"name\":\"Home\",\"item\":\"https:\/\/www.welovecycling.com\/sk\/\"},{\"@type\":\"ListItem\",\"position\":2,\"name\":\"Mobilita v hlavnom meste zdravo a komfortne &#8211; nov\u00fd bikesharing?\"}]},{\"@type\":\"WebSite\",\"@id\":\"https:\/\/www.welovecycling.com\/sk\/#website\",\"url\":\"https:\/\/www.welovecycling.com\/sk\/\",\"name\":\"\u0160koda We Love Cycling Slovensko\",\"description\":\"\u0160koda We Love Cycling Slovensko je v\u00e1\u0161 ka\u017edodenn\u00fd zdroj noviniek a in\u0161pir\u00e1cie z sveta cyklistiky\",\"potentialAction\":[{\"@type\":\"SearchAction\",\"target\":{\"@type\":\"EntryPoint\",\"urlTemplate\":\"https:\/\/www.welovecycling.com\/sk\/?s={search_term_string}\"},\"query-input\":{\"@type\":\"PropertyValueSpecification\",\"valueRequired\":true,\"valueName\":\"search_term_string\"}}],\"inLanguage\":\"sk-SK\"},{\"@type\":\"Person\",\"@id\":\"https:\/\/www.welovecycling.com\/sk\/#\/schema\/person\/8ee09ba39b7e25b1870160aa5b3a89bc\",\"name\":\"Ondrej Ga\u0161par\",\"image\":{\"@type\":\"ImageObject\",\"inLanguage\":\"sk-SK\",\"@id\":\"https:\/\/www.welovecycling.com\/sk\/#\/schema\/person\/image\/\",\"url\":\"https:\/\/secure.gravatar.com\/avatar\/6126c9afb87b70da5abbb083ddbb21933da15f18f8ca7cb822aba0fb096a48f6?s=96&d=mm&r=g\",\"contentUrl\":\"https:\/\/secure.gravatar.com\/avatar\/6126c9afb87b70da5abbb083ddbb21933da15f18f8ca7cb822aba0fb096a48f6?s=96&d=mm&r=g\",\"caption\":\"Ondrej Ga\u0161par\"},\"url\":\"https:\/\/www.welovecycling.com\/sk\/author\/ondrejgaspar\/\"}]}<\/script>\n<!-- \/ Yoast SEO Premium plugin. -->","yoast_head_json":{"title":"Mobilita v hlavnom meste zdravo a komfortne - nov\u00fd bikesharing? - \u0160koda We Love Cycling Slovensko","robots":{"index":"index","follow":"follow","max-snippet":"max-snippet:-1","max-image-preview":"max-image-preview:large","max-video-preview":"max-video-preview:-1"},"canonical":"https:\/\/www.welovecycling.com\/sk\/2018\/08\/06\/mobilita-v-hlavnom-meste-zdravo-a-komfortne-novy-bikesharing\/","og_locale":"sk_SK","og_type":"article","og_title":"Mobilita v hlavnom meste zdravo a komfortne - nov\u00fd bikesharing?","og_description":"Preplnen\u00e1 mestsk\u00e1 doprava, nekon\u010diace kol\u00f3ny \u00e1ut, \u010di pomalos\u0165 pe\u0161ieho presunu s\u00fa negat\u00edva, od ktor\u00fdch si m\u00f4\u017eete bezstarostne u\u013eavi\u0165. Nov\u00fd projekt [&hellip;]","og_url":"https:\/\/www.welovecycling.com\/sk\/2018\/08\/06\/mobilita-v-hlavnom-meste-zdravo-a-komfortne-novy-bikesharing\/","og_site_name":"\u0160koda We Love Cycling Slovensko","article_published_time":"2018-08-06T14:35:10+00:00","article_modified_time":"2018-12-06T10:41:58+00:00","og_image":[{"width":1380,"height":600,"url":"https:\/\/d2p6e6u75xmxt8.cloudfront.net\/4\/2018\/08\/00.webp","type":"image\/webp"}],"author":"Ondrej Ga\u0161par","twitter_card":"summary_large_image","twitter_misc":{"Written by":"We Love Cycling","Est. reading time":"3"},"schema":{"@context":"https:\/\/schema.org","@graph":[{"@type":"WebPage","@id":"https:\/\/www.welovecycling.com\/sk\/2018\/08\/06\/mobilita-v-hlavnom-meste-zdravo-a-komfortne-novy-bikesharing\/","url":"https:\/\/www.welovecycling.com\/sk\/2018\/08\/06\/mobilita-v-hlavnom-meste-zdravo-a-komfortne-novy-bikesharing\/","name":"Mobilita v hlavnom meste zdravo a komfortne - nov\u00fd bikesharing? - \u0160koda We Love Cycling Slovensko","isPartOf":{"@id":"https:\/\/www.welovecycling.com\/sk\/#website"},"primaryImageOfPage":{"@id":"https:\/\/www.welovecycling.com\/sk\/2018\/08\/06\/mobilita-v-hlavnom-meste-zdravo-a-komfortne-novy-bikesharing\/#primaryimage"},"image":{"@id":"https:\/\/www.welovecycling.com\/sk\/2018\/08\/06\/mobilita-v-hlavnom-meste-zdravo-a-komfortne-novy-bikesharing\/#primaryimage"},"thumbnailUrl":"https:\/\/d2p6e6u75xmxt8.cloudfront.net\/4\/2018\/08\/00.webp","datePublished":"2018-08-06T14:35:10+00:00","dateModified":"2018-12-06T10:41:58+00:00","author":{"@id":"https:\/\/www.welovecycling.com\/sk\/#\/schema\/person\/8ee09ba39b7e25b1870160aa5b3a89bc"},"breadcrumb":{"@id":"https:\/\/www.welovecycling.com\/sk\/2018\/08\/06\/mobilita-v-hlavnom-meste-zdravo-a-komfortne-novy-bikesharing\/#breadcrumb"},"inLanguage":"sk-SK","potentialAction":[{"@type":"ReadAction","target":["https:\/\/www.welovecycling.com\/sk\/2018\/08\/06\/mobilita-v-hlavnom-meste-zdravo-a-komfortne-novy-bikesharing\/"]}]},{"@type":"ImageObject","inLanguage":"sk-SK","@id":"https:\/\/www.welovecycling.com\/sk\/2018\/08\/06\/mobilita-v-hlavnom-meste-zdravo-a-komfortne-novy-bikesharing\/#primaryimage","url":"https:\/\/d2p6e6u75xmxt8.cloudfront.net\/4\/2018\/08\/00.webp","contentUrl":"https:\/\/d2p6e6u75xmxt8.cloudfront.net\/4\/2018\/08\/00.webp","width":1380,"height":600},{"@type":"BreadcrumbList","@id":"https:\/\/www.welovecycling.com\/sk\/2018\/08\/06\/mobilita-v-hlavnom-meste-zdravo-a-komfortne-novy-bikesharing\/#breadcrumb","itemListElement":[{"@type":"ListItem","position":1,"name":"Home","item":"https:\/\/www.welovecycling.com\/sk\/"},{"@type":"ListItem","position":2,"name":"Mobilita v hlavnom meste zdravo a komfortne &#8211; nov\u00fd bikesharing?"}]},{"@type":"WebSite","@id":"https:\/\/www.welovecycling.com\/sk\/#website","url":"https:\/\/www.welovecycling.com\/sk\/","name":"\u0160koda We Love Cycling Slovensko","description":"\u0160koda We Love Cycling Slovensko je v\u00e1\u0161 ka\u017edodenn\u00fd zdroj noviniek a in\u0161pir\u00e1cie z sveta cyklistiky","potentialAction":[{"@type":"SearchAction","target":{"@type":"EntryPoint","urlTemplate":"https:\/\/www.welovecycling.com\/sk\/?s={search_term_string}"},"query-input":{"@type":"PropertyValueSpecification","valueRequired":true,"valueName":"search_term_string"}}],"inLanguage":"sk-SK"},{"@type":"Person","@id":"https:\/\/www.welovecycling.com\/sk\/#\/schema\/person\/8ee09ba39b7e25b1870160aa5b3a89bc","name":"Ondrej Ga\u0161par","image":{"@type":"ImageObject","inLanguage":"sk-SK","@id":"https:\/\/www.welovecycling.com\/sk\/#\/schema\/person\/image\/","url":"https:\/\/secure.gravatar.com\/avatar\/6126c9afb87b70da5abbb083ddbb21933da15f18f8ca7cb822aba0fb096a48f6?s=96&d=mm&r=g","contentUrl":"https:\/\/secure.gravatar.com\/avatar\/6126c9afb87b70da5abbb083ddbb21933da15f18f8ca7cb822aba0fb096a48f6?s=96&d=mm&r=g","caption":"Ondrej Ga\u0161par"},"url":"https:\/\/www.welovecycling.com\/sk\/author\/ondrejgaspar\/"}]}},"_links":{"self":[{"href":"https:\/\/www.welovecycling.com\/sk\/wp-json\/wp\/v2\/posts\/4540","targetHints":{"allow":["GET"]}}],"collection":[{"href":"https:\/\/www.welovecycling.com\/sk\/wp-json\/wp\/v2\/posts"}],"about":[{"href":"https:\/\/www.welovecycling.com\/sk\/wp-json\/wp\/v2\/types\/post"}],"author":[{"embeddable":true,"href":"https:\/\/www.welovecycling.com\/sk\/wp-json\/wp\/v2\/users\/38"}],"replies":[{"embeddable":true,"href":"https:\/\/www.welovecycling.com\/sk\/wp-json\/wp\/v2\/comments?post=4540"}],"version-history":[{"count":2,"href":"https:\/\/www.welovecycling.com\/sk\/wp-json\/wp\/v2\/posts\/4540\/revisions"}],"predecessor-version":[{"id":4561,"href":"https:\/\/www.welovecycling.com\/sk\/wp-json\/wp\/v2\/posts\/4540\/revisions\/4561"}],"wp:featuredmedia":[{"embeddable":true,"href":"https:\/\/www.welovecycling.com\/sk\/wp-json\/wp\/v2\/media\/4542"}],"wp:attachment":[{"href":"https:\/\/www.welovecycling.com\/sk\/wp-json\/wp\/v2\/media?parent=4540"}],"wp:term":[{"taxonomy":"category","embeddable":true,"href":"https:\/\/www.welovecycling.com\/sk\/wp-json\/wp\/v2\/categories?post=4540"},{"taxonomy":"post_tag","embeddable":true,"href":"https:\/\/www.welovecycling.com\/sk\/wp-json\/wp\/v2\/tags?post=4540"},{"taxonomy":"global-categories","embeddable":true,"href":"https:\/\/www.welovecycling.com\/sk\/wp-json\/wp\/v2\/global-categories?post=4540"}],"curies":[{"name":"wp","href":"https:\/\/api.w.org\/{rel}","templated":true}]}}