{"id":4518,"date":"2018-08-03T14:07:39","date_gmt":"2018-08-03T12:07:39","guid":{"rendered":"https:\/\/www.welovecycling.com\/sk\/?p=4518"},"modified":"2018-08-07T10:31:54","modified_gmt":"2018-08-07T08:31:54","slug":"pozvanka-skoda-horal-mtb-maraton-skoda-bike-open-tour-sa-presuva-do-svitu","status":"publish","type":"post","link":"https:\/\/www.welovecycling.com\/sk\/2018\/08\/03\/pozvanka-skoda-horal-mtb-maraton-skoda-bike-open-tour-sa-presuva-do-svitu\/","title":{"rendered":"Pozv\u00e1nka: \u0160koda Horal MTB marat\u00f3n \u2013 \u0160koda BIKE OPEN TOUR sa pres\u00fava do Svitu"},"content":{"rendered":"<p><strong>Po poriadne hor\u00facom v\u00edkende v Stupave sa p\u00f4jdeme schladi\u0165 k Podtatrancom na u\u017e piate a predposledn\u00e9 kolo na\u0161ej s\u00e9rie \u0160BOT.<\/strong><!--more--><\/p>\n<p><a href=\"https:\/\/d2p6e6u75xmxt8.cloudfront.net\/4\/2018\/08\/01.jpg\"><img loading=\"lazy\" decoding=\"async\" class=\"alignnone size-full wp-image-4521\" src=\"https:\/\/d2p6e6u75xmxt8.cloudfront.net\/4\/2018\/08\/01.jpg\" alt=\"\" width=\"1200\" height=\"800\" \/><\/a><\/p>\n<p>U\u017e v sobotu <strong>11. augusta<\/strong> sa vid\u00edme na legende medzi marat\u00f3nmi &#8211; \u0160koda Horal MTB marat\u00f3ne &#8211; vo Svite. Minul\u00fd ro\u010dn\u00edk bol poriadne bohat\u00fd na z\u00e1\u017eitky a m\u00f4\u017eete si ho pribl\u00ed\u017ei\u0165 v na\u0161ej report\u00e1\u017ei <a href=\"https:\/\/www.welovecycling.com\/sk\/2017\/08\/14\/reportaz-poradi-5-kolo-sbot-hostil-skoda-horal-mtb-maraton-svit-opat-praskal-vo-svikoch\/\">V porad\u00ed 5. kolo \u0160BOT hostil \u0160koda Horal MTB marat\u00f3n a Svit op\u00e4\u0165 praskal vo \u0161v\u00edkoch<\/a>. A \u017ee sa je naozaj \u010d\u00edm kocha\u0165, sa presved\u010d\u00edte <a href=\"https:\/\/www.welovecycling.com\/sk\/2017\/08\/14\/foto-skoda-horal-mtb-maraton-2017-vanda-mesiarikova\/\">v pestrej fotogal\u00e9rii<\/a>.<\/p>\n<lite-youtube videoid=VQG2VHiFMhc params=\"enablejsapi=1\" style=\"background-image: url('https:\/\/i.ytimg.com\/vi_webp\/VQG2VHiFMhc\/maxresdefault.webp');\"><\/lite-youtube>\n<p><strong>V ponuke je u\u017e tradi\u010dn\u00fdch p\u00e4\u0165 r\u00f4znych trat\u00ed:<\/strong><\/p>\n<ul>\n<li>Krejzi \u2013 134 km \/ 4 500 m prev\u00fd\u0161enie<\/li>\n<li>Lejzi \u2013 78 km \/ 2 500 m prev\u00fd\u0161enie<\/li>\n<li>Senzi \u2013 43 km \/ 1 350 m prev\u00fd\u0161enie<\/li>\n<li>\u00cdzi \u2013 28 km \/ 835 m prev\u00fd\u0161enie<\/li>\n<li>Dejzi \u2013 17 km \/ 350 m prev\u00fd\u0161enie \u2013 ur\u010den\u00e1 pre rodinn\u00e9 t\u00edmy<\/li>\n<\/ul>\n<p>Povestn\u00fd \u201ekr\u00e1\u013eovsk\u00fd\u201c variant s n\u00e1zvom Krejzi (134 km, prev\u00fd\u0161enie 4 500 m) bude op\u00e4\u0165 korunovan\u00fd legend\u00e1rnou Kr\u00e1\u013eovou ho\u013eou. T\u00ed, ktor\u00ed sa odhodlaj\u00fa pr\u00e1ve na t\u00fato najdlh\u0161iu trasu, bud\u00fa odmenen\u00ed kr\u00e1snymi v\u00fdh\u013eadmi na Vysok\u00e9 Tatry alebo Roh\u00e1\u010de.<\/p>\n<div data-rows=\"1\" id='gallery-1' class='gallery-rows-1 gallery galleryid-4518 gallery-columns-3 gallery-size-full'><figure class='gallery-item'>\n\t\t\t<div class='gallery-icon landscape'>\n\t\t\t\t<a href='https:\/\/d2p6e6u75xmxt8.cloudfront.net\/4\/2018\/08\/02.jpg'><img loading=\"lazy\" decoding=\"async\" width=\"1200\" height=\"800\" src=\"https:\/\/d2p6e6u75xmxt8.cloudfront.net\/4\/2018\/08\/02.jpg\" class=\"attachment-full size-full\" alt=\"\" \/><\/a>\n\t\t\t<\/div><\/figure><figure class='gallery-item'>\n\t\t\t<div class='gallery-icon landscape'>\n\t\t\t\t<a href='https:\/\/d2p6e6u75xmxt8.cloudfront.net\/4\/2018\/08\/03.jpg'><img loading=\"lazy\" decoding=\"async\" width=\"1200\" height=\"800\" src=\"https:\/\/d2p6e6u75xmxt8.cloudfront.net\/4\/2018\/08\/03.jpg\" class=\"attachment-full size-full\" alt=\"\" \/><\/a>\n\t\t\t<\/div><\/figure><figure class='gallery-item'>\n\t\t\t<div class='gallery-icon landscape'>\n\t\t\t\t<a href='https:\/\/d2p6e6u75xmxt8.cloudfront.net\/4\/2018\/08\/04.jpg'><img loading=\"lazy\" decoding=\"async\" width=\"1200\" height=\"800\" src=\"https:\/\/d2p6e6u75xmxt8.cloudfront.net\/4\/2018\/08\/04.jpg\" class=\"attachment-full size-full\" alt=\"\" \/><\/a>\n\t\t\t<\/div><\/figure>\n\t\t<\/div>\n        \n<h2><strong>Rodina je z\u00e1klad<\/strong><\/h2>\n<p>Za ka\u017ed\u00fdm zanieten\u00fdm bikerom stoj\u00ed jeho miluj\u00faca rodina a pr\u00e1ve preto by nemala s n\u00edm ch\u00fdba\u0165 ani vo Svite. V\u010faka nad\u0161tandardn\u00e9mu z\u00e1zemiu bude o jej program a komfort maxim\u00e1lne postaran\u00e9. Deti sa zabavia na sk\u00e1kacom hrade so \u0161myk\u013eavkou, \u010di poma\u013euj\u00fa automobil \u0160koda KAROQ. Pripraven\u00e9 je <strong>mno\u017estvo s\u00fa\u0165a\u017e\u00ed a bohat\u00fd kult\u00farny program<\/strong>, ktor\u00fd vyvrchol\u00ed tradi\u010dne bohatou tombolou.<\/p>\n<p><strong>V\u0161etky cyklorodinky maj\u00fa e\u0161te st\u00e1le mo\u017enos\u0165 zapoji\u0165 sa do na\u0161ej s\u00fa\u0165a\u017ee o cyklistick\u00fa v\u00fdbavu pre cel\u00fa rodinu v hodnote 5000 \u20ac. Tak nev\u00e1hajte sadn\u00fa\u0165 na bike a spravi\u0165 si pekn\u00fa fotku!<\/strong><\/p>\n<div class=\"shortcode-ys-post-pinup\"><article class=\"loop-simple post-4405 post type-post status-publish format-standard has-post-thumbnail hentry category-cestna-cyklisitika category-deti-na-bicykloch category-mtb category-sbot category-zabava tag-cyklorodinka tag-rodina tag-rodinny-maraton tag-sbot tag-sutaz tag-vylet\" data-postid=\"4405\" role=\"article\" data-post-id=\"4405\" data-word-count=\"99\" data-headline-length=\"32\" data-category=\"Z\u00e1bava\" data-author=\"We Love Cycling\" data-published=\"2018-07-27T13:02:17+02:00\" data-published-day=\"Friday\">\n    <div class=\"entry-thumbnail article-thumbnail\" content=\"https:\/\/d2p6e6u75xmxt8.cloudfront.net\/4\/2018\/07\/1375x600_cyklorodinka-150x150.webp\"><a href=\"https:\/\/www.welovecycling.com\/sk\/2018\/07\/27\/sutaz-hladame-cyklorodinku\/\" class=\"image-holder\" target=\"_self\"><img decoding=\"async\" loading=\"lazy\" class=\"\" src=\"https:\/\/d2p6e6u75xmxt8.cloudfront.net\/4\/2018\/07\/1375x600_cyklorodinka-1024x447.webp\" srcset=\"https:\/\/d2p6e6u75xmxt8.cloudfront.net\/4\/2018\/07\/1375x600_cyklorodinka.webp 1375w, https:\/\/d2p6e6u75xmxt8.cloudfront.net\/4\/2018\/07\/1375x600_cyklorodinka-300x131.webp 300w, https:\/\/d2p6e6u75xmxt8.cloudfront.net\/4\/2018\/07\/1375x600_cyklorodinka-1024x447.webp 1024w, https:\/\/d2p6e6u75xmxt8.cloudfront.net\/4\/2018\/07\/1375x600_cyklorodinka-768x335.webp 768w\" width=\"1024\" height=\"447\" sizes=\"auto, (min-width: 1200px) 458px, (min-width: 768px) 38vw, 100vw\" alt=\"sutaz-hladame-cyklorodinku\"\/><\/a><\/div>    <div class=\"entry-meta\">\n        <a class=\"label label-secondary post-category\" href=\"https:\/\/www.welovecycling.com\/sk\/category\/zabava\/\" title=\"Z\u00e1bava\">Z\u00e1bava<\/a>\n    <\/div>\n    <div class=\"entry-details\">\n        <a href=\"https:\/\/www.welovecycling.com\/sk\/2018\/07\/27\/sutaz-hladame-cyklorodinku\/\" class='entry-title-wrapper'>\n            <h3 class=\"entry-title\"><span>S\u00da\u0164A\u017d! H\u013ead\u00e1me cyklorodinku<\/span><\/h3>\n        <\/a>\n    <\/div>\n    <\/article>\n<\/div>\n<p><a href=\"https:\/\/d2p6e6u75xmxt8.cloudfront.net\/4\/2018\/08\/05.jpg\"><img loading=\"lazy\" decoding=\"async\" class=\"alignnone size-full wp-image-4525\" src=\"https:\/\/d2p6e6u75xmxt8.cloudfront.net\/4\/2018\/08\/05.jpg\" alt=\"\" width=\"1200\" height=\"800\" \/><\/a><\/p>\n<h2><strong>Po dojazde do cie\u013ea<\/strong><\/h2>\n<p>Ka\u017ed\u00fd akt\u00edvny \u00fa\u010dastn\u00edk marat\u00f3nu si bude m\u00f4c\u0165 v pohodl\u00ed vychutna\u0165 celkov\u00fa atmosf\u00e9ru podujatia. Po dojazde do cie\u013ea odmen\u00ed bicykel \u201ek\u00fape\u013eom\u201c v um\u00fdvac\u00edch boxoch a seba osvie\u017euj\u00facou sprchou. O biky sa postar\u00e1 str\u00e1\u017een\u00e1 \u00faschov\u0148a, tak\u017ee ka\u017ed\u00e9mu zostane dostato\u010dn\u00fd priestor na relax a z\u00e1bavu s rodinou.<\/p>\n<div data-rows=\"1\" id='gallery-2' class='gallery-rows-1 gallery galleryid-4405 gallery-columns-3 gallery-size-full'><figure class='gallery-item'>\n\t\t\t<div class='gallery-icon landscape'>\n\t\t\t\t<a href='https:\/\/d2p6e6u75xmxt8.cloudfront.net\/4\/2018\/08\/06.webp'><img loading=\"lazy\" decoding=\"async\" width=\"1200\" height=\"800\" src=\"https:\/\/d2p6e6u75xmxt8.cloudfront.net\/4\/2018\/08\/06.webp\" class=\"attachment-full size-full\" alt=\"\" srcset=\"https:\/\/d2p6e6u75xmxt8.cloudfront.net\/4\/2018\/08\/06.webp 1200w, https:\/\/d2p6e6u75xmxt8.cloudfront.net\/4\/2018\/08\/06-300x200.webp 300w, https:\/\/d2p6e6u75xmxt8.cloudfront.net\/4\/2018\/08\/06-1024x683.webp 1024w, https:\/\/d2p6e6u75xmxt8.cloudfront.net\/4\/2018\/08\/06-768x512.webp 768w, https:\/\/d2p6e6u75xmxt8.cloudfront.net\/4\/2018\/08\/06-272x182.webp 272w\" sizes=\"auto, (max-width: 1200px) 100vw, 1200px\" \/><\/a>\n\t\t\t<\/div><\/figure><figure class='gallery-item'>\n\t\t\t<div class='gallery-icon landscape'>\n\t\t\t\t<a href='https:\/\/d2p6e6u75xmxt8.cloudfront.net\/4\/2018\/08\/07.webp'><img loading=\"lazy\" decoding=\"async\" width=\"1200\" height=\"800\" src=\"https:\/\/d2p6e6u75xmxt8.cloudfront.net\/4\/2018\/08\/07.webp\" class=\"attachment-full size-full\" alt=\"\" srcset=\"https:\/\/d2p6e6u75xmxt8.cloudfront.net\/4\/2018\/08\/07.webp 1200w, https:\/\/d2p6e6u75xmxt8.cloudfront.net\/4\/2018\/08\/07-300x200.webp 300w, https:\/\/d2p6e6u75xmxt8.cloudfront.net\/4\/2018\/08\/07-1024x683.webp 1024w, https:\/\/d2p6e6u75xmxt8.cloudfront.net\/4\/2018\/08\/07-768x512.webp 768w, https:\/\/d2p6e6u75xmxt8.cloudfront.net\/4\/2018\/08\/07-272x182.webp 272w\" sizes=\"auto, (max-width: 1200px) 100vw, 1200px\" \/><\/a>\n\t\t\t<\/div><\/figure><figure class='gallery-item'>\n\t\t\t<div class='gallery-icon landscape'>\n\t\t\t\t<a href='https:\/\/d2p6e6u75xmxt8.cloudfront.net\/4\/2018\/08\/08.webp'><img loading=\"lazy\" decoding=\"async\" width=\"1200\" height=\"800\" src=\"https:\/\/d2p6e6u75xmxt8.cloudfront.net\/4\/2018\/08\/08.webp\" class=\"attachment-full size-full\" alt=\"\" srcset=\"https:\/\/d2p6e6u75xmxt8.cloudfront.net\/4\/2018\/08\/08.webp 1200w, https:\/\/d2p6e6u75xmxt8.cloudfront.net\/4\/2018\/08\/08-300x200.webp 300w, https:\/\/d2p6e6u75xmxt8.cloudfront.net\/4\/2018\/08\/08-1024x683.webp 1024w, https:\/\/d2p6e6u75xmxt8.cloudfront.net\/4\/2018\/08\/08-768x512.webp 768w, https:\/\/d2p6e6u75xmxt8.cloudfront.net\/4\/2018\/08\/08-272x182.webp 272w\" sizes=\"auto, (max-width: 1200px) 100vw, 1200px\" \/><\/a>\n\t\t\t<\/div><\/figure>\n\t\t<\/div>\n        \n<p>Koniec leta sa nezadr\u017eate\u013ene bl\u00ed\u017ei, preto nestr\u00e1cajte \u010das a vyu\u017eite s rodinou akt\u00edvne ka\u017ed\u00fa mo\u017en\u00fa pr\u00edle\u017eitos\u0165, jedna tak\u00e1 na v\u00e1s \u010dak\u00e1 vo Svite! Viac inform\u00e1ci\u00ed a propoz\u00edcie n\u00e1jdete na str\u00e1nke marat\u00f3nu na <a href=\"http:\/\/www.horal.sk\/\">tomto odkaze<\/a>.<\/p>\n","protected":false},"excerpt":{"rendered":"<p>Po poriadne hor\u00facom v\u00edkende v Stupave sa p\u00f4jdeme schladi\u0165 k Podtatrancom na u\u017e piate a predposledn\u00e9 kolo na\u0161ej s\u00e9rie \u0160BOT.<\/p>\n","protected":false},"author":38,"featured_media":4520,"comment_status":"open","ping_status":"open","sticky":false,"template":"","format":"standard","meta":{"footnotes":""},"categories":[3,34,33],"tags":[450,180,178,412,91,179,35,77,214,468,92,520],"global-categories":[],"class_list":["post-4518","post","type-post","status-publish","format-standard","has-post-thumbnail","hentry","category-mtb","category-podujatia","category-sbot","tag-cyklo-guru","tag-horska-cyklistika","tag-maraton","tag-mtb","tag-pozvanka","tag-preteky","tag-sbot","tag-skoda-dedina","tag-skoda-horal-mtb-maraton","tag-skoda-karoq","tag-skoda-tim","tag-vysoke-tatry"],"yoast_head":"<!-- This site is optimized with the Yoast SEO Premium plugin v25.3 (Yoast SEO v25.9) - https:\/\/yoast.com\/wordpress\/plugins\/seo\/ -->\n<title>Pozv\u00e1nka: \u0160koda Horal MTB marat\u00f3n \u2013 \u0160koda BIKE OPEN TOUR sa pres\u00fava do Svitu - \u0160koda We Love Cycling Slovensko<\/title>\n<meta name=\"robots\" content=\"index, follow, max-snippet:-1, max-image-preview:large, max-video-preview:-1\" \/>\n<link rel=\"canonical\" href=\"https:\/\/www.welovecycling.com\/sk\/2018\/08\/03\/pozvanka-skoda-horal-mtb-maraton-skoda-bike-open-tour-sa-presuva-do-svitu\/\" \/>\n<meta property=\"og:locale\" content=\"sk_SK\" \/>\n<meta property=\"og:type\" content=\"article\" \/>\n<meta property=\"og:title\" content=\"Pozv\u00e1nka: \u0160koda Horal MTB marat\u00f3n \u2013 \u0160koda BIKE OPEN TOUR sa pres\u00fava do Svitu\" \/>\n<meta property=\"og:description\" content=\"Po poriadne hor\u00facom v\u00edkende v Stupave sa p\u00f4jdeme schladi\u0165 k Podtatrancom na u\u017e piate a predposledn\u00e9 kolo na\u0161ej s\u00e9rie \u0160BOT.\" \/>\n<meta property=\"og:url\" content=\"https:\/\/www.welovecycling.com\/sk\/2018\/08\/03\/pozvanka-skoda-horal-mtb-maraton-skoda-bike-open-tour-sa-presuva-do-svitu\/\" \/>\n<meta property=\"og:site_name\" content=\"\u0160koda We Love Cycling Slovensko\" \/>\n<meta property=\"article:published_time\" content=\"2018-08-03T12:07:39+00:00\" \/>\n<meta property=\"article:modified_time\" content=\"2018-08-07T08:31:54+00:00\" \/>\n<meta property=\"og:image\" content=\"https:\/\/d2p6e6u75xmxt8.cloudfront.net\/4\/2018\/08\/titulka.webp\" \/>\n\t<meta property=\"og:image:width\" content=\"1380\" \/>\n\t<meta property=\"og:image:height\" content=\"600\" \/>\n\t<meta property=\"og:image:type\" content=\"image\/webp\" \/>\n<meta name=\"author\" content=\"Ondrej Ga\u0161par\" \/>\n<meta name=\"twitter:card\" content=\"summary_large_image\" \/>\n<meta name=\"twitter:label1\" content=\"Written by\" \/>\n\t<meta name=\"twitter:data1\" content=\"We Love Cycling\" \/>\n\t<meta name=\"twitter:label2\" content=\"Est. reading time\" \/>\n\t<meta name=\"twitter:data2\" content=\"1\" \/>\n<script type=\"application\/ld+json\" class=\"yoast-schema-graph\">{\"@context\":\"https:\/\/schema.org\",\"@graph\":[{\"@type\":\"WebPage\",\"@id\":\"https:\/\/www.welovecycling.com\/sk\/2018\/08\/03\/pozvanka-skoda-horal-mtb-maraton-skoda-bike-open-tour-sa-presuva-do-svitu\/\",\"url\":\"https:\/\/www.welovecycling.com\/sk\/2018\/08\/03\/pozvanka-skoda-horal-mtb-maraton-skoda-bike-open-tour-sa-presuva-do-svitu\/\",\"name\":\"Pozv\u00e1nka: \u0160koda Horal MTB marat\u00f3n \u2013 \u0160koda BIKE OPEN TOUR sa pres\u00fava do Svitu - \u0160koda We Love Cycling Slovensko\",\"isPartOf\":{\"@id\":\"https:\/\/www.welovecycling.com\/sk\/#website\"},\"primaryImageOfPage\":{\"@id\":\"https:\/\/www.welovecycling.com\/sk\/2018\/08\/03\/pozvanka-skoda-horal-mtb-maraton-skoda-bike-open-tour-sa-presuva-do-svitu\/#primaryimage\"},\"image\":{\"@id\":\"https:\/\/www.welovecycling.com\/sk\/2018\/08\/03\/pozvanka-skoda-horal-mtb-maraton-skoda-bike-open-tour-sa-presuva-do-svitu\/#primaryimage\"},\"thumbnailUrl\":\"https:\/\/d2p6e6u75xmxt8.cloudfront.net\/4\/2018\/08\/titulka.webp\",\"datePublished\":\"2018-08-03T12:07:39+00:00\",\"dateModified\":\"2018-08-07T08:31:54+00:00\",\"author\":{\"@id\":\"https:\/\/www.welovecycling.com\/sk\/#\/schema\/person\/8ee09ba39b7e25b1870160aa5b3a89bc\"},\"breadcrumb\":{\"@id\":\"https:\/\/www.welovecycling.com\/sk\/2018\/08\/03\/pozvanka-skoda-horal-mtb-maraton-skoda-bike-open-tour-sa-presuva-do-svitu\/#breadcrumb\"},\"inLanguage\":\"sk-SK\",\"potentialAction\":[{\"@type\":\"ReadAction\",\"target\":[\"https:\/\/www.welovecycling.com\/sk\/2018\/08\/03\/pozvanka-skoda-horal-mtb-maraton-skoda-bike-open-tour-sa-presuva-do-svitu\/\"]}]},{\"@type\":\"ImageObject\",\"inLanguage\":\"sk-SK\",\"@id\":\"https:\/\/www.welovecycling.com\/sk\/2018\/08\/03\/pozvanka-skoda-horal-mtb-maraton-skoda-bike-open-tour-sa-presuva-do-svitu\/#primaryimage\",\"url\":\"https:\/\/d2p6e6u75xmxt8.cloudfront.net\/4\/2018\/08\/titulka.webp\",\"contentUrl\":\"https:\/\/d2p6e6u75xmxt8.cloudfront.net\/4\/2018\/08\/titulka.webp\",\"width\":1380,\"height\":600},{\"@type\":\"BreadcrumbList\",\"@id\":\"https:\/\/www.welovecycling.com\/sk\/2018\/08\/03\/pozvanka-skoda-horal-mtb-maraton-skoda-bike-open-tour-sa-presuva-do-svitu\/#breadcrumb\",\"itemListElement\":[{\"@type\":\"ListItem\",\"position\":1,\"name\":\"Home\",\"item\":\"https:\/\/www.welovecycling.com\/sk\/\"},{\"@type\":\"ListItem\",\"position\":2,\"name\":\"Pozv\u00e1nka: \u0160koda Horal MTB marat\u00f3n \u2013 \u0160koda BIKE OPEN TOUR sa pres\u00fava do Svitu\"}]},{\"@type\":\"WebSite\",\"@id\":\"https:\/\/www.welovecycling.com\/sk\/#website\",\"url\":\"https:\/\/www.welovecycling.com\/sk\/\",\"name\":\"\u0160koda We Love Cycling Slovensko\",\"description\":\"\u0160koda We Love Cycling Slovensko je v\u00e1\u0161 ka\u017edodenn\u00fd zdroj noviniek a in\u0161pir\u00e1cie z sveta cyklistiky\",\"potentialAction\":[{\"@type\":\"SearchAction\",\"target\":{\"@type\":\"EntryPoint\",\"urlTemplate\":\"https:\/\/www.welovecycling.com\/sk\/?s={search_term_string}\"},\"query-input\":{\"@type\":\"PropertyValueSpecification\",\"valueRequired\":true,\"valueName\":\"search_term_string\"}}],\"inLanguage\":\"sk-SK\"},{\"@type\":\"Person\",\"@id\":\"https:\/\/www.welovecycling.com\/sk\/#\/schema\/person\/8ee09ba39b7e25b1870160aa5b3a89bc\",\"name\":\"Ondrej Ga\u0161par\",\"image\":{\"@type\":\"ImageObject\",\"inLanguage\":\"sk-SK\",\"@id\":\"https:\/\/www.welovecycling.com\/sk\/#\/schema\/person\/image\/\",\"url\":\"https:\/\/secure.gravatar.com\/avatar\/6126c9afb87b70da5abbb083ddbb21933da15f18f8ca7cb822aba0fb096a48f6?s=96&d=mm&r=g\",\"contentUrl\":\"https:\/\/secure.gravatar.com\/avatar\/6126c9afb87b70da5abbb083ddbb21933da15f18f8ca7cb822aba0fb096a48f6?s=96&d=mm&r=g\",\"caption\":\"Ondrej Ga\u0161par\"},\"url\":\"https:\/\/www.welovecycling.com\/sk\/author\/ondrejgaspar\/\"}]}<\/script>\n<!-- \/ Yoast SEO Premium plugin. -->","yoast_head_json":{"title":"Pozv\u00e1nka: \u0160koda Horal MTB marat\u00f3n \u2013 \u0160koda BIKE OPEN TOUR sa pres\u00fava do Svitu - \u0160koda We Love Cycling Slovensko","robots":{"index":"index","follow":"follow","max-snippet":"max-snippet:-1","max-image-preview":"max-image-preview:large","max-video-preview":"max-video-preview:-1"},"canonical":"https:\/\/www.welovecycling.com\/sk\/2018\/08\/03\/pozvanka-skoda-horal-mtb-maraton-skoda-bike-open-tour-sa-presuva-do-svitu\/","og_locale":"sk_SK","og_type":"article","og_title":"Pozv\u00e1nka: \u0160koda Horal MTB marat\u00f3n \u2013 \u0160koda BIKE OPEN TOUR sa pres\u00fava do Svitu","og_description":"Po poriadne hor\u00facom v\u00edkende v Stupave sa p\u00f4jdeme schladi\u0165 k Podtatrancom na u\u017e piate a predposledn\u00e9 kolo na\u0161ej s\u00e9rie \u0160BOT.","og_url":"https:\/\/www.welovecycling.com\/sk\/2018\/08\/03\/pozvanka-skoda-horal-mtb-maraton-skoda-bike-open-tour-sa-presuva-do-svitu\/","og_site_name":"\u0160koda We Love Cycling Slovensko","article_published_time":"2018-08-03T12:07:39+00:00","article_modified_time":"2018-08-07T08:31:54+00:00","og_image":[{"width":1380,"height":600,"url":"https:\/\/d2p6e6u75xmxt8.cloudfront.net\/4\/2018\/08\/titulka.webp","type":"image\/webp"}],"author":"Ondrej Ga\u0161par","twitter_card":"summary_large_image","twitter_misc":{"Written by":"We Love Cycling","Est. reading time":"1"},"schema":{"@context":"https:\/\/schema.org","@graph":[{"@type":"WebPage","@id":"https:\/\/www.welovecycling.com\/sk\/2018\/08\/03\/pozvanka-skoda-horal-mtb-maraton-skoda-bike-open-tour-sa-presuva-do-svitu\/","url":"https:\/\/www.welovecycling.com\/sk\/2018\/08\/03\/pozvanka-skoda-horal-mtb-maraton-skoda-bike-open-tour-sa-presuva-do-svitu\/","name":"Pozv\u00e1nka: \u0160koda Horal MTB marat\u00f3n \u2013 \u0160koda BIKE OPEN TOUR sa pres\u00fava do Svitu - \u0160koda We Love Cycling Slovensko","isPartOf":{"@id":"https:\/\/www.welovecycling.com\/sk\/#website"},"primaryImageOfPage":{"@id":"https:\/\/www.welovecycling.com\/sk\/2018\/08\/03\/pozvanka-skoda-horal-mtb-maraton-skoda-bike-open-tour-sa-presuva-do-svitu\/#primaryimage"},"image":{"@id":"https:\/\/www.welovecycling.com\/sk\/2018\/08\/03\/pozvanka-skoda-horal-mtb-maraton-skoda-bike-open-tour-sa-presuva-do-svitu\/#primaryimage"},"thumbnailUrl":"https:\/\/d2p6e6u75xmxt8.cloudfront.net\/4\/2018\/08\/titulka.webp","datePublished":"2018-08-03T12:07:39+00:00","dateModified":"2018-08-07T08:31:54+00:00","author":{"@id":"https:\/\/www.welovecycling.com\/sk\/#\/schema\/person\/8ee09ba39b7e25b1870160aa5b3a89bc"},"breadcrumb":{"@id":"https:\/\/www.welovecycling.com\/sk\/2018\/08\/03\/pozvanka-skoda-horal-mtb-maraton-skoda-bike-open-tour-sa-presuva-do-svitu\/#breadcrumb"},"inLanguage":"sk-SK","potentialAction":[{"@type":"ReadAction","target":["https:\/\/www.welovecycling.com\/sk\/2018\/08\/03\/pozvanka-skoda-horal-mtb-maraton-skoda-bike-open-tour-sa-presuva-do-svitu\/"]}]},{"@type":"ImageObject","inLanguage":"sk-SK","@id":"https:\/\/www.welovecycling.com\/sk\/2018\/08\/03\/pozvanka-skoda-horal-mtb-maraton-skoda-bike-open-tour-sa-presuva-do-svitu\/#primaryimage","url":"https:\/\/d2p6e6u75xmxt8.cloudfront.net\/4\/2018\/08\/titulka.webp","contentUrl":"https:\/\/d2p6e6u75xmxt8.cloudfront.net\/4\/2018\/08\/titulka.webp","width":1380,"height":600},{"@type":"BreadcrumbList","@id":"https:\/\/www.welovecycling.com\/sk\/2018\/08\/03\/pozvanka-skoda-horal-mtb-maraton-skoda-bike-open-tour-sa-presuva-do-svitu\/#breadcrumb","itemListElement":[{"@type":"ListItem","position":1,"name":"Home","item":"https:\/\/www.welovecycling.com\/sk\/"},{"@type":"ListItem","position":2,"name":"Pozv\u00e1nka: \u0160koda Horal MTB marat\u00f3n \u2013 \u0160koda BIKE OPEN TOUR sa pres\u00fava do Svitu"}]},{"@type":"WebSite","@id":"https:\/\/www.welovecycling.com\/sk\/#website","url":"https:\/\/www.welovecycling.com\/sk\/","name":"\u0160koda We Love Cycling Slovensko","description":"\u0160koda We Love Cycling Slovensko je v\u00e1\u0161 ka\u017edodenn\u00fd zdroj noviniek a in\u0161pir\u00e1cie z sveta cyklistiky","potentialAction":[{"@type":"SearchAction","target":{"@type":"EntryPoint","urlTemplate":"https:\/\/www.welovecycling.com\/sk\/?s={search_term_string}"},"query-input":{"@type":"PropertyValueSpecification","valueRequired":true,"valueName":"search_term_string"}}],"inLanguage":"sk-SK"},{"@type":"Person","@id":"https:\/\/www.welovecycling.com\/sk\/#\/schema\/person\/8ee09ba39b7e25b1870160aa5b3a89bc","name":"Ondrej Ga\u0161par","image":{"@type":"ImageObject","inLanguage":"sk-SK","@id":"https:\/\/www.welovecycling.com\/sk\/#\/schema\/person\/image\/","url":"https:\/\/secure.gravatar.com\/avatar\/6126c9afb87b70da5abbb083ddbb21933da15f18f8ca7cb822aba0fb096a48f6?s=96&d=mm&r=g","contentUrl":"https:\/\/secure.gravatar.com\/avatar\/6126c9afb87b70da5abbb083ddbb21933da15f18f8ca7cb822aba0fb096a48f6?s=96&d=mm&r=g","caption":"Ondrej Ga\u0161par"},"url":"https:\/\/www.welovecycling.com\/sk\/author\/ondrejgaspar\/"}]}},"_links":{"self":[{"href":"https:\/\/www.welovecycling.com\/sk\/wp-json\/wp\/v2\/posts\/4518","targetHints":{"allow":["GET"]}}],"collection":[{"href":"https:\/\/www.welovecycling.com\/sk\/wp-json\/wp\/v2\/posts"}],"about":[{"href":"https:\/\/www.welovecycling.com\/sk\/wp-json\/wp\/v2\/types\/post"}],"author":[{"embeddable":true,"href":"https:\/\/www.welovecycling.com\/sk\/wp-json\/wp\/v2\/users\/38"}],"replies":[{"embeddable":true,"href":"https:\/\/www.welovecycling.com\/sk\/wp-json\/wp\/v2\/comments?post=4518"}],"version-history":[{"count":2,"href":"https:\/\/www.welovecycling.com\/sk\/wp-json\/wp\/v2\/posts\/4518\/revisions"}],"predecessor-version":[{"id":4562,"href":"https:\/\/www.welovecycling.com\/sk\/wp-json\/wp\/v2\/posts\/4518\/revisions\/4562"}],"wp:featuredmedia":[{"embeddable":true,"href":"https:\/\/www.welovecycling.com\/sk\/wp-json\/wp\/v2\/media\/4520"}],"wp:attachment":[{"href":"https:\/\/www.welovecycling.com\/sk\/wp-json\/wp\/v2\/media?parent=4518"}],"wp:term":[{"taxonomy":"category","embeddable":true,"href":"https:\/\/www.welovecycling.com\/sk\/wp-json\/wp\/v2\/categories?post=4518"},{"taxonomy":"post_tag","embeddable":true,"href":"https:\/\/www.welovecycling.com\/sk\/wp-json\/wp\/v2\/tags?post=4518"},{"taxonomy":"global-categories","embeddable":true,"href":"https:\/\/www.welovecycling.com\/sk\/wp-json\/wp\/v2\/global-categories?post=4518"}],"curies":[{"name":"wp","href":"https:\/\/api.w.org\/{rel}","templated":true}]}}