{"id":4498,"date":"2018-08-03T10:18:22","date_gmt":"2018-08-03T08:18:22","guid":{"rendered":"https:\/\/www.welovecycling.com\/sk\/?p=4498"},"modified":"2018-08-03T10:18:22","modified_gmt":"2018-08-03T08:18:22","slug":"drobec-na-palube-bicykla","status":"publish","type":"post","link":"https:\/\/www.welovecycling.com\/sk\/2018\/08\/03\/drobec-na-palube-bicykla\/","title":{"rendered":"Drobec na palube (bicykla)"},"content":{"rendered":"<p><strong>U\u010di\u0165 sa jazdi\u0165 na bicykli je ve\u013ek\u00fd z\u00e1\u017eitok, ktor\u00fd si pam\u00e4t\u00e1 ka\u017ed\u00fd \u010dlovek najm\u00e4 z obdobia materskej \u0161koly. Ak ale patr\u00edte medzi rodi\u010dov-cyklistov, ur\u010dite beriete na svoje v\u00fdjazdy aj deti mlad\u0161ie ako 4 roky. Cyklov\u00fdlety si m\u00f4\u017eete dopria\u0165 aj s bato\u013ea\u0165om u\u017e po 6 mesiacoch od jeho narodenia, no v ka\u017edom pr\u00edpade myslite na bezpe\u010dnos\u0165, ale aj praktickos\u0165 prepravovac\u00edch prostriedkov.<\/strong><!--more--><\/p>\n<p>V dne\u0161nej dobe s\u00fa dostupn\u00e9 viacer\u00e9 mo\u017enosti, z ktor\u00fdch sa d\u00e1 vybra\u0165. Popul\u00e1rna je predn\u00e1 seda\u010dka, ale aj seda\u010dka ur\u010den\u00e1 na in\u0161talovanie na zadn\u00fa \u010das\u0165. Taktie\u017e zauj\u00edmavou vo\u013ebou m\u00f4\u017ee by\u0165 detsk\u00fd cyklovoz\u00edk pripojen\u00fd za v\u00e1\u0161 bicykel.<\/p>\n<p>\u010co sa t\u00fdka vekov\u00e9ho obmedzenia, v\u00e4\u010d\u0161ina v\u00fdrobcov uv\u00e1dza rozp\u00e4tie 9 mesiacov a\u017e 5 rokov. V skuto\u010dnosti v\u0161ak spodn\u00e1 hranica z\u00e1vis\u00ed od v\u00e1\u0161ho drobca a jeho schopnosti vydr\u017ea\u0165 sedie\u0165 bez podpory. Najvy\u0161\u0161\u00ed limit pre pasa\u017eiera v seda\u010dke je sk\u00f4r hmotnostn\u00fd. Preto\u017ee manipul\u00e1cia s bicyklom rastie spolu s n\u00e1kladom, a preto s\u00fa seda\u010dky vhodn\u00e9 pre deti do 20 kg.<\/p>\n<p>V\u00fdber spr\u00e1vneho variantu je d\u00f4le\u017eit\u00fd pre die\u0165a, ale aj pre v\u00e1s, preto ho ako zodpovedn\u00fd rodi\u010d nezanedbajte a h\u013eadajte to prav\u00e9. Vybera\u0165 je naozaj z \u010doho.<\/p>\n<h2><strong>Je v\u00e1\u0161 bicykel kompatibiln\u00fd s detskou seda\u010dkou?<\/strong><\/h2>\n<p><strong>Kde spr\u00e1vne namontova\u0165 seda\u010dku na bicykel?<\/strong> Odpove\u010f na t\u00fato ot\u00e1zku tvor\u00ed v\u00fdrazn\u00fd faktor pri v\u00fdbere najlep\u0161ieho rie\u0161enia na prepravu celej va\u0161ej rodiny. Nie v\u0161etky biky s\u00fa vhodn\u00e9 na pripevnenie detskej seda\u010dky. Niektor\u00e9 s\u00fa kompatibiln\u00e9 len s ur\u010dit\u00fdmi typmi seda\u010diek a in\u00e9 si dokonca rozumej\u00fa len s nieko\u013ek\u00fdmi zna\u010dkami. \u0160tandardn\u00e9 mestsk\u00e9 bicykle, ces\u0165\u00e1ky alebo hybridy s\u00fa univerz\u00e1lnej\u0161ie, naopak \u0161pecializovan\u00e9 bicykle sa neodpor\u00fa\u010daj\u00fa.<\/p>\n<h3><strong>Pri v\u00fdbere si v\u0161\u00edmajte:<\/strong><\/h3>\n<p>&#8211; O\u010dko na prichytenie stojana.<br \/>\n&#8211; K\u00e1ble, ktor\u00e9 m\u00f4\u017eu prek\u00e1\u017ea\u0165 pri in\u0161tal\u00e1cii.<br \/>\n&#8211; Syst\u00e9m upevnenia zadn\u00fdch kolies.<br \/>\n&#8211; Zistite, \u010di m\u00e1te v prednej \u010dasti bicykla priestor na seda\u010dku.<\/p>\n<h2><strong>Zadn\u00e1 cykloseda\u010dka <\/strong><\/h2>\n<p>Zadn\u00e9 seda\u010dky s\u00fa vyr\u00e1ban\u00e9 <strong>v troch z\u00e1kladn\u00fdch prevedeniach<\/strong>: s uchyten\u00edm na sedlov\u00fa trubku r\u00e1mu bicykla, s uchyten\u00edm priamo za sedlo alebo seda\u010dka montovate\u013en\u00e1 na nosi\u010d.<\/p>\n<p>Je vhodn\u00e1 pre vy\u0161\u0161ie deti od 9 mesiacov aj na dlh\u0161ie cesty, po\u010das ktor\u00fdch si m\u00f4\u017eu v pohode aj pospa\u0165.<\/p>\n<p><a href=\"https:\/\/d2p6e6u75xmxt8.cloudfront.net\/4\/2018\/08\/hilsa-lines.jpg\"><img loading=\"lazy\" decoding=\"async\" class=\"alignnone size-full wp-image-4499\" src=\"https:\/\/d2p6e6u75xmxt8.cloudfront.net\/4\/2018\/08\/hilsa-lines.jpg\" alt=\"\" width=\"800\" height=\"499\" \/><\/a><\/p>\n<h3><strong>V\u00fdhody:<\/strong><\/h3>\n<p>1. Mno\u017estvo seda\u010diek dobre sed\u00ed na stredne ve\u013ek\u00fd a\u017e ve\u013ek\u00fd bicykel s be\u017enou hornou r\u00e1movou trubkou.<br \/>\n2. Najjednoduch\u0161ia a najdostupnej\u0161ia vo\u013eba.<br \/>\n3. Ve\u013ea modelov sa d\u00e1 jednoducho odopn\u00fa\u0165 od bicykla.<br \/>\n4. Seda\u010dku m\u00f4\u017eete v pr\u00edpade potreby strieda\u0165 medzi r\u00f4znymi bicyklami (ak napr. vymen\u00edte ten svoj).<\/p>\n<h3><strong>Nev\u00fdhody:<\/strong><\/h3>\n<p>1. Kombin\u00e1cia &#8211; v\u00e4\u010d\u0161ie deti a dlh\u00e9 cesty m\u00f4\u017eu zdeformova\u0165 seda\u010dku.<br \/>\n2. Bicykle s mal\u00fdm r\u00e1mom alebo s kr\u00e1tkou hornou r\u00e1movou trubkou m\u00f4\u017eu sp\u00f4sobi\u0165 \u0165a\u017ekosti pri pou\u017e\u00edvan\u00ed seda\u010dky.<br \/>\n3. Die\u0165a je mimo dosahu konverz\u00e1cie.<br \/>\n4. Hmotnos\u0165 pridanej seda\u010dky, zmena \u0165a\u017eiska a pohyby die\u0165a\u0165a m\u00f4\u017eu naru\u0161i\u0165 rovnov\u00e1hu a p\u00f4\u017eitok z jazdy rodi\u010da.<\/p>\n<h2><strong>Predn\u00e1 cykloseda\u010dka<\/strong><\/h2>\n<p>Predn\u00e9 seda\u010dky sa zvy\u010dajne <strong>prip\u00e1jaj\u00fa k hornej r\u00e1movej trubke alebo na hlavov\u00fa trubku<\/strong>. Niektor\u00e9 s\u00fa plastov\u00e9 a tvarovan\u00e9 na cel\u00e9 telo, in\u00e9 s\u00fa men\u0161ie s opierkami na nohy. Tie s\u00fa ur\u010den\u00e9 sk\u00f4r pre star\u0161ie deti. Vhodn\u00e9 s\u00fa pre bato\u013eat\u00e1 k priemerne vysok\u00fdm a\u017e vysok\u00fdm dospel\u00e1kom.<\/p>\n<p><a href=\"https:\/\/d2p6e6u75xmxt8.cloudfront.net\/4\/2018\/08\/15170741_1160394384054206_134832254735981960_n.jpg\"><img loading=\"lazy\" decoding=\"async\" class=\"alignnone size-full wp-image-4500\" src=\"https:\/\/d2p6e6u75xmxt8.cloudfront.net\/4\/2018\/08\/15170741_1160394384054206_134832254735981960_n.jpg\" alt=\"\" width=\"900\" height=\"600\" \/><\/a><\/p>\n<h3><strong>V\u00fdhody:<\/strong><\/h3>\n<p>1. Bl\u00edzkos\u0165 die\u0165a\u0165a a mo\u017en\u00e1 konverz\u00e1cia.<br \/>\n2. Die\u0165a vid\u00ed viac po\u010das jazdy.<br \/>\n3. Lep\u0161ia stabilita.<br \/>\n4. D\u00e1 sa jednoduch\u0161ie nasadi\u0165 a da\u0165 dole.<\/p>\n<h3><strong>Nev\u00fdhody:<\/strong><\/h3>\n<p>1. Limitovan\u00fd priestor pre dospel\u00e9ho cyklistu. Je mo\u017en\u00e9, \u017ee budete prin\u00faten\u00fd ne\u0161ikovne ped\u00e1lova\u0165 s kolenami von.<br \/>\n2. V pr\u00edpade p\u00e1du alebo n\u00e1hleho brzdenia m\u00f4\u017ee die\u0165a skon\u010di\u0165 ako v\u00e1\u0161 airbag.<br \/>\n3. Drobn\u00fd pasa\u017eier je o nie\u010do viac vystaven\u00fd chladn\u00e9mu vetru.<br \/>\n4. Mal\u00e1 seda\u010dka sa odpor\u00fa\u010da jedine na kr\u00e1tke jazdy, preto\u017ee unaven\u00e9 die\u0165a m\u00f4\u017ee sk\u013aznu\u0165 bokom alebo mu m\u00f4\u017ee noha zbehn\u00fa\u0165 do predn\u00e9ho kolesa.<\/p>\n<h2><strong>Viac ako jedno die\u0165a?<\/strong><\/h2>\n<p>Aj ke\u010f m\u00e1te mo\u017enos\u0165 ma\u0165 naraz namontovan\u00fa predn\u00fa aj zadn\u00fa seda\u010dku na jednom bicykli, neodpor\u00fa\u010dame tak urobi\u0165. Tak\u00e1to vo\u013eba urob\u00ed bicykel extr\u00e9mne \u0165a\u017eko ovl\u00e1date\u013en\u00fdm. Ak chcete vies\u0165 viac ako jedno mal\u00e9 die\u0165a, potom je pre v\u00e1s <strong>lep\u0161ie rie\u0161enie detsk\u00fd cyklovoz\u00edk<\/strong>.<\/p>\n<p>Na rozdiel od seda\u010dky, ktor\u00e1 je vhodn\u00e1 len pre jedn\u00e9ho cestovate\u013ea, m\u00e1 voz\u00edk obrovsk\u00fa v\u00fdhodu. V\u00e4\u010d\u0161ina je dostato\u010dne ve\u013ek\u00fdch na <strong>prepravu viacer\u00fdch det\u00ed naraz<\/strong>. Z\u00e1rove\u0148 pon\u00faka dostato\u010dn\u00fd priestor na v\u0161etky veci, ktor\u00e9 potrebuje vozi\u0165 so sebou.<\/p>\n<p><a href=\"https:\/\/d2p6e6u75xmxt8.cloudfront.net\/4\/2018\/08\/CR-BG-Bike-Trailer-Hero-08-16.jpg\"><img loading=\"lazy\" decoding=\"async\" class=\"alignnone size-full wp-image-4501\" src=\"https:\/\/d2p6e6u75xmxt8.cloudfront.net\/4\/2018\/08\/CR-BG-Bike-Trailer-Hero-08-16.jpg\" alt=\"\" width=\"1979\" height=\"674\" \/><\/a><\/p>\n<h3><strong>V\u00fdhody:<\/strong><\/h3>\n<p>1. Ve\u013ek\u00e1 nosnos\u0165.<br \/>\n2. Pohodlie pre deti.<br \/>\n3. V niektor\u00fdch modeloch m\u00f4\u017eete vozi\u0165 b\u00e1b\u00e4tk\u00e1 u\u017e od narodenia.<br \/>\n4. Deti m\u00f4\u017eu spokojne spa\u0165.<br \/>\n5. Ak veziete dve deti spolu v jednom voz\u00edku, nebude im po\u010das cesty smutno.<br \/>\n6. Nemus\u00edte sa ob\u00e1va\u0165 probl\u00e9mov so stabilitou.<br \/>\n7. Deti s\u00fa schovan\u00e9 pod strie\u0161kou, \u010di\u017ee v suchu a nem\u00f4\u017eu ani vystrkova\u0165 ruky von do cesty.<br \/>\n8. Poskytuj\u00fa v\u00e4\u010d\u0161iu nosnos\u0165 ako seda\u010dky pre deti.<br \/>\n9. M\u00f4\u017eete ich pou\u017e\u00edva\u0165 aj potom, ako deti vyrast\u00fa, napr. ako voz\u00edk.<br \/>\n10. S\u00fa dostupn\u00e9 aj modely, ktor\u00e9 sa jednoducho zmenia na ko\u010d\u00edk.<\/p>\n<h3><strong>Nev\u00fdhody:<\/strong><\/h3>\n<p>1. V\u0161etky cyklovoz\u00edky maj\u00fa hmotnostn\u00e9 obmedzenia (tak isto ako seda\u010dky).<br \/>\n2. Deti s\u00fa v priestore za vami, preto ich nebudete tak dobre po\u010du\u0165 a ani ich nebudete m\u00f4c\u0165 tak \u010dasto kontrolova\u0165, ako keby sedeli na seda\u010dke priamo pri v\u00e1s \u2013 zrkadlo na bicykel v\u0161ak vie pom\u00f4c\u0165.<br \/>\n3. Potrebujete dostato\u010dn\u00fa silu a kond\u00edciu na utiahnutie voz\u00edka.<br \/>\n4. Budete musie\u0165 viac prem\u00fd\u0161\u013ea\u0165 o \u0161t\u00fdle a sp\u00f4sobe jazdy. Preto\u017ee na cestnej komunik\u00e1cii mus\u00edte by\u0165 vy aj voz\u00edk dostato\u010dne viden\u00ed pre v\u0161etk\u00fdch \u010dlenov prem\u00e1vky.<\/p>\n","protected":false},"excerpt":{"rendered":"<p>U\u010di\u0165 sa jazdi\u0165 na bicykli je ve\u013ek\u00fd z\u00e1\u017eitok, ktor\u00fd si pam\u00e4t\u00e1 ka\u017ed\u00fd \u010dlovek najm\u00e4 z obdobia materskej \u0161koly. Ak ale [&hellip;]<\/p>\n","protected":false},"author":38,"featured_media":4503,"comment_status":"open","ping_status":"open","sticky":false,"template":"","format":"standard","meta":{"footnotes":""},"categories":[51,118],"tags":[115,517,518,53,180,509,318,508],"global-categories":[],"class_list":["post-4498","post","type-post","status-publish","format-standard","has-post-thumbnail","hentry","category-deti-na-bicykloch","category-zabava","tag-cestna-cyklistika","tag-cyklosedacky","tag-cyklovozik","tag-deti","tag-horska-cyklistika","tag-rodina","tag-vyjazd","tag-vylet"],"yoast_head":"<!-- This site is optimized with the Yoast SEO Premium plugin v25.3 (Yoast SEO v25.9) - https:\/\/yoast.com\/wordpress\/plugins\/seo\/ -->\n<title>Drobec na palube (bicykla) - \u0160koda We Love Cycling Slovensko<\/title>\n<meta name=\"robots\" content=\"index, follow, max-snippet:-1, max-image-preview:large, max-video-preview:-1\" \/>\n<link rel=\"canonical\" href=\"https:\/\/www.welovecycling.com\/sk\/2018\/08\/03\/drobec-na-palube-bicykla\/\" \/>\n<meta property=\"og:locale\" content=\"sk_SK\" \/>\n<meta property=\"og:type\" content=\"article\" \/>\n<meta property=\"og:title\" content=\"Drobec na palube (bicykla)\" \/>\n<meta property=\"og:description\" content=\"U\u010di\u0165 sa jazdi\u0165 na bicykli je ve\u013ek\u00fd z\u00e1\u017eitok, ktor\u00fd si pam\u00e4t\u00e1 ka\u017ed\u00fd \u010dlovek najm\u00e4 z obdobia materskej \u0161koly. Ak ale [&hellip;]\" \/>\n<meta property=\"og:url\" content=\"https:\/\/www.welovecycling.com\/sk\/2018\/08\/03\/drobec-na-palube-bicykla\/\" \/>\n<meta property=\"og:site_name\" content=\"\u0160koda We Love Cycling Slovensko\" \/>\n<meta property=\"article:published_time\" content=\"2018-08-03T08:18:22+00:00\" \/>\n<meta property=\"og:image\" content=\"https:\/\/d2p6e6u75xmxt8.cloudfront.net\/4\/2018\/08\/kidscvr.webp\" \/>\n\t<meta property=\"og:image:width\" content=\"1366\" \/>\n\t<meta property=\"og:image:height\" content=\"600\" \/>\n\t<meta property=\"og:image:type\" content=\"image\/webp\" \/>\n<meta name=\"author\" content=\"Ondrej Ga\u0161par\" \/>\n<meta name=\"twitter:card\" content=\"summary_large_image\" \/>\n<meta name=\"twitter:label1\" content=\"Written by\" \/>\n\t<meta name=\"twitter:data1\" content=\"Bonnie Friend\" \/>\n\t<meta name=\"twitter:label2\" content=\"Est. reading time\" \/>\n\t<meta name=\"twitter:data2\" content=\"5\" \/>\n<script type=\"application\/ld+json\" class=\"yoast-schema-graph\">{\"@context\":\"https:\/\/schema.org\",\"@graph\":[{\"@type\":\"WebPage\",\"@id\":\"https:\/\/www.welovecycling.com\/sk\/2018\/08\/03\/drobec-na-palube-bicykla\/\",\"url\":\"https:\/\/www.welovecycling.com\/sk\/2018\/08\/03\/drobec-na-palube-bicykla\/\",\"name\":\"Drobec na palube (bicykla) - \u0160koda We Love Cycling Slovensko\",\"isPartOf\":{\"@id\":\"https:\/\/www.welovecycling.com\/sk\/#website\"},\"primaryImageOfPage\":{\"@id\":\"https:\/\/www.welovecycling.com\/sk\/2018\/08\/03\/drobec-na-palube-bicykla\/#primaryimage\"},\"image\":{\"@id\":\"https:\/\/www.welovecycling.com\/sk\/2018\/08\/03\/drobec-na-palube-bicykla\/#primaryimage\"},\"thumbnailUrl\":\"https:\/\/d2p6e6u75xmxt8.cloudfront.net\/4\/2018\/08\/kidscvr.webp\",\"datePublished\":\"2018-08-03T08:18:22+00:00\",\"author\":{\"@id\":\"https:\/\/www.welovecycling.com\/sk\/#\/schema\/person\/8ee09ba39b7e25b1870160aa5b3a89bc\"},\"breadcrumb\":{\"@id\":\"https:\/\/www.welovecycling.com\/sk\/2018\/08\/03\/drobec-na-palube-bicykla\/#breadcrumb\"},\"inLanguage\":\"sk-SK\",\"potentialAction\":[{\"@type\":\"ReadAction\",\"target\":[\"https:\/\/www.welovecycling.com\/sk\/2018\/08\/03\/drobec-na-palube-bicykla\/\"]}]},{\"@type\":\"ImageObject\",\"inLanguage\":\"sk-SK\",\"@id\":\"https:\/\/www.welovecycling.com\/sk\/2018\/08\/03\/drobec-na-palube-bicykla\/#primaryimage\",\"url\":\"https:\/\/d2p6e6u75xmxt8.cloudfront.net\/4\/2018\/08\/kidscvr.webp\",\"contentUrl\":\"https:\/\/d2p6e6u75xmxt8.cloudfront.net\/4\/2018\/08\/kidscvr.webp\",\"width\":1366,\"height\":600},{\"@type\":\"BreadcrumbList\",\"@id\":\"https:\/\/www.welovecycling.com\/sk\/2018\/08\/03\/drobec-na-palube-bicykla\/#breadcrumb\",\"itemListElement\":[{\"@type\":\"ListItem\",\"position\":1,\"name\":\"Home\",\"item\":\"https:\/\/www.welovecycling.com\/sk\/\"},{\"@type\":\"ListItem\",\"position\":2,\"name\":\"Drobec na palube (bicykla)\"}]},{\"@type\":\"WebSite\",\"@id\":\"https:\/\/www.welovecycling.com\/sk\/#website\",\"url\":\"https:\/\/www.welovecycling.com\/sk\/\",\"name\":\"\u0160koda We Love Cycling Slovensko\",\"description\":\"\u0160koda We Love Cycling Slovensko je v\u00e1\u0161 ka\u017edodenn\u00fd zdroj noviniek a in\u0161pir\u00e1cie z sveta cyklistiky\",\"potentialAction\":[{\"@type\":\"SearchAction\",\"target\":{\"@type\":\"EntryPoint\",\"urlTemplate\":\"https:\/\/www.welovecycling.com\/sk\/?s={search_term_string}\"},\"query-input\":{\"@type\":\"PropertyValueSpecification\",\"valueRequired\":true,\"valueName\":\"search_term_string\"}}],\"inLanguage\":\"sk-SK\"},{\"@type\":\"Person\",\"@id\":\"https:\/\/www.welovecycling.com\/sk\/#\/schema\/person\/8ee09ba39b7e25b1870160aa5b3a89bc\",\"name\":\"Ondrej Ga\u0161par\",\"image\":{\"@type\":\"ImageObject\",\"inLanguage\":\"sk-SK\",\"@id\":\"https:\/\/www.welovecycling.com\/sk\/#\/schema\/person\/image\/\",\"url\":\"https:\/\/secure.gravatar.com\/avatar\/6126c9afb87b70da5abbb083ddbb21933da15f18f8ca7cb822aba0fb096a48f6?s=96&d=mm&r=g\",\"contentUrl\":\"https:\/\/secure.gravatar.com\/avatar\/6126c9afb87b70da5abbb083ddbb21933da15f18f8ca7cb822aba0fb096a48f6?s=96&d=mm&r=g\",\"caption\":\"Ondrej Ga\u0161par\"},\"url\":\"https:\/\/www.welovecycling.com\/sk\/author\/ondrejgaspar\/\"}]}<\/script>\n<!-- \/ Yoast SEO Premium plugin. -->","yoast_head_json":{"title":"Drobec na palube (bicykla) - \u0160koda We Love Cycling Slovensko","robots":{"index":"index","follow":"follow","max-snippet":"max-snippet:-1","max-image-preview":"max-image-preview:large","max-video-preview":"max-video-preview:-1"},"canonical":"https:\/\/www.welovecycling.com\/sk\/2018\/08\/03\/drobec-na-palube-bicykla\/","og_locale":"sk_SK","og_type":"article","og_title":"Drobec na palube (bicykla)","og_description":"U\u010di\u0165 sa jazdi\u0165 na bicykli je ve\u013ek\u00fd z\u00e1\u017eitok, ktor\u00fd si pam\u00e4t\u00e1 ka\u017ed\u00fd \u010dlovek najm\u00e4 z obdobia materskej \u0161koly. Ak ale [&hellip;]","og_url":"https:\/\/www.welovecycling.com\/sk\/2018\/08\/03\/drobec-na-palube-bicykla\/","og_site_name":"\u0160koda We Love Cycling Slovensko","article_published_time":"2018-08-03T08:18:22+00:00","og_image":[{"width":1366,"height":600,"url":"https:\/\/d2p6e6u75xmxt8.cloudfront.net\/4\/2018\/08\/kidscvr.webp","type":"image\/webp"}],"author":"Ondrej Ga\u0161par","twitter_card":"summary_large_image","twitter_misc":{"Written by":"Bonnie Friend","Est. reading time":"5"},"schema":{"@context":"https:\/\/schema.org","@graph":[{"@type":"WebPage","@id":"https:\/\/www.welovecycling.com\/sk\/2018\/08\/03\/drobec-na-palube-bicykla\/","url":"https:\/\/www.welovecycling.com\/sk\/2018\/08\/03\/drobec-na-palube-bicykla\/","name":"Drobec na palube (bicykla) - \u0160koda We Love Cycling Slovensko","isPartOf":{"@id":"https:\/\/www.welovecycling.com\/sk\/#website"},"primaryImageOfPage":{"@id":"https:\/\/www.welovecycling.com\/sk\/2018\/08\/03\/drobec-na-palube-bicykla\/#primaryimage"},"image":{"@id":"https:\/\/www.welovecycling.com\/sk\/2018\/08\/03\/drobec-na-palube-bicykla\/#primaryimage"},"thumbnailUrl":"https:\/\/d2p6e6u75xmxt8.cloudfront.net\/4\/2018\/08\/kidscvr.webp","datePublished":"2018-08-03T08:18:22+00:00","author":{"@id":"https:\/\/www.welovecycling.com\/sk\/#\/schema\/person\/8ee09ba39b7e25b1870160aa5b3a89bc"},"breadcrumb":{"@id":"https:\/\/www.welovecycling.com\/sk\/2018\/08\/03\/drobec-na-palube-bicykla\/#breadcrumb"},"inLanguage":"sk-SK","potentialAction":[{"@type":"ReadAction","target":["https:\/\/www.welovecycling.com\/sk\/2018\/08\/03\/drobec-na-palube-bicykla\/"]}]},{"@type":"ImageObject","inLanguage":"sk-SK","@id":"https:\/\/www.welovecycling.com\/sk\/2018\/08\/03\/drobec-na-palube-bicykla\/#primaryimage","url":"https:\/\/d2p6e6u75xmxt8.cloudfront.net\/4\/2018\/08\/kidscvr.webp","contentUrl":"https:\/\/d2p6e6u75xmxt8.cloudfront.net\/4\/2018\/08\/kidscvr.webp","width":1366,"height":600},{"@type":"BreadcrumbList","@id":"https:\/\/www.welovecycling.com\/sk\/2018\/08\/03\/drobec-na-palube-bicykla\/#breadcrumb","itemListElement":[{"@type":"ListItem","position":1,"name":"Home","item":"https:\/\/www.welovecycling.com\/sk\/"},{"@type":"ListItem","position":2,"name":"Drobec na palube (bicykla)"}]},{"@type":"WebSite","@id":"https:\/\/www.welovecycling.com\/sk\/#website","url":"https:\/\/www.welovecycling.com\/sk\/","name":"\u0160koda We Love Cycling Slovensko","description":"\u0160koda We Love Cycling Slovensko je v\u00e1\u0161 ka\u017edodenn\u00fd zdroj noviniek a in\u0161pir\u00e1cie z sveta cyklistiky","potentialAction":[{"@type":"SearchAction","target":{"@type":"EntryPoint","urlTemplate":"https:\/\/www.welovecycling.com\/sk\/?s={search_term_string}"},"query-input":{"@type":"PropertyValueSpecification","valueRequired":true,"valueName":"search_term_string"}}],"inLanguage":"sk-SK"},{"@type":"Person","@id":"https:\/\/www.welovecycling.com\/sk\/#\/schema\/person\/8ee09ba39b7e25b1870160aa5b3a89bc","name":"Ondrej Ga\u0161par","image":{"@type":"ImageObject","inLanguage":"sk-SK","@id":"https:\/\/www.welovecycling.com\/sk\/#\/schema\/person\/image\/","url":"https:\/\/secure.gravatar.com\/avatar\/6126c9afb87b70da5abbb083ddbb21933da15f18f8ca7cb822aba0fb096a48f6?s=96&d=mm&r=g","contentUrl":"https:\/\/secure.gravatar.com\/avatar\/6126c9afb87b70da5abbb083ddbb21933da15f18f8ca7cb822aba0fb096a48f6?s=96&d=mm&r=g","caption":"Ondrej Ga\u0161par"},"url":"https:\/\/www.welovecycling.com\/sk\/author\/ondrejgaspar\/"}]}},"_links":{"self":[{"href":"https:\/\/www.welovecycling.com\/sk\/wp-json\/wp\/v2\/posts\/4498","targetHints":{"allow":["GET"]}}],"collection":[{"href":"https:\/\/www.welovecycling.com\/sk\/wp-json\/wp\/v2\/posts"}],"about":[{"href":"https:\/\/www.welovecycling.com\/sk\/wp-json\/wp\/v2\/types\/post"}],"author":[{"embeddable":true,"href":"https:\/\/www.welovecycling.com\/sk\/wp-json\/wp\/v2\/users\/38"}],"replies":[{"embeddable":true,"href":"https:\/\/www.welovecycling.com\/sk\/wp-json\/wp\/v2\/comments?post=4498"}],"version-history":[{"count":2,"href":"https:\/\/www.welovecycling.com\/sk\/wp-json\/wp\/v2\/posts\/4498\/revisions"}],"predecessor-version":[{"id":4505,"href":"https:\/\/www.welovecycling.com\/sk\/wp-json\/wp\/v2\/posts\/4498\/revisions\/4505"}],"wp:featuredmedia":[{"embeddable":true,"href":"https:\/\/www.welovecycling.com\/sk\/wp-json\/wp\/v2\/media\/4503"}],"wp:attachment":[{"href":"https:\/\/www.welovecycling.com\/sk\/wp-json\/wp\/v2\/media?parent=4498"}],"wp:term":[{"taxonomy":"category","embeddable":true,"href":"https:\/\/www.welovecycling.com\/sk\/wp-json\/wp\/v2\/categories?post=4498"},{"taxonomy":"post_tag","embeddable":true,"href":"https:\/\/www.welovecycling.com\/sk\/wp-json\/wp\/v2\/tags?post=4498"},{"taxonomy":"global-categories","embeddable":true,"href":"https:\/\/www.welovecycling.com\/sk\/wp-json\/wp\/v2\/global-categories?post=4498"}],"curies":[{"name":"wp","href":"https:\/\/api.w.org\/{rel}","templated":true}]}}