{"id":4472,"date":"2018-08-01T10:25:30","date_gmt":"2018-08-01T08:25:30","guid":{"rendered":"https:\/\/www.welovecycling.com\/sk\/?p=4472"},"modified":"2018-08-08T16:53:14","modified_gmt":"2018-08-08T14:53:14","slug":"toto-pochopia-iba-rodiny-pretekarov-na-tour-de-france","status":"publish","type":"post","link":"https:\/\/www.welovecycling.com\/sk\/2018\/08\/01\/toto-pochopia-iba-rodiny-pretekarov-na-tour-de-france\/","title":{"rendered":"Toto pochopia iba rodiny pretek\u00e1rov na Tour de France"},"content":{"rendered":"<p><strong>V\u00e4\u010d\u0161inu \u010dasu vid\u00edte Tour de France len z\u00a0poh\u013eadu pretek\u00e1ra \u2013 v\u00ed\u0165azstv\u00e1, prehry, vzru\u0161enie, boles\u0165. Uva\u017eovali ste v\u0161ak u\u017e o\u00a0tom, ako ju vn\u00edmaj\u00fa ich najbli\u017e\u0161\u00ed pr\u00edbuzn\u00ed? Porozpr\u00e1vali sme sa s\u00a0man\u017eelkami nieko\u013ek\u00fdch profesion\u00e1lnych pretek\u00e1rov a zis\u0165ovali, \u010do zna\u010d\u00ed by\u0165 na druhej strane. V\u00a0z\u00e1ujme ochrany svojej rodiny n\u00e1s po\u017eiadali o\u00a0nezverejnenie mena, no v\u0161etko, o\u00a0\u010dom sa do\u010d\u00edtate, je pravda. Zhrnuli sme to do 15 bodov.<\/strong><!--more--><\/p>\n<p>Ako pr\u00edbuzn\u00fd profesion\u00e1lneho cyklistu ste si u\u017e zvykli na nep\u00edsan\u00e9 pravidlo, \u017ee nemo\u017eno pl\u00e1nova\u0165 spolo\u010dn\u00e9 v\u00edkendy. Pl\u00e1ny sa m\u00f4\u017eu kedyko\u013evek zmeni\u0165 a\u00a0Tour de France to iba potvrdzuje. Ak sa mana\u017e\u00e9r t\u00edmu rozhodne zavola\u0165 v\u00e1\u0161ho partnera na preteky iba dva t\u00fd\u017edne pred Tour, lebo niekto in\u00fd odmietol, <strong>va\u0161a letn\u00e1 dovolenka sa skon\u010dila<\/strong>.<\/p>\n<p><a href=\"https:\/\/d2p6e6u75xmxt8.cloudfront.net\/4\/2018\/07\/profimedia-0368020310-1.jpg\"><img loading=\"lazy\" decoding=\"async\" class=\"alignnone size-full wp-image-4282\" src=\"https:\/\/d2p6e6u75xmxt8.cloudfront.net\/4\/2018\/07\/profimedia-0368020310-1.jpg\" alt=\"\" width=\"1366\" height=\"600\" \/><\/a><\/p>\n<p>Realita na Tour v\u00f4bec nenap\u013a\u0148a o\u010dak\u00e1vania. Mus\u00edte po\u010d\u00edta\u0165 s t\u00fdm, \u017ee <strong>v\u00e4\u010d\u0161inu \u010dasu nestr\u00e1vite po boku svojho milovan\u00e9ho<\/strong>. Aj po skon\u010den\u00ed etapy \u010dak\u00e1 pretek\u00e1rov program na u\u013eavenie od bolesti \u2013 stre\u010ding, mas\u00e1\u017e, fitnes alebo \u013eahk\u00fd tr\u00e9ning na regener\u00e1ciu vy\u010derpan\u00fdch svalov. Niektor\u00e9 t\u00edmy pr\u00edsne zakazuj\u00fa ak\u00e9ko\u013evek n\u00e1v\u0161tevy, v snahe zabr\u00e1ni\u0165 rozpty\u013eovaniu pretek\u00e1ra alebo pou\u017e\u00edvaniu zak\u00e1zan\u00fdch podporn\u00fdch l\u00e1tok. Ak v\u00e1m v\u0161ak n\u00e1v\u0161tevu povolia, mus\u00edte ozn\u00e1mi\u0165, kde sa budete nach\u00e1dza\u0165, preto v\u00e1\u0161 spolo\u010dne str\u00e1ven\u00fd \u010das p\u00f4sob\u00ed sk\u00f4r ako s\u00fa\u010das\u0165 vojensk\u00e9ho cvi\u010denia.<\/p>\n<p>Ke\u010f sa na pretekoch v\u0161etko vyv\u00edja dobre, te\u0161\u00edte sa z \u00faspechu. M\u00e1 to v\u0161ak aj odvr\u00e1ten\u00fa str\u00e1nku. <strong>Sed\u00edte v\u00a0kresle a\u00a0t\u0155pnete<\/strong>, aby sa po\u010das etapy nestala nijak\u00e1 nehoda. Pri poh\u013eade na cyklistov padaj\u00facich jeden cez druh\u00e9ho sa modl\u00edte, aby sa im v\u00e1\u0161 drah\u00fd vyhol, alebo aby sa mu pri kol\u00edzii ni\u010d nestalo.<\/p>\n<p>Pri sledovan\u00ed pretekov sa zmen\u00edte na <strong>najhlasnej\u0161ie povzbudzuj\u00faceho fan\u00fa\u0161ika<\/strong>, ktor\u00fd kedy prekro\u010dil prah miestneho \u0161portov\u00e9ho baru.<\/p>\n<p>Po\u010das pretekov sa <strong>men\u00ed va\u0161e stravovanie aj\u00a0apet\u00edt<\/strong>. Pred pretekmi si dezert po obede odopriete, po\u010das nich si v\u0161ak slobodne doprajete hoci\u010do, na \u010do m\u00e1te chu\u0165.<\/p>\n<p><a href=\"https:\/\/d2p6e6u75xmxt8.cloudfront.net\/4\/2018\/07\/profimedia-0292977810-1.jpg\"><img loading=\"lazy\" decoding=\"async\" class=\"alignnone size-full wp-image-4425\" src=\"https:\/\/d2p6e6u75xmxt8.cloudfront.net\/4\/2018\/07\/profimedia-0292977810-1.jpg\" alt=\"\" width=\"1366\" height=\"600\" \/><\/a><\/p>\n<p>Cel\u00e9 hodiny <strong>\u0161tudujete rozpis trasy<\/strong> pretekov a\u00a0p\u00e1trate po detailoch.<\/p>\n<p>Pravdepodobne ako jedin\u00fd \u010dlovek na svete <strong>rozozn\u00e1te svojho partnera<\/strong> v\u00a0hl\u00fa\u010diku pretek\u00e1rov na z\u00e1beroch z helikopt\u00e9ry.<\/p>\n<p>Na rozdiel od be\u017en\u00fdch div\u00e1kov <strong>pozn\u00e1te presn\u00fa \u00falohu svojho drah\u00e9ho v konkr\u00e9tnej etape<\/strong> \u2013 napr\u00edklad pom\u00e1ha l\u00eddrovi, kontroluje \u00faniky alebo pod\u00e1va f\u013ea\u0161e s\u00a0vodou. To ho z\u00e1rove\u0148 vyrad\u00ed zo s\u00faboja o\u00a0popredn\u00e9 poz\u00edcie. Preto v\u00e1s neskuto\u010dne mrzia v\u0161etky nevhodn\u00e9 koment\u00e1re o\u00a0jeho v\u00fdkone, ktor\u00e9 sa nevyhnutne objavia.<\/p>\n<p><strong>Novin\u00e1ri v\u00e1s prenasleduj\u00fa s\u00a0dotierav\u00fdmi ot\u00e1zkami<\/strong> bez oh\u013eadu na to, \u010di je nede\u013ea ve\u010der alebo pracovn\u00fd de\u0148.<\/p>\n<p>\u017divot s\u00a0profesion\u00e1lnym cyklistom v\u00e1s <strong>zmen\u00ed na v\u00fdnimo\u010dne trpezliv\u00e9ho a\u00a0s\u00facitn\u00e9ho \u010dloveka<\/strong>. V\u00e4\u010d\u0161inu \u013eud\u00ed zvy\u010dajne rozlad\u00ed, ke\u010f musia vynecha\u0165 jedno denn\u00e9 jedlo. Cyklisti, viac \u010di menej \u00famyselne, jedia ove\u013ea menej, ako by chceli, preto s\u00fa niekedy nepr\u00edjemn\u00ed k\u00a0svojmu okoliu, vr\u00e1tane \u010dlenov rodiny.<\/p>\n<p><a href=\"https:\/\/d2p6e6u75xmxt8.cloudfront.net\/4\/2018\/08\/profimedia-0294085519-1.jpg\"><img loading=\"lazy\" decoding=\"async\" class=\"alignnone size-full wp-image-4473\" src=\"https:\/\/d2p6e6u75xmxt8.cloudfront.net\/4\/2018\/08\/profimedia-0294085519-1.jpg\" alt=\"\" width=\"1366\" height=\"600\" \/><\/a><\/p>\n<p><strong>Nevyhnete sa porovn\u00e1vaniu podmienok a\u00a0vybavenia t\u00edmov<\/strong>. K\u00fdm pretek\u00e1r bohat\u00e9ho t\u00edmu si u\u017e\u00edva kami\u00f3n vybaven\u00fd sprchami, le\u017eadlami alebo dokonca va\u0148ou s\u00a0drven\u00fdm \u013eadom na r\u00fdchlej\u0161iu regener\u00e1ciu svalov hne\u010f po prekro\u010den\u00ed cie\u013eovej rovinky, cyklisti t\u00edmov s\u00a0men\u0161\u00edm rozpo\u010dtom sa k\u00fapu v\u00a0pote e\u0161te cestou do hotela.<\/p>\n<p>Mus\u00edte pochopi\u0165, \u017ee v\u00e1\u0161 drah\u00fd m\u00e1 povinnosti, ktor\u00e9 s\u00favisia s jeho t\u00edmom, fan\u00fa\u0161ikmi, so sponzormi a\u00a0s m\u00e9diami. Preto vyzer\u00e1te ako <strong>najmenej d\u00f4le\u017eit\u00e1 osoba v\u00a0jeho rebr\u00ed\u010dku<\/strong>.<\/p>\n<p>\u00da\u010das\u0165 na Tour de France pre v\u00e4\u010d\u0161inu cyklistov <strong>neznamen\u00e1 viac pe\u0148az\u00ed v rodinnom rozpo\u010dte<\/strong>. V\u010faka nej ich v\u0161ak pozv\u00fa na takzvan\u00e9 krit\u00e9riov\u00e9 preteky v\u00a0cyklistick\u00fdch krajin\u00e1ch ako Nemecko alebo Belgicko, \u010do napokon zaru\u010d\u00ed \u0161tedr\u00fa odmenu.<\/p>\n<p>Po skon\u010den\u00ed Tour prinesie v\u00e1\u0161 man\u017eel domov kopu \u0161pinav\u00e9ho oble\u010denia a\u00a0tri\u010diek. On s\u00e1m je \u00faplne vy\u010derpan\u00fd a\u00a0niekedy dokonca aj zranen\u00fd. Ak v\u0161ak bola jeho misia na Tour \u00faspe\u0161n\u00e1, <strong>\u010dakaj\u00fa v\u00e1s n\u00e1dhern\u00e9 dni<\/strong>.<\/p>\n","protected":false},"excerpt":{"rendered":"<p>V\u00e4\u010d\u0161inu \u010dasu vid\u00edte Tour de France len z\u00a0poh\u013eadu pretek\u00e1ra \u2013 v\u00ed\u0165azstv\u00e1, prehry, vzru\u0161enie, boles\u0165. Uva\u017eovali ste v\u0161ak u\u017e o\u00a0tom, ako [&hellip;]<\/p>\n","protected":false},"author":38,"featured_media":4478,"comment_status":"open","ping_status":"open","sticky":false,"template":"","format":"standard","meta":{"footnotes":""},"categories":[4,63,117],"tags":[509,20,308,183],"global-categories":[],"class_list":["post-4472","post","type-post","status-publish","format-standard","has-post-thumbnail","hentry","category-cestna-cyklisitika","category-grand-tour","category-tour-de-france","tag-rodina","tag-tour-de-france","tag-tour-de-france-2018","tag-zabava"],"yoast_head":"<!-- This site is optimized with the Yoast SEO Premium plugin v25.3 (Yoast SEO v25.9) - https:\/\/yoast.com\/wordpress\/plugins\/seo\/ -->\n<title>Toto pochopia iba rodiny pretek\u00e1rov na Tour de France - \u0160koda We Love Cycling Slovensko<\/title>\n<meta name=\"robots\" content=\"index, follow, max-snippet:-1, max-image-preview:large, max-video-preview:-1\" \/>\n<link rel=\"canonical\" href=\"https:\/\/www.welovecycling.com\/sk\/2018\/08\/01\/toto-pochopia-iba-rodiny-pretekarov-na-tour-de-france\/\" \/>\n<meta property=\"og:locale\" content=\"sk_SK\" \/>\n<meta property=\"og:type\" content=\"article\" \/>\n<meta property=\"og:title\" content=\"Toto pochopia iba rodiny pretek\u00e1rov na Tour de France\" \/>\n<meta property=\"og:description\" content=\"V\u00e4\u010d\u0161inu \u010dasu vid\u00edte Tour de France len z\u00a0poh\u013eadu pretek\u00e1ra \u2013 v\u00ed\u0165azstv\u00e1, prehry, vzru\u0161enie, boles\u0165. Uva\u017eovali ste v\u0161ak u\u017e o\u00a0tom, ako [&hellip;]\" \/>\n<meta property=\"og:url\" content=\"https:\/\/www.welovecycling.com\/sk\/2018\/08\/01\/toto-pochopia-iba-rodiny-pretekarov-na-tour-de-france\/\" \/>\n<meta property=\"og:site_name\" content=\"\u0160koda We Love Cycling Slovensko\" \/>\n<meta property=\"article:published_time\" content=\"2018-08-01T08:25:30+00:00\" \/>\n<meta property=\"article:modified_time\" content=\"2018-08-08T14:53:14+00:00\" \/>\n<meta property=\"og:image\" content=\"https:\/\/d2p6e6u75xmxt8.cloudfront.net\/4\/2018\/08\/1380x600_majka.webp\" \/>\n\t<meta property=\"og:image:width\" content=\"1380\" \/>\n\t<meta property=\"og:image:height\" content=\"600\" \/>\n\t<meta property=\"og:image:type\" content=\"image\/webp\" \/>\n<meta name=\"author\" content=\"Ondrej Ga\u0161par\" \/>\n<meta name=\"twitter:card\" content=\"summary_large_image\" \/>\n<meta name=\"twitter:label1\" content=\"Written by\" \/>\n\t<meta name=\"twitter:data1\" content=\"Adam Mar\u0161al\" \/>\n\t<meta name=\"twitter:label2\" content=\"Est. reading time\" \/>\n\t<meta name=\"twitter:data2\" content=\"6\" \/>\n<script type=\"application\/ld+json\" class=\"yoast-schema-graph\">{\"@context\":\"https:\/\/schema.org\",\"@graph\":[{\"@type\":\"WebPage\",\"@id\":\"https:\/\/www.welovecycling.com\/sk\/2018\/08\/01\/toto-pochopia-iba-rodiny-pretekarov-na-tour-de-france\/\",\"url\":\"https:\/\/www.welovecycling.com\/sk\/2018\/08\/01\/toto-pochopia-iba-rodiny-pretekarov-na-tour-de-france\/\",\"name\":\"Toto pochopia iba rodiny pretek\u00e1rov na Tour de France - \u0160koda We Love Cycling Slovensko\",\"isPartOf\":{\"@id\":\"https:\/\/www.welovecycling.com\/sk\/#website\"},\"primaryImageOfPage\":{\"@id\":\"https:\/\/www.welovecycling.com\/sk\/2018\/08\/01\/toto-pochopia-iba-rodiny-pretekarov-na-tour-de-france\/#primaryimage\"},\"image\":{\"@id\":\"https:\/\/www.welovecycling.com\/sk\/2018\/08\/01\/toto-pochopia-iba-rodiny-pretekarov-na-tour-de-france\/#primaryimage\"},\"thumbnailUrl\":\"https:\/\/d2p6e6u75xmxt8.cloudfront.net\/4\/2018\/08\/1380x600_majka.webp\",\"datePublished\":\"2018-08-01T08:25:30+00:00\",\"dateModified\":\"2018-08-08T14:53:14+00:00\",\"author\":{\"@id\":\"https:\/\/www.welovecycling.com\/sk\/#\/schema\/person\/8ee09ba39b7e25b1870160aa5b3a89bc\"},\"breadcrumb\":{\"@id\":\"https:\/\/www.welovecycling.com\/sk\/2018\/08\/01\/toto-pochopia-iba-rodiny-pretekarov-na-tour-de-france\/#breadcrumb\"},\"inLanguage\":\"sk-SK\",\"potentialAction\":[{\"@type\":\"ReadAction\",\"target\":[\"https:\/\/www.welovecycling.com\/sk\/2018\/08\/01\/toto-pochopia-iba-rodiny-pretekarov-na-tour-de-france\/\"]}]},{\"@type\":\"ImageObject\",\"inLanguage\":\"sk-SK\",\"@id\":\"https:\/\/www.welovecycling.com\/sk\/2018\/08\/01\/toto-pochopia-iba-rodiny-pretekarov-na-tour-de-france\/#primaryimage\",\"url\":\"https:\/\/d2p6e6u75xmxt8.cloudfront.net\/4\/2018\/08\/1380x600_majka.webp\",\"contentUrl\":\"https:\/\/d2p6e6u75xmxt8.cloudfront.net\/4\/2018\/08\/1380x600_majka.webp\",\"width\":1380,\"height\":600},{\"@type\":\"BreadcrumbList\",\"@id\":\"https:\/\/www.welovecycling.com\/sk\/2018\/08\/01\/toto-pochopia-iba-rodiny-pretekarov-na-tour-de-france\/#breadcrumb\",\"itemListElement\":[{\"@type\":\"ListItem\",\"position\":1,\"name\":\"Home\",\"item\":\"https:\/\/www.welovecycling.com\/sk\/\"},{\"@type\":\"ListItem\",\"position\":2,\"name\":\"Toto pochopia iba rodiny pretek\u00e1rov na Tour de France\"}]},{\"@type\":\"WebSite\",\"@id\":\"https:\/\/www.welovecycling.com\/sk\/#website\",\"url\":\"https:\/\/www.welovecycling.com\/sk\/\",\"name\":\"\u0160koda We Love Cycling Slovensko\",\"description\":\"\u0160koda We Love Cycling Slovensko je v\u00e1\u0161 ka\u017edodenn\u00fd zdroj noviniek a in\u0161pir\u00e1cie z sveta cyklistiky\",\"potentialAction\":[{\"@type\":\"SearchAction\",\"target\":{\"@type\":\"EntryPoint\",\"urlTemplate\":\"https:\/\/www.welovecycling.com\/sk\/?s={search_term_string}\"},\"query-input\":{\"@type\":\"PropertyValueSpecification\",\"valueRequired\":true,\"valueName\":\"search_term_string\"}}],\"inLanguage\":\"sk-SK\"},{\"@type\":\"Person\",\"@id\":\"https:\/\/www.welovecycling.com\/sk\/#\/schema\/person\/8ee09ba39b7e25b1870160aa5b3a89bc\",\"name\":\"Ondrej Ga\u0161par\",\"image\":{\"@type\":\"ImageObject\",\"inLanguage\":\"sk-SK\",\"@id\":\"https:\/\/www.welovecycling.com\/sk\/#\/schema\/person\/image\/\",\"url\":\"https:\/\/secure.gravatar.com\/avatar\/6126c9afb87b70da5abbb083ddbb21933da15f18f8ca7cb822aba0fb096a48f6?s=96&d=mm&r=g\",\"contentUrl\":\"https:\/\/secure.gravatar.com\/avatar\/6126c9afb87b70da5abbb083ddbb21933da15f18f8ca7cb822aba0fb096a48f6?s=96&d=mm&r=g\",\"caption\":\"Ondrej Ga\u0161par\"},\"url\":\"https:\/\/www.welovecycling.com\/sk\/author\/ondrejgaspar\/\"}]}<\/script>\n<!-- \/ Yoast SEO Premium plugin. -->","yoast_head_json":{"title":"Toto pochopia iba rodiny pretek\u00e1rov na Tour de France - \u0160koda We Love Cycling Slovensko","robots":{"index":"index","follow":"follow","max-snippet":"max-snippet:-1","max-image-preview":"max-image-preview:large","max-video-preview":"max-video-preview:-1"},"canonical":"https:\/\/www.welovecycling.com\/sk\/2018\/08\/01\/toto-pochopia-iba-rodiny-pretekarov-na-tour-de-france\/","og_locale":"sk_SK","og_type":"article","og_title":"Toto pochopia iba rodiny pretek\u00e1rov na Tour de France","og_description":"V\u00e4\u010d\u0161inu \u010dasu vid\u00edte Tour de France len z\u00a0poh\u013eadu pretek\u00e1ra \u2013 v\u00ed\u0165azstv\u00e1, prehry, vzru\u0161enie, boles\u0165. Uva\u017eovali ste v\u0161ak u\u017e o\u00a0tom, ako [&hellip;]","og_url":"https:\/\/www.welovecycling.com\/sk\/2018\/08\/01\/toto-pochopia-iba-rodiny-pretekarov-na-tour-de-france\/","og_site_name":"\u0160koda We Love Cycling Slovensko","article_published_time":"2018-08-01T08:25:30+00:00","article_modified_time":"2018-08-08T14:53:14+00:00","og_image":[{"width":1380,"height":600,"url":"https:\/\/d2p6e6u75xmxt8.cloudfront.net\/4\/2018\/08\/1380x600_majka.webp","type":"image\/webp"}],"author":"Ondrej Ga\u0161par","twitter_card":"summary_large_image","twitter_misc":{"Written by":"Adam Mar\u0161al","Est. reading time":"6"},"schema":{"@context":"https:\/\/schema.org","@graph":[{"@type":"WebPage","@id":"https:\/\/www.welovecycling.com\/sk\/2018\/08\/01\/toto-pochopia-iba-rodiny-pretekarov-na-tour-de-france\/","url":"https:\/\/www.welovecycling.com\/sk\/2018\/08\/01\/toto-pochopia-iba-rodiny-pretekarov-na-tour-de-france\/","name":"Toto pochopia iba rodiny pretek\u00e1rov na Tour de France - \u0160koda We Love Cycling Slovensko","isPartOf":{"@id":"https:\/\/www.welovecycling.com\/sk\/#website"},"primaryImageOfPage":{"@id":"https:\/\/www.welovecycling.com\/sk\/2018\/08\/01\/toto-pochopia-iba-rodiny-pretekarov-na-tour-de-france\/#primaryimage"},"image":{"@id":"https:\/\/www.welovecycling.com\/sk\/2018\/08\/01\/toto-pochopia-iba-rodiny-pretekarov-na-tour-de-france\/#primaryimage"},"thumbnailUrl":"https:\/\/d2p6e6u75xmxt8.cloudfront.net\/4\/2018\/08\/1380x600_majka.webp","datePublished":"2018-08-01T08:25:30+00:00","dateModified":"2018-08-08T14:53:14+00:00","author":{"@id":"https:\/\/www.welovecycling.com\/sk\/#\/schema\/person\/8ee09ba39b7e25b1870160aa5b3a89bc"},"breadcrumb":{"@id":"https:\/\/www.welovecycling.com\/sk\/2018\/08\/01\/toto-pochopia-iba-rodiny-pretekarov-na-tour-de-france\/#breadcrumb"},"inLanguage":"sk-SK","potentialAction":[{"@type":"ReadAction","target":["https:\/\/www.welovecycling.com\/sk\/2018\/08\/01\/toto-pochopia-iba-rodiny-pretekarov-na-tour-de-france\/"]}]},{"@type":"ImageObject","inLanguage":"sk-SK","@id":"https:\/\/www.welovecycling.com\/sk\/2018\/08\/01\/toto-pochopia-iba-rodiny-pretekarov-na-tour-de-france\/#primaryimage","url":"https:\/\/d2p6e6u75xmxt8.cloudfront.net\/4\/2018\/08\/1380x600_majka.webp","contentUrl":"https:\/\/d2p6e6u75xmxt8.cloudfront.net\/4\/2018\/08\/1380x600_majka.webp","width":1380,"height":600},{"@type":"BreadcrumbList","@id":"https:\/\/www.welovecycling.com\/sk\/2018\/08\/01\/toto-pochopia-iba-rodiny-pretekarov-na-tour-de-france\/#breadcrumb","itemListElement":[{"@type":"ListItem","position":1,"name":"Home","item":"https:\/\/www.welovecycling.com\/sk\/"},{"@type":"ListItem","position":2,"name":"Toto pochopia iba rodiny pretek\u00e1rov na Tour de France"}]},{"@type":"WebSite","@id":"https:\/\/www.welovecycling.com\/sk\/#website","url":"https:\/\/www.welovecycling.com\/sk\/","name":"\u0160koda We Love Cycling Slovensko","description":"\u0160koda We Love Cycling Slovensko je v\u00e1\u0161 ka\u017edodenn\u00fd zdroj noviniek a in\u0161pir\u00e1cie z sveta cyklistiky","potentialAction":[{"@type":"SearchAction","target":{"@type":"EntryPoint","urlTemplate":"https:\/\/www.welovecycling.com\/sk\/?s={search_term_string}"},"query-input":{"@type":"PropertyValueSpecification","valueRequired":true,"valueName":"search_term_string"}}],"inLanguage":"sk-SK"},{"@type":"Person","@id":"https:\/\/www.welovecycling.com\/sk\/#\/schema\/person\/8ee09ba39b7e25b1870160aa5b3a89bc","name":"Ondrej Ga\u0161par","image":{"@type":"ImageObject","inLanguage":"sk-SK","@id":"https:\/\/www.welovecycling.com\/sk\/#\/schema\/person\/image\/","url":"https:\/\/secure.gravatar.com\/avatar\/6126c9afb87b70da5abbb083ddbb21933da15f18f8ca7cb822aba0fb096a48f6?s=96&d=mm&r=g","contentUrl":"https:\/\/secure.gravatar.com\/avatar\/6126c9afb87b70da5abbb083ddbb21933da15f18f8ca7cb822aba0fb096a48f6?s=96&d=mm&r=g","caption":"Ondrej Ga\u0161par"},"url":"https:\/\/www.welovecycling.com\/sk\/author\/ondrejgaspar\/"}]}},"_links":{"self":[{"href":"https:\/\/www.welovecycling.com\/sk\/wp-json\/wp\/v2\/posts\/4472","targetHints":{"allow":["GET"]}}],"collection":[{"href":"https:\/\/www.welovecycling.com\/sk\/wp-json\/wp\/v2\/posts"}],"about":[{"href":"https:\/\/www.welovecycling.com\/sk\/wp-json\/wp\/v2\/types\/post"}],"author":[{"embeddable":true,"href":"https:\/\/www.welovecycling.com\/sk\/wp-json\/wp\/v2\/users\/38"}],"replies":[{"embeddable":true,"href":"https:\/\/www.welovecycling.com\/sk\/wp-json\/wp\/v2\/comments?post=4472"}],"version-history":[{"count":2,"href":"https:\/\/www.welovecycling.com\/sk\/wp-json\/wp\/v2\/posts\/4472\/revisions"}],"predecessor-version":[{"id":4477,"href":"https:\/\/www.welovecycling.com\/sk\/wp-json\/wp\/v2\/posts\/4472\/revisions\/4477"}],"wp:featuredmedia":[{"embeddable":true,"href":"https:\/\/www.welovecycling.com\/sk\/wp-json\/wp\/v2\/media\/4478"}],"wp:attachment":[{"href":"https:\/\/www.welovecycling.com\/sk\/wp-json\/wp\/v2\/media?parent=4472"}],"wp:term":[{"taxonomy":"category","embeddable":true,"href":"https:\/\/www.welovecycling.com\/sk\/wp-json\/wp\/v2\/categories?post=4472"},{"taxonomy":"post_tag","embeddable":true,"href":"https:\/\/www.welovecycling.com\/sk\/wp-json\/wp\/v2\/tags?post=4472"},{"taxonomy":"global-categories","embeddable":true,"href":"https:\/\/www.welovecycling.com\/sk\/wp-json\/wp\/v2\/global-categories?post=4472"}],"curies":[{"name":"wp","href":"https:\/\/api.w.org\/{rel}","templated":true}]}}