{"id":4452,"date":"2018-07-31T14:22:55","date_gmt":"2018-07-31T12:22:55","guid":{"rendered":"https:\/\/www.welovecycling.com\/sk\/?p=4452"},"modified":"2018-08-20T19:56:35","modified_gmt":"2018-08-20T17:56:35","slug":"finalny-tyzden-na-tour-de-france","status":"publish","type":"post","link":"https:\/\/www.welovecycling.com\/sk\/2018\/07\/31\/finalny-tyzden-na-tour-de-france\/","title":{"rendered":"Fin\u00e1lny t\u00fd\u017ede\u0148 na Tour de France"},"content":{"rendered":"<p><strong>Ka\u017ed\u00fd pr\u00edbeh raz skon\u010d\u00ed a\u00a0nebolo tomu inak ani po\u010das\u00a0105. ro\u010dn\u00edka Tour de France. Posledn\u00fd t\u00fd\u017ede\u0148 e\u0161te zamie\u0161al kartami jazdcov celkov\u00e9ho poradia, ale priniesol aj vzru\u0161enie v\u00a0bodovacej klasifik\u00e1cii o\u00a0zelen\u00fd dres.<\/strong><!--more--><\/p>\n<p>Nepr\u00edjemn\u00e9 st\u00fapania v\u00a0Pyrenej\u00e1ch preverili h\u00fa\u017eevnatos\u0165 a\u00a0fyzick\u00fa zdatnos\u0165 pretek\u00e1rov. \u0160pecifickos\u0165 tretieho t\u00fd\u017ed\u0148a etapov\u00fdch pretekov tkvie nevyhnutne v\u00a0ment\u00e1lnej pripravenosti jazdcov dokon\u010di\u0165 preteky vo\u00a0zvolenom tempe bez poklesov. Ostrie\u013eanej\u0161\u00ed, dlh\u0161ie p\u00f4sobiaci jazdci, \u010dasto dominuj\u00fa nad mlad\u00fdmi. Pozrime sa, ako to vyzeralo v\u00a0tre\u0165om t\u00fd\u017edni tento rok.<\/p>\n<p><a href=\"https:\/\/d2p6e6u75xmxt8.cloudfront.net\/4\/2018\/07\/01-10.jpg\"><img loading=\"lazy\" decoding=\"async\" class=\"alignnone size-full wp-image-4456\" src=\"https:\/\/d2p6e6u75xmxt8.cloudfront.net\/4\/2018\/07\/01-10.jpg\" alt=\"\" width=\"1200\" height=\"800\" \/><\/a><\/p>\n<h2><strong>16. etapa Carcassonne &gt; Bagn\u00e8res-de-Luchon (218 km, horsk\u00e1)<\/strong><\/h2>\n<p>Pr\u00edchod jazdcov do Pyrenej\u00ed bol cie\u013eom prvej etapy po druhom vo\u013enom dni. Vo\u013enej\u0161\u00ed \u00favod bol nasledovan\u00fd pritvrden\u00edm v\u00a0podobe dvoch st\u00fapan\u00ed 1. kateg\u00f3rie v\u00a0poslednej tretine. Nepr\u00edjemn\u00fdm incidentom bol protest dom\u00e1cich farm\u00e1rov blokuj\u00facich cestu. Pol\u00edcia pou\u017eila slzn\u00fd sprej, ktor\u00fd sa vo vetre preniesol aj na niektor\u00fdch jazdcov. Na\u0161\u0165astie, nesp\u00f4sobil v\u00e1\u017enej\u0161ie probl\u00e9my. Alaphilippe (Quick-Step), nosite\u013e bodkovan\u00e9ho dresu, z\u00edskaval body do vrch\u00e1rskej klasifik\u00e1cie po\u010das celej etapy. V\u00a0poslednom st\u00fapan\u00ed bol pred n\u00edm r\u00fdchlej\u0161\u00ed, dovtedy ved\u00faci jazdec tejto etapy, A. Yates (Mitchelton-SCOTT), ktor\u00fd ako prv\u00fd zapo\u010dal klesanie do cie\u013eov\u00e9ho mesta. Av\u0161ak tlak zozadu dor\u00e1\u017eaj\u00faceho Alaphilippa (Quick-Step) nep\u00f4sobil priaznivo na Yatesa (Mitchelton-SCOTT), ktor\u00fd v\u00a0jednej zo zat\u00e1\u010dok spadol. Ani r\u00fdchle pozviechanie sa nepomohlo. Rozbehnut\u00fd <strong>Alaphilippe (Quick-Step) ovl\u00e1dol etapu a\u00a0prip\u00edsal si u\u017e 2.etapov\u00e9 v\u00ed\u0165azstvo<\/strong>.<\/p>\n<lite-youtube videoid=v9JF__FUxVk params=\"enablejsapi=1\" style=\"background-image: url('https:\/\/i.ytimg.com\/vi_webp\/v9JF__FUxVk\/maxresdefault.webp');\"><\/lite-youtube>\n<h2><strong>17. etapa Bagn\u00e8res-de-Luchon &gt; Saint-Lary-Soulan Col du Portet (65 km, horsk\u00e1)<\/strong><\/h2>\n<p>Organiz\u00e1tori si aj tento rok pripravili nev\u0161edn\u00fa etapu. <strong>Najkrat\u0161ia etapa<\/strong> za posledn\u00fdch 30 rokov mala spestri\u0165 div\u00e1cky z\u00e1\u017eitok o\u010dak\u00e1van\u00fdmi n\u00e1stupmi najm\u00e4 jazdcov celkovej klasifik\u00e1cie. \u0160tart pripom\u00ednal \u0161tart Formule 1, ke\u010f prv\u00fdch 10 jazdcov malo vlastn\u00e9 \u201epole position\u201c. V\u00fdvoj etapy hne\u010f po \u0161tarte nabral dynamick\u00fa tendenciu, ke\u010f sa hne\u010f v\u00a0\u00favode odp\u00fatala skupinka s\u00a0dvomi desiatkami jazdcov, nevyn\u00edmaj\u00fac \u0161pi\u010dkov\u00fdch vrch\u00e1rov. Na \u010dele sa prezentoval Kangert (Astana) nasledovan\u00fd Alaphilippom (Quick-Step). Spom\u00ednan\u00ed jazdci spojili sily a\u00a0pokra\u010dovali v\u00a0ud\u00e1van\u00ed tempa a\u017e po za\u010diatok posledn\u00e9ho st\u00fapania, v\u00a0ktorom sa odpojil Alaphilippe (Quick-Step), poistij\u00faci si bodkovan\u00fd dres. Ne\u0161\u0165astie sa prihodilo <strong>Saganovi<\/strong> (BORA-hansgrohe), klesaj\u00facemu z\u00a0predposledn\u00e9ho vrcholu. V\u00a0jednej zo z\u00e1krut <strong>spadol a\u00a0nepr\u00edjemne si odrel prav\u00fa \u010das\u0165 tela<\/strong>.<\/p>\n<div class=\"shortcode-ys-post-pinup\"><article class=\"loop-simple post-4346 post type-post status-publish format-standard has-post-thumbnail hentry category-cestna-cyklisitika category-tour-de-france tag-bora-hansgrohe tag-cesta tag-cestna-cyklistika tag-chris-froome tag-francuzsko tag-geraint-thomas tag-nairo-quintana tag-peter-sagan tag-preteky tag-team-sky tag-tour-de-france tag-tour-de-france-2018\" data-postid=\"4346\" role=\"article\" data-post-id=\"4346\" data-word-count=\"443\" data-headline-length=\"54\" data-category=\"Tour de France\" data-author=\"We Love Cycling\" data-published=\"2018-07-25T18:29:48+02:00\" data-published-day=\"Wednesday\">\n    <div class=\"entry-thumbnail article-thumbnail\" content=\"https:\/\/d2p6e6u75xmxt8.cloudfront.net\/4\/2018\/07\/37850649_1748346628548042_599483830004350976_o-150x150.webp\"><a href=\"https:\/\/www.welovecycling.com\/sk\/2018\/07\/25\/najkratsia-etapa-v-novodobej-historii-tour-de-france\/\" class=\"image-holder\" target=\"_self\"><img decoding=\"async\" loading=\"lazy\" class=\"\" src=\"https:\/\/d2p6e6u75xmxt8.cloudfront.net\/4\/2018\/07\/37850649_1748346628548042_599483830004350976_o-1024x447.webp\" srcset=\"https:\/\/d2p6e6u75xmxt8.cloudfront.net\/4\/2018\/07\/37850649_1748346628548042_599483830004350976_o.webp 1375w, https:\/\/d2p6e6u75xmxt8.cloudfront.net\/4\/2018\/07\/37850649_1748346628548042_599483830004350976_o-300x131.webp 300w, https:\/\/d2p6e6u75xmxt8.cloudfront.net\/4\/2018\/07\/37850649_1748346628548042_599483830004350976_o-1024x447.webp 1024w, https:\/\/d2p6e6u75xmxt8.cloudfront.net\/4\/2018\/07\/37850649_1748346628548042_599483830004350976_o-768x335.webp 768w\" width=\"1024\" height=\"447\" sizes=\"auto, (min-width: 1200px) 458px, (min-width: 768px) 38vw, 100vw\" alt=\"najkratsia-etapa-v-novodobej-historii-tour-de-france\"\/><\/a><\/div>    <div class=\"entry-meta\">\n        <a class=\"label label-secondary post-category\" href=\"https:\/\/www.welovecycling.com\/sk\/category\/grand-tour\/tour-de-france\/\" title=\"Tour de France\">Tour de France<\/a>\n    <\/div>\n    <div class=\"entry-details\">\n        <a href=\"https:\/\/www.welovecycling.com\/sk\/2018\/07\/25\/najkratsia-etapa-v-novodobej-historii-tour-de-france\/\" class='entry-title-wrapper'>\n            <h3 class=\"entry-title\"><span>Najkrat\u0161ia etapa v novodobej hist\u00f3rii Tour de France<\/span><\/h3>\n        <\/a>\n    <\/div>\n    <\/article>\n<\/div>\n<p>Av\u0161ak, v\u00a0tomto momente pri\u0161iel rad na jazdcov celkov\u00e9ho poradia. Quintana (Movistar) ne\u010dakal a\u00a0n\u00e1stupom si za\u010dal budova\u0165 n\u00e1skok sekundu po sekunde na ostatn\u00fdch. S\u00a0jeho v\u00fdkonom sa nemohli rovna\u0165 ani dovtedy unikaj\u00faci Majka (BORA-hansgrohe) alebo Kangert (Astana). <strong>Prv\u00fdm etapov\u00fdm v\u00ed\u0165azstvom<\/strong> do roku 2013 si <strong>Quintana<\/strong> (Movistar) polep\u0161il aj v\u00a0celkovom hodnoten\u00ed. Najv\u00e4\u010d\u0161iu stratu utrpel Froome (Sky), neschopn\u00fd kontrova\u0165 n\u00e1stupu Dumoulina (Sunweb) a\u00a0ostatn\u00fdch.<\/p>\n<p><a href=\"https:\/\/d2p6e6u75xmxt8.cloudfront.net\/4\/2018\/07\/02-7.jpg\"><img loading=\"lazy\" decoding=\"async\" class=\"alignnone size-full wp-image-4457\" src=\"https:\/\/d2p6e6u75xmxt8.cloudfront.net\/4\/2018\/07\/02-7.jpg\" alt=\"\" width=\"1200\" height=\"800\" \/><\/a><\/p>\n<h2><strong>18. etapa Trie-sur-Ba\u00efse &gt; Pau (171 km, rovinat\u00e1)<\/strong><\/h2>\n<p>Jedinou etapou, v\u00a0ktorej si jazdci ako-tak mohli odd\u00fdchnu\u0165, bola pr\u00e1ve t\u00e1 18-sta, <strong>neobsahuj\u00faca \u0165a\u017e\u0161ie st\u00fapania<\/strong>. Svoj\u00edm profilom nahr\u00e1vala do kariet Saganovi (BORA-hansgrohe), av\u0161ak po v\u010deraj\u0161om p\u00e1de bola stopercentn\u00e1 pripravenos\u0165 slovensk\u00e9ho r\u00fdchlika ot\u00e1zna. Aj t\u00e1to nen\u00e1ro\u010dn\u00e1 etapa sp\u00f4sobila probl\u00e9my v\u010deraj\u0161iemu v\u00ed\u0165azovi Quintanovi (Movistar), ktor\u00fd utrpel p\u00e1d a\u00a0s\u00a0n\u00edm spojen\u00e9 odreniny \u013eavej ruky.<\/p>\n<p><a href=\"https:\/\/d2p6e6u75xmxt8.cloudfront.net\/4\/2018\/07\/03-10.jpg\"><img loading=\"lazy\" decoding=\"async\" class=\"alignnone size-full wp-image-4458\" src=\"https:\/\/d2p6e6u75xmxt8.cloudfront.net\/4\/2018\/07\/03-10.jpg\" alt=\"\" width=\"1200\" height=\"800\" \/><\/a><\/p>\n<p>16 kilometrov pred cie\u013eom sa podarilo pelot\u00f3nu dotiahnu\u0165 na ved\u00faci \u00fanik, \u010d\u00edm sa zapo\u010dala pr\u00edprava na \u0161print. T\u00edm BORA-hansgrohe spolo\u010dne s\u00a0FDJ kontrolovali \u010delo pelot\u00f3nu. Do posledn\u00e9ho kilometra vch\u00e1dzal s\u00a0najlep\u0161ou poz\u00edciou <strong>Demare (FDJ), ktor\u00fd napokon aj zv\u00ed\u0165azil<\/strong>. Saganov (BORA-hansgrohe) v\u00fdkon, pozna\u010den\u00fd v\u010deraj\u0161\u00edm p\u00e1dom, dnes neposta\u010doval na vrcholn\u00e9 prie\u010dky.<\/p>\n<div class=\"embed-controller-wrapper\"><iframe title=\"Sagan dans le Col du Portet apr\u00e8s sa chute \/ Sagan in Col du Portet following his crash - \u00c9tape 17 \/ Stage 17 - Tour de France 2018\" frameborder=\"0\" width=\"500\" height=\"281\" data-src=\"https:\/\/geo.dailymotion.com\/player.html?video=x6q5o5b&#038;\" allowfullscreen allow=\"autoplay; fullscreen; picture-in-picture; web-share\"><\/iframe><\/div>\n<h2><strong>19. etapa Lourdes &gt; Laruns (200,5 km, horsk\u00e1)<\/strong><\/h2>\n<p>Posledn\u00e1 horsk\u00e1 etapa, umo\u017e\u0148uj\u00faca ved\u00facim jazdcom naposledy sa prejavi\u0165 a\u00a0poupravi\u0165 celkov\u00e9 hodnotenie na vrchole st\u00fapania, nezostala nevyu\u017eit\u00e1. <strong>Alaphilippe (Quick-Step) z\u00edskal op\u00e4tovne body vo vrch\u00e1rskej klasifik\u00e1cii<\/strong>, vytv\u00e1raj\u00faci si neprekonate\u013en\u00fd n\u00e1skok. Z\u00e1rove\u0148 sa stal <strong>prv\u00fdm jazdcom, ktor\u00fd zv\u00ed\u0165azil na 4 pr\u00e9mi\u00e1ch kateg\u00f3rie HC po\u010das jednej Tour<\/strong>. Siln\u00fd \u00fanik, v\u00a0ktorom bol aj Bardet (AG2R) alebo Landa (Movistar), dosiahol n\u00e1skok na \u00farovni 3 min\u00fat, a to 50 km pred koncom. Dumoulin (Sunweb) svoj\u00edm \u00fatokom 10 km pred vrcholom posledn\u00e9ho st\u00fapania, na ktor\u00fd museli reagova\u0165 v\u0161etci jazdci, sa dok\u00e1zal op\u00e4tovne odp\u00fata\u0165 od Frooma (Sky), str\u00e1caj\u00faceho sekundu po sekunde. T\u00e1to situ\u00e1cia netrvala dlho a\u00a0skupinka sa znova spojila tesne pred vrcholom st\u00fapania. 10-kilometrov\u00fd zjazd najlep\u0161ie zvl\u00e1dol <strong>Rogli\u010d (Team LottoNL\u2013Jumbo)<\/strong>, ktor\u00fd si vytvoril 20-sekundov\u00fd n\u00e1skok na zvy\u0161ok ved\u00facich jazdcov a stal sa tak <strong>v\u00ed\u0165azom v\u00a0dne\u0161nej etape<\/strong>. Najv\u00e4\u010d\u0161ie straty utrpel v\u00ed\u0165az 17. etapy Quintana (Movistar), prid\u00e1vaj\u00faci na svoje konto vy\u0161e 4-min\u00fatov\u00e9 manko na Thomasa (Sky).<\/p>\n<p><a href=\"https:\/\/d2p6e6u75xmxt8.cloudfront.net\/4\/2018\/07\/04-6.jpg\"><img loading=\"lazy\" decoding=\"async\" class=\"alignnone size-full wp-image-4461\" src=\"https:\/\/d2p6e6u75xmxt8.cloudfront.net\/4\/2018\/07\/04-6.jpg\" alt=\"\" width=\"1200\" height=\"800\" \/><\/a><\/p>\n<p><strong>Sagan Facebook:<\/strong> <em>\u201eDnes to bol asi jeden z naj\u0165a\u017e\u0161\u00edch a najbolestivej\u0161\u00edch dn\u00ed v mojej doteraj\u0161ej kari\u00e9re. Kv\u00f4li zraneniam a ve\u013ekej hor\u00fa\u010dave sa mi t\u00e1to etapa na Tour zdala nekone\u010dn\u00e1. Nechcel som to zabali\u0165, ke\u010f\u017ee do Par\u00ed\u017ea to m\u00e1me u\u017e len k\u00fasok a zdalo by sa mi to nef\u00e9r vo\u010di cel\u00e9mu t\u00edmu. Mus\u00edm bojova\u0165. Chcel by som po\u010fakova\u0165 mojim spolujazdcom z BORA-hansgrohe za ich obetavos\u0165 a \u017ee boli pri mne cel\u00fdch 200 km. Presne o tom je t\u00edmov\u00e1 pr\u00e1ca!\u201c<\/em><\/p>\n<lite-youtube videoid=XP6SoByXnvU params=\"enablejsapi=1\" style=\"background-image: url('https:\/\/i.ytimg.com\/vi_webp\/XP6SoByXnvU\/maxresdefault.webp');\"><\/lite-youtube>\n<h2><strong>20. etapa Saint-P\u00e9e-sur-Nivelle &gt; Espelette (31 km, individu\u00e1lna \u010dasovka)<\/strong><\/h2>\n<p>Z\u00e1ver Tour sa tento rok niesol v\u00a0znamen\u00ed individu\u00e1lnych v\u00fdkonov, bez pomoci t\u00edmu, na 31 km dlhej \u010dasovke, pozna\u010denej krat\u0161\u00edmi, ale o\u00a0to pr\u00edkrej\u0161\u00edmi st\u00fapaniami. \u00datok na \u017elt\u00fd dres sa neo\u010dak\u00e1val, ke\u010f\u017ee Thomas (Sky), odchovanec dr\u00e1hovej cyklistiky, nemal d\u00f4vod strati\u0165 2 min\u00faty na druh\u00e9ho Dumoulina (Sunweb). Zmena celkov\u00e9ho poradia sa podarila najm\u00e4 Bardetovi (AG2R), ktor\u00fd presko\u010dil Landu (Movistar) a\u00a0dostal sa tak na 5. miesto. Rovnako \u00faspe\u0161n\u00fd bol Froome (Sky), ma\u017e\u00faci polmin\u00fatov\u00fd n\u00e1skok Rogli\u010da (Team LottoNL\u2013Jumbo) a\u00a0obsadzuj\u00faci celkov\u00e9 3.miesto. Etapu s\u00a0tesn\u00fdm, ba a\u017e priam neuverite\u013en\u00fdm (pod\u013ea \u017eiv\u00e9ho prenosu) n\u00e1skokom 1 sekundy, <strong>vyhral 2-n\u00e1sobn\u00fd svetov\u00fd \u0161ampi\u00f3n v\u00a0\u010dasovke &#8211; Dumoulin (Sunweb)<\/strong>. Saganovi sa \u00faspe\u0161ne podarilo d\u00f4js\u0165 do cie\u013ea, bez zbyto\u010dn\u00fdch komplik\u00e1cii.<\/p>\n<p><a href=\"https:\/\/d2p6e6u75xmxt8.cloudfront.net\/4\/2018\/07\/05-8.jpg\"><img loading=\"lazy\" decoding=\"async\" class=\"alignnone size-full wp-image-4462\" src=\"https:\/\/d2p6e6u75xmxt8.cloudfront.net\/4\/2018\/07\/05-8.jpg\" alt=\"\" width=\"1200\" height=\"800\" \/><\/a><\/p>\n<h2><strong>21. etapa Houilles &gt; Paris Champs-\u00c9lys\u00e9es (116 km, rovinat\u00e1)<\/strong><\/h2>\n<p>Majest\u00e1tnos\u0165 Tour de France podtrhuje charakteristick\u00e1 posledn\u00e1 etapa, ved\u00faca do srdca samotn\u00e9ho Franc\u00fazska, do Par\u00ed\u017ea. 8 okruhov po Champs-\u00c9lys\u00e9es, okolo V\u00ed\u0165azn\u00e9ho obl\u00faka s\u00a0nespo\u010detn\u00fdmi davmi tla\u010diacimi sa okolo trate, vytv\u00e1ra neopakovate\u013en\u00fa atmosf\u00e9ru, hodn\u00fa dne\u0161n\u00fdch cyklistick\u00fdch \u201ekr\u00e1\u013eov\u201c. Ako je u\u017e zvykom, t\u00e1to etapa <strong>nie je ur\u010den\u00e1 pre boj o\u00a0celkov\u00e9 poradie<\/strong>. Thomas (Sky) spolu so svoj\u00edm t\u00edmom predved\u00fa \u017elt\u00fd dres, pripij\u00fa si \u0161ampansk\u00fdm a\u00a0spolo\u010dne prejd\u00fa cie\u013eov\u00fa p\u00e1sku, na znamenie v\u00ed\u0165azstva. Samozrejme, pre \u0161print\u00e9rov je t\u00e1to etapa v\u00fdnimo\u010dn\u00e1. Cenn\u00e9 v\u00ed\u0165azstvo je a\u017e pr\u00edli\u0161 ve\u013ek\u00fdm poku\u0161en\u00edm pre ka\u017ed\u00e9ho jazdca. Ako prv\u00e9ho priv\u00edtali na okruhu na Elyzejsk\u00fdch poliach <strong>Chavanela<\/strong>, <strong>l\u00fa\u010diaceho sa s\u00a0kari\u00e9rou<\/strong>. Na \u010dele sa sformoval \u00fanik \u0161iestich jazdcov, ktor\u00fd nevydr\u017eal n\u00e1por \u0161print\u00e9rskych t\u00edmov. O samotn\u00fd cie\u013eov\u00fd \u0161print div\u00e1kov skoro ukr\u00e1til Lampaert (Quick-Step) svojou s\u00f3lovou jazdou a\u017e na m\u00e9tu necel\u00e9ho pol kilometra. V\u00ed\u0165azn\u00fa sl\u00e1vu zo\u017eal Kristoff (UAE) pred Degenkolbom (Trek-Segafredo) a\u00a0dom\u00e1cim Demarom (Team Direct Energie).<\/p>\n<p><a href=\"https:\/\/d2p6e6u75xmxt8.cloudfront.net\/4\/2018\/07\/06-7.jpg\"><img loading=\"lazy\" decoding=\"async\" class=\"alignnone size-full wp-image-4463\" src=\"https:\/\/d2p6e6u75xmxt8.cloudfront.net\/4\/2018\/07\/06-7.jpg\" alt=\"\" width=\"1200\" height=\"800\" \/><\/a><\/p>\n<p><strong>Sagan<\/strong> sa musel \u201cuspokoji\u0165\u201d s\u00a0celkov\u00fdm v\u00ed\u0165azstvom v\u00a0bodovacej s\u00fa\u0165a\u017ei a\u00a0s\u00a0<strong>nov\u00fdm rekordom 477 bodov<\/strong>. Celkov\u00fa klasifik\u00e1ciu ovl\u00e1dol Thomas (Sky) s\u00a0necel\u00fdmi dvoma min\u00fatami n\u00e1skoku pred Dumoulinom (Sunweb) a\u00a0kolegom z\u00a0t\u00edmu, Froomom (Sky) na tre\u0165om mieste. Biely dres najlep\u0161ieho mlad\u00edka si odn\u00e1\u0161a Latour (AG2R). Vrch\u00e1rsku klasifik\u00e1ciu vyhral taktie\u017e Franc\u00faz, Alaphilippe (Quick-Step). A\u00a0ako posledn\u00e9 ocenenie, najakt\u00edvnej\u0161\u00ed jazdec celej Tour, z\u00edskal Martin (UAE).<\/p>\n<div class=\"shortcode-ys-post-pinup\"><article class=\"loop-simple post-4437 post type-post status-publish format-standard has-post-thumbnail hentry category-cestna-cyklisitika category-grand-tour category-tour-de-france tag-alexander-kristoff tag-bora-hansgrohe tag-cestna-cyklistika tag-chris-froome tag-francuzsko tag-geraint-thomas tag-nairo-quintana tag-peter-sagan tag-team-sky tag-tom-dumoulin tag-tour-de-france tag-tour-de-france-2018 tag-zeleny-dres\" data-postid=\"4437\" role=\"article\" data-post-id=\"4437\" data-word-count=\"244\" data-headline-length=\"33\" data-category=\"Tour de France\" data-author=\"We Love Cycling\" data-published=\"2018-07-29T20:17:39+02:00\" data-published-day=\"Sunday\">\n    <div class=\"entry-thumbnail article-thumbnail\" content=\"https:\/\/d2p6e6u75xmxt8.cloudfront.net\/4\/2018\/07\/00-1-150x150.webp\"><a href=\"https:\/\/www.welovecycling.com\/sk\/2018\/07\/29\/posledny-den-na-tour-de-france\/\" class=\"image-holder\" target=\"_self\"><img decoding=\"async\" loading=\"lazy\" class=\"\" src=\"https:\/\/d2p6e6u75xmxt8.cloudfront.net\/4\/2018\/07\/00-1-1024x447.webp\" srcset=\"https:\/\/d2p6e6u75xmxt8.cloudfront.net\/4\/2018\/07\/00-1.webp 1375w, https:\/\/d2p6e6u75xmxt8.cloudfront.net\/4\/2018\/07\/00-1-300x131.webp 300w, https:\/\/d2p6e6u75xmxt8.cloudfront.net\/4\/2018\/07\/00-1-1024x447.webp 1024w, https:\/\/d2p6e6u75xmxt8.cloudfront.net\/4\/2018\/07\/00-1-768x335.webp 768w\" width=\"1024\" height=\"447\" sizes=\"auto, (min-width: 1200px) 458px, (min-width: 768px) 38vw, 100vw\" alt=\"posledny-den-na-tour-de-france\"\/><\/a><\/div>    <div class=\"entry-meta\">\n        <a class=\"label label-secondary post-category\" href=\"https:\/\/www.welovecycling.com\/sk\/category\/grand-tour\/tour-de-france\/\" title=\"Tour de France\">Tour de France<\/a>\n    <\/div>\n    <div class=\"entry-details\">\n        <a href=\"https:\/\/www.welovecycling.com\/sk\/2018\/07\/29\/posledny-den-na-tour-de-france\/\" class='entry-title-wrapper'>\n            <h3 class=\"entry-title\"><span>Posledn\u00e1 jazda tohtoro\u010dnej Tour<\/span><\/h3>\n        <\/a>\n    <\/div>\n    <\/article>\n<\/div>\n<p>T\u00fdmto sa tohtoro\u010dn\u00e1 Tour kon\u010d\u00ed, ale nie je nutn\u00e9 z\u00fafa\u0165, <strong>u\u017e o\u00a0p\u00e1r t\u00fd\u017ed\u0148ov prich\u00e1dza Vuelta a Espa\u00f1a<\/strong>, posledn\u00e9 z\u00a0trojice ve\u013ek\u00fdch, trojt\u00fd\u017ed\u0148ov\u00fdch etapov\u00fdch pretekov. Froomovo (Sky) \u00fasilie z\u00edska\u0165 \u201edouble\u201c Gira a\u00a0Tour nevy\u0161iel, zato v\u0161ak v\u00ed\u0165azstvo ostalo v\u00a0t\u00edme. <strong>Sagan (BORA-hansgrohe)<\/strong> po ro\u010dnej \u201epauze\u201c z\u00edskal svoj <strong>\u0161iesty zelen\u00fd dres<\/strong>, a\u00a0to e\u0161te v\u00a0drese majstra sveta. Ka\u017ed\u00fd, kto \u00faspe\u0161ne ukon\u010d\u00ed Tour, st\u00e1va sa cyklistick\u00fdm hrdinom. P\u00e1dy, vy\u010derpanie, rados\u0165, v\u00ed\u0165azstvo aj pokora. To v\u0161etko charakterizuje jedine\u010dn\u00fa Tour de France.<\/p>\n<p>(zdroj fotiek: FCB Peter Sagan a letour.fr)<\/p>\n","protected":false},"excerpt":{"rendered":"<p>Ka\u017ed\u00fd pr\u00edbeh raz skon\u010d\u00ed a\u00a0nebolo tomu inak ani po\u010das\u00a0105. ro\u010dn\u00edka Tour de France. Posledn\u00fd t\u00fd\u017ede\u0148 e\u0161te zamie\u0161al kartami jazdcov celkov\u00e9ho [&hellip;]<\/p>\n","protected":false},"author":38,"featured_media":4455,"comment_status":"open","ping_status":"open","sticky":false,"template":"","format":"standard","meta":{"footnotes":""},"categories":[4,117],"tags":[175,160,119,306,116,46,270,20,308,269,156,174],"global-categories":[],"class_list":["post-4452","post","type-post","status-publish","format-standard","has-post-thumbnail","hentry","category-cestna-cyklisitika","category-tour-de-france","tag-bodkovany-dres","tag-bora-hansgrohe","tag-chris-froome","tag-francuzsko","tag-nairo-quintana","tag-peter-sagan","tag-team-sky","tag-tour-de-france","tag-tour-de-france-2018","tag-vitaz","tag-zeleny-dres","tag-zlty-dres"],"yoast_head":"<!-- This site is optimized with the Yoast SEO Premium plugin v25.3 (Yoast SEO v25.9) - https:\/\/yoast.com\/wordpress\/plugins\/seo\/ -->\n<title>Fin\u00e1lny t\u00fd\u017ede\u0148 na Tour de France - \u0160koda We Love Cycling Slovensko<\/title>\n<meta name=\"robots\" content=\"index, follow, max-snippet:-1, max-image-preview:large, max-video-preview:-1\" \/>\n<link rel=\"canonical\" href=\"https:\/\/www.welovecycling.com\/sk\/2018\/07\/31\/finalny-tyzden-na-tour-de-france\/\" \/>\n<meta property=\"og:locale\" content=\"sk_SK\" \/>\n<meta property=\"og:type\" content=\"article\" \/>\n<meta property=\"og:title\" content=\"Fin\u00e1lny t\u00fd\u017ede\u0148 na Tour de France\" \/>\n<meta property=\"og:description\" content=\"Ka\u017ed\u00fd pr\u00edbeh raz skon\u010d\u00ed a\u00a0nebolo tomu inak ani po\u010das\u00a0105. ro\u010dn\u00edka Tour de France. Posledn\u00fd t\u00fd\u017ede\u0148 e\u0161te zamie\u0161al kartami jazdcov celkov\u00e9ho [&hellip;]\" \/>\n<meta property=\"og:url\" content=\"https:\/\/www.welovecycling.com\/sk\/2018\/07\/31\/finalny-tyzden-na-tour-de-france\/\" \/>\n<meta property=\"og:site_name\" content=\"\u0160koda We Love Cycling Slovensko\" \/>\n<meta property=\"article:published_time\" content=\"2018-07-31T12:22:55+00:00\" \/>\n<meta property=\"article:modified_time\" content=\"2018-08-20T17:56:35+00:00\" \/>\n<meta property=\"og:image\" content=\"https:\/\/d2p6e6u75xmxt8.cloudfront.net\/4\/2018\/07\/00-2.webp\" \/>\n\t<meta property=\"og:image:width\" content=\"1375\" \/>\n\t<meta property=\"og:image:height\" content=\"600\" \/>\n\t<meta property=\"og:image:type\" content=\"image\/webp\" \/>\n<meta name=\"author\" content=\"Ondrej Ga\u0161par\" \/>\n<meta name=\"twitter:card\" content=\"summary_large_image\" \/>\n<meta name=\"twitter:label1\" content=\"Written by\" \/>\n\t<meta name=\"twitter:data1\" content=\"We Love Cycling\" \/>\n\t<meta name=\"twitter:label2\" content=\"Est. reading time\" \/>\n\t<meta name=\"twitter:data2\" content=\"2\" \/>\n<script type=\"application\/ld+json\" class=\"yoast-schema-graph\">{\"@context\":\"https:\/\/schema.org\",\"@graph\":[{\"@type\":\"WebPage\",\"@id\":\"https:\/\/www.welovecycling.com\/sk\/2018\/07\/31\/finalny-tyzden-na-tour-de-france\/\",\"url\":\"https:\/\/www.welovecycling.com\/sk\/2018\/07\/31\/finalny-tyzden-na-tour-de-france\/\",\"name\":\"Fin\u00e1lny t\u00fd\u017ede\u0148 na Tour de France - \u0160koda We Love Cycling Slovensko\",\"isPartOf\":{\"@id\":\"https:\/\/www.welovecycling.com\/sk\/#website\"},\"primaryImageOfPage\":{\"@id\":\"https:\/\/www.welovecycling.com\/sk\/2018\/07\/31\/finalny-tyzden-na-tour-de-france\/#primaryimage\"},\"image\":{\"@id\":\"https:\/\/www.welovecycling.com\/sk\/2018\/07\/31\/finalny-tyzden-na-tour-de-france\/#primaryimage\"},\"thumbnailUrl\":\"https:\/\/d2p6e6u75xmxt8.cloudfront.net\/4\/2018\/07\/00-2.webp\",\"datePublished\":\"2018-07-31T12:22:55+00:00\",\"dateModified\":\"2018-08-20T17:56:35+00:00\",\"author\":{\"@id\":\"https:\/\/www.welovecycling.com\/sk\/#\/schema\/person\/8ee09ba39b7e25b1870160aa5b3a89bc\"},\"breadcrumb\":{\"@id\":\"https:\/\/www.welovecycling.com\/sk\/2018\/07\/31\/finalny-tyzden-na-tour-de-france\/#breadcrumb\"},\"inLanguage\":\"sk-SK\",\"potentialAction\":[{\"@type\":\"ReadAction\",\"target\":[\"https:\/\/www.welovecycling.com\/sk\/2018\/07\/31\/finalny-tyzden-na-tour-de-france\/\"]}]},{\"@type\":\"ImageObject\",\"inLanguage\":\"sk-SK\",\"@id\":\"https:\/\/www.welovecycling.com\/sk\/2018\/07\/31\/finalny-tyzden-na-tour-de-france\/#primaryimage\",\"url\":\"https:\/\/d2p6e6u75xmxt8.cloudfront.net\/4\/2018\/07\/00-2.webp\",\"contentUrl\":\"https:\/\/d2p6e6u75xmxt8.cloudfront.net\/4\/2018\/07\/00-2.webp\",\"width\":1375,\"height\":600},{\"@type\":\"BreadcrumbList\",\"@id\":\"https:\/\/www.welovecycling.com\/sk\/2018\/07\/31\/finalny-tyzden-na-tour-de-france\/#breadcrumb\",\"itemListElement\":[{\"@type\":\"ListItem\",\"position\":1,\"name\":\"Home\",\"item\":\"https:\/\/www.welovecycling.com\/sk\/\"},{\"@type\":\"ListItem\",\"position\":2,\"name\":\"Fin\u00e1lny t\u00fd\u017ede\u0148 na Tour de France\"}]},{\"@type\":\"WebSite\",\"@id\":\"https:\/\/www.welovecycling.com\/sk\/#website\",\"url\":\"https:\/\/www.welovecycling.com\/sk\/\",\"name\":\"\u0160koda We Love Cycling Slovensko\",\"description\":\"\u0160koda We Love Cycling Slovensko je v\u00e1\u0161 ka\u017edodenn\u00fd zdroj noviniek a in\u0161pir\u00e1cie z sveta cyklistiky\",\"potentialAction\":[{\"@type\":\"SearchAction\",\"target\":{\"@type\":\"EntryPoint\",\"urlTemplate\":\"https:\/\/www.welovecycling.com\/sk\/?s={search_term_string}\"},\"query-input\":{\"@type\":\"PropertyValueSpecification\",\"valueRequired\":true,\"valueName\":\"search_term_string\"}}],\"inLanguage\":\"sk-SK\"},{\"@type\":\"Person\",\"@id\":\"https:\/\/www.welovecycling.com\/sk\/#\/schema\/person\/8ee09ba39b7e25b1870160aa5b3a89bc\",\"name\":\"Ondrej Ga\u0161par\",\"image\":{\"@type\":\"ImageObject\",\"inLanguage\":\"sk-SK\",\"@id\":\"https:\/\/www.welovecycling.com\/sk\/#\/schema\/person\/image\/\",\"url\":\"https:\/\/secure.gravatar.com\/avatar\/6126c9afb87b70da5abbb083ddbb21933da15f18f8ca7cb822aba0fb096a48f6?s=96&d=mm&r=g\",\"contentUrl\":\"https:\/\/secure.gravatar.com\/avatar\/6126c9afb87b70da5abbb083ddbb21933da15f18f8ca7cb822aba0fb096a48f6?s=96&d=mm&r=g\",\"caption\":\"Ondrej Ga\u0161par\"},\"url\":\"https:\/\/www.welovecycling.com\/sk\/author\/ondrejgaspar\/\"}]}<\/script>\n<!-- \/ Yoast SEO Premium plugin. -->","yoast_head_json":{"title":"Fin\u00e1lny t\u00fd\u017ede\u0148 na Tour de France - \u0160koda We Love Cycling Slovensko","robots":{"index":"index","follow":"follow","max-snippet":"max-snippet:-1","max-image-preview":"max-image-preview:large","max-video-preview":"max-video-preview:-1"},"canonical":"https:\/\/www.welovecycling.com\/sk\/2018\/07\/31\/finalny-tyzden-na-tour-de-france\/","og_locale":"sk_SK","og_type":"article","og_title":"Fin\u00e1lny t\u00fd\u017ede\u0148 na Tour de France","og_description":"Ka\u017ed\u00fd pr\u00edbeh raz skon\u010d\u00ed a\u00a0nebolo tomu inak ani po\u010das\u00a0105. ro\u010dn\u00edka Tour de France. Posledn\u00fd t\u00fd\u017ede\u0148 e\u0161te zamie\u0161al kartami jazdcov celkov\u00e9ho [&hellip;]","og_url":"https:\/\/www.welovecycling.com\/sk\/2018\/07\/31\/finalny-tyzden-na-tour-de-france\/","og_site_name":"\u0160koda We Love Cycling Slovensko","article_published_time":"2018-07-31T12:22:55+00:00","article_modified_time":"2018-08-20T17:56:35+00:00","og_image":[{"width":1375,"height":600,"url":"https:\/\/d2p6e6u75xmxt8.cloudfront.net\/4\/2018\/07\/00-2.webp","type":"image\/webp"}],"author":"Ondrej Ga\u0161par","twitter_card":"summary_large_image","twitter_misc":{"Written by":"We Love Cycling","Est. reading time":"2"},"schema":{"@context":"https:\/\/schema.org","@graph":[{"@type":"WebPage","@id":"https:\/\/www.welovecycling.com\/sk\/2018\/07\/31\/finalny-tyzden-na-tour-de-france\/","url":"https:\/\/www.welovecycling.com\/sk\/2018\/07\/31\/finalny-tyzden-na-tour-de-france\/","name":"Fin\u00e1lny t\u00fd\u017ede\u0148 na Tour de France - \u0160koda We Love Cycling Slovensko","isPartOf":{"@id":"https:\/\/www.welovecycling.com\/sk\/#website"},"primaryImageOfPage":{"@id":"https:\/\/www.welovecycling.com\/sk\/2018\/07\/31\/finalny-tyzden-na-tour-de-france\/#primaryimage"},"image":{"@id":"https:\/\/www.welovecycling.com\/sk\/2018\/07\/31\/finalny-tyzden-na-tour-de-france\/#primaryimage"},"thumbnailUrl":"https:\/\/d2p6e6u75xmxt8.cloudfront.net\/4\/2018\/07\/00-2.webp","datePublished":"2018-07-31T12:22:55+00:00","dateModified":"2018-08-20T17:56:35+00:00","author":{"@id":"https:\/\/www.welovecycling.com\/sk\/#\/schema\/person\/8ee09ba39b7e25b1870160aa5b3a89bc"},"breadcrumb":{"@id":"https:\/\/www.welovecycling.com\/sk\/2018\/07\/31\/finalny-tyzden-na-tour-de-france\/#breadcrumb"},"inLanguage":"sk-SK","potentialAction":[{"@type":"ReadAction","target":["https:\/\/www.welovecycling.com\/sk\/2018\/07\/31\/finalny-tyzden-na-tour-de-france\/"]}]},{"@type":"ImageObject","inLanguage":"sk-SK","@id":"https:\/\/www.welovecycling.com\/sk\/2018\/07\/31\/finalny-tyzden-na-tour-de-france\/#primaryimage","url":"https:\/\/d2p6e6u75xmxt8.cloudfront.net\/4\/2018\/07\/00-2.webp","contentUrl":"https:\/\/d2p6e6u75xmxt8.cloudfront.net\/4\/2018\/07\/00-2.webp","width":1375,"height":600},{"@type":"BreadcrumbList","@id":"https:\/\/www.welovecycling.com\/sk\/2018\/07\/31\/finalny-tyzden-na-tour-de-france\/#breadcrumb","itemListElement":[{"@type":"ListItem","position":1,"name":"Home","item":"https:\/\/www.welovecycling.com\/sk\/"},{"@type":"ListItem","position":2,"name":"Fin\u00e1lny t\u00fd\u017ede\u0148 na Tour de France"}]},{"@type":"WebSite","@id":"https:\/\/www.welovecycling.com\/sk\/#website","url":"https:\/\/www.welovecycling.com\/sk\/","name":"\u0160koda We Love Cycling Slovensko","description":"\u0160koda We Love Cycling Slovensko je v\u00e1\u0161 ka\u017edodenn\u00fd zdroj noviniek a in\u0161pir\u00e1cie z sveta cyklistiky","potentialAction":[{"@type":"SearchAction","target":{"@type":"EntryPoint","urlTemplate":"https:\/\/www.welovecycling.com\/sk\/?s={search_term_string}"},"query-input":{"@type":"PropertyValueSpecification","valueRequired":true,"valueName":"search_term_string"}}],"inLanguage":"sk-SK"},{"@type":"Person","@id":"https:\/\/www.welovecycling.com\/sk\/#\/schema\/person\/8ee09ba39b7e25b1870160aa5b3a89bc","name":"Ondrej Ga\u0161par","image":{"@type":"ImageObject","inLanguage":"sk-SK","@id":"https:\/\/www.welovecycling.com\/sk\/#\/schema\/person\/image\/","url":"https:\/\/secure.gravatar.com\/avatar\/6126c9afb87b70da5abbb083ddbb21933da15f18f8ca7cb822aba0fb096a48f6?s=96&d=mm&r=g","contentUrl":"https:\/\/secure.gravatar.com\/avatar\/6126c9afb87b70da5abbb083ddbb21933da15f18f8ca7cb822aba0fb096a48f6?s=96&d=mm&r=g","caption":"Ondrej Ga\u0161par"},"url":"https:\/\/www.welovecycling.com\/sk\/author\/ondrejgaspar\/"}]}},"_links":{"self":[{"href":"https:\/\/www.welovecycling.com\/sk\/wp-json\/wp\/v2\/posts\/4452","targetHints":{"allow":["GET"]}}],"collection":[{"href":"https:\/\/www.welovecycling.com\/sk\/wp-json\/wp\/v2\/posts"}],"about":[{"href":"https:\/\/www.welovecycling.com\/sk\/wp-json\/wp\/v2\/types\/post"}],"author":[{"embeddable":true,"href":"https:\/\/www.welovecycling.com\/sk\/wp-json\/wp\/v2\/users\/38"}],"replies":[{"embeddable":true,"href":"https:\/\/www.welovecycling.com\/sk\/wp-json\/wp\/v2\/comments?post=4452"}],"version-history":[{"count":2,"href":"https:\/\/www.welovecycling.com\/sk\/wp-json\/wp\/v2\/posts\/4452\/revisions"}],"predecessor-version":[{"id":4469,"href":"https:\/\/www.welovecycling.com\/sk\/wp-json\/wp\/v2\/posts\/4452\/revisions\/4469"}],"wp:featuredmedia":[{"embeddable":true,"href":"https:\/\/www.welovecycling.com\/sk\/wp-json\/wp\/v2\/media\/4455"}],"wp:attachment":[{"href":"https:\/\/www.welovecycling.com\/sk\/wp-json\/wp\/v2\/media?parent=4452"}],"wp:term":[{"taxonomy":"category","embeddable":true,"href":"https:\/\/www.welovecycling.com\/sk\/wp-json\/wp\/v2\/categories?post=4452"},{"taxonomy":"post_tag","embeddable":true,"href":"https:\/\/www.welovecycling.com\/sk\/wp-json\/wp\/v2\/tags?post=4452"},{"taxonomy":"global-categories","embeddable":true,"href":"https:\/\/www.welovecycling.com\/sk\/wp-json\/wp\/v2\/global-categories?post=4452"}],"curies":[{"name":"wp","href":"https:\/\/api.w.org\/{rel}","templated":true}]}}