{"id":4449,"date":"2018-08-02T13:46:58","date_gmt":"2018-08-02T11:46:58","guid":{"rendered":"https:\/\/www.welovecycling.com\/sk\/?p=4449"},"modified":"2018-08-07T17:15:41","modified_gmt":"2018-08-07T15:15:41","slug":"reportaz-skoda-stupava-trophy-pekelne-horuci-vikend","status":"publish","type":"post","link":"https:\/\/www.welovecycling.com\/sk\/2018\/08\/02\/reportaz-skoda-stupava-trophy-pekelne-horuci-vikend\/","title":{"rendered":"Report\u00e1\u017e: \u0160koda STUPAVA TROPHY \u2013 pekelne hor\u00faci v\u00edkend"},"content":{"rendered":"<p><strong>\u0160tvrt\u00e1 zast\u00e1vka na\u0161ej s\u00e9rie \u0160koda BIKE OPEN TOUR sa konala u\u017e tradi\u010dne v Stupave, kde sa zi\u0161lo op\u00e4\u0165 mno\u017estvo milovn\u00edkov cyklistiky a ich rodinn\u00fdch pr\u00edslu\u0161n\u00edkov.<\/strong><!--more--><\/p>\n<p><a href=\"https:\/\/d2p6e6u75xmxt8.cloudfront.net\/4\/2018\/07\/01.JPG.jpg\"><img loading=\"lazy\" decoding=\"async\" class=\"alignnone size-full wp-image-4479\" src=\"https:\/\/d2p6e6u75xmxt8.cloudfront.net\/4\/2018\/07\/01.JPG.jpg\" alt=\"\" width=\"1200\" height=\"800\" \/><\/a><\/p>\n<div class=\"shortcode-ys-post-pinup\"><article class=\"loop-simple post-4497 post type-post status-publish format-gallery has-post-thumbnail hentry category-mtb category-podujatia category-sbot tag-fotogaleria tag-peter-regec tag-sbot tag-skoda-stupava-trophy tag-stupava post_format-post-format-gallery\" data-postid=\"4497\" role=\"article\" data-post-id=\"4497\" data-word-count=\"6\" data-headline-length=\"27\" data-category=\"MTB\" data-author=\"We Love Cycling\" data-published=\"2018-08-02T13:45:05+02:00\" data-published-day=\"Thursday\">\n    <div class=\"entry-thumbnail article-thumbnail\" content=\"https:\/\/d2p6e6u75xmxt8.cloudfront.net\/4\/2018\/08\/1380x600_stupava-galerka-150x150.webp\"><a href=\"https:\/\/www.welovecycling.com\/sk\/2018\/08\/02\/foto-skoda-stupava-trophy\/\" class=\"image-holder\" target=\"_self\"><img decoding=\"async\" loading=\"lazy\" class=\"\" src=\"https:\/\/d2p6e6u75xmxt8.cloudfront.net\/4\/2018\/08\/1380x600_stupava-galerka-1024x445.webp\" srcset=\"https:\/\/d2p6e6u75xmxt8.cloudfront.net\/4\/2018\/08\/1380x600_stupava-galerka.webp 1380w, https:\/\/d2p6e6u75xmxt8.cloudfront.net\/4\/2018\/08\/1380x600_stupava-galerka-300x130.webp 300w, https:\/\/d2p6e6u75xmxt8.cloudfront.net\/4\/2018\/08\/1380x600_stupava-galerka-1024x445.webp 1024w, https:\/\/d2p6e6u75xmxt8.cloudfront.net\/4\/2018\/08\/1380x600_stupava-galerka-768x334.webp 768w\" width=\"1024\" height=\"445\" sizes=\"auto, (min-width: 1200px) 460px, (min-width: 768px) 38vw, 100vw\" alt=\"foto-skoda-stupava-trophy\"\/><\/a><\/div>    <div class=\"entry-meta\">\n        <a class=\"label label-secondary post-category\" href=\"https:\/\/www.welovecycling.com\/sk\/category\/mtb\/\" title=\"MTB\">MTB<\/a>\n    <\/div>\n    <div class=\"entry-details\">\n        <a href=\"https:\/\/www.welovecycling.com\/sk\/2018\/08\/02\/foto-skoda-stupava-trophy\/\" class='entry-title-wrapper'>\n            <h3 class=\"entry-title\"><span>FOTO: \u0160koda STUPAVA TROPHY<\/span><\/h3>\n        <\/a>\n    <\/div>\n    <\/article>\n<\/div>\n<h2><strong>Poriadny \u201ev\u00fdpek\u201c<\/strong><\/h2>\n<p>Na\u0161e \u017eelanie po blatistom S\u00fa\u013eove bolo vysly\u0161an\u00e9 a mo\u017eno aj o tro\u0161ku viac, ako by bolo treba :). U\u017e od roku 2011 sa stalo pravidlom, \u017ee d\u00e1\u017e\u010f sa Stupave v term\u00edne konania tohto tradi\u010dn\u00e9ho marat\u00f3nu vyh\u00fdba a inak tomu nebolo ani tento v\u00edkend. Dokonca predpove\u010f po\u010dasia s\u013eubovala <strong>najvy\u0161\u0161ie teploty tohtoro\u010dn\u00e9ho leta<\/strong>, ktor\u00e9 sa nakoniec aj potvrdili. Podobn\u00fd scen\u00e1r mal aj minul\u00fd ro\u010dn\u00edk, ktor\u00fd sme v\u00e1m pribl\u00ed\u017eili v na\u0161ej report\u00e1\u017ei <a href=\"https:\/\/www.welovecycling.com\/sk\/2017\/07\/31\/reportaz-skoda-stupava-trophy-rychle-horuce-4-kolo\/\">\u0160koda STUPAVA TROPHY \u2013 r\u00fdchle a hor\u00face 4. kolo + FOTKY<\/a>.<\/p>\n<div data-rows=\"1\" id='gallery-1' class='gallery-rows-1 gallery galleryid-4497 gallery-columns-3 gallery-size-full'><figure class='gallery-item'>\n\t\t\t<div class='gallery-icon landscape'>\n\t\t\t\t<a href='https:\/\/d2p6e6u75xmxt8.cloudfront.net\/4\/2018\/08\/02.JPG.webp'><img loading=\"lazy\" decoding=\"async\" width=\"1200\" height=\"800\" src=\"https:\/\/d2p6e6u75xmxt8.cloudfront.net\/4\/2018\/08\/02.JPG.webp\" class=\"attachment-full size-full\" alt=\"\" srcset=\"https:\/\/d2p6e6u75xmxt8.cloudfront.net\/4\/2018\/08\/02.JPG.webp 1200w, https:\/\/d2p6e6u75xmxt8.cloudfront.net\/4\/2018\/08\/02.JPG-300x200.webp 300w, https:\/\/d2p6e6u75xmxt8.cloudfront.net\/4\/2018\/08\/02.JPG-1024x683.webp 1024w, https:\/\/d2p6e6u75xmxt8.cloudfront.net\/4\/2018\/08\/02.JPG-768x512.webp 768w, https:\/\/d2p6e6u75xmxt8.cloudfront.net\/4\/2018\/08\/02.JPG-272x182.webp 272w\" sizes=\"auto, (max-width: 1200px) 100vw, 1200px\" \/><\/a>\n\t\t\t<\/div><\/figure><figure class='gallery-item'>\n\t\t\t<div class='gallery-icon landscape'>\n\t\t\t\t<a href='https:\/\/d2p6e6u75xmxt8.cloudfront.net\/4\/2018\/08\/03.JPG.webp'><img loading=\"lazy\" decoding=\"async\" width=\"1200\" height=\"800\" src=\"https:\/\/d2p6e6u75xmxt8.cloudfront.net\/4\/2018\/08\/03.JPG.webp\" class=\"attachment-full size-full\" alt=\"\" srcset=\"https:\/\/d2p6e6u75xmxt8.cloudfront.net\/4\/2018\/08\/03.JPG.webp 1200w, https:\/\/d2p6e6u75xmxt8.cloudfront.net\/4\/2018\/08\/03.JPG-300x200.webp 300w, https:\/\/d2p6e6u75xmxt8.cloudfront.net\/4\/2018\/08\/03.JPG-1024x683.webp 1024w, https:\/\/d2p6e6u75xmxt8.cloudfront.net\/4\/2018\/08\/03.JPG-768x512.webp 768w, https:\/\/d2p6e6u75xmxt8.cloudfront.net\/4\/2018\/08\/03.JPG-272x182.webp 272w\" sizes=\"auto, (max-width: 1200px) 100vw, 1200px\" \/><\/a>\n\t\t\t<\/div><\/figure><figure class='gallery-item'>\n\t\t\t<div class='gallery-icon landscape'>\n\t\t\t\t<a href='https:\/\/d2p6e6u75xmxt8.cloudfront.net\/4\/2018\/08\/04.JPG.webp'><img loading=\"lazy\" decoding=\"async\" width=\"1200\" height=\"800\" src=\"https:\/\/d2p6e6u75xmxt8.cloudfront.net\/4\/2018\/08\/04.JPG.webp\" class=\"attachment-full size-full\" alt=\"\" srcset=\"https:\/\/d2p6e6u75xmxt8.cloudfront.net\/4\/2018\/08\/04.JPG.webp 1200w, https:\/\/d2p6e6u75xmxt8.cloudfront.net\/4\/2018\/08\/04.JPG-300x200.webp 300w, https:\/\/d2p6e6u75xmxt8.cloudfront.net\/4\/2018\/08\/04.JPG-1024x683.webp 1024w, https:\/\/d2p6e6u75xmxt8.cloudfront.net\/4\/2018\/08\/04.JPG-768x512.webp 768w, https:\/\/d2p6e6u75xmxt8.cloudfront.net\/4\/2018\/08\/04.JPG-272x182.webp 272w\" sizes=\"auto, (max-width: 1200px) 100vw, 1200px\" \/><\/a>\n\t\t\t<\/div><\/figure>\n\t\t<\/div>\n        \n<p>Od skor\u00fdch rann\u00fdch hod\u00edn bolo jasn\u00e9, \u017ee pr\u00e1ve po\u010dasie bude \u201edirigentom\u201c cel\u00e9ho v\u00edkendu. Pretek\u00e1ri sa mohli zaprezentova\u0165 u\u017e aj v piatok, tak\u017ee sobotn\u00e9 r\u00e1no malo o to hlad\u0161\u00ed priebeh. Ka\u017ed\u00fd z \u00fa\u010dastn\u00edkov si prevzal bohat\u00fd bal\u00ed\u010dek a mohol sa pripravi\u0165 na <strong>\u0161tart trate<\/strong>, ktor\u00fa si vybral <strong>z piatich pon\u00fakan\u00fdch variantov<\/strong>. Nakoniec sa na \u0161tartovaciu \u010diaru postavilo celkovo 1 273 bikerov, medzi ktor\u00fdmi mali aj tentokr\u00e1t n\u00e1sobn\u00fa prevahu mu\u017ei. Preto chceme aj touto cestou vyzva\u0165 akt\u00edvne d\u00e1my, aby sa neb\u00e1li a pri\u0161li si vysk\u00fa\u0161a\u0165 niektor\u00fd z na\u0161ich marat\u00f3nov. Namotivova\u0165 ich m\u00f4\u017ee aj tento \u010dl\u00e1nok <a href=\"https:\/\/www.welovecycling.com\/sk\/2018\/07\/23\/cyklisticke-preteky-akcia-nielen-pre-muzov\/\">Cyklistick\u00e9 preteky \u2013 akcia nielen pre mu\u017eov<\/a>.<\/p>\n<div data-rows=\"1\" id='gallery-2' class='gallery-rows-1 gallery galleryid-4497 gallery-columns-3 gallery-size-full'><figure class='gallery-item'>\n\t\t\t<div class='gallery-icon landscape'>\n\t\t\t\t<a href='https:\/\/d2p6e6u75xmxt8.cloudfront.net\/4\/2018\/08\/05.JPG.webp'><img loading=\"lazy\" decoding=\"async\" width=\"1200\" height=\"800\" src=\"https:\/\/d2p6e6u75xmxt8.cloudfront.net\/4\/2018\/08\/05.JPG.webp\" class=\"attachment-full size-full\" alt=\"\" srcset=\"https:\/\/d2p6e6u75xmxt8.cloudfront.net\/4\/2018\/08\/05.JPG.webp 1200w, https:\/\/d2p6e6u75xmxt8.cloudfront.net\/4\/2018\/08\/05.JPG-300x200.webp 300w, https:\/\/d2p6e6u75xmxt8.cloudfront.net\/4\/2018\/08\/05.JPG-1024x683.webp 1024w, https:\/\/d2p6e6u75xmxt8.cloudfront.net\/4\/2018\/08\/05.JPG-768x512.webp 768w, https:\/\/d2p6e6u75xmxt8.cloudfront.net\/4\/2018\/08\/05.JPG-272x182.webp 272w\" sizes=\"auto, (max-width: 1200px) 100vw, 1200px\" \/><\/a>\n\t\t\t<\/div><\/figure><figure class='gallery-item'>\n\t\t\t<div class='gallery-icon landscape'>\n\t\t\t\t<a href='https:\/\/d2p6e6u75xmxt8.cloudfront.net\/4\/2018\/08\/06.JPG.webp'><img loading=\"lazy\" decoding=\"async\" width=\"1200\" height=\"800\" src=\"https:\/\/d2p6e6u75xmxt8.cloudfront.net\/4\/2018\/08\/06.JPG.webp\" class=\"attachment-full size-full\" alt=\"\" srcset=\"https:\/\/d2p6e6u75xmxt8.cloudfront.net\/4\/2018\/08\/06.JPG.webp 1200w, https:\/\/d2p6e6u75xmxt8.cloudfront.net\/4\/2018\/08\/06.JPG-300x200.webp 300w, https:\/\/d2p6e6u75xmxt8.cloudfront.net\/4\/2018\/08\/06.JPG-1024x683.webp 1024w, https:\/\/d2p6e6u75xmxt8.cloudfront.net\/4\/2018\/08\/06.JPG-768x512.webp 768w, https:\/\/d2p6e6u75xmxt8.cloudfront.net\/4\/2018\/08\/06.JPG-272x182.webp 272w\" sizes=\"auto, (max-width: 1200px) 100vw, 1200px\" \/><\/a>\n\t\t\t<\/div><\/figure><figure class='gallery-item'>\n\t\t\t<div class='gallery-icon landscape'>\n\t\t\t\t<a href='https:\/\/d2p6e6u75xmxt8.cloudfront.net\/4\/2018\/08\/07.JPG.webp'><img loading=\"lazy\" decoding=\"async\" width=\"1200\" height=\"800\" src=\"https:\/\/d2p6e6u75xmxt8.cloudfront.net\/4\/2018\/08\/07.JPG.webp\" class=\"attachment-full size-full\" alt=\"\" srcset=\"https:\/\/d2p6e6u75xmxt8.cloudfront.net\/4\/2018\/08\/07.JPG.webp 1200w, https:\/\/d2p6e6u75xmxt8.cloudfront.net\/4\/2018\/08\/07.JPG-300x200.webp 300w, https:\/\/d2p6e6u75xmxt8.cloudfront.net\/4\/2018\/08\/07.JPG-1024x683.webp 1024w, https:\/\/d2p6e6u75xmxt8.cloudfront.net\/4\/2018\/08\/07.JPG-768x512.webp 768w, https:\/\/d2p6e6u75xmxt8.cloudfront.net\/4\/2018\/08\/07.JPG-272x182.webp 272w\" sizes=\"auto, (max-width: 1200px) 100vw, 1200px\" \/><\/a>\n\t\t\t<\/div><\/figure>\n\t\t<\/div>\n        \n<p>Po \u00f4smych rokoch sa medzi partnerov podujatia vr\u00e1til \u0160portservis, ktor\u00fdch zachr\u00e1nil \u201ezadok\u201c nejedn\u00e9mu \u00fa\u010dastn\u00edkovi. Ve\u010f to dobre pozn\u00e1me, n\u00e1hoda je blbec a pr\u00e1ve pred \u0161tartom sa zvykne mnoh\u00fdm \u201ezadari\u0165\u201c a pr\u00e1ve o technick\u00e9 probl\u00e9my nebola ani t\u00fato sobotu n\u00fadza. Fyzick\u00fa aj psychick\u00fa odolnos\u0165 pretek\u00e1rov preverila <strong>poriadne such\u00e1 a r\u00fdchla tra\u0165<\/strong>, ale aj spom\u00ednan\u00e9 po\u010dasie, ktor\u00e9 rozhodne energiu neprid\u00e1valo. Na\u0161\u0165astie, ve\u013ek\u00e1 \u010das\u0165 jednotliv\u00fdch trat\u00ed viedla cez lesy Mal\u00fdch Karp\u00e1t, tak\u017ee sa dalo ako tak schova\u0165 pred pe\u010d\u00facim slnkom a zabojova\u0165 o \u010do najlep\u0161\u00ed v\u00fdsledok.<\/p>\n<div data-rows=\"1\" id='gallery-3' class='gallery-rows-1 gallery galleryid-4497 gallery-columns-3 gallery-size-full'><figure class='gallery-item'>\n\t\t\t<div class='gallery-icon landscape'>\n\t\t\t\t<a href='https:\/\/d2p6e6u75xmxt8.cloudfront.net\/4\/2018\/08\/08.JPG.webp'><img loading=\"lazy\" decoding=\"async\" width=\"1200\" height=\"800\" src=\"https:\/\/d2p6e6u75xmxt8.cloudfront.net\/4\/2018\/08\/08.JPG.webp\" class=\"attachment-full size-full\" alt=\"\" srcset=\"https:\/\/d2p6e6u75xmxt8.cloudfront.net\/4\/2018\/08\/08.JPG.webp 1200w, https:\/\/d2p6e6u75xmxt8.cloudfront.net\/4\/2018\/08\/08.JPG-300x200.webp 300w, https:\/\/d2p6e6u75xmxt8.cloudfront.net\/4\/2018\/08\/08.JPG-1024x683.webp 1024w, https:\/\/d2p6e6u75xmxt8.cloudfront.net\/4\/2018\/08\/08.JPG-768x512.webp 768w, https:\/\/d2p6e6u75xmxt8.cloudfront.net\/4\/2018\/08\/08.JPG-272x182.webp 272w\" sizes=\"auto, (max-width: 1200px) 100vw, 1200px\" \/><\/a>\n\t\t\t<\/div><\/figure><figure class='gallery-item'>\n\t\t\t<div class='gallery-icon landscape'>\n\t\t\t\t<a href='https:\/\/d2p6e6u75xmxt8.cloudfront.net\/4\/2018\/08\/09.JPG.webp'><img loading=\"lazy\" decoding=\"async\" width=\"1200\" height=\"800\" src=\"https:\/\/d2p6e6u75xmxt8.cloudfront.net\/4\/2018\/08\/09.JPG.webp\" class=\"attachment-full size-full\" alt=\"\" srcset=\"https:\/\/d2p6e6u75xmxt8.cloudfront.net\/4\/2018\/08\/09.JPG.webp 1200w, https:\/\/d2p6e6u75xmxt8.cloudfront.net\/4\/2018\/08\/09.JPG-300x200.webp 300w, https:\/\/d2p6e6u75xmxt8.cloudfront.net\/4\/2018\/08\/09.JPG-1024x683.webp 1024w, https:\/\/d2p6e6u75xmxt8.cloudfront.net\/4\/2018\/08\/09.JPG-768x512.webp 768w, https:\/\/d2p6e6u75xmxt8.cloudfront.net\/4\/2018\/08\/09.JPG-272x182.webp 272w\" sizes=\"auto, (max-width: 1200px) 100vw, 1200px\" \/><\/a>\n\t\t\t<\/div><\/figure><figure class='gallery-item'>\n\t\t\t<div class='gallery-icon landscape'>\n\t\t\t\t<a href='https:\/\/d2p6e6u75xmxt8.cloudfront.net\/4\/2018\/08\/10.JPG.webp'><img loading=\"lazy\" decoding=\"async\" width=\"1200\" height=\"800\" src=\"https:\/\/d2p6e6u75xmxt8.cloudfront.net\/4\/2018\/08\/10.JPG.webp\" class=\"attachment-full size-full\" alt=\"\" srcset=\"https:\/\/d2p6e6u75xmxt8.cloudfront.net\/4\/2018\/08\/10.JPG.webp 1200w, https:\/\/d2p6e6u75xmxt8.cloudfront.net\/4\/2018\/08\/10.JPG-300x200.webp 300w, https:\/\/d2p6e6u75xmxt8.cloudfront.net\/4\/2018\/08\/10.JPG-1024x683.webp 1024w, https:\/\/d2p6e6u75xmxt8.cloudfront.net\/4\/2018\/08\/10.JPG-768x512.webp 768w, https:\/\/d2p6e6u75xmxt8.cloudfront.net\/4\/2018\/08\/10.JPG-272x182.webp 272w\" sizes=\"auto, (max-width: 1200px) 100vw, 1200px\" \/><\/a>\n\t\t\t<\/div><\/figure>\n\t\t<\/div>\n        \n<lite-youtube videoid=BMV-SkZ9D6U params=\"enablejsapi=1\" style=\"background-image: url('https:\/\/i.ytimg.com\/vi_webp\/BMV-SkZ9D6U\/maxresdefault.webp');\"><\/lite-youtube>\n<p><strong>Absol\u00fatnym v\u00ed\u0165azom sa na 105-kilometrovej trati stal Martin Kostelni\u010d\u00e1k s \u010dasom 4:20:55<\/strong>. Medzi \u017eenami t\u00fato najdlh\u0161iu trasu najr\u00fdchlej\u0161ie zdolala <strong>Andrea Juh\u00e1sov\u00e1<\/strong> s \u010dasom 5:38:57. Na 76 km dlhej trati medzi mu\u017emi dominoval Andrej Kubi\u0161 a medzi \u017eenami zv\u00ed\u0165azila Janka Keseg \u0160tevkov\u00e1. Tra\u0165 s d\u013a\u017ekou 42 km najr\u00fdchlej\u0161ie zvl\u00e1dli Juraj Karas a medzi \u017eenami Bianka L\u00e1nikov\u00e1. Alex Rebro bol najr\u00fdchlej\u0161\u00ed na 25-kilometrovej trati, zo \u017eien Bianka Baba\u010dov\u00e1. 17 km na jednokolk\u00e1ch absolvovalo 5 pretek\u00e1rov, z ktor\u00fdch najlep\u0161\u00ed \u010das dosiahol Milan \u0160vider. Kompletn\u00e9 v\u00fdsledky n\u00e1jdete na <a href=\"https:\/\/sportsoft.cz\/sk\/zavod\/overview\/2610\">tomto odkaze<\/a>.<\/p>\n<div data-rows=\"1\" id='gallery-4' class='gallery-rows-1 gallery galleryid-4497 gallery-columns-3 gallery-size-full'><figure class='gallery-item'>\n\t\t\t<div class='gallery-icon landscape'>\n\t\t\t\t<a href='https:\/\/d2p6e6u75xmxt8.cloudfront.net\/4\/2018\/08\/12.JPG.webp'><img loading=\"lazy\" decoding=\"async\" width=\"1200\" height=\"800\" src=\"https:\/\/d2p6e6u75xmxt8.cloudfront.net\/4\/2018\/08\/12.JPG.webp\" class=\"attachment-full size-full\" alt=\"\" srcset=\"https:\/\/d2p6e6u75xmxt8.cloudfront.net\/4\/2018\/08\/12.JPG.webp 1200w, https:\/\/d2p6e6u75xmxt8.cloudfront.net\/4\/2018\/08\/12.JPG-300x200.webp 300w, https:\/\/d2p6e6u75xmxt8.cloudfront.net\/4\/2018\/08\/12.JPG-1024x683.webp 1024w, https:\/\/d2p6e6u75xmxt8.cloudfront.net\/4\/2018\/08\/12.JPG-768x512.webp 768w, https:\/\/d2p6e6u75xmxt8.cloudfront.net\/4\/2018\/08\/12.JPG-272x182.webp 272w\" sizes=\"auto, (max-width: 1200px) 100vw, 1200px\" \/><\/a>\n\t\t\t<\/div><\/figure><figure class='gallery-item'>\n\t\t\t<div class='gallery-icon landscape'>\n\t\t\t\t<a href='https:\/\/d2p6e6u75xmxt8.cloudfront.net\/4\/2018\/08\/13.JPG.webp'><img loading=\"lazy\" decoding=\"async\" width=\"1200\" height=\"800\" src=\"https:\/\/d2p6e6u75xmxt8.cloudfront.net\/4\/2018\/08\/13.JPG.webp\" class=\"attachment-full size-full\" alt=\"\" srcset=\"https:\/\/d2p6e6u75xmxt8.cloudfront.net\/4\/2018\/08\/13.JPG.webp 1200w, https:\/\/d2p6e6u75xmxt8.cloudfront.net\/4\/2018\/08\/13.JPG-300x200.webp 300w, https:\/\/d2p6e6u75xmxt8.cloudfront.net\/4\/2018\/08\/13.JPG-1024x683.webp 1024w, https:\/\/d2p6e6u75xmxt8.cloudfront.net\/4\/2018\/08\/13.JPG-768x512.webp 768w, https:\/\/d2p6e6u75xmxt8.cloudfront.net\/4\/2018\/08\/13.JPG-272x182.webp 272w\" sizes=\"auto, (max-width: 1200px) 100vw, 1200px\" \/><\/a>\n\t\t\t<\/div><\/figure><figure class='gallery-item'>\n\t\t\t<div class='gallery-icon landscape'>\n\t\t\t\t<a href='https:\/\/d2p6e6u75xmxt8.cloudfront.net\/4\/2018\/08\/DSC_2699.JPG.webp'><img loading=\"lazy\" decoding=\"async\" width=\"1200\" height=\"800\" src=\"https:\/\/d2p6e6u75xmxt8.cloudfront.net\/4\/2018\/08\/DSC_2699.JPG.webp\" class=\"attachment-full size-full\" alt=\"\" srcset=\"https:\/\/d2p6e6u75xmxt8.cloudfront.net\/4\/2018\/08\/DSC_2699.JPG.webp 1200w, https:\/\/d2p6e6u75xmxt8.cloudfront.net\/4\/2018\/08\/DSC_2699.JPG-300x200.webp 300w, https:\/\/d2p6e6u75xmxt8.cloudfront.net\/4\/2018\/08\/DSC_2699.JPG-1024x683.webp 1024w, https:\/\/d2p6e6u75xmxt8.cloudfront.net\/4\/2018\/08\/DSC_2699.JPG-768x512.webp 768w, https:\/\/d2p6e6u75xmxt8.cloudfront.net\/4\/2018\/08\/DSC_2699.JPG-272x182.webp 272w\" sizes=\"auto, (max-width: 1200px) 100vw, 1200px\" \/><\/a>\n\t\t\t<\/div><\/figure>\n\t\t<\/div>\n        \n<h2><strong>Rodinn\u00e1 atmosf\u00e9ra<\/strong><\/h2>\n<p>Odmenou po dojazde do cie\u013ea bolo pre v\u0161etk\u00fdch u\u017e tradi\u010dne <strong>bohat\u00e9 z\u00e1zemie<\/strong>. V\u010faka um\u00fdvac\u00edm boxom si pretek\u00e1ri mohli da\u0165 r\u00fdchlo do poriadku svoje stroje, ktor\u00e9 n\u00e1sledne odlo\u017eili do str\u00e1\u017eenej \u00faschovne. \u010cakala na nich pr\u00edjemn\u00e1 sprcha a u\u017e len relax, v podobe dobr\u00e9ho jedla, tulivakov vo We Love Cycling z\u00f3ne, st\u00e1nkov \u010di poh\u013eadu na radostne sa bl\u00e1zniace deti. Tie mali k dispoz\u00edcii ob\u013e\u00faben\u00fd sk\u00e1kac\u00ed hrad so \u0161myk\u013eavkou, kreslenie a stavebnice, \u010di mo\u017enos\u0165 necha\u0165 si poma\u013eova\u0165 tv\u00e1ri\u010dku ob\u013e\u00faben\u00fdm mot\u00edvom. Atmosf\u00e9ru vyladila \u017eiv\u00e1 hudba a bohat\u00e1 tombola, ako \u010dere\u0161ni\u010dka na z\u00e1ver. Tentokr\u00e1t sa <strong>pokra\u010dovalo aj v nede\u013eu<\/strong>, kedy boli na programe <strong>Junior Trophy a Z\u00e1horsk\u00e1 Bystrica Run<\/strong>, tak\u017ee to bol \u0161portov\u00fd v\u00edkend ako sa patr\u00ed.<\/p>\n<p><strong>V\u0161etky cyklorodinky maj\u00fa e\u0161te st\u00e1le mo\u017enos\u0165 zapoji\u0165 sa do na\u0161ej s\u00fa\u0165a\u017ee o cyklistick\u00fa v\u00fdbavu pre cel\u00fa rodinu v hodnote 5000 \u20ac. Tak nev\u00e1hajte sadn\u00fa\u0165 na bike a spravi\u0165 si pekn\u00fa fotku!<\/strong><\/p>\n<div class=\"shortcode-ys-post-pinup\"><article class=\"loop-simple post-4405 post type-post status-publish format-standard has-post-thumbnail hentry category-cestna-cyklisitika category-deti-na-bicykloch category-mtb category-sbot category-zabava tag-cyklorodinka tag-rodina tag-rodinny-maraton tag-sbot tag-sutaz tag-vylet\" data-postid=\"4405\" role=\"article\" data-post-id=\"4405\" data-word-count=\"99\" data-headline-length=\"32\" data-category=\"Z\u00e1bava\" data-author=\"We Love Cycling\" data-published=\"2018-07-27T13:02:17+02:00\" data-published-day=\"Friday\">\n    <div class=\"entry-thumbnail article-thumbnail\" content=\"https:\/\/d2p6e6u75xmxt8.cloudfront.net\/4\/2018\/07\/1375x600_cyklorodinka-150x150.webp\"><a href=\"https:\/\/www.welovecycling.com\/sk\/2018\/07\/27\/sutaz-hladame-cyklorodinku\/\" class=\"image-holder\" target=\"_self\"><img decoding=\"async\" loading=\"lazy\" class=\"\" src=\"https:\/\/d2p6e6u75xmxt8.cloudfront.net\/4\/2018\/07\/1375x600_cyklorodinka-1024x447.webp\" srcset=\"https:\/\/d2p6e6u75xmxt8.cloudfront.net\/4\/2018\/07\/1375x600_cyklorodinka.webp 1375w, https:\/\/d2p6e6u75xmxt8.cloudfront.net\/4\/2018\/07\/1375x600_cyklorodinka-300x131.webp 300w, https:\/\/d2p6e6u75xmxt8.cloudfront.net\/4\/2018\/07\/1375x600_cyklorodinka-1024x447.webp 1024w, https:\/\/d2p6e6u75xmxt8.cloudfront.net\/4\/2018\/07\/1375x600_cyklorodinka-768x335.webp 768w\" width=\"1024\" height=\"447\" sizes=\"auto, (min-width: 1200px) 458px, (min-width: 768px) 38vw, 100vw\" alt=\"sutaz-hladame-cyklorodinku\"\/><\/a><\/div>    <div class=\"entry-meta\">\n        <a class=\"label label-secondary post-category\" href=\"https:\/\/www.welovecycling.com\/sk\/category\/zabava\/\" title=\"Z\u00e1bava\">Z\u00e1bava<\/a>\n    <\/div>\n    <div class=\"entry-details\">\n        <a href=\"https:\/\/www.welovecycling.com\/sk\/2018\/07\/27\/sutaz-hladame-cyklorodinku\/\" class='entry-title-wrapper'>\n            <h3 class=\"entry-title\"><span>S\u00da\u0164A\u017d! H\u013ead\u00e1me cyklorodinku<\/span><\/h3>\n        <\/a>\n    <\/div>\n    <\/article>\n<\/div>\n<div data-rows=\"1\" id='gallery-5' class='gallery-rows-1 gallery galleryid-4405 gallery-columns-3 gallery-size-full'><figure class='gallery-item'>\n\t\t\t<div class='gallery-icon landscape'>\n\t\t\t\t<a href='https:\/\/d2p6e6u75xmxt8.cloudfront.net\/4\/2018\/08\/IMG_0469.webp'><img loading=\"lazy\" decoding=\"async\" width=\"1200\" height=\"800\" src=\"https:\/\/d2p6e6u75xmxt8.cloudfront.net\/4\/2018\/08\/IMG_0469.webp\" class=\"attachment-full size-full\" alt=\"\" srcset=\"https:\/\/d2p6e6u75xmxt8.cloudfront.net\/4\/2018\/08\/IMG_0469.webp 1200w, https:\/\/d2p6e6u75xmxt8.cloudfront.net\/4\/2018\/08\/IMG_0469-300x200.webp 300w, https:\/\/d2p6e6u75xmxt8.cloudfront.net\/4\/2018\/08\/IMG_0469-1024x683.webp 1024w, https:\/\/d2p6e6u75xmxt8.cloudfront.net\/4\/2018\/08\/IMG_0469-768x512.webp 768w, https:\/\/d2p6e6u75xmxt8.cloudfront.net\/4\/2018\/08\/IMG_0469-272x182.webp 272w\" sizes=\"auto, (max-width: 1200px) 100vw, 1200px\" \/><\/a>\n\t\t\t<\/div><\/figure><figure class='gallery-item'>\n\t\t\t<div class='gallery-icon landscape'>\n\t\t\t\t<a href='https:\/\/d2p6e6u75xmxt8.cloudfront.net\/4\/2018\/08\/IMG_9965.webp'><img loading=\"lazy\" decoding=\"async\" width=\"1200\" height=\"800\" src=\"https:\/\/d2p6e6u75xmxt8.cloudfront.net\/4\/2018\/08\/IMG_9965.webp\" class=\"attachment-full size-full\" alt=\"\" srcset=\"https:\/\/d2p6e6u75xmxt8.cloudfront.net\/4\/2018\/08\/IMG_9965.webp 1200w, https:\/\/d2p6e6u75xmxt8.cloudfront.net\/4\/2018\/08\/IMG_9965-300x200.webp 300w, https:\/\/d2p6e6u75xmxt8.cloudfront.net\/4\/2018\/08\/IMG_9965-1024x683.webp 1024w, https:\/\/d2p6e6u75xmxt8.cloudfront.net\/4\/2018\/08\/IMG_9965-768x512.webp 768w, https:\/\/d2p6e6u75xmxt8.cloudfront.net\/4\/2018\/08\/IMG_9965-272x182.webp 272w\" sizes=\"auto, (max-width: 1200px) 100vw, 1200px\" \/><\/a>\n\t\t\t<\/div><\/figure><figure class='gallery-item'>\n\t\t\t<div class='gallery-icon landscape'>\n\t\t\t\t<a href='https:\/\/d2p6e6u75xmxt8.cloudfront.net\/4\/2018\/08\/IMG_089811.webp'><img loading=\"lazy\" decoding=\"async\" width=\"1200\" height=\"800\" src=\"https:\/\/d2p6e6u75xmxt8.cloudfront.net\/4\/2018\/08\/IMG_089811.webp\" class=\"attachment-full size-full\" alt=\"\" srcset=\"https:\/\/d2p6e6u75xmxt8.cloudfront.net\/4\/2018\/08\/IMG_089811.webp 1200w, https:\/\/d2p6e6u75xmxt8.cloudfront.net\/4\/2018\/08\/IMG_089811-300x200.webp 300w, https:\/\/d2p6e6u75xmxt8.cloudfront.net\/4\/2018\/08\/IMG_089811-1024x683.webp 1024w, https:\/\/d2p6e6u75xmxt8.cloudfront.net\/4\/2018\/08\/IMG_089811-768x512.webp 768w, https:\/\/d2p6e6u75xmxt8.cloudfront.net\/4\/2018\/08\/IMG_089811-272x182.webp 272w\" sizes=\"auto, (max-width: 1200px) 100vw, 1200px\" \/><\/a>\n\t\t\t<\/div><\/figure>\n\t\t<\/div>\n        \n<h2><strong>U\u017e \u010doskoro pod Kr\u00e1\u013eovou Ho\u013eou<\/strong><\/h2>\n<p>Na\u0161a s\u00e9ria \u0160koda BIKE OPEN TOUR sa u\u017e o p\u00e1r dn\u00ed premiestni do kr\u00e1sneho podtatransk\u00e9ho prostredia, kde sa v sobotu <strong>11. augusta uskuto\u010dn\u00ed \u0160koda Horal MTB marat\u00f3n<\/strong>. Tak\u017ee sta\u010d\u00ed nalo\u017ei\u0165 svoju \u201efam\u00edliu\u201c do auta a pr\u00eds\u0165 osl\u00e1vi\u0165 \u010fal\u0161\u00ed cyklistick\u00fd sviatok do Svitu.<\/p>\n","protected":false},"excerpt":{"rendered":"<p>\u0160tvrt\u00e1 zast\u00e1vka na\u0161ej s\u00e9rie \u0160koda BIKE OPEN TOUR sa konala u\u017e tradi\u010dne v Stupave, kde sa zi\u0161lo op\u00e4\u0165 mno\u017estvo milovn\u00edkov [&hellip;]<\/p>\n","protected":false},"author":38,"featured_media":4496,"comment_status":"open","ping_status":"open","sticky":false,"template":"","format":"video","meta":{"footnotes":""},"categories":[3,38,33],"tags":[450,180,178,179,35,77,468,182,92,181],"global-categories":[],"class_list":["post-4449","post","type-post","status-publish","format-video","has-post-thumbnail","hentry","category-mtb","category-reportaz","category-sbot","tag-cyklo-guru","tag-horska-cyklistika","tag-maraton","tag-preteky","tag-sbot","tag-skoda-dedina","tag-skoda-karoq","tag-skoda-stupava-trophy","tag-skoda-tim","tag-stupava","post_format-post-format-video"],"yoast_head":"<!-- This site is optimized with the Yoast SEO Premium plugin v25.3 (Yoast SEO v25.9) - https:\/\/yoast.com\/wordpress\/plugins\/seo\/ -->\n<title>Report\u00e1\u017e: \u0160koda STUPAVA TROPHY \u2013 pekelne hor\u00faci v\u00edkend - \u0160koda We Love Cycling Slovensko<\/title>\n<meta name=\"robots\" content=\"index, follow, max-snippet:-1, max-image-preview:large, max-video-preview:-1\" \/>\n<link rel=\"canonical\" href=\"https:\/\/www.welovecycling.com\/sk\/2018\/08\/02\/reportaz-skoda-stupava-trophy-pekelne-horuci-vikend\/\" \/>\n<meta property=\"og:locale\" content=\"sk_SK\" \/>\n<meta property=\"og:type\" content=\"article\" \/>\n<meta property=\"og:title\" content=\"Report\u00e1\u017e: \u0160koda STUPAVA TROPHY \u2013 pekelne hor\u00faci v\u00edkend\" \/>\n<meta property=\"og:description\" content=\"\u0160tvrt\u00e1 zast\u00e1vka na\u0161ej s\u00e9rie \u0160koda BIKE OPEN TOUR sa konala u\u017e tradi\u010dne v Stupave, kde sa zi\u0161lo op\u00e4\u0165 mno\u017estvo milovn\u00edkov [&hellip;]\" \/>\n<meta property=\"og:url\" content=\"https:\/\/www.welovecycling.com\/sk\/2018\/08\/02\/reportaz-skoda-stupava-trophy-pekelne-horuci-vikend\/\" \/>\n<meta property=\"og:site_name\" content=\"\u0160koda We Love Cycling Slovensko\" \/>\n<meta property=\"article:published_time\" content=\"2018-08-02T11:46:58+00:00\" \/>\n<meta property=\"article:modified_time\" content=\"2018-08-07T15:15:41+00:00\" \/>\n<meta property=\"og:image\" content=\"https:\/\/d2p6e6u75xmxt8.cloudfront.net\/4\/2018\/08\/DSC_2361.JPG.webp\" \/>\n\t<meta property=\"og:image:width\" content=\"1380\" \/>\n\t<meta property=\"og:image:height\" content=\"600\" \/>\n\t<meta property=\"og:image:type\" content=\"image\/webp\" \/>\n<meta name=\"author\" content=\"Ondrej Ga\u0161par\" \/>\n<meta name=\"twitter:card\" content=\"summary_large_image\" \/>\n<meta name=\"twitter:label1\" content=\"Written by\" \/>\n\t<meta name=\"twitter:data1\" content=\"We Love Cycling\" \/>\n\t<meta name=\"twitter:label2\" content=\"Est. reading time\" \/>\n\t<meta name=\"twitter:data2\" content=\"1\" \/>\n<script type=\"application\/ld+json\" class=\"yoast-schema-graph\">{\"@context\":\"https:\/\/schema.org\",\"@graph\":[{\"@type\":\"WebPage\",\"@id\":\"https:\/\/www.welovecycling.com\/sk\/2018\/08\/02\/reportaz-skoda-stupava-trophy-pekelne-horuci-vikend\/\",\"url\":\"https:\/\/www.welovecycling.com\/sk\/2018\/08\/02\/reportaz-skoda-stupava-trophy-pekelne-horuci-vikend\/\",\"name\":\"Report\u00e1\u017e: \u0160koda STUPAVA TROPHY \u2013 pekelne hor\u00faci v\u00edkend - \u0160koda We Love Cycling Slovensko\",\"isPartOf\":{\"@id\":\"https:\/\/www.welovecycling.com\/sk\/#website\"},\"primaryImageOfPage\":{\"@id\":\"https:\/\/www.welovecycling.com\/sk\/2018\/08\/02\/reportaz-skoda-stupava-trophy-pekelne-horuci-vikend\/#primaryimage\"},\"image\":{\"@id\":\"https:\/\/www.welovecycling.com\/sk\/2018\/08\/02\/reportaz-skoda-stupava-trophy-pekelne-horuci-vikend\/#primaryimage\"},\"thumbnailUrl\":\"https:\/\/d2p6e6u75xmxt8.cloudfront.net\/4\/2018\/08\/DSC_2361.JPG.webp\",\"datePublished\":\"2018-08-02T11:46:58+00:00\",\"dateModified\":\"2018-08-07T15:15:41+00:00\",\"author\":{\"@id\":\"https:\/\/www.welovecycling.com\/sk\/#\/schema\/person\/8ee09ba39b7e25b1870160aa5b3a89bc\"},\"breadcrumb\":{\"@id\":\"https:\/\/www.welovecycling.com\/sk\/2018\/08\/02\/reportaz-skoda-stupava-trophy-pekelne-horuci-vikend\/#breadcrumb\"},\"inLanguage\":\"sk-SK\",\"potentialAction\":[{\"@type\":\"ReadAction\",\"target\":[\"https:\/\/www.welovecycling.com\/sk\/2018\/08\/02\/reportaz-skoda-stupava-trophy-pekelne-horuci-vikend\/\"]}]},{\"@type\":\"ImageObject\",\"inLanguage\":\"sk-SK\",\"@id\":\"https:\/\/www.welovecycling.com\/sk\/2018\/08\/02\/reportaz-skoda-stupava-trophy-pekelne-horuci-vikend\/#primaryimage\",\"url\":\"https:\/\/d2p6e6u75xmxt8.cloudfront.net\/4\/2018\/08\/DSC_2361.JPG.webp\",\"contentUrl\":\"https:\/\/d2p6e6u75xmxt8.cloudfront.net\/4\/2018\/08\/DSC_2361.JPG.webp\",\"width\":1380,\"height\":600},{\"@type\":\"BreadcrumbList\",\"@id\":\"https:\/\/www.welovecycling.com\/sk\/2018\/08\/02\/reportaz-skoda-stupava-trophy-pekelne-horuci-vikend\/#breadcrumb\",\"itemListElement\":[{\"@type\":\"ListItem\",\"position\":1,\"name\":\"Home\",\"item\":\"https:\/\/www.welovecycling.com\/sk\/\"},{\"@type\":\"ListItem\",\"position\":2,\"name\":\"Report\u00e1\u017e: \u0160koda STUPAVA TROPHY \u2013 pekelne hor\u00faci v\u00edkend\"}]},{\"@type\":\"WebSite\",\"@id\":\"https:\/\/www.welovecycling.com\/sk\/#website\",\"url\":\"https:\/\/www.welovecycling.com\/sk\/\",\"name\":\"\u0160koda We Love Cycling Slovensko\",\"description\":\"\u0160koda We Love Cycling Slovensko je v\u00e1\u0161 ka\u017edodenn\u00fd zdroj noviniek a in\u0161pir\u00e1cie z sveta cyklistiky\",\"potentialAction\":[{\"@type\":\"SearchAction\",\"target\":{\"@type\":\"EntryPoint\",\"urlTemplate\":\"https:\/\/www.welovecycling.com\/sk\/?s={search_term_string}\"},\"query-input\":{\"@type\":\"PropertyValueSpecification\",\"valueRequired\":true,\"valueName\":\"search_term_string\"}}],\"inLanguage\":\"sk-SK\"},{\"@type\":\"Person\",\"@id\":\"https:\/\/www.welovecycling.com\/sk\/#\/schema\/person\/8ee09ba39b7e25b1870160aa5b3a89bc\",\"name\":\"Ondrej Ga\u0161par\",\"image\":{\"@type\":\"ImageObject\",\"inLanguage\":\"sk-SK\",\"@id\":\"https:\/\/www.welovecycling.com\/sk\/#\/schema\/person\/image\/\",\"url\":\"https:\/\/secure.gravatar.com\/avatar\/6126c9afb87b70da5abbb083ddbb21933da15f18f8ca7cb822aba0fb096a48f6?s=96&d=mm&r=g\",\"contentUrl\":\"https:\/\/secure.gravatar.com\/avatar\/6126c9afb87b70da5abbb083ddbb21933da15f18f8ca7cb822aba0fb096a48f6?s=96&d=mm&r=g\",\"caption\":\"Ondrej Ga\u0161par\"},\"url\":\"https:\/\/www.welovecycling.com\/sk\/author\/ondrejgaspar\/\"}]}<\/script>\n<!-- \/ Yoast SEO Premium plugin. -->","yoast_head_json":{"title":"Report\u00e1\u017e: \u0160koda STUPAVA TROPHY \u2013 pekelne hor\u00faci v\u00edkend - \u0160koda We Love Cycling Slovensko","robots":{"index":"index","follow":"follow","max-snippet":"max-snippet:-1","max-image-preview":"max-image-preview:large","max-video-preview":"max-video-preview:-1"},"canonical":"https:\/\/www.welovecycling.com\/sk\/2018\/08\/02\/reportaz-skoda-stupava-trophy-pekelne-horuci-vikend\/","og_locale":"sk_SK","og_type":"article","og_title":"Report\u00e1\u017e: \u0160koda STUPAVA TROPHY \u2013 pekelne hor\u00faci v\u00edkend","og_description":"\u0160tvrt\u00e1 zast\u00e1vka na\u0161ej s\u00e9rie \u0160koda BIKE OPEN TOUR sa konala u\u017e tradi\u010dne v Stupave, kde sa zi\u0161lo op\u00e4\u0165 mno\u017estvo milovn\u00edkov [&hellip;]","og_url":"https:\/\/www.welovecycling.com\/sk\/2018\/08\/02\/reportaz-skoda-stupava-trophy-pekelne-horuci-vikend\/","og_site_name":"\u0160koda We Love Cycling Slovensko","article_published_time":"2018-08-02T11:46:58+00:00","article_modified_time":"2018-08-07T15:15:41+00:00","og_image":[{"width":1380,"height":600,"url":"https:\/\/d2p6e6u75xmxt8.cloudfront.net\/4\/2018\/08\/DSC_2361.JPG.webp","type":"image\/webp"}],"author":"Ondrej Ga\u0161par","twitter_card":"summary_large_image","twitter_misc":{"Written by":"We Love Cycling","Est. reading time":"1"},"schema":{"@context":"https:\/\/schema.org","@graph":[{"@type":"WebPage","@id":"https:\/\/www.welovecycling.com\/sk\/2018\/08\/02\/reportaz-skoda-stupava-trophy-pekelne-horuci-vikend\/","url":"https:\/\/www.welovecycling.com\/sk\/2018\/08\/02\/reportaz-skoda-stupava-trophy-pekelne-horuci-vikend\/","name":"Report\u00e1\u017e: \u0160koda STUPAVA TROPHY \u2013 pekelne hor\u00faci v\u00edkend - \u0160koda We Love Cycling Slovensko","isPartOf":{"@id":"https:\/\/www.welovecycling.com\/sk\/#website"},"primaryImageOfPage":{"@id":"https:\/\/www.welovecycling.com\/sk\/2018\/08\/02\/reportaz-skoda-stupava-trophy-pekelne-horuci-vikend\/#primaryimage"},"image":{"@id":"https:\/\/www.welovecycling.com\/sk\/2018\/08\/02\/reportaz-skoda-stupava-trophy-pekelne-horuci-vikend\/#primaryimage"},"thumbnailUrl":"https:\/\/d2p6e6u75xmxt8.cloudfront.net\/4\/2018\/08\/DSC_2361.JPG.webp","datePublished":"2018-08-02T11:46:58+00:00","dateModified":"2018-08-07T15:15:41+00:00","author":{"@id":"https:\/\/www.welovecycling.com\/sk\/#\/schema\/person\/8ee09ba39b7e25b1870160aa5b3a89bc"},"breadcrumb":{"@id":"https:\/\/www.welovecycling.com\/sk\/2018\/08\/02\/reportaz-skoda-stupava-trophy-pekelne-horuci-vikend\/#breadcrumb"},"inLanguage":"sk-SK","potentialAction":[{"@type":"ReadAction","target":["https:\/\/www.welovecycling.com\/sk\/2018\/08\/02\/reportaz-skoda-stupava-trophy-pekelne-horuci-vikend\/"]}]},{"@type":"ImageObject","inLanguage":"sk-SK","@id":"https:\/\/www.welovecycling.com\/sk\/2018\/08\/02\/reportaz-skoda-stupava-trophy-pekelne-horuci-vikend\/#primaryimage","url":"https:\/\/d2p6e6u75xmxt8.cloudfront.net\/4\/2018\/08\/DSC_2361.JPG.webp","contentUrl":"https:\/\/d2p6e6u75xmxt8.cloudfront.net\/4\/2018\/08\/DSC_2361.JPG.webp","width":1380,"height":600},{"@type":"BreadcrumbList","@id":"https:\/\/www.welovecycling.com\/sk\/2018\/08\/02\/reportaz-skoda-stupava-trophy-pekelne-horuci-vikend\/#breadcrumb","itemListElement":[{"@type":"ListItem","position":1,"name":"Home","item":"https:\/\/www.welovecycling.com\/sk\/"},{"@type":"ListItem","position":2,"name":"Report\u00e1\u017e: \u0160koda STUPAVA TROPHY \u2013 pekelne hor\u00faci v\u00edkend"}]},{"@type":"WebSite","@id":"https:\/\/www.welovecycling.com\/sk\/#website","url":"https:\/\/www.welovecycling.com\/sk\/","name":"\u0160koda We Love Cycling Slovensko","description":"\u0160koda We Love Cycling Slovensko je v\u00e1\u0161 ka\u017edodenn\u00fd zdroj noviniek a in\u0161pir\u00e1cie z sveta cyklistiky","potentialAction":[{"@type":"SearchAction","target":{"@type":"EntryPoint","urlTemplate":"https:\/\/www.welovecycling.com\/sk\/?s={search_term_string}"},"query-input":{"@type":"PropertyValueSpecification","valueRequired":true,"valueName":"search_term_string"}}],"inLanguage":"sk-SK"},{"@type":"Person","@id":"https:\/\/www.welovecycling.com\/sk\/#\/schema\/person\/8ee09ba39b7e25b1870160aa5b3a89bc","name":"Ondrej Ga\u0161par","image":{"@type":"ImageObject","inLanguage":"sk-SK","@id":"https:\/\/www.welovecycling.com\/sk\/#\/schema\/person\/image\/","url":"https:\/\/secure.gravatar.com\/avatar\/6126c9afb87b70da5abbb083ddbb21933da15f18f8ca7cb822aba0fb096a48f6?s=96&d=mm&r=g","contentUrl":"https:\/\/secure.gravatar.com\/avatar\/6126c9afb87b70da5abbb083ddbb21933da15f18f8ca7cb822aba0fb096a48f6?s=96&d=mm&r=g","caption":"Ondrej Ga\u0161par"},"url":"https:\/\/www.welovecycling.com\/sk\/author\/ondrejgaspar\/"}]}},"_links":{"self":[{"href":"https:\/\/www.welovecycling.com\/sk\/wp-json\/wp\/v2\/posts\/4449","targetHints":{"allow":["GET"]}}],"collection":[{"href":"https:\/\/www.welovecycling.com\/sk\/wp-json\/wp\/v2\/posts"}],"about":[{"href":"https:\/\/www.welovecycling.com\/sk\/wp-json\/wp\/v2\/types\/post"}],"author":[{"embeddable":true,"href":"https:\/\/www.welovecycling.com\/sk\/wp-json\/wp\/v2\/users\/38"}],"replies":[{"embeddable":true,"href":"https:\/\/www.welovecycling.com\/sk\/wp-json\/wp\/v2\/comments?post=4449"}],"version-history":[{"count":2,"href":"https:\/\/www.welovecycling.com\/sk\/wp-json\/wp\/v2\/posts\/4449\/revisions"}],"predecessor-version":[{"id":4576,"href":"https:\/\/www.welovecycling.com\/sk\/wp-json\/wp\/v2\/posts\/4449\/revisions\/4576"}],"wp:featuredmedia":[{"embeddable":true,"href":"https:\/\/www.welovecycling.com\/sk\/wp-json\/wp\/v2\/media\/4496"}],"wp:attachment":[{"href":"https:\/\/www.welovecycling.com\/sk\/wp-json\/wp\/v2\/media?parent=4449"}],"wp:term":[{"taxonomy":"category","embeddable":true,"href":"https:\/\/www.welovecycling.com\/sk\/wp-json\/wp\/v2\/categories?post=4449"},{"taxonomy":"post_tag","embeddable":true,"href":"https:\/\/www.welovecycling.com\/sk\/wp-json\/wp\/v2\/tags?post=4449"},{"taxonomy":"global-categories","embeddable":true,"href":"https:\/\/www.welovecycling.com\/sk\/wp-json\/wp\/v2\/global-categories?post=4449"}],"curies":[{"name":"wp","href":"https:\/\/api.w.org\/{rel}","templated":true}]}}