{"id":4437,"date":"2018-07-29T20:17:39","date_gmt":"2018-07-29T18:17:39","guid":{"rendered":"https:\/\/www.welovecycling.com\/sk\/?p=4437"},"modified":"2018-07-31T14:26:53","modified_gmt":"2018-07-31T12:26:53","slug":"posledny-den-na-tour-de-france","status":"publish","type":"post","link":"https:\/\/www.welovecycling.com\/sk\/2018\/07\/29\/posledny-den-na-tour-de-france\/","title":{"rendered":"Posledn\u00e1 jazda tohtoro\u010dnej Tour"},"content":{"rendered":"<p><strong>21. Presne to\u013eko et\u00e1p zvl\u00e1dli jazdci tohtoro\u010dnej Tour. Posledn\u00e1, priam kr\u00e1\u013eovsk\u00e1, jazdiaca sa po\u010das ka\u017ed\u00e9ho ro\u010dn\u00edka ako fin\u00e1lna, ani tento rok nenechala div\u00e1kov chladn\u00fdch.<\/strong><!--more--><\/p>\n<p>Nebolo to len kv\u00f4li letn\u00fdm teplot\u00e1m, ale aj v\u010faka dianiu na trati. Monument\u00e1lny <strong>V\u00ed\u0165azn\u00fd obl\u00fak<\/strong>, postaven\u00fd na pokyn Napoleona Bonaparteho po v\u00ed\u0165azstve pri Slavkove, jazdci <strong>obkr\u00fa\u017eili presne 8-kr\u00e1t<\/strong>. Okolit\u00e9 Elyzejsk\u00e9 polia s\u00fa bohato dl\u00e1\u017eden\u00e9 \u201ema\u010dac\u00edmi hlavami\u201c, ktor\u00e9 neraz sp\u00f4sobili probl\u00e9my, ako napr\u00edklad ned\u00e1vno pri odchode Jensa Voighta, ktor\u00fd po p\u00e1de na \u0148om neskr\u00fdval sklamanie.<\/p>\n<p><a href=\"https:\/\/d2p6e6u75xmxt8.cloudfront.net\/4\/2018\/07\/01-9.jpg\"><img loading=\"lazy\" decoding=\"async\" class=\"alignnone size-full wp-image-4440\" src=\"https:\/\/d2p6e6u75xmxt8.cloudfront.net\/4\/2018\/07\/01-9.jpg\" alt=\"\" width=\"1200\" height=\"800\" \/><\/a><\/p>\n<p>\u00davod sa niesol vo v\u00fdletnickom tempe, charakteristickom pr\u00e1ve pre t\u00fato etapu. \u010cas\u0165 ved\u00faca do stredu Par\u00ed\u017ea, na za\u010diatok spom\u00ednan\u00fdch okruhov, sl\u00fa\u017ei pov\u00e4\u010d\u0161ine ako div\u00e1cky zauj\u00edmav\u00e1 prehliadka jazdcov. Thomas (Sky) spolu s\u00a0Froomom (Sky) na oslavu prv\u00e9ho walesk\u00e9ho v\u00ed\u0165aza spolo\u010dne prech\u00e1dzali so zdvihnutou vlajkou Walesu. Rovnako symbolicky vch\u00e1dzal na okruh ako prv\u00fd <strong>Chavanel<\/strong> (Team Direct Energie), franc\u00fazsky fenom\u00e9n, tento rok kon\u010diaci svoju kari\u00e9ru, obohaten\u00fa o\u00a018 \u0161tartov na Tour.<\/p>\n<p>Na \u010dele pelot\u00f3nu dominovali t\u00edmy BORA-hansgrohe a\u00a0FDJ, maj\u00fac najv\u00e4\u010d\u0161ie \u0161ance v\u00a0\u0161print\u00e9rskom z\u00e1vere. Samozrejme, nesmel ch\u00fdba\u0165 ani \u00fanik, ktor\u00fd sa staral o\u00a0ud\u00e1vanie tempa, i\u00a0ke\u010f jeho n\u00e1skok nevyst\u00fapil nad necel\u00fa min\u00fatu. Na necel\u00fdch 3 kilometroch pred koncom sa uvo\u013enil Oss (BORA-hansgrohe) a\u00a0<strong>Lampaert<\/strong> (Quick-Step). Nie\u010do cez kilometer do cie\u013ea si v\u0161ak druh\u00fd spom\u00ednan\u00fd vytvoril <strong>ve\u013emi sol\u00eddny n\u00e1skok necel\u00fdch 10 sek\u00fand<\/strong>. 500 metrov do cie\u013ea ho predbehla skupinka s\u00a0Kristoffom (UAE) a\u00a0Demarom (FDJ).<\/p>\n<div data-rows=\"1\" id='gallery-1' class='gallery-rows-1 gallery galleryid-4437 gallery-columns-2 gallery-size-full'><figure class='gallery-item'>\n\t\t\t<div class='gallery-icon landscape'>\n\t\t\t\t<a href='https:\/\/d2p6e6u75xmxt8.cloudfront.net\/4\/2018\/07\/1.webp'><img loading=\"lazy\" decoding=\"async\" width=\"1200\" height=\"800\" src=\"https:\/\/d2p6e6u75xmxt8.cloudfront.net\/4\/2018\/07\/1.webp\" class=\"attachment-full size-full\" alt=\"\" srcset=\"https:\/\/d2p6e6u75xmxt8.cloudfront.net\/4\/2018\/07\/1.webp 1200w, https:\/\/d2p6e6u75xmxt8.cloudfront.net\/4\/2018\/07\/1-300x200.webp 300w, https:\/\/d2p6e6u75xmxt8.cloudfront.net\/4\/2018\/07\/1-1024x683.webp 1024w, https:\/\/d2p6e6u75xmxt8.cloudfront.net\/4\/2018\/07\/1-768x512.webp 768w, https:\/\/d2p6e6u75xmxt8.cloudfront.net\/4\/2018\/07\/1-272x182.webp 272w\" sizes=\"auto, (max-width: 1200px) 100vw, 1200px\" \/><\/a>\n\t\t\t<\/div><\/figure><figure class='gallery-item'>\n\t\t\t<div class='gallery-icon landscape'>\n\t\t\t\t<a href='https:\/\/d2p6e6u75xmxt8.cloudfront.net\/4\/2018\/07\/2.webp'><img loading=\"lazy\" decoding=\"async\" width=\"1200\" height=\"800\" src=\"https:\/\/d2p6e6u75xmxt8.cloudfront.net\/4\/2018\/07\/2.webp\" class=\"attachment-full size-full\" alt=\"\" srcset=\"https:\/\/d2p6e6u75xmxt8.cloudfront.net\/4\/2018\/07\/2.webp 1200w, https:\/\/d2p6e6u75xmxt8.cloudfront.net\/4\/2018\/07\/2-300x200.webp 300w, https:\/\/d2p6e6u75xmxt8.cloudfront.net\/4\/2018\/07\/2-1024x683.webp 1024w, https:\/\/d2p6e6u75xmxt8.cloudfront.net\/4\/2018\/07\/2-768x512.webp 768w, https:\/\/d2p6e6u75xmxt8.cloudfront.net\/4\/2018\/07\/2-272x182.webp 272w\" sizes=\"auto, (max-width: 1200px) 100vw, 1200px\" \/><\/a>\n\t\t\t<\/div><\/figure>\n\t\t<\/div>\n        \n<p>V\u00a0tesnom z\u00e1vere 44. dojazdu na Avenue des Champs-\u00c9lys\u00e9es <strong>zv\u00ed\u0165azil Kristoff (UAE)<\/strong>. Aj ke\u010f <strong>Sagan<\/strong> nepoc\u00edtil rados\u0165 v\u00a0podobe v\u00ed\u0165azstva, <strong>odn\u00e1\u0161a si zelen\u00fd dres s\u00a0rekordn\u00fdm po\u010dtom 477 bodov<\/strong>.<\/p>\n<lite-youtube videoid=5ulXYgbbs24 params=\"enablejsapi=1\" style=\"background-image: url('https:\/\/i.ytimg.com\/vi_webp\/5ulXYgbbs24\/maxresdefault.webp');\"><\/lite-youtube>\n<p>Kr\u00e1sny koniec Tour len pod\u010diarkol jej jedine\u010dn\u00fd priebeh po\u010das cel\u00fdch troch t\u00fd\u017ed\u0148ov. U\u017e teraz sa te\u0161\u00edme na nasleduj\u00face, 106. vydanie Tour de France!<\/p>\n<p>(Zdroj foto: ASO\/Alex Broadway, letour.fr)<\/p>\n","protected":false},"excerpt":{"rendered":"<p>21. Presne to\u013eko et\u00e1p zvl\u00e1dli jazdci tohtoro\u010dnej Tour. Posledn\u00e1, priam kr\u00e1\u013eovsk\u00e1, jazdiaca sa po\u010das ka\u017ed\u00e9ho ro\u010dn\u00edka ako fin\u00e1lna, ani tento [&hellip;]<\/p>\n","protected":false},"author":38,"featured_media":4439,"comment_status":"open","ping_status":"open","sticky":false,"template":"","format":"standard","meta":{"footnotes":""},"categories":[4,63,117],"tags":[155,160,115,119,306,149,116,46,270,307,20,308,156],"global-categories":[],"class_list":["post-4437","post","type-post","status-publish","format-standard","has-post-thumbnail","hentry","category-cestna-cyklisitika","category-grand-tour","category-tour-de-france","tag-alexander-kristoff","tag-bora-hansgrohe","tag-cestna-cyklistika","tag-chris-froome","tag-francuzsko","tag-geraint-thomas","tag-nairo-quintana","tag-peter-sagan","tag-team-sky","tag-tom-dumoulin","tag-tour-de-france","tag-tour-de-france-2018","tag-zeleny-dres"],"yoast_head":"<!-- This site is optimized with the Yoast SEO Premium plugin v25.3 (Yoast SEO v25.9) - https:\/\/yoast.com\/wordpress\/plugins\/seo\/ -->\n<title>Posledn\u00e1 jazda tohtoro\u010dnej Tour - \u0160koda We Love Cycling Slovensko<\/title>\n<meta name=\"robots\" content=\"index, follow, max-snippet:-1, max-image-preview:large, max-video-preview:-1\" \/>\n<link rel=\"canonical\" href=\"https:\/\/www.welovecycling.com\/sk\/2018\/07\/29\/posledny-den-na-tour-de-france\/\" \/>\n<meta property=\"og:locale\" content=\"sk_SK\" \/>\n<meta property=\"og:type\" content=\"article\" \/>\n<meta property=\"og:title\" content=\"Posledn\u00e1 jazda tohtoro\u010dnej Tour\" \/>\n<meta property=\"og:description\" content=\"21. Presne to\u013eko et\u00e1p zvl\u00e1dli jazdci tohtoro\u010dnej Tour. Posledn\u00e1, priam kr\u00e1\u013eovsk\u00e1, jazdiaca sa po\u010das ka\u017ed\u00e9ho ro\u010dn\u00edka ako fin\u00e1lna, ani tento [&hellip;]\" \/>\n<meta property=\"og:url\" content=\"https:\/\/www.welovecycling.com\/sk\/2018\/07\/29\/posledny-den-na-tour-de-france\/\" \/>\n<meta property=\"og:site_name\" content=\"\u0160koda We Love Cycling Slovensko\" \/>\n<meta property=\"article:published_time\" content=\"2018-07-29T18:17:39+00:00\" \/>\n<meta property=\"article:modified_time\" content=\"2018-07-31T12:26:53+00:00\" \/>\n<meta property=\"og:image\" content=\"https:\/\/d2p6e6u75xmxt8.cloudfront.net\/4\/2018\/07\/00-1.webp\" \/>\n\t<meta property=\"og:image:width\" content=\"1375\" \/>\n\t<meta property=\"og:image:height\" content=\"600\" \/>\n\t<meta property=\"og:image:type\" content=\"image\/webp\" \/>\n<meta name=\"author\" content=\"Ondrej Ga\u0161par\" \/>\n<meta name=\"twitter:card\" content=\"summary_large_image\" \/>\n<meta name=\"twitter:label1\" content=\"Written by\" \/>\n\t<meta name=\"twitter:data1\" content=\"We Love Cycling\" \/>\n\t<meta name=\"twitter:label2\" content=\"Est. reading time\" \/>\n\t<meta name=\"twitter:data2\" content=\"2\" \/>\n<script type=\"application\/ld+json\" class=\"yoast-schema-graph\">{\"@context\":\"https:\/\/schema.org\",\"@graph\":[{\"@type\":\"WebPage\",\"@id\":\"https:\/\/www.welovecycling.com\/sk\/2018\/07\/29\/posledny-den-na-tour-de-france\/\",\"url\":\"https:\/\/www.welovecycling.com\/sk\/2018\/07\/29\/posledny-den-na-tour-de-france\/\",\"name\":\"Posledn\u00e1 jazda tohtoro\u010dnej Tour - \u0160koda We Love Cycling Slovensko\",\"isPartOf\":{\"@id\":\"https:\/\/www.welovecycling.com\/sk\/#website\"},\"primaryImageOfPage\":{\"@id\":\"https:\/\/www.welovecycling.com\/sk\/2018\/07\/29\/posledny-den-na-tour-de-france\/#primaryimage\"},\"image\":{\"@id\":\"https:\/\/www.welovecycling.com\/sk\/2018\/07\/29\/posledny-den-na-tour-de-france\/#primaryimage\"},\"thumbnailUrl\":\"https:\/\/d2p6e6u75xmxt8.cloudfront.net\/4\/2018\/07\/00-1.webp\",\"datePublished\":\"2018-07-29T18:17:39+00:00\",\"dateModified\":\"2018-07-31T12:26:53+00:00\",\"author\":{\"@id\":\"https:\/\/www.welovecycling.com\/sk\/#\/schema\/person\/8ee09ba39b7e25b1870160aa5b3a89bc\"},\"breadcrumb\":{\"@id\":\"https:\/\/www.welovecycling.com\/sk\/2018\/07\/29\/posledny-den-na-tour-de-france\/#breadcrumb\"},\"inLanguage\":\"sk-SK\",\"potentialAction\":[{\"@type\":\"ReadAction\",\"target\":[\"https:\/\/www.welovecycling.com\/sk\/2018\/07\/29\/posledny-den-na-tour-de-france\/\"]}]},{\"@type\":\"ImageObject\",\"inLanguage\":\"sk-SK\",\"@id\":\"https:\/\/www.welovecycling.com\/sk\/2018\/07\/29\/posledny-den-na-tour-de-france\/#primaryimage\",\"url\":\"https:\/\/d2p6e6u75xmxt8.cloudfront.net\/4\/2018\/07\/00-1.webp\",\"contentUrl\":\"https:\/\/d2p6e6u75xmxt8.cloudfront.net\/4\/2018\/07\/00-1.webp\",\"width\":1375,\"height\":600},{\"@type\":\"BreadcrumbList\",\"@id\":\"https:\/\/www.welovecycling.com\/sk\/2018\/07\/29\/posledny-den-na-tour-de-france\/#breadcrumb\",\"itemListElement\":[{\"@type\":\"ListItem\",\"position\":1,\"name\":\"Home\",\"item\":\"https:\/\/www.welovecycling.com\/sk\/\"},{\"@type\":\"ListItem\",\"position\":2,\"name\":\"Posledn\u00e1 jazda tohtoro\u010dnej Tour\"}]},{\"@type\":\"WebSite\",\"@id\":\"https:\/\/www.welovecycling.com\/sk\/#website\",\"url\":\"https:\/\/www.welovecycling.com\/sk\/\",\"name\":\"\u0160koda We Love Cycling Slovensko\",\"description\":\"\u0160koda We Love Cycling Slovensko je v\u00e1\u0161 ka\u017edodenn\u00fd zdroj noviniek a in\u0161pir\u00e1cie z sveta cyklistiky\",\"potentialAction\":[{\"@type\":\"SearchAction\",\"target\":{\"@type\":\"EntryPoint\",\"urlTemplate\":\"https:\/\/www.welovecycling.com\/sk\/?s={search_term_string}\"},\"query-input\":{\"@type\":\"PropertyValueSpecification\",\"valueRequired\":true,\"valueName\":\"search_term_string\"}}],\"inLanguage\":\"sk-SK\"},{\"@type\":\"Person\",\"@id\":\"https:\/\/www.welovecycling.com\/sk\/#\/schema\/person\/8ee09ba39b7e25b1870160aa5b3a89bc\",\"name\":\"Ondrej Ga\u0161par\",\"image\":{\"@type\":\"ImageObject\",\"inLanguage\":\"sk-SK\",\"@id\":\"https:\/\/www.welovecycling.com\/sk\/#\/schema\/person\/image\/\",\"url\":\"https:\/\/secure.gravatar.com\/avatar\/6126c9afb87b70da5abbb083ddbb21933da15f18f8ca7cb822aba0fb096a48f6?s=96&d=mm&r=g\",\"contentUrl\":\"https:\/\/secure.gravatar.com\/avatar\/6126c9afb87b70da5abbb083ddbb21933da15f18f8ca7cb822aba0fb096a48f6?s=96&d=mm&r=g\",\"caption\":\"Ondrej Ga\u0161par\"},\"url\":\"https:\/\/www.welovecycling.com\/sk\/author\/ondrejgaspar\/\"}]}<\/script>\n<!-- \/ Yoast SEO Premium plugin. -->","yoast_head_json":{"title":"Posledn\u00e1 jazda tohtoro\u010dnej Tour - \u0160koda We Love Cycling Slovensko","robots":{"index":"index","follow":"follow","max-snippet":"max-snippet:-1","max-image-preview":"max-image-preview:large","max-video-preview":"max-video-preview:-1"},"canonical":"https:\/\/www.welovecycling.com\/sk\/2018\/07\/29\/posledny-den-na-tour-de-france\/","og_locale":"sk_SK","og_type":"article","og_title":"Posledn\u00e1 jazda tohtoro\u010dnej Tour","og_description":"21. Presne to\u013eko et\u00e1p zvl\u00e1dli jazdci tohtoro\u010dnej Tour. Posledn\u00e1, priam kr\u00e1\u013eovsk\u00e1, jazdiaca sa po\u010das ka\u017ed\u00e9ho ro\u010dn\u00edka ako fin\u00e1lna, ani tento [&hellip;]","og_url":"https:\/\/www.welovecycling.com\/sk\/2018\/07\/29\/posledny-den-na-tour-de-france\/","og_site_name":"\u0160koda We Love Cycling Slovensko","article_published_time":"2018-07-29T18:17:39+00:00","article_modified_time":"2018-07-31T12:26:53+00:00","og_image":[{"width":1375,"height":600,"url":"https:\/\/d2p6e6u75xmxt8.cloudfront.net\/4\/2018\/07\/00-1.webp","type":"image\/webp"}],"author":"Ondrej Ga\u0161par","twitter_card":"summary_large_image","twitter_misc":{"Written by":"We Love Cycling","Est. reading time":"2"},"schema":{"@context":"https:\/\/schema.org","@graph":[{"@type":"WebPage","@id":"https:\/\/www.welovecycling.com\/sk\/2018\/07\/29\/posledny-den-na-tour-de-france\/","url":"https:\/\/www.welovecycling.com\/sk\/2018\/07\/29\/posledny-den-na-tour-de-france\/","name":"Posledn\u00e1 jazda tohtoro\u010dnej Tour - \u0160koda We Love Cycling Slovensko","isPartOf":{"@id":"https:\/\/www.welovecycling.com\/sk\/#website"},"primaryImageOfPage":{"@id":"https:\/\/www.welovecycling.com\/sk\/2018\/07\/29\/posledny-den-na-tour-de-france\/#primaryimage"},"image":{"@id":"https:\/\/www.welovecycling.com\/sk\/2018\/07\/29\/posledny-den-na-tour-de-france\/#primaryimage"},"thumbnailUrl":"https:\/\/d2p6e6u75xmxt8.cloudfront.net\/4\/2018\/07\/00-1.webp","datePublished":"2018-07-29T18:17:39+00:00","dateModified":"2018-07-31T12:26:53+00:00","author":{"@id":"https:\/\/www.welovecycling.com\/sk\/#\/schema\/person\/8ee09ba39b7e25b1870160aa5b3a89bc"},"breadcrumb":{"@id":"https:\/\/www.welovecycling.com\/sk\/2018\/07\/29\/posledny-den-na-tour-de-france\/#breadcrumb"},"inLanguage":"sk-SK","potentialAction":[{"@type":"ReadAction","target":["https:\/\/www.welovecycling.com\/sk\/2018\/07\/29\/posledny-den-na-tour-de-france\/"]}]},{"@type":"ImageObject","inLanguage":"sk-SK","@id":"https:\/\/www.welovecycling.com\/sk\/2018\/07\/29\/posledny-den-na-tour-de-france\/#primaryimage","url":"https:\/\/d2p6e6u75xmxt8.cloudfront.net\/4\/2018\/07\/00-1.webp","contentUrl":"https:\/\/d2p6e6u75xmxt8.cloudfront.net\/4\/2018\/07\/00-1.webp","width":1375,"height":600},{"@type":"BreadcrumbList","@id":"https:\/\/www.welovecycling.com\/sk\/2018\/07\/29\/posledny-den-na-tour-de-france\/#breadcrumb","itemListElement":[{"@type":"ListItem","position":1,"name":"Home","item":"https:\/\/www.welovecycling.com\/sk\/"},{"@type":"ListItem","position":2,"name":"Posledn\u00e1 jazda tohtoro\u010dnej Tour"}]},{"@type":"WebSite","@id":"https:\/\/www.welovecycling.com\/sk\/#website","url":"https:\/\/www.welovecycling.com\/sk\/","name":"\u0160koda We Love Cycling Slovensko","description":"\u0160koda We Love Cycling Slovensko je v\u00e1\u0161 ka\u017edodenn\u00fd zdroj noviniek a in\u0161pir\u00e1cie z sveta cyklistiky","potentialAction":[{"@type":"SearchAction","target":{"@type":"EntryPoint","urlTemplate":"https:\/\/www.welovecycling.com\/sk\/?s={search_term_string}"},"query-input":{"@type":"PropertyValueSpecification","valueRequired":true,"valueName":"search_term_string"}}],"inLanguage":"sk-SK"},{"@type":"Person","@id":"https:\/\/www.welovecycling.com\/sk\/#\/schema\/person\/8ee09ba39b7e25b1870160aa5b3a89bc","name":"Ondrej Ga\u0161par","image":{"@type":"ImageObject","inLanguage":"sk-SK","@id":"https:\/\/www.welovecycling.com\/sk\/#\/schema\/person\/image\/","url":"https:\/\/secure.gravatar.com\/avatar\/6126c9afb87b70da5abbb083ddbb21933da15f18f8ca7cb822aba0fb096a48f6?s=96&d=mm&r=g","contentUrl":"https:\/\/secure.gravatar.com\/avatar\/6126c9afb87b70da5abbb083ddbb21933da15f18f8ca7cb822aba0fb096a48f6?s=96&d=mm&r=g","caption":"Ondrej Ga\u0161par"},"url":"https:\/\/www.welovecycling.com\/sk\/author\/ondrejgaspar\/"}]}},"_links":{"self":[{"href":"https:\/\/www.welovecycling.com\/sk\/wp-json\/wp\/v2\/posts\/4437","targetHints":{"allow":["GET"]}}],"collection":[{"href":"https:\/\/www.welovecycling.com\/sk\/wp-json\/wp\/v2\/posts"}],"about":[{"href":"https:\/\/www.welovecycling.com\/sk\/wp-json\/wp\/v2\/types\/post"}],"author":[{"embeddable":true,"href":"https:\/\/www.welovecycling.com\/sk\/wp-json\/wp\/v2\/users\/38"}],"replies":[{"embeddable":true,"href":"https:\/\/www.welovecycling.com\/sk\/wp-json\/wp\/v2\/comments?post=4437"}],"version-history":[{"count":2,"href":"https:\/\/www.welovecycling.com\/sk\/wp-json\/wp\/v2\/posts\/4437\/revisions"}],"predecessor-version":[{"id":4467,"href":"https:\/\/www.welovecycling.com\/sk\/wp-json\/wp\/v2\/posts\/4437\/revisions\/4467"}],"wp:featuredmedia":[{"embeddable":true,"href":"https:\/\/www.welovecycling.com\/sk\/wp-json\/wp\/v2\/media\/4439"}],"wp:attachment":[{"href":"https:\/\/www.welovecycling.com\/sk\/wp-json\/wp\/v2\/media?parent=4437"}],"wp:term":[{"taxonomy":"category","embeddable":true,"href":"https:\/\/www.welovecycling.com\/sk\/wp-json\/wp\/v2\/categories?post=4437"},{"taxonomy":"post_tag","embeddable":true,"href":"https:\/\/www.welovecycling.com\/sk\/wp-json\/wp\/v2\/tags?post=4437"},{"taxonomy":"global-categories","embeddable":true,"href":"https:\/\/www.welovecycling.com\/sk\/wp-json\/wp\/v2\/global-categories?post=4437"}],"curies":[{"name":"wp","href":"https:\/\/api.w.org\/{rel}","templated":true}]}}