{"id":4421,"date":"2018-07-27T13:53:22","date_gmt":"2018-07-27T11:53:22","guid":{"rendered":"https:\/\/www.welovecycling.com\/sk\/?p=4421"},"modified":"2018-07-27T17:22:37","modified_gmt":"2018-07-27T15:22:37","slug":"den-v-zivote-lekara-na-tour-de-france","status":"publish","type":"post","link":"https:\/\/www.welovecycling.com\/sk\/2018\/07\/27\/den-v-zivote-lekara-na-tour-de-france\/","title":{"rendered":"De\u0148 v \u017eivote lek\u00e1ra na Tour de France"},"content":{"rendered":"<p><strong>Po 6. etape pretekov Crit\u00e9rium du Dauphin\u00e9 sme sa pristavili pri Dr. Jostovi Paulovi-Henrim. \u201eBol to pre n\u00e1s dobr\u00fd de\u0148,\u201c zhodnotil. Zrejme mal na mysli, \u017ee sa nevyskytli \u017eiadne nehody. Sk\u00fasen\u00fd anest\u00e9ziol\u00f3g p\u00f4sobil uvo\u013enene a\u00a0\u0161\u0165astne, preto\u017ee nemusel vyu\u017ei\u0165 svoje medic\u00ednske znalosti.<\/strong><!--more--><\/p>\n<h2><strong>Neutr\u00e1lna medic\u00ednska pomoc<\/strong><\/h2>\n<p>Ka\u017ed\u00fd pretek\u00e1rsky t\u00edm na Tour de France disponuje vlastn\u00fdmi lek\u00e1rmi, ktor\u00ed sa staraj\u00fa o\u00a0zdravie jeho jazdcov. Amaury Sport Organisation (ASO) v\u0161ak poskytuje aj \u201eneutr\u00e1lny\u201c lek\u00e1rsky t\u00edm, ktor\u00fd rie\u0161i zlo\u017eitej\u0161ie pr\u00edpady. Zauj\u00edmalo n\u00e1s, ak\u00e1 je \u00faloha Paula-Henriho na Tour.<\/p>\n<p><em>\u201eNa pretekoch Dauphin\u00e9 p\u00f4sob\u00edm ako medic\u00ednsky riadite\u013e, na Tour de France som v\u0161ak druh\u00fd po Dr. Florence Pommerieovej.\u201c<\/em> A\u00a0\u010do teda rob\u00ed? <em>\u201ePo\u010das pretekov nasledujeme jazdcov a\u00a0ak sa stane nehoda&#8230;\u201c<\/em> Zasiahnete? <em>\u201ePresne tak.\u201c<\/em><\/p>\n<h2><strong>V\u0161etko na spr\u00e1vnom mieste<\/strong><\/h2>\n<p>Iste\u017ee, na Tour sa priam o\u010dak\u00e1va, \u017ee sa nie\u010do stane. Hoci traumatick\u00e9 nehody utkvej\u00fa v\u00a0pam\u00e4ti, na\u0161\u0165astie, st\u00e1vaj\u00fa sa zriedkavo. To v\u0161ak neznamen\u00e1, \u017ee lek\u00e1ri s\u00fa spokojn\u00ed \u2013 <strong>s\u00fa v pohotovosti po\u010das cel\u00fdch pretekov.<\/strong><\/p>\n<lite-youtube videoid=oLdE49Fi3gc params=\"enablejsapi=1\" style=\"background-image: url('https:\/\/i.ytimg.com\/vi_webp\/oLdE49Fi3gc\/maxresdefault.webp');\"><\/lite-youtube>\n<p><em>\u201eNaj\u0165a\u017e\u0161ie na tejto pr\u00e1ci je n\u00e1js\u0165 dobr\u00fa poz\u00edciu ka\u017edej sanitky v\u00a0z\u00e1vislosti od v\u00fdvoja situ\u00e1cie po\u010das pretekov.\u201c<\/em> In\u00fdmi slovami, Paul-Henri ustavi\u010dne vyhodnocuje najlep\u0161iu poz\u00edciu svojich vozidiel pre pr\u00edpad akejko\u013evej lek\u00e1rskej pohotovosti \u2013 bez toho, aby naru\u0161il priebeh pretekov.<\/p>\n<p><em>\u201eSna\u017e\u00edme sa zauja\u0165 t\u00fa najlep\u0161iu polohu&#8230; a ma\u0165 k\u00a0dispoz\u00edcii dve vozidl\u00e1 pre ka\u017ed\u00fa skupinu.\u201c<\/em> Tak\u017ee, ke\u010f sa cyklisti dostan\u00fa do \u00faniku a\u00a0pelot\u00f3n sa r\u00fati za nimi, s\u00fa lek\u00e1ri pokojn\u00ed? <em>\u201e\u00c1no,\u201c<\/em> odpoved\u00e1 Paul-Henri, <em>\u201ea sna\u017e\u00edme sa udr\u017eiava\u0165 \u010do najmen\u0161iu vzdialenos\u0165 medzi pelot\u00f3nom a\u00a0sanitkou.\u201c<\/em><\/p>\n<h2><strong>Praktick\u00e9 aspekty<\/strong><\/h2>\n<p>Ak\u00fd je rozdiel medzi pretekmi Crit\u00e9rium du Dauphin\u00e9 a\u00a0Tour de France? <em>\u201eNa Dauphin\u00e9 m\u00e1m k\u00a0dispoz\u00edcii jedno hlavn\u00e9 auto a\u00a0\u0161tyri sanitky, na Tour dve hlavn\u00e9 aut\u00e1, \u0161tyri sanitky a\u00a0jednu motorku.\u201c<\/em><\/p>\n<p>Pr\u00e1ve t\u00e1 hr\u00e1 rozhoduj\u00facu \u00falohu po\u010das vrch\u00e1rskych et\u00e1p, ke\u010f maj\u00fa v\u00e4\u010d\u0161ie vozidl\u00e1 probl\u00e9m r\u00fdchlo sa pres\u00fava\u0165 po n\u00e1ro\u010dnom ter\u00e9ne. Nehoda Richieho Porta z\u00a0roku 2017 n\u00e1zorne uk\u00e1zala bl\u00edzky vz\u0165ah lek\u00e1rov z\u00a0ASO a\u00a0franc\u00fazskej leteckej z\u00e1chrannej slu\u017eby.<\/p>\n<h2><strong>D\u00f4le\u017eit\u00e1 podpora<\/strong><\/h2>\n<p>Paul-Henri rozpr\u00e1va pokojne, akoby bol s\u00fa\u010das\u0165ou t\u00edmu firmy Mavic poskytuj\u00facej neutr\u00e1lny servis bicyklov. Realita je v\u0161ak \u00faplne in\u00e1. Paul-Henri bol aj pri tragickej smrti Michaela Goolaertsa po\u010das tohtoro\u010dn\u00fdch pretekov Par\u00ed\u017e \u2013 Roubaix, preto si ve\u013emi dobre uvedomuje rizik\u00e1, ktor\u00e9 podstupuj\u00fa pretek\u00e1ri na Tour.<\/p>\n<figure id=\"attachment_4423\" aria-describedby=\"caption-attachment-4423\" style=\"width: 1250px\" class=\"wp-caption alignnone\"><a href=\"https:\/\/d2p6e6u75xmxt8.cloudfront.net\/4\/2018\/07\/profimedia-0341324591.jpg\"><img loading=\"lazy\" decoding=\"async\" class=\"size-full wp-image-4423\" src=\"https:\/\/d2p6e6u75xmxt8.cloudfront.net\/4\/2018\/07\/profimedia-0341324591.jpg\" alt=\"\" width=\"1250\" height=\"833\" \/><\/a><figcaption id=\"caption-attachment-4423\" class=\"wp-caption-text\">Manuele Mori dostal prv\u00fa pomoc po p\u00e1de po\u010das 9. etapy 2017 Tour de France.<\/figcaption><\/figure>\n<p>Rad\u00ed sa neutr\u00e1lny lek\u00e1rsky t\u00edm s ASO aj po\u010das pl\u00e1novania et\u00e1p? <em>\u201eKomunikujeme spolu pred Tour de France a\u00a0podie\u013eame sa na rozhodnutiach t\u00fdkaj\u00facich sa kritick\u00fdch et\u00e1p. S\u00a0ASO spolupracujeme cel\u00fd rok a\u00a0ve\u013emi dobre sa pozn\u00e1me.\u201c<\/em><\/p>\n<p>Pravdupovediac, kritick\u00e9 \u00faseky na trase tohtoro\u010dnej Tour n\u00e1s \u0161okovali, preto n\u00e1s zauj\u00edma, \u010di obsahuje aj etapy, ktor\u00e9 robia Paulovi-Henrimu vr\u00e1sky na \u010dele. <em>\u201eNie, to si nemysl\u00edm&#8230;\u201c<\/em> Neubr\u00e1nime sa spomienke na vyjadrenie Dr. Pommerieovej, ktor\u00fa v\u017edy prekvap\u00ed <em>\u201eodolnos\u0165 jazdcov pelot\u00f3nu proti bolesti&#8230; ako aj ich v\u00f4\u013ea a\u00a0dobrosrde\u010dnos\u0165&#8230;\u201c<\/em><\/p>\n<h2><strong>Blaho jazdcov je priorita<\/strong><\/h2>\n<p>Vz\u0165ahy s jednotliv\u00fdmi\u00a0t\u00edmami s\u00fa pod\u013ea Paula-Henriho <em>\u201eve\u013emi dobr\u00e9, lebo na\u0161\u00edm spolo\u010dn\u00fdm cie\u013eom je urobi\u0165 pre jazdcov to najlep\u0161ie \u2013 rovnako \u00faspe\u0161ne spolupracujeme s\u00a0UCI a\u00a0antidopingov\u00fdm t\u00edmom. Sme tu v\u0161ak kv\u00f4li zraneniam, nie pre, ako hovor\u00edme po franc\u00fazsky \u201ecomplimenter\u201c.<\/em><\/p>\n<p><em>\u201eRozpr\u00e1vame sa so v\u0161etk\u00fdmi lek\u00e1rmi, a ak sa vyskytn\u00fa probl\u00e9my, sme lek\u00e1rskym t\u00edmom k\u00a0dispoz\u00edcii. Na\u0161\u0165astie, nest\u00e1va sa \u010dasto, \u017ee by niekto musel \u00eds\u0165 do nemocnice.\u201c<\/em><\/p>\n","protected":false},"excerpt":{"rendered":"<p>Po 6. etape pretekov Crit\u00e9rium du Dauphin\u00e9 sme sa pristavili pri Dr. Jostovi Paulovi-Henrim. \u201eBol to pre n\u00e1s dobr\u00fd de\u0148,\u201c [&hellip;]<\/p>\n","protected":false},"author":38,"featured_media":4425,"comment_status":"open","ping_status":"open","sticky":false,"template":"","format":"standard","meta":{"footnotes":""},"categories":[57,4,63,117],"tags":[511,512,510,20,308],"global-categories":[],"class_list":["post-4421","post","type-post","status-publish","format-standard","has-post-thumbnail","hentry","category-bezpecnost","category-cestna-cyklisitika","category-grand-tour","category-tour-de-france","tag-aso","tag-lekarska-pomoc","tag-mavic","tag-tour-de-france","tag-tour-de-france-2018"],"yoast_head":"<!-- This site is optimized with the Yoast SEO Premium plugin v25.3 (Yoast SEO v25.9) - https:\/\/yoast.com\/wordpress\/plugins\/seo\/ -->\n<title>De\u0148 v \u017eivote lek\u00e1ra na Tour de France - \u0160koda We Love Cycling Slovensko<\/title>\n<meta name=\"robots\" content=\"index, follow, max-snippet:-1, max-image-preview:large, max-video-preview:-1\" \/>\n<link rel=\"canonical\" href=\"https:\/\/www.welovecycling.com\/sk\/2018\/07\/27\/den-v-zivote-lekara-na-tour-de-france\/\" \/>\n<meta property=\"og:locale\" content=\"sk_SK\" \/>\n<meta property=\"og:type\" content=\"article\" \/>\n<meta property=\"og:title\" content=\"De\u0148 v \u017eivote lek\u00e1ra na Tour de France\" \/>\n<meta property=\"og:description\" content=\"Po 6. etape pretekov Crit\u00e9rium du Dauphin\u00e9 sme sa pristavili pri Dr. Jostovi Paulovi-Henrim. \u201eBol to pre n\u00e1s dobr\u00fd de\u0148,\u201c [&hellip;]\" \/>\n<meta property=\"og:url\" content=\"https:\/\/www.welovecycling.com\/sk\/2018\/07\/27\/den-v-zivote-lekara-na-tour-de-france\/\" \/>\n<meta property=\"og:site_name\" content=\"\u0160koda We Love Cycling Slovensko\" \/>\n<meta property=\"article:published_time\" content=\"2018-07-27T11:53:22+00:00\" \/>\n<meta property=\"article:modified_time\" content=\"2018-07-27T15:22:37+00:00\" \/>\n<meta property=\"og:image\" content=\"https:\/\/d2p6e6u75xmxt8.cloudfront.net\/4\/2018\/07\/profimedia-0292977810-1.webp\" \/>\n\t<meta property=\"og:image:width\" content=\"1366\" \/>\n\t<meta property=\"og:image:height\" content=\"600\" \/>\n\t<meta property=\"og:image:type\" content=\"image\/webp\" \/>\n<meta name=\"author\" content=\"Ondrej Ga\u0161par\" \/>\n<meta name=\"twitter:card\" content=\"summary_large_image\" \/>\n<meta name=\"twitter:label1\" content=\"Written by\" \/>\n\t<meta name=\"twitter:data1\" content=\"We Love Cycling\" \/>\n\t<meta name=\"twitter:label2\" content=\"Est. reading time\" \/>\n\t<meta name=\"twitter:data2\" content=\"6\" \/>\n<script type=\"application\/ld+json\" class=\"yoast-schema-graph\">{\"@context\":\"https:\/\/schema.org\",\"@graph\":[{\"@type\":\"WebPage\",\"@id\":\"https:\/\/www.welovecycling.com\/sk\/2018\/07\/27\/den-v-zivote-lekara-na-tour-de-france\/\",\"url\":\"https:\/\/www.welovecycling.com\/sk\/2018\/07\/27\/den-v-zivote-lekara-na-tour-de-france\/\",\"name\":\"De\u0148 v \u017eivote lek\u00e1ra na Tour de France - \u0160koda We Love Cycling Slovensko\",\"isPartOf\":{\"@id\":\"https:\/\/www.welovecycling.com\/sk\/#website\"},\"primaryImageOfPage\":{\"@id\":\"https:\/\/www.welovecycling.com\/sk\/2018\/07\/27\/den-v-zivote-lekara-na-tour-de-france\/#primaryimage\"},\"image\":{\"@id\":\"https:\/\/www.welovecycling.com\/sk\/2018\/07\/27\/den-v-zivote-lekara-na-tour-de-france\/#primaryimage\"},\"thumbnailUrl\":\"https:\/\/d2p6e6u75xmxt8.cloudfront.net\/4\/2018\/07\/profimedia-0292977810-1.webp\",\"datePublished\":\"2018-07-27T11:53:22+00:00\",\"dateModified\":\"2018-07-27T15:22:37+00:00\",\"author\":{\"@id\":\"https:\/\/www.welovecycling.com\/sk\/#\/schema\/person\/8ee09ba39b7e25b1870160aa5b3a89bc\"},\"breadcrumb\":{\"@id\":\"https:\/\/www.welovecycling.com\/sk\/2018\/07\/27\/den-v-zivote-lekara-na-tour-de-france\/#breadcrumb\"},\"inLanguage\":\"sk-SK\",\"potentialAction\":[{\"@type\":\"ReadAction\",\"target\":[\"https:\/\/www.welovecycling.com\/sk\/2018\/07\/27\/den-v-zivote-lekara-na-tour-de-france\/\"]}]},{\"@type\":\"ImageObject\",\"inLanguage\":\"sk-SK\",\"@id\":\"https:\/\/www.welovecycling.com\/sk\/2018\/07\/27\/den-v-zivote-lekara-na-tour-de-france\/#primaryimage\",\"url\":\"https:\/\/d2p6e6u75xmxt8.cloudfront.net\/4\/2018\/07\/profimedia-0292977810-1.webp\",\"contentUrl\":\"https:\/\/d2p6e6u75xmxt8.cloudfront.net\/4\/2018\/07\/profimedia-0292977810-1.webp\",\"width\":1366,\"height\":600},{\"@type\":\"BreadcrumbList\",\"@id\":\"https:\/\/www.welovecycling.com\/sk\/2018\/07\/27\/den-v-zivote-lekara-na-tour-de-france\/#breadcrumb\",\"itemListElement\":[{\"@type\":\"ListItem\",\"position\":1,\"name\":\"Home\",\"item\":\"https:\/\/www.welovecycling.com\/sk\/\"},{\"@type\":\"ListItem\",\"position\":2,\"name\":\"De\u0148 v \u017eivote lek\u00e1ra na Tour de France\"}]},{\"@type\":\"WebSite\",\"@id\":\"https:\/\/www.welovecycling.com\/sk\/#website\",\"url\":\"https:\/\/www.welovecycling.com\/sk\/\",\"name\":\"\u0160koda We Love Cycling Slovensko\",\"description\":\"\u0160koda We Love Cycling Slovensko je v\u00e1\u0161 ka\u017edodenn\u00fd zdroj noviniek a in\u0161pir\u00e1cie z sveta cyklistiky\",\"potentialAction\":[{\"@type\":\"SearchAction\",\"target\":{\"@type\":\"EntryPoint\",\"urlTemplate\":\"https:\/\/www.welovecycling.com\/sk\/?s={search_term_string}\"},\"query-input\":{\"@type\":\"PropertyValueSpecification\",\"valueRequired\":true,\"valueName\":\"search_term_string\"}}],\"inLanguage\":\"sk-SK\"},{\"@type\":\"Person\",\"@id\":\"https:\/\/www.welovecycling.com\/sk\/#\/schema\/person\/8ee09ba39b7e25b1870160aa5b3a89bc\",\"name\":\"Ondrej Ga\u0161par\",\"image\":{\"@type\":\"ImageObject\",\"inLanguage\":\"sk-SK\",\"@id\":\"https:\/\/www.welovecycling.com\/sk\/#\/schema\/person\/image\/\",\"url\":\"https:\/\/secure.gravatar.com\/avatar\/6126c9afb87b70da5abbb083ddbb21933da15f18f8ca7cb822aba0fb096a48f6?s=96&d=mm&r=g\",\"contentUrl\":\"https:\/\/secure.gravatar.com\/avatar\/6126c9afb87b70da5abbb083ddbb21933da15f18f8ca7cb822aba0fb096a48f6?s=96&d=mm&r=g\",\"caption\":\"Ondrej Ga\u0161par\"},\"url\":\"https:\/\/www.welovecycling.com\/sk\/author\/ondrejgaspar\/\"}]}<\/script>\n<!-- \/ Yoast SEO Premium plugin. -->","yoast_head_json":{"title":"De\u0148 v \u017eivote lek\u00e1ra na Tour de France - \u0160koda We Love Cycling Slovensko","robots":{"index":"index","follow":"follow","max-snippet":"max-snippet:-1","max-image-preview":"max-image-preview:large","max-video-preview":"max-video-preview:-1"},"canonical":"https:\/\/www.welovecycling.com\/sk\/2018\/07\/27\/den-v-zivote-lekara-na-tour-de-france\/","og_locale":"sk_SK","og_type":"article","og_title":"De\u0148 v \u017eivote lek\u00e1ra na Tour de France","og_description":"Po 6. etape pretekov Crit\u00e9rium du Dauphin\u00e9 sme sa pristavili pri Dr. Jostovi Paulovi-Henrim. \u201eBol to pre n\u00e1s dobr\u00fd de\u0148,\u201c [&hellip;]","og_url":"https:\/\/www.welovecycling.com\/sk\/2018\/07\/27\/den-v-zivote-lekara-na-tour-de-france\/","og_site_name":"\u0160koda We Love Cycling Slovensko","article_published_time":"2018-07-27T11:53:22+00:00","article_modified_time":"2018-07-27T15:22:37+00:00","og_image":[{"width":1366,"height":600,"url":"https:\/\/d2p6e6u75xmxt8.cloudfront.net\/4\/2018\/07\/profimedia-0292977810-1.webp","type":"image\/webp"}],"author":"Ondrej Ga\u0161par","twitter_card":"summary_large_image","twitter_misc":{"Written by":"We Love Cycling","Est. reading time":"6"},"schema":{"@context":"https:\/\/schema.org","@graph":[{"@type":"WebPage","@id":"https:\/\/www.welovecycling.com\/sk\/2018\/07\/27\/den-v-zivote-lekara-na-tour-de-france\/","url":"https:\/\/www.welovecycling.com\/sk\/2018\/07\/27\/den-v-zivote-lekara-na-tour-de-france\/","name":"De\u0148 v \u017eivote lek\u00e1ra na Tour de France - \u0160koda We Love Cycling Slovensko","isPartOf":{"@id":"https:\/\/www.welovecycling.com\/sk\/#website"},"primaryImageOfPage":{"@id":"https:\/\/www.welovecycling.com\/sk\/2018\/07\/27\/den-v-zivote-lekara-na-tour-de-france\/#primaryimage"},"image":{"@id":"https:\/\/www.welovecycling.com\/sk\/2018\/07\/27\/den-v-zivote-lekara-na-tour-de-france\/#primaryimage"},"thumbnailUrl":"https:\/\/d2p6e6u75xmxt8.cloudfront.net\/4\/2018\/07\/profimedia-0292977810-1.webp","datePublished":"2018-07-27T11:53:22+00:00","dateModified":"2018-07-27T15:22:37+00:00","author":{"@id":"https:\/\/www.welovecycling.com\/sk\/#\/schema\/person\/8ee09ba39b7e25b1870160aa5b3a89bc"},"breadcrumb":{"@id":"https:\/\/www.welovecycling.com\/sk\/2018\/07\/27\/den-v-zivote-lekara-na-tour-de-france\/#breadcrumb"},"inLanguage":"sk-SK","potentialAction":[{"@type":"ReadAction","target":["https:\/\/www.welovecycling.com\/sk\/2018\/07\/27\/den-v-zivote-lekara-na-tour-de-france\/"]}]},{"@type":"ImageObject","inLanguage":"sk-SK","@id":"https:\/\/www.welovecycling.com\/sk\/2018\/07\/27\/den-v-zivote-lekara-na-tour-de-france\/#primaryimage","url":"https:\/\/d2p6e6u75xmxt8.cloudfront.net\/4\/2018\/07\/profimedia-0292977810-1.webp","contentUrl":"https:\/\/d2p6e6u75xmxt8.cloudfront.net\/4\/2018\/07\/profimedia-0292977810-1.webp","width":1366,"height":600},{"@type":"BreadcrumbList","@id":"https:\/\/www.welovecycling.com\/sk\/2018\/07\/27\/den-v-zivote-lekara-na-tour-de-france\/#breadcrumb","itemListElement":[{"@type":"ListItem","position":1,"name":"Home","item":"https:\/\/www.welovecycling.com\/sk\/"},{"@type":"ListItem","position":2,"name":"De\u0148 v \u017eivote lek\u00e1ra na Tour de France"}]},{"@type":"WebSite","@id":"https:\/\/www.welovecycling.com\/sk\/#website","url":"https:\/\/www.welovecycling.com\/sk\/","name":"\u0160koda We Love Cycling Slovensko","description":"\u0160koda We Love Cycling Slovensko je v\u00e1\u0161 ka\u017edodenn\u00fd zdroj noviniek a in\u0161pir\u00e1cie z sveta cyklistiky","potentialAction":[{"@type":"SearchAction","target":{"@type":"EntryPoint","urlTemplate":"https:\/\/www.welovecycling.com\/sk\/?s={search_term_string}"},"query-input":{"@type":"PropertyValueSpecification","valueRequired":true,"valueName":"search_term_string"}}],"inLanguage":"sk-SK"},{"@type":"Person","@id":"https:\/\/www.welovecycling.com\/sk\/#\/schema\/person\/8ee09ba39b7e25b1870160aa5b3a89bc","name":"Ondrej Ga\u0161par","image":{"@type":"ImageObject","inLanguage":"sk-SK","@id":"https:\/\/www.welovecycling.com\/sk\/#\/schema\/person\/image\/","url":"https:\/\/secure.gravatar.com\/avatar\/6126c9afb87b70da5abbb083ddbb21933da15f18f8ca7cb822aba0fb096a48f6?s=96&d=mm&r=g","contentUrl":"https:\/\/secure.gravatar.com\/avatar\/6126c9afb87b70da5abbb083ddbb21933da15f18f8ca7cb822aba0fb096a48f6?s=96&d=mm&r=g","caption":"Ondrej Ga\u0161par"},"url":"https:\/\/www.welovecycling.com\/sk\/author\/ondrejgaspar\/"}]}},"_links":{"self":[{"href":"https:\/\/www.welovecycling.com\/sk\/wp-json\/wp\/v2\/posts\/4421","targetHints":{"allow":["GET"]}}],"collection":[{"href":"https:\/\/www.welovecycling.com\/sk\/wp-json\/wp\/v2\/posts"}],"about":[{"href":"https:\/\/www.welovecycling.com\/sk\/wp-json\/wp\/v2\/types\/post"}],"author":[{"embeddable":true,"href":"https:\/\/www.welovecycling.com\/sk\/wp-json\/wp\/v2\/users\/38"}],"replies":[{"embeddable":true,"href":"https:\/\/www.welovecycling.com\/sk\/wp-json\/wp\/v2\/comments?post=4421"}],"version-history":[{"count":2,"href":"https:\/\/www.welovecycling.com\/sk\/wp-json\/wp\/v2\/posts\/4421\/revisions"}],"predecessor-version":[{"id":4432,"href":"https:\/\/www.welovecycling.com\/sk\/wp-json\/wp\/v2\/posts\/4421\/revisions\/4432"}],"wp:featuredmedia":[{"embeddable":true,"href":"https:\/\/www.welovecycling.com\/sk\/wp-json\/wp\/v2\/media\/4425"}],"wp:attachment":[{"href":"https:\/\/www.welovecycling.com\/sk\/wp-json\/wp\/v2\/media?parent=4421"}],"wp:term":[{"taxonomy":"category","embeddable":true,"href":"https:\/\/www.welovecycling.com\/sk\/wp-json\/wp\/v2\/categories?post=4421"},{"taxonomy":"post_tag","embeddable":true,"href":"https:\/\/www.welovecycling.com\/sk\/wp-json\/wp\/v2\/tags?post=4421"},{"taxonomy":"global-categories","embeddable":true,"href":"https:\/\/www.welovecycling.com\/sk\/wp-json\/wp\/v2\/global-categories?post=4421"}],"curies":[{"name":"wp","href":"https:\/\/api.w.org\/{rel}","templated":true}]}}