{"id":4346,"date":"2018-07-25T18:29:48","date_gmt":"2018-07-25T16:29:48","guid":{"rendered":"https:\/\/www.welovecycling.com\/sk\/?p=4346"},"modified":"2018-07-31T14:28:37","modified_gmt":"2018-07-31T12:28:37","slug":"najkratsia-etapa-v-novodobej-historii-tour-de-france","status":"publish","type":"post","link":"https:\/\/www.welovecycling.com\/sk\/2018\/07\/25\/najkratsia-etapa-v-novodobej-historii-tour-de-france\/","title":{"rendered":"Najkrat\u0161ia etapa v novodobej hist\u00f3rii Tour de France"},"content":{"rendered":"<p><strong>Nev\u0161edn\u00e1 a\u00a0vyz\u00fdvaj\u00faca, Bagn\u00e8res-de-Luchon &gt; Saint-Lary-Soulan Col du Portet (65 km, horsk\u00e1).<\/strong><!--more--><\/p>\n<p>Asi tak\u00e9to pr\u00edvlastky patrili dne\u0161nej etape. Svojou d\u013a\u017ekou nevzbudzuje ak\u00e9ko\u013evek starosti v\u00a0rad\u00e1ch pretek\u00e1rov, je dokonca najkrat\u0161ou za posledn\u00e9 tri dek\u00e1dy. Av\u0161ak, celkov\u00fd <strong>s\u00fa\u010det nast\u00fapan\u00fdch metrov<\/strong> sa zastavil a\u017e na <strong>\u010d\u00edsle 3 100<\/strong>. Tri kopce, prv\u00e9 dva prvej kateg\u00f3rie, posledn\u00e1 hodnoten\u00e1 najvy\u0161\u0161ie \u2013 ako HC. <strong>60% d\u013a\u017eky etapy tvor\u00ed st\u00fapanie<\/strong>. Posledn\u00fd kopec s\u00a0priemern\u00fdm sklonom cez 8% na vzdialenosti \u0161estn\u00e1stich kilometrov. Tak\u00e9to parametre spravia aj z\u00a0minim\u00e1lnej vzdialenosti, etapu vhodn\u00fa pre boj o\u00a0celkov\u00e9 poradie.<\/p>\n<p><a href=\"https:\/\/d2p6e6u75xmxt8.cloudfront.net\/4\/2018\/07\/01-8.jpg\"><img loading=\"lazy\" decoding=\"async\" class=\"alignnone size-full wp-image-4373\" src=\"https:\/\/d2p6e6u75xmxt8.cloudfront.net\/4\/2018\/07\/01-8.jpg\" alt=\"\" width=\"1200\" height=\"800\" \/><\/a><\/p>\n<p>Organiz\u00e1tori si zrejme boli vedom\u00ed jej nezvy\u010dajnosti, ke\u010f \u0161tart zosnovali v\u00a0\u0161t\u00fdle Formuly 1. <strong>Prv\u00fdch 10 jazdcov v\u00a0celkovej klasifik\u00e1cii malo \u201evlastn\u00e9\u201c \u0161tartovn\u00e9 miesto<\/strong>, n\u00e1sledne za nimi bol v\u00a0\u00f4smich skupink\u00e1ch rozdelen\u00fd zvy\u0161ok. Samotn\u00fd \u0161tart nepriniesol \u017eiadne ne\u010dakan\u00e9 spr\u00e1vanie l\u00eddrov, \u010d\u00edm sa v\u0161etci jazdci v\u00a0nieko\u013ek\u00fdch desiatkach sek\u00fand spojili do celistv\u00e9ho pelot\u00f3nu. Samozrejme, \u00fanik nenechal na seba dlho (skoro nulov\u00fd \u010das) \u010daka\u0165 a\u00a0po nieko\u013ek\u00fdch kr\u00e1tkych chv\u00ed\u013each sa vytvorila skupinka viac ako 20 jazdcov. T\u00e1 sa v\u0161ak preriedila v\u010faka n\u00e1stupom sk\u00fasen\u00fdch vrch\u00e1rov, ktor\u00ed si tak\u00fato \u0161ancu na v\u00fdhru v\u00a0etape nechceli necha\u0165 ujs\u0165.<\/p>\n<p><strong>Prv\u00e9 st\u00fapanie najr\u00fdchlej\u0161ie zdolal Kangert (Astana)<\/strong>, s\u00a0kr\u00e1tkym odstupom nasledovan\u00fd tak\u00fdmi jazdcami ako je dr\u017eite\u013e bodkovan\u00e9ho dresu Alaphilippe (Quick-Step), Majka (BORA-hansgrohe), Valverde (Movistar) a\u00a0i. Zatia\u013e sa v\u00a0pelot\u00f3ne podarilo Quintanovi (Movistar) odpla\u0161i\u0165 \u0161\u0165astenu v\u00a0podobe dvoch zast\u00e1vok kv\u00f4li mechanick\u00fdm probl\u00e9mom s\u00a0predn\u00fdm kolesom. Spom\u00ednan\u00fd Alaphilippe (Quick-Step) si vymenil na vrchole druh\u00e9ho st\u00fapania, vzh\u013eadom na prv\u00e9, poz\u00edcie s\u00a0Kangertom (Astana).<\/p>\n<p><a href=\"https:\/\/d2p6e6u75xmxt8.cloudfront.net\/4\/2018\/07\/02-6.jpg\"><img loading=\"lazy\" decoding=\"async\" class=\"alignnone size-full wp-image-4374\" src=\"https:\/\/d2p6e6u75xmxt8.cloudfront.net\/4\/2018\/07\/02-6.jpg\" alt=\"\" width=\"1200\" height=\"800\" \/><\/a><em>Alaphilippe (Quick-Step) vedie Kangerta (Astana) k\u00a0posledn\u00e9mu st\u00fapaniu.<\/em><\/p>\n<p>N\u00e1sledn\u00e9 klesanie, organiz\u00e1tormi a\u00a0t\u00edmov\u00fdmi \u0161\u00e9fmi vyhl\u00e1sen\u00e9 ako naj\u0165a\u017e\u0161ie v\u00a0tohtoro\u010dnej Tour, svoje kvality uk\u00e1zalo pri <strong>p\u00e1de Sagana (BORA-hansgrohe)<\/strong>, ktor\u00fd sa pod\u013ea v\u0161etk\u00e9ho sna\u017eil prinavr\u00e1ti\u0165 do po\u010detnej skupiny zah\u0155\u0148aj\u00facej l\u00eddrov celkovej klasifik\u00e1cie. Na\u0161\u0165astie, jeho p\u00e1d na \u0148om nezanechal v\u00e1\u017enej\u0161ie zranenia. Zvy\u0161ok po\u013ea nemal seba v\u00e4\u010d\u0161ie probl\u00e9my pri klesan\u00ed k\u00a0\u00fap\u00e4tiu cie\u013eov\u00e9ho st\u00fapania. Dvojica Kangert (Astana) a Alaphilippe (Quick-Step) nepokra\u010dovala v\u00a0nadobudnutom tempe, preto\u017ee druh\u00fd spom\u00ednan\u00fd hne\u010f v\u00a0\u00favode st\u00fapania gestikuloval do kamery ukon\u010denie p\u00f4sobenia na \u010dele.<\/p>\n<div data-rows=\"1\" id='gallery-1' class='gallery-rows-1 gallery galleryid-4346 gallery-columns-3 gallery-size-full'><figure class='gallery-item'>\n\t\t\t<div class='gallery-icon landscape'>\n\t\t\t\t<a href='https:\/\/d2p6e6u75xmxt8.cloudfront.net\/4\/2018\/07\/MD_FRA_20180725_TDF_17_etapa_0001_H.webp'><img loading=\"lazy\" decoding=\"async\" width=\"1200\" height=\"800\" src=\"https:\/\/d2p6e6u75xmxt8.cloudfront.net\/4\/2018\/07\/MD_FRA_20180725_TDF_17_etapa_0001_H.webp\" class=\"attachment-full size-full\" alt=\"\" srcset=\"https:\/\/d2p6e6u75xmxt8.cloudfront.net\/4\/2018\/07\/MD_FRA_20180725_TDF_17_etapa_0001_H.webp 1200w, https:\/\/d2p6e6u75xmxt8.cloudfront.net\/4\/2018\/07\/MD_FRA_20180725_TDF_17_etapa_0001_H-300x200.webp 300w, https:\/\/d2p6e6u75xmxt8.cloudfront.net\/4\/2018\/07\/MD_FRA_20180725_TDF_17_etapa_0001_H-1024x683.webp 1024w, https:\/\/d2p6e6u75xmxt8.cloudfront.net\/4\/2018\/07\/MD_FRA_20180725_TDF_17_etapa_0001_H-768x512.webp 768w, https:\/\/d2p6e6u75xmxt8.cloudfront.net\/4\/2018\/07\/MD_FRA_20180725_TDF_17_etapa_0001_H-272x182.webp 272w\" sizes=\"auto, (max-width: 1200px) 100vw, 1200px\" \/><\/a>\n\t\t\t<\/div><\/figure><figure class='gallery-item'>\n\t\t\t<div class='gallery-icon landscape'>\n\t\t\t\t<a href='https:\/\/d2p6e6u75xmxt8.cloudfront.net\/4\/2018\/07\/MD_FRA_20180725_TDF_17_etapa_0002_H.webp'><img loading=\"lazy\" decoding=\"async\" width=\"1200\" height=\"800\" src=\"https:\/\/d2p6e6u75xmxt8.cloudfront.net\/4\/2018\/07\/MD_FRA_20180725_TDF_17_etapa_0002_H.webp\" class=\"attachment-full size-full\" alt=\"\" srcset=\"https:\/\/d2p6e6u75xmxt8.cloudfront.net\/4\/2018\/07\/MD_FRA_20180725_TDF_17_etapa_0002_H.webp 1200w, https:\/\/d2p6e6u75xmxt8.cloudfront.net\/4\/2018\/07\/MD_FRA_20180725_TDF_17_etapa_0002_H-300x200.webp 300w, https:\/\/d2p6e6u75xmxt8.cloudfront.net\/4\/2018\/07\/MD_FRA_20180725_TDF_17_etapa_0002_H-1024x683.webp 1024w, https:\/\/d2p6e6u75xmxt8.cloudfront.net\/4\/2018\/07\/MD_FRA_20180725_TDF_17_etapa_0002_H-768x512.webp 768w, https:\/\/d2p6e6u75xmxt8.cloudfront.net\/4\/2018\/07\/MD_FRA_20180725_TDF_17_etapa_0002_H-272x182.webp 272w\" sizes=\"auto, (max-width: 1200px) 100vw, 1200px\" \/><\/a>\n\t\t\t<\/div><\/figure><figure class='gallery-item'>\n\t\t\t<div class='gallery-icon landscape'>\n\t\t\t\t<a href='https:\/\/d2p6e6u75xmxt8.cloudfront.net\/4\/2018\/07\/MD_FRA_20180725_TDF_17_etapa_0004_H.webp'><img loading=\"lazy\" decoding=\"async\" width=\"1200\" height=\"800\" src=\"https:\/\/d2p6e6u75xmxt8.cloudfront.net\/4\/2018\/07\/MD_FRA_20180725_TDF_17_etapa_0004_H.webp\" class=\"attachment-full size-full\" alt=\"\" srcset=\"https:\/\/d2p6e6u75xmxt8.cloudfront.net\/4\/2018\/07\/MD_FRA_20180725_TDF_17_etapa_0004_H.webp 1200w, https:\/\/d2p6e6u75xmxt8.cloudfront.net\/4\/2018\/07\/MD_FRA_20180725_TDF_17_etapa_0004_H-300x200.webp 300w, https:\/\/d2p6e6u75xmxt8.cloudfront.net\/4\/2018\/07\/MD_FRA_20180725_TDF_17_etapa_0004_H-1024x683.webp 1024w, https:\/\/d2p6e6u75xmxt8.cloudfront.net\/4\/2018\/07\/MD_FRA_20180725_TDF_17_etapa_0004_H-768x512.webp 768w, https:\/\/d2p6e6u75xmxt8.cloudfront.net\/4\/2018\/07\/MD_FRA_20180725_TDF_17_etapa_0004_H-272x182.webp 272w\" sizes=\"auto, (max-width: 1200px) 100vw, 1200px\" \/><\/a>\n\t\t\t<\/div><\/figure>\n\t\t<\/div>\n        \n<p>Taktick\u00fd \u0165ah Movistaru, ktor\u00fd v\u00a0\u00favode vyslal <strong>Valverdeho<\/strong> do \u00faniku, 12 kilometrov pred koncom naplnil svoj \u00fa\u010del, ke\u010f sa do kontaktu s\u00a0n\u00edm dostal po \u00fatoku Quintana (Movistar) a\u00a0zah\u00e1jil <strong>atak na \u017elt\u00fd dres<\/strong>. Reakcia t\u00edmu Sky nebola presved\u010div\u00e1, mo\u017eno aj pre dostato\u010dn\u00fd rozdiel medzi n\u00edm a\u00a0Thomasom (Sky), \u010diniaci viac ako \u0161tyri a\u00a0pol min\u00faty. Tempo Quintanu (Movistar) nedok\u00e1zal akceptova\u0165 ani Kangert (Astana), ani Majka (BORA-hansgrohe). V\u00a0jeho z\u00e1vese sa viezol s\u00a0polmin\u00fatov\u00fdm odstupom len Martin (UAE). Necel\u00e9 dva kilometre pred koncom sa po ne\u00faspe\u0161nom \u00fatoku Rogli\u010da (Team LottoNL\u2013Jumbo) o\u0148 rovnako pok\u00fasil Dumoulin (Sunweb), ktor\u00fd dok\u00e1zal zlomi\u0165 \u201eneporazite\u013en\u00e9ho\u201c \u0161tvorn\u00e1sobn\u00e9ho v\u00ed\u0165aza Tour, Frooma (Sky). \u00daspe\u0161ne mu kontroval iba Rogli\u010d (Team LottoNL\u2013Jumbo) a\u00a0Thomas (Sky).<\/p>\n<lite-youtube videoid=BGc4_PtEkQU params=\"enablejsapi=1\" style=\"background-image: url('https:\/\/i.ytimg.com\/vi_webp\/BGc4_PtEkQU\/maxresdefault.webp');\"><\/lite-youtube>\n<p>V\u00ed\u0165azstvom dov\u0155\u0161il \u00fatok Quintana (Movistar). Po druhom Martinovi (UAE) v\u00a0z\u00e1vese do\u0161iel Thomas (Sky), ktor\u00fd e\u0161te nav\u00fd\u0161il svoj n\u00e1skok o\u00a0p\u00e1r sek\u00fand. Froome (Sky) stratil svoje druh\u00e9 miesto v\u00a0celkovej klasifik\u00e1cii.<\/p>\n<p><a href=\"https:\/\/d2p6e6u75xmxt8.cloudfront.net\/4\/2018\/07\/03-8.jpg\"><img loading=\"lazy\" decoding=\"async\" class=\"alignnone size-full wp-image-4375\" src=\"https:\/\/d2p6e6u75xmxt8.cloudfront.net\/4\/2018\/07\/03-8.jpg\" alt=\"\" width=\"1200\" height=\"800\" \/><\/a><em>Quintana (Movistar) mieri osamotene za v\u00ed\u0165azstvom.<\/em><\/p>\n<p>V\u0161etk\u00fdm d\u0148om v\u0161ak e\u0161te ani z\u010faleka neodzvonilo. Jazdcov e\u0161te \u010dak\u00e1 <strong>zajtraj\u0161ia rovinat\u00e1 etapa<\/strong>, nasledovan\u00e1 poslednou horskou. Za nimi sa doval\u00ed individu\u00e1lna \u010dasovka, ktor\u00e1 pod\u013ea v\u0161etk\u00fdch predpokladov rozhodne. Dok\u00e1\u017ee niekto prekvapi\u0165 \u0161pi\u010dkov\u00fdch \u010dasovk\u00e1rov z\u00a0t\u00edmu Sky? Nechajme sa prekvapi\u0165.<\/p>\n","protected":false},"excerpt":{"rendered":"<p>Nev\u0161edn\u00e1 a\u00a0vyz\u00fdvaj\u00faca, Bagn\u00e8res-de-Luchon &gt; Saint-Lary-Soulan Col du Portet (65 km, horsk\u00e1).<\/p>\n","protected":false},"author":38,"featured_media":4377,"comment_status":"open","ping_status":"open","sticky":false,"template":"","format":"standard","meta":{"footnotes":""},"categories":[4,117],"tags":[160,275,115,119,306,149,116,46,179,270,20,308],"global-categories":[],"class_list":["post-4346","post","type-post","status-publish","format-standard","has-post-thumbnail","hentry","category-cestna-cyklisitika","category-tour-de-france","tag-bora-hansgrohe","tag-cesta","tag-cestna-cyklistika","tag-chris-froome","tag-francuzsko","tag-geraint-thomas","tag-nairo-quintana","tag-peter-sagan","tag-preteky","tag-team-sky","tag-tour-de-france","tag-tour-de-france-2018"],"yoast_head":"<!-- This site is optimized with the Yoast SEO Premium plugin v25.3 (Yoast SEO v25.9) - https:\/\/yoast.com\/wordpress\/plugins\/seo\/ -->\n<title>Najkrat\u0161ia etapa v novodobej hist\u00f3rii Tour de France - \u0160koda We Love Cycling Slovensko<\/title>\n<meta name=\"robots\" content=\"index, follow, max-snippet:-1, max-image-preview:large, max-video-preview:-1\" \/>\n<link rel=\"canonical\" href=\"https:\/\/www.welovecycling.com\/sk\/2018\/07\/25\/najkratsia-etapa-v-novodobej-historii-tour-de-france\/\" \/>\n<meta property=\"og:locale\" content=\"sk_SK\" \/>\n<meta property=\"og:type\" content=\"article\" \/>\n<meta property=\"og:title\" content=\"Najkrat\u0161ia etapa v novodobej hist\u00f3rii Tour de France\" \/>\n<meta property=\"og:description\" content=\"Nev\u0161edn\u00e1 a\u00a0vyz\u00fdvaj\u00faca, Bagn\u00e8res-de-Luchon &gt; Saint-Lary-Soulan Col du Portet (65 km, horsk\u00e1).\" \/>\n<meta property=\"og:url\" content=\"https:\/\/www.welovecycling.com\/sk\/2018\/07\/25\/najkratsia-etapa-v-novodobej-historii-tour-de-france\/\" \/>\n<meta property=\"og:site_name\" content=\"\u0160koda We Love Cycling Slovensko\" \/>\n<meta property=\"article:published_time\" content=\"2018-07-25T16:29:48+00:00\" \/>\n<meta property=\"article:modified_time\" content=\"2018-07-31T12:28:37+00:00\" \/>\n<meta property=\"og:image\" content=\"https:\/\/d2p6e6u75xmxt8.cloudfront.net\/4\/2018\/07\/37850649_1748346628548042_599483830004350976_o.webp\" \/>\n\t<meta property=\"og:image:width\" content=\"1375\" \/>\n\t<meta property=\"og:image:height\" content=\"600\" \/>\n\t<meta property=\"og:image:type\" content=\"image\/webp\" \/>\n<meta name=\"author\" content=\"Ondrej Ga\u0161par\" \/>\n<meta name=\"twitter:card\" content=\"summary_large_image\" \/>\n<meta name=\"twitter:label1\" content=\"Written by\" \/>\n\t<meta name=\"twitter:data1\" content=\"We Love Cycling\" \/>\n\t<meta name=\"twitter:label2\" content=\"Est. reading time\" \/>\n\t<meta name=\"twitter:data2\" content=\"3\" \/>\n<script type=\"application\/ld+json\" class=\"yoast-schema-graph\">{\"@context\":\"https:\/\/schema.org\",\"@graph\":[{\"@type\":\"WebPage\",\"@id\":\"https:\/\/www.welovecycling.com\/sk\/2018\/07\/25\/najkratsia-etapa-v-novodobej-historii-tour-de-france\/\",\"url\":\"https:\/\/www.welovecycling.com\/sk\/2018\/07\/25\/najkratsia-etapa-v-novodobej-historii-tour-de-france\/\",\"name\":\"Najkrat\u0161ia etapa v novodobej hist\u00f3rii Tour de France - \u0160koda We Love Cycling Slovensko\",\"isPartOf\":{\"@id\":\"https:\/\/www.welovecycling.com\/sk\/#website\"},\"primaryImageOfPage\":{\"@id\":\"https:\/\/www.welovecycling.com\/sk\/2018\/07\/25\/najkratsia-etapa-v-novodobej-historii-tour-de-france\/#primaryimage\"},\"image\":{\"@id\":\"https:\/\/www.welovecycling.com\/sk\/2018\/07\/25\/najkratsia-etapa-v-novodobej-historii-tour-de-france\/#primaryimage\"},\"thumbnailUrl\":\"https:\/\/d2p6e6u75xmxt8.cloudfront.net\/4\/2018\/07\/37850649_1748346628548042_599483830004350976_o.webp\",\"datePublished\":\"2018-07-25T16:29:48+00:00\",\"dateModified\":\"2018-07-31T12:28:37+00:00\",\"author\":{\"@id\":\"https:\/\/www.welovecycling.com\/sk\/#\/schema\/person\/8ee09ba39b7e25b1870160aa5b3a89bc\"},\"breadcrumb\":{\"@id\":\"https:\/\/www.welovecycling.com\/sk\/2018\/07\/25\/najkratsia-etapa-v-novodobej-historii-tour-de-france\/#breadcrumb\"},\"inLanguage\":\"sk-SK\",\"potentialAction\":[{\"@type\":\"ReadAction\",\"target\":[\"https:\/\/www.welovecycling.com\/sk\/2018\/07\/25\/najkratsia-etapa-v-novodobej-historii-tour-de-france\/\"]}]},{\"@type\":\"ImageObject\",\"inLanguage\":\"sk-SK\",\"@id\":\"https:\/\/www.welovecycling.com\/sk\/2018\/07\/25\/najkratsia-etapa-v-novodobej-historii-tour-de-france\/#primaryimage\",\"url\":\"https:\/\/d2p6e6u75xmxt8.cloudfront.net\/4\/2018\/07\/37850649_1748346628548042_599483830004350976_o.webp\",\"contentUrl\":\"https:\/\/d2p6e6u75xmxt8.cloudfront.net\/4\/2018\/07\/37850649_1748346628548042_599483830004350976_o.webp\",\"width\":1375,\"height\":600},{\"@type\":\"BreadcrumbList\",\"@id\":\"https:\/\/www.welovecycling.com\/sk\/2018\/07\/25\/najkratsia-etapa-v-novodobej-historii-tour-de-france\/#breadcrumb\",\"itemListElement\":[{\"@type\":\"ListItem\",\"position\":1,\"name\":\"Home\",\"item\":\"https:\/\/www.welovecycling.com\/sk\/\"},{\"@type\":\"ListItem\",\"position\":2,\"name\":\"Najkrat\u0161ia etapa v novodobej hist\u00f3rii Tour de France\"}]},{\"@type\":\"WebSite\",\"@id\":\"https:\/\/www.welovecycling.com\/sk\/#website\",\"url\":\"https:\/\/www.welovecycling.com\/sk\/\",\"name\":\"\u0160koda We Love Cycling Slovensko\",\"description\":\"\u0160koda We Love Cycling Slovensko je v\u00e1\u0161 ka\u017edodenn\u00fd zdroj noviniek a in\u0161pir\u00e1cie z sveta cyklistiky\",\"potentialAction\":[{\"@type\":\"SearchAction\",\"target\":{\"@type\":\"EntryPoint\",\"urlTemplate\":\"https:\/\/www.welovecycling.com\/sk\/?s={search_term_string}\"},\"query-input\":{\"@type\":\"PropertyValueSpecification\",\"valueRequired\":true,\"valueName\":\"search_term_string\"}}],\"inLanguage\":\"sk-SK\"},{\"@type\":\"Person\",\"@id\":\"https:\/\/www.welovecycling.com\/sk\/#\/schema\/person\/8ee09ba39b7e25b1870160aa5b3a89bc\",\"name\":\"Ondrej Ga\u0161par\",\"image\":{\"@type\":\"ImageObject\",\"inLanguage\":\"sk-SK\",\"@id\":\"https:\/\/www.welovecycling.com\/sk\/#\/schema\/person\/image\/\",\"url\":\"https:\/\/secure.gravatar.com\/avatar\/6126c9afb87b70da5abbb083ddbb21933da15f18f8ca7cb822aba0fb096a48f6?s=96&d=mm&r=g\",\"contentUrl\":\"https:\/\/secure.gravatar.com\/avatar\/6126c9afb87b70da5abbb083ddbb21933da15f18f8ca7cb822aba0fb096a48f6?s=96&d=mm&r=g\",\"caption\":\"Ondrej Ga\u0161par\"},\"url\":\"https:\/\/www.welovecycling.com\/sk\/author\/ondrejgaspar\/\"}]}<\/script>\n<!-- \/ Yoast SEO Premium plugin. -->","yoast_head_json":{"title":"Najkrat\u0161ia etapa v novodobej hist\u00f3rii Tour de France - \u0160koda We Love Cycling Slovensko","robots":{"index":"index","follow":"follow","max-snippet":"max-snippet:-1","max-image-preview":"max-image-preview:large","max-video-preview":"max-video-preview:-1"},"canonical":"https:\/\/www.welovecycling.com\/sk\/2018\/07\/25\/najkratsia-etapa-v-novodobej-historii-tour-de-france\/","og_locale":"sk_SK","og_type":"article","og_title":"Najkrat\u0161ia etapa v novodobej hist\u00f3rii Tour de France","og_description":"Nev\u0161edn\u00e1 a\u00a0vyz\u00fdvaj\u00faca, Bagn\u00e8res-de-Luchon &gt; Saint-Lary-Soulan Col du Portet (65 km, horsk\u00e1).","og_url":"https:\/\/www.welovecycling.com\/sk\/2018\/07\/25\/najkratsia-etapa-v-novodobej-historii-tour-de-france\/","og_site_name":"\u0160koda We Love Cycling Slovensko","article_published_time":"2018-07-25T16:29:48+00:00","article_modified_time":"2018-07-31T12:28:37+00:00","og_image":[{"width":1375,"height":600,"url":"https:\/\/d2p6e6u75xmxt8.cloudfront.net\/4\/2018\/07\/37850649_1748346628548042_599483830004350976_o.webp","type":"image\/webp"}],"author":"Ondrej Ga\u0161par","twitter_card":"summary_large_image","twitter_misc":{"Written by":"We Love Cycling","Est. reading time":"3"},"schema":{"@context":"https:\/\/schema.org","@graph":[{"@type":"WebPage","@id":"https:\/\/www.welovecycling.com\/sk\/2018\/07\/25\/najkratsia-etapa-v-novodobej-historii-tour-de-france\/","url":"https:\/\/www.welovecycling.com\/sk\/2018\/07\/25\/najkratsia-etapa-v-novodobej-historii-tour-de-france\/","name":"Najkrat\u0161ia etapa v novodobej hist\u00f3rii Tour de France - \u0160koda We Love Cycling Slovensko","isPartOf":{"@id":"https:\/\/www.welovecycling.com\/sk\/#website"},"primaryImageOfPage":{"@id":"https:\/\/www.welovecycling.com\/sk\/2018\/07\/25\/najkratsia-etapa-v-novodobej-historii-tour-de-france\/#primaryimage"},"image":{"@id":"https:\/\/www.welovecycling.com\/sk\/2018\/07\/25\/najkratsia-etapa-v-novodobej-historii-tour-de-france\/#primaryimage"},"thumbnailUrl":"https:\/\/d2p6e6u75xmxt8.cloudfront.net\/4\/2018\/07\/37850649_1748346628548042_599483830004350976_o.webp","datePublished":"2018-07-25T16:29:48+00:00","dateModified":"2018-07-31T12:28:37+00:00","author":{"@id":"https:\/\/www.welovecycling.com\/sk\/#\/schema\/person\/8ee09ba39b7e25b1870160aa5b3a89bc"},"breadcrumb":{"@id":"https:\/\/www.welovecycling.com\/sk\/2018\/07\/25\/najkratsia-etapa-v-novodobej-historii-tour-de-france\/#breadcrumb"},"inLanguage":"sk-SK","potentialAction":[{"@type":"ReadAction","target":["https:\/\/www.welovecycling.com\/sk\/2018\/07\/25\/najkratsia-etapa-v-novodobej-historii-tour-de-france\/"]}]},{"@type":"ImageObject","inLanguage":"sk-SK","@id":"https:\/\/www.welovecycling.com\/sk\/2018\/07\/25\/najkratsia-etapa-v-novodobej-historii-tour-de-france\/#primaryimage","url":"https:\/\/d2p6e6u75xmxt8.cloudfront.net\/4\/2018\/07\/37850649_1748346628548042_599483830004350976_o.webp","contentUrl":"https:\/\/d2p6e6u75xmxt8.cloudfront.net\/4\/2018\/07\/37850649_1748346628548042_599483830004350976_o.webp","width":1375,"height":600},{"@type":"BreadcrumbList","@id":"https:\/\/www.welovecycling.com\/sk\/2018\/07\/25\/najkratsia-etapa-v-novodobej-historii-tour-de-france\/#breadcrumb","itemListElement":[{"@type":"ListItem","position":1,"name":"Home","item":"https:\/\/www.welovecycling.com\/sk\/"},{"@type":"ListItem","position":2,"name":"Najkrat\u0161ia etapa v novodobej hist\u00f3rii Tour de France"}]},{"@type":"WebSite","@id":"https:\/\/www.welovecycling.com\/sk\/#website","url":"https:\/\/www.welovecycling.com\/sk\/","name":"\u0160koda We Love Cycling Slovensko","description":"\u0160koda We Love Cycling Slovensko je v\u00e1\u0161 ka\u017edodenn\u00fd zdroj noviniek a in\u0161pir\u00e1cie z sveta cyklistiky","potentialAction":[{"@type":"SearchAction","target":{"@type":"EntryPoint","urlTemplate":"https:\/\/www.welovecycling.com\/sk\/?s={search_term_string}"},"query-input":{"@type":"PropertyValueSpecification","valueRequired":true,"valueName":"search_term_string"}}],"inLanguage":"sk-SK"},{"@type":"Person","@id":"https:\/\/www.welovecycling.com\/sk\/#\/schema\/person\/8ee09ba39b7e25b1870160aa5b3a89bc","name":"Ondrej Ga\u0161par","image":{"@type":"ImageObject","inLanguage":"sk-SK","@id":"https:\/\/www.welovecycling.com\/sk\/#\/schema\/person\/image\/","url":"https:\/\/secure.gravatar.com\/avatar\/6126c9afb87b70da5abbb083ddbb21933da15f18f8ca7cb822aba0fb096a48f6?s=96&d=mm&r=g","contentUrl":"https:\/\/secure.gravatar.com\/avatar\/6126c9afb87b70da5abbb083ddbb21933da15f18f8ca7cb822aba0fb096a48f6?s=96&d=mm&r=g","caption":"Ondrej Ga\u0161par"},"url":"https:\/\/www.welovecycling.com\/sk\/author\/ondrejgaspar\/"}]}},"_links":{"self":[{"href":"https:\/\/www.welovecycling.com\/sk\/wp-json\/wp\/v2\/posts\/4346","targetHints":{"allow":["GET"]}}],"collection":[{"href":"https:\/\/www.welovecycling.com\/sk\/wp-json\/wp\/v2\/posts"}],"about":[{"href":"https:\/\/www.welovecycling.com\/sk\/wp-json\/wp\/v2\/types\/post"}],"author":[{"embeddable":true,"href":"https:\/\/www.welovecycling.com\/sk\/wp-json\/wp\/v2\/users\/38"}],"replies":[{"embeddable":true,"href":"https:\/\/www.welovecycling.com\/sk\/wp-json\/wp\/v2\/comments?post=4346"}],"version-history":[{"count":2,"href":"https:\/\/www.welovecycling.com\/sk\/wp-json\/wp\/v2\/posts\/4346\/revisions"}],"predecessor-version":[{"id":4468,"href":"https:\/\/www.welovecycling.com\/sk\/wp-json\/wp\/v2\/posts\/4346\/revisions\/4468"}],"wp:featuredmedia":[{"embeddable":true,"href":"https:\/\/www.welovecycling.com\/sk\/wp-json\/wp\/v2\/media\/4377"}],"wp:attachment":[{"href":"https:\/\/www.welovecycling.com\/sk\/wp-json\/wp\/v2\/media?parent=4346"}],"wp:term":[{"taxonomy":"category","embeddable":true,"href":"https:\/\/www.welovecycling.com\/sk\/wp-json\/wp\/v2\/categories?post=4346"},{"taxonomy":"post_tag","embeddable":true,"href":"https:\/\/www.welovecycling.com\/sk\/wp-json\/wp\/v2\/tags?post=4346"},{"taxonomy":"global-categories","embeddable":true,"href":"https:\/\/www.welovecycling.com\/sk\/wp-json\/wp\/v2\/global-categories?post=4346"}],"curies":[{"name":"wp","href":"https:\/\/api.w.org\/{rel}","templated":true}]}}