{"id":4345,"date":"2018-07-25T16:41:03","date_gmt":"2018-07-25T14:41:03","guid":{"rendered":"https:\/\/www.welovecycling.com\/sk\/?p=4345"},"modified":"2018-07-26T13:42:42","modified_gmt":"2018-07-26T11:42:42","slug":"stupava-devin-a-borinka","status":"publish","type":"post","link":"https:\/\/www.welovecycling.com\/sk\/2018\/07\/25\/stupava-devin-a-borinka\/","title":{"rendered":"Stupava, Dev\u00edn a Borinka"},"content":{"rendered":"<p><strong>\u010eal\u0161ie miesto kde bude \u0161tartova\u0165 \u0160koda BIKE OPEN TOUR 2018, je Stupava.<\/strong><\/p>\n<p><strong>Te\u0161il som sa, preto\u017ee ke\u010f som bol v\u00a0Sv. Jure (ktor\u00fd je cez kopec), tak som jazdil po kr\u00e1sne upraven\u00fdch cesti\u010dk\u00e1ch, ktor\u00e9 sa hodili na ka\u017ed\u00fd horsk\u00fd aj trekingov\u00fd bicykel. V\u00a0Stupave a\u00a0okol\u00ed sa nach\u00e1dza ve\u013ea zauj\u00edmavost\u00ed, ktor\u00e9 som chcel prejs\u0165. Korunou mal by\u0165 Dev\u00edn \u2013 kde som e\u0161te nikdy v\u00a0\u017eivote nebol.<\/strong><\/p>\n<p><!--more--><\/p>\n<p><a href=\"https:\/\/d2p6e6u75xmxt8.cloudfront.net\/4\/2018\/07\/jurajcyklista-stupava_01.JPG.jpg\"><img loading=\"lazy\" decoding=\"async\" class=\"alignnone size-full wp-image-4354\" src=\"https:\/\/d2p6e6u75xmxt8.cloudfront.net\/4\/2018\/07\/jurajcyklista-stupava_01.JPG.jpg\" alt=\"\" width=\"1200\" height=\"900\" \/><\/a><\/p>\n<p>Tento kr\u00e1t som ne\u0161iel s\u00e1m, ale zobral som aj priate\u013eku. Vyr\u00e1\u017eali sme v\u0161ak pomerne neskoro, \u010do ale nevadilo, preto\u017ee som si rezervoval v\u00a0Stupave aj ubytovanie na jednu noc.<\/p>\n<p>K\u00fdm sme i\u0161li autom po upr\u0161anej D1, tak moja priate\u013eka pozorne kukala na telef\u00f3ne po\u010dasie nad Stupavou. Hrozne pr\u0161alo, ale k\u00fdm sa n\u00e1m podarilo dosta\u0165 cez Bratislavu do cie\u013eov\u00e9ho mesta, tak u\u017e na\u0161\u0165astie nepr\u0161alo.<\/p>\n<p>Ubytovali sme sa a\u017e o\u00a0pol \u00f4smej sme e\u0161te vyrazili na bicykloch smerom na Dev\u00edn.<\/p>\n<h2><strong>Zo Stupavy na Dev\u00edn, okolo Moravy<\/strong><\/h2>\n<p>Zamierili sme po \u017eltej zna\u010dke von zo Stupavy k\u00a0rieke Morave. Okolo nej vedie pr\u00edjemn\u00fd cyklochodn\u00edk, s\u00a0\u010dervenou zna\u010dkou, vhodn\u00fd pre trekingov\u00e9 aj horsk\u00e9 bicykle. Zauj\u00edmavos\u0165ou s\u00fa vojensk\u00e9 bunkre, ktor\u00fdch je popri tejto ceste viac ne\u017e dos\u0165.<\/p>\n<div data-rows=\"1\" id='gallery-1' class='gallery-rows-1 gallery galleryid-4345 gallery-columns-3 gallery-size-full'><figure class='gallery-item'>\n\t\t\t<div class='gallery-icon landscape'>\n\t\t\t\t<a href='https:\/\/d2p6e6u75xmxt8.cloudfront.net\/4\/2018\/07\/jurajcyklista-stupava_02.JPG.webp'><img loading=\"lazy\" decoding=\"async\" width=\"1200\" height=\"900\" src=\"https:\/\/d2p6e6u75xmxt8.cloudfront.net\/4\/2018\/07\/jurajcyklista-stupava_02.JPG.webp\" class=\"attachment-full size-full\" alt=\"\" srcset=\"https:\/\/d2p6e6u75xmxt8.cloudfront.net\/4\/2018\/07\/jurajcyklista-stupava_02.JPG.webp 1200w, https:\/\/d2p6e6u75xmxt8.cloudfront.net\/4\/2018\/07\/jurajcyklista-stupava_02.JPG-300x225.webp 300w, https:\/\/d2p6e6u75xmxt8.cloudfront.net\/4\/2018\/07\/jurajcyklista-stupava_02.JPG-1024x768.webp 1024w, https:\/\/d2p6e6u75xmxt8.cloudfront.net\/4\/2018\/07\/jurajcyklista-stupava_02.JPG-768x576.webp 768w\" sizes=\"auto, (max-width: 1200px) 100vw, 1200px\" \/><\/a>\n\t\t\t<\/div><\/figure><figure class='gallery-item'>\n\t\t\t<div class='gallery-icon landscape'>\n\t\t\t\t<a href='https:\/\/d2p6e6u75xmxt8.cloudfront.net\/4\/2018\/07\/jurajcyklista-stupava_03.JPG.webp'><img loading=\"lazy\" decoding=\"async\" width=\"1200\" height=\"900\" src=\"https:\/\/d2p6e6u75xmxt8.cloudfront.net\/4\/2018\/07\/jurajcyklista-stupava_03.JPG.webp\" class=\"attachment-full size-full\" alt=\"\" srcset=\"https:\/\/d2p6e6u75xmxt8.cloudfront.net\/4\/2018\/07\/jurajcyklista-stupava_03.JPG.webp 1200w, https:\/\/d2p6e6u75xmxt8.cloudfront.net\/4\/2018\/07\/jurajcyklista-stupava_03.JPG-300x225.webp 300w, https:\/\/d2p6e6u75xmxt8.cloudfront.net\/4\/2018\/07\/jurajcyklista-stupava_03.JPG-1024x768.webp 1024w, https:\/\/d2p6e6u75xmxt8.cloudfront.net\/4\/2018\/07\/jurajcyklista-stupava_03.JPG-768x576.webp 768w\" sizes=\"auto, (max-width: 1200px) 100vw, 1200px\" \/><\/a>\n\t\t\t<\/div><\/figure><figure class='gallery-item'>\n\t\t\t<div class='gallery-icon landscape'>\n\t\t\t\t<a href='https:\/\/d2p6e6u75xmxt8.cloudfront.net\/4\/2018\/07\/jurajcyklista-stupava_04.JPG.webp'><img loading=\"lazy\" decoding=\"async\" width=\"1200\" height=\"900\" src=\"https:\/\/d2p6e6u75xmxt8.cloudfront.net\/4\/2018\/07\/jurajcyklista-stupava_04.JPG.webp\" class=\"attachment-full size-full\" alt=\"\" srcset=\"https:\/\/d2p6e6u75xmxt8.cloudfront.net\/4\/2018\/07\/jurajcyklista-stupava_04.JPG.webp 1200w, https:\/\/d2p6e6u75xmxt8.cloudfront.net\/4\/2018\/07\/jurajcyklista-stupava_04.JPG-300x225.webp 300w, https:\/\/d2p6e6u75xmxt8.cloudfront.net\/4\/2018\/07\/jurajcyklista-stupava_04.JPG-1024x768.webp 1024w, https:\/\/d2p6e6u75xmxt8.cloudfront.net\/4\/2018\/07\/jurajcyklista-stupava_04.JPG-768x576.webp 768w\" sizes=\"auto, (max-width: 1200px) 100vw, 1200px\" \/><\/a>\n\t\t\t<\/div><\/figure><figure class='gallery-item'>\n\t\t\t<div class='gallery-icon landscape'>\n\t\t\t\t<a href='https:\/\/d2p6e6u75xmxt8.cloudfront.net\/4\/2018\/07\/jurajcyklista-stupava_05.JPG.webp'><img loading=\"lazy\" decoding=\"async\" width=\"1200\" height=\"900\" src=\"https:\/\/d2p6e6u75xmxt8.cloudfront.net\/4\/2018\/07\/jurajcyklista-stupava_05.JPG.webp\" class=\"attachment-full size-full\" alt=\"\" srcset=\"https:\/\/d2p6e6u75xmxt8.cloudfront.net\/4\/2018\/07\/jurajcyklista-stupava_05.JPG.webp 1200w, https:\/\/d2p6e6u75xmxt8.cloudfront.net\/4\/2018\/07\/jurajcyklista-stupava_05.JPG-300x225.webp 300w, https:\/\/d2p6e6u75xmxt8.cloudfront.net\/4\/2018\/07\/jurajcyklista-stupava_05.JPG-1024x768.webp 1024w, https:\/\/d2p6e6u75xmxt8.cloudfront.net\/4\/2018\/07\/jurajcyklista-stupava_05.JPG-768x576.webp 768w\" sizes=\"auto, (max-width: 1200px) 100vw, 1200px\" \/><\/a>\n\t\t\t<\/div><\/figure><figure class='gallery-item'>\n\t\t\t<div class='gallery-icon landscape'>\n\t\t\t\t<a href='https:\/\/d2p6e6u75xmxt8.cloudfront.net\/4\/2018\/07\/jurajcyklista-stupava_06.JPG.webp'><img loading=\"lazy\" decoding=\"async\" width=\"1200\" height=\"900\" src=\"https:\/\/d2p6e6u75xmxt8.cloudfront.net\/4\/2018\/07\/jurajcyklista-stupava_06.JPG.webp\" class=\"attachment-full size-full\" alt=\"\" srcset=\"https:\/\/d2p6e6u75xmxt8.cloudfront.net\/4\/2018\/07\/jurajcyklista-stupava_06.JPG.webp 1200w, https:\/\/d2p6e6u75xmxt8.cloudfront.net\/4\/2018\/07\/jurajcyklista-stupava_06.JPG-300x225.webp 300w, https:\/\/d2p6e6u75xmxt8.cloudfront.net\/4\/2018\/07\/jurajcyklista-stupava_06.JPG-1024x768.webp 1024w, https:\/\/d2p6e6u75xmxt8.cloudfront.net\/4\/2018\/07\/jurajcyklista-stupava_06.JPG-768x576.webp 768w\" sizes=\"auto, (max-width: 1200px) 100vw, 1200px\" \/><\/a>\n\t\t\t<\/div><\/figure>\n\t\t<\/div>\n        \n<p>Zastavili sme sa aj na cyklomoste Slobody, ktor\u00fd prech\u00e1dza ponad Moravu. Na \u0148om je aj zna\u010den\u00e1 \u0161t\u00e1tna hranica medzi Rak\u00faskom a\u00a0Slovenskom.<\/p>\n<div id='gallery-2' class='gallery galleryid-4345 gallery-columns-3 gallery-size-full'><figure class='gallery-item'>\n\t\t\t<div class='gallery-icon landscape'>\n\t\t\t\t<a href='https:\/\/d2p6e6u75xmxt8.cloudfront.net\/4\/2018\/07\/jurajcyklista-stupava_07.JPG.webp'><img loading=\"lazy\" decoding=\"async\" width=\"1200\" height=\"900\" src=\"https:\/\/d2p6e6u75xmxt8.cloudfront.net\/4\/2018\/07\/jurajcyklista-stupava_07.JPG.webp\" class=\"attachment-full size-full\" alt=\"\" srcset=\"https:\/\/d2p6e6u75xmxt8.cloudfront.net\/4\/2018\/07\/jurajcyklista-stupava_07.JPG.webp 1200w, https:\/\/d2p6e6u75xmxt8.cloudfront.net\/4\/2018\/07\/jurajcyklista-stupava_07.JPG-300x225.webp 300w, https:\/\/d2p6e6u75xmxt8.cloudfront.net\/4\/2018\/07\/jurajcyklista-stupava_07.JPG-1024x768.webp 1024w, https:\/\/d2p6e6u75xmxt8.cloudfront.net\/4\/2018\/07\/jurajcyklista-stupava_07.JPG-768x576.webp 768w\" sizes=\"auto, (max-width: 1200px) 100vw, 1200px\" \/><\/a>\n\t\t\t<\/div><\/figure><figure class='gallery-item'>\n\t\t\t<div class='gallery-icon landscape'>\n\t\t\t\t<a href='https:\/\/d2p6e6u75xmxt8.cloudfront.net\/4\/2018\/07\/jurajcyklista-stupava_08.JPG.webp'><img loading=\"lazy\" decoding=\"async\" width=\"1200\" height=\"900\" src=\"https:\/\/d2p6e6u75xmxt8.cloudfront.net\/4\/2018\/07\/jurajcyklista-stupava_08.JPG.webp\" class=\"attachment-full size-full\" alt=\"\" srcset=\"https:\/\/d2p6e6u75xmxt8.cloudfront.net\/4\/2018\/07\/jurajcyklista-stupava_08.JPG.webp 1200w, https:\/\/d2p6e6u75xmxt8.cloudfront.net\/4\/2018\/07\/jurajcyklista-stupava_08.JPG-300x225.webp 300w, https:\/\/d2p6e6u75xmxt8.cloudfront.net\/4\/2018\/07\/jurajcyklista-stupava_08.JPG-1024x768.webp 1024w, https:\/\/d2p6e6u75xmxt8.cloudfront.net\/4\/2018\/07\/jurajcyklista-stupava_08.JPG-768x576.webp 768w\" sizes=\"auto, (max-width: 1200px) 100vw, 1200px\" \/><\/a>\n\t\t\t<\/div><\/figure><figure class='gallery-item'>\n\t\t\t<div class='gallery-icon landscape'>\n\t\t\t\t<a href='https:\/\/d2p6e6u75xmxt8.cloudfront.net\/4\/2018\/07\/jurajcyklista-stupava_09.JPG.webp'><img loading=\"lazy\" decoding=\"async\" width=\"1200\" height=\"900\" src=\"https:\/\/d2p6e6u75xmxt8.cloudfront.net\/4\/2018\/07\/jurajcyklista-stupava_09.JPG.webp\" class=\"attachment-full size-full\" alt=\"\" srcset=\"https:\/\/d2p6e6u75xmxt8.cloudfront.net\/4\/2018\/07\/jurajcyklista-stupava_09.JPG.webp 1200w, https:\/\/d2p6e6u75xmxt8.cloudfront.net\/4\/2018\/07\/jurajcyklista-stupava_09.JPG-300x225.webp 300w, https:\/\/d2p6e6u75xmxt8.cloudfront.net\/4\/2018\/07\/jurajcyklista-stupava_09.JPG-1024x768.webp 1024w, https:\/\/d2p6e6u75xmxt8.cloudfront.net\/4\/2018\/07\/jurajcyklista-stupava_09.JPG-768x576.webp 768w\" sizes=\"auto, (max-width: 1200px) 100vw, 1200px\" \/><\/a>\n\t\t\t<\/div><\/figure>\n\t\t<\/div>\n\n<p>Pomali\u010dky sme sa dostali k\u00a0Dev\u00ednu, ktor\u00fd je zo Stupavy vzdialen\u00fd asi 20 kilometrov. Zauj\u00edmavos\u0165ou je aj Morava, ktor\u00e1 sa tu vlieva do Dunaja.<\/p>\n<div data-rows=\"1\" id='gallery-3' class='gallery-rows-1 gallery galleryid-4345 gallery-columns-3 gallery-size-full'><figure class='gallery-item'>\n\t\t\t<div class='gallery-icon landscape'>\n\t\t\t\t<a href='https:\/\/d2p6e6u75xmxt8.cloudfront.net\/4\/2018\/07\/jurajcyklista-stupava_01.JPG.webp'><img loading=\"lazy\" decoding=\"async\" width=\"1200\" height=\"900\" src=\"https:\/\/d2p6e6u75xmxt8.cloudfront.net\/4\/2018\/07\/jurajcyklista-stupava_01.JPG.webp\" class=\"attachment-full size-full\" alt=\"\" srcset=\"https:\/\/d2p6e6u75xmxt8.cloudfront.net\/4\/2018\/07\/jurajcyklista-stupava_01.JPG.webp 1200w, https:\/\/d2p6e6u75xmxt8.cloudfront.net\/4\/2018\/07\/jurajcyklista-stupava_01.JPG-300x225.webp 300w, https:\/\/d2p6e6u75xmxt8.cloudfront.net\/4\/2018\/07\/jurajcyklista-stupava_01.JPG-1024x768.webp 1024w, https:\/\/d2p6e6u75xmxt8.cloudfront.net\/4\/2018\/07\/jurajcyklista-stupava_01.JPG-768x576.webp 768w\" sizes=\"auto, (max-width: 1200px) 100vw, 1200px\" \/><\/a>\n\t\t\t<\/div><\/figure><figure class='gallery-item'>\n\t\t\t<div class='gallery-icon landscape'>\n\t\t\t\t<a href='https:\/\/d2p6e6u75xmxt8.cloudfront.net\/4\/2018\/07\/jurajcyklista-stupava_10.JPG.webp'><img loading=\"lazy\" decoding=\"async\" width=\"1200\" height=\"900\" src=\"https:\/\/d2p6e6u75xmxt8.cloudfront.net\/4\/2018\/07\/jurajcyklista-stupava_10.JPG.webp\" class=\"attachment-full size-full\" alt=\"\" srcset=\"https:\/\/d2p6e6u75xmxt8.cloudfront.net\/4\/2018\/07\/jurajcyklista-stupava_10.JPG.webp 1200w, https:\/\/d2p6e6u75xmxt8.cloudfront.net\/4\/2018\/07\/jurajcyklista-stupava_10.JPG-300x225.webp 300w, https:\/\/d2p6e6u75xmxt8.cloudfront.net\/4\/2018\/07\/jurajcyklista-stupava_10.JPG-1024x768.webp 1024w, https:\/\/d2p6e6u75xmxt8.cloudfront.net\/4\/2018\/07\/jurajcyklista-stupava_10.JPG-768x576.webp 768w\" sizes=\"auto, (max-width: 1200px) 100vw, 1200px\" \/><\/a>\n\t\t\t<\/div><\/figure><figure class='gallery-item'>\n\t\t\t<div class='gallery-icon landscape'>\n\t\t\t\t<a href='https:\/\/d2p6e6u75xmxt8.cloudfront.net\/4\/2018\/07\/jurajcyklista-stupava_11.JPG.webp'><img loading=\"lazy\" decoding=\"async\" width=\"1200\" height=\"900\" src=\"https:\/\/d2p6e6u75xmxt8.cloudfront.net\/4\/2018\/07\/jurajcyklista-stupava_11.JPG.webp\" class=\"attachment-full size-full\" alt=\"\" srcset=\"https:\/\/d2p6e6u75xmxt8.cloudfront.net\/4\/2018\/07\/jurajcyklista-stupava_11.JPG.webp 1200w, https:\/\/d2p6e6u75xmxt8.cloudfront.net\/4\/2018\/07\/jurajcyklista-stupava_11.JPG-300x225.webp 300w, https:\/\/d2p6e6u75xmxt8.cloudfront.net\/4\/2018\/07\/jurajcyklista-stupava_11.JPG-1024x768.webp 1024w, https:\/\/d2p6e6u75xmxt8.cloudfront.net\/4\/2018\/07\/jurajcyklista-stupava_11.JPG-768x576.webp 768w\" sizes=\"auto, (max-width: 1200px) 100vw, 1200px\" \/><\/a>\n\t\t\t<\/div><\/figure><figure class='gallery-item'>\n\t\t\t<div class='gallery-icon landscape'>\n\t\t\t\t<a href='https:\/\/d2p6e6u75xmxt8.cloudfront.net\/4\/2018\/07\/jurajcyklista-stupava_12.JPG.webp'><img loading=\"lazy\" decoding=\"async\" width=\"1200\" height=\"900\" src=\"https:\/\/d2p6e6u75xmxt8.cloudfront.net\/4\/2018\/07\/jurajcyklista-stupava_12.JPG.webp\" class=\"attachment-full size-full\" alt=\"\" srcset=\"https:\/\/d2p6e6u75xmxt8.cloudfront.net\/4\/2018\/07\/jurajcyklista-stupava_12.JPG.webp 1200w, https:\/\/d2p6e6u75xmxt8.cloudfront.net\/4\/2018\/07\/jurajcyklista-stupava_12.JPG-300x225.webp 300w, https:\/\/d2p6e6u75xmxt8.cloudfront.net\/4\/2018\/07\/jurajcyklista-stupava_12.JPG-1024x768.webp 1024w, https:\/\/d2p6e6u75xmxt8.cloudfront.net\/4\/2018\/07\/jurajcyklista-stupava_12.JPG-768x576.webp 768w\" sizes=\"auto, (max-width: 1200px) 100vw, 1200px\" \/><\/a>\n\t\t\t<\/div><\/figure>\n\t\t<\/div>\n        \n<p>Chcel som pokra\u010dova\u0165 okruhom cez Dev\u00ednsku kobylu. Kv\u00f4li neskorej hodine sme sa ale rozhodli, \u017ee sa vr\u00e1time po ceste ktorou sme pri\u0161li. I\u0161li sme skrz tmu, pri mesia\u010diku do Stupavy.<\/p>\n<p>Ke\u010f\u017ee bolo po da\u017edi, tak sa ob\u010das v\u00a0poslednej chv\u00edli ukazovali blatist\u00e9 ml\u00e1ky. Nepr\u00edjemn\u00e9 boli aj roje m\u00fach \u2013 ale u\u017e ka\u017ed\u00fd sk\u00fasen\u00fd cyklista vie, \u017ee ve\u010der sa mus\u00ed jazdi\u0165 so zavret\u00fdmi \u00fastami.<\/p>\n<p><a href=\"https:\/\/d2p6e6u75xmxt8.cloudfront.net\/4\/2018\/07\/jurajcyklista-stupava_14.JPG.jpg\"><img loading=\"lazy\" decoding=\"async\" class=\"alignnone size-full wp-image-4367\" src=\"https:\/\/d2p6e6u75xmxt8.cloudfront.net\/4\/2018\/07\/jurajcyklista-stupava_14.JPG.jpg\" alt=\"\" width=\"1200\" height=\"900\" \/><\/a><\/p>\n<p>Dostali sme sa do no\u010dnej Stupavy, objednali si pizzu, ktor\u00fa sme si zobrali na penzi\u00f3n a\u00a0i\u0161li sme spa\u0165. R\u00e1no ma toti\u017e \u010dakal skor\u00fd bud\u00ed\u010dek.<\/p>\n<p><a href=\"https:\/\/d2p6e6u75xmxt8.cloudfront.net\/4\/2018\/07\/jurajcyklista-stupava_15.JPG.jpg\"><img loading=\"lazy\" decoding=\"async\" class=\"alignnone size-full wp-image-4368\" src=\"https:\/\/d2p6e6u75xmxt8.cloudfront.net\/4\/2018\/07\/jurajcyklista-stupava_15.JPG.jpg\" alt=\"\" width=\"1200\" height=\"900\" \/><\/a><\/p>\n<h2><strong>DRUH\u00dd DE\u0147 &#8211; Dra\u010d\u00ed hr\u00e1dok a Marianka<\/strong><\/h2>\n<p>Kv\u00f4li tomu, \u017ee sme ve\u010der nestihli dokon\u010di\u0165 okruh, som musel r\u00e1no vst\u00e1va\u0165 u\u017e o\u00a0pol siedmej. Nevadilo mi to. Ve\u010f tu bolo r\u00e1no 20 \u00b0C, \u010do je pre m\u0148a \u2013 chalana z\u00a0Kys\u00fac &#8211; nezvyk.\u00a0\u00a0Moj\u00edm cie\u013eom boli zr\u00facaniny Paj\u0161t\u00fan a\u00a0Dra\u010d\u00ed hr\u00e1dok + p\u00fatnick\u00e9 miesto Marianka. Zo Stupavy ma vyviedla kr\u00e1sna cyklotrasa a\u017e som sa dostal do dedinky Borinka.<\/p>\n<p><a href=\"https:\/\/d2p6e6u75xmxt8.cloudfront.net\/4\/2018\/07\/jurajcyklista-stupava_16.JPG.jpg\"><img loading=\"lazy\" decoding=\"async\" class=\"alignnone size-full wp-image-4369\" src=\"https:\/\/d2p6e6u75xmxt8.cloudfront.net\/4\/2018\/07\/jurajcyklista-stupava_16.JPG.jpg\" alt=\"\" width=\"1200\" height=\"900\" \/><\/a><\/p>\n<p>Bol som pri smerovn\u00edku, ktor\u00fd ukazoval na turistick\u00fa trasu k Paj\u0161t\u00fanu a\u00a0so sklaman\u00edm som musel tento cie\u013e odvola\u0165. Cesti\u010dka bola \u00fazka a\u00a0po da\u017e\u010foch z\u00a0predch\u00e1dzaj\u00faceho d\u0148a by som sa asi zbyto\u010dne vytr\u00e1pil. To by mi samozrejme nevadilo, i\u0161lo ale o \u010das. Zamieril som teda na Dra\u010d\u00ed hr\u00e1dok cez Borinku, ktor\u00e1 je rovnako ako Stupava pretkan\u00e1 turistick\u00fdmi aj cyklistick\u00fdmi trasami.<\/p>\n<p>Pekn\u00e1 asfaltka, po ktorej sa d\u00e1 \u00eds\u0165 aj pekne oddychovo. Odbo\u010dka a\u00a0n\u00e1sledn\u00e9 st\u00fapanie k\u00a0Dra\u010diemu hr\u00e1dku u\u017e tak pr\u00edjemn\u00e9 ale neboli. Strm\u00e1 lesn\u00e1 cesti\u010dka.<\/p>\n<p>Pred hr\u00e1dkom bol aj smerovn\u00edk, ktor\u00fd ukazoval, \u017ee aj po tejto trase sa d\u00e1 dosta\u0165 na Paj\u0161t\u00fan. Zo samotn\u00e9ho hr\u00e1dku je vidie\u0165 toho m\u00e1li\u010dko. Chce to tro\u0161ku sk\u00fasenej\u0161ie oko, aby si \u010dlovek vedel predstavi\u0165, ako hrad vyzeral.<\/p>\n<div data-rows=\"1\" id='gallery-4' class='gallery-rows-1 gallery galleryid-4345 gallery-columns-3 gallery-size-full'><figure class='gallery-item'>\n\t\t\t<div class='gallery-icon landscape'>\n\t\t\t\t<a href='https:\/\/d2p6e6u75xmxt8.cloudfront.net\/4\/2018\/07\/jurajcyklista-stupava_17.JPG.webp'><img loading=\"lazy\" decoding=\"async\" width=\"1200\" height=\"900\" src=\"https:\/\/d2p6e6u75xmxt8.cloudfront.net\/4\/2018\/07\/jurajcyklista-stupava_17.JPG.webp\" class=\"attachment-full size-full\" alt=\"\" srcset=\"https:\/\/d2p6e6u75xmxt8.cloudfront.net\/4\/2018\/07\/jurajcyklista-stupava_17.JPG.webp 1200w, https:\/\/d2p6e6u75xmxt8.cloudfront.net\/4\/2018\/07\/jurajcyklista-stupava_17.JPG-300x225.webp 300w, https:\/\/d2p6e6u75xmxt8.cloudfront.net\/4\/2018\/07\/jurajcyklista-stupava_17.JPG-1024x768.webp 1024w, https:\/\/d2p6e6u75xmxt8.cloudfront.net\/4\/2018\/07\/jurajcyklista-stupava_17.JPG-768x576.webp 768w\" sizes=\"auto, (max-width: 1200px) 100vw, 1200px\" \/><\/a>\n\t\t\t<\/div><\/figure><figure class='gallery-item'>\n\t\t\t<div class='gallery-icon landscape'>\n\t\t\t\t<a href='https:\/\/d2p6e6u75xmxt8.cloudfront.net\/4\/2018\/07\/jurajcyklista-stupava_20.JPG.webp'><img loading=\"lazy\" decoding=\"async\" width=\"1200\" height=\"900\" src=\"https:\/\/d2p6e6u75xmxt8.cloudfront.net\/4\/2018\/07\/jurajcyklista-stupava_20.JPG.webp\" class=\"attachment-full size-full\" alt=\"\" srcset=\"https:\/\/d2p6e6u75xmxt8.cloudfront.net\/4\/2018\/07\/jurajcyklista-stupava_20.JPG.webp 1200w, https:\/\/d2p6e6u75xmxt8.cloudfront.net\/4\/2018\/07\/jurajcyklista-stupava_20.JPG-300x225.webp 300w, https:\/\/d2p6e6u75xmxt8.cloudfront.net\/4\/2018\/07\/jurajcyklista-stupava_20.JPG-1024x768.webp 1024w, https:\/\/d2p6e6u75xmxt8.cloudfront.net\/4\/2018\/07\/jurajcyklista-stupava_20.JPG-768x576.webp 768w\" sizes=\"auto, (max-width: 1200px) 100vw, 1200px\" \/><\/a>\n\t\t\t<\/div><\/figure><figure class='gallery-item'>\n\t\t\t<div class='gallery-icon landscape'>\n\t\t\t\t<a href='https:\/\/d2p6e6u75xmxt8.cloudfront.net\/4\/2018\/07\/jurajcyklista-stupava_19.JPG.webp'><img loading=\"lazy\" decoding=\"async\" width=\"1200\" height=\"900\" src=\"https:\/\/d2p6e6u75xmxt8.cloudfront.net\/4\/2018\/07\/jurajcyklista-stupava_19.JPG.webp\" class=\"attachment-full size-full\" alt=\"\" srcset=\"https:\/\/d2p6e6u75xmxt8.cloudfront.net\/4\/2018\/07\/jurajcyklista-stupava_19.JPG.webp 1200w, https:\/\/d2p6e6u75xmxt8.cloudfront.net\/4\/2018\/07\/jurajcyklista-stupava_19.JPG-300x225.webp 300w, https:\/\/d2p6e6u75xmxt8.cloudfront.net\/4\/2018\/07\/jurajcyklista-stupava_19.JPG-1024x768.webp 1024w, https:\/\/d2p6e6u75xmxt8.cloudfront.net\/4\/2018\/07\/jurajcyklista-stupava_19.JPG-768x576.webp 768w\" sizes=\"auto, (max-width: 1200px) 100vw, 1200px\" \/><\/a>\n\t\t\t<\/div><\/figure><figure class='gallery-item'>\n\t\t\t<div class='gallery-icon landscape'>\n\t\t\t\t<a href='https:\/\/d2p6e6u75xmxt8.cloudfront.net\/4\/2018\/07\/jurajcyklista-stupava_18.JPG.webp'><img loading=\"lazy\" decoding=\"async\" width=\"1200\" height=\"900\" src=\"https:\/\/d2p6e6u75xmxt8.cloudfront.net\/4\/2018\/07\/jurajcyklista-stupava_18.JPG.webp\" class=\"attachment-full size-full\" alt=\"\" srcset=\"https:\/\/d2p6e6u75xmxt8.cloudfront.net\/4\/2018\/07\/jurajcyklista-stupava_18.JPG.webp 1200w, https:\/\/d2p6e6u75xmxt8.cloudfront.net\/4\/2018\/07\/jurajcyklista-stupava_18.JPG-300x225.webp 300w, https:\/\/d2p6e6u75xmxt8.cloudfront.net\/4\/2018\/07\/jurajcyklista-stupava_18.JPG-1024x768.webp 1024w, https:\/\/d2p6e6u75xmxt8.cloudfront.net\/4\/2018\/07\/jurajcyklista-stupava_18.JPG-768x576.webp 768w\" sizes=\"auto, (max-width: 1200px) 100vw, 1200px\" \/><\/a>\n\t\t\t<\/div><\/figure>\n\t\t<\/div>\n        \n<p>Odtia\u013e som zamieril op\u00e4\u0165 dole do Borinky a\u00a0cez kopec som zamieril do Marianky. Po ceste sa mi uk\u00e1zal u\u017e nieko\u013eko kr\u00e1t spomenut\u00fd Paj\u0161t\u00fan.<\/p>\n<p><a href=\"https:\/\/d2p6e6u75xmxt8.cloudfront.net\/4\/2018\/07\/jurajcyklista-stupava_21.JPG.jpg\"><img loading=\"lazy\" decoding=\"async\" class=\"alignnone size-full wp-image-4348\" src=\"https:\/\/d2p6e6u75xmxt8.cloudfront.net\/4\/2018\/07\/jurajcyklista-stupava_21.JPG.jpg\" alt=\"\" width=\"1200\" height=\"900\" \/><\/a><\/p>\n<p>Kopec bol relat\u00edvne v\u00fd\u017eivn\u00fd. Ja som bol celkom unaven\u00fd, tak som si ho dal na \u013eahk\u00fdch prevodoch. Nie je v\u0161ak dlh\u00fd a\u00a0nikto by sa nesmial, keby tu niekto musel bicykel vytla\u010di\u0165.<\/p>\n<p>Marianka stoj\u00ed za to. Ide o\u00a0zauj\u00edmav\u00e9 miesto najm\u00e4 pre p\u00fatnikov. O tomto mieste sa dokonca hovor\u00ed, \u017ee je najstar\u0161\u00edm p\u00fatnick\u00fdm miestom v b\u00fdvalom Uhorsku. Upraven\u00fd are\u00e1l, kde sa nach\u00e1dzaj\u00fa men\u0161ie stavby.<\/p>\n<div data-rows=\"1\" id='gallery-5' class='gallery-rows-1 gallery galleryid-4345 gallery-columns-3 gallery-size-full'><figure class='gallery-item'>\n\t\t\t<div class='gallery-icon landscape'>\n\t\t\t\t<a href='https:\/\/d2p6e6u75xmxt8.cloudfront.net\/4\/2018\/07\/jurajcyklista-stupava_22.JPG.webp'><img loading=\"lazy\" decoding=\"async\" width=\"1200\" height=\"900\" src=\"https:\/\/d2p6e6u75xmxt8.cloudfront.net\/4\/2018\/07\/jurajcyklista-stupava_22.JPG.webp\" class=\"attachment-full size-full\" alt=\"\" srcset=\"https:\/\/d2p6e6u75xmxt8.cloudfront.net\/4\/2018\/07\/jurajcyklista-stupava_22.JPG.webp 1200w, https:\/\/d2p6e6u75xmxt8.cloudfront.net\/4\/2018\/07\/jurajcyklista-stupava_22.JPG-300x225.webp 300w, https:\/\/d2p6e6u75xmxt8.cloudfront.net\/4\/2018\/07\/jurajcyklista-stupava_22.JPG-1024x768.webp 1024w, https:\/\/d2p6e6u75xmxt8.cloudfront.net\/4\/2018\/07\/jurajcyklista-stupava_22.JPG-768x576.webp 768w\" sizes=\"auto, (max-width: 1200px) 100vw, 1200px\" \/><\/a>\n\t\t\t<\/div><\/figure><figure class='gallery-item'>\n\t\t\t<div class='gallery-icon landscape'>\n\t\t\t\t<a href='https:\/\/d2p6e6u75xmxt8.cloudfront.net\/4\/2018\/07\/jurajcyklista-stupava_23.JPG.webp'><img loading=\"lazy\" decoding=\"async\" width=\"1200\" height=\"900\" src=\"https:\/\/d2p6e6u75xmxt8.cloudfront.net\/4\/2018\/07\/jurajcyklista-stupava_23.JPG.webp\" class=\"attachment-full size-full\" alt=\"\" srcset=\"https:\/\/d2p6e6u75xmxt8.cloudfront.net\/4\/2018\/07\/jurajcyklista-stupava_23.JPG.webp 1200w, https:\/\/d2p6e6u75xmxt8.cloudfront.net\/4\/2018\/07\/jurajcyklista-stupava_23.JPG-300x225.webp 300w, https:\/\/d2p6e6u75xmxt8.cloudfront.net\/4\/2018\/07\/jurajcyklista-stupava_23.JPG-1024x768.webp 1024w, https:\/\/d2p6e6u75xmxt8.cloudfront.net\/4\/2018\/07\/jurajcyklista-stupava_23.JPG-768x576.webp 768w\" sizes=\"auto, (max-width: 1200px) 100vw, 1200px\" \/><\/a>\n\t\t\t<\/div><\/figure><figure class='gallery-item'>\n\t\t\t<div class='gallery-icon landscape'>\n\t\t\t\t<a href='https:\/\/d2p6e6u75xmxt8.cloudfront.net\/4\/2018\/07\/jurajcyklista-stupava_24.JPG.webp'><img loading=\"lazy\" decoding=\"async\" width=\"1200\" height=\"900\" src=\"https:\/\/d2p6e6u75xmxt8.cloudfront.net\/4\/2018\/07\/jurajcyklista-stupava_24.JPG.webp\" class=\"attachment-full size-full\" alt=\"\" srcset=\"https:\/\/d2p6e6u75xmxt8.cloudfront.net\/4\/2018\/07\/jurajcyklista-stupava_24.JPG.webp 1200w, https:\/\/d2p6e6u75xmxt8.cloudfront.net\/4\/2018\/07\/jurajcyklista-stupava_24.JPG-300x225.webp 300w, https:\/\/d2p6e6u75xmxt8.cloudfront.net\/4\/2018\/07\/jurajcyklista-stupava_24.JPG-1024x768.webp 1024w, https:\/\/d2p6e6u75xmxt8.cloudfront.net\/4\/2018\/07\/jurajcyklista-stupava_24.JPG-768x576.webp 768w\" sizes=\"auto, (max-width: 1200px) 100vw, 1200px\" \/><\/a>\n\t\t\t<\/div><\/figure>\n\t\t<\/div>\n        \n<p>Ja som v\u0161ak u\u017e musel hna\u0165 na penzi\u00f3n. Vracal som sa po cesti\u010dk\u00e1ch \u010do najr\u00fdchlej\u0161ie to i\u0161lo. Ke\u010f som si myslel, \u017ee u\u017e vid\u00edm Stupavsk\u00fd kostol, tak som vypol GPS a\u00a0i\u0161iel za n\u00edm. A\u017e pri kostole som si uvedomil, \u017ee som v\u00a0Z\u00e1horskej Bystrici. Tak som zap\u00ednal GPS e\u0161te raz. Nevad\u00ed. Trasu som natiahol o\u00a015 min\u00fat a\u00a0aspo\u0148 som pridal zop\u00e1r kilometrov.<\/p>\n<p>Bicykle sme nalo\u017eili do auta, osprchoval som sa, dali sme si s priate\u013ekou v\u00fdborn\u00fa k\u00e1vu a\u00a0vyrazili sme domov.<\/p>\n<h2><strong>Mapky<\/strong><\/h2>\n<p>Dev\u00edn: <a href=\"https:\/\/www.strava.com\/activities\/1711752994\" target=\"_blank\" rel=\"noopener\">https:\/\/www.strava.com\/activities\/1711752994<\/a><\/p>\n<figure id=\"attachment_4352\" aria-describedby=\"caption-attachment-4352\" style=\"width: 598px\" class=\"wp-caption alignnone\"><a href=\"https:\/\/d2p6e6u75xmxt8.cloudfront.net\/4\/2018\/07\/jurajcyklista-stupava_25.png\"><img loading=\"lazy\" decoding=\"async\" class=\"size-full wp-image-4352\" src=\"https:\/\/d2p6e6u75xmxt8.cloudfront.net\/4\/2018\/07\/jurajcyklista-stupava_25.png\" alt=\"\" width=\"598\" height=\"558\" \/><\/a><figcaption id=\"caption-attachment-4352\" class=\"wp-caption-text\">Dev\u00edn<\/figcaption><\/figure>\n<p>Borinka a Marianka: <a href=\"https:\/\/www.strava.com\/activities\/1712500073\" target=\"_blank\" rel=\"noopener\">https:\/\/www.strava.com\/activities\/1712500073<\/a><\/p>\n<figure id=\"attachment_4353\" aria-describedby=\"caption-attachment-4353\" style=\"width: 1280px\" class=\"wp-caption alignnone\"><a href=\"https:\/\/d2p6e6u75xmxt8.cloudfront.net\/4\/2018\/07\/jurajcyklista-stupava_26.png\"><img loading=\"lazy\" decoding=\"async\" class=\"size-full wp-image-4353\" src=\"https:\/\/d2p6e6u75xmxt8.cloudfront.net\/4\/2018\/07\/jurajcyklista-stupava_26.png\" alt=\"\" width=\"1280\" height=\"800\" \/><\/a><figcaption id=\"caption-attachment-4353\" class=\"wp-caption-text\">Borinka a Marianka<\/figcaption><\/figure>\n<p>V hlave mi ale ostal ten pocit, \u017ee som sa vydal do okolia Stupavy len na p\u00e1r zauj\u00edmavost\u00ed, pritom tu je toho ve\u013emi ve\u013ea u\u017e\u00a0len v\u00a0samotnom meste. Stupavu a\u00a0jej okolie preto ur\u010dite m\u00f4\u017eem odporu\u010di\u0165 aj na viacdenn\u00e9 cyklistick\u00e9 v\u00fdlety. Jedin\u00e9 \u010do potrebujete je dobr\u00e1 mapa a\u00a0horsk\u00fd \u010di trekingov\u00fd bicykel.<\/p>\n<p>\u2014 Juraj<\/p>\n","protected":false},"excerpt":{"rendered":"<p>\u010eal\u0161ie miesto kde bude \u0161tartova\u0165 \u0160koda BIKE OPEN TOUR 2018, je Stupava. Te\u0161il som sa, preto\u017ee ke\u010f som bol v\u00a0Sv. [&hellip;]<\/p>\n","protected":false},"author":38,"featured_media":4383,"comment_status":"open","ping_status":"open","sticky":false,"template":"","format":"standard","meta":{"footnotes":""},"categories":[5,3,33],"tags":[502,504,506,454,455,503,505,35,182,181],"global-categories":[],"class_list":["post-4345","post","type-post","status-publish","format-standard","has-post-thumbnail","hentry","category-blog","category-mtb","category-sbot","tag-borinka","tag-devin","tag-draci-hradok","tag-juraj-lucan","tag-jurajcyklista","tag-marianka","tag-pajstun","tag-sbot","tag-skoda-stupava-trophy","tag-stupava"],"yoast_head":"<!-- This site is optimized with the Yoast SEO Premium plugin v25.3 (Yoast SEO v25.9) - https:\/\/yoast.com\/wordpress\/plugins\/seo\/ -->\n<title>Stupava, Dev\u00edn a Borinka - \u0160koda We Love Cycling Slovensko<\/title>\n<meta name=\"robots\" content=\"index, follow, max-snippet:-1, max-image-preview:large, max-video-preview:-1\" \/>\n<link rel=\"canonical\" href=\"https:\/\/www.welovecycling.com\/sk\/2018\/07\/25\/stupava-devin-a-borinka\/\" \/>\n<meta property=\"og:locale\" content=\"sk_SK\" \/>\n<meta property=\"og:type\" content=\"article\" \/>\n<meta property=\"og:title\" content=\"Stupava, Dev\u00edn a Borinka\" \/>\n<meta property=\"og:description\" content=\"\u010eal\u0161ie miesto kde bude \u0161tartova\u0165 \u0160koda BIKE OPEN TOUR 2018, je Stupava. Te\u0161il som sa, preto\u017ee ke\u010f som bol v\u00a0Sv. [&hellip;]\" \/>\n<meta property=\"og:url\" content=\"https:\/\/www.welovecycling.com\/sk\/2018\/07\/25\/stupava-devin-a-borinka\/\" \/>\n<meta property=\"og:site_name\" content=\"\u0160koda We Love Cycling Slovensko\" \/>\n<meta property=\"article:published_time\" content=\"2018-07-25T14:41:03+00:00\" \/>\n<meta property=\"article:modified_time\" content=\"2018-07-26T11:42:42+00:00\" \/>\n<meta property=\"og:image\" content=\"https:\/\/d2p6e6u75xmxt8.cloudfront.net\/4\/2018\/07\/1375x600_blogger4.webp\" \/>\n\t<meta property=\"og:image:width\" content=\"1375\" \/>\n\t<meta property=\"og:image:height\" content=\"600\" \/>\n\t<meta property=\"og:image:type\" content=\"image\/webp\" \/>\n<meta name=\"author\" content=\"Ondrej Ga\u0161par\" \/>\n<meta name=\"twitter:card\" content=\"summary_large_image\" \/>\n<meta name=\"twitter:label1\" content=\"Written by\" \/>\n\t<meta name=\"twitter:data1\" content=\"Juraj Lu\u010dan\" \/>\n\t<meta name=\"twitter:label2\" content=\"Est. reading time\" \/>\n\t<meta name=\"twitter:data2\" content=\"4\" \/>\n<script type=\"application\/ld+json\" class=\"yoast-schema-graph\">{\"@context\":\"https:\/\/schema.org\",\"@graph\":[{\"@type\":\"WebPage\",\"@id\":\"https:\/\/www.welovecycling.com\/sk\/2018\/07\/25\/stupava-devin-a-borinka\/\",\"url\":\"https:\/\/www.welovecycling.com\/sk\/2018\/07\/25\/stupava-devin-a-borinka\/\",\"name\":\"Stupava, Dev\u00edn a Borinka - \u0160koda We Love Cycling Slovensko\",\"isPartOf\":{\"@id\":\"https:\/\/www.welovecycling.com\/sk\/#website\"},\"primaryImageOfPage\":{\"@id\":\"https:\/\/www.welovecycling.com\/sk\/2018\/07\/25\/stupava-devin-a-borinka\/#primaryimage\"},\"image\":{\"@id\":\"https:\/\/www.welovecycling.com\/sk\/2018\/07\/25\/stupava-devin-a-borinka\/#primaryimage\"},\"thumbnailUrl\":\"https:\/\/d2p6e6u75xmxt8.cloudfront.net\/4\/2018\/07\/1375x600_blogger4.webp\",\"datePublished\":\"2018-07-25T14:41:03+00:00\",\"dateModified\":\"2018-07-26T11:42:42+00:00\",\"author\":{\"@id\":\"https:\/\/www.welovecycling.com\/sk\/#\/schema\/person\/8ee09ba39b7e25b1870160aa5b3a89bc\"},\"breadcrumb\":{\"@id\":\"https:\/\/www.welovecycling.com\/sk\/2018\/07\/25\/stupava-devin-a-borinka\/#breadcrumb\"},\"inLanguage\":\"sk-SK\",\"potentialAction\":[{\"@type\":\"ReadAction\",\"target\":[\"https:\/\/www.welovecycling.com\/sk\/2018\/07\/25\/stupava-devin-a-borinka\/\"]}]},{\"@type\":\"ImageObject\",\"inLanguage\":\"sk-SK\",\"@id\":\"https:\/\/www.welovecycling.com\/sk\/2018\/07\/25\/stupava-devin-a-borinka\/#primaryimage\",\"url\":\"https:\/\/d2p6e6u75xmxt8.cloudfront.net\/4\/2018\/07\/1375x600_blogger4.webp\",\"contentUrl\":\"https:\/\/d2p6e6u75xmxt8.cloudfront.net\/4\/2018\/07\/1375x600_blogger4.webp\",\"width\":1375,\"height\":600},{\"@type\":\"BreadcrumbList\",\"@id\":\"https:\/\/www.welovecycling.com\/sk\/2018\/07\/25\/stupava-devin-a-borinka\/#breadcrumb\",\"itemListElement\":[{\"@type\":\"ListItem\",\"position\":1,\"name\":\"Home\",\"item\":\"https:\/\/www.welovecycling.com\/sk\/\"},{\"@type\":\"ListItem\",\"position\":2,\"name\":\"Stupava, Dev\u00edn a Borinka\"}]},{\"@type\":\"WebSite\",\"@id\":\"https:\/\/www.welovecycling.com\/sk\/#website\",\"url\":\"https:\/\/www.welovecycling.com\/sk\/\",\"name\":\"\u0160koda We Love Cycling Slovensko\",\"description\":\"\u0160koda We Love Cycling Slovensko je v\u00e1\u0161 ka\u017edodenn\u00fd zdroj noviniek a in\u0161pir\u00e1cie z sveta cyklistiky\",\"potentialAction\":[{\"@type\":\"SearchAction\",\"target\":{\"@type\":\"EntryPoint\",\"urlTemplate\":\"https:\/\/www.welovecycling.com\/sk\/?s={search_term_string}\"},\"query-input\":{\"@type\":\"PropertyValueSpecification\",\"valueRequired\":true,\"valueName\":\"search_term_string\"}}],\"inLanguage\":\"sk-SK\"},{\"@type\":\"Person\",\"@id\":\"https:\/\/www.welovecycling.com\/sk\/#\/schema\/person\/8ee09ba39b7e25b1870160aa5b3a89bc\",\"name\":\"Ondrej Ga\u0161par\",\"image\":{\"@type\":\"ImageObject\",\"inLanguage\":\"sk-SK\",\"@id\":\"https:\/\/www.welovecycling.com\/sk\/#\/schema\/person\/image\/\",\"url\":\"https:\/\/secure.gravatar.com\/avatar\/6126c9afb87b70da5abbb083ddbb21933da15f18f8ca7cb822aba0fb096a48f6?s=96&d=mm&r=g\",\"contentUrl\":\"https:\/\/secure.gravatar.com\/avatar\/6126c9afb87b70da5abbb083ddbb21933da15f18f8ca7cb822aba0fb096a48f6?s=96&d=mm&r=g\",\"caption\":\"Ondrej Ga\u0161par\"},\"url\":\"https:\/\/www.welovecycling.com\/sk\/author\/ondrejgaspar\/\"}]}<\/script>\n<!-- \/ Yoast SEO Premium plugin. -->","yoast_head_json":{"title":"Stupava, Dev\u00edn a Borinka - \u0160koda We Love Cycling Slovensko","robots":{"index":"index","follow":"follow","max-snippet":"max-snippet:-1","max-image-preview":"max-image-preview:large","max-video-preview":"max-video-preview:-1"},"canonical":"https:\/\/www.welovecycling.com\/sk\/2018\/07\/25\/stupava-devin-a-borinka\/","og_locale":"sk_SK","og_type":"article","og_title":"Stupava, Dev\u00edn a Borinka","og_description":"\u010eal\u0161ie miesto kde bude \u0161tartova\u0165 \u0160koda BIKE OPEN TOUR 2018, je Stupava. Te\u0161il som sa, preto\u017ee ke\u010f som bol v\u00a0Sv. [&hellip;]","og_url":"https:\/\/www.welovecycling.com\/sk\/2018\/07\/25\/stupava-devin-a-borinka\/","og_site_name":"\u0160koda We Love Cycling Slovensko","article_published_time":"2018-07-25T14:41:03+00:00","article_modified_time":"2018-07-26T11:42:42+00:00","og_image":[{"width":1375,"height":600,"url":"https:\/\/d2p6e6u75xmxt8.cloudfront.net\/4\/2018\/07\/1375x600_blogger4.webp","type":"image\/webp"}],"author":"Ondrej Ga\u0161par","twitter_card":"summary_large_image","twitter_misc":{"Written by":"Juraj Lu\u010dan","Est. reading time":"4"},"schema":{"@context":"https:\/\/schema.org","@graph":[{"@type":"WebPage","@id":"https:\/\/www.welovecycling.com\/sk\/2018\/07\/25\/stupava-devin-a-borinka\/","url":"https:\/\/www.welovecycling.com\/sk\/2018\/07\/25\/stupava-devin-a-borinka\/","name":"Stupava, Dev\u00edn a Borinka - \u0160koda We Love Cycling Slovensko","isPartOf":{"@id":"https:\/\/www.welovecycling.com\/sk\/#website"},"primaryImageOfPage":{"@id":"https:\/\/www.welovecycling.com\/sk\/2018\/07\/25\/stupava-devin-a-borinka\/#primaryimage"},"image":{"@id":"https:\/\/www.welovecycling.com\/sk\/2018\/07\/25\/stupava-devin-a-borinka\/#primaryimage"},"thumbnailUrl":"https:\/\/d2p6e6u75xmxt8.cloudfront.net\/4\/2018\/07\/1375x600_blogger4.webp","datePublished":"2018-07-25T14:41:03+00:00","dateModified":"2018-07-26T11:42:42+00:00","author":{"@id":"https:\/\/www.welovecycling.com\/sk\/#\/schema\/person\/8ee09ba39b7e25b1870160aa5b3a89bc"},"breadcrumb":{"@id":"https:\/\/www.welovecycling.com\/sk\/2018\/07\/25\/stupava-devin-a-borinka\/#breadcrumb"},"inLanguage":"sk-SK","potentialAction":[{"@type":"ReadAction","target":["https:\/\/www.welovecycling.com\/sk\/2018\/07\/25\/stupava-devin-a-borinka\/"]}]},{"@type":"ImageObject","inLanguage":"sk-SK","@id":"https:\/\/www.welovecycling.com\/sk\/2018\/07\/25\/stupava-devin-a-borinka\/#primaryimage","url":"https:\/\/d2p6e6u75xmxt8.cloudfront.net\/4\/2018\/07\/1375x600_blogger4.webp","contentUrl":"https:\/\/d2p6e6u75xmxt8.cloudfront.net\/4\/2018\/07\/1375x600_blogger4.webp","width":1375,"height":600},{"@type":"BreadcrumbList","@id":"https:\/\/www.welovecycling.com\/sk\/2018\/07\/25\/stupava-devin-a-borinka\/#breadcrumb","itemListElement":[{"@type":"ListItem","position":1,"name":"Home","item":"https:\/\/www.welovecycling.com\/sk\/"},{"@type":"ListItem","position":2,"name":"Stupava, Dev\u00edn a Borinka"}]},{"@type":"WebSite","@id":"https:\/\/www.welovecycling.com\/sk\/#website","url":"https:\/\/www.welovecycling.com\/sk\/","name":"\u0160koda We Love Cycling Slovensko","description":"\u0160koda We Love Cycling Slovensko je v\u00e1\u0161 ka\u017edodenn\u00fd zdroj noviniek a in\u0161pir\u00e1cie z sveta cyklistiky","potentialAction":[{"@type":"SearchAction","target":{"@type":"EntryPoint","urlTemplate":"https:\/\/www.welovecycling.com\/sk\/?s={search_term_string}"},"query-input":{"@type":"PropertyValueSpecification","valueRequired":true,"valueName":"search_term_string"}}],"inLanguage":"sk-SK"},{"@type":"Person","@id":"https:\/\/www.welovecycling.com\/sk\/#\/schema\/person\/8ee09ba39b7e25b1870160aa5b3a89bc","name":"Ondrej Ga\u0161par","image":{"@type":"ImageObject","inLanguage":"sk-SK","@id":"https:\/\/www.welovecycling.com\/sk\/#\/schema\/person\/image\/","url":"https:\/\/secure.gravatar.com\/avatar\/6126c9afb87b70da5abbb083ddbb21933da15f18f8ca7cb822aba0fb096a48f6?s=96&d=mm&r=g","contentUrl":"https:\/\/secure.gravatar.com\/avatar\/6126c9afb87b70da5abbb083ddbb21933da15f18f8ca7cb822aba0fb096a48f6?s=96&d=mm&r=g","caption":"Ondrej Ga\u0161par"},"url":"https:\/\/www.welovecycling.com\/sk\/author\/ondrejgaspar\/"}]}},"_links":{"self":[{"href":"https:\/\/www.welovecycling.com\/sk\/wp-json\/wp\/v2\/posts\/4345","targetHints":{"allow":["GET"]}}],"collection":[{"href":"https:\/\/www.welovecycling.com\/sk\/wp-json\/wp\/v2\/posts"}],"about":[{"href":"https:\/\/www.welovecycling.com\/sk\/wp-json\/wp\/v2\/types\/post"}],"author":[{"embeddable":true,"href":"https:\/\/www.welovecycling.com\/sk\/wp-json\/wp\/v2\/users\/38"}],"replies":[{"embeddable":true,"href":"https:\/\/www.welovecycling.com\/sk\/wp-json\/wp\/v2\/comments?post=4345"}],"version-history":[{"count":2,"href":"https:\/\/www.welovecycling.com\/sk\/wp-json\/wp\/v2\/posts\/4345\/revisions"}],"predecessor-version":[{"id":4388,"href":"https:\/\/www.welovecycling.com\/sk\/wp-json\/wp\/v2\/posts\/4345\/revisions\/4388"}],"wp:featuredmedia":[{"embeddable":true,"href":"https:\/\/www.welovecycling.com\/sk\/wp-json\/wp\/v2\/media\/4383"}],"wp:attachment":[{"href":"https:\/\/www.welovecycling.com\/sk\/wp-json\/wp\/v2\/media?parent=4345"}],"wp:term":[{"taxonomy":"category","embeddable":true,"href":"https:\/\/www.welovecycling.com\/sk\/wp-json\/wp\/v2\/categories?post=4345"},{"taxonomy":"post_tag","embeddable":true,"href":"https:\/\/www.welovecycling.com\/sk\/wp-json\/wp\/v2\/tags?post=4345"},{"taxonomy":"global-categories","embeddable":true,"href":"https:\/\/www.welovecycling.com\/sk\/wp-json\/wp\/v2\/global-categories?post=4345"}],"curies":[{"name":"wp","href":"https:\/\/api.w.org\/{rel}","templated":true}]}}