{"id":4316,"date":"2018-07-24T16:30:48","date_gmt":"2018-07-24T14:30:48","guid":{"rendered":"https:\/\/www.welovecycling.com\/sk\/?p=4316"},"modified":"2019-02-13T15:13:28","modified_gmt":"2019-02-13T14:13:28","slug":"rozhovor-letape-du-tour-poriadna-alpska-previerka-1-cast","status":"publish","type":"post","link":"https:\/\/www.welovecycling.com\/sk\/2018\/07\/24\/rozhovor-letape-du-tour-poriadna-alpska-previerka-1-cast\/","title":{"rendered":"Rozhovor: L\u2019\u00c9tape du Tour &#8211; poriadna alpsk\u00e1 previerka, 1. \u010das\u0165"},"content":{"rendered":"<p><strong>Nejeden fan\u00fa\u0161ik Tour de France so zatajen\u00fdm dychom sleduje jednotliv\u00e9 etapy v telev\u00edzii a sn\u00edva o tom, ak\u00e9 to asi mus\u00ed by\u0165 pre cyklistov, tr\u00e1pi\u0165 sa v st\u00fapaniach za podpory mno\u017estva div\u00e1kov a by\u0165 s\u00fa\u010das\u0165ou toho neuverite\u013en\u00e9ho \u201ekoloto\u010da\u201c. L\u2019\u00c9tape du Tour je podujatie, ktor\u00e9 tis\u00edckam amat\u00e9rskych cyklistov od roku 1993 pln\u00ed tento sen a umo\u017e\u0148uje im za\u017ei\u0165 skuto\u010dn\u00fa atmosf\u00e9ru \u201eStarej d\u00e1my\u201c.<\/strong><!--more--><\/p>\n<p>Tento rok trasa L\u2019\u00c9tape <strong>presne kop\u00edrovala 10. etapu 105. ro\u010dn\u00edka Tour<\/strong>. I\u0161lo o prv\u00fa horsk\u00fa previerku prof\u00edkov <strong>s d\u013a\u017ekou 158,5 km<\/strong>, na ktorej ich \u010dakala slu\u0161n\u00e1 porcia v\u00fd\u0161kov\u00fdch metrov \u2013 4 275 m. Etapa \u0161tartovala v meste Annecy a takmer okam\u017eite vysk\u00fa\u0161ala vrch\u00e1rsku pripravenos\u0165 favoritov na titul. Ponuku otvorilo <strong>Col de Croix-Fry<\/strong>, potom sa jazdci predviedli na prudkom st\u00fapan\u00ed <strong>Plateau des Gli\u00e8res<\/strong> (6 km; 11%), ktor\u00e9 okrem tvrd\u00fdch sklonov obsahuje aj dva kilometre na nespevnen\u00fdch cest\u00e1ch, \u0161otoline a dramatick\u00e9 fin\u00e1le zaru\u010dilo <strong>Col de Romme<\/strong> (9,3 km; 9 %) a <strong>Col de la Colombi\u00e9re<\/strong> (7,5 km; 8,6 %), po ktorom sa zjazdovalo a\u017e do cie\u013ea.<\/p>\n<p><a href=\"https:\/\/d2p6e6u75xmxt8.cloudfront.net\/4\/2018\/07\/05-7.jpg\"><img loading=\"lazy\" decoding=\"async\" class=\"alignnone size-full wp-image-4332\" src=\"https:\/\/d2p6e6u75xmxt8.cloudfront.net\/4\/2018\/07\/05-7.jpg\" alt=\"\" width=\"1200\" height=\"800\" \/><\/a><\/p>\n<p>Aby bol z\u00e1\u017eitok pre \u00fa\u010dastn\u00edkov L\u2019\u00c9tape \u010do najvernej\u0161ou k\u00f3piou samotnej Tour, nech\u00fdbaj\u00fa na nej ani uzavret\u00e9 cesty, podporn\u00e9 vozidl\u00e1, bufety a \u201ezbera\u010de\u201c , ktor\u00e9 sa postaraj\u00fa o t\u00fdch, ktor\u00ed u\u017e nevl\u00e1dzu pokra\u010dova\u0165 \u010falej. Tento rok sa v\u0161etko odohralo v nede\u013eu 8. j\u00fala a do cie\u013ea dorazilo 12 212 cyklistov.<\/p>\n<lite-youtube videoid=Z4EflNL71Sw params=\"enablejsapi=1\" style=\"background-image: url('https:\/\/i.ytimg.com\/vi_webp\/Z4EflNL71Sw\/maxresdefault.webp');\"><\/lite-youtube>\n<p>V\u010faka na\u0161ej s\u00fa\u0165a\u017ei mali mo\u017enos\u0165 vychutna\u0165 si tento jedine\u010dn\u00fd cyklistick\u00fd z\u00e1\u017eitok aj <strong>traja v\u00ed\u0165azi (Marek, Filip, Rado)<\/strong>, ktor\u00ed \u00faspe\u0161ne absolvovali fin\u00e1lov\u00fa jazdu na stacion\u00e1rnych bicykloch a \u201evyjazdili\u201c si tak miestenku na L\u2019\u00c9tape du Tour.<\/p>\n<div data-rows=\"1\" id='gallery-1' class='gallery-rows-1 gallery galleryid-4316 gallery-columns-3 gallery-size-full'><figure class='gallery-item'>\n\t\t\t<div class='gallery-icon landscape'>\n\t\t\t\t<a href='https:\/\/d2p6e6u75xmxt8.cloudfront.net\/4\/2018\/07\/02-5.webp'><img loading=\"lazy\" decoding=\"async\" width=\"1200\" height=\"800\" src=\"https:\/\/d2p6e6u75xmxt8.cloudfront.net\/4\/2018\/07\/02-5.webp\" class=\"attachment-full size-full\" alt=\"\" srcset=\"https:\/\/d2p6e6u75xmxt8.cloudfront.net\/4\/2018\/07\/02-5.webp 1200w, https:\/\/d2p6e6u75xmxt8.cloudfront.net\/4\/2018\/07\/02-5-300x200.webp 300w, https:\/\/d2p6e6u75xmxt8.cloudfront.net\/4\/2018\/07\/02-5-1024x683.webp 1024w, https:\/\/d2p6e6u75xmxt8.cloudfront.net\/4\/2018\/07\/02-5-768x512.webp 768w, https:\/\/d2p6e6u75xmxt8.cloudfront.net\/4\/2018\/07\/02-5-272x182.webp 272w\" sizes=\"auto, (max-width: 1200px) 100vw, 1200px\" \/><\/a>\n\t\t\t<\/div><\/figure><figure class='gallery-item'>\n\t\t\t<div class='gallery-icon landscape'>\n\t\t\t\t<a href='https:\/\/d2p6e6u75xmxt8.cloudfront.net\/4\/2018\/07\/03-7.webp'><img loading=\"lazy\" decoding=\"async\" width=\"1200\" height=\"800\" src=\"https:\/\/d2p6e6u75xmxt8.cloudfront.net\/4\/2018\/07\/03-7.webp\" class=\"attachment-full size-full\" alt=\"\" srcset=\"https:\/\/d2p6e6u75xmxt8.cloudfront.net\/4\/2018\/07\/03-7.webp 1200w, https:\/\/d2p6e6u75xmxt8.cloudfront.net\/4\/2018\/07\/03-7-300x200.webp 300w, https:\/\/d2p6e6u75xmxt8.cloudfront.net\/4\/2018\/07\/03-7-1024x683.webp 1024w, https:\/\/d2p6e6u75xmxt8.cloudfront.net\/4\/2018\/07\/03-7-768x512.webp 768w, https:\/\/d2p6e6u75xmxt8.cloudfront.net\/4\/2018\/07\/03-7-272x182.webp 272w\" sizes=\"auto, (max-width: 1200px) 100vw, 1200px\" \/><\/a>\n\t\t\t<\/div><\/figure><figure class='gallery-item'>\n\t\t\t<div class='gallery-icon landscape'>\n\t\t\t\t<a href='https:\/\/d2p6e6u75xmxt8.cloudfront.net\/4\/2018\/07\/04-5.webp'><img loading=\"lazy\" decoding=\"async\" width=\"1200\" height=\"800\" src=\"https:\/\/d2p6e6u75xmxt8.cloudfront.net\/4\/2018\/07\/04-5.webp\" class=\"attachment-full size-full\" alt=\"\" srcset=\"https:\/\/d2p6e6u75xmxt8.cloudfront.net\/4\/2018\/07\/04-5.webp 1200w, https:\/\/d2p6e6u75xmxt8.cloudfront.net\/4\/2018\/07\/04-5-300x200.webp 300w, https:\/\/d2p6e6u75xmxt8.cloudfront.net\/4\/2018\/07\/04-5-1024x683.webp 1024w, https:\/\/d2p6e6u75xmxt8.cloudfront.net\/4\/2018\/07\/04-5-768x512.webp 768w, https:\/\/d2p6e6u75xmxt8.cloudfront.net\/4\/2018\/07\/04-5-272x182.webp 272w\" sizes=\"auto, (max-width: 1200px) 100vw, 1200px\" \/><\/a>\n\t\t\t<\/div><\/figure>\n\t\t<\/div>\n        \n<p>(z\u013eava Marek Ocel, Radovan Oravec, Filip Konr\u00e1d)<\/p>\n<h2><strong>Tour de France na vlastnej ko\u017ei<\/strong><\/h2>\n<p>Marek n\u00e1m ako prv\u00fd v kr\u00e1tkom rozhovore sprostredkuje svoje dojmy a z\u00e1\u017eitky z tohto ve\u013ekolep\u00e9ho podujatia, na ktor\u00e9ho \u0161tart sa postavilo cez 15 000 cyklistov.<\/p>\n<div data-rows=\"1\" id='gallery-2' class='gallery-rows-1 gallery galleryid-4316 gallery-columns-3 gallery-size-full'><figure class='gallery-item'>\n\t\t\t<div class='gallery-icon landscape'>\n\t\t\t\t<a href='https:\/\/d2p6e6u75xmxt8.cloudfront.net\/4\/2018\/07\/13-1.webp'><img loading=\"lazy\" decoding=\"async\" width=\"1200\" height=\"800\" src=\"https:\/\/d2p6e6u75xmxt8.cloudfront.net\/4\/2018\/07\/13-1.webp\" class=\"attachment-full size-full\" alt=\"\" srcset=\"https:\/\/d2p6e6u75xmxt8.cloudfront.net\/4\/2018\/07\/13-1.webp 1200w, https:\/\/d2p6e6u75xmxt8.cloudfront.net\/4\/2018\/07\/13-1-300x200.webp 300w, https:\/\/d2p6e6u75xmxt8.cloudfront.net\/4\/2018\/07\/13-1-1024x683.webp 1024w, https:\/\/d2p6e6u75xmxt8.cloudfront.net\/4\/2018\/07\/13-1-768x512.webp 768w, https:\/\/d2p6e6u75xmxt8.cloudfront.net\/4\/2018\/07\/13-1-272x182.webp 272w\" sizes=\"auto, (max-width: 1200px) 100vw, 1200px\" \/><\/a>\n\t\t\t<\/div><\/figure><figure class='gallery-item'>\n\t\t\t<div class='gallery-icon landscape'>\n\t\t\t\t<a href='https:\/\/d2p6e6u75xmxt8.cloudfront.net\/4\/2018\/07\/14.webp'><img loading=\"lazy\" decoding=\"async\" width=\"1200\" height=\"800\" src=\"https:\/\/d2p6e6u75xmxt8.cloudfront.net\/4\/2018\/07\/14.webp\" class=\"attachment-full size-full\" alt=\"\" srcset=\"https:\/\/d2p6e6u75xmxt8.cloudfront.net\/4\/2018\/07\/14.webp 1200w, https:\/\/d2p6e6u75xmxt8.cloudfront.net\/4\/2018\/07\/14-300x200.webp 300w, https:\/\/d2p6e6u75xmxt8.cloudfront.net\/4\/2018\/07\/14-1024x683.webp 1024w, https:\/\/d2p6e6u75xmxt8.cloudfront.net\/4\/2018\/07\/14-768x512.webp 768w, https:\/\/d2p6e6u75xmxt8.cloudfront.net\/4\/2018\/07\/14-272x182.webp 272w\" sizes=\"auto, (max-width: 1200px) 100vw, 1200px\" \/><\/a>\n\t\t\t<\/div><\/figure><figure class='gallery-item'>\n\t\t\t<div class='gallery-icon landscape'>\n\t\t\t\t<a href='https:\/\/d2p6e6u75xmxt8.cloudfront.net\/4\/2018\/07\/15-1.webp'><img loading=\"lazy\" decoding=\"async\" width=\"1200\" height=\"800\" src=\"https:\/\/d2p6e6u75xmxt8.cloudfront.net\/4\/2018\/07\/15-1.webp\" class=\"attachment-full size-full\" alt=\"\" srcset=\"https:\/\/d2p6e6u75xmxt8.cloudfront.net\/4\/2018\/07\/15-1.webp 1200w, https:\/\/d2p6e6u75xmxt8.cloudfront.net\/4\/2018\/07\/15-1-300x200.webp 300w, https:\/\/d2p6e6u75xmxt8.cloudfront.net\/4\/2018\/07\/15-1-1024x683.webp 1024w, https:\/\/d2p6e6u75xmxt8.cloudfront.net\/4\/2018\/07\/15-1-768x512.webp 768w, https:\/\/d2p6e6u75xmxt8.cloudfront.net\/4\/2018\/07\/15-1-272x182.webp 272w\" sizes=\"auto, (max-width: 1200px) 100vw, 1200px\" \/><\/a>\n\t\t\t<\/div><\/figure>\n\t\t<\/div>\n        \n<p><strong>Ako si sa dozvedel o L\u2019\u00c9tape du Tour?<\/strong><br \/>\n<em>Vedel som o tejto akcii zo Stravy, kde na m\u0148a vysko\u010dil \u201echallenge\u201c a bolo mo\u017en\u00e9 vyhra\u0165 dres a asi aj \u00fa\u010das\u0165 na L\u00b4Etape.<\/em><\/p>\n<p><strong>\u010co \u0165a viedlo k tomu, aby si sa zapojil do s\u00fa\u0165a\u017ee o \u00fa\u010das\u0165 na L\u2019\u00c9tape a ako s\u00fa\u0165a\u017e prebiehala?<\/strong><br \/>\n<em>Ke\u010f\u017ee r\u00e1d jazd\u00edm na bicykli a Tour ka\u017ed\u00fd rok sledujem, motiv\u00e1ciu prejs\u0165 si aspo\u0148 jednu etapu som mal u\u017e nieko\u013eko rokov. S\u00fa\u0165a\u017e mi to cel\u00e9 u\u013eah\u010dila ?. Prebiehala prostredn\u00edctvom r\u00e1dia Expres. Vybrali ma do fin\u00e1le, kde sme museli na stacion\u00e1rnom bicykli odkr\u00fati\u0165 100 km. Na bicykli nebol odpor, tak\u017ee to bolo cel\u00e9 o tom, kto vie ako r\u00fdchlo to\u010di\u0165 nohami a vydr\u017e\u00ed najdlh\u0161ie.<\/em><\/p>\n<div data-rows=\"1\" id='gallery-3' class='gallery-rows-1 gallery galleryid-4316 gallery-columns-3 gallery-size-full'><figure class='gallery-item'>\n\t\t\t<div class='gallery-icon landscape'>\n\t\t\t\t<a href='https:\/\/d2p6e6u75xmxt8.cloudfront.net\/4\/2018\/07\/06-6.webp'><img loading=\"lazy\" decoding=\"async\" width=\"1200\" height=\"800\" src=\"https:\/\/d2p6e6u75xmxt8.cloudfront.net\/4\/2018\/07\/06-6.webp\" class=\"attachment-full size-full\" alt=\"\" srcset=\"https:\/\/d2p6e6u75xmxt8.cloudfront.net\/4\/2018\/07\/06-6.webp 1200w, https:\/\/d2p6e6u75xmxt8.cloudfront.net\/4\/2018\/07\/06-6-300x200.webp 300w, https:\/\/d2p6e6u75xmxt8.cloudfront.net\/4\/2018\/07\/06-6-1024x683.webp 1024w, https:\/\/d2p6e6u75xmxt8.cloudfront.net\/4\/2018\/07\/06-6-768x512.webp 768w, https:\/\/d2p6e6u75xmxt8.cloudfront.net\/4\/2018\/07\/06-6-272x182.webp 272w\" sizes=\"auto, (max-width: 1200px) 100vw, 1200px\" \/><\/a>\n\t\t\t<\/div><\/figure><figure class='gallery-item'>\n\t\t\t<div class='gallery-icon landscape'>\n\t\t\t\t<a href='https:\/\/d2p6e6u75xmxt8.cloudfront.net\/4\/2018\/07\/07-4.webp'><img loading=\"lazy\" decoding=\"async\" width=\"1200\" height=\"800\" src=\"https:\/\/d2p6e6u75xmxt8.cloudfront.net\/4\/2018\/07\/07-4.webp\" class=\"attachment-full size-full\" alt=\"\" srcset=\"https:\/\/d2p6e6u75xmxt8.cloudfront.net\/4\/2018\/07\/07-4.webp 1200w, https:\/\/d2p6e6u75xmxt8.cloudfront.net\/4\/2018\/07\/07-4-300x200.webp 300w, https:\/\/d2p6e6u75xmxt8.cloudfront.net\/4\/2018\/07\/07-4-1024x683.webp 1024w, https:\/\/d2p6e6u75xmxt8.cloudfront.net\/4\/2018\/07\/07-4-768x512.webp 768w, https:\/\/d2p6e6u75xmxt8.cloudfront.net\/4\/2018\/07\/07-4-272x182.webp 272w\" sizes=\"auto, (max-width: 1200px) 100vw, 1200px\" \/><\/a>\n\t\t\t<\/div><\/figure><figure class='gallery-item'>\n\t\t\t<div class='gallery-icon landscape'>\n\t\t\t\t<a href='https:\/\/d2p6e6u75xmxt8.cloudfront.net\/4\/2018\/07\/08-5.webp'><img loading=\"lazy\" decoding=\"async\" width=\"1200\" height=\"800\" src=\"https:\/\/d2p6e6u75xmxt8.cloudfront.net\/4\/2018\/07\/08-5.webp\" class=\"attachment-full size-full\" alt=\"\" srcset=\"https:\/\/d2p6e6u75xmxt8.cloudfront.net\/4\/2018\/07\/08-5.webp 1200w, https:\/\/d2p6e6u75xmxt8.cloudfront.net\/4\/2018\/07\/08-5-300x200.webp 300w, https:\/\/d2p6e6u75xmxt8.cloudfront.net\/4\/2018\/07\/08-5-1024x683.webp 1024w, https:\/\/d2p6e6u75xmxt8.cloudfront.net\/4\/2018\/07\/08-5-768x512.webp 768w, https:\/\/d2p6e6u75xmxt8.cloudfront.net\/4\/2018\/07\/08-5-272x182.webp 272w\" sizes=\"auto, (max-width: 1200px) 100vw, 1200px\" \/><\/a>\n\t\t\t<\/div><\/figure>\n\t\t<\/div>\n        \n<p><strong>Predstav sa pros\u00edm z poh\u013eadu tvojho vz\u0165ahu k cyklistike \u2013 ako dlho sa jej venuje\u0161, ako si sa k nej dostal, ako \u010dasto jazd\u00ed\u0161, z\u00fa\u010dast\u0148uje\u0161 sa aj na pretekoch, at\u010f?<\/strong><br \/>\n<em>Na bicykli jazd\u00edm s prest\u00e1vkami odmali\u010dka. Seri\u00f3znej\u0161ie som sa mu za\u010dal venova\u0165 5-6 rokov dozadu, ke\u010f som za\u010dal robi\u0165 triatlon. V\u017edy mi celkom i\u0161iel beh a do pr\u00e1ce som chodil na bicykli, tak som to u\u017e iba skombinoval. Jazd\u00edm v podstate ka\u017ed\u00fd de\u0148 do pr\u00e1ce a cez v\u00edkendy absolvujem tr\u00e9ningov\u00e9 jazdy alebo preteky. Tento rok som sa vr\u00e1til k horsk\u00fdm bicyklom a viac-menej sa znova na nich u\u010d\u00edm jazdi\u0165. Z\u00fa\u010dast\u0148ujem sa cestn\u00fdch a horsk\u00fdch marat\u00f3noch a horsk\u00fdch triatlonov\u00fdch pretekov.<\/em><\/p>\n<p><strong>\u010co ti prebiehalo hlavou, ke\u010f si sa dozvedel, \u017ee sa z\u00fa\u010dastn\u00ed\u0161 na L\u2019\u00c9tape du Tour? Mal si z nie\u010doho (d\u013a\u017eka, prev\u00fd\u0161enie, jazda v bal\u00edku..) strach\/re\u0161pekt?<\/strong><br \/>\n<em>Strach som z toho nemal, ale re\u0161pekt ur\u010dite, ke\u010f\u017ee som si nevedel predstavi\u0165 jazdu v 15-tis\u00edcovom bal\u00edku. Samozrejme, te\u0161il som sa na Alpy a Franc\u00fazsko.<\/em><\/p>\n<p><a href=\"https:\/\/d2p6e6u75xmxt8.cloudfront.net\/4\/2018\/07\/09-5.jpg\"><img loading=\"lazy\" decoding=\"async\" class=\"alignnone size-full wp-image-4328\" src=\"https:\/\/d2p6e6u75xmxt8.cloudfront.net\/4\/2018\/07\/09-5.jpg\" alt=\"\" width=\"1200\" height=\"800\" \/><\/a><\/p>\n<p><strong>Pop\u00ed\u0161 priebeh pretekov zo svojho poh\u013eadu. Ako to cel\u00e9 vyzeralo, ak\u00e1 bola atmosf\u00e9ra, div\u00e1ci, at\u010f.?<\/strong><br \/>\n<em>\u0160tartovali sme po vln\u00e1ch, pribli\u017ene 1 000 pretek\u00e1rov ka\u017ed\u00fdch 10 min\u00fat. Po\u010diato\u010dn\u00fdch 24 km bolo po rovine, tak\u017ee bal\u00edk i\u0161iel po kope, ale na moje prekvapenie sa \u013eudia spr\u00e1vali disciplinovane a nevidel som \u017eiaden p\u00e1d ani nebezpe\u010dn\u00fa situ\u00e1ciu. Atmosf\u00e9ra bola vynikaj\u00faca, tie\u017e zna\u010denie trate a organiz\u00e1cia. Prv\u00fd kopec sa celkom dal zvl\u00e1dnu\u0165, druh\u00fd bol poriadne strm\u00fd a ke\u010f\u017ee za\u010dalo piec\u0165 slnko, zobral ve\u013ea s\u00edl. No a 3. a 4. st\u00fapanie som u\u017e vy\u0161iel iba silou v\u00f4le. Bol som ve\u013emi r\u00e1d, ke\u010f som dorazil do cie\u013ea a kone\u010dne sa najedol cestov\u00edn. V cieli n\u00e1s \u010dakalo naozaj mil\u00e9 prekvapenie v podobe mas\u00e9rov v \u0160koda st\u00e1nku, tak\u017ee sme sa c\u00edtili ako skuto\u010dn\u00ed Pro cyklisti. Touto cestou by som sa ve\u013emi r\u00e1d po\u010fakoval We Love Cycling Slovensko, \u017ee mi \u00fa\u010das\u0165 umo\u017enila.<\/em><\/p>\n<p><strong>\u010co bol pre teba najsilnej\u0161\u00ed z\u00e1\u017eitok?<\/strong><br \/>\n<em>Vedomie, ze po mne tra\u0165 prejd\u00fa prof\u00edci na Tour de France a aspo\u0148 na chv\u00ed\u013eu sa m\u00f4c\u0165 v\u017ei\u0165 do ich pocitov. Len som sa utvrdil v tom, ak\u00fd je cyklistika n\u00e1ro\u010dn\u00fd \u0161port a ako ve\u013emi prof\u00edci na pretekoch, akou je Tour de France, trpia.<\/em><\/p>\n<div data-rows=\"1\" id='gallery-4' class='gallery-rows-1 gallery galleryid-4316 gallery-columns-2 gallery-size-full'><figure class='gallery-item'>\n\t\t\t<div class='gallery-icon landscape'>\n\t\t\t\t<a href='https:\/\/d2p6e6u75xmxt8.cloudfront.net\/4\/2018\/07\/10-3.webp'><img loading=\"lazy\" decoding=\"async\" width=\"1200\" height=\"800\" src=\"https:\/\/d2p6e6u75xmxt8.cloudfront.net\/4\/2018\/07\/10-3.webp\" class=\"attachment-full size-full\" alt=\"\" srcset=\"https:\/\/d2p6e6u75xmxt8.cloudfront.net\/4\/2018\/07\/10-3.webp 1200w, https:\/\/d2p6e6u75xmxt8.cloudfront.net\/4\/2018\/07\/10-3-300x200.webp 300w, https:\/\/d2p6e6u75xmxt8.cloudfront.net\/4\/2018\/07\/10-3-1024x683.webp 1024w, https:\/\/d2p6e6u75xmxt8.cloudfront.net\/4\/2018\/07\/10-3-768x512.webp 768w, https:\/\/d2p6e6u75xmxt8.cloudfront.net\/4\/2018\/07\/10-3-272x182.webp 272w\" sizes=\"auto, (max-width: 1200px) 100vw, 1200px\" \/><\/a>\n\t\t\t<\/div><\/figure><figure class='gallery-item'>\n\t\t\t<div class='gallery-icon landscape'>\n\t\t\t\t<a href='https:\/\/d2p6e6u75xmxt8.cloudfront.net\/4\/2018\/07\/11-2.webp'><img loading=\"lazy\" decoding=\"async\" width=\"1200\" height=\"800\" src=\"https:\/\/d2p6e6u75xmxt8.cloudfront.net\/4\/2018\/07\/11-2.webp\" class=\"attachment-full size-full\" alt=\"\" srcset=\"https:\/\/d2p6e6u75xmxt8.cloudfront.net\/4\/2018\/07\/11-2.webp 1200w, https:\/\/d2p6e6u75xmxt8.cloudfront.net\/4\/2018\/07\/11-2-300x200.webp 300w, https:\/\/d2p6e6u75xmxt8.cloudfront.net\/4\/2018\/07\/11-2-1024x683.webp 1024w, https:\/\/d2p6e6u75xmxt8.cloudfront.net\/4\/2018\/07\/11-2-768x512.webp 768w, https:\/\/d2p6e6u75xmxt8.cloudfront.net\/4\/2018\/07\/11-2-272x182.webp 272w\" sizes=\"auto, (max-width: 1200px) 100vw, 1200px\" \/><\/a>\n\t\t\t<\/div><\/figure>\n\t\t<\/div>\n        \n<p><strong>Chcel by si si to e\u0161te raz cel\u00e9 zopakova\u0165 a pre\u010do?<\/strong><br \/>\n<em>Mam rad v\u00fdzvy, tak\u017ee ur\u010dite by som si t\u00fato udalos\u0165 r\u00e1d zopakoval aj bud\u00faci rok nejakou inou etapou.<\/em><\/p>\n<p><strong>\u010co si z tejto akcie odn\u00e1\u0161a\u0161 do bud\u00facnosti?<\/strong><br \/>\n<em>\u0160koda dres, medailu&#8230; \ud83d\ude42 Ale nie, v prvom rade z\u00e1\u017eitok, na ak\u00fd sa do konca \u017eivota nezab\u00fada a tie\u017e dvoch nov\u00fdch kamar\u00e1tov.<\/em><\/p>\n<p><a href=\"https:\/\/d2p6e6u75xmxt8.cloudfront.net\/4\/2018\/07\/12.jpg\"><img loading=\"lazy\" decoding=\"async\" class=\"alignnone size-full wp-image-4331\" src=\"https:\/\/d2p6e6u75xmxt8.cloudfront.net\/4\/2018\/07\/12.jpg\" alt=\"\" width=\"1200\" height=\"800\" \/><\/a><\/p>\n<p><strong>Ak\u00e9 s\u00fa tvoje najbli\u017e\u0161ie \u201ecyklo\u201c pl\u00e1ny?<\/strong><br \/>\n<em>Ned\u00e1vno som sa po \u0161tvrt\u00fdkr\u00e1t z\u00fa\u010dastnil extr\u00e9mneho triatlonu Oravaman a u\u017e tento v\u00edkend ma \u010dakaj\u00fa MTB preteky <a href=\"https:\/\/www.welovecycling.com\/sk\/2018\/07\/18\/pozvanka-skoda-stupava-trophy-2018-akcia-pre-celu-rodinu\/\" target=\"_blank\" rel=\"noopener\">\u0160koda Stupava Trophy<\/a>, ktor\u00e9 s\u00fa s\u00fa\u010das\u0165ou s\u00e9rie \u0160koda BIKE OPEN TOUR.<\/em><\/p>\n","protected":false},"excerpt":{"rendered":"<p>Nejeden fan\u00fa\u0161ik Tour de France so zatajen\u00fdm dychom sleduje jednotliv\u00e9 etapy v telev\u00edzii a sn\u00edva o tom, ak\u00e9 to asi [&hellip;]<\/p>\n","protected":false},"author":38,"featured_media":4318,"comment_status":"open","ping_status":"open","sticky":false,"template":"","format":"standard","meta":{"footnotes":""},"categories":[5,4,34,117],"tags":[275,115,487,306,71,501,20,308,269],"global-categories":[],"class_list":["post-4316","post","type-post","status-publish","format-standard","has-post-thumbnail","hentry","category-blog","category-cestna-cyklisitika","category-podujatia","category-tour-de-france","tag-cesta","tag-cestna-cyklistika","tag-cestny-bicykel","tag-francuzsko","tag-letape-du-tour","tag-rozhovor","tag-tour-de-france","tag-tour-de-france-2018","tag-vitaz"],"yoast_head":"<!-- This site is optimized with the Yoast SEO Premium plugin v25.3 (Yoast SEO v25.9) - https:\/\/yoast.com\/wordpress\/plugins\/seo\/ -->\n<title>Rozhovor: L\u2019\u00c9tape du Tour - poriadna alpsk\u00e1 previerka, 1. \u010das\u0165 - \u0160koda We Love Cycling Slovensko<\/title>\n<meta name=\"robots\" content=\"index, follow, max-snippet:-1, max-image-preview:large, max-video-preview:-1\" \/>\n<link rel=\"canonical\" href=\"https:\/\/www.welovecycling.com\/sk\/2018\/07\/24\/rozhovor-letape-du-tour-poriadna-alpska-previerka-1-cast\/\" \/>\n<meta property=\"og:locale\" content=\"sk_SK\" \/>\n<meta property=\"og:type\" content=\"article\" \/>\n<meta property=\"og:title\" content=\"Rozhovor: L\u2019\u00c9tape du Tour - poriadna alpsk\u00e1 previerka, 1. \u010das\u0165\" \/>\n<meta property=\"og:description\" content=\"Nejeden fan\u00fa\u0161ik Tour de France so zatajen\u00fdm dychom sleduje jednotliv\u00e9 etapy v telev\u00edzii a sn\u00edva o tom, ak\u00e9 to asi [&hellip;]\" \/>\n<meta property=\"og:url\" content=\"https:\/\/www.welovecycling.com\/sk\/2018\/07\/24\/rozhovor-letape-du-tour-poriadna-alpska-previerka-1-cast\/\" \/>\n<meta property=\"og:site_name\" content=\"\u0160koda We Love Cycling Slovensko\" \/>\n<meta property=\"article:published_time\" content=\"2018-07-24T14:30:48+00:00\" \/>\n<meta property=\"article:modified_time\" content=\"2019-02-13T14:13:28+00:00\" \/>\n<meta property=\"og:image\" content=\"https:\/\/d2p6e6u75xmxt8.cloudfront.net\/4\/2018\/07\/titulka-5.webp\" \/>\n\t<meta property=\"og:image:width\" content=\"1375\" \/>\n\t<meta property=\"og:image:height\" content=\"600\" \/>\n\t<meta property=\"og:image:type\" content=\"image\/webp\" \/>\n<meta name=\"author\" content=\"Ondrej Ga\u0161par\" \/>\n<meta name=\"twitter:card\" content=\"summary_large_image\" \/>\n<meta name=\"twitter:label1\" content=\"Written by\" \/>\n\t<meta name=\"twitter:data1\" content=\"We Love Cycling\" \/>\n\t<meta name=\"twitter:label2\" content=\"Est. reading time\" \/>\n\t<meta name=\"twitter:data2\" content=\"5\" \/>\n<script type=\"application\/ld+json\" class=\"yoast-schema-graph\">{\"@context\":\"https:\/\/schema.org\",\"@graph\":[{\"@type\":\"WebPage\",\"@id\":\"https:\/\/www.welovecycling.com\/sk\/2018\/07\/24\/rozhovor-letape-du-tour-poriadna-alpska-previerka-1-cast\/\",\"url\":\"https:\/\/www.welovecycling.com\/sk\/2018\/07\/24\/rozhovor-letape-du-tour-poriadna-alpska-previerka-1-cast\/\",\"name\":\"Rozhovor: L\u2019\u00c9tape du Tour - poriadna alpsk\u00e1 previerka, 1. \u010das\u0165 - \u0160koda We Love Cycling Slovensko\",\"isPartOf\":{\"@id\":\"https:\/\/www.welovecycling.com\/sk\/#website\"},\"primaryImageOfPage\":{\"@id\":\"https:\/\/www.welovecycling.com\/sk\/2018\/07\/24\/rozhovor-letape-du-tour-poriadna-alpska-previerka-1-cast\/#primaryimage\"},\"image\":{\"@id\":\"https:\/\/www.welovecycling.com\/sk\/2018\/07\/24\/rozhovor-letape-du-tour-poriadna-alpska-previerka-1-cast\/#primaryimage\"},\"thumbnailUrl\":\"https:\/\/d2p6e6u75xmxt8.cloudfront.net\/4\/2018\/07\/titulka-5.webp\",\"datePublished\":\"2018-07-24T14:30:48+00:00\",\"dateModified\":\"2019-02-13T14:13:28+00:00\",\"author\":{\"@id\":\"https:\/\/www.welovecycling.com\/sk\/#\/schema\/person\/8ee09ba39b7e25b1870160aa5b3a89bc\"},\"breadcrumb\":{\"@id\":\"https:\/\/www.welovecycling.com\/sk\/2018\/07\/24\/rozhovor-letape-du-tour-poriadna-alpska-previerka-1-cast\/#breadcrumb\"},\"inLanguage\":\"sk-SK\",\"potentialAction\":[{\"@type\":\"ReadAction\",\"target\":[\"https:\/\/www.welovecycling.com\/sk\/2018\/07\/24\/rozhovor-letape-du-tour-poriadna-alpska-previerka-1-cast\/\"]}]},{\"@type\":\"ImageObject\",\"inLanguage\":\"sk-SK\",\"@id\":\"https:\/\/www.welovecycling.com\/sk\/2018\/07\/24\/rozhovor-letape-du-tour-poriadna-alpska-previerka-1-cast\/#primaryimage\",\"url\":\"https:\/\/d2p6e6u75xmxt8.cloudfront.net\/4\/2018\/07\/titulka-5.webp\",\"contentUrl\":\"https:\/\/d2p6e6u75xmxt8.cloudfront.net\/4\/2018\/07\/titulka-5.webp\",\"width\":1375,\"height\":600},{\"@type\":\"BreadcrumbList\",\"@id\":\"https:\/\/www.welovecycling.com\/sk\/2018\/07\/24\/rozhovor-letape-du-tour-poriadna-alpska-previerka-1-cast\/#breadcrumb\",\"itemListElement\":[{\"@type\":\"ListItem\",\"position\":1,\"name\":\"Home\",\"item\":\"https:\/\/www.welovecycling.com\/sk\/\"},{\"@type\":\"ListItem\",\"position\":2,\"name\":\"Rozhovor: L\u2019\u00c9tape du Tour &#8211; poriadna alpsk\u00e1 previerka, 1. \u010das\u0165\"}]},{\"@type\":\"WebSite\",\"@id\":\"https:\/\/www.welovecycling.com\/sk\/#website\",\"url\":\"https:\/\/www.welovecycling.com\/sk\/\",\"name\":\"\u0160koda We Love Cycling Slovensko\",\"description\":\"\u0160koda We Love Cycling Slovensko je v\u00e1\u0161 ka\u017edodenn\u00fd zdroj noviniek a in\u0161pir\u00e1cie z sveta cyklistiky\",\"potentialAction\":[{\"@type\":\"SearchAction\",\"target\":{\"@type\":\"EntryPoint\",\"urlTemplate\":\"https:\/\/www.welovecycling.com\/sk\/?s={search_term_string}\"},\"query-input\":{\"@type\":\"PropertyValueSpecification\",\"valueRequired\":true,\"valueName\":\"search_term_string\"}}],\"inLanguage\":\"sk-SK\"},{\"@type\":\"Person\",\"@id\":\"https:\/\/www.welovecycling.com\/sk\/#\/schema\/person\/8ee09ba39b7e25b1870160aa5b3a89bc\",\"name\":\"Ondrej Ga\u0161par\",\"image\":{\"@type\":\"ImageObject\",\"inLanguage\":\"sk-SK\",\"@id\":\"https:\/\/www.welovecycling.com\/sk\/#\/schema\/person\/image\/\",\"url\":\"https:\/\/secure.gravatar.com\/avatar\/6126c9afb87b70da5abbb083ddbb21933da15f18f8ca7cb822aba0fb096a48f6?s=96&d=mm&r=g\",\"contentUrl\":\"https:\/\/secure.gravatar.com\/avatar\/6126c9afb87b70da5abbb083ddbb21933da15f18f8ca7cb822aba0fb096a48f6?s=96&d=mm&r=g\",\"caption\":\"Ondrej Ga\u0161par\"},\"url\":\"https:\/\/www.welovecycling.com\/sk\/author\/ondrejgaspar\/\"}]}<\/script>\n<!-- \/ Yoast SEO Premium plugin. -->","yoast_head_json":{"title":"Rozhovor: L\u2019\u00c9tape du Tour - poriadna alpsk\u00e1 previerka, 1. \u010das\u0165 - \u0160koda We Love Cycling Slovensko","robots":{"index":"index","follow":"follow","max-snippet":"max-snippet:-1","max-image-preview":"max-image-preview:large","max-video-preview":"max-video-preview:-1"},"canonical":"https:\/\/www.welovecycling.com\/sk\/2018\/07\/24\/rozhovor-letape-du-tour-poriadna-alpska-previerka-1-cast\/","og_locale":"sk_SK","og_type":"article","og_title":"Rozhovor: L\u2019\u00c9tape du Tour - poriadna alpsk\u00e1 previerka, 1. \u010das\u0165","og_description":"Nejeden fan\u00fa\u0161ik Tour de France so zatajen\u00fdm dychom sleduje jednotliv\u00e9 etapy v telev\u00edzii a sn\u00edva o tom, ak\u00e9 to asi [&hellip;]","og_url":"https:\/\/www.welovecycling.com\/sk\/2018\/07\/24\/rozhovor-letape-du-tour-poriadna-alpska-previerka-1-cast\/","og_site_name":"\u0160koda We Love Cycling Slovensko","article_published_time":"2018-07-24T14:30:48+00:00","article_modified_time":"2019-02-13T14:13:28+00:00","og_image":[{"width":1375,"height":600,"url":"https:\/\/d2p6e6u75xmxt8.cloudfront.net\/4\/2018\/07\/titulka-5.webp","type":"image\/webp"}],"author":"Ondrej Ga\u0161par","twitter_card":"summary_large_image","twitter_misc":{"Written by":"We Love Cycling","Est. reading time":"5"},"schema":{"@context":"https:\/\/schema.org","@graph":[{"@type":"WebPage","@id":"https:\/\/www.welovecycling.com\/sk\/2018\/07\/24\/rozhovor-letape-du-tour-poriadna-alpska-previerka-1-cast\/","url":"https:\/\/www.welovecycling.com\/sk\/2018\/07\/24\/rozhovor-letape-du-tour-poriadna-alpska-previerka-1-cast\/","name":"Rozhovor: L\u2019\u00c9tape du Tour - poriadna alpsk\u00e1 previerka, 1. \u010das\u0165 - \u0160koda We Love Cycling Slovensko","isPartOf":{"@id":"https:\/\/www.welovecycling.com\/sk\/#website"},"primaryImageOfPage":{"@id":"https:\/\/www.welovecycling.com\/sk\/2018\/07\/24\/rozhovor-letape-du-tour-poriadna-alpska-previerka-1-cast\/#primaryimage"},"image":{"@id":"https:\/\/www.welovecycling.com\/sk\/2018\/07\/24\/rozhovor-letape-du-tour-poriadna-alpska-previerka-1-cast\/#primaryimage"},"thumbnailUrl":"https:\/\/d2p6e6u75xmxt8.cloudfront.net\/4\/2018\/07\/titulka-5.webp","datePublished":"2018-07-24T14:30:48+00:00","dateModified":"2019-02-13T14:13:28+00:00","author":{"@id":"https:\/\/www.welovecycling.com\/sk\/#\/schema\/person\/8ee09ba39b7e25b1870160aa5b3a89bc"},"breadcrumb":{"@id":"https:\/\/www.welovecycling.com\/sk\/2018\/07\/24\/rozhovor-letape-du-tour-poriadna-alpska-previerka-1-cast\/#breadcrumb"},"inLanguage":"sk-SK","potentialAction":[{"@type":"ReadAction","target":["https:\/\/www.welovecycling.com\/sk\/2018\/07\/24\/rozhovor-letape-du-tour-poriadna-alpska-previerka-1-cast\/"]}]},{"@type":"ImageObject","inLanguage":"sk-SK","@id":"https:\/\/www.welovecycling.com\/sk\/2018\/07\/24\/rozhovor-letape-du-tour-poriadna-alpska-previerka-1-cast\/#primaryimage","url":"https:\/\/d2p6e6u75xmxt8.cloudfront.net\/4\/2018\/07\/titulka-5.webp","contentUrl":"https:\/\/d2p6e6u75xmxt8.cloudfront.net\/4\/2018\/07\/titulka-5.webp","width":1375,"height":600},{"@type":"BreadcrumbList","@id":"https:\/\/www.welovecycling.com\/sk\/2018\/07\/24\/rozhovor-letape-du-tour-poriadna-alpska-previerka-1-cast\/#breadcrumb","itemListElement":[{"@type":"ListItem","position":1,"name":"Home","item":"https:\/\/www.welovecycling.com\/sk\/"},{"@type":"ListItem","position":2,"name":"Rozhovor: L\u2019\u00c9tape du Tour &#8211; poriadna alpsk\u00e1 previerka, 1. \u010das\u0165"}]},{"@type":"WebSite","@id":"https:\/\/www.welovecycling.com\/sk\/#website","url":"https:\/\/www.welovecycling.com\/sk\/","name":"\u0160koda We Love Cycling Slovensko","description":"\u0160koda We Love Cycling Slovensko je v\u00e1\u0161 ka\u017edodenn\u00fd zdroj noviniek a in\u0161pir\u00e1cie z sveta cyklistiky","potentialAction":[{"@type":"SearchAction","target":{"@type":"EntryPoint","urlTemplate":"https:\/\/www.welovecycling.com\/sk\/?s={search_term_string}"},"query-input":{"@type":"PropertyValueSpecification","valueRequired":true,"valueName":"search_term_string"}}],"inLanguage":"sk-SK"},{"@type":"Person","@id":"https:\/\/www.welovecycling.com\/sk\/#\/schema\/person\/8ee09ba39b7e25b1870160aa5b3a89bc","name":"Ondrej Ga\u0161par","image":{"@type":"ImageObject","inLanguage":"sk-SK","@id":"https:\/\/www.welovecycling.com\/sk\/#\/schema\/person\/image\/","url":"https:\/\/secure.gravatar.com\/avatar\/6126c9afb87b70da5abbb083ddbb21933da15f18f8ca7cb822aba0fb096a48f6?s=96&d=mm&r=g","contentUrl":"https:\/\/secure.gravatar.com\/avatar\/6126c9afb87b70da5abbb083ddbb21933da15f18f8ca7cb822aba0fb096a48f6?s=96&d=mm&r=g","caption":"Ondrej Ga\u0161par"},"url":"https:\/\/www.welovecycling.com\/sk\/author\/ondrejgaspar\/"}]}},"_links":{"self":[{"href":"https:\/\/www.welovecycling.com\/sk\/wp-json\/wp\/v2\/posts\/4316","targetHints":{"allow":["GET"]}}],"collection":[{"href":"https:\/\/www.welovecycling.com\/sk\/wp-json\/wp\/v2\/posts"}],"about":[{"href":"https:\/\/www.welovecycling.com\/sk\/wp-json\/wp\/v2\/types\/post"}],"author":[{"embeddable":true,"href":"https:\/\/www.welovecycling.com\/sk\/wp-json\/wp\/v2\/users\/38"}],"replies":[{"embeddable":true,"href":"https:\/\/www.welovecycling.com\/sk\/wp-json\/wp\/v2\/comments?post=4316"}],"version-history":[{"count":2,"href":"https:\/\/www.welovecycling.com\/sk\/wp-json\/wp\/v2\/posts\/4316\/revisions"}],"predecessor-version":[{"id":4344,"href":"https:\/\/www.welovecycling.com\/sk\/wp-json\/wp\/v2\/posts\/4316\/revisions\/4344"}],"wp:featuredmedia":[{"embeddable":true,"href":"https:\/\/www.welovecycling.com\/sk\/wp-json\/wp\/v2\/media\/4318"}],"wp:attachment":[{"href":"https:\/\/www.welovecycling.com\/sk\/wp-json\/wp\/v2\/media?parent=4316"}],"wp:term":[{"taxonomy":"category","embeddable":true,"href":"https:\/\/www.welovecycling.com\/sk\/wp-json\/wp\/v2\/categories?post=4316"},{"taxonomy":"post_tag","embeddable":true,"href":"https:\/\/www.welovecycling.com\/sk\/wp-json\/wp\/v2\/tags?post=4316"},{"taxonomy":"global-categories","embeddable":true,"href":"https:\/\/www.welovecycling.com\/sk\/wp-json\/wp\/v2\/global-categories?post=4316"}],"curies":[{"name":"wp","href":"https:\/\/api.w.org\/{rel}","templated":true}]}}