{"id":4283,"date":"2018-07-23T18:21:18","date_gmt":"2018-07-23T16:21:18","guid":{"rendered":"https:\/\/www.welovecycling.com\/sk\/?p=4283"},"modified":"2018-08-08T16:54:22","modified_gmt":"2018-08-08T14:54:22","slug":"tyzden-cislo-2-na-starej-dame","status":"publish","type":"post","link":"https:\/\/www.welovecycling.com\/sk\/2018\/07\/23\/tyzden-cislo-2-na-starej-dame\/","title":{"rendered":"T\u00fd\u017ede\u0148 \u010d\u00edslo 2 na Starej d\u00e1me"},"content":{"rendered":"<p><strong>Po dni odpo\u010dinku sa Le Tour op\u00e4\u0165 prinavr\u00e1tila na tra\u0165. Pr\u00e1ve odpo\u010dinok a pripravenos\u0165 na nasleduj\u00face dni boli k\u013e\u00fa\u010dov\u00fdmi elementmi, rozhoduj\u00facimi o \u010fal\u0161om osude v\u00fdvoja pretekov. V tomto t\u00fd\u017edni sme sa presunuli na juhov\u00fdchod k hraniciam so \u0160vaj\u010diarskom, kde sa ukr\u00fdvaj\u00fa Alpy, nedaruj\u00face nikomu ni\u010d zadarmo. Svojej povesti zostali vern\u00e9 aj tentoraz a zamie\u0161ali tak kartami nejedn\u00e9ho pretek\u00e1ra.<\/strong><!--more--><\/p>\n<div class=\"shortcode-ys-post-pinup\"><article class=\"loop-simple post-4166 post type-post status-publish format-standard has-post-thumbnail hentry category-cestna-cyklisitika category-grand-tour category-tour-de-france tag-bodkovany-dres tag-bora-hansgrohe tag-cesta tag-cestna-cyklistika tag-chris-froome tag-francuzsko tag-geraint-thomas tag-greg-van-avermaet tag-mark-cavendish tag-peter-sagan tag-preteky tag-tour-de-france tag-tour-de-france-2018 tag-zeleny-dres tag-zlty-dres\" data-postid=\"4166\" role=\"article\" data-post-id=\"4166\" data-word-count=\"1367\" data-headline-length=\"35\" data-category=\"Tour de France\" data-author=\"We Love Cycling\" data-published=\"2018-07-16T21:29:50+02:00\" data-published-day=\"Monday\">\n    <div class=\"entry-thumbnail article-thumbnail\" content=\"https:\/\/d2p6e6u75xmxt8.cloudfront.net\/4\/2018\/07\/01-6-150x150.webp\"><a href=\"https:\/\/www.welovecycling.com\/sk\/2018\/07\/16\/tyzden-cislo-1-na-starej-dame\/\" class=\"image-holder\" target=\"_self\"><img decoding=\"async\" loading=\"lazy\" class=\"\" src=\"https:\/\/d2p6e6u75xmxt8.cloudfront.net\/4\/2018\/07\/01-6-1024x447.webp\" srcset=\"https:\/\/d2p6e6u75xmxt8.cloudfront.net\/4\/2018\/07\/01-6.webp 1375w, https:\/\/d2p6e6u75xmxt8.cloudfront.net\/4\/2018\/07\/01-6-300x131.webp 300w, https:\/\/d2p6e6u75xmxt8.cloudfront.net\/4\/2018\/07\/01-6-1024x447.webp 1024w, https:\/\/d2p6e6u75xmxt8.cloudfront.net\/4\/2018\/07\/01-6-768x335.webp 768w\" width=\"1024\" height=\"447\" sizes=\"auto, (min-width: 1200px) 458px, (min-width: 768px) 38vw, 100vw\" alt=\"tyzden-cislo-1-na-starej-dame\"\/><\/a><\/div>    <div class=\"entry-meta\">\n        <a class=\"label label-secondary post-category\" href=\"https:\/\/www.welovecycling.com\/sk\/category\/grand-tour\/tour-de-france\/\" title=\"Tour de France\">Tour de France<\/a>\n    <\/div>\n    <div class=\"entry-details\">\n        <a href=\"https:\/\/www.welovecycling.com\/sk\/2018\/07\/16\/tyzden-cislo-1-na-starej-dame\/\" class='entry-title-wrapper'>\n            <h3 class=\"entry-title\"><span>T\u00fd\u017ede\u0148 \u010d\u00edslo 1 na Starej d\u00e1me<\/span><\/h3>\n        <\/a>\n    <\/div>\n    <\/article>\n<\/div>\n<h2><strong>10. etapa Annecy &gt; Le Grand-Bornand (158.5 km, horsk\u00e1)<\/strong><\/h2>\n<p>Hne\u010f \u00favodn\u00e1 etapa previedla jazdcov cez <strong>3 vrch\u00e1rske pr\u00e9mie prvej kateg\u00f3rie<\/strong> a jednu ohodnoten\u00fa najvy\u0161\u0161\u00edm ozna\u010den\u00edm \u2013 HC. V\u010faka nim sa o\u010dak\u00e1valo prv\u00e9 v\u00e4\u010d\u0161ie porovnanie sa pretek\u00e1rov usiluj\u00facich o celkov\u00e9 v\u00ed\u0165azstvo. V \u00favode sa odp\u00fatala 21-\u010dlenn\u00e1 skupinka, zah\u0155\u0148aj\u00faca aj Sagana (BORA-hansgrohe), ktor\u00e9mu sa podarilo ukoristi\u0165 si pln\u00fd po\u010det bodov (20) z priebe\u017en\u00e9ho \u0161printu a op\u00e4\u0165 nav\u00fd\u0161i\u0165 svoj n\u00e1skok, dovedna viac ako 100 bodov na druh\u00e9ho Gaviriu (Quick-Step). Prv\u00e9 st\u00fapanie 1. kateg\u00f3rie, Plateau des Gli\u00e8res, pre\u0161la skupina u\u017e len v osemn\u00e1stich jazdcoch, za\u0155\u0148aj\u00facich aj dr\u017eite\u013ea \u017elt\u00e9ho dresu Avermaeta (BMC), ako aj Alaphilippa (Quick-Step) a in\u00fdch. Avermaet (BMC) mal \u0161ancu obh\u00e1ji\u0165 ved\u00face postavenie pred druh\u00fdm Thomasom (Sky). <strong>Alaphilippe (Quick-Step)<\/strong> sa odp\u00fatal od skupiny a osamoten\u00fd pred posledn\u00fdm st\u00fapan\u00edm mieril za <strong>prv\u00fdm v\u00ed\u0165azstvom na Tour de France<\/strong>, ktor\u00e9 mu u\u017e nikto nedok\u00e1zal vzia\u0165.<\/p>\n<p><a href=\"https:\/\/d2p6e6u75xmxt8.cloudfront.net\/4\/2018\/07\/01-7.jpg\"><img loading=\"lazy\" decoding=\"async\" class=\"alignnone size-full wp-image-4286\" src=\"https:\/\/d2p6e6u75xmxt8.cloudfront.net\/4\/2018\/07\/01-7.jpg\" alt=\"\" width=\"1200\" height=\"800\" \/><\/a><em>V\u00ed\u0165azn\u00fd Alaphilippe zdol\u00e1va posledn\u00e9 st\u00fapanie<\/em><\/p>\n<p>Avermaet (BMC) udr\u017eal \u017elt\u00fd dres aj za cenu ve\u013ek\u00e9ho \u00fasilia. V celkovom porad\u00ed sa napriek aktivite Martina (UAE) a in\u00fdch, neudiali \u017eiadne zmeny.<\/p>\n<p><strong>Aj tak\u00e9to poh\u013eady sa naskytali jazdcom a div\u00e1kom 10. etapy:<\/strong>\n<lite-youtube videoid=BqXDmSAEevY params=\"enablejsapi=1\" style=\"background-image: url('https:\/\/i.ytimg.com\/vi_webp\/BqXDmSAEevY\/maxresdefault.webp');\"><\/lite-youtube>\n<h2><strong>11. etapa Albertville &gt; La Rosi\u00e8re Espace San Bernardo (108,5 km, horsk\u00e1)<\/strong><\/h2>\n<p>D\u013a\u017ekou podpriemern\u00e1, av\u0161ak n\u00e1ro\u010dnos\u0165ou radiaca sa <strong>k vrcholn\u00fdm etap\u00e1m<\/strong>. Dve vrch\u00e1rske pr\u00e9mie kateg\u00f3rie HC a dojazd na vrchole kopca prvej kateg\u00f3rie, vzbudzovali re\u0161pekt. Aj dnes sa <strong>Sagan (BORA-hansgrohe)<\/strong> pripojil do \u010deln\u00e9ho \u00faniku, v\u010faka \u010domu op\u00e4\u0165 <strong>dok\u00e1zal z\u00edska\u0165 pln\u00fd po\u010det bodov na priebe\u017enom \u0161printe<\/strong>. Jeho \u00fa\u010dinkovanie na \u010dele sa v\u0161ak v tomto bode ukon\u010dilo po tom, \u010do sa rozhodol vr\u00e1ti\u0165 do pelot\u00f3nu. \u00danik pokra\u010doval aj bez neho v po\u010detnej zostave. V\u010deraj\u0161\u00ed v\u00ed\u0165az Alaphilippe (Quick-Step) si polep\u0161il vo vrch\u00e1rskej klasifik\u00e1cii a taktie\u017e nav\u00fd\u0161il svoj n\u00e1skok na prvom st\u00fapan\u00ed.<\/p>\n<p>Dnes sa prejavili aj jazdci celkovej klasifik\u00e1cie: najprv sa odp\u00fatal od pelot\u00f3nu Valverde (Movistar) a n\u00e1sledne Dumoulin (Team Sunweb), ktor\u00fdm sa podarilo vzdiali\u0165 sa a vytvori\u0165 si dvojmin\u00fatov\u00fd n\u00e1skok. V poslednom st\u00fapan\u00ed z \u00faniku nast\u00fapil Nieve (Mitchelton-SCOTT) a mieril naproti v\u00ed\u0165azstvu. T\u00edm Sky na \u010dele pelot\u00f3nu pritvrdil a pohltil Valverdeho (Movistar). Ich tempu nesta\u010dil ani l\u00edder Astany, Fuglsang. 5 kilometrov pred koncom urobil z\u00e1sadn\u00fd krok <strong>Thomas (Sky)<\/strong>, sna\u017eiaci sa dostihn\u00fa\u0165 Dumoulina, \u010do sa mu aj podarilo. 300 metrov pred koncom obehol aj Nieveho (Mitchelton-SCOTT) a pri\u0161iel si <strong>po v\u00ed\u0165azstvo, ako aj \u017elt\u00fd dres<\/strong>. Druh\u00fd bol Dumoulin (Team Sunweb), tret\u00ed Froome (Sky).<\/p>\n<p><a href=\"https:\/\/d2p6e6u75xmxt8.cloudfront.net\/4\/2018\/07\/02-4.jpg\"><img loading=\"lazy\" decoding=\"async\" class=\"alignnone size-full wp-image-4287\" src=\"https:\/\/d2p6e6u75xmxt8.cloudfront.net\/4\/2018\/07\/02-4.jpg\" alt=\"\" width=\"1200\" height=\"800\" \/><\/a><\/p>\n<h2><strong>12. etapa Bourg-Saint-Maurice Les Arcs &gt; Alpe d&#8217;Huez (175,5 km, horsk\u00e1)<\/strong><\/h2>\n<p>Ako sa hovor\u00ed, do tretice v\u0161etko dobr\u00e9, av\u0161ak pre jazdcov na Tour to \u00faplne tak neplatilo. Tret\u00ed de\u0148 alpsk\u00fdch et\u00e1p bol ich vyvrcholen\u00edm. <strong>Dvan\u00e1sta etapa, prech\u00e1dzaj\u00faca troma vrch\u00e1rskymi pr\u00e9miami kateg\u00f3rie HC, s fin\u00e1lnym st\u00fapan\u00edm na posv\u00e4tn\u00fd Alpe d&#8217;Huez<\/strong>, sa stala nezabudnute\u013enou pre nejedn\u00e9ho jazdca. In\u00fdmi slovami, 70 km v kopcoch, s 5 000 nast\u00fapan\u00fdmi metrami. Alaphilippe (Quick-Step) sa znova odhodlal do \u00faniku a z\u00edskal 23 \u010fal\u0161\u00edch bodov, \u010d\u00edm si upevnil svoju poz\u00edciu ved\u00faceho jazdca vrch\u00e1rskej klasifik\u00e1cie. Rovnako sa darilo aj Saganovi (BORA-hansgrohe). 70 km pred koncom zavelil k \u00fatoku Kruijswijk (Team LottoNL-Jumbo).<\/p>\n<p><a href=\"https:\/\/d2p6e6u75xmxt8.cloudfront.net\/4\/2018\/07\/03-6.jpg\"><img loading=\"lazy\" decoding=\"async\" class=\"alignnone size-full wp-image-4288\" src=\"https:\/\/d2p6e6u75xmxt8.cloudfront.net\/4\/2018\/07\/03-6.jpg\" alt=\"\" width=\"1200\" height=\"800\" \/><\/a><\/p>\n<p>Na vrchole predposledn\u00e9ho st\u00fapania mal u\u017e 6-min\u00fatov\u00fd n\u00e1skok, \u010d\u00edm by sa prezliekol do \u017elt\u00e9ho dresu. T\u00edm Sky v\u0161ak op\u00e4\u0165 preuk\u00e1zal svoju silu a dok\u00e1zal v posledn\u00fdch trin\u00e1stich kilometroch eliminova\u0165 jeho n\u00e1skok. Nepr\u00edjemn\u00fd incident sa prihodil Nibalimu (Bahrain-Merida), ktor\u00fd s prispen\u00edm neopatrn\u00e9ho div\u00e1ka spadol 3 km pred koncom. Z malej skupiny pozost\u00e1vaj\u00facej z jazdcov na najvy\u0161\u0161\u00edch prie\u010dkach celkovej klasifik\u00e1cie, sa najefekt\u00edvnej\u0161ie presadil Thomas (Sky), id\u00faci si po druh\u00e9 v\u00ed\u0165azstvo v rade, ako aj nav\u00fd\u0161enie svojho n\u00e1skoku v boji o \u017elt\u00fd dres.<\/p>\n<p>Ide z\u00e1rove\u0148 o historick\u00fd triumf, nako\u013eko je Thomas prv\u00fdm jazdcom v \u017eltom drese, ktor\u00fd zv\u00ed\u0165azil na Alpe d&#8217;Huez (vyn\u00edmaj\u00fac nesl\u00e1vneho Lanca Armstronga). Hoci Thomas v\u00f4bec nie je \u010distokrvn\u00fd vrch\u00e1r, po viac ako 40 rokoch je z\u00e1rove\u0148 prv\u00fdm jazdcom, ktor\u00fd vyhral dve horsk\u00e9 etapy po sebe (1976, Joop Zoetemelk). Klob\u00fak dole!<\/p>\n<p><strong>Posledn\u00e9 dve etapy kruto kosili v radoch \u0161print\u00e9rov; svojej \u00fa\u010dasti sa museli vzda\u0165 najsk\u00f4r Kittel (Katusha Alpecin) a Cavendish (Dimension Data), a nesk\u00f4r aj Groenewegen (Team LottoNL-Jumbo), Greipel (Lotto-Soudal) a n\u00e1dejn\u00fd Gaviria (Quick-Step).<\/strong><\/p>\n<p>&nbsp;<\/p>\n<lite-youtube videoid=zuLkKY_ex4I params=\"enablejsapi=1\" style=\"background-image: url('https:\/\/i.ytimg.com\/vi_webp\/zuLkKY_ex4I\/maxresdefault.webp');\"><\/lite-youtube>\n<h2><strong>13. etapa Bourg d&#8217;Oisans &gt; Valence (169,5 km, rovinat\u00e1)<\/strong><\/h2>\n<p>Vyd\u00fdchnu\u0165 a odpo\u010din\u00fa\u0165 si mohli jazdci po troch n\u00e1ro\u010dn\u00fdch etap\u00e1ch na dne\u0161n\u00fdch rovinat\u00fdch \u00fasekoch v okol\u00ed Grenoblu. Pretek\u00e1ri v \u00faniku neoddychovali, ich cie\u013eom bolo pre dne\u0161ok z\u00edska\u0165 cenn\u00e9 v\u00ed\u0165azstvo. \u0160print\u00e9rska pr\u00e9mia padla do r\u00fak \u00faniku a <strong>Saganovi (BORA-hansgrohe) sa u\u0161lo dev\u00e4\u0165 bodov za siedme miesto<\/strong>. Predch\u00e1dzaj\u00faci v\u00fdvoj Tour zapr\u00ed\u010dinil, \u017ee v tejto etape sa predstavilo u\u017e len 152 jazdcov, najmenej od roku 2000. \u00danik bol pohlten\u00fd 25 km pred koncom, \u010do dalo pr\u00edle\u017eitos\u0165 Sch\u00e4rovi (BMC) pre op\u00e4tovn\u00fd \u00fatok. Ani jeho snahy nedosiahli vyt\u00fa\u017eenej odmeny a 6 km pred koncom sa \u010dakalo na hromadn\u00fd \u0161print. V \u0148om dominoval Sagan (BORA-hansgrohe) pred Kristoffom (UAE) a Demarom (FDJ).<\/p>\n<p><a href=\"https:\/\/d2p6e6u75xmxt8.cloudfront.net\/4\/2018\/07\/04-4.jpg\"><img loading=\"lazy\" decoding=\"async\" class=\"alignnone size-full wp-image-4289\" src=\"https:\/\/d2p6e6u75xmxt8.cloudfront.net\/4\/2018\/07\/04-4.jpg\" alt=\"\" width=\"1200\" height=\"800\" \/><\/a><\/p>\n<p><strong>Sagan (Facebook):<\/strong> <em>\u201eJe to fantastick\u00e9 v\u00ed\u0165azstvo. Som ve\u013emi \u0161\u0165astn\u00fd, \u017ee to vy\u0161lo, osobne to pre m\u0148a ve\u013ea znamen\u00e1. Op\u00e4\u0165 raz mus\u00edm po\u010fakova\u0165 chalanom z t\u00edmu za ich obetav\u00fa pr\u00e1cu. Bola to kone\u010dne rovinat\u00e1 etapa a ka\u017ed\u00fd tak trochu oddychoval v hlavnej skupine. Mysl\u00edm, \u017ee v\u0161etci vyzerali by\u0165 spokojn\u00ed, \u017ee dne\u0161n\u00e1 etapa sa \u0161la vo vo\u013enej\u0161om tempe.\u201c<\/em><\/p>\n<p><strong>Posledn\u00fd kilometer:<\/strong>\n<lite-youtube videoid=4fymzpDWNR0 params=\"enablejsapi=1\" style=\"background-image: url('https:\/\/i.ytimg.com\/vi_webp\/4fymzpDWNR0\/maxresdefault.webp');\"><\/lite-youtube>\n<h2><strong>14.etapa Saint-Paul-Trois-Ch\u00e2teaux &gt; Mende (188 km, kopcovit\u00e1)<\/strong><\/h2>\n<p>S\u00edce n\u00e1m dnes profil ukazoval viacer\u00e9 st\u00fapania, no ich n\u00e1ro\u010dnos\u0165 nebola rovn\u00e1 t\u00fdm z predch\u00e1dzaj\u00facich d\u0148och. To d\u00e1valo \u0161ancu aj jazdcom, ktor\u00ed nie s\u00fa elitn\u00ed vrch\u00e1ri, ale maj\u00fa silu a vytrvalos\u0165 zvl\u00e1dnu\u0165 nieko\u013eko vrcholov. 32 pretek\u00e1rov dok\u00e1zalo po veternom \u0161tarte unikn\u00fa\u0165 pelot\u00f3nu, ktor\u00fd sa ich nesna\u017eil dostihn\u00fa\u0165, ke\u010f\u017ee nevytv\u00e1rali ohrozenie ved\u00facim jazdcom. Ich n\u00e1skok sa 70 km pred koncom vy\u0161plhal a\u017e k deviatim min\u00fatam. <strong>\u0160print\u00e9rska pr\u00e9mia u\u017e tradi\u010dne patrila Saganovi (BORA-Hansgrohe)<\/strong>. Na \u010dele sa tvorili men\u0161ie skupiny, n\u00e1skok prvej siahal a\u017e k dvadsiatim min\u00fatam na pelot\u00f3n. Posledn\u00e9 st\u00fapanie svojou n\u00e1ro\u010dnos\u0165ou v zmysle priemern\u00e9ho sklonu nakoniec najlep\u0161ie vyhovovalo Frailemu (Astana), ktor\u00fd z\u00e1rove\u0148 s Alaphilippom (Quick-Step) predbehli dovtedy ved\u00faceho Stuyvena (Trek-Segafredo).<\/p>\n<p><a href=\"https:\/\/d2p6e6u75xmxt8.cloudfront.net\/4\/2018\/07\/05-6.jpg\"><img loading=\"lazy\" decoding=\"async\" class=\"alignnone size-full wp-image-4291\" src=\"https:\/\/d2p6e6u75xmxt8.cloudfront.net\/4\/2018\/07\/05-6.jpg\" alt=\"\" width=\"1200\" height=\"800\" \/><\/a><em>Fraile (Astana) bojuj\u00faci o v\u00ed\u0165azstvo<\/em><\/p>\n<h2><strong>15. etapa Millau &gt; Carcassonne (181,5 km, kopcovit\u00e1)<\/strong><\/h2>\n<p>Posledn\u00e1 etapa druh\u00e9ho celku nebola ani rovinat\u00e1, ani horsk\u00e1. Obdobne ako v\u010dera, pon\u00fakala svoj vavr\u00edn tomu, kto dok\u00e1\u017ee zdola\u0165 dvojicu st\u00fapan\u00ed, po jednom z 1. a 2. kateg\u00f3rie s rovinat\u00fdm dojazdom v Carcassonne. V\u010faka Saganovej (BORA-hansgrohe) iniciat\u00edve sa odp\u00fatala po\u010detn\u00e1 skupina, obsahuj\u00faca dovedna 30 jazdcov. Ani dnes nech\u00fdbala \u0161print\u00e9rska pr\u00e9mia, v ktorej si ukoristil 15 bodov za 3. miesto <strong>Sagan<\/strong>, \u010d\u00edm <strong>spe\u010datil osud zelen\u00e9ho dresu<\/strong>. V poslednom st\u00fapan\u00ed, ohodnotenom 1. kateg\u00f3riou, preuk\u00e1zal svoje vrch\u00e1rskej kvality jeho t\u00edmov\u00fd kolega Majka (BORA-hansgrohe), ke\u010f ako prv\u00fd zdolal vrchol Pic de Nore. 6 km pred koncom, po n\u00e1stupe troch jazdcov z \u010delnej osem\u010dlennej skupiny, bolo jasn\u00e9, \u017ee dne\u0161n\u00e9 v\u00ed\u0165azstvo si vybojuje jeden z nich. \u0160print\u00e9rsky z\u00e1ver \u201ene\u0161print\u00e9rov\u201c najlep\u0161ie sedel Nielsenovi (Astana), ktor\u00fd po v\u010deraj\u0161om v\u00ed\u0165azstve Fraileho (Astana), zabezpe\u010dil dva dni po sebe v\u00ed\u0165azstvo pre Astanu. Jon Izaguirre Insausti (Bahrain-Merida) si pri\u0161iel po druh\u00e9 miesto pred Mollemom (Trek-Segafredo).<\/p>\n<p><a href=\"https:\/\/d2p6e6u75xmxt8.cloudfront.net\/4\/2018\/07\/06-5.jpg\"><img loading=\"lazy\" decoding=\"async\" class=\"alignnone size-full wp-image-4292\" src=\"https:\/\/d2p6e6u75xmxt8.cloudfront.net\/4\/2018\/07\/06-5.jpg\" alt=\"\" width=\"1200\" height=\"800\" \/><\/a><em>Nielsen (Astana) v\u00ed\u0165az\u00ed<\/em><\/p>\n<p>Dve z troch \u010dast\u00ed 105. ro\u010dn\u00edka Tour m\u00e1me za sebou. Je potrebn\u00e9 nezabudn\u00fa\u0165, \u017ee koniec je a\u017e v Par\u00ed\u017ei a dovtedy sa m\u00f4\u017ee e\u0161te mnoh\u00e9 zmeni\u0165. Pyrenejsk\u00e9 etapy ur\u010dite e\u0161te potr\u00e1pia a zamie\u0161aj\u00fa karty nielen v celkovom hodnoten\u00ed. Nechajme sa teda prekvapi\u0165 posledn\u00fdm t\u00fd\u017ed\u0148om!<\/p>\n<p>(zdroj titulnej fotky: Martin Domok\/Sport24.sk)<\/p>\n","protected":false},"excerpt":{"rendered":"<p>Po dni odpo\u010dinku sa Le Tour op\u00e4\u0165 prinavr\u00e1tila na tra\u0165. Pr\u00e1ve odpo\u010dinok a pripravenos\u0165 na nasleduj\u00face dni boli k\u013e\u00fa\u010dov\u00fdmi elementmi, [&hellip;]<\/p>\n","protected":false},"author":38,"featured_media":4294,"comment_status":"open","ping_status":"open","sticky":false,"template":"","format":"standard","meta":{"footnotes":""},"categories":[4,63,117],"tags":[175,160,115,119,306,149,492,498,496,136,497,46,20,308,156,174],"global-categories":[],"class_list":["post-4283","post","type-post","status-publish","format-standard","has-post-thumbnail","hentry","category-cestna-cyklisitika","category-grand-tour","category-tour-de-france","tag-bodkovany-dres","tag-bora-hansgrohe","tag-cestna-cyklistika","tag-chris-froome","tag-francuzsko","tag-geraint-thomas","tag-greg-van-avermaet","tag-julian-alaphilippe","tag-magnus-cort-nielsen","tag-mark-cavendish","tag-omar-fraile","tag-peter-sagan","tag-tour-de-france","tag-tour-de-france-2018","tag-zeleny-dres","tag-zlty-dres"],"yoast_head":"<!-- This site is optimized with the Yoast SEO Premium plugin v25.3 (Yoast SEO v25.9) - https:\/\/yoast.com\/wordpress\/plugins\/seo\/ -->\n<title>T\u00fd\u017ede\u0148 \u010d\u00edslo 2 na Starej d\u00e1me - \u0160koda We Love Cycling Slovensko<\/title>\n<meta name=\"robots\" content=\"index, follow, max-snippet:-1, max-image-preview:large, max-video-preview:-1\" \/>\n<link rel=\"canonical\" href=\"https:\/\/www.welovecycling.com\/sk\/2018\/07\/23\/tyzden-cislo-2-na-starej-dame\/\" \/>\n<meta property=\"og:locale\" content=\"sk_SK\" \/>\n<meta property=\"og:type\" content=\"article\" \/>\n<meta property=\"og:title\" content=\"T\u00fd\u017ede\u0148 \u010d\u00edslo 2 na Starej d\u00e1me\" \/>\n<meta property=\"og:description\" content=\"Po dni odpo\u010dinku sa Le Tour op\u00e4\u0165 prinavr\u00e1tila na tra\u0165. Pr\u00e1ve odpo\u010dinok a pripravenos\u0165 na nasleduj\u00face dni boli k\u013e\u00fa\u010dov\u00fdmi elementmi, [&hellip;]\" \/>\n<meta property=\"og:url\" content=\"https:\/\/www.welovecycling.com\/sk\/2018\/07\/23\/tyzden-cislo-2-na-starej-dame\/\" \/>\n<meta property=\"og:site_name\" content=\"\u0160koda We Love Cycling Slovensko\" \/>\n<meta property=\"article:published_time\" content=\"2018-07-23T16:21:18+00:00\" \/>\n<meta property=\"article:modified_time\" content=\"2018-08-08T14:54:22+00:00\" \/>\n<meta property=\"og:image\" content=\"https:\/\/d2p6e6u75xmxt8.cloudfront.net\/4\/2018\/07\/MD_FRA_20180714_TDF_8_etapa_0044_HA.webp\" \/>\n\t<meta property=\"og:image:width\" content=\"1375\" \/>\n\t<meta property=\"og:image:height\" content=\"600\" \/>\n\t<meta property=\"og:image:type\" content=\"image\/webp\" \/>\n<meta name=\"author\" content=\"Ondrej Ga\u0161par\" \/>\n<meta name=\"twitter:card\" content=\"summary_large_image\" \/>\n<meta name=\"twitter:label1\" content=\"Written by\" \/>\n\t<meta name=\"twitter:data1\" content=\"We Love Cycling\" \/>\n\t<meta name=\"twitter:label2\" content=\"Est. reading time\" \/>\n\t<meta name=\"twitter:data2\" content=\"9\" \/>\n<script type=\"application\/ld+json\" class=\"yoast-schema-graph\">{\"@context\":\"https:\/\/schema.org\",\"@graph\":[{\"@type\":\"WebPage\",\"@id\":\"https:\/\/www.welovecycling.com\/sk\/2018\/07\/23\/tyzden-cislo-2-na-starej-dame\/\",\"url\":\"https:\/\/www.welovecycling.com\/sk\/2018\/07\/23\/tyzden-cislo-2-na-starej-dame\/\",\"name\":\"T\u00fd\u017ede\u0148 \u010d\u00edslo 2 na Starej d\u00e1me - \u0160koda We Love Cycling Slovensko\",\"isPartOf\":{\"@id\":\"https:\/\/www.welovecycling.com\/sk\/#website\"},\"primaryImageOfPage\":{\"@id\":\"https:\/\/www.welovecycling.com\/sk\/2018\/07\/23\/tyzden-cislo-2-na-starej-dame\/#primaryimage\"},\"image\":{\"@id\":\"https:\/\/www.welovecycling.com\/sk\/2018\/07\/23\/tyzden-cislo-2-na-starej-dame\/#primaryimage\"},\"thumbnailUrl\":\"https:\/\/d2p6e6u75xmxt8.cloudfront.net\/4\/2018\/07\/MD_FRA_20180714_TDF_8_etapa_0044_HA.webp\",\"datePublished\":\"2018-07-23T16:21:18+00:00\",\"dateModified\":\"2018-08-08T14:54:22+00:00\",\"author\":{\"@id\":\"https:\/\/www.welovecycling.com\/sk\/#\/schema\/person\/8ee09ba39b7e25b1870160aa5b3a89bc\"},\"breadcrumb\":{\"@id\":\"https:\/\/www.welovecycling.com\/sk\/2018\/07\/23\/tyzden-cislo-2-na-starej-dame\/#breadcrumb\"},\"inLanguage\":\"sk-SK\",\"potentialAction\":[{\"@type\":\"ReadAction\",\"target\":[\"https:\/\/www.welovecycling.com\/sk\/2018\/07\/23\/tyzden-cislo-2-na-starej-dame\/\"]}]},{\"@type\":\"ImageObject\",\"inLanguage\":\"sk-SK\",\"@id\":\"https:\/\/www.welovecycling.com\/sk\/2018\/07\/23\/tyzden-cislo-2-na-starej-dame\/#primaryimage\",\"url\":\"https:\/\/d2p6e6u75xmxt8.cloudfront.net\/4\/2018\/07\/MD_FRA_20180714_TDF_8_etapa_0044_HA.webp\",\"contentUrl\":\"https:\/\/d2p6e6u75xmxt8.cloudfront.net\/4\/2018\/07\/MD_FRA_20180714_TDF_8_etapa_0044_HA.webp\",\"width\":1375,\"height\":600},{\"@type\":\"BreadcrumbList\",\"@id\":\"https:\/\/www.welovecycling.com\/sk\/2018\/07\/23\/tyzden-cislo-2-na-starej-dame\/#breadcrumb\",\"itemListElement\":[{\"@type\":\"ListItem\",\"position\":1,\"name\":\"Home\",\"item\":\"https:\/\/www.welovecycling.com\/sk\/\"},{\"@type\":\"ListItem\",\"position\":2,\"name\":\"T\u00fd\u017ede\u0148 \u010d\u00edslo 2 na Starej d\u00e1me\"}]},{\"@type\":\"WebSite\",\"@id\":\"https:\/\/www.welovecycling.com\/sk\/#website\",\"url\":\"https:\/\/www.welovecycling.com\/sk\/\",\"name\":\"\u0160koda We Love Cycling Slovensko\",\"description\":\"\u0160koda We Love Cycling Slovensko je v\u00e1\u0161 ka\u017edodenn\u00fd zdroj noviniek a in\u0161pir\u00e1cie z sveta cyklistiky\",\"potentialAction\":[{\"@type\":\"SearchAction\",\"target\":{\"@type\":\"EntryPoint\",\"urlTemplate\":\"https:\/\/www.welovecycling.com\/sk\/?s={search_term_string}\"},\"query-input\":{\"@type\":\"PropertyValueSpecification\",\"valueRequired\":true,\"valueName\":\"search_term_string\"}}],\"inLanguage\":\"sk-SK\"},{\"@type\":\"Person\",\"@id\":\"https:\/\/www.welovecycling.com\/sk\/#\/schema\/person\/8ee09ba39b7e25b1870160aa5b3a89bc\",\"name\":\"Ondrej Ga\u0161par\",\"image\":{\"@type\":\"ImageObject\",\"inLanguage\":\"sk-SK\",\"@id\":\"https:\/\/www.welovecycling.com\/sk\/#\/schema\/person\/image\/\",\"url\":\"https:\/\/secure.gravatar.com\/avatar\/6126c9afb87b70da5abbb083ddbb21933da15f18f8ca7cb822aba0fb096a48f6?s=96&d=mm&r=g\",\"contentUrl\":\"https:\/\/secure.gravatar.com\/avatar\/6126c9afb87b70da5abbb083ddbb21933da15f18f8ca7cb822aba0fb096a48f6?s=96&d=mm&r=g\",\"caption\":\"Ondrej Ga\u0161par\"},\"url\":\"https:\/\/www.welovecycling.com\/sk\/author\/ondrejgaspar\/\"}]}<\/script>\n<!-- \/ Yoast SEO Premium plugin. -->","yoast_head_json":{"title":"T\u00fd\u017ede\u0148 \u010d\u00edslo 2 na Starej d\u00e1me - \u0160koda We Love Cycling Slovensko","robots":{"index":"index","follow":"follow","max-snippet":"max-snippet:-1","max-image-preview":"max-image-preview:large","max-video-preview":"max-video-preview:-1"},"canonical":"https:\/\/www.welovecycling.com\/sk\/2018\/07\/23\/tyzden-cislo-2-na-starej-dame\/","og_locale":"sk_SK","og_type":"article","og_title":"T\u00fd\u017ede\u0148 \u010d\u00edslo 2 na Starej d\u00e1me","og_description":"Po dni odpo\u010dinku sa Le Tour op\u00e4\u0165 prinavr\u00e1tila na tra\u0165. Pr\u00e1ve odpo\u010dinok a pripravenos\u0165 na nasleduj\u00face dni boli k\u013e\u00fa\u010dov\u00fdmi elementmi, [&hellip;]","og_url":"https:\/\/www.welovecycling.com\/sk\/2018\/07\/23\/tyzden-cislo-2-na-starej-dame\/","og_site_name":"\u0160koda We Love Cycling Slovensko","article_published_time":"2018-07-23T16:21:18+00:00","article_modified_time":"2018-08-08T14:54:22+00:00","og_image":[{"width":1375,"height":600,"url":"https:\/\/d2p6e6u75xmxt8.cloudfront.net\/4\/2018\/07\/MD_FRA_20180714_TDF_8_etapa_0044_HA.webp","type":"image\/webp"}],"author":"Ondrej Ga\u0161par","twitter_card":"summary_large_image","twitter_misc":{"Written by":"We Love Cycling","Est. reading time":"9"},"schema":{"@context":"https:\/\/schema.org","@graph":[{"@type":"WebPage","@id":"https:\/\/www.welovecycling.com\/sk\/2018\/07\/23\/tyzden-cislo-2-na-starej-dame\/","url":"https:\/\/www.welovecycling.com\/sk\/2018\/07\/23\/tyzden-cislo-2-na-starej-dame\/","name":"T\u00fd\u017ede\u0148 \u010d\u00edslo 2 na Starej d\u00e1me - \u0160koda We Love Cycling Slovensko","isPartOf":{"@id":"https:\/\/www.welovecycling.com\/sk\/#website"},"primaryImageOfPage":{"@id":"https:\/\/www.welovecycling.com\/sk\/2018\/07\/23\/tyzden-cislo-2-na-starej-dame\/#primaryimage"},"image":{"@id":"https:\/\/www.welovecycling.com\/sk\/2018\/07\/23\/tyzden-cislo-2-na-starej-dame\/#primaryimage"},"thumbnailUrl":"https:\/\/d2p6e6u75xmxt8.cloudfront.net\/4\/2018\/07\/MD_FRA_20180714_TDF_8_etapa_0044_HA.webp","datePublished":"2018-07-23T16:21:18+00:00","dateModified":"2018-08-08T14:54:22+00:00","author":{"@id":"https:\/\/www.welovecycling.com\/sk\/#\/schema\/person\/8ee09ba39b7e25b1870160aa5b3a89bc"},"breadcrumb":{"@id":"https:\/\/www.welovecycling.com\/sk\/2018\/07\/23\/tyzden-cislo-2-na-starej-dame\/#breadcrumb"},"inLanguage":"sk-SK","potentialAction":[{"@type":"ReadAction","target":["https:\/\/www.welovecycling.com\/sk\/2018\/07\/23\/tyzden-cislo-2-na-starej-dame\/"]}]},{"@type":"ImageObject","inLanguage":"sk-SK","@id":"https:\/\/www.welovecycling.com\/sk\/2018\/07\/23\/tyzden-cislo-2-na-starej-dame\/#primaryimage","url":"https:\/\/d2p6e6u75xmxt8.cloudfront.net\/4\/2018\/07\/MD_FRA_20180714_TDF_8_etapa_0044_HA.webp","contentUrl":"https:\/\/d2p6e6u75xmxt8.cloudfront.net\/4\/2018\/07\/MD_FRA_20180714_TDF_8_etapa_0044_HA.webp","width":1375,"height":600},{"@type":"BreadcrumbList","@id":"https:\/\/www.welovecycling.com\/sk\/2018\/07\/23\/tyzden-cislo-2-na-starej-dame\/#breadcrumb","itemListElement":[{"@type":"ListItem","position":1,"name":"Home","item":"https:\/\/www.welovecycling.com\/sk\/"},{"@type":"ListItem","position":2,"name":"T\u00fd\u017ede\u0148 \u010d\u00edslo 2 na Starej d\u00e1me"}]},{"@type":"WebSite","@id":"https:\/\/www.welovecycling.com\/sk\/#website","url":"https:\/\/www.welovecycling.com\/sk\/","name":"\u0160koda We Love Cycling Slovensko","description":"\u0160koda We Love Cycling Slovensko je v\u00e1\u0161 ka\u017edodenn\u00fd zdroj noviniek a in\u0161pir\u00e1cie z sveta cyklistiky","potentialAction":[{"@type":"SearchAction","target":{"@type":"EntryPoint","urlTemplate":"https:\/\/www.welovecycling.com\/sk\/?s={search_term_string}"},"query-input":{"@type":"PropertyValueSpecification","valueRequired":true,"valueName":"search_term_string"}}],"inLanguage":"sk-SK"},{"@type":"Person","@id":"https:\/\/www.welovecycling.com\/sk\/#\/schema\/person\/8ee09ba39b7e25b1870160aa5b3a89bc","name":"Ondrej Ga\u0161par","image":{"@type":"ImageObject","inLanguage":"sk-SK","@id":"https:\/\/www.welovecycling.com\/sk\/#\/schema\/person\/image\/","url":"https:\/\/secure.gravatar.com\/avatar\/6126c9afb87b70da5abbb083ddbb21933da15f18f8ca7cb822aba0fb096a48f6?s=96&d=mm&r=g","contentUrl":"https:\/\/secure.gravatar.com\/avatar\/6126c9afb87b70da5abbb083ddbb21933da15f18f8ca7cb822aba0fb096a48f6?s=96&d=mm&r=g","caption":"Ondrej Ga\u0161par"},"url":"https:\/\/www.welovecycling.com\/sk\/author\/ondrejgaspar\/"}]}},"_links":{"self":[{"href":"https:\/\/www.welovecycling.com\/sk\/wp-json\/wp\/v2\/posts\/4283","targetHints":{"allow":["GET"]}}],"collection":[{"href":"https:\/\/www.welovecycling.com\/sk\/wp-json\/wp\/v2\/posts"}],"about":[{"href":"https:\/\/www.welovecycling.com\/sk\/wp-json\/wp\/v2\/types\/post"}],"author":[{"embeddable":true,"href":"https:\/\/www.welovecycling.com\/sk\/wp-json\/wp\/v2\/users\/38"}],"replies":[{"embeddable":true,"href":"https:\/\/www.welovecycling.com\/sk\/wp-json\/wp\/v2\/comments?post=4283"}],"version-history":[{"count":2,"href":"https:\/\/www.welovecycling.com\/sk\/wp-json\/wp\/v2\/posts\/4283\/revisions"}],"predecessor-version":[{"id":4300,"href":"https:\/\/www.welovecycling.com\/sk\/wp-json\/wp\/v2\/posts\/4283\/revisions\/4300"}],"wp:featuredmedia":[{"embeddable":true,"href":"https:\/\/www.welovecycling.com\/sk\/wp-json\/wp\/v2\/media\/4294"}],"wp:attachment":[{"href":"https:\/\/www.welovecycling.com\/sk\/wp-json\/wp\/v2\/media?parent=4283"}],"wp:term":[{"taxonomy":"category","embeddable":true,"href":"https:\/\/www.welovecycling.com\/sk\/wp-json\/wp\/v2\/categories?post=4283"},{"taxonomy":"post_tag","embeddable":true,"href":"https:\/\/www.welovecycling.com\/sk\/wp-json\/wp\/v2\/tags?post=4283"},{"taxonomy":"global-categories","embeddable":true,"href":"https:\/\/www.welovecycling.com\/sk\/wp-json\/wp\/v2\/global-categories?post=4283"}],"curies":[{"name":"wp","href":"https:\/\/api.w.org\/{rel}","templated":true}]}}